{"id":696,"date":"2023-02-10T10:25:27","date_gmt":"2023-02-10T10:25:27","guid":{"rendered":"https:\/\/lesminis.fr\/blog\/?p=696"},"modified":"2024-03-20T09:08:11","modified_gmt":"2024-03-20T08:08:11","slug":"l-incroyable-histoire-de-maria-montessori","status":"publish","type":"post","link":"https:\/\/lesminis.fr\/blog\/l-incroyable-histoire-de-maria-montessori\/","title":{"rendered":"Maria Montessori: la pionni\u00e8re de l&rsquo;\u00e9ducation moderne"},"content":{"rendered":"<p>Maria Montessori, n\u00e9e en 1870 en Italie, est l&rsquo;une des figures les plus importantes de l&rsquo;\u00e9ducation. Ses <strong>approches novatrices<\/strong> en mati\u00e8re de <strong>d\u00e9veloppement et d&rsquo;\u00e9ducation<\/strong> ont chang\u00e9 la vision du monde sur la fa\u00e7on dont nous enseignons aux \u00e9l\u00e8ves.<\/p>\n<div id=\"ez-toc-container\" class=\"ez-toc-v2_0_82_2 counter-hierarchy ez-toc-counter ez-toc-grey ez-toc-container-direction\">\n<div class=\"ez-toc-title-container\">\n<p class=\"ez-toc-title\" style=\"cursor:inherit\">Table of Contents<\/p>\n<span class=\"ez-toc-title-toggle\"><a href=\"#\" class=\"ez-toc-pull-right ez-toc-btn ez-toc-btn-xs ez-toc-btn-default ez-toc-toggle\" aria-label=\"Toggle Table of Content\"><span class=\"ez-toc-js-icon-con\"><span class=\"\"><span class=\"eztoc-hide\" style=\"display:none;\">Toggle<\/span><span class=\"ez-toc-icon-toggle-span\"><svg style=\"fill: #999;color:#999\" xmlns=\"http:\/\/www.w3.org\/2000\/svg\" class=\"list-377408\" width=\"20px\" height=\"20px\" viewBox=\"0 0 24 24\" fill=\"none\"><path d=\"M6 6H4v2h2V6zm14 0H8v2h12V6zM4 11h2v2H4v-2zm16 0H8v2h12v-2zM4 16h2v2H4v-2zm16 0H8v2h12v-2z\" fill=\"currentColor\"><\/path><\/svg><svg style=\"fill: #999;color:#999\" class=\"arrow-unsorted-368013\" xmlns=\"http:\/\/www.w3.org\/2000\/svg\" width=\"10px\" height=\"10px\" viewBox=\"0 0 24 24\" version=\"1.2\" baseProfile=\"tiny\"><path d=\"M18.2 9.3l-6.2-6.3-6.2 6.3c-.2.2-.3.4-.3.7s.1.5.3.7c.2.2.4.3.7.3h11c.3 0 .5-.1.7-.3.2-.2.3-.5.3-.7s-.1-.5-.3-.7zM5.8 14.7l6.2 6.3 6.2-6.3c.2-.2.3-.5.3-.7s-.1-.5-.3-.7c-.2-.2-.4-.3-.7-.3h-11c-.3 0-.5.1-.7.3-.2.2-.3.5-.3.7s.1.5.3.7z\"\/><\/svg><\/span><\/span><\/span><\/a><\/span><\/div>\n<nav><ul class='ez-toc-list ez-toc-list-level-1 ' ><li class='ez-toc-page-1 ez-toc-heading-level-2'><a class=\"ez-toc-link ez-toc-heading-1\" href=\"https:\/\/lesminis.fr\/blog\/l-incroyable-histoire-de-maria-montessori\/#Qui_est_Maria_Montessori%E2%80%89\" >Qui est Maria Montessori\u2009?<\/a><\/li><li class='ez-toc-page-1 ez-toc-heading-level-2'><a class=\"ez-toc-link ez-toc-heading-2\" href=\"https:\/\/lesminis.fr\/blog\/l-incroyable-histoire-de-maria-montessori\/#Pourquoi_la_pedagogie_Montessori%E2%80%89\" >Pourquoi la p\u00e9dagogie Montessori\u2009?<\/a><ul class='ez-toc-list-level-3' ><li class='ez-toc-heading-level-3'><a class=\"ez-toc-link ez-toc-heading-3\" href=\"https:\/\/lesminis.fr\/blog\/l-incroyable-histoire-de-maria-montessori\/#Approche_respectueuse_des_besoins_de_lenfant\" >Approche respectueuse des besoins de l&rsquo;enfant<\/a><\/li><li class='ez-toc-page-1 ez-toc-heading-level-3'><a class=\"ez-toc-link ez-toc-heading-4\" href=\"https:\/\/lesminis.fr\/blog\/l-incroyable-histoire-de-maria-montessori\/#La_pedagogie_Montessori_met_laccent_sur_lindividualite_des_enfants\" >La p\u00e9dagogie Montessori met l&rsquo;accent sur l&rsquo;individualit\u00e9 des enfants<\/a><\/li><li class='ez-toc-page-1 ez-toc-heading-level-3'><a class=\"ez-toc-link ez-toc-heading-5\" href=\"https:\/\/lesminis.fr\/blog\/l-incroyable-histoire-de-maria-montessori\/#La_pedagogie_Montessori_%E2%80%93_Favorisant_le_developpement_global_et_lautonomie_des_enfants\" >La p\u00e9dagogie Montessori &#8211; Favorisant le d\u00e9veloppement global et l&rsquo;autonomie des enfants<\/a><\/li><\/ul><\/li><li class='ez-toc-page-1 ez-toc-heading-level-2'><a class=\"ez-toc-link ez-toc-heading-6\" href=\"https:\/\/lesminis.fr\/blog\/l-incroyable-histoire-de-maria-montessori\/#La_methode_Montessori\" >La m\u00e9thode Montessori<\/a><\/li><li class='ez-toc-page-1 ez-toc-heading-level-2'><a class=\"ez-toc-link ez-toc-heading-7\" href=\"https:\/\/lesminis.fr\/blog\/l-incroyable-histoire-de-maria-montessori\/#Quelle_est_la_pensee_Montessori%E2%80%89\" >Quelle est la pens\u00e9e Montessori\u2009?<\/a><\/li><li class='ez-toc-page-1 ez-toc-heading-level-2'><a class=\"ez-toc-link ez-toc-heading-8\" href=\"https:\/\/lesminis.fr\/blog\/l-incroyable-histoire-de-maria-montessori\/#Le_materiel_Montessori\" >Le mat\u00e9riel Montessori<\/a><\/li><li class='ez-toc-page-1 ez-toc-heading-level-2'><a class=\"ez-toc-link ez-toc-heading-9\" href=\"https:\/\/lesminis.fr\/blog\/l-incroyable-histoire-de-maria-montessori\/#Lapprentissage_actif_dans_la_pratique_de_la_methode_Montessori\" >L&rsquo;apprentissage actif dans la pratique de la m\u00e9thode Montessori<\/a><\/li><\/ul><\/nav><\/div>\n<h2 class=\"elementor-heading-title elementor-size-default\"><span class=\"ez-toc-section\" id=\"Qui_est_Maria_Montessori%E2%80%89\"><\/span>Qui est Maria Montessori\u2009?<span class=\"ez-toc-section-end\"><\/span><\/h2>\n<p>Enfant unique de parents bourgeois et d\u2019un milieu scientifique, <strong>extr\u00eamement brillante<\/strong>, elle se passionne pour les sciences et obtiendra <strong>son premier dipl\u00f4me \u00e0 l\u2019\u00e2ge de 16 ans<\/strong>. Elle a ouvert la voie en devenant l&rsquo;une des premi\u00e8res <strong>femmes m\u00e9decins<\/strong> en Italie.<\/p>\n<p>C&rsquo;est ainsi que d\u00e8s le d\u00e9but de sa carri\u00e8re, elle s&rsquo;int\u00e9ressait aux <strong>enfants<\/strong> consid\u00e9r\u00e9s comme \u00ab <strong>arri\u00e9r\u00e9s<\/strong> \u00bb ou \u00ab <strong>idiots<\/strong> \u00bb et a d\u00e9velopp\u00e9 un <strong>mat\u00e9riel<\/strong> pour les <strong>aider \u00e0 apprendre \u00e0 lire et \u00e9crire<\/strong>.<\/p>\n<p>Ainsi en 1907 le Ministre de l&rsquo;\u00e9ducation italien la sollicite. Elle a alors 37 ans, c&rsquo;est une de ses premi\u00e8res opportunit\u00e9s pour mettre en pratique sa <strong>m\u00e9thode p\u00e9dagogique<\/strong>.<\/p>\n<p>Elle fonde alors sa premi\u00e8re <em>\u00ab\u00a0maison pour les enfants\u00a0\u00bb<\/em> (en italien : casa dei bambini), dans le quartier de San Lorenzo \u00e0 Rome, peupl\u00e9 principalement d&rsquo;immigrants analphab\u00e8tes \u00e0 cette \u00e9poque. Par ailleurs elle n&rsquo;avait qu&rsquo;une seule pi\u00e8ce \u00e0 sa disposition.<\/p>\n<p>Elle a con\u00e7u un <strong>mat\u00e9riel<\/strong> bas\u00e9 sur le toucher et les sens pour les <strong>aider \u00e0 apprendre.<\/strong> Ainsi en moins de deux ans, les enfants de San Lorenzo sont devenus \u00ab\u00a0polis et calmes\u00a0\u00bb, r\u00e9pondant ainsi aux normes sociales de biens\u00e9ances de ce temps. Il faut aussi souligner le point tout aussi important, c&rsquo;est qu&rsquo;ils ont appris \u00e0 <strong>lire et \u00e0 \u00e9crire<\/strong>.<\/p>\n<figure id=\"attachment_697\" aria-describedby=\"caption-attachment-697\" style=\"width: 800px\" class=\"wp-caption aligncenter\"><img loading=\"lazy\" decoding=\"async\" class=\"size-full wp-image-697\" src=\"https:\/\/lesminis.fr\/blog\/wp-content\/uploads\/2023\/01\/Sans-titre-7.jpg\" alt=\"Maria Montessori Peinture\" width=\"800\" height=\"600\" srcset=\"https:\/\/lesminis.fr\/blog\/wp-content\/uploads\/2023\/01\/Sans-titre-7.jpg 800w, https:\/\/lesminis.fr\/blog\/wp-content\/uploads\/2023\/01\/Sans-titre-7-300x225.jpg 300w, https:\/\/lesminis.fr\/blog\/wp-content\/uploads\/2023\/01\/Sans-titre-7-768x576.jpg 768w, https:\/\/lesminis.fr\/blog\/wp-content\/uploads\/2023\/01\/Sans-titre-7-696x522.jpg 696w, https:\/\/lesminis.fr\/blog\/wp-content\/uploads\/2023\/01\/Sans-titre-7-560x420.jpg 560w, https:\/\/lesminis.fr\/blog\/wp-content\/uploads\/2023\/01\/Sans-titre-7-80x60.jpg 80w, https:\/\/lesminis.fr\/blog\/wp-content\/uploads\/2023\/01\/Sans-titre-7-265x198.jpg 265w\" sizes=\"auto, (max-width: 800px) 100vw, 800px\" \/><figcaption id=\"caption-attachment-697\" class=\"wp-caption-text\">Maria Montessori peinture revisit\u00e9e<\/figcaption><\/figure>\n<h2 class=\"elementor-heading-title elementor-size-default\"><span class=\"ez-toc-section\" id=\"Pourquoi_la_pedagogie_Montessori%E2%80%89\"><\/span>Pourquoi la p\u00e9dagogie Montessori\u2009?<span class=\"ez-toc-section-end\"><\/span><\/h2>\n<p>De ses d\u00e9buts, son travail l\u2019am\u00e8nera \u00e0 Rome dans un h\u00f4pital psychiatrique, elle sera confront\u00e9e \u00e0 des enfants fragilis\u00e9s, Maria Montessori observera ceux-ci et fera le n\u00e9cessaire pour r\u00e9v\u00e9ler leur potentiel en y joignant une recherche universitaire. Cette exp\u00e9rience est alors le point de d\u00e9part de ses travaux.<\/p>\n<p>Depuis sa cr\u00e9ation, elle a connu une popularit\u00e9 croissante dans le monde entier et est consid\u00e9r\u00e9e comme l&rsquo;une des approches les plus innovantes et les plus efficaces pour l&rsquo;enseignement des enfants.<\/p>\n<h3><span class=\"ez-toc-section\" id=\"Approche_respectueuse_des_besoins_de_lenfant\"><\/span>Approche respectueuse des besoins de l&rsquo;enfant<span class=\"ez-toc-section-end\"><\/span><\/h3>\n<p>L&rsquo;une des raisons pour lesquelles la <strong>p\u00e9dagogie Montessori<\/strong> est si populaire est qu&rsquo;elle repose sur des principes scientifiques solides. Maria Montessori \u00e9tait une m\u00e9decin sp\u00e9cialis\u00e9e en neurologie et en psychologie infantile, et elle a utilis\u00e9 ses connaissances pour d\u00e9velopper une approche de l&rsquo;enseignement qui respecte les<strong> besoins uniques des enfants.<\/strong><\/p>\n<p>La <strong>p\u00e9dagogie Montessori<\/strong> se concentre sur les capacit\u00e9s inn\u00e9es des enfants \u00e0 apprendre et \u00e0 explorer le monde qui les entoure, et offre un environnement adapt\u00e9 \u00e0 ces capacit\u00e9s pour favoriser leur d\u00e9veloppement.<\/p>\n<h3><span class=\"ez-toc-section\" id=\"La_pedagogie_Montessori_met_laccent_sur_lindividualite_des_enfants\"><\/span>La p\u00e9dagogie Montessori met l&rsquo;accent sur l&rsquo;individualit\u00e9 des enfants<span class=\"ez-toc-section-end\"><\/span><\/h3>\n<p>Un autre avantage de la p\u00e9dagogie Montessori est qu&rsquo;elle met l&rsquo;accent sur l&rsquo;<strong>individualit\u00e9<\/strong> de chaque enfant. Dans les classes <strong>Montessori,<\/strong> les enfants travaillent \u00e0 leur propre rythme et sont encourag\u00e9s \u00e0 explorer leurs centres d&rsquo;int\u00e9r\u00eat.<\/p>\n<p>Les enseignants sont form\u00e9s pour <strong>observer les enfants<\/strong> et pour les aider \u00e0 atteindre leurs objectifs de mani\u00e8re individualis\u00e9e. Cela signifie que les enfants sont libres de suivre leur propre voie d&rsquo;apprentissage et que leur d\u00e9veloppement est soutenu et encourag\u00e9.<\/p>\n<p>&nbsp;<\/p>\n<p><img loading=\"lazy\" decoding=\"async\" class=\"aligncenter size-large wp-image-750\" src=\"https:\/\/lesminis.fr\/blog\/wp-content\/uploads\/2023\/02\/classe-montessori-1024x681.jpg\" alt=\"Salle de classe Montessori avec des enfants en train d'apprendre par l'interm\u00e9diaire d'activit\u00e9s pratiques et sensorielles\" width=\"696\" height=\"463\" srcset=\"https:\/\/lesminis.fr\/blog\/wp-content\/uploads\/2023\/02\/classe-montessori-1024x681.jpg 1024w, https:\/\/lesminis.fr\/blog\/wp-content\/uploads\/2023\/02\/classe-montessori-300x200.jpg 300w, https:\/\/lesminis.fr\/blog\/wp-content\/uploads\/2023\/02\/classe-montessori-768x511.jpg 768w, https:\/\/lesminis.fr\/blog\/wp-content\/uploads\/2023\/02\/classe-montessori-1536x1022.jpg 1536w, https:\/\/lesminis.fr\/blog\/wp-content\/uploads\/2023\/02\/classe-montessori-2048x1363.jpg 2048w, https:\/\/lesminis.fr\/blog\/wp-content\/uploads\/2023\/02\/classe-montessori-696x463.jpg 696w, https:\/\/lesminis.fr\/blog\/wp-content\/uploads\/2023\/02\/classe-montessori-1068x711.jpg 1068w, https:\/\/lesminis.fr\/blog\/wp-content\/uploads\/2023\/02\/classe-montessori-631x420.jpg 631w\" sizes=\"auto, (max-width: 696px) 100vw, 696px\" \/><\/p>\n<p>&nbsp;<\/p>\n<p>En outre, la p\u00e9dagogie Montessori est consid\u00e9r\u00e9e comme une approche \u00e9quitable de l&rsquo;enseignement. Dans les classes Montessori, les enfants travaillent ensemble en petits groupes et sont encourag\u00e9s \u00e0 coop\u00e9rer et \u00e0 partager.<\/p>\n<p>Cela renforce le d\u00e9veloppement des comp\u00e9tences sociales et de la confiance en soi chez les enfants. De plus, les enseignants sont form\u00e9s pour travailler avec les enfants de mani\u00e8re non-violente et pour les aider \u00e0 r\u00e9soudre les conflits de mani\u00e8re pacifique.<\/p>\n<h3><span class=\"ez-toc-section\" id=\"La_pedagogie_Montessori_%E2%80%93_Favorisant_le_developpement_global_et_lautonomie_des_enfants\"><\/span>La p\u00e9dagogie Montessori &#8211; Favorisant le d\u00e9veloppement global et l&rsquo;autonomie des enfants<span class=\"ez-toc-section-end\"><\/span><\/h3>\n<p>L&rsquo;approche Montessori consid\u00e8re l&rsquo;enseignement sous un angle holistique en mettant l&rsquo;accent sur le d\u00e9veloppement global des enfants. Cela inclut leur d\u00e9veloppement cognitif, physique, \u00e9motionnel et social.<\/p>\n<p>Les enfants sont stimul\u00e9s pour explorer leur environnement, ainsi qu&rsquo;\u00e0 cultiver leur cr\u00e9ativit\u00e9 et \u00e0 trouver leur propre chemin. En suivant cette approche, les enfants acqui\u00e8rent une compr\u00e9hension profonde d&rsquo;eux-m\u00eames et d\u00e9veloppent une grande confiance en eux.<\/p>\n<h2><span class=\"ez-toc-section\" id=\"La_methode_Montessori\"><\/span>La m\u00e9thode Montessori<span class=\"ez-toc-section-end\"><\/span><\/h2>\n<p>La <strong>m\u00e9thode Montessori<\/strong> a obtenu une reconnaissance mondiale et Montessori a organis\u00e9 des stages \u00e0 Londres, Nice, Berlin, Amsterdam, Barcelone, San Francisco et m\u00eame en Inde pendant la Seconde Guerre mondiale.<\/p>\n<p>Elle a \u00e9galement collabor\u00e9 avec Albert Nienhuis pour cr\u00e9er des produits \u00e9ducatifs qui refl\u00e8tent sa vision de l&rsquo;enseignement, sous la marque Nienhuis Montessori, reconnue par l&rsquo;Association Montessori Internationale.<\/p>\n<blockquote class=\"wp-embedded-content\" data-secret=\"0hACDkg6Hd\"><p><a href=\"https:\/\/lesminis.fr\/blog\/pedagogie-montessori-par-periode-age-explication-simple\/\">La p\u00e9dagogie Montessori par p\u00e9riode d&rsquo;\u00e2ge : explication simple<\/a><\/p><\/blockquote>\n<p><iframe loading=\"lazy\" class=\"wp-embedded-content\" sandbox=\"allow-scripts\" security=\"restricted\" style=\"position: absolute; clip: rect(1px, 1px, 1px, 1px);\" title=\"\u00ab\u00a0La p\u00e9dagogie Montessori par p\u00e9riode d&rsquo;\u00e2ge : explication simple\u00a0\u00bb &#8212; LesMinis Le Blog - Mat\u00e9riels \u00e9ducatifs - Figurines p\u00e9dagogiques\" src=\"https:\/\/lesminis.fr\/blog\/pedagogie-montessori-par-periode-age-explication-simple\/embed\/#?secret=fwxgyhDSU5#?secret=0hACDkg6Hd\" data-secret=\"0hACDkg6Hd\" width=\"600\" height=\"338\" frameborder=\"0\" marginwidth=\"0\" marginheight=\"0\" scrolling=\"no\"><\/iframe><\/p>\n<h2 class=\"elementor-heading-title elementor-size-default\"><span class=\"ez-toc-section\" id=\"Quelle_est_la_pensee_Montessori%E2%80%89\"><\/span>Quelle est la pens\u00e9e Montessori\u2009?<span class=\"ez-toc-section-end\"><\/span><\/h2>\n<p>Maria Montessori a d\u00e9velopp\u00e9 du mat\u00e9riel qui stimule le d\u00e9veloppement de l&rsquo;enfant gr\u00e2ce \u00e0 une exp\u00e9rience sensorielle et \u00e0 des activit\u00e9s manuelles \u00e0 difficult\u00e9 unique.<\/p>\n<p>Dans la\u00a0p\u00e9dagogie Montessori,\u00a0les activit\u00e9s Montessori doivent \u00eatre librement accessibles aux enfants et pr\u00e9sent\u00e9es \u00e0 hauteur des yeux afin qu&rsquo;ils puissent y acc\u00e9der de fa\u00e7on autonome et s&rsquo;occuper librement.<\/p>\n<h2><span class=\"ez-toc-section\" id=\"Le_materiel_Montessori\"><\/span>Le mat\u00e9riel Montessori<span class=\"ez-toc-section-end\"><\/span><\/h2>\n<p><strong>Maria Montessori<\/strong> a travaill\u00e9 avec <strong>Albert Nienhuis<\/strong> pour concevoir des <strong>outils \u00e9ducatifs<\/strong> qui correspondent \u00e0 <strong>son approche p\u00e9dagogique<\/strong>. Cette collaboration a donn\u00e9 naissance \u00e0 la <strong>marque Nienhuis Montessori<\/strong>, qui est reconnue par l&rsquo;<a href=\"https:\/\/montessori-ami.org\/\">Association Montessori Internationale<\/a><strong> (AMI).<\/strong><\/p>\n<p>En utilisant un mat\u00e9riel p\u00e9dagogique <strong>tactile et sensoriel<\/strong>, <strong>Maria Montessori<\/strong> a aid\u00e9 les enfants \u00e0 apprendre <strong>\u00e0 \u00e9crire et \u00e0 lire en un temps record<\/strong>. Cette r\u00e9ussite a rapidement attir\u00e9 l&rsquo;attention de l&rsquo;industrie \u00e9ducative et a men\u00e9 \u00e0 la cr\u00e9ation de nouvelles maisons des enfants et \u00e9coles \u00e0 travers le monde. La marque <a href=\"https:\/\/lesminis.fr\/marque\/2-nienhuis-montessori\">Nienhuis Montessori<\/a>, cr\u00e9\u00e9e en 1929 aux Pays-Bas, a ainsi collabor\u00e9 avec Maria Montessori.<\/p>\n<p>Avec des <strong>formes claires<\/strong>, des <strong>couleurs vives<\/strong> et <em>des mat\u00e9riaux naturels<\/em>, tous les outils doivent \u00eatre attrayants et avoir un caract\u00e8re stimulant.<\/p>\n<p>Tout le <strong>mat\u00e9riel Montessori<\/strong> est con\u00e7u de mani\u00e8re que les enfants puissent le g\u00e9rer ind\u00e9pendamment et corriger eux-m\u00eames leurs erreurs.<\/p>\n<p>Cela renforce le processus d&rsquo;apprentissage actif et conduit \u00e0 une <strong>m\u00e9morisation plus efficace<\/strong> et \u00e0 une plus grande rapidit\u00e9 dans la r\u00e9alisation des objectifs fix\u00e9s.<\/p>\n<figure id=\"attachment_320\" aria-describedby=\"caption-attachment-320\" style=\"width: 1000px\" class=\"wp-caption aligncenter\"><img loading=\"lazy\" decoding=\"async\" class=\"size-full wp-image-320\" src=\"https:\/\/lesminis.fr\/blog\/wp-content\/uploads\/2022\/08\/tour-rose-montessori.jpg\" alt=\"Classe Montessori\" width=\"1000\" height=\"667\" srcset=\"https:\/\/lesminis.fr\/blog\/wp-content\/uploads\/2022\/08\/tour-rose-montessori.jpg 1000w, https:\/\/lesminis.fr\/blog\/wp-content\/uploads\/2022\/08\/tour-rose-montessori-300x200.jpg 300w, https:\/\/lesminis.fr\/blog\/wp-content\/uploads\/2022\/08\/tour-rose-montessori-768x512.jpg 768w, https:\/\/lesminis.fr\/blog\/wp-content\/uploads\/2022\/08\/tour-rose-montessori-696x464.jpg 696w, https:\/\/lesminis.fr\/blog\/wp-content\/uploads\/2022\/08\/tour-rose-montessori-630x420.jpg 630w\" sizes=\"auto, (max-width: 1000px) 100vw, 1000px\" \/><figcaption id=\"caption-attachment-320\" class=\"wp-caption-text\">Mat\u00e9riel Montessori dans une classe<\/figcaption><\/figure>\n<h2><span class=\"ez-toc-section\" id=\"Lapprentissage_actif_dans_la_pratique_de_la_methode_Montessori\"><\/span>L&rsquo;apprentissage actif dans la pratique de la m\u00e9thode Montessori<span class=\"ez-toc-section-end\"><\/span><\/h2>\n<p>L&rsquo;<strong>apprentissage actif<\/strong> conduit \u00e9galement \u00e0 une plus grande motivation des enfants. De plus, il est \u00e0 noter que le <strong>mat\u00e9riel sensoriel,<\/strong> de <strong>math\u00e9matiques<\/strong> et de <strong>langage<\/strong> a pris une place importante dans les \u00e9tablissements d&rsquo;enseignement.<\/p>\n<p>En effet, ils sont d\u00e9sormais utilis\u00e9s non seulement dans les <strong>\u00e9coles Montessori<\/strong>, mais aussi dans de nombreuses <strong>cr\u00e8ches<\/strong>, <strong>garderies<\/strong>, <strong>\u00e9coles maternelles et \u00e9l\u00e9mentaires publiques<\/strong>\u00a0en tant qu&rsquo;outils d&rsquo;apprentissage suppl\u00e9mentaires.<\/p>\n<blockquote class=\"wp-embedded-content\" data-secret=\"KCA6xEXFUu\"><p><a href=\"https:\/\/lesminis.fr\/blog\/guide-montessori-du-groupe-dage-0-3ans-nido-et-tout-petits-enfants\/\">Guide Montessori du groupe d&rsquo;\u00e2ge 0-3ans : Nido et tout-petits enfants<\/a><\/p><\/blockquote>\n<p><iframe loading=\"lazy\" class=\"wp-embedded-content\" sandbox=\"allow-scripts\" security=\"restricted\" style=\"position: absolute; clip: rect(1px, 1px, 1px, 1px);\" title=\"\u00ab\u00a0Guide Montessori du groupe d&rsquo;\u00e2ge 0-3ans : Nido et tout-petits enfants\u00a0\u00bb &#8212; LesMinis Le Blog\" src=\"https:\/\/lesminis.fr\/blog\/guide-montessori-du-groupe-dage-0-3ans-nido-et-tout-petits-enfants\/embed\/#?secret=yhoAOo3qwb#?secret=KCA6xEXFUu\" data-secret=\"KCA6xEXFUu\" width=\"600\" height=\"338\" frameborder=\"0\" marginwidth=\"0\" marginheight=\"0\" scrolling=\"no\"><\/iframe><\/p>\n","protected":false},"excerpt":{"rendered":"<p>Maria Montessori, pionni\u00e8re de l&rsquo;\u00e9ducation moderne, a r\u00e9volutionn\u00e9 notre fa\u00e7on de penser \u00e0 l&rsquo;enseignement avec ses approches novatrices en mati\u00e8re de d\u00e9veloppement et d&rsquo;\u00e9ducation. N\u00e9e en 1870 en Italie, elle est aujourd&rsquo;hui consid\u00e9r\u00e9e comme une figure cl\u00e9 de l&rsquo;\u00e9ducation.<\/p>\n","protected":false},"author":1,"featured_media":697,"comment_status":"open","ping_status":"closed","sticky":false,"template":"","format":"standard","meta":{"_acf_changed":false,"footnotes":""},"categories":[105],"tags":[91,93,84,86,87,88,42,80,90,92,85,89],"class_list":{"0":"post-696","1":"post","2":"type-post","3":"status-publish","4":"format-standard","5":"has-post-thumbnail","7":"category-minispedago-predagogie-montessori-activites-developpement","8":"tag-ami","9":"tag-apprentissage-autonome","10":"tag-autonomie","11":"tag-enfant","12":"tag-engagement-actif","13":"tag-manipulation","14":"tag-materiel-montessori","15":"tag-nido","16":"tag-nienhuis-montessori","17":"tag-perception-sensorielle","18":"tag-periodes-sensibles","19":"tag-tranches-dage"},"acf":[],"yoast_head":"<!-- This site is optimized with the Yoast SEO Premium plugin v27.5 (Yoast SEO v27.5) - https:\/\/yoast.com\/product\/yoast-seo-premium-wordpress\/ -->\n<title>Maria Montessori: la pionni\u00e8re de l&#039;\u00e9ducation moderne<\/title>\n<meta name=\"description\" content=\"D\u00e9couvrez l&#039;histoire de Maria Montessori, premi\u00e8re femme m\u00e9decin d&#039;Italie et cr\u00e9atrice de la m\u00e9thode Montessori, reconnue dans le monde entier pour son approche innovante de l&#039;enseignement.\" \/>\n<meta name=\"robots\" content=\"index, follow, max-snippet:-1, max-image-preview:large, max-video-preview:-1\" \/>\n<link rel=\"canonical\" href=\"https:\/\/lesminis.fr\/blog\/l-incroyable-histoire-de-maria-montessori\/\" \/>\n<meta property=\"og:locale\" content=\"fr_FR\" \/>\n<meta property=\"og:type\" content=\"article\" \/>\n<meta property=\"og:title\" content=\"Maria Montessori: la pionni\u00e8re de l&#039;\u00e9ducation moderne\" \/>\n<meta property=\"og:description\" content=\"D\u00e9couvrez l&#039;histoire de Maria Montessori, premi\u00e8re femme m\u00e9decin d&#039;Italie et cr\u00e9atrice de la m\u00e9thode Montessori, reconnue dans le monde entier pour son approche innovante de l&#039;enseignement.\" \/>\n<meta property=\"og:url\" content=\"https:\/\/lesminis.fr\/blog\/l-incroyable-histoire-de-maria-montessori\/\" \/>\n<meta property=\"og:site_name\" content=\"LesMinis Le Blog - Mat\u00e9riels \u00e9ducatifs - Figurines p\u00e9dagogiques\" \/>\n<meta property=\"article:publisher\" content=\"https:\/\/fr-fr.facebook.com\/LesMinis.fr\/\" \/>\n<meta property=\"article:author\" content=\"https:\/\/www.facebook.com\/LesMinis.fr\/\" \/>\n<meta property=\"article:published_time\" content=\"2023-02-10T10:25:27+00:00\" \/>\n<meta property=\"article:modified_time\" content=\"2024-03-20T08:08:11+00:00\" \/>\n<meta property=\"og:image\" content=\"https:\/\/lesminis.fr\/blog\/wp-content\/uploads\/2023\/01\/Sans-titre-7.jpg\" \/>\n\t<meta property=\"og:image:width\" content=\"800\" \/>\n\t<meta property=\"og:image:height\" content=\"600\" \/>\n\t<meta property=\"og:image:type\" content=\"image\/jpeg\" \/>\n<meta name=\"author\" content=\"LesMinis\" \/>\n<meta name=\"twitter:label1\" content=\"\u00c9crit par\" \/>\n\t<meta name=\"twitter:data1\" content=\"LesMinis\" \/>\n\t<meta name=\"twitter:label2\" content=\"Dur\u00e9e de lecture estim\u00e9e\" \/>\n\t<meta name=\"twitter:data2\" content=\"7 minutes\" \/>\n<script type=\"application\/ld+json\" class=\"yoast-schema-graph\">{\"@context\":\"https:\\\/\\\/schema.org\",\"@graph\":[{\"@type\":[\"Article\",\"BlogPosting\"],\"@id\":\"https:\\\/\\\/lesminis.fr\\\/blog\\\/l-incroyable-histoire-de-maria-montessori\\\/#article\",\"isPartOf\":{\"@id\":\"https:\\\/\\\/lesminis.fr\\\/blog\\\/l-incroyable-histoire-de-maria-montessori\\\/\"},\"author\":{\"name\":\"LesMinis\",\"@id\":\"https:\\\/\\\/lesminis.fr\\\/blog\\\/#\\\/schema\\\/person\\\/4a1be8c8c70a7d945af71674957cf83e\"},\"headline\":\"Maria Montessori: la pionni\u00e8re de l&rsquo;\u00e9ducation moderne\",\"datePublished\":\"2023-02-10T10:25:27+00:00\",\"dateModified\":\"2024-03-20T08:08:11+00:00\",\"mainEntityOfPage\":{\"@id\":\"https:\\\/\\\/lesminis.fr\\\/blog\\\/l-incroyable-histoire-de-maria-montessori\\\/\"},\"wordCount\":1199,\"commentCount\":0,\"publisher\":{\"@id\":\"https:\\\/\\\/lesminis.fr\\\/blog\\\/#organization\"},\"image\":{\"@id\":\"https:\\\/\\\/lesminis.fr\\\/blog\\\/l-incroyable-histoire-de-maria-montessori\\\/#primaryimage\"},\"thumbnailUrl\":\"https:\\\/\\\/lesminis.fr\\\/blog\\\/wp-content\\\/uploads\\\/2023\\\/01\\\/Sans-titre-7.jpg\",\"keywords\":[\"AMI\",\"apprentissage autonome\",\"autonomie\",\"enfant\",\"engagement actif\",\"manipulation\",\"Mat\u00e9riel Montessori\",\"Nido\",\"Nienhuis Montessori\",\"perception sensorielle\",\"p\u00e9riodes sensibles\",\"tranches d'\u00e2ge\"],\"articleSection\":[\"MinisPedago \u2014 Montessori, p\u00e9dagogies alternatives &amp; d\u00e9veloppement de l\u2019enfant\"],\"inLanguage\":\"fr-FR\",\"potentialAction\":[{\"@type\":\"CommentAction\",\"name\":\"Comment\",\"target\":[\"https:\\\/\\\/lesminis.fr\\\/blog\\\/l-incroyable-histoire-de-maria-montessori\\\/#respond\"]}]},{\"@type\":\"WebPage\",\"@id\":\"https:\\\/\\\/lesminis.fr\\\/blog\\\/l-incroyable-histoire-de-maria-montessori\\\/\",\"url\":\"https:\\\/\\\/lesminis.fr\\\/blog\\\/l-incroyable-histoire-de-maria-montessori\\\/\",\"name\":\"Maria Montessori: la pionni\u00e8re de l'\u00e9ducation moderne\",\"isPartOf\":{\"@id\":\"https:\\\/\\\/lesminis.fr\\\/blog\\\/#website\"},\"primaryImageOfPage\":{\"@id\":\"https:\\\/\\\/lesminis.fr\\\/blog\\\/l-incroyable-histoire-de-maria-montessori\\\/#primaryimage\"},\"image\":{\"@id\":\"https:\\\/\\\/lesminis.fr\\\/blog\\\/l-incroyable-histoire-de-maria-montessori\\\/#primaryimage\"},\"thumbnailUrl\":\"https:\\\/\\\/lesminis.fr\\\/blog\\\/wp-content\\\/uploads\\\/2023\\\/01\\\/Sans-titre-7.jpg\",\"datePublished\":\"2023-02-10T10:25:27+00:00\",\"dateModified\":\"2024-03-20T08:08:11+00:00\",\"description\":\"D\u00e9couvrez l'histoire de Maria Montessori, premi\u00e8re femme m\u00e9decin d'Italie et cr\u00e9atrice de la m\u00e9thode Montessori, reconnue dans le monde entier pour son approche innovante de l'enseignement.\",\"breadcrumb\":{\"@id\":\"https:\\\/\\\/lesminis.fr\\\/blog\\\/l-incroyable-histoire-de-maria-montessori\\\/#breadcrumb\"},\"inLanguage\":\"fr-FR\",\"potentialAction\":[{\"@type\":\"ReadAction\",\"target\":[\"https:\\\/\\\/lesminis.fr\\\/blog\\\/l-incroyable-histoire-de-maria-montessori\\\/\"]}]},{\"@type\":\"ImageObject\",\"inLanguage\":\"fr-FR\",\"@id\":\"https:\\\/\\\/lesminis.fr\\\/blog\\\/l-incroyable-histoire-de-maria-montessori\\\/#primaryimage\",\"url\":\"https:\\\/\\\/lesminis.fr\\\/blog\\\/wp-content\\\/uploads\\\/2023\\\/01\\\/Sans-titre-7.jpg\",\"contentUrl\":\"https:\\\/\\\/lesminis.fr\\\/blog\\\/wp-content\\\/uploads\\\/2023\\\/01\\\/Sans-titre-7.jpg\",\"width\":800,\"height\":600,\"caption\":\"Maria Montessori\"},{\"@type\":\"BreadcrumbList\",\"@id\":\"https:\\\/\\\/lesminis.fr\\\/blog\\\/l-incroyable-histoire-de-maria-montessori\\\/#breadcrumb\",\"itemListElement\":[{\"@type\":\"ListItem\",\"position\":1,\"name\":\"Accueil\",\"item\":\"https:\\\/\\\/lesminis.fr\\\/blog\\\/\"},{\"@type\":\"ListItem\",\"position\":2,\"name\":\"Maria Montessori: la pionni\u00e8re de l&rsquo;\u00e9ducation moderne\"}]},{\"@type\":\"WebSite\",\"@id\":\"https:\\\/\\\/lesminis.fr\\\/blog\\\/#website\",\"url\":\"https:\\\/\\\/lesminis.fr\\\/blog\\\/\",\"name\":\"LesMinis Le Blog - Mat\u00e9riels \u00e9ducatifs - Figurines p\u00e9dagogiques\",\"description\":\"D\u00e9couvrez notre actualit\u00e9, figurines, mat\u00e9riel \u00e9ducatif, activit\u00e9s Montessori\",\"publisher\":{\"@id\":\"https:\\\/\\\/lesminis.fr\\\/blog\\\/#organization\"},\"potentialAction\":[{\"@type\":\"SearchAction\",\"target\":{\"@type\":\"EntryPoint\",\"urlTemplate\":\"https:\\\/\\\/lesminis.fr\\\/blog\\\/?s={search_term_string}\"},\"query-input\":{\"@type\":\"PropertyValueSpecification\",\"valueRequired\":true,\"valueName\":\"search_term_string\"}}],\"inLanguage\":\"fr-FR\"},{\"@type\":\"Organization\",\"@id\":\"https:\\\/\\\/lesminis.fr\\\/blog\\\/#organization\",\"name\":\"LesMinis - Sp\u00e9cialiste mat\u00e9riel p\u00e9dagogiques - Figurines \u00e9ducatives - Mat\u00e9riel Montessori\",\"url\":\"https:\\\/\\\/lesminis.fr\\\/blog\\\/\",\"logo\":{\"@type\":\"ImageObject\",\"inLanguage\":\"fr-FR\",\"@id\":\"https:\\\/\\\/lesminis.fr\\\/blog\\\/#\\\/schema\\\/logo\\\/image\\\/\",\"url\":\"https:\\\/\\\/lesminis.fr\\\/blog\\\/wp-content\\\/uploads\\\/2023\\\/03\\\/nouveau-logo-lesminis.png\",\"contentUrl\":\"https:\\\/\\\/lesminis.fr\\\/blog\\\/wp-content\\\/uploads\\\/2023\\\/03\\\/nouveau-logo-lesminis.png\",\"width\":500,\"height\":175,\"caption\":\"LesMinis - Sp\u00e9cialiste mat\u00e9riel p\u00e9dagogiques - Figurines \u00e9ducatives - Mat\u00e9riel Montessori\"},\"image\":{\"@id\":\"https:\\\/\\\/lesminis.fr\\\/blog\\\/#\\\/schema\\\/logo\\\/image\\\/\"},\"sameAs\":[\"https:\\\/\\\/fr-fr.facebook.com\\\/LesMinis.fr\\\/\",\"https:\\\/\\\/www.instagram.com\\\/lesminis.fr\\\/\",\"https:\\\/\\\/www.tiktok.com\\\/@lesminis.fr\",\"https:\\\/\\\/www.pinterest.fr\\\/lesminisfr\\\/\"]},{\"@type\":\"Person\",\"@id\":\"https:\\\/\\\/lesminis.fr\\\/blog\\\/#\\\/schema\\\/person\\\/4a1be8c8c70a7d945af71674957cf83e\",\"name\":\"LesMinis\",\"image\":{\"@type\":\"ImageObject\",\"inLanguage\":\"fr-FR\",\"@id\":\"https:\\\/\\\/secure.gravatar.com\\\/avatar\\\/288cd93d352b3465f2bd0701b1f2bb059b68dc3a70c4fda061bad8e6c9f8d865?s=96&d=blank&r=g\",\"url\":\"https:\\\/\\\/secure.gravatar.com\\\/avatar\\\/288cd93d352b3465f2bd0701b1f2bb059b68dc3a70c4fda061bad8e6c9f8d865?s=96&d=blank&r=g\",\"contentUrl\":\"https:\\\/\\\/secure.gravatar.com\\\/avatar\\\/288cd93d352b3465f2bd0701b1f2bb059b68dc3a70c4fda061bad8e6c9f8d865?s=96&d=blank&r=g\",\"caption\":\"LesMinis\"},\"sameAs\":[\"https:\\\/\\\/lesminis.fr\\\/blog\",\"https:\\\/\\\/www.facebook.com\\\/LesMinis.fr\\\/\",\"https:\\\/\\\/www.instagram.com\\\/lesminis.fr\\\/\",\"https:\\\/\\\/www.pinterest.fr\\\/lesminisfr\\\/\"],\"url\":\"https:\\\/\\\/lesminis.fr\\\/blog\\\/author\\\/lesminis\\\/\"}]}<\/script>\n<!-- \/ Yoast SEO Premium plugin. -->","yoast_head_json":{"title":"Maria Montessori: la pionni\u00e8re de l'\u00e9ducation moderne","description":"D\u00e9couvrez l'histoire de Maria Montessori, premi\u00e8re femme m\u00e9decin d'Italie et cr\u00e9atrice de la m\u00e9thode Montessori, reconnue dans le monde entier pour son approche innovante de l'enseignement.","robots":{"index":"index","follow":"follow","max-snippet":"max-snippet:-1","max-image-preview":"max-image-preview:large","max-video-preview":"max-video-preview:-1"},"canonical":"https:\/\/lesminis.fr\/blog\/l-incroyable-histoire-de-maria-montessori\/","og_locale":"fr_FR","og_type":"article","og_title":"Maria Montessori: la pionni\u00e8re de l'\u00e9ducation moderne","og_description":"D\u00e9couvrez l'histoire de Maria Montessori, premi\u00e8re femme m\u00e9decin d'Italie et cr\u00e9atrice de la m\u00e9thode Montessori, reconnue dans le monde entier pour son approche innovante de l'enseignement.","og_url":"https:\/\/lesminis.fr\/blog\/l-incroyable-histoire-de-maria-montessori\/","og_site_name":"LesMinis Le Blog - Mat\u00e9riels \u00e9ducatifs - Figurines p\u00e9dagogiques","article_publisher":"https:\/\/fr-fr.facebook.com\/LesMinis.fr\/","article_author":"https:\/\/www.facebook.com\/LesMinis.fr\/","article_published_time":"2023-02-10T10:25:27+00:00","article_modified_time":"2024-03-20T08:08:11+00:00","og_image":[{"width":800,"height":600,"url":"https:\/\/lesminis.fr\/blog\/wp-content\/uploads\/2023\/01\/Sans-titre-7.jpg","type":"image\/jpeg"}],"author":"LesMinis","twitter_misc":{"\u00c9crit par":"LesMinis","Dur\u00e9e de lecture estim\u00e9e":"7 minutes"},"schema":{"@context":"https:\/\/schema.org","@graph":[{"@type":["Article","BlogPosting"],"@id":"https:\/\/lesminis.fr\/blog\/l-incroyable-histoire-de-maria-montessori\/#article","isPartOf":{"@id":"https:\/\/lesminis.fr\/blog\/l-incroyable-histoire-de-maria-montessori\/"},"author":{"name":"LesMinis","@id":"https:\/\/lesminis.fr\/blog\/#\/schema\/person\/4a1be8c8c70a7d945af71674957cf83e"},"headline":"Maria Montessori: la pionni\u00e8re de l&rsquo;\u00e9ducation moderne","datePublished":"2023-02-10T10:25:27+00:00","dateModified":"2024-03-20T08:08:11+00:00","mainEntityOfPage":{"@id":"https:\/\/lesminis.fr\/blog\/l-incroyable-histoire-de-maria-montessori\/"},"wordCount":1199,"commentCount":0,"publisher":{"@id":"https:\/\/lesminis.fr\/blog\/#organization"},"image":{"@id":"https:\/\/lesminis.fr\/blog\/l-incroyable-histoire-de-maria-montessori\/#primaryimage"},"thumbnailUrl":"https:\/\/lesminis.fr\/blog\/wp-content\/uploads\/2023\/01\/Sans-titre-7.jpg","keywords":["AMI","apprentissage autonome","autonomie","enfant","engagement actif","manipulation","Mat\u00e9riel Montessori","Nido","Nienhuis Montessori","perception sensorielle","p\u00e9riodes sensibles","tranches d'\u00e2ge"],"articleSection":["MinisPedago \u2014 Montessori, p\u00e9dagogies alternatives &amp; d\u00e9veloppement de l\u2019enfant"],"inLanguage":"fr-FR","potentialAction":[{"@type":"CommentAction","name":"Comment","target":["https:\/\/lesminis.fr\/blog\/l-incroyable-histoire-de-maria-montessori\/#respond"]}]},{"@type":"WebPage","@id":"https:\/\/lesminis.fr\/blog\/l-incroyable-histoire-de-maria-montessori\/","url":"https:\/\/lesminis.fr\/blog\/l-incroyable-histoire-de-maria-montessori\/","name":"Maria Montessori: la pionni\u00e8re de l'\u00e9ducation moderne","isPartOf":{"@id":"https:\/\/lesminis.fr\/blog\/#website"},"primaryImageOfPage":{"@id":"https:\/\/lesminis.fr\/blog\/l-incroyable-histoire-de-maria-montessori\/#primaryimage"},"image":{"@id":"https:\/\/lesminis.fr\/blog\/l-incroyable-histoire-de-maria-montessori\/#primaryimage"},"thumbnailUrl":"https:\/\/lesminis.fr\/blog\/wp-content\/uploads\/2023\/01\/Sans-titre-7.jpg","datePublished":"2023-02-10T10:25:27+00:00","dateModified":"2024-03-20T08:08:11+00:00","description":"D\u00e9couvrez l'histoire de Maria Montessori, premi\u00e8re femme m\u00e9decin d'Italie et cr\u00e9atrice de la m\u00e9thode Montessori, reconnue dans le monde entier pour son approche innovante de l'enseignement.","breadcrumb":{"@id":"https:\/\/lesminis.fr\/blog\/l-incroyable-histoire-de-maria-montessori\/#breadcrumb"},"inLanguage":"fr-FR","potentialAction":[{"@type":"ReadAction","target":["https:\/\/lesminis.fr\/blog\/l-incroyable-histoire-de-maria-montessori\/"]}]},{"@type":"ImageObject","inLanguage":"fr-FR","@id":"https:\/\/lesminis.fr\/blog\/l-incroyable-histoire-de-maria-montessori\/#primaryimage","url":"https:\/\/lesminis.fr\/blog\/wp-content\/uploads\/2023\/01\/Sans-titre-7.jpg","contentUrl":"https:\/\/lesminis.fr\/blog\/wp-content\/uploads\/2023\/01\/Sans-titre-7.jpg","width":800,"height":600,"caption":"Maria Montessori"},{"@type":"BreadcrumbList","@id":"https:\/\/lesminis.fr\/blog\/l-incroyable-histoire-de-maria-montessori\/#breadcrumb","itemListElement":[{"@type":"ListItem","position":1,"name":"Accueil","item":"https:\/\/lesminis.fr\/blog\/"},{"@type":"ListItem","position":2,"name":"Maria Montessori: la pionni\u00e8re de l&rsquo;\u00e9ducation moderne"}]},{"@type":"WebSite","@id":"https:\/\/lesminis.fr\/blog\/#website","url":"https:\/\/lesminis.fr\/blog\/","name":"LesMinis Le Blog - Mat\u00e9riels \u00e9ducatifs - Figurines p\u00e9dagogiques","description":"D\u00e9couvrez notre actualit\u00e9, figurines, mat\u00e9riel \u00e9ducatif, activit\u00e9s Montessori","publisher":{"@id":"https:\/\/lesminis.fr\/blog\/#organization"},"potentialAction":[{"@type":"SearchAction","target":{"@type":"EntryPoint","urlTemplate":"https:\/\/lesminis.fr\/blog\/?s={search_term_string}"},"query-input":{"@type":"PropertyValueSpecification","valueRequired":true,"valueName":"search_term_string"}}],"inLanguage":"fr-FR"},{"@type":"Organization","@id":"https:\/\/lesminis.fr\/blog\/#organization","name":"LesMinis - Sp\u00e9cialiste mat\u00e9riel p\u00e9dagogiques - Figurines \u00e9ducatives - Mat\u00e9riel Montessori","url":"https:\/\/lesminis.fr\/blog\/","logo":{"@type":"ImageObject","inLanguage":"fr-FR","@id":"https:\/\/lesminis.fr\/blog\/#\/schema\/logo\/image\/","url":"https:\/\/lesminis.fr\/blog\/wp-content\/uploads\/2023\/03\/nouveau-logo-lesminis.png","contentUrl":"https:\/\/lesminis.fr\/blog\/wp-content\/uploads\/2023\/03\/nouveau-logo-lesminis.png","width":500,"height":175,"caption":"LesMinis - Sp\u00e9cialiste mat\u00e9riel p\u00e9dagogiques - Figurines \u00e9ducatives - Mat\u00e9riel Montessori"},"image":{"@id":"https:\/\/lesminis.fr\/blog\/#\/schema\/logo\/image\/"},"sameAs":["https:\/\/fr-fr.facebook.com\/LesMinis.fr\/","https:\/\/www.instagram.com\/lesminis.fr\/","https:\/\/www.tiktok.com\/@lesminis.fr","https:\/\/www.pinterest.fr\/lesminisfr\/"]},{"@type":"Person","@id":"https:\/\/lesminis.fr\/blog\/#\/schema\/person\/4a1be8c8c70a7d945af71674957cf83e","name":"LesMinis","image":{"@type":"ImageObject","inLanguage":"fr-FR","@id":"https:\/\/secure.gravatar.com\/avatar\/288cd93d352b3465f2bd0701b1f2bb059b68dc3a70c4fda061bad8e6c9f8d865?s=96&d=blank&r=g","url":"https:\/\/secure.gravatar.com\/avatar\/288cd93d352b3465f2bd0701b1f2bb059b68dc3a70c4fda061bad8e6c9f8d865?s=96&d=blank&r=g","contentUrl":"https:\/\/secure.gravatar.com\/avatar\/288cd93d352b3465f2bd0701b1f2bb059b68dc3a70c4fda061bad8e6c9f8d865?s=96&d=blank&r=g","caption":"LesMinis"},"sameAs":["https:\/\/lesminis.fr\/blog","https:\/\/www.facebook.com\/LesMinis.fr\/","https:\/\/www.instagram.com\/lesminis.fr\/","https:\/\/www.pinterest.fr\/lesminisfr\/"],"url":"https:\/\/lesminis.fr\/blog\/author\/lesminis\/"}]}},"_links":{"self":[{"href":"https:\/\/lesminis.fr\/blog\/wp-json\/wp\/v2\/posts\/696","targetHints":{"allow":["GET"]}}],"collection":[{"href":"https:\/\/lesminis.fr\/blog\/wp-json\/wp\/v2\/posts"}],"about":[{"href":"https:\/\/lesminis.fr\/blog\/wp-json\/wp\/v2\/types\/post"}],"author":[{"embeddable":true,"href":"https:\/\/lesminis.fr\/blog\/wp-json\/wp\/v2\/users\/1"}],"replies":[{"embeddable":true,"href":"https:\/\/lesminis.fr\/blog\/wp-json\/wp\/v2\/comments?post=696"}],"version-history":[{"count":11,"href":"https:\/\/lesminis.fr\/blog\/wp-json\/wp\/v2\/posts\/696\/revisions"}],"predecessor-version":[{"id":3376,"href":"https:\/\/lesminis.fr\/blog\/wp-json\/wp\/v2\/posts\/696\/revisions\/3376"}],"wp:featuredmedia":[{"embeddable":true,"href":"https:\/\/lesminis.fr\/blog\/wp-json\/wp\/v2\/media\/697"}],"wp:attachment":[{"href":"https:\/\/lesminis.fr\/blog\/wp-json\/wp\/v2\/media?parent=696"}],"wp:term":[{"taxonomy":"category","embeddable":true,"href":"https:\/\/lesminis.fr\/blog\/wp-json\/wp\/v2\/categories?post=696"},{"taxonomy":"post_tag","embeddable":true,"href":"https:\/\/lesminis.fr\/blog\/wp-json\/wp\/v2\/tags?post=696"}],"curies":[{"name":"wp","href":"https:\/\/api.w.org\/{rel}","templated":true}]}}