{"id":688,"date":"2023-01-03T13:23:41","date_gmt":"2023-01-03T13:23:41","guid":{"rendered":"https:\/\/lesminis.fr\/blog\/?p=688"},"modified":"2024-03-28T10:56:52","modified_gmt":"2024-03-28T09:56:52","slug":"pedagogie-montessori-par-periode-age-explication-simple","status":"publish","type":"post","link":"https:\/\/lesminis.fr\/blog\/pedagogie-montessori-par-periode-age-explication-simple\/","title":{"rendered":"La p\u00e9dagogie Montessori par p\u00e9riode d&rsquo;\u00e2ge : explication simple"},"content":{"rendered":"<p>La <strong>P\u00e9dagogie Montessori<\/strong> est un moyen innovant d&rsquo;aider les enfants \u00e0 d\u00e9velopper leur potentiel en fonction de leur \u00e2ge. Bas\u00e9e sur la th\u00e9orie des <strong>p\u00e9riodes sensibles<\/strong>, elle propose un <strong>mat\u00e9riel<\/strong> et des <strong>activit\u00e9s adapt\u00e9s<\/strong> aux besoins et capacit\u00e9s d&rsquo;apprentissage sp\u00e9cifiques de chaque tranche d&rsquo;\u00e2ge.<\/p>\n<p>Dans cet article, nous allons explorer la <strong>P\u00e9dagogie Montessori<\/strong> <strong>par p\u00e9riode d&rsquo;\u00e2ge<\/strong>, offrant une explication claire et concise de cette m\u00e9thode \u00e9ducative pour<\/p>\n<ul>\n<li>les tout-petits de la naissance \u00e0 3 ans,<\/li>\n<li>les enfants de 3 \u00e0 6 ans,<\/li>\n<li>les enfants de 6 \u00e0 12 ans.<\/li>\n<\/ul>\n<p>Si vous \u00eates \u00e0 la recherche d&rsquo;un moyen innovant d&rsquo;aider votre enfant \u00e0 d\u00e9velopper son potentiel, cet article est fait pour vous.<\/p>\n<div id=\"ez-toc-container\" class=\"ez-toc-v2_0_78 counter-hierarchy ez-toc-counter ez-toc-grey ez-toc-container-direction\">\n<div class=\"ez-toc-title-container\">\n<p class=\"ez-toc-title\" style=\"cursor:inherit\">Table of Contents<\/p>\n<span class=\"ez-toc-title-toggle\"><a href=\"#\" class=\"ez-toc-pull-right ez-toc-btn ez-toc-btn-xs ez-toc-btn-default ez-toc-toggle\" aria-label=\"Toggle Table of Content\"><span class=\"ez-toc-js-icon-con\"><span class=\"\"><span class=\"eztoc-hide\" style=\"display:none;\">Toggle<\/span><span class=\"ez-toc-icon-toggle-span\"><svg style=\"fill: #999;color:#999\" xmlns=\"http:\/\/www.w3.org\/2000\/svg\" class=\"list-377408\" width=\"20px\" height=\"20px\" viewBox=\"0 0 24 24\" fill=\"none\"><path d=\"M6 6H4v2h2V6zm14 0H8v2h12V6zM4 11h2v2H4v-2zm16 0H8v2h12v-2zM4 16h2v2H4v-2zm16 0H8v2h12v-2z\" fill=\"currentColor\"><\/path><\/svg><svg style=\"fill: #999;color:#999\" class=\"arrow-unsorted-368013\" xmlns=\"http:\/\/www.w3.org\/2000\/svg\" width=\"10px\" height=\"10px\" viewBox=\"0 0 24 24\" version=\"1.2\" baseProfile=\"tiny\"><path d=\"M18.2 9.3l-6.2-6.3-6.2 6.3c-.2.2-.3.4-.3.7s.1.5.3.7c.2.2.4.3.7.3h11c.3 0 .5-.1.7-.3.2-.2.3-.5.3-.7s-.1-.5-.3-.7zM5.8 14.7l6.2 6.3 6.2-6.3c.2-.2.3-.5.3-.7s-.1-.5-.3-.7c-.2-.2-.4-.3-.7-.3h-11c-.3 0-.5.1-.7.3-.2.2-.3.5-.3.7s.1.5.3.7z\"\/><\/svg><\/span><\/span><\/span><\/a><\/span><\/div>\n<nav><ul class='ez-toc-list ez-toc-list-level-1 ' ><li class='ez-toc-page-1 ez-toc-heading-level-2'><a class=\"ez-toc-link ez-toc-heading-1\" href=\"https:\/\/lesminis.fr\/blog\/pedagogie-montessori-par-periode-age-explication-simple\/#Comprendre_la_Pedagogie_Montessori_comment_le_materiel_aide_les_enfants_a_developper_leur_motricite_et_leur_autonomie\" >Comprendre la P\u00e9dagogie Montessori : comment le mat\u00e9riel aide les enfants \u00e0 d\u00e9velopper leur motricit\u00e9 et leur autonomie<\/a><\/li><li class='ez-toc-page-1 ez-toc-heading-level-2'><a class=\"ez-toc-link ez-toc-heading-2\" href=\"https:\/\/lesminis.fr\/blog\/pedagogie-montessori-par-periode-age-explication-simple\/#Materiel_Montessori_pour_les_tout-petits_0-3ans\" >Mat\u00e9riel Montessori pour les tout-petits 0-3ans<\/a><ul class='ez-toc-list-level-3' ><li class='ez-toc-heading-level-3'><a class=\"ez-toc-link ez-toc-heading-3\" href=\"https:\/\/lesminis.fr\/blog\/pedagogie-montessori-par-periode-age-explication-simple\/#Pour_aller_plus_loin_decouvrez_le_guide_des_0-3ans\" >Pour aller plus loin, d\u00e9couvrez le guide des 0-3ans<\/a><\/li><\/ul><\/li><li class='ez-toc-page-1 ez-toc-heading-level-2'><a class=\"ez-toc-link ez-toc-heading-4\" href=\"https:\/\/lesminis.fr\/blog\/pedagogie-montessori-par-periode-age-explication-simple\/#Materiel_Montessori_pour_les_enfants_periode_des_3_a_6_ans\" >Mat\u00e9riel Montessori pour les enfants p\u00e9riode des 3 \u00e0 6 ans<\/a><ul class='ez-toc-list-level-3' ><li class='ez-toc-heading-level-3'><a class=\"ez-toc-link ez-toc-heading-5\" href=\"https:\/\/lesminis.fr\/blog\/pedagogie-montessori-par-periode-age-explication-simple\/#En_savoir_plus_sur_la_periode_dage_des_3-6ans\" >En savoir plus sur la p\u00e9riode d&rsquo;\u00e2ge des 3-6ans<\/a><\/li><\/ul><\/li><li class='ez-toc-page-1 ez-toc-heading-level-2'><a class=\"ez-toc-link ez-toc-heading-6\" href=\"https:\/\/lesminis.fr\/blog\/pedagogie-montessori-par-periode-age-explication-simple\/#Materiel_Montessori_pour_les_enfants_de_6_a_12_ans\" >Mat\u00e9riel Montessori pour les enfants de 6 \u00e0 12 ans<\/a><\/li><\/ul><\/nav><\/div>\n<h2><span class=\"ez-toc-section\" id=\"Comprendre_la_Pedagogie_Montessori_comment_le_materiel_aide_les_enfants_a_developper_leur_motricite_et_leur_autonomie\"><\/span>Comprendre la P\u00e9dagogie Montessori : comment le mat\u00e9riel aide les enfants \u00e0 d\u00e9velopper leur motricit\u00e9 et leur autonomie<span class=\"ez-toc-section-end\"><\/span><\/h2>\n<p>Le mat\u00e9riel Montessori est con\u00e7u pour aider les enfants \u00e0 <strong>d\u00e9velopper leur motricit\u00e9<\/strong> et \u00e0 acqu\u00e9rir une <strong>autonomie<\/strong> d\u00e8s le plus jeune \u00e2ge.<\/p>\n<p>La <strong>p\u00e9dagogie Montessori<\/strong> est bas\u00e9e sur la th\u00e9orie des <strong>p\u00e9riodes sensibles<\/strong>.<\/p>\n<p>Une p\u00e9riode sensible est un moment pendant lequel l&rsquo;enfant a des <strong>besoins<\/strong> et des <strong>capacit\u00e9s d&rsquo;apprentissage sp\u00e9cifiques<\/strong>. Le <a href=\"https:\/\/lesminis.fr\/19-materiel-montessori\"><strong>mat\u00e9riel<\/strong> est d\u00e9velopp\u00e9<\/a> autour de ceux-ci.<\/p>\n<h2><span class=\"ez-toc-section\" id=\"Materiel_Montessori_pour_les_tout-petits_0-3ans\"><\/span>Mat\u00e9riel Montessori pour les tout-petits 0-3ans<span class=\"ez-toc-section-end\"><\/span><\/h2>\n<p>Adaptez les <strong>activit\u00e9s motrices et sensorielles<\/strong> aux enfants \u00e2g\u00e9s de 0 \u00e0 3 ans. On appelle cette tranche d&rsquo;\u00e2ge <a href=\"https:\/\/lesminis.fr\/30-nido-tout-petit\">le Nido<\/a>, o\u00f9 l&rsquo;enfant d\u00e9veloppe ses sens. Le <strong>mat\u00e9riel Montessori<\/strong> pour cette tranche d&rsquo;\u00e2ge comporte des bo\u00eetes cachant des objets, des objets \u00e0 ins\u00e9rer, ainsi que des mobiles vari\u00e9s.<\/p>\n<p>Le but de ces activit\u00e9s est de stimuler les sens de l&rsquo;enfant et de les aider \u00e0 d\u00e9velopper leur motricit\u00e9 fine. Ainsi les bo\u00eetes et les objets propos\u00e9s sont con\u00e7us pour \u00eatre attrayants et amusants, tout en stimulant la curiosit\u00e9 de l&rsquo;enfant.<\/p>\n<p>En jouant avec ce mat\u00e9riel, les enfants peuvent apprendre \u00e0 s&rsquo;exercer et \u00e0 d\u00e9velopper leur autonomie de mani\u00e8re naturelle.<\/p>\n<hr \/>\n<h3 style=\"text-align: left;\"><span class=\"ez-toc-section\" id=\"Pour_aller_plus_loin_decouvrez_le_guide_des_0-3ans\"><\/span>Pour aller plus loin, d\u00e9couvrez le guide des 0-3ans<span class=\"ez-toc-section-end\"><\/span><\/h3>\n<blockquote class=\"wp-embedded-content\" data-secret=\"za8uDsp6Jm\"><p><a href=\"https:\/\/lesminis.fr\/blog\/guide-montessori-du-groupe-dage-0-3ans-nido-et-tout-petits-enfants\/\">Guide Montessori du groupe d&rsquo;\u00e2ge 0-3ans : Nido et tout-petits enfants<\/a><\/p><\/blockquote>\n<p><iframe loading=\"lazy\" class=\"wp-embedded-content\" sandbox=\"allow-scripts\" security=\"restricted\" style=\"position: absolute; clip: rect(1px, 1px, 1px, 1px);\" title=\"\u00ab\u00a0Guide Montessori du groupe d&rsquo;\u00e2ge 0-3ans : Nido et tout-petits enfants\u00a0\u00bb &#8212; LesMinis Le Blog\" src=\"https:\/\/lesminis.fr\/blog\/guide-montessori-du-groupe-dage-0-3ans-nido-et-tout-petits-enfants\/embed\/#?secret=9hbJdNPYhM#?secret=za8uDsp6Jm\" data-secret=\"za8uDsp6Jm\" width=\"600\" height=\"338\" frameborder=\"0\" marginwidth=\"0\" marginheight=\"0\" scrolling=\"no\"><\/iframe><\/p>\n<hr \/>\n<h2><span class=\"ez-toc-section\" id=\"Materiel_Montessori_pour_les_enfants_periode_des_3_a_6_ans\"><\/span>Mat\u00e9riel Montessori pour les enfants p\u00e9riode des 3 \u00e0 6 ans<span class=\"ez-toc-section-end\"><\/span><\/h2>\n<p>La <strong>p\u00e9riode des 3 \u00e0 6 ans<\/strong> est cruciale pour le d\u00e9veloppement de l&rsquo;enfant, et c&rsquo;est \u00e0 cet \u00e2ge qu&rsquo;il apprend \u00e0 devenir autonome. Voil\u00e0 pourquoi la <strong>p\u00e9dagogie Montessori<\/strong> tient compte de cette p\u00e9riode sensible et propose un <a href=\"https:\/\/lesminis.fr\/213-maternelle-3-6-ans\">mat\u00e9riel sp\u00e9cifique<\/a> pour aider les enfants \u00e0 \u00e9voluer.<\/p>\n<p>Ainsi les activit\u00e9s propos\u00e9es permettent aux enfants d&rsquo;acqu\u00e9rir une meilleure motricit\u00e9 fine et de d\u00e9velopper leur confiance en eux-m\u00eames.<\/p>\n<p>La <a href=\"https:\/\/lesminis.fr\/510-tour-rose-montessori\">tour rose<\/a>, l&rsquo;<a href=\"https:\/\/lesminis.fr\/511-escalier-marron\">escalier marron<\/a>, ainsi que les <a href=\"https:\/\/lesminis.fr\/512-barres-rouges-sensoriel\">barres rouges<\/a> sont con\u00e7us pour stimuler les sens et renforcer les <strong>comp\u00e9tences cognitives<\/strong>.<\/p>\n<p>Il est donc important de noter que certains mat\u00e9riels propos\u00e9s \u00e0 cette tranche d&rsquo;\u00e2ge peuvent \u00e9galement<strong> \u00eatre r\u00e9utilis\u00e9s plus tard<\/strong>, ce qui permet <strong>d&rsquo;\u00e9conomiser de l&rsquo;argent<\/strong> tout en offrant une p\u00e9dagogie adapt\u00e9e \u00e0 l&rsquo;\u00e2ge de l&rsquo;enfant.<\/p>\n<hr \/>\n<h3 style=\"text-align: left;\"><span class=\"ez-toc-section\" id=\"En_savoir_plus_sur_la_periode_dage_des_3-6ans\"><\/span>En savoir plus sur la p\u00e9riode d&rsquo;\u00e2ge des 3-6ans<span class=\"ez-toc-section-end\"><\/span><\/h3>\n<blockquote class=\"wp-embedded-content\" data-secret=\"8plAI9UlKE\"><p><a href=\"https:\/\/lesminis.fr\/blog\/materiel-montessori-3-6-ans-la-maison-des-enfants\/\">Mat\u00e9riel Montessori 3-6 ans : La maison des enfants<\/a><\/p><\/blockquote>\n<p><iframe loading=\"lazy\" class=\"wp-embedded-content\" sandbox=\"allow-scripts\" security=\"restricted\" style=\"position: absolute; clip: rect(1px, 1px, 1px, 1px);\" title=\"\u00ab\u00a0Mat\u00e9riel Montessori 3-6 ans : La maison des enfants\u00a0\u00bb &#8212; LesMinis Le Blog - Mat\u00e9riels \u00e9ducatifs - Figurines p\u00e9dagogiques\" src=\"https:\/\/lesminis.fr\/blog\/materiel-montessori-3-6-ans-la-maison-des-enfants\/embed\/#?secret=V9dLdqKzCI#?secret=8plAI9UlKE\" data-secret=\"8plAI9UlKE\" width=\"600\" height=\"338\" frameborder=\"0\" marginwidth=\"0\" marginheight=\"0\" scrolling=\"no\"><\/iframe><\/p>\n<hr \/>\n<h2><span class=\"ez-toc-section\" id=\"Materiel_Montessori_pour_les_enfants_de_6_a_12_ans\"><\/span>Mat\u00e9riel Montessori pour les enfants de 6 \u00e0 12 ans<span class=\"ez-toc-section-end\"><\/span><\/h2>\n<p>Le <a href=\"https:\/\/lesminis.fr\/118-elementaire-college-6-12\">mat\u00e9riel Montessori pour les enfants entre 6 et 12 ans<\/a> est moins abondant. En effet, \u00e0 mesure que les enfants grandissent, ils deviennent <strong>plus \u00e0 l&rsquo;aise avec l&rsquo;abstraction<\/strong> et n&rsquo;ont plus besoin d&rsquo;autant de mat\u00e9riel.<\/p>\n<p>C&rsquo;est pourquoi nous proposons un <strong>mat\u00e9riel sp\u00e9cifique<\/strong> pour r\u00e9pondre aux besoins de cette tranche d&rsquo;\u00e2ge.<\/p>\n<p>&nbsp;<\/p>\n<p>&nbsp;<\/p>\n<figure id=\"attachment_546\" aria-describedby=\"caption-attachment-546\" style=\"width: 800px\" class=\"wp-caption aligncenter\"><img loading=\"lazy\" decoding=\"async\" class=\"size-full wp-image-546\" src=\"https:\/\/lesminis.fr\/blog\/wp-content\/uploads\/2022\/08\/math-montessori.jpg\" alt=\"Mat\u00e9riel Montessori 6-12ans\" width=\"800\" height=\"800\" srcset=\"https:\/\/lesminis.fr\/blog\/wp-content\/uploads\/2022\/08\/math-montessori.jpg 800w, https:\/\/lesminis.fr\/blog\/wp-content\/uploads\/2022\/08\/math-montessori-300x300.jpg 300w, https:\/\/lesminis.fr\/blog\/wp-content\/uploads\/2022\/08\/math-montessori-150x150.jpg 150w, https:\/\/lesminis.fr\/blog\/wp-content\/uploads\/2022\/08\/math-montessori-768x768.jpg 768w, https:\/\/lesminis.fr\/blog\/wp-content\/uploads\/2022\/08\/math-montessori-696x696.jpg 696w, https:\/\/lesminis.fr\/blog\/wp-content\/uploads\/2022\/08\/math-montessori-420x420.jpg 420w\" sizes=\"auto, (max-width: 800px) 100vw, 800px\" \/><figcaption id=\"caption-attachment-546\" class=\"wp-caption-text\">Adolescent qui pratique le th\u00e9or\u00e8me de Pythagore avec le mat\u00e9riel Montessori adapt\u00e9.<\/figcaption><\/figure>\n<p>En conclusion, la <strong>p\u00e9dagogie Montessori<\/strong> se base sur la <strong>th\u00e9orie des p\u00e9riodes sensibles<\/strong> pour d\u00e9velopper un <strong>mat\u00e9riel p\u00e9dagogique adapt\u00e9<\/strong> \u00e0 chaque tranche d&rsquo;\u00e2ge. Les enfants de <strong>0 \u00e0 3 ans apprennent \u00e0 d\u00e9velopper leur motricit\u00e9 et leur autonomie<\/strong> gr\u00e2ce aux activit\u00e9s sensorielles et motrices propos\u00e9es. Les enfants de <strong>3 \u00e0 6 ans apprennent \u00e0 se construire en autonomie<\/strong> avec le mat\u00e9riel adapt\u00e9 \u00e0 leur p\u00e9riode sensible. Les enfants de <strong>6 \u00e0 12 ans<\/strong>, ayant une plus grande aisance avec l&rsquo;abstraction, o<strong>nt besoin d&rsquo;un mat\u00e9riel moins abondant pour \u00e9voluer.<\/strong><\/p>\n<p>En somme, la <strong>p\u00e9dagogie Montessori offre une approche adapt\u00e9e \u00e0 chaque p\u00e9riode de d\u00e9veloppement de l&rsquo;enfant pour l&rsquo;aider \u00e0 apprendre<\/strong> de mani\u00e8re efficace.<\/p>\n","protected":false},"excerpt":{"rendered":"<p>D\u00e9couvrez dans cet article une fa\u00e7on simplifi\u00e9e de comprendre les diff\u00e9rentes p\u00e9riodes Montessori.<\/p>\n","protected":false},"author":1,"featured_media":683,"comment_status":"open","ping_status":"closed","sticky":false,"template":"","format":"standard","meta":{"_acf_changed":false,"footnotes":""},"categories":[105],"tags":[95,96,97,42,94],"class_list":{"0":"post-688","1":"post","2":"type-post","3":"status-publish","4":"format-standard","5":"has-post-thumbnail","7":"category-minispedago-predagogie-montessori-activites-developpement","8":"tag-0-3ans","9":"tag-3-6ans","10":"tag-6-12ans","11":"tag-materiel-montessori","12":"tag-periode-sensible"},"acf":[],"yoast_head":"<!-- This site is optimized with the Yoast SEO Premium plugin v27.1 (Yoast SEO v27.1.1) - https:\/\/yoast.com\/product\/yoast-seo-premium-wordpress\/ -->\n<title>La p\u00e9dagogie Montessori par p\u00e9riode d&#039;\u00e2ge : explication simple<\/title>\n<meta name=\"description\" content=\"Cet article court est un guide en ligne id\u00e9al pour s&#039;initier \u00e0 la p\u00e9dagogie Montessori par groupe d&#039;\u00e2ge. Explications claires, rapides pour comprendre facilement les tranches d&#039;\u00e2ges.\" \/>\n<meta name=\"robots\" content=\"index, follow, max-snippet:-1, max-image-preview:large, max-video-preview:-1\" \/>\n<link rel=\"canonical\" href=\"https:\/\/lesminis.fr\/blog\/pedagogie-montessori-par-periode-age-explication-simple\/\" \/>\n<meta property=\"og:locale\" content=\"fr_FR\" \/>\n<meta property=\"og:type\" content=\"article\" \/>\n<meta property=\"og:title\" content=\"La p\u00e9dagogie Montessori par p\u00e9riode d&#039;\u00e2ge : explication simple\" \/>\n<meta property=\"og:description\" content=\"Cet article court est un guide en ligne id\u00e9al pour s&#039;initier \u00e0 la p\u00e9dagogie Montessori par groupe d&#039;\u00e2ge. Explications claires, rapides pour comprendre facilement les tranches d&#039;\u00e2ges.\" \/>\n<meta property=\"og:url\" content=\"https:\/\/lesminis.fr\/blog\/pedagogie-montessori-par-periode-age-explication-simple\/\" \/>\n<meta property=\"og:site_name\" content=\"LesMinis Le Blog - Mat\u00e9riels \u00e9ducatifs - Figurines p\u00e9dagogiques\" \/>\n<meta property=\"article:publisher\" content=\"https:\/\/fr-fr.facebook.com\/LesMinis.fr\/\" \/>\n<meta property=\"article:author\" content=\"https:\/\/www.facebook.com\/LesMinis.fr\/\" \/>\n<meta property=\"article:published_time\" content=\"2023-01-03T13:23:41+00:00\" \/>\n<meta property=\"article:modified_time\" content=\"2024-03-28T09:56:52+00:00\" \/>\n<meta property=\"og:image\" content=\"https:\/\/lesminis.fr\/blog\/wp-content\/uploads\/2023\/01\/Sans-titre-5.jpg\" \/>\n\t<meta property=\"og:image:width\" content=\"800\" \/>\n\t<meta property=\"og:image:height\" content=\"600\" \/>\n\t<meta property=\"og:image:type\" content=\"image\/jpeg\" \/>\n<meta name=\"author\" content=\"LesMinis\" \/>\n<meta name=\"twitter:label1\" content=\"\u00c9crit par\" \/>\n\t<meta name=\"twitter:data1\" content=\"LesMinis\" \/>\n\t<meta name=\"twitter:label2\" content=\"Dur\u00e9e de lecture estim\u00e9e\" \/>\n\t<meta name=\"twitter:data2\" content=\"4 minutes\" \/>\n<script type=\"application\/ld+json\" class=\"yoast-schema-graph\">{\"@context\":\"https:\/\/schema.org\",\"@graph\":[{\"@type\":[\"Article\",\"BlogPosting\"],\"@id\":\"https:\/\/lesminis.fr\/blog\/pedagogie-montessori-par-periode-age-explication-simple\/#article\",\"isPartOf\":{\"@id\":\"https:\/\/lesminis.fr\/blog\/pedagogie-montessori-par-periode-age-explication-simple\/\"},\"author\":{\"name\":\"LesMinis\",\"@id\":\"https:\/\/lesminis.fr\/blog\/#\/schema\/person\/4a1be8c8c70a7d945af71674957cf83e\"},\"headline\":\"La p\u00e9dagogie Montessori par p\u00e9riode d&rsquo;\u00e2ge : explication simple\",\"datePublished\":\"2023-01-03T13:23:41+00:00\",\"dateModified\":\"2024-03-28T09:56:52+00:00\",\"mainEntityOfPage\":{\"@id\":\"https:\/\/lesminis.fr\/blog\/pedagogie-montessori-par-periode-age-explication-simple\/\"},\"wordCount\":752,\"commentCount\":0,\"publisher\":{\"@id\":\"https:\/\/lesminis.fr\/blog\/#organization\"},\"image\":{\"@id\":\"https:\/\/lesminis.fr\/blog\/pedagogie-montessori-par-periode-age-explication-simple\/#primaryimage\"},\"thumbnailUrl\":\"https:\/\/lesminis.fr\/blog\/wp-content\/uploads\/2023\/01\/Sans-titre-5.jpg\",\"keywords\":[\"0-3ans\",\"3-6ans\",\"6-12ans\",\"Mat\u00e9riel Montessori\",\"p\u00e9riode sensible\"],\"articleSection\":[\"MinisPedago \u2014 Montessori, p\u00e9dagogies alternatives &amp; d\u00e9veloppement de l\u2019enfant\"],\"inLanguage\":\"fr-FR\",\"potentialAction\":[{\"@type\":\"CommentAction\",\"name\":\"Comment\",\"target\":[\"https:\/\/lesminis.fr\/blog\/pedagogie-montessori-par-periode-age-explication-simple\/#respond\"]}]},{\"@type\":\"WebPage\",\"@id\":\"https:\/\/lesminis.fr\/blog\/pedagogie-montessori-par-periode-age-explication-simple\/\",\"url\":\"https:\/\/lesminis.fr\/blog\/pedagogie-montessori-par-periode-age-explication-simple\/\",\"name\":\"La p\u00e9dagogie Montessori par p\u00e9riode d'\u00e2ge : explication simple\",\"isPartOf\":{\"@id\":\"https:\/\/lesminis.fr\/blog\/#website\"},\"primaryImageOfPage\":{\"@id\":\"https:\/\/lesminis.fr\/blog\/pedagogie-montessori-par-periode-age-explication-simple\/#primaryimage\"},\"image\":{\"@id\":\"https:\/\/lesminis.fr\/blog\/pedagogie-montessori-par-periode-age-explication-simple\/#primaryimage\"},\"thumbnailUrl\":\"https:\/\/lesminis.fr\/blog\/wp-content\/uploads\/2023\/01\/Sans-titre-5.jpg\",\"datePublished\":\"2023-01-03T13:23:41+00:00\",\"dateModified\":\"2024-03-28T09:56:52+00:00\",\"description\":\"Cet article court est un guide en ligne id\u00e9al pour s'initier \u00e0 la p\u00e9dagogie Montessori par groupe d'\u00e2ge. Explications claires, rapides pour comprendre facilement les tranches d'\u00e2ges.\",\"breadcrumb\":{\"@id\":\"https:\/\/lesminis.fr\/blog\/pedagogie-montessori-par-periode-age-explication-simple\/#breadcrumb\"},\"inLanguage\":\"fr-FR\",\"potentialAction\":[{\"@type\":\"ReadAction\",\"target\":[\"https:\/\/lesminis.fr\/blog\/pedagogie-montessori-par-periode-age-explication-simple\/\"]}]},{\"@type\":\"ImageObject\",\"inLanguage\":\"fr-FR\",\"@id\":\"https:\/\/lesminis.fr\/blog\/pedagogie-montessori-par-periode-age-explication-simple\/#primaryimage\",\"url\":\"https:\/\/lesminis.fr\/blog\/wp-content\/uploads\/2023\/01\/Sans-titre-5.jpg\",\"contentUrl\":\"https:\/\/lesminis.fr\/blog\/wp-content\/uploads\/2023\/01\/Sans-titre-5.jpg\",\"width\":800,\"height\":600,\"caption\":\"Diff\u00e9rentes p\u00e9riodes sensibles mat\u00e9riel Montessori\"},{\"@type\":\"BreadcrumbList\",\"@id\":\"https:\/\/lesminis.fr\/blog\/pedagogie-montessori-par-periode-age-explication-simple\/#breadcrumb\",\"itemListElement\":[{\"@type\":\"ListItem\",\"position\":1,\"name\":\"Accueil\",\"item\":\"https:\/\/lesminis.fr\/blog\/\"},{\"@type\":\"ListItem\",\"position\":2,\"name\":\"La p\u00e9dagogie Montessori par p\u00e9riode d&rsquo;\u00e2ge : explication simple\"}]},{\"@type\":\"WebSite\",\"@id\":\"https:\/\/lesminis.fr\/blog\/#website\",\"url\":\"https:\/\/lesminis.fr\/blog\/\",\"name\":\"LesMinis Le Blog - Mat\u00e9riels \u00e9ducatifs - Figurines p\u00e9dagogiques\",\"description\":\"D\u00e9couvrez notre actualit\u00e9, figurines, mat\u00e9riel \u00e9ducatif, activit\u00e9s Montessori\",\"publisher\":{\"@id\":\"https:\/\/lesminis.fr\/blog\/#organization\"},\"potentialAction\":[{\"@type\":\"SearchAction\",\"target\":{\"@type\":\"EntryPoint\",\"urlTemplate\":\"https:\/\/lesminis.fr\/blog\/?s={search_term_string}\"},\"query-input\":{\"@type\":\"PropertyValueSpecification\",\"valueRequired\":true,\"valueName\":\"search_term_string\"}}],\"inLanguage\":\"fr-FR\"},{\"@type\":\"Organization\",\"@id\":\"https:\/\/lesminis.fr\/blog\/#organization\",\"name\":\"LesMinis - Sp\u00e9cialiste mat\u00e9riel p\u00e9dagogiques - Figurines \u00e9ducatives - Mat\u00e9riel Montessori\",\"url\":\"https:\/\/lesminis.fr\/blog\/\",\"logo\":{\"@type\":\"ImageObject\",\"inLanguage\":\"fr-FR\",\"@id\":\"https:\/\/lesminis.fr\/blog\/#\/schema\/logo\/image\/\",\"url\":\"https:\/\/lesminis.fr\/blog\/wp-content\/uploads\/2023\/03\/nouveau-logo-lesminis.png\",\"contentUrl\":\"https:\/\/lesminis.fr\/blog\/wp-content\/uploads\/2023\/03\/nouveau-logo-lesminis.png\",\"width\":500,\"height\":175,\"caption\":\"LesMinis - Sp\u00e9cialiste mat\u00e9riel p\u00e9dagogiques - Figurines \u00e9ducatives - Mat\u00e9riel Montessori\"},\"image\":{\"@id\":\"https:\/\/lesminis.fr\/blog\/#\/schema\/logo\/image\/\"},\"sameAs\":[\"https:\/\/fr-fr.facebook.com\/LesMinis.fr\/\",\"https:\/\/www.instagram.com\/lesminis.fr\/\",\"https:\/\/www.tiktok.com\/@lesminis.fr\",\"https:\/\/www.pinterest.fr\/lesminisfr\/\"]},{\"@type\":\"Person\",\"@id\":\"https:\/\/lesminis.fr\/blog\/#\/schema\/person\/4a1be8c8c70a7d945af71674957cf83e\",\"name\":\"LesMinis\",\"image\":{\"@type\":\"ImageObject\",\"inLanguage\":\"fr-FR\",\"@id\":\"https:\/\/lesminis.fr\/blog\/#\/schema\/person\/image\/\",\"url\":\"https:\/\/secure.gravatar.com\/avatar\/288cd93d352b3465f2bd0701b1f2bb059b68dc3a70c4fda061bad8e6c9f8d865?s=96&d=blank&r=g\",\"contentUrl\":\"https:\/\/secure.gravatar.com\/avatar\/288cd93d352b3465f2bd0701b1f2bb059b68dc3a70c4fda061bad8e6c9f8d865?s=96&d=blank&r=g\",\"caption\":\"LesMinis\"},\"sameAs\":[\"https:\/\/lesminis.fr\/blog\",\"https:\/\/www.facebook.com\/LesMinis.fr\/\",\"https:\/\/www.instagram.com\/lesminis.fr\/\",\"https:\/\/www.pinterest.fr\/lesminisfr\/\"],\"url\":\"https:\/\/lesminis.fr\/blog\/author\/lesminis\/\"}]}<\/script>\n<!-- \/ Yoast SEO Premium plugin. -->","yoast_head_json":{"title":"La p\u00e9dagogie Montessori par p\u00e9riode d'\u00e2ge : explication simple","description":"Cet article court est un guide en ligne id\u00e9al pour s'initier \u00e0 la p\u00e9dagogie Montessori par groupe d'\u00e2ge. Explications claires, rapides pour comprendre facilement les tranches d'\u00e2ges.","robots":{"index":"index","follow":"follow","max-snippet":"max-snippet:-1","max-image-preview":"max-image-preview:large","max-video-preview":"max-video-preview:-1"},"canonical":"https:\/\/lesminis.fr\/blog\/pedagogie-montessori-par-periode-age-explication-simple\/","og_locale":"fr_FR","og_type":"article","og_title":"La p\u00e9dagogie Montessori par p\u00e9riode d'\u00e2ge : explication simple","og_description":"Cet article court est un guide en ligne id\u00e9al pour s'initier \u00e0 la p\u00e9dagogie Montessori par groupe d'\u00e2ge. Explications claires, rapides pour comprendre facilement les tranches d'\u00e2ges.","og_url":"https:\/\/lesminis.fr\/blog\/pedagogie-montessori-par-periode-age-explication-simple\/","og_site_name":"LesMinis Le Blog - Mat\u00e9riels \u00e9ducatifs - Figurines p\u00e9dagogiques","article_publisher":"https:\/\/fr-fr.facebook.com\/LesMinis.fr\/","article_author":"https:\/\/www.facebook.com\/LesMinis.fr\/","article_published_time":"2023-01-03T13:23:41+00:00","article_modified_time":"2024-03-28T09:56:52+00:00","og_image":[{"width":800,"height":600,"url":"https:\/\/lesminis.fr\/blog\/wp-content\/uploads\/2023\/01\/Sans-titre-5.jpg","type":"image\/jpeg"}],"author":"LesMinis","twitter_misc":{"\u00c9crit par":"LesMinis","Dur\u00e9e de lecture estim\u00e9e":"4 minutes"},"schema":{"@context":"https:\/\/schema.org","@graph":[{"@type":["Article","BlogPosting"],"@id":"https:\/\/lesminis.fr\/blog\/pedagogie-montessori-par-periode-age-explication-simple\/#article","isPartOf":{"@id":"https:\/\/lesminis.fr\/blog\/pedagogie-montessori-par-periode-age-explication-simple\/"},"author":{"name":"LesMinis","@id":"https:\/\/lesminis.fr\/blog\/#\/schema\/person\/4a1be8c8c70a7d945af71674957cf83e"},"headline":"La p\u00e9dagogie Montessori par p\u00e9riode d&rsquo;\u00e2ge : explication simple","datePublished":"2023-01-03T13:23:41+00:00","dateModified":"2024-03-28T09:56:52+00:00","mainEntityOfPage":{"@id":"https:\/\/lesminis.fr\/blog\/pedagogie-montessori-par-periode-age-explication-simple\/"},"wordCount":752,"commentCount":0,"publisher":{"@id":"https:\/\/lesminis.fr\/blog\/#organization"},"image":{"@id":"https:\/\/lesminis.fr\/blog\/pedagogie-montessori-par-periode-age-explication-simple\/#primaryimage"},"thumbnailUrl":"https:\/\/lesminis.fr\/blog\/wp-content\/uploads\/2023\/01\/Sans-titre-5.jpg","keywords":["0-3ans","3-6ans","6-12ans","Mat\u00e9riel Montessori","p\u00e9riode sensible"],"articleSection":["MinisPedago \u2014 Montessori, p\u00e9dagogies alternatives &amp; d\u00e9veloppement de l\u2019enfant"],"inLanguage":"fr-FR","potentialAction":[{"@type":"CommentAction","name":"Comment","target":["https:\/\/lesminis.fr\/blog\/pedagogie-montessori-par-periode-age-explication-simple\/#respond"]}]},{"@type":"WebPage","@id":"https:\/\/lesminis.fr\/blog\/pedagogie-montessori-par-periode-age-explication-simple\/","url":"https:\/\/lesminis.fr\/blog\/pedagogie-montessori-par-periode-age-explication-simple\/","name":"La p\u00e9dagogie Montessori par p\u00e9riode d'\u00e2ge : explication simple","isPartOf":{"@id":"https:\/\/lesminis.fr\/blog\/#website"},"primaryImageOfPage":{"@id":"https:\/\/lesminis.fr\/blog\/pedagogie-montessori-par-periode-age-explication-simple\/#primaryimage"},"image":{"@id":"https:\/\/lesminis.fr\/blog\/pedagogie-montessori-par-periode-age-explication-simple\/#primaryimage"},"thumbnailUrl":"https:\/\/lesminis.fr\/blog\/wp-content\/uploads\/2023\/01\/Sans-titre-5.jpg","datePublished":"2023-01-03T13:23:41+00:00","dateModified":"2024-03-28T09:56:52+00:00","description":"Cet article court est un guide en ligne id\u00e9al pour s'initier \u00e0 la p\u00e9dagogie Montessori par groupe d'\u00e2ge. Explications claires, rapides pour comprendre facilement les tranches d'\u00e2ges.","breadcrumb":{"@id":"https:\/\/lesminis.fr\/blog\/pedagogie-montessori-par-periode-age-explication-simple\/#breadcrumb"},"inLanguage":"fr-FR","potentialAction":[{"@type":"ReadAction","target":["https:\/\/lesminis.fr\/blog\/pedagogie-montessori-par-periode-age-explication-simple\/"]}]},{"@type":"ImageObject","inLanguage":"fr-FR","@id":"https:\/\/lesminis.fr\/blog\/pedagogie-montessori-par-periode-age-explication-simple\/#primaryimage","url":"https:\/\/lesminis.fr\/blog\/wp-content\/uploads\/2023\/01\/Sans-titre-5.jpg","contentUrl":"https:\/\/lesminis.fr\/blog\/wp-content\/uploads\/2023\/01\/Sans-titre-5.jpg","width":800,"height":600,"caption":"Diff\u00e9rentes p\u00e9riodes sensibles mat\u00e9riel Montessori"},{"@type":"BreadcrumbList","@id":"https:\/\/lesminis.fr\/blog\/pedagogie-montessori-par-periode-age-explication-simple\/#breadcrumb","itemListElement":[{"@type":"ListItem","position":1,"name":"Accueil","item":"https:\/\/lesminis.fr\/blog\/"},{"@type":"ListItem","position":2,"name":"La p\u00e9dagogie Montessori par p\u00e9riode d&rsquo;\u00e2ge : explication simple"}]},{"@type":"WebSite","@id":"https:\/\/lesminis.fr\/blog\/#website","url":"https:\/\/lesminis.fr\/blog\/","name":"LesMinis Le Blog - Mat\u00e9riels \u00e9ducatifs - Figurines p\u00e9dagogiques","description":"D\u00e9couvrez notre actualit\u00e9, figurines, mat\u00e9riel \u00e9ducatif, activit\u00e9s Montessori","publisher":{"@id":"https:\/\/lesminis.fr\/blog\/#organization"},"potentialAction":[{"@type":"SearchAction","target":{"@type":"EntryPoint","urlTemplate":"https:\/\/lesminis.fr\/blog\/?s={search_term_string}"},"query-input":{"@type":"PropertyValueSpecification","valueRequired":true,"valueName":"search_term_string"}}],"inLanguage":"fr-FR"},{"@type":"Organization","@id":"https:\/\/lesminis.fr\/blog\/#organization","name":"LesMinis - Sp\u00e9cialiste mat\u00e9riel p\u00e9dagogiques - Figurines \u00e9ducatives - Mat\u00e9riel Montessori","url":"https:\/\/lesminis.fr\/blog\/","logo":{"@type":"ImageObject","inLanguage":"fr-FR","@id":"https:\/\/lesminis.fr\/blog\/#\/schema\/logo\/image\/","url":"https:\/\/lesminis.fr\/blog\/wp-content\/uploads\/2023\/03\/nouveau-logo-lesminis.png","contentUrl":"https:\/\/lesminis.fr\/blog\/wp-content\/uploads\/2023\/03\/nouveau-logo-lesminis.png","width":500,"height":175,"caption":"LesMinis - Sp\u00e9cialiste mat\u00e9riel p\u00e9dagogiques - Figurines \u00e9ducatives - Mat\u00e9riel Montessori"},"image":{"@id":"https:\/\/lesminis.fr\/blog\/#\/schema\/logo\/image\/"},"sameAs":["https:\/\/fr-fr.facebook.com\/LesMinis.fr\/","https:\/\/www.instagram.com\/lesminis.fr\/","https:\/\/www.tiktok.com\/@lesminis.fr","https:\/\/www.pinterest.fr\/lesminisfr\/"]},{"@type":"Person","@id":"https:\/\/lesminis.fr\/blog\/#\/schema\/person\/4a1be8c8c70a7d945af71674957cf83e","name":"LesMinis","image":{"@type":"ImageObject","inLanguage":"fr-FR","@id":"https:\/\/lesminis.fr\/blog\/#\/schema\/person\/image\/","url":"https:\/\/secure.gravatar.com\/avatar\/288cd93d352b3465f2bd0701b1f2bb059b68dc3a70c4fda061bad8e6c9f8d865?s=96&d=blank&r=g","contentUrl":"https:\/\/secure.gravatar.com\/avatar\/288cd93d352b3465f2bd0701b1f2bb059b68dc3a70c4fda061bad8e6c9f8d865?s=96&d=blank&r=g","caption":"LesMinis"},"sameAs":["https:\/\/lesminis.fr\/blog","https:\/\/www.facebook.com\/LesMinis.fr\/","https:\/\/www.instagram.com\/lesminis.fr\/","https:\/\/www.pinterest.fr\/lesminisfr\/"],"url":"https:\/\/lesminis.fr\/blog\/author\/lesminis\/"}]}},"_links":{"self":[{"href":"https:\/\/lesminis.fr\/blog\/wp-json\/wp\/v2\/posts\/688","targetHints":{"allow":["GET"]}}],"collection":[{"href":"https:\/\/lesminis.fr\/blog\/wp-json\/wp\/v2\/posts"}],"about":[{"href":"https:\/\/lesminis.fr\/blog\/wp-json\/wp\/v2\/types\/post"}],"author":[{"embeddable":true,"href":"https:\/\/lesminis.fr\/blog\/wp-json\/wp\/v2\/users\/1"}],"replies":[{"embeddable":true,"href":"https:\/\/lesminis.fr\/blog\/wp-json\/wp\/v2\/comments?post=688"}],"version-history":[{"count":13,"href":"https:\/\/lesminis.fr\/blog\/wp-json\/wp\/v2\/posts\/688\/revisions"}],"predecessor-version":[{"id":805,"href":"https:\/\/lesminis.fr\/blog\/wp-json\/wp\/v2\/posts\/688\/revisions\/805"}],"wp:featuredmedia":[{"embeddable":true,"href":"https:\/\/lesminis.fr\/blog\/wp-json\/wp\/v2\/media\/683"}],"wp:attachment":[{"href":"https:\/\/lesminis.fr\/blog\/wp-json\/wp\/v2\/media?parent=688"}],"wp:term":[{"taxonomy":"category","embeddable":true,"href":"https:\/\/lesminis.fr\/blog\/wp-json\/wp\/v2\/categories?post=688"},{"taxonomy":"post_tag","embeddable":true,"href":"https:\/\/lesminis.fr\/blog\/wp-json\/wp\/v2\/tags?post=688"}],"curies":[{"name":"wp","href":"https:\/\/api.w.org\/{rel}","templated":true}]}}