{"id":675,"date":"2023-01-17T11:41:40","date_gmt":"2023-01-17T11:41:40","guid":{"rendered":"https:\/\/lesminis.fr\/blog\/?p=675"},"modified":"2024-03-28T10:56:27","modified_gmt":"2024-03-28T09:56:27","slug":"le-materiel-montessori-une-cle-pour-lautonomie-des-eleves","status":"publish","type":"post","link":"https:\/\/lesminis.fr\/blog\/le-materiel-montessori-une-cle-pour-lautonomie-des-eleves\/","title":{"rendered":"Le mat\u00e9riel Montessori, une cl\u00e9 pour l&rsquo;autonomie des \u00e9l\u00e8ves"},"content":{"rendered":"<p data-pm-slice=\"1 1 []\">La <strong>m\u00e9thode Montessori<\/strong> est un ensemble de principes \u00e9ducatifs qui visent \u00e0 d\u00e9velopper les capacit\u00e9s intellectuelles, physiques et sociales des enfants afin de promouvoir leur plein potentiel. Elle repose sur le principe que chaque enfant a des besoins et des caract\u00e9ristiques qui lui sont propres. Voil\u00e0 pourquoi le <strong>mat\u00e9riel d&rsquo;autonomie<\/strong> est essentiel.<\/p>\n<p data-pm-slice=\"1 1 []\">C&rsquo;est donc \u00e0 nous, <strong>enseignants et parents,<\/strong> de r\u00e9pondre \u00e0 ces besoins et de fournir aux enfants les bons outils \u00e0 chaque \u00e9tape de leur d\u00e9veloppement. Il n&rsquo;est jamais trop t\u00f4t ni trop tard ! Le <strong>mat\u00e9riel Montessori<\/strong> pour l&rsquo;autonomie apporte un support \u00e0 la m\u00e9thode.<\/p>\n<figure id=\"attachment_682\" aria-describedby=\"caption-attachment-682\" style=\"width: 800px\" class=\"wp-caption aligncenter\"><img loading=\"lazy\" decoding=\"async\" class=\"size-full wp-image-682\" src=\"https:\/\/lesminis.fr\/blog\/wp-content\/uploads\/2023\/01\/Sans-titre-6.jpg\" alt=\"M\u00e9thode Montessori\" width=\"800\" height=\"600\" srcset=\"https:\/\/lesminis.fr\/blog\/wp-content\/uploads\/2023\/01\/Sans-titre-6.jpg 800w, https:\/\/lesminis.fr\/blog\/wp-content\/uploads\/2023\/01\/Sans-titre-6-300x225.jpg 300w, https:\/\/lesminis.fr\/blog\/wp-content\/uploads\/2023\/01\/Sans-titre-6-768x576.jpg 768w, https:\/\/lesminis.fr\/blog\/wp-content\/uploads\/2023\/01\/Sans-titre-6-696x522.jpg 696w, https:\/\/lesminis.fr\/blog\/wp-content\/uploads\/2023\/01\/Sans-titre-6-560x420.jpg 560w, https:\/\/lesminis.fr\/blog\/wp-content\/uploads\/2023\/01\/Sans-titre-6-80x60.jpg 80w, https:\/\/lesminis.fr\/blog\/wp-content\/uploads\/2023\/01\/Sans-titre-6-265x198.jpg 265w\" sizes=\"auto, (max-width: 800px) 100vw, 800px\" \/><figcaption id=\"caption-attachment-682\" class=\"wp-caption-text\">Enfant qui pratique la motricit\u00e9 fine<\/figcaption><\/figure>\n<p>Le <strong>mat\u00e9riel Montessori<\/strong> est connu pour son<strong> engagement actif<\/strong>, o\u00f9 les <strong>\u00e9l\u00e8ves prennent part \u00e0 leurs apprentissages<\/strong> en choisissant ce qu&rsquo;ils d\u00e9sirent apprendre et approfondir un point essentiel.<\/p>\n<p>Les <strong>activit\u00e9s sont tactiles et sensorielles<\/strong>, et le mat\u00e9riel est partag\u00e9 en plusieurs mati\u00e8res et pour des tranches d&rsquo;\u00e2ge de 0 \u00e0 3 ans (Nido) et de 3 \u00e0 6 ans ou encore de 6 \u00e0 12ans.<\/p>\n<p>Points \u00e0 retenir de ce mat\u00e9riel :<\/p>\n<ul>\n<li>Le mat\u00e9riel Montessori offre aux enfants des manipulations pour <strong>d\u00e9velopper les p\u00e9riodes sensibles<\/strong> des tout-petits, avant 3 ans.<\/li>\n<li>Il propose un <strong>mat\u00e9riel sp\u00e9cifique \u00e0 chaque tranche d&rsquo;\u00e2ge<\/strong> pour \u00e9voluer.<\/li>\n<li>Le mat\u00e9riel est moins abondant, pour les enfants de plus de <strong>6 ans qui se dirigent vers de plus en plus d&rsquo;abstrait.<\/strong><\/li>\n<\/ul>\n<blockquote class=\"td_pull_quote td_pull_center\"><p>\u00ab\u00a0La stimulation auditive et visuelle, le toucher et la sensation favorisent la perception sensorielle, la base d&rsquo;une acquisition durable et non forc\u00e9e des connaissances.\u00a0\u00bb<\/p><\/blockquote>\n<div id=\"ez-toc-container\" class=\"ez-toc-v2_0_78 counter-hierarchy ez-toc-counter ez-toc-grey ez-toc-container-direction\">\n<div class=\"ez-toc-title-container\">\n<p class=\"ez-toc-title\" style=\"cursor:inherit\">Table of Contents<\/p>\n<span class=\"ez-toc-title-toggle\"><a href=\"#\" class=\"ez-toc-pull-right ez-toc-btn ez-toc-btn-xs ez-toc-btn-default ez-toc-toggle\" aria-label=\"Toggle Table of Content\"><span class=\"ez-toc-js-icon-con\"><span class=\"\"><span class=\"eztoc-hide\" style=\"display:none;\">Toggle<\/span><span class=\"ez-toc-icon-toggle-span\"><svg style=\"fill: #999;color:#999\" xmlns=\"http:\/\/www.w3.org\/2000\/svg\" class=\"list-377408\" width=\"20px\" height=\"20px\" viewBox=\"0 0 24 24\" fill=\"none\"><path d=\"M6 6H4v2h2V6zm14 0H8v2h12V6zM4 11h2v2H4v-2zm16 0H8v2h12v-2zM4 16h2v2H4v-2zm16 0H8v2h12v-2z\" fill=\"currentColor\"><\/path><\/svg><svg style=\"fill: #999;color:#999\" class=\"arrow-unsorted-368013\" xmlns=\"http:\/\/www.w3.org\/2000\/svg\" width=\"10px\" height=\"10px\" viewBox=\"0 0 24 24\" version=\"1.2\" baseProfile=\"tiny\"><path d=\"M18.2 9.3l-6.2-6.3-6.2 6.3c-.2.2-.3.4-.3.7s.1.5.3.7c.2.2.4.3.7.3h11c.3 0 .5-.1.7-.3.2-.2.3-.5.3-.7s-.1-.5-.3-.7zM5.8 14.7l6.2 6.3 6.2-6.3c.2-.2.3-.5.3-.7s-.1-.5-.3-.7c-.2-.2-.4-.3-.7-.3h-11c-.3 0-.5.1-.7.3-.2.2-.3.5-.3.7s.1.5.3.7z\"\/><\/svg><\/span><\/span><\/span><\/a><\/span><\/div>\n<nav><ul class='ez-toc-list ez-toc-list-level-1 ' ><li class='ez-toc-page-1 ez-toc-heading-level-2'><a class=\"ez-toc-link ez-toc-heading-1\" href=\"https:\/\/lesminis.fr\/blog\/le-materiel-montessori-une-cle-pour-lautonomie-des-eleves\/#Notre_selection_de_materiel_Montessori_de_qualite\" >Notre s\u00e9lection de mat\u00e9riel Montessori de qualit\u00e9<\/a><\/li><li class='ez-toc-page-1 ez-toc-heading-level-2'><a class=\"ez-toc-link ez-toc-heading-2\" href=\"https:\/\/lesminis.fr\/blog\/le-materiel-montessori-une-cle-pour-lautonomie-des-eleves\/#Apprendre_en_toute_autonomie_avec_le_materiel_Montessori\" >Apprendre en toute autonomie avec le mat\u00e9riel Montessori<\/a><\/li><li class='ez-toc-page-1 ez-toc-heading-level-2'><a class=\"ez-toc-link ez-toc-heading-3\" href=\"https:\/\/lesminis.fr\/blog\/le-materiel-montessori-une-cle-pour-lautonomie-des-eleves\/#Les_caracteristiques_du_materiel_dautonomie_Montessori\" >Les caract\u00e9ristiques du mat\u00e9riel d&rsquo;autonomie Montessori<\/a><\/li><li class='ez-toc-page-1 ez-toc-heading-level-2'><a class=\"ez-toc-link ez-toc-heading-4\" href=\"https:\/\/lesminis.fr\/blog\/le-materiel-montessori-une-cle-pour-lautonomie-des-eleves\/#Les_avantages_de_lapprentissage_actif\" >Les avantages de l&rsquo;apprentissage actif<\/a><\/li><li class='ez-toc-page-1 ez-toc-heading-level-2'><a class=\"ez-toc-link ez-toc-heading-5\" href=\"https:\/\/lesminis.fr\/blog\/le-materiel-montessori-une-cle-pour-lautonomie-des-eleves\/#Limportance_de_la_mise_en_place_et_la_liberte_dutilisation\" >L\u2019importance de la mise en place et la libert\u00e9 d&rsquo;utilisation<\/a><\/li><li class='ez-toc-page-1 ez-toc-heading-level-2'><a class=\"ez-toc-link ez-toc-heading-6\" href=\"https:\/\/lesminis.fr\/blog\/le-materiel-montessori-une-cle-pour-lautonomie-des-eleves\/#Lutilisation_du_materiel_Montessori_dans_toutes_les_structures\" >L&rsquo;utilisation du mat\u00e9riel Montessori dans toutes les structures<\/a><\/li><\/ul><\/nav><\/div>\n<h2 style=\"text-align: center;\"><span class=\"ez-toc-section\" id=\"Notre_selection_de_materiel_Montessori_de_qualite\"><\/span>Notre s\u00e9lection de mat\u00e9riel Montessori de qualit\u00e9<span class=\"ez-toc-section-end\"><\/span><\/h2>\n<p>Notre boutique \u00e9ducative offre des articles choisis pour leur qualit\u00e9 et leur int\u00e9r\u00eat p\u00e9dagogique. Nous proposons \u00e9galement la marque <a href=\"https:\/\/lesminis.fr\/marque\/2-nienhuis-montessori\"><strong>\u00ab\u00a0Nienhuis Montessori\u00a0\u00bb<\/strong><\/a> qui r\u00e9pond aux <strong>normes AMI<\/strong> de l&rsquo;\u00e9quipement Montessori.<\/p>\n<p><strong>Nienhuis<\/strong> est une marque reconnue depuis 1929, cr\u00e9\u00e9e par Albert Nienhuis en collaboration avec <a href=\"https:\/\/lesminis.fr\/blog\/qui-est-maria-montessori-sa-pensee-et-sa-pedagogie\">Maria Montessori<\/a> pour refl\u00e9ter sa vision de l&rsquo;\u00e9ducation.<\/p>\n<p>La <strong>classe maternelle Montessori<\/strong> est comme une <strong>maison pour les enfants<\/strong>. Les \u00e9l\u00e8ves choisissent leurs activit\u00e9s parmi les mat\u00e9riels autocorrectifs dispos\u00e9s sur des \u00e9tag\u00e8res ouvertes. Cela permet aux enfants d&rsquo;apprendre \u00e0 travers les cinq sens.<\/p>\n<p>Le <strong>mat\u00e9riel Montessori<\/strong> encourage l&rsquo;apprentissage autonome en offrant aux enfants une incitation \u00e0 rester occup\u00e9 par la stimulation des sens.<\/p>\n<p>Il est disponible pour diff\u00e9rents domaines de connaissances et d&rsquo;exp\u00e9riences. Fournir aux enfants une base pr\u00e9coce et g\u00e9n\u00e9rale avec la p\u00e9dagogique Montessori est essentiel pour leur d\u00e9veloppement futur.<\/p>\n<h2 style=\"text-align: center;\"><span class=\"ez-toc-section\" id=\"Apprendre_en_toute_autonomie_avec_le_materiel_Montessori\"><\/span>Apprendre en toute autonomie avec le mat\u00e9riel Montessori<span class=\"ez-toc-section-end\"><\/span><\/h2>\n<p>Maria Montessori a d\u00e9velopp\u00e9 du mat\u00e9riel qui <strong>stimule le d\u00e9veloppement de l&rsquo;enfant<\/strong> gr\u00e2ce \u00e0 une exp\u00e9rience sensorielle et \u00e0 des activit\u00e9s manuelles \u00e0 difficult\u00e9 unique.<\/p>\n<p>Dans cette p\u00e9dagogie, le <strong>mat\u00e9riel Montessori<\/strong> doit \u00eatre<strong> librement accessible<\/strong> aux enfants et pr\u00e9sent\u00e9 \u00e0 hauteur des yeux afin qu&rsquo;ils puissent y acc\u00e9der de fa\u00e7on autonome et s&rsquo;occuper librement.<\/p>\n<h2 style=\"text-align: center;\"><span class=\"ez-toc-section\" id=\"Les_caracteristiques_du_materiel_dautonomie_Montessori\"><\/span>Les caract\u00e9ristiques du mat\u00e9riel d&rsquo;autonomie Montessori<span class=\"ez-toc-section-end\"><\/span><\/h2>\n<p>Avec des <strong>formes claires<\/strong>, des <strong>couleurs vives<\/strong> et des <strong>mat\u00e9riaux naturels<\/strong>, tous les articles doivent \u00eatre attrayants et avoir un <strong>caract\u00e8re stimulant.<\/strong><\/p>\n<p>Tout le <strong>mat\u00e9riel Montessori<\/strong> est con\u00e7u de mani\u00e8re que les enfants puissent les <a href=\"https:\/\/lesminis.fr\/293-exercices-vie-pratique\">g\u00e9rer de mani\u00e8re ind\u00e9pendante et contr\u00f4ler<\/a> leur erreur de <strong>fa\u00e7on autonome.<\/strong><\/p>\n<h2 style=\"text-align: center;\"><span class=\"ez-toc-section\" id=\"Les_avantages_de_lapprentissage_actif\"><\/span>Les avantages de l&rsquo;apprentissage actif<span class=\"ez-toc-section-end\"><\/span><\/h2>\n<p>Gr\u00e2ce \u00e0 ce processus <strong>d&rsquo;apprentissage actif,<\/strong> les enfants se <strong>souviennent plus facilement<\/strong> de leur acquis et atteignent plus rapidement les objectifs fix\u00e9s. <strong>L&rsquo;<a href=\"https:\/\/lesminis.fr\/294-materiel-sensoriel\">apprentissage actif<\/a><\/strong> conduit \u00e9galement \u00e0 une plus grande motivation des enfants.<\/p>\n<h2 style=\"text-align: center;\"><span class=\"ez-toc-section\" id=\"Limportance_de_la_mise_en_place_et_la_liberte_dutilisation\"><\/span>L\u2019importance de la mise en place et la libert\u00e9 d&rsquo;utilisation<span class=\"ez-toc-section-end\"><\/span><\/h2>\n<p>Il est crucial de souligner l&rsquo;importance de la <strong>mise en place ad\u00e9quate du mat\u00e9riel d&rsquo;autonomie Montessori<\/strong> pour garantir un environnement d&rsquo;<strong>apprentissage optimal<\/strong> pour les enfants. C&rsquo;est pourquoi La <strong>libert\u00e9 d&rsquo;utilisation du mat\u00e9riel<\/strong> est un \u00e9l\u00e9ment <strong>fondamental de cette p\u00e9dagogie.<\/strong><\/p>\n<p>Pour atteindre cet objectif, les \u00e9tag\u00e8res et armoires doivent \u00eatre <strong>con\u00e7ues de mani\u00e8re \u00e0 \u00eatre adapt\u00e9es aux besoins des enfants.<\/strong> Les \u00e9tag\u00e8res inclin\u00e9es et <strong>ouvertes<\/strong> permettent une pr\u00e9sentation claire et imm\u00e9diate des diff\u00e9rents mat\u00e9riels, facilitant ainsi l&rsquo;acc\u00e8s pour les enfants.<\/p>\n<p>Il est \u00e9galement important de noter que, dans la <strong>p\u00e9dagogie Montessori,<\/strong> chaque mat\u00e9riel n&rsquo;est disponible <strong>qu&rsquo;en un seul exemplaire.<\/strong> Cette pratique encourage les enfants \u00e0 apprendre les <strong>concepts de partage,<\/strong> de gestion et <strong>d&rsquo;organisation<\/strong>, en r\u00e9fl\u00e9chissant \u00e0 quelle notion ils peuvent acc\u00e9der \u00e0 tout moment.<\/p>\n<p>En somme, la <strong>mise en place ad\u00e9quate<\/strong> du mat\u00e9riel Montessori est un <strong>\u00e9l\u00e9ment cl\u00e9<\/strong> pour garantir un environnement d&rsquo;<strong>apprentissage optimal pour les enfants.<\/strong><\/p>\n<h2 style=\"text-align: center;\"><span class=\"ez-toc-section\" id=\"Lutilisation_du_materiel_Montessori_dans_toutes_les_structures\"><\/span>L&rsquo;utilisation du mat\u00e9riel Montessori dans toutes les structures<span class=\"ez-toc-section-end\"><\/span><\/h2>\n<p>Le <strong>mat\u00e9riel sensoriel, le mat\u00e9riel d&rsquo;autonomie,<\/strong> de <a href=\"https:\/\/lesminis.fr\/296-mathematiques\">math\u00e9matiques<\/a> et de <a href=\"https:\/\/lesminis.fr\/295-materiel-de-langage\">langage<\/a> est d\u00e9sormais devenu un <strong>\u00e9l\u00e9ment indispensable dans les apprentissages. <\/strong><\/p>\n<p>Non seulement dans les <strong>\u00e9coles Montessori<\/strong> mais aussi de nombreuses cr\u00e8ches, garderies, \u00e9coles maternelles et \u00e9l\u00e9mentaires. Le plus souvent comme <strong>outils suppl\u00e9mentaires.<\/strong><\/p>\n<div id=\"merciapp-alerts-panel-container\" data-unique-field-id=\"0f97502e40707c25ce725deaac763d5f-1674551588643\"><\/div>\n","protected":false},"excerpt":{"rendered":"<p>\u00ab\u00a0Le mat\u00e9riel Montessori, une cl\u00e9 pour l&rsquo;autonomie des \u00e9l\u00e8ves\u00a0\u00bb a pour but de pr\u00e9senter les avantages de l&rsquo;utilisation du mat\u00e9riel Montessori dans l&rsquo;apprentissage des \u00e9l\u00e8ves.<\/p>\n","protected":false},"author":1,"featured_media":682,"comment_status":"open","ping_status":"closed","sticky":false,"template":"","format":"standard","meta":{"_acf_changed":false,"footnotes":""},"categories":[105],"tags":[91,93,84,86,87,88,42,80,90,92,85,89],"class_list":{"0":"post-675","1":"post","2":"type-post","3":"status-publish","4":"format-standard","5":"has-post-thumbnail","7":"category-minispedago-predagogie-montessori-activites-developpement","8":"tag-ami","9":"tag-apprentissage-autonome","10":"tag-autonomie","11":"tag-enfant","12":"tag-engagement-actif","13":"tag-manipulation","14":"tag-materiel-montessori","15":"tag-nido","16":"tag-nienhuis-montessori","17":"tag-perception-sensorielle","18":"tag-periodes-sensibles","19":"tag-tranches-dage"},"acf":[],"yoast_head":"<!-- This site is optimized with the Yoast SEO Premium plugin v27.1 (Yoast SEO v27.1.1) - https:\/\/yoast.com\/product\/yoast-seo-premium-wordpress\/ -->\n<title>Le mat\u00e9riel Montessori, une cl\u00e9 pour l&#039;autonomie des \u00e9l\u00e8ves<\/title>\n<meta name=\"description\" content=\"D\u00e9couvrez comment le mat\u00e9riel Montessori favorise l&#039;autonomie des \u00e9l\u00e8ves en respectant les p\u00e9riodes sensibles de l&#039;enfant. Des activit\u00e9s tactiles et sensorielles pour tous les \u00e2ges.\" \/>\n<meta name=\"robots\" content=\"index, follow, max-snippet:-1, max-image-preview:large, max-video-preview:-1\" \/>\n<link rel=\"canonical\" href=\"https:\/\/lesminis.fr\/blog\/le-materiel-montessori-une-cle-pour-lautonomie-des-eleves\/\" \/>\n<meta property=\"og:locale\" content=\"fr_FR\" \/>\n<meta property=\"og:type\" content=\"article\" \/>\n<meta property=\"og:title\" content=\"Le mat\u00e9riel Montessori, une cl\u00e9 pour l&#039;autonomie des \u00e9l\u00e8ves\" \/>\n<meta property=\"og:description\" content=\"D\u00e9couvrez comment le mat\u00e9riel Montessori favorise l&#039;autonomie des \u00e9l\u00e8ves en respectant les p\u00e9riodes sensibles de l&#039;enfant. Des activit\u00e9s tactiles et sensorielles pour tous les \u00e2ges.\" \/>\n<meta property=\"og:url\" content=\"https:\/\/lesminis.fr\/blog\/le-materiel-montessori-une-cle-pour-lautonomie-des-eleves\/\" \/>\n<meta property=\"og:site_name\" content=\"LesMinis Le Blog - Mat\u00e9riels \u00e9ducatifs - Figurines p\u00e9dagogiques\" \/>\n<meta property=\"article:publisher\" content=\"https:\/\/fr-fr.facebook.com\/LesMinis.fr\/\" \/>\n<meta property=\"article:author\" content=\"https:\/\/www.facebook.com\/LesMinis.fr\/\" \/>\n<meta property=\"article:published_time\" content=\"2023-01-17T11:41:40+00:00\" \/>\n<meta property=\"article:modified_time\" content=\"2024-03-28T09:56:27+00:00\" \/>\n<meta property=\"og:image\" content=\"https:\/\/lesminis.fr\/blog\/wp-content\/uploads\/2023\/01\/Sans-titre-6.jpg\" \/>\n\t<meta property=\"og:image:width\" content=\"800\" \/>\n\t<meta property=\"og:image:height\" content=\"600\" \/>\n\t<meta property=\"og:image:type\" content=\"image\/jpeg\" \/>\n<meta name=\"author\" content=\"LesMinis\" \/>\n<meta name=\"twitter:label1\" content=\"\u00c9crit par\" \/>\n\t<meta name=\"twitter:data1\" content=\"LesMinis\" \/>\n\t<meta name=\"twitter:label2\" content=\"Dur\u00e9e de lecture estim\u00e9e\" \/>\n\t<meta name=\"twitter:data2\" content=\"5 minutes\" \/>\n<script type=\"application\/ld+json\" class=\"yoast-schema-graph\">{\"@context\":\"https:\/\/schema.org\",\"@graph\":[{\"@type\":[\"Article\",\"BlogPosting\"],\"@id\":\"https:\/\/lesminis.fr\/blog\/le-materiel-montessori-une-cle-pour-lautonomie-des-eleves\/#article\",\"isPartOf\":{\"@id\":\"https:\/\/lesminis.fr\/blog\/le-materiel-montessori-une-cle-pour-lautonomie-des-eleves\/\"},\"author\":{\"name\":\"LesMinis\",\"@id\":\"https:\/\/lesminis.fr\/blog\/#\/schema\/person\/4a1be8c8c70a7d945af71674957cf83e\"},\"headline\":\"Le mat\u00e9riel Montessori, une cl\u00e9 pour l&rsquo;autonomie des \u00e9l\u00e8ves\",\"datePublished\":\"2023-01-17T11:41:40+00:00\",\"dateModified\":\"2024-03-28T09:56:27+00:00\",\"mainEntityOfPage\":{\"@id\":\"https:\/\/lesminis.fr\/blog\/le-materiel-montessori-une-cle-pour-lautonomie-des-eleves\/\"},\"wordCount\":876,\"commentCount\":0,\"publisher\":{\"@id\":\"https:\/\/lesminis.fr\/blog\/#organization\"},\"image\":{\"@id\":\"https:\/\/lesminis.fr\/blog\/le-materiel-montessori-une-cle-pour-lautonomie-des-eleves\/#primaryimage\"},\"thumbnailUrl\":\"https:\/\/lesminis.fr\/blog\/wp-content\/uploads\/2023\/01\/Sans-titre-6.jpg\",\"keywords\":[\"AMI\",\"apprentissage autonome\",\"autonomie\",\"enfant\",\"engagement actif\",\"manipulation\",\"Mat\u00e9riel Montessori\",\"Nido\",\"Nienhuis Montessori\",\"perception sensorielle\",\"p\u00e9riodes sensibles\",\"tranches d'\u00e2ge\"],\"articleSection\":[\"MinisPedago \u2014 Montessori, p\u00e9dagogies alternatives &amp; d\u00e9veloppement de l\u2019enfant\"],\"inLanguage\":\"fr-FR\",\"potentialAction\":[{\"@type\":\"CommentAction\",\"name\":\"Comment\",\"target\":[\"https:\/\/lesminis.fr\/blog\/le-materiel-montessori-une-cle-pour-lautonomie-des-eleves\/#respond\"]}]},{\"@type\":\"WebPage\",\"@id\":\"https:\/\/lesminis.fr\/blog\/le-materiel-montessori-une-cle-pour-lautonomie-des-eleves\/\",\"url\":\"https:\/\/lesminis.fr\/blog\/le-materiel-montessori-une-cle-pour-lautonomie-des-eleves\/\",\"name\":\"Le mat\u00e9riel Montessori, une cl\u00e9 pour l'autonomie des \u00e9l\u00e8ves\",\"isPartOf\":{\"@id\":\"https:\/\/lesminis.fr\/blog\/#website\"},\"primaryImageOfPage\":{\"@id\":\"https:\/\/lesminis.fr\/blog\/le-materiel-montessori-une-cle-pour-lautonomie-des-eleves\/#primaryimage\"},\"image\":{\"@id\":\"https:\/\/lesminis.fr\/blog\/le-materiel-montessori-une-cle-pour-lautonomie-des-eleves\/#primaryimage\"},\"thumbnailUrl\":\"https:\/\/lesminis.fr\/blog\/wp-content\/uploads\/2023\/01\/Sans-titre-6.jpg\",\"datePublished\":\"2023-01-17T11:41:40+00:00\",\"dateModified\":\"2024-03-28T09:56:27+00:00\",\"description\":\"D\u00e9couvrez comment le mat\u00e9riel Montessori favorise l'autonomie des \u00e9l\u00e8ves en respectant les p\u00e9riodes sensibles de l'enfant. Des activit\u00e9s tactiles et sensorielles pour tous les \u00e2ges.\",\"breadcrumb\":{\"@id\":\"https:\/\/lesminis.fr\/blog\/le-materiel-montessori-une-cle-pour-lautonomie-des-eleves\/#breadcrumb\"},\"inLanguage\":\"fr-FR\",\"potentialAction\":[{\"@type\":\"ReadAction\",\"target\":[\"https:\/\/lesminis.fr\/blog\/le-materiel-montessori-une-cle-pour-lautonomie-des-eleves\/\"]}]},{\"@type\":\"ImageObject\",\"inLanguage\":\"fr-FR\",\"@id\":\"https:\/\/lesminis.fr\/blog\/le-materiel-montessori-une-cle-pour-lautonomie-des-eleves\/#primaryimage\",\"url\":\"https:\/\/lesminis.fr\/blog\/wp-content\/uploads\/2023\/01\/Sans-titre-6.jpg\",\"contentUrl\":\"https:\/\/lesminis.fr\/blog\/wp-content\/uploads\/2023\/01\/Sans-titre-6.jpg\",\"width\":800,\"height\":600,\"caption\":\"Enfant qui pratique la motricit\u00e9 fine\"},{\"@type\":\"BreadcrumbList\",\"@id\":\"https:\/\/lesminis.fr\/blog\/le-materiel-montessori-une-cle-pour-lautonomie-des-eleves\/#breadcrumb\",\"itemListElement\":[{\"@type\":\"ListItem\",\"position\":1,\"name\":\"Accueil\",\"item\":\"https:\/\/lesminis.fr\/blog\/\"},{\"@type\":\"ListItem\",\"position\":2,\"name\":\"Le mat\u00e9riel Montessori, une cl\u00e9 pour l&rsquo;autonomie des \u00e9l\u00e8ves\"}]},{\"@type\":\"WebSite\",\"@id\":\"https:\/\/lesminis.fr\/blog\/#website\",\"url\":\"https:\/\/lesminis.fr\/blog\/\",\"name\":\"LesMinis Le Blog - Mat\u00e9riels \u00e9ducatifs - Figurines p\u00e9dagogiques\",\"description\":\"D\u00e9couvrez notre actualit\u00e9, figurines, mat\u00e9riel \u00e9ducatif, activit\u00e9s Montessori\",\"publisher\":{\"@id\":\"https:\/\/lesminis.fr\/blog\/#organization\"},\"potentialAction\":[{\"@type\":\"SearchAction\",\"target\":{\"@type\":\"EntryPoint\",\"urlTemplate\":\"https:\/\/lesminis.fr\/blog\/?s={search_term_string}\"},\"query-input\":{\"@type\":\"PropertyValueSpecification\",\"valueRequired\":true,\"valueName\":\"search_term_string\"}}],\"inLanguage\":\"fr-FR\"},{\"@type\":\"Organization\",\"@id\":\"https:\/\/lesminis.fr\/blog\/#organization\",\"name\":\"LesMinis - Sp\u00e9cialiste mat\u00e9riel p\u00e9dagogiques - Figurines \u00e9ducatives - Mat\u00e9riel Montessori\",\"url\":\"https:\/\/lesminis.fr\/blog\/\",\"logo\":{\"@type\":\"ImageObject\",\"inLanguage\":\"fr-FR\",\"@id\":\"https:\/\/lesminis.fr\/blog\/#\/schema\/logo\/image\/\",\"url\":\"https:\/\/lesminis.fr\/blog\/wp-content\/uploads\/2023\/03\/nouveau-logo-lesminis.png\",\"contentUrl\":\"https:\/\/lesminis.fr\/blog\/wp-content\/uploads\/2023\/03\/nouveau-logo-lesminis.png\",\"width\":500,\"height\":175,\"caption\":\"LesMinis - Sp\u00e9cialiste mat\u00e9riel p\u00e9dagogiques - Figurines \u00e9ducatives - Mat\u00e9riel Montessori\"},\"image\":{\"@id\":\"https:\/\/lesminis.fr\/blog\/#\/schema\/logo\/image\/\"},\"sameAs\":[\"https:\/\/fr-fr.facebook.com\/LesMinis.fr\/\",\"https:\/\/www.instagram.com\/lesminis.fr\/\",\"https:\/\/www.tiktok.com\/@lesminis.fr\",\"https:\/\/www.pinterest.fr\/lesminisfr\/\"]},{\"@type\":\"Person\",\"@id\":\"https:\/\/lesminis.fr\/blog\/#\/schema\/person\/4a1be8c8c70a7d945af71674957cf83e\",\"name\":\"LesMinis\",\"image\":{\"@type\":\"ImageObject\",\"inLanguage\":\"fr-FR\",\"@id\":\"https:\/\/lesminis.fr\/blog\/#\/schema\/person\/image\/\",\"url\":\"https:\/\/secure.gravatar.com\/avatar\/288cd93d352b3465f2bd0701b1f2bb059b68dc3a70c4fda061bad8e6c9f8d865?s=96&d=blank&r=g\",\"contentUrl\":\"https:\/\/secure.gravatar.com\/avatar\/288cd93d352b3465f2bd0701b1f2bb059b68dc3a70c4fda061bad8e6c9f8d865?s=96&d=blank&r=g\",\"caption\":\"LesMinis\"},\"sameAs\":[\"https:\/\/lesminis.fr\/blog\",\"https:\/\/www.facebook.com\/LesMinis.fr\/\",\"https:\/\/www.instagram.com\/lesminis.fr\/\",\"https:\/\/www.pinterest.fr\/lesminisfr\/\"],\"url\":\"https:\/\/lesminis.fr\/blog\/author\/lesminis\/\"}]}<\/script>\n<!-- \/ Yoast SEO Premium plugin. -->","yoast_head_json":{"title":"Le mat\u00e9riel Montessori, une cl\u00e9 pour l'autonomie des \u00e9l\u00e8ves","description":"D\u00e9couvrez comment le mat\u00e9riel Montessori favorise l'autonomie des \u00e9l\u00e8ves en respectant les p\u00e9riodes sensibles de l'enfant. Des activit\u00e9s tactiles et sensorielles pour tous les \u00e2ges.","robots":{"index":"index","follow":"follow","max-snippet":"max-snippet:-1","max-image-preview":"max-image-preview:large","max-video-preview":"max-video-preview:-1"},"canonical":"https:\/\/lesminis.fr\/blog\/le-materiel-montessori-une-cle-pour-lautonomie-des-eleves\/","og_locale":"fr_FR","og_type":"article","og_title":"Le mat\u00e9riel Montessori, une cl\u00e9 pour l'autonomie des \u00e9l\u00e8ves","og_description":"D\u00e9couvrez comment le mat\u00e9riel Montessori favorise l'autonomie des \u00e9l\u00e8ves en respectant les p\u00e9riodes sensibles de l'enfant. Des activit\u00e9s tactiles et sensorielles pour tous les \u00e2ges.","og_url":"https:\/\/lesminis.fr\/blog\/le-materiel-montessori-une-cle-pour-lautonomie-des-eleves\/","og_site_name":"LesMinis Le Blog - Mat\u00e9riels \u00e9ducatifs - Figurines p\u00e9dagogiques","article_publisher":"https:\/\/fr-fr.facebook.com\/LesMinis.fr\/","article_author":"https:\/\/www.facebook.com\/LesMinis.fr\/","article_published_time":"2023-01-17T11:41:40+00:00","article_modified_time":"2024-03-28T09:56:27+00:00","og_image":[{"width":800,"height":600,"url":"https:\/\/lesminis.fr\/blog\/wp-content\/uploads\/2023\/01\/Sans-titre-6.jpg","type":"image\/jpeg"}],"author":"LesMinis","twitter_misc":{"\u00c9crit par":"LesMinis","Dur\u00e9e de lecture estim\u00e9e":"5 minutes"},"schema":{"@context":"https:\/\/schema.org","@graph":[{"@type":["Article","BlogPosting"],"@id":"https:\/\/lesminis.fr\/blog\/le-materiel-montessori-une-cle-pour-lautonomie-des-eleves\/#article","isPartOf":{"@id":"https:\/\/lesminis.fr\/blog\/le-materiel-montessori-une-cle-pour-lautonomie-des-eleves\/"},"author":{"name":"LesMinis","@id":"https:\/\/lesminis.fr\/blog\/#\/schema\/person\/4a1be8c8c70a7d945af71674957cf83e"},"headline":"Le mat\u00e9riel Montessori, une cl\u00e9 pour l&rsquo;autonomie des \u00e9l\u00e8ves","datePublished":"2023-01-17T11:41:40+00:00","dateModified":"2024-03-28T09:56:27+00:00","mainEntityOfPage":{"@id":"https:\/\/lesminis.fr\/blog\/le-materiel-montessori-une-cle-pour-lautonomie-des-eleves\/"},"wordCount":876,"commentCount":0,"publisher":{"@id":"https:\/\/lesminis.fr\/blog\/#organization"},"image":{"@id":"https:\/\/lesminis.fr\/blog\/le-materiel-montessori-une-cle-pour-lautonomie-des-eleves\/#primaryimage"},"thumbnailUrl":"https:\/\/lesminis.fr\/blog\/wp-content\/uploads\/2023\/01\/Sans-titre-6.jpg","keywords":["AMI","apprentissage autonome","autonomie","enfant","engagement actif","manipulation","Mat\u00e9riel Montessori","Nido","Nienhuis Montessori","perception sensorielle","p\u00e9riodes sensibles","tranches d'\u00e2ge"],"articleSection":["MinisPedago \u2014 Montessori, p\u00e9dagogies alternatives &amp; d\u00e9veloppement de l\u2019enfant"],"inLanguage":"fr-FR","potentialAction":[{"@type":"CommentAction","name":"Comment","target":["https:\/\/lesminis.fr\/blog\/le-materiel-montessori-une-cle-pour-lautonomie-des-eleves\/#respond"]}]},{"@type":"WebPage","@id":"https:\/\/lesminis.fr\/blog\/le-materiel-montessori-une-cle-pour-lautonomie-des-eleves\/","url":"https:\/\/lesminis.fr\/blog\/le-materiel-montessori-une-cle-pour-lautonomie-des-eleves\/","name":"Le mat\u00e9riel Montessori, une cl\u00e9 pour l'autonomie des \u00e9l\u00e8ves","isPartOf":{"@id":"https:\/\/lesminis.fr\/blog\/#website"},"primaryImageOfPage":{"@id":"https:\/\/lesminis.fr\/blog\/le-materiel-montessori-une-cle-pour-lautonomie-des-eleves\/#primaryimage"},"image":{"@id":"https:\/\/lesminis.fr\/blog\/le-materiel-montessori-une-cle-pour-lautonomie-des-eleves\/#primaryimage"},"thumbnailUrl":"https:\/\/lesminis.fr\/blog\/wp-content\/uploads\/2023\/01\/Sans-titre-6.jpg","datePublished":"2023-01-17T11:41:40+00:00","dateModified":"2024-03-28T09:56:27+00:00","description":"D\u00e9couvrez comment le mat\u00e9riel Montessori favorise l'autonomie des \u00e9l\u00e8ves en respectant les p\u00e9riodes sensibles de l'enfant. Des activit\u00e9s tactiles et sensorielles pour tous les \u00e2ges.","breadcrumb":{"@id":"https:\/\/lesminis.fr\/blog\/le-materiel-montessori-une-cle-pour-lautonomie-des-eleves\/#breadcrumb"},"inLanguage":"fr-FR","potentialAction":[{"@type":"ReadAction","target":["https:\/\/lesminis.fr\/blog\/le-materiel-montessori-une-cle-pour-lautonomie-des-eleves\/"]}]},{"@type":"ImageObject","inLanguage":"fr-FR","@id":"https:\/\/lesminis.fr\/blog\/le-materiel-montessori-une-cle-pour-lautonomie-des-eleves\/#primaryimage","url":"https:\/\/lesminis.fr\/blog\/wp-content\/uploads\/2023\/01\/Sans-titre-6.jpg","contentUrl":"https:\/\/lesminis.fr\/blog\/wp-content\/uploads\/2023\/01\/Sans-titre-6.jpg","width":800,"height":600,"caption":"Enfant qui pratique la motricit\u00e9 fine"},{"@type":"BreadcrumbList","@id":"https:\/\/lesminis.fr\/blog\/le-materiel-montessori-une-cle-pour-lautonomie-des-eleves\/#breadcrumb","itemListElement":[{"@type":"ListItem","position":1,"name":"Accueil","item":"https:\/\/lesminis.fr\/blog\/"},{"@type":"ListItem","position":2,"name":"Le mat\u00e9riel Montessori, une cl\u00e9 pour l&rsquo;autonomie des \u00e9l\u00e8ves"}]},{"@type":"WebSite","@id":"https:\/\/lesminis.fr\/blog\/#website","url":"https:\/\/lesminis.fr\/blog\/","name":"LesMinis Le Blog - Mat\u00e9riels \u00e9ducatifs - Figurines p\u00e9dagogiques","description":"D\u00e9couvrez notre actualit\u00e9, figurines, mat\u00e9riel \u00e9ducatif, activit\u00e9s Montessori","publisher":{"@id":"https:\/\/lesminis.fr\/blog\/#organization"},"potentialAction":[{"@type":"SearchAction","target":{"@type":"EntryPoint","urlTemplate":"https:\/\/lesminis.fr\/blog\/?s={search_term_string}"},"query-input":{"@type":"PropertyValueSpecification","valueRequired":true,"valueName":"search_term_string"}}],"inLanguage":"fr-FR"},{"@type":"Organization","@id":"https:\/\/lesminis.fr\/blog\/#organization","name":"LesMinis - Sp\u00e9cialiste mat\u00e9riel p\u00e9dagogiques - Figurines \u00e9ducatives - Mat\u00e9riel Montessori","url":"https:\/\/lesminis.fr\/blog\/","logo":{"@type":"ImageObject","inLanguage":"fr-FR","@id":"https:\/\/lesminis.fr\/blog\/#\/schema\/logo\/image\/","url":"https:\/\/lesminis.fr\/blog\/wp-content\/uploads\/2023\/03\/nouveau-logo-lesminis.png","contentUrl":"https:\/\/lesminis.fr\/blog\/wp-content\/uploads\/2023\/03\/nouveau-logo-lesminis.png","width":500,"height":175,"caption":"LesMinis - Sp\u00e9cialiste mat\u00e9riel p\u00e9dagogiques - Figurines \u00e9ducatives - Mat\u00e9riel Montessori"},"image":{"@id":"https:\/\/lesminis.fr\/blog\/#\/schema\/logo\/image\/"},"sameAs":["https:\/\/fr-fr.facebook.com\/LesMinis.fr\/","https:\/\/www.instagram.com\/lesminis.fr\/","https:\/\/www.tiktok.com\/@lesminis.fr","https:\/\/www.pinterest.fr\/lesminisfr\/"]},{"@type":"Person","@id":"https:\/\/lesminis.fr\/blog\/#\/schema\/person\/4a1be8c8c70a7d945af71674957cf83e","name":"LesMinis","image":{"@type":"ImageObject","inLanguage":"fr-FR","@id":"https:\/\/lesminis.fr\/blog\/#\/schema\/person\/image\/","url":"https:\/\/secure.gravatar.com\/avatar\/288cd93d352b3465f2bd0701b1f2bb059b68dc3a70c4fda061bad8e6c9f8d865?s=96&d=blank&r=g","contentUrl":"https:\/\/secure.gravatar.com\/avatar\/288cd93d352b3465f2bd0701b1f2bb059b68dc3a70c4fda061bad8e6c9f8d865?s=96&d=blank&r=g","caption":"LesMinis"},"sameAs":["https:\/\/lesminis.fr\/blog","https:\/\/www.facebook.com\/LesMinis.fr\/","https:\/\/www.instagram.com\/lesminis.fr\/","https:\/\/www.pinterest.fr\/lesminisfr\/"],"url":"https:\/\/lesminis.fr\/blog\/author\/lesminis\/"}]}},"_links":{"self":[{"href":"https:\/\/lesminis.fr\/blog\/wp-json\/wp\/v2\/posts\/675","targetHints":{"allow":["GET"]}}],"collection":[{"href":"https:\/\/lesminis.fr\/blog\/wp-json\/wp\/v2\/posts"}],"about":[{"href":"https:\/\/lesminis.fr\/blog\/wp-json\/wp\/v2\/types\/post"}],"author":[{"embeddable":true,"href":"https:\/\/lesminis.fr\/blog\/wp-json\/wp\/v2\/users\/1"}],"replies":[{"embeddable":true,"href":"https:\/\/lesminis.fr\/blog\/wp-json\/wp\/v2\/comments?post=675"}],"version-history":[{"count":25,"href":"https:\/\/lesminis.fr\/blog\/wp-json\/wp\/v2\/posts\/675\/revisions"}],"predecessor-version":[{"id":727,"href":"https:\/\/lesminis.fr\/blog\/wp-json\/wp\/v2\/posts\/675\/revisions\/727"}],"wp:featuredmedia":[{"embeddable":true,"href":"https:\/\/lesminis.fr\/blog\/wp-json\/wp\/v2\/media\/682"}],"wp:attachment":[{"href":"https:\/\/lesminis.fr\/blog\/wp-json\/wp\/v2\/media?parent=675"}],"wp:term":[{"taxonomy":"category","embeddable":true,"href":"https:\/\/lesminis.fr\/blog\/wp-json\/wp\/v2\/categories?post=675"},{"taxonomy":"post_tag","embeddable":true,"href":"https:\/\/lesminis.fr\/blog\/wp-json\/wp\/v2\/tags?post=675"}],"curies":[{"name":"wp","href":"https:\/\/api.w.org\/{rel}","templated":true}]}}