{"id":6306,"date":"2026-05-01T12:17:33","date_gmt":"2026-05-01T11:17:33","guid":{"rendered":"https:\/\/lesminis.fr\/blog\/?p=6306"},"modified":"2026-05-01T12:17:33","modified_gmt":"2026-05-01T11:17:33","slug":"origine-1er-mai-fete-du-travail-muguet","status":"publish","type":"post","link":"https:\/\/lesminis.fr\/blog\/origine-1er-mai-fete-du-travail-muguet\/","title":{"rendered":"Le 1er mai : la vraie histoire, sans les l\u00e9gendes"},"content":{"rendered":"<p>Chaque ann\u00e9e, le 1er mai revient avec ses images famili\u00e8res : un brin de muguet offert \u00e0 la main, des cort\u00e8ges syndicaux dans les rues, un jour f\u00e9ri\u00e9 que beaucoup attendent comme une pause bienvenue. Mais derri\u00e8re cette date en apparence simple se cache une histoire bien plus dense.<\/p>\n<p>Le 1er mai n\u2019est pas seulement une f\u00eate du printemps. Ce n\u2019est pas non plus une tradition n\u00e9e du muguet. Sa signification moderne vient d\u2019abord d\u2019un combat social tr\u00e8s concret : la lutte des ouvriers pour obtenir la journ\u00e9e de huit heures.<\/p>\n<div id=\"ez-toc-container\" class=\"ez-toc-v2_0_82_2 counter-hierarchy ez-toc-counter ez-toc-grey ez-toc-container-direction\">\n<div class=\"ez-toc-title-container\">\n<p class=\"ez-toc-title\" style=\"cursor:inherit\">Table of Contents<\/p>\n<span class=\"ez-toc-title-toggle\"><a href=\"#\" class=\"ez-toc-pull-right ez-toc-btn ez-toc-btn-xs ez-toc-btn-default ez-toc-toggle\" aria-label=\"Toggle Table of Content\"><span class=\"ez-toc-js-icon-con\"><span class=\"\"><span class=\"eztoc-hide\" style=\"display:none;\">Toggle<\/span><span class=\"ez-toc-icon-toggle-span\"><svg style=\"fill: #999;color:#999\" xmlns=\"http:\/\/www.w3.org\/2000\/svg\" class=\"list-377408\" width=\"20px\" height=\"20px\" viewBox=\"0 0 24 24\" fill=\"none\"><path d=\"M6 6H4v2h2V6zm14 0H8v2h12V6zM4 11h2v2H4v-2zm16 0H8v2h12v-2zM4 16h2v2H4v-2zm16 0H8v2h12v-2z\" fill=\"currentColor\"><\/path><\/svg><svg style=\"fill: #999;color:#999\" class=\"arrow-unsorted-368013\" xmlns=\"http:\/\/www.w3.org\/2000\/svg\" width=\"10px\" height=\"10px\" viewBox=\"0 0 24 24\" version=\"1.2\" baseProfile=\"tiny\"><path d=\"M18.2 9.3l-6.2-6.3-6.2 6.3c-.2.2-.3.4-.3.7s.1.5.3.7c.2.2.4.3.7.3h11c.3 0 .5-.1.7-.3.2-.2.3-.5.3-.7s-.1-.5-.3-.7zM5.8 14.7l6.2 6.3 6.2-6.3c.2-.2.3-.5.3-.7s-.1-.5-.3-.7c-.2-.2-.4-.3-.7-.3h-11c-.3 0-.5.1-.7.3-.2.2-.3.5-.3.7s.1.5.3.7z\"\/><\/svg><\/span><\/span><\/span><\/a><\/span><\/div>\n<nav><ul class='ez-toc-list ez-toc-list-level-1 ' ><li class='ez-toc-page-1 ez-toc-heading-level-2'><a class=\"ez-toc-link ez-toc-heading-1\" href=\"https:\/\/lesminis.fr\/blog\/origine-1er-mai-fete-du-travail-muguet\/#Pourquoi_le_1er_mai_est-il_lie_au_travail_Tout_commence_a_Chicago\" >Pourquoi le 1er mai est-il li\u00e9 au travail ? Tout commence \u00e0 Chicago<\/a><\/li><li class='ez-toc-page-1 ez-toc-heading-level-2'><a class=\"ez-toc-link ez-toc-heading-2\" href=\"https:\/\/lesminis.fr\/blog\/origine-1er-mai-fete-du-travail-muguet\/#Haymarket_le_drame_qui_transforme_le_1er_mai_en_symbole\" >Haymarket : le drame qui transforme le 1er mai en symbole<\/a><\/li><li class='ez-toc-page-1 ez-toc-heading-level-2'><a class=\"ez-toc-link ez-toc-heading-3\" href=\"https:\/\/lesminis.fr\/blog\/origine-1er-mai-fete-du-travail-muguet\/#Paris_1889_la_decision_qui_donne_au_1er_mai_une_portee_mondiale\" >Paris, 1889 : la d\u00e9cision qui donne au 1er mai une port\u00e9e mondiale<\/a><\/li><li class='ez-toc-page-1 ez-toc-heading-level-2'><a class=\"ez-toc-link ez-toc-heading-4\" href=\"https:\/\/lesminis.fr\/blog\/origine-1er-mai-fete-du-travail-muguet\/#Fourmies_1891_le_1er_mai_sancre_dans_lhistoire_francaise\" >Fourmies, 1891 : le 1er mai s\u2019ancre dans l\u2019histoire fran\u00e7aise<\/a><\/li><li class='ez-toc-page-1 ez-toc-heading-level-2'><a class=\"ez-toc-link ez-toc-heading-5\" href=\"https:\/\/lesminis.fr\/blog\/origine-1er-mai-fete-du-travail-muguet\/#Quand_le_1er_mai_devient-il_un_jour_ferie_en_France\" >Quand le 1er mai devient-il un jour f\u00e9ri\u00e9 en France ?<\/a><\/li><li class='ez-toc-page-1 ez-toc-heading-level-2'><a class=\"ez-toc-link ez-toc-heading-6\" href=\"https:\/\/lesminis.fr\/blog\/origine-1er-mai-fete-du-travail-muguet\/#Pourquoi_offre-t-on_du_muguet_le_1er_mai\" >Pourquoi offre-t-on du muguet le 1er mai ?<\/a><\/li><li class='ez-toc-page-1 ez-toc-heading-level-2'><a class=\"ez-toc-link ez-toc-heading-7\" href=\"https:\/\/lesminis.fr\/blog\/origine-1er-mai-fete-du-travail-muguet\/#Le_1er_mai_est-il_une_ancienne_fete_de_printemps\" >Le 1er mai est-il une ancienne f\u00eate de printemps ?<\/a><\/li><li class='ez-toc-page-1 ez-toc-heading-level-2'><a class=\"ez-toc-link ez-toc-heading-8\" href=\"https:\/\/lesminis.fr\/blog\/origine-1er-mai-fete-du-travail-muguet\/#Alors_quelle_est_la_vraie_histoire_du_1er_mai\" >Alors, quelle est la vraie histoire du 1er mai ?<\/a><\/li><li class='ez-toc-page-1 ez-toc-heading-level-2'><a class=\"ez-toc-link ez-toc-heading-9\" href=\"https:\/\/lesminis.fr\/blog\/origine-1er-mai-fete-du-travail-muguet\/#Sources_et_reperes_historiques\" >Sources et rep\u00e8res historiques<\/a><\/li><\/ul><\/nav><\/div>\n<h2><span class=\"ez-toc-section\" id=\"Pourquoi_le_1er_mai_est-il_lie_au_travail_Tout_commence_a_Chicago\"><\/span>Pourquoi le 1er mai est-il li\u00e9 au travail ? Tout commence \u00e0 Chicago<span class=\"ez-toc-section-end\"><\/span><\/h2>\n<p>Pour comprendre l\u2019origine moderne du 1er mai, il faut partir aux \u00c9tats-Unis, \u00e0 la fin du XIXe si\u00e8cle. \u00c0 cette \u00e9poque, de nombreux ouvriers travaillent dix, douze, parfois quatorze heures par jour. Les journ\u00e9es sont longues, les conditions difficiles, et la s\u00e9paration entre le temps de travail et le temps de vie personnelle est presque inexistante.<\/p>\n<p>En octobre 1884, la Federation of Organized Trades and Labor Unions, anc\u00eatre de l\u2019AFL, adopte une r\u00e9solution ambitieuse : \u00e0 partir du 1er mai 1886, la journ\u00e9e l\u00e9gale de travail devra durer huit heures. Pas une de plus.<\/p>\n<p>Le mot d\u2019ordre est simple et puissant : huit heures de travail, huit heures de repos, huit heures pour soi.<\/p>\n<p>Le 1er mai 1886, des centaines de milliers d\u2019ouvriers am\u00e9ricains se mettent en gr\u00e8ve. \u00c0 Chicago, l\u2019un des grands centres industriels du pays, le mouvement prend une ampleur particuli\u00e8re. Les tensions montent entre gr\u00e9vistes, patrons et forces de l\u2019ordre.<\/p>\n<h2><span class=\"ez-toc-section\" id=\"Haymarket_le_drame_qui_transforme_le_1er_mai_en_symbole\"><\/span>Haymarket : le drame qui transforme le 1er mai en symbole<span class=\"ez-toc-section-end\"><\/span><\/h2>\n<p>Le 4 mai 1886, un rassemblement ouvrier a lieu \u00e0 Haymarket Square, \u00e0 Chicago. La manifestation est li\u00e9e au mouvement pour les huit heures. Alors que la police intervient, une bombe explose. Des coups de feu suivent. Il y a des morts dans les deux camps, et l\u2019\u00e9v\u00e9nement provoque une onde de choc aux \u00c9tats-Unis.<\/p>\n<p>Plusieurs militants anarchistes sont ensuite condamn\u00e9s dans un proc\u00e8s devenu l\u2019un des plus controvers\u00e9s de l\u2019histoire sociale am\u00e9ricaine. Cinq d\u2019entre eux sont condamn\u00e9s \u00e0 mort. En 1893, le gouverneur de l\u2019Illinois, John Peter Altgeld, gracie les trois condamn\u00e9s encore emprisonn\u00e9s et d\u00e9nonce un proc\u00e8s marqu\u00e9 par un jury biais\u00e9 et un juge partial.<\/p>\n<p>Haymarket entre alors dans la m\u00e9moire ouvri\u00e8re internationale. Le 1er mai devient peu \u00e0 peu une date associ\u00e9e \u00e0 la lutte pour la r\u00e9duction du temps de travail.<\/p>\n<h2><span class=\"ez-toc-section\" id=\"Paris_1889_la_decision_qui_donne_au_1er_mai_une_portee_mondiale\"><\/span>Paris, 1889 : la d\u00e9cision qui donne au 1er mai une port\u00e9e mondiale<span class=\"ez-toc-section-end\"><\/span><\/h2>\n<p>Trois ans plus tard, Paris accueille le centenaire de la R\u00e9volution fran\u00e7aise. En juillet 1889, la IIe Internationale r\u00e9unit des d\u00e9l\u00e9gations ouvri\u00e8res et socialistes venues de plusieurs pays.<\/p>\n<p>Sur proposition du syndicaliste fran\u00e7ais Raymond Lavigne, les d\u00e9l\u00e9gu\u00e9s adoptent une d\u00e9cision importante : organiser, dans tous les pays, une grande manifestation le 1er mai 1890 pour r\u00e9clamer la journ\u00e9e de huit heures.<\/p>\n<p>Le 1er mai cesse alors d\u2019\u00eatre seulement une date am\u00e9ricaine. Il devient une journ\u00e9e internationale de mobilisation ouvri\u00e8re.<\/p>\n<p>En France, les premiers cort\u00e8ges du 1er mai sont marqu\u00e9s par des symboles forts. On voit notamment appara\u00eetre le triangle rouge, dont les trois c\u00f4t\u00e9s r\u00e9sument l\u2019id\u00e9al revendiqu\u00e9 : huit heures de travail, huit heures de sommeil, huit heures de loisirs.<\/p>\n<h2><span class=\"ez-toc-section\" id=\"Fourmies_1891_le_1er_mai_sancre_dans_lhistoire_francaise\"><\/span>Fourmies, 1891 : le 1er mai s\u2019ancre dans l\u2019histoire fran\u00e7aise<span class=\"ez-toc-section-end\"><\/span><\/h2>\n<p>Le 1er mai 1891, dans la ville de Fourmies, dans le Nord, des ouvriers manifestent pour r\u00e9clamer la journ\u00e9e de huit heures. Le cort\u00e8ge se veut pacifique. Mais la situation d\u00e9g\u00e9n\u00e8re.<\/p>\n<p>La troupe ouvre le feu sur la foule. Le bilan est terrible : neuf morts, dont plusieurs tr\u00e8s jeunes victimes. Maria Blondeau, dix-huit ans, devient l\u2019un des visages de cette trag\u00e9die.<\/p>\n<p>La fusillade de Fourmies choque profond\u00e9ment l\u2019opinion publique. En France, elle inscrit durablement le 1er mai dans le calendrier des luttes sociales. La date n\u2019est plus seulement un rendez-vous revendicatif : elle devient aussi une m\u00e9moire.<\/p>\n<h2><span class=\"ez-toc-section\" id=\"Quand_le_1er_mai_devient-il_un_jour_ferie_en_France\"><\/span>Quand le 1er mai devient-il un jour f\u00e9ri\u00e9 en France ?<span class=\"ez-toc-section-end\"><\/span><\/h2>\n<p>La revendication des huit heures finit par aboutir apr\u00e8s la Premi\u00e8re Guerre mondiale. La loi du 23 avril 1919 instaure la journ\u00e9e de huit heures en France. Cette ann\u00e9e-l\u00e0, le 1er mai 1919 est exceptionnellement d\u00e9clar\u00e9 jour ch\u00f4m\u00e9.<\/p>\n<p>Mais ce n\u2019est pas encore le jour f\u00e9ri\u00e9 durable que nous connaissons aujourd\u2019hui.<\/p>\n<p>En 1941, le r\u00e9gime de Vichy r\u00e9cup\u00e8re la date et la rebaptise \u00ab F\u00eate du Travail et de la Concorde sociale \u00bb. L\u2019objectif est clair : effacer la dimension revendicative et syndicale du 1er mai pour l\u2019inscrire dans une vision plus encadr\u00e9e, corporatiste et politique du travail.<\/p>\n<p>Apr\u00e8s la Lib\u00e9ration, cette r\u00e9f\u00e9rence vichyste dispara\u00eet. Mais l\u2019id\u00e9e d\u2019un jour consacr\u00e9 au travail reste. En 1947, le 1er mai devient officiellement en France un jour ch\u00f4m\u00e9 et pay\u00e9 pour les salari\u00e9s.<\/p>\n<p>C\u2019est encore aujourd\u2019hui une date particuli\u00e8re dans le droit du travail fran\u00e7ais : le 1er mai est le seul jour obligatoirement ch\u00f4m\u00e9 et pay\u00e9, sauf dans les secteurs o\u00f9 le travail ne peut pas \u00eatre interrompu, comme certains services de sant\u00e9, de s\u00e9curit\u00e9 ou de transport.<\/p>\n<h2><span class=\"ez-toc-section\" id=\"Pourquoi_offre-t-on_du_muguet_le_1er_mai\"><\/span>Pourquoi offre-t-on du muguet le 1er mai ?<span class=\"ez-toc-section-end\"><\/span><\/h2>\n<p>Le muguet donne aujourd\u2019hui au 1er mai une image douce, presque familiale. Pourtant, il ne faut pas confondre la tradition du muguet avec l\u2019origine de la F\u00eate du Travail.<\/p>\n<p>On raconte souvent que le roi Charles IX aurait offert du muguet \u00e0 la cour en 1561 comme porte-bonheur. L\u2019histoire est jolie, mais elle reste difficile \u00e0 documenter avec certitude. Elle appartient davantage aux traditions rapport\u00e9es qu\u2019aux faits historiques solidement \u00e9tablis.<\/p>\n<p>Ce qui est mieux attest\u00e9, en revanche, c\u2019est qu\u2019au tournant du XXe si\u00e8cle, le muguet s\u2019impose progressivement comme fleur du 1er mai. Avant lui, les cort\u00e8ges ouvriers utilisent plut\u00f4t des symboles plus politiques, comme l\u2019\u00e9glantine rouge.<\/p>\n<p>Le muguet a plusieurs avantages : c\u2019est une fleur de saison, facile \u00e0 reconna\u00eetre, associ\u00e9e au printemps et au porte-bonheur. Peu \u00e0 peu, il entre dans les usages populaires, jusqu\u2019\u00e0 devenir l\u2019un des grands symboles fran\u00e7ais du 1er mai.<\/p>\n<h2><span class=\"ez-toc-section\" id=\"Le_1er_mai_est-il_une_ancienne_fete_de_printemps\"><\/span>Le 1er mai est-il une ancienne f\u00eate de printemps ?<span class=\"ez-toc-section-end\"><\/span><\/h2>\n<p>Le d\u00e9but du mois de mai a longtemps \u00e9t\u00e9 associ\u00e9 au retour du printemps dans plusieurs cultures europ\u00e9ennes. On peut penser \u00e0 Beltane dans le monde celtique, ou \u00e0 d\u2019autres f\u00eates anciennes li\u00e9es \u00e0 la v\u00e9g\u00e9tation, \u00e0 la fertilit\u00e9 et au renouveau de la nature.<\/p>\n<p>Mais il faut \u00eatre pr\u00e9cis : ces f\u00eates anciennes ne sont pas l\u2019origine directe de la F\u00eate du Travail moderne.<\/p>\n<p>Elles partagent une p\u00e9riode de l\u2019ann\u00e9e, une symbolique printani\u00e8re, parfois des gestes li\u00e9s aux fleurs ou aux arbres de mai. Mais aucune source ne permet d\u2019\u00e9tablir une filiation continue entre ces rites anciens et le 1er mai ouvrier n\u00e9 \u00e0 la fin du XIXe si\u00e8cle.<\/p>\n<p>Le 1er mai actuel est donc une superposition de couches historiques. D\u2019un c\u00f4t\u00e9, une date ouvri\u00e8re, sociale et politique. De l\u2019autre, des traditions de printemps, plus anciennes ou plus folkloriques. Et au milieu, le muguet, devenu le symbole populaire que l\u2019on conna\u00eet.<\/p>\n<h2><span class=\"ez-toc-section\" id=\"Alors_quelle_est_la_vraie_histoire_du_1er_mai\"><\/span>Alors, quelle est la vraie histoire du 1er mai ?<span class=\"ez-toc-section-end\"><\/span><\/h2>\n<p>Le 1er mai moderne est n\u00e9 des luttes ouvri\u00e8res. Son c\u0153ur historique, c\u2019est la revendication de la journ\u00e9e de huit heures, port\u00e9e par les ouvriers am\u00e9ricains en 1886, relay\u00e9e par la IIe Internationale en 1889, puis inscrite dans la m\u00e9moire fran\u00e7aise par des \u00e9v\u00e9nements comme la fusillade de Fourmies en 1891.<\/p>\n<p>Le muguet, lui, appartient \u00e0 une autre histoire : celle des traditions printani\u00e8res, des symboles populaires et des usages qui se sont install\u00e9s au fil du temps.<\/p>\n<p>Voil\u00e0 pourquoi le 1er mai m\u00eale aujourd\u2019hui plusieurs images : les d\u00e9fil\u00e9s syndicaux, le jour de repos, le brin de muguet, la m\u00e9moire des luttes sociales. Ce n\u2019est pas une l\u00e9gende unique, mais un palimpseste : une date o\u00f9 plusieurs histoires se sont superpos\u00e9es.<\/p>\n<p>Et si l\u2019on devait retenir une id\u00e9e simple, ce serait celle-ci : le 1er mai n\u2019est pas seulement un jour f\u00e9ri\u00e9. C\u2019est d\u2019abord le souvenir d\u2019un combat pour que le travail ne prenne pas toute la place dans la vie.<\/p>\n<h2><span class=\"ez-toc-section\" id=\"Sources_et_reperes_historiques\"><\/span>Sources et rep\u00e8res historiques<span class=\"ez-toc-section-end\"><\/span><\/h2>\n<ul>\n<li>1884 : r\u00e9solution de la Federation of Organized Trades and Labor Unions en faveur de la journ\u00e9e de huit heures.<\/li>\n<li>1er mai 1886 : d\u00e9but des grandes gr\u00e8ves ouvri\u00e8res aux \u00c9tats-Unis.<\/li>\n<li>4 mai 1886 : affaire de Haymarket \u00e0 Chicago.<\/li>\n<li>1889 : d\u00e9cision de la IIe Internationale \u00e0 Paris d\u2019organiser une journ\u00e9e internationale de mobilisation le 1er mai 1890.<\/li>\n<li>1er mai 1891 : fusillade de Fourmies, dans le Nord de la France.<\/li>\n<li>23 avril 1919 : loi instaurant la journ\u00e9e de huit heures en France.<\/li>\n<li>1941 : r\u00e9cup\u00e9ration de la date par le r\u00e9gime de Vichy sous le nom de \u00ab F\u00eate du Travail et de la Concorde sociale \u00bb.<\/li>\n<li>1947 : le 1er mai devient en France un jour ch\u00f4m\u00e9 et pay\u00e9.<\/li>\n<\/ul>\n","protected":false},"excerpt":{"rendered":"<p>Derri\u00e8re le muguet et le jour f\u00e9ri\u00e9, le 1er mai cache une histoire sociale puissante : celle des luttes ouvri\u00e8res pour la journ\u00e9e de huit heures.<\/p>\n","protected":false},"author":1,"featured_media":6307,"comment_status":"open","ping_status":"closed","sticky":false,"template":"","format":"standard","meta":{"_acf_changed":false,"footnotes":""},"categories":[1600],"tags":[],"class_list":{"0":"post-6306","1":"post","2":"type-post","3":"status-publish","4":"format-standard","5":"has-post-thumbnail","7":"category-actualites-culture-et-curiosites"},"acf":[],"yoast_head":"<!-- This site is optimized with the Yoast SEO Premium plugin v27.5 (Yoast SEO v27.5) - https:\/\/yoast.com\/product\/yoast-seo-premium-wordpress\/ -->\n<title>1er mai : origine, histoire vraie et muguet | F\u00eate du Travail<\/title>\n<meta name=\"description\" content=\"D\u2019o\u00f9 vient vraiment le 1er mai ? De Chicago \u00e0 Fourmies, de la journ\u00e9e de huit heures au muguet, d\u00e9couvrez l\u2019histoire vraie de la F\u00eate du Travail.\" \/>\n<meta name=\"robots\" content=\"index, follow, max-snippet:-1, max-image-preview:large, max-video-preview:-1\" \/>\n<link rel=\"canonical\" href=\"https:\/\/lesminis.fr\/blog\/origine-1er-mai-fete-du-travail-muguet\/\" \/>\n<meta property=\"og:locale\" content=\"fr_FR\" \/>\n<meta property=\"og:type\" content=\"article\" \/>\n<meta property=\"og:title\" content=\"Le 1er mai : la vraie histoire, sans les l\u00e9gendes\" \/>\n<meta property=\"og:description\" content=\"D\u2019o\u00f9 vient vraiment le 1er mai ? De Chicago \u00e0 Fourmies, de la journ\u00e9e de huit heures au muguet, d\u00e9couvrez l\u2019histoire vraie de la F\u00eate du Travail.\" \/>\n<meta property=\"og:url\" content=\"https:\/\/lesminis.fr\/blog\/origine-1er-mai-fete-du-travail-muguet\/\" \/>\n<meta property=\"og:site_name\" content=\"LesMinis Le Blog - Mat\u00e9riels \u00e9ducatifs - Figurines p\u00e9dagogiques\" \/>\n<meta property=\"article:publisher\" content=\"https:\/\/fr-fr.facebook.com\/LesMinis.fr\/\" \/>\n<meta property=\"article:author\" content=\"https:\/\/www.facebook.com\/LesMinis.fr\/\" \/>\n<meta property=\"article:published_time\" content=\"2026-05-01T11:17:33+00:00\" \/>\n<meta property=\"og:image\" content=\"https:\/\/lesminis.fr\/blog\/wp-content\/uploads\/2026\/05\/histoire-1er-mai-fete-du-travail-muguet.jpg\" \/>\n\t<meta property=\"og:image:width\" content=\"1122\" \/>\n\t<meta property=\"og:image:height\" content=\"1402\" \/>\n\t<meta property=\"og:image:type\" content=\"image\/jpeg\" \/>\n<meta name=\"author\" content=\"LesMinis\" \/>\n<meta name=\"twitter:label1\" content=\"\u00c9crit par\" \/>\n\t<meta name=\"twitter:data1\" content=\"LesMinis\" \/>\n\t<meta name=\"twitter:label2\" content=\"Dur\u00e9e de lecture estim\u00e9e\" \/>\n\t<meta name=\"twitter:data2\" content=\"8 minutes\" \/>\n<script type=\"application\/ld+json\" class=\"yoast-schema-graph\">{\"@context\":\"https:\\\/\\\/schema.org\",\"@graph\":[{\"@type\":[\"Article\",\"BlogPosting\"],\"@id\":\"https:\\\/\\\/lesminis.fr\\\/blog\\\/origine-1er-mai-fete-du-travail-muguet\\\/#article\",\"isPartOf\":{\"@id\":\"https:\\\/\\\/lesminis.fr\\\/blog\\\/origine-1er-mai-fete-du-travail-muguet\\\/\"},\"author\":{\"name\":\"LesMinis\",\"@id\":\"https:\\\/\\\/lesminis.fr\\\/blog\\\/#\\\/schema\\\/person\\\/4a1be8c8c70a7d945af71674957cf83e\"},\"headline\":\"Le 1er mai : la vraie histoire, sans les l\u00e9gendes\",\"datePublished\":\"2026-05-01T11:17:33+00:00\",\"mainEntityOfPage\":{\"@id\":\"https:\\\/\\\/lesminis.fr\\\/blog\\\/origine-1er-mai-fete-du-travail-muguet\\\/\"},\"wordCount\":1577,\"commentCount\":0,\"publisher\":{\"@id\":\"https:\\\/\\\/lesminis.fr\\\/blog\\\/#organization\"},\"image\":{\"@id\":\"https:\\\/\\\/lesminis.fr\\\/blog\\\/origine-1er-mai-fete-du-travail-muguet\\\/#primaryimage\"},\"thumbnailUrl\":\"https:\\\/\\\/lesminis.fr\\\/blog\\\/wp-content\\\/uploads\\\/2026\\\/05\\\/histoire-1er-mai-fete-du-travail-muguet.jpg\",\"articleSection\":[\"Culture &amp; Curiosit\u00e9s \u2013 Explorer, comprendre, relier\"],\"inLanguage\":\"fr-FR\",\"potentialAction\":[{\"@type\":\"CommentAction\",\"name\":\"Comment\",\"target\":[\"https:\\\/\\\/lesminis.fr\\\/blog\\\/origine-1er-mai-fete-du-travail-muguet\\\/#respond\"]}]},{\"@type\":\"WebPage\",\"@id\":\"https:\\\/\\\/lesminis.fr\\\/blog\\\/origine-1er-mai-fete-du-travail-muguet\\\/\",\"url\":\"https:\\\/\\\/lesminis.fr\\\/blog\\\/origine-1er-mai-fete-du-travail-muguet\\\/\",\"name\":\"1er mai : origine, histoire vraie et muguet | F\u00eate du Travail\",\"isPartOf\":{\"@id\":\"https:\\\/\\\/lesminis.fr\\\/blog\\\/#website\"},\"primaryImageOfPage\":{\"@id\":\"https:\\\/\\\/lesminis.fr\\\/blog\\\/origine-1er-mai-fete-du-travail-muguet\\\/#primaryimage\"},\"image\":{\"@id\":\"https:\\\/\\\/lesminis.fr\\\/blog\\\/origine-1er-mai-fete-du-travail-muguet\\\/#primaryimage\"},\"thumbnailUrl\":\"https:\\\/\\\/lesminis.fr\\\/blog\\\/wp-content\\\/uploads\\\/2026\\\/05\\\/histoire-1er-mai-fete-du-travail-muguet.jpg\",\"datePublished\":\"2026-05-01T11:17:33+00:00\",\"description\":\"D\u2019o\u00f9 vient vraiment le 1er mai ? De Chicago \u00e0 Fourmies, de la journ\u00e9e de huit heures au muguet, d\u00e9couvrez l\u2019histoire vraie de la F\u00eate du Travail.\",\"breadcrumb\":{\"@id\":\"https:\\\/\\\/lesminis.fr\\\/blog\\\/origine-1er-mai-fete-du-travail-muguet\\\/#breadcrumb\"},\"inLanguage\":\"fr-FR\",\"potentialAction\":[{\"@type\":\"ReadAction\",\"target\":[\"https:\\\/\\\/lesminis.fr\\\/blog\\\/origine-1er-mai-fete-du-travail-muguet\\\/\"]}]},{\"@type\":\"ImageObject\",\"inLanguage\":\"fr-FR\",\"@id\":\"https:\\\/\\\/lesminis.fr\\\/blog\\\/origine-1er-mai-fete-du-travail-muguet\\\/#primaryimage\",\"url\":\"https:\\\/\\\/lesminis.fr\\\/blog\\\/wp-content\\\/uploads\\\/2026\\\/05\\\/histoire-1er-mai-fete-du-travail-muguet.jpg\",\"contentUrl\":\"https:\\\/\\\/lesminis.fr\\\/blog\\\/wp-content\\\/uploads\\\/2026\\\/05\\\/histoire-1er-mai-fete-du-travail-muguet.jpg\",\"width\":1122,\"height\":1402,\"caption\":\"Brin de muguet symbolisant le 1er mai avec une \u00e9vocation historique des luttes ouvri\u00e8res et de la F\u00eate du Travail\"},{\"@type\":\"BreadcrumbList\",\"@id\":\"https:\\\/\\\/lesminis.fr\\\/blog\\\/origine-1er-mai-fete-du-travail-muguet\\\/#breadcrumb\",\"itemListElement\":[{\"@type\":\"ListItem\",\"position\":1,\"name\":\"Accueil\",\"item\":\"https:\\\/\\\/lesminis.fr\\\/blog\\\/\"},{\"@type\":\"ListItem\",\"position\":2,\"name\":\"Le 1er mai : la vraie histoire, sans les l\u00e9gendes\"}]},{\"@type\":\"WebSite\",\"@id\":\"https:\\\/\\\/lesminis.fr\\\/blog\\\/#website\",\"url\":\"https:\\\/\\\/lesminis.fr\\\/blog\\\/\",\"name\":\"LesMinis Le Blog - Mat\u00e9riels \u00e9ducatifs - Figurines p\u00e9dagogiques\",\"description\":\"D\u00e9couvrez notre actualit\u00e9, figurines, mat\u00e9riel \u00e9ducatif, activit\u00e9s Montessori\",\"publisher\":{\"@id\":\"https:\\\/\\\/lesminis.fr\\\/blog\\\/#organization\"},\"potentialAction\":[{\"@type\":\"SearchAction\",\"target\":{\"@type\":\"EntryPoint\",\"urlTemplate\":\"https:\\\/\\\/lesminis.fr\\\/blog\\\/?s={search_term_string}\"},\"query-input\":{\"@type\":\"PropertyValueSpecification\",\"valueRequired\":true,\"valueName\":\"search_term_string\"}}],\"inLanguage\":\"fr-FR\"},{\"@type\":\"Organization\",\"@id\":\"https:\\\/\\\/lesminis.fr\\\/blog\\\/#organization\",\"name\":\"LesMinis - Sp\u00e9cialiste mat\u00e9riel p\u00e9dagogiques - Figurines \u00e9ducatives - Mat\u00e9riel Montessori\",\"url\":\"https:\\\/\\\/lesminis.fr\\\/blog\\\/\",\"logo\":{\"@type\":\"ImageObject\",\"inLanguage\":\"fr-FR\",\"@id\":\"https:\\\/\\\/lesminis.fr\\\/blog\\\/#\\\/schema\\\/logo\\\/image\\\/\",\"url\":\"https:\\\/\\\/lesminis.fr\\\/blog\\\/wp-content\\\/uploads\\\/2023\\\/03\\\/nouveau-logo-lesminis.png\",\"contentUrl\":\"https:\\\/\\\/lesminis.fr\\\/blog\\\/wp-content\\\/uploads\\\/2023\\\/03\\\/nouveau-logo-lesminis.png\",\"width\":500,\"height\":175,\"caption\":\"LesMinis - Sp\u00e9cialiste mat\u00e9riel p\u00e9dagogiques - Figurines \u00e9ducatives - Mat\u00e9riel Montessori\"},\"image\":{\"@id\":\"https:\\\/\\\/lesminis.fr\\\/blog\\\/#\\\/schema\\\/logo\\\/image\\\/\"},\"sameAs\":[\"https:\\\/\\\/fr-fr.facebook.com\\\/LesMinis.fr\\\/\",\"https:\\\/\\\/www.instagram.com\\\/lesminis.fr\\\/\",\"https:\\\/\\\/www.tiktok.com\\\/@lesminis.fr\",\"https:\\\/\\\/www.pinterest.fr\\\/lesminisfr\\\/\"]},{\"@type\":\"Person\",\"@id\":\"https:\\\/\\\/lesminis.fr\\\/blog\\\/#\\\/schema\\\/person\\\/4a1be8c8c70a7d945af71674957cf83e\",\"name\":\"LesMinis\",\"image\":{\"@type\":\"ImageObject\",\"inLanguage\":\"fr-FR\",\"@id\":\"https:\\\/\\\/secure.gravatar.com\\\/avatar\\\/288cd93d352b3465f2bd0701b1f2bb059b68dc3a70c4fda061bad8e6c9f8d865?s=96&d=blank&r=g\",\"url\":\"https:\\\/\\\/secure.gravatar.com\\\/avatar\\\/288cd93d352b3465f2bd0701b1f2bb059b68dc3a70c4fda061bad8e6c9f8d865?s=96&d=blank&r=g\",\"contentUrl\":\"https:\\\/\\\/secure.gravatar.com\\\/avatar\\\/288cd93d352b3465f2bd0701b1f2bb059b68dc3a70c4fda061bad8e6c9f8d865?s=96&d=blank&r=g\",\"caption\":\"LesMinis\"},\"sameAs\":[\"https:\\\/\\\/lesminis.fr\\\/blog\",\"https:\\\/\\\/www.facebook.com\\\/LesMinis.fr\\\/\",\"https:\\\/\\\/www.instagram.com\\\/lesminis.fr\\\/\",\"https:\\\/\\\/www.pinterest.fr\\\/lesminisfr\\\/\"],\"url\":\"https:\\\/\\\/lesminis.fr\\\/blog\\\/author\\\/lesminis\\\/\"}]}<\/script>\n<!-- \/ Yoast SEO Premium plugin. -->","yoast_head_json":{"title":"1er mai : origine, histoire vraie et muguet | F\u00eate du Travail","description":"D\u2019o\u00f9 vient vraiment le 1er mai ? De Chicago \u00e0 Fourmies, de la journ\u00e9e de huit heures au muguet, d\u00e9couvrez l\u2019histoire vraie de la F\u00eate du Travail.","robots":{"index":"index","follow":"follow","max-snippet":"max-snippet:-1","max-image-preview":"max-image-preview:large","max-video-preview":"max-video-preview:-1"},"canonical":"https:\/\/lesminis.fr\/blog\/origine-1er-mai-fete-du-travail-muguet\/","og_locale":"fr_FR","og_type":"article","og_title":"Le 1er mai : la vraie histoire, sans les l\u00e9gendes","og_description":"D\u2019o\u00f9 vient vraiment le 1er mai ? De Chicago \u00e0 Fourmies, de la journ\u00e9e de huit heures au muguet, d\u00e9couvrez l\u2019histoire vraie de la F\u00eate du Travail.","og_url":"https:\/\/lesminis.fr\/blog\/origine-1er-mai-fete-du-travail-muguet\/","og_site_name":"LesMinis Le Blog - Mat\u00e9riels \u00e9ducatifs - Figurines p\u00e9dagogiques","article_publisher":"https:\/\/fr-fr.facebook.com\/LesMinis.fr\/","article_author":"https:\/\/www.facebook.com\/LesMinis.fr\/","article_published_time":"2026-05-01T11:17:33+00:00","og_image":[{"width":1122,"height":1402,"url":"https:\/\/lesminis.fr\/blog\/wp-content\/uploads\/2026\/05\/histoire-1er-mai-fete-du-travail-muguet.jpg","type":"image\/jpeg"}],"author":"LesMinis","twitter_misc":{"\u00c9crit par":"LesMinis","Dur\u00e9e de lecture estim\u00e9e":"8 minutes"},"schema":{"@context":"https:\/\/schema.org","@graph":[{"@type":["Article","BlogPosting"],"@id":"https:\/\/lesminis.fr\/blog\/origine-1er-mai-fete-du-travail-muguet\/#article","isPartOf":{"@id":"https:\/\/lesminis.fr\/blog\/origine-1er-mai-fete-du-travail-muguet\/"},"author":{"name":"LesMinis","@id":"https:\/\/lesminis.fr\/blog\/#\/schema\/person\/4a1be8c8c70a7d945af71674957cf83e"},"headline":"Le 1er mai : la vraie histoire, sans les l\u00e9gendes","datePublished":"2026-05-01T11:17:33+00:00","mainEntityOfPage":{"@id":"https:\/\/lesminis.fr\/blog\/origine-1er-mai-fete-du-travail-muguet\/"},"wordCount":1577,"commentCount":0,"publisher":{"@id":"https:\/\/lesminis.fr\/blog\/#organization"},"image":{"@id":"https:\/\/lesminis.fr\/blog\/origine-1er-mai-fete-du-travail-muguet\/#primaryimage"},"thumbnailUrl":"https:\/\/lesminis.fr\/blog\/wp-content\/uploads\/2026\/05\/histoire-1er-mai-fete-du-travail-muguet.jpg","articleSection":["Culture &amp; Curiosit\u00e9s \u2013 Explorer, comprendre, relier"],"inLanguage":"fr-FR","potentialAction":[{"@type":"CommentAction","name":"Comment","target":["https:\/\/lesminis.fr\/blog\/origine-1er-mai-fete-du-travail-muguet\/#respond"]}]},{"@type":"WebPage","@id":"https:\/\/lesminis.fr\/blog\/origine-1er-mai-fete-du-travail-muguet\/","url":"https:\/\/lesminis.fr\/blog\/origine-1er-mai-fete-du-travail-muguet\/","name":"1er mai : origine, histoire vraie et muguet | F\u00eate du Travail","isPartOf":{"@id":"https:\/\/lesminis.fr\/blog\/#website"},"primaryImageOfPage":{"@id":"https:\/\/lesminis.fr\/blog\/origine-1er-mai-fete-du-travail-muguet\/#primaryimage"},"image":{"@id":"https:\/\/lesminis.fr\/blog\/origine-1er-mai-fete-du-travail-muguet\/#primaryimage"},"thumbnailUrl":"https:\/\/lesminis.fr\/blog\/wp-content\/uploads\/2026\/05\/histoire-1er-mai-fete-du-travail-muguet.jpg","datePublished":"2026-05-01T11:17:33+00:00","description":"D\u2019o\u00f9 vient vraiment le 1er mai ? De Chicago \u00e0 Fourmies, de la journ\u00e9e de huit heures au muguet, d\u00e9couvrez l\u2019histoire vraie de la F\u00eate du Travail.","breadcrumb":{"@id":"https:\/\/lesminis.fr\/blog\/origine-1er-mai-fete-du-travail-muguet\/#breadcrumb"},"inLanguage":"fr-FR","potentialAction":[{"@type":"ReadAction","target":["https:\/\/lesminis.fr\/blog\/origine-1er-mai-fete-du-travail-muguet\/"]}]},{"@type":"ImageObject","inLanguage":"fr-FR","@id":"https:\/\/lesminis.fr\/blog\/origine-1er-mai-fete-du-travail-muguet\/#primaryimage","url":"https:\/\/lesminis.fr\/blog\/wp-content\/uploads\/2026\/05\/histoire-1er-mai-fete-du-travail-muguet.jpg","contentUrl":"https:\/\/lesminis.fr\/blog\/wp-content\/uploads\/2026\/05\/histoire-1er-mai-fete-du-travail-muguet.jpg","width":1122,"height":1402,"caption":"Brin de muguet symbolisant le 1er mai avec une \u00e9vocation historique des luttes ouvri\u00e8res et de la F\u00eate du Travail"},{"@type":"BreadcrumbList","@id":"https:\/\/lesminis.fr\/blog\/origine-1er-mai-fete-du-travail-muguet\/#breadcrumb","itemListElement":[{"@type":"ListItem","position":1,"name":"Accueil","item":"https:\/\/lesminis.fr\/blog\/"},{"@type":"ListItem","position":2,"name":"Le 1er mai : la vraie histoire, sans les l\u00e9gendes"}]},{"@type":"WebSite","@id":"https:\/\/lesminis.fr\/blog\/#website","url":"https:\/\/lesminis.fr\/blog\/","name":"LesMinis Le Blog - Mat\u00e9riels \u00e9ducatifs - Figurines p\u00e9dagogiques","description":"D\u00e9couvrez notre actualit\u00e9, figurines, mat\u00e9riel \u00e9ducatif, activit\u00e9s Montessori","publisher":{"@id":"https:\/\/lesminis.fr\/blog\/#organization"},"potentialAction":[{"@type":"SearchAction","target":{"@type":"EntryPoint","urlTemplate":"https:\/\/lesminis.fr\/blog\/?s={search_term_string}"},"query-input":{"@type":"PropertyValueSpecification","valueRequired":true,"valueName":"search_term_string"}}],"inLanguage":"fr-FR"},{"@type":"Organization","@id":"https:\/\/lesminis.fr\/blog\/#organization","name":"LesMinis - Sp\u00e9cialiste mat\u00e9riel p\u00e9dagogiques - Figurines \u00e9ducatives - Mat\u00e9riel Montessori","url":"https:\/\/lesminis.fr\/blog\/","logo":{"@type":"ImageObject","inLanguage":"fr-FR","@id":"https:\/\/lesminis.fr\/blog\/#\/schema\/logo\/image\/","url":"https:\/\/lesminis.fr\/blog\/wp-content\/uploads\/2023\/03\/nouveau-logo-lesminis.png","contentUrl":"https:\/\/lesminis.fr\/blog\/wp-content\/uploads\/2023\/03\/nouveau-logo-lesminis.png","width":500,"height":175,"caption":"LesMinis - Sp\u00e9cialiste mat\u00e9riel p\u00e9dagogiques - Figurines \u00e9ducatives - Mat\u00e9riel Montessori"},"image":{"@id":"https:\/\/lesminis.fr\/blog\/#\/schema\/logo\/image\/"},"sameAs":["https:\/\/fr-fr.facebook.com\/LesMinis.fr\/","https:\/\/www.instagram.com\/lesminis.fr\/","https:\/\/www.tiktok.com\/@lesminis.fr","https:\/\/www.pinterest.fr\/lesminisfr\/"]},{"@type":"Person","@id":"https:\/\/lesminis.fr\/blog\/#\/schema\/person\/4a1be8c8c70a7d945af71674957cf83e","name":"LesMinis","image":{"@type":"ImageObject","inLanguage":"fr-FR","@id":"https:\/\/secure.gravatar.com\/avatar\/288cd93d352b3465f2bd0701b1f2bb059b68dc3a70c4fda061bad8e6c9f8d865?s=96&d=blank&r=g","url":"https:\/\/secure.gravatar.com\/avatar\/288cd93d352b3465f2bd0701b1f2bb059b68dc3a70c4fda061bad8e6c9f8d865?s=96&d=blank&r=g","contentUrl":"https:\/\/secure.gravatar.com\/avatar\/288cd93d352b3465f2bd0701b1f2bb059b68dc3a70c4fda061bad8e6c9f8d865?s=96&d=blank&r=g","caption":"LesMinis"},"sameAs":["https:\/\/lesminis.fr\/blog","https:\/\/www.facebook.com\/LesMinis.fr\/","https:\/\/www.instagram.com\/lesminis.fr\/","https:\/\/www.pinterest.fr\/lesminisfr\/"],"url":"https:\/\/lesminis.fr\/blog\/author\/lesminis\/"}]}},"_links":{"self":[{"href":"https:\/\/lesminis.fr\/blog\/wp-json\/wp\/v2\/posts\/6306","targetHints":{"allow":["GET"]}}],"collection":[{"href":"https:\/\/lesminis.fr\/blog\/wp-json\/wp\/v2\/posts"}],"about":[{"href":"https:\/\/lesminis.fr\/blog\/wp-json\/wp\/v2\/types\/post"}],"author":[{"embeddable":true,"href":"https:\/\/lesminis.fr\/blog\/wp-json\/wp\/v2\/users\/1"}],"replies":[{"embeddable":true,"href":"https:\/\/lesminis.fr\/blog\/wp-json\/wp\/v2\/comments?post=6306"}],"version-history":[{"count":1,"href":"https:\/\/lesminis.fr\/blog\/wp-json\/wp\/v2\/posts\/6306\/revisions"}],"predecessor-version":[{"id":6308,"href":"https:\/\/lesminis.fr\/blog\/wp-json\/wp\/v2\/posts\/6306\/revisions\/6308"}],"wp:featuredmedia":[{"embeddable":true,"href":"https:\/\/lesminis.fr\/blog\/wp-json\/wp\/v2\/media\/6307"}],"wp:attachment":[{"href":"https:\/\/lesminis.fr\/blog\/wp-json\/wp\/v2\/media?parent=6306"}],"wp:term":[{"taxonomy":"category","embeddable":true,"href":"https:\/\/lesminis.fr\/blog\/wp-json\/wp\/v2\/categories?post=6306"},{"taxonomy":"post_tag","embeddable":true,"href":"https:\/\/lesminis.fr\/blog\/wp-json\/wp\/v2\/tags?post=6306"}],"curies":[{"name":"wp","href":"https:\/\/api.w.org\/{rel}","templated":true}]}}