{"id":6271,"date":"2026-04-29T08:10:54","date_gmt":"2026-04-29T07:10:54","guid":{"rendered":"https:\/\/lesminis.fr\/blog\/?p=6271"},"modified":"2026-04-29T12:38:06","modified_gmt":"2026-04-29T11:38:06","slug":"comprendre-temps-profond-evolution-enfant-montessori","status":"publish","type":"post","link":"https:\/\/lesminis.fr\/blog\/comprendre-temps-profond-evolution-enfant-montessori\/","title":{"rendered":"P\u00e9dagogie 6-12 ans : Comment aider l&rsquo;enfant \u00e0 comprendre le \u00ab Temps Profond \u00bb ?"},"content":{"rendered":"<p>L&rsquo;\u00c9ducation Cosmique, cette approche magistrale de Maria Montessori pour les enfants de 6 \u00e0 12 ans, repose sur un pr\u00e9requis fondamental : pour comprendre sa place dans l&rsquo;univers, l&rsquo;enfant doit d&rsquo;abord comprendre l&rsquo;histoire de la Terre. Mais un obstacle cognitif de taille se dresse sur ce chemin. Comment conceptualiser des millions, voire des milliards d&rsquo;ann\u00e9es, quand on n&rsquo;a soi-m\u00eame v\u00e9cu que 6 ou 7 ans ?<\/p>\n<p>Le cerveau humain, m\u00eame adulte, n&rsquo;est biologiquement pas con\u00e7u pour appr\u00e9hender ce que les g\u00e9ologues appellent le <strong>Temps Profond<\/strong> (<em>Deep Time<\/em>). Pourtant, sans cette notion, l&rsquo;\u00e9volution des esp\u00e8ces, l&rsquo;apparition des dinosaures ou la formation des continents restent des concepts flous, presque magiques. On vous explique comment la p\u00e9dagogie active permet de rendre le vertige de l&rsquo;\u00e9ternit\u00e9 parfaitement tangible.<\/p>\n<div id=\"ez-toc-container\" class=\"ez-toc-v2_0_78 counter-hierarchy ez-toc-counter ez-toc-grey ez-toc-container-direction\">\n<div class=\"ez-toc-title-container\">\n<p class=\"ez-toc-title\" style=\"cursor:inherit\">Table of Contents<\/p>\n<span class=\"ez-toc-title-toggle\"><a href=\"#\" class=\"ez-toc-pull-right ez-toc-btn ez-toc-btn-xs ez-toc-btn-default ez-toc-toggle\" aria-label=\"Toggle Table of Content\"><span class=\"ez-toc-js-icon-con\"><span class=\"\"><span class=\"eztoc-hide\" style=\"display:none;\">Toggle<\/span><span class=\"ez-toc-icon-toggle-span\"><svg style=\"fill: #999;color:#999\" xmlns=\"http:\/\/www.w3.org\/2000\/svg\" class=\"list-377408\" width=\"20px\" height=\"20px\" viewBox=\"0 0 24 24\" fill=\"none\"><path d=\"M6 6H4v2h2V6zm14 0H8v2h12V6zM4 11h2v2H4v-2zm16 0H8v2h12v-2zM4 16h2v2H4v-2zm16 0H8v2h12v-2z\" fill=\"currentColor\"><\/path><\/svg><svg style=\"fill: #999;color:#999\" class=\"arrow-unsorted-368013\" xmlns=\"http:\/\/www.w3.org\/2000\/svg\" width=\"10px\" height=\"10px\" viewBox=\"0 0 24 24\" version=\"1.2\" baseProfile=\"tiny\"><path d=\"M18.2 9.3l-6.2-6.3-6.2 6.3c-.2.2-.3.4-.3.7s.1.5.3.7c.2.2.4.3.7.3h11c.3 0 .5-.1.7-.3.2-.2.3-.5.3-.7s-.1-.5-.3-.7zM5.8 14.7l6.2 6.3 6.2-6.3c.2-.2.3-.5.3-.7s-.1-.5-.3-.7c-.2-.2-.4-.3-.7-.3h-11c-.3 0-.5.1-.7.3-.2.2-.3.5-.3.7s.1.5.3.7z\"\/><\/svg><\/span><\/span><\/span><\/a><\/span><\/div>\n<nav><ul class='ez-toc-list ez-toc-list-level-1 ' ><li class='ez-toc-page-1 ez-toc-heading-level-2'><a class=\"ez-toc-link ez-toc-heading-1\" href=\"https:\/\/lesminis.fr\/blog\/comprendre-temps-profond-evolution-enfant-montessori\/#Quest-ce_que_le_%C2%AB_Temps_Profond_%C2%BB\" >Qu&rsquo;est-ce que le \u00ab\u00a0Temps Profond\u00a0\u00bb ?<\/a><\/li><li class='ez-toc-page-1 ez-toc-heading-level-2'><a class=\"ez-toc-link ez-toc-heading-2\" href=\"https:\/\/lesminis.fr\/blog\/comprendre-temps-profond-evolution-enfant-montessori\/#La_solution_Montessori_Le_Ruban_Noir_The_Black_Ribbon\" >La solution Montessori : Le Ruban Noir (The Black Ribbon)<\/a><\/li><li class='ez-toc-page-1 ez-toc-heading-level-2'><a class=\"ez-toc-link ez-toc-heading-3\" href=\"https:\/\/lesminis.fr\/blog\/comprendre-temps-profond-evolution-enfant-montessori\/#Materialiser_levolution_avec_des_figurines\" >Mat\u00e9rialiser l&rsquo;\u00e9volution avec des figurines<\/a><\/li><li class='ez-toc-page-1 ez-toc-heading-level-2'><a class=\"ez-toc-link ez-toc-heading-4\" href=\"https:\/\/lesminis.fr\/blog\/comprendre-temps-profond-evolution-enfant-montessori\/#Donnez_du_volume_a_lhistoire_de_la_vie\" >Donnez du volume \u00e0 l&rsquo;histoire de la vie<\/a><ul class='ez-toc-list-level-3' ><li class='ez-toc-heading-level-3'><a class=\"ez-toc-link ez-toc-heading-5\" href=\"https:\/\/lesminis.fr\/blog\/comprendre-temps-profond-evolution-enfant-montessori\/#VOYAGEZ_DANS_LE_TEMPS_PROFOND\" >VOYAGEZ DANS LE TEMPS PROFOND<\/a><\/li><\/ul><\/li><\/ul><\/nav><\/div>\n<h2><span class=\"ez-toc-section\" id=\"Quest-ce_que_le_%C2%AB_Temps_Profond_%C2%BB\"><\/span>Qu&rsquo;est-ce que le \u00ab\u00a0Temps Profond\u00a0\u00bb ?<span class=\"ez-toc-section-end\"><\/span><\/h2>\n<p>Le terme de Temps Profond a \u00e9t\u00e9 popularis\u00e9 au 18\u00e8me si\u00e8cle pour d\u00e9crire l&rsquo;\u00e9chelle de temps g\u00e9ologique de notre plan\u00e8te (qui a environ 4,5 milliards d&rsquo;ann\u00e9es), par opposition \u00e0 l&rsquo;\u00e9chelle de temps humaine (quelques dizaines d&rsquo;ann\u00e9es).<\/p>\n<p>Lorsqu&rsquo;un enfant lit dans un livre qu&rsquo;un animal a v\u00e9cu \u00ab il y a tr\u00e8s longtemps \u00bb, son cerveau le classe dans la m\u00eame cat\u00e9gorie temporelle que les ch\u00e2teaux forts ou les pharaons d&rsquo;\u00c9gypte. Pour un esprit en plein d\u00e9veloppement, 1 000 ans ou 65 millions d&rsquo;ann\u00e9es, c&rsquo;est exactement la m\u00eame chose : c&rsquo;est \u00ab\u00a0avant\u00a0\u00bb. Or, pour que la pens\u00e9e syst\u00e9mique op\u00e8re et que l&rsquo;enfant comprenne la lente et fascinante m\u00e9canique de l&rsquo;\u00e9volution (les mutations, les extinctions de masse, l&rsquo;adaptation), il faut imp\u00e9rativement s\u00e9parer le temps historique du temps g\u00e9ologique.<\/p>\n<div class=\"alert alert-info\" style=\"background-color: #e8f4f8; padding: 15px; border-left: 4px solid #5bc0de; margin-bottom: 20px;\"><strong>Le saviez-vous ? Le paradoxe du T-Rex !<\/strong><br \/>\nLe Temps Profond est tellement vaste qu&rsquo;il nous joue des tours. Saviez-vous que le c\u00e9l\u00e8bre Tyrannosaurus Rex (apparu il y a environ 68 millions d&rsquo;ann\u00e9es) est temporellement plus proche de vous qui lisez cet article&#8230; que du St\u00e9gosaure (qui vivait il y a 150 millions d&rsquo;ann\u00e9es) ? L&rsquo;\u00e8re des dinosaures a \u00e9t\u00e9 si longue que la plupart des esp\u00e8ces embl\u00e9matiques ne se sont jamais crois\u00e9es !<\/div>\n<h2><span class=\"ez-toc-section\" id=\"La_solution_Montessori_Le_Ruban_Noir_The_Black_Ribbon\"><\/span>La solution Montessori : Le Ruban Noir (The Black Ribbon)<span class=\"ez-toc-section-end\"><\/span><\/h2>\n<p>Maria Montessori avait anticip\u00e9 cette difficult\u00e9 cognitive. Pour expliquer l&rsquo;\u00e9volution lors du \u00ab\u00a0Premier Grand R\u00e9cit\u00a0\u00bb (l&rsquo;histoire de l&rsquo;univers), elle a imagin\u00e9 un outil d&rsquo;une puissance visuelle redoutable : <strong>le ruban noir<\/strong>.<\/p>\n<p>L&rsquo;\u00e9ducateur ou le parent d\u00e9roule lentement, tr\u00e8s lentement, une bobine de tissu noir de plusieurs dizaines de m\u00e8tres de long. Chaque m\u00e8tre repr\u00e9sente des millions d&rsquo;ann\u00e9es. L&rsquo;enfant regarde le ruban se d\u00e9rouler \u00e0 travers la pi\u00e8ce, en silence. Le noir repr\u00e9sente le vide, l&rsquo;attente, l&rsquo;eau sans vie, puis la lente formation des roches. Et tout \u00e0 la fin de cet immense ruban noir, sur les tout derniers centim\u00e8tres, se trouve une minuscule bande de couleur diff\u00e9rente (souvent rouge). Cette toute petite bande, c&rsquo;est l&rsquo;apparition de l&rsquo;\u00eatre humain.<\/p>\n<p>L&rsquo;effet psychologique est imm\u00e9diat : l&rsquo;enfant n&rsquo;a plus besoin d&rsquo;imaginer les chiffres, il <em>voit<\/em> et <em>ressent<\/em> physiquement que l&rsquo;humanit\u00e9 n&rsquo;est qu&rsquo;une infime \u00e9tincelle \u00e0 l&rsquo;\u00e9chelle de notre plan\u00e8te. C&rsquo;est une v\u00e9ritable le\u00e7on d&rsquo;humilit\u00e9 et de science.<\/p>\n<h2><span class=\"ez-toc-section\" id=\"Materialiser_levolution_avec_des_figurines\"><\/span>Mat\u00e9rialiser l&rsquo;\u00e9volution avec des figurines<span class=\"ez-toc-section-end\"><\/span><\/h2>\n<p>Une fois le choc visuel du ruban noir pass\u00e9, vient le temps de l&rsquo;exploration scientifique. C&rsquo;est l\u00e0 que la \u00ab\u00a0Ligne de la Vie\u00a0\u00bb (une frise chronologique gradu\u00e9e) entre en jeu. Mais une frise imprim\u00e9e reste plate. Pour que l&rsquo;esprit raisonnant des 6-12 ans puisse classer et analyser, il faut du volume.<\/p>\n<p>C&rsquo;est l&rsquo;utilit\u00e9 premi\u00e8re de vos figurines pr\u00e9historiques. Un <strong>Pal\u00e9odex<\/strong> prend vie lorsque l&rsquo;enfant doit poser, de ses propres mains, le trilobite dans l&rsquo;oc\u00e9an primaire, le dim\u00e9trodon au Permien, puis le tric\u00e9ratops au Cr\u00e9tac\u00e9.<\/p>\n<p>En manipulant des r\u00e9pliques scientifiquement exactes, l&rsquo;enfant observe directement les innovations de l&rsquo;\u00e9volution : l&rsquo;apparition d&rsquo;une carapace, la transformation des nageoires en pattes pour sortir de l&rsquo;eau, ou l&rsquo;allongement du cou pour atteindre les grands arbres. La figurine permet de comparer l&rsquo;anatomie d&rsquo;hier avec celle des animaux d&rsquo;aujourd&rsquo;hui, cr\u00e9ant un pont direct entre la pal\u00e9ontologie et la zoologie moderne.<\/p>\n<hr \/>\n<h2><span class=\"ez-toc-section\" id=\"Donnez_du_volume_a_lhistoire_de_la_vie\"><\/span>Donnez du volume \u00e0 l&rsquo;histoire de la vie<span class=\"ez-toc-section-end\"><\/span><\/h2>\n<p>Comprendre le Temps Profond, c&rsquo;est offrir \u00e0 l&rsquo;enfant les lunettes n\u00e9cessaires pour regarder la nature non plus comme une photographie fig\u00e9e, mais comme un long film dont nous ne sommes qu&rsquo;une sc\u00e8ne.<\/p>\n<div style=\"background-color: #f9f9f9; padding: 20px; border-radius: 8px; margin: 30px 0; text-align: center; border: 1px solid #e0e0e0;\">\n<h3 style=\"color: #2c3e50; margin-top: 0;\"><span class=\"ez-toc-section\" id=\"VOYAGEZ_DANS_LE_TEMPS_PROFOND\"><\/span>VOYAGEZ DANS LE TEMPS PROFOND<span class=\"ez-toc-section-end\"><\/span><\/h3>\n<p style=\"font-size: 16px; margin-bottom: 20px;\">L&rsquo;\u00e9volution ne s&rsquo;apprend pas, elle s&rsquo;observe. D\u00e9couvrez notre Pal\u00e9odex et nos r\u00e9pliques pr\u00e9historiques pour accompagner l&rsquo;enfant dans sa compr\u00e9hension des \u00e8res g\u00e9ologiques.<\/p>\n<p><a style=\"background-color: #8e44ad; color: #ffffff; padding: 12px 25px; text-decoration: none; font-weight: bold; border-radius: 5px; font-size: 16px; display: inline-block; margin-bottom: 10px;\" href=\"https:\/\/lesminis.fr\/blog\/\">Explorer les merveilles du Pal\u00e9odex \u2192<\/a><br \/>\n<a style=\"color: #8e44ad; text-decoration: underline; font-weight: bold; font-size: 15px; display: inline-block; margin-bottom: 5px;\" href=\"https:\/\/lesminis.fr\/blog\/espece-cle-de-voute-explication-enfant-ecosysteme\">Lire aussi : Qu&rsquo;est-ce qu&rsquo;une esp\u00e8ce \u00ab\u00a0cl\u00e9 de vo\u00fbte\u00a0\u00bb ?<\/a><\/p>\n<\/div>\n","protected":false},"excerpt":{"rendered":"<p>Comment faire comprendre \u00e0 un enfant de 6 ans ce que repr\u00e9sentent 65 millions d&rsquo;ann\u00e9es ? Le cerveau humain n&rsquo;est biologiquement pas con\u00e7u pour conceptualiser le \u00ab Temps Profond \u00bb. Pourtant, dans la p\u00e9dagogie Montessori, c&rsquo;est la cl\u00e9 de vo\u00fbte pour comprendre l&rsquo;\u00e9volution de la vie. D\u00e9couvrez comment une simple ligne noire et quelques figurines r\u00e9alistes peuvent transformer une notion vertigineuse en une \u00e9vidence scientifique.<\/p>\n","protected":false},"author":1,"featured_media":6272,"comment_status":"open","ping_status":"closed","sticky":false,"template":"","format":"standard","meta":{"_acf_changed":false,"footnotes":""},"categories":[105],"tags":[],"class_list":{"0":"post-6271","1":"post","2":"type-post","3":"status-publish","4":"format-standard","5":"has-post-thumbnail","7":"category-minispedago-predagogie-montessori-activites-developpement"},"acf":[],"yoast_head":"<!-- This site is optimized with the Yoast SEO Premium plugin v27.1 (Yoast SEO v27.1.1) - https:\/\/yoast.com\/product\/yoast-seo-premium-wordpress\/ -->\n<title>Comprendre le Temps Profond et l&#039;\u00c9volution (Montessori) | Les Minis<\/title>\n<meta name=\"description\" content=\"Comment expliquer des millions d&#039;ann\u00e9es d&#039;\u00e9volution \u00e0 un enfant ? D\u00e9couvrez la m\u00e9thode Montessori du Temps Profond et l&#039;utilisation des figurines pr\u00e9historiques.\" \/>\n<meta name=\"robots\" content=\"index, follow, max-snippet:-1, max-image-preview:large, max-video-preview:-1\" \/>\n<link rel=\"canonical\" href=\"https:\/\/lesminis.fr\/blog\/comprendre-temps-profond-evolution-enfant-montessori\/\" \/>\n<meta property=\"og:locale\" content=\"fr_FR\" \/>\n<meta property=\"og:type\" content=\"article\" \/>\n<meta property=\"og:title\" content=\"P\u00e9dagogie 6-12 ans : Comment aider l&#039;enfant \u00e0 comprendre le \u00ab Temps Profond \u00bb ?\" \/>\n<meta property=\"og:description\" content=\"Comment expliquer des millions d&#039;ann\u00e9es d&#039;\u00e9volution \u00e0 un enfant ? D\u00e9couvrez la m\u00e9thode Montessori du Temps Profond et l&#039;utilisation des figurines pr\u00e9historiques.\" \/>\n<meta property=\"og:url\" content=\"https:\/\/lesminis.fr\/blog\/comprendre-temps-profond-evolution-enfant-montessori\/\" \/>\n<meta property=\"og:site_name\" content=\"LesMinis Le Blog - Mat\u00e9riels \u00e9ducatifs - Figurines p\u00e9dagogiques\" \/>\n<meta property=\"article:publisher\" content=\"https:\/\/fr-fr.facebook.com\/LesMinis.fr\/\" \/>\n<meta property=\"article:author\" content=\"https:\/\/www.facebook.com\/LesMinis.fr\/\" \/>\n<meta property=\"article:published_time\" content=\"2026-04-29T07:10:54+00:00\" \/>\n<meta property=\"article:modified_time\" content=\"2026-04-29T11:38:06+00:00\" \/>\n<meta property=\"og:image\" content=\"https:\/\/lesminis.fr\/blog\/wp-content\/uploads\/2026\/03\/temps-profond-montessori-evolution-figurines-dinosaures.jpeg\" \/>\n\t<meta property=\"og:image:width\" content=\"1536\" \/>\n\t<meta property=\"og:image:height\" content=\"1024\" \/>\n\t<meta property=\"og:image:type\" content=\"image\/jpeg\" \/>\n<meta name=\"author\" content=\"LesMinis\" \/>\n<meta name=\"twitter:label1\" content=\"\u00c9crit par\" \/>\n\t<meta name=\"twitter:data1\" content=\"LesMinis\" \/>\n\t<meta name=\"twitter:label2\" content=\"Dur\u00e9e de lecture estim\u00e9e\" \/>\n\t<meta name=\"twitter:data2\" content=\"4 minutes\" \/>\n<script type=\"application\/ld+json\" class=\"yoast-schema-graph\">{\"@context\":\"https:\/\/schema.org\",\"@graph\":[{\"@type\":[\"Article\",\"BlogPosting\"],\"@id\":\"https:\/\/lesminis.fr\/blog\/comprendre-temps-profond-evolution-enfant-montessori\/#article\",\"isPartOf\":{\"@id\":\"https:\/\/lesminis.fr\/blog\/comprendre-temps-profond-evolution-enfant-montessori\/\"},\"author\":{\"name\":\"LesMinis\",\"@id\":\"https:\/\/lesminis.fr\/blog\/#\/schema\/person\/4a1be8c8c70a7d945af71674957cf83e\"},\"headline\":\"P\u00e9dagogie 6-12 ans : Comment aider l&rsquo;enfant \u00e0 comprendre le \u00ab Temps Profond \u00bb ?\",\"datePublished\":\"2026-04-29T07:10:54+00:00\",\"dateModified\":\"2026-04-29T11:38:06+00:00\",\"mainEntityOfPage\":{\"@id\":\"https:\/\/lesminis.fr\/blog\/comprendre-temps-profond-evolution-enfant-montessori\/\"},\"wordCount\":862,\"commentCount\":0,\"publisher\":{\"@id\":\"https:\/\/lesminis.fr\/blog\/#organization\"},\"image\":{\"@id\":\"https:\/\/lesminis.fr\/blog\/comprendre-temps-profond-evolution-enfant-montessori\/#primaryimage\"},\"thumbnailUrl\":\"https:\/\/lesminis.fr\/blog\/wp-content\/uploads\/2026\/03\/temps-profond-montessori-evolution-figurines-dinosaures.jpeg\",\"articleSection\":[\"MinisPedago \u2014 Montessori, p\u00e9dagogies alternatives &amp; d\u00e9veloppement de l\u2019enfant\"],\"inLanguage\":\"fr-FR\",\"potentialAction\":[{\"@type\":\"CommentAction\",\"name\":\"Comment\",\"target\":[\"https:\/\/lesminis.fr\/blog\/comprendre-temps-profond-evolution-enfant-montessori\/#respond\"]}]},{\"@type\":\"WebPage\",\"@id\":\"https:\/\/lesminis.fr\/blog\/comprendre-temps-profond-evolution-enfant-montessori\/\",\"url\":\"https:\/\/lesminis.fr\/blog\/comprendre-temps-profond-evolution-enfant-montessori\/\",\"name\":\"Comprendre le Temps Profond et l'\u00c9volution (Montessori) | Les Minis\",\"isPartOf\":{\"@id\":\"https:\/\/lesminis.fr\/blog\/#website\"},\"primaryImageOfPage\":{\"@id\":\"https:\/\/lesminis.fr\/blog\/comprendre-temps-profond-evolution-enfant-montessori\/#primaryimage\"},\"image\":{\"@id\":\"https:\/\/lesminis.fr\/blog\/comprendre-temps-profond-evolution-enfant-montessori\/#primaryimage\"},\"thumbnailUrl\":\"https:\/\/lesminis.fr\/blog\/wp-content\/uploads\/2026\/03\/temps-profond-montessori-evolution-figurines-dinosaures.jpeg\",\"datePublished\":\"2026-04-29T07:10:54+00:00\",\"dateModified\":\"2026-04-29T11:38:06+00:00\",\"description\":\"Comment expliquer des millions d'ann\u00e9es d'\u00e9volution \u00e0 un enfant ? D\u00e9couvrez la m\u00e9thode Montessori du Temps Profond et l'utilisation des figurines pr\u00e9historiques.\",\"breadcrumb\":{\"@id\":\"https:\/\/lesminis.fr\/blog\/comprendre-temps-profond-evolution-enfant-montessori\/#breadcrumb\"},\"inLanguage\":\"fr-FR\",\"potentialAction\":[{\"@type\":\"ReadAction\",\"target\":[\"https:\/\/lesminis.fr\/blog\/comprendre-temps-profond-evolution-enfant-montessori\/\"]}]},{\"@type\":\"ImageObject\",\"inLanguage\":\"fr-FR\",\"@id\":\"https:\/\/lesminis.fr\/blog\/comprendre-temps-profond-evolution-enfant-montessori\/#primaryimage\",\"url\":\"https:\/\/lesminis.fr\/blog\/wp-content\/uploads\/2026\/03\/temps-profond-montessori-evolution-figurines-dinosaures.jpeg\",\"contentUrl\":\"https:\/\/lesminis.fr\/blog\/wp-content\/uploads\/2026\/03\/temps-profond-montessori-evolution-figurines-dinosaures.jpeg\",\"width\":1536,\"height\":1024,\"caption\":\"Enfant utilisant le ruban noir Montessori et des figurines pr\u00e9historiques pour comprendre le concept du temps profond.\"},{\"@type\":\"BreadcrumbList\",\"@id\":\"https:\/\/lesminis.fr\/blog\/comprendre-temps-profond-evolution-enfant-montessori\/#breadcrumb\",\"itemListElement\":[{\"@type\":\"ListItem\",\"position\":1,\"name\":\"Accueil\",\"item\":\"https:\/\/lesminis.fr\/blog\/\"},{\"@type\":\"ListItem\",\"position\":2,\"name\":\"P\u00e9dagogie 6-12 ans : Comment aider l&rsquo;enfant \u00e0 comprendre le \u00ab Temps Profond \u00bb ?\"}]},{\"@type\":\"WebSite\",\"@id\":\"https:\/\/lesminis.fr\/blog\/#website\",\"url\":\"https:\/\/lesminis.fr\/blog\/\",\"name\":\"LesMinis Le Blog - Mat\u00e9riels \u00e9ducatifs - Figurines p\u00e9dagogiques\",\"description\":\"D\u00e9couvrez notre actualit\u00e9, figurines, mat\u00e9riel \u00e9ducatif, activit\u00e9s Montessori\",\"publisher\":{\"@id\":\"https:\/\/lesminis.fr\/blog\/#organization\"},\"potentialAction\":[{\"@type\":\"SearchAction\",\"target\":{\"@type\":\"EntryPoint\",\"urlTemplate\":\"https:\/\/lesminis.fr\/blog\/?s={search_term_string}\"},\"query-input\":{\"@type\":\"PropertyValueSpecification\",\"valueRequired\":true,\"valueName\":\"search_term_string\"}}],\"inLanguage\":\"fr-FR\"},{\"@type\":\"Organization\",\"@id\":\"https:\/\/lesminis.fr\/blog\/#organization\",\"name\":\"LesMinis - Sp\u00e9cialiste mat\u00e9riel p\u00e9dagogiques - Figurines \u00e9ducatives - Mat\u00e9riel Montessori\",\"url\":\"https:\/\/lesminis.fr\/blog\/\",\"logo\":{\"@type\":\"ImageObject\",\"inLanguage\":\"fr-FR\",\"@id\":\"https:\/\/lesminis.fr\/blog\/#\/schema\/logo\/image\/\",\"url\":\"https:\/\/lesminis.fr\/blog\/wp-content\/uploads\/2023\/03\/nouveau-logo-lesminis.png\",\"contentUrl\":\"https:\/\/lesminis.fr\/blog\/wp-content\/uploads\/2023\/03\/nouveau-logo-lesminis.png\",\"width\":500,\"height\":175,\"caption\":\"LesMinis - Sp\u00e9cialiste mat\u00e9riel p\u00e9dagogiques - Figurines \u00e9ducatives - Mat\u00e9riel Montessori\"},\"image\":{\"@id\":\"https:\/\/lesminis.fr\/blog\/#\/schema\/logo\/image\/\"},\"sameAs\":[\"https:\/\/fr-fr.facebook.com\/LesMinis.fr\/\",\"https:\/\/www.instagram.com\/lesminis.fr\/\",\"https:\/\/www.tiktok.com\/@lesminis.fr\",\"https:\/\/www.pinterest.fr\/lesminisfr\/\"]},{\"@type\":\"Person\",\"@id\":\"https:\/\/lesminis.fr\/blog\/#\/schema\/person\/4a1be8c8c70a7d945af71674957cf83e\",\"name\":\"LesMinis\",\"image\":{\"@type\":\"ImageObject\",\"inLanguage\":\"fr-FR\",\"@id\":\"https:\/\/lesminis.fr\/blog\/#\/schema\/person\/image\/\",\"url\":\"https:\/\/secure.gravatar.com\/avatar\/288cd93d352b3465f2bd0701b1f2bb059b68dc3a70c4fda061bad8e6c9f8d865?s=96&d=blank&r=g\",\"contentUrl\":\"https:\/\/secure.gravatar.com\/avatar\/288cd93d352b3465f2bd0701b1f2bb059b68dc3a70c4fda061bad8e6c9f8d865?s=96&d=blank&r=g\",\"caption\":\"LesMinis\"},\"sameAs\":[\"https:\/\/lesminis.fr\/blog\",\"https:\/\/www.facebook.com\/LesMinis.fr\/\",\"https:\/\/www.instagram.com\/lesminis.fr\/\",\"https:\/\/www.pinterest.fr\/lesminisfr\/\"],\"url\":\"https:\/\/lesminis.fr\/blog\/author\/lesminis\/\"}]}<\/script>\n<!-- \/ Yoast SEO Premium plugin. -->","yoast_head_json":{"title":"Comprendre le Temps Profond et l'\u00c9volution (Montessori) | Les Minis","description":"Comment expliquer des millions d'ann\u00e9es d'\u00e9volution \u00e0 un enfant ? D\u00e9couvrez la m\u00e9thode Montessori du Temps Profond et l'utilisation des figurines pr\u00e9historiques.","robots":{"index":"index","follow":"follow","max-snippet":"max-snippet:-1","max-image-preview":"max-image-preview:large","max-video-preview":"max-video-preview:-1"},"canonical":"https:\/\/lesminis.fr\/blog\/comprendre-temps-profond-evolution-enfant-montessori\/","og_locale":"fr_FR","og_type":"article","og_title":"P\u00e9dagogie 6-12 ans : Comment aider l'enfant \u00e0 comprendre le \u00ab Temps Profond \u00bb ?","og_description":"Comment expliquer des millions d'ann\u00e9es d'\u00e9volution \u00e0 un enfant ? D\u00e9couvrez la m\u00e9thode Montessori du Temps Profond et l'utilisation des figurines pr\u00e9historiques.","og_url":"https:\/\/lesminis.fr\/blog\/comprendre-temps-profond-evolution-enfant-montessori\/","og_site_name":"LesMinis Le Blog - Mat\u00e9riels \u00e9ducatifs - Figurines p\u00e9dagogiques","article_publisher":"https:\/\/fr-fr.facebook.com\/LesMinis.fr\/","article_author":"https:\/\/www.facebook.com\/LesMinis.fr\/","article_published_time":"2026-04-29T07:10:54+00:00","article_modified_time":"2026-04-29T11:38:06+00:00","og_image":[{"width":1536,"height":1024,"url":"https:\/\/lesminis.fr\/blog\/wp-content\/uploads\/2026\/03\/temps-profond-montessori-evolution-figurines-dinosaures.jpeg","type":"image\/jpeg"}],"author":"LesMinis","twitter_misc":{"\u00c9crit par":"LesMinis","Dur\u00e9e de lecture estim\u00e9e":"4 minutes"},"schema":{"@context":"https:\/\/schema.org","@graph":[{"@type":["Article","BlogPosting"],"@id":"https:\/\/lesminis.fr\/blog\/comprendre-temps-profond-evolution-enfant-montessori\/#article","isPartOf":{"@id":"https:\/\/lesminis.fr\/blog\/comprendre-temps-profond-evolution-enfant-montessori\/"},"author":{"name":"LesMinis","@id":"https:\/\/lesminis.fr\/blog\/#\/schema\/person\/4a1be8c8c70a7d945af71674957cf83e"},"headline":"P\u00e9dagogie 6-12 ans : Comment aider l&rsquo;enfant \u00e0 comprendre le \u00ab Temps Profond \u00bb ?","datePublished":"2026-04-29T07:10:54+00:00","dateModified":"2026-04-29T11:38:06+00:00","mainEntityOfPage":{"@id":"https:\/\/lesminis.fr\/blog\/comprendre-temps-profond-evolution-enfant-montessori\/"},"wordCount":862,"commentCount":0,"publisher":{"@id":"https:\/\/lesminis.fr\/blog\/#organization"},"image":{"@id":"https:\/\/lesminis.fr\/blog\/comprendre-temps-profond-evolution-enfant-montessori\/#primaryimage"},"thumbnailUrl":"https:\/\/lesminis.fr\/blog\/wp-content\/uploads\/2026\/03\/temps-profond-montessori-evolution-figurines-dinosaures.jpeg","articleSection":["MinisPedago \u2014 Montessori, p\u00e9dagogies alternatives &amp; d\u00e9veloppement de l\u2019enfant"],"inLanguage":"fr-FR","potentialAction":[{"@type":"CommentAction","name":"Comment","target":["https:\/\/lesminis.fr\/blog\/comprendre-temps-profond-evolution-enfant-montessori\/#respond"]}]},{"@type":"WebPage","@id":"https:\/\/lesminis.fr\/blog\/comprendre-temps-profond-evolution-enfant-montessori\/","url":"https:\/\/lesminis.fr\/blog\/comprendre-temps-profond-evolution-enfant-montessori\/","name":"Comprendre le Temps Profond et l'\u00c9volution (Montessori) | Les Minis","isPartOf":{"@id":"https:\/\/lesminis.fr\/blog\/#website"},"primaryImageOfPage":{"@id":"https:\/\/lesminis.fr\/blog\/comprendre-temps-profond-evolution-enfant-montessori\/#primaryimage"},"image":{"@id":"https:\/\/lesminis.fr\/blog\/comprendre-temps-profond-evolution-enfant-montessori\/#primaryimage"},"thumbnailUrl":"https:\/\/lesminis.fr\/blog\/wp-content\/uploads\/2026\/03\/temps-profond-montessori-evolution-figurines-dinosaures.jpeg","datePublished":"2026-04-29T07:10:54+00:00","dateModified":"2026-04-29T11:38:06+00:00","description":"Comment expliquer des millions d'ann\u00e9es d'\u00e9volution \u00e0 un enfant ? D\u00e9couvrez la m\u00e9thode Montessori du Temps Profond et l'utilisation des figurines pr\u00e9historiques.","breadcrumb":{"@id":"https:\/\/lesminis.fr\/blog\/comprendre-temps-profond-evolution-enfant-montessori\/#breadcrumb"},"inLanguage":"fr-FR","potentialAction":[{"@type":"ReadAction","target":["https:\/\/lesminis.fr\/blog\/comprendre-temps-profond-evolution-enfant-montessori\/"]}]},{"@type":"ImageObject","inLanguage":"fr-FR","@id":"https:\/\/lesminis.fr\/blog\/comprendre-temps-profond-evolution-enfant-montessori\/#primaryimage","url":"https:\/\/lesminis.fr\/blog\/wp-content\/uploads\/2026\/03\/temps-profond-montessori-evolution-figurines-dinosaures.jpeg","contentUrl":"https:\/\/lesminis.fr\/blog\/wp-content\/uploads\/2026\/03\/temps-profond-montessori-evolution-figurines-dinosaures.jpeg","width":1536,"height":1024,"caption":"Enfant utilisant le ruban noir Montessori et des figurines pr\u00e9historiques pour comprendre le concept du temps profond."},{"@type":"BreadcrumbList","@id":"https:\/\/lesminis.fr\/blog\/comprendre-temps-profond-evolution-enfant-montessori\/#breadcrumb","itemListElement":[{"@type":"ListItem","position":1,"name":"Accueil","item":"https:\/\/lesminis.fr\/blog\/"},{"@type":"ListItem","position":2,"name":"P\u00e9dagogie 6-12 ans : Comment aider l&rsquo;enfant \u00e0 comprendre le \u00ab Temps Profond \u00bb ?"}]},{"@type":"WebSite","@id":"https:\/\/lesminis.fr\/blog\/#website","url":"https:\/\/lesminis.fr\/blog\/","name":"LesMinis Le Blog - Mat\u00e9riels \u00e9ducatifs - Figurines p\u00e9dagogiques","description":"D\u00e9couvrez notre actualit\u00e9, figurines, mat\u00e9riel \u00e9ducatif, activit\u00e9s Montessori","publisher":{"@id":"https:\/\/lesminis.fr\/blog\/#organization"},"potentialAction":[{"@type":"SearchAction","target":{"@type":"EntryPoint","urlTemplate":"https:\/\/lesminis.fr\/blog\/?s={search_term_string}"},"query-input":{"@type":"PropertyValueSpecification","valueRequired":true,"valueName":"search_term_string"}}],"inLanguage":"fr-FR"},{"@type":"Organization","@id":"https:\/\/lesminis.fr\/blog\/#organization","name":"LesMinis - Sp\u00e9cialiste mat\u00e9riel p\u00e9dagogiques - Figurines \u00e9ducatives - Mat\u00e9riel Montessori","url":"https:\/\/lesminis.fr\/blog\/","logo":{"@type":"ImageObject","inLanguage":"fr-FR","@id":"https:\/\/lesminis.fr\/blog\/#\/schema\/logo\/image\/","url":"https:\/\/lesminis.fr\/blog\/wp-content\/uploads\/2023\/03\/nouveau-logo-lesminis.png","contentUrl":"https:\/\/lesminis.fr\/blog\/wp-content\/uploads\/2023\/03\/nouveau-logo-lesminis.png","width":500,"height":175,"caption":"LesMinis - Sp\u00e9cialiste mat\u00e9riel p\u00e9dagogiques - Figurines \u00e9ducatives - Mat\u00e9riel Montessori"},"image":{"@id":"https:\/\/lesminis.fr\/blog\/#\/schema\/logo\/image\/"},"sameAs":["https:\/\/fr-fr.facebook.com\/LesMinis.fr\/","https:\/\/www.instagram.com\/lesminis.fr\/","https:\/\/www.tiktok.com\/@lesminis.fr","https:\/\/www.pinterest.fr\/lesminisfr\/"]},{"@type":"Person","@id":"https:\/\/lesminis.fr\/blog\/#\/schema\/person\/4a1be8c8c70a7d945af71674957cf83e","name":"LesMinis","image":{"@type":"ImageObject","inLanguage":"fr-FR","@id":"https:\/\/lesminis.fr\/blog\/#\/schema\/person\/image\/","url":"https:\/\/secure.gravatar.com\/avatar\/288cd93d352b3465f2bd0701b1f2bb059b68dc3a70c4fda061bad8e6c9f8d865?s=96&d=blank&r=g","contentUrl":"https:\/\/secure.gravatar.com\/avatar\/288cd93d352b3465f2bd0701b1f2bb059b68dc3a70c4fda061bad8e6c9f8d865?s=96&d=blank&r=g","caption":"LesMinis"},"sameAs":["https:\/\/lesminis.fr\/blog","https:\/\/www.facebook.com\/LesMinis.fr\/","https:\/\/www.instagram.com\/lesminis.fr\/","https:\/\/www.pinterest.fr\/lesminisfr\/"],"url":"https:\/\/lesminis.fr\/blog\/author\/lesminis\/"}]}},"_links":{"self":[{"href":"https:\/\/lesminis.fr\/blog\/wp-json\/wp\/v2\/posts\/6271","targetHints":{"allow":["GET"]}}],"collection":[{"href":"https:\/\/lesminis.fr\/blog\/wp-json\/wp\/v2\/posts"}],"about":[{"href":"https:\/\/lesminis.fr\/blog\/wp-json\/wp\/v2\/types\/post"}],"author":[{"embeddable":true,"href":"https:\/\/lesminis.fr\/blog\/wp-json\/wp\/v2\/users\/1"}],"replies":[{"embeddable":true,"href":"https:\/\/lesminis.fr\/blog\/wp-json\/wp\/v2\/comments?post=6271"}],"version-history":[{"count":1,"href":"https:\/\/lesminis.fr\/blog\/wp-json\/wp\/v2\/posts\/6271\/revisions"}],"predecessor-version":[{"id":6273,"href":"https:\/\/lesminis.fr\/blog\/wp-json\/wp\/v2\/posts\/6271\/revisions\/6273"}],"wp:featuredmedia":[{"embeddable":true,"href":"https:\/\/lesminis.fr\/blog\/wp-json\/wp\/v2\/media\/6272"}],"wp:attachment":[{"href":"https:\/\/lesminis.fr\/blog\/wp-json\/wp\/v2\/media?parent=6271"}],"wp:term":[{"taxonomy":"category","embeddable":true,"href":"https:\/\/lesminis.fr\/blog\/wp-json\/wp\/v2\/categories?post=6271"},{"taxonomy":"post_tag","embeddable":true,"href":"https:\/\/lesminis.fr\/blog\/wp-json\/wp\/v2\/tags?post=6271"}],"curies":[{"name":"wp","href":"https:\/\/api.w.org\/{rel}","templated":true}]}}