{"id":6039,"date":"2026-04-26T08:43:05","date_gmt":"2026-04-26T07:43:05","guid":{"rendered":"https:\/\/lesminis.fr\/blog\/?p=6039"},"modified":"2026-04-28T10:10:18","modified_gmt":"2026-04-28T09:10:18","slug":"la-terre-vue-depuis-lespace-comprendre-son-equilibre","status":"publish","type":"post","link":"https:\/\/lesminis.fr\/blog\/la-terre-vue-depuis-lespace-comprendre-son-equilibre\/","title":{"rendered":"La Terre vue depuis l\u2019espace : comprendre son \u00e9quilibre"},"content":{"rendered":"<p>Vue depuis l\u2019espace, la Terre appara\u00eet comme une sph\u00e8re bleue lumineuse, recouverte de nuages blancs et bord\u00e9e d\u2019un fin halo atmosph\u00e9rique. Cette image embl\u00e9matique lui vaut souvent le nom de <strong>\u201cplan\u00e8te bleue\u201d<\/strong>. Cette couleur dominante n\u2019est pas un hasard : environ <strong>71 % de la surface terrestre est recouverte d\u2019eau<\/strong>, principalement sous forme d\u2019oc\u00e9ans.<\/p>\n<p>Mais la Terre n\u2019est pas seulement bleue. Elle est aussi le r\u00e9sultat d\u2019un \u00e9quilibre complexe entre sa distance au Soleil, sa structure interne, son atmosph\u00e8re et son activit\u00e9 g\u00e9ologique. Comprendre cet \u00e9quilibre permet de mieux saisir pourquoi notre plan\u00e8te est diff\u00e9rente des autres mondes rocheux du syst\u00e8me solaire.<\/p>\n<p>Pour replacer la Terre dans son contexte global, vous pouvez consulter <a href=\"\/systeme-solaire-equilibre-fragile\/\">Le syst\u00e8me solaire : l\u2019\u00e9quilibre fragile qui tient tout ensemble<\/a> ainsi que <a href=\"\/planetes-rocheuses-particularites\/\">Les plan\u00e8tes rocheuses : comprendre leur nature et leurs diff\u00e9rences<\/a>.<\/p>\n<div id=\"ez-toc-container\" class=\"ez-toc-v2_0_78 counter-hierarchy ez-toc-counter ez-toc-grey ez-toc-container-direction\">\n<div class=\"ez-toc-title-container\">\n<p class=\"ez-toc-title\" style=\"cursor:inherit\">Table of Contents<\/p>\n<span class=\"ez-toc-title-toggle\"><a href=\"#\" class=\"ez-toc-pull-right ez-toc-btn ez-toc-btn-xs ez-toc-btn-default ez-toc-toggle\" aria-label=\"Toggle Table of Content\"><span class=\"ez-toc-js-icon-con\"><span class=\"\"><span class=\"eztoc-hide\" style=\"display:none;\">Toggle<\/span><span class=\"ez-toc-icon-toggle-span\"><svg style=\"fill: #999;color:#999\" xmlns=\"http:\/\/www.w3.org\/2000\/svg\" class=\"list-377408\" width=\"20px\" height=\"20px\" viewBox=\"0 0 24 24\" fill=\"none\"><path d=\"M6 6H4v2h2V6zm14 0H8v2h12V6zM4 11h2v2H4v-2zm16 0H8v2h12v-2zM4 16h2v2H4v-2zm16 0H8v2h12v-2z\" fill=\"currentColor\"><\/path><\/svg><svg style=\"fill: #999;color:#999\" class=\"arrow-unsorted-368013\" xmlns=\"http:\/\/www.w3.org\/2000\/svg\" width=\"10px\" height=\"10px\" viewBox=\"0 0 24 24\" version=\"1.2\" baseProfile=\"tiny\"><path d=\"M18.2 9.3l-6.2-6.3-6.2 6.3c-.2.2-.3.4-.3.7s.1.5.3.7c.2.2.4.3.7.3h11c.3 0 .5-.1.7-.3.2-.2.3-.5.3-.7s-.1-.5-.3-.7zM5.8 14.7l6.2 6.3 6.2-6.3c.2-.2.3-.5.3-.7s-.1-.5-.3-.7c-.2-.2-.4-.3-.7-.3h-11c-.3 0-.5.1-.7.3-.2.2-.3.5-.3.7s.1.5.3.7z\"\/><\/svg><\/span><\/span><\/span><\/a><\/span><\/div>\n<nav><ul class='ez-toc-list ez-toc-list-level-1 ' ><li class='ez-toc-page-1 ez-toc-heading-level-2'><a class=\"ez-toc-link ez-toc-heading-1\" href=\"https:\/\/lesminis.fr\/blog\/la-terre-vue-depuis-lespace-comprendre-son-equilibre\/#1_Les_donnees_cles_de_la_Terre\" >1) Les donn\u00e9es cl\u00e9s de la Terre<\/a><\/li><li class='ez-toc-page-1 ez-toc-heading-level-2'><a class=\"ez-toc-link ez-toc-heading-2\" href=\"https:\/\/lesminis.fr\/blog\/la-terre-vue-depuis-lespace-comprendre-son-equilibre\/#2_Une_planete_rocheuse_differenciee\" >2) Une plan\u00e8te rocheuse diff\u00e9renci\u00e9e<\/a><\/li><li class='ez-toc-page-1 ez-toc-heading-level-2'><a class=\"ez-toc-link ez-toc-heading-3\" href=\"https:\/\/lesminis.fr\/blog\/la-terre-vue-depuis-lespace-comprendre-son-equilibre\/#3_Un_bouclier_magnetique_protecteur\" >3) Un bouclier magn\u00e9tique protecteur<\/a><\/li><li class='ez-toc-page-1 ez-toc-heading-level-2'><a class=\"ez-toc-link ez-toc-heading-4\" href=\"https:\/\/lesminis.fr\/blog\/la-terre-vue-depuis-lespace-comprendre-son-equilibre\/#4_Latmosphere_une_regulation_fine\" >4) L\u2019atmosph\u00e8re : une r\u00e9gulation fine<\/a><\/li><li class='ez-toc-page-1 ez-toc-heading-level-2'><a class=\"ez-toc-link ez-toc-heading-5\" href=\"https:\/\/lesminis.fr\/blog\/la-terre-vue-depuis-lespace-comprendre-son-equilibre\/#5_Leau_liquide_un_facteur_central\" >5) L\u2019eau liquide : un facteur central<\/a><\/li><li class='ez-toc-page-1 ez-toc-heading-level-2'><a class=\"ez-toc-link ez-toc-heading-6\" href=\"https:\/\/lesminis.fr\/blog\/la-terre-vue-depuis-lespace-comprendre-son-equilibre\/#6_La_tectonique_des_plaques\" >6) La tectonique des plaques<\/a><\/li><li class='ez-toc-page-1 ez-toc-heading-level-2'><a class=\"ez-toc-link ez-toc-heading-7\" href=\"https:\/\/lesminis.fr\/blog\/la-terre-vue-depuis-lespace-comprendre-son-equilibre\/#7_Une_inclinaison_stable\" >7) Une inclinaison stable<\/a><\/li><li class='ez-toc-page-1 ez-toc-heading-level-2'><a class=\"ez-toc-link ez-toc-heading-8\" href=\"https:\/\/lesminis.fr\/blog\/la-terre-vue-depuis-lespace-comprendre-son-equilibre\/#8_Pourquoi_la_Terre_est-elle_bleue\" >8) Pourquoi la Terre est-elle bleue ?<\/a><\/li><li class='ez-toc-page-1 ez-toc-heading-level-2'><a class=\"ez-toc-link ez-toc-heading-9\" href=\"https:\/\/lesminis.fr\/blog\/la-terre-vue-depuis-lespace-comprendre-son-equilibre\/#9_Une_planete_dynamique_non_figee\" >9) Une plan\u00e8te dynamique, non fig\u00e9e<\/a><\/li><li class='ez-toc-page-1 ez-toc-heading-level-2'><a class=\"ez-toc-link ez-toc-heading-10\" href=\"https:\/\/lesminis.fr\/blog\/la-terre-vue-depuis-lespace-comprendre-son-equilibre\/#10_Une_reference_pour_comprendre_les_autres_mondes\" >10) Une r\u00e9f\u00e9rence pour comprendre les autres mondes<\/a><\/li><\/ul><\/nav><\/div>\n<h2><span class=\"ez-toc-section\" id=\"1_Les_donnees_cles_de_la_Terre\"><\/span>1) Les donn\u00e9es cl\u00e9s de la Terre<span class=\"ez-toc-section-end\"><\/span><\/h2>\n<ul>\n<li><strong>Distance moyenne au Soleil :<\/strong> environ 150 millions de kilom\u00e8tres (1 unit\u00e9 astronomique).<\/li>\n<li><strong>Diam\u00e8tre :<\/strong> 12 742 kilom\u00e8tres.<\/li>\n<li><strong>Dur\u00e9e d\u2019une rotation :<\/strong> environ 24 heures.<\/li>\n<li><strong>Dur\u00e9e d\u2019une r\u00e9volution :<\/strong> environ 365,25 jours.<\/li>\n<li><strong>Surface recouverte d\u2019eau :<\/strong> environ 71 %.<\/li>\n<li><strong>Temp\u00e9rature moyenne globale :<\/strong> environ 15\u00b0C.<\/li>\n<\/ul>\n<p>Ces chiffres simples r\u00e9v\u00e8lent d\u00e9j\u00e0 une r\u00e9alit\u00e9 importante : la Terre se situe \u00e0 une distance du Soleil permettant \u00e0 l\u2019eau de rester liquide en surface. Cette position joue un r\u00f4le fondamental dans son \u00e9quilibre thermique.<\/p>\n<h2><span class=\"ez-toc-section\" id=\"2_Une_planete_rocheuse_differenciee\"><\/span>2) Une plan\u00e8te rocheuse diff\u00e9renci\u00e9e<span class=\"ez-toc-section-end\"><\/span><\/h2>\n<p>Comme Mercure, V\u00e9nus et Mars, la Terre est une plan\u00e8te tellurique. Elle poss\u00e8de une structure interne organis\u00e9e en couches :<\/p>\n<ul>\n<li><strong>Un noyau interne solide<\/strong>, principalement compos\u00e9 de fer.<\/li>\n<li><strong>Un noyau externe liquide<\/strong>, \u00e9galement riche en fer et nickel.<\/li>\n<li><strong>Un manteau<\/strong> \u00e9pais constitu\u00e9 de roches silicat\u00e9es.<\/li>\n<li><strong>Une cro\u00fbte<\/strong>, relativement fine, sur laquelle nous vivons.<\/li>\n<\/ul>\n<p>La pr\u00e9sence d\u2019un noyau externe liquide est essentielle : c\u2019est lui qui g\u00e9n\u00e8re le <strong>champ magn\u00e9tique terrestre<\/strong>.<\/p>\n<h2><span class=\"ez-toc-section\" id=\"3_Un_bouclier_magnetique_protecteur\"><\/span>3) Un bouclier magn\u00e9tique protecteur<span class=\"ez-toc-section-end\"><\/span><\/h2>\n<p>Le champ magn\u00e9tique terrestre agit comme un bouclier face au vent solaire, flux de particules charg\u00e9es \u00e9mis par le Soleil. Sans cette protection, l\u2019atmosph\u00e8re pourrait progressivement \u00eatre \u00e9rod\u00e9e.<\/p>\n<p>Ce ph\u00e9nom\u00e8ne semble avoir affect\u00e9 Mars, dont l\u2019atmosph\u00e8re est aujourd\u2019hui tr\u00e8s t\u00e9nue. Comparer ces trajectoires permet de comprendre l\u2019importance du noyau actif.<\/p>\n<p><a href=\"\/mars-desert-rouge-ou-ancienne-planete-vivante\/\">Mars : d\u00e9sert rouge ou ancienne plan\u00e8te vivante ?<\/a><\/p>\n<h2><span class=\"ez-toc-section\" id=\"4_Latmosphere_une_regulation_fine\"><\/span>4) L\u2019atmosph\u00e8re : une r\u00e9gulation fine<span class=\"ez-toc-section-end\"><\/span><\/h2>\n<p>L\u2019atmosph\u00e8re terrestre est compos\u00e9e principalement de :<\/p>\n<ul>\n<li>78 % d\u2019azote<\/li>\n<li>21 % d\u2019oxyg\u00e8ne<\/li>\n<li>Des traces d\u2019autres gaz (argon, dioxyde de carbone, vapeur d\u2019eau)<\/li>\n<\/ul>\n<p>Elle joue plusieurs r\u00f4les :<\/p>\n<ul>\n<li>Maintenir une pression compatible avec l\u2019eau liquide.<\/li>\n<li>Prot\u00e9ger la surface des rayonnements nocifs.<\/li>\n<li>R\u00e9guler la temp\u00e9rature gr\u00e2ce \u00e0 un effet de serre mod\u00e9r\u00e9.<\/li>\n<\/ul>\n<p>Contrairement \u00e0 V\u00e9nus, o\u00f9 l\u2019effet de serre est extr\u00eame, l\u2019\u00e9quilibre terrestre est stabilis\u00e9 par des cycles naturels, notamment le cycle du carbone.<\/p>\n<p><a href=\"\/venus-enfer-lumineux-du-systeme-solaire\/\">V\u00e9nus, l\u2019enfer lumineux du syst\u00e8me solaire<\/a><\/p>\n<h2><span class=\"ez-toc-section\" id=\"5_Leau_liquide_un_facteur_central\"><\/span>5) L\u2019eau liquide : un facteur central<span class=\"ez-toc-section-end\"><\/span><\/h2>\n<p>La Terre est actuellement la seule plan\u00e8te connue du syst\u00e8me solaire o\u00f9 l\u2019eau existe de mani\u00e8re stable sous forme liquide \u00e0 la surface. Cette eau absorbe et redistribue la chaleur solaire gr\u00e2ce aux courants oc\u00e9aniques.<\/p>\n<p>Les oc\u00e9ans agissent comme un r\u00e9gulateur thermique plan\u00e9taire. Ils amortissent les variations de temp\u00e9rature et participent au cycle climatique global.<\/p>\n<p>Les calottes polaires, les glaciers et les nuages font \u00e9galement partie de ce syst\u00e8me hydrologique dynamique.<\/p>\n<h2><span class=\"ez-toc-section\" id=\"6_La_tectonique_des_plaques\"><\/span>6) La tectonique des plaques<span class=\"ez-toc-section-end\"><\/span><\/h2>\n<p>La Terre pr\u00e9sente une tectonique des plaques active. Les plaques lithosph\u00e9riques se d\u00e9placent lentement sur le manteau sup\u00e9rieur.<\/p>\n<p>Ce processus :<\/p>\n<ul>\n<li>Recycle la cro\u00fbte terrestre.<\/li>\n<li>Participe \u00e0 la formation des montagnes.<\/li>\n<li>R\u00e9gule le dioxyde de carbone \u00e0 long terme.<\/li>\n<\/ul>\n<p>Ce m\u00e9canisme contribue \u00e0 la stabilit\u00e9 climatique sur des millions d\u2019ann\u00e9es, ce qui distingue fortement la Terre des autres plan\u00e8tes rocheuses.<\/p>\n<h2><span class=\"ez-toc-section\" id=\"7_Une_inclinaison_stable\"><\/span>7) Une inclinaison stable<span class=\"ez-toc-section-end\"><\/span><\/h2>\n<p>L\u2019axe de rotation terrestre est inclin\u00e9 d\u2019environ 23,5 degr\u00e9s. Cette inclinaison est responsable des saisons.<\/p>\n<p>La pr\u00e9sence de la Lune joue un r\u00f4le stabilisateur important sur cette inclinaison. Sans elle, les variations pourraient \u00eatre plus importantes, entra\u00eenant des changements climatiques majeurs \u00e0 long terme.<\/p>\n<h2><span class=\"ez-toc-section\" id=\"8_Pourquoi_la_Terre_est-elle_bleue\"><\/span>8) Pourquoi la Terre est-elle bleue ?<span class=\"ez-toc-section-end\"><\/span><\/h2>\n<figure id=\"attachment_6049\" aria-describedby=\"caption-attachment-6049\" style=\"width: 1000px\" class=\"wp-caption alignnone\"><img loading=\"lazy\" decoding=\"async\" class=\"size-full wp-image-6049\" src=\"https:\/\/lesminis.fr\/blog\/wp-content\/uploads\/2026\/03\/terre-planete-fond-noir.jpg\" alt=\"Terre fond noir\" width=\"1000\" height=\"1000\" srcset=\"https:\/\/lesminis.fr\/blog\/wp-content\/uploads\/2026\/03\/terre-planete-fond-noir.jpg 1000w, https:\/\/lesminis.fr\/blog\/wp-content\/uploads\/2026\/03\/terre-planete-fond-noir-300x300.jpg 300w, https:\/\/lesminis.fr\/blog\/wp-content\/uploads\/2026\/03\/terre-planete-fond-noir-150x150.jpg 150w, https:\/\/lesminis.fr\/blog\/wp-content\/uploads\/2026\/03\/terre-planete-fond-noir-768x768.jpg 768w, https:\/\/lesminis.fr\/blog\/wp-content\/uploads\/2026\/03\/terre-planete-fond-noir-420x420.jpg 420w, https:\/\/lesminis.fr\/blog\/wp-content\/uploads\/2026\/03\/terre-planete-fond-noir-696x696.jpg 696w\" sizes=\"auto, (max-width: 1000px) 100vw, 1000px\" \/><figcaption id=\"caption-attachment-6049\" class=\"wp-caption-text\">La terre<\/figcaption><\/figure>\n<p>La couleur bleue dominante visible depuis l\u2019espace s\u2019explique par la combinaison :<\/p>\n<ul>\n<li>Des oc\u00e9ans couvrant la majorit\u00e9 de la surface.<\/li>\n<li>De la diffusion de la lumi\u00e8re solaire par l\u2019atmosph\u00e8re.<\/li>\n<\/ul>\n<p>Ce bleu profond est devenu un symbole de fragilit\u00e9 et d\u2019\u00e9quilibre plan\u00e9taire.<\/p>\n<h2><span class=\"ez-toc-section\" id=\"9_Une_planete_dynamique_non_figee\"><\/span>9) Une plan\u00e8te dynamique, non fig\u00e9e<span class=\"ez-toc-section-end\"><\/span><\/h2>\n<p>La Terre n\u2019est pas un syst\u00e8me immobile. Son climat a vari\u00e9 au cours des \u00e8res g\u00e9ologiques. Des p\u00e9riodes glaciaires et des p\u00e9riodes plus chaudes se sont succ\u00e9d\u00e9.<\/p>\n<p>Son \u00e9quilibre actuel est le r\u00e9sultat d\u2019interactions constantes entre l\u2019int\u00e9rieur de la plan\u00e8te, son atmosph\u00e8re, ses oc\u00e9ans et l\u2019\u00e9nergie solaire.<\/p>\n<h2><span class=\"ez-toc-section\" id=\"10_Une_reference_pour_comprendre_les_autres_mondes\"><\/span>10) Une r\u00e9f\u00e9rence pour comprendre les autres mondes<span class=\"ez-toc-section-end\"><\/span><\/h2>\n<p>\u00c9tudier la Terre permet de mieux comprendre :<\/p>\n<ul>\n<li>Pourquoi V\u00e9nus a \u00e9volu\u00e9 vers un effet de serre extr\u00eame.<\/li>\n<li>Pourquoi Mars a perdu une grande partie de son atmosph\u00e8re.<\/li>\n<li>Comment des plan\u00e8tes autour d\u2019autres \u00e9toiles pourraient maintenir de l\u2019eau liquide.<\/li>\n<\/ul>\n<p>La Terre est donc \u00e0 la fois notre foyer et notre mod\u00e8le de comparaison pour l\u2019\u00e9tude des exoplan\u00e8tes.<\/p>\n<p>Pour revenir \u00e0 la vue d\u2019ensemble :<\/p>\n<p><a href=\"\/systeme-solaire-equilibre-fragile\/\">Le syst\u00e8me solaire : l\u2019\u00e9quilibre fragile qui tient tout ensemble<\/a><\/p>\n","protected":false},"excerpt":{"rendered":"<p>Vue depuis l\u2019espace, la Terre appara\u00eet comme une sph\u00e8re bleue lumineuse, recouverte de nuages blancs et bord\u00e9e d\u2019un fin halo atmosph\u00e9rique. Cette image embl\u00e9matique lui vaut souvent le nom de \u201cplan\u00e8te bleue\u201d. Cette couleur dominante n\u2019est pas un hasard : environ 71 % de la surface terrestre est recouverte d\u2019eau, principalement sous forme d\u2019oc\u00e9ans. Mais [&hellip;]<\/p>\n","protected":false},"author":1,"featured_media":6048,"comment_status":"open","ping_status":"closed","sticky":false,"template":"","format":"standard","meta":{"_acf_changed":false,"footnotes":""},"categories":[1937],"tags":[2370,2371,2367,2373,2369,2363,2359,2372,2358,2374],"class_list":{"0":"post-6039","1":"post","2":"type-post","3":"status-publish","4":"format-standard","5":"has-post-thumbnail","7":"category-ecodex-habitats-biomes-nature","8":"tag-71-eau","9":"tag-atmosphere-terrestre","10":"tag-champ-magnetique","11":"tag-distance-terre-soleil","12":"tag-planete-bleue","13":"tag-planete-rocheuse","14":"tag-systeme-solaire","15":"tag-tectonique-des-plaques","16":"tag-terre","17":"tag-zone-habitable"},"acf":[],"yoast_head":"<!-- This site is optimized with the Yoast SEO Premium plugin v27.1 (Yoast SEO v27.1.1) - https:\/\/yoast.com\/product\/yoast-seo-premium-wordpress\/ -->\n<title>La Terre vue depuis l\u2019espace : comprendre son \u00e9quilibre plan\u00e9taire<\/title>\n<meta name=\"description\" content=\"Diam\u00e8tre, distance au Soleil, pourcentage d\u2019eau, atmosph\u00e8re, champ magn\u00e9tique : comprendre pourquoi la Terre est une plan\u00e8te unique dans le syst\u00e8me solaire.\" \/>\n<meta name=\"robots\" content=\"index, follow, max-snippet:-1, max-image-preview:large, max-video-preview:-1\" \/>\n<link rel=\"canonical\" href=\"https:\/\/lesminis.fr\/blog\/la-terre-vue-depuis-lespace-comprendre-son-equilibre\/\" \/>\n<meta property=\"og:locale\" content=\"fr_FR\" \/>\n<meta property=\"og:type\" content=\"article\" \/>\n<meta property=\"og:title\" content=\"La Terre vue depuis l\u2019espace : comprendre son \u00e9quilibre\" \/>\n<meta property=\"og:description\" content=\"Diam\u00e8tre, distance au Soleil, pourcentage d\u2019eau, atmosph\u00e8re, champ magn\u00e9tique : comprendre pourquoi la Terre est une plan\u00e8te unique dans le syst\u00e8me solaire.\" \/>\n<meta property=\"og:url\" content=\"https:\/\/lesminis.fr\/blog\/la-terre-vue-depuis-lespace-comprendre-son-equilibre\/\" \/>\n<meta property=\"og:site_name\" content=\"LesMinis Le Blog - Mat\u00e9riels \u00e9ducatifs - Figurines p\u00e9dagogiques\" \/>\n<meta property=\"article:publisher\" content=\"https:\/\/fr-fr.facebook.com\/LesMinis.fr\/\" \/>\n<meta property=\"article:author\" content=\"https:\/\/www.facebook.com\/LesMinis.fr\/\" \/>\n<meta property=\"article:published_time\" content=\"2026-04-26T07:43:05+00:00\" \/>\n<meta property=\"article:modified_time\" content=\"2026-04-28T09:10:18+00:00\" \/>\n<meta property=\"og:image\" content=\"https:\/\/lesminis.fr\/blog\/wp-content\/uploads\/2026\/03\/terre-planete-bleue-1.jpeg\" \/>\n\t<meta property=\"og:image:width\" content=\"1456\" \/>\n\t<meta property=\"og:image:height\" content=\"816\" \/>\n\t<meta property=\"og:image:type\" content=\"image\/jpeg\" \/>\n<meta name=\"author\" content=\"LesMinis\" \/>\n<meta name=\"twitter:label1\" content=\"\u00c9crit par\" \/>\n\t<meta name=\"twitter:data1\" content=\"LesMinis\" \/>\n\t<meta name=\"twitter:label2\" content=\"Dur\u00e9e de lecture estim\u00e9e\" \/>\n\t<meta name=\"twitter:data2\" content=\"5 minutes\" \/>\n<script type=\"application\/ld+json\" class=\"yoast-schema-graph\">{\"@context\":\"https:\/\/schema.org\",\"@graph\":[{\"@type\":[\"Article\",\"BlogPosting\"],\"@id\":\"https:\/\/lesminis.fr\/blog\/la-terre-vue-depuis-lespace-comprendre-son-equilibre\/#article\",\"isPartOf\":{\"@id\":\"https:\/\/lesminis.fr\/blog\/la-terre-vue-depuis-lespace-comprendre-son-equilibre\/\"},\"author\":{\"name\":\"LesMinis\",\"@id\":\"https:\/\/lesminis.fr\/blog\/#\/schema\/person\/4a1be8c8c70a7d945af71674957cf83e\"},\"headline\":\"La Terre vue depuis l\u2019espace : comprendre son \u00e9quilibre\",\"datePublished\":\"2026-04-26T07:43:05+00:00\",\"dateModified\":\"2026-04-28T09:10:18+00:00\",\"mainEntityOfPage\":{\"@id\":\"https:\/\/lesminis.fr\/blog\/la-terre-vue-depuis-lespace-comprendre-son-equilibre\/\"},\"wordCount\":943,\"commentCount\":0,\"publisher\":{\"@id\":\"https:\/\/lesminis.fr\/blog\/#organization\"},\"image\":{\"@id\":\"https:\/\/lesminis.fr\/blog\/la-terre-vue-depuis-lespace-comprendre-son-equilibre\/#primaryimage\"},\"thumbnailUrl\":\"https:\/\/lesminis.fr\/blog\/wp-content\/uploads\/2026\/03\/terre-planete-bleue-1.jpeg\",\"keywords\":[\"71% eau\",\"atmosph\u00e8re terrestre\",\"champ magn\u00e9tique\",\"distance Terre Soleil\",\"plan\u00e8te bleue\",\"plan\u00e8te rocheuse\",\"syst\u00e8me solaire\",\"tectonique des plaques\",\"Terre\",\"zone habitable\"],\"articleSection\":[\"EcoDex \u2014 Habitats, biomes et d\u00e9couvertes de la nature\"],\"inLanguage\":\"fr-FR\",\"potentialAction\":[{\"@type\":\"CommentAction\",\"name\":\"Comment\",\"target\":[\"https:\/\/lesminis.fr\/blog\/la-terre-vue-depuis-lespace-comprendre-son-equilibre\/#respond\"]}]},{\"@type\":\"WebPage\",\"@id\":\"https:\/\/lesminis.fr\/blog\/la-terre-vue-depuis-lespace-comprendre-son-equilibre\/\",\"url\":\"https:\/\/lesminis.fr\/blog\/la-terre-vue-depuis-lespace-comprendre-son-equilibre\/\",\"name\":\"La Terre vue depuis l\u2019espace : comprendre son \u00e9quilibre plan\u00e9taire\",\"isPartOf\":{\"@id\":\"https:\/\/lesminis.fr\/blog\/#website\"},\"primaryImageOfPage\":{\"@id\":\"https:\/\/lesminis.fr\/blog\/la-terre-vue-depuis-lespace-comprendre-son-equilibre\/#primaryimage\"},\"image\":{\"@id\":\"https:\/\/lesminis.fr\/blog\/la-terre-vue-depuis-lespace-comprendre-son-equilibre\/#primaryimage\"},\"thumbnailUrl\":\"https:\/\/lesminis.fr\/blog\/wp-content\/uploads\/2026\/03\/terre-planete-bleue-1.jpeg\",\"datePublished\":\"2026-04-26T07:43:05+00:00\",\"dateModified\":\"2026-04-28T09:10:18+00:00\",\"description\":\"Diam\u00e8tre, distance au Soleil, pourcentage d\u2019eau, atmosph\u00e8re, champ magn\u00e9tique : comprendre pourquoi la Terre est une plan\u00e8te unique dans le syst\u00e8me solaire.\",\"breadcrumb\":{\"@id\":\"https:\/\/lesminis.fr\/blog\/la-terre-vue-depuis-lespace-comprendre-son-equilibre\/#breadcrumb\"},\"inLanguage\":\"fr-FR\",\"potentialAction\":[{\"@type\":\"ReadAction\",\"target\":[\"https:\/\/lesminis.fr\/blog\/la-terre-vue-depuis-lespace-comprendre-son-equilibre\/\"]}]},{\"@type\":\"ImageObject\",\"inLanguage\":\"fr-FR\",\"@id\":\"https:\/\/lesminis.fr\/blog\/la-terre-vue-depuis-lespace-comprendre-son-equilibre\/#primaryimage\",\"url\":\"https:\/\/lesminis.fr\/blog\/wp-content\/uploads\/2026\/03\/terre-planete-bleue-1.jpeg\",\"contentUrl\":\"https:\/\/lesminis.fr\/blog\/wp-content\/uploads\/2026\/03\/terre-planete-bleue-1.jpeg\",\"width\":1456,\"height\":816,\"caption\":\"La Terre vue depuis l\u2019espace avec oc\u00e9ans bleus et fine atmosph\u00e8re lumineuse.\"},{\"@type\":\"BreadcrumbList\",\"@id\":\"https:\/\/lesminis.fr\/blog\/la-terre-vue-depuis-lespace-comprendre-son-equilibre\/#breadcrumb\",\"itemListElement\":[{\"@type\":\"ListItem\",\"position\":1,\"name\":\"Accueil\",\"item\":\"https:\/\/lesminis.fr\/blog\/\"},{\"@type\":\"ListItem\",\"position\":2,\"name\":\"La Terre vue depuis l\u2019espace : comprendre son \u00e9quilibre\"}]},{\"@type\":\"WebSite\",\"@id\":\"https:\/\/lesminis.fr\/blog\/#website\",\"url\":\"https:\/\/lesminis.fr\/blog\/\",\"name\":\"LesMinis Le Blog - Mat\u00e9riels \u00e9ducatifs - Figurines p\u00e9dagogiques\",\"description\":\"D\u00e9couvrez notre actualit\u00e9, figurines, mat\u00e9riel \u00e9ducatif, activit\u00e9s Montessori\",\"publisher\":{\"@id\":\"https:\/\/lesminis.fr\/blog\/#organization\"},\"potentialAction\":[{\"@type\":\"SearchAction\",\"target\":{\"@type\":\"EntryPoint\",\"urlTemplate\":\"https:\/\/lesminis.fr\/blog\/?s={search_term_string}\"},\"query-input\":{\"@type\":\"PropertyValueSpecification\",\"valueRequired\":true,\"valueName\":\"search_term_string\"}}],\"inLanguage\":\"fr-FR\"},{\"@type\":\"Organization\",\"@id\":\"https:\/\/lesminis.fr\/blog\/#organization\",\"name\":\"LesMinis - Sp\u00e9cialiste mat\u00e9riel p\u00e9dagogiques - Figurines \u00e9ducatives - Mat\u00e9riel Montessori\",\"url\":\"https:\/\/lesminis.fr\/blog\/\",\"logo\":{\"@type\":\"ImageObject\",\"inLanguage\":\"fr-FR\",\"@id\":\"https:\/\/lesminis.fr\/blog\/#\/schema\/logo\/image\/\",\"url\":\"https:\/\/lesminis.fr\/blog\/wp-content\/uploads\/2023\/03\/nouveau-logo-lesminis.png\",\"contentUrl\":\"https:\/\/lesminis.fr\/blog\/wp-content\/uploads\/2023\/03\/nouveau-logo-lesminis.png\",\"width\":500,\"height\":175,\"caption\":\"LesMinis - Sp\u00e9cialiste mat\u00e9riel p\u00e9dagogiques - Figurines \u00e9ducatives - Mat\u00e9riel Montessori\"},\"image\":{\"@id\":\"https:\/\/lesminis.fr\/blog\/#\/schema\/logo\/image\/\"},\"sameAs\":[\"https:\/\/fr-fr.facebook.com\/LesMinis.fr\/\",\"https:\/\/www.instagram.com\/lesminis.fr\/\",\"https:\/\/www.tiktok.com\/@lesminis.fr\",\"https:\/\/www.pinterest.fr\/lesminisfr\/\"]},{\"@type\":\"Person\",\"@id\":\"https:\/\/lesminis.fr\/blog\/#\/schema\/person\/4a1be8c8c70a7d945af71674957cf83e\",\"name\":\"LesMinis\",\"image\":{\"@type\":\"ImageObject\",\"inLanguage\":\"fr-FR\",\"@id\":\"https:\/\/lesminis.fr\/blog\/#\/schema\/person\/image\/\",\"url\":\"https:\/\/secure.gravatar.com\/avatar\/288cd93d352b3465f2bd0701b1f2bb059b68dc3a70c4fda061bad8e6c9f8d865?s=96&d=blank&r=g\",\"contentUrl\":\"https:\/\/secure.gravatar.com\/avatar\/288cd93d352b3465f2bd0701b1f2bb059b68dc3a70c4fda061bad8e6c9f8d865?s=96&d=blank&r=g\",\"caption\":\"LesMinis\"},\"sameAs\":[\"https:\/\/lesminis.fr\/blog\",\"https:\/\/www.facebook.com\/LesMinis.fr\/\",\"https:\/\/www.instagram.com\/lesminis.fr\/\",\"https:\/\/www.pinterest.fr\/lesminisfr\/\"],\"url\":\"https:\/\/lesminis.fr\/blog\/author\/lesminis\/\"}]}<\/script>\n<!-- \/ Yoast SEO Premium plugin. -->","yoast_head_json":{"title":"La Terre vue depuis l\u2019espace : comprendre son \u00e9quilibre plan\u00e9taire","description":"Diam\u00e8tre, distance au Soleil, pourcentage d\u2019eau, atmosph\u00e8re, champ magn\u00e9tique : comprendre pourquoi la Terre est une plan\u00e8te unique dans le syst\u00e8me solaire.","robots":{"index":"index","follow":"follow","max-snippet":"max-snippet:-1","max-image-preview":"max-image-preview:large","max-video-preview":"max-video-preview:-1"},"canonical":"https:\/\/lesminis.fr\/blog\/la-terre-vue-depuis-lespace-comprendre-son-equilibre\/","og_locale":"fr_FR","og_type":"article","og_title":"La Terre vue depuis l\u2019espace : comprendre son \u00e9quilibre","og_description":"Diam\u00e8tre, distance au Soleil, pourcentage d\u2019eau, atmosph\u00e8re, champ magn\u00e9tique : comprendre pourquoi la Terre est une plan\u00e8te unique dans le syst\u00e8me solaire.","og_url":"https:\/\/lesminis.fr\/blog\/la-terre-vue-depuis-lespace-comprendre-son-equilibre\/","og_site_name":"LesMinis Le Blog - Mat\u00e9riels \u00e9ducatifs - Figurines p\u00e9dagogiques","article_publisher":"https:\/\/fr-fr.facebook.com\/LesMinis.fr\/","article_author":"https:\/\/www.facebook.com\/LesMinis.fr\/","article_published_time":"2026-04-26T07:43:05+00:00","article_modified_time":"2026-04-28T09:10:18+00:00","og_image":[{"width":1456,"height":816,"url":"https:\/\/lesminis.fr\/blog\/wp-content\/uploads\/2026\/03\/terre-planete-bleue-1.jpeg","type":"image\/jpeg"}],"author":"LesMinis","twitter_misc":{"\u00c9crit par":"LesMinis","Dur\u00e9e de lecture estim\u00e9e":"5 minutes"},"schema":{"@context":"https:\/\/schema.org","@graph":[{"@type":["Article","BlogPosting"],"@id":"https:\/\/lesminis.fr\/blog\/la-terre-vue-depuis-lespace-comprendre-son-equilibre\/#article","isPartOf":{"@id":"https:\/\/lesminis.fr\/blog\/la-terre-vue-depuis-lespace-comprendre-son-equilibre\/"},"author":{"name":"LesMinis","@id":"https:\/\/lesminis.fr\/blog\/#\/schema\/person\/4a1be8c8c70a7d945af71674957cf83e"},"headline":"La Terre vue depuis l\u2019espace : comprendre son \u00e9quilibre","datePublished":"2026-04-26T07:43:05+00:00","dateModified":"2026-04-28T09:10:18+00:00","mainEntityOfPage":{"@id":"https:\/\/lesminis.fr\/blog\/la-terre-vue-depuis-lespace-comprendre-son-equilibre\/"},"wordCount":943,"commentCount":0,"publisher":{"@id":"https:\/\/lesminis.fr\/blog\/#organization"},"image":{"@id":"https:\/\/lesminis.fr\/blog\/la-terre-vue-depuis-lespace-comprendre-son-equilibre\/#primaryimage"},"thumbnailUrl":"https:\/\/lesminis.fr\/blog\/wp-content\/uploads\/2026\/03\/terre-planete-bleue-1.jpeg","keywords":["71% eau","atmosph\u00e8re terrestre","champ magn\u00e9tique","distance Terre Soleil","plan\u00e8te bleue","plan\u00e8te rocheuse","syst\u00e8me solaire","tectonique des plaques","Terre","zone habitable"],"articleSection":["EcoDex \u2014 Habitats, biomes et d\u00e9couvertes de la nature"],"inLanguage":"fr-FR","potentialAction":[{"@type":"CommentAction","name":"Comment","target":["https:\/\/lesminis.fr\/blog\/la-terre-vue-depuis-lespace-comprendre-son-equilibre\/#respond"]}]},{"@type":"WebPage","@id":"https:\/\/lesminis.fr\/blog\/la-terre-vue-depuis-lespace-comprendre-son-equilibre\/","url":"https:\/\/lesminis.fr\/blog\/la-terre-vue-depuis-lespace-comprendre-son-equilibre\/","name":"La Terre vue depuis l\u2019espace : comprendre son \u00e9quilibre plan\u00e9taire","isPartOf":{"@id":"https:\/\/lesminis.fr\/blog\/#website"},"primaryImageOfPage":{"@id":"https:\/\/lesminis.fr\/blog\/la-terre-vue-depuis-lespace-comprendre-son-equilibre\/#primaryimage"},"image":{"@id":"https:\/\/lesminis.fr\/blog\/la-terre-vue-depuis-lespace-comprendre-son-equilibre\/#primaryimage"},"thumbnailUrl":"https:\/\/lesminis.fr\/blog\/wp-content\/uploads\/2026\/03\/terre-planete-bleue-1.jpeg","datePublished":"2026-04-26T07:43:05+00:00","dateModified":"2026-04-28T09:10:18+00:00","description":"Diam\u00e8tre, distance au Soleil, pourcentage d\u2019eau, atmosph\u00e8re, champ magn\u00e9tique : comprendre pourquoi la Terre est une plan\u00e8te unique dans le syst\u00e8me solaire.","breadcrumb":{"@id":"https:\/\/lesminis.fr\/blog\/la-terre-vue-depuis-lespace-comprendre-son-equilibre\/#breadcrumb"},"inLanguage":"fr-FR","potentialAction":[{"@type":"ReadAction","target":["https:\/\/lesminis.fr\/blog\/la-terre-vue-depuis-lespace-comprendre-son-equilibre\/"]}]},{"@type":"ImageObject","inLanguage":"fr-FR","@id":"https:\/\/lesminis.fr\/blog\/la-terre-vue-depuis-lespace-comprendre-son-equilibre\/#primaryimage","url":"https:\/\/lesminis.fr\/blog\/wp-content\/uploads\/2026\/03\/terre-planete-bleue-1.jpeg","contentUrl":"https:\/\/lesminis.fr\/blog\/wp-content\/uploads\/2026\/03\/terre-planete-bleue-1.jpeg","width":1456,"height":816,"caption":"La Terre vue depuis l\u2019espace avec oc\u00e9ans bleus et fine atmosph\u00e8re lumineuse."},{"@type":"BreadcrumbList","@id":"https:\/\/lesminis.fr\/blog\/la-terre-vue-depuis-lespace-comprendre-son-equilibre\/#breadcrumb","itemListElement":[{"@type":"ListItem","position":1,"name":"Accueil","item":"https:\/\/lesminis.fr\/blog\/"},{"@type":"ListItem","position":2,"name":"La Terre vue depuis l\u2019espace : comprendre son \u00e9quilibre"}]},{"@type":"WebSite","@id":"https:\/\/lesminis.fr\/blog\/#website","url":"https:\/\/lesminis.fr\/blog\/","name":"LesMinis Le Blog - Mat\u00e9riels \u00e9ducatifs - Figurines p\u00e9dagogiques","description":"D\u00e9couvrez notre actualit\u00e9, figurines, mat\u00e9riel \u00e9ducatif, activit\u00e9s Montessori","publisher":{"@id":"https:\/\/lesminis.fr\/blog\/#organization"},"potentialAction":[{"@type":"SearchAction","target":{"@type":"EntryPoint","urlTemplate":"https:\/\/lesminis.fr\/blog\/?s={search_term_string}"},"query-input":{"@type":"PropertyValueSpecification","valueRequired":true,"valueName":"search_term_string"}}],"inLanguage":"fr-FR"},{"@type":"Organization","@id":"https:\/\/lesminis.fr\/blog\/#organization","name":"LesMinis - Sp\u00e9cialiste mat\u00e9riel p\u00e9dagogiques - Figurines \u00e9ducatives - Mat\u00e9riel Montessori","url":"https:\/\/lesminis.fr\/blog\/","logo":{"@type":"ImageObject","inLanguage":"fr-FR","@id":"https:\/\/lesminis.fr\/blog\/#\/schema\/logo\/image\/","url":"https:\/\/lesminis.fr\/blog\/wp-content\/uploads\/2023\/03\/nouveau-logo-lesminis.png","contentUrl":"https:\/\/lesminis.fr\/blog\/wp-content\/uploads\/2023\/03\/nouveau-logo-lesminis.png","width":500,"height":175,"caption":"LesMinis - Sp\u00e9cialiste mat\u00e9riel p\u00e9dagogiques - Figurines \u00e9ducatives - Mat\u00e9riel Montessori"},"image":{"@id":"https:\/\/lesminis.fr\/blog\/#\/schema\/logo\/image\/"},"sameAs":["https:\/\/fr-fr.facebook.com\/LesMinis.fr\/","https:\/\/www.instagram.com\/lesminis.fr\/","https:\/\/www.tiktok.com\/@lesminis.fr","https:\/\/www.pinterest.fr\/lesminisfr\/"]},{"@type":"Person","@id":"https:\/\/lesminis.fr\/blog\/#\/schema\/person\/4a1be8c8c70a7d945af71674957cf83e","name":"LesMinis","image":{"@type":"ImageObject","inLanguage":"fr-FR","@id":"https:\/\/lesminis.fr\/blog\/#\/schema\/person\/image\/","url":"https:\/\/secure.gravatar.com\/avatar\/288cd93d352b3465f2bd0701b1f2bb059b68dc3a70c4fda061bad8e6c9f8d865?s=96&d=blank&r=g","contentUrl":"https:\/\/secure.gravatar.com\/avatar\/288cd93d352b3465f2bd0701b1f2bb059b68dc3a70c4fda061bad8e6c9f8d865?s=96&d=blank&r=g","caption":"LesMinis"},"sameAs":["https:\/\/lesminis.fr\/blog","https:\/\/www.facebook.com\/LesMinis.fr\/","https:\/\/www.instagram.com\/lesminis.fr\/","https:\/\/www.pinterest.fr\/lesminisfr\/"],"url":"https:\/\/lesminis.fr\/blog\/author\/lesminis\/"}]}},"_links":{"self":[{"href":"https:\/\/lesminis.fr\/blog\/wp-json\/wp\/v2\/posts\/6039","targetHints":{"allow":["GET"]}}],"collection":[{"href":"https:\/\/lesminis.fr\/blog\/wp-json\/wp\/v2\/posts"}],"about":[{"href":"https:\/\/lesminis.fr\/blog\/wp-json\/wp\/v2\/types\/post"}],"author":[{"embeddable":true,"href":"https:\/\/lesminis.fr\/blog\/wp-json\/wp\/v2\/users\/1"}],"replies":[{"embeddable":true,"href":"https:\/\/lesminis.fr\/blog\/wp-json\/wp\/v2\/comments?post=6039"}],"version-history":[{"count":1,"href":"https:\/\/lesminis.fr\/blog\/wp-json\/wp\/v2\/posts\/6039\/revisions"}],"predecessor-version":[{"id":6050,"href":"https:\/\/lesminis.fr\/blog\/wp-json\/wp\/v2\/posts\/6039\/revisions\/6050"}],"wp:featuredmedia":[{"embeddable":true,"href":"https:\/\/lesminis.fr\/blog\/wp-json\/wp\/v2\/media\/6048"}],"wp:attachment":[{"href":"https:\/\/lesminis.fr\/blog\/wp-json\/wp\/v2\/media?parent=6039"}],"wp:term":[{"taxonomy":"category","embeddable":true,"href":"https:\/\/lesminis.fr\/blog\/wp-json\/wp\/v2\/categories?post=6039"},{"taxonomy":"post_tag","embeddable":true,"href":"https:\/\/lesminis.fr\/blog\/wp-json\/wp\/v2\/tags?post=6039"}],"curies":[{"name":"wp","href":"https:\/\/api.w.org\/{rel}","templated":true}]}}