{"id":6038,"date":"2026-04-12T08:43:03","date_gmt":"2026-04-12T07:43:03","guid":{"rendered":"https:\/\/lesminis.fr\/blog\/?p=6038"},"modified":"2026-04-15T08:31:53","modified_gmt":"2026-04-15T07:31:53","slug":"venus-enfer-lumineux-du-systeme-solaire","status":"publish","type":"post","link":"https:\/\/lesminis.fr\/blog\/venus-enfer-lumineux-du-systeme-solaire\/","title":{"rendered":"V\u00e9nus, l\u2019enfer lumineux du syst\u00e8me solaire"},"content":{"rendered":"<p>V\u00e9nus est souvent appel\u00e9e la \u201cjumelle\u201d de la Terre. Sa taille est comparable, sa composition g\u00e9n\u00e9rale aussi. Pourtant, ces deux plan\u00e8tes ont \u00e9volu\u00e9 vers des environnements radicalement diff\u00e9rents. L\u00e0 o\u00f9 la Terre maintient un \u00e9quilibre fragile, V\u00e9nus est devenue l\u2019un des mondes les plus hostiles du syst\u00e8me solaire.<\/p>\n<p>Pour replacer V\u00e9nus dans l\u2019ensemble plan\u00e9taire, vous pouvez relire <a href=\"\/systeme-solaire-equilibre-fragile\/\">Le syst\u00e8me solaire : l\u2019\u00e9quilibre fragile qui tient tout ensemble<\/a> ou approfondir sa famille dans <a href=\"\/planetes-rocheuses-particularites\/\">Les plan\u00e8tes rocheuses : comprendre leur nature et leurs diff\u00e9rences<\/a>.<\/p>\n<div id=\"ez-toc-container\" class=\"ez-toc-v2_0_78 counter-hierarchy ez-toc-counter ez-toc-grey ez-toc-container-direction\">\n<div class=\"ez-toc-title-container\">\n<p class=\"ez-toc-title\" style=\"cursor:inherit\">Table of Contents<\/p>\n<span class=\"ez-toc-title-toggle\"><a href=\"#\" class=\"ez-toc-pull-right ez-toc-btn ez-toc-btn-xs ez-toc-btn-default ez-toc-toggle\" aria-label=\"Toggle Table of Content\"><span class=\"ez-toc-js-icon-con\"><span class=\"\"><span class=\"eztoc-hide\" style=\"display:none;\">Toggle<\/span><span class=\"ez-toc-icon-toggle-span\"><svg style=\"fill: #999;color:#999\" xmlns=\"http:\/\/www.w3.org\/2000\/svg\" class=\"list-377408\" width=\"20px\" height=\"20px\" viewBox=\"0 0 24 24\" fill=\"none\"><path d=\"M6 6H4v2h2V6zm14 0H8v2h12V6zM4 11h2v2H4v-2zm16 0H8v2h12v-2zM4 16h2v2H4v-2zm16 0H8v2h12v-2z\" fill=\"currentColor\"><\/path><\/svg><svg style=\"fill: #999;color:#999\" class=\"arrow-unsorted-368013\" xmlns=\"http:\/\/www.w3.org\/2000\/svg\" width=\"10px\" height=\"10px\" viewBox=\"0 0 24 24\" version=\"1.2\" baseProfile=\"tiny\"><path d=\"M18.2 9.3l-6.2-6.3-6.2 6.3c-.2.2-.3.4-.3.7s.1.5.3.7c.2.2.4.3.7.3h11c.3 0 .5-.1.7-.3.2-.2.3-.5.3-.7s-.1-.5-.3-.7zM5.8 14.7l6.2 6.3 6.2-6.3c.2-.2.3-.5.3-.7s-.1-.5-.3-.7c-.2-.2-.4-.3-.7-.3h-11c-.3 0-.5.1-.7.3-.2.2-.3.5-.3.7s.1.5.3.7z\"\/><\/svg><\/span><\/span><\/span><\/a><\/span><\/div>\n<nav><ul class='ez-toc-list ez-toc-list-level-1 ' ><li class='ez-toc-page-1 ez-toc-heading-level-2'><a class=\"ez-toc-link ez-toc-heading-1\" href=\"https:\/\/lesminis.fr\/blog\/venus-enfer-lumineux-du-systeme-solaire\/#1_Les_donnees_cles_de_Venus\" >1) Les donn\u00e9es cl\u00e9s de V\u00e9nus<\/a><\/li><li class='ez-toc-page-1 ez-toc-heading-level-2'><a class=\"ez-toc-link ez-toc-heading-2\" href=\"https:\/\/lesminis.fr\/blog\/venus-enfer-lumineux-du-systeme-solaire\/#2_Une_planete_presque_jumelle_de_la_Terre\" >2) Une plan\u00e8te presque jumelle de la Terre<\/a><\/li><li class='ez-toc-page-1 ez-toc-heading-level-2'><a class=\"ez-toc-link ez-toc-heading-3\" href=\"https:\/\/lesminis.fr\/blog\/venus-enfer-lumineux-du-systeme-solaire\/#3_Une_atmosphere_ecrasante\" >3) Une atmosph\u00e8re \u00e9crasante<\/a><\/li><li class='ez-toc-page-1 ez-toc-heading-level-2'><a class=\"ez-toc-link ez-toc-heading-4\" href=\"https:\/\/lesminis.fr\/blog\/venus-enfer-lumineux-du-systeme-solaire\/#4_Une_surface_volcanique_et_ancienne\" >4) Une surface volcanique et ancienne<\/a><\/li><li class='ez-toc-page-1 ez-toc-heading-level-2'><a class=\"ez-toc-link ez-toc-heading-5\" href=\"https:\/\/lesminis.fr\/blog\/venus-enfer-lumineux-du-systeme-solaire\/#5_Des_nuages_permanents\" >5) Des nuages permanents<\/a><\/li><li class='ez-toc-page-1 ez-toc-heading-level-2'><a class=\"ez-toc-link ez-toc-heading-6\" href=\"https:\/\/lesminis.fr\/blog\/venus-enfer-lumineux-du-systeme-solaire\/#6_Une_rotation_inhabituelle\" >6) Une rotation inhabituelle<\/a><\/li><li class='ez-toc-page-1 ez-toc-heading-level-2'><a class=\"ez-toc-link ez-toc-heading-7\" href=\"https:\/\/lesminis.fr\/blog\/venus-enfer-lumineux-du-systeme-solaire\/#7_Pourquoi_Venus_est-elle_si_importante_pour_comprendre_la_Terre\" >7) Pourquoi V\u00e9nus est-elle si importante pour comprendre la Terre ?<\/a><\/li><li class='ez-toc-page-1 ez-toc-heading-level-2'><a class=\"ez-toc-link ez-toc-heading-8\" href=\"https:\/\/lesminis.fr\/blog\/venus-enfer-lumineux-du-systeme-solaire\/#8_Visualiser_pour_mieux_comprendre\" >8) Visualiser pour mieux comprendre<\/a><\/li><li class='ez-toc-page-1 ez-toc-heading-level-2'><a class=\"ez-toc-link ez-toc-heading-9\" href=\"https:\/\/lesminis.fr\/blog\/venus-enfer-lumineux-du-systeme-solaire\/#9_Un_monde_dextremes\" >9) Un monde d\u2019extr\u00eames<\/a><\/li><\/ul><\/nav><\/div>\n<h2><span class=\"ez-toc-section\" id=\"1_Les_donnees_cles_de_Venus\"><\/span>1) Les donn\u00e9es cl\u00e9s de V\u00e9nus<span class=\"ez-toc-section-end\"><\/span><\/h2>\n<ul>\n<li><strong>Distance moyenne au Soleil :<\/strong> environ 108 millions de kilom\u00e8tres (0,72 unit\u00e9 astronomique).<\/li>\n<li><strong>Diam\u00e8tre :<\/strong> 12 104 kilom\u00e8tres.<\/li>\n<li><strong>Masse :<\/strong> environ 81,5 % de celle de la Terre.<\/li>\n<li><strong>Dur\u00e9e d\u2019une rotation :<\/strong> environ 243 jours terrestres (rotation r\u00e9trograde).<\/li>\n<li><strong>Dur\u00e9e d\u2019une r\u00e9volution :<\/strong> environ 225 jours terrestres.<\/li>\n<li><strong>Pression atmosph\u00e9rique au sol :<\/strong> environ 90 fois celle de la Terre.<\/li>\n<li><strong>Composition principale de l\u2019atmosph\u00e8re :<\/strong> environ 96 % de dioxyde de carbone.<\/li>\n<li><strong>Temp\u00e9rature moyenne de surface :<\/strong> environ 460 \u00b0C.<\/li>\n<li><strong>Satellites naturels :<\/strong> aucun.<\/li>\n<\/ul>\n<h2><span class=\"ez-toc-section\" id=\"2_Une_planete_presque_jumelle_de_la_Terre\"><\/span>2) Une plan\u00e8te presque jumelle de la Terre<span class=\"ez-toc-section-end\"><\/span><\/h2>\n<p>V\u00e9nus poss\u00e8de un diam\u00e8tre d\u2019environ 12 100 kilom\u00e8tres, tr\u00e8s proche de celui de la Terre. Sa densit\u00e9 et sa structure interne sont comparables : noyau m\u00e9tallique, manteau rocheux, cro\u00fbte solide.<\/p>\n<p>Si l\u2019on observait uniquement sa taille et sa masse, on pourrait penser que V\u00e9nus aurait d\u00fb \u00e9voluer de mani\u00e8re similaire \u00e0 notre plan\u00e8te.<\/p>\n<h2><span class=\"ez-toc-section\" id=\"3_Une_atmosphere_ecrasante\"><\/span>3) Une atmosph\u00e8re \u00e9crasante<span class=\"ez-toc-section-end\"><\/span><\/h2>\n<p>La diff\u00e9rence majeure r\u00e9side dans son atmosph\u00e8re. V\u00e9nus est envelopp\u00e9e d\u2019une couche extr\u00eamement dense compos\u00e9e principalement de dioxyde de carbone.<\/p>\n<p>La pression atmosph\u00e9rique \u00e0 sa surface est environ 90 fois sup\u00e9rieure \u00e0 celle de la Terre. Cela correspond \u00e0 la pression que l\u2019on trouverait \u00e0 pr\u00e8s d\u2019un kilom\u00e8tre sous l\u2019eau sur notre plan\u00e8te.<\/p>\n<p>Cette atmosph\u00e8re agit comme une couverture thermique massive. La chaleur solaire y est pi\u00e9g\u00e9e par un effet de serre extr\u00eame, conduisant \u00e0 une temp\u00e9rature moyenne d\u2019environ 460\u00b0C.<\/p>\n<p>Fait surprenant : V\u00e9nus est plus chaude que Mercure, pourtant plus proche du Soleil. Cela montre que l\u2019atmosph\u00e8re influence davantage la temp\u00e9rature qu\u2019une simple distance \u00e0 l\u2019\u00e9toile.<\/p>\n<p>Pour comparer avec Mercure : <a href=\"\/mercure-survivre-au-plus-pres-du-soleil\/\">Mercure : survivre au plus pr\u00e8s du Soleil<\/a>.<\/p>\n<h2><span class=\"ez-toc-section\" id=\"4_Une_surface_volcanique_et_ancienne\"><\/span>4) Une surface volcanique et ancienne<span class=\"ez-toc-section-end\"><\/span><\/h2>\n<p>La surface de V\u00e9nus est largement domin\u00e9e par des plaines volcaniques. Les observations radar ont r\u00e9v\u00e9l\u00e9 de vastes coul\u00e9es de lave solidifi\u00e9e et de nombreux volcans.<\/p>\n<p>Contrairement \u00e0 la Terre, V\u00e9nus ne semble pas poss\u00e9der de tectonique des plaques active telle que nous la connaissons. Son activit\u00e9 interne pourrait fonctionner diff\u00e9remment, avec des \u00e9pisodes de resurfacing massif ayant renouvel\u00e9 sa surface il y a plusieurs centaines de millions d\u2019ann\u00e9es.<\/p>\n<h2><span class=\"ez-toc-section\" id=\"5_Des_nuages_permanents\"><\/span>5) Des nuages permanents<span class=\"ez-toc-section-end\"><\/span><\/h2>\n<p>La plan\u00e8te est recouverte d\u2019\u00e9paisses couches nuageuses compos\u00e9es de gouttelettes d\u2019acide sulfurique. Ces nuages r\u00e9fl\u00e9chissent une grande partie de la lumi\u00e8re solaire, ce qui explique la brillance exceptionnelle de V\u00e9nus vue depuis la Terre.<\/p>\n<p>Cette luminosit\u00e9 en fait l\u2019un des objets les plus visibles dans le ciel nocturne apr\u00e8s la Lune.<\/p>\n<h2><span class=\"ez-toc-section\" id=\"6_Une_rotation_inhabituelle\"><\/span>6) Une rotation inhabituelle<span class=\"ez-toc-section-end\"><\/span><\/h2>\n<p>V\u00e9nus pr\u00e9sente une rotation r\u00e9trograde : elle tourne sur elle-m\u00eame dans le sens oppos\u00e9 \u00e0 celui de la plupart des plan\u00e8tes. De plus, sa rotation est extr\u00eamement lente. Un jour v\u00e9nusien dure plus longtemps qu\u2019une ann\u00e9e sur V\u00e9nus.<\/p>\n<p>Les m\u00e9canismes pr\u00e9cis ayant conduit \u00e0 cette configuration font encore l\u2019objet de recherches, mais ils pourraient \u00eatre li\u00e9s \u00e0 des interactions gravitationnelles ou \u00e0 des impacts anciens.<\/p>\n<h2><span class=\"ez-toc-section\" id=\"7_Pourquoi_Venus_est-elle_si_importante_pour_comprendre_la_Terre\"><\/span>7) Pourquoi V\u00e9nus est-elle si importante pour comprendre la Terre ?<span class=\"ez-toc-section-end\"><\/span><\/h2>\n<p>V\u00e9nus repr\u00e9sente un sc\u00e9nario climatique extr\u00eame. Elle illustre ce qu\u2019un effet de serre non r\u00e9gul\u00e9 peut produire \u00e0 l\u2019\u00e9chelle plan\u00e9taire.<\/p>\n<p>Comprendre V\u00e9nus permet donc d\u2019affiner notre compr\u00e9hension des \u00e9quilibres atmosph\u00e9riques terrestres.<\/p>\n<p>Pour approfondir la comparaison :<\/p>\n<ul>\n<li><a href=\"\/la-terre-vue-depuis-lespace-comprendre-son-equilibre\/\">La Terre vue depuis l\u2019espace : comprendre son \u00e9quilibre<\/a><\/li>\n<li><a href=\"\/mars-desert-rouge-ou-ancienne-planete-vivante\/\">Mars : d\u00e9sert rouge ou ancienne plan\u00e8te vivante ?<\/a><\/li>\n<\/ul>\n<h2><span class=\"ez-toc-section\" id=\"8_Visualiser_pour_mieux_comprendre\"><\/span>8) Visualiser pour mieux comprendre<span class=\"ez-toc-section-end\"><\/span><\/h2>\n<figure id=\"attachment_6052\" aria-describedby=\"caption-attachment-6052\" style=\"width: 1000px\" class=\"wp-caption alignnone\"><img loading=\"lazy\" decoding=\"async\" class=\"size-full wp-image-6052\" src=\"https:\/\/lesminis.fr\/blog\/wp-content\/uploads\/2026\/03\/venus-fond-noir.jpg\" alt=\"V\u00e9nus fond noir\" width=\"1000\" height=\"1000\" srcset=\"https:\/\/lesminis.fr\/blog\/wp-content\/uploads\/2026\/03\/venus-fond-noir.jpg 1000w, https:\/\/lesminis.fr\/blog\/wp-content\/uploads\/2026\/03\/venus-fond-noir-300x300.jpg 300w, https:\/\/lesminis.fr\/blog\/wp-content\/uploads\/2026\/03\/venus-fond-noir-150x150.jpg 150w, https:\/\/lesminis.fr\/blog\/wp-content\/uploads\/2026\/03\/venus-fond-noir-768x768.jpg 768w, https:\/\/lesminis.fr\/blog\/wp-content\/uploads\/2026\/03\/venus-fond-noir-420x420.jpg 420w, https:\/\/lesminis.fr\/blog\/wp-content\/uploads\/2026\/03\/venus-fond-noir-696x696.jpg 696w\" sizes=\"auto, (max-width: 1000px) 100vw, 1000px\" \/><figcaption id=\"caption-attachment-6052\" class=\"wp-caption-text\">V\u00e9nus<\/figcaption><\/figure>\n<p>Comparer les tailles relatives des plan\u00e8tes aide \u00e0 comprendre pourquoi V\u00e9nus et la Terre sont si proches en dimension, mais si \u00e9loign\u00e9es en conditions.<\/p>\n<ul>\n<li><a href=\"https:\/\/lesminis.fr\/planete-systeme-solaire-science-safari-ltd-663616\/1122.html\">Figurines Plan\u00e8tes du syst\u00e8me solaire (Safari Ltd)<\/a><\/li>\n<\/ul>\n<h2><span class=\"ez-toc-section\" id=\"9_Un_monde_dextremes\"><\/span>9) Un monde d\u2019extr\u00eames<span class=\"ez-toc-section-end\"><\/span><\/h2>\n<p>V\u00e9nus montre que deux plan\u00e8tes form\u00e9es \u00e0 partir de mat\u00e9riaux similaires peuvent suivre des trajectoires radicalement diff\u00e9rentes. Sa proximit\u00e9 relative avec la Terre en fait un cas d\u2019\u00e9tude essentiel pour comprendre l\u2019\u00e9volution des atmosph\u00e8res plan\u00e9taires et la diversit\u00e9 des mondes rocheux.<\/p>\n<p>Pour replacer V\u00e9nus dans l\u2019ensemble cosmique, vous pouvez revenir \u00e0 <a href=\"\/systeme-solaire-equilibre-fragile\/\">l\u2019article principal sur le syst\u00e8me solaire<\/a>.<\/p>\n","protected":false},"excerpt":{"rendered":"<p>V\u00e9nus ressemble \u00e0 la Terre par sa taille, mais son climat extr\u00eame en fait un monde radicalement diff\u00e9rent.<\/p>\n","protected":false},"author":1,"featured_media":6051,"comment_status":"open","ping_status":"closed","sticky":false,"template":"","format":"standard","meta":{"_acf_changed":false,"footnotes":""},"categories":[1937],"tags":[1942,2377,2376,2363,2375,2379,319,2359,2357,2378],"class_list":{"0":"post-6038","1":"post","2":"type-post","3":"status-publish","4":"format-standard","5":"has-post-thumbnail","7":"category-ecodex-habitats-biomes-nature","8":"tag-astronomie","9":"tag-atmosphere-dense","10":"tag-effet-de-serre","11":"tag-planete-rocheuse","12":"tag-planete-venus","13":"tag-rotation-retrograde","14":"tag-sciences","15":"tag-systeme-solaire","16":"tag-venus","17":"tag-volcanisme-planetaire"},"acf":[],"yoast_head":"<!-- This site is optimized with the Yoast SEO Premium plugin v27.1 (Yoast SEO v27.1.1) - https:\/\/yoast.com\/product\/yoast-seo-premium-wordpress\/ -->\n<title>V\u00e9nus, l\u2019enfer lumineux du syst\u00e8me solaire<\/title>\n<meta name=\"description\" content=\"Atmosph\u00e8re \u00e9touffante, effet de serre incontr\u00f4l\u00e9, surface volcanique : comprendre pourquoi V\u00e9nus est la plan\u00e8te la plus chaude du syst\u00e8me solaire.\" \/>\n<meta name=\"robots\" content=\"index, follow, max-snippet:-1, max-image-preview:large, max-video-preview:-1\" \/>\n<link rel=\"canonical\" href=\"https:\/\/lesminis.fr\/blog\/venus-enfer-lumineux-du-systeme-solaire\/\" \/>\n<meta property=\"og:locale\" content=\"fr_FR\" \/>\n<meta property=\"og:type\" content=\"article\" \/>\n<meta property=\"og:title\" content=\"V\u00e9nus, l\u2019enfer lumineux du syst\u00e8me solaire\" \/>\n<meta property=\"og:description\" content=\"Atmosph\u00e8re \u00e9touffante, effet de serre incontr\u00f4l\u00e9, surface volcanique : comprendre pourquoi V\u00e9nus est la plan\u00e8te la plus chaude du syst\u00e8me solaire.\" \/>\n<meta property=\"og:url\" content=\"https:\/\/lesminis.fr\/blog\/venus-enfer-lumineux-du-systeme-solaire\/\" \/>\n<meta property=\"og:site_name\" content=\"LesMinis Le Blog - Mat\u00e9riels \u00e9ducatifs - Figurines p\u00e9dagogiques\" \/>\n<meta property=\"article:publisher\" content=\"https:\/\/fr-fr.facebook.com\/LesMinis.fr\/\" \/>\n<meta property=\"article:author\" content=\"https:\/\/www.facebook.com\/LesMinis.fr\/\" \/>\n<meta property=\"article:published_time\" content=\"2026-04-12T07:43:03+00:00\" \/>\n<meta property=\"article:modified_time\" content=\"2026-04-15T07:31:53+00:00\" \/>\n<meta property=\"og:image\" content=\"https:\/\/lesminis.fr\/blog\/wp-content\/uploads\/2026\/03\/venus-planete.jpeg\" \/>\n\t<meta property=\"og:image:width\" content=\"1456\" \/>\n\t<meta property=\"og:image:height\" content=\"816\" \/>\n\t<meta property=\"og:image:type\" content=\"image\/jpeg\" \/>\n<meta name=\"author\" content=\"LesMinis\" \/>\n<meta name=\"twitter:label1\" content=\"\u00c9crit par\" \/>\n\t<meta name=\"twitter:data1\" content=\"LesMinis\" \/>\n\t<meta name=\"twitter:label2\" content=\"Dur\u00e9e de lecture estim\u00e9e\" \/>\n\t<meta name=\"twitter:data2\" content=\"4 minutes\" \/>\n<script type=\"application\/ld+json\" class=\"yoast-schema-graph\">{\"@context\":\"https:\/\/schema.org\",\"@graph\":[{\"@type\":[\"Article\",\"BlogPosting\"],\"@id\":\"https:\/\/lesminis.fr\/blog\/venus-enfer-lumineux-du-systeme-solaire\/#article\",\"isPartOf\":{\"@id\":\"https:\/\/lesminis.fr\/blog\/venus-enfer-lumineux-du-systeme-solaire\/\"},\"author\":{\"name\":\"LesMinis\",\"@id\":\"https:\/\/lesminis.fr\/blog\/#\/schema\/person\/4a1be8c8c70a7d945af71674957cf83e\"},\"headline\":\"V\u00e9nus, l\u2019enfer lumineux du syst\u00e8me solaire\",\"datePublished\":\"2026-04-12T07:43:03+00:00\",\"dateModified\":\"2026-04-15T07:31:53+00:00\",\"mainEntityOfPage\":{\"@id\":\"https:\/\/lesminis.fr\/blog\/venus-enfer-lumineux-du-systeme-solaire\/\"},\"wordCount\":819,\"commentCount\":0,\"publisher\":{\"@id\":\"https:\/\/lesminis.fr\/blog\/#organization\"},\"image\":{\"@id\":\"https:\/\/lesminis.fr\/blog\/venus-enfer-lumineux-du-systeme-solaire\/#primaryimage\"},\"thumbnailUrl\":\"https:\/\/lesminis.fr\/blog\/wp-content\/uploads\/2026\/03\/venus-planete.jpeg\",\"keywords\":[\"astronomie\",\"atmosph\u00e8re dense\",\"effet de serre\",\"plan\u00e8te rocheuse\",\"plan\u00e8te V\u00e9nus\",\"rotation r\u00e9trograde\",\"sciences\",\"syst\u00e8me solaire\",\"V\u00e9nus\",\"volcanisme plan\u00e9taire\"],\"articleSection\":[\"EcoDex \u2014 Habitats, biomes et d\u00e9couvertes de la nature\"],\"inLanguage\":\"fr-FR\",\"potentialAction\":[{\"@type\":\"CommentAction\",\"name\":\"Comment\",\"target\":[\"https:\/\/lesminis.fr\/blog\/venus-enfer-lumineux-du-systeme-solaire\/#respond\"]}]},{\"@type\":\"WebPage\",\"@id\":\"https:\/\/lesminis.fr\/blog\/venus-enfer-lumineux-du-systeme-solaire\/\",\"url\":\"https:\/\/lesminis.fr\/blog\/venus-enfer-lumineux-du-systeme-solaire\/\",\"name\":\"V\u00e9nus, l\u2019enfer lumineux du syst\u00e8me solaire\",\"isPartOf\":{\"@id\":\"https:\/\/lesminis.fr\/blog\/#website\"},\"primaryImageOfPage\":{\"@id\":\"https:\/\/lesminis.fr\/blog\/venus-enfer-lumineux-du-systeme-solaire\/#primaryimage\"},\"image\":{\"@id\":\"https:\/\/lesminis.fr\/blog\/venus-enfer-lumineux-du-systeme-solaire\/#primaryimage\"},\"thumbnailUrl\":\"https:\/\/lesminis.fr\/blog\/wp-content\/uploads\/2026\/03\/venus-planete.jpeg\",\"datePublished\":\"2026-04-12T07:43:03+00:00\",\"dateModified\":\"2026-04-15T07:31:53+00:00\",\"description\":\"Atmosph\u00e8re \u00e9touffante, effet de serre incontr\u00f4l\u00e9, surface volcanique : comprendre pourquoi V\u00e9nus est la plan\u00e8te la plus chaude du syst\u00e8me solaire.\",\"breadcrumb\":{\"@id\":\"https:\/\/lesminis.fr\/blog\/venus-enfer-lumineux-du-systeme-solaire\/#breadcrumb\"},\"inLanguage\":\"fr-FR\",\"potentialAction\":[{\"@type\":\"ReadAction\",\"target\":[\"https:\/\/lesminis.fr\/blog\/venus-enfer-lumineux-du-systeme-solaire\/\"]}]},{\"@type\":\"ImageObject\",\"inLanguage\":\"fr-FR\",\"@id\":\"https:\/\/lesminis.fr\/blog\/venus-enfer-lumineux-du-systeme-solaire\/#primaryimage\",\"url\":\"https:\/\/lesminis.fr\/blog\/wp-content\/uploads\/2026\/03\/venus-planete.jpeg\",\"contentUrl\":\"https:\/\/lesminis.fr\/blog\/wp-content\/uploads\/2026\/03\/venus-planete.jpeg\",\"width\":1456,\"height\":816,\"caption\":\"Plan\u00e8te V\u00e9nus avec son atmosph\u00e8re \u00e9paisse jaune orang\u00e9e \u00e9clair\u00e9e par le Soleil.\"},{\"@type\":\"BreadcrumbList\",\"@id\":\"https:\/\/lesminis.fr\/blog\/venus-enfer-lumineux-du-systeme-solaire\/#breadcrumb\",\"itemListElement\":[{\"@type\":\"ListItem\",\"position\":1,\"name\":\"Accueil\",\"item\":\"https:\/\/lesminis.fr\/blog\/\"},{\"@type\":\"ListItem\",\"position\":2,\"name\":\"V\u00e9nus, l\u2019enfer lumineux du syst\u00e8me solaire\"}]},{\"@type\":\"WebSite\",\"@id\":\"https:\/\/lesminis.fr\/blog\/#website\",\"url\":\"https:\/\/lesminis.fr\/blog\/\",\"name\":\"LesMinis Le Blog - Mat\u00e9riels \u00e9ducatifs - Figurines p\u00e9dagogiques\",\"description\":\"D\u00e9couvrez notre actualit\u00e9, figurines, mat\u00e9riel \u00e9ducatif, activit\u00e9s Montessori\",\"publisher\":{\"@id\":\"https:\/\/lesminis.fr\/blog\/#organization\"},\"potentialAction\":[{\"@type\":\"SearchAction\",\"target\":{\"@type\":\"EntryPoint\",\"urlTemplate\":\"https:\/\/lesminis.fr\/blog\/?s={search_term_string}\"},\"query-input\":{\"@type\":\"PropertyValueSpecification\",\"valueRequired\":true,\"valueName\":\"search_term_string\"}}],\"inLanguage\":\"fr-FR\"},{\"@type\":\"Organization\",\"@id\":\"https:\/\/lesminis.fr\/blog\/#organization\",\"name\":\"LesMinis - Sp\u00e9cialiste mat\u00e9riel p\u00e9dagogiques - Figurines \u00e9ducatives - Mat\u00e9riel Montessori\",\"url\":\"https:\/\/lesminis.fr\/blog\/\",\"logo\":{\"@type\":\"ImageObject\",\"inLanguage\":\"fr-FR\",\"@id\":\"https:\/\/lesminis.fr\/blog\/#\/schema\/logo\/image\/\",\"url\":\"https:\/\/lesminis.fr\/blog\/wp-content\/uploads\/2023\/03\/nouveau-logo-lesminis.png\",\"contentUrl\":\"https:\/\/lesminis.fr\/blog\/wp-content\/uploads\/2023\/03\/nouveau-logo-lesminis.png\",\"width\":500,\"height\":175,\"caption\":\"LesMinis - Sp\u00e9cialiste mat\u00e9riel p\u00e9dagogiques - Figurines \u00e9ducatives - Mat\u00e9riel Montessori\"},\"image\":{\"@id\":\"https:\/\/lesminis.fr\/blog\/#\/schema\/logo\/image\/\"},\"sameAs\":[\"https:\/\/fr-fr.facebook.com\/LesMinis.fr\/\",\"https:\/\/www.instagram.com\/lesminis.fr\/\",\"https:\/\/www.tiktok.com\/@lesminis.fr\",\"https:\/\/www.pinterest.fr\/lesminisfr\/\"]},{\"@type\":\"Person\",\"@id\":\"https:\/\/lesminis.fr\/blog\/#\/schema\/person\/4a1be8c8c70a7d945af71674957cf83e\",\"name\":\"LesMinis\",\"image\":{\"@type\":\"ImageObject\",\"inLanguage\":\"fr-FR\",\"@id\":\"https:\/\/lesminis.fr\/blog\/#\/schema\/person\/image\/\",\"url\":\"https:\/\/secure.gravatar.com\/avatar\/288cd93d352b3465f2bd0701b1f2bb059b68dc3a70c4fda061bad8e6c9f8d865?s=96&d=blank&r=g\",\"contentUrl\":\"https:\/\/secure.gravatar.com\/avatar\/288cd93d352b3465f2bd0701b1f2bb059b68dc3a70c4fda061bad8e6c9f8d865?s=96&d=blank&r=g\",\"caption\":\"LesMinis\"},\"sameAs\":[\"https:\/\/lesminis.fr\/blog\",\"https:\/\/www.facebook.com\/LesMinis.fr\/\",\"https:\/\/www.instagram.com\/lesminis.fr\/\",\"https:\/\/www.pinterest.fr\/lesminisfr\/\"],\"url\":\"https:\/\/lesminis.fr\/blog\/author\/lesminis\/\"}]}<\/script>\n<!-- \/ Yoast SEO Premium plugin. -->","yoast_head_json":{"title":"V\u00e9nus, l\u2019enfer lumineux du syst\u00e8me solaire","description":"Atmosph\u00e8re \u00e9touffante, effet de serre incontr\u00f4l\u00e9, surface volcanique : comprendre pourquoi V\u00e9nus est la plan\u00e8te la plus chaude du syst\u00e8me solaire.","robots":{"index":"index","follow":"follow","max-snippet":"max-snippet:-1","max-image-preview":"max-image-preview:large","max-video-preview":"max-video-preview:-1"},"canonical":"https:\/\/lesminis.fr\/blog\/venus-enfer-lumineux-du-systeme-solaire\/","og_locale":"fr_FR","og_type":"article","og_title":"V\u00e9nus, l\u2019enfer lumineux du syst\u00e8me solaire","og_description":"Atmosph\u00e8re \u00e9touffante, effet de serre incontr\u00f4l\u00e9, surface volcanique : comprendre pourquoi V\u00e9nus est la plan\u00e8te la plus chaude du syst\u00e8me solaire.","og_url":"https:\/\/lesminis.fr\/blog\/venus-enfer-lumineux-du-systeme-solaire\/","og_site_name":"LesMinis Le Blog - Mat\u00e9riels \u00e9ducatifs - Figurines p\u00e9dagogiques","article_publisher":"https:\/\/fr-fr.facebook.com\/LesMinis.fr\/","article_author":"https:\/\/www.facebook.com\/LesMinis.fr\/","article_published_time":"2026-04-12T07:43:03+00:00","article_modified_time":"2026-04-15T07:31:53+00:00","og_image":[{"width":1456,"height":816,"url":"https:\/\/lesminis.fr\/blog\/wp-content\/uploads\/2026\/03\/venus-planete.jpeg","type":"image\/jpeg"}],"author":"LesMinis","twitter_misc":{"\u00c9crit par":"LesMinis","Dur\u00e9e de lecture estim\u00e9e":"4 minutes"},"schema":{"@context":"https:\/\/schema.org","@graph":[{"@type":["Article","BlogPosting"],"@id":"https:\/\/lesminis.fr\/blog\/venus-enfer-lumineux-du-systeme-solaire\/#article","isPartOf":{"@id":"https:\/\/lesminis.fr\/blog\/venus-enfer-lumineux-du-systeme-solaire\/"},"author":{"name":"LesMinis","@id":"https:\/\/lesminis.fr\/blog\/#\/schema\/person\/4a1be8c8c70a7d945af71674957cf83e"},"headline":"V\u00e9nus, l\u2019enfer lumineux du syst\u00e8me solaire","datePublished":"2026-04-12T07:43:03+00:00","dateModified":"2026-04-15T07:31:53+00:00","mainEntityOfPage":{"@id":"https:\/\/lesminis.fr\/blog\/venus-enfer-lumineux-du-systeme-solaire\/"},"wordCount":819,"commentCount":0,"publisher":{"@id":"https:\/\/lesminis.fr\/blog\/#organization"},"image":{"@id":"https:\/\/lesminis.fr\/blog\/venus-enfer-lumineux-du-systeme-solaire\/#primaryimage"},"thumbnailUrl":"https:\/\/lesminis.fr\/blog\/wp-content\/uploads\/2026\/03\/venus-planete.jpeg","keywords":["astronomie","atmosph\u00e8re dense","effet de serre","plan\u00e8te rocheuse","plan\u00e8te V\u00e9nus","rotation r\u00e9trograde","sciences","syst\u00e8me solaire","V\u00e9nus","volcanisme plan\u00e9taire"],"articleSection":["EcoDex \u2014 Habitats, biomes et d\u00e9couvertes de la nature"],"inLanguage":"fr-FR","potentialAction":[{"@type":"CommentAction","name":"Comment","target":["https:\/\/lesminis.fr\/blog\/venus-enfer-lumineux-du-systeme-solaire\/#respond"]}]},{"@type":"WebPage","@id":"https:\/\/lesminis.fr\/blog\/venus-enfer-lumineux-du-systeme-solaire\/","url":"https:\/\/lesminis.fr\/blog\/venus-enfer-lumineux-du-systeme-solaire\/","name":"V\u00e9nus, l\u2019enfer lumineux du syst\u00e8me solaire","isPartOf":{"@id":"https:\/\/lesminis.fr\/blog\/#website"},"primaryImageOfPage":{"@id":"https:\/\/lesminis.fr\/blog\/venus-enfer-lumineux-du-systeme-solaire\/#primaryimage"},"image":{"@id":"https:\/\/lesminis.fr\/blog\/venus-enfer-lumineux-du-systeme-solaire\/#primaryimage"},"thumbnailUrl":"https:\/\/lesminis.fr\/blog\/wp-content\/uploads\/2026\/03\/venus-planete.jpeg","datePublished":"2026-04-12T07:43:03+00:00","dateModified":"2026-04-15T07:31:53+00:00","description":"Atmosph\u00e8re \u00e9touffante, effet de serre incontr\u00f4l\u00e9, surface volcanique : comprendre pourquoi V\u00e9nus est la plan\u00e8te la plus chaude du syst\u00e8me solaire.","breadcrumb":{"@id":"https:\/\/lesminis.fr\/blog\/venus-enfer-lumineux-du-systeme-solaire\/#breadcrumb"},"inLanguage":"fr-FR","potentialAction":[{"@type":"ReadAction","target":["https:\/\/lesminis.fr\/blog\/venus-enfer-lumineux-du-systeme-solaire\/"]}]},{"@type":"ImageObject","inLanguage":"fr-FR","@id":"https:\/\/lesminis.fr\/blog\/venus-enfer-lumineux-du-systeme-solaire\/#primaryimage","url":"https:\/\/lesminis.fr\/blog\/wp-content\/uploads\/2026\/03\/venus-planete.jpeg","contentUrl":"https:\/\/lesminis.fr\/blog\/wp-content\/uploads\/2026\/03\/venus-planete.jpeg","width":1456,"height":816,"caption":"Plan\u00e8te V\u00e9nus avec son atmosph\u00e8re \u00e9paisse jaune orang\u00e9e \u00e9clair\u00e9e par le Soleil."},{"@type":"BreadcrumbList","@id":"https:\/\/lesminis.fr\/blog\/venus-enfer-lumineux-du-systeme-solaire\/#breadcrumb","itemListElement":[{"@type":"ListItem","position":1,"name":"Accueil","item":"https:\/\/lesminis.fr\/blog\/"},{"@type":"ListItem","position":2,"name":"V\u00e9nus, l\u2019enfer lumineux du syst\u00e8me solaire"}]},{"@type":"WebSite","@id":"https:\/\/lesminis.fr\/blog\/#website","url":"https:\/\/lesminis.fr\/blog\/","name":"LesMinis Le Blog - Mat\u00e9riels \u00e9ducatifs - Figurines p\u00e9dagogiques","description":"D\u00e9couvrez notre actualit\u00e9, figurines, mat\u00e9riel \u00e9ducatif, activit\u00e9s Montessori","publisher":{"@id":"https:\/\/lesminis.fr\/blog\/#organization"},"potentialAction":[{"@type":"SearchAction","target":{"@type":"EntryPoint","urlTemplate":"https:\/\/lesminis.fr\/blog\/?s={search_term_string}"},"query-input":{"@type":"PropertyValueSpecification","valueRequired":true,"valueName":"search_term_string"}}],"inLanguage":"fr-FR"},{"@type":"Organization","@id":"https:\/\/lesminis.fr\/blog\/#organization","name":"LesMinis - Sp\u00e9cialiste mat\u00e9riel p\u00e9dagogiques - Figurines \u00e9ducatives - Mat\u00e9riel Montessori","url":"https:\/\/lesminis.fr\/blog\/","logo":{"@type":"ImageObject","inLanguage":"fr-FR","@id":"https:\/\/lesminis.fr\/blog\/#\/schema\/logo\/image\/","url":"https:\/\/lesminis.fr\/blog\/wp-content\/uploads\/2023\/03\/nouveau-logo-lesminis.png","contentUrl":"https:\/\/lesminis.fr\/blog\/wp-content\/uploads\/2023\/03\/nouveau-logo-lesminis.png","width":500,"height":175,"caption":"LesMinis - Sp\u00e9cialiste mat\u00e9riel p\u00e9dagogiques - Figurines \u00e9ducatives - Mat\u00e9riel Montessori"},"image":{"@id":"https:\/\/lesminis.fr\/blog\/#\/schema\/logo\/image\/"},"sameAs":["https:\/\/fr-fr.facebook.com\/LesMinis.fr\/","https:\/\/www.instagram.com\/lesminis.fr\/","https:\/\/www.tiktok.com\/@lesminis.fr","https:\/\/www.pinterest.fr\/lesminisfr\/"]},{"@type":"Person","@id":"https:\/\/lesminis.fr\/blog\/#\/schema\/person\/4a1be8c8c70a7d945af71674957cf83e","name":"LesMinis","image":{"@type":"ImageObject","inLanguage":"fr-FR","@id":"https:\/\/lesminis.fr\/blog\/#\/schema\/person\/image\/","url":"https:\/\/secure.gravatar.com\/avatar\/288cd93d352b3465f2bd0701b1f2bb059b68dc3a70c4fda061bad8e6c9f8d865?s=96&d=blank&r=g","contentUrl":"https:\/\/secure.gravatar.com\/avatar\/288cd93d352b3465f2bd0701b1f2bb059b68dc3a70c4fda061bad8e6c9f8d865?s=96&d=blank&r=g","caption":"LesMinis"},"sameAs":["https:\/\/lesminis.fr\/blog","https:\/\/www.facebook.com\/LesMinis.fr\/","https:\/\/www.instagram.com\/lesminis.fr\/","https:\/\/www.pinterest.fr\/lesminisfr\/"],"url":"https:\/\/lesminis.fr\/blog\/author\/lesminis\/"}]}},"_links":{"self":[{"href":"https:\/\/lesminis.fr\/blog\/wp-json\/wp\/v2\/posts\/6038","targetHints":{"allow":["GET"]}}],"collection":[{"href":"https:\/\/lesminis.fr\/blog\/wp-json\/wp\/v2\/posts"}],"about":[{"href":"https:\/\/lesminis.fr\/blog\/wp-json\/wp\/v2\/types\/post"}],"author":[{"embeddable":true,"href":"https:\/\/lesminis.fr\/blog\/wp-json\/wp\/v2\/users\/1"}],"replies":[{"embeddable":true,"href":"https:\/\/lesminis.fr\/blog\/wp-json\/wp\/v2\/comments?post=6038"}],"version-history":[{"count":3,"href":"https:\/\/lesminis.fr\/blog\/wp-json\/wp\/v2\/posts\/6038\/revisions"}],"predecessor-version":[{"id":6055,"href":"https:\/\/lesminis.fr\/blog\/wp-json\/wp\/v2\/posts\/6038\/revisions\/6055"}],"wp:featuredmedia":[{"embeddable":true,"href":"https:\/\/lesminis.fr\/blog\/wp-json\/wp\/v2\/media\/6051"}],"wp:attachment":[{"href":"https:\/\/lesminis.fr\/blog\/wp-json\/wp\/v2\/media?parent=6038"}],"wp:term":[{"taxonomy":"category","embeddable":true,"href":"https:\/\/lesminis.fr\/blog\/wp-json\/wp\/v2\/categories?post=6038"},{"taxonomy":"post_tag","embeddable":true,"href":"https:\/\/lesminis.fr\/blog\/wp-json\/wp\/v2\/tags?post=6038"}],"curies":[{"name":"wp","href":"https:\/\/api.w.org\/{rel}","templated":true}]}}