{"id":5998,"date":"2026-02-15T08:32:46","date_gmt":"2026-02-15T07:32:46","guid":{"rendered":"https:\/\/lesminis.fr\/blog\/?p=5998"},"modified":"2026-02-16T21:46:33","modified_gmt":"2026-02-16T20:46:33","slug":"mardi-gras-2026-date-origine-traditions-gourmandises-carnaval","status":"publish","type":"post","link":"https:\/\/lesminis.fr\/blog\/mardi-gras-2026-date-origine-traditions-gourmandises-carnaval\/","title":{"rendered":"Mardi Gras 2026 : date, origine et traditions du carnaval"},"content":{"rendered":"<p>En 2026, Mardi Gras aura lieu le mardi 17 f\u00e9vrier. Cette journ\u00e9e marque la veille du Mercredi des Cendres et le d\u00e9but du Car\u00eame dans le calendrier chr\u00e9tien. C\u2019est un moment de f\u00eate, de d\u00e9guisement et de partage qui pr\u00e9c\u00e8de une p\u00e9riode traditionnellement consacr\u00e9e au recueillement.<\/p>\n<div id=\"ez-toc-container\" class=\"ez-toc-v2_0_78 counter-hierarchy ez-toc-counter ez-toc-grey ez-toc-container-direction\">\n<div class=\"ez-toc-title-container\">\n<p class=\"ez-toc-title\" style=\"cursor:inherit\">Table of Contents<\/p>\n<span class=\"ez-toc-title-toggle\"><a href=\"#\" class=\"ez-toc-pull-right ez-toc-btn ez-toc-btn-xs ez-toc-btn-default ez-toc-toggle\" aria-label=\"Toggle Table of Content\"><span class=\"ez-toc-js-icon-con\"><span class=\"\"><span class=\"eztoc-hide\" style=\"display:none;\">Toggle<\/span><span class=\"ez-toc-icon-toggle-span\"><svg style=\"fill: #999;color:#999\" xmlns=\"http:\/\/www.w3.org\/2000\/svg\" class=\"list-377408\" width=\"20px\" height=\"20px\" viewBox=\"0 0 24 24\" fill=\"none\"><path d=\"M6 6H4v2h2V6zm14 0H8v2h12V6zM4 11h2v2H4v-2zm16 0H8v2h12v-2zM4 16h2v2H4v-2zm16 0H8v2h12v-2z\" fill=\"currentColor\"><\/path><\/svg><svg style=\"fill: #999;color:#999\" class=\"arrow-unsorted-368013\" xmlns=\"http:\/\/www.w3.org\/2000\/svg\" width=\"10px\" height=\"10px\" viewBox=\"0 0 24 24\" version=\"1.2\" baseProfile=\"tiny\"><path d=\"M18.2 9.3l-6.2-6.3-6.2 6.3c-.2.2-.3.4-.3.7s.1.5.3.7c.2.2.4.3.7.3h11c.3 0 .5-.1.7-.3.2-.2.3-.5.3-.7s-.1-.5-.3-.7zM5.8 14.7l6.2 6.3 6.2-6.3c.2-.2.3-.5.3-.7s-.1-.5-.3-.7c-.2-.2-.4-.3-.7-.3h-11c-.3 0-.5.1-.7.3-.2.2-.3.5-.3.7s.1.5.3.7z\"\/><\/svg><\/span><\/span><\/span><\/a><\/span><\/div>\n<nav><ul class='ez-toc-list ez-toc-list-level-1 ' ><li class='ez-toc-page-1 ez-toc-heading-level-2'><a class=\"ez-toc-link ez-toc-heading-1\" href=\"https:\/\/lesminis.fr\/blog\/mardi-gras-2026-date-origine-traditions-gourmandises-carnaval\/#Pourquoi_la_date_de_Mardi_Gras_change-t-elle_chaque_annee\" >Pourquoi la date de Mardi Gras change-t-elle chaque ann\u00e9e ?<\/a><\/li><li class='ez-toc-page-1 ez-toc-heading-level-2'><a class=\"ez-toc-link ez-toc-heading-2\" href=\"https:\/\/lesminis.fr\/blog\/mardi-gras-2026-date-origine-traditions-gourmandises-carnaval\/#Quelle_est_lorigine_de_Mardi_Gras\" >Quelle est l\u2019origine de Mardi Gras ?<\/a><\/li><li class='ez-toc-page-1 ez-toc-heading-level-2'><a class=\"ez-toc-link ez-toc-heading-3\" href=\"https:\/\/lesminis.fr\/blog\/mardi-gras-2026-date-origine-traditions-gourmandises-carnaval\/#Que_mange-t-on_a_Mardi_Gras\" >Que mange-t-on \u00e0 Mardi Gras ?<\/a><\/li><li class='ez-toc-page-1 ez-toc-heading-level-2'><a class=\"ez-toc-link ez-toc-heading-4\" href=\"https:\/\/lesminis.fr\/blog\/mardi-gras-2026-date-origine-traditions-gourmandises-carnaval\/#Les_traditions_de_Mardi_Gras_en_France\" >Les traditions de Mardi Gras en France<\/a><\/li><li class='ez-toc-page-1 ez-toc-heading-level-2'><a class=\"ez-toc-link ez-toc-heading-5\" href=\"https:\/\/lesminis.fr\/blog\/mardi-gras-2026-date-origine-traditions-gourmandises-carnaval\/#Mardi_Gras_et_le_carnaval_dans_le_monde\" >Mardi Gras et le carnaval dans le monde<\/a><\/li><li class='ez-toc-page-1 ez-toc-heading-level-2'><a class=\"ez-toc-link ez-toc-heading-6\" href=\"https:\/\/lesminis.fr\/blog\/mardi-gras-2026-date-origine-traditions-gourmandises-carnaval\/#Pourquoi_se_deguiser_a_Mardi_Gras\" >Pourquoi se d\u00e9guiser \u00e0 Mardi Gras ?<\/a><\/li><li class='ez-toc-page-1 ez-toc-heading-level-2'><a class=\"ez-toc-link ez-toc-heading-7\" href=\"https:\/\/lesminis.fr\/blog\/mardi-gras-2026-date-origine-traditions-gourmandises-carnaval\/#Mardi_Gras_aujourdhui\" >Mardi Gras aujourd\u2019hui<\/a><\/li><li class='ez-toc-page-1 ez-toc-heading-level-2'><a class=\"ez-toc-link ez-toc-heading-8\" href=\"https:\/\/lesminis.fr\/blog\/mardi-gras-2026-date-origine-traditions-gourmandises-carnaval\/#En_resume\" >En r\u00e9sum\u00e9<\/a><\/li><\/ul><\/nav><\/div>\n<h2><span class=\"ez-toc-section\" id=\"Pourquoi_la_date_de_Mardi_Gras_change-t-elle_chaque_annee\"><\/span>Pourquoi la date de Mardi Gras change-t-elle chaque ann\u00e9e ?<span class=\"ez-toc-section-end\"><\/span><\/h2>\n<p>Mardi Gras ne poss\u00e8de pas de date fixe. Elle d\u00e9pend du calendrier liturgique et du calcul de P\u00e2ques. La f\u00eate se situe quarante-six jours avant P\u00e2ques, en comptant les dimanches. P\u00e2ques \u00e9tant d\u00e9termin\u00e9e selon le cycle lunaire, Mardi Gras varie chaque ann\u00e9e entre le d\u00e9but f\u00e9vrier et le d\u00e9but mars.<\/p>\n<p>En 2026, P\u00e2ques sera c\u00e9l\u00e9br\u00e9e le 5 avril. En remontant dans le calendrier, le Mercredi des Cendres tombera le 18 f\u00e9vrier, ce qui place Mardi Gras au 17 f\u00e9vrier 2026.<\/p>\n<h2><span class=\"ez-toc-section\" id=\"Quelle_est_lorigine_de_Mardi_Gras\"><\/span>Quelle est l\u2019origine de Mardi Gras ?<span class=\"ez-toc-section-end\"><\/span><\/h2>\n<p>Le terme \u00ab Mardi Gras \u00bb signifie litt\u00e9ralement le dernier jour o\u00f9 l\u2019on pouvait consommer des aliments riches avant la p\u00e9riode de je\u00fbne du Car\u00eame. Le mot carnaval viendrait du latin \u00ab carne levare \u00bb, qui signifie enlever la viande.<\/p>\n<p>Historiquement, cette journ\u00e9e permettait d\u2019utiliser les r\u00e9serves de beurre, d\u2019\u0153ufs et de sucre avant qu\u2019elles ne soient interdites pendant quarante jours. C\u2019est pourquoi les cr\u00eapes, les beignets et les gaufres sont devenus des symboles culinaires de cette f\u00eate.<\/p>\n<h2><span class=\"ez-toc-section\" id=\"Que_mange-t-on_a_Mardi_Gras\"><\/span>Que mange-t-on \u00e0 Mardi Gras ?<span class=\"ez-toc-section-end\"><\/span><\/h2>\n<p>En France, Mardi Gras est associ\u00e9 \u00e0 des gourmandises simples et g\u00e9n\u00e9reuses, souvent pr\u00e9par\u00e9es en famille. L\u2019id\u00e9e est de cuisiner des recettes riches en \u0153ufs, beurre et sucre, et tr\u00e8s souvent frites, car ces ingr\u00e9dients \u00e9taient traditionnellement consomm\u00e9s avant l\u2019entr\u00e9e en Car\u00eame.<\/p>\n<p>Les incontournables sont les cr\u00eapes, les gaufres et les beignets. On retrouve aussi de nombreuses sp\u00e9cialit\u00e9s r\u00e9gionales, parfois sous des noms diff\u00e9rents :<\/p>\n<ul>\n<li><strong>Les beignets<\/strong> : oreillettes, merveilles, bugnes, bottereaux, pets-de-nonne, selon les r\u00e9gions.<\/li>\n<li><strong>Les gaufres<\/strong> : fines ou \u00e9paisses, parfois parfum\u00e9es \u00e0 la fleur d\u2019oranger ou au rhum.<\/li>\n<li><strong>Les cr\u00eapes<\/strong> : plus souvent associ\u00e9es \u00e0 la Chandeleur, mais tr\u00e8s pr\u00e9sentes \u00e0 Mardi Gras dans de nombreuses familles.<\/li>\n<li><strong>Les douceurs de carnaval<\/strong> : brioches, galettes, petits g\u00e2teaux locaux, selon les traditions.<\/li>\n<\/ul>\n<p>Dans d\u2019autres pays, on retrouve le m\u00eame esprit. \u00c0 La Nouvelle-Orl\u00e9ans, on mange par exemple le c\u00e9l\u00e8bre \u00ab king cake \u00bb, un g\u00e2teau festif li\u00e9 aux c\u00e9l\u00e9brations de Mardi Gras.<\/p>\n<figure id=\"attachment_6000\" aria-describedby=\"caption-attachment-6000\" style=\"width: 1000px\" class=\"wp-caption alignnone\"><img loading=\"lazy\" decoding=\"async\" class=\"wp-image-6000 size-full\" src=\"https:\/\/lesminis.fr\/blog\/wp-content\/uploads\/2026\/02\/king-cake.jpg\" alt=\"King cake nouvelle orlean mardi gras\" width=\"1000\" height=\"667\" srcset=\"https:\/\/lesminis.fr\/blog\/wp-content\/uploads\/2026\/02\/king-cake.jpg 1000w, https:\/\/lesminis.fr\/blog\/wp-content\/uploads\/2026\/02\/king-cake-300x200.jpg 300w, https:\/\/lesminis.fr\/blog\/wp-content\/uploads\/2026\/02\/king-cake-768x512.jpg 768w, https:\/\/lesminis.fr\/blog\/wp-content\/uploads\/2026\/02\/king-cake-630x420.jpg 630w, https:\/\/lesminis.fr\/blog\/wp-content\/uploads\/2026\/02\/king-cake-696x464.jpg 696w\" sizes=\"auto, (max-width: 1000px) 100vw, 1000px\" \/><figcaption id=\"caption-attachment-6000\" class=\"wp-caption-text\">C\u00e9l\u00e8bre \u00ab king cake \u00bb de mardi gras<\/figcaption><\/figure>\n<h2><span class=\"ez-toc-section\" id=\"Les_traditions_de_Mardi_Gras_en_France\"><\/span>Les traditions de Mardi Gras en France<span class=\"ez-toc-section-end\"><\/span><\/h2>\n<p>En France, Mardi Gras est associ\u00e9 aux d\u00e9guisements, aux d\u00e9fil\u00e9s et aux gourmandises. Dans les \u00e9coles, les enfants portent souvent des costumes inspir\u00e9s d\u2019animaux, de personnages historiques ou de cr\u00e9atures imaginaires.<\/p>\n<p>Dans certaines villes, des carnavals sont organis\u00e9s avec des chars d\u00e9cor\u00e9s et des figures symboliques comme le Roi Carnaval. Cette tradition remonte au Moyen \u00c2ge et permettait d\u2019inverser symboliquement l\u2019ordre social le temps d\u2019une journ\u00e9e.<\/p>\n<h2><span class=\"ez-toc-section\" id=\"Mardi_Gras_et_le_carnaval_dans_le_monde\"><\/span>Mardi Gras et le carnaval dans le monde<span class=\"ez-toc-section-end\"><\/span><\/h2>\n<p>La f\u00eate de Mardi Gras d\u00e9passe largement les fronti\u00e8res fran\u00e7aises. \u00c0 Venise, le carnaval est c\u00e9l\u00e8bre pour ses masques \u00e9l\u00e9gants et son atmosph\u00e8re historique. \u00c0 Rio de Janeiro, les d\u00e9fil\u00e9s de samba attirent des millions de visiteurs. \u00c0 La Nouvelle-Orl\u00e9ans, les c\u00e9l\u00e9brations m\u00ealent influences fran\u00e7aises, africaines et am\u00e9ricaines.<\/p>\n<p>Malgr\u00e9 leurs diff\u00e9rences, ces f\u00eates partagent un point commun : elles marquent une transition entre une p\u00e9riode d\u2019abondance festive et un temps plus sobre.<\/p>\n<h2><span class=\"ez-toc-section\" id=\"Pourquoi_se_deguiser_a_Mardi_Gras\"><\/span>Pourquoi se d\u00e9guiser \u00e0 Mardi Gras ?<span class=\"ez-toc-section-end\"><\/span><\/h2>\n<p>Le d\u00e9guisement est l\u2019un des \u00e9l\u00e9ments les plus embl\u00e9matiques de Mardi Gras. Porter un costume permet d\u2019explorer d\u2019autres identit\u00e9s, de repr\u00e9senter des animaux puissants ou des cr\u00e9atures mythiques, et d\u2019exprimer l\u2019imaginaire collectif.<\/p>\n<p>Dans de nombreuses cultures, les masques d\u2019animaux symbolisent la force, la sagesse ou la transformation. Les lions, les loups, les <a href=\"https:\/\/lesminis.fr\/blog\/decouvrez-dragons-chinois-histoire-mythes-legendes\/\">dragons<\/a> ou les oiseaux majestueux sont fr\u00e9quemment repr\u00e9sent\u00e9s lors des carnavals traditionnels.<\/p>\n<p>Observer et manipuler des repr\u00e9sentations r\u00e9alistes d\u2019animaux peut \u00e9galement enrichir la compr\u00e9hension des esp\u00e8ces r\u00e9elles et de leur place dans l\u2019histoire des civilisations.<\/p>\n<h2><span class=\"ez-toc-section\" id=\"Mardi_Gras_aujourdhui\"><\/span>Mardi Gras aujourd\u2019hui<span class=\"ez-toc-section-end\"><\/span><\/h2>\n<p>Aujourd\u2019hui, Mardi Gras est autant une f\u00eate culturelle qu\u2019une tradition religieuse. Pour beaucoup, elle repr\u00e9sente un moment de convivialit\u00e9, de cr\u00e9ativit\u00e9 et de transmission entre g\u00e9n\u00e9rations.<\/p>\n<p>Qu\u2019il s\u2019agisse de partager des cr\u00eapes en famille, de participer \u00e0 un d\u00e9fil\u00e9 ou simplement de comprendre l\u2019origine de cette c\u00e9l\u00e9bration, Mardi Gras reste une date importante du calendrier culturel europ\u00e9en.<\/p>\n<h2><span class=\"ez-toc-section\" id=\"En_resume\"><\/span>En r\u00e9sum\u00e9<span class=\"ez-toc-section-end\"><\/span><\/h2>\n<p>Mardi Gras 2026 aura lieu le 17 f\u00e9vrier. Cette journ\u00e9e pr\u00e9c\u00e8de le Car\u00eame et s\u2019inscrit dans une tradition ancienne m\u00ealant calendrier religieux, f\u00eate populaire et expression culturelle. Entre gourmandises, costumes et carnavals internationaux, elle continue d\u2019occuper une place forte dans le patrimoine collectif.<\/p>\n","protected":false},"excerpt":{"rendered":"<p>Mardi 17 f\u00e9vrier 2026, Mardi Gras marque le dernier jour de f\u00eate avant le Car\u00eame. D\u00e9couvrez l\u2019origine de cette tradition, les coutumes du carnaval et surtout ce que l\u2019on mange ce jour-l\u00e0 : cr\u00eapes, beignets, gaufres et sp\u00e9cialit\u00e9s r\u00e9gionales.<\/p>\n","protected":false},"author":1,"featured_media":5999,"comment_status":"open","ping_status":"closed","sticky":false,"template":"","format":"standard","meta":{"_acf_changed":false,"footnotes":""},"categories":[1600],"tags":[2321,2320,2322,2319],"class_list":{"0":"post-5998","1":"post","2":"type-post","3":"status-publish","4":"format-standard","5":"has-post-thumbnail","7":"category-actualites-culture-et-curiosites","8":"tag-beignets","9":"tag-carnaval","10":"tag-crepes","11":"tag-mardi-gras-2026"},"acf":[],"yoast_head":"<!-- This site is optimized with the Yoast SEO Premium plugin v27.1 (Yoast SEO v27.1.1) - https:\/\/yoast.com\/product\/yoast-seo-premium-wordpress\/ -->\n<title>Mardi Gras 2026 : date officielle, origine, traditions et recettes<\/title>\n<meta name=\"description\" content=\"Mardi Gras 2026 tombe le 17 f\u00e9vrier. Origine, lien avec le Car\u00eame, traditions du carnaval et gourmandises incontournables : cr\u00eapes, beignets, gaufres.\" \/>\n<meta name=\"robots\" content=\"index, follow, max-snippet:-1, max-image-preview:large, max-video-preview:-1\" \/>\n<link rel=\"canonical\" href=\"https:\/\/lesminis.fr\/blog\/mardi-gras-2026-date-origine-traditions-gourmandises-carnaval\/\" \/>\n<meta property=\"og:locale\" content=\"fr_FR\" \/>\n<meta property=\"og:type\" content=\"article\" \/>\n<meta property=\"og:title\" content=\"Mardi Gras 2026 : date, origine et traditions du carnaval\" \/>\n<meta property=\"og:description\" content=\"Mardi Gras 2026 tombe le 17 f\u00e9vrier. Origine, lien avec le Car\u00eame, traditions du carnaval et gourmandises incontournables : cr\u00eapes, beignets, gaufres.\" \/>\n<meta property=\"og:url\" content=\"https:\/\/lesminis.fr\/blog\/mardi-gras-2026-date-origine-traditions-gourmandises-carnaval\/\" \/>\n<meta property=\"og:site_name\" content=\"LesMinis Le Blog - Mat\u00e9riels \u00e9ducatifs - Figurines p\u00e9dagogiques\" \/>\n<meta property=\"article:publisher\" content=\"https:\/\/fr-fr.facebook.com\/LesMinis.fr\/\" \/>\n<meta property=\"article:author\" content=\"https:\/\/www.facebook.com\/LesMinis.fr\/\" \/>\n<meta property=\"article:published_time\" content=\"2026-02-15T07:32:46+00:00\" \/>\n<meta property=\"article:modified_time\" content=\"2026-02-16T20:46:33+00:00\" \/>\n<meta property=\"og:image\" content=\"https:\/\/lesminis.fr\/blog\/wp-content\/uploads\/2026\/02\/mardi-gras-carnaval-tigre.jpg\" \/>\n\t<meta property=\"og:image:width\" content=\"1000\" \/>\n\t<meta property=\"og:image:height\" content=\"714\" \/>\n\t<meta property=\"og:image:type\" content=\"image\/jpeg\" \/>\n<meta name=\"author\" content=\"LesMinis\" \/>\n<meta name=\"twitter:label1\" content=\"\u00c9crit par\" \/>\n\t<meta name=\"twitter:data1\" content=\"LesMinis\" \/>\n\t<meta name=\"twitter:label2\" content=\"Dur\u00e9e de lecture estim\u00e9e\" \/>\n\t<meta name=\"twitter:data2\" content=\"5 minutes\" \/>\n<script type=\"application\/ld+json\" class=\"yoast-schema-graph\">{\"@context\":\"https:\/\/schema.org\",\"@graph\":[{\"@type\":[\"Article\",\"BlogPosting\"],\"@id\":\"https:\/\/lesminis.fr\/blog\/mardi-gras-2026-date-origine-traditions-gourmandises-carnaval\/#article\",\"isPartOf\":{\"@id\":\"https:\/\/lesminis.fr\/blog\/mardi-gras-2026-date-origine-traditions-gourmandises-carnaval\/\"},\"author\":{\"name\":\"LesMinis\",\"@id\":\"https:\/\/lesminis.fr\/blog\/#\/schema\/person\/4a1be8c8c70a7d945af71674957cf83e\"},\"headline\":\"Mardi Gras 2026 : date, origine et traditions du carnaval\",\"datePublished\":\"2026-02-15T07:32:46+00:00\",\"dateModified\":\"2026-02-16T20:46:33+00:00\",\"mainEntityOfPage\":{\"@id\":\"https:\/\/lesminis.fr\/blog\/mardi-gras-2026-date-origine-traditions-gourmandises-carnaval\/\"},\"wordCount\":879,\"commentCount\":0,\"publisher\":{\"@id\":\"https:\/\/lesminis.fr\/blog\/#organization\"},\"image\":{\"@id\":\"https:\/\/lesminis.fr\/blog\/mardi-gras-2026-date-origine-traditions-gourmandises-carnaval\/#primaryimage\"},\"thumbnailUrl\":\"https:\/\/lesminis.fr\/blog\/wp-content\/uploads\/2026\/02\/mardi-gras-carnaval-tigre.jpg\",\"keywords\":[\"beignets\",\"carnaval\",\"cr\u00eapes\",\"mardi gras 2026\"],\"articleSection\":[\"Culture &amp; Curiosit\u00e9s \u2013 Explorer, comprendre, relier\"],\"inLanguage\":\"fr-FR\",\"potentialAction\":[{\"@type\":\"CommentAction\",\"name\":\"Comment\",\"target\":[\"https:\/\/lesminis.fr\/blog\/mardi-gras-2026-date-origine-traditions-gourmandises-carnaval\/#respond\"]}]},{\"@type\":\"WebPage\",\"@id\":\"https:\/\/lesminis.fr\/blog\/mardi-gras-2026-date-origine-traditions-gourmandises-carnaval\/\",\"url\":\"https:\/\/lesminis.fr\/blog\/mardi-gras-2026-date-origine-traditions-gourmandises-carnaval\/\",\"name\":\"Mardi Gras 2026 : date officielle, origine, traditions et recettes\",\"isPartOf\":{\"@id\":\"https:\/\/lesminis.fr\/blog\/#website\"},\"primaryImageOfPage\":{\"@id\":\"https:\/\/lesminis.fr\/blog\/mardi-gras-2026-date-origine-traditions-gourmandises-carnaval\/#primaryimage\"},\"image\":{\"@id\":\"https:\/\/lesminis.fr\/blog\/mardi-gras-2026-date-origine-traditions-gourmandises-carnaval\/#primaryimage\"},\"thumbnailUrl\":\"https:\/\/lesminis.fr\/blog\/wp-content\/uploads\/2026\/02\/mardi-gras-carnaval-tigre.jpg\",\"datePublished\":\"2026-02-15T07:32:46+00:00\",\"dateModified\":\"2026-02-16T20:46:33+00:00\",\"description\":\"Mardi Gras 2026 tombe le 17 f\u00e9vrier. Origine, lien avec le Car\u00eame, traditions du carnaval et gourmandises incontournables : cr\u00eapes, beignets, gaufres.\",\"breadcrumb\":{\"@id\":\"https:\/\/lesminis.fr\/blog\/mardi-gras-2026-date-origine-traditions-gourmandises-carnaval\/#breadcrumb\"},\"inLanguage\":\"fr-FR\",\"potentialAction\":[{\"@type\":\"ReadAction\",\"target\":[\"https:\/\/lesminis.fr\/blog\/mardi-gras-2026-date-origine-traditions-gourmandises-carnaval\/\"]}]},{\"@type\":\"ImageObject\",\"inLanguage\":\"fr-FR\",\"@id\":\"https:\/\/lesminis.fr\/blog\/mardi-gras-2026-date-origine-traditions-gourmandises-carnaval\/#primaryimage\",\"url\":\"https:\/\/lesminis.fr\/blog\/wp-content\/uploads\/2026\/02\/mardi-gras-carnaval-tigre.jpg\",\"contentUrl\":\"https:\/\/lesminis.fr\/blog\/wp-content\/uploads\/2026\/02\/mardi-gras-carnaval-tigre.jpg\",\"width\":1000,\"height\":714,\"caption\":\"Mardi gras, le carnaval culture France, d\u00e9guisement tigre\"},{\"@type\":\"BreadcrumbList\",\"@id\":\"https:\/\/lesminis.fr\/blog\/mardi-gras-2026-date-origine-traditions-gourmandises-carnaval\/#breadcrumb\",\"itemListElement\":[{\"@type\":\"ListItem\",\"position\":1,\"name\":\"Accueil\",\"item\":\"https:\/\/lesminis.fr\/blog\/\"},{\"@type\":\"ListItem\",\"position\":2,\"name\":\"Mardi Gras 2026 : date, origine et traditions du carnaval\"}]},{\"@type\":\"WebSite\",\"@id\":\"https:\/\/lesminis.fr\/blog\/#website\",\"url\":\"https:\/\/lesminis.fr\/blog\/\",\"name\":\"LesMinis Le Blog - Mat\u00e9riels \u00e9ducatifs - Figurines p\u00e9dagogiques\",\"description\":\"D\u00e9couvrez notre actualit\u00e9, figurines, mat\u00e9riel \u00e9ducatif, activit\u00e9s Montessori\",\"publisher\":{\"@id\":\"https:\/\/lesminis.fr\/blog\/#organization\"},\"potentialAction\":[{\"@type\":\"SearchAction\",\"target\":{\"@type\":\"EntryPoint\",\"urlTemplate\":\"https:\/\/lesminis.fr\/blog\/?s={search_term_string}\"},\"query-input\":{\"@type\":\"PropertyValueSpecification\",\"valueRequired\":true,\"valueName\":\"search_term_string\"}}],\"inLanguage\":\"fr-FR\"},{\"@type\":\"Organization\",\"@id\":\"https:\/\/lesminis.fr\/blog\/#organization\",\"name\":\"LesMinis - Sp\u00e9cialiste mat\u00e9riel p\u00e9dagogiques - Figurines \u00e9ducatives - Mat\u00e9riel Montessori\",\"url\":\"https:\/\/lesminis.fr\/blog\/\",\"logo\":{\"@type\":\"ImageObject\",\"inLanguage\":\"fr-FR\",\"@id\":\"https:\/\/lesminis.fr\/blog\/#\/schema\/logo\/image\/\",\"url\":\"https:\/\/lesminis.fr\/blog\/wp-content\/uploads\/2023\/03\/nouveau-logo-lesminis.png\",\"contentUrl\":\"https:\/\/lesminis.fr\/blog\/wp-content\/uploads\/2023\/03\/nouveau-logo-lesminis.png\",\"width\":500,\"height\":175,\"caption\":\"LesMinis - Sp\u00e9cialiste mat\u00e9riel p\u00e9dagogiques - Figurines \u00e9ducatives - Mat\u00e9riel Montessori\"},\"image\":{\"@id\":\"https:\/\/lesminis.fr\/blog\/#\/schema\/logo\/image\/\"},\"sameAs\":[\"https:\/\/fr-fr.facebook.com\/LesMinis.fr\/\",\"https:\/\/www.instagram.com\/lesminis.fr\/\",\"https:\/\/www.tiktok.com\/@lesminis.fr\",\"https:\/\/www.pinterest.fr\/lesminisfr\/\"]},{\"@type\":\"Person\",\"@id\":\"https:\/\/lesminis.fr\/blog\/#\/schema\/person\/4a1be8c8c70a7d945af71674957cf83e\",\"name\":\"LesMinis\",\"image\":{\"@type\":\"ImageObject\",\"inLanguage\":\"fr-FR\",\"@id\":\"https:\/\/lesminis.fr\/blog\/#\/schema\/person\/image\/\",\"url\":\"https:\/\/secure.gravatar.com\/avatar\/288cd93d352b3465f2bd0701b1f2bb059b68dc3a70c4fda061bad8e6c9f8d865?s=96&d=blank&r=g\",\"contentUrl\":\"https:\/\/secure.gravatar.com\/avatar\/288cd93d352b3465f2bd0701b1f2bb059b68dc3a70c4fda061bad8e6c9f8d865?s=96&d=blank&r=g\",\"caption\":\"LesMinis\"},\"sameAs\":[\"https:\/\/lesminis.fr\/blog\",\"https:\/\/www.facebook.com\/LesMinis.fr\/\",\"https:\/\/www.instagram.com\/lesminis.fr\/\",\"https:\/\/www.pinterest.fr\/lesminisfr\/\"],\"url\":\"https:\/\/lesminis.fr\/blog\/author\/lesminis\/\"}]}<\/script>\n<!-- \/ Yoast SEO Premium plugin. -->","yoast_head_json":{"title":"Mardi Gras 2026 : date officielle, origine, traditions et recettes","description":"Mardi Gras 2026 tombe le 17 f\u00e9vrier. Origine, lien avec le Car\u00eame, traditions du carnaval et gourmandises incontournables : cr\u00eapes, beignets, gaufres.","robots":{"index":"index","follow":"follow","max-snippet":"max-snippet:-1","max-image-preview":"max-image-preview:large","max-video-preview":"max-video-preview:-1"},"canonical":"https:\/\/lesminis.fr\/blog\/mardi-gras-2026-date-origine-traditions-gourmandises-carnaval\/","og_locale":"fr_FR","og_type":"article","og_title":"Mardi Gras 2026 : date, origine et traditions du carnaval","og_description":"Mardi Gras 2026 tombe le 17 f\u00e9vrier. Origine, lien avec le Car\u00eame, traditions du carnaval et gourmandises incontournables : cr\u00eapes, beignets, gaufres.","og_url":"https:\/\/lesminis.fr\/blog\/mardi-gras-2026-date-origine-traditions-gourmandises-carnaval\/","og_site_name":"LesMinis Le Blog - Mat\u00e9riels \u00e9ducatifs - Figurines p\u00e9dagogiques","article_publisher":"https:\/\/fr-fr.facebook.com\/LesMinis.fr\/","article_author":"https:\/\/www.facebook.com\/LesMinis.fr\/","article_published_time":"2026-02-15T07:32:46+00:00","article_modified_time":"2026-02-16T20:46:33+00:00","og_image":[{"width":1000,"height":714,"url":"https:\/\/lesminis.fr\/blog\/wp-content\/uploads\/2026\/02\/mardi-gras-carnaval-tigre.jpg","type":"image\/jpeg"}],"author":"LesMinis","twitter_misc":{"\u00c9crit par":"LesMinis","Dur\u00e9e de lecture estim\u00e9e":"5 minutes"},"schema":{"@context":"https:\/\/schema.org","@graph":[{"@type":["Article","BlogPosting"],"@id":"https:\/\/lesminis.fr\/blog\/mardi-gras-2026-date-origine-traditions-gourmandises-carnaval\/#article","isPartOf":{"@id":"https:\/\/lesminis.fr\/blog\/mardi-gras-2026-date-origine-traditions-gourmandises-carnaval\/"},"author":{"name":"LesMinis","@id":"https:\/\/lesminis.fr\/blog\/#\/schema\/person\/4a1be8c8c70a7d945af71674957cf83e"},"headline":"Mardi Gras 2026 : date, origine et traditions du carnaval","datePublished":"2026-02-15T07:32:46+00:00","dateModified":"2026-02-16T20:46:33+00:00","mainEntityOfPage":{"@id":"https:\/\/lesminis.fr\/blog\/mardi-gras-2026-date-origine-traditions-gourmandises-carnaval\/"},"wordCount":879,"commentCount":0,"publisher":{"@id":"https:\/\/lesminis.fr\/blog\/#organization"},"image":{"@id":"https:\/\/lesminis.fr\/blog\/mardi-gras-2026-date-origine-traditions-gourmandises-carnaval\/#primaryimage"},"thumbnailUrl":"https:\/\/lesminis.fr\/blog\/wp-content\/uploads\/2026\/02\/mardi-gras-carnaval-tigre.jpg","keywords":["beignets","carnaval","cr\u00eapes","mardi gras 2026"],"articleSection":["Culture &amp; Curiosit\u00e9s \u2013 Explorer, comprendre, relier"],"inLanguage":"fr-FR","potentialAction":[{"@type":"CommentAction","name":"Comment","target":["https:\/\/lesminis.fr\/blog\/mardi-gras-2026-date-origine-traditions-gourmandises-carnaval\/#respond"]}]},{"@type":"WebPage","@id":"https:\/\/lesminis.fr\/blog\/mardi-gras-2026-date-origine-traditions-gourmandises-carnaval\/","url":"https:\/\/lesminis.fr\/blog\/mardi-gras-2026-date-origine-traditions-gourmandises-carnaval\/","name":"Mardi Gras 2026 : date officielle, origine, traditions et recettes","isPartOf":{"@id":"https:\/\/lesminis.fr\/blog\/#website"},"primaryImageOfPage":{"@id":"https:\/\/lesminis.fr\/blog\/mardi-gras-2026-date-origine-traditions-gourmandises-carnaval\/#primaryimage"},"image":{"@id":"https:\/\/lesminis.fr\/blog\/mardi-gras-2026-date-origine-traditions-gourmandises-carnaval\/#primaryimage"},"thumbnailUrl":"https:\/\/lesminis.fr\/blog\/wp-content\/uploads\/2026\/02\/mardi-gras-carnaval-tigre.jpg","datePublished":"2026-02-15T07:32:46+00:00","dateModified":"2026-02-16T20:46:33+00:00","description":"Mardi Gras 2026 tombe le 17 f\u00e9vrier. Origine, lien avec le Car\u00eame, traditions du carnaval et gourmandises incontournables : cr\u00eapes, beignets, gaufres.","breadcrumb":{"@id":"https:\/\/lesminis.fr\/blog\/mardi-gras-2026-date-origine-traditions-gourmandises-carnaval\/#breadcrumb"},"inLanguage":"fr-FR","potentialAction":[{"@type":"ReadAction","target":["https:\/\/lesminis.fr\/blog\/mardi-gras-2026-date-origine-traditions-gourmandises-carnaval\/"]}]},{"@type":"ImageObject","inLanguage":"fr-FR","@id":"https:\/\/lesminis.fr\/blog\/mardi-gras-2026-date-origine-traditions-gourmandises-carnaval\/#primaryimage","url":"https:\/\/lesminis.fr\/blog\/wp-content\/uploads\/2026\/02\/mardi-gras-carnaval-tigre.jpg","contentUrl":"https:\/\/lesminis.fr\/blog\/wp-content\/uploads\/2026\/02\/mardi-gras-carnaval-tigre.jpg","width":1000,"height":714,"caption":"Mardi gras, le carnaval culture France, d\u00e9guisement tigre"},{"@type":"BreadcrumbList","@id":"https:\/\/lesminis.fr\/blog\/mardi-gras-2026-date-origine-traditions-gourmandises-carnaval\/#breadcrumb","itemListElement":[{"@type":"ListItem","position":1,"name":"Accueil","item":"https:\/\/lesminis.fr\/blog\/"},{"@type":"ListItem","position":2,"name":"Mardi Gras 2026 : date, origine et traditions du carnaval"}]},{"@type":"WebSite","@id":"https:\/\/lesminis.fr\/blog\/#website","url":"https:\/\/lesminis.fr\/blog\/","name":"LesMinis Le Blog - Mat\u00e9riels \u00e9ducatifs - Figurines p\u00e9dagogiques","description":"D\u00e9couvrez notre actualit\u00e9, figurines, mat\u00e9riel \u00e9ducatif, activit\u00e9s Montessori","publisher":{"@id":"https:\/\/lesminis.fr\/blog\/#organization"},"potentialAction":[{"@type":"SearchAction","target":{"@type":"EntryPoint","urlTemplate":"https:\/\/lesminis.fr\/blog\/?s={search_term_string}"},"query-input":{"@type":"PropertyValueSpecification","valueRequired":true,"valueName":"search_term_string"}}],"inLanguage":"fr-FR"},{"@type":"Organization","@id":"https:\/\/lesminis.fr\/blog\/#organization","name":"LesMinis - Sp\u00e9cialiste mat\u00e9riel p\u00e9dagogiques - Figurines \u00e9ducatives - Mat\u00e9riel Montessori","url":"https:\/\/lesminis.fr\/blog\/","logo":{"@type":"ImageObject","inLanguage":"fr-FR","@id":"https:\/\/lesminis.fr\/blog\/#\/schema\/logo\/image\/","url":"https:\/\/lesminis.fr\/blog\/wp-content\/uploads\/2023\/03\/nouveau-logo-lesminis.png","contentUrl":"https:\/\/lesminis.fr\/blog\/wp-content\/uploads\/2023\/03\/nouveau-logo-lesminis.png","width":500,"height":175,"caption":"LesMinis - Sp\u00e9cialiste mat\u00e9riel p\u00e9dagogiques - Figurines \u00e9ducatives - Mat\u00e9riel Montessori"},"image":{"@id":"https:\/\/lesminis.fr\/blog\/#\/schema\/logo\/image\/"},"sameAs":["https:\/\/fr-fr.facebook.com\/LesMinis.fr\/","https:\/\/www.instagram.com\/lesminis.fr\/","https:\/\/www.tiktok.com\/@lesminis.fr","https:\/\/www.pinterest.fr\/lesminisfr\/"]},{"@type":"Person","@id":"https:\/\/lesminis.fr\/blog\/#\/schema\/person\/4a1be8c8c70a7d945af71674957cf83e","name":"LesMinis","image":{"@type":"ImageObject","inLanguage":"fr-FR","@id":"https:\/\/lesminis.fr\/blog\/#\/schema\/person\/image\/","url":"https:\/\/secure.gravatar.com\/avatar\/288cd93d352b3465f2bd0701b1f2bb059b68dc3a70c4fda061bad8e6c9f8d865?s=96&d=blank&r=g","contentUrl":"https:\/\/secure.gravatar.com\/avatar\/288cd93d352b3465f2bd0701b1f2bb059b68dc3a70c4fda061bad8e6c9f8d865?s=96&d=blank&r=g","caption":"LesMinis"},"sameAs":["https:\/\/lesminis.fr\/blog","https:\/\/www.facebook.com\/LesMinis.fr\/","https:\/\/www.instagram.com\/lesminis.fr\/","https:\/\/www.pinterest.fr\/lesminisfr\/"],"url":"https:\/\/lesminis.fr\/blog\/author\/lesminis\/"}]}},"_links":{"self":[{"href":"https:\/\/lesminis.fr\/blog\/wp-json\/wp\/v2\/posts\/5998","targetHints":{"allow":["GET"]}}],"collection":[{"href":"https:\/\/lesminis.fr\/blog\/wp-json\/wp\/v2\/posts"}],"about":[{"href":"https:\/\/lesminis.fr\/blog\/wp-json\/wp\/v2\/types\/post"}],"author":[{"embeddable":true,"href":"https:\/\/lesminis.fr\/blog\/wp-json\/wp\/v2\/users\/1"}],"replies":[{"embeddable":true,"href":"https:\/\/lesminis.fr\/blog\/wp-json\/wp\/v2\/comments?post=5998"}],"version-history":[{"count":1,"href":"https:\/\/lesminis.fr\/blog\/wp-json\/wp\/v2\/posts\/5998\/revisions"}],"predecessor-version":[{"id":6001,"href":"https:\/\/lesminis.fr\/blog\/wp-json\/wp\/v2\/posts\/5998\/revisions\/6001"}],"wp:featuredmedia":[{"embeddable":true,"href":"https:\/\/lesminis.fr\/blog\/wp-json\/wp\/v2\/media\/5999"}],"wp:attachment":[{"href":"https:\/\/lesminis.fr\/blog\/wp-json\/wp\/v2\/media?parent=5998"}],"wp:term":[{"taxonomy":"category","embeddable":true,"href":"https:\/\/lesminis.fr\/blog\/wp-json\/wp\/v2\/categories?post=5998"},{"taxonomy":"post_tag","embeddable":true,"href":"https:\/\/lesminis.fr\/blog\/wp-json\/wp\/v2\/tags?post=5998"}],"curies":[{"name":"wp","href":"https:\/\/api.w.org\/{rel}","templated":true}]}}