{"id":5649,"date":"2025-12-04T08:03:06","date_gmt":"2025-12-04T07:03:06","guid":{"rendered":"https:\/\/lesminis.fr\/blog\/?p=5649"},"modified":"2025-12-05T09:11:46","modified_gmt":"2025-12-05T08:11:46","slug":"harfang-neiges-hibou-arctique-bubo-scandiacus","status":"publish","type":"post","link":"https:\/\/lesminis.fr\/blog\/harfang-neiges-hibou-arctique-bubo-scandiacus\/","title":{"rendered":"Harfang des Neiges : Le Hibou Blanc Majestueux de l&rsquo;Arctique"},"content":{"rendered":"<article class=\"zoodex-article\" data-category=\"zoodex\" data-type=\"species-guide-educational\">\n<header class=\"article-header\">\n<p class=\"article-meta\"><strong>Blanc immacul\u00e9, yeux jaunes per\u00e7ants, capable de survivre \u00e0 -50\u00b0C : le Harfang des neiges est bien plus qu&rsquo;un oiseau arctique ordinaire.<\/strong> Cet extraordinaire rapace r\u00e8gne sur la toundra depuis des millions d&rsquo;ann\u00e9es, parfaitement adapt\u00e9 \u00e0 l&rsquo;un des environnements les plus hostiles de la plan\u00e8te.<\/p>\n<\/header>\n<div class=\"article-content\">\n<section class=\"intro\">Embl\u00e8me officiel du Qu\u00e9bec depuis 1987, le Harfang des neiges fascine les enfants (notamment gr\u00e2ce \u00e0 Hedwige dans Harry Potter) et int\u00e9resse les ornithologues du monde entier. Mais au-del\u00e0 de son apparence spectaculaire, c&rsquo;est une merveille biologique : un chasseur diurne dans un ordre de rapaces essentiellement nocturnes, capable de naviguer les cycles impr\u00e9visibles de ses proies, et construit pour affronter les temp\u00e9ratures extr\u00eames.D\u00e9couvrez l&rsquo;histoire compl\u00e8te de cet oiseau fascinant : sa morphologie adapt\u00e9e au froid, son comportement de chasse unique, sa reproduction cyclique li\u00e9e aux populations de lemmings, et ses enjeux de conservation.<\/section>\n<section id=\"ch1\" class=\"chapter\">\n<div id=\"ez-toc-container\" class=\"ez-toc-v2_0_78 counter-hierarchy ez-toc-counter ez-toc-grey ez-toc-container-direction\">\n<div class=\"ez-toc-title-container\">\n<p class=\"ez-toc-title\" style=\"cursor:inherit\">Table of Contents<\/p>\n<span class=\"ez-toc-title-toggle\"><a href=\"#\" class=\"ez-toc-pull-right ez-toc-btn ez-toc-btn-xs ez-toc-btn-default ez-toc-toggle\" aria-label=\"Toggle Table of Content\"><span class=\"ez-toc-js-icon-con\"><span class=\"\"><span class=\"eztoc-hide\" style=\"display:none;\">Toggle<\/span><span class=\"ez-toc-icon-toggle-span\"><svg style=\"fill: #999;color:#999\" xmlns=\"http:\/\/www.w3.org\/2000\/svg\" class=\"list-377408\" width=\"20px\" height=\"20px\" viewBox=\"0 0 24 24\" fill=\"none\"><path d=\"M6 6H4v2h2V6zm14 0H8v2h12V6zM4 11h2v2H4v-2zm16 0H8v2h12v-2zM4 16h2v2H4v-2zm16 0H8v2h12v-2z\" fill=\"currentColor\"><\/path><\/svg><svg style=\"fill: #999;color:#999\" class=\"arrow-unsorted-368013\" xmlns=\"http:\/\/www.w3.org\/2000\/svg\" width=\"10px\" height=\"10px\" viewBox=\"0 0 24 24\" version=\"1.2\" baseProfile=\"tiny\"><path d=\"M18.2 9.3l-6.2-6.3-6.2 6.3c-.2.2-.3.4-.3.7s.1.5.3.7c.2.2.4.3.7.3h11c.3 0 .5-.1.7-.3.2-.2.3-.5.3-.7s-.1-.5-.3-.7zM5.8 14.7l6.2 6.3 6.2-6.3c.2-.2.3-.5.3-.7s-.1-.5-.3-.7c-.2-.2-.4-.3-.7-.3h-11c-.3 0-.5.1-.7.3-.2.2-.3.5-.3.7s.1.5.3.7z\"\/><\/svg><\/span><\/span><\/span><\/a><\/span><\/div>\n<nav><ul class='ez-toc-list ez-toc-list-level-1 ' ><li class='ez-toc-page-1 ez-toc-heading-level-2'><a class=\"ez-toc-link ez-toc-heading-1\" href=\"https:\/\/lesminis.fr\/blog\/harfang-neiges-hibou-arctique-bubo-scandiacus\/#Harfang_des_Neiges_Quest-ce_que_Cest\" >Harfang des Neiges : Qu&rsquo;est-ce que C&rsquo;est ?<\/a><ul class='ez-toc-list-level-3' ><li class='ez-toc-heading-level-3'><a class=\"ez-toc-link ez-toc-heading-2\" href=\"https:\/\/lesminis.fr\/blog\/harfang-neiges-hibou-arctique-bubo-scandiacus\/#Statut_taxonomique_et_reclassement_recent\" >Statut taxonomique et reclassement r\u00e9cent<\/a><\/li><\/ul><\/li><li class='ez-toc-page-1 ez-toc-heading-level-2'><a class=\"ez-toc-link ez-toc-heading-3\" href=\"https:\/\/lesminis.fr\/blog\/harfang-neiges-hibou-arctique-bubo-scandiacus\/#Morphologie_Un_Oiseau_Blanc_Construit_pour_le_Froid_Extreme\" >Morphologie : Un Oiseau Blanc Construit pour le Froid Extr\u00eame<\/a><\/li><li class='ez-toc-page-1 ez-toc-heading-level-2'><a class=\"ez-toc-link ez-toc-heading-4\" href=\"https:\/\/lesminis.fr\/blog\/harfang-neiges-hibou-arctique-bubo-scandiacus\/#Dimensions_impressionnantes\" >Dimensions impressionnantes<\/a><\/li><li class='ez-toc-page-1 ez-toc-heading-level-2'><a class=\"ez-toc-link ez-toc-heading-5\" href=\"https:\/\/lesminis.fr\/blog\/harfang-neiges-hibou-arctique-bubo-scandiacus\/#Plumage_le_blanc_comme_camouflage_arctique\" >Plumage : le blanc comme camouflage arctique<\/a><\/li><li class='ez-toc-page-1 ez-toc-heading-level-2'><a class=\"ez-toc-link ez-toc-heading-6\" href=\"https:\/\/lesminis.fr\/blog\/harfang-neiges-hibou-arctique-bubo-scandiacus\/#Le_dimorphisme_sexuel_une_strategie_reproductive_pas_esthetique\" >Le dimorphisme sexuel : une strat\u00e9gie reproductive, pas esth\u00e9tique<\/a><ul class='ez-toc-list-level-3' ><li class='ez-toc-heading-level-3'><a class=\"ez-toc-link ez-toc-heading-7\" href=\"https:\/\/lesminis.fr\/blog\/harfang-neiges-hibou-arctique-bubo-scandiacus\/#Isolation_thermique_survivre_a_-50%C2%B0C\" >Isolation thermique : survivre \u00e0 -50\u00b0C<\/a><\/li><li class='ez-toc-page-1 ez-toc-heading-level-3'><a class=\"ez-toc-link ez-toc-heading-8\" href=\"https:\/\/lesminis.fr\/blog\/harfang-neiges-hibou-arctique-bubo-scandiacus\/#Yeux_et_vision\" >Yeux et vision<\/a><\/li><li class='ez-toc-page-1 ez-toc-heading-level-3'><a class=\"ez-toc-link ez-toc-heading-9\" href=\"https:\/\/lesminis.fr\/blog\/harfang-neiges-hibou-arctique-bubo-scandiacus\/#Disques_faciaux_et_ouie\" >Disques faciaux et ou\u00efe<\/a><\/li><li class='ez-toc-page-1 ez-toc-heading-level-3'><a class=\"ez-toc-link ez-toc-heading-10\" href=\"https:\/\/lesminis.fr\/blog\/harfang-neiges-hibou-arctique-bubo-scandiacus\/#Serres_et_armes_de_chasse\" >Serres et armes de chasse<\/a><\/li><\/ul><\/li><li class='ez-toc-page-1 ez-toc-heading-level-2'><a class=\"ez-toc-link ez-toc-heading-11\" href=\"https:\/\/lesminis.fr\/blog\/harfang-neiges-hibou-arctique-bubo-scandiacus\/#Les_Cris_du_Harfang_des_Neiges_Une_Voix_Arctique_Brute\" >Les Cris du Harfang des Neiges : Une Voix Arctique Brute<\/a><ul class='ez-toc-list-level-3' ><li class='ez-toc-heading-level-3'><a class=\"ez-toc-link ez-toc-heading-12\" href=\"https:\/\/lesminis.fr\/blog\/harfang-neiges-hibou-arctique-bubo-scandiacus\/#Repertoire_vocal_du_Harfang\" >R\u00e9pertoire vocal du Harfang<\/a><\/li><li class='ez-toc-page-1 ez-toc-heading-level-3'><a class=\"ez-toc-link ez-toc-heading-13\" href=\"https:\/\/lesminis.fr\/blog\/harfang-neiges-hibou-arctique-bubo-scandiacus\/#Contexte_vocal_territoire_et_reproduction\" >Contexte vocal : territoire et reproduction<\/a><\/li><li class='ez-toc-page-1 ez-toc-heading-level-3'><a class=\"ez-toc-link ez-toc-heading-14\" href=\"https:\/\/lesminis.fr\/blog\/harfang-neiges-hibou-arctique-bubo-scandiacus\/#Ecoutez_le_Harfang_son_naturel_enregistre\" >\u00c9coutez le Harfang : son naturel enregistr\u00e9<\/a><\/li><li class='ez-toc-page-1 ez-toc-heading-level-3'><a class=\"ez-toc-link ez-toc-heading-15\" href=\"https:\/\/lesminis.fr\/blog\/harfang-neiges-hibou-arctique-bubo-scandiacus\/#Particularites_peu_de_vocalisation_en_dehors_reproduction\" >Particularit\u00e9s : peu de vocalisation en dehors reproduction<\/a><\/li><\/ul><\/li><li class='ez-toc-page-1 ez-toc-heading-level-2'><a class=\"ez-toc-link ez-toc-heading-16\" href=\"https:\/\/lesminis.fr\/blog\/harfang-neiges-hibou-arctique-bubo-scandiacus\/#Repartition_Geographique_Roi_de_la_Toundra_Arctique\" >R\u00e9partition G\u00e9ographique : Roi de la Toundra Arctique<\/a><ul class='ez-toc-list-level-3' ><li class='ez-toc-heading-level-3'><a class=\"ez-toc-link ez-toc-heading-17\" href=\"https:\/\/lesminis.fr\/blog\/harfang-neiges-hibou-arctique-bubo-scandiacus\/#Habitat_prefere_la_toundra\" >Habitat pr\u00e9f\u00e9r\u00e9 : la toundra<\/a><\/li><li class='ez-toc-page-1 ez-toc-heading-level-3'><a class=\"ez-toc-link ez-toc-heading-18\" href=\"https:\/\/lesminis.fr\/blog\/harfang-neiges-hibou-arctique-bubo-scandiacus\/#Migrations_hivernales_et_invasions_de_disette\" >Migrations hivernales et invasions de disette<\/a><\/li><\/ul><\/li><li class='ez-toc-page-1 ez-toc-heading-level-2'><a class=\"ez-toc-link ez-toc-heading-19\" href=\"https:\/\/lesminis.fr\/blog\/harfang-neiges-hibou-arctique-bubo-scandiacus\/#Chasseur_de_Jour_dans_un_Ordre_Nocturne\" >Chasseur de Jour dans un Ordre Nocturne<\/a><ul class='ez-toc-list-level-3' ><li class='ez-toc-heading-level-3'><a class=\"ez-toc-link ez-toc-heading-20\" href=\"https:\/\/lesminis.fr\/blog\/harfang-neiges-hibou-arctique-bubo-scandiacus\/#Technique_de_chasse_affut_et_vol\" >Technique de chasse : aff\u00fbt et vol<\/a><\/li><\/ul><\/li><li class='ez-toc-page-1 ez-toc-heading-level-2'><a class=\"ez-toc-link ez-toc-heading-21\" href=\"https:\/\/lesminis.fr\/blog\/harfang-neiges-hibou-arctique-bubo-scandiacus\/#Alimentation_Dependant_des_Cycles_de_Lemmings\" >Alimentation : D\u00e9pendant des Cycles de Lemmings<\/a><ul class='ez-toc-list-level-3' ><li class='ez-toc-heading-level-3'><a class=\"ez-toc-link ez-toc-heading-22\" href=\"https:\/\/lesminis.fr\/blog\/harfang-neiges-hibou-arctique-bubo-scandiacus\/#Annees_a_lemmings_vs_annees_de_disette\" >Ann\u00e9es \u00e0 lemmings vs ann\u00e9es de disette<\/a><\/li><li class='ez-toc-page-1 ez-toc-heading-level-3'><a class=\"ez-toc-link ez-toc-heading-23\" href=\"https:\/\/lesminis.fr\/blog\/harfang-neiges-hibou-arctique-bubo-scandiacus\/#Menu_varie\" >Menu vari\u00e9<\/a><\/li><li class='ez-toc-page-1 ez-toc-heading-level-3'><a class=\"ez-toc-link ez-toc-heading-24\" href=\"https:\/\/lesminis.fr\/blog\/harfang-neiges-hibou-arctique-bubo-scandiacus\/#Besoins_energetiques_quotidiens\" >Besoins \u00e9nerg\u00e9tiques quotidiens<\/a><\/li><li class='ez-toc-page-1 ez-toc-heading-level-3'><a class=\"ez-toc-link ez-toc-heading-25\" href=\"https:\/\/lesminis.fr\/blog\/harfang-neiges-hibou-arctique-bubo-scandiacus\/#Digestion_et_pelotes_de_rejection\" >Digestion et pelotes de r\u00e9jection<\/a><\/li><\/ul><\/li><li class='ez-toc-page-1 ez-toc-heading-level-2'><a class=\"ez-toc-link ez-toc-heading-26\" href=\"https:\/\/lesminis.fr\/blog\/harfang-neiges-hibou-arctique-bubo-scandiacus\/#Reproduction_Cyclique_et_Dependante_de_la_Nourriture\" >Reproduction : Cyclique et D\u00e9pendante de la Nourriture<\/a><ul class='ez-toc-list-level-3' ><li class='ez-toc-heading-level-3'><a class=\"ez-toc-link ez-toc-heading-27\" href=\"https:\/\/lesminis.fr\/blog\/harfang-neiges-hibou-arctique-bubo-scandiacus\/#Parade_nuptiale_et_formation_de_couples\" >Parade nuptiale et formation de couples<\/a><\/li><li class='ez-toc-page-1 ez-toc-heading-level-3'><a class=\"ez-toc-link ez-toc-heading-28\" href=\"https:\/\/lesminis.fr\/blog\/harfang-neiges-hibou-arctique-bubo-scandiacus\/#Nidification_et_ponte\" >Nidification et ponte<\/a><\/li><li class='ez-toc-page-1 ez-toc-heading-level-3'><a class=\"ez-toc-link ez-toc-heading-29\" href=\"https:\/\/lesminis.fr\/blog\/harfang-neiges-hibou-arctique-bubo-scandiacus\/#Eclosion_et_selection_naturelle\" >\u00c9closion et s\u00e9lection naturelle<\/a><\/li><li class='ez-toc-page-1 ez-toc-heading-level-3'><a class=\"ez-toc-link ez-toc-heading-30\" href=\"https:\/\/lesminis.fr\/blog\/harfang-neiges-hibou-arctique-bubo-scandiacus\/#Developpement_des_oisillons\" >D\u00e9veloppement des oisillons<\/a><\/li><li class='ez-toc-page-1 ez-toc-heading-level-3'><a class=\"ez-toc-link ez-toc-heading-31\" href=\"https:\/\/lesminis.fr\/blog\/harfang-neiges-hibou-arctique-bubo-scandiacus\/#Taux_de_reproduction_variables\" >Taux de reproduction variables<\/a><\/li><\/ul><\/li><li class='ez-toc-page-1 ez-toc-heading-level-2'><a class=\"ez-toc-link ez-toc-heading-32\" href=\"https:\/\/lesminis.fr\/blog\/harfang-neiges-hibou-arctique-bubo-scandiacus\/#Statut_de_Conservation_et_Menaces\" >Statut de Conservation et Menaces<\/a><ul class='ez-toc-list-level-3' ><li class='ez-toc-heading-level-3'><a class=\"ez-toc-link ez-toc-heading-33\" href=\"https:\/\/lesminis.fr\/blog\/harfang-neiges-hibou-arctique-bubo-scandiacus\/#Classement_UICN_Vulnerable\" >Classement UICN : Vuln\u00e9rable<\/a><\/li><li class='ez-toc-page-1 ez-toc-heading-level-3'><a class=\"ez-toc-link ez-toc-heading-34\" href=\"https:\/\/lesminis.fr\/blog\/harfang-neiges-hibou-arctique-bubo-scandiacus\/#Causes_principales_du_declin\" >Causes principales du d\u00e9clin<\/a><\/li><li class='ez-toc-page-1 ez-toc-heading-level-3'><a class=\"ez-toc-link ez-toc-heading-35\" href=\"https:\/\/lesminis.fr\/blog\/harfang-neiges-hibou-arctique-bubo-scandiacus\/#Mesures_de_protection\" >Mesures de protection<\/a><\/li><\/ul><\/li><li class='ez-toc-page-1 ez-toc-heading-level-2'><a class=\"ez-toc-link ez-toc-heading-36\" href=\"https:\/\/lesminis.fr\/blog\/harfang-neiges-hibou-arctique-bubo-scandiacus\/#Harfang_vs_Chouette_Une_Question_de_Vocabulaire_Francais\" >Harfang vs Chouette : Une Question de Vocabulaire Fran\u00e7ais<\/a><ul class='ez-toc-list-level-3' ><li class='ez-toc-heading-level-3'><a class=\"ez-toc-link ez-toc-heading-37\" href=\"https:\/\/lesminis.fr\/blog\/harfang-neiges-hibou-arctique-bubo-scandiacus\/#Une_distinction_linguistique_pas_biologique\" >Une distinction linguistique, pas biologique<\/a><\/li><li class='ez-toc-page-1 ez-toc-heading-level-3'><a class=\"ez-toc-link ez-toc-heading-38\" href=\"https:\/\/lesminis.fr\/blog\/harfang-neiges-hibou-arctique-bubo-scandiacus\/#Le_cas_du_Harfang_aigrettes_minuscules_confusion\" >Le cas du Harfang : aigrettes minuscules = confusion<\/a><\/li><li class='ez-toc-page-1 ez-toc-heading-level-3'><a class=\"ez-toc-link ez-toc-heading-39\" href=\"https:\/\/lesminis.fr\/blog\/harfang-neiges-hibou-arctique-bubo-scandiacus\/#Important_les_aigrettes_ne_sont_pas_des_oreilles\" >Important : les aigrettes ne sont pas des oreilles<\/a><\/li><li class='ez-toc-page-1 ez-toc-heading-level-3'><a class=\"ez-toc-link ez-toc-heading-40\" href=\"https:\/\/lesminis.fr\/blog\/harfang-neiges-hibou-arctique-bubo-scandiacus\/#Resume_une_distinction_francaise_pas_une_vraie_separation_biologique\" >R\u00e9sum\u00e9 : une distinction fran\u00e7aise, pas une vraie s\u00e9paration biologique<\/a><\/li><li class='ez-toc-page-1 ez-toc-heading-level-3'><a class=\"ez-toc-link ez-toc-heading-41\" href=\"https:\/\/lesminis.fr\/blog\/harfang-neiges-hibou-arctique-bubo-scandiacus\/#Embleme_du_Quebec\" >Embl\u00e8me du Qu\u00e9bec<\/a><\/li><li class='ez-toc-page-1 ez-toc-heading-level-3'><a class=\"ez-toc-link ez-toc-heading-42\" href=\"https:\/\/lesminis.fr\/blog\/harfang-neiges-hibou-arctique-bubo-scandiacus\/#Harfang_dans_la_culture_inuite\" >Harfang dans la culture inuite<\/a><\/li><li class='ez-toc-page-1 ez-toc-heading-level-3'><a class=\"ez-toc-link ez-toc-heading-43\" href=\"https:\/\/lesminis.fr\/blog\/harfang-neiges-hibou-arctique-bubo-scandiacus\/#Presence_prehistorique_en_France\" >Pr\u00e9sence pr\u00e9historique en France<\/a><\/li><li class='ez-toc-page-1 ez-toc-heading-level-3'><a class=\"ez-toc-link ez-toc-heading-44\" href=\"https:\/\/lesminis.fr\/blog\/harfang-neiges-hibou-arctique-bubo-scandiacus\/#Hedwige_dans_Harry_Potter\" >Hedwige dans Harry Potter<\/a><\/li><li class='ez-toc-page-1 ez-toc-heading-level-3'><a class=\"ez-toc-link ez-toc-heading-45\" href=\"https:\/\/lesminis.fr\/blog\/harfang-neiges-hibou-arctique-bubo-scandiacus\/#Pokemon_Noarfang\" >Pok\u00e9mon Noarfang<\/a><\/li><\/ul><\/li><li class='ez-toc-page-1 ez-toc-heading-level-2'><a class=\"ez-toc-link ez-toc-heading-46\" href=\"https:\/\/lesminis.fr\/blog\/harfang-neiges-hibou-arctique-bubo-scandiacus\/#Decouvrez_les_Figurines_Harfang_des_Neiges_LesMinis\" >D\u00e9couvrez les Figurines Harfang des Neiges LesMinis<\/a><ul class='ez-toc-list-level-3' ><li class='ez-toc-heading-level-3'><a class=\"ez-toc-link ez-toc-heading-47\" href=\"https:\/\/lesminis.fr\/blog\/harfang-neiges-hibou-arctique-bubo-scandiacus\/#Collection_Figurines_Harfang_des_Neiges\" >Collection Figurines Harfang des Neiges<\/a><\/li><\/ul><\/li><li class='ez-toc-page-1 ez-toc-heading-level-2'><a class=\"ez-toc-link ez-toc-heading-48\" href=\"https:\/\/lesminis.fr\/blog\/harfang-neiges-hibou-arctique-bubo-scandiacus\/#Conclusion_Un_Oiseau_pour_lAge_de_lAnthropocene\" >Conclusion : Un Oiseau pour l&rsquo;\u00c2ge de l&rsquo;Anthropoc\u00e8ne<\/a><\/li><\/ul><\/nav><\/div>\n<h2><span class=\"ez-toc-section\" id=\"Harfang_des_Neiges_Quest-ce_que_Cest\"><\/span>Harfang des Neiges : Qu&rsquo;est-ce que C&rsquo;est ?<span class=\"ez-toc-section-end\"><\/span><\/h2>\n<p>Le <strong>Harfang des neiges<\/strong> (<em>Bubo scandiacus<\/em>, anciennement <em>Nyctea scandiaca<\/em>) est un grand rapace nordique appartenant \u00e0 la famille des Strigid\u00e9s. Le nom \u00ab\u00a0Harfang\u00a0\u00bb vient du vieux su\u00e9dois <em>harf\u00e5ng<\/em>, signifiant litt\u00e9ralement \u00ab\u00a0attrape-li\u00e8vre\u00a0\u00bb, une d\u00e9nomination qui refl\u00e8te sa nature de pr\u00e9dateur redoutable.<\/p>\n<p>Ce qui frappe imm\u00e9diatement : <strong>c&rsquo;est un hibou, pas une chouette<\/strong>, malgr\u00e9 l&rsquo;appellation trompeuse \u00ab\u00a0Chouette harfang\u00a0\u00bb qu&rsquo;on rencontre parfois en fran\u00e7ais. La diff\u00e9rence tient aux minuscules aigrettes (ressemblant \u00e0 de petites oreilles) que tous les hiboux poss\u00e8dent. Chez le Harfang, ces aigrettes sont tellement petites et repli\u00e9es qu&rsquo;elles deviennent quasi invisibles, d&rsquo;o\u00f9 la confusion.<\/p>\n<h3><span class=\"ez-toc-section\" id=\"Statut_taxonomique_et_reclassement_recent\"><\/span>Statut taxonomique et reclassement r\u00e9cent<span class=\"ez-toc-section-end\"><\/span><\/h3>\n<p>Pendant longtemps, le Harfang \u00e9tait class\u00e9 seul dans son propre genre : <em>Nyctea scandiaca<\/em>. Mais en 1999, des analyses de phylog\u00e9nie mol\u00e9culaire ont montr\u00e9 qu&rsquo;il \u00e9tait extr\u00eamement proche des Grands-ducs du genre <em>Bubo<\/em>. Il a donc \u00e9t\u00e9 reclass\u00e9 comme <em>Bubo scandiacus<\/em>, ce qui est techniquement son nom scientifique correct aujourd&rsquo;hui.<\/p>\n<p><em>Statut UICN :<\/em> <strong>Vuln\u00e9rable (VU)<\/strong> \u2014 les populations d\u00e9clinent en raison des changements climatiques qui affectent les cycles des lemmings, ses proies principales.<\/p>\n<p><img loading=\"lazy\" decoding=\"async\" class=\"alignnone size-full wp-image-5653\" src=\"https:\/\/lesminis.fr\/blog\/wp-content\/uploads\/2025\/12\/featured-image-harfang-neiges-portrait.jpg\" alt=\"Harfang des neiges portrait - grands yeux jaunes et disques faciaux rigides\" width=\"1000\" height=\"692\" srcset=\"https:\/\/lesminis.fr\/blog\/wp-content\/uploads\/2025\/12\/featured-image-harfang-neiges-portrait.jpg 1000w, https:\/\/lesminis.fr\/blog\/wp-content\/uploads\/2025\/12\/featured-image-harfang-neiges-portrait-300x208.jpg 300w, https:\/\/lesminis.fr\/blog\/wp-content\/uploads\/2025\/12\/featured-image-harfang-neiges-portrait-768x531.jpg 768w, https:\/\/lesminis.fr\/blog\/wp-content\/uploads\/2025\/12\/featured-image-harfang-neiges-portrait-607x420.jpg 607w, https:\/\/lesminis.fr\/blog\/wp-content\/uploads\/2025\/12\/featured-image-harfang-neiges-portrait-218x150.jpg 218w, https:\/\/lesminis.fr\/blog\/wp-content\/uploads\/2025\/12\/featured-image-harfang-neiges-portrait-696x482.jpg 696w\" sizes=\"auto, (max-width: 1000px) 100vw, 1000px\" \/><\/p>\n<p>&nbsp;<\/p>\n<p class=\"image-caption\">Les yeux jaunes fixes et les disques faciaux rigides du Harfang des neiges refl\u00e8tent les ondes sonores vers ses oreilles, donnant \u00e0 cet oiseau une ou\u00efe exceptionnelle.<\/p>\n<\/section>\n<section id=\"ch2\" class=\"chapter\">\n<h2><span class=\"ez-toc-section\" id=\"Morphologie_Un_Oiseau_Blanc_Construit_pour_le_Froid_Extreme\"><\/span>Morphologie : Un Oiseau Blanc Construit pour le Froid Extr\u00eame<span class=\"ez-toc-section-end\"><\/span><\/h2>\n<h2><span class=\"ez-toc-section\" id=\"Dimensions_impressionnantes\"><\/span>Dimensions impressionnantes<span class=\"ez-toc-section-end\"><\/span><\/h2>\n<p>Le Harfang des neiges est <strong>l&rsquo;un des plus lourds des rapaces nocturnes d&rsquo;Am\u00e9rique du Nord<\/strong>. Ses dimensions en font un oiseau imposant :<\/p>\n<p><strong>Longueur :<\/strong> 55 \u00e0 70 cm. <strong>Envergure :<\/strong> 1,40 \u00e0 1,70 m\u00e8tre. <strong>Poids :<\/strong> 1,6 \u00e0 2,5 kg, les femelles \u00e9tant <strong>syst\u00e9matiquement plus lourdes et plus grandes<\/strong> que les m\u00e2les (dimorphisme sexuel tr\u00e8s marqu\u00e9).<\/p>\n<p>Pour mettre en perspective : une envergure de 1,7 m\u00e8tre est comparable \u00e0 l&rsquo;\u00e9cartement des bras d&rsquo;un adulte humain. Un poids de 2,5 kg, c&rsquo;est environ le poids d&rsquo;une grosse poule.<\/p>\n<h2><span class=\"ez-toc-section\" id=\"Plumage_le_blanc_comme_camouflage_arctique\"><\/span>Plumage : le blanc comme camouflage arctique<span class=\"ez-toc-section-end\"><\/span><\/h2>\n<p>Le m\u00e2le adulte affiche un plumage <strong>blanc dominant<\/strong>, avec parfois quelques taches noires sur les extr\u00e9mit\u00e9s des r\u00e9miges (grandes plumes des ailes) et les minuscules aigrettes\u2014mais globalement blanc tr\u00e8s clair.<\/p>\n<p>La femelle adulte est <strong>fortement tachet\u00e9e et ray\u00e9e de brun fonc\u00e9<\/strong>, particuli\u00e8rement sur les ailes, la queue et la poitrine. Cette coloration plus sombre n&rsquo;est pas cosm\u00e9tique : c&rsquo;est une adaptation directe \u00e0 son r\u00f4le reproducteur.<\/p>\n<p>Les oisillons naissent couverts d&rsquo;un duvet blanc, puis rapidement rev\u00eatus d&rsquo;un duvet gris-brun \u00e0 partir de 10 jours. Leur plumage s&rsquo;\u00e9claircit progressivement avec l&rsquo;\u00e2ge.<\/p>\n<h2><span class=\"ez-toc-section\" id=\"Le_dimorphisme_sexuel_une_strategie_reproductive_pas_esthetique\"><\/span>Le dimorphisme sexuel : une strat\u00e9gie reproductive, pas esth\u00e9tique<span class=\"ez-toc-section-end\"><\/span><\/h2>\n<p>La diff\u00e9rence de couleur entre m\u00e2le et femelle n&rsquo;est pas un hasard \u00e9volutif. <strong>Le m\u00e2le blanc chasse activement en plein jour et doit \u00eatre visible pour couvrir du territoire.<\/strong> La femelle, elle, <strong>reste au nid \u00e0 incuber pendant 32-34 jours cons\u00e9cutifs<\/strong>. Son plumage tachet\u00e9 la confond avec les rochers et la v\u00e9g\u00e9tation \u00e9parse de la toundra.<\/p>\n<p>La femelle am\u00e9liore encore ce camouflage : elle <strong>arrache activement toute plante qui g\u00eane sa vue ou qui pourrait r\u00e9v\u00e9ler la pr\u00e9sence du nid<\/strong>. R\u00e9sultat : un nid quasi ind\u00e9tectable pour les pr\u00e9dateurs (renards arctiques, labbes).<\/p>\n<p><img loading=\"lazy\" decoding=\"async\" class=\"alignnone size-full wp-image-5654\" src=\"https:\/\/lesminis.fr\/blog\/wp-content\/uploads\/2025\/12\/harfang-male-femelle-comparison.png\" alt=\"Comparaison m\u00e2le blanc vs femelle tachet\u00e9e harfang des neiges dimorphisme sexuel\" width=\"1024\" height=\"1024\" srcset=\"https:\/\/lesminis.fr\/blog\/wp-content\/uploads\/2025\/12\/harfang-male-femelle-comparison.png 1024w, https:\/\/lesminis.fr\/blog\/wp-content\/uploads\/2025\/12\/harfang-male-femelle-comparison-300x300.png 300w, https:\/\/lesminis.fr\/blog\/wp-content\/uploads\/2025\/12\/harfang-male-femelle-comparison-150x150.png 150w, https:\/\/lesminis.fr\/blog\/wp-content\/uploads\/2025\/12\/harfang-male-femelle-comparison-768x768.png 768w, https:\/\/lesminis.fr\/blog\/wp-content\/uploads\/2025\/12\/harfang-male-femelle-comparison-420x420.png 420w, https:\/\/lesminis.fr\/blog\/wp-content\/uploads\/2025\/12\/harfang-male-femelle-comparison-696x696.png 696w\" sizes=\"auto, (max-width: 1024px) 100vw, 1024px\" \/><\/p>\n<h3><span class=\"ez-toc-section\" id=\"Isolation_thermique_survivre_a_-50%C2%B0C\"><\/span>Isolation thermique : survivre \u00e0 -50\u00b0C<span class=\"ez-toc-section-end\"><\/span><\/h3>\n<p>L&rsquo;adaptation thermique du Harfang des neiges est extraordinaire. Son corps entier\u2014du bec jusqu&rsquo;aux orteils, est recouvert d&rsquo;une <strong>\u00e9paisse couche de duvet dense<\/strong>, elle-m\u00eame recouverte de plumes abondantes. M\u00eame ses pattes puissantes et ses serres sont couvertes de plumes isolantes.<\/p>\n<p>Cette isolation lui permet de maintenir une temp\u00e9rature corporelle de <strong>38-40\u00b0C, m\u00eame \u00e0 -50\u00b0C<\/strong>. Pour comparaison, il devrait perdre 90\u00b0C de chaleur corporelle dans ces conditions, sans ce syst\u00e8me d&rsquo;isolation, il mourrait en minutes.<\/p>\n<p>En cas de temp\u00eate ou de grand froid extr\u00eame, le Harfang se blottit au sol derri\u00e8re des obstacles naturels (rochers, cong\u00e8res, tas de glace) pour se prot\u00e9ger du vent.<\/p>\n<h3><span class=\"ez-toc-section\" id=\"Yeux_et_vision\"><\/span>Yeux et vision<span class=\"ez-toc-section-end\"><\/span><\/h3>\n<p>Les yeux du Harfang sont <strong>grands, jaune brillant, et fixes dans leurs orbites<\/strong>\u2014ils ne roulent pas comme les n\u00f4tres. Cela oblige l&rsquo;oiseau \u00e0 tourner toute sa t\u00eate (jusqu&rsquo;\u00e0 270\u00b0) pour regarder sur le c\u00f4t\u00e9. Mais cette limitation m\u00e9canique compense par une <strong>vision binoculaire exceptionnelle<\/strong> : ses yeux pointent vers l&rsquo;avant et leur champ de vision se chevauche largement, donnant au Harfang une profondeur de perception remarquable.<\/p>\n<p>Il peut d\u00e9celer des mouvements \u00e0 <strong>1 km de distance<\/strong>, y compris en conditions de faible lumi\u00e8re arctique.<\/p>\n<h3><span class=\"ez-toc-section\" id=\"Disques_faciaux_et_ouie\"><\/span>Disques faciaux et ou\u00efe<span class=\"ez-toc-section-end\"><\/span><\/h3>\n<p>Autour de ses yeux se trouvent des disques de plumes rigides\u2014des structures qui ne sont pas purement d\u00e9coratives. Ces disques <strong>refl\u00e8tent les ondes sonores vers ses oreilles<\/strong>, situ\u00e9es imm\u00e9diatement \u00e0 l&rsquo;arri\u00e8re du cr\u00e2ne, juste derri\u00e8re l&rsquo;asym\u00e9trie du disque. Son <strong>ou\u00efe est exceptionnellement d\u00e9velopp\u00e9e<\/strong>, lui permettant de localiser des proies par le son seul, m\u00eame dans la p\u00e9nombre du cr\u00e9puscule arctique.<\/p>\n<p><img loading=\"lazy\" decoding=\"async\" class=\"alignnone size-full wp-image-5655\" src=\"https:\/\/lesminis.fr\/blog\/wp-content\/uploads\/2025\/12\/shutterstock_2560018655-1.jpg\" alt=\"Structure d\u00e9taill\u00e9e de la t\u00eate du harfang - disques faciaux, yeux, aigrettes minuscules\" width=\"1000\" height=\"667\" srcset=\"https:\/\/lesminis.fr\/blog\/wp-content\/uploads\/2025\/12\/shutterstock_2560018655-1.jpg 1000w, https:\/\/lesminis.fr\/blog\/wp-content\/uploads\/2025\/12\/shutterstock_2560018655-1-300x200.jpg 300w, https:\/\/lesminis.fr\/blog\/wp-content\/uploads\/2025\/12\/shutterstock_2560018655-1-768x512.jpg 768w, https:\/\/lesminis.fr\/blog\/wp-content\/uploads\/2025\/12\/shutterstock_2560018655-1-630x420.jpg 630w, https:\/\/lesminis.fr\/blog\/wp-content\/uploads\/2025\/12\/shutterstock_2560018655-1-696x464.jpg 696w\" sizes=\"auto, (max-width: 1000px) 100vw, 1000px\" \/><\/p>\n<p class=\"image-caption\">Structure de la t\u00eate du Harfang : disques faciaux r\u00e9flecteurs, yeux jaunes, aigrettes minuscules repli\u00e9es invisibles.<\/p>\n<h3><span class=\"ez-toc-section\" id=\"Serres_et_armes_de_chasse\"><\/span>Serres et armes de chasse<span class=\"ez-toc-section-end\"><\/span><\/h3>\n<p>Ses pattes sont <strong>puissantes et dens\u00e9ment emplum\u00e9es<\/strong>. Les serres (griffes) sont noires, recourb\u00e9es et mesurent 25 \u00e0 35 mm de longueur. Elles se referment avec une force suffisante pour immobiliser instantan\u00e9ment m\u00eame les plus grosses proies.<\/p>\n<section id=\"vocalisations\" class=\"chapter\">\n<h2><span class=\"ez-toc-section\" id=\"Les_Cris_du_Harfang_des_Neiges_Une_Voix_Arctique_Brute\"><\/span>Les Cris du Harfang des Neiges : Une Voix Arctique Brute<span class=\"ez-toc-section-end\"><\/span><\/h2>\n<p>Contrairement \u00e0 la plupart des rapaces nocturnes qui sont plut\u00f4t silencieux, le Harfang des neiges est <strong>un oiseau vocal<\/strong>\u2014particuli\u00e8rement pendant la saison de reproduction. Ses cris, rares et puissants, refl\u00e8tent l&rsquo;intensit\u00e9 des d\u00e9fense territoriales et parades nuptiales arctiques.<\/p>\n<h3><span class=\"ez-toc-section\" id=\"Repertoire_vocal_du_Harfang\"><\/span>R\u00e9pertoire vocal du Harfang<span class=\"ez-toc-section-end\"><\/span><\/h3>\n<p>Le m\u00e2le produit <strong>une suite monotone de notes rudes et puissantes<\/strong>, rappelant \u00e9trangement l&rsquo;aboiement d&rsquo;un grand chien. Typiquement : \u00ab\u00a0gogogogogogo-kroow-kroow\u00a0\u00bb ou \u00ab\u00a0kroow-gogogo-kroow-kroow\u00a0\u00bb, souvent pr\u00e9c\u00e9d\u00e9s d&rsquo;un bouillonnement guttural grin\u00e7ant.<\/p>\n<p>La femelle \u00e9met un r\u00e9pertoire l\u00e9g\u00e8rement diff\u00e9rent : ses cris sont <strong>plus aigus et plus gutturaux<\/strong> que ceux du m\u00e2le, avec des miaulements joyeux et des cris stridents ressemblant \u00e0 ceux des oisillons\u2014probablement pour stimuler le m\u00e2le ou s&rsquo;identifier \u00e0 distance.<\/p>\n<p>Quand ils sont excit\u00e9s (d\u00e9fense du nid, parade nuptiale), les deux sexes produisent <strong>des gloussements rapides<\/strong>\u2014une accumulation de notes aigu\u00ebs qui signale une menace imminente.<\/p>\n<h3><span class=\"ez-toc-section\" id=\"Contexte_vocal_territoire_et_reproduction\"><\/span>Contexte vocal : territoire et reproduction<span class=\"ez-toc-section-end\"><\/span><\/h3>\n<p>Le Harfang chante surtout <strong>en f\u00e9vrier-mars<\/strong>, au d\u00e9but de la saison de reproduction. Le m\u00e2le signale sa pr\u00e9sence sur le territoire en chantant depuis un perchoir sur\u00e9lev\u00e9 (monticule, rocher) ou <strong>occasionnellement en vol<\/strong>.<\/p>\n<p>Ces cris servent trois fonctions :<\/p>\n<ul>\n<li><strong>D\u00e9limitation territoriale :<\/strong> le m\u00e2le avertit les autres m\u00e2les que ce territoire est occup\u00e9<\/li>\n<li><strong>Attraction du partenaire :<\/strong> la femelle localise le m\u00e2le via ses cris puissants, parfois utile dans la toundra plate o\u00f9 la visibilit\u00e9 est limit\u00e9e par la neige<\/li>\n<li><strong>D\u00e9fense du nid :<\/strong> lors de l&rsquo;incubation, les adultes deviennent agressifs et vocalisent intens\u00e9ment si un pr\u00e9dateur approche<\/li>\n<\/ul>\n<h3><span class=\"ez-toc-section\" id=\"Ecoutez_le_Harfang_son_naturel_enregistre\"><\/span>\u00c9coutez le Harfang : son naturel enregistr\u00e9<span class=\"ez-toc-section-end\"><\/span><\/h3>\n<p>Voici un enregistrement authentique du cri du Harfang des neiges, captur\u00e9 en milieu naturel arctique (source : Xeno-Canto, base de donn\u00e9es d&rsquo;enregistrements ornithologiques mondiaux) :<\/p>\n<div class=\"audio-container\"><iframe loading=\"lazy\" class=\"xeno-canto-embed\" src=\"https:\/\/xeno-canto.org\/679718\/embed\" width=\"100%\" height=\"220\" frameborder=\"0\" scrolling=\"no\"><\/iframe><\/div>\n<p><em>Cet enregistrement illustre les vocalisations typiques du Harfang : notes rudes et puissantes, monotones, rappelant l&rsquo;aboiement d&rsquo;un chien\u2014tr\u00e8s distinctif et reconnaissable m\u00eame pour un ornithophile d\u00e9butant.<\/em><\/p>\n<h3><span class=\"ez-toc-section\" id=\"Particularites_peu_de_vocalisation_en_dehors_reproduction\"><\/span>Particularit\u00e9s : peu de vocalisation en dehors reproduction<span class=\"ez-toc-section-end\"><\/span><\/h3>\n<p>Contrairement \u00e0 certains hiboux qui chantent toute l&rsquo;ann\u00e9e, le Harfang est <strong>relativement silencieux<\/strong> en dehors de la saison de reproduction (f\u00e9vrier-ao\u00fbt). En hiver, hivernant dans le sud du Canada, il reste discret\u2014une adaptation logique quand on d\u00e9pend de la chasse silencieuse et de l&rsquo;aff\u00fbt patient.<\/p>\n<p>Cette absence de vocalisations hivernales contraste fortement avec son comportement printanier bruyant, refl\u00e9tant l&rsquo;importance vitale de la reproduction dans le cycle annuel arctique.<\/p>\n<\/section>\n<p><!-- CSS pour rendre iframe responsive --><\/p>\n<style>\n.audio-container {<br \/>  display: flex;<br \/>  justify-content: center;<br \/>  margin: 2rem 0;<br \/>  padding: 1.5rem;<br \/>  background-color: #f5f5f5;<br \/>  border-radius: 8px;<br \/>}<\/p>\n<p>.xeno-canto-embed {<br \/>  max-width: 100%;<br \/>  height: auto;<br \/>  aspect-ratio: 340 \/ 220;<br \/>}<\/p>\n<p>\/* Responsive breakpoint mobile *\/<br \/>@media (max-width: 768px) {<br \/>  .xeno-canto-embed {<br \/>    width: 100% !important;<br \/>    height: auto !important;<br \/>  }<\/p>\n<p>  .audio-container {<br \/>    padding: 1rem;<br \/>  }<br \/>}<br \/><\/style>\n<\/section>\n<section id=\"ch3\" class=\"chapter\">\n<h2><span class=\"ez-toc-section\" id=\"Repartition_Geographique_Roi_de_la_Toundra_Arctique\"><\/span>R\u00e9partition G\u00e9ographique : Roi de la Toundra Arctique<span class=\"ez-toc-section-end\"><\/span><\/h2>\n<p>Le Harfang des neiges a une <strong>r\u00e9partition circumpolaire, <\/strong>il vit tout autour du cercle polaire arctique. Son aire de distribution couvre :<\/p>\n<p><strong>En Am\u00e9rique du Nord :<\/strong> du d\u00e9troit de B\u00e9ring (Alaska) \u00e0 travers le Canada jusqu&rsquo;au Labrador et \u00e0 l&rsquo;\u00eele de Baffin. <strong>En Eurasie :<\/strong> de la Scandinavie jusqu&rsquo;\u00e0 la Sib\u00e9rie orientale, en passant par la Russie. <strong>Groenland :<\/strong> le nord extr\u00eame de l&rsquo;\u00eele.<\/p>\n<h3><span class=\"ez-toc-section\" id=\"Habitat_prefere_la_toundra\"><\/span>Habitat pr\u00e9f\u00e9r\u00e9 : la toundra<span class=\"ez-toc-section-end\"><\/span><\/h3>\n<p>Le Harfang est un <strong>sp\u00e9cialiste de la toundra arctique, <\/strong>cet \u00e9cosyst\u00e8me unique des hautes latitudes caract\u00e9ris\u00e9 par l&rsquo;absence d&rsquo;arbres, des \u00e9t\u00e9s brefs, et des hivers longs et glaciaux. Il pr\u00e9f\u00e8re les zones l\u00e9g\u00e8rement accident\u00e9es : buttes, monticules, petites collines, des endroits qui offrent une vue d\u00e9gag\u00e9e sur plusieurs kilom\u00e8tres.<\/p>\n<p>Pendant la nidification (printemps\/\u00e9t\u00e9), il cherche des monticules sans neige, d\u00e9pourvus de v\u00e9g\u00e9tation dense. En hiver, il se d\u00e9place vers le sud, occupant des paysages ouverts : prairies, marais, champs sans arbres, rivages c\u00f4tiers.<\/p>\n<h3><span class=\"ez-toc-section\" id=\"Migrations_hivernales_et_invasions_de_disette\"><\/span>Migrations hivernales et invasions de disette<span class=\"ez-toc-section-end\"><\/span><\/h3>\n<p>Le Harfang n&rsquo;est <strong>que partiellement migrateur<\/strong>. Certains individus restent dans l&rsquo;Arctique toute l&rsquo;ann\u00e9e. D&rsquo;autres quittent les r\u00e9gions les plus extr\u00eames en novembre\/d\u00e9cembre et se d\u00e9placent vers le sud du Canada ou le nord des \u00c9tats-Unis.<\/p>\n<p>Mais il existe un ph\u00e9nom\u00e8ne fascinant appel\u00e9 \u00ab\u00a0invasions de disette\u00a0\u00bb : certaines ann\u00e9es, quand les populations de lemmings s&rsquo;effondrent dramatiquement, les Harfangs descendent beaucoup plus au sud que d&rsquo;habitude. Il a \u00e9t\u00e9 observ\u00e9 exceptionnellement jusqu&rsquo;en Californie, au Texas, voire en G\u00e9orgie, des localit\u00e9s tr\u00e8s inhabituelles pour l&rsquo;esp\u00e8ce.<\/p>\n<p><img loading=\"lazy\" decoding=\"async\" class=\"alignnone size-full wp-image-5656\" src=\"https:\/\/lesminis.fr\/blog\/wp-content\/uploads\/2025\/12\/shutterstock_1922237687-1.jpg\" alt=\"Carte r\u00e9partition harfang des neiges - distribution circumpolaire arctique zones reproduction hivernage\" width=\"1000\" height=\"632\" srcset=\"https:\/\/lesminis.fr\/blog\/wp-content\/uploads\/2025\/12\/shutterstock_1922237687-1.jpg 1000w, https:\/\/lesminis.fr\/blog\/wp-content\/uploads\/2025\/12\/shutterstock_1922237687-1-300x190.jpg 300w, https:\/\/lesminis.fr\/blog\/wp-content\/uploads\/2025\/12\/shutterstock_1922237687-1-768x485.jpg 768w, https:\/\/lesminis.fr\/blog\/wp-content\/uploads\/2025\/12\/shutterstock_1922237687-1-665x420.jpg 665w, https:\/\/lesminis.fr\/blog\/wp-content\/uploads\/2025\/12\/shutterstock_1922237687-1-696x440.jpg 696w\" sizes=\"auto, (max-width: 1000px) 100vw, 1000px\" \/><\/p>\n<p>&nbsp;<\/p>\n<p class=\"image-caption\">Distribution circumpolaire du Harfang des neiges autour du cercle polaire arctique. Les zones en rouge = reproduction, bleu = hivernage.<\/p>\n<\/section>\n<section id=\"ch4\" class=\"chapter\">\n<h2><span class=\"ez-toc-section\" id=\"Chasseur_de_Jour_dans_un_Ordre_Nocturne\"><\/span>Chasseur de Jour dans un Ordre Nocturne<span class=\"ez-toc-section-end\"><\/span><\/h2>\n<p>Voici l&rsquo;une des caract\u00e9ristiques les plus remarquables du Harfang des neiges : <strong>il chasse principalement le jour<\/strong>, contrairement \u00e0 presque tous les autres hiboux et chouettes qui sont nocturnes.<\/p>\n<p>Cette adaptation n&rsquo;est pas surprenante quand on consid\u00e8re sa g\u00e9ographie. Au-dessus du cercle polaire arctique, le soleil ne se couche jamais pendant une grande partie de l&rsquo;\u00e9t\u00e9 (le \u00ab\u00a0jour polaire\u00a0\u00bb). Rester nocturne dans ces conditions serait contre-productif. Le Harfang s&rsquo;est adapt\u00e9 pour \u00eatre <strong>actif de l&rsquo;aube au cr\u00e9puscule<\/strong>, maximisant les heures de chasse.<\/p>\n<p>Cependant, il <strong>peut aussi chasser la nuit<\/strong> sans inconv\u00e9nient majeur, sa vision nocturne est excellente. En hiver, quand les jours sont plus courts, il capitalise sur les quelques heures de lumi\u00e8re disponibles.<\/p>\n<h3><span class=\"ez-toc-section\" id=\"Technique_de_chasse_affut_et_vol\"><\/span>Technique de chasse : aff\u00fbt et vol<span class=\"ez-toc-section-end\"><\/span><\/h3>\n<p>Le Harfang emploie deux strat\u00e9gies de chasse compl\u00e9mentaires :<\/p>\n<p><strong>1. Chasse \u00e0 l&rsquo;aff\u00fbt :<\/strong> il se perche sur un monticule, un rocher, un poteau, ou un autre point \u00e9lev\u00e9 offrant une vue panoramique. De l\u00e0, il scrute lentement la toundra, guettant le moindre mouvement. Quand il d\u00e9tecte une proie, il pique silencieusement\u2014son vol est incroyablement silencieux gr\u00e2ce aux plumes sp\u00e9cialis\u00e9es qui amortissent le bruit\u2014et la capture g\u00e9n\u00e9ralement en quelques secondes.<\/p>\n<p><strong>2. Chasse en vol :<\/strong> particuli\u00e8rement en toundra plate ouverte, il vole lentement et bas (10-15 m\u00e8tres) au-dessus du sol, pr\u00eat \u00e0 plonger sur une proie int\u00e9ressante. Son vol est constitu\u00e9 de battements saccad\u00e9s alternant avec des plan\u00e9s, \u00e9conomisant l&rsquo;\u00e9nergie.<\/p>\n<p><img loading=\"lazy\" decoding=\"async\" class=\"alignnone size-full wp-image-5658\" src=\"https:\/\/lesminis.fr\/blog\/wp-content\/uploads\/2025\/12\/harfang-vol-chasse-silhouette-1.jpg\" alt=\"Harfang des neiges en vol silhouette aile d\u00e9ploy\u00e9e plumage blanc chasse diurne\" width=\"1000\" height=\"666\" srcset=\"https:\/\/lesminis.fr\/blog\/wp-content\/uploads\/2025\/12\/harfang-vol-chasse-silhouette-1.jpg 1000w, https:\/\/lesminis.fr\/blog\/wp-content\/uploads\/2025\/12\/harfang-vol-chasse-silhouette-1-300x200.jpg 300w, https:\/\/lesminis.fr\/blog\/wp-content\/uploads\/2025\/12\/harfang-vol-chasse-silhouette-1-768x511.jpg 768w, https:\/\/lesminis.fr\/blog\/wp-content\/uploads\/2025\/12\/harfang-vol-chasse-silhouette-1-631x420.jpg 631w, https:\/\/lesminis.fr\/blog\/wp-content\/uploads\/2025\/12\/harfang-vol-chasse-silhouette-1-696x464.jpg 696w\" sizes=\"auto, (max-width: 1000px) 100vw, 1000px\" \/><\/p>\n<p>&nbsp;<\/p>\n<p class=\"image-caption\">Vol du Harfang : ailes larges et plumage blanc facilitant la d\u00e9tection de mouvement sur la neige.<\/p>\n<\/section>\n<section id=\"ch5\" class=\"chapter\">\n<h2><span class=\"ez-toc-section\" id=\"Alimentation_Dependant_des_Cycles_de_Lemmings\"><\/span>Alimentation : D\u00e9pendant des Cycles de Lemmings<span class=\"ez-toc-section-end\"><\/span><\/h2>\n<p>Le Harfang des neiges se nourrit principalement de petits rongeurs arctiques. <strong>Son mets pr\u00e9f\u00e9r\u00e9 est le lemming; <\/strong>un rongeur ressemblant \u00e0 un gros campagnol, appartenant aux genres <em>Lemmus<\/em> et <em>Dicrostonyx<\/em>.<\/p>\n<p>Les lemmings sont extr\u00eamement prolifiques. Leurs populations connaissent des explosions d\u00e9mographiques tous les 3-4 ans, suivies de crashs dramatiques quand les ressources alimentaires s&rsquo;\u00e9puisent. Ce cycle pr\u00e9visible structure enti\u00e8rement la vie du Harfang.<\/p>\n<h3><span class=\"ez-toc-section\" id=\"Annees_a_lemmings_vs_annees_de_disette\"><\/span>Ann\u00e9es \u00e0 lemmings vs ann\u00e9es de disette<span class=\"ez-toc-section-end\"><\/span><\/h3>\n<p><strong>Ann\u00e9es abondantes (lemmings nombreux) :<\/strong> le Harfang reproduit g\u00e9n\u00e9reusement, ponds 9-12 \u0153ufs par couv\u00e9e, les oisillons se d\u00e9veloppent bien, et les populations de Harfang augmentent.<\/p>\n<p><strong>Ann\u00e9es de disette (lemmings rares) :<\/strong> le Harfang r\u00e9duit drastiquement sa reproduction ou ne niche pas du tout. Il peut se d\u00e9placer sur des dizaines de kilom\u00e8tres \u00e0 la recherche d&rsquo;autres zones o\u00f9 les lemmings sont plus abondants.<\/p>\n<h3><span class=\"ez-toc-section\" id=\"Menu_varie\"><\/span>Menu vari\u00e9<span class=\"ez-toc-section-end\"><\/span><\/h3>\n<p>Bien que les lemmings dominent le menu, le Harfang est un <strong>chasseur opportuniste<\/strong> capable de capturer :<\/p>\n<p>\u2192 <strong>Petits mammif\u00e8res :<\/strong> campagnols, li\u00e8vres arctiques, \u00e9cureuils terrestres. <strong>\u2192 Oiseaux :<\/strong> lagop\u00e8des, canards, oies des neiges, oiseaux de mer c\u00f4tiers, petits passereaux. <strong>\u2192 Autres :<\/strong> poissons, col\u00e9opt\u00e8res, crustac\u00e9s (occasionnellement). <strong>\u2192 Charognes :<\/strong> en hiver, quand la nourriture fra\u00eeche est rare.<\/p>\n<p>En hiver, quand il hiverne dans le sud du Canada, il se nourrit principalement de campagnols des champs et de souris des bois. Pr\u00e8s des silos \u00e0 grains ou des d\u00e9charges, il peut vivre presque exclusivement de rats.<\/p>\n<h3><span class=\"ez-toc-section\" id=\"Besoins_energetiques_quotidiens\"><\/span>Besoins \u00e9nerg\u00e9tiques quotidiens<span class=\"ez-toc-section-end\"><\/span><\/h3>\n<p>Un Harfang doit capturer <strong>7 \u00e0 12 souris\/campagnols par jour<\/strong> pour couvrir ses besoins \u00e9nerg\u00e9tiques. C&rsquo;est une quantit\u00e9 impressionnante, refl\u00e9tant l&rsquo;\u00e9nergie massive requise pour maintenir la chaleur corporelle dans l&rsquo;Arctique.<\/p>\n<h3><span class=\"ez-toc-section\" id=\"Digestion_et_pelotes_de_rejection\"><\/span>Digestion et pelotes de r\u00e9jection<span class=\"ez-toc-section-end\"><\/span><\/h3>\n<p>Comme tous les rapaces, le Harfang avale ses petites proies enti\u00e8res. De puissants acides gastriques dig\u00e8rent la chair, mais <strong>les os, les dents, la fourrure, les plumes ne sont pas dig\u00e9r\u00e9s<\/strong>. Ces mat\u00e9riaux indigestes sont comprim\u00e9s en boulettes ovales qu&rsquo;il <strong>r\u00e9gurgite 18 \u00e0 24 heures plus tard<\/strong>.<\/p>\n<p>On peut souvent trouver douzaines de ces \u00ab\u00a0pelotes de r\u00e9jection\u00a0\u00bb au pied du perchoir favori du Harfang. Les biologistes les analysent r\u00e9guli\u00e8rement pour d\u00e9terminer exactement ce que l&rsquo;oiseau a mang\u00e9.<\/p>\n<p><img loading=\"lazy\" decoding=\"async\" class=\"alignnone size-full wp-image-5659\" src=\"https:\/\/lesminis.fr\/blog\/wp-content\/uploads\/2025\/12\/shutterstock_1979755133-1.jpg\" alt=\"Plong\u00e9e de chasse : le Harfang capture un lemming dans la neige avec une pr\u00e9cision chirurgicale.\" width=\"668\" height=\"1000\" srcset=\"https:\/\/lesminis.fr\/blog\/wp-content\/uploads\/2025\/12\/shutterstock_1979755133-1.jpg 668w, https:\/\/lesminis.fr\/blog\/wp-content\/uploads\/2025\/12\/shutterstock_1979755133-1-200x300.jpg 200w, https:\/\/lesminis.fr\/blog\/wp-content\/uploads\/2025\/12\/shutterstock_1979755133-1-281x420.jpg 281w\" sizes=\"auto, (max-width: 668px) 100vw, 668px\" \/><\/p>\n<p>&nbsp;<\/p>\n<p class=\"image-caption\">Plong\u00e9e de chasse : le Harfang capture une proie dans la neige avec une pr\u00e9cision chirurgicale.<\/p>\n<\/section>\n<section id=\"ch6\" class=\"chapter\">\n<h2><span class=\"ez-toc-section\" id=\"Reproduction_Cyclique_et_Dependante_de_la_Nourriture\"><\/span>Reproduction : Cyclique et D\u00e9pendante de la Nourriture<span class=\"ez-toc-section-end\"><\/span><\/h2>\n<h3><span class=\"ez-toc-section\" id=\"Parade_nuptiale_et_formation_de_couples\"><\/span>Parade nuptiale et formation de couples<span class=\"ez-toc-section-end\"><\/span><\/h3>\n<p>Le Harfang se reproduit en f\u00e9vrier-mars. Les couples se retrouvent souvent dans les m\u00eames territoires d&rsquo;ann\u00e9e en ann\u00e9e, certains se reforment r\u00e9guli\u00e8rement, d&rsquo;autres se rencontrent \u00e0 neuf. Les parades nuptiales sont impressionnantes : le m\u00e2le vole avec exag\u00e9ration, battements d&rsquo;ailes tr\u00e8s prononc\u00e9s, puis marche devant la femelle avec les ailes partiellement d\u00e9ploy\u00e9es, <strong>souvent tenant un lemming mort dans le bec, <\/strong>une offrande nuptiale prouvant sa capacit\u00e9 \u00e0 chasser.<\/p>\n<h3><span class=\"ez-toc-section\" id=\"Nidification_et_ponte\"><\/span>Nidification et ponte<span class=\"ez-toc-section-end\"><\/span><\/h3>\n<p>Le nid du Harfang est extr\u00eamement simple : <strong>juste une petite d\u00e9pression pratiqu\u00e9e dans le sol<\/strong>, garnie de quelques plumes arrach\u00e9es de sa poitrine et un peu d&rsquo;herbe ou de mousse. Il est toujours situ\u00e9 sur un monticule ou une butte, les seuls endroits sans neige quand d\u00e9bute la ponte.<\/p>\n<p><img loading=\"lazy\" decoding=\"async\" class=\"alignnone size-full wp-image-5660\" src=\"https:\/\/lesminis.fr\/blog\/wp-content\/uploads\/2025\/12\/shutterstock_2569738921-1.jpg\" alt=\"femelle harfang fabrique le nid\" width=\"1000\" height=\"666\" srcset=\"https:\/\/lesminis.fr\/blog\/wp-content\/uploads\/2025\/12\/shutterstock_2569738921-1.jpg 1000w, https:\/\/lesminis.fr\/blog\/wp-content\/uploads\/2025\/12\/shutterstock_2569738921-1-300x200.jpg 300w, https:\/\/lesminis.fr\/blog\/wp-content\/uploads\/2025\/12\/shutterstock_2569738921-1-768x511.jpg 768w, https:\/\/lesminis.fr\/blog\/wp-content\/uploads\/2025\/12\/shutterstock_2569738921-1-631x420.jpg 631w, https:\/\/lesminis.fr\/blog\/wp-content\/uploads\/2025\/12\/shutterstock_2569738921-1-696x464.jpg 696w\" sizes=\"auto, (max-width: 1000px) 100vw, 1000px\" \/><\/p>\n<p>La femelle pond <strong>entre 3 et 14 \u0153ufs<\/strong>, avec une moyenne de 5-9. Le nombre d\u00e9pend directement de l&rsquo;abondance de lemmings. Elle pond un \u0153uf tous les 2 jours environ, <strong>mais commence l&rsquo;incubation d\u00e8s le premier \u0153uf<\/strong>.<\/p>\n<p>Pendant l&rsquo;incubation, le m\u00e2le devient le pourvoyeur unique : il chasse et apporte des lemmings \u00e0 la femelle au nid. Il doit aussi surveiller les alentours et d\u00e9fendre contre les pr\u00e9dateurs (renards arctiques, labbes).<\/p>\n<h3><span class=\"ez-toc-section\" id=\"Eclosion_et_selection_naturelle\"><\/span>\u00c9closion et s\u00e9lection naturelle<span class=\"ez-toc-section-end\"><\/span><\/h3>\n<p>Parce que l&rsquo;incubation commence d\u00e8s le premier \u0153uf, les \u0153ufs n&rsquo;\u00e9closent pas tous en m\u00eame temps. L&rsquo;incubation dure 32-34 jours, et les \u0153ufs \u00e9closent \u00e0 environ 48 heures d&rsquo;intervalle.<\/p>\n<p>Cela signifie que <strong>dans le nid, les oisillons ont des \u00e2ges et des tailles tr\u00e8s diff\u00e9rents<\/strong>. L&rsquo;a\u00een\u00e9 peut avoir 2 semaines tandis que le plus jeune vient de na\u00eetre, une \u00e9norme diff\u00e9rence en taille et en force.<\/p>\n<p>Si la nourriture devient rare, c&rsquo;est brutal : <strong>les oisillons plus \u00e2g\u00e9s et plus forts dominent les repas et peuvent litt\u00e9ralement affamer les plus jeunes.<\/strong> C&rsquo;est un m\u00e9canisme naturel de r\u00e9gulation : quand les ressources baissent, seuls les \u00ab\u00a0gagnants\u00a0\u00bb survivent.<\/p>\n<h3><span class=\"ez-toc-section\" id=\"Developpement_des_oisillons\"><\/span>D\u00e9veloppement des oisillons<span class=\"ez-toc-section-end\"><\/span><\/h3>\n<p><img loading=\"lazy\" decoding=\"async\" class=\"alignnone size-full wp-image-5662\" src=\"https:\/\/lesminis.fr\/blog\/wp-content\/uploads\/2025\/12\/shutterstock_306038531-1.jpg\" alt=\"bebe oisillon harfang\" width=\"1000\" height=\"667\" srcset=\"https:\/\/lesminis.fr\/blog\/wp-content\/uploads\/2025\/12\/shutterstock_306038531-1.jpg 1000w, https:\/\/lesminis.fr\/blog\/wp-content\/uploads\/2025\/12\/shutterstock_306038531-1-300x200.jpg 300w, https:\/\/lesminis.fr\/blog\/wp-content\/uploads\/2025\/12\/shutterstock_306038531-1-768x512.jpg 768w, https:\/\/lesminis.fr\/blog\/wp-content\/uploads\/2025\/12\/shutterstock_306038531-1-630x420.jpg 630w, https:\/\/lesminis.fr\/blog\/wp-content\/uploads\/2025\/12\/shutterstock_306038531-1-696x464.jpg 696w\" sizes=\"auto, (max-width: 1000px) 100vw, 1000px\" \/><\/p>\n<p>Les jeunes Harfangs couverts de duvet blanc au moment de l&rsquo;\u00e9closion, puis rev\u00eatus d&rsquo;un duvet gris fonc\u00e9 qui les fait para\u00eetre gris-brun vers l&rsquo;\u00e2ge de 10 jours. \u00c0 3-4 semaines, ils quittent le nid et se dispersent autour, bien avant de pouvoir voler, ils commencent \u00e0 se d\u00e9placer sur le sol.<\/p>\n<p>Le premier envol survient vers 50-60 jours apr\u00e8s l&rsquo;\u00e9closion. Il faut environ <strong>120 kg de nourriture pour \u00e9lever une couv\u00e9e de 9 oisillons, <\/strong>soit pr\u00e8s de 1500 lemmings adultes! Les deux parents travaillent dur.<\/p>\n<figure id=\"attachment_5575\" aria-describedby=\"caption-attachment-5575\" style=\"width: 1000px\" class=\"wp-caption alignnone\"><img loading=\"lazy\" decoding=\"async\" class=\"size-full wp-image-5575\" src=\"https:\/\/lesminis.fr\/blog\/wp-content\/uploads\/2025\/11\/hemming.jpg\" alt=\"lemmings\" width=\"1000\" height=\"671\" srcset=\"https:\/\/lesminis.fr\/blog\/wp-content\/uploads\/2025\/11\/hemming.jpg 1000w, https:\/\/lesminis.fr\/blog\/wp-content\/uploads\/2025\/11\/hemming-300x201.jpg 300w, https:\/\/lesminis.fr\/blog\/wp-content\/uploads\/2025\/11\/hemming-768x515.jpg 768w, https:\/\/lesminis.fr\/blog\/wp-content\/uploads\/2025\/11\/hemming-626x420.jpg 626w, https:\/\/lesminis.fr\/blog\/wp-content\/uploads\/2025\/11\/hemming-696x467.jpg 696w\" sizes=\"auto, (max-width: 1000px) 100vw, 1000px\" \/><figcaption id=\"caption-attachment-5575\" class=\"wp-caption-text\">Lemming<\/figcaption><\/figure>\n<p>Les jeunes restent sous la protection parentale pendant 2-3 mois apr\u00e8s leur envol, puis entreprennent leur premi\u00e8re migration.<\/p>\n<h3><span class=\"ez-toc-section\" id=\"Taux_de_reproduction_variables\"><\/span>Taux de reproduction variables<span class=\"ez-toc-section-end\"><\/span><\/h3>\n<p>Une ann\u00e9e o\u00f9 les lemmings abondent, un Harfang peut \u00e9lever 8-10 oisillons. Une ann\u00e9e suivante de disette, le m\u00eame couple ne niche pas du tout. Cette flexibilit\u00e9 extr\u00eame est une adaptation parfaite aux conditions impr\u00e9visibles de l&rsquo;Arctique.<\/p>\n<p><img loading=\"lazy\" decoding=\"async\" class=\"alignnone size-full wp-image-5661\" src=\"https:\/\/lesminis.fr\/blog\/wp-content\/uploads\/2025\/12\/shutterstock_2250211773-1.jpg\" alt=\"harfang ouve le nid\" width=\"1000\" height=\"800\" srcset=\"https:\/\/lesminis.fr\/blog\/wp-content\/uploads\/2025\/12\/shutterstock_2250211773-1.jpg 1000w, https:\/\/lesminis.fr\/blog\/wp-content\/uploads\/2025\/12\/shutterstock_2250211773-1-300x240.jpg 300w, https:\/\/lesminis.fr\/blog\/wp-content\/uploads\/2025\/12\/shutterstock_2250211773-1-768x614.jpg 768w, https:\/\/lesminis.fr\/blog\/wp-content\/uploads\/2025\/12\/shutterstock_2250211773-1-525x420.jpg 525w, https:\/\/lesminis.fr\/blog\/wp-content\/uploads\/2025\/12\/shutterstock_2250211773-1-696x557.jpg 696w\" sizes=\"auto, (max-width: 1000px) 100vw, 1000px\" \/><\/p>\n<p>&nbsp;<\/p>\n<\/section>\n<section id=\"ch7\" class=\"chapter\">\n<h2><span class=\"ez-toc-section\" id=\"Statut_de_Conservation_et_Menaces\"><\/span>Statut de Conservation et Menaces<span class=\"ez-toc-section-end\"><\/span><\/h2>\n<h3><span class=\"ez-toc-section\" id=\"Classement_UICN_Vulnerable\"><\/span>Classement UICN : Vuln\u00e9rable<span class=\"ez-toc-section-end\"><\/span><\/h3>\n<p>En mai 2025, le Harfang des neiges a \u00e9t\u00e9 d\u00e9sign\u00e9 \u00ab\u00a0Menac\u00e9\u00a0\u00bb par le COSEPAC (Comit\u00e9 sur la situation des esp\u00e8ces en p\u00e9ril au Canada). Son statut UICN global est <strong>Vuln\u00e9rable (VU)<\/strong>, indiquant un risque mod\u00e9r\u00e9 mais croissant de d\u00e9clin.<\/p>\n<h3><span class=\"ez-toc-section\" id=\"Causes_principales_du_declin\"><\/span>Causes principales du d\u00e9clin<span class=\"ez-toc-section-end\"><\/span><\/h3>\n<p><strong>1. Changement climatique et d\u00e9s\u00e9quilibre des \u00e9cosyst\u00e8mes arctiques :<\/strong> Les hivers deviennent moins pr\u00e9dictibles. Le cycle des lemmings se d\u00e9synchronise. Les \u00e9t\u00e9s se r\u00e9chauffent, affectant la v\u00e9g\u00e9tation sur laquelle d\u00e9pendent les lemmings.<\/p>\n<p><strong>2. D\u00e9clin des populations de lemmings :<\/strong> Le Harfang d\u00e9pend de ce rongeur plus que tout autre oiseau. Quand les lemmings disparaissent, le Harfang ne peut survivre que s&rsquo;il migre vers des zones alternatives.<\/p>\n<p><strong>3. Collisions avec structures humaines :<\/strong> Quand les Harfangs hivernent dans le sud du Canada et les \u00c9tats-Unis, pr\u00e8s des zones habit\u00e9es, ils entrent en collision avec :<br \/>\n\u2192 Lignes \u00e9lectriques<br \/>\n\u2192 Cl\u00f4tures de fil barbel\u00e9<br \/>\n\u2192 Automobiles<br \/>\n\u2192 Structures de b\u00e2timents<\/p>\n<p><strong>4. Pers\u00e9cution humaine :<\/strong> Autrefois, les Harfangs \u00e9taient tu\u00e9s comme troph\u00e9es. Bien que moins courant aujourd&rsquo;hui, le braconnage existe encore. Le succ\u00e8s d&rsquo;Harry Potter a paradoxalement caus\u00e9 des captures ill\u00e9gales pour le trafic d&rsquo;animaux domestiques.<\/p>\n<p><strong>5. Perte d&rsquo;habitat arctique :<\/strong> L&rsquo;extraction de p\u00e9trole, les d\u00e9veloppements miniers, et l&rsquo;urbanisation progressent en Arctique, fragmentant l&rsquo;habitat du Harfang.<\/p>\n<h3><span class=\"ez-toc-section\" id=\"Mesures_de_protection\"><\/span>Mesures de protection<span class=\"ez-toc-section-end\"><\/span><\/h3>\n<p><strong>Canada :<\/strong> Chasse interdite par loi f\u00e9d\u00e9rale et provinciale. Baguage scientifique limit\u00e9 aux d\u00e9tenteurs de permis sp\u00e9ciaux. Environnement Canada finance des projets d&rsquo;\u00e9cologie arctique incluant le Harfang.<\/p>\n<p><strong>France :<\/strong> Protection totale depuis 1981. Inscrit \u00e0 l&rsquo;Annexe I de la Directive Oiseaux de l&rsquo;UE. Destruction, mutilation, capture, naturalisation strictement interdites.<\/p>\n<p><strong>Recherche scientifique :<\/strong> \u00c9tudes sur l&rsquo;\u00eele de Bylot (Nunavut) examinant les relations Harfang-Lemming-Oie des neiges. Suivi des populations hivernales par baguage.<\/p>\n<\/section>\n<section id=\"ch8\" class=\"chapter\">\n<section id=\"hibou-vs-chouette\" class=\"chapter\">\n<h2><span class=\"ez-toc-section\" id=\"Harfang_vs_Chouette_Une_Question_de_Vocabulaire_Francais\"><\/span>Harfang vs Chouette : Une Question de Vocabulaire Fran\u00e7ais<span class=\"ez-toc-section-end\"><\/span><\/h2>\n<p><strong>Question fr\u00e9quemment pos\u00e9e :<\/strong> \u00ab\u00a0Le Harfang des neiges est-il une chouette ou un hibou ?\u00a0\u00bb<\/p>\n<p><strong>R\u00e9ponse nuanc\u00e9e :<\/strong> Scientifiquement, le Harfang et tous les rapaces nocturnes (chouettes et hiboux) sont extr\u00eamement proches. Ils appartiennent au m\u00eame ordre (<em>Strigiformes<\/em>) et aux m\u00eames familles (<em>Strigidae<\/em>, <em>Tytonidae<\/em>). La distinction \u00ab\u00a0chouette\u00a0\u00bb vs \u00ab\u00a0hibou\u00a0\u00bb n&rsquo;est <strong>pas une s\u00e9paration biologique naturelle, <\/strong>c&rsquo;est surtout <strong>une convention de vocabulaire fran\u00e7ais<\/strong>.<\/p>\n<h3><span class=\"ez-toc-section\" id=\"Une_distinction_linguistique_pas_biologique\"><\/span>Une distinction linguistique, pas biologique<span class=\"ez-toc-section-end\"><\/span><\/h3>\n<p>En anglais et dans plusieurs langues, un seul mot (\u00ab\u00a0owl\u00a0\u00bb) d\u00e9signe tous ces rapaces nocturnes proches. En fran\u00e7ais, on a choisi de les nommer diff\u00e9remment selon un crit\u00e8re morphologique simple : <strong>la pr\u00e9sence ou l&rsquo;absence d&rsquo;aigrettes visibles<\/strong> (petites touffes de plumes sur la t\u00eate).<\/p>\n<p><strong>Convention fran\u00e7aise :<\/strong><\/p>\n<ul>\n<li><strong>Hibou :<\/strong> rapace nocturne <em>avec aigrettes visibles<\/em> (ex. : Grand-duc d&rsquo;Europe, Hibou moyen-duc)<\/li>\n<li><strong>Chouette :<\/strong> rapace nocturne <em>sans aigrettes visibles<\/em> (ex. : Chouette hulotte, Effraie des clochers)<\/li>\n<\/ul>\n<p>Mais cette distinction reste <strong>purement linguistique<\/strong>. Un biologiste dirait simplement : \u00ab\u00a0Ce sont tous des Strigiformes, rapaces nocturnes du m\u00eame groupe.\u00a0\u00bb<\/p>\n<h3><span class=\"ez-toc-section\" id=\"Le_cas_du_Harfang_aigrettes_minuscules_confusion\"><\/span>Le cas du Harfang : aigrettes minuscules = confusion<span class=\"ez-toc-section-end\"><\/span><\/h3>\n<p>Le Harfang (genre <em>Bubo<\/em>) poss\u00e8de techniquement des aigrettes, ce qui en ferait un \u00ab\u00a0hibou\u00a0\u00bb selon la convention fran\u00e7aise. <strong>Mais ces aigrettes sont extr\u00eamement petites et repli\u00e9es sur son cr\u00e2ne, devenant quasi invisibles<\/strong> parmi la masse de plumes denses qui recouvrent sa t\u00eate.<\/p>\n<p>R\u00e9sultat : beaucoup de gens appellent le Harfang \u00ab\u00a0chouette harfang\u00a0\u00bb parce qu&rsquo;elles ne voient pas ces aigrettes minuscules. C&rsquo;est une erreur linguistique courante, aggrav\u00e9e par le fait que Hedwige dans Harry Potter (version fran\u00e7aise) est souvent appel\u00e9e \u00ab\u00a0chouette\u00a0\u00bb alors qu&rsquo;il s&rsquo;agit scientifiquement d&rsquo;un Harfang \u00ab\u00a0hibou\u00a0\u00bb.<\/p>\n<h3><span class=\"ez-toc-section\" id=\"Important_les_aigrettes_ne_sont_pas_des_oreilles\"><\/span>Important : les aigrettes ne sont pas des oreilles<span class=\"ez-toc-section-end\"><\/span><\/h3>\n<p>Les aigrettes sont simplement <strong>des plumes dress\u00e9es<\/strong>, probablement utilis\u00e9es pour exprimer l&rsquo;\u00e9tat \u00e9motionnel de l&rsquo;oiseau. Ce ne sont <strong>pas<\/strong> des oreilles.<\/p>\n<p>Les v\u00e9ritables oreilles des hiboux et chouettes sont asym\u00e9triques et situ\u00e9es <strong>\u00e0 l&rsquo;arri\u00e8re du cr\u00e2ne<\/strong>, au-del\u00e0 des disques faciaux r\u00e9flecteurs. Ces oreilles externes (disques) aident l&rsquo;oiseau \u00e0 localiser les proies au bruit seul.<\/p>\n<figure id=\"attachment_5663\" aria-describedby=\"caption-attachment-5663\" style=\"width: 1000px\" class=\"wp-caption alignnone\"><img loading=\"lazy\" decoding=\"async\" class=\"size-full wp-image-5663\" src=\"https:\/\/lesminis.fr\/blog\/wp-content\/uploads\/2025\/12\/Structure-cranienne-les-aigrettes-minuscules-et-repliees-du-Harfang-quasi-invisibles-ne-sont-PAS-des-oreilles.-Les-vraies-oreilles-sont-a-larriere-du-crane.jpg\" alt=\"Comparaison hibou harfang vs chouette - aigrettes invisibles difference taxonomique\" width=\"1000\" height=\"667\" srcset=\"https:\/\/lesminis.fr\/blog\/wp-content\/uploads\/2025\/12\/Structure-cranienne-les-aigrettes-minuscules-et-repliees-du-Harfang-quasi-invisibles-ne-sont-PAS-des-oreilles.-Les-vraies-oreilles-sont-a-larriere-du-crane.jpg 1000w, https:\/\/lesminis.fr\/blog\/wp-content\/uploads\/2025\/12\/Structure-cranienne-les-aigrettes-minuscules-et-repliees-du-Harfang-quasi-invisibles-ne-sont-PAS-des-oreilles.-Les-vraies-oreilles-sont-a-larriere-du-crane-300x200.jpg 300w, https:\/\/lesminis.fr\/blog\/wp-content\/uploads\/2025\/12\/Structure-cranienne-les-aigrettes-minuscules-et-repliees-du-Harfang-quasi-invisibles-ne-sont-PAS-des-oreilles.-Les-vraies-oreilles-sont-a-larriere-du-crane-768x512.jpg 768w, https:\/\/lesminis.fr\/blog\/wp-content\/uploads\/2025\/12\/Structure-cranienne-les-aigrettes-minuscules-et-repliees-du-Harfang-quasi-invisibles-ne-sont-PAS-des-oreilles.-Les-vraies-oreilles-sont-a-larriere-du-crane-630x420.jpg 630w, https:\/\/lesminis.fr\/blog\/wp-content\/uploads\/2025\/12\/Structure-cranienne-les-aigrettes-minuscules-et-repliees-du-Harfang-quasi-invisibles-ne-sont-PAS-des-oreilles.-Les-vraies-oreilles-sont-a-larriere-du-crane-696x464.jpg 696w\" sizes=\"auto, (max-width: 1000px) 100vw, 1000px\" \/><figcaption id=\"caption-attachment-5663\" class=\"wp-caption-text\">Structure cr\u00e2nienne les aigrettes minuscules et repli\u00e9es du Harfang (quasi invisibles) ne sont PAS des oreilles. Les vraies oreilles sont \u00e0 l&rsquo;arri\u00e8re du cr\u00e2ne.<\/figcaption><\/figure>\n<h3><span class=\"ez-toc-section\" id=\"Resume_une_distinction_francaise_pas_une_vraie_separation_biologique\"><\/span>R\u00e9sum\u00e9 : une distinction fran\u00e7aise, pas une vraie s\u00e9paration biologique<span class=\"ez-toc-section-end\"><\/span><\/h3>\n<p>Sur le plan scientifique, \u00ab\u00a0chouette\u00a0\u00bb et \u00ab\u00a0hibou\u00a0\u00bb sont des noms diff\u00e9rents pour des rapaces nocturnes tr\u00e8s proches, dans le m\u00eame groupe naturel. La \u00ab\u00a0fronti\u00e8re\u00a0\u00bb entre les deux repose sur un d\u00e9tail morphologique (aigrettes visibles = hibou, absentes = chouette), mais cette distinction n&rsquo;existe que <strong>en fran\u00e7ais<\/strong>. C&rsquo;est un choix linguistique pratique, pas une vraie classification zoologique universelle.<\/p>\n<\/section>\n<p><span style=\"color: #111111; font-family: Roboto, sans-serif; font-size: 27px;\">Faits Remarquables et Culture<\/span><\/p>\n<\/section>\n<section id=\"ch9\" class=\"chapter\">\n<h3><span class=\"ez-toc-section\" id=\"Embleme_du_Quebec\"><\/span>Embl\u00e8me du Qu\u00e9bec<span class=\"ez-toc-section-end\"><\/span><\/h3>\n<p>En 1987, le Harfang des neiges a \u00e9t\u00e9 design\u00e9 <strong>embl\u00e8me aviaire officiel de la province de Qu\u00e9bec<\/strong>. Il symbolise \u00ab\u00a0la blancheur des hivers qu\u00e9b\u00e9cois, l&rsquo;enracinement dans un climat semi-nordique, et l&rsquo;extension sur un vaste territoire.\u00a0\u00bb<\/p>\n<h3><span class=\"ez-toc-section\" id=\"Harfang_dans_la_culture_inuite\"><\/span>Harfang dans la culture inuite<span class=\"ez-toc-section-end\"><\/span><\/h3>\n<p>Chez les Inuits, il s&rsquo;appelle <strong>ukpik<\/strong> ou <strong>oukpik<\/strong> (\u1405\u1483\u1431\u1483 en syllabaire inuktitut). Longtemps v\u00e9n\u00e9r\u00e9 dans les cultures am\u00e9rindiennes comme symbole de sagesse et de force. Les guerriers portaient ses plumes dans leurs coiffes c\u00e9r\u00e9monielles.<\/p>\n<h3><span class=\"ez-toc-section\" id=\"Presence_prehistorique_en_France\"><\/span>Pr\u00e9sence pr\u00e9historique en France<span class=\"ez-toc-section-end\"><\/span><\/h3>\n<p>Il y a 20 000 ans environ (fin de la derni\u00e8re \u00e8re glaciaire), le Harfang vivait en France ! Des fouilles arch\u00e9ologiques en Aquitaine (Bois-Ragot, Saint-Germain-la-Rivi\u00e8re, abri Faustin, etc.) ont r\u00e9v\u00e9l\u00e9 des ossements de Harfang datant du Magdal\u00e9nien.<\/p>\n<p>Les analyses montrent que les chasseurs-collecteurs de cette \u00e9poque <strong>capturaient intentionnellement le Harfang<\/strong> pour sa viande, ses os et probablement ses plumes. Certains ossements portent des marques d&rsquo;incision d\u00e9coratives, sugg\u00e9rant un r\u00f4le culturel\/spirituel important.<\/p>\n<h3><span class=\"ez-toc-section\" id=\"Hedwige_dans_Harry_Potter\"><\/span>Hedwige dans Harry Potter<span class=\"ez-toc-section-end\"><\/span><\/h3>\n<p>Le succ\u00e8s mondial de la saga Harry Potter a rendu le Harfang des neiges c\u00e9l\u00e8bre\u2014gr\u00e2ce au hibou blanc d&rsquo;Harry, Hedwige. Scientifiquement parlant, Hedwige est jou\u00e9e par un <strong>m\u00e2le adulte<\/strong> (reconnaissable au plumage blanc), ce qui est correct.<\/p>\n<p>Malheureusement, le succ\u00e8s a aussi caus\u00e9 un probl\u00e8me de conservation : de nombreux fans ont voulu acqu\u00e9rir leurs propres \u00ab\u00a0Harfang de Harry Potter\u00a0\u00bb pour animaux de compagnie, menant au braconnage et au trafic ill\u00e9gal.<\/p>\n<h3><span class=\"ez-toc-section\" id=\"Pokemon_Noarfang\"><\/span>Pok\u00e9mon Noarfang<span class=\"ez-toc-section-end\"><\/span><\/h3>\n<p>Le Pok\u00e9mon \u00ab\u00a0Noarfang\u00a0\u00bb s&rsquo;inspire directement du Harfang des neiges, les similitudes morphologiques sont claires.<\/p>\n<p>&nbsp;<\/p>\n<figure id=\"attachment_5664\" aria-describedby=\"caption-attachment-5664\" style=\"width: 1024px\" class=\"wp-caption alignnone\"><img loading=\"lazy\" decoding=\"async\" class=\"wp-image-5664 size-full\" src=\"https:\/\/lesminis.fr\/blog\/wp-content\/uploads\/2025\/12\/20251130_2313_Harfang-des-Neiges-Quebecois_simple_compose_01kbbd4q98e6fa1nzbq5xeqh31-1.png\" alt=\"Harfang des neiges : embl\u00e8me du Qu\u00e9bec, culture inuite (ukpik), symbole pr\u00e9historique, et c\u00e9l\u00e9brit\u00e9 Harry Potter.\" width=\"1024\" height=\"1024\" srcset=\"https:\/\/lesminis.fr\/blog\/wp-content\/uploads\/2025\/12\/20251130_2313_Harfang-des-Neiges-Quebecois_simple_compose_01kbbd4q98e6fa1nzbq5xeqh31-1.png 1024w, https:\/\/lesminis.fr\/blog\/wp-content\/uploads\/2025\/12\/20251130_2313_Harfang-des-Neiges-Quebecois_simple_compose_01kbbd4q98e6fa1nzbq5xeqh31-1-300x300.png 300w, https:\/\/lesminis.fr\/blog\/wp-content\/uploads\/2025\/12\/20251130_2313_Harfang-des-Neiges-Quebecois_simple_compose_01kbbd4q98e6fa1nzbq5xeqh31-1-150x150.png 150w, https:\/\/lesminis.fr\/blog\/wp-content\/uploads\/2025\/12\/20251130_2313_Harfang-des-Neiges-Quebecois_simple_compose_01kbbd4q98e6fa1nzbq5xeqh31-1-768x768.png 768w, https:\/\/lesminis.fr\/blog\/wp-content\/uploads\/2025\/12\/20251130_2313_Harfang-des-Neiges-Quebecois_simple_compose_01kbbd4q98e6fa1nzbq5xeqh31-1-420x420.png 420w, https:\/\/lesminis.fr\/blog\/wp-content\/uploads\/2025\/12\/20251130_2313_Harfang-des-Neiges-Quebecois_simple_compose_01kbbd4q98e6fa1nzbq5xeqh31-1-696x696.png 696w\" sizes=\"auto, (max-width: 1024px) 100vw, 1024px\" \/><figcaption id=\"caption-attachment-5664\" class=\"wp-caption-text\">Harfang des neiges : embl\u00e8me du Qu\u00e9bec, culture inuite (ukpik), symbole pr\u00e9historique, et c\u00e9l\u00e9brit\u00e9 Harry Potter.<\/figcaption><\/figure>\n<\/section>\n<section class=\"cta-products\">\n<h2><span class=\"ez-toc-section\" id=\"Decouvrez_les_Figurines_Harfang_des_Neiges_LesMinis\"><\/span>D\u00e9couvrez les Figurines Harfang des Neiges LesMinis<span class=\"ez-toc-section-end\"><\/span><\/h2>\n<figure id=\"attachment_5651\" aria-describedby=\"caption-attachment-5651\" style=\"width: 696px\" class=\"wp-caption alignnone\"><img loading=\"lazy\" decoding=\"async\" class=\"wp-image-5651 size-large\" src=\"https:\/\/lesminis.fr\/blog\/wp-content\/uploads\/2025\/11\/figurine-harfang-des-neiges-792x1024.webp\" alt=\"Figurine harfang des neiges chouette hibou polaire arctique\" width=\"696\" height=\"900\" \/><figcaption id=\"caption-attachment-5651\" class=\"wp-caption-text\">Figurine ToyMany Harfang en chasse (figurine du li\u00e8vre arctique)<\/figcaption><\/figure>\n<p>&nbsp;<\/p>\n<p>Fascin\u00e9 par le Harfang des neiges ? Cr\u00e9ez votre propre collection d&rsquo;oiseau arctique avec nos figurines naturalistes de haute qualit\u00e9. Chaque figurine capture l&rsquo;essence majestueuse de ce rapace polaire, plumage blanc d\u00e9taill\u00e9, yeux jaunes per\u00e7ants, pose de chasse r\u00e9aliste.<\/p>\n<p>Parfaites pour les enfants qui apprennent la zoologie arctique, les collectionneurs passionn\u00e9s, ou simplement pour admirer ce merveilleux oiseau sur votre bureau.<\/p>\n<div class=\"product-section\">\n<h3><span class=\"ez-toc-section\" id=\"Collection_Figurines_Harfang_des_Neiges\"><\/span>Collection Figurines Harfang des Neiges<span class=\"ez-toc-section-end\"><\/span><\/h3>\n<div class=\"product-grid\">\n<div class=\"product-item\"><a>Harfang des Neiges &#8211; Safari Ltd (Figurine R\u00e9aliste Haute Qualit\u00e9)<\/a><\/div>\n<div class=\"product-item\"><a>Harfang des Neiges &#8211; Papo (Hibou Arctique)<\/a><\/div>\n<div class=\"product-item\"><a href=\"https:\/\/lesminis.fr\/figurine-harfang-volant-chouette-arctique-papo-50304\/28384.html\">Harfang Volant &#8211; Papo (Pose Dynamique de Chasse)<\/a><\/div>\n<div class=\"product-item\"><a>Harfang des Neiges &#8211; Toymany (D\u00e9tails Ornithologiques)<\/a><\/div>\n<div class=\"product-item\"><a href=\"https:\/\/lesminis.fr\/figurine-harfang-des-neiges-petite-toymany-ml00106\/28083.html\">Harfang des Neiges Petite Figurine &#8211; Toymany<\/a><\/div>\n<div class=\"product-item\"><a href=\"https:\/\/lesminis.fr\/harfang-neiges-bubo-scandiacus-figurine-bullyland-69354\/25322.html\">Harfang des Neiges &#8211; Bullyland (Figurine P\u00e9dagogique)<\/a><\/div>\n<div class=\"product-item\"><a href=\"https:\/\/lesminis.fr\/figurine-chouette-des-neiges-mojo-387201\/5008.html\">Chouette des Neiges &#8211; Mojo Fun (Collectible Arctic)<\/a><\/div>\n<\/div>\n<\/div>\n<p><strong>Id\u00e9e p\u00e9dagogique :<\/strong> Cr\u00e9ez un \u00ab\u00a0diorama arctique\u00a0\u00bb avec le Harfang et d&rsquo;autres animaux polaires (lemmings, renards arctiques). \u00c9tudiez la cha\u00eene alimentaire, la reproduction cyclique, et l&rsquo;adaptation au froid. Les figurines transforment l&rsquo;apprentissage en exploration tactile et visuelle.<\/p>\n<p><em>Jouer. Apprendre. Comprendre. \u2014 LesMinis.fr<\/em><\/p>\n<\/section>\n<section class=\"conclusion\">\n<h2><span class=\"ez-toc-section\" id=\"Conclusion_Un_Oiseau_pour_lAge_de_lAnthropocene\"><\/span>Conclusion : Un Oiseau pour l&rsquo;\u00c2ge de l&rsquo;Anthropoc\u00e8ne<span class=\"ez-toc-section-end\"><\/span><\/h2>\n<p>Le Harfang des neiges est bien plus qu&rsquo;un oiseau arctique blanc spectaculaire. C&rsquo;est une incarnation vivante d&rsquo;adaptation \u00e9volutive extr\u00eame\u2014capable de maintenir 40\u00b0C corporelle \u00e0 -50\u00b0C, de chasser jour et nuit, de naviguer des cycles impr\u00e9visibles de ressources alimentaires, et de reproduire flexiblement selon la disponibilit\u00e9 de proies.<\/p>\n<p>Mais au 21e si\u00e8cle, m\u00eame ces adaptations remarquables sont test\u00e9es. Le changement climatique rapide, l&rsquo;urbanisation de l&rsquo;Arctique, et la fragmentation d&rsquo;habitat posent des d\u00e9fis que l&rsquo;\u00e9volution, lente \u00e0 l&rsquo;\u00e9chelle humaine, ne peut r\u00e9soudre assez vite.<\/p>\n<p>Le Harfang des neiges symbolise aussi l&rsquo;interconnectivit\u00e9 des \u00e9cosyst\u00e8mes mondiaux. Quand les hivers arctiques se d\u00e9r\u00e8glent, quand les lemmings disparaissent, ce sont les Harfangs qui souffrent\u2014et c&rsquo;est nous qui t\u00e9moignons de ces changements, parfois pour la premi\u00e8re fois en observant ces oiseaux majestueux hiverner au sud.<\/p>\n<p>Prot\u00e9ger le Harfang, c&rsquo;est prot\u00e9ger la toundra arctique. C&rsquo;est reconna\u00eetre que m\u00eame les r\u00e9gions les plus froides et isol\u00e9es de la Terre m\u00e9ritent notre respect et notre action.<\/p>\n<blockquote class=\"wp-embedded-content\" data-secret=\"JTaWlIg4l7\"><p><a href=\"https:\/\/lesminis.fr\/blog\/figurines-rapaces-animaux-oiseaux\/\">Biologie des rapaces diurnes et nocturnes : apprendre en s&rsquo;amusant avec nos figurines d\u00e9taill\u00e9es<\/a><\/p><\/blockquote>\n<p><iframe loading=\"lazy\" class=\"wp-embedded-content\" sandbox=\"allow-scripts\" security=\"restricted\" style=\"position: absolute; visibility: hidden;\" title=\"\u00ab\u00a0Biologie des rapaces diurnes et nocturnes : apprendre en s&rsquo;amusant avec nos figurines d\u00e9taill\u00e9es\u00a0\u00bb &#8212; LesMinis Le Blog - Mat\u00e9riels \u00e9ducatifs - Figurines p\u00e9dagogiques\" src=\"https:\/\/lesminis.fr\/blog\/figurines-rapaces-animaux-oiseaux\/embed\/#?secret=Cz9ktUw26U#?secret=JTaWlIg4l7\" data-secret=\"JTaWlIg4l7\" width=\"600\" height=\"338\" frameborder=\"0\" marginwidth=\"0\" marginheight=\"0\" scrolling=\"no\"><\/iframe><\/p>\n<\/section>\n<\/div>\n<\/article>\n","protected":false},"excerpt":{"rendered":"<p>Blanc immacul\u00e9, yeux jaunes per\u00e7ants, capable de survivre \u00e0 -50\u00b0C : le Harfang des neiges est bien plus qu&rsquo;un oiseau arctique ordinaire. Cet extraordinaire rapace r\u00e8gne sur la toundra depuis des millions d&rsquo;ann\u00e9es, parfaitement adapt\u00e9 \u00e0 l&rsquo;un des environnements les plus hostiles de la plan\u00e8te. Embl\u00e8me officiel du Qu\u00e9bec depuis 1987, le Harfang des neiges [&hellip;]<\/p>\n","protected":false},"author":1,"featured_media":5650,"comment_status":"open","ping_status":"closed","sticky":false,"template":"","format":"standard","meta":{"_acf_changed":false,"footnotes":""},"categories":[28],"tags":[2012,2010,2013,2009,2011],"class_list":{"0":"post-5649","1":"post","2":"type-post","3":"status-publish","4":"format-standard","5":"has-post-thumbnail","7":"category-monde-animal-figurines","8":"tag-bubo-scandiacus","9":"tag-chouette-harfang","10":"tag-chouette-polaire","11":"tag-harfang-des-neiges","12":"tag-hibou-arctique"},"acf":[],"yoast_head":"<!-- This site is optimized with the Yoast SEO Premium plugin v27.1 (Yoast SEO v27.1.1) - https:\/\/yoast.com\/product\/yoast-seo-premium-wordpress\/ -->\n<title>Harfang des Neiges : Le Hibou Blanc Majestueux de l&#039;Arctique<\/title>\n<meta name=\"description\" content=\"Le Harfang des neiges (Bubo scandiacus) : hibou arctique blanc, chasseur diurne, adapter \u00e0 -50\u00b0C. Reproduction cyclique, lemmings, et protection de cette esp\u00e8ce vuln\u00e9rable.\" \/>\n<meta name=\"robots\" content=\"index, follow, max-snippet:-1, max-image-preview:large, max-video-preview:-1\" \/>\n<link rel=\"canonical\" href=\"https:\/\/lesminis.fr\/blog\/harfang-neiges-hibou-arctique-bubo-scandiacus\/\" \/>\n<meta property=\"og:locale\" content=\"fr_FR\" \/>\n<meta property=\"og:type\" content=\"article\" \/>\n<meta property=\"og:title\" content=\"Harfang des Neiges : Le Hibou Blanc Majestueux de l&#039;Arctique\" \/>\n<meta property=\"og:description\" content=\"Le Harfang des neiges (Bubo scandiacus) : hibou arctique blanc, chasseur diurne, adapter \u00e0 -50\u00b0C. Reproduction cyclique, lemmings, et protection de cette esp\u00e8ce vuln\u00e9rable.\" \/>\n<meta property=\"og:url\" content=\"https:\/\/lesminis.fr\/blog\/harfang-neiges-hibou-arctique-bubo-scandiacus\/\" \/>\n<meta property=\"og:site_name\" content=\"LesMinis Le Blog - Mat\u00e9riels \u00e9ducatifs - Figurines p\u00e9dagogiques\" \/>\n<meta property=\"article:publisher\" content=\"https:\/\/fr-fr.facebook.com\/LesMinis.fr\/\" \/>\n<meta property=\"article:author\" content=\"https:\/\/www.facebook.com\/LesMinis.fr\/\" \/>\n<meta property=\"article:published_time\" content=\"2025-12-04T07:03:06+00:00\" \/>\n<meta property=\"article:modified_time\" content=\"2025-12-05T08:11:46+00:00\" \/>\n<meta property=\"og:image\" content=\"https:\/\/lesminis.fr\/blog\/wp-content\/uploads\/2025\/11\/Harfang-des-neiges-chouette-hibou.jpg\" \/>\n\t<meta property=\"og:image:width\" content=\"1000\" \/>\n\t<meta property=\"og:image:height\" content=\"1000\" \/>\n\t<meta property=\"og:image:type\" content=\"image\/jpeg\" \/>\n<meta name=\"author\" content=\"LesMinis\" \/>\n<meta name=\"twitter:label1\" content=\"\u00c9crit par\" \/>\n\t<meta name=\"twitter:data1\" content=\"LesMinis\" \/>\n\t<meta name=\"twitter:label2\" content=\"Dur\u00e9e de lecture estim\u00e9e\" \/>\n\t<meta name=\"twitter:data2\" content=\"24 minutes\" \/>\n<script type=\"application\/ld+json\" class=\"yoast-schema-graph\">{\"@context\":\"https:\/\/schema.org\",\"@graph\":[{\"@type\":[\"Article\",\"BlogPosting\"],\"@id\":\"https:\/\/lesminis.fr\/blog\/harfang-neiges-hibou-arctique-bubo-scandiacus\/#article\",\"isPartOf\":{\"@id\":\"https:\/\/lesminis.fr\/blog\/harfang-neiges-hibou-arctique-bubo-scandiacus\/\"},\"author\":{\"name\":\"LesMinis\",\"@id\":\"https:\/\/lesminis.fr\/blog\/#\/schema\/person\/4a1be8c8c70a7d945af71674957cf83e\"},\"headline\":\"Harfang des Neiges : Le Hibou Blanc Majestueux de l&rsquo;Arctique\",\"datePublished\":\"2025-12-04T07:03:06+00:00\",\"dateModified\":\"2025-12-05T08:11:46+00:00\",\"mainEntityOfPage\":{\"@id\":\"https:\/\/lesminis.fr\/blog\/harfang-neiges-hibou-arctique-bubo-scandiacus\/\"},\"wordCount\":4506,\"commentCount\":0,\"publisher\":{\"@id\":\"https:\/\/lesminis.fr\/blog\/#organization\"},\"image\":{\"@id\":\"https:\/\/lesminis.fr\/blog\/harfang-neiges-hibou-arctique-bubo-scandiacus\/#primaryimage\"},\"thumbnailUrl\":\"https:\/\/lesminis.fr\/blog\/wp-content\/uploads\/2025\/11\/Harfang-des-neiges-chouette-hibou.jpg\",\"keywords\":[\"Bubo scandiacus\",\"chouette harfang\",\"chouette polaire\",\"harfang des neiges\",\"hibou arctique\"],\"articleSection\":[\"Zoodex \u2014 Explorer le monde animal\"],\"inLanguage\":\"fr-FR\",\"potentialAction\":[{\"@type\":\"CommentAction\",\"name\":\"Comment\",\"target\":[\"https:\/\/lesminis.fr\/blog\/harfang-neiges-hibou-arctique-bubo-scandiacus\/#respond\"]}]},{\"@type\":\"WebPage\",\"@id\":\"https:\/\/lesminis.fr\/blog\/harfang-neiges-hibou-arctique-bubo-scandiacus\/\",\"url\":\"https:\/\/lesminis.fr\/blog\/harfang-neiges-hibou-arctique-bubo-scandiacus\/\",\"name\":\"Harfang des Neiges : Le Hibou Blanc Majestueux de l'Arctique\",\"isPartOf\":{\"@id\":\"https:\/\/lesminis.fr\/blog\/#website\"},\"primaryImageOfPage\":{\"@id\":\"https:\/\/lesminis.fr\/blog\/harfang-neiges-hibou-arctique-bubo-scandiacus\/#primaryimage\"},\"image\":{\"@id\":\"https:\/\/lesminis.fr\/blog\/harfang-neiges-hibou-arctique-bubo-scandiacus\/#primaryimage\"},\"thumbnailUrl\":\"https:\/\/lesminis.fr\/blog\/wp-content\/uploads\/2025\/11\/Harfang-des-neiges-chouette-hibou.jpg\",\"datePublished\":\"2025-12-04T07:03:06+00:00\",\"dateModified\":\"2025-12-05T08:11:46+00:00\",\"description\":\"Le Harfang des neiges (Bubo scandiacus) : hibou arctique blanc, chasseur diurne, adapter \u00e0 -50\u00b0C. Reproduction cyclique, lemmings, et protection de cette esp\u00e8ce vuln\u00e9rable.\",\"breadcrumb\":{\"@id\":\"https:\/\/lesminis.fr\/blog\/harfang-neiges-hibou-arctique-bubo-scandiacus\/#breadcrumb\"},\"inLanguage\":\"fr-FR\",\"potentialAction\":[{\"@type\":\"ReadAction\",\"target\":[\"https:\/\/lesminis.fr\/blog\/harfang-neiges-hibou-arctique-bubo-scandiacus\/\"]}]},{\"@type\":\"ImageObject\",\"inLanguage\":\"fr-FR\",\"@id\":\"https:\/\/lesminis.fr\/blog\/harfang-neiges-hibou-arctique-bubo-scandiacus\/#primaryimage\",\"url\":\"https:\/\/lesminis.fr\/blog\/wp-content\/uploads\/2025\/11\/Harfang-des-neiges-chouette-hibou.jpg\",\"contentUrl\":\"https:\/\/lesminis.fr\/blog\/wp-content\/uploads\/2025\/11\/Harfang-des-neiges-chouette-hibou.jpg\",\"width\":1000,\"height\":1000,\"caption\":\"Harfang des neiges blanc portrait yeux jaunes hibou arctique Bubo scandiacus\"},{\"@type\":\"BreadcrumbList\",\"@id\":\"https:\/\/lesminis.fr\/blog\/harfang-neiges-hibou-arctique-bubo-scandiacus\/#breadcrumb\",\"itemListElement\":[{\"@type\":\"ListItem\",\"position\":1,\"name\":\"Accueil\",\"item\":\"https:\/\/lesminis.fr\/blog\/\"},{\"@type\":\"ListItem\",\"position\":2,\"name\":\"Harfang des Neiges : Le Hibou Blanc Majestueux de l&rsquo;Arctique\"}]},{\"@type\":\"WebSite\",\"@id\":\"https:\/\/lesminis.fr\/blog\/#website\",\"url\":\"https:\/\/lesminis.fr\/blog\/\",\"name\":\"LesMinis Le Blog - Mat\u00e9riels \u00e9ducatifs - Figurines p\u00e9dagogiques\",\"description\":\"D\u00e9couvrez notre actualit\u00e9, figurines, mat\u00e9riel \u00e9ducatif, activit\u00e9s Montessori\",\"publisher\":{\"@id\":\"https:\/\/lesminis.fr\/blog\/#organization\"},\"potentialAction\":[{\"@type\":\"SearchAction\",\"target\":{\"@type\":\"EntryPoint\",\"urlTemplate\":\"https:\/\/lesminis.fr\/blog\/?s={search_term_string}\"},\"query-input\":{\"@type\":\"PropertyValueSpecification\",\"valueRequired\":true,\"valueName\":\"search_term_string\"}}],\"inLanguage\":\"fr-FR\"},{\"@type\":\"Organization\",\"@id\":\"https:\/\/lesminis.fr\/blog\/#organization\",\"name\":\"LesMinis - Sp\u00e9cialiste mat\u00e9riel p\u00e9dagogiques - Figurines \u00e9ducatives - Mat\u00e9riel Montessori\",\"url\":\"https:\/\/lesminis.fr\/blog\/\",\"logo\":{\"@type\":\"ImageObject\",\"inLanguage\":\"fr-FR\",\"@id\":\"https:\/\/lesminis.fr\/blog\/#\/schema\/logo\/image\/\",\"url\":\"https:\/\/lesminis.fr\/blog\/wp-content\/uploads\/2023\/03\/nouveau-logo-lesminis.png\",\"contentUrl\":\"https:\/\/lesminis.fr\/blog\/wp-content\/uploads\/2023\/03\/nouveau-logo-lesminis.png\",\"width\":500,\"height\":175,\"caption\":\"LesMinis - Sp\u00e9cialiste mat\u00e9riel p\u00e9dagogiques - Figurines \u00e9ducatives - Mat\u00e9riel Montessori\"},\"image\":{\"@id\":\"https:\/\/lesminis.fr\/blog\/#\/schema\/logo\/image\/\"},\"sameAs\":[\"https:\/\/fr-fr.facebook.com\/LesMinis.fr\/\",\"https:\/\/www.instagram.com\/lesminis.fr\/\",\"https:\/\/www.tiktok.com\/@lesminis.fr\",\"https:\/\/www.pinterest.fr\/lesminisfr\/\"]},{\"@type\":\"Person\",\"@id\":\"https:\/\/lesminis.fr\/blog\/#\/schema\/person\/4a1be8c8c70a7d945af71674957cf83e\",\"name\":\"LesMinis\",\"image\":{\"@type\":\"ImageObject\",\"inLanguage\":\"fr-FR\",\"@id\":\"https:\/\/lesminis.fr\/blog\/#\/schema\/person\/image\/\",\"url\":\"https:\/\/secure.gravatar.com\/avatar\/288cd93d352b3465f2bd0701b1f2bb059b68dc3a70c4fda061bad8e6c9f8d865?s=96&d=blank&r=g\",\"contentUrl\":\"https:\/\/secure.gravatar.com\/avatar\/288cd93d352b3465f2bd0701b1f2bb059b68dc3a70c4fda061bad8e6c9f8d865?s=96&d=blank&r=g\",\"caption\":\"LesMinis\"},\"sameAs\":[\"https:\/\/lesminis.fr\/blog\",\"https:\/\/www.facebook.com\/LesMinis.fr\/\",\"https:\/\/www.instagram.com\/lesminis.fr\/\",\"https:\/\/www.pinterest.fr\/lesminisfr\/\"],\"url\":\"https:\/\/lesminis.fr\/blog\/author\/lesminis\/\"}]}<\/script>\n<!-- \/ Yoast SEO Premium plugin. -->","yoast_head_json":{"title":"Harfang des Neiges : Le Hibou Blanc Majestueux de l'Arctique","description":"Le Harfang des neiges (Bubo scandiacus) : hibou arctique blanc, chasseur diurne, adapter \u00e0 -50\u00b0C. Reproduction cyclique, lemmings, et protection de cette esp\u00e8ce vuln\u00e9rable.","robots":{"index":"index","follow":"follow","max-snippet":"max-snippet:-1","max-image-preview":"max-image-preview:large","max-video-preview":"max-video-preview:-1"},"canonical":"https:\/\/lesminis.fr\/blog\/harfang-neiges-hibou-arctique-bubo-scandiacus\/","og_locale":"fr_FR","og_type":"article","og_title":"Harfang des Neiges : Le Hibou Blanc Majestueux de l'Arctique","og_description":"Le Harfang des neiges (Bubo scandiacus) : hibou arctique blanc, chasseur diurne, adapter \u00e0 -50\u00b0C. Reproduction cyclique, lemmings, et protection de cette esp\u00e8ce vuln\u00e9rable.","og_url":"https:\/\/lesminis.fr\/blog\/harfang-neiges-hibou-arctique-bubo-scandiacus\/","og_site_name":"LesMinis Le Blog - Mat\u00e9riels \u00e9ducatifs - Figurines p\u00e9dagogiques","article_publisher":"https:\/\/fr-fr.facebook.com\/LesMinis.fr\/","article_author":"https:\/\/www.facebook.com\/LesMinis.fr\/","article_published_time":"2025-12-04T07:03:06+00:00","article_modified_time":"2025-12-05T08:11:46+00:00","og_image":[{"width":1000,"height":1000,"url":"https:\/\/lesminis.fr\/blog\/wp-content\/uploads\/2025\/11\/Harfang-des-neiges-chouette-hibou.jpg","type":"image\/jpeg"}],"author":"LesMinis","twitter_misc":{"\u00c9crit par":"LesMinis","Dur\u00e9e de lecture estim\u00e9e":"24 minutes"},"schema":{"@context":"https:\/\/schema.org","@graph":[{"@type":["Article","BlogPosting"],"@id":"https:\/\/lesminis.fr\/blog\/harfang-neiges-hibou-arctique-bubo-scandiacus\/#article","isPartOf":{"@id":"https:\/\/lesminis.fr\/blog\/harfang-neiges-hibou-arctique-bubo-scandiacus\/"},"author":{"name":"LesMinis","@id":"https:\/\/lesminis.fr\/blog\/#\/schema\/person\/4a1be8c8c70a7d945af71674957cf83e"},"headline":"Harfang des Neiges : Le Hibou Blanc Majestueux de l&rsquo;Arctique","datePublished":"2025-12-04T07:03:06+00:00","dateModified":"2025-12-05T08:11:46+00:00","mainEntityOfPage":{"@id":"https:\/\/lesminis.fr\/blog\/harfang-neiges-hibou-arctique-bubo-scandiacus\/"},"wordCount":4506,"commentCount":0,"publisher":{"@id":"https:\/\/lesminis.fr\/blog\/#organization"},"image":{"@id":"https:\/\/lesminis.fr\/blog\/harfang-neiges-hibou-arctique-bubo-scandiacus\/#primaryimage"},"thumbnailUrl":"https:\/\/lesminis.fr\/blog\/wp-content\/uploads\/2025\/11\/Harfang-des-neiges-chouette-hibou.jpg","keywords":["Bubo scandiacus","chouette harfang","chouette polaire","harfang des neiges","hibou arctique"],"articleSection":["Zoodex \u2014 Explorer le monde animal"],"inLanguage":"fr-FR","potentialAction":[{"@type":"CommentAction","name":"Comment","target":["https:\/\/lesminis.fr\/blog\/harfang-neiges-hibou-arctique-bubo-scandiacus\/#respond"]}]},{"@type":"WebPage","@id":"https:\/\/lesminis.fr\/blog\/harfang-neiges-hibou-arctique-bubo-scandiacus\/","url":"https:\/\/lesminis.fr\/blog\/harfang-neiges-hibou-arctique-bubo-scandiacus\/","name":"Harfang des Neiges : Le Hibou Blanc Majestueux de l'Arctique","isPartOf":{"@id":"https:\/\/lesminis.fr\/blog\/#website"},"primaryImageOfPage":{"@id":"https:\/\/lesminis.fr\/blog\/harfang-neiges-hibou-arctique-bubo-scandiacus\/#primaryimage"},"image":{"@id":"https:\/\/lesminis.fr\/blog\/harfang-neiges-hibou-arctique-bubo-scandiacus\/#primaryimage"},"thumbnailUrl":"https:\/\/lesminis.fr\/blog\/wp-content\/uploads\/2025\/11\/Harfang-des-neiges-chouette-hibou.jpg","datePublished":"2025-12-04T07:03:06+00:00","dateModified":"2025-12-05T08:11:46+00:00","description":"Le Harfang des neiges (Bubo scandiacus) : hibou arctique blanc, chasseur diurne, adapter \u00e0 -50\u00b0C. Reproduction cyclique, lemmings, et protection de cette esp\u00e8ce vuln\u00e9rable.","breadcrumb":{"@id":"https:\/\/lesminis.fr\/blog\/harfang-neiges-hibou-arctique-bubo-scandiacus\/#breadcrumb"},"inLanguage":"fr-FR","potentialAction":[{"@type":"ReadAction","target":["https:\/\/lesminis.fr\/blog\/harfang-neiges-hibou-arctique-bubo-scandiacus\/"]}]},{"@type":"ImageObject","inLanguage":"fr-FR","@id":"https:\/\/lesminis.fr\/blog\/harfang-neiges-hibou-arctique-bubo-scandiacus\/#primaryimage","url":"https:\/\/lesminis.fr\/blog\/wp-content\/uploads\/2025\/11\/Harfang-des-neiges-chouette-hibou.jpg","contentUrl":"https:\/\/lesminis.fr\/blog\/wp-content\/uploads\/2025\/11\/Harfang-des-neiges-chouette-hibou.jpg","width":1000,"height":1000,"caption":"Harfang des neiges blanc portrait yeux jaunes hibou arctique Bubo scandiacus"},{"@type":"BreadcrumbList","@id":"https:\/\/lesminis.fr\/blog\/harfang-neiges-hibou-arctique-bubo-scandiacus\/#breadcrumb","itemListElement":[{"@type":"ListItem","position":1,"name":"Accueil","item":"https:\/\/lesminis.fr\/blog\/"},{"@type":"ListItem","position":2,"name":"Harfang des Neiges : Le Hibou Blanc Majestueux de l&rsquo;Arctique"}]},{"@type":"WebSite","@id":"https:\/\/lesminis.fr\/blog\/#website","url":"https:\/\/lesminis.fr\/blog\/","name":"LesMinis Le Blog - Mat\u00e9riels \u00e9ducatifs - Figurines p\u00e9dagogiques","description":"D\u00e9couvrez notre actualit\u00e9, figurines, mat\u00e9riel \u00e9ducatif, activit\u00e9s Montessori","publisher":{"@id":"https:\/\/lesminis.fr\/blog\/#organization"},"potentialAction":[{"@type":"SearchAction","target":{"@type":"EntryPoint","urlTemplate":"https:\/\/lesminis.fr\/blog\/?s={search_term_string}"},"query-input":{"@type":"PropertyValueSpecification","valueRequired":true,"valueName":"search_term_string"}}],"inLanguage":"fr-FR"},{"@type":"Organization","@id":"https:\/\/lesminis.fr\/blog\/#organization","name":"LesMinis - Sp\u00e9cialiste mat\u00e9riel p\u00e9dagogiques - Figurines \u00e9ducatives - Mat\u00e9riel Montessori","url":"https:\/\/lesminis.fr\/blog\/","logo":{"@type":"ImageObject","inLanguage":"fr-FR","@id":"https:\/\/lesminis.fr\/blog\/#\/schema\/logo\/image\/","url":"https:\/\/lesminis.fr\/blog\/wp-content\/uploads\/2023\/03\/nouveau-logo-lesminis.png","contentUrl":"https:\/\/lesminis.fr\/blog\/wp-content\/uploads\/2023\/03\/nouveau-logo-lesminis.png","width":500,"height":175,"caption":"LesMinis - Sp\u00e9cialiste mat\u00e9riel p\u00e9dagogiques - Figurines \u00e9ducatives - Mat\u00e9riel Montessori"},"image":{"@id":"https:\/\/lesminis.fr\/blog\/#\/schema\/logo\/image\/"},"sameAs":["https:\/\/fr-fr.facebook.com\/LesMinis.fr\/","https:\/\/www.instagram.com\/lesminis.fr\/","https:\/\/www.tiktok.com\/@lesminis.fr","https:\/\/www.pinterest.fr\/lesminisfr\/"]},{"@type":"Person","@id":"https:\/\/lesminis.fr\/blog\/#\/schema\/person\/4a1be8c8c70a7d945af71674957cf83e","name":"LesMinis","image":{"@type":"ImageObject","inLanguage":"fr-FR","@id":"https:\/\/lesminis.fr\/blog\/#\/schema\/person\/image\/","url":"https:\/\/secure.gravatar.com\/avatar\/288cd93d352b3465f2bd0701b1f2bb059b68dc3a70c4fda061bad8e6c9f8d865?s=96&d=blank&r=g","contentUrl":"https:\/\/secure.gravatar.com\/avatar\/288cd93d352b3465f2bd0701b1f2bb059b68dc3a70c4fda061bad8e6c9f8d865?s=96&d=blank&r=g","caption":"LesMinis"},"sameAs":["https:\/\/lesminis.fr\/blog","https:\/\/www.facebook.com\/LesMinis.fr\/","https:\/\/www.instagram.com\/lesminis.fr\/","https:\/\/www.pinterest.fr\/lesminisfr\/"],"url":"https:\/\/lesminis.fr\/blog\/author\/lesminis\/"}]}},"_links":{"self":[{"href":"https:\/\/lesminis.fr\/blog\/wp-json\/wp\/v2\/posts\/5649","targetHints":{"allow":["GET"]}}],"collection":[{"href":"https:\/\/lesminis.fr\/blog\/wp-json\/wp\/v2\/posts"}],"about":[{"href":"https:\/\/lesminis.fr\/blog\/wp-json\/wp\/v2\/types\/post"}],"author":[{"embeddable":true,"href":"https:\/\/lesminis.fr\/blog\/wp-json\/wp\/v2\/users\/1"}],"replies":[{"embeddable":true,"href":"https:\/\/lesminis.fr\/blog\/wp-json\/wp\/v2\/comments?post=5649"}],"version-history":[{"count":4,"href":"https:\/\/lesminis.fr\/blog\/wp-json\/wp\/v2\/posts\/5649\/revisions"}],"predecessor-version":[{"id":5667,"href":"https:\/\/lesminis.fr\/blog\/wp-json\/wp\/v2\/posts\/5649\/revisions\/5667"}],"wp:featuredmedia":[{"embeddable":true,"href":"https:\/\/lesminis.fr\/blog\/wp-json\/wp\/v2\/media\/5650"}],"wp:attachment":[{"href":"https:\/\/lesminis.fr\/blog\/wp-json\/wp\/v2\/media?parent=5649"}],"wp:term":[{"taxonomy":"category","embeddable":true,"href":"https:\/\/lesminis.fr\/blog\/wp-json\/wp\/v2\/categories?post=5649"},{"taxonomy":"post_tag","embeddable":true,"href":"https:\/\/lesminis.fr\/blog\/wp-json\/wp\/v2\/tags?post=5649"}],"curies":[{"name":"wp","href":"https:\/\/api.w.org\/{rel}","templated":true}]}}