{"id":5624,"date":"2025-12-22T08:22:40","date_gmt":"2025-12-22T07:22:40","guid":{"rendered":"https:\/\/lesminis.fr\/blog\/?p=5624"},"modified":"2025-12-23T11:42:20","modified_gmt":"2025-12-23T10:42:20","slug":"hippopotame-europe-300000-ans-prehistoire-virale","status":"publish","type":"post","link":"https:\/\/lesminis.fr\/blog\/hippopotame-europe-300000-ans-prehistoire-virale\/","title":{"rendered":"Un Hippopotame en Europe ? Oui, et Pendant 300 000 Ans"},"content":{"rendered":"<p>Vous pensez conna\u00eetre l&rsquo;histoire pr\u00e9historique de l&rsquo;Europe, mais vous vous trompez compl\u00e8tement. Pendant que vous imaginez des grottes glaciales et des hommes des cavernes grelottants, une cr\u00e9ature massive battait l&rsquo;eau de ses \u00e9normes pattes dans les rivi\u00e8res europ\u00e9ennes. Oui, un vrai hippopotame. Pas un fossile microscopique. Pas une l\u00e9gende. Un animal entier, vivant, pesant deux fois le poids d&rsquo;une voiture, qui nageait en France, en Allemagne et en Gr\u00e8ce.<\/p>\n<p>C&rsquo;est une histoire que peu de gens connaissent, et pourtant elle va vous changer votre vision compl\u00e8te de ce qu&rsquo;\u00e9tait vraiment la pr\u00e9histoire europ\u00e9enne.<\/p>\n<div id=\"ez-toc-container\" class=\"ez-toc-v2_0_78 counter-hierarchy ez-toc-counter ez-toc-grey ez-toc-container-direction\">\n<div class=\"ez-toc-title-container\">\n<p class=\"ez-toc-title\" style=\"cursor:inherit\">Table of Contents<\/p>\n<span class=\"ez-toc-title-toggle\"><a href=\"#\" class=\"ez-toc-pull-right ez-toc-btn ez-toc-btn-xs ez-toc-btn-default ez-toc-toggle\" aria-label=\"Toggle Table of Content\"><span class=\"ez-toc-js-icon-con\"><span class=\"\"><span class=\"eztoc-hide\" style=\"display:none;\">Toggle<\/span><span class=\"ez-toc-icon-toggle-span\"><svg style=\"fill: #999;color:#999\" xmlns=\"http:\/\/www.w3.org\/2000\/svg\" class=\"list-377408\" width=\"20px\" height=\"20px\" viewBox=\"0 0 24 24\" fill=\"none\"><path d=\"M6 6H4v2h2V6zm14 0H8v2h12V6zM4 11h2v2H4v-2zm16 0H8v2h12v-2zM4 16h2v2H4v-2zm16 0H8v2h12v-2z\" fill=\"currentColor\"><\/path><\/svg><svg style=\"fill: #999;color:#999\" class=\"arrow-unsorted-368013\" xmlns=\"http:\/\/www.w3.org\/2000\/svg\" width=\"10px\" height=\"10px\" viewBox=\"0 0 24 24\" version=\"1.2\" baseProfile=\"tiny\"><path d=\"M18.2 9.3l-6.2-6.3-6.2 6.3c-.2.2-.3.4-.3.7s.1.5.3.7c.2.2.4.3.7.3h11c.3 0 .5-.1.7-.3.2-.2.3-.5.3-.7s-.1-.5-.3-.7zM5.8 14.7l6.2 6.3 6.2-6.3c.2-.2.3-.5.3-.7s-.1-.5-.3-.7c-.2-.2-.4-.3-.7-.3h-11c-.3 0-.5.1-.7.3-.2.2-.3.5-.3.7s.1.5.3.7z\"\/><\/svg><\/span><\/span><\/span><\/a><\/span><\/div>\n<nav><ul class='ez-toc-list ez-toc-list-level-1 ' ><li class='ez-toc-page-1 ez-toc-heading-level-2'><a class=\"ez-toc-link ez-toc-heading-1\" href=\"https:\/\/lesminis.fr\/blog\/hippopotame-europe-300000-ans-prehistoire-virale\/#Bienvenue_en_Europe_il_y_a_300_000_ans_Un_Monde_Que_Vous_Ne_Reconnaitriez_Pas\" >Bienvenue en Europe il y a 300 000 ans : Un Monde Que Vous Ne Reconna\u00eetriez Pas<\/a><\/li><li class='ez-toc-page-1 ez-toc-heading-level-2'><a class=\"ez-toc-link ez-toc-heading-2\" href=\"https:\/\/lesminis.fr\/blog\/hippopotame-europe-300000-ans-prehistoire-virale\/#LArrivee_des_Geants_Quand_les_Hippopotames_Ont_Colonise_lEurope\" >L&rsquo;Arriv\u00e9e des G\u00e9ants : Quand les Hippopotames Ont Colonis\u00e9 l&rsquo;Europe<\/a><\/li><li class='ez-toc-page-1 ez-toc-heading-level-2'><a class=\"ez-toc-link ez-toc-heading-3\" href=\"https:\/\/lesminis.fr\/blog\/hippopotame-europe-300000-ans-prehistoire-virale\/#Le_Changement_Commence_Une_Transformation_Imperceptible\" >Le Changement Commence : Une Transformation Imperceptible<\/a><\/li><li class='ez-toc-page-1 ez-toc-heading-level-2'><a class=\"ez-toc-link ez-toc-heading-4\" href=\"https:\/\/lesminis.fr\/blog\/hippopotame-europe-300000-ans-prehistoire-virale\/#La_Spirale_Commence_Les_Populations_Baissent\" >La Spirale Commen\u00e7e : Les Populations Baissent<\/a><\/li><li class='ez-toc-page-1 ez-toc-heading-level-2'><a class=\"ez-toc-link ez-toc-heading-5\" href=\"https:\/\/lesminis.fr\/blog\/hippopotame-europe-300000-ans-prehistoire-virale\/#Il_y_a_100_000_Ans_Le_Dernier_Hippopotame_Quitte_lEurope\" >Il y a 100 000 Ans : Le Dernier Hippopotame Quitte l&rsquo;Europe<\/a><\/li><li class='ez-toc-page-1 ez-toc-heading-level-2'><a class=\"ez-toc-link ez-toc-heading-6\" href=\"https:\/\/lesminis.fr\/blog\/hippopotame-europe-300000-ans-prehistoire-virale\/#Mais_Attendez_LHippopotame_Ne_Disparait_Pas_Completement\" >Mais Attendez : L&rsquo;Hippopotame Ne Dispara\u00eet Pas Compl\u00e8tement<\/a><\/li><li class='ez-toc-page-1 ez-toc-heading-level-2'><a class=\"ez-toc-link ez-toc-heading-7\" href=\"https:\/\/lesminis.fr\/blog\/hippopotame-europe-300000-ans-prehistoire-virale\/#Ce_Que_Cela_Nous_Dit_Sur_la_Vie_Prehistorique\" >Ce Que Cela Nous Dit Sur la Vie Pr\u00e9historique<\/a><\/li><li class='ez-toc-page-1 ez-toc-heading-level-2'><a class=\"ez-toc-link ez-toc-heading-8\" href=\"https:\/\/lesminis.fr\/blog\/hippopotame-europe-300000-ans-prehistoire-virale\/#Conclusion_Une_Creature_Oubliee_de_la_Prehistoire_Europeenne\" >Conclusion : Une Cr\u00e9ature Oubli\u00e9e de la Pr\u00e9histoire Europ\u00e9enne<\/a><\/li><\/ul><\/nav><\/div>\n<h2><span class=\"ez-toc-section\" id=\"Bienvenue_en_Europe_il_y_a_300_000_ans_Un_Monde_Que_Vous_Ne_Reconnaitriez_Pas\"><\/span>Bienvenue en Europe il y a 300 000 ans : Un Monde Que Vous Ne Reconna\u00eetriez Pas<span class=\"ez-toc-section-end\"><\/span><\/h2>\n<p>Remontez le temps avec moi jusqu&rsquo;\u00e0 il y a 300 000 ans. L&rsquo;Europe que vous connaissez, avec ses montagnes enneig\u00e9es, ses c\u00f4tes glaciales et ses saisons froides, n&rsquo;existe pas encore. \u00c0 la place, imaginez un continent chaud, \u00e9tonnamment chaud. Les rivi\u00e8res coulent g\u00e9n\u00e9reusement, gonfl\u00e9es par des pluies abondantes. Les for\u00eats denses et verdoyantes forment un d\u00f4me vert presque imp\u00e9n\u00e9trable sur des milliers de kilom\u00e8tres. Le soleil se couche tard. Les hivers, quand ils arrivent, sont doux et cl\u00e9ments, rien \u00e0 voir avec les hivers rigoureux que nous connaissons aujourd&rsquo;hui.<\/p>\n<p>Et dans cette Europe douce et g\u00e9n\u00e9reuse, quelque chose d&rsquo;extraordinaire se produit. Une cr\u00e9ature massive descend vers les rivi\u00e8res du continent. Une cr\u00e9ature qui n&rsquo;a aucune raison d&rsquo;\u00eatre l\u00e0, aucune raison d&rsquo;avoir quitt\u00e9 le confort de l&rsquo;Afrique chaude. Et pourtant, la voil\u00e0. C&rsquo;est un hippopotame.<\/p>\n<p><img loading=\"lazy\" decoding=\"async\" class=\"alignnone size-large wp-image-5009\" src=\"https:\/\/lesminis.fr\/blog\/wp-content\/uploads\/2025\/06\/hippopotame-1024x1024.jpg\" alt=\"Hippopotame \u00e9mergeant d'un point d'eau de la savane africaine - Ma\u00eetre des eaux et fertiliseur aquatique\" width=\"696\" height=\"696\" srcset=\"https:\/\/lesminis.fr\/blog\/wp-content\/uploads\/2025\/06\/hippopotame-1024x1024.jpg 1024w, https:\/\/lesminis.fr\/blog\/wp-content\/uploads\/2025\/06\/hippopotame-300x300.jpg 300w, https:\/\/lesminis.fr\/blog\/wp-content\/uploads\/2025\/06\/hippopotame-150x150.jpg 150w, https:\/\/lesminis.fr\/blog\/wp-content\/uploads\/2025\/06\/hippopotame-768x768.jpg 768w, https:\/\/lesminis.fr\/blog\/wp-content\/uploads\/2025\/06\/hippopotame-420x420.jpg 420w, https:\/\/lesminis.fr\/blog\/wp-content\/uploads\/2025\/06\/hippopotame-696x696.jpg 696w, https:\/\/lesminis.fr\/blog\/wp-content\/uploads\/2025\/06\/hippopotame-1068x1068.jpg 1068w, https:\/\/lesminis.fr\/blog\/wp-content\/uploads\/2025\/06\/hippopotame.jpg 1080w\" sizes=\"auto, (max-width: 696px) 100vw, 696px\" \/><\/p>\n<h2><span class=\"ez-toc-section\" id=\"LArrivee_des_Geants_Quand_les_Hippopotames_Ont_Colonise_lEurope\"><\/span>L&rsquo;Arriv\u00e9e des G\u00e9ants : Quand les Hippopotames Ont Colonis\u00e9 l&rsquo;Europe<span class=\"ez-toc-section-end\"><\/span><\/h2>\n<p>Cet hippopotame n&rsquo;est pas seul. Il y en a d&rsquo;autres. Des centaines d&rsquo;autres. Ils arrivent en Europe provenant du Moyen-Orient, du bassin m\u00e9diterran\u00e9en, progressant lentement vers le nord et l&rsquo;ouest comme une arm\u00e9e silencieuse de g\u00e9ants aquatiques. Ils remontent les rivi\u00e8res. Ils explorent les lacs. Ils colonisent graduellement chaque cours d&rsquo;eau qu&rsquo;ils trouvent suffisamment chaud et accueillant.<\/p>\n<p>Et pendant des mill\u00e9naires, ces hippopotames prosp\u00e8rent. Ils vivent exactement comme leurs cousins africains le font aujourd&rsquo;hui. Ils passent leurs journ\u00e9es presque enti\u00e8rement immerg\u00e9s dans l&rsquo;eau pour prot\u00e9ger leur peau du soleil, leurs yeux et leurs narines juste \u00e0 la surface pour surveiller le monde autour d&rsquo;eux. Quand la nuit tombe, ils \u00e9mergent des rivi\u00e8res pour aller pa\u00eetre sur les herbes riveraines, mangeant des quantit\u00e9s astronomiques de v\u00e9g\u00e9tation, laissant derri\u00e8re eux des empreintes g\u00e9antes profondes dans la boue.<\/p>\n<p>Les femelles donnent naissance \u00e0 des petits dans les rivi\u00e8res. Ces petits grandissent entour\u00e9s de leurs m\u00e8res protectrices et de leurs tantes, dans une harmonie parfaite avec un environnement qui semble \u00eatre fait sp\u00e9cifiquement pour eux. Les m\u00e2les \u00e9tablissent leurs territoires, contr\u00f4lant f\u00e9rocement les sections de rivi\u00e8re qui les int\u00e9ressent, attendant l&rsquo;arriv\u00e9e des femelles en rut avec une impatience que tous les animaux partagent.<\/p>\n<p>Et pendant 200 000 ans, cette vie continue. G\u00e9n\u00e9ration apr\u00e8s g\u00e9n\u00e9ration, l&rsquo;Europe accueille ses hippopotames. Personne ne sait que cette idylle a une date d&rsquo;expiration.<\/p>\n<h2><span class=\"ez-toc-section\" id=\"Le_Changement_Commence_Une_Transformation_Imperceptible\"><\/span>Le Changement Commence : Une Transformation Imperceptible<span class=\"ez-toc-section-end\"><\/span><\/h2>\n<p>Puis quelque chose de crucial commence \u00e0 se produire. C&rsquo;est tellement lent, tellement imperceptible, qu&rsquo;aucune cr\u00e9ature vivante ne le remarque vraiment. Mais le changement est in\u00e9vitable. <strong>L&rsquo;Europe commence \u00e0 se refroidir.<\/strong><\/p>\n<p>Chaque ann\u00e9e, la temp\u00e9rature baisse infinit\u00e9simalement. Vous ne le sentiriez pas si vous viviez l\u00e0. Vous ne remarqueriez pas la diff\u00e9rence d&rsquo;une ann\u00e9e \u00e0 l&rsquo;autre. Mais additionnez mille ans de refroidissement minuscule, et vous obtenez une transformation. Additionnez cent mille ans, et vous obtenez une catastrophe pour l&rsquo;hippopotame.<\/p>\n<p>Les hivers deviennent un peu plus longs. Les pluies deviennent un peu moins abondantes. Les rivi\u00e8res coulent un peu moins g\u00e9n\u00e9reusement. Les temp\u00e9ratures en \u00e9t\u00e9 restent agr\u00e9ables, mais les temp\u00e9ratures en hiver descendent maintenant \u00e0 des niveaux que les hippopotames trouvent de plus en plus inconfortables. Ces cr\u00e9atures africaines, adapt\u00e9es depuis des millions d&rsquo;ann\u00e9es pour vivre dans le confort thermique, commencent \u00e0 souffrir.<\/p>\n<p>Et c&rsquo;est l\u00e0 que le destin bascule pour les hippopotames europ\u00e9ens.<\/p>\n<h2><span class=\"ez-toc-section\" id=\"La_Spirale_Commence_Les_Populations_Baissent\"><\/span>La Spirale Commen\u00e7e : Les Populations Baissent<span class=\"ez-toc-section-end\"><\/span><\/h2>\n<p>Parce que voyez-vous, un hippopotame ne peut pas simplement d\u00e9cider d&rsquo;\u00e9voluer pour tol\u00e9rer le froid. L&rsquo;\u00e9volution prend des millions d&rsquo;ann\u00e9es. Les hippopotames europ\u00e9ens n&rsquo;ont que cent mille ans avant que l&rsquo;Europe ne devienne compl\u00e8tement inhospitali\u00e8re pour leur mode de vie. C&rsquo;est insuffisant.<\/p>\n<p>Alors qu&rsquo;arrive-t-il ? Les naissances commencent \u00e0 diminuer. Les femelles, stress\u00e9es par le changement climatique, donnent naissance \u00e0 moins de petits. Les petits qui naissent ont une chance plus faible de survivre aux hivers plus rigoureux. Les adultes qui autrefois vivaient confortablement pendant cinquante ans commencent \u00e0 mourir plus jeunes, us\u00e9s par les hivers de plus en plus exigeants, par la nourriture qui devient moins abondante, par un environnement qui n&rsquo;est plus vraiment fait pour eux.<\/p>\n<p>Les populations baissent. Lentement d&rsquo;abord, si lentement que personne n&rsquo;aurait remarqu\u00e9 sur une p\u00e9riode de mille ans. Mais sur dix mille ans, c&rsquo;est visible. Sur cent mille ans, c&rsquo;est une extinction.<\/p>\n<h2><span class=\"ez-toc-section\" id=\"Il_y_a_100_000_Ans_Le_Dernier_Hippopotame_Quitte_lEurope\"><\/span>Il y a 100 000 Ans : Le Dernier Hippopotame Quitte l&rsquo;Europe<span class=\"ez-toc-section-end\"><\/span><\/h2>\n<p>Et puis finalement, il y a environ 100 000 ans, quelque chose d&rsquo;extraordinaire et de tragique se produit. Un hippopotame, peut-\u00eatre le dernier en Europe, prend un dernier souffle dans une rivi\u00e8re qui n&rsquo;est plus aussi chaude qu&rsquo;elle l&rsquo;\u00e9tait autrefois. Il ferme ses yeux \u00e9normes pour la derni\u00e8re fois.<\/p>\n<p>Et c&rsquo;est fini. Apr\u00e8s 200 000 ans de domination tranquille des rivi\u00e8res europ\u00e9ennes, l&rsquo;hippopotame dispara\u00eet compl\u00e8tement du continent. Pas \u00e0 cause d&rsquo;une catastrophe. Pas \u00e0 cause d&rsquo;une m\u00e9t\u00e9orite. Pas \u00e0 cause d&rsquo;une explosion volcanique. Simplement parce que le climat a lentement, in\u00e9vitablement chang\u00e9, et que l&rsquo;hippopotame \u00e9tait trop sp\u00e9cialis\u00e9, trop adapt\u00e9 \u00e0 un monde chaud, pour survivre au monde nouveau qui \u00e9mergeait.<\/p>\n<h2><span class=\"ez-toc-section\" id=\"Mais_Attendez_LHippopotame_Ne_Disparait_Pas_Completement\"><\/span>Mais Attendez : L&rsquo;Hippopotame Ne Dispara\u00eet Pas Compl\u00e8tement<span class=\"ez-toc-section-end\"><\/span><\/h2>\n<p>Voici ce qui est fascinant : l&rsquo;hippopotame n&rsquo;a pas compl\u00e8tement disparu de la Terre. Pendant que ses cousins europ\u00e9ens combattaient et perdaient leur bataille contre le refroidissement du climat, les hippopotames en Afrique continuaient \u00e0 vivre tranquillement. L&rsquo;Afrique n&rsquo;avait pas chang\u00e9 comme l&rsquo;Europe avait chang\u00e9. L&rsquo;Afrique \u00e9tait rest\u00e9e chaude. Et dans cette chaleur, l&rsquo;hippopotame a prosp\u00e9r\u00e9.<\/p>\n<p>Aujourd&rsquo;hui, 100 000 ans plus tard, les hippopotames vivent toujours en Afrique subsaharienne. Ils sont exactement les m\u00eames cr\u00e9atures qu&rsquo;ils \u00e9taient il y a 300 000 ans. Aucun changement. Aucune \u00e9volution. Juste une continuation paisible dans l&rsquo;endroit qui a toujours \u00e9t\u00e9 fait pour eux.<\/p>\n<h2><span class=\"ez-toc-section\" id=\"Ce_Que_Cela_Nous_Dit_Sur_la_Vie_Prehistorique\"><\/span>Ce Que Cela Nous Dit Sur la Vie Pr\u00e9historique<span class=\"ez-toc-section-end\"><\/span><\/h2>\n<p>Cette histoire de l&rsquo;hippopotame europ\u00e9en nous enseigne quelque chose de profond sur la pr\u00e9histoire. La vie n&rsquo;\u00e9tait pas ce que nous imaginons habituellement. Ce n&rsquo;\u00e9tait pas des grottes sombres, du froid constant, et des cr\u00e9atures luttant pour survivre. C&rsquo;\u00e9tait aussi un monde de rivi\u00e8res chaudes, de cr\u00e9atures g\u00e9antes vivant en harmonie compl\u00e8te avec leur environnement, et de changements si lents et si subtils que personne ne les voyait venir jusqu&rsquo;\u00e0 ce qu&rsquo;il soit trop tard.<\/p>\n<p>Et cela nous enseigne quelque chose sur l&rsquo;adaptation. L&rsquo;hippopotame a pass\u00e9 des millions d&rsquo;ann\u00e9es \u00e0 devenir absolument parfait pour la vie dans les rivi\u00e8res chaudes d&rsquo;Afrique. Cette perfection le rendait invuln\u00e9rable \u00e0 presque tous les d\u00e9fis de son environnement africain. Mais cette m\u00eame perfection le rendait extr\u00eamement vuln\u00e9rable \u00e0 n&rsquo;importe quel changement majeur dans son habitat.<\/p>\n<p>C&rsquo;est l&rsquo;une des grandes le\u00e7ons de la pr\u00e9histoire : la sp\u00e9cialisation extr\u00eame est \u00e0 la fois une force irr\u00e9sistible et une faiblesse fatale. L&rsquo;hippopotame \u00e9tait le roi des rivi\u00e8res chaudes. Mais quand les rivi\u00e8res ont commenc\u00e9 \u00e0 refroidir, il n&rsquo;avait pas d&rsquo;alternative. Il n&rsquo;avait pas de plan B. Il y avait seulement l&rsquo;extinction, qui est venue non pas en une nuit catastrophique, mais en 100 000 ans de lent d\u00e9clin.<\/p>\n<h2><span class=\"ez-toc-section\" id=\"Conclusion_Une_Creature_Oubliee_de_la_Prehistoire_Europeenne\"><\/span>Conclusion : Une Cr\u00e9ature Oubli\u00e9e de la Pr\u00e9histoire Europ\u00e9enne<span class=\"ez-toc-section-end\"><\/span><\/h2>\n<p>Donc oui, un hippopotame en Europe. Pas pour une ann\u00e9e. Pas pour une d\u00e9cennie. Pendant 300 000 ans, une cr\u00e9ature africaine a fait des rivi\u00e8res europ\u00e9ennes son foyer. Elle a prosp\u00e9r\u00e9. Elle s&rsquo;est reproduite. Elle a domin\u00e9. Et puis, tr\u00e8s lentement, elle a disparu, laissant derri\u00e8re elle seulement des fossiles que tr\u00e8s peu de gens connaissent.<\/p>\n<p>La prochaine fois que vous pensez \u00e0 la pr\u00e9histoire europ\u00e9enne, n&rsquo;imaginez pas seulement des grottes glaciales et des humains primitifs. Imaginez aussi les rivi\u00e8res chaudes, les g\u00e9ants aquatiques, et un monde compl\u00e8tement diff\u00e9rent de celui que nous connaissons aujourd&rsquo;hui. Imaginez l&rsquo;Europe telle qu&rsquo;elle \u00e9tait vraiment. G\u00e9n\u00e9reuse, et peupl\u00e9e de cr\u00e9atures africaines dont personne ne se souvient plus.<\/p>\n<blockquote class=\"wp-embedded-content\" data-secret=\"GEmDM3BtxJ\"><p><a href=\"https:\/\/lesminis.fr\/blog\/le-mystere-de-lalimentation-de-lhippopotame-herbivore-ou-carnivore\/\">Le Myst\u00e8re de l\u2019Alimentation de l\u2019Hippopotame : Herbivore ou Carnivore ?<\/a><\/p><\/blockquote>\n<p><iframe loading=\"lazy\" class=\"wp-embedded-content\" sandbox=\"allow-scripts\" security=\"restricted\" style=\"position: absolute; visibility: hidden;\" title=\"\u00ab\u00a0Le Myst\u00e8re de l\u2019Alimentation de l\u2019Hippopotame : Herbivore ou Carnivore ?\u00a0\u00bb &#8212; LesMinis Le Blog - Mat\u00e9riels \u00e9ducatifs - Figurines p\u00e9dagogiques\" src=\"https:\/\/lesminis.fr\/blog\/le-mystere-de-lalimentation-de-lhippopotame-herbivore-ou-carnivore\/embed\/#?secret=z2HrmLJVrm#?secret=GEmDM3BtxJ\" data-secret=\"GEmDM3BtxJ\" width=\"600\" height=\"338\" frameborder=\"0\" marginwidth=\"0\" marginheight=\"0\" scrolling=\"no\"><\/iframe><\/p>\n","protected":false},"excerpt":{"rendered":"<p>Pendant 300 000 ans, l&rsquo;Europe accueillait ses propres hippopotames g\u00e9ants. Puis le climat a chang\u00e9 et ils ont disparu. Une histoire vraie extraordinaire.<\/p>\n","protected":false},"author":1,"featured_media":5625,"comment_status":"open","ping_status":"closed","sticky":false,"template":"","format":"standard","meta":{"_acf_changed":false,"footnotes":""},"categories":[1602],"tags":[2003,2005,1998,1999,2000,2001,1995,1996,2002,1997,695,2004],"class_list":{"0":"post-5624","1":"post","2":"type-post","3":"status-publish","4":"format-standard","5":"has-post-thumbnail","7":"category-dinosaures-prehistoire-megafaune-figurine","8":"tag-changement-climatique-anciens","9":"tag-decouvertes-paleontologiques","10":"tag-dinosaures-extincts","11":"tag-europe-climat-prehistorique","12":"tag-extinctions-graduelles","13":"tag-fossiles-prehistoire","14":"tag-hippopotame-europe-prehistoire","15":"tag-hippopotame-prehistorique","16":"tag-hippopotamus-antiquus","17":"tag-histoire-prehistoire-insolite","18":"tag-pleistocene","19":"tag-reportage-animalier-prehistoire"},"acf":[],"yoast_head":"<!-- This site is optimized with the Yoast SEO Premium plugin v27.1 (Yoast SEO v27.1.1) - https:\/\/yoast.com\/product\/yoast-seo-premium-wordpress\/ -->\n<title>Un Hippopotame en Europe ? Oui, et Pendant 300 000 Ans<\/title>\n<meta name=\"description\" content=\"Vous ne le saviez pas : des hippopotames vivaient librement en Europe pendant 300 000 ans. Une histoire pr\u00e9historique stup\u00e9fiante que personne ne conna\u00eet.\" \/>\n<meta name=\"robots\" content=\"index, follow, max-snippet:-1, max-image-preview:large, max-video-preview:-1\" \/>\n<link rel=\"canonical\" href=\"https:\/\/lesminis.fr\/blog\/hippopotame-europe-300000-ans-prehistoire-virale\/\" \/>\n<meta property=\"og:locale\" content=\"fr_FR\" \/>\n<meta property=\"og:type\" content=\"article\" \/>\n<meta property=\"og:title\" content=\"Un Hippopotame en Europe ? Oui, et Pendant 300 000 Ans\" \/>\n<meta property=\"og:description\" content=\"Vous ne le saviez pas : des hippopotames vivaient librement en Europe pendant 300 000 ans. Une histoire pr\u00e9historique stup\u00e9fiante que personne ne conna\u00eet.\" \/>\n<meta property=\"og:url\" content=\"https:\/\/lesminis.fr\/blog\/hippopotame-europe-300000-ans-prehistoire-virale\/\" \/>\n<meta property=\"og:site_name\" content=\"LesMinis Le Blog - Mat\u00e9riels \u00e9ducatifs - Figurines p\u00e9dagogiques\" \/>\n<meta property=\"article:publisher\" content=\"https:\/\/fr-fr.facebook.com\/LesMinis.fr\/\" \/>\n<meta property=\"article:author\" content=\"https:\/\/www.facebook.com\/LesMinis.fr\/\" \/>\n<meta property=\"article:published_time\" content=\"2025-12-22T07:22:40+00:00\" \/>\n<meta property=\"article:modified_time\" content=\"2025-12-23T10:42:20+00:00\" \/>\n<meta property=\"og:image\" content=\"https:\/\/lesminis.fr\/blog\/wp-content\/uploads\/2025\/11\/Comment-Vivre-dans-la-Glace-3-1.jpg\" \/>\n\t<meta property=\"og:image:width\" content=\"1000\" \/>\n\t<meta property=\"og:image:height\" content=\"1000\" \/>\n\t<meta property=\"og:image:type\" content=\"image\/jpeg\" \/>\n<meta name=\"author\" content=\"LesMinis\" \/>\n<meta name=\"twitter:label1\" content=\"\u00c9crit par\" \/>\n\t<meta name=\"twitter:data1\" content=\"LesMinis\" \/>\n\t<meta name=\"twitter:label2\" content=\"Dur\u00e9e de lecture estim\u00e9e\" \/>\n\t<meta name=\"twitter:data2\" content=\"8 minutes\" \/>\n<script type=\"application\/ld+json\" class=\"yoast-schema-graph\">{\"@context\":\"https:\/\/schema.org\",\"@graph\":[{\"@type\":[\"Article\",\"BlogPosting\"],\"@id\":\"https:\/\/lesminis.fr\/blog\/hippopotame-europe-300000-ans-prehistoire-virale\/#article\",\"isPartOf\":{\"@id\":\"https:\/\/lesminis.fr\/blog\/hippopotame-europe-300000-ans-prehistoire-virale\/\"},\"author\":{\"name\":\"LesMinis\",\"@id\":\"https:\/\/lesminis.fr\/blog\/#\/schema\/person\/4a1be8c8c70a7d945af71674957cf83e\"},\"headline\":\"Un Hippopotame en Europe ? Oui, et Pendant 300 000 Ans\",\"datePublished\":\"2025-12-22T07:22:40+00:00\",\"dateModified\":\"2025-12-23T10:42:20+00:00\",\"mainEntityOfPage\":{\"@id\":\"https:\/\/lesminis.fr\/blog\/hippopotame-europe-300000-ans-prehistoire-virale\/\"},\"wordCount\":1567,\"commentCount\":0,\"publisher\":{\"@id\":\"https:\/\/lesminis.fr\/blog\/#organization\"},\"image\":{\"@id\":\"https:\/\/lesminis.fr\/blog\/hippopotame-europe-300000-ans-prehistoire-virale\/#primaryimage\"},\"thumbnailUrl\":\"https:\/\/lesminis.fr\/blog\/wp-content\/uploads\/2025\/11\/Comment-Vivre-dans-la-Glace-3-1.jpg\",\"keywords\":[\"changement climatique anciens\",\"d\u00e9couvertes pal\u00e9ontologiques\",\"dinosaures extincts\",\"Europe climat pr\u00e9historique\",\"extinctions graduelles\",\"fossiles pr\u00e9histoire\",\"hippopotame Europe pr\u00e9histoire\",\"hippopotame pr\u00e9historique\",\"Hippopotamus antiquus\",\"histoire pr\u00e9histoire insolite\",\"Pl\u00e9istoc\u00e8ne\",\"reportage animalier pr\u00e9histoire\"],\"articleSection\":[\"Pal\u00e9odex \u2014 Dinosaures, fossiles et esp\u00e8ces disparues\"],\"inLanguage\":\"fr-FR\",\"potentialAction\":[{\"@type\":\"CommentAction\",\"name\":\"Comment\",\"target\":[\"https:\/\/lesminis.fr\/blog\/hippopotame-europe-300000-ans-prehistoire-virale\/#respond\"]}]},{\"@type\":\"WebPage\",\"@id\":\"https:\/\/lesminis.fr\/blog\/hippopotame-europe-300000-ans-prehistoire-virale\/\",\"url\":\"https:\/\/lesminis.fr\/blog\/hippopotame-europe-300000-ans-prehistoire-virale\/\",\"name\":\"Un Hippopotame en Europe ? Oui, et Pendant 300 000 Ans\",\"isPartOf\":{\"@id\":\"https:\/\/lesminis.fr\/blog\/#website\"},\"primaryImageOfPage\":{\"@id\":\"https:\/\/lesminis.fr\/blog\/hippopotame-europe-300000-ans-prehistoire-virale\/#primaryimage\"},\"image\":{\"@id\":\"https:\/\/lesminis.fr\/blog\/hippopotame-europe-300000-ans-prehistoire-virale\/#primaryimage\"},\"thumbnailUrl\":\"https:\/\/lesminis.fr\/blog\/wp-content\/uploads\/2025\/11\/Comment-Vivre-dans-la-Glace-3-1.jpg\",\"datePublished\":\"2025-12-22T07:22:40+00:00\",\"dateModified\":\"2025-12-23T10:42:20+00:00\",\"description\":\"Vous ne le saviez pas : des hippopotames vivaient librement en Europe pendant 300 000 ans. Une histoire pr\u00e9historique stup\u00e9fiante que personne ne conna\u00eet.\",\"breadcrumb\":{\"@id\":\"https:\/\/lesminis.fr\/blog\/hippopotame-europe-300000-ans-prehistoire-virale\/#breadcrumb\"},\"inLanguage\":\"fr-FR\",\"potentialAction\":[{\"@type\":\"ReadAction\",\"target\":[\"https:\/\/lesminis.fr\/blog\/hippopotame-europe-300000-ans-prehistoire-virale\/\"]}]},{\"@type\":\"ImageObject\",\"inLanguage\":\"fr-FR\",\"@id\":\"https:\/\/lesminis.fr\/blog\/hippopotame-europe-300000-ans-prehistoire-virale\/#primaryimage\",\"url\":\"https:\/\/lesminis.fr\/blog\/wp-content\/uploads\/2025\/11\/Comment-Vivre-dans-la-Glace-3-1.jpg\",\"contentUrl\":\"https:\/\/lesminis.fr\/blog\/wp-content\/uploads\/2025\/11\/Comment-Vivre-dans-la-Glace-3-1.jpg\",\"width\":1000,\"height\":1000,\"caption\":\"Pr\u00e9histoire, les hippopotame d'europe\"},{\"@type\":\"BreadcrumbList\",\"@id\":\"https:\/\/lesminis.fr\/blog\/hippopotame-europe-300000-ans-prehistoire-virale\/#breadcrumb\",\"itemListElement\":[{\"@type\":\"ListItem\",\"position\":1,\"name\":\"Accueil\",\"item\":\"https:\/\/lesminis.fr\/blog\/\"},{\"@type\":\"ListItem\",\"position\":2,\"name\":\"Un Hippopotame en Europe ? Oui, et Pendant 300 000 Ans\"}]},{\"@type\":\"WebSite\",\"@id\":\"https:\/\/lesminis.fr\/blog\/#website\",\"url\":\"https:\/\/lesminis.fr\/blog\/\",\"name\":\"LesMinis Le Blog - Mat\u00e9riels \u00e9ducatifs - Figurines p\u00e9dagogiques\",\"description\":\"D\u00e9couvrez notre actualit\u00e9, figurines, mat\u00e9riel \u00e9ducatif, activit\u00e9s Montessori\",\"publisher\":{\"@id\":\"https:\/\/lesminis.fr\/blog\/#organization\"},\"potentialAction\":[{\"@type\":\"SearchAction\",\"target\":{\"@type\":\"EntryPoint\",\"urlTemplate\":\"https:\/\/lesminis.fr\/blog\/?s={search_term_string}\"},\"query-input\":{\"@type\":\"PropertyValueSpecification\",\"valueRequired\":true,\"valueName\":\"search_term_string\"}}],\"inLanguage\":\"fr-FR\"},{\"@type\":\"Organization\",\"@id\":\"https:\/\/lesminis.fr\/blog\/#organization\",\"name\":\"LesMinis - Sp\u00e9cialiste mat\u00e9riel p\u00e9dagogiques - Figurines \u00e9ducatives - Mat\u00e9riel Montessori\",\"url\":\"https:\/\/lesminis.fr\/blog\/\",\"logo\":{\"@type\":\"ImageObject\",\"inLanguage\":\"fr-FR\",\"@id\":\"https:\/\/lesminis.fr\/blog\/#\/schema\/logo\/image\/\",\"url\":\"https:\/\/lesminis.fr\/blog\/wp-content\/uploads\/2023\/03\/nouveau-logo-lesminis.png\",\"contentUrl\":\"https:\/\/lesminis.fr\/blog\/wp-content\/uploads\/2023\/03\/nouveau-logo-lesminis.png\",\"width\":500,\"height\":175,\"caption\":\"LesMinis - Sp\u00e9cialiste mat\u00e9riel p\u00e9dagogiques - Figurines \u00e9ducatives - Mat\u00e9riel Montessori\"},\"image\":{\"@id\":\"https:\/\/lesminis.fr\/blog\/#\/schema\/logo\/image\/\"},\"sameAs\":[\"https:\/\/fr-fr.facebook.com\/LesMinis.fr\/\",\"https:\/\/www.instagram.com\/lesminis.fr\/\",\"https:\/\/www.tiktok.com\/@lesminis.fr\",\"https:\/\/www.pinterest.fr\/lesminisfr\/\"]},{\"@type\":\"Person\",\"@id\":\"https:\/\/lesminis.fr\/blog\/#\/schema\/person\/4a1be8c8c70a7d945af71674957cf83e\",\"name\":\"LesMinis\",\"image\":{\"@type\":\"ImageObject\",\"inLanguage\":\"fr-FR\",\"@id\":\"https:\/\/lesminis.fr\/blog\/#\/schema\/person\/image\/\",\"url\":\"https:\/\/secure.gravatar.com\/avatar\/288cd93d352b3465f2bd0701b1f2bb059b68dc3a70c4fda061bad8e6c9f8d865?s=96&d=blank&r=g\",\"contentUrl\":\"https:\/\/secure.gravatar.com\/avatar\/288cd93d352b3465f2bd0701b1f2bb059b68dc3a70c4fda061bad8e6c9f8d865?s=96&d=blank&r=g\",\"caption\":\"LesMinis\"},\"sameAs\":[\"https:\/\/lesminis.fr\/blog\",\"https:\/\/www.facebook.com\/LesMinis.fr\/\",\"https:\/\/www.instagram.com\/lesminis.fr\/\",\"https:\/\/www.pinterest.fr\/lesminisfr\/\"],\"url\":\"https:\/\/lesminis.fr\/blog\/author\/lesminis\/\"}]}<\/script>\n<!-- \/ Yoast SEO Premium plugin. -->","yoast_head_json":{"title":"Un Hippopotame en Europe ? Oui, et Pendant 300 000 Ans","description":"Vous ne le saviez pas : des hippopotames vivaient librement en Europe pendant 300 000 ans. Une histoire pr\u00e9historique stup\u00e9fiante que personne ne conna\u00eet.","robots":{"index":"index","follow":"follow","max-snippet":"max-snippet:-1","max-image-preview":"max-image-preview:large","max-video-preview":"max-video-preview:-1"},"canonical":"https:\/\/lesminis.fr\/blog\/hippopotame-europe-300000-ans-prehistoire-virale\/","og_locale":"fr_FR","og_type":"article","og_title":"Un Hippopotame en Europe ? Oui, et Pendant 300 000 Ans","og_description":"Vous ne le saviez pas : des hippopotames vivaient librement en Europe pendant 300 000 ans. Une histoire pr\u00e9historique stup\u00e9fiante que personne ne conna\u00eet.","og_url":"https:\/\/lesminis.fr\/blog\/hippopotame-europe-300000-ans-prehistoire-virale\/","og_site_name":"LesMinis Le Blog - Mat\u00e9riels \u00e9ducatifs - Figurines p\u00e9dagogiques","article_publisher":"https:\/\/fr-fr.facebook.com\/LesMinis.fr\/","article_author":"https:\/\/www.facebook.com\/LesMinis.fr\/","article_published_time":"2025-12-22T07:22:40+00:00","article_modified_time":"2025-12-23T10:42:20+00:00","og_image":[{"width":1000,"height":1000,"url":"https:\/\/lesminis.fr\/blog\/wp-content\/uploads\/2025\/11\/Comment-Vivre-dans-la-Glace-3-1.jpg","type":"image\/jpeg"}],"author":"LesMinis","twitter_misc":{"\u00c9crit par":"LesMinis","Dur\u00e9e de lecture estim\u00e9e":"8 minutes"},"schema":{"@context":"https:\/\/schema.org","@graph":[{"@type":["Article","BlogPosting"],"@id":"https:\/\/lesminis.fr\/blog\/hippopotame-europe-300000-ans-prehistoire-virale\/#article","isPartOf":{"@id":"https:\/\/lesminis.fr\/blog\/hippopotame-europe-300000-ans-prehistoire-virale\/"},"author":{"name":"LesMinis","@id":"https:\/\/lesminis.fr\/blog\/#\/schema\/person\/4a1be8c8c70a7d945af71674957cf83e"},"headline":"Un Hippopotame en Europe ? Oui, et Pendant 300 000 Ans","datePublished":"2025-12-22T07:22:40+00:00","dateModified":"2025-12-23T10:42:20+00:00","mainEntityOfPage":{"@id":"https:\/\/lesminis.fr\/blog\/hippopotame-europe-300000-ans-prehistoire-virale\/"},"wordCount":1567,"commentCount":0,"publisher":{"@id":"https:\/\/lesminis.fr\/blog\/#organization"},"image":{"@id":"https:\/\/lesminis.fr\/blog\/hippopotame-europe-300000-ans-prehistoire-virale\/#primaryimage"},"thumbnailUrl":"https:\/\/lesminis.fr\/blog\/wp-content\/uploads\/2025\/11\/Comment-Vivre-dans-la-Glace-3-1.jpg","keywords":["changement climatique anciens","d\u00e9couvertes pal\u00e9ontologiques","dinosaures extincts","Europe climat pr\u00e9historique","extinctions graduelles","fossiles pr\u00e9histoire","hippopotame Europe pr\u00e9histoire","hippopotame pr\u00e9historique","Hippopotamus antiquus","histoire pr\u00e9histoire insolite","Pl\u00e9istoc\u00e8ne","reportage animalier pr\u00e9histoire"],"articleSection":["Pal\u00e9odex \u2014 Dinosaures, fossiles et esp\u00e8ces disparues"],"inLanguage":"fr-FR","potentialAction":[{"@type":"CommentAction","name":"Comment","target":["https:\/\/lesminis.fr\/blog\/hippopotame-europe-300000-ans-prehistoire-virale\/#respond"]}]},{"@type":"WebPage","@id":"https:\/\/lesminis.fr\/blog\/hippopotame-europe-300000-ans-prehistoire-virale\/","url":"https:\/\/lesminis.fr\/blog\/hippopotame-europe-300000-ans-prehistoire-virale\/","name":"Un Hippopotame en Europe ? Oui, et Pendant 300 000 Ans","isPartOf":{"@id":"https:\/\/lesminis.fr\/blog\/#website"},"primaryImageOfPage":{"@id":"https:\/\/lesminis.fr\/blog\/hippopotame-europe-300000-ans-prehistoire-virale\/#primaryimage"},"image":{"@id":"https:\/\/lesminis.fr\/blog\/hippopotame-europe-300000-ans-prehistoire-virale\/#primaryimage"},"thumbnailUrl":"https:\/\/lesminis.fr\/blog\/wp-content\/uploads\/2025\/11\/Comment-Vivre-dans-la-Glace-3-1.jpg","datePublished":"2025-12-22T07:22:40+00:00","dateModified":"2025-12-23T10:42:20+00:00","description":"Vous ne le saviez pas : des hippopotames vivaient librement en Europe pendant 300 000 ans. Une histoire pr\u00e9historique stup\u00e9fiante que personne ne conna\u00eet.","breadcrumb":{"@id":"https:\/\/lesminis.fr\/blog\/hippopotame-europe-300000-ans-prehistoire-virale\/#breadcrumb"},"inLanguage":"fr-FR","potentialAction":[{"@type":"ReadAction","target":["https:\/\/lesminis.fr\/blog\/hippopotame-europe-300000-ans-prehistoire-virale\/"]}]},{"@type":"ImageObject","inLanguage":"fr-FR","@id":"https:\/\/lesminis.fr\/blog\/hippopotame-europe-300000-ans-prehistoire-virale\/#primaryimage","url":"https:\/\/lesminis.fr\/blog\/wp-content\/uploads\/2025\/11\/Comment-Vivre-dans-la-Glace-3-1.jpg","contentUrl":"https:\/\/lesminis.fr\/blog\/wp-content\/uploads\/2025\/11\/Comment-Vivre-dans-la-Glace-3-1.jpg","width":1000,"height":1000,"caption":"Pr\u00e9histoire, les hippopotame d'europe"},{"@type":"BreadcrumbList","@id":"https:\/\/lesminis.fr\/blog\/hippopotame-europe-300000-ans-prehistoire-virale\/#breadcrumb","itemListElement":[{"@type":"ListItem","position":1,"name":"Accueil","item":"https:\/\/lesminis.fr\/blog\/"},{"@type":"ListItem","position":2,"name":"Un Hippopotame en Europe ? Oui, et Pendant 300 000 Ans"}]},{"@type":"WebSite","@id":"https:\/\/lesminis.fr\/blog\/#website","url":"https:\/\/lesminis.fr\/blog\/","name":"LesMinis Le Blog - Mat\u00e9riels \u00e9ducatifs - Figurines p\u00e9dagogiques","description":"D\u00e9couvrez notre actualit\u00e9, figurines, mat\u00e9riel \u00e9ducatif, activit\u00e9s Montessori","publisher":{"@id":"https:\/\/lesminis.fr\/blog\/#organization"},"potentialAction":[{"@type":"SearchAction","target":{"@type":"EntryPoint","urlTemplate":"https:\/\/lesminis.fr\/blog\/?s={search_term_string}"},"query-input":{"@type":"PropertyValueSpecification","valueRequired":true,"valueName":"search_term_string"}}],"inLanguage":"fr-FR"},{"@type":"Organization","@id":"https:\/\/lesminis.fr\/blog\/#organization","name":"LesMinis - Sp\u00e9cialiste mat\u00e9riel p\u00e9dagogiques - Figurines \u00e9ducatives - Mat\u00e9riel Montessori","url":"https:\/\/lesminis.fr\/blog\/","logo":{"@type":"ImageObject","inLanguage":"fr-FR","@id":"https:\/\/lesminis.fr\/blog\/#\/schema\/logo\/image\/","url":"https:\/\/lesminis.fr\/blog\/wp-content\/uploads\/2023\/03\/nouveau-logo-lesminis.png","contentUrl":"https:\/\/lesminis.fr\/blog\/wp-content\/uploads\/2023\/03\/nouveau-logo-lesminis.png","width":500,"height":175,"caption":"LesMinis - Sp\u00e9cialiste mat\u00e9riel p\u00e9dagogiques - Figurines \u00e9ducatives - Mat\u00e9riel Montessori"},"image":{"@id":"https:\/\/lesminis.fr\/blog\/#\/schema\/logo\/image\/"},"sameAs":["https:\/\/fr-fr.facebook.com\/LesMinis.fr\/","https:\/\/www.instagram.com\/lesminis.fr\/","https:\/\/www.tiktok.com\/@lesminis.fr","https:\/\/www.pinterest.fr\/lesminisfr\/"]},{"@type":"Person","@id":"https:\/\/lesminis.fr\/blog\/#\/schema\/person\/4a1be8c8c70a7d945af71674957cf83e","name":"LesMinis","image":{"@type":"ImageObject","inLanguage":"fr-FR","@id":"https:\/\/lesminis.fr\/blog\/#\/schema\/person\/image\/","url":"https:\/\/secure.gravatar.com\/avatar\/288cd93d352b3465f2bd0701b1f2bb059b68dc3a70c4fda061bad8e6c9f8d865?s=96&d=blank&r=g","contentUrl":"https:\/\/secure.gravatar.com\/avatar\/288cd93d352b3465f2bd0701b1f2bb059b68dc3a70c4fda061bad8e6c9f8d865?s=96&d=blank&r=g","caption":"LesMinis"},"sameAs":["https:\/\/lesminis.fr\/blog","https:\/\/www.facebook.com\/LesMinis.fr\/","https:\/\/www.instagram.com\/lesminis.fr\/","https:\/\/www.pinterest.fr\/lesminisfr\/"],"url":"https:\/\/lesminis.fr\/blog\/author\/lesminis\/"}]}},"_links":{"self":[{"href":"https:\/\/lesminis.fr\/blog\/wp-json\/wp\/v2\/posts\/5624","targetHints":{"allow":["GET"]}}],"collection":[{"href":"https:\/\/lesminis.fr\/blog\/wp-json\/wp\/v2\/posts"}],"about":[{"href":"https:\/\/lesminis.fr\/blog\/wp-json\/wp\/v2\/types\/post"}],"author":[{"embeddable":true,"href":"https:\/\/lesminis.fr\/blog\/wp-json\/wp\/v2\/users\/1"}],"replies":[{"embeddable":true,"href":"https:\/\/lesminis.fr\/blog\/wp-json\/wp\/v2\/comments?post=5624"}],"version-history":[{"count":3,"href":"https:\/\/lesminis.fr\/blog\/wp-json\/wp\/v2\/posts\/5624\/revisions"}],"predecessor-version":[{"id":5633,"href":"https:\/\/lesminis.fr\/blog\/wp-json\/wp\/v2\/posts\/5624\/revisions\/5633"}],"wp:featuredmedia":[{"embeddable":true,"href":"https:\/\/lesminis.fr\/blog\/wp-json\/wp\/v2\/media\/5625"}],"wp:attachment":[{"href":"https:\/\/lesminis.fr\/blog\/wp-json\/wp\/v2\/media?parent=5624"}],"wp:term":[{"taxonomy":"category","embeddable":true,"href":"https:\/\/lesminis.fr\/blog\/wp-json\/wp\/v2\/categories?post=5624"},{"taxonomy":"post_tag","embeddable":true,"href":"https:\/\/lesminis.fr\/blog\/wp-json\/wp\/v2\/tags?post=5624"}],"curies":[{"name":"wp","href":"https:\/\/api.w.org\/{rel}","templated":true}]}}