{"id":5475,"date":"2025-11-14T11:35:25","date_gmt":"2025-11-14T10:35:25","guid":{"rendered":"https:\/\/lesminis.fr\/blog\/?p=5475"},"modified":"2025-11-14T11:36:51","modified_gmt":"2025-11-14T10:36:51","slug":"thylacosmilus-atrox-faux-sabre-prehistoire","status":"publish","type":"post","link":"https:\/\/lesminis.fr\/blog\/thylacosmilus-atrox-faux-sabre-prehistoire\/","title":{"rendered":"Thylacosmilus atrox : le faux-sabre d&rsquo;Am\u00e9rique du Sud"},"content":{"rendered":"<p>Imaginez un pr\u00e9dateur f\u00e9lin\u2026 qui n\u2019est ni un tigre ni un chat.<br \/>\nUn chasseur discret dot\u00e9 de canines en forme de poignards, mais n\u00e9 d\u2019une lign\u00e9e totalement diff\u00e9rente de celle des f\u00e9lins modernes.<br \/>\nBienvenue dans le monde fascinant de <em>Thylacosmilus atrox<\/em>, l\u2019un des mammif\u00e8res les plus \u00e9tonnants du Plio-Pleistoc\u00e8ne sud-am\u00e9ricain.<\/p>\n<div id=\"ez-toc-container\" class=\"ez-toc-v2_0_78 counter-hierarchy ez-toc-counter ez-toc-grey ez-toc-container-direction\">\n<div class=\"ez-toc-title-container\">\n<p class=\"ez-toc-title\" style=\"cursor:inherit\">Table of Contents<\/p>\n<span class=\"ez-toc-title-toggle\"><a href=\"#\" class=\"ez-toc-pull-right ez-toc-btn ez-toc-btn-xs ez-toc-btn-default ez-toc-toggle\" aria-label=\"Toggle Table of Content\"><span class=\"ez-toc-js-icon-con\"><span class=\"\"><span class=\"eztoc-hide\" style=\"display:none;\">Toggle<\/span><span class=\"ez-toc-icon-toggle-span\"><svg style=\"fill: #999;color:#999\" xmlns=\"http:\/\/www.w3.org\/2000\/svg\" class=\"list-377408\" width=\"20px\" height=\"20px\" viewBox=\"0 0 24 24\" fill=\"none\"><path d=\"M6 6H4v2h2V6zm14 0H8v2h12V6zM4 11h2v2H4v-2zm16 0H8v2h12v-2zM4 16h2v2H4v-2zm16 0H8v2h12v-2z\" fill=\"currentColor\"><\/path><\/svg><svg style=\"fill: #999;color:#999\" class=\"arrow-unsorted-368013\" xmlns=\"http:\/\/www.w3.org\/2000\/svg\" width=\"10px\" height=\"10px\" viewBox=\"0 0 24 24\" version=\"1.2\" baseProfile=\"tiny\"><path d=\"M18.2 9.3l-6.2-6.3-6.2 6.3c-.2.2-.3.4-.3.7s.1.5.3.7c.2.2.4.3.7.3h11c.3 0 .5-.1.7-.3.2-.2.3-.5.3-.7s-.1-.5-.3-.7zM5.8 14.7l6.2 6.3 6.2-6.3c.2-.2.3-.5.3-.7s-.1-.5-.3-.7c-.2-.2-.4-.3-.7-.3h-11c-.3 0-.5.1-.7.3-.2.2-.3.5-.3.7s.1.5.3.7z\"\/><\/svg><\/span><\/span><\/span><\/a><\/span><\/div>\n<nav><ul class='ez-toc-list ez-toc-list-level-1 ' ><li class='ez-toc-page-1 ez-toc-heading-level-2'><a class=\"ez-toc-link ez-toc-heading-1\" href=\"https:\/\/lesminis.fr\/blog\/thylacosmilus-atrox-faux-sabre-prehistoire\/#Un_predateur_sud-americain_sans_equivalent\" >Un pr\u00e9dateur sud-am\u00e9ricain sans \u00e9quivalent<\/a><\/li><li class='ez-toc-page-1 ez-toc-heading-level-2'><a class=\"ez-toc-link ez-toc-heading-2\" href=\"https:\/\/lesminis.fr\/blog\/thylacosmilus-atrox-faux-sabre-prehistoire\/#Des_canines_gigantesques_et_en_croissance_continue\" >Des canines gigantesques et en croissance continue<\/a><\/li><li class='ez-toc-page-1 ez-toc-heading-level-2'><a class=\"ez-toc-link ez-toc-heading-3\" href=\"https:\/\/lesminis.fr\/blog\/thylacosmilus-atrox-faux-sabre-prehistoire\/#Une_vision_adaptee_malgre_des_orbites_laterales\" >Une vision adapt\u00e9e malgr\u00e9 des orbites lat\u00e9rales<\/a><\/li><li class='ez-toc-page-1 ez-toc-heading-level-2'><a class=\"ez-toc-link ez-toc-heading-4\" href=\"https:\/\/lesminis.fr\/blog\/thylacosmilus-atrox-faux-sabre-prehistoire\/#Un_corps_puissant_fait_pour_immobiliser\" >Un corps puissant, fait pour immobiliser<\/a><\/li><li class='ez-toc-page-1 ez-toc-heading-level-2'><a class=\"ez-toc-link ez-toc-heading-5\" href=\"https:\/\/lesminis.fr\/blog\/thylacosmilus-atrox-faux-sabre-prehistoire\/#Quelle_proie_pour_un_tel_predateur\" >Quelle proie pour un tel pr\u00e9dateur ?<\/a><\/li><li class='ez-toc-page-1 ez-toc-heading-level-2'><a class=\"ez-toc-link ez-toc-heading-6\" href=\"https:\/\/lesminis.fr\/blog\/thylacosmilus-atrox-faux-sabre-prehistoire\/#Un_exemple_parfait_de_convergence_evolutive\" >Un exemple parfait de convergence \u00e9volutive<\/a><\/li><li class='ez-toc-page-1 ez-toc-heading-level-2'><a class=\"ez-toc-link ez-toc-heading-7\" href=\"https:\/\/lesminis.fr\/blog\/thylacosmilus-atrox-faux-sabre-prehistoire\/#Une_disparition_avant_larrivee_des_grands_predateurs_du_Nord\" >Une disparition avant l\u2019arriv\u00e9e des grands pr\u00e9dateurs du Nord<\/a><\/li><li class='ez-toc-page-1 ez-toc-heading-level-2'><a class=\"ez-toc-link ez-toc-heading-8\" href=\"https:\/\/lesminis.fr\/blog\/thylacosmilus-atrox-faux-sabre-prehistoire\/#Fiche_didentite_Thylacosmilus_atrox\" >Fiche d\u2019identit\u00e9 : Thylacosmilus atrox<\/a><\/li><li class='ez-toc-page-1 ez-toc-heading-level-2'><a class=\"ez-toc-link ez-toc-heading-9\" href=\"https:\/\/lesminis.fr\/blog\/thylacosmilus-atrox-faux-sabre-prehistoire\/#Pourquoi_Thylacosmilus_merite_detre_mieux_connu\" >Pourquoi Thylacosmilus m\u00e9rite d\u2019\u00eatre mieux connu ?<\/a><\/li><\/ul><\/nav><\/div>\n<h2><span class=\"ez-toc-section\" id=\"Un_predateur_sud-americain_sans_equivalent\"><\/span>Un pr\u00e9dateur sud-am\u00e9ricain sans \u00e9quivalent<span class=\"ez-toc-section-end\"><\/span><\/h2>\n<p>Contrairement \u00e0 ce que son apparence laisse penser, Thylacosmilus n\u2019a aucun lien direct avec les tigres \u00e0 dents de sabre comme Smilodon. Il n\u2019est pas un placental, mais un m\u00e9tath\u00e9rien, un groupe qui inclut aujourd\u2019hui les opossums et les marsupiaux.<br \/>\nIl appartient \u00e0 une branche encore plus ancienne et enti\u00e8rement sud-am\u00e9ricaine : les sparassodontes.<\/p>\n<p>Ce statut particulier permet de comprendre un point essentiel : ses canines gigantesques ne sont pas des copies de celles des f\u00e9lins sabertooth. Elles sont le r\u00e9sultat d\u2019une \u00e9volution totalement ind\u00e9pendante, fa\u00e7onn\u00e9e par un environnement et un r\u00f4le \u00e9cologique propres au continent sud-am\u00e9ricain.<\/p>\n<h2><span class=\"ez-toc-section\" id=\"Des_canines_gigantesques_et_en_croissance_continue\"><\/span>Des canines gigantesques et en croissance continue<span class=\"ez-toc-section-end\"><\/span><\/h2>\n<p>Les canines de Thylacosmilus sont probablement son trait le plus spectaculaire. Contrairement aux sabertooths placentaires, les canines de ce pr\u00e9dateur poussaient en continu, un peu comme les incisives des rongeurs. Cette particularit\u00e9 est confirm\u00e9e<br \/>\npar l\u2019\u00e9tude de la structure interne des dents, qui montre des racines ouvertes et une croissance prolong\u00e9e tout au long de la vie.<\/p>\n<p>Pour loger ces canines extraordinaires, le cr\u00e2ne de l\u2019animal poss\u00e8de une architecture unique : les racines dentaires s\u2019\u00e9tendent si loin vers l\u2019arri\u00e8re qu\u2019elles modifient la forme m\u00eame de la bo\u00eete cr\u00e2nienne. Cela d\u00e9place aussi la position des orbites, cr\u00e9ant un cr\u00e2ne inhabituellement haut et allong\u00e9 pour un mammif\u00e8re carnivore.<\/p>\n<h2><span class=\"ez-toc-section\" id=\"Une_vision_adaptee_malgre_des_orbites_laterales\"><\/span>Une vision adapt\u00e9e malgr\u00e9 des orbites lat\u00e9rales<span class=\"ez-toc-section-end\"><\/span><\/h2>\n<p>L\u2019une des d\u00e9couvertes les plus fascinantes des travaux r\u00e9cents concerne la position des orbites. Chez la plupart des pr\u00e9dateurs, les yeux sont positionn\u00e9s vers l\u2019avant pour permettre une bonne vision binoculaire. Chez Thylacosmilus, les orbites sont largement d\u00e9vi\u00e9es sur les c\u00f4t\u00e9s, ce qui semble \u00e0 premi\u00e8re vue peu compatible avec une vision de chasseur.<\/p>\n<figure id=\"attachment_5478\" aria-describedby=\"caption-attachment-5478\" style=\"width: 512px\" class=\"wp-caption alignnone\"><img loading=\"lazy\" decoding=\"async\" class=\"wp-image-5478 size-full\" src=\"https:\/\/lesminis.fr\/blog\/wp-content\/uploads\/2025\/11\/crane-Thylacosmilus-fossile.jpg\" alt=\"Fossile du crane du Thylacosmilus\" width=\"512\" height=\"520\" srcset=\"https:\/\/lesminis.fr\/blog\/wp-content\/uploads\/2025\/11\/crane-Thylacosmilus-fossile.jpg 512w, https:\/\/lesminis.fr\/blog\/wp-content\/uploads\/2025\/11\/crane-Thylacosmilus-fossile-295x300.jpg 295w, https:\/\/lesminis.fr\/blog\/wp-content\/uploads\/2025\/11\/crane-Thylacosmilus-fossile-414x420.jpg 414w\" sizes=\"auto, (max-width: 512px) 100vw, 512px\" \/><figcaption id=\"caption-attachment-5478\" class=\"wp-caption-text\"><a href=\"https:\/\/commons.wikimedia.org\/wiki\/File:Thylacosmilus_Holotype_FMNH.jpg\">Jonathan Chen<\/a>, <a href=\"https:\/\/creativecommons.org\/licenses\/by-sa\/4.0\">CC BY-SA 4.0<\/a>, via Wikimedia Commons<\/figcaption><\/figure>\n<p>Pourtant, la forme des orbites compense cette position lat\u00e9rale. Elles pr\u00e9sentent une orientation particuli\u00e8re qui permet \u00e0 l\u2019animal de conserver une capacit\u00e9 de perception de la profondeur. Ce compromis entre structure impos\u00e9e par les canines et n\u00e9cessit\u00e9 d\u2019une vision utile \u00e0 la chasse est un bel exemple d\u2019adaptation fonctionnelle.<\/p>\n<h2><span class=\"ez-toc-section\" id=\"Un_corps_puissant_fait_pour_immobiliser\"><\/span>Un corps puissant, fait pour immobiliser<span class=\"ez-toc-section-end\"><\/span><\/h2>\n<p>Si Thylacosmilus est souvent repr\u00e9sent\u00e9 comme un redoutable pr\u00e9dateur fon\u00e7ant sur sa proie, les analyses de son squelette montrent une strat\u00e9gie plus subtile. Ses membres ant\u00e9rieurs sont massifs et robustes, indiquant une grande force de maintien plut\u00f4t qu\u2019une course rapide. Ses mains et ses pieds sont plus proches de la posture plantigrade, ce qui sugg\u00e8re un ancrage solide au sol lors de l\u2019attaque.<\/p>\n<p>Son cou, lui aussi tr\u00e8s muscl\u00e9, devait jouer un r\u00f4le majeur dans la mise \u00e0 mort. Plut\u00f4t que de compter sur la puissance d\u2019une morsure, il utilisait probablement le mouvement de bascule de la t\u00eate, permettant de faire glisser ses canines dans des zones vitales comme la gorge.<\/p>\n<h2><span class=\"ez-toc-section\" id=\"Quelle_proie_pour_un_tel_predateur\"><\/span>Quelle proie pour un tel pr\u00e9dateur ?<span class=\"ez-toc-section-end\"><\/span><\/h2>\n<p>La faune sud-am\u00e9ricaine du Mioc\u00e8ne et du Plioc\u00e8ne offrait un large choix de proies : grands herbivores, ongul\u00e9s locaux, formes primitives ressemblant \u00e0 des tapirs ou des chameaux sud-am\u00e9ricains. Les analyses isotopiques disponibles indiquent que Thylacosmilus \u00e9tait un carnivore strict, probablement sp\u00e9cialis\u00e9 dans des proies de taille moyenne.<\/p>\n<p>Son anatomie laisse penser \u00e0 un chasseur focalis\u00e9 sur l\u2019immobilisation plut\u00f4t que sur la poursuite. Il pouvait profiter des zones bois\u00e9es ou des lisi\u00e8res de savane pour surprendre, saisir et maintenir fermement sa proie avant d\u2019utiliser ses canines comme instrument d\u2019abattage pr\u00e9cis.<\/p>\n<h2><span class=\"ez-toc-section\" id=\"Un_exemple_parfait_de_convergence_evolutive\"><\/span>Un exemple parfait de convergence \u00e9volutive<span class=\"ez-toc-section-end\"><\/span><\/h2>\n<p>L\u2019existence de Thylacosmilus est une d\u00e9monstration remarquable de la convergence \u00e9volutive : lorsqu\u2019un m\u00eame d\u00e9fi \u00e9cologique se pr\u00e9sente, diff\u00e9rentes lign\u00e9es peuvent \u00e9voluer vers des solutions similaires, sans lien de parent\u00e9 direct. Les dents en sabre des f\u00e9lins placentaires et celles de Thylacosmilus sont un exemple embl\u00e9matique.<\/p>\n<p>Mais cette convergence a ses limites. Les \u00e9tudes sur la musculature du cou et la structure du cr\u00e2ne montrent que Thylacosmilus ne chassait probablement pas de la m\u00eame fa\u00e7on que Smilodon. Les deux ont des canines spectaculaires, mais les m\u00e9canismes, postures et strat\u00e9gies associ\u00e9es sont distincts.<\/p>\n<h2><span class=\"ez-toc-section\" id=\"Une_disparition_avant_larrivee_des_grands_predateurs_du_Nord\"><\/span>Une disparition avant l\u2019arriv\u00e9e des grands pr\u00e9dateurs du Nord<span class=\"ez-toc-section-end\"><\/span><\/h2>\n<p>Contrairement \u00e0 une id\u00e9e souvent r\u00e9p\u00e9t\u00e9e, Thylacosmilus ne dispara\u00eet pas \u00e0 cause de la concurrence des carnivores placentaires venus d\u2019Am\u00e9rique du Nord. Son extinction pr\u00e9c\u00e8de le grand \u00e9change interam\u00e9ricain. Les raisons exactes restent incertaines, mais les changements environnementaux, la transformation des habitats ouverts et l\u2019\u00e9volution des herbivores locaux sont des pistes privil\u00e9gi\u00e9es par les chercheurs.<\/p>\n<h2><span class=\"ez-toc-section\" id=\"Fiche_didentite_Thylacosmilus_atrox\"><\/span>Fiche d\u2019identit\u00e9 : Thylacosmilus atrox<span class=\"ez-toc-section-end\"><\/span><\/h2>\n<ul>\n<li><strong>Nom :<\/strong> Thylacosmilus atrox<\/li>\n<li><strong>Famille :<\/strong> Thylacosmilidae (ordre Sparassodonta)<\/li>\n<li><strong>P\u00e9riode :<\/strong> entre 9 et 3 millions d\u2019ann\u00e9es<\/li>\n<li><strong>Taille :<\/strong> environ 1 m\u00e8tre de long<\/li>\n<li><strong>Poids :<\/strong> entre 60 et 90 kilos selon les estimations les plus r\u00e9centes<\/li>\n<li><strong>R\u00e9gime alimentaire :<\/strong> carnivore hyper sp\u00e9cialis\u00e9<\/li>\n<li><strong>Particularit\u00e9s :<\/strong> canines \u00e0 croissance continue, vision adapt\u00e9e malgr\u00e9 orbites lat\u00e9rales, membres ant\u00e9rieurs puissants<\/li>\n<li><strong>R\u00e9partition :<\/strong> Argentine (formations du Mioc\u00e8ne et du Plioc\u00e8ne)<\/li>\n<\/ul>\n<h2><span class=\"ez-toc-section\" id=\"Pourquoi_Thylacosmilus_merite_detre_mieux_connu\"><\/span>Pourquoi Thylacosmilus m\u00e9rite d\u2019\u00eatre mieux connu ?<span class=\"ez-toc-section-end\"><\/span><\/h2>\n<p>Parce qu\u2019il raconte l\u2019histoire d\u2019un continent o\u00f9 l\u2019\u00e9volution a produit des formes de vie qui ne ressemblent \u00e0 rien d\u2019autre. Parce qu\u2019il montre qu\u2019un pr\u00e9dateur peut \u00eatre efficace sans ressembler \u00e0 ce que l\u2019on imagine traditionnellement. Et parce qu\u2019il rappelle que la pr\u00e9histoire n\u2019est pas seulement peupl\u00e9e de g\u00e9ants iconiques, mais aussi de sp\u00e9cialistes fascinants dont le r\u00f4le \u00e9cologique m\u00e9rite d\u2019\u00eatre reconnu.<\/p>\n<p>Sur LesMinis, nous aimons mettre en lumi\u00e8re ces animaux qui \u00e9veillent la curiosit\u00e9, nourrissent l\u2019imagination et permettent de comprendre \u00e0 quel point l\u2019histoire du vivant est riche, complexe et passionnante.<\/p>\n<blockquote class=\"wp-embedded-content\" data-secret=\"DFmnKFLGvA\"><p><a href=\"https:\/\/lesminis.fr\/blog\/smilodon-sabre-dents-predateur-pleistocene\/\">Le Smilodon, roi du Pl\u00e9istoc\u00e8ne aux terrifiantes dents de sabre<\/a><\/p><\/blockquote>\n<p><iframe loading=\"lazy\" class=\"wp-embedded-content\" sandbox=\"allow-scripts\" security=\"restricted\" style=\"position: absolute; visibility: hidden;\" title=\"\u00ab\u00a0Le Smilodon, roi du Pl\u00e9istoc\u00e8ne aux terrifiantes dents de sabre\u00a0\u00bb &#8212; LesMinis Le Blog - Mat\u00e9riels \u00e9ducatifs - Figurines p\u00e9dagogiques\" src=\"https:\/\/lesminis.fr\/blog\/smilodon-sabre-dents-predateur-pleistocene\/embed\/#?secret=V28rPqUbsM#?secret=DFmnKFLGvA\" data-secret=\"DFmnKFLGvA\" width=\"600\" height=\"338\" frameborder=\"0\" marginwidth=\"0\" marginheight=\"0\" scrolling=\"no\"><\/iframe><\/p>\n","protected":false},"excerpt":{"rendered":"<p>Un pr\u00e9dateur unique, ni tigre ni chat : <em>Thylacosmilus atrox<\/em> appartenait aux sparassodontes sud-am\u00e9ricains. Un faux-sabre fascinant, aux canines en croissance continue et au mode de vie encore myst\u00e9rieux.<\/p>\n","protected":false},"author":1,"featured_media":5477,"comment_status":"open","ping_status":"closed","sticky":false,"template":"","format":"standard","meta":{"_acf_changed":false,"footnotes":""},"categories":[1602],"tags":[1915,800,1916,1912,1914,373,1913,1911],"class_list":{"0":"post-5475","1":"post","2":"type-post","3":"status-publish","4":"format-standard","5":"has-post-thumbnail","7":"category-dinosaures-prehistoire-megafaune-figurine","8":"tag-amerique-du-sud","9":"tag-dents-de-sabre","10":"tag-evolution-convergente","11":"tag-faux-sabre","12":"tag-mammiferes-prehistoriques","13":"tag-paleontologie","14":"tag-sparassodontes","15":"tag-thylacosmilus"},"acf":[],"yoast_head":"<!-- This site is optimized with the Yoast SEO Premium plugin v27.1 (Yoast SEO v27.1.1) - https:\/\/yoast.com\/product\/yoast-seo-premium-wordpress\/ -->\n<title>Thylacosmilus atrox : le faux-sabre sud-am\u00e9ricain<\/title>\n<meta name=\"description\" content=\"Thylacosmilus atrox, pr\u00e9dateur m\u00e9tath\u00e9rien d\u2019Am\u00e9rique du Sud, poss\u00e9dait des canines \u00e0 croissance continue et une anatomie unique. D\u00e9couvrez son histoire.\" \/>\n<meta name=\"robots\" content=\"index, follow, max-snippet:-1, max-image-preview:large, max-video-preview:-1\" \/>\n<link rel=\"canonical\" href=\"https:\/\/lesminis.fr\/blog\/thylacosmilus-atrox-faux-sabre-prehistoire\/\" \/>\n<meta property=\"og:locale\" content=\"fr_FR\" \/>\n<meta property=\"og:type\" content=\"article\" \/>\n<meta property=\"og:title\" content=\"Thylacosmilus atrox : le faux-sabre d&#039;Am\u00e9rique du Sud\" \/>\n<meta property=\"og:description\" content=\"Thylacosmilus atrox, pr\u00e9dateur m\u00e9tath\u00e9rien d\u2019Am\u00e9rique du Sud, poss\u00e9dait des canines \u00e0 croissance continue et une anatomie unique. D\u00e9couvrez son histoire.\" \/>\n<meta property=\"og:url\" content=\"https:\/\/lesminis.fr\/blog\/thylacosmilus-atrox-faux-sabre-prehistoire\/\" \/>\n<meta property=\"og:site_name\" content=\"LesMinis Le Blog - Mat\u00e9riels \u00e9ducatifs - Figurines p\u00e9dagogiques\" \/>\n<meta property=\"article:publisher\" content=\"https:\/\/fr-fr.facebook.com\/LesMinis.fr\/\" \/>\n<meta property=\"article:author\" content=\"https:\/\/www.facebook.com\/LesMinis.fr\/\" \/>\n<meta property=\"article:published_time\" content=\"2025-11-14T10:35:25+00:00\" \/>\n<meta property=\"article:modified_time\" content=\"2025-11-14T10:36:51+00:00\" \/>\n<meta property=\"og:image\" content=\"https:\/\/lesminis.fr\/blog\/wp-content\/uploads\/2025\/11\/thylacosmilus.jpg\" \/>\n\t<meta property=\"og:image:width\" content=\"1000\" \/>\n\t<meta property=\"og:image:height\" content=\"1000\" \/>\n\t<meta property=\"og:image:type\" content=\"image\/jpeg\" \/>\n<meta name=\"author\" content=\"LesMinis\" \/>\n<meta name=\"twitter:label1\" content=\"\u00c9crit par\" \/>\n\t<meta name=\"twitter:data1\" content=\"LesMinis\" \/>\n\t<meta name=\"twitter:label2\" content=\"Dur\u00e9e de lecture estim\u00e9e\" \/>\n\t<meta name=\"twitter:data2\" content=\"6 minutes\" \/>\n<script type=\"application\/ld+json\" class=\"yoast-schema-graph\">{\"@context\":\"https:\/\/schema.org\",\"@graph\":[{\"@type\":[\"Article\",\"BlogPosting\"],\"@id\":\"https:\/\/lesminis.fr\/blog\/thylacosmilus-atrox-faux-sabre-prehistoire\/#article\",\"isPartOf\":{\"@id\":\"https:\/\/lesminis.fr\/blog\/thylacosmilus-atrox-faux-sabre-prehistoire\/\"},\"author\":{\"name\":\"LesMinis\",\"@id\":\"https:\/\/lesminis.fr\/blog\/#\/schema\/person\/4a1be8c8c70a7d945af71674957cf83e\"},\"headline\":\"Thylacosmilus atrox : le faux-sabre d&rsquo;Am\u00e9rique du Sud\",\"datePublished\":\"2025-11-14T10:35:25+00:00\",\"dateModified\":\"2025-11-14T10:36:51+00:00\",\"mainEntityOfPage\":{\"@id\":\"https:\/\/lesminis.fr\/blog\/thylacosmilus-atrox-faux-sabre-prehistoire\/\"},\"wordCount\":1078,\"commentCount\":0,\"publisher\":{\"@id\":\"https:\/\/lesminis.fr\/blog\/#organization\"},\"image\":{\"@id\":\"https:\/\/lesminis.fr\/blog\/thylacosmilus-atrox-faux-sabre-prehistoire\/#primaryimage\"},\"thumbnailUrl\":\"https:\/\/lesminis.fr\/blog\/wp-content\/uploads\/2025\/11\/thylacosmilus.jpg\",\"keywords\":[\"am\u00e9rique du sud\",\"dents de sabre\",\"\u00e9volution convergente\",\"faux sabre\",\"mammif\u00e8res pr\u00e9historiques\",\"pal\u00e9ontologie\",\"sparassodontes\",\"thylacosmilus\"],\"articleSection\":[\"Pal\u00e9odex \u2014 Dinosaures, fossiles et esp\u00e8ces disparues\"],\"inLanguage\":\"fr-FR\",\"potentialAction\":[{\"@type\":\"CommentAction\",\"name\":\"Comment\",\"target\":[\"https:\/\/lesminis.fr\/blog\/thylacosmilus-atrox-faux-sabre-prehistoire\/#respond\"]}]},{\"@type\":\"WebPage\",\"@id\":\"https:\/\/lesminis.fr\/blog\/thylacosmilus-atrox-faux-sabre-prehistoire\/\",\"url\":\"https:\/\/lesminis.fr\/blog\/thylacosmilus-atrox-faux-sabre-prehistoire\/\",\"name\":\"Thylacosmilus atrox : le faux-sabre sud-am\u00e9ricain\",\"isPartOf\":{\"@id\":\"https:\/\/lesminis.fr\/blog\/#website\"},\"primaryImageOfPage\":{\"@id\":\"https:\/\/lesminis.fr\/blog\/thylacosmilus-atrox-faux-sabre-prehistoire\/#primaryimage\"},\"image\":{\"@id\":\"https:\/\/lesminis.fr\/blog\/thylacosmilus-atrox-faux-sabre-prehistoire\/#primaryimage\"},\"thumbnailUrl\":\"https:\/\/lesminis.fr\/blog\/wp-content\/uploads\/2025\/11\/thylacosmilus.jpg\",\"datePublished\":\"2025-11-14T10:35:25+00:00\",\"dateModified\":\"2025-11-14T10:36:51+00:00\",\"description\":\"Thylacosmilus atrox, pr\u00e9dateur m\u00e9tath\u00e9rien d\u2019Am\u00e9rique du Sud, poss\u00e9dait des canines \u00e0 croissance continue et une anatomie unique. D\u00e9couvrez son histoire.\",\"breadcrumb\":{\"@id\":\"https:\/\/lesminis.fr\/blog\/thylacosmilus-atrox-faux-sabre-prehistoire\/#breadcrumb\"},\"inLanguage\":\"fr-FR\",\"potentialAction\":[{\"@type\":\"ReadAction\",\"target\":[\"https:\/\/lesminis.fr\/blog\/thylacosmilus-atrox-faux-sabre-prehistoire\/\"]}]},{\"@type\":\"ImageObject\",\"inLanguage\":\"fr-FR\",\"@id\":\"https:\/\/lesminis.fr\/blog\/thylacosmilus-atrox-faux-sabre-prehistoire\/#primaryimage\",\"url\":\"https:\/\/lesminis.fr\/blog\/wp-content\/uploads\/2025\/11\/thylacosmilus.jpg\",\"contentUrl\":\"https:\/\/lesminis.fr\/blog\/wp-content\/uploads\/2025\/11\/thylacosmilus.jpg\",\"width\":1000,\"height\":1000,\"caption\":\"Thylacosmilus pas un chien pas un chat mais un sparassodont\"},{\"@type\":\"BreadcrumbList\",\"@id\":\"https:\/\/lesminis.fr\/blog\/thylacosmilus-atrox-faux-sabre-prehistoire\/#breadcrumb\",\"itemListElement\":[{\"@type\":\"ListItem\",\"position\":1,\"name\":\"Accueil\",\"item\":\"https:\/\/lesminis.fr\/blog\/\"},{\"@type\":\"ListItem\",\"position\":2,\"name\":\"Thylacosmilus atrox : le faux-sabre d&rsquo;Am\u00e9rique du Sud\"}]},{\"@type\":\"WebSite\",\"@id\":\"https:\/\/lesminis.fr\/blog\/#website\",\"url\":\"https:\/\/lesminis.fr\/blog\/\",\"name\":\"LesMinis Le Blog - Mat\u00e9riels \u00e9ducatifs - Figurines p\u00e9dagogiques\",\"description\":\"D\u00e9couvrez notre actualit\u00e9, figurines, mat\u00e9riel \u00e9ducatif, activit\u00e9s Montessori\",\"publisher\":{\"@id\":\"https:\/\/lesminis.fr\/blog\/#organization\"},\"potentialAction\":[{\"@type\":\"SearchAction\",\"target\":{\"@type\":\"EntryPoint\",\"urlTemplate\":\"https:\/\/lesminis.fr\/blog\/?s={search_term_string}\"},\"query-input\":{\"@type\":\"PropertyValueSpecification\",\"valueRequired\":true,\"valueName\":\"search_term_string\"}}],\"inLanguage\":\"fr-FR\"},{\"@type\":\"Organization\",\"@id\":\"https:\/\/lesminis.fr\/blog\/#organization\",\"name\":\"LesMinis - Sp\u00e9cialiste mat\u00e9riel p\u00e9dagogiques - Figurines \u00e9ducatives - Mat\u00e9riel Montessori\",\"url\":\"https:\/\/lesminis.fr\/blog\/\",\"logo\":{\"@type\":\"ImageObject\",\"inLanguage\":\"fr-FR\",\"@id\":\"https:\/\/lesminis.fr\/blog\/#\/schema\/logo\/image\/\",\"url\":\"https:\/\/lesminis.fr\/blog\/wp-content\/uploads\/2023\/03\/nouveau-logo-lesminis.png\",\"contentUrl\":\"https:\/\/lesminis.fr\/blog\/wp-content\/uploads\/2023\/03\/nouveau-logo-lesminis.png\",\"width\":500,\"height\":175,\"caption\":\"LesMinis - Sp\u00e9cialiste mat\u00e9riel p\u00e9dagogiques - Figurines \u00e9ducatives - Mat\u00e9riel Montessori\"},\"image\":{\"@id\":\"https:\/\/lesminis.fr\/blog\/#\/schema\/logo\/image\/\"},\"sameAs\":[\"https:\/\/fr-fr.facebook.com\/LesMinis.fr\/\",\"https:\/\/www.instagram.com\/lesminis.fr\/\",\"https:\/\/www.tiktok.com\/@lesminis.fr\",\"https:\/\/www.pinterest.fr\/lesminisfr\/\"]},{\"@type\":\"Person\",\"@id\":\"https:\/\/lesminis.fr\/blog\/#\/schema\/person\/4a1be8c8c70a7d945af71674957cf83e\",\"name\":\"LesMinis\",\"image\":{\"@type\":\"ImageObject\",\"inLanguage\":\"fr-FR\",\"@id\":\"https:\/\/lesminis.fr\/blog\/#\/schema\/person\/image\/\",\"url\":\"https:\/\/secure.gravatar.com\/avatar\/288cd93d352b3465f2bd0701b1f2bb059b68dc3a70c4fda061bad8e6c9f8d865?s=96&d=blank&r=g\",\"contentUrl\":\"https:\/\/secure.gravatar.com\/avatar\/288cd93d352b3465f2bd0701b1f2bb059b68dc3a70c4fda061bad8e6c9f8d865?s=96&d=blank&r=g\",\"caption\":\"LesMinis\"},\"sameAs\":[\"https:\/\/lesminis.fr\/blog\",\"https:\/\/www.facebook.com\/LesMinis.fr\/\",\"https:\/\/www.instagram.com\/lesminis.fr\/\",\"https:\/\/www.pinterest.fr\/lesminisfr\/\"],\"url\":\"https:\/\/lesminis.fr\/blog\/author\/lesminis\/\"}]}<\/script>\n<!-- \/ Yoast SEO Premium plugin. -->","yoast_head_json":{"title":"Thylacosmilus atrox : le faux-sabre sud-am\u00e9ricain","description":"Thylacosmilus atrox, pr\u00e9dateur m\u00e9tath\u00e9rien d\u2019Am\u00e9rique du Sud, poss\u00e9dait des canines \u00e0 croissance continue et une anatomie unique. D\u00e9couvrez son histoire.","robots":{"index":"index","follow":"follow","max-snippet":"max-snippet:-1","max-image-preview":"max-image-preview:large","max-video-preview":"max-video-preview:-1"},"canonical":"https:\/\/lesminis.fr\/blog\/thylacosmilus-atrox-faux-sabre-prehistoire\/","og_locale":"fr_FR","og_type":"article","og_title":"Thylacosmilus atrox : le faux-sabre d'Am\u00e9rique du Sud","og_description":"Thylacosmilus atrox, pr\u00e9dateur m\u00e9tath\u00e9rien d\u2019Am\u00e9rique du Sud, poss\u00e9dait des canines \u00e0 croissance continue et une anatomie unique. D\u00e9couvrez son histoire.","og_url":"https:\/\/lesminis.fr\/blog\/thylacosmilus-atrox-faux-sabre-prehistoire\/","og_site_name":"LesMinis Le Blog - Mat\u00e9riels \u00e9ducatifs - Figurines p\u00e9dagogiques","article_publisher":"https:\/\/fr-fr.facebook.com\/LesMinis.fr\/","article_author":"https:\/\/www.facebook.com\/LesMinis.fr\/","article_published_time":"2025-11-14T10:35:25+00:00","article_modified_time":"2025-11-14T10:36:51+00:00","og_image":[{"width":1000,"height":1000,"url":"https:\/\/lesminis.fr\/blog\/wp-content\/uploads\/2025\/11\/thylacosmilus.jpg","type":"image\/jpeg"}],"author":"LesMinis","twitter_misc":{"\u00c9crit par":"LesMinis","Dur\u00e9e de lecture estim\u00e9e":"6 minutes"},"schema":{"@context":"https:\/\/schema.org","@graph":[{"@type":["Article","BlogPosting"],"@id":"https:\/\/lesminis.fr\/blog\/thylacosmilus-atrox-faux-sabre-prehistoire\/#article","isPartOf":{"@id":"https:\/\/lesminis.fr\/blog\/thylacosmilus-atrox-faux-sabre-prehistoire\/"},"author":{"name":"LesMinis","@id":"https:\/\/lesminis.fr\/blog\/#\/schema\/person\/4a1be8c8c70a7d945af71674957cf83e"},"headline":"Thylacosmilus atrox : le faux-sabre d&rsquo;Am\u00e9rique du Sud","datePublished":"2025-11-14T10:35:25+00:00","dateModified":"2025-11-14T10:36:51+00:00","mainEntityOfPage":{"@id":"https:\/\/lesminis.fr\/blog\/thylacosmilus-atrox-faux-sabre-prehistoire\/"},"wordCount":1078,"commentCount":0,"publisher":{"@id":"https:\/\/lesminis.fr\/blog\/#organization"},"image":{"@id":"https:\/\/lesminis.fr\/blog\/thylacosmilus-atrox-faux-sabre-prehistoire\/#primaryimage"},"thumbnailUrl":"https:\/\/lesminis.fr\/blog\/wp-content\/uploads\/2025\/11\/thylacosmilus.jpg","keywords":["am\u00e9rique du sud","dents de sabre","\u00e9volution convergente","faux sabre","mammif\u00e8res pr\u00e9historiques","pal\u00e9ontologie","sparassodontes","thylacosmilus"],"articleSection":["Pal\u00e9odex \u2014 Dinosaures, fossiles et esp\u00e8ces disparues"],"inLanguage":"fr-FR","potentialAction":[{"@type":"CommentAction","name":"Comment","target":["https:\/\/lesminis.fr\/blog\/thylacosmilus-atrox-faux-sabre-prehistoire\/#respond"]}]},{"@type":"WebPage","@id":"https:\/\/lesminis.fr\/blog\/thylacosmilus-atrox-faux-sabre-prehistoire\/","url":"https:\/\/lesminis.fr\/blog\/thylacosmilus-atrox-faux-sabre-prehistoire\/","name":"Thylacosmilus atrox : le faux-sabre sud-am\u00e9ricain","isPartOf":{"@id":"https:\/\/lesminis.fr\/blog\/#website"},"primaryImageOfPage":{"@id":"https:\/\/lesminis.fr\/blog\/thylacosmilus-atrox-faux-sabre-prehistoire\/#primaryimage"},"image":{"@id":"https:\/\/lesminis.fr\/blog\/thylacosmilus-atrox-faux-sabre-prehistoire\/#primaryimage"},"thumbnailUrl":"https:\/\/lesminis.fr\/blog\/wp-content\/uploads\/2025\/11\/thylacosmilus.jpg","datePublished":"2025-11-14T10:35:25+00:00","dateModified":"2025-11-14T10:36:51+00:00","description":"Thylacosmilus atrox, pr\u00e9dateur m\u00e9tath\u00e9rien d\u2019Am\u00e9rique du Sud, poss\u00e9dait des canines \u00e0 croissance continue et une anatomie unique. D\u00e9couvrez son histoire.","breadcrumb":{"@id":"https:\/\/lesminis.fr\/blog\/thylacosmilus-atrox-faux-sabre-prehistoire\/#breadcrumb"},"inLanguage":"fr-FR","potentialAction":[{"@type":"ReadAction","target":["https:\/\/lesminis.fr\/blog\/thylacosmilus-atrox-faux-sabre-prehistoire\/"]}]},{"@type":"ImageObject","inLanguage":"fr-FR","@id":"https:\/\/lesminis.fr\/blog\/thylacosmilus-atrox-faux-sabre-prehistoire\/#primaryimage","url":"https:\/\/lesminis.fr\/blog\/wp-content\/uploads\/2025\/11\/thylacosmilus.jpg","contentUrl":"https:\/\/lesminis.fr\/blog\/wp-content\/uploads\/2025\/11\/thylacosmilus.jpg","width":1000,"height":1000,"caption":"Thylacosmilus pas un chien pas un chat mais un sparassodont"},{"@type":"BreadcrumbList","@id":"https:\/\/lesminis.fr\/blog\/thylacosmilus-atrox-faux-sabre-prehistoire\/#breadcrumb","itemListElement":[{"@type":"ListItem","position":1,"name":"Accueil","item":"https:\/\/lesminis.fr\/blog\/"},{"@type":"ListItem","position":2,"name":"Thylacosmilus atrox : le faux-sabre d&rsquo;Am\u00e9rique du Sud"}]},{"@type":"WebSite","@id":"https:\/\/lesminis.fr\/blog\/#website","url":"https:\/\/lesminis.fr\/blog\/","name":"LesMinis Le Blog - Mat\u00e9riels \u00e9ducatifs - Figurines p\u00e9dagogiques","description":"D\u00e9couvrez notre actualit\u00e9, figurines, mat\u00e9riel \u00e9ducatif, activit\u00e9s Montessori","publisher":{"@id":"https:\/\/lesminis.fr\/blog\/#organization"},"potentialAction":[{"@type":"SearchAction","target":{"@type":"EntryPoint","urlTemplate":"https:\/\/lesminis.fr\/blog\/?s={search_term_string}"},"query-input":{"@type":"PropertyValueSpecification","valueRequired":true,"valueName":"search_term_string"}}],"inLanguage":"fr-FR"},{"@type":"Organization","@id":"https:\/\/lesminis.fr\/blog\/#organization","name":"LesMinis - Sp\u00e9cialiste mat\u00e9riel p\u00e9dagogiques - Figurines \u00e9ducatives - Mat\u00e9riel Montessori","url":"https:\/\/lesminis.fr\/blog\/","logo":{"@type":"ImageObject","inLanguage":"fr-FR","@id":"https:\/\/lesminis.fr\/blog\/#\/schema\/logo\/image\/","url":"https:\/\/lesminis.fr\/blog\/wp-content\/uploads\/2023\/03\/nouveau-logo-lesminis.png","contentUrl":"https:\/\/lesminis.fr\/blog\/wp-content\/uploads\/2023\/03\/nouveau-logo-lesminis.png","width":500,"height":175,"caption":"LesMinis - Sp\u00e9cialiste mat\u00e9riel p\u00e9dagogiques - Figurines \u00e9ducatives - Mat\u00e9riel Montessori"},"image":{"@id":"https:\/\/lesminis.fr\/blog\/#\/schema\/logo\/image\/"},"sameAs":["https:\/\/fr-fr.facebook.com\/LesMinis.fr\/","https:\/\/www.instagram.com\/lesminis.fr\/","https:\/\/www.tiktok.com\/@lesminis.fr","https:\/\/www.pinterest.fr\/lesminisfr\/"]},{"@type":"Person","@id":"https:\/\/lesminis.fr\/blog\/#\/schema\/person\/4a1be8c8c70a7d945af71674957cf83e","name":"LesMinis","image":{"@type":"ImageObject","inLanguage":"fr-FR","@id":"https:\/\/lesminis.fr\/blog\/#\/schema\/person\/image\/","url":"https:\/\/secure.gravatar.com\/avatar\/288cd93d352b3465f2bd0701b1f2bb059b68dc3a70c4fda061bad8e6c9f8d865?s=96&d=blank&r=g","contentUrl":"https:\/\/secure.gravatar.com\/avatar\/288cd93d352b3465f2bd0701b1f2bb059b68dc3a70c4fda061bad8e6c9f8d865?s=96&d=blank&r=g","caption":"LesMinis"},"sameAs":["https:\/\/lesminis.fr\/blog","https:\/\/www.facebook.com\/LesMinis.fr\/","https:\/\/www.instagram.com\/lesminis.fr\/","https:\/\/www.pinterest.fr\/lesminisfr\/"],"url":"https:\/\/lesminis.fr\/blog\/author\/lesminis\/"}]}},"_links":{"self":[{"href":"https:\/\/lesminis.fr\/blog\/wp-json\/wp\/v2\/posts\/5475","targetHints":{"allow":["GET"]}}],"collection":[{"href":"https:\/\/lesminis.fr\/blog\/wp-json\/wp\/v2\/posts"}],"about":[{"href":"https:\/\/lesminis.fr\/blog\/wp-json\/wp\/v2\/types\/post"}],"author":[{"embeddable":true,"href":"https:\/\/lesminis.fr\/blog\/wp-json\/wp\/v2\/users\/1"}],"replies":[{"embeddable":true,"href":"https:\/\/lesminis.fr\/blog\/wp-json\/wp\/v2\/comments?post=5475"}],"version-history":[{"count":3,"href":"https:\/\/lesminis.fr\/blog\/wp-json\/wp\/v2\/posts\/5475\/revisions"}],"predecessor-version":[{"id":5481,"href":"https:\/\/lesminis.fr\/blog\/wp-json\/wp\/v2\/posts\/5475\/revisions\/5481"}],"wp:featuredmedia":[{"embeddable":true,"href":"https:\/\/lesminis.fr\/blog\/wp-json\/wp\/v2\/media\/5477"}],"wp:attachment":[{"href":"https:\/\/lesminis.fr\/blog\/wp-json\/wp\/v2\/media?parent=5475"}],"wp:term":[{"taxonomy":"category","embeddable":true,"href":"https:\/\/lesminis.fr\/blog\/wp-json\/wp\/v2\/categories?post=5475"},{"taxonomy":"post_tag","embeddable":true,"href":"https:\/\/lesminis.fr\/blog\/wp-json\/wp\/v2\/tags?post=5475"}],"curies":[{"name":"wp","href":"https:\/\/api.w.org\/{rel}","templated":true}]}}