{"id":5315,"date":"2025-10-07T08:40:06","date_gmt":"2025-10-07T07:40:06","guid":{"rendered":"https:\/\/lesminis.fr\/blog\/?p=5315"},"modified":"2025-10-11T09:31:17","modified_gmt":"2025-10-11T08:31:17","slug":"guide-achat-tablier-protection-enfant","status":"publish","type":"post","link":"https:\/\/lesminis.fr\/blog\/guide-achat-tablier-protection-enfant\/","title":{"rendered":"Guide d&rsquo;Achat 2025 : Comment Choisir le Bon Tablier de Protection pour Votre Enfant ?"},"content":{"rendered":"<p class=\"whitespace-normal break-words\">Votre enfant rentre de l&rsquo;\u00e9cole avec son pull pr\u00e9f\u00e9r\u00e9 macul\u00e9 de peinture verte. Encore. Vous avez essay\u00e9 le d\u00e9tachant miracle, le trempage toute la nuit, m\u00eame ce truc que votre belle-m\u00e8re vous a conseill\u00e9. Rien n&rsquo;y fait. La tache est l\u00e0 pour toujours.<\/p>\n<p class=\"whitespace-normal break-words\"><strong>On a tous v\u00e9cu ce moment.<\/strong><\/p>\n<p class=\"whitespace-normal break-words\">Le pull \u00e0 30\u20ac rejoint les \u00ab\u00a0v\u00eatements de maison\u00a0\u00bb (comprendre : ceux qu&rsquo;on ne sort plus jamais). Vous soupirez en pensant qu&rsquo;il \u00e9tait presque neuf. Et surtout, vous vous demandez : comment \u00e9viter que \u00e7a recommence ?<\/p>\n<p class=\"whitespace-normal break-words\">La r\u00e9ponse tient en deux mots : <strong>tablier de protection<\/strong>.<\/p>\n<p class=\"whitespace-normal break-words\">Pas le petit tablier fantaisie achet\u00e9 en supermarch\u00e9 qui se d\u00e9chire au bout de trois semaines. Un vrai tablier qui fait son job : prot\u00e9ger les v\u00eatements de votre enfant pendant qu&rsquo;il cr\u00e9e, explore, et se salit joyeusement.<\/p>\n<p class=\"whitespace-normal break-words\">Dans ce guide complet, vous allez d\u00e9couvrir <strong>comment choisir le tablier parfait<\/strong> selon l&rsquo;\u00e2ge de votre enfant, les crit\u00e8res de qualit\u00e9 \u00e0 surveiller, et pourquoi investir dans un bon mod\u00e8le change vraiment tout.<\/p>\n<hr class=\"border-border-300 my-2\" \/>\n<div id=\"ez-toc-container\" class=\"ez-toc-v2_0_78 counter-hierarchy ez-toc-counter ez-toc-grey ez-toc-container-direction\">\n<div class=\"ez-toc-title-container\">\n<p class=\"ez-toc-title\" style=\"cursor:inherit\">Table of Contents<\/p>\n<span class=\"ez-toc-title-toggle\"><a href=\"#\" class=\"ez-toc-pull-right ez-toc-btn ez-toc-btn-xs ez-toc-btn-default ez-toc-toggle\" aria-label=\"Toggle Table of Content\"><span class=\"ez-toc-js-icon-con\"><span class=\"\"><span class=\"eztoc-hide\" style=\"display:none;\">Toggle<\/span><span class=\"ez-toc-icon-toggle-span\"><svg style=\"fill: #999;color:#999\" xmlns=\"http:\/\/www.w3.org\/2000\/svg\" class=\"list-377408\" width=\"20px\" height=\"20px\" viewBox=\"0 0 24 24\" fill=\"none\"><path d=\"M6 6H4v2h2V6zm14 0H8v2h12V6zM4 11h2v2H4v-2zm16 0H8v2h12v-2zM4 16h2v2H4v-2zm16 0H8v2h12v-2z\" fill=\"currentColor\"><\/path><\/svg><svg style=\"fill: #999;color:#999\" class=\"arrow-unsorted-368013\" xmlns=\"http:\/\/www.w3.org\/2000\/svg\" width=\"10px\" height=\"10px\" viewBox=\"0 0 24 24\" version=\"1.2\" baseProfile=\"tiny\"><path d=\"M18.2 9.3l-6.2-6.3-6.2 6.3c-.2.2-.3.4-.3.7s.1.5.3.7c.2.2.4.3.7.3h11c.3 0 .5-.1.7-.3.2-.2.3-.5.3-.7s-.1-.5-.3-.7zM5.8 14.7l6.2 6.3 6.2-6.3c.2-.2.3-.5.3-.7s-.1-.5-.3-.7c-.2-.2-.4-.3-.7-.3h-11c-.3 0-.5.1-.7.3-.2.2-.3.5-.3.7s.1.5.3.7z\"\/><\/svg><\/span><\/span><\/span><\/a><\/span><\/div>\n<nav><ul class='ez-toc-list ez-toc-list-level-1 ' ><li class='ez-toc-page-1 ez-toc-heading-level-2'><a class=\"ez-toc-link ez-toc-heading-1\" href=\"https:\/\/lesminis.fr\/blog\/guide-achat-tablier-protection-enfant\/#Pourquoi_Votre_Enfant_a_VRAIMENT_Besoin_dun_Tablier_de_Protection\" >Pourquoi Votre Enfant a VRAIMENT Besoin d&rsquo;un Tablier de Protection<\/a><ul class='ez-toc-list-level-3' ><li class='ez-toc-heading-level-3'><a class=\"ez-toc-link ez-toc-heading-2\" href=\"https:\/\/lesminis.fr\/blog\/guide-achat-tablier-protection-enfant\/#Les_activites_qui_tachent_et_il_y_en_a_beaucoup\" >Les activit\u00e9s qui tachent (et il y en a beaucoup)<\/a><\/li><li class='ez-toc-page-1 ez-toc-heading-level-3'><a class=\"ez-toc-link ez-toc-heading-3\" href=\"https:\/\/lesminis.fr\/blog\/guide-achat-tablier-protection-enfant\/#Le_cout_cache_des_vetements_taches\" >Le co\u00fbt cach\u00e9 des v\u00eatements tach\u00e9s<\/a><\/li><\/ul><\/li><li class='ez-toc-page-1 ez-toc-heading-level-2'><a class=\"ez-toc-link ez-toc-heading-4\" href=\"https:\/\/lesminis.fr\/blog\/guide-achat-tablier-protection-enfant\/#Notre_Selection_3_Tabliers_de_Protection_par_Tranche_dAge\" >Notre S\u00e9lection : 3 Tabliers de Protection par Tranche d&rsquo;\u00c2ge<\/a><ul class='ez-toc-list-level-3' ><li class='ez-toc-heading-level-3'><a class=\"ez-toc-link ez-toc-heading-5\" href=\"https:\/\/lesminis.fr\/blog\/guide-achat-tablier-protection-enfant\/#%F0%9F%94%B4_Tablier_de_Protection_Rouge_%E2%80%93_Pour_les_3_a_5_ans\" >\ud83d\udd34 Tablier de Protection Rouge &#8211; Pour les 3 \u00e0 5 ans<\/a><\/li><li class='ez-toc-page-1 ez-toc-heading-level-3'><a class=\"ez-toc-link ez-toc-heading-6\" href=\"https:\/\/lesminis.fr\/blog\/guide-achat-tablier-protection-enfant\/#%F0%9F%94%B5_Tablier_de_Protection_Bleu_%E2%80%93_Pour_les_6_a_8_ans\" >\ud83d\udd35 Tablier de Protection Bleu &#8211; Pour les 6 \u00e0 8 ans<\/a><\/li><li class='ez-toc-page-1 ez-toc-heading-level-3'><a class=\"ez-toc-link ez-toc-heading-7\" href=\"https:\/\/lesminis.fr\/blog\/guide-achat-tablier-protection-enfant\/#%F0%9F%9F%A2_Tablier_de_Protection_Vert_%E2%80%93_Pour_les_9_a_12_ans\" >\ud83d\udfe2 Tablier de Protection Vert &#8211; Pour les 9 \u00e0 12 ans<\/a><\/li><\/ul><\/li><li class='ez-toc-page-1 ez-toc-heading-level-2'><a class=\"ez-toc-link ez-toc-heading-8\" href=\"https:\/\/lesminis.fr\/blog\/guide-achat-tablier-protection-enfant\/#Tableau_Comparatif_%E2%80%93_Trouvez_le_Bon_Tablier_en_un_Coup_dOEil\" >Tableau Comparatif &#8211; Trouvez le Bon Tablier en un Coup d&rsquo;\u0152il<\/a><\/li><li class='ez-toc-page-1 ez-toc-heading-level-2'><a class=\"ez-toc-link ez-toc-heading-9\" href=\"https:\/\/lesminis.fr\/blog\/guide-achat-tablier-protection-enfant\/#Comment_Choisir_Le_Guide_Selon_Votre_Situation\" >Comment Choisir ? Le Guide Selon Votre Situation<\/a><ul class='ez-toc-list-level-3' ><li class='ez-toc-heading-level-3'><a class=\"ez-toc-link ez-toc-heading-10\" href=\"https:\/\/lesminis.fr\/blog\/guide-achat-tablier-protection-enfant\/#Situation_1_Votre_enfant_entre_en_maternelle\" >Situation 1 : Votre enfant entre en maternelle<\/a><\/li><li class='ez-toc-page-1 ez-toc-heading-level-3'><a class=\"ez-toc-link ez-toc-heading-11\" href=\"https:\/\/lesminis.fr\/blog\/guide-achat-tablier-protection-enfant\/#Situation_2_Votre_enfant_commence_le_CP\" >Situation 2 : Votre enfant commence le CP<\/a><\/li><li class='ez-toc-page-1 ez-toc-heading-level-3'><a class=\"ez-toc-link ez-toc-heading-12\" href=\"https:\/\/lesminis.fr\/blog\/guide-achat-tablier-protection-enfant\/#Situation_3_Votre_preado_veut_creer_ses_propres_projets\" >Situation 3 : Votre pr\u00e9ado veut cr\u00e9er ses propres projets<\/a><\/li><li class='ez-toc-page-1 ez-toc-heading-level-3'><a class=\"ez-toc-link ez-toc-heading-13\" href=\"https:\/\/lesminis.fr\/blog\/guide-achat-tablier-protection-enfant\/#Situation_4_Vous_avez_plusieurs_enfants_dages_differents\" >Situation 4 : Vous avez plusieurs enfants d&rsquo;\u00e2ges diff\u00e9rents<\/a><\/li><\/ul><\/li><li class='ez-toc-page-1 ez-toc-heading-level-2'><a class=\"ez-toc-link ez-toc-heading-14\" href=\"https:\/\/lesminis.fr\/blog\/guide-achat-tablier-protection-enfant\/#Les_5_Criteres_dun_Bon_Tablier_de_Protection\" >Les 5 Crit\u00e8res d&rsquo;un Bon Tablier de Protection<\/a><ul class='ez-toc-list-level-3' ><li class='ez-toc-heading-level-3'><a class=\"ez-toc-link ez-toc-heading-15\" href=\"https:\/\/lesminis.fr\/blog\/guide-achat-tablier-protection-enfant\/#1_La_matiere_nylon_%3E_tout_le_reste\" >1. La mati\u00e8re : nylon &gt; tout le reste<\/a><\/li><li class='ez-toc-page-1 ez-toc-heading-level-3'><a class=\"ez-toc-link ez-toc-heading-16\" href=\"https:\/\/lesminis.fr\/blog\/guide-achat-tablier-protection-enfant\/#2_Les_manches_longues_avec_elastiques\" >2. Les manches longues avec \u00e9lastiques<\/a><\/li><li class='ez-toc-page-1 ez-toc-heading-level-3'><a class=\"ez-toc-link ez-toc-heading-17\" href=\"https:\/\/lesminis.fr\/blog\/guide-achat-tablier-protection-enfant\/#3_La_fermeture_Velcro_pas_des_liens\" >3. La fermeture Velcro (pas des liens)<\/a><\/li><li class='ez-toc-page-1 ez-toc-heading-level-3'><a class=\"ez-toc-link ez-toc-heading-18\" href=\"https:\/\/lesminis.fr\/blog\/guide-achat-tablier-protection-enfant\/#4_Des_dimensions_adaptees_a_lage\" >4. Des dimensions adapt\u00e9es \u00e0 l&rsquo;\u00e2ge<\/a><\/li><li class='ez-toc-page-1 ez-toc-heading-level-3'><a class=\"ez-toc-link ez-toc-heading-19\" href=\"https:\/\/lesminis.fr\/blog\/guide-achat-tablier-protection-enfant\/#5_La_facilite_dentretien\" >5. La facilit\u00e9 d&rsquo;entretien<\/a><\/li><\/ul><\/li><li class='ez-toc-page-1 ez-toc-heading-level-2'><a class=\"ez-toc-link ez-toc-heading-20\" href=\"https:\/\/lesminis.fr\/blog\/guide-achat-tablier-protection-enfant\/#FAQ_%E2%80%93_Vos_Questions_sur_les_Tabliers_de_Protection\" >FAQ &#8211; Vos Questions sur les Tabliers de Protection<\/a><ul class='ez-toc-list-level-3' ><li class='ez-toc-heading-level-3'><a class=\"ez-toc-link ez-toc-heading-21\" href=\"https:\/\/lesminis.fr\/blog\/guide-achat-tablier-protection-enfant\/#Mon_enfant_a_5_ans_et_demi_je_prends_le_rouge_ou_le_bleu\" >Mon enfant a 5 ans et demi, je prends le rouge ou le bleu ?<\/a><\/li><li class='ez-toc-page-1 ez-toc-heading-level-3'><a class=\"ez-toc-link ez-toc-heading-22\" href=\"https:\/\/lesminis.fr\/blog\/guide-achat-tablier-protection-enfant\/#Est-ce_que_le_nylon_protege_vraiment_ou_cest_du_marketing\" >Est-ce que le nylon prot\u00e8ge vraiment ou c&rsquo;est du marketing ?<\/a><\/li><li class='ez-toc-page-1 ez-toc-heading-level-3'><a class=\"ez-toc-link ez-toc-heading-23\" href=\"https:\/\/lesminis.fr\/blog\/guide-achat-tablier-protection-enfant\/#Mon_fils_deteste_avoir_des_vetements_qui_%C2%AB_collent_%C2%BB_va-t-il_supporter_un_tablier\" >Mon fils d\u00e9teste avoir des v\u00eatements qui \u00ab\u00a0collent\u00a0\u00bb, va-t-il supporter un tablier ?<\/a><\/li><li class='ez-toc-page-1 ez-toc-heading-level-3'><a class=\"ez-toc-link ez-toc-heading-24\" href=\"https:\/\/lesminis.fr\/blog\/guide-achat-tablier-protection-enfant\/#Peut-on_utiliser_le_meme_tablier_pour_la_peinture_ET_la_cuisine\" >Peut-on utiliser le m\u00eame tablier pour la peinture ET la cuisine ?<\/a><\/li><li class='ez-toc-page-1 ez-toc-heading-level-3'><a class=\"ez-toc-link ez-toc-heading-25\" href=\"https:\/\/lesminis.fr\/blog\/guide-achat-tablier-protection-enfant\/#Combien_de_temps_dure_vraiment_un_tablier\" >Combien de temps dure vraiment un tablier ?<\/a><\/li><li class='ez-toc-page-1 ez-toc-heading-level-3'><a class=\"ez-toc-link ez-toc-heading-26\" href=\"https:\/\/lesminis.fr\/blog\/guide-achat-tablier-protection-enfant\/#Faut-il_laver_le_tablier_apres_chaque_utilisation\" >Faut-il laver le tablier apr\u00e8s chaque utilisation ?<\/a><\/li><li class='ez-toc-page-1 ez-toc-heading-level-3'><a class=\"ez-toc-link ez-toc-heading-27\" href=\"https:\/\/lesminis.fr\/blog\/guide-achat-tablier-protection-enfant\/#Le_Velcro_va-t-il_abimer_les_autres_vetements_dans_la_machine_a_laver\" >Le Velcro va-t-il ab\u00eemer les autres v\u00eatements dans la machine \u00e0 laver ?<\/a><\/li><li class='ez-toc-page-1 ez-toc-heading-level-3'><a class=\"ez-toc-link ez-toc-heading-28\" href=\"https:\/\/lesminis.fr\/blog\/guide-achat-tablier-protection-enfant\/#Mon_enfant_grandit_vite_je_dois_racheter_un_tablier_tous_les_ans\" >Mon enfant grandit vite, je dois racheter un tablier tous les ans ?<\/a><\/li><\/ul><\/li><li class='ez-toc-page-1 ez-toc-heading-level-2'><a class=\"ez-toc-link ez-toc-heading-29\" href=\"https:\/\/lesminis.fr\/blog\/guide-achat-tablier-protection-enfant\/#Notre_Recommandation_Finale\" >Notre Recommandation Finale<\/a><ul class='ez-toc-list-level-3' ><li class='ez-toc-heading-level-3'><a class=\"ez-toc-link ez-toc-heading-30\" href=\"https:\/\/lesminis.fr\/blog\/guide-achat-tablier-protection-enfant\/#Pour_concretiser_maintenant\" >Pour concr\u00e9tiser maintenant :<\/a><\/li><\/ul><\/li><li class='ez-toc-page-1 ez-toc-heading-level-2'><a class=\"ez-toc-link ez-toc-heading-31\" href=\"https:\/\/lesminis.fr\/blog\/guide-achat-tablier-protection-enfant\/#Pourquoi_Commander_sur_Les_Minis\" >Pourquoi Commander sur Les Minis ?<\/a><\/li><li class='ez-toc-page-1 ez-toc-heading-level-2'><a class=\"ez-toc-link ez-toc-heading-32\" href=\"https:\/\/lesminis.fr\/blog\/guide-achat-tablier-protection-enfant\/#Pour_Aller_Plus_Loin\" >Pour Aller Plus Loin<\/a><ul class='ez-toc-list-level-3' ><li class='ez-toc-heading-level-3'><a class=\"ez-toc-link ez-toc-heading-33\" href=\"https:\/\/lesminis.fr\/blog\/guide-achat-tablier-protection-enfant\/#Articles_complementaires_sur_notre_blog\" >Articles compl\u00e9mentaires sur notre blog :<\/a><\/li><\/ul><\/li><li class='ez-toc-page-1 ez-toc-heading-level-2'><a class=\"ez-toc-link ez-toc-heading-34\" href=\"https:\/\/lesminis.fr\/blog\/guide-achat-tablier-protection-enfant\/#En_Resume\" >En R\u00e9sum\u00e9<\/a><\/li><\/ul><\/nav><\/div>\n<h2 class=\"text-xl font-bold text-text-100 mt-1 -mb-0.5\"><span class=\"ez-toc-section\" id=\"Pourquoi_Votre_Enfant_a_VRAIMENT_Besoin_dun_Tablier_de_Protection\"><\/span>Pourquoi Votre Enfant a VRAIMENT Besoin d&rsquo;un Tablier de Protection<span class=\"ez-toc-section-end\"><\/span><\/h2>\n<h3 class=\"text-lg font-bold text-text-100 mt-1 -mb-1.5\"><span class=\"ez-toc-section\" id=\"Les_activites_qui_tachent_et_il_y_en_a_beaucoup\"><\/span>Les activit\u00e9s qui tachent (et il y en a beaucoup)<span class=\"ez-toc-section-end\"><\/span><\/h3>\n<p class=\"whitespace-normal break-words\">Faisons le compte des moments o\u00f9 les v\u00eatements de votre enfant sont en danger :<\/p>\n<p class=\"whitespace-normal break-words\"><strong>\u00c0 l&rsquo;\u00e9cole maternelle et primaire<\/strong> :<\/p>\n<ul class=\"[&amp;:not(:last-child)_ul]:pb-1 [&amp;:not(:last-child)_ol]:pb-1 list-disc space-y-1.5 pl-7\">\n<li class=\"whitespace-normal break-words\">Ateliers peinture (gouache, aquarelle, acrylique)<\/li>\n<li class=\"whitespace-normal break-words\">Collages avec colle blanche ou liquide<\/li>\n<li class=\"whitespace-normal break-words\">Activit\u00e9s de motricit\u00e9 fine avec p\u00e2te \u00e0 modeler<\/li>\n<li class=\"whitespace-normal break-words\">Exp\u00e9riences scientifiques color\u00e9es<\/li>\n<\/ul>\n<p class=\"whitespace-normal break-words\"><strong>Au centre de loisirs<\/strong> :<\/p>\n<ul class=\"[&amp;:not(:last-child)_ul]:pb-1 [&amp;:not(:last-child)_ol]:pb-1 list-disc space-y-1.5 pl-7\">\n<li class=\"whitespace-normal break-words\">Grands formats artistiques (fresques, toiles g\u00e9antes)<\/li>\n<li class=\"whitespace-normal break-words\">Ateliers cr\u00e9atifs th\u00e9matiques<\/li>\n<li class=\"whitespace-normal break-words\">Activit\u00e9s de groupe salissantes<\/li>\n<\/ul>\n<p class=\"whitespace-normal break-words\"><strong>\u00c0 la maison<\/strong> :<\/p>\n<ul class=\"[&amp;:not(:last-child)_ul]:pb-1 [&amp;:not(:last-child)_ol]:pb-1 list-disc space-y-1.5 pl-7\">\n<li class=\"whitespace-normal break-words\">Projets DIY du week-end<\/li>\n<li class=\"whitespace-normal break-words\">P\u00e2tisserie (oui, la farine vole partout)<\/li>\n<li class=\"whitespace-normal break-words\">Customisation d&rsquo;objets (marqueurs permanents, peinture)<\/li>\n<li class=\"whitespace-normal break-words\">Moments cr\u00e9atifs spontan\u00e9s<\/li>\n<\/ul>\n<p class=\"whitespace-normal break-words\"><strong>Sans tablier<\/strong>, chacune de ces activit\u00e9s est un risque. Avec un bon tablier, votre enfant peut se lancer sans retenue. Vous dites oui plus facilement. Il cr\u00e9e plus librement.<\/p>\n<h3 class=\"text-lg font-bold text-text-100 mt-1 -mb-1.5\"><span class=\"ez-toc-section\" id=\"Le_cout_cache_des_vetements_taches\"><\/span>Le co\u00fbt cach\u00e9 des v\u00eatements tach\u00e9s<span class=\"ez-toc-section-end\"><\/span><\/h3>\n<p class=\"whitespace-normal break-words\">Un petit calcul rapide :<\/p>\n<p class=\"whitespace-normal break-words\"><strong>Sc\u00e9nario sans tablier<\/strong> :<\/p>\n<ul class=\"[&amp;:not(:last-child)_ul]:pb-1 [&amp;:not(:last-child)_ol]:pb-1 list-disc space-y-1.5 pl-7\">\n<li class=\"whitespace-normal break-words\">1 t-shirt tach\u00e9 tous les 2 mois = 6 t-shirts\/an \u00d7 15\u20ac = <strong>90\u20ac\/an<\/strong><\/li>\n<li class=\"whitespace-normal break-words\">1 jean tach\u00e9 par trimestre = 4 jeans\/an \u00d7 30\u20ac = <strong>120\u20ac\/an<\/strong><\/li>\n<li class=\"whitespace-normal break-words\">Passages teinturerie pour tentatives de sauvetage = <strong>40\u20ac\/an<\/strong><\/li>\n<li class=\"whitespace-normal break-words\"><strong>Total : 250\u20ac\/an de v\u00eatements ruin\u00e9s<\/strong><\/li>\n<\/ul>\n<p class=\"whitespace-normal break-words\"><strong>Sc\u00e9nario avec tablier de qualit\u00e9<\/strong> :<\/p>\n<ul class=\"[&amp;:not(:last-child)_ul]:pb-1 [&amp;:not(:last-child)_ol]:pb-1 list-disc space-y-1.5 pl-7\">\n<li class=\"whitespace-normal break-words\">1 tablier =<strong> 9 \u00e0 13\u20ac<\/strong><\/li>\n<li class=\"whitespace-normal break-words\">Dur\u00e9e de vie : 3 ans minimum<\/li>\n<li class=\"whitespace-normal break-words\">V\u00eatements pr\u00e9serv\u00e9s : \u00e9conomie de + de 750\u20ac sur 3 ans<\/li>\n<\/ul>\n<p class=\"whitespace-normal break-words\">Le tablier se rentabilise d\u00e8s le premier mois. Et on ne compte m\u00eame pas le temps pass\u00e9 \u00e0 frotter, d\u00e9tacher, s&rsquo;\u00e9nerver&#8230;<\/p>\n<hr class=\"border-border-300 my-2\" \/>\n<h2 class=\"text-xl font-bold text-text-100 mt-1 -mb-0.5\"><span class=\"ez-toc-section\" id=\"Notre_Selection_3_Tabliers_de_Protection_par_Tranche_dAge\"><\/span>Notre S\u00e9lection : 3 Tabliers de Protection par Tranche d&rsquo;\u00c2ge<span class=\"ez-toc-section-end\"><\/span><\/h2>\n<p class=\"whitespace-normal break-words\">Chez Les Minis, nous avons s\u00e9lectionn\u00e9 <strong>trois tabliers professionnels<\/strong> sp\u00e9cialement dimensionn\u00e9s pour chaque \u00e9tape de l&rsquo;enfance. Pas de taille unique inadapt\u00e9e. Un tablier pour chaque \u00e2ge, reconnaissable \u00e0 sa couleur.<\/p>\n<h3 class=\"text-lg font-bold text-text-100 mt-1 -mb-1.5\"><span class=\"ez-toc-section\" id=\"%F0%9F%94%B4_Tablier_de_Protection_Rouge_%E2%80%93_Pour_les_3_a_5_ans\"><\/span>\ud83d\udd34 Tablier de Protection Rouge &#8211; Pour les 3 \u00e0 5 ans<span class=\"ez-toc-section-end\"><\/span><\/h3>\n<p class=\"whitespace-normal break-words\"><strong><a class=\"underline\" href=\"https:\/\/lesminis.fr\/tablier-peinture-rouge-3-5-ans-manches-longues-autres-e009127\/28554.html\">D\u00e9couvrir le tablier rouge \u2192<\/a><\/strong><\/p>\n<p class=\"whitespace-normal break-words\"><strong>Pour qui ?<\/strong> Les tout-petits en maternelle (petite, moyenne et grande section) qui d\u00e9couvrent les activit\u00e9s cr\u00e9atives.<\/p>\n<p class=\"whitespace-normal break-words\"><strong>Pourquoi cette taille ?<\/strong> \u00c0 cet \u00e2ge, votre enfant mesure entre 90 et 110 cm. Le tablier de 56 \u00d7 53 cm le couvre du cou jusqu&rsquo;aux cuisses, sans tra\u00eener au sol. Les manches longues avec \u00e9lastiques prot\u00e8gent jusqu&rsquo;aux poignets &#8211; exactement l\u00e0 o\u00f9 les petites mains plongent dans les pots de peinture.<\/p>\n<p class=\"whitespace-normal break-words\"><strong>Le gros plus<\/strong> : La fermeture Velcro simple permet \u00e0 votre enfant de l&rsquo;enfiler seul. C&rsquo;est le tablier de l&rsquo;autonomie. \u00ab\u00a0Je veux faire de la peinture\u00a0\u00bb devient \u00ab\u00a0Je vais chercher mon tablier rouge et je fais de la peinture.\u00a0\u00bb<\/p>\n<p class=\"whitespace-normal break-words\"><strong>Id\u00e9al pour<\/strong> : D\u00e9couverte sensorielle, peinture au doigt, collages, p\u00e2te \u00e0 modeler, activit\u00e9s Montessori, premiers ateliers.<\/p>\n<hr class=\"border-border-300 my-2\" \/>\n<h3 class=\"text-lg font-bold text-text-100 mt-1 -mb-1.5\"><span class=\"ez-toc-section\" id=\"%F0%9F%94%B5_Tablier_de_Protection_Bleu_%E2%80%93_Pour_les_6_a_8_ans\"><\/span>\ud83d\udd35 Tablier de Protection Bleu &#8211; Pour les 6 \u00e0 8 ans<span class=\"ez-toc-section-end\"><\/span><\/h3>\n<p class=\"whitespace-normal break-words\"><strong><a class=\"underline\" href=\"https:\/\/lesminis.fr\/tablier-protection-bleu-6-8-ans-manches-longues-autres-e009151\/28555.html\">D\u00e9couvrir le tablier bleu \u2192<\/a><\/strong><\/p>\n<p class=\"whitespace-normal break-words\"><strong>Pour qui ?<\/strong> Les enfants de primaire (CP, CE1, CE2) qui ont des ateliers artistiques r\u00e9guliers \u00e0 l&rsquo;\u00e9cole.<\/p>\n<p class=\"whitespace-normal break-words\"><strong>Pourquoi cette taille ?<\/strong> Entre 6 et 8 ans, votre enfant mesure entre 110 et 130 cm. Le tablier de 70 \u00d7 58 cm offre une couverture g\u00e9n\u00e9reuse jusqu&rsquo;aux genoux. Les dimensions sont pens\u00e9es pour les tables d&rsquo;\u00e9cole, les d\u00e9placements vers les \u00e9viers, les gestes plus amples.<\/p>\n<p class=\"whitespace-normal break-words\"><strong>Le gros plus<\/strong> : Le nylon haute densit\u00e9 encaisse l&rsquo;usage intensif. Une utilisation par semaine \u00e0 l&rsquo;\u00e9cole + le centre de loisirs du mercredi + les projets maison le week-end = ce tablier tient 3 ans sans broncher.<\/p>\n<p class=\"whitespace-normal break-words\"><strong>Id\u00e9al pour<\/strong> : Arts plastiques scolaires, gouache, acrylique, encre, grands formats, projets collectifs, ateliers p\u00e9riscolaires.<\/p>\n<hr class=\"border-border-300 my-2\" \/>\n<h3 class=\"text-lg font-bold text-text-100 mt-1 -mb-1.5\"><span class=\"ez-toc-section\" id=\"%F0%9F%9F%A2_Tablier_de_Protection_Vert_%E2%80%93_Pour_les_9_a_12_ans\"><\/span>\ud83d\udfe2 Tablier de Protection Vert &#8211; Pour les 9 \u00e0 12 ans<span class=\"ez-toc-section-end\"><\/span><\/h3>\n<p class=\"whitespace-normal break-words\"><strong><a class=\"underline\" href=\"https:\/\/lesminis.fr\/tablier-protection-vert-9-12-ans-manches-longues-autres-e009152\/28556.html\">D\u00e9couvrir le tablier vert \u2192<\/a><\/strong><\/p>\n<p class=\"whitespace-normal break-words\"><strong>Pour qui ?<\/strong> Les pr\u00e9ados en fin de primaire et au coll\u00e8ge (CM1, CM2, 6\u00e8me, 5\u00e8me) qui m\u00e8nent des projets artistiques ambitieux.<\/p>\n<p class=\"whitespace-normal break-words\"><strong>Pourquoi cette taille ?<\/strong> \u00c0 9-12 ans, votre enfant mesure entre 130 et 160 cm. Le tablier de 85 \u00d7 63 cm est dimensionn\u00e9 grand pour suivre leur croissance. La largeur importante prot\u00e8ge aussi les c\u00f4t\u00e9s quand ils se penchent sur de grandes toiles ou des projets complexes.<\/p>\n<p class=\"whitespace-normal break-words\"><strong>Le gros plus<\/strong> : Con\u00e7u pour r\u00e9sister aux mat\u00e9riaux permanents (acrylique, encre de Chine, marqueurs ind\u00e9l\u00e9biles, bombes de peinture). Votre pr\u00e9ado peut oser les techniques avanc\u00e9es sans limite.<\/p>\n<p class=\"whitespace-normal break-words\"><strong>Id\u00e9al pour<\/strong> : Cours d&rsquo;arts plastiques coll\u00e8ge, peinture sur toile, customisation textile, street art encadr\u00e9, projets personnels, techniques mixtes.<\/p>\n<hr class=\"border-border-300 my-2\" \/>\n<h2 class=\"text-xl font-bold text-text-100 mt-1 -mb-0.5\"><span class=\"ez-toc-section\" id=\"Tableau_Comparatif_%E2%80%93_Trouvez_le_Bon_Tablier_en_un_Coup_dOEil\"><\/span>Tableau Comparatif &#8211; Trouvez le Bon Tablier en un Coup d&rsquo;\u0152il<span class=\"ez-toc-section-end\"><\/span><\/h2>\n<table class=\"bg-bg-100 min-w-full border-separate border-spacing-0 text-sm leading-[1.88888] whitespace-normal\">\n<thead class=\"border-b-border-100\/50 border-b-[0.5px] text-left\">\n<tr class=\"[tbody&gt;&amp;]:odd:bg-bg-500\/10\">\n<th class=\"text-text-000 [&amp;:not(:first-child)]:-x-[hsla(var(--border-100) \/ 0.5)] px-2 [&amp;:not(:first-child)]:border-l-[0.5px]\">Crit\u00e8re<\/th>\n<th class=\"text-text-000 [&amp;:not(:first-child)]:-x-[hsla(var(--border-100) \/ 0.5)] px-2 [&amp;:not(:first-child)]:border-l-[0.5px]\">\ud83d\udd34 <strong>ROUGE 3-5 ans<\/strong><\/th>\n<th class=\"text-text-000 [&amp;:not(:first-child)]:-x-[hsla(var(--border-100) \/ 0.5)] px-2 [&amp;:not(:first-child)]:border-l-[0.5px]\">\ud83d\udd35 <strong>BLEU 6-8 ans<\/strong><\/th>\n<th class=\"text-text-000 [&amp;:not(:first-child)]:-x-[hsla(var(--border-100) \/ 0.5)] px-2 [&amp;:not(:first-child)]:border-l-[0.5px]\">\ud83d\udfe2 <strong>VERT 9-12 ans<\/strong><\/th>\n<\/tr>\n<\/thead>\n<tbody>\n<tr class=\"[tbody&gt;&amp;]:odd:bg-bg-500\/10\">\n<td class=\"border-t-border-100\/50 [&amp;:not(:first-child)]:-x-[hsla(var(--border-100) \/ 0.5)] border-t-[0.5px] px-2 [&amp;:not(:first-child)]:border-l-[0.5px]\"><strong>\u00c2ge recommand\u00e9<\/strong><\/td>\n<td class=\"border-t-border-100\/50 [&amp;:not(:first-child)]:-x-[hsla(var(--border-100) \/ 0.5)] border-t-[0.5px] px-2 [&amp;:not(:first-child)]:border-l-[0.5px]\">Maternelle (3-5 ans)<\/td>\n<td class=\"border-t-border-100\/50 [&amp;:not(:first-child)]:-x-[hsla(var(--border-100) \/ 0.5)] border-t-[0.5px] px-2 [&amp;:not(:first-child)]:border-l-[0.5px]\">Primaire (6-8 ans)<\/td>\n<td class=\"border-t-border-100\/50 [&amp;:not(:first-child)]:-x-[hsla(var(--border-100) \/ 0.5)] border-t-[0.5px] px-2 [&amp;:not(:first-child)]:border-l-[0.5px]\">Fin primaire\/Coll\u00e8ge (9-12 ans)<\/td>\n<\/tr>\n<tr class=\"[tbody&gt;&amp;]:odd:bg-bg-500\/10\">\n<td class=\"border-t-border-100\/50 [&amp;:not(:first-child)]:-x-[hsla(var(--border-100) \/ 0.5)] border-t-[0.5px] px-2 [&amp;:not(:first-child)]:border-l-[0.5px]\"><strong>Taille enfant<\/strong><\/td>\n<td class=\"border-t-border-100\/50 [&amp;:not(:first-child)]:-x-[hsla(var(--border-100) \/ 0.5)] border-t-[0.5px] px-2 [&amp;:not(:first-child)]:border-l-[0.5px]\">90 \u00e0 110 cm<\/td>\n<td class=\"border-t-border-100\/50 [&amp;:not(:first-child)]:-x-[hsla(var(--border-100) \/ 0.5)] border-t-[0.5px] px-2 [&amp;:not(:first-child)]:border-l-[0.5px]\">110 \u00e0 130 cm<\/td>\n<td class=\"border-t-border-100\/50 [&amp;:not(:first-child)]:-x-[hsla(var(--border-100) \/ 0.5)] border-t-[0.5px] px-2 [&amp;:not(:first-child)]:border-l-[0.5px]\">130 \u00e0 160 cm<\/td>\n<\/tr>\n<tr class=\"[tbody&gt;&amp;]:odd:bg-bg-500\/10\">\n<td class=\"border-t-border-100\/50 [&amp;:not(:first-child)]:-x-[hsla(var(--border-100) \/ 0.5)] border-t-[0.5px] px-2 [&amp;:not(:first-child)]:border-l-[0.5px]\"><strong>Dimensions tablier<\/strong><\/td>\n<td class=\"border-t-border-100\/50 [&amp;:not(:first-child)]:-x-[hsla(var(--border-100) \/ 0.5)] border-t-[0.5px] px-2 [&amp;:not(:first-child)]:border-l-[0.5px]\">56 \u00d7 53 cm<\/td>\n<td class=\"border-t-border-100\/50 [&amp;:not(:first-child)]:-x-[hsla(var(--border-100) \/ 0.5)] border-t-[0.5px] px-2 [&amp;:not(:first-child)]:border-l-[0.5px]\">70 \u00d7 58 cm<\/td>\n<td class=\"border-t-border-100\/50 [&amp;:not(:first-child)]:-x-[hsla(var(--border-100) \/ 0.5)] border-t-[0.5px] px-2 [&amp;:not(:first-child)]:border-l-[0.5px]\">85 \u00d7 63 cm<\/td>\n<\/tr>\n<tr class=\"[tbody&gt;&amp;]:odd:bg-bg-500\/10\">\n<td class=\"border-t-border-100\/50 [&amp;:not(:first-child)]:-x-[hsla(var(--border-100) \/ 0.5)] border-t-[0.5px] px-2 [&amp;:not(:first-child)]:border-l-[0.5px]\"><strong>Mati\u00e8re<\/strong><\/td>\n<td class=\"border-t-border-100\/50 [&amp;:not(:first-child)]:-x-[hsla(var(--border-100) \/ 0.5)] border-t-[0.5px] px-2 [&amp;:not(:first-child)]:border-l-[0.5px]\">Polyester imperm\u00e9able<\/td>\n<td class=\"border-t-border-100\/50 [&amp;:not(:first-child)]:-x-[hsla(var(--border-100) \/ 0.5)] border-t-[0.5px] px-2 [&amp;:not(:first-child)]:border-l-[0.5px]\">Polyester imperm\u00e9able<\/td>\n<td class=\"border-t-border-100\/50 [&amp;:not(:first-child)]:-x-[hsla(var(--border-100) \/ 0.5)] border-t-[0.5px] px-2 [&amp;:not(:first-child)]:border-l-[0.5px]\">Polyester haute r\u00e9sistance<\/td>\n<\/tr>\n<tr class=\"[tbody&gt;&amp;]:odd:bg-bg-500\/10\">\n<td class=\"border-t-border-100\/50 [&amp;:not(:first-child)]:-x-[hsla(var(--border-100) \/ 0.5)] border-t-[0.5px] px-2 [&amp;:not(:first-child)]:border-l-[0.5px]\"><strong>Manches<\/strong><\/td>\n<td class=\"border-t-border-100\/50 [&amp;:not(:first-child)]:-x-[hsla(var(--border-100) \/ 0.5)] border-t-[0.5px] px-2 [&amp;:not(:first-child)]:border-l-[0.5px]\">Longues avec \u00e9lastiques<\/td>\n<td class=\"border-t-border-100\/50 [&amp;:not(:first-child)]:-x-[hsla(var(--border-100) \/ 0.5)] border-t-[0.5px] px-2 [&amp;:not(:first-child)]:border-l-[0.5px]\">Longues avec \u00e9lastiques<\/td>\n<td class=\"border-t-border-100\/50 [&amp;:not(:first-child)]:-x-[hsla(var(--border-100) \/ 0.5)] border-t-[0.5px] px-2 [&amp;:not(:first-child)]:border-l-[0.5px]\">Longues avec \u00e9lastiques renforc\u00e9s<\/td>\n<\/tr>\n<tr class=\"[tbody&gt;&amp;]:odd:bg-bg-500\/10\">\n<td class=\"border-t-border-100\/50 [&amp;:not(:first-child)]:-x-[hsla(var(--border-100) \/ 0.5)] border-t-[0.5px] px-2 [&amp;:not(:first-child)]:border-l-[0.5px]\"><strong>Fermeture<\/strong><\/td>\n<td class=\"border-t-border-100\/50 [&amp;:not(:first-child)]:-x-[hsla(var(--border-100) \/ 0.5)] border-t-[0.5px] px-2 [&amp;:not(:first-child)]:border-l-[0.5px]\">Velcro dorsal simple<\/td>\n<td class=\"border-t-border-100\/50 [&amp;:not(:first-child)]:-x-[hsla(var(--border-100) \/ 0.5)] border-t-[0.5px] px-2 [&amp;:not(:first-child)]:border-l-[0.5px]\">Velcro dorsal large<\/td>\n<td class=\"border-t-border-100\/50 [&amp;:not(:first-child)]:-x-[hsla(var(--border-100) \/ 0.5)] border-t-[0.5px] px-2 [&amp;:not(:first-child)]:border-l-[0.5px]\">Velcro dorsal extra-large<\/td>\n<\/tr>\n<tr class=\"[tbody&gt;&amp;]:odd:bg-bg-500\/10\">\n<td class=\"border-t-border-100\/50 [&amp;:not(:first-child)]:-x-[hsla(var(--border-100) \/ 0.5)] border-t-[0.5px] px-2 [&amp;:not(:first-child)]:border-l-[0.5px]\"><strong>Protection<\/strong><\/td>\n<td class=\"border-t-border-100\/50 [&amp;:not(:first-child)]:-x-[hsla(var(--border-100) \/ 0.5)] border-t-[0.5px] px-2 [&amp;:not(:first-child)]:border-l-[0.5px]\">Cou jusqu&rsquo;aux cuisses<\/td>\n<td class=\"border-t-border-100\/50 [&amp;:not(:first-child)]:-x-[hsla(var(--border-100) \/ 0.5)] border-t-[0.5px] px-2 [&amp;:not(:first-child)]:border-l-[0.5px]\">Cou jusqu&rsquo;aux cuisses<\/td>\n<td class=\"border-t-border-100\/50 [&amp;:not(:first-child)]:-x-[hsla(var(--border-100) \/ 0.5)] border-t-[0.5px] px-2 [&amp;:not(:first-child)]:border-l-[0.5px]\">Cou jusqu&rsquo;aux cuisses<\/td>\n<\/tr>\n<tr class=\"[tbody&gt;&amp;]:odd:bg-bg-500\/10\">\n<td class=\"border-t-border-100\/50 [&amp;:not(:first-child)]:-x-[hsla(var(--border-100) \/ 0.5)] border-t-[0.5px] px-2 [&amp;:not(:first-child)]:border-l-[0.5px]\"><strong>Usage typique<\/strong><\/td>\n<td class=\"border-t-border-100\/50 [&amp;:not(:first-child)]:-x-[hsla(var(--border-100) \/ 0.5)] border-t-[0.5px] px-2 [&amp;:not(:first-child)]:border-l-[0.5px]\">D\u00e9couverte, exploration<\/td>\n<td class=\"border-t-border-100\/50 [&amp;:not(:first-child)]:-x-[hsla(var(--border-100) \/ 0.5)] border-t-[0.5px] px-2 [&amp;:not(:first-child)]:border-l-[0.5px]\">\u00c9cole + loisirs intensif<\/td>\n<td class=\"border-t-border-100\/50 [&amp;:not(:first-child)]:-x-[hsla(var(--border-100) \/ 0.5)] border-t-[0.5px] px-2 [&amp;:not(:first-child)]:border-l-[0.5px]\">Projets ambitieux, techniques pro<\/td>\n<\/tr>\n<tr class=\"[tbody&gt;&amp;]:odd:bg-bg-500\/10\">\n<td class=\"border-t-border-100\/50 [&amp;:not(:first-child)]:-x-[hsla(var(--border-100) \/ 0.5)] border-t-[0.5px] px-2 [&amp;:not(:first-child)]:border-l-[0.5px]\"><strong>R\u00e9siste \u00e0<\/strong><\/td>\n<td class=\"border-t-border-100\/50 [&amp;:not(:first-child)]:-x-[hsla(var(--border-100) \/ 0.5)] border-t-[0.5px] px-2 [&amp;:not(:first-child)]:border-l-[0.5px]\">Gouache, colle, eau<\/td>\n<td class=\"border-t-border-100\/50 [&amp;:not(:first-child)]:-x-[hsla(var(--border-100) \/ 0.5)] border-t-[0.5px] px-2 [&amp;:not(:first-child)]:border-l-[0.5px]\">Gouache, acrylique, encre<\/td>\n<td class=\"border-t-border-100\/50 [&amp;:not(:first-child)]:-x-[hsla(var(--border-100) \/ 0.5)] border-t-[0.5px] px-2 [&amp;:not(:first-child)]:border-l-[0.5px]\">Acrylique, encre permanente, marqueurs<\/td>\n<\/tr>\n<tr class=\"[tbody&gt;&amp;]:odd:bg-bg-500\/10\">\n<td class=\"border-t-border-100\/50 [&amp;:not(:first-child)]:-x-[hsla(var(--border-100) \/ 0.5)] border-t-[0.5px] px-2 [&amp;:not(:first-child)]:border-l-[0.5px]\"><strong>Entretien<\/strong><\/td>\n<td class=\"border-t-border-100\/50 [&amp;:not(:first-child)]:-x-[hsla(var(--border-100) \/ 0.5)] border-t-[0.5px] px-2 [&amp;:not(:first-child)]:border-l-[0.5px]\">Machine 30\u00b0C, s\u00e9chage 30 min<\/td>\n<td class=\"border-t-border-100\/50 [&amp;:not(:first-child)]:-x-[hsla(var(--border-100) \/ 0.5)] border-t-[0.5px] px-2 [&amp;:not(:first-child)]:border-l-[0.5px]\">Machine 30\u00b0C, s\u00e9chage 30 min<\/td>\n<td class=\"border-t-border-100\/50 [&amp;:not(:first-child)]:-x-[hsla(var(--border-100) \/ 0.5)] border-t-[0.5px] px-2 [&amp;:not(:first-child)]:border-l-[0.5px]\">Machine 30\u00b0C, s\u00e9chage 30 min<\/td>\n<\/tr>\n<tr class=\"[tbody&gt;&amp;]:odd:bg-bg-500\/10\">\n<td class=\"border-t-border-100\/50 [&amp;:not(:first-child)]:-x-[hsla(var(--border-100) \/ 0.5)] border-t-[0.5px] px-2 [&amp;:not(:first-child)]:border-l-[0.5px]\"><strong>Dur\u00e9e de vie<\/strong><\/td>\n<td class=\"border-t-border-100\/50 [&amp;:not(:first-child)]:-x-[hsla(var(--border-100) \/ 0.5)] border-t-[0.5px] px-2 [&amp;:not(:first-child)]:border-l-[0.5px]\">3 ans (PS \u00e0 GS)<\/td>\n<td class=\"border-t-border-100\/50 [&amp;:not(:first-child)]:-x-[hsla(var(--border-100) \/ 0.5)] border-t-[0.5px] px-2 [&amp;:not(:first-child)]:border-l-[0.5px]\">3 ans (CP \u00e0 CE2)<\/td>\n<td class=\"border-t-border-100\/50 [&amp;:not(:first-child)]:-x-[hsla(var(--border-100) \/ 0.5)] border-t-[0.5px] px-2 [&amp;:not(:first-child)]:border-l-[0.5px]\">3-4 ans (CM1 \u00e0 5\u00e8me)<\/td>\n<\/tr>\n<tr class=\"[tbody&gt;&amp;]:odd:bg-bg-500\/10\">\n<td class=\"border-t-border-100\/50 [&amp;:not(:first-child)]:-x-[hsla(var(--border-100) \/ 0.5)] border-t-[0.5px] px-2 [&amp;:not(:first-child)]:border-l-[0.5px]\"><strong>Couleur rep\u00e8re<\/strong><\/td>\n<td class=\"border-t-border-100\/50 [&amp;:not(:first-child)]:-x-[hsla(var(--border-100) \/ 0.5)] border-t-[0.5px] px-2 [&amp;:not(:first-child)]:border-l-[0.5px]\">Rouge vif<\/td>\n<td class=\"border-t-border-100\/50 [&amp;:not(:first-child)]:-x-[hsla(var(--border-100) \/ 0.5)] border-t-[0.5px] px-2 [&amp;:not(:first-child)]:border-l-[0.5px]\">Bleu oc\u00e9an<\/td>\n<td class=\"border-t-border-100\/50 [&amp;:not(:first-child)]:-x-[hsla(var(--border-100) \/ 0.5)] border-t-[0.5px] px-2 [&amp;:not(:first-child)]:border-l-[0.5px]\">Vert<\/td>\n<\/tr>\n<tr class=\"[tbody&gt;&amp;]:odd:bg-bg-500\/10\">\n<td class=\"border-t-border-100\/50 [&amp;:not(:first-child)]:-x-[hsla(var(--border-100) \/ 0.5)] border-t-[0.5px] px-2 [&amp;:not(:first-child)]:border-l-[0.5px]\"><strong>Prix indicatif<\/strong><\/td>\n<td class=\"border-t-border-100\/50 [&amp;:not(:first-child)]:-x-[hsla(var(--border-100) \/ 0.5)] border-t-[0.5px] px-2 [&amp;:not(:first-child)]:border-l-[0.5px]\">~9\u20ac<\/td>\n<td class=\"border-t-border-100\/50 [&amp;:not(:first-child)]:-x-[hsla(var(--border-100) \/ 0.5)] border-t-[0.5px] px-2 [&amp;:not(:first-child)]:border-l-[0.5px]\">~10\u20ac<\/td>\n<td class=\"border-t-border-100\/50 [&amp;:not(:first-child)]:-x-[hsla(var(--border-100) \/ 0.5)] border-t-[0.5px] px-2 [&amp;:not(:first-child)]:border-l-[0.5px]\">~13\u20ac<\/td>\n<\/tr>\n<tr class=\"[tbody&gt;&amp;]:odd:bg-bg-500\/10\">\n<td class=\"border-t-border-100\/50 [&amp;:not(:first-child)]:-x-[hsla(var(--border-100) \/ 0.5)] border-t-[0.5px] px-2 [&amp;:not(:first-child)]:border-l-[0.5px]\"><strong>Lien produit<\/strong><\/td>\n<td class=\"border-t-border-100\/50 [&amp;:not(:first-child)]:-x-[hsla(var(--border-100) \/ 0.5)] border-t-[0.5px] px-2 [&amp;:not(:first-child)]:border-l-[0.5px]\"><a class=\"underline\" href=\"https:\/\/lesminis.fr\/tablier-peinture-rouge-3-5-ans-manches-longues-autres-e009127\/28554.html\">Voir le tablier rouge<\/a><\/td>\n<td class=\"border-t-border-100\/50 [&amp;:not(:first-child)]:-x-[hsla(var(--border-100) \/ 0.5)] border-t-[0.5px] px-2 [&amp;:not(:first-child)]:border-l-[0.5px]\"><a class=\"underline\" href=\"https:\/\/lesminis.fr\/tablier-protection-bleu-6-8-ans-manches-longues-autres-e009151\/28555.html\">Voir le tablier bleu<\/a><\/td>\n<td class=\"border-t-border-100\/50 [&amp;:not(:first-child)]:-x-[hsla(var(--border-100) \/ 0.5)] border-t-[0.5px] px-2 [&amp;:not(:first-child)]:border-l-[0.5px]\"><a class=\"underline\" href=\"https:\/\/lesminis.fr\/tablier-protection-vert-9-12-ans-manches-longues-autres-e009152\/28556.html\">Voir le tablier vert<\/a><\/td>\n<\/tr>\n<\/tbody>\n<\/table>\n<hr class=\"border-border-300 my-2\" \/>\n<h2 class=\"text-xl font-bold text-text-100 mt-1 -mb-0.5\"><span class=\"ez-toc-section\" id=\"Comment_Choisir_Le_Guide_Selon_Votre_Situation\"><\/span>Comment Choisir ? Le Guide Selon Votre Situation<span class=\"ez-toc-section-end\"><\/span><\/h2>\n<h3 class=\"text-lg font-bold text-text-100 mt-1 -mb-1.5\"><span class=\"ez-toc-section\" id=\"Situation_1_Votre_enfant_entre_en_maternelle\"><\/span>Situation 1 : Votre enfant entre en maternelle<span class=\"ez-toc-section-end\"><\/span><\/h3>\n<p class=\"whitespace-normal break-words\"><strong>\u00c2ge<\/strong> : 3 \u00e0 5 ans<br \/>\n<strong>Besoin<\/strong> : Premier tablier pour les ateliers d\u00e9couverte<br \/>\n<strong>Choix recommand\u00e9<\/strong> : <strong>\ud83d\udd34 Tablier Rouge 3-5 ans<\/strong><\/p>\n<p class=\"whitespace-normal break-words\"><strong>Pourquoi ?<\/strong> Les dimensions sont parfaites pour ne pas entraver ses mouvements. La fermeture Velcro simple lui permet de d\u00e9velopper son autonomie (objectif cl\u00e9 en Montessori). Le nylon l\u00e9ger ne le g\u00eane pas, m\u00eame s&rsquo;il est sensible aux textures.<\/p>\n<p class=\"whitespace-normal break-words\"><strong>Conseil pratique<\/strong> : Installez un crochet \u00e0 sa hauteur pour qu&rsquo;il prenne l&rsquo;habitude de ranger son tablier apr\u00e8s chaque activit\u00e9. Ce rituel structure ses moments cr\u00e9atifs.<\/p>\n<hr class=\"border-border-300 my-2\" \/>\n<h3 class=\"text-lg font-bold text-text-100 mt-1 -mb-1.5\"><span class=\"ez-toc-section\" id=\"Situation_2_Votre_enfant_commence_le_CP\"><\/span>Situation 2 : Votre enfant commence le CP<span class=\"ez-toc-section-end\"><\/span><\/h3>\n<p class=\"whitespace-normal break-words\"><strong>\u00c2ge<\/strong> : 6 \u00e0 8 ans<br \/>\n<strong>Besoin<\/strong> : Tablier pour l&rsquo;\u00e9cole + activit\u00e9s extrascolaires<br \/>\n<strong>Choix recommand\u00e9<\/strong> : <strong>\ud83d\udd35 Tablier Bleu 6-8 ans<\/strong><\/p>\n<p class=\"whitespace-normal break-words\"><strong>Pourquoi ?<\/strong> L&rsquo;\u00e9cole primaire multiplie les ateliers artistiques. Le tablier bleu est dimensionn\u00e9 pour un usage hebdomadaire intensif. Sa r\u00e9sistance m\u00e9canique encaisse les manipulations quotidiennes sans se d\u00e9grader.<\/p>\n<p class=\"whitespace-normal break-words\"><strong>Conseil pratique<\/strong> : Cousez une \u00e9tiquette pr\u00e9nom bien visible. Dans une classe de 25, \u00e7a \u00e9vite les \u00e9changes accidentels. Lavez-le tous les 3-4 ateliers pour maintenir l&rsquo;imperm\u00e9abilit\u00e9 optimale.<\/p>\n<hr class=\"border-border-300 my-2\" \/>\n<h3 class=\"text-lg font-bold text-text-100 mt-1 -mb-1.5\"><span class=\"ez-toc-section\" id=\"Situation_3_Votre_preado_veut_creer_ses_propres_projets\"><\/span>Situation 3 : Votre pr\u00e9ado veut cr\u00e9er ses propres projets<span class=\"ez-toc-section-end\"><\/span><\/h3>\n<p class=\"whitespace-normal break-words\"><strong>\u00c2ge<\/strong> : 9 \u00e0 12 ans<br \/>\n<strong>Besoin<\/strong> : Protection pour techniques avanc\u00e9es et projets perso<br \/>\n<strong>Choix recommand\u00e9<\/strong> : <strong>\ud83d\udfe2 Tablier Vert 9-12 ans<\/strong><\/p>\n<p class=\"whitespace-normal break-words\"><strong>Pourquoi ?<\/strong> Les dimensions grandes tailles suivent leur croissance rapide. Le nylon haute r\u00e9sistance prot\u00e8ge contre les mat\u00e9riaux permanents qu&rsquo;ils utilisent (acrylique, encre de Chine, marqueurs Posca). Votre pr\u00e9ado peut mener ses projets en autonomie.<\/p>\n<p class=\"whitespace-normal break-words\"><strong>Conseil pratique<\/strong> : Laissez-le g\u00e9rer l&rsquo;entretien de son tablier. \u00c0 cet \u00e2ge, c&rsquo;est un apprentissage de responsabilit\u00e9. Il utilise, il nettoie, il range.<\/p>\n<hr class=\"border-border-300 my-2\" \/>\n<h3 class=\"text-lg font-bold text-text-100 mt-1 -mb-1.5\"><span class=\"ez-toc-section\" id=\"Situation_4_Vous_avez_plusieurs_enfants_dages_differents\"><\/span>Situation 4 : Vous avez plusieurs enfants d&rsquo;\u00e2ges diff\u00e9rents<span class=\"ez-toc-section-end\"><\/span><\/h3>\n<p class=\"whitespace-normal break-words\"><strong>\u00c2ge<\/strong> : Fratrie de 3 \u00e0 12 ans<br \/>\n<strong>Besoin<\/strong> : Plusieurs tabliers sans confusion<br \/>\n<strong>Choix recommand\u00e9<\/strong> : <strong>Un tablier de chaque couleur<\/strong><\/p>\n<p class=\"whitespace-normal break-words\"><strong>Pourquoi ?<\/strong> Le syst\u00e8me de couleurs \u00e9vite toute confusion. \u00ab\u00a0Le rouge c&rsquo;est \u00e0 moi, le bleu c&rsquo;est \u00e0 mon grand fr\u00e8re, le vert c&rsquo;est \u00e0 ma grande s\u0153ur.\u00a0\u00bb Chacun son \u00e9quipement, pas de disputes. Et en grandissant, on passe naturellement au tablier de la couleur sup\u00e9rieure.<\/p>\n<p class=\"whitespace-normal break-words\"><strong>Conseil pratique<\/strong> : Installez trois crochhs \u00e0 diff\u00e9rentes hauteurs dans votre espace cr\u00e9atif. Les enfants visualisent imm\u00e9diatement \u00ab\u00a0leur\u00a0\u00bb tablier et le rangent au bon endroit.<\/p>\n<hr class=\"border-border-300 my-2\" \/>\n<h2 class=\"text-xl font-bold text-text-100 mt-1 -mb-0.5\"><span class=\"ez-toc-section\" id=\"Les_5_Criteres_dun_Bon_Tablier_de_Protection\"><\/span>Les 5 Crit\u00e8res d&rsquo;un Bon Tablier de Protection<span class=\"ez-toc-section-end\"><\/span><\/h2>\n<h3 class=\"text-lg font-bold text-text-100 mt-1 -mb-1.5\"><span class=\"ez-toc-section\" id=\"1_La_matiere_nylon_%3E_tout_le_reste\"><\/span>1. La mati\u00e8re : nylon &gt; tout le reste<span class=\"ez-toc-section-end\"><\/span><\/h3>\n<p class=\"whitespace-normal break-words\"><strong>Pourquoi le nylon ?<\/strong><\/p>\n<ul class=\"[&amp;:not(:last-child)_ul]:pb-1 [&amp;:not(:last-child)_ol]:pb-1 list-disc space-y-1.5 pl-7\">\n<li class=\"whitespace-normal break-words\"><strong>Imperm\u00e9abilit\u00e9 r\u00e9elle<\/strong> : l&rsquo;eau et les peintures aqueuses perlent en surface<\/li>\n<li class=\"whitespace-normal break-words\"><strong>S\u00e9chage express<\/strong> : 30 minutes \u00e0 l&rsquo;air libre contre 6h pour du coton<\/li>\n<li class=\"whitespace-normal break-words\"><strong>R\u00e9sistance m\u00e9canique<\/strong> : supporte les tiraillements sans se d\u00e9chirer<\/li>\n<li class=\"whitespace-normal break-words\"><strong>Facilit\u00e9 d&rsquo;entretien<\/strong> : un coup d&rsquo;\u00e9ponge suffit souvent<\/li>\n<\/ul>\n<p class=\"whitespace-normal break-words\"><strong>\u00c0 \u00e9viter<\/strong> : les tabliers en coton (absorbent les taches), en plastique rigide (inconfortables et se d\u00e9chirent).<\/p>\n<hr class=\"border-border-300 my-2\" \/>\n<h3 class=\"text-lg font-bold text-text-100 mt-1 -mb-1.5\"><span class=\"ez-toc-section\" id=\"2_Les_manches_longues_avec_elastiques\"><\/span>2. Les manches longues avec \u00e9lastiques<span class=\"ez-toc-section-end\"><\/span><\/h3>\n<p class=\"whitespace-normal break-words\"><strong>Pourquoi c&rsquo;est essentiel ?<\/strong><\/p>\n<p class=\"whitespace-normal break-words\">Les avant-bras sont la zone la plus expos\u00e9e aux taches. Un enfant qui peint :<\/p>\n<ul class=\"[&amp;:not(:last-child)_ul]:pb-1 [&amp;:not(:last-child)_ol]:pb-1 list-disc space-y-1.5 pl-7\">\n<li class=\"whitespace-normal break-words\">Plonge ses mains dans les pots de couleur<\/li>\n<li class=\"whitespace-normal break-words\">Frotte ses manches contre la table barbouill\u00e9e<\/li>\n<li class=\"whitespace-normal break-words\">Appuie ses avant-bras sur sa feuille encore humide<\/li>\n<\/ul>\n<p class=\"whitespace-normal break-words\"><strong>Un tablier sans manches prot\u00e8ge le torse mais pas les bras = v\u00eatements tach\u00e9s quand m\u00eame.<\/strong><\/p>\n<p class=\"whitespace-normal break-words\">Les \u00e9lastiques aux poignets emp\u00eachent le tissu de remonter, m\u00eame pendant une heure d&rsquo;atelier intense.<\/p>\n<hr class=\"border-border-300 my-2\" \/>\n<h3 class=\"text-lg font-bold text-text-100 mt-1 -mb-1.5\"><span class=\"ez-toc-section\" id=\"3_La_fermeture_Velcro_pas_des_liens\"><\/span>3. La fermeture Velcro (pas des liens)<span class=\"ez-toc-section-end\"><\/span><\/h3>\n<p class=\"whitespace-normal break-words\"><strong>Pourquoi le Velcro l&#8217;emporte ?<\/strong><\/p>\n<ul class=\"[&amp;:not(:last-child)_ul]:pb-1 [&amp;:not(:last-child)_ol]:pb-1 list-disc space-y-1.5 pl-7\">\n<li class=\"whitespace-normal break-words\"><strong>Rapidit\u00e9<\/strong> : 3 secondes pour enfiler ou enlever le tablier<\/li>\n<li class=\"whitespace-normal break-words\"><strong>Autonomie<\/strong> : un enfant de 4 ans peut s&rsquo;\u00e9quiper seul<\/li>\n<li class=\"whitespace-normal break-words\"><strong>Ajustement<\/strong> : s&rsquo;adapte aux diff\u00e9rentes morphologies<\/li>\n<li class=\"whitespace-normal break-words\"><strong>Durabilit\u00e9<\/strong> : tient 100+ cycles sans d\u00e9faillance<\/li>\n<\/ul>\n<p class=\"whitespace-normal break-words\"><strong>\u00c0 \u00e9viter<\/strong> : les liens \u00e0 nouer (se d\u00e9font pendant l&rsquo;activit\u00e9), les boutons (sautent au lavage), les syst\u00e8mes \u00e9lastiques simples (tailles inadapt\u00e9es).<\/p>\n<hr class=\"border-border-300 my-2\" \/>\n<h3 class=\"text-lg font-bold text-text-100 mt-1 -mb-1.5\"><span class=\"ez-toc-section\" id=\"4_Des_dimensions_adaptees_a_lage\"><\/span>4. Des dimensions adapt\u00e9es \u00e0 l&rsquo;\u00e2ge<span class=\"ez-toc-section-end\"><\/span><\/h3>\n<p class=\"whitespace-normal break-words\"><strong>Le probl\u00e8me des tailles uniques<\/strong> :<\/p>\n<ul class=\"[&amp;:not(:last-child)_ul]:pb-1 [&amp;:not(:last-child)_ol]:pb-1 list-disc space-y-1.5 pl-7\">\n<li class=\"whitespace-normal break-words\">Trop grand pour un petit de 3 ans \u2192 tra\u00eene au sol, entrave les mouvements<\/li>\n<li class=\"whitespace-normal break-words\">Trop petit pour un pr\u00e9ado de 12 ans \u2192 ne couvre plus suffisamment<\/li>\n<\/ul>\n<p class=\"whitespace-normal break-words\"><strong>La solution<\/strong> : trois tailles distinctes (rouge, bleu, vert) qui suivent la croissance naturelle de l&rsquo;enfant.<\/p>\n<hr class=\"border-border-300 my-2\" \/>\n<h3 class=\"text-lg font-bold text-text-100 mt-1 -mb-1.5\"><span class=\"ez-toc-section\" id=\"5_La_facilite_dentretien\"><\/span>5. La facilit\u00e9 d&rsquo;entretien<span class=\"ez-toc-section-end\"><\/span><\/h3>\n<p class=\"whitespace-normal break-words\"><strong>Un bon tablier doit \u00eatre<\/strong> :<\/p>\n<ul class=\"[&amp;:not(:last-child)_ul]:pb-1 [&amp;:not(:last-child)_ol]:pb-1 list-disc space-y-1.5 pl-7\">\n<li class=\"whitespace-normal break-words\">Lavable en machine \u00e0 30\u00b0C (temp\u00e9rature standard)<\/li>\n<li class=\"whitespace-normal break-words\">S\u00e9chage rapide sans s\u00e8che-linge<\/li>\n<li class=\"whitespace-normal break-words\">R\u00e9sistant aux lavages r\u00e9p\u00e9t\u00e9s<\/li>\n<li class=\"whitespace-normal break-words\">Sans repassage n\u00e9cessaire<\/li>\n<\/ul>\n<p class=\"whitespace-normal break-words\">Si vous devez le laver \u00e0 la main ou attendre deux jours qu&rsquo;il s\u00e8che, vous ne l&rsquo;utiliserez pas assez souvent.<\/p>\n<hr class=\"border-border-300 my-2\" \/>\n<h2 class=\"text-xl font-bold text-text-100 mt-1 -mb-0.5\"><span class=\"ez-toc-section\" id=\"FAQ_%E2%80%93_Vos_Questions_sur_les_Tabliers_de_Protection\"><\/span>FAQ &#8211; Vos Questions sur les Tabliers de Protection<span class=\"ez-toc-section-end\"><\/span><\/h2>\n<h3 class=\"text-lg font-bold text-text-100 mt-1 -mb-1.5\"><span class=\"ez-toc-section\" id=\"Mon_enfant_a_5_ans_et_demi_je_prends_le_rouge_ou_le_bleu\"><\/span>Mon enfant a 5 ans et demi, je prends le rouge ou le bleu ?<span class=\"ez-toc-section-end\"><\/span><\/h3>\n<p class=\"whitespace-normal break-words\"><strong>\u00c7a d\u00e9pend de sa taille.<\/strong> Si votre enfant mesure moins de 110 cm, le rouge conviendra encore 6 \u00e0 8 mois. S&rsquo;il mesure entre 110 et 115 cm, vous pouvez prendre le bleu directement pour avoir plus de marge d&rsquo;\u00e9volution. Au-del\u00e0 de 115 cm, prenez le bleu sans h\u00e9siter.<\/p>\n<hr class=\"border-border-300 my-2\" \/>\n<h3 class=\"text-lg font-bold text-text-100 mt-1 -mb-1.5\"><span class=\"ez-toc-section\" id=\"Est-ce_que_le_nylon_protege_vraiment_ou_cest_du_marketing\"><\/span>Est-ce que le nylon prot\u00e8ge vraiment ou c&rsquo;est du marketing ?<span class=\"ez-toc-section-end\"><\/span><\/h3>\n<p class=\"whitespace-normal break-words\"><strong>C&rsquo;est vraiment efficace.<\/strong> Vous pouvez faire le test : versez un verre d&rsquo;eau color\u00e9e sur le tablier. Le liquide perle en surface et glisse sans p\u00e9n\u00e9trer. Seule limite : si votre enfant trempe ses manches dans un pot de peinture pendant 1 minute, l&rsquo;\u00e9lastique n&rsquo;est pas herm\u00e9tique. Mais pour un usage normal avec \u00e9claboussures, c&rsquo;est parfait.<\/p>\n<hr class=\"border-border-300 my-2\" \/>\n<h3 class=\"text-lg font-bold text-text-100 mt-1 -mb-1.5\"><span class=\"ez-toc-section\" id=\"Mon_fils_deteste_avoir_des_vetements_qui_%C2%AB_collent_%C2%BB_va-t-il_supporter_un_tablier\"><\/span>Mon fils d\u00e9teste avoir des v\u00eatements qui \u00ab\u00a0collent\u00a0\u00bb, va-t-il supporter un tablier ?<span class=\"ez-toc-section-end\"><\/span><\/h3>\n<p class=\"whitespace-normal break-words\"><strong>Bonne nouvelle : le nylon est l\u00e9ger et a\u00e9r\u00e9.<\/strong> Beaucoup d&rsquo;enfants hypersensibles au toucher le tol\u00e8rent mieux qu&rsquo;un tablier en coton \u00e9pais. Le Velcro permet aussi d&rsquo;ajuster le serrage pour ne pas comprimer. Astuce : commencez par le faire porter 5 minutes pour une activit\u00e9 courte, puis allongez progressivement.<\/p>\n<hr class=\"border-border-300 my-2\" \/>\n<h3 class=\"text-lg font-bold text-text-100 mt-1 -mb-1.5\"><span class=\"ez-toc-section\" id=\"Peut-on_utiliser_le_meme_tablier_pour_la_peinture_ET_la_cuisine\"><\/span>Peut-on utiliser le m\u00eame tablier pour la peinture ET la cuisine ?<span class=\"ez-toc-section-end\"><\/span><\/h3>\n<p class=\"whitespace-normal break-words\"><strong>Absolument !<\/strong> Le nylon prot\u00e8ge aussi bien contre la peinture que contre la farine, le chocolat fondu ou les \u00e9claboussures de p\u00e2te. D&rsquo;ailleurs, pour un jeune enfant, cuisiner ensemble EST une activit\u00e9 cr\u00e9ative et sensorielle.<\/p>\n<hr class=\"border-border-300 my-2\" \/>\n<h3 class=\"text-lg font-bold text-text-100 mt-1 -mb-1.5\"><span class=\"ez-toc-section\" id=\"Combien_de_temps_dure_vraiment_un_tablier\"><\/span>Combien de temps dure vraiment un tablier ?<span class=\"ez-toc-section-end\"><\/span><\/h3>\n<p class=\"whitespace-normal break-words\"><strong>Avec un entretien correct : 3 \u00e0 4 ans d&rsquo;utilisation r\u00e9guli\u00e8re.<\/strong> On parle d&rsquo;un usage hebdomadaire (\u00e9cole + quelques ateliers maison). Les retours d&rsquo;\u00e9coles qui utilisent ces mod\u00e8les : apr\u00e8s une ann\u00e9e compl\u00e8te d&rsquo;utilisation quotidienne par 25 enfants, 95% des tabliers sont encore en excellent \u00e9tat.<\/p>\n<hr class=\"border-border-300 my-2\" \/>\n<h3 class=\"text-lg font-bold text-text-100 mt-1 -mb-1.5\"><span class=\"ez-toc-section\" id=\"Faut-il_laver_le_tablier_apres_chaque_utilisation\"><\/span>Faut-il laver le tablier apr\u00e8s chaque utilisation ?<span class=\"ez-toc-section-end\"><\/span><\/h3>\n<p class=\"whitespace-normal break-words\"><strong>Non, ce n&rsquo;est pas n\u00e9cessaire.<\/strong> Un coup d&rsquo;\u00e9ponge humide sur les taches fra\u00eeches suffit souvent. Lavez en machine tous les 4-5 ateliers ou quand il est vraiment sale. Le sur-lavage n&rsquo;am\u00e9liore rien et use inutilement les \u00e9lastiques.<\/p>\n<hr class=\"border-border-300 my-2\" \/>\n<h3 class=\"text-lg font-bold text-text-100 mt-1 -mb-1.5\"><span class=\"ez-toc-section\" id=\"Le_Velcro_va-t-il_abimer_les_autres_vetements_dans_la_machine_a_laver\"><\/span>Le Velcro va-t-il ab\u00eemer les autres v\u00eatements dans la machine \u00e0 laver ?<span class=\"ez-toc-section-end\"><\/span><\/h3>\n<p class=\"whitespace-normal break-words\"><strong>Seulement si vous oubliez de le fermer.<\/strong> Avant de mettre le tablier en machine, fermez le Velcro sur lui-m\u00eame. Comme \u00e7a, il ne s&rsquo;accroche \u00e0 rien. Petit geste simple qui \u00e9vite les accrocs.<\/p>\n<hr class=\"border-border-300 my-2\" \/>\n<h3 class=\"text-lg font-bold text-text-100 mt-1 -mb-1.5\"><span class=\"ez-toc-section\" id=\"Mon_enfant_grandit_vite_je_dois_racheter_un_tablier_tous_les_ans\"><\/span>Mon enfant grandit vite, je dois racheter un tablier tous les ans ?<span class=\"ez-toc-section-end\"><\/span><\/h3>\n<p class=\"whitespace-normal break-words\"><strong>Non.<\/strong> Chaque tablier est dimensionn\u00e9 pour couvrir 3 \u00e0 4 ans de croissance :<\/p>\n<ul class=\"[&amp;:not(:last-child)_ul]:pb-1 [&amp;:not(:last-child)_ol]:pb-1 list-disc space-y-1.5 pl-7\">\n<li class=\"whitespace-normal break-words\">Rouge : toute la maternelle (3-5 ans)<\/li>\n<li class=\"whitespace-normal break-words\">Bleu : tout le d\u00e9but de primaire (6-8 ans)<\/li>\n<li class=\"whitespace-normal break-words\">Vert : fin primaire + d\u00e9but coll\u00e8ge (9-12 ans)<\/li>\n<\/ul>\n<p class=\"whitespace-normal break-words\">Un enfant utilise donc 3 tabliers de sa petite section \u00e0 sa 5\u00e8me. Soit environ -3\u20ac\/an d&rsquo;\u00e9quipement.<\/p>\n<hr class=\"border-border-300 my-2\" \/>\n<h2 class=\"text-xl font-bold text-text-100 mt-1 -mb-0.5\"><span class=\"ez-toc-section\" id=\"Notre_Recommandation_Finale\"><\/span>Notre Recommandation Finale<span class=\"ez-toc-section-end\"><\/span><\/h2>\n<p class=\"whitespace-normal break-words\">Si vous ne deviez retenir qu&rsquo;une chose de ce guide :<\/p>\n<p class=\"whitespace-normal break-words\"><strong>Choisissez le tablier selon l&rsquo;\u00c2GE actuel de votre enfant, pas selon sa taille adulte.<\/strong><\/p>\n<p class=\"whitespace-normal break-words\">Un tablier trop grand g\u00eane les mouvements et tra\u00eene au sol. Un tablier adapt\u00e9 lib\u00e8re la cr\u00e9ativit\u00e9 et prot\u00e8ge efficacement.<\/p>\n<h3 class=\"text-lg font-bold text-text-100 mt-1 -mb-1.5\"><span class=\"ez-toc-section\" id=\"Pour_concretiser_maintenant\"><\/span>Pour concr\u00e9tiser maintenant :<span class=\"ez-toc-section-end\"><\/span><\/h3>\n<p class=\"whitespace-normal break-words\"><strong>\ud83d\udd34 Votre enfant a 3 \u00e0 5 ans ?<\/strong><br \/>\n\u2192 <a class=\"underline\" href=\"https:\/\/lesminis.fr\/tablier-peinture-rouge-3-5-ans-manches-longues-autres-e009127\/28554.html\">Commander le tablier rouge 3-5 ans<\/a><\/p>\n<p class=\"whitespace-normal break-words\"><strong>\ud83d\udd35 Votre enfant a 6 \u00e0 8 ans ?<\/strong><br \/>\n\u2192 <a class=\"underline\" href=\"https:\/\/lesminis.fr\/tablier-protection-bleu-6-8-ans-manches-longues-autres-e009151\/28555.html\">Commander le tablier bleu 6-8 ans<\/a><\/p>\n<p class=\"whitespace-normal break-words\"><strong>\ud83d\udfe2 Votre enfant a 9 \u00e0 12 ans ?<\/strong><br \/>\n\u2192 <a class=\"underline\" href=\"https:\/\/lesminis.fr\/tablier-protection-vert-9-12-ans-manches-longues-autres-e009152\/28556.html\">Commander le tablier vert 9-12 ans<\/a><\/p>\n<p>[ppgbo products=\u00a0\u00bb28556,28555,28554&Prime;]<\/p>\n<hr class=\"border-border-300 my-2\" \/>\n<h2 class=\"text-xl font-bold text-text-100 mt-1 -mb-0.5\"><span class=\"ez-toc-section\" id=\"Pourquoi_Commander_sur_Les_Minis\"><\/span>Pourquoi Commander sur Les Minis ?<span class=\"ez-toc-section-end\"><\/span><\/h2>\n<p class=\"whitespace-normal break-words\">\u2705 <strong>S\u00e9lection qualit\u00e9 professionnelle<\/strong> &#8211; Les m\u00eames tabliers utilis\u00e9s dans les \u00e9coles Montessori, Reggio, publiques&#8230;<br \/>\n\u2705 <strong>Livraison offerte d\u00e8s 69\u20ac<\/strong> &#8211; Profitez-en pour compl\u00e9ter avec du mat\u00e9riel cr\u00e9atif<br \/>\n\u2705 <strong>Paiement s\u00e9curis\u00e9<\/strong> &#8211; CB, PayPal, Alma (paiement en 3x)<br \/>\n\u2705 <strong>Service client r\u00e9actif<\/strong> &#8211; Une question ? Nous r\u00e9pondons sous 24h<\/p>\n<hr class=\"border-border-300 my-2\" \/>\n<h2 class=\"text-xl font-bold text-text-100 mt-1 -mb-0.5\"><span class=\"ez-toc-section\" id=\"Pour_Aller_Plus_Loin\"><\/span>Pour Aller Plus Loin<span class=\"ez-toc-section-end\"><\/span><\/h2>\n<h3 class=\"text-lg font-bold text-text-100 mt-1 -mb-1.5\"><span class=\"ez-toc-section\" id=\"Articles_complementaires_sur_notre_blog\"><\/span>Articles compl\u00e9mentaires sur notre blog :<span class=\"ez-toc-section-end\"><\/span><\/h3>\n<blockquote class=\"wp-embedded-content\" data-secret=\"2IhqcAkHVK\"><p><a href=\"https:\/\/lesminis.fr\/blog\/materiel-indispensable-pour-activites-manuelles-en-bois-pour-les-enfants\/\">\ud83e\ude9aLe mat\u00e9riel indispensable pour activit\u00e9s manuelles pour le travail du bois : un guide pour les parents<\/a><\/p><\/blockquote>\n<p><iframe loading=\"lazy\" class=\"wp-embedded-content\" sandbox=\"allow-scripts\" security=\"restricted\" style=\"position: absolute; visibility: hidden;\" title=\"\u00ab\u00a0\ud83e\ude9aLe mat\u00e9riel indispensable pour activit\u00e9s manuelles pour le travail du bois : un guide pour les parents\u00a0\u00bb &#8212; LesMinis Le Blog - Mat\u00e9riels \u00e9ducatifs - Figurines p\u00e9dagogiques\" src=\"https:\/\/lesminis.fr\/blog\/materiel-indispensable-pour-activites-manuelles-en-bois-pour-les-enfants\/embed\/#?secret=5SDyxOFaO5#?secret=2IhqcAkHVK\" data-secret=\"2IhqcAkHVK\" width=\"600\" height=\"338\" frameborder=\"0\" marginwidth=\"0\" marginheight=\"0\" scrolling=\"no\"><\/iframe><\/p>\n<blockquote class=\"wp-embedded-content\" data-secret=\"GyBb8Bu4b7\"><p><a href=\"https:\/\/lesminis.fr\/blog\/animaux-couleurs-extraordinaires-nature\/\">12 Animaux Aux Couleurs Si Incroyables Qu&rsquo;On Les Croirait Invent\u00e9s<\/a><\/p><\/blockquote>\n<p><iframe loading=\"lazy\" class=\"wp-embedded-content\" sandbox=\"allow-scripts\" security=\"restricted\" style=\"position: absolute; visibility: hidden;\" title=\"\u00ab\u00a012 Animaux Aux Couleurs Si Incroyables Qu&rsquo;On Les Croirait Invent\u00e9s\u00a0\u00bb &#8212; LesMinis Le Blog - Mat\u00e9riels \u00e9ducatifs - Figurines p\u00e9dagogiques\" src=\"https:\/\/lesminis.fr\/blog\/animaux-couleurs-extraordinaires-nature\/embed\/#?secret=b9beluwP0Y#?secret=GyBb8Bu4b7\" data-secret=\"GyBb8Bu4b7\" width=\"600\" height=\"338\" frameborder=\"0\" marginwidth=\"0\" marginheight=\"0\" scrolling=\"no\"><\/iframe><\/p>\n<hr class=\"border-border-300 my-2\" \/>\n<h2 class=\"text-xl font-bold text-text-100 mt-1 -mb-0.5\"><span class=\"ez-toc-section\" id=\"En_Resume\"><\/span>En R\u00e9sum\u00e9<span class=\"ez-toc-section-end\"><\/span><\/h2>\n<p class=\"whitespace-normal break-words\">Un bon tablier de protection, c&rsquo;est : \u2713 Des v\u00eatements pr\u00e9serv\u00e9s (\u00e9conomie de 250\u20ac\/an)<br \/>\n\u2713 Plus de cr\u00e9ativit\u00e9 (vous dites oui plus facilement)<br \/>\n\u2713 Moins de stress (fini les pull tach\u00e9s)<br \/>\n\u2713 Plus d&rsquo;autonomie (votre enfant g\u00e8re son \u00e9quipement)<\/p>\n<p class=\"whitespace-normal break-words\"><strong>L&rsquo;investissement : 15 \u00e0 20\u20ac pour 3 ans de tranquillit\u00e9.<\/strong><\/p>\n<p class=\"whitespace-normal break-words\">Le calcul est vite fait. Et votre enfant, lui, retiendra les moments de cr\u00e9ativit\u00e9 partag\u00e9s. Pas les disputes sur les v\u00eatements sales.<\/p>\n<hr class=\"border-border-300 my-2\" \/>\n<p class=\"whitespace-normal break-words\"><em>\ud83d\udcac Des questions sur nos tabliers de protection ? Contactez-nous \u00e0 <a class=\"underline\" href=\"mailto:contact@lesminis.fr\">contact@lesminis.fr<\/a> &#8211; Nous r\u00e9pondons sous 24h !<\/em><\/p>\n<p class=\"whitespace-normal break-words\"><strong>\ud83c\udfa8 Explorez notre collection compl\u00e8te de mat\u00e9riel cr\u00e9atif Montessori sur <a class=\"underline\" href=\"https:\/\/lesminis.fr\">lesminis.fr<\/a><\/strong><\/p>\n","protected":false},"excerpt":{"rendered":"<p>Votre enfant rentre r\u00e9guli\u00e8rement avec ses v\u00eatements tach\u00e9s de peinture ? Un bon tablier de protection change tout. Dans ce guide d&rsquo;achat complet 2025, d\u00e9couvrez comment choisir le tablier adapt\u00e9 \u00e0 l&rsquo;\u00e2ge de votre enfant.<\/p>\n<p>Nous avons s\u00e9lectionn\u00e9 trois tabliers professionnels sp\u00e9cialement dimensionn\u00e9s pour chaque \u00e9tape : le tablier rouge pour les 3-5 ans en maternelle, le tablier bleu pour les 6-8 ans en primaire, et le tablier vert pour les 9-12 ans au coll\u00e8ge.<\/p>\n<p>Vous trouverez dans ce guide : un tableau comparatif d\u00e9taill\u00e9, les 5 crit\u00e8res d&rsquo;un tablier de qualit\u00e9, des conseils selon votre situation, et une FAQ compl\u00e8te. Avec un bon tablier en nylon \u00e0 manches longues, prot\u00e9gez les v\u00eatements de votre enfant et lib\u00e9rez sa cr\u00e9ativit\u00e9 sans stress. \u00c9conomisez jusqu&rsquo;\u00e0 250\u20ac par an en v\u00eatements pr\u00e9serv\u00e9s !<\/p>\n","protected":false},"author":1,"featured_media":5316,"comment_status":"open","ping_status":"closed","sticky":false,"template":"","format":"standard","meta":{"_acf_changed":false,"footnotes":""},"categories":[1601],"tags":[1770,1769],"class_list":{"0":"post-5315","1":"post","2":"type-post","3":"status-publish","4":"format-standard","5":"has-post-thumbnail","7":"category-minislab-activites-jeux-educatifs","8":"tag-guide-achat","9":"tag-tablier-protection-enfant"},"acf":[],"yoast_head":"<!-- This site is optimized with the Yoast SEO Premium plugin v27.1 (Yoast SEO v27.1.1) - https:\/\/yoast.com\/product\/yoast-seo-premium-wordpress\/ -->\n<title>Quel Tablier Protection Choisir ? Guide Complet par \u00c2ge<\/title>\n<meta name=\"description\" content=\"Guide complet 2025 : choisir le bon tablier de protection selon l&#039;\u00e2ge de votre enfant. Comparatif 3-5 ans, 6-8 ans, 9-12 ans. Crit\u00e8res qualit\u00e9 + tableau.\" \/>\n<meta name=\"robots\" content=\"index, follow, max-snippet:-1, max-image-preview:large, max-video-preview:-1\" \/>\n<link rel=\"canonical\" href=\"https:\/\/lesminis.fr\/blog\/guide-achat-tablier-protection-enfant\/\" \/>\n<meta property=\"og:locale\" content=\"fr_FR\" \/>\n<meta property=\"og:type\" content=\"article\" \/>\n<meta property=\"og:title\" content=\"Guide d&#039;Achat 2025 : Comment Choisir le Bon Tablier de Protection pour Votre Enfant ?\" \/>\n<meta property=\"og:description\" content=\"Guide complet 2025 : choisir le bon tablier de protection selon l&#039;\u00e2ge de votre enfant. Comparatif 3-5 ans, 6-8 ans, 9-12 ans. Crit\u00e8res qualit\u00e9 + tableau.\" \/>\n<meta property=\"og:url\" content=\"https:\/\/lesminis.fr\/blog\/guide-achat-tablier-protection-enfant\/\" \/>\n<meta property=\"og:site_name\" content=\"LesMinis Le Blog - Mat\u00e9riels \u00e9ducatifs - Figurines p\u00e9dagogiques\" \/>\n<meta property=\"article:publisher\" content=\"https:\/\/fr-fr.facebook.com\/LesMinis.fr\/\" \/>\n<meta property=\"article:author\" content=\"https:\/\/www.facebook.com\/LesMinis.fr\/\" \/>\n<meta property=\"article:published_time\" content=\"2025-10-07T07:40:06+00:00\" \/>\n<meta property=\"article:modified_time\" content=\"2025-10-11T08:31:17+00:00\" \/>\n<meta property=\"og:image\" content=\"https:\/\/lesminis.fr\/blog\/wp-content\/uploads\/2025\/10\/400_e009152_main_or_2.jpg-1.jpg\" \/>\n\t<meta property=\"og:image:width\" content=\"1500\" \/>\n\t<meta property=\"og:image:height\" content=\"1500\" \/>\n\t<meta property=\"og:image:type\" content=\"image\/jpeg\" \/>\n<meta name=\"author\" content=\"LesMinis\" \/>\n<meta name=\"twitter:label1\" content=\"\u00c9crit par\" \/>\n\t<meta name=\"twitter:data1\" content=\"LesMinis\" \/>\n\t<meta name=\"twitter:label2\" content=\"Dur\u00e9e de lecture estim\u00e9e\" \/>\n\t<meta name=\"twitter:data2\" content=\"13 minutes\" \/>\n<script type=\"application\/ld+json\" class=\"yoast-schema-graph\">{\"@context\":\"https:\/\/schema.org\",\"@graph\":[{\"@type\":[\"Article\",\"BlogPosting\"],\"@id\":\"https:\/\/lesminis.fr\/blog\/guide-achat-tablier-protection-enfant\/#article\",\"isPartOf\":{\"@id\":\"https:\/\/lesminis.fr\/blog\/guide-achat-tablier-protection-enfant\/\"},\"author\":{\"name\":\"LesMinis\",\"@id\":\"https:\/\/lesminis.fr\/blog\/#\/schema\/person\/4a1be8c8c70a7d945af71674957cf83e\"},\"headline\":\"Guide d&rsquo;Achat 2025 : Comment Choisir le Bon Tablier de Protection pour Votre Enfant ?\",\"datePublished\":\"2025-10-07T07:40:06+00:00\",\"dateModified\":\"2025-10-11T08:31:17+00:00\",\"mainEntityOfPage\":{\"@id\":\"https:\/\/lesminis.fr\/blog\/guide-achat-tablier-protection-enfant\/\"},\"wordCount\":2510,\"commentCount\":0,\"publisher\":{\"@id\":\"https:\/\/lesminis.fr\/blog\/#organization\"},\"image\":{\"@id\":\"https:\/\/lesminis.fr\/blog\/guide-achat-tablier-protection-enfant\/#primaryimage\"},\"thumbnailUrl\":\"https:\/\/lesminis.fr\/blog\/wp-content\/uploads\/2025\/10\/400_e009152_main_or_2.jpg-1.jpg\",\"keywords\":[\"guide achat\",\"tablier protection enfant\"],\"articleSection\":[\"MinisLab \u2014 Activit\u00e9s, jeux &amp; exp\u00e9riences \u00e9ducatives\"],\"inLanguage\":\"fr-FR\",\"potentialAction\":[{\"@type\":\"CommentAction\",\"name\":\"Comment\",\"target\":[\"https:\/\/lesminis.fr\/blog\/guide-achat-tablier-protection-enfant\/#respond\"]}]},{\"@type\":\"WebPage\",\"@id\":\"https:\/\/lesminis.fr\/blog\/guide-achat-tablier-protection-enfant\/\",\"url\":\"https:\/\/lesminis.fr\/blog\/guide-achat-tablier-protection-enfant\/\",\"name\":\"Quel Tablier Protection Choisir ? Guide Complet par \u00c2ge\",\"isPartOf\":{\"@id\":\"https:\/\/lesminis.fr\/blog\/#website\"},\"primaryImageOfPage\":{\"@id\":\"https:\/\/lesminis.fr\/blog\/guide-achat-tablier-protection-enfant\/#primaryimage\"},\"image\":{\"@id\":\"https:\/\/lesminis.fr\/blog\/guide-achat-tablier-protection-enfant\/#primaryimage\"},\"thumbnailUrl\":\"https:\/\/lesminis.fr\/blog\/wp-content\/uploads\/2025\/10\/400_e009152_main_or_2.jpg-1.jpg\",\"datePublished\":\"2025-10-07T07:40:06+00:00\",\"dateModified\":\"2025-10-11T08:31:17+00:00\",\"description\":\"Guide complet 2025 : choisir le bon tablier de protection selon l'\u00e2ge de votre enfant. Comparatif 3-5 ans, 6-8 ans, 9-12 ans. Crit\u00e8res qualit\u00e9 + tableau.\",\"breadcrumb\":{\"@id\":\"https:\/\/lesminis.fr\/blog\/guide-achat-tablier-protection-enfant\/#breadcrumb\"},\"inLanguage\":\"fr-FR\",\"potentialAction\":[{\"@type\":\"ReadAction\",\"target\":[\"https:\/\/lesminis.fr\/blog\/guide-achat-tablier-protection-enfant\/\"]}]},{\"@type\":\"ImageObject\",\"inLanguage\":\"fr-FR\",\"@id\":\"https:\/\/lesminis.fr\/blog\/guide-achat-tablier-protection-enfant\/#primaryimage\",\"url\":\"https:\/\/lesminis.fr\/blog\/wp-content\/uploads\/2025\/10\/400_e009152_main_or_2.jpg-1.jpg\",\"contentUrl\":\"https:\/\/lesminis.fr\/blog\/wp-content\/uploads\/2025\/10\/400_e009152_main_or_2.jpg-1.jpg\",\"width\":1500,\"height\":1500,\"caption\":\"Enfant souriant portant tablier protection rouge pendant atelier peinture cr\u00e9ative maison\"},{\"@type\":\"BreadcrumbList\",\"@id\":\"https:\/\/lesminis.fr\/blog\/guide-achat-tablier-protection-enfant\/#breadcrumb\",\"itemListElement\":[{\"@type\":\"ListItem\",\"position\":1,\"name\":\"Accueil\",\"item\":\"https:\/\/lesminis.fr\/blog\/\"},{\"@type\":\"ListItem\",\"position\":2,\"name\":\"Guide d&rsquo;Achat 2025 : Comment Choisir le Bon Tablier de Protection pour Votre Enfant ?\"}]},{\"@type\":\"WebSite\",\"@id\":\"https:\/\/lesminis.fr\/blog\/#website\",\"url\":\"https:\/\/lesminis.fr\/blog\/\",\"name\":\"LesMinis Le Blog - Mat\u00e9riels \u00e9ducatifs - Figurines p\u00e9dagogiques\",\"description\":\"D\u00e9couvrez notre actualit\u00e9, figurines, mat\u00e9riel \u00e9ducatif, activit\u00e9s Montessori\",\"publisher\":{\"@id\":\"https:\/\/lesminis.fr\/blog\/#organization\"},\"potentialAction\":[{\"@type\":\"SearchAction\",\"target\":{\"@type\":\"EntryPoint\",\"urlTemplate\":\"https:\/\/lesminis.fr\/blog\/?s={search_term_string}\"},\"query-input\":{\"@type\":\"PropertyValueSpecification\",\"valueRequired\":true,\"valueName\":\"search_term_string\"}}],\"inLanguage\":\"fr-FR\"},{\"@type\":\"Organization\",\"@id\":\"https:\/\/lesminis.fr\/blog\/#organization\",\"name\":\"LesMinis - Sp\u00e9cialiste mat\u00e9riel p\u00e9dagogiques - Figurines \u00e9ducatives - Mat\u00e9riel Montessori\",\"url\":\"https:\/\/lesminis.fr\/blog\/\",\"logo\":{\"@type\":\"ImageObject\",\"inLanguage\":\"fr-FR\",\"@id\":\"https:\/\/lesminis.fr\/blog\/#\/schema\/logo\/image\/\",\"url\":\"https:\/\/lesminis.fr\/blog\/wp-content\/uploads\/2023\/03\/nouveau-logo-lesminis.png\",\"contentUrl\":\"https:\/\/lesminis.fr\/blog\/wp-content\/uploads\/2023\/03\/nouveau-logo-lesminis.png\",\"width\":500,\"height\":175,\"caption\":\"LesMinis - Sp\u00e9cialiste mat\u00e9riel p\u00e9dagogiques - Figurines \u00e9ducatives - Mat\u00e9riel Montessori\"},\"image\":{\"@id\":\"https:\/\/lesminis.fr\/blog\/#\/schema\/logo\/image\/\"},\"sameAs\":[\"https:\/\/fr-fr.facebook.com\/LesMinis.fr\/\",\"https:\/\/www.instagram.com\/lesminis.fr\/\",\"https:\/\/www.tiktok.com\/@lesminis.fr\",\"https:\/\/www.pinterest.fr\/lesminisfr\/\"]},{\"@type\":\"Person\",\"@id\":\"https:\/\/lesminis.fr\/blog\/#\/schema\/person\/4a1be8c8c70a7d945af71674957cf83e\",\"name\":\"LesMinis\",\"image\":{\"@type\":\"ImageObject\",\"inLanguage\":\"fr-FR\",\"@id\":\"https:\/\/lesminis.fr\/blog\/#\/schema\/person\/image\/\",\"url\":\"https:\/\/secure.gravatar.com\/avatar\/288cd93d352b3465f2bd0701b1f2bb059b68dc3a70c4fda061bad8e6c9f8d865?s=96&d=blank&r=g\",\"contentUrl\":\"https:\/\/secure.gravatar.com\/avatar\/288cd93d352b3465f2bd0701b1f2bb059b68dc3a70c4fda061bad8e6c9f8d865?s=96&d=blank&r=g\",\"caption\":\"LesMinis\"},\"sameAs\":[\"https:\/\/lesminis.fr\/blog\",\"https:\/\/www.facebook.com\/LesMinis.fr\/\",\"https:\/\/www.instagram.com\/lesminis.fr\/\",\"https:\/\/www.pinterest.fr\/lesminisfr\/\"],\"url\":\"https:\/\/lesminis.fr\/blog\/author\/lesminis\/\"}]}<\/script>\n<!-- \/ Yoast SEO Premium plugin. -->","yoast_head_json":{"title":"Quel Tablier Protection Choisir ? Guide Complet par \u00c2ge","description":"Guide complet 2025 : choisir le bon tablier de protection selon l'\u00e2ge de votre enfant. Comparatif 3-5 ans, 6-8 ans, 9-12 ans. Crit\u00e8res qualit\u00e9 + tableau.","robots":{"index":"index","follow":"follow","max-snippet":"max-snippet:-1","max-image-preview":"max-image-preview:large","max-video-preview":"max-video-preview:-1"},"canonical":"https:\/\/lesminis.fr\/blog\/guide-achat-tablier-protection-enfant\/","og_locale":"fr_FR","og_type":"article","og_title":"Guide d'Achat 2025 : Comment Choisir le Bon Tablier de Protection pour Votre Enfant ?","og_description":"Guide complet 2025 : choisir le bon tablier de protection selon l'\u00e2ge de votre enfant. Comparatif 3-5 ans, 6-8 ans, 9-12 ans. Crit\u00e8res qualit\u00e9 + tableau.","og_url":"https:\/\/lesminis.fr\/blog\/guide-achat-tablier-protection-enfant\/","og_site_name":"LesMinis Le Blog - Mat\u00e9riels \u00e9ducatifs - Figurines p\u00e9dagogiques","article_publisher":"https:\/\/fr-fr.facebook.com\/LesMinis.fr\/","article_author":"https:\/\/www.facebook.com\/LesMinis.fr\/","article_published_time":"2025-10-07T07:40:06+00:00","article_modified_time":"2025-10-11T08:31:17+00:00","og_image":[{"width":1500,"height":1500,"url":"https:\/\/lesminis.fr\/blog\/wp-content\/uploads\/2025\/10\/400_e009152_main_or_2.jpg-1.jpg","type":"image\/jpeg"}],"author":"LesMinis","twitter_misc":{"\u00c9crit par":"LesMinis","Dur\u00e9e de lecture estim\u00e9e":"13 minutes"},"schema":{"@context":"https:\/\/schema.org","@graph":[{"@type":["Article","BlogPosting"],"@id":"https:\/\/lesminis.fr\/blog\/guide-achat-tablier-protection-enfant\/#article","isPartOf":{"@id":"https:\/\/lesminis.fr\/blog\/guide-achat-tablier-protection-enfant\/"},"author":{"name":"LesMinis","@id":"https:\/\/lesminis.fr\/blog\/#\/schema\/person\/4a1be8c8c70a7d945af71674957cf83e"},"headline":"Guide d&rsquo;Achat 2025 : Comment Choisir le Bon Tablier de Protection pour Votre Enfant ?","datePublished":"2025-10-07T07:40:06+00:00","dateModified":"2025-10-11T08:31:17+00:00","mainEntityOfPage":{"@id":"https:\/\/lesminis.fr\/blog\/guide-achat-tablier-protection-enfant\/"},"wordCount":2510,"commentCount":0,"publisher":{"@id":"https:\/\/lesminis.fr\/blog\/#organization"},"image":{"@id":"https:\/\/lesminis.fr\/blog\/guide-achat-tablier-protection-enfant\/#primaryimage"},"thumbnailUrl":"https:\/\/lesminis.fr\/blog\/wp-content\/uploads\/2025\/10\/400_e009152_main_or_2.jpg-1.jpg","keywords":["guide achat","tablier protection enfant"],"articleSection":["MinisLab \u2014 Activit\u00e9s, jeux &amp; exp\u00e9riences \u00e9ducatives"],"inLanguage":"fr-FR","potentialAction":[{"@type":"CommentAction","name":"Comment","target":["https:\/\/lesminis.fr\/blog\/guide-achat-tablier-protection-enfant\/#respond"]}]},{"@type":"WebPage","@id":"https:\/\/lesminis.fr\/blog\/guide-achat-tablier-protection-enfant\/","url":"https:\/\/lesminis.fr\/blog\/guide-achat-tablier-protection-enfant\/","name":"Quel Tablier Protection Choisir ? Guide Complet par \u00c2ge","isPartOf":{"@id":"https:\/\/lesminis.fr\/blog\/#website"},"primaryImageOfPage":{"@id":"https:\/\/lesminis.fr\/blog\/guide-achat-tablier-protection-enfant\/#primaryimage"},"image":{"@id":"https:\/\/lesminis.fr\/blog\/guide-achat-tablier-protection-enfant\/#primaryimage"},"thumbnailUrl":"https:\/\/lesminis.fr\/blog\/wp-content\/uploads\/2025\/10\/400_e009152_main_or_2.jpg-1.jpg","datePublished":"2025-10-07T07:40:06+00:00","dateModified":"2025-10-11T08:31:17+00:00","description":"Guide complet 2025 : choisir le bon tablier de protection selon l'\u00e2ge de votre enfant. Comparatif 3-5 ans, 6-8 ans, 9-12 ans. Crit\u00e8res qualit\u00e9 + tableau.","breadcrumb":{"@id":"https:\/\/lesminis.fr\/blog\/guide-achat-tablier-protection-enfant\/#breadcrumb"},"inLanguage":"fr-FR","potentialAction":[{"@type":"ReadAction","target":["https:\/\/lesminis.fr\/blog\/guide-achat-tablier-protection-enfant\/"]}]},{"@type":"ImageObject","inLanguage":"fr-FR","@id":"https:\/\/lesminis.fr\/blog\/guide-achat-tablier-protection-enfant\/#primaryimage","url":"https:\/\/lesminis.fr\/blog\/wp-content\/uploads\/2025\/10\/400_e009152_main_or_2.jpg-1.jpg","contentUrl":"https:\/\/lesminis.fr\/blog\/wp-content\/uploads\/2025\/10\/400_e009152_main_or_2.jpg-1.jpg","width":1500,"height":1500,"caption":"Enfant souriant portant tablier protection rouge pendant atelier peinture cr\u00e9ative maison"},{"@type":"BreadcrumbList","@id":"https:\/\/lesminis.fr\/blog\/guide-achat-tablier-protection-enfant\/#breadcrumb","itemListElement":[{"@type":"ListItem","position":1,"name":"Accueil","item":"https:\/\/lesminis.fr\/blog\/"},{"@type":"ListItem","position":2,"name":"Guide d&rsquo;Achat 2025 : Comment Choisir le Bon Tablier de Protection pour Votre Enfant ?"}]},{"@type":"WebSite","@id":"https:\/\/lesminis.fr\/blog\/#website","url":"https:\/\/lesminis.fr\/blog\/","name":"LesMinis Le Blog - Mat\u00e9riels \u00e9ducatifs - Figurines p\u00e9dagogiques","description":"D\u00e9couvrez notre actualit\u00e9, figurines, mat\u00e9riel \u00e9ducatif, activit\u00e9s Montessori","publisher":{"@id":"https:\/\/lesminis.fr\/blog\/#organization"},"potentialAction":[{"@type":"SearchAction","target":{"@type":"EntryPoint","urlTemplate":"https:\/\/lesminis.fr\/blog\/?s={search_term_string}"},"query-input":{"@type":"PropertyValueSpecification","valueRequired":true,"valueName":"search_term_string"}}],"inLanguage":"fr-FR"},{"@type":"Organization","@id":"https:\/\/lesminis.fr\/blog\/#organization","name":"LesMinis - Sp\u00e9cialiste mat\u00e9riel p\u00e9dagogiques - Figurines \u00e9ducatives - Mat\u00e9riel Montessori","url":"https:\/\/lesminis.fr\/blog\/","logo":{"@type":"ImageObject","inLanguage":"fr-FR","@id":"https:\/\/lesminis.fr\/blog\/#\/schema\/logo\/image\/","url":"https:\/\/lesminis.fr\/blog\/wp-content\/uploads\/2023\/03\/nouveau-logo-lesminis.png","contentUrl":"https:\/\/lesminis.fr\/blog\/wp-content\/uploads\/2023\/03\/nouveau-logo-lesminis.png","width":500,"height":175,"caption":"LesMinis - Sp\u00e9cialiste mat\u00e9riel p\u00e9dagogiques - Figurines \u00e9ducatives - Mat\u00e9riel Montessori"},"image":{"@id":"https:\/\/lesminis.fr\/blog\/#\/schema\/logo\/image\/"},"sameAs":["https:\/\/fr-fr.facebook.com\/LesMinis.fr\/","https:\/\/www.instagram.com\/lesminis.fr\/","https:\/\/www.tiktok.com\/@lesminis.fr","https:\/\/www.pinterest.fr\/lesminisfr\/"]},{"@type":"Person","@id":"https:\/\/lesminis.fr\/blog\/#\/schema\/person\/4a1be8c8c70a7d945af71674957cf83e","name":"LesMinis","image":{"@type":"ImageObject","inLanguage":"fr-FR","@id":"https:\/\/lesminis.fr\/blog\/#\/schema\/person\/image\/","url":"https:\/\/secure.gravatar.com\/avatar\/288cd93d352b3465f2bd0701b1f2bb059b68dc3a70c4fda061bad8e6c9f8d865?s=96&d=blank&r=g","contentUrl":"https:\/\/secure.gravatar.com\/avatar\/288cd93d352b3465f2bd0701b1f2bb059b68dc3a70c4fda061bad8e6c9f8d865?s=96&d=blank&r=g","caption":"LesMinis"},"sameAs":["https:\/\/lesminis.fr\/blog","https:\/\/www.facebook.com\/LesMinis.fr\/","https:\/\/www.instagram.com\/lesminis.fr\/","https:\/\/www.pinterest.fr\/lesminisfr\/"],"url":"https:\/\/lesminis.fr\/blog\/author\/lesminis\/"}]}},"_links":{"self":[{"href":"https:\/\/lesminis.fr\/blog\/wp-json\/wp\/v2\/posts\/5315","targetHints":{"allow":["GET"]}}],"collection":[{"href":"https:\/\/lesminis.fr\/blog\/wp-json\/wp\/v2\/posts"}],"about":[{"href":"https:\/\/lesminis.fr\/blog\/wp-json\/wp\/v2\/types\/post"}],"author":[{"embeddable":true,"href":"https:\/\/lesminis.fr\/blog\/wp-json\/wp\/v2\/users\/1"}],"replies":[{"embeddable":true,"href":"https:\/\/lesminis.fr\/blog\/wp-json\/wp\/v2\/comments?post=5315"}],"version-history":[{"count":4,"href":"https:\/\/lesminis.fr\/blog\/wp-json\/wp\/v2\/posts\/5315\/revisions"}],"predecessor-version":[{"id":5318,"href":"https:\/\/lesminis.fr\/blog\/wp-json\/wp\/v2\/posts\/5315\/revisions\/5318"}],"wp:featuredmedia":[{"embeddable":true,"href":"https:\/\/lesminis.fr\/blog\/wp-json\/wp\/v2\/media\/5316"}],"wp:attachment":[{"href":"https:\/\/lesminis.fr\/blog\/wp-json\/wp\/v2\/media?parent=5315"}],"wp:term":[{"taxonomy":"category","embeddable":true,"href":"https:\/\/lesminis.fr\/blog\/wp-json\/wp\/v2\/categories?post=5315"},{"taxonomy":"post_tag","embeddable":true,"href":"https:\/\/lesminis.fr\/blog\/wp-json\/wp\/v2\/tags?post=5315"}],"curies":[{"name":"wp","href":"https:\/\/api.w.org\/{rel}","templated":true}]}}