{"id":5257,"date":"2025-06-25T16:35:13","date_gmt":"2025-06-25T15:35:13","guid":{"rendered":"https:\/\/lesminis.fr\/blog\/?p=5257"},"modified":"2025-11-19T17:38:54","modified_gmt":"2025-11-19T16:38:54","slug":"vacances-montessori-activites-nature","status":"publish","type":"post","link":"https:\/\/lesminis.fr\/blog\/vacances-montessori-activites-nature\/","title":{"rendered":"Vacances d\u2019\u00e9t\u00e9\u00a0: transformer la nature en salle de classe Montessori"},"content":{"rendered":"<p>Votre enfant r\u00eave de libert\u00e9\u202f; vous craignez l\u2019ennui ou l\u2019exc\u00e8s d\u2019\u00e9crans\u202f? Entre 6 et 12 ans, la p\u00e9riode des \u00ab\u202fmains intelligentes\u202f\u00bb d\u00e9crite par Maria Montessori est id\u00e9ale pour apprendre en mouvement. Randonn\u00e9e, observation d\u2019insectes, jardinage\u2026 d\u00e9couvrez un programme complet \u2014\u202f100\u202f% plein air, 0\u202f% cahier de devoirs \u2014 pour des vacances riches en d\u00e9couvertes pratiques, scientifiques et cr\u00e9atives.<\/p>\n<div id=\"ez-toc-container\" class=\"ez-toc-v2_0_78 counter-hierarchy ez-toc-counter ez-toc-grey ez-toc-container-direction\">\n<div class=\"ez-toc-title-container\">\n<p class=\"ez-toc-title\" style=\"cursor:inherit\">Table of Contents<\/p>\n<span class=\"ez-toc-title-toggle\"><a href=\"#\" class=\"ez-toc-pull-right ez-toc-btn ez-toc-btn-xs ez-toc-btn-default ez-toc-toggle\" aria-label=\"Toggle Table of Content\"><span class=\"ez-toc-js-icon-con\"><span class=\"\"><span class=\"eztoc-hide\" style=\"display:none;\">Toggle<\/span><span class=\"ez-toc-icon-toggle-span\"><svg style=\"fill: #999;color:#999\" xmlns=\"http:\/\/www.w3.org\/2000\/svg\" class=\"list-377408\" width=\"20px\" height=\"20px\" viewBox=\"0 0 24 24\" fill=\"none\"><path d=\"M6 6H4v2h2V6zm14 0H8v2h12V6zM4 11h2v2H4v-2zm16 0H8v2h12v-2zM4 16h2v2H4v-2zm16 0H8v2h12v-2z\" fill=\"currentColor\"><\/path><\/svg><svg style=\"fill: #999;color:#999\" class=\"arrow-unsorted-368013\" xmlns=\"http:\/\/www.w3.org\/2000\/svg\" width=\"10px\" height=\"10px\" viewBox=\"0 0 24 24\" version=\"1.2\" baseProfile=\"tiny\"><path d=\"M18.2 9.3l-6.2-6.3-6.2 6.3c-.2.2-.3.4-.3.7s.1.5.3.7c.2.2.4.3.7.3h11c.3 0 .5-.1.7-.3.2-.2.3-.5.3-.7s-.1-.5-.3-.7zM5.8 14.7l6.2 6.3 6.2-6.3c.2-.2.3-.5.3-.7s-.1-.5-.3-.7c-.2-.2-.4-.3-.7-.3h-11c-.3 0-.5.1-.7.3-.2.2-.3.5-.3.7s.1.5.3.7z\"\/><\/svg><\/span><\/span><\/span><\/a><\/span><\/div>\n<nav><ul class='ez-toc-list ez-toc-list-level-1 ' ><li class='ez-toc-page-1 ez-toc-heading-level-2'><a class=\"ez-toc-link ez-toc-heading-1\" href=\"https:\/\/lesminis.fr\/blog\/vacances-montessori-activites-nature\/#1_Pourquoi_la_nature_est%E2%80%91elle_la_meilleure_salle_de_classe%E2%80%AF\" >1. Pourquoi la nature est\u2011elle la meilleure salle de classe\u202f?<\/a><\/li><li class='ez-toc-page-1 ez-toc-heading-level-2'><a class=\"ez-toc-link ez-toc-heading-2\" href=\"https:\/\/lesminis.fr\/blog\/vacances-montessori-activites-nature\/#2_Organiser_une_journee_type_%C2%AB%E2%80%AFexplorateur%E2%80%AF%C2%BB\" >2. Organiser une journ\u00e9e type \u00ab\u202fexplorateur\u202f\u00bb<\/a><\/li><li class='ez-toc-page-1 ez-toc-heading-level-2'><a class=\"ez-toc-link ez-toc-heading-3\" href=\"https:\/\/lesminis.fr\/blog\/vacances-montessori-activites-nature\/#3_Dix_activites_Montessori_a_tester_cet_ete\" >3. Dix activit\u00e9s Montessori \u00e0 tester cet \u00e9t\u00e9<\/a><\/li><li class='ez-toc-page-1 ez-toc-heading-level-2'><a class=\"ez-toc-link ez-toc-heading-4\" href=\"https:\/\/lesminis.fr\/blog\/vacances-montessori-activites-nature\/#4_Le_kit_de_lexplorateur_LesMinis\" >4. Le kit de l\u2019explorateur LesMinis<\/a><\/li><li class='ez-toc-page-1 ez-toc-heading-level-2'><a class=\"ez-toc-link ez-toc-heading-5\" href=\"https:\/\/lesminis.fr\/blog\/vacances-montessori-activites-nature\/#5_Sante_bien%E2%80%91etre_le_contre%E2%80%91poids_aux_ecrans\" >5. Sant\u00e9 &amp; bien\u2011\u00eatre\u00a0: le contre\u2011poids aux \u00e9crans<\/a><\/li><li class='ez-toc-page-1 ez-toc-heading-level-2'><a class=\"ez-toc-link ez-toc-heading-6\" href=\"https:\/\/lesminis.fr\/blog\/vacances-montessori-activites-nature\/#6_Journal_nature_vers_la_pensee_scientifique\" >6. Journal nature\u00a0: vers la pens\u00e9e scientifique<\/a><\/li><li class='ez-toc-page-1 ez-toc-heading-level-2'><a class=\"ez-toc-link ez-toc-heading-7\" href=\"https:\/\/lesminis.fr\/blog\/vacances-montessori-activites-nature\/#7_Conseils_pratiques_pour_parents_presses\" >7. Conseils pratiques pour parents press\u00e9s<\/a><\/li><li class='ez-toc-page-1 ez-toc-heading-level-2'><a class=\"ez-toc-link ez-toc-heading-8\" href=\"https:\/\/lesminis.fr\/blog\/vacances-montessori-activites-nature\/#8_Check%E2%80%91list_de_fin_dete\" >8. Check\u2011list de fin d\u2019\u00e9t\u00e9<\/a><\/li><li class='ez-toc-page-1 ez-toc-heading-level-2'><a class=\"ez-toc-link ez-toc-heading-9\" href=\"https:\/\/lesminis.fr\/blog\/vacances-montessori-activites-nature\/#9_Conclusion\" >9. Conclusion<\/a><\/li><\/ul><\/nav><\/div>\n<h2><span class=\"ez-toc-section\" id=\"1_Pourquoi_la_nature_est%E2%80%91elle_la_meilleure_salle_de_classe%E2%80%AF\"><\/span>1. Pourquoi la nature est\u2011elle la meilleure salle de classe\u202f?<span class=\"ez-toc-section-end\"><\/span><\/h2>\n<p>Psychologues et neuroscientifiques s\u2019accordent\u00a0: quinze minutes pass\u00e9es dans un espace vert am\u00e9liorent concentration et humeur. Pour l\u2019enfant Montessori, la nature offre plus encore\u00a0: <em>libert\u00e9 de choix<\/em> (multitude de stimuli), <em>ordre<\/em> (cycles naturels), <em>mouvement<\/em> (marche, escalade, plantation) et <em>responsabilit\u00e9<\/em> (soin des plantes, respect des animaux). En bref, l\u2019\u00e9cosyst\u00e8me r\u00e9unit tous les principes de la philosophie :<\/p>\n<ul>\n<li><strong>Auto\u2011\u00e9ducation<\/strong>\u00a0: chaque d\u00e9couverte d\u00e9clenche une nouvelle question.<\/li>\n<li><strong>Sensorialit\u00e9<\/strong>\u00a0: vue, toucher, odorat, go\u00fbt, audition sollicit\u00e9s en simultan\u00e9.<\/li>\n<li><strong>Interdisciplinarit\u00e9<\/strong>\u00a0: biologie, g\u00e9ographie, physique, po\u00e9sie\u2026 tout s\u2019entrem\u00eale.<\/li>\n<\/ul>\n<h2><span class=\"ez-toc-section\" id=\"2_Organiser_une_journee_type_%C2%AB%E2%80%AFexplorateur%E2%80%AF%C2%BB\"><\/span>2. Organiser une journ\u00e9e type \u00ab\u202fexplorateur\u202f\u00bb<span class=\"ez-toc-section-end\"><\/span><\/h2>\n<ol>\n<li><strong>Matin frais (08\u202fh\u202f00\u00a0\u2013\u00a010\u202fh\u202f00)<\/strong>\u00a0: activit\u00e9 physique \u2014 randonn\u00e9e, v\u00e9lo, jardinage.<\/li>\n<li><strong>Fin de matin\u00e9e<\/strong>\u00a0: pause collation, tenue du journal naturel.<\/li>\n<li><strong>Midi<\/strong>\u00a0: pr\u00e9paration du repas en plein air (d\u00e9coupe de fruits, cuisson sur r\u00e9chaud).<\/li>\n<li><strong>D\u00e9but d\u2019apr\u00e8s\u2011midi<\/strong>\u00a0: temps calme \u00e0 l\u2019ombre \u2014 lecture, dessin, sieste.<\/li>\n<li><strong>Fin d\u2019apr\u00e8s\u2011midi<\/strong>\u00a0: projet cr\u00e9atif ou scientifique (boussole maison, cabane v\u00e9g\u00e9tale).<\/li>\n<li><strong>Soir\u00e9e<\/strong>\u00a0: observation des \u00e9toiles ou chasse aux lucioles.<\/li>\n<\/ol>\n<h2><span class=\"ez-toc-section\" id=\"3_Dix_activites_Montessori_a_tester_cet_ete\"><\/span>3. Dix activit\u00e9s Montessori \u00e0 tester cet \u00e9t\u00e9<span class=\"ez-toc-section-end\"><\/span><\/h2>\n<ol>\n<li><strong>Chasse aux petites b\u00eates<\/strong>\u00a0: capturez, identifiez puis rel\u00e2chez fourmis, cloportes et papillons gr\u00e2ce \u00e0 la <a href=\"https:\/\/lesminis.fr\/loupe-boite-observation-retractable-enfant-autres-150118\/10812.html\">loupe\u2011bo\u00eete r\u00e9tractable LesMinis<\/a>.<\/li>\n<li><strong>Herbier illustr\u00e9<\/strong>\u00a0: ramassez feuilles et p\u00e9tales, pressez\u2011les et collez\u2011les dans un carnet quadrill\u00e9. Ajoutez le nom latin et la date de r\u00e9colte.<\/li>\n<li><strong>Carte sonore<\/strong>\u00a0: fermez les yeux 3\u00a0minutes et notez chaque bruit\u00a0(oiseau, vent, ruisseau). Comparez la \u00ab\u202fbande\u2011son\u202f\u00bb matin\/soir.<\/li>\n<li><strong>Jardin en carr\u00e9<\/strong>\u00a0: avec l\u2019<a href=\"https:\/\/lesminis.fr\/ensemble-de-jardinage-enfant-montessori-nienhuis-403900-nienhuis-montessori-403900\/8157.html\">ensemble de jardinage Montessori<\/a>, semez radis et capucines\u202f; mesurez la hauteur chaque semaine.<\/li>\n<li><strong>Cuisine sauvage<\/strong>\u00a0: cueillez m\u00fbres, orties jeunes, fleurs de sureau\u00a0; pr\u00e9parez un crumble ou un sirop maison.<\/li>\n<li><strong>Orientation soleil\/boussole<\/strong>\u00a0: construisez un cadran solaire avec un b\u00e2ton\u202f; v\u00e9rifiez l\u2019heure \u00e0 l\u2019aide d\u2019une petite boussole de randonn\u00e9e.<\/li>\n<li><strong>Nuit des \u00e9toiles<\/strong>\u00a0: installez couverture, jumelles enfant et application c\u00e9leste hors ligne\u202f; notez trois constellations observ\u00e9es.<\/li>\n<li><strong>Bivouac minimaliste<\/strong>\u00a0: apprenez \u00e0 monter une tente ou un tarp, puis racontez dans le journal ce qui a \u00e9t\u00e9 facile ou difficile.<\/li>\n<li><strong>Barrage de ruisseau<\/strong>\u00a0: d\u00e9placerez\u2011vous cailloux et brindilles pour d\u00e9vier l\u2019eau\u202f? Observez la force du courant et testez vos hypoth\u00e8ses.<\/li>\n<li><strong>Compost maison<\/strong>\u00a0: assemblez un bac \u00e0 \u00e9tages, suivez la temp\u00e9rature et la population de cloportes. Pr\u00e9vision\u00a0: humus au printemps\u202f!<\/li>\n<\/ol>\n<h2><span class=\"ez-toc-section\" id=\"4_Le_kit_de_lexplorateur_LesMinis\"><\/span>4. Le kit de l\u2019explorateur LesMinis<span class=\"ez-toc-section-end\"><\/span><\/h2>\n<p>Investir dans trois ou quatre outils robustes suffit\u00a0; ils accompagneront l\u2019enfant plusieurs ann\u00e9es.<\/p>\n<table>\n<tbody>\n<tr>\n<th>Outil<\/th>\n<th>Comp\u00e9tence travaill\u00e9e<\/th>\n<th>Produit<\/th>\n<\/tr>\n<tr>\n<td>Loupe LED 3\u202f\u00d7<\/td>\n<td>Observation d\u00e9taill\u00e9e, lecture d\u2019indices<\/td>\n<td><a href=\"https:\/\/lesminis.fr\/1217-sciences-biologie-observation-nature-loupe\">Voir la loupe d\u2019exploration<\/a><\/td>\n<\/tr>\n<tr>\n<td>Jumelles 6\u202f\u00d7\u00a021<\/td>\n<td>Patience, vision \u00e0 distance, rep\u00e9rage d\u2019oiseaux<\/td>\n<td><a href=\"https:\/\/lesminis.fr\/1215-materiel-astronomie-et-exploration-spatiale\">Rayon jumelles<\/a><\/td>\n<\/tr>\n<tr>\n<td>Carnet scientifique + crayon HB<\/td>\n<td>Trace \u00e9crite, m\u00e9moire, dessin d\u2019observation<\/td>\n<td><a href=\"https:\/\/lesminis.fr\/1268-sciences-6-12-ans\">Carnet quadrill\u00e9 m\u00e9thode scientifique<\/a><\/td>\n<\/tr>\n<tr>\n<td>Kit jardinage<\/td>\n<td>Soin du vivant, cycles de croissance<\/td>\n<td><a href=\"https:\/\/lesminis.fr\/ensemble-de-jardinage-enfant-montessori-nienhuis-403900-nienhuis-montessori-403900\/8157.html\">Ensemble complet Nienhuis<\/a><\/td>\n<\/tr>\n<\/tbody>\n<\/table>\n<h2><span class=\"ez-toc-section\" id=\"5_Sante_bien%E2%80%91etre_le_contre%E2%80%91poids_aux_ecrans\"><\/span>5. Sant\u00e9 &amp; bien\u2011\u00eatre\u00a0: le contre\u2011poids aux \u00e9crans<span class=\"ez-toc-section-end\"><\/span><\/h2>\n<p>Selon l\u2019OMS, un enfant de 8\u00a0ans passe en moyenne plus de 4\u00a0heures quotidiennement devant un \u00e9cran. Les risques\u00a0: s\u00e9dentarit\u00e9, troubles du sommeil, baisse de la vue, irritabilit\u00e9. \u00c0 l\u2019oppos\u00e9, 90\u00a0minutes dehors par jour\u00a0:<\/p>\n<ul>\n<li>r\u00e9duisent le niveau de cortisol (stress)\u202f;<\/li>\n<li>am\u00e9liorent la motricit\u00e9 globale (\u00e9quilibre, coordination)\u202f;<\/li>\n<li>stimulent le syst\u00e8me immunitaire gr\u00e2ce \u00e0 la diversit\u00e9 microbienne.<\/li>\n<\/ul>\n<p>Rien ne remplace le parfum de la r\u00e9sine de pin, le bruit de la cascade ou la sensation du sable humide sous les pieds.<\/p>\n<h2><span class=\"ez-toc-section\" id=\"6_Journal_nature_vers_la_pensee_scientifique\"><\/span>6. Journal nature\u00a0: vers la pens\u00e9e scientifique<span class=\"ez-toc-section-end\"><\/span><\/h2>\n<p>Proposer un carnet de terrain, c\u2019est passer du simple jeu \u00e0 l\u2019<em>exp\u00e9rience<\/em>. On y note la date, la m\u00e9t\u00e9o, l\u2019activit\u00e9, les observations et les questions. Exemple\u00a0:<\/p>\n<blockquote><p>12\u202fjuillet \u2013 22\u00b0C \u2013 ciel voil\u00e9.<br \/>\nActivit\u00e9\u00a0: rep\u00e9rage des fourmis.<br \/>\nObservation\u00a0: deux pistes partent du tronc\u202f; l\u2019une m\u00e8ne aux pucerons, l\u2019autre au compost.<br \/>\nQuestion\u00a0: les fourmis pr\u00e9f\u00e8rent\u2011elles le sucre des pucerons ou les d\u00e9chets sucr\u00e9s du compost\u00a0?<\/p><\/blockquote>\n<p>L\u2019enfant apprend \u00e0 formuler une hypoth\u00e8se, exp\u00e9rimenter, conclure\u00a0\u2014 comp\u00e9tences cl\u00e9s du cycle\u00a03.<\/p>\n<h2><span class=\"ez-toc-section\" id=\"7_Conseils_pratiques_pour_parents_presses\"><\/span>7. Conseils pratiques pour parents press\u00e9s<span class=\"ez-toc-section-end\"><\/span><\/h2>\n<ul>\n<li><strong>Micro\u2011aventure<\/strong>\u00a0: inutile d\u2019habiter la montagne\u00a0; un parc urbain ou un jardin collectif suffisent.<\/li>\n<li><strong>Budget light<\/strong> : r\u00e9utilisez bo\u00eetes de conserve pour faire des pi\u00e8ges \u00e0 lucioles.<\/li>\n<li><strong>S\u00e9curit\u00e9<\/strong>\u00a0: r\u00e8gle \u00ab\u202f1\u20132\u20133\u202f\u00bb\u00a0: un adulte conna\u00eet le lieu, deux enfants minimum ensemble, trois objets obligatoires (gourde, chapeau, carnet).<\/li>\n<li><strong>Autonomie gradu\u00e9e<\/strong>\u00a0: commencer guid\u00e9 (6\u20118\u00a0ans), passer en semi\u2011libert\u00e9 (9\u201110\u00a0ans), proposer une mission compl\u00e8te (11\u201112\u00a0ans).<\/li>\n<\/ul>\n<h2><span class=\"ez-toc-section\" id=\"8_Check%E2%80%91list_de_fin_dete\"><\/span>8. Check\u2011list de fin d\u2019\u00e9t\u00e9<span class=\"ez-toc-section-end\"><\/span><\/h2>\n<p>Cochez ce que votre aventurier\u00b7e aura r\u00e9alis\u00e9\u00a0:<\/p>\n<ul>\n<li>\u2610 Tenir un journal de 20\u202fentr\u00e9es nature<\/li>\n<li>\u2610 Identifier 5\u202ffleurs sauvages et 5\u202fconstellations<\/li>\n<li>\u2610 Faire lever un pain de feu de camp<\/li>\n<li>\u2610 R\u00e9colter puis cuisiner un fruit ou l\u00e9gume maison<\/li>\n<li>\u2610 Dormir une nuit sous les \u00e9toiles<\/li>\n<\/ul>\n<h2><span class=\"ez-toc-section\" id=\"9_Conclusion\"><\/span>9. Conclusion<span class=\"ez-toc-section-end\"><\/span><\/h2>\n<p>Les vacances d\u2019\u00e9t\u00e9 ne sont ni un trou noir d\u2019apprentissage, ni un marathon d\u2019activit\u00e9s payantes. Avec un peu d\u2019organisation et quelques outils LesMinis, chaque famille peut transformer le jardin, le bois voisin ou m\u00eame le balcon en laboratoire vivant. En route pour un \u00e9t\u00e9 o\u00f9 l\u2019on bouge, o\u00f9 l\u2019on observe, o\u00f9 l\u2019on cr\u00e9e \u2014 et o\u00f9 l\u2019on rentre \u00e0 la maison la t\u00eate pleine d\u2019histoires vraies \u00e0 raconter\u202f!<\/p>\n","protected":false},"excerpt":{"rendered":"<p>Loupe, carnet, kit jardinage\u00a0: transformez la nature en salle de classe Montessori et offrez \u00e0 vos enfants un \u00e9t\u00e9 d\u2019exploration, de sant\u00e9 et de d\u00e9couvertes.<\/p>\n","protected":false},"author":1,"featured_media":5258,"comment_status":"open","ping_status":"closed","sticky":false,"template":"","format":"standard","meta":{"_acf_changed":false,"footnotes":""},"categories":[1601,105],"tags":[86,1759,1758],"class_list":{"0":"post-5257","1":"post","2":"type-post","3":"status-publish","4":"format-standard","5":"has-post-thumbnail","7":"category-minislab-activites-jeux-educatifs","8":"category-minispedago-predagogie-montessori-activites-developpement","9":"tag-enfant","10":"tag-sans-ecran","11":"tag-vacances-2025"},"acf":[],"yoast_head":"<!-- This site is optimized with the Yoast SEO Premium plugin v27.1 (Yoast SEO v27.1.1) - https:\/\/yoast.com\/product\/yoast-seo-premium-wordpress\/ -->\n<title>Vacances Montessori\u00a0: activit\u00e9s nature 6\u201112\u202fans | Guide LesMinis<\/title>\n<meta name=\"description\" content=\"Randonn\u00e9e, jardinage, observation d\u2019insectes\u00a0: id\u00e9es + mat\u00e9riel LesMinis pour un \u00e9t\u00e9 6\u201112\u202fans sans \u00e9crans, riche en exp\u00e9riences pratiques et scientifiques.\" \/>\n<meta name=\"robots\" content=\"index, follow, max-snippet:-1, max-image-preview:large, max-video-preview:-1\" \/>\n<link rel=\"canonical\" href=\"https:\/\/lesminis.fr\/blog\/vacances-montessori-activites-nature\/\" \/>\n<meta property=\"og:locale\" content=\"fr_FR\" \/>\n<meta property=\"og:type\" content=\"article\" \/>\n<meta property=\"og:title\" content=\"Vacances d\u2019\u00e9t\u00e9\u00a0: transformer la nature en salle de classe Montessori\" \/>\n<meta property=\"og:description\" content=\"Randonn\u00e9e, jardinage, observation d\u2019insectes\u00a0: id\u00e9es + mat\u00e9riel LesMinis pour un \u00e9t\u00e9 6\u201112\u202fans sans \u00e9crans, riche en exp\u00e9riences pratiques et scientifiques.\" \/>\n<meta property=\"og:url\" content=\"https:\/\/lesminis.fr\/blog\/vacances-montessori-activites-nature\/\" \/>\n<meta property=\"og:site_name\" content=\"LesMinis Le Blog - Mat\u00e9riels \u00e9ducatifs - Figurines p\u00e9dagogiques\" \/>\n<meta property=\"article:publisher\" content=\"https:\/\/fr-fr.facebook.com\/LesMinis.fr\/\" \/>\n<meta property=\"article:author\" content=\"https:\/\/www.facebook.com\/LesMinis.fr\/\" \/>\n<meta property=\"article:published_time\" content=\"2025-06-25T15:35:13+00:00\" \/>\n<meta property=\"article:modified_time\" content=\"2025-11-19T16:38:54+00:00\" \/>\n<meta property=\"og:image\" content=\"https:\/\/lesminis.fr\/blog\/wp-content\/uploads\/2025\/07\/vacances-montessori-6-12.jpg\" \/>\n\t<meta property=\"og:image:width\" content=\"1000\" \/>\n\t<meta property=\"og:image:height\" content=\"665\" \/>\n\t<meta property=\"og:image:type\" content=\"image\/jpeg\" \/>\n<meta name=\"author\" content=\"LesMinis\" \/>\n<meta name=\"twitter:label1\" content=\"\u00c9crit par\" \/>\n\t<meta name=\"twitter:data1\" content=\"LesMinis\" \/>\n\t<meta name=\"twitter:label2\" content=\"Dur\u00e9e de lecture estim\u00e9e\" \/>\n\t<meta name=\"twitter:data2\" content=\"5 minutes\" \/>\n<script type=\"application\/ld+json\" class=\"yoast-schema-graph\">{\"@context\":\"https:\/\/schema.org\",\"@graph\":[{\"@type\":[\"Article\",\"BlogPosting\"],\"@id\":\"https:\/\/lesminis.fr\/blog\/vacances-montessori-activites-nature\/#article\",\"isPartOf\":{\"@id\":\"https:\/\/lesminis.fr\/blog\/vacances-montessori-activites-nature\/\"},\"author\":{\"name\":\"LesMinis\",\"@id\":\"https:\/\/lesminis.fr\/blog\/#\/schema\/person\/4a1be8c8c70a7d945af71674957cf83e\"},\"headline\":\"Vacances d\u2019\u00e9t\u00e9\u00a0: transformer la nature en salle de classe Montessori\",\"datePublished\":\"2025-06-25T15:35:13+00:00\",\"dateModified\":\"2025-11-19T16:38:54+00:00\",\"mainEntityOfPage\":{\"@id\":\"https:\/\/lesminis.fr\/blog\/vacances-montessori-activites-nature\/\"},\"wordCount\":949,\"commentCount\":0,\"publisher\":{\"@id\":\"https:\/\/lesminis.fr\/blog\/#organization\"},\"image\":{\"@id\":\"https:\/\/lesminis.fr\/blog\/vacances-montessori-activites-nature\/#primaryimage\"},\"thumbnailUrl\":\"https:\/\/lesminis.fr\/blog\/wp-content\/uploads\/2025\/07\/vacances-montessori-6-12.jpg\",\"keywords\":[\"enfant\",\"sans \u00e9cran\",\"vacances 2025\"],\"articleSection\":[\"MinisLab \u2014 Activit\u00e9s, jeux &amp; exp\u00e9riences \u00e9ducatives\",\"MinisPedago \u2014 Montessori, p\u00e9dagogies alternatives &amp; d\u00e9veloppement de l\u2019enfant\"],\"inLanguage\":\"fr-FR\",\"potentialAction\":[{\"@type\":\"CommentAction\",\"name\":\"Comment\",\"target\":[\"https:\/\/lesminis.fr\/blog\/vacances-montessori-activites-nature\/#respond\"]}]},{\"@type\":\"WebPage\",\"@id\":\"https:\/\/lesminis.fr\/blog\/vacances-montessori-activites-nature\/\",\"url\":\"https:\/\/lesminis.fr\/blog\/vacances-montessori-activites-nature\/\",\"name\":\"Vacances Montessori\u00a0: activit\u00e9s nature 6\u201112\u202fans | Guide LesMinis\",\"isPartOf\":{\"@id\":\"https:\/\/lesminis.fr\/blog\/#website\"},\"primaryImageOfPage\":{\"@id\":\"https:\/\/lesminis.fr\/blog\/vacances-montessori-activites-nature\/#primaryimage\"},\"image\":{\"@id\":\"https:\/\/lesminis.fr\/blog\/vacances-montessori-activites-nature\/#primaryimage\"},\"thumbnailUrl\":\"https:\/\/lesminis.fr\/blog\/wp-content\/uploads\/2025\/07\/vacances-montessori-6-12.jpg\",\"datePublished\":\"2025-06-25T15:35:13+00:00\",\"dateModified\":\"2025-11-19T16:38:54+00:00\",\"description\":\"Randonn\u00e9e, jardinage, observation d\u2019insectes\u00a0: id\u00e9es + mat\u00e9riel LesMinis pour un \u00e9t\u00e9 6\u201112\u202fans sans \u00e9crans, riche en exp\u00e9riences pratiques et scientifiques.\",\"breadcrumb\":{\"@id\":\"https:\/\/lesminis.fr\/blog\/vacances-montessori-activites-nature\/#breadcrumb\"},\"inLanguage\":\"fr-FR\",\"potentialAction\":[{\"@type\":\"ReadAction\",\"target\":[\"https:\/\/lesminis.fr\/blog\/vacances-montessori-activites-nature\/\"]}]},{\"@type\":\"ImageObject\",\"inLanguage\":\"fr-FR\",\"@id\":\"https:\/\/lesminis.fr\/blog\/vacances-montessori-activites-nature\/#primaryimage\",\"url\":\"https:\/\/lesminis.fr\/blog\/wp-content\/uploads\/2025\/07\/vacances-montessori-6-12.jpg\",\"contentUrl\":\"https:\/\/lesminis.fr\/blog\/wp-content\/uploads\/2025\/07\/vacances-montessori-6-12.jpg\",\"width\":1000,\"height\":665,\"caption\":\"Vacances Montessori\u00a0: activit\u00e9s nature 6\u201112\u202fans | Guide LesMinis\"},{\"@type\":\"BreadcrumbList\",\"@id\":\"https:\/\/lesminis.fr\/blog\/vacances-montessori-activites-nature\/#breadcrumb\",\"itemListElement\":[{\"@type\":\"ListItem\",\"position\":1,\"name\":\"Accueil\",\"item\":\"https:\/\/lesminis.fr\/blog\/\"},{\"@type\":\"ListItem\",\"position\":2,\"name\":\"Vacances d\u2019\u00e9t\u00e9\u00a0: transformer la nature en salle de classe Montessori\"}]},{\"@type\":\"WebSite\",\"@id\":\"https:\/\/lesminis.fr\/blog\/#website\",\"url\":\"https:\/\/lesminis.fr\/blog\/\",\"name\":\"LesMinis Le Blog - Mat\u00e9riels \u00e9ducatifs - Figurines p\u00e9dagogiques\",\"description\":\"D\u00e9couvrez notre actualit\u00e9, figurines, mat\u00e9riel \u00e9ducatif, activit\u00e9s Montessori\",\"publisher\":{\"@id\":\"https:\/\/lesminis.fr\/blog\/#organization\"},\"potentialAction\":[{\"@type\":\"SearchAction\",\"target\":{\"@type\":\"EntryPoint\",\"urlTemplate\":\"https:\/\/lesminis.fr\/blog\/?s={search_term_string}\"},\"query-input\":{\"@type\":\"PropertyValueSpecification\",\"valueRequired\":true,\"valueName\":\"search_term_string\"}}],\"inLanguage\":\"fr-FR\"},{\"@type\":\"Organization\",\"@id\":\"https:\/\/lesminis.fr\/blog\/#organization\",\"name\":\"LesMinis - Sp\u00e9cialiste mat\u00e9riel p\u00e9dagogiques - Figurines \u00e9ducatives - Mat\u00e9riel Montessori\",\"url\":\"https:\/\/lesminis.fr\/blog\/\",\"logo\":{\"@type\":\"ImageObject\",\"inLanguage\":\"fr-FR\",\"@id\":\"https:\/\/lesminis.fr\/blog\/#\/schema\/logo\/image\/\",\"url\":\"https:\/\/lesminis.fr\/blog\/wp-content\/uploads\/2023\/03\/nouveau-logo-lesminis.png\",\"contentUrl\":\"https:\/\/lesminis.fr\/blog\/wp-content\/uploads\/2023\/03\/nouveau-logo-lesminis.png\",\"width\":500,\"height\":175,\"caption\":\"LesMinis - Sp\u00e9cialiste mat\u00e9riel p\u00e9dagogiques - Figurines \u00e9ducatives - Mat\u00e9riel Montessori\"},\"image\":{\"@id\":\"https:\/\/lesminis.fr\/blog\/#\/schema\/logo\/image\/\"},\"sameAs\":[\"https:\/\/fr-fr.facebook.com\/LesMinis.fr\/\",\"https:\/\/www.instagram.com\/lesminis.fr\/\",\"https:\/\/www.tiktok.com\/@lesminis.fr\",\"https:\/\/www.pinterest.fr\/lesminisfr\/\"]},{\"@type\":\"Person\",\"@id\":\"https:\/\/lesminis.fr\/blog\/#\/schema\/person\/4a1be8c8c70a7d945af71674957cf83e\",\"name\":\"LesMinis\",\"image\":{\"@type\":\"ImageObject\",\"inLanguage\":\"fr-FR\",\"@id\":\"https:\/\/lesminis.fr\/blog\/#\/schema\/person\/image\/\",\"url\":\"https:\/\/secure.gravatar.com\/avatar\/288cd93d352b3465f2bd0701b1f2bb059b68dc3a70c4fda061bad8e6c9f8d865?s=96&d=blank&r=g\",\"contentUrl\":\"https:\/\/secure.gravatar.com\/avatar\/288cd93d352b3465f2bd0701b1f2bb059b68dc3a70c4fda061bad8e6c9f8d865?s=96&d=blank&r=g\",\"caption\":\"LesMinis\"},\"sameAs\":[\"https:\/\/lesminis.fr\/blog\",\"https:\/\/www.facebook.com\/LesMinis.fr\/\",\"https:\/\/www.instagram.com\/lesminis.fr\/\",\"https:\/\/www.pinterest.fr\/lesminisfr\/\"],\"url\":\"https:\/\/lesminis.fr\/blog\/author\/lesminis\/\"}]}<\/script>\n<!-- \/ Yoast SEO Premium plugin. -->","yoast_head_json":{"title":"Vacances Montessori\u00a0: activit\u00e9s nature 6\u201112\u202fans | Guide LesMinis","description":"Randonn\u00e9e, jardinage, observation d\u2019insectes\u00a0: id\u00e9es + mat\u00e9riel LesMinis pour un \u00e9t\u00e9 6\u201112\u202fans sans \u00e9crans, riche en exp\u00e9riences pratiques et scientifiques.","robots":{"index":"index","follow":"follow","max-snippet":"max-snippet:-1","max-image-preview":"max-image-preview:large","max-video-preview":"max-video-preview:-1"},"canonical":"https:\/\/lesminis.fr\/blog\/vacances-montessori-activites-nature\/","og_locale":"fr_FR","og_type":"article","og_title":"Vacances d\u2019\u00e9t\u00e9\u00a0: transformer la nature en salle de classe Montessori","og_description":"Randonn\u00e9e, jardinage, observation d\u2019insectes\u00a0: id\u00e9es + mat\u00e9riel LesMinis pour un \u00e9t\u00e9 6\u201112\u202fans sans \u00e9crans, riche en exp\u00e9riences pratiques et scientifiques.","og_url":"https:\/\/lesminis.fr\/blog\/vacances-montessori-activites-nature\/","og_site_name":"LesMinis Le Blog - Mat\u00e9riels \u00e9ducatifs - Figurines p\u00e9dagogiques","article_publisher":"https:\/\/fr-fr.facebook.com\/LesMinis.fr\/","article_author":"https:\/\/www.facebook.com\/LesMinis.fr\/","article_published_time":"2025-06-25T15:35:13+00:00","article_modified_time":"2025-11-19T16:38:54+00:00","og_image":[{"width":1000,"height":665,"url":"https:\/\/lesminis.fr\/blog\/wp-content\/uploads\/2025\/07\/vacances-montessori-6-12.jpg","type":"image\/jpeg"}],"author":"LesMinis","twitter_misc":{"\u00c9crit par":"LesMinis","Dur\u00e9e de lecture estim\u00e9e":"5 minutes"},"schema":{"@context":"https:\/\/schema.org","@graph":[{"@type":["Article","BlogPosting"],"@id":"https:\/\/lesminis.fr\/blog\/vacances-montessori-activites-nature\/#article","isPartOf":{"@id":"https:\/\/lesminis.fr\/blog\/vacances-montessori-activites-nature\/"},"author":{"name":"LesMinis","@id":"https:\/\/lesminis.fr\/blog\/#\/schema\/person\/4a1be8c8c70a7d945af71674957cf83e"},"headline":"Vacances d\u2019\u00e9t\u00e9\u00a0: transformer la nature en salle de classe Montessori","datePublished":"2025-06-25T15:35:13+00:00","dateModified":"2025-11-19T16:38:54+00:00","mainEntityOfPage":{"@id":"https:\/\/lesminis.fr\/blog\/vacances-montessori-activites-nature\/"},"wordCount":949,"commentCount":0,"publisher":{"@id":"https:\/\/lesminis.fr\/blog\/#organization"},"image":{"@id":"https:\/\/lesminis.fr\/blog\/vacances-montessori-activites-nature\/#primaryimage"},"thumbnailUrl":"https:\/\/lesminis.fr\/blog\/wp-content\/uploads\/2025\/07\/vacances-montessori-6-12.jpg","keywords":["enfant","sans \u00e9cran","vacances 2025"],"articleSection":["MinisLab \u2014 Activit\u00e9s, jeux &amp; exp\u00e9riences \u00e9ducatives","MinisPedago \u2014 Montessori, p\u00e9dagogies alternatives &amp; d\u00e9veloppement de l\u2019enfant"],"inLanguage":"fr-FR","potentialAction":[{"@type":"CommentAction","name":"Comment","target":["https:\/\/lesminis.fr\/blog\/vacances-montessori-activites-nature\/#respond"]}]},{"@type":"WebPage","@id":"https:\/\/lesminis.fr\/blog\/vacances-montessori-activites-nature\/","url":"https:\/\/lesminis.fr\/blog\/vacances-montessori-activites-nature\/","name":"Vacances Montessori\u00a0: activit\u00e9s nature 6\u201112\u202fans | Guide LesMinis","isPartOf":{"@id":"https:\/\/lesminis.fr\/blog\/#website"},"primaryImageOfPage":{"@id":"https:\/\/lesminis.fr\/blog\/vacances-montessori-activites-nature\/#primaryimage"},"image":{"@id":"https:\/\/lesminis.fr\/blog\/vacances-montessori-activites-nature\/#primaryimage"},"thumbnailUrl":"https:\/\/lesminis.fr\/blog\/wp-content\/uploads\/2025\/07\/vacances-montessori-6-12.jpg","datePublished":"2025-06-25T15:35:13+00:00","dateModified":"2025-11-19T16:38:54+00:00","description":"Randonn\u00e9e, jardinage, observation d\u2019insectes\u00a0: id\u00e9es + mat\u00e9riel LesMinis pour un \u00e9t\u00e9 6\u201112\u202fans sans \u00e9crans, riche en exp\u00e9riences pratiques et scientifiques.","breadcrumb":{"@id":"https:\/\/lesminis.fr\/blog\/vacances-montessori-activites-nature\/#breadcrumb"},"inLanguage":"fr-FR","potentialAction":[{"@type":"ReadAction","target":["https:\/\/lesminis.fr\/blog\/vacances-montessori-activites-nature\/"]}]},{"@type":"ImageObject","inLanguage":"fr-FR","@id":"https:\/\/lesminis.fr\/blog\/vacances-montessori-activites-nature\/#primaryimage","url":"https:\/\/lesminis.fr\/blog\/wp-content\/uploads\/2025\/07\/vacances-montessori-6-12.jpg","contentUrl":"https:\/\/lesminis.fr\/blog\/wp-content\/uploads\/2025\/07\/vacances-montessori-6-12.jpg","width":1000,"height":665,"caption":"Vacances Montessori\u00a0: activit\u00e9s nature 6\u201112\u202fans | Guide LesMinis"},{"@type":"BreadcrumbList","@id":"https:\/\/lesminis.fr\/blog\/vacances-montessori-activites-nature\/#breadcrumb","itemListElement":[{"@type":"ListItem","position":1,"name":"Accueil","item":"https:\/\/lesminis.fr\/blog\/"},{"@type":"ListItem","position":2,"name":"Vacances d\u2019\u00e9t\u00e9\u00a0: transformer la nature en salle de classe Montessori"}]},{"@type":"WebSite","@id":"https:\/\/lesminis.fr\/blog\/#website","url":"https:\/\/lesminis.fr\/blog\/","name":"LesMinis Le Blog - Mat\u00e9riels \u00e9ducatifs - Figurines p\u00e9dagogiques","description":"D\u00e9couvrez notre actualit\u00e9, figurines, mat\u00e9riel \u00e9ducatif, activit\u00e9s Montessori","publisher":{"@id":"https:\/\/lesminis.fr\/blog\/#organization"},"potentialAction":[{"@type":"SearchAction","target":{"@type":"EntryPoint","urlTemplate":"https:\/\/lesminis.fr\/blog\/?s={search_term_string}"},"query-input":{"@type":"PropertyValueSpecification","valueRequired":true,"valueName":"search_term_string"}}],"inLanguage":"fr-FR"},{"@type":"Organization","@id":"https:\/\/lesminis.fr\/blog\/#organization","name":"LesMinis - Sp\u00e9cialiste mat\u00e9riel p\u00e9dagogiques - Figurines \u00e9ducatives - Mat\u00e9riel Montessori","url":"https:\/\/lesminis.fr\/blog\/","logo":{"@type":"ImageObject","inLanguage":"fr-FR","@id":"https:\/\/lesminis.fr\/blog\/#\/schema\/logo\/image\/","url":"https:\/\/lesminis.fr\/blog\/wp-content\/uploads\/2023\/03\/nouveau-logo-lesminis.png","contentUrl":"https:\/\/lesminis.fr\/blog\/wp-content\/uploads\/2023\/03\/nouveau-logo-lesminis.png","width":500,"height":175,"caption":"LesMinis - Sp\u00e9cialiste mat\u00e9riel p\u00e9dagogiques - Figurines \u00e9ducatives - Mat\u00e9riel Montessori"},"image":{"@id":"https:\/\/lesminis.fr\/blog\/#\/schema\/logo\/image\/"},"sameAs":["https:\/\/fr-fr.facebook.com\/LesMinis.fr\/","https:\/\/www.instagram.com\/lesminis.fr\/","https:\/\/www.tiktok.com\/@lesminis.fr","https:\/\/www.pinterest.fr\/lesminisfr\/"]},{"@type":"Person","@id":"https:\/\/lesminis.fr\/blog\/#\/schema\/person\/4a1be8c8c70a7d945af71674957cf83e","name":"LesMinis","image":{"@type":"ImageObject","inLanguage":"fr-FR","@id":"https:\/\/lesminis.fr\/blog\/#\/schema\/person\/image\/","url":"https:\/\/secure.gravatar.com\/avatar\/288cd93d352b3465f2bd0701b1f2bb059b68dc3a70c4fda061bad8e6c9f8d865?s=96&d=blank&r=g","contentUrl":"https:\/\/secure.gravatar.com\/avatar\/288cd93d352b3465f2bd0701b1f2bb059b68dc3a70c4fda061bad8e6c9f8d865?s=96&d=blank&r=g","caption":"LesMinis"},"sameAs":["https:\/\/lesminis.fr\/blog","https:\/\/www.facebook.com\/LesMinis.fr\/","https:\/\/www.instagram.com\/lesminis.fr\/","https:\/\/www.pinterest.fr\/lesminisfr\/"],"url":"https:\/\/lesminis.fr\/blog\/author\/lesminis\/"}]}},"_links":{"self":[{"href":"https:\/\/lesminis.fr\/blog\/wp-json\/wp\/v2\/posts\/5257","targetHints":{"allow":["GET"]}}],"collection":[{"href":"https:\/\/lesminis.fr\/blog\/wp-json\/wp\/v2\/posts"}],"about":[{"href":"https:\/\/lesminis.fr\/blog\/wp-json\/wp\/v2\/types\/post"}],"author":[{"embeddable":true,"href":"https:\/\/lesminis.fr\/blog\/wp-json\/wp\/v2\/users\/1"}],"replies":[{"embeddable":true,"href":"https:\/\/lesminis.fr\/blog\/wp-json\/wp\/v2\/comments?post=5257"}],"version-history":[{"count":1,"href":"https:\/\/lesminis.fr\/blog\/wp-json\/wp\/v2\/posts\/5257\/revisions"}],"predecessor-version":[{"id":5259,"href":"https:\/\/lesminis.fr\/blog\/wp-json\/wp\/v2\/posts\/5257\/revisions\/5259"}],"wp:featuredmedia":[{"embeddable":true,"href":"https:\/\/lesminis.fr\/blog\/wp-json\/wp\/v2\/media\/5258"}],"wp:attachment":[{"href":"https:\/\/lesminis.fr\/blog\/wp-json\/wp\/v2\/media?parent=5257"}],"wp:term":[{"taxonomy":"category","embeddable":true,"href":"https:\/\/lesminis.fr\/blog\/wp-json\/wp\/v2\/categories?post=5257"},{"taxonomy":"post_tag","embeddable":true,"href":"https:\/\/lesminis.fr\/blog\/wp-json\/wp\/v2\/tags?post=5257"}],"curies":[{"name":"wp","href":"https:\/\/api.w.org\/{rel}","templated":true}]}}