{"id":5252,"date":"2025-08-05T08:13:31","date_gmt":"2025-08-05T07:13:31","guid":{"rendered":"https:\/\/lesminis.fr\/blog\/?p=5252"},"modified":"2025-10-19T13:59:20","modified_gmt":"2025-10-19T12:59:20","slug":"montessori-0-3-ans-guide-lesminis","status":"publish","type":"post","link":"https:\/\/lesminis.fr\/blog\/montessori-0-3-ans-guide-lesminis\/","title":{"rendered":"Montessori 0\u20133 ans : le guide complet (naissance, 3, 6, 12, 18, 24, 36 mois)"},"content":{"rendered":"<article id=\"montessori-0-3-parents\">Vous tenez peut-\u00eatre ce texte entre deux lessives, un caf\u00e9 froid \u00e0 la main, avec cette question\u00a0: \u00ab\u00a0Comment donner \u00e0 mon enfant le meilleur d\u00e9part, sans transformer la maison en salle de classe\u00a0?\u00a0\u00bb Bonne nouvelle\u00a0: la p\u00e9dagogie Montessori de 0 \u00e0 3\u00a0ans est d\u2019abord une fa\u00e7on de <strong>regarder<\/strong> votre enfant. Vous pr\u00e9parez un espace clair, vous montrez un geste lentement, puis vous le laissez refaire tout seul. C\u2019est simple, concret et terriblement efficace pour l\u2019autonomie, la concentration et la joie d\u2019apprendre.<\/p>\n<div id=\"ez-toc-container\" class=\"ez-toc-v2_0_78 counter-hierarchy ez-toc-counter ez-toc-grey ez-toc-container-direction\">\n<div class=\"ez-toc-title-container\">\n<p class=\"ez-toc-title\" style=\"cursor:inherit\">Table of Contents<\/p>\n<span class=\"ez-toc-title-toggle\"><a href=\"#\" class=\"ez-toc-pull-right ez-toc-btn ez-toc-btn-xs ez-toc-btn-default ez-toc-toggle\" aria-label=\"Toggle Table of Content\"><span class=\"ez-toc-js-icon-con\"><span class=\"\"><span class=\"eztoc-hide\" style=\"display:none;\">Toggle<\/span><span class=\"ez-toc-icon-toggle-span\"><svg style=\"fill: #999;color:#999\" xmlns=\"http:\/\/www.w3.org\/2000\/svg\" class=\"list-377408\" width=\"20px\" height=\"20px\" viewBox=\"0 0 24 24\" fill=\"none\"><path d=\"M6 6H4v2h2V6zm14 0H8v2h12V6zM4 11h2v2H4v-2zm16 0H8v2h12v-2zM4 16h2v2H4v-2zm16 0H8v2h12v-2z\" fill=\"currentColor\"><\/path><\/svg><svg style=\"fill: #999;color:#999\" class=\"arrow-unsorted-368013\" xmlns=\"http:\/\/www.w3.org\/2000\/svg\" width=\"10px\" height=\"10px\" viewBox=\"0 0 24 24\" version=\"1.2\" baseProfile=\"tiny\"><path d=\"M18.2 9.3l-6.2-6.3-6.2 6.3c-.2.2-.3.4-.3.7s.1.5.3.7c.2.2.4.3.7.3h11c.3 0 .5-.1.7-.3.2-.2.3-.5.3-.7s-.1-.5-.3-.7zM5.8 14.7l6.2 6.3 6.2-6.3c.2-.2.3-.5.3-.7s-.1-.5-.3-.7c-.2-.2-.4-.3-.7-.3h-11c-.3 0-.5.1-.7.3-.2.2-.3.5-.3.7s.1.5.3.7z\"\/><\/svg><\/span><\/span><\/span><\/a><\/span><\/div>\n<nav><ul class='ez-toc-list ez-toc-list-level-1 ' ><li class='ez-toc-page-1 ez-toc-heading-level-2'><a class=\"ez-toc-link ez-toc-heading-1\" href=\"https:\/\/lesminis.fr\/blog\/montessori-0-3-ans-guide-lesminis\/#Pourquoi_commencer_entre_0_et_3_ans\" >Pourquoi commencer entre 0 et 3\u00a0ans\u00a0?<\/a><\/li><li class='ez-toc-page-1 ez-toc-heading-level-2'><a class=\"ez-toc-link ez-toc-heading-2\" href=\"https:\/\/lesminis.fr\/blog\/montessori-0-3-ans-guide-lesminis\/#Le_Nido_0%E2%80%9312_mois_un_%C2%AB_nid_%C2%BB_qui_donne_envie_dexplorer\" >Le Nido (0\u201312\u00a0mois)\u00a0: un \u00ab\u00a0nid\u00a0\u00bb qui donne envie d\u2019explorer<\/a><ul class='ez-toc-list-level-3' ><li class='ez-toc-heading-level-3'><a class=\"ez-toc-link ez-toc-heading-3\" href=\"https:\/\/lesminis.fr\/blog\/montessori-0-3-ans-guide-lesminis\/#Exemples_dinvitations\" >Exemples d\u2019invitations<\/a><\/li><\/ul><\/li><li class='ez-toc-page-1 ez-toc-heading-level-2'><a class=\"ez-toc-link ez-toc-heading-4\" href=\"https:\/\/lesminis.fr\/blog\/montessori-0-3-ans-guide-lesminis\/#La_Communaute_enfantine_12%E2%80%9336_mois_%C2%AB_Je_fais_pour_de_vrai_%C2%BB\" >La Communaut\u00e9 enfantine (12\u201336\u00a0mois)\u00a0: \u00ab\u00a0Je fais pour de vrai\u00a0\u00bb<\/a><ul class='ez-toc-list-level-3' ><li class='ez-toc-heading-level-3'><a class=\"ez-toc-link ez-toc-heading-5\" href=\"https:\/\/lesminis.fr\/blog\/montessori-0-3-ans-guide-lesminis\/#Vie_pratique_des_gestes_qui_rendent_fier\" >Vie pratique\u00a0: des gestes qui rendent fier<\/a><\/li><\/ul><\/li><li class='ez-toc-page-1 ez-toc-heading-level-2'><a class=\"ez-toc-link ez-toc-heading-6\" href=\"https:\/\/lesminis.fr\/blog\/montessori-0-3-ans-guide-lesminis\/#Sommeil_le_lit_au_sol_simple_et_apaisant\" >Sommeil\u00a0: le lit au sol, simple et apaisant<\/a><\/li><li class='ez-toc-page-1 ez-toc-heading-level-2'><a class=\"ez-toc-link ez-toc-heading-7\" href=\"https:\/\/lesminis.fr\/blog\/montessori-0-3-ans-guide-lesminis\/#Progression_0%E2%80%933_ans_claire_et_sereine\" >Progression 0\u20133\u00a0ans, claire et sereine<\/a><ul class='ez-toc-list-level-3' ><li class='ez-toc-heading-level-3'><a class=\"ez-toc-link ez-toc-heading-8\" href=\"https:\/\/lesminis.fr\/blog\/montessori-0-3-ans-guide-lesminis\/#0%E2%80%936_mois\" >0\u20136\u00a0mois<\/a><\/li><li class='ez-toc-page-1 ez-toc-heading-level-3'><a class=\"ez-toc-link ez-toc-heading-9\" href=\"https:\/\/lesminis.fr\/blog\/montessori-0-3-ans-guide-lesminis\/#6%E2%80%9312_mois\" >6\u201312\u00a0mois<\/a><\/li><li class='ez-toc-page-1 ez-toc-heading-level-3'><a class=\"ez-toc-link ez-toc-heading-10\" href=\"https:\/\/lesminis.fr\/blog\/montessori-0-3-ans-guide-lesminis\/#12%E2%80%9324_mois\" >12\u201324\u00a0mois<\/a><\/li><li class='ez-toc-page-1 ez-toc-heading-level-3'><a class=\"ez-toc-link ez-toc-heading-11\" href=\"https:\/\/lesminis.fr\/blog\/montessori-0-3-ans-guide-lesminis\/#24%E2%80%9336_mois\" >24\u201336\u00a0mois<\/a><\/li><\/ul><\/li><li class='ez-toc-page-1 ez-toc-heading-level-2'><a class=\"ez-toc-link ez-toc-heading-12\" href=\"https:\/\/lesminis.fr\/blog\/montessori-0-3-ans-guide-lesminis\/#Peu_de_materiel_beaucoup_deffets\" >Peu de mat\u00e9riel, beaucoup d\u2019effets<\/a><\/li><li class='ez-toc-page-1 ez-toc-heading-level-2'><a class=\"ez-toc-link ez-toc-heading-13\" href=\"https:\/\/lesminis.fr\/blog\/montessori-0-3-ans-guide-lesminis\/#Votre_role_en_trois_verbes\" >Votre r\u00f4le, en trois verbes<\/a><\/li><li class='ez-toc-page-1 ez-toc-heading-level-2'><a class=\"ez-toc-link ez-toc-heading-14\" href=\"https:\/\/lesminis.fr\/blog\/montessori-0-3-ans-guide-lesminis\/#Ressources_internes_LesMinis\" >Ressources internes LesMinis<\/a><\/li><\/ul><\/nav><\/div>\n<h2><span class=\"ez-toc-section\" id=\"Pourquoi_commencer_entre_0_et_3_ans\"><\/span>Pourquoi commencer entre 0 et 3\u00a0ans\u00a0?<span class=\"ez-toc-section-end\"><\/span><\/h2>\n<p>Avant 36\u00a0mois, tout s\u2019orchestre\u00a0: mouvement, langage, ordre int\u00e9rieur, confiance. Commencer t\u00f4t ne veut pas dire \u00ab\u00a0aller plus vite\u00a0\u00bb, mais <em>proposer la bonne exp\u00e9rience au bon moment<\/em>. Un environnement \u00e9pur\u00e9 et \u00e0 sa taille lui permet de choisir, r\u00e9p\u00e9ter, corriger\u2026 et se sentir capable.<\/p>\n<ul>\n<li><strong>Libert\u00e9 de mouvement<\/strong>\u00a0: au sol, le corps s\u2019organise (rouler, ramper, se hisser, marcher).<\/li>\n<li><strong>Ordre ext\u00e9rieur \u2192 calme int\u00e9rieur<\/strong>\u00a0: quand tout a une place, votre enfant s\u2019apaise et se concentre.<\/li>\n<li><strong>Une difficult\u00e9 \u00e0 la fois<\/strong>\u00a0: verser de l\u2019eau <em>ou<\/em> des graines, pas les deux.<\/li>\n<\/ul>\n<h2><span class=\"ez-toc-section\" id=\"Le_Nido_0%E2%80%9312_mois_un_%C2%AB_nid_%C2%BB_qui_donne_envie_dexplorer\"><\/span>Le Nido (0\u201312\u00a0mois)\u00a0: un \u00ab\u00a0nid\u00a0\u00bb qui donne envie d\u2019explorer<span class=\"ez-toc-section-end\"><\/span><\/h2>\n<p>Votre b\u00e9b\u00e9 a besoin de <strong>peu mais bien choisi<\/strong>. Un matelas au sol dans une chambre s\u00e9curis\u00e9e, un <strong>miroir horizontal<\/strong> \u00e0 20\u00a0cm du sol, une <strong>barre de maintien<\/strong>, et un seul mobile \u00e0 la fois. Les mobiles suivent une progression simple (Munari \u2192 Octa\u00e8dres \u2192 Gobbi \u2192 Danseurs) qui muscle l\u2019attention sans sur-stimulation.<\/p>\n<h3><span class=\"ez-toc-section\" id=\"Exemples_dinvitations\"><\/span>Exemples d\u2019invitations<span class=\"ez-toc-section-end\"><\/span><\/h3>\n<ul>\n<li><strong>0\u20133\u00a0mois<\/strong>\u00a0: temps sur le tapis, mobile Munari, regard + voix douce, z\u00e9ro \u00e9cran.<\/li>\n<li><strong>3\u20136\u00a0mois<\/strong>\u00a0: Octa\u00e8dres puis Gobbi, hochets l\u00e9gers, textures contrast\u00e9es.<\/li>\n<li><strong>6\u20139\u00a0mois<\/strong>\u00a0: barre + miroir, objets qui roulent\/poussent, jeux de \u00ab\u00a0cause\u2013effet\u00a0\u00bb.<\/li>\n<li><strong>9\u201312\u00a0mois<\/strong>\u00a0: <a href=\"https:\/\/lesminis.fr\/boite-permanence-objet-montessori-tout-petits-educo-900000199\/24342.html\">bo\u00eete de permanence<\/a>, encastrements simples, panier de tr\u00e9sors (bois, m\u00e9tal, tissu) sous votre regard.<\/li>\n<\/ul>\n<p>Pour un pas-\u00e0-pas\u00a0: <a href=\"https:\/\/lesminis.fr\/blog\/nido-montessori-bebes-tout-petits\/\">Nido\u00a0: le guide complet<\/a> et <a href=\"https:\/\/lesminis.fr\/blog\/a-3-mois-quoi-proposer-a-votre-bebe-reperes-simples-facon-nido\/\">\u00c0 3\u00a0mois, quoi proposer\u00a0?<\/a><\/p>\n<h2><span class=\"ez-toc-section\" id=\"La_Communaute_enfantine_12%E2%80%9336_mois_%C2%AB_Je_fais_pour_de_vrai_%C2%BB\"><\/span>La Communaut\u00e9 enfantine (12\u201336\u00a0mois)\u00a0: \u00ab\u00a0Je fais pour de vrai\u00a0\u00bb<span class=\"ez-toc-section-end\"><\/span><\/h2>\n<p>D\u00e8s que la marche est stable, votre enfant veut <em>agir<\/em>. Transformez votre int\u00e9rieur en mini-maison\u00a0: <strong>\u00e9tag\u00e8re basse<\/strong> (6\u20138 activit\u00e9s visibles), petite table et chaisette, un point d\u2019eau \u00e0 sa hauteur, et des paniers pour ranger.<\/p>\n<h3><span class=\"ez-toc-section\" id=\"Vie_pratique_des_gestes_qui_rendent_fier\"><\/span>Vie pratique\u00a0: des gestes qui rendent fier<span class=\"ez-toc-section-end\"><\/span><\/h3>\n<ul>\n<li><strong>Transvaser\/verser<\/strong>\u00a0: plateau, deux r\u00e9cipients, pichet 15\u00a0cl, \u00e9ponge pour \u00ab\u00a0r\u00e9parer\u00a0\u00bb.<\/li>\n<li><strong>Nettoyer<\/strong>\u00a0: brosse + balayette, chiffon, petit pulv\u00e9risateur.<\/li>\n<li><strong>Cuisiner<\/strong>\u00a0: tour d\u2019observation, couteau s\u00fbr pour bananes, \u00e9plucheur adapt\u00e9.<\/li>\n<\/ul>\n<h2><span class=\"ez-toc-section\" id=\"Sommeil_le_lit_au_sol_simple_et_apaisant\"><\/span>Sommeil\u00a0: le lit au sol, simple et apaisant<span class=\"ez-toc-section-end\"><\/span><\/h2>\n<p>Le <strong>matelas au sol<\/strong> permet \u00e0 votre enfant d\u2019entrer\/sortir seul de son espace sommeil, r\u00e9duit les appels, et favorise l\u2019endormissement autonome. Ambiance sobre (livres accessibles, lumi\u00e8re douce), routine courte et stable. Mode d\u2019emploi\u00a0: <a href=\"https:\/\/lesminis.fr\/blog\/lit-au-sol-montessori-guide-parents\/\">Lit au sol\u00a0: cadre, s\u00e9curit\u00e9, routine<\/a>.<\/p>\n<h2><span class=\"ez-toc-section\" id=\"Progression_0%E2%80%933_ans_claire_et_sereine\"><\/span>Progression 0\u20133\u00a0ans, claire et sereine<span class=\"ez-toc-section-end\"><\/span><\/h2>\n<div>\n<h3><span class=\"ez-toc-section\" id=\"0%E2%80%936_mois\"><\/span>0\u20136\u00a0mois<span class=\"ez-toc-section-end\"><\/span><\/h3>\n<ul>\n<li>Sol libre, mobiles Munari puis Octa\u00e8dres, portage relationnel.<\/li>\n<li>Regard + voix calme, jeux de doigts, peau \u00e0 peau respect\u00e9.<\/li>\n<\/ul>\n<h3><span class=\"ez-toc-section\" id=\"6%E2%80%9312_mois\"><\/span>6\u201312\u00a0mois<span class=\"ez-toc-section-end\"><\/span><\/h3>\n<ul>\n<li>Miroir + barre, Danseurs, objets \u00e0 saisir, permanence de l\u2019objet.<\/li>\n<li>Un plateau = un geste, puis on range \u00e0 sa place.<\/li>\n<\/ul>\n<h3><span class=\"ez-toc-section\" id=\"12%E2%80%9324_mois\"><\/span>12\u201324\u00a0mois<span class=\"ez-toc-section-end\"><\/span><\/h3>\n<ul>\n<li>Verser, transvaser, ouvrir\/fermer, pince \u00e0 linge, nettoyer.<\/li>\n<li>Chevilles, encastrements, imagiers photo du quotidien.<\/li>\n<\/ul>\n<h3><span class=\"ez-toc-section\" id=\"24%E2%80%9336_mois\"><\/span>24\u201336\u00a0mois<span class=\"ez-toc-section-end\"><\/span><\/h3>\n<ul>\n<li>Mettre la table, balayer, arroser, trier et classer.<\/li>\n<li>D\u00e9couper une banane, tartiner, ranger avant de choisir autre chose.<\/li>\n<\/ul>\n<\/div>\n<h2><span class=\"ez-toc-section\" id=\"Peu_de_materiel_beaucoup_deffets\"><\/span>Peu de mat\u00e9riel, beaucoup d\u2019effets<span class=\"ez-toc-section-end\"><\/span><\/h2>\n<ul>\n<li><strong>Mobiles<\/strong> (Munari \u2192 Octa\u00e8dres \u2192 Gobbi \u2192 Danseurs).<\/li>\n<li><strong>Bo\u00eete de permanence<\/strong>\u00a0: cause\u2013effet, coordination.<\/li>\n<li><strong>Plateaux de transvasement<\/strong>\u00a0: contr\u00f4le du geste, future \u00e9criture.<\/li>\n<li><strong>Chevilles\/encastrements<\/strong>\u00a0: pince pouce-index, discrimination visuelle.<\/li>\n<\/ul>\n<h2><span class=\"ez-toc-section\" id=\"Votre_role_en_trois_verbes\"><\/span>Votre r\u00f4le, en trois verbes<span class=\"ez-toc-section-end\"><\/span><\/h2>\n<ul>\n<li><strong>Observer<\/strong>\u00a0: attendez un signe d\u2019int\u00e9r\u00eat.<\/li>\n<li><strong>Montrer<\/strong>\u00a0: au ralenti, du d\u00e9but \u00e0 la fin, presque sans parler.<\/li>\n<li><strong>Laisser faire<\/strong>\u00a0: un seul niveau de difficult\u00e9, puis vous vous retirez.<\/li>\n<\/ul>\n<p>Vous verrez vite un double effet : un enfant qui se sent capable\u2026 et un adulte qui respire enfin.<\/p>\n<\/article>\n<article id=\"montessori-0-3-professionnels\">\n<h2><span class=\"ez-toc-section\" id=\"Ressources_internes_LesMinis\"><\/span>Ressources internes LesMinis<span class=\"ez-toc-section-end\"><\/span><\/h2>\n<ul>\n<li><a href=\"https:\/\/lesminis.fr\/blog\/lit-au-sol-montessori-guide-parents\/\">Lit au sol\u00a0: cadre, s\u00e9curit\u00e9, routine<\/a><\/li>\n<li><a href=\"https:\/\/lesminis.fr\/blog\/nido-montessori-bebes-tout-petits\/\">Nido\u00a0: le guide complet<\/a><\/li>\n<\/ul>\n<p>En posant une ambiance lisible, des progressions courtes et un langage pr\u00e9cis, vous verrez monter l\u2019autonomie, la qualit\u00e9 d\u2019engagement\u2026 et le bien-\u00eatre de l\u2019\u00e9quipe. Une p\u00e9dagogie exigeante, oui, mais qui simplifie le quotidien au lieu de l\u2019alourdir.<\/p>\n<\/article>\n","protected":false},"excerpt":{"rendered":"<p>De la naissance \u00e0 3\u202fans, l\u2019esprit absorbant de l\u2019enfant exige un environnement pr\u00e9par\u00e9. D\u00e9couvrez le mat\u00e9riel Montessori LesMinis indispensable et une journ\u00e9e type pour nourrir autonomie et confiance.<\/p>\n","protected":false},"author":1,"featured_media":5253,"comment_status":"open","ping_status":"closed","sticky":false,"template":"","format":"standard","meta":{"_acf_changed":false,"footnotes":""},"categories":[105],"tags":[1757,1782,1784,40,1778,80,1785],"class_list":{"0":"post-5252","1":"post","2":"type-post","3":"status-publish","4":"format-standard","5":"has-post-thumbnail","7":"category-minispedago-predagogie-montessori-activites-developpement","8":"tag-enfantine","9":"tag-environnement-prepare","10":"tag-lit-au-sol","11":"tag-montessori","12":"tag-montessori-0-3-ans","13":"tag-nido","14":"tag-sommeil-bebe"},"acf":[],"yoast_head":"<!-- This site is optimized with the Yoast SEO Premium plugin v27.1 (Yoast SEO v27.1.1) - https:\/\/yoast.com\/product\/yoast-seo-premium-wordpress\/ -->\n<title>Montessori 0\u20133 ans : guide, mat\u00e9riel, activit\u00e9s (naissance \u00e0 3 ans)<\/title>\n<meta name=\"description\" content=\"M\u00e9thode Montessori 0\u20133 ans : esprit absorbant, Nido, am\u00e9nagement, mat\u00e9riel essentiel et 30 id\u00e9es d\u2019activit\u00e9s par \u00e2ge (3, 6, 12, 18, 24, 36 mois).\" \/>\n<meta name=\"robots\" content=\"index, follow, max-snippet:-1, max-image-preview:large, max-video-preview:-1\" \/>\n<link rel=\"canonical\" href=\"https:\/\/lesminis.fr\/blog\/montessori-0-3-ans-guide-lesminis\/\" \/>\n<meta property=\"og:locale\" content=\"fr_FR\" \/>\n<meta property=\"og:type\" content=\"article\" \/>\n<meta property=\"og:title\" content=\"Montessori 0\u20133 ans : le guide complet (naissance, 3, 6, 12, 18, 24, 36 mois)\" \/>\n<meta property=\"og:description\" content=\"M\u00e9thode Montessori 0\u20133 ans : esprit absorbant, Nido, am\u00e9nagement, mat\u00e9riel essentiel et 30 id\u00e9es d\u2019activit\u00e9s par \u00e2ge (3, 6, 12, 18, 24, 36 mois).\" \/>\n<meta property=\"og:url\" content=\"https:\/\/lesminis.fr\/blog\/montessori-0-3-ans-guide-lesminis\/\" \/>\n<meta property=\"og:site_name\" content=\"LesMinis Le Blog - Mat\u00e9riels \u00e9ducatifs - Figurines p\u00e9dagogiques\" \/>\n<meta property=\"article:publisher\" content=\"https:\/\/fr-fr.facebook.com\/LesMinis.fr\/\" \/>\n<meta property=\"article:author\" content=\"https:\/\/www.facebook.com\/LesMinis.fr\/\" \/>\n<meta property=\"article:published_time\" content=\"2025-08-05T07:13:31+00:00\" \/>\n<meta property=\"article:modified_time\" content=\"2025-10-19T12:59:20+00:00\" \/>\n<meta property=\"og:image\" content=\"https:\/\/lesminis.fr\/blog\/wp-content\/uploads\/2025\/07\/montessori-0-3-ans.jpg\" \/>\n\t<meta property=\"og:image:width\" content=\"1000\" \/>\n\t<meta property=\"og:image:height\" content=\"667\" \/>\n\t<meta property=\"og:image:type\" content=\"image\/jpeg\" \/>\n<meta name=\"author\" content=\"LesMinis\" \/>\n<meta name=\"twitter:label1\" content=\"\u00c9crit par\" \/>\n\t<meta name=\"twitter:data1\" content=\"LesMinis\" \/>\n\t<meta name=\"twitter:label2\" content=\"Dur\u00e9e de lecture estim\u00e9e\" \/>\n\t<meta name=\"twitter:data2\" content=\"4 minutes\" \/>\n<script type=\"application\/ld+json\" class=\"yoast-schema-graph\">{\"@context\":\"https:\/\/schema.org\",\"@graph\":[{\"@type\":[\"Article\",\"BlogPosting\"],\"@id\":\"https:\/\/lesminis.fr\/blog\/montessori-0-3-ans-guide-lesminis\/#article\",\"isPartOf\":{\"@id\":\"https:\/\/lesminis.fr\/blog\/montessori-0-3-ans-guide-lesminis\/\"},\"author\":{\"name\":\"LesMinis\",\"@id\":\"https:\/\/lesminis.fr\/blog\/#\/schema\/person\/4a1be8c8c70a7d945af71674957cf83e\"},\"headline\":\"Montessori 0\u20133 ans : le guide complet (naissance, 3, 6, 12, 18, 24, 36 mois)\",\"datePublished\":\"2025-08-05T07:13:31+00:00\",\"dateModified\":\"2025-10-19T12:59:20+00:00\",\"mainEntityOfPage\":{\"@id\":\"https:\/\/lesminis.fr\/blog\/montessori-0-3-ans-guide-lesminis\/\"},\"wordCount\":684,\"commentCount\":0,\"publisher\":{\"@id\":\"https:\/\/lesminis.fr\/blog\/#organization\"},\"image\":{\"@id\":\"https:\/\/lesminis.fr\/blog\/montessori-0-3-ans-guide-lesminis\/#primaryimage\"},\"thumbnailUrl\":\"https:\/\/lesminis.fr\/blog\/wp-content\/uploads\/2025\/07\/montessori-0-3-ans.jpg\",\"keywords\":[\"enfantine\",\"Environnement pr\u00e9par\u00e9\",\"lit au sol\",\"Montessori\",\"Montessori 0\u20133 ans\",\"Nido\",\"sommeil b\u00e9b\u00e9\"],\"articleSection\":[\"MinisPedago \u2014 Montessori, p\u00e9dagogies alternatives &amp; d\u00e9veloppement de l\u2019enfant\"],\"inLanguage\":\"fr-FR\",\"potentialAction\":[{\"@type\":\"CommentAction\",\"name\":\"Comment\",\"target\":[\"https:\/\/lesminis.fr\/blog\/montessori-0-3-ans-guide-lesminis\/#respond\"]}]},{\"@type\":\"WebPage\",\"@id\":\"https:\/\/lesminis.fr\/blog\/montessori-0-3-ans-guide-lesminis\/\",\"url\":\"https:\/\/lesminis.fr\/blog\/montessori-0-3-ans-guide-lesminis\/\",\"name\":\"Montessori 0\u20133 ans : guide, mat\u00e9riel, activit\u00e9s (naissance \u00e0 3 ans)\",\"isPartOf\":{\"@id\":\"https:\/\/lesminis.fr\/blog\/#website\"},\"primaryImageOfPage\":{\"@id\":\"https:\/\/lesminis.fr\/blog\/montessori-0-3-ans-guide-lesminis\/#primaryimage\"},\"image\":{\"@id\":\"https:\/\/lesminis.fr\/blog\/montessori-0-3-ans-guide-lesminis\/#primaryimage\"},\"thumbnailUrl\":\"https:\/\/lesminis.fr\/blog\/wp-content\/uploads\/2025\/07\/montessori-0-3-ans.jpg\",\"datePublished\":\"2025-08-05T07:13:31+00:00\",\"dateModified\":\"2025-10-19T12:59:20+00:00\",\"description\":\"M\u00e9thode Montessori 0\u20133 ans : esprit absorbant, Nido, am\u00e9nagement, mat\u00e9riel essentiel et 30 id\u00e9es d\u2019activit\u00e9s par \u00e2ge (3, 6, 12, 18, 24, 36 mois).\",\"breadcrumb\":{\"@id\":\"https:\/\/lesminis.fr\/blog\/montessori-0-3-ans-guide-lesminis\/#breadcrumb\"},\"inLanguage\":\"fr-FR\",\"potentialAction\":[{\"@type\":\"ReadAction\",\"target\":[\"https:\/\/lesminis.fr\/blog\/montessori-0-3-ans-guide-lesminis\/\"]}]},{\"@type\":\"ImageObject\",\"inLanguage\":\"fr-FR\",\"@id\":\"https:\/\/lesminis.fr\/blog\/montessori-0-3-ans-guide-lesminis\/#primaryimage\",\"url\":\"https:\/\/lesminis.fr\/blog\/wp-content\/uploads\/2025\/07\/montessori-0-3-ans.jpg\",\"contentUrl\":\"https:\/\/lesminis.fr\/blog\/wp-content\/uploads\/2025\/07\/montessori-0-3-ans.jpg\",\"width\":1000,\"height\":667,\"caption\":\"Montessori 0\u20113\u202fans\u00a0: guide complet, mat\u00e9riel essentiel et routine type\"},{\"@type\":\"BreadcrumbList\",\"@id\":\"https:\/\/lesminis.fr\/blog\/montessori-0-3-ans-guide-lesminis\/#breadcrumb\",\"itemListElement\":[{\"@type\":\"ListItem\",\"position\":1,\"name\":\"Accueil\",\"item\":\"https:\/\/lesminis.fr\/blog\/\"},{\"@type\":\"ListItem\",\"position\":2,\"name\":\"Montessori 0\u20133 ans : le guide complet (naissance, 3, 6, 12, 18, 24, 36 mois)\"}]},{\"@type\":\"WebSite\",\"@id\":\"https:\/\/lesminis.fr\/blog\/#website\",\"url\":\"https:\/\/lesminis.fr\/blog\/\",\"name\":\"LesMinis Le Blog - Mat\u00e9riels \u00e9ducatifs - Figurines p\u00e9dagogiques\",\"description\":\"D\u00e9couvrez notre actualit\u00e9, figurines, mat\u00e9riel \u00e9ducatif, activit\u00e9s Montessori\",\"publisher\":{\"@id\":\"https:\/\/lesminis.fr\/blog\/#organization\"},\"potentialAction\":[{\"@type\":\"SearchAction\",\"target\":{\"@type\":\"EntryPoint\",\"urlTemplate\":\"https:\/\/lesminis.fr\/blog\/?s={search_term_string}\"},\"query-input\":{\"@type\":\"PropertyValueSpecification\",\"valueRequired\":true,\"valueName\":\"search_term_string\"}}],\"inLanguage\":\"fr-FR\"},{\"@type\":\"Organization\",\"@id\":\"https:\/\/lesminis.fr\/blog\/#organization\",\"name\":\"LesMinis - Sp\u00e9cialiste mat\u00e9riel p\u00e9dagogiques - Figurines \u00e9ducatives - Mat\u00e9riel Montessori\",\"url\":\"https:\/\/lesminis.fr\/blog\/\",\"logo\":{\"@type\":\"ImageObject\",\"inLanguage\":\"fr-FR\",\"@id\":\"https:\/\/lesminis.fr\/blog\/#\/schema\/logo\/image\/\",\"url\":\"https:\/\/lesminis.fr\/blog\/wp-content\/uploads\/2023\/03\/nouveau-logo-lesminis.png\",\"contentUrl\":\"https:\/\/lesminis.fr\/blog\/wp-content\/uploads\/2023\/03\/nouveau-logo-lesminis.png\",\"width\":500,\"height\":175,\"caption\":\"LesMinis - Sp\u00e9cialiste mat\u00e9riel p\u00e9dagogiques - Figurines \u00e9ducatives - Mat\u00e9riel Montessori\"},\"image\":{\"@id\":\"https:\/\/lesminis.fr\/blog\/#\/schema\/logo\/image\/\"},\"sameAs\":[\"https:\/\/fr-fr.facebook.com\/LesMinis.fr\/\",\"https:\/\/www.instagram.com\/lesminis.fr\/\",\"https:\/\/www.tiktok.com\/@lesminis.fr\",\"https:\/\/www.pinterest.fr\/lesminisfr\/\"]},{\"@type\":\"Person\",\"@id\":\"https:\/\/lesminis.fr\/blog\/#\/schema\/person\/4a1be8c8c70a7d945af71674957cf83e\",\"name\":\"LesMinis\",\"image\":{\"@type\":\"ImageObject\",\"inLanguage\":\"fr-FR\",\"@id\":\"https:\/\/lesminis.fr\/blog\/#\/schema\/person\/image\/\",\"url\":\"https:\/\/secure.gravatar.com\/avatar\/288cd93d352b3465f2bd0701b1f2bb059b68dc3a70c4fda061bad8e6c9f8d865?s=96&d=blank&r=g\",\"contentUrl\":\"https:\/\/secure.gravatar.com\/avatar\/288cd93d352b3465f2bd0701b1f2bb059b68dc3a70c4fda061bad8e6c9f8d865?s=96&d=blank&r=g\",\"caption\":\"LesMinis\"},\"sameAs\":[\"https:\/\/lesminis.fr\/blog\",\"https:\/\/www.facebook.com\/LesMinis.fr\/\",\"https:\/\/www.instagram.com\/lesminis.fr\/\",\"https:\/\/www.pinterest.fr\/lesminisfr\/\"],\"url\":\"https:\/\/lesminis.fr\/blog\/author\/lesminis\/\"}]}<\/script>\n<!-- \/ Yoast SEO Premium plugin. -->","yoast_head_json":{"title":"Montessori 0\u20133 ans : guide, mat\u00e9riel, activit\u00e9s (naissance \u00e0 3 ans)","description":"M\u00e9thode Montessori 0\u20133 ans : esprit absorbant, Nido, am\u00e9nagement, mat\u00e9riel essentiel et 30 id\u00e9es d\u2019activit\u00e9s par \u00e2ge (3, 6, 12, 18, 24, 36 mois).","robots":{"index":"index","follow":"follow","max-snippet":"max-snippet:-1","max-image-preview":"max-image-preview:large","max-video-preview":"max-video-preview:-1"},"canonical":"https:\/\/lesminis.fr\/blog\/montessori-0-3-ans-guide-lesminis\/","og_locale":"fr_FR","og_type":"article","og_title":"Montessori 0\u20133 ans : le guide complet (naissance, 3, 6, 12, 18, 24, 36 mois)","og_description":"M\u00e9thode Montessori 0\u20133 ans : esprit absorbant, Nido, am\u00e9nagement, mat\u00e9riel essentiel et 30 id\u00e9es d\u2019activit\u00e9s par \u00e2ge (3, 6, 12, 18, 24, 36 mois).","og_url":"https:\/\/lesminis.fr\/blog\/montessori-0-3-ans-guide-lesminis\/","og_site_name":"LesMinis Le Blog - Mat\u00e9riels \u00e9ducatifs - Figurines p\u00e9dagogiques","article_publisher":"https:\/\/fr-fr.facebook.com\/LesMinis.fr\/","article_author":"https:\/\/www.facebook.com\/LesMinis.fr\/","article_published_time":"2025-08-05T07:13:31+00:00","article_modified_time":"2025-10-19T12:59:20+00:00","og_image":[{"width":1000,"height":667,"url":"https:\/\/lesminis.fr\/blog\/wp-content\/uploads\/2025\/07\/montessori-0-3-ans.jpg","type":"image\/jpeg"}],"author":"LesMinis","twitter_misc":{"\u00c9crit par":"LesMinis","Dur\u00e9e de lecture estim\u00e9e":"4 minutes"},"schema":{"@context":"https:\/\/schema.org","@graph":[{"@type":["Article","BlogPosting"],"@id":"https:\/\/lesminis.fr\/blog\/montessori-0-3-ans-guide-lesminis\/#article","isPartOf":{"@id":"https:\/\/lesminis.fr\/blog\/montessori-0-3-ans-guide-lesminis\/"},"author":{"name":"LesMinis","@id":"https:\/\/lesminis.fr\/blog\/#\/schema\/person\/4a1be8c8c70a7d945af71674957cf83e"},"headline":"Montessori 0\u20133 ans : le guide complet (naissance, 3, 6, 12, 18, 24, 36 mois)","datePublished":"2025-08-05T07:13:31+00:00","dateModified":"2025-10-19T12:59:20+00:00","mainEntityOfPage":{"@id":"https:\/\/lesminis.fr\/blog\/montessori-0-3-ans-guide-lesminis\/"},"wordCount":684,"commentCount":0,"publisher":{"@id":"https:\/\/lesminis.fr\/blog\/#organization"},"image":{"@id":"https:\/\/lesminis.fr\/blog\/montessori-0-3-ans-guide-lesminis\/#primaryimage"},"thumbnailUrl":"https:\/\/lesminis.fr\/blog\/wp-content\/uploads\/2025\/07\/montessori-0-3-ans.jpg","keywords":["enfantine","Environnement pr\u00e9par\u00e9","lit au sol","Montessori","Montessori 0\u20133 ans","Nido","sommeil b\u00e9b\u00e9"],"articleSection":["MinisPedago \u2014 Montessori, p\u00e9dagogies alternatives &amp; d\u00e9veloppement de l\u2019enfant"],"inLanguage":"fr-FR","potentialAction":[{"@type":"CommentAction","name":"Comment","target":["https:\/\/lesminis.fr\/blog\/montessori-0-3-ans-guide-lesminis\/#respond"]}]},{"@type":"WebPage","@id":"https:\/\/lesminis.fr\/blog\/montessori-0-3-ans-guide-lesminis\/","url":"https:\/\/lesminis.fr\/blog\/montessori-0-3-ans-guide-lesminis\/","name":"Montessori 0\u20133 ans : guide, mat\u00e9riel, activit\u00e9s (naissance \u00e0 3 ans)","isPartOf":{"@id":"https:\/\/lesminis.fr\/blog\/#website"},"primaryImageOfPage":{"@id":"https:\/\/lesminis.fr\/blog\/montessori-0-3-ans-guide-lesminis\/#primaryimage"},"image":{"@id":"https:\/\/lesminis.fr\/blog\/montessori-0-3-ans-guide-lesminis\/#primaryimage"},"thumbnailUrl":"https:\/\/lesminis.fr\/blog\/wp-content\/uploads\/2025\/07\/montessori-0-3-ans.jpg","datePublished":"2025-08-05T07:13:31+00:00","dateModified":"2025-10-19T12:59:20+00:00","description":"M\u00e9thode Montessori 0\u20133 ans : esprit absorbant, Nido, am\u00e9nagement, mat\u00e9riel essentiel et 30 id\u00e9es d\u2019activit\u00e9s par \u00e2ge (3, 6, 12, 18, 24, 36 mois).","breadcrumb":{"@id":"https:\/\/lesminis.fr\/blog\/montessori-0-3-ans-guide-lesminis\/#breadcrumb"},"inLanguage":"fr-FR","potentialAction":[{"@type":"ReadAction","target":["https:\/\/lesminis.fr\/blog\/montessori-0-3-ans-guide-lesminis\/"]}]},{"@type":"ImageObject","inLanguage":"fr-FR","@id":"https:\/\/lesminis.fr\/blog\/montessori-0-3-ans-guide-lesminis\/#primaryimage","url":"https:\/\/lesminis.fr\/blog\/wp-content\/uploads\/2025\/07\/montessori-0-3-ans.jpg","contentUrl":"https:\/\/lesminis.fr\/blog\/wp-content\/uploads\/2025\/07\/montessori-0-3-ans.jpg","width":1000,"height":667,"caption":"Montessori 0\u20113\u202fans\u00a0: guide complet, mat\u00e9riel essentiel et routine type"},{"@type":"BreadcrumbList","@id":"https:\/\/lesminis.fr\/blog\/montessori-0-3-ans-guide-lesminis\/#breadcrumb","itemListElement":[{"@type":"ListItem","position":1,"name":"Accueil","item":"https:\/\/lesminis.fr\/blog\/"},{"@type":"ListItem","position":2,"name":"Montessori 0\u20133 ans : le guide complet (naissance, 3, 6, 12, 18, 24, 36 mois)"}]},{"@type":"WebSite","@id":"https:\/\/lesminis.fr\/blog\/#website","url":"https:\/\/lesminis.fr\/blog\/","name":"LesMinis Le Blog - Mat\u00e9riels \u00e9ducatifs - Figurines p\u00e9dagogiques","description":"D\u00e9couvrez notre actualit\u00e9, figurines, mat\u00e9riel \u00e9ducatif, activit\u00e9s Montessori","publisher":{"@id":"https:\/\/lesminis.fr\/blog\/#organization"},"potentialAction":[{"@type":"SearchAction","target":{"@type":"EntryPoint","urlTemplate":"https:\/\/lesminis.fr\/blog\/?s={search_term_string}"},"query-input":{"@type":"PropertyValueSpecification","valueRequired":true,"valueName":"search_term_string"}}],"inLanguage":"fr-FR"},{"@type":"Organization","@id":"https:\/\/lesminis.fr\/blog\/#organization","name":"LesMinis - Sp\u00e9cialiste mat\u00e9riel p\u00e9dagogiques - Figurines \u00e9ducatives - Mat\u00e9riel Montessori","url":"https:\/\/lesminis.fr\/blog\/","logo":{"@type":"ImageObject","inLanguage":"fr-FR","@id":"https:\/\/lesminis.fr\/blog\/#\/schema\/logo\/image\/","url":"https:\/\/lesminis.fr\/blog\/wp-content\/uploads\/2023\/03\/nouveau-logo-lesminis.png","contentUrl":"https:\/\/lesminis.fr\/blog\/wp-content\/uploads\/2023\/03\/nouveau-logo-lesminis.png","width":500,"height":175,"caption":"LesMinis - Sp\u00e9cialiste mat\u00e9riel p\u00e9dagogiques - Figurines \u00e9ducatives - Mat\u00e9riel Montessori"},"image":{"@id":"https:\/\/lesminis.fr\/blog\/#\/schema\/logo\/image\/"},"sameAs":["https:\/\/fr-fr.facebook.com\/LesMinis.fr\/","https:\/\/www.instagram.com\/lesminis.fr\/","https:\/\/www.tiktok.com\/@lesminis.fr","https:\/\/www.pinterest.fr\/lesminisfr\/"]},{"@type":"Person","@id":"https:\/\/lesminis.fr\/blog\/#\/schema\/person\/4a1be8c8c70a7d945af71674957cf83e","name":"LesMinis","image":{"@type":"ImageObject","inLanguage":"fr-FR","@id":"https:\/\/lesminis.fr\/blog\/#\/schema\/person\/image\/","url":"https:\/\/secure.gravatar.com\/avatar\/288cd93d352b3465f2bd0701b1f2bb059b68dc3a70c4fda061bad8e6c9f8d865?s=96&d=blank&r=g","contentUrl":"https:\/\/secure.gravatar.com\/avatar\/288cd93d352b3465f2bd0701b1f2bb059b68dc3a70c4fda061bad8e6c9f8d865?s=96&d=blank&r=g","caption":"LesMinis"},"sameAs":["https:\/\/lesminis.fr\/blog","https:\/\/www.facebook.com\/LesMinis.fr\/","https:\/\/www.instagram.com\/lesminis.fr\/","https:\/\/www.pinterest.fr\/lesminisfr\/"],"url":"https:\/\/lesminis.fr\/blog\/author\/lesminis\/"}]}},"_links":{"self":[{"href":"https:\/\/lesminis.fr\/blog\/wp-json\/wp\/v2\/posts\/5252","targetHints":{"allow":["GET"]}}],"collection":[{"href":"https:\/\/lesminis.fr\/blog\/wp-json\/wp\/v2\/posts"}],"about":[{"href":"https:\/\/lesminis.fr\/blog\/wp-json\/wp\/v2\/types\/post"}],"author":[{"embeddable":true,"href":"https:\/\/lesminis.fr\/blog\/wp-json\/wp\/v2\/users\/1"}],"replies":[{"embeddable":true,"href":"https:\/\/lesminis.fr\/blog\/wp-json\/wp\/v2\/comments?post=5252"}],"version-history":[{"count":5,"href":"https:\/\/lesminis.fr\/blog\/wp-json\/wp\/v2\/posts\/5252\/revisions"}],"predecessor-version":[{"id":5362,"href":"https:\/\/lesminis.fr\/blog\/wp-json\/wp\/v2\/posts\/5252\/revisions\/5362"}],"wp:featuredmedia":[{"embeddable":true,"href":"https:\/\/lesminis.fr\/blog\/wp-json\/wp\/v2\/media\/5253"}],"wp:attachment":[{"href":"https:\/\/lesminis.fr\/blog\/wp-json\/wp\/v2\/media?parent=5252"}],"wp:term":[{"taxonomy":"category","embeddable":true,"href":"https:\/\/lesminis.fr\/blog\/wp-json\/wp\/v2\/categories?post=5252"},{"taxonomy":"post_tag","embeddable":true,"href":"https:\/\/lesminis.fr\/blog\/wp-json\/wp\/v2\/tags?post=5252"}],"curies":[{"name":"wp","href":"https:\/\/api.w.org\/{rel}","templated":true}]}}