{"id":5248,"date":"2025-07-27T08:57:11","date_gmt":"2025-07-27T07:57:11","guid":{"rendered":"https:\/\/lesminis.fr\/blog\/?p=5248"},"modified":"2025-07-30T16:06:29","modified_gmt":"2025-07-30T15:06:29","slug":"stimulation-tactile-reeducation-sensorielle","status":"publish","type":"post","link":"https:\/\/lesminis.fr\/blog\/stimulation-tactile-reeducation-sensorielle\/","title":{"rendered":"Stimulation tactile\u202f: activit\u00e9s et techniques pour la r\u00e9\u00e9ducation sensorielle et motrice"},"content":{"rendered":"<p>Du simple \u00ab\u202ftoucher l\u00e9ger\u202f\u00bb au massage profond, la stimulation tactile aide l\u2019enfant, l\u2019adulte en r\u00e9\u00e9ducation ou la personne \u00e2g\u00e9e \u00e0 mieux sentir son corps et \u00e0 bouger avec confiance. D\u00e9couvrez un protocole complet\u202f\u2014\u202fpassif puis actif\u202f\u2014\u202fet trois supports LesMinis faciles \u00e0 int\u00e9grer en s\u00e9ance.<\/p>\n<div id=\"ez-toc-container\" class=\"ez-toc-v2_0_78 counter-hierarchy ez-toc-counter ez-toc-grey ez-toc-container-direction\">\n<div class=\"ez-toc-title-container\">\n<p class=\"ez-toc-title\" style=\"cursor:inherit\">Table of Contents<\/p>\n<span class=\"ez-toc-title-toggle\"><a href=\"#\" class=\"ez-toc-pull-right ez-toc-btn ez-toc-btn-xs ez-toc-btn-default ez-toc-toggle\" aria-label=\"Toggle Table of Content\"><span class=\"ez-toc-js-icon-con\"><span class=\"\"><span class=\"eztoc-hide\" style=\"display:none;\">Toggle<\/span><span class=\"ez-toc-icon-toggle-span\"><svg style=\"fill: #999;color:#999\" xmlns=\"http:\/\/www.w3.org\/2000\/svg\" class=\"list-377408\" width=\"20px\" height=\"20px\" viewBox=\"0 0 24 24\" fill=\"none\"><path d=\"M6 6H4v2h2V6zm14 0H8v2h12V6zM4 11h2v2H4v-2zm16 0H8v2h12v-2zM4 16h2v2H4v-2zm16 0H8v2h12v-2z\" fill=\"currentColor\"><\/path><\/svg><svg style=\"fill: #999;color:#999\" class=\"arrow-unsorted-368013\" xmlns=\"http:\/\/www.w3.org\/2000\/svg\" width=\"10px\" height=\"10px\" viewBox=\"0 0 24 24\" version=\"1.2\" baseProfile=\"tiny\"><path d=\"M18.2 9.3l-6.2-6.3-6.2 6.3c-.2.2-.3.4-.3.7s.1.5.3.7c.2.2.4.3.7.3h11c.3 0 .5-.1.7-.3.2-.2.3-.5.3-.7s-.1-.5-.3-.7zM5.8 14.7l6.2 6.3 6.2-6.3c.2-.2.3-.5.3-.7s-.1-.5-.3-.7c-.2-.2-.4-.3-.7-.3h-11c-.3 0-.5.1-.7.3-.2.2-.3.5-.3.7s.1.5.3.7z\"\/><\/svg><\/span><\/span><\/span><\/a><\/span><\/div>\n<nav><ul class='ez-toc-list ez-toc-list-level-1 ' ><li class='ez-toc-page-1 ez-toc-heading-level-2'><a class=\"ez-toc-link ez-toc-heading-1\" href=\"https:\/\/lesminis.fr\/blog\/stimulation-tactile-reeducation-sensorielle\/#1_Pourquoi_travailler_le_sens_du_toucher%E2%80%AF\" >1. Pourquoi travailler le sens du toucher\u202f?<\/a><\/li><li class='ez-toc-page-1 ez-toc-heading-level-2'><a class=\"ez-toc-link ez-toc-heading-2\" href=\"https:\/\/lesminis.fr\/blog\/stimulation-tactile-reeducation-sensorielle\/#2_Mise_en_place_du_%C2%AB%E2%80%AFsetting%E2%80%AF%C2%BB\" >2. Mise en place du \u00ab\u202fsetting\u202f\u00bb<\/a><\/li><li class='ez-toc-page-1 ez-toc-heading-level-2'><a class=\"ez-toc-link ez-toc-heading-3\" href=\"https:\/\/lesminis.fr\/blog\/stimulation-tactile-reeducation-sensorielle\/#3_Phase_passive_eveiller_les_recepteurs_superficiels_et_profonds\" >3. Phase passive\u00a0: \u00e9veiller les r\u00e9cepteurs superficiels et profonds<\/a><\/li><li class='ez-toc-page-1 ez-toc-heading-level-2'><a class=\"ez-toc-link ez-toc-heading-4\" href=\"https:\/\/lesminis.fr\/blog\/stimulation-tactile-reeducation-sensorielle\/#4_Phase_active_toucher_presser_marcher\" >4. Phase active\u00a0: toucher, presser, marcher<\/a><ul class='ez-toc-list-level-3' ><li class='ez-toc-heading-level-3'><a class=\"ez-toc-link ez-toc-heading-5\" href=\"https:\/\/lesminis.fr\/blog\/stimulation-tactile-reeducation-sensorielle\/#41_Manipulation_fine\" >4.1\u00a0Manipulation fine<\/a><\/li><li class='ez-toc-page-1 ez-toc-heading-level-3'><a class=\"ez-toc-link ez-toc-heading-6\" href=\"https:\/\/lesminis.fr\/blog\/stimulation-tactile-reeducation-sensorielle\/#42_Exploration_plantaire\" >4.2\u00a0Exploration plantaire<\/a><\/li><li class='ez-toc-page-1 ez-toc-heading-level-3'><a class=\"ez-toc-link ez-toc-heading-7\" href=\"https:\/\/lesminis.fr\/blog\/stimulation-tactile-reeducation-sensorielle\/#43_Integration_motrice_globale\" >4.3\u00a0Int\u00e9gration motrice globale<\/a><\/li><\/ul><\/li><li class='ez-toc-page-1 ez-toc-heading-level-2'><a class=\"ez-toc-link ez-toc-heading-8\" href=\"https:\/\/lesminis.fr\/blog\/stimulation-tactile-reeducation-sensorielle\/#5_Progression_et_securite\" >5. Progression et s\u00e9curit\u00e9<\/a><\/li><li class='ez-toc-page-1 ez-toc-heading-level-2'><a class=\"ez-toc-link ez-toc-heading-9\" href=\"https:\/\/lesminis.fr\/blog\/stimulation-tactile-reeducation-sensorielle\/#6_Les_benefices_observes\" >6. Les b\u00e9n\u00e9fices observ\u00e9s<\/a><\/li><li class='ez-toc-page-1 ez-toc-heading-level-2'><a class=\"ez-toc-link ez-toc-heading-10\" href=\"https:\/\/lesminis.fr\/blog\/stimulation-tactile-reeducation-sensorielle\/#7_Conclusion\" >7. Conclusion<\/a><\/li><\/ul><\/nav><\/div>\n<h2><span class=\"ez-toc-section\" id=\"1_Pourquoi_travailler_le_sens_du_toucher%E2%80%AF\"><\/span>1. Pourquoi travailler le sens du toucher\u202f?<span class=\"ez-toc-section-end\"><\/span><\/h2>\n<p>Le syst\u00e8me tactile est la premi\u00e8re porte d\u2019entr\u00e9e de notre cerveau\u202f: il cartographie la surface du corps, mesure la pression, la temp\u00e9rature et la texture. S\u2019il est peu sollicit\u00e9\u202f\u2013\u202fchez les personnes \u00e2g\u00e9es, apr\u00e8s un AVC ou chez l\u2019enfant pr\u00e9sentant un trouble sensoriel\u202f\u2013\u202fla perception corporelle se brouille\u202f; gestes maladroits, chutes plus fr\u00e9quentes, repli social peuvent appara\u00eetre. Renforcer ce sens am\u00e9liore la proprioception, la planification motrice et la r\u00e9gulation \u00e9motionnelle.<\/p>\n<h2><span class=\"ez-toc-section\" id=\"2_Mise_en_place_du_%C2%AB%E2%80%AFsetting%E2%80%AF%C2%BB\"><\/span>2. Mise en place du \u00ab\u202fsetting\u202f\u00bb<span class=\"ez-toc-section-end\"><\/span><\/h2>\n<p>Choisissez une pi\u00e8ce calme, lumi\u00e8re douce, temp\u00e9rature confortable. Installez un tapis mousse et pr\u00e9voyez deux bacs\u202f: l\u2019un pour le mat\u00e9riel \u00ab\u202fpassif\u202f\u00bb (objets que l\u2019on applique sur le patient), l\u2019autre pour le mat\u00e9riel \u00ab\u202factif\u202f\u00bb (objets que le patient manipule ou sur lesquels il se d\u00e9place). Affichez la r\u00e8gle\u202f: <em>on \u00e9coute son corps\u00a0; on s\u2019arr\u00eate si cela pique ou fait mal<\/em>.<\/p>\n<h2><span class=\"ez-toc-section\" id=\"3_Phase_passive_eveiller_les_recepteurs_superficiels_et_profonds\"><\/span>3. Phase <em>passive<\/em>\u00a0: \u00e9veiller les r\u00e9cepteurs superficiels et profonds<span class=\"ez-toc-section-end\"><\/span><\/h2>\n<ul>\n<li><strong>Toucher l\u00e9ger<\/strong>\u202f: effleurer la peau avec un voile, un pinceau doux ou la paume chaude\u202f; nommer la zone\u202f: \u00ab\u202favant\u2011bras, dos de la main\u2026\u202f\u00bb.<\/li>\n<li><strong>Pression ponctuelle<\/strong>\u202f: placer un <a title=\"Rouleau massage sensoriel h\u00e9risson\" href=\"https:\/\/lesminis.fr\/rouleau-massage-sensoriel-texture-stimulation-tactile-weplay-brl\/24097.html\">rouleau massage sensoriel h\u00e9risson<\/a> sur la plante du pied, puis le faire rouler jusqu\u2019au talon. Id\u00e9al pour activer les m\u00e9cano\u2011r\u00e9cepteurs profonds sans douleur.<\/li>\n<li><strong>Vibration douce<\/strong>\u202f: utiliser un mini masseur ou tapoter l\u00e9g\u00e8rement la zone stimul\u00e9e pour prolonger l\u2019effet d\u2019\u00e9veil.<\/li>\n<\/ul>\n<h2><span class=\"ez-toc-section\" id=\"4_Phase_active_toucher_presser_marcher\"><\/span>4. Phase <em>active<\/em>\u00a0: toucher, presser, marcher<span class=\"ez-toc-section-end\"><\/span><\/h2>\n<p>Une fois l\u2019exploration passive termin\u00e9e, invitez l&rsquo;enfant \u00e0 devenir acteur.<\/p>\n<p><img loading=\"lazy\" decoding=\"async\" class=\"alignnone size-full wp-image-5250\" src=\"https:\/\/lesminis.fr\/blog\/wp-content\/uploads\/2025\/07\/reeductation-sensoriel-1.jpg\" alt=\"balle picot h\u00e9risson massage, reeduction sensorielle\" width=\"1000\" height=\"667\" srcset=\"https:\/\/lesminis.fr\/blog\/wp-content\/uploads\/2025\/07\/reeductation-sensoriel-1.jpg 1000w, https:\/\/lesminis.fr\/blog\/wp-content\/uploads\/2025\/07\/reeductation-sensoriel-1-300x200.jpg 300w, https:\/\/lesminis.fr\/blog\/wp-content\/uploads\/2025\/07\/reeductation-sensoriel-1-768x512.jpg 768w, https:\/\/lesminis.fr\/blog\/wp-content\/uploads\/2025\/07\/reeductation-sensoriel-1-630x420.jpg 630w, https:\/\/lesminis.fr\/blog\/wp-content\/uploads\/2025\/07\/reeductation-sensoriel-1-696x464.jpg 696w\" sizes=\"auto, (max-width: 1000px) 100vw, 1000px\" \/><\/p>\n<h3><span class=\"ez-toc-section\" id=\"41_Manipulation_fine\"><\/span>4.1\u00a0Manipulation fine<span class=\"ez-toc-section-end\"><\/span><\/h3>\n<p>Proposez la <a title=\"Balle fidget sensorielle\" href=\"https:\/\/lesminis.fr\/balle-fidget-sensorielle-picots-pate-ultra-legere-autres-51007z\/25084.html\">balle fidget sensorielle<\/a> : picots souples ext\u00e9rieurs + p\u00e2te modelable interne. Presser, rel\u00e2cher, rouler entre paume et table\u202f: on renforce la pince pouce\u2011index, on module la pression et on travaille la stabilit\u00e9 du poignet.<\/p>\n<h3><span class=\"ez-toc-section\" id=\"42_Exploration_plantaire\"><\/span>4.2\u00a0Exploration plantaire<span class=\"ez-toc-section-end\"><\/span><\/h3>\n<p>Disposez un parcours de <a title=\"Surfaces sensorielles en silicone\" href=\"https:\/\/lesminis.fr\/surfaces-sensorielles-en-silicone-lot-de-10-tickit-R-110307\/10147.html\">ronds tactiles en silicone<\/a> (\u00f8\u00a025\u202fcm et \u00f8\u00a08\u202fcm). Marcher pieds nus, yeux ouverts puis band\u00e9s, permet d\u2019alterner temp\u00e9ratures et reliefs pour stimuler la voute plantaire et le sens vestibulaire. Convient aussi en position assise\u202f: faire rouler la plante du pied sur un petit disque pour les patients en fauteuil.<\/p>\n<h3><span class=\"ez-toc-section\" id=\"43_Integration_motrice_globale\"><\/span>4.3\u00a0Int\u00e9gration motrice globale<span class=\"ez-toc-section-end\"><\/span><\/h3>\n<ul>\n<li><strong>Cambrure\u2011dorsale<\/strong>\u00a0: placer le rouleau sensoriel entre le mur et la zone scapulaire, faire de petits squats pour doser la pression.<\/li>\n<li><strong>Chemin tactile<\/strong>\u00a0: mixer mousse lisse, silicone granuleux et planche bois rugueuse\u202f; noter les diff\u00e9rences sur une feuille (\u00ab\u202fdoux, moyen, piquant\u202f\u00bb).<\/li>\n<li><strong>Jeu de reconnaissance<\/strong>\u00a0: cacher trois objets textur\u00e9s dans un sac opaque, deviner lequel est le h\u00e9risson, le cylindre lisse, le galet.<\/li>\n<\/ul>\n<h2><span class=\"ez-toc-section\" id=\"5_Progression_et_securite\"><\/span>5. Progression et s\u00e9curit\u00e9<span class=\"ez-toc-section-end\"><\/span><\/h2>\n<p>Commencez par 3\u202fminutes de stimulation, augmentez jusqu\u2019\u00e0 8\u201110\u202fminutes par segment (main, pied, dos). Surveillez rougeurs ou inconfort\u202f; la s\u00e9ance doit rester agr\u00e9able. Pour les enfants sensoriels ou les personnes \u00e2g\u00e9es anxieuses, introduisez un minuteur visuel et un code couleur (vert\u00a0=\u00a0agr\u00e9able, rouge\u00a0=\u00a0stop).<\/p>\n<h2><span class=\"ez-toc-section\" id=\"6_Les_benefices_observes\"><\/span>6. Les b\u00e9n\u00e9fices observ\u00e9s<span class=\"ez-toc-section-end\"><\/span><\/h2>\n<p>Apr\u00e8s 4\u00a0semaines (3 s\u00e9ances de 20\u202fminutes par semaine), on note en g\u00e9n\u00e9ral\u00a0:<\/p>\n<ul>\n<li>meilleure discrimination tactile (localisation pr\u00e9cise d\u2019un stimulus)\u202f;<\/li>\n<li>augmentation de la force de pr\u00e9hension de 10\u201315\u202f%\u202f;<\/li>\n<li>r\u00e9duction rapport\u00e9e des douleurs fant\u00f4mes ou picotements post\u2011AVC\u202f;<\/li>\n<li>hausse de la confiance lors de la marche (moins d\u2019appuis sur la barre).<\/li>\n<\/ul>\n<h2><span class=\"ez-toc-section\" id=\"7_Conclusion\"><\/span>7. Conclusion<span class=\"ez-toc-section-end\"><\/span><\/h2>\n<p>La stimulation tactile\u202f\u2013\u202fl\u00e9g\u00e8re ou profonde, passive puis active\u202f\u2013\u202fs\u2019int\u00e8gre facilement au programme de r\u00e9\u00e9ducation sensorimotrice. Quelques outils simples\u202f: un rouleau h\u00e9risson, une balle fidget, des surfaces en silicone suffisent pour varier pressions, textures et modes de mouvement. \u00c0 r\u00e9p\u00e9ter au quotidien, chez soi ou au cabinet, pour qu\u2019un meilleur sch\u00e9ma corporel se traduise en gestes plus fluides\u2026 et en qualit\u00e9 de vie.<\/p>\n<blockquote class=\"wp-embedded-content\" data-secret=\"M0d18FCXOb\"><p><a href=\"https:\/\/lesminis.fr\/blog\/le-materiel-montessori-une-cle-pour-lautonomie-des-eleves\/\">Le mat\u00e9riel Montessori, une cl\u00e9 pour l&rsquo;autonomie des \u00e9l\u00e8ves<\/a><\/p><\/blockquote>\n<p><iframe loading=\"lazy\" class=\"wp-embedded-content\" sandbox=\"allow-scripts\" security=\"restricted\" style=\"position: absolute; visibility: hidden;\" title=\"\u00ab\u00a0Le mat\u00e9riel Montessori, une cl\u00e9 pour l&rsquo;autonomie des \u00e9l\u00e8ves\u00a0\u00bb &#8212; LesMinis Le Blog - Mat\u00e9riels \u00e9ducatifs - Figurines p\u00e9dagogiques\" src=\"https:\/\/lesminis.fr\/blog\/le-materiel-montessori-une-cle-pour-lautonomie-des-eleves\/embed\/#?secret=Go3aHjHIDs#?secret=M0d18FCXOb\" data-secret=\"M0d18FCXOb\" width=\"600\" height=\"338\" frameborder=\"0\" marginwidth=\"0\" marginheight=\"0\" scrolling=\"no\"><\/iframe><\/p>\n","protected":false},"excerpt":{"rendered":"<p>Du simple \u00ab\u202ftoucher l\u00e9ger\u202f\u00bb au massage profond, la stimulation tactile aide l\u2019enfant, l\u2019adulte en r\u00e9\u00e9ducation ou la personne \u00e2g\u00e9e \u00e0 mieux sentir son corps et \u00e0 bouger avec confiance. D\u00e9couvrez un protocole complet\u202f\u2014\u202fpassif puis actif\u202f\u2014\u202fet trois supports LesMinis faciles \u00e0 int\u00e9grer en s\u00e9ance. 1. Pourquoi travailler le sens du toucher\u202f? Le syst\u00e8me tactile est la [&hellip;]<\/p>\n","protected":false},"author":1,"featured_media":5249,"comment_status":"open","ping_status":"closed","sticky":false,"template":"","format":"standard","meta":{"_acf_changed":false,"footnotes":""},"categories":[1601,105],"tags":[1753,1755,746,1756,1754],"class_list":{"0":"post-5248","1":"post","2":"type-post","3":"status-publish","4":"format-standard","5":"has-post-thumbnail","7":"category-minislab-activites-jeux-educatifs","8":"category-minispedago-predagogie-montessori-activites-developpement","9":"tag-balle-sensorielle","10":"tag-massage","11":"tag-motricite","12":"tag-reeducation","13":"tag-sensoriel"},"acf":[],"yoast_head":"<!-- This site is optimized with the Yoast SEO Premium plugin v27.1 (Yoast SEO v27.1.1) - https:\/\/yoast.com\/product\/yoast-seo-premium-wordpress\/ -->\n<title>Stimulation tactile\u202f: activit\u00e9s, mat\u00e9riel et r\u00e9\u00e9ducation sensorielle | LesMinis<\/title>\n<meta name=\"description\" content=\"Rouleau h\u00e9risson, balle fidget, disques silicone\u202f: 3 supports LesMinis pour r\u00e9veiller le toucher, renforcer la motricit\u00e9 et apaiser les patients de 3 \u00e0 99\u202fans.\" \/>\n<meta name=\"robots\" content=\"index, follow, max-snippet:-1, max-image-preview:large, max-video-preview:-1\" \/>\n<link rel=\"canonical\" href=\"https:\/\/lesminis.fr\/blog\/stimulation-tactile-reeducation-sensorielle\/\" \/>\n<meta property=\"og:locale\" content=\"fr_FR\" \/>\n<meta property=\"og:type\" content=\"article\" \/>\n<meta property=\"og:title\" content=\"Stimulation tactile\u202f: activit\u00e9s et techniques pour la r\u00e9\u00e9ducation sensorielle et motrice\" \/>\n<meta property=\"og:description\" content=\"Rouleau h\u00e9risson, balle fidget, disques silicone\u202f: 3 supports LesMinis pour r\u00e9veiller le toucher, renforcer la motricit\u00e9 et apaiser les patients de 3 \u00e0 99\u202fans.\" \/>\n<meta property=\"og:url\" content=\"https:\/\/lesminis.fr\/blog\/stimulation-tactile-reeducation-sensorielle\/\" \/>\n<meta property=\"og:site_name\" content=\"LesMinis Le Blog - Mat\u00e9riels \u00e9ducatifs - Figurines p\u00e9dagogiques\" \/>\n<meta property=\"article:publisher\" content=\"https:\/\/fr-fr.facebook.com\/LesMinis.fr\/\" \/>\n<meta property=\"article:author\" content=\"https:\/\/www.facebook.com\/LesMinis.fr\/\" \/>\n<meta property=\"article:published_time\" content=\"2025-07-27T07:57:11+00:00\" \/>\n<meta property=\"article:modified_time\" content=\"2025-07-30T15:06:29+00:00\" \/>\n<meta property=\"og:image\" content=\"https:\/\/lesminis.fr\/blog\/wp-content\/uploads\/2025\/07\/balles-sensorielles-1.jpg\" \/>\n\t<meta property=\"og:image:width\" content=\"1000\" \/>\n\t<meta property=\"og:image:height\" content=\"667\" \/>\n\t<meta property=\"og:image:type\" content=\"image\/jpeg\" \/>\n<meta name=\"author\" content=\"LesMinis\" \/>\n<meta name=\"twitter:label1\" content=\"\u00c9crit par\" \/>\n\t<meta name=\"twitter:data1\" content=\"LesMinis\" \/>\n\t<meta name=\"twitter:label2\" content=\"Dur\u00e9e de lecture estim\u00e9e\" \/>\n\t<meta name=\"twitter:data2\" content=\"4 minutes\" \/>\n<script type=\"application\/ld+json\" class=\"yoast-schema-graph\">{\"@context\":\"https:\/\/schema.org\",\"@graph\":[{\"@type\":[\"Article\",\"BlogPosting\"],\"@id\":\"https:\/\/lesminis.fr\/blog\/stimulation-tactile-reeducation-sensorielle\/#article\",\"isPartOf\":{\"@id\":\"https:\/\/lesminis.fr\/blog\/stimulation-tactile-reeducation-sensorielle\/\"},\"author\":{\"name\":\"LesMinis\",\"@id\":\"https:\/\/lesminis.fr\/blog\/#\/schema\/person\/4a1be8c8c70a7d945af71674957cf83e\"},\"headline\":\"Stimulation tactile\u202f: activit\u00e9s et techniques pour la r\u00e9\u00e9ducation sensorielle et motrice\",\"datePublished\":\"2025-07-27T07:57:11+00:00\",\"dateModified\":\"2025-07-30T15:06:29+00:00\",\"mainEntityOfPage\":{\"@id\":\"https:\/\/lesminis.fr\/blog\/stimulation-tactile-reeducation-sensorielle\/\"},\"wordCount\":694,\"commentCount\":0,\"publisher\":{\"@id\":\"https:\/\/lesminis.fr\/blog\/#organization\"},\"image\":{\"@id\":\"https:\/\/lesminis.fr\/blog\/stimulation-tactile-reeducation-sensorielle\/#primaryimage\"},\"thumbnailUrl\":\"https:\/\/lesminis.fr\/blog\/wp-content\/uploads\/2025\/07\/balles-sensorielles-1.jpg\",\"keywords\":[\"balle sensorielle\",\"massage\",\"motricit\u00e9\",\"r\u00e9\u00e9ducation\",\"sensoriel\"],\"articleSection\":[\"MinisLab \u2014 Activit\u00e9s, jeux &amp; exp\u00e9riences \u00e9ducatives\",\"MinisPedago \u2014 Montessori, p\u00e9dagogies alternatives &amp; d\u00e9veloppement de l\u2019enfant\"],\"inLanguage\":\"fr-FR\",\"potentialAction\":[{\"@type\":\"CommentAction\",\"name\":\"Comment\",\"target\":[\"https:\/\/lesminis.fr\/blog\/stimulation-tactile-reeducation-sensorielle\/#respond\"]}]},{\"@type\":\"WebPage\",\"@id\":\"https:\/\/lesminis.fr\/blog\/stimulation-tactile-reeducation-sensorielle\/\",\"url\":\"https:\/\/lesminis.fr\/blog\/stimulation-tactile-reeducation-sensorielle\/\",\"name\":\"Stimulation tactile\u202f: activit\u00e9s, mat\u00e9riel et r\u00e9\u00e9ducation sensorielle | LesMinis\",\"isPartOf\":{\"@id\":\"https:\/\/lesminis.fr\/blog\/#website\"},\"primaryImageOfPage\":{\"@id\":\"https:\/\/lesminis.fr\/blog\/stimulation-tactile-reeducation-sensorielle\/#primaryimage\"},\"image\":{\"@id\":\"https:\/\/lesminis.fr\/blog\/stimulation-tactile-reeducation-sensorielle\/#primaryimage\"},\"thumbnailUrl\":\"https:\/\/lesminis.fr\/blog\/wp-content\/uploads\/2025\/07\/balles-sensorielles-1.jpg\",\"datePublished\":\"2025-07-27T07:57:11+00:00\",\"dateModified\":\"2025-07-30T15:06:29+00:00\",\"description\":\"Rouleau h\u00e9risson, balle fidget, disques silicone\u202f: 3 supports LesMinis pour r\u00e9veiller le toucher, renforcer la motricit\u00e9 et apaiser les patients de 3 \u00e0 99\u202fans.\",\"breadcrumb\":{\"@id\":\"https:\/\/lesminis.fr\/blog\/stimulation-tactile-reeducation-sensorielle\/#breadcrumb\"},\"inLanguage\":\"fr-FR\",\"potentialAction\":[{\"@type\":\"ReadAction\",\"target\":[\"https:\/\/lesminis.fr\/blog\/stimulation-tactile-reeducation-sensorielle\/\"]}]},{\"@type\":\"ImageObject\",\"inLanguage\":\"fr-FR\",\"@id\":\"https:\/\/lesminis.fr\/blog\/stimulation-tactile-reeducation-sensorielle\/#primaryimage\",\"url\":\"https:\/\/lesminis.fr\/blog\/wp-content\/uploads\/2025\/07\/balles-sensorielles-1.jpg\",\"contentUrl\":\"https:\/\/lesminis.fr\/blog\/wp-content\/uploads\/2025\/07\/balles-sensorielles-1.jpg\",\"width\":1000,\"height\":667,\"caption\":\"rouleau h\u00e9risson mat\u00e9riel sensoriel\"},{\"@type\":\"BreadcrumbList\",\"@id\":\"https:\/\/lesminis.fr\/blog\/stimulation-tactile-reeducation-sensorielle\/#breadcrumb\",\"itemListElement\":[{\"@type\":\"ListItem\",\"position\":1,\"name\":\"Accueil\",\"item\":\"https:\/\/lesminis.fr\/blog\/\"},{\"@type\":\"ListItem\",\"position\":2,\"name\":\"Stimulation tactile\u202f: activit\u00e9s et techniques pour la r\u00e9\u00e9ducation sensorielle et motrice\"}]},{\"@type\":\"WebSite\",\"@id\":\"https:\/\/lesminis.fr\/blog\/#website\",\"url\":\"https:\/\/lesminis.fr\/blog\/\",\"name\":\"LesMinis Le Blog - Mat\u00e9riels \u00e9ducatifs - Figurines p\u00e9dagogiques\",\"description\":\"D\u00e9couvrez notre actualit\u00e9, figurines, mat\u00e9riel \u00e9ducatif, activit\u00e9s Montessori\",\"publisher\":{\"@id\":\"https:\/\/lesminis.fr\/blog\/#organization\"},\"potentialAction\":[{\"@type\":\"SearchAction\",\"target\":{\"@type\":\"EntryPoint\",\"urlTemplate\":\"https:\/\/lesminis.fr\/blog\/?s={search_term_string}\"},\"query-input\":{\"@type\":\"PropertyValueSpecification\",\"valueRequired\":true,\"valueName\":\"search_term_string\"}}],\"inLanguage\":\"fr-FR\"},{\"@type\":\"Organization\",\"@id\":\"https:\/\/lesminis.fr\/blog\/#organization\",\"name\":\"LesMinis - Sp\u00e9cialiste mat\u00e9riel p\u00e9dagogiques - Figurines \u00e9ducatives - Mat\u00e9riel Montessori\",\"url\":\"https:\/\/lesminis.fr\/blog\/\",\"logo\":{\"@type\":\"ImageObject\",\"inLanguage\":\"fr-FR\",\"@id\":\"https:\/\/lesminis.fr\/blog\/#\/schema\/logo\/image\/\",\"url\":\"https:\/\/lesminis.fr\/blog\/wp-content\/uploads\/2023\/03\/nouveau-logo-lesminis.png\",\"contentUrl\":\"https:\/\/lesminis.fr\/blog\/wp-content\/uploads\/2023\/03\/nouveau-logo-lesminis.png\",\"width\":500,\"height\":175,\"caption\":\"LesMinis - Sp\u00e9cialiste mat\u00e9riel p\u00e9dagogiques - Figurines \u00e9ducatives - Mat\u00e9riel Montessori\"},\"image\":{\"@id\":\"https:\/\/lesminis.fr\/blog\/#\/schema\/logo\/image\/\"},\"sameAs\":[\"https:\/\/fr-fr.facebook.com\/LesMinis.fr\/\",\"https:\/\/www.instagram.com\/lesminis.fr\/\",\"https:\/\/www.tiktok.com\/@lesminis.fr\",\"https:\/\/www.pinterest.fr\/lesminisfr\/\"]},{\"@type\":\"Person\",\"@id\":\"https:\/\/lesminis.fr\/blog\/#\/schema\/person\/4a1be8c8c70a7d945af71674957cf83e\",\"name\":\"LesMinis\",\"image\":{\"@type\":\"ImageObject\",\"inLanguage\":\"fr-FR\",\"@id\":\"https:\/\/lesminis.fr\/blog\/#\/schema\/person\/image\/\",\"url\":\"https:\/\/secure.gravatar.com\/avatar\/288cd93d352b3465f2bd0701b1f2bb059b68dc3a70c4fda061bad8e6c9f8d865?s=96&d=blank&r=g\",\"contentUrl\":\"https:\/\/secure.gravatar.com\/avatar\/288cd93d352b3465f2bd0701b1f2bb059b68dc3a70c4fda061bad8e6c9f8d865?s=96&d=blank&r=g\",\"caption\":\"LesMinis\"},\"sameAs\":[\"https:\/\/lesminis.fr\/blog\",\"https:\/\/www.facebook.com\/LesMinis.fr\/\",\"https:\/\/www.instagram.com\/lesminis.fr\/\",\"https:\/\/www.pinterest.fr\/lesminisfr\/\"],\"url\":\"https:\/\/lesminis.fr\/blog\/author\/lesminis\/\"}]}<\/script>\n<!-- \/ Yoast SEO Premium plugin. -->","yoast_head_json":{"title":"Stimulation tactile\u202f: activit\u00e9s, mat\u00e9riel et r\u00e9\u00e9ducation sensorielle | LesMinis","description":"Rouleau h\u00e9risson, balle fidget, disques silicone\u202f: 3 supports LesMinis pour r\u00e9veiller le toucher, renforcer la motricit\u00e9 et apaiser les patients de 3 \u00e0 99\u202fans.","robots":{"index":"index","follow":"follow","max-snippet":"max-snippet:-1","max-image-preview":"max-image-preview:large","max-video-preview":"max-video-preview:-1"},"canonical":"https:\/\/lesminis.fr\/blog\/stimulation-tactile-reeducation-sensorielle\/","og_locale":"fr_FR","og_type":"article","og_title":"Stimulation tactile\u202f: activit\u00e9s et techniques pour la r\u00e9\u00e9ducation sensorielle et motrice","og_description":"Rouleau h\u00e9risson, balle fidget, disques silicone\u202f: 3 supports LesMinis pour r\u00e9veiller le toucher, renforcer la motricit\u00e9 et apaiser les patients de 3 \u00e0 99\u202fans.","og_url":"https:\/\/lesminis.fr\/blog\/stimulation-tactile-reeducation-sensorielle\/","og_site_name":"LesMinis Le Blog - Mat\u00e9riels \u00e9ducatifs - Figurines p\u00e9dagogiques","article_publisher":"https:\/\/fr-fr.facebook.com\/LesMinis.fr\/","article_author":"https:\/\/www.facebook.com\/LesMinis.fr\/","article_published_time":"2025-07-27T07:57:11+00:00","article_modified_time":"2025-07-30T15:06:29+00:00","og_image":[{"width":1000,"height":667,"url":"https:\/\/lesminis.fr\/blog\/wp-content\/uploads\/2025\/07\/balles-sensorielles-1.jpg","type":"image\/jpeg"}],"author":"LesMinis","twitter_misc":{"\u00c9crit par":"LesMinis","Dur\u00e9e de lecture estim\u00e9e":"4 minutes"},"schema":{"@context":"https:\/\/schema.org","@graph":[{"@type":["Article","BlogPosting"],"@id":"https:\/\/lesminis.fr\/blog\/stimulation-tactile-reeducation-sensorielle\/#article","isPartOf":{"@id":"https:\/\/lesminis.fr\/blog\/stimulation-tactile-reeducation-sensorielle\/"},"author":{"name":"LesMinis","@id":"https:\/\/lesminis.fr\/blog\/#\/schema\/person\/4a1be8c8c70a7d945af71674957cf83e"},"headline":"Stimulation tactile\u202f: activit\u00e9s et techniques pour la r\u00e9\u00e9ducation sensorielle et motrice","datePublished":"2025-07-27T07:57:11+00:00","dateModified":"2025-07-30T15:06:29+00:00","mainEntityOfPage":{"@id":"https:\/\/lesminis.fr\/blog\/stimulation-tactile-reeducation-sensorielle\/"},"wordCount":694,"commentCount":0,"publisher":{"@id":"https:\/\/lesminis.fr\/blog\/#organization"},"image":{"@id":"https:\/\/lesminis.fr\/blog\/stimulation-tactile-reeducation-sensorielle\/#primaryimage"},"thumbnailUrl":"https:\/\/lesminis.fr\/blog\/wp-content\/uploads\/2025\/07\/balles-sensorielles-1.jpg","keywords":["balle sensorielle","massage","motricit\u00e9","r\u00e9\u00e9ducation","sensoriel"],"articleSection":["MinisLab \u2014 Activit\u00e9s, jeux &amp; exp\u00e9riences \u00e9ducatives","MinisPedago \u2014 Montessori, p\u00e9dagogies alternatives &amp; d\u00e9veloppement de l\u2019enfant"],"inLanguage":"fr-FR","potentialAction":[{"@type":"CommentAction","name":"Comment","target":["https:\/\/lesminis.fr\/blog\/stimulation-tactile-reeducation-sensorielle\/#respond"]}]},{"@type":"WebPage","@id":"https:\/\/lesminis.fr\/blog\/stimulation-tactile-reeducation-sensorielle\/","url":"https:\/\/lesminis.fr\/blog\/stimulation-tactile-reeducation-sensorielle\/","name":"Stimulation tactile\u202f: activit\u00e9s, mat\u00e9riel et r\u00e9\u00e9ducation sensorielle | LesMinis","isPartOf":{"@id":"https:\/\/lesminis.fr\/blog\/#website"},"primaryImageOfPage":{"@id":"https:\/\/lesminis.fr\/blog\/stimulation-tactile-reeducation-sensorielle\/#primaryimage"},"image":{"@id":"https:\/\/lesminis.fr\/blog\/stimulation-tactile-reeducation-sensorielle\/#primaryimage"},"thumbnailUrl":"https:\/\/lesminis.fr\/blog\/wp-content\/uploads\/2025\/07\/balles-sensorielles-1.jpg","datePublished":"2025-07-27T07:57:11+00:00","dateModified":"2025-07-30T15:06:29+00:00","description":"Rouleau h\u00e9risson, balle fidget, disques silicone\u202f: 3 supports LesMinis pour r\u00e9veiller le toucher, renforcer la motricit\u00e9 et apaiser les patients de 3 \u00e0 99\u202fans.","breadcrumb":{"@id":"https:\/\/lesminis.fr\/blog\/stimulation-tactile-reeducation-sensorielle\/#breadcrumb"},"inLanguage":"fr-FR","potentialAction":[{"@type":"ReadAction","target":["https:\/\/lesminis.fr\/blog\/stimulation-tactile-reeducation-sensorielle\/"]}]},{"@type":"ImageObject","inLanguage":"fr-FR","@id":"https:\/\/lesminis.fr\/blog\/stimulation-tactile-reeducation-sensorielle\/#primaryimage","url":"https:\/\/lesminis.fr\/blog\/wp-content\/uploads\/2025\/07\/balles-sensorielles-1.jpg","contentUrl":"https:\/\/lesminis.fr\/blog\/wp-content\/uploads\/2025\/07\/balles-sensorielles-1.jpg","width":1000,"height":667,"caption":"rouleau h\u00e9risson mat\u00e9riel sensoriel"},{"@type":"BreadcrumbList","@id":"https:\/\/lesminis.fr\/blog\/stimulation-tactile-reeducation-sensorielle\/#breadcrumb","itemListElement":[{"@type":"ListItem","position":1,"name":"Accueil","item":"https:\/\/lesminis.fr\/blog\/"},{"@type":"ListItem","position":2,"name":"Stimulation tactile\u202f: activit\u00e9s et techniques pour la r\u00e9\u00e9ducation sensorielle et motrice"}]},{"@type":"WebSite","@id":"https:\/\/lesminis.fr\/blog\/#website","url":"https:\/\/lesminis.fr\/blog\/","name":"LesMinis Le Blog - Mat\u00e9riels \u00e9ducatifs - Figurines p\u00e9dagogiques","description":"D\u00e9couvrez notre actualit\u00e9, figurines, mat\u00e9riel \u00e9ducatif, activit\u00e9s Montessori","publisher":{"@id":"https:\/\/lesminis.fr\/blog\/#organization"},"potentialAction":[{"@type":"SearchAction","target":{"@type":"EntryPoint","urlTemplate":"https:\/\/lesminis.fr\/blog\/?s={search_term_string}"},"query-input":{"@type":"PropertyValueSpecification","valueRequired":true,"valueName":"search_term_string"}}],"inLanguage":"fr-FR"},{"@type":"Organization","@id":"https:\/\/lesminis.fr\/blog\/#organization","name":"LesMinis - Sp\u00e9cialiste mat\u00e9riel p\u00e9dagogiques - Figurines \u00e9ducatives - Mat\u00e9riel Montessori","url":"https:\/\/lesminis.fr\/blog\/","logo":{"@type":"ImageObject","inLanguage":"fr-FR","@id":"https:\/\/lesminis.fr\/blog\/#\/schema\/logo\/image\/","url":"https:\/\/lesminis.fr\/blog\/wp-content\/uploads\/2023\/03\/nouveau-logo-lesminis.png","contentUrl":"https:\/\/lesminis.fr\/blog\/wp-content\/uploads\/2023\/03\/nouveau-logo-lesminis.png","width":500,"height":175,"caption":"LesMinis - Sp\u00e9cialiste mat\u00e9riel p\u00e9dagogiques - Figurines \u00e9ducatives - Mat\u00e9riel Montessori"},"image":{"@id":"https:\/\/lesminis.fr\/blog\/#\/schema\/logo\/image\/"},"sameAs":["https:\/\/fr-fr.facebook.com\/LesMinis.fr\/","https:\/\/www.instagram.com\/lesminis.fr\/","https:\/\/www.tiktok.com\/@lesminis.fr","https:\/\/www.pinterest.fr\/lesminisfr\/"]},{"@type":"Person","@id":"https:\/\/lesminis.fr\/blog\/#\/schema\/person\/4a1be8c8c70a7d945af71674957cf83e","name":"LesMinis","image":{"@type":"ImageObject","inLanguage":"fr-FR","@id":"https:\/\/lesminis.fr\/blog\/#\/schema\/person\/image\/","url":"https:\/\/secure.gravatar.com\/avatar\/288cd93d352b3465f2bd0701b1f2bb059b68dc3a70c4fda061bad8e6c9f8d865?s=96&d=blank&r=g","contentUrl":"https:\/\/secure.gravatar.com\/avatar\/288cd93d352b3465f2bd0701b1f2bb059b68dc3a70c4fda061bad8e6c9f8d865?s=96&d=blank&r=g","caption":"LesMinis"},"sameAs":["https:\/\/lesminis.fr\/blog","https:\/\/www.facebook.com\/LesMinis.fr\/","https:\/\/www.instagram.com\/lesminis.fr\/","https:\/\/www.pinterest.fr\/lesminisfr\/"],"url":"https:\/\/lesminis.fr\/blog\/author\/lesminis\/"}]}},"_links":{"self":[{"href":"https:\/\/lesminis.fr\/blog\/wp-json\/wp\/v2\/posts\/5248","targetHints":{"allow":["GET"]}}],"collection":[{"href":"https:\/\/lesminis.fr\/blog\/wp-json\/wp\/v2\/posts"}],"about":[{"href":"https:\/\/lesminis.fr\/blog\/wp-json\/wp\/v2\/types\/post"}],"author":[{"embeddable":true,"href":"https:\/\/lesminis.fr\/blog\/wp-json\/wp\/v2\/users\/1"}],"replies":[{"embeddable":true,"href":"https:\/\/lesminis.fr\/blog\/wp-json\/wp\/v2\/comments?post=5248"}],"version-history":[{"count":1,"href":"https:\/\/lesminis.fr\/blog\/wp-json\/wp\/v2\/posts\/5248\/revisions"}],"predecessor-version":[{"id":5251,"href":"https:\/\/lesminis.fr\/blog\/wp-json\/wp\/v2\/posts\/5248\/revisions\/5251"}],"wp:featuredmedia":[{"embeddable":true,"href":"https:\/\/lesminis.fr\/blog\/wp-json\/wp\/v2\/media\/5249"}],"wp:attachment":[{"href":"https:\/\/lesminis.fr\/blog\/wp-json\/wp\/v2\/media?parent=5248"}],"wp:term":[{"taxonomy":"category","embeddable":true,"href":"https:\/\/lesminis.fr\/blog\/wp-json\/wp\/v2\/categories?post=5248"},{"taxonomy":"post_tag","embeddable":true,"href":"https:\/\/lesminis.fr\/blog\/wp-json\/wp\/v2\/tags?post=5248"}],"curies":[{"name":"wp","href":"https:\/\/api.w.org\/{rel}","templated":true}]}}