{"id":5239,"date":"2025-07-20T08:53:32","date_gmt":"2025-07-20T07:53:32","guid":{"rendered":"https:\/\/lesminis.fr\/blog\/?p=5239"},"modified":"2025-07-30T15:53:45","modified_gmt":"2025-07-30T14:53:45","slug":"sable-kinetique-sable-magique-activites","status":"publish","type":"post","link":"https:\/\/lesminis.fr\/blog\/sable-kinetique-sable-magique-activites\/","title":{"rendered":"Sable kin\u00e9tique\u00a0\/ sable cin\u00e9tique\u00a0: questions fr\u00e9quentes, r\u00e9ponses claires et b\u00e9n\u00e9fices \u00e9ducatifs"},"content":{"rendered":"<p>Sable kin\u00e9tique, sable \u00e0 modeler, sable coulant\u2026 quel que soit le nom qu\u2019on lui donne, ce <em>sable magique sensoriel<\/em> combine le meilleur de la p\u00e2te \u00e0 modeler et du sable de plage\u202f: il s\u2019\u00e9coule comme un liquide, reste propre et ne s\u00e8che jamais. Des bacs sensoriels de maternelle aux ateliers cr\u00e9atifs en primaire, il offre une infinit\u00e9 d\u2019activit\u00e9s calmes, tactiles et hautement p\u00e9dagogiques\u202f!<\/p>\n<div id=\"ez-toc-container\" class=\"ez-toc-v2_0_78 counter-hierarchy ez-toc-counter ez-toc-grey ez-toc-container-direction\">\n<div class=\"ez-toc-title-container\">\n<p class=\"ez-toc-title\" style=\"cursor:inherit\">Table of Contents<\/p>\n<span class=\"ez-toc-title-toggle\"><a href=\"#\" class=\"ez-toc-pull-right ez-toc-btn ez-toc-btn-xs ez-toc-btn-default ez-toc-toggle\" aria-label=\"Toggle Table of Content\"><span class=\"ez-toc-js-icon-con\"><span class=\"\"><span class=\"eztoc-hide\" style=\"display:none;\">Toggle<\/span><span class=\"ez-toc-icon-toggle-span\"><svg style=\"fill: #999;color:#999\" xmlns=\"http:\/\/www.w3.org\/2000\/svg\" class=\"list-377408\" width=\"20px\" height=\"20px\" viewBox=\"0 0 24 24\" fill=\"none\"><path d=\"M6 6H4v2h2V6zm14 0H8v2h12V6zM4 11h2v2H4v-2zm16 0H8v2h12v-2zM4 16h2v2H4v-2zm16 0H8v2h12v-2z\" fill=\"currentColor\"><\/path><\/svg><svg style=\"fill: #999;color:#999\" class=\"arrow-unsorted-368013\" xmlns=\"http:\/\/www.w3.org\/2000\/svg\" width=\"10px\" height=\"10px\" viewBox=\"0 0 24 24\" version=\"1.2\" baseProfile=\"tiny\"><path d=\"M18.2 9.3l-6.2-6.3-6.2 6.3c-.2.2-.3.4-.3.7s.1.5.3.7c.2.2.4.3.7.3h11c.3 0 .5-.1.7-.3.2-.2.3-.5.3-.7s-.1-.5-.3-.7zM5.8 14.7l6.2 6.3 6.2-6.3c.2-.2.3-.5.3-.7s-.1-.5-.3-.7c-.2-.2-.4-.3-.7-.3h-11c-.3 0-.5.1-.7.3-.2.2-.3.5-.3.7s.1.5.3.7z\"\/><\/svg><\/span><\/span><\/span><\/a><\/span><\/div>\n<nav><ul class='ez-toc-list ez-toc-list-level-1 ' ><li class='ez-toc-page-1 ez-toc-heading-level-2'><a class=\"ez-toc-link ez-toc-heading-1\" href=\"https:\/\/lesminis.fr\/blog\/sable-kinetique-sable-magique-activites\/#1_Quest%E2%80%91ce_que_le_sable_kinetique_ou_sable_cinetique%E2%80%AF\" >1. Qu\u2019est\u2011ce que le sable kin\u00e9tique\u00a0(ou sable cin\u00e9tique)\u202f?<\/a><\/li><li class='ez-toc-page-1 ez-toc-heading-level-2'><a class=\"ez-toc-link ez-toc-heading-2\" href=\"https:\/\/lesminis.fr\/blog\/sable-kinetique-sable-magique-activites\/#2_Pourquoi_integrer_ce_sable_coulant_aux_seances_classe_ou_maison%E2%80%AF\" >2. Pourquoi int\u00e9grer ce sable coulant aux s\u00e9ances classe ou maison\u202f?<\/a><\/li><li class='ez-toc-page-1 ez-toc-heading-level-2'><a class=\"ez-toc-link ez-toc-heading-3\" href=\"https:\/\/lesminis.fr\/blog\/sable-kinetique-sable-magique-activites\/#3_Quel_materiel_choisir_pour_demarrer\" >3. Quel mat\u00e9riel choisir pour d\u00e9marrer\u00a0?<\/a><\/li><li class='ez-toc-page-1 ez-toc-heading-level-2'><a class=\"ez-toc-link ez-toc-heading-4\" href=\"https:\/\/lesminis.fr\/blog\/sable-kinetique-sable-magique-activites\/#4_De_quel_age_a_quel_age\" >4. De quel \u00e2ge \u00e0 quel \u00e2ge\u00a0?<\/a><\/li><li class='ez-toc-page-1 ez-toc-heading-level-2'><a class=\"ez-toc-link ez-toc-heading-5\" href=\"https:\/\/lesminis.fr\/blog\/sable-kinetique-sable-magique-activites\/#5_Idees_dactivites_avec_le_sable_a_modeler\" >5. Id\u00e9es d\u2019activit\u00e9s avec le sable \u00e0 modeler<\/a><\/li><li class='ez-toc-page-1 ez-toc-heading-level-2'><a class=\"ez-toc-link ez-toc-heading-6\" href=\"https:\/\/lesminis.fr\/blog\/sable-kinetique-sable-magique-activites\/#6_Conservation_et_nettoyage\" >6. Conservation et nettoyage<\/a><\/li><li class='ez-toc-page-1 ez-toc-heading-level-2'><a class=\"ez-toc-link ez-toc-heading-7\" href=\"https:\/\/lesminis.fr\/blog\/sable-kinetique-sable-magique-activites\/#7_Conclusion\" >7. Conclusion<\/a><\/li><\/ul><\/nav><\/div>\n<h2><span class=\"ez-toc-section\" id=\"1_Quest%E2%80%91ce_que_le_sable_kinetique_ou_sable_cinetique%E2%80%AF\"><\/span>1. Qu\u2019est\u2011ce que le sable kin\u00e9tique\u00a0(ou sable cin\u00e9tique)\u202f?<span class=\"ez-toc-section-end\"><\/span><\/h2>\n<p>Le sable kin\u00e9tique \u2013\u202faussi appel\u00e9 <strong>sable \u00e0 modeler<\/strong>, <strong>sable magique<\/strong> ou <strong>sable sensoriel<\/strong> \u2013 est compos\u00e9 d\u2019environ 98\u202f% de sable naturel et 2\u202f% de polym\u00e8re atoxique. Cette micro\u2011r\u00e9sine enrobe chaque grain\u202f: la masse reste compacte quand on la presse, puis s\u2019effrite lentement lorsqu\u2019on rel\u00e2che la pression. R\u00e9sultat\u202f: elle ne s\u00e8che pas, n\u2019a pas besoin d\u2019eau et \u2013 bonne nouvelle pour les parents \u2013 presque aucun grain perdu sur le sol\u202f!<\/p>\n<h2><span class=\"ez-toc-section\" id=\"2_Pourquoi_integrer_ce_sable_coulant_aux_seances_classe_ou_maison%E2%80%AF\"><\/span>2. Pourquoi int\u00e9grer ce sable coulant aux s\u00e9ances classe ou maison\u202f?<span class=\"ez-toc-section-end\"><\/span><\/h2>\n<ul>\n<li><strong>Motricit\u00e9 fine\u202f:<\/strong> pincer, tasser, couper, mouler et d\u00e9mouler d\u00e9veloppe pr\u00e9cision des doigts et force de la main.<\/li>\n<li><strong>Concentration et r\u00e9solution de probl\u00e8mes\u202f:<\/strong> l\u2019enfant teste, observe, rectifie\u202f; il apprend la causalit\u00e9 (\u00ab\u202fsi je presse trop, le moule se d\u00e9forme\u202f\u00bb).<\/li>\n<li><strong>R\u00e9gulation \u00e9motionnelle\u202f:<\/strong> la texture douce produit un effet calmant, proche des bouteilles sensorielles.<\/li>\n<li><strong>Cr\u00e9ativit\u00e9 illimit\u00e9e\u202f:<\/strong> ch\u00e2teaux, lettres, circuits pour petites voitures\u2026 tout est possible car la mati\u00e8re se remod\u00e8le \u00e0 l\u2019infini.<\/li>\n<\/ul>\n<h2><span class=\"ez-toc-section\" id=\"3_Quel_materiel_choisir_pour_demarrer\"><\/span>3. Quel mat\u00e9riel choisir pour d\u00e9marrer\u00a0?<span class=\"ez-toc-section-end\"><\/span><\/h2>\n<p>Pour un premier bac, optez pour un paquet de <a title=\"Sable magique naturel 1\u202fkg\" href=\"https:\/\/lesminis.fr\/sable-magique-naturel-1kg-bac-sensoriel-autres-200146\/25040.html\">sable magique naturel 1\u202fkg<\/a>. Grain fin, couleur beige, texture fluide\u202f: parfait d\u00e8s 3\u202fans pour remplir un plateau sensoriel.<\/p>\n<p><img loading=\"lazy\" decoding=\"async\" class=\"alignnone size-large wp-image-5241\" src=\"https:\/\/lesminis.fr\/blog\/wp-content\/uploads\/2025\/07\/b0ae4064773d1ce1a37be4db93db4d1a940fc325f05f389405146f67c34768f1-1024x1024.jpeg\" alt=\"sable sensoriel\" width=\"696\" height=\"696\" srcset=\"https:\/\/lesminis.fr\/blog\/wp-content\/uploads\/2025\/07\/b0ae4064773d1ce1a37be4db93db4d1a940fc325f05f389405146f67c34768f1-1024x1024.jpeg 1024w, https:\/\/lesminis.fr\/blog\/wp-content\/uploads\/2025\/07\/b0ae4064773d1ce1a37be4db93db4d1a940fc325f05f389405146f67c34768f1-300x300.jpeg 300w, https:\/\/lesminis.fr\/blog\/wp-content\/uploads\/2025\/07\/b0ae4064773d1ce1a37be4db93db4d1a940fc325f05f389405146f67c34768f1-150x150.jpeg 150w, https:\/\/lesminis.fr\/blog\/wp-content\/uploads\/2025\/07\/b0ae4064773d1ce1a37be4db93db4d1a940fc325f05f389405146f67c34768f1-768x768.jpeg 768w, https:\/\/lesminis.fr\/blog\/wp-content\/uploads\/2025\/07\/b0ae4064773d1ce1a37be4db93db4d1a940fc325f05f389405146f67c34768f1-420x420.jpeg 420w, https:\/\/lesminis.fr\/blog\/wp-content\/uploads\/2025\/07\/b0ae4064773d1ce1a37be4db93db4d1a940fc325f05f389405146f67c34768f1-696x696.jpeg 696w, https:\/\/lesminis.fr\/blog\/wp-content\/uploads\/2025\/07\/b0ae4064773d1ce1a37be4db93db4d1a940fc325f05f389405146f67c34768f1-1068x1068.jpeg 1068w, https:\/\/lesminis.fr\/blog\/wp-content\/uploads\/2025\/07\/b0ae4064773d1ce1a37be4db93db4d1a940fc325f05f389405146f67c34768f1.jpeg 1280w\" sizes=\"auto, (max-width: 696px) 100vw, 696px\" \/><\/p>\n<p>Envie de mondes color\u00e9s\u202f? Ajoutez un sachet de <a title=\"Sable magique vert 1\u202fkg\" href=\"https:\/\/lesminis.fr\/sable-magique-vert-1kg-amerique-sud-autres-200150\/27818.html\">sable vert for\u00eat<\/a> ou violet et tracez rivi\u00e8res, collines ou zones de \u00ab\u202flave chaude\u202f\u00bb\u00a0: chaque teinte stimule le langage descriptif (\u00ab\u202fLa rivi\u00e8re verte coule vers la montagne\u202f\u00bb).<\/p>\n<p>C\u00f4t\u00e9 contenant, le <a title=\"Bac sensoriel gonflable\" href=\"https:\/\/lesminis.fr\/bac-sensoriel-gonflable-transportable-autres-191-201\/24968.html\">bac sensoriel gonflable<\/a> s\u2019installe en deux minutes, se vide sous le robinet et se range \u00e0 plat\u00a0\u2013 id\u00e9al pour la maison, la classe ou les th\u00e9rapeutes itin\u00e9rants.<\/p>\n<h2><span class=\"ez-toc-section\" id=\"4_De_quel_age_a_quel_age\"><\/span>4. De quel \u00e2ge \u00e0 quel \u00e2ge\u00a0?<span class=\"ez-toc-section-end\"><\/span><\/h2>\n<p><strong>3\u20115\u202fans<\/strong>\u202f: d\u00e9couverte de la texture, remplissage de moules simples, d\u00e9veloppement de la pr\u00e9hension.<br \/>\n<strong>6\u20118\u202fans<\/strong>\u202f: activit\u00e9s structur\u00e9es\u00a0\u2013 \u00e9crire des lettres, mesurer le volume d\u2019un moule, classer les formes par hauteur.<br \/>\n<strong>9\u202fans et +<\/strong>\u202f: support artistique (bas\u2011reliefs, stop\u2011motion) ou anti\u2011stress pour la concentration.<\/p>\n<h2><span class=\"ez-toc-section\" id=\"5_Idees_dactivites_avec_le_sable_a_modeler\"><\/span>5. Id\u00e9es d\u2019activit\u00e9s avec le sable \u00e0 modeler<span class=\"ez-toc-section-end\"><\/span><\/h2>\n<ul>\n<li><strong>Empreintes d\u2019animaux<\/strong>\u00a0: presser figurines, deviner la patte, v\u00e9rifier.<\/li>\n<li><strong>Mini fouilles arch\u00e9ologiques<\/strong>\u00a0: cacher coquillages, minuter la d\u00e9couverte, cartographier le \u00ab\u202fsite\u202f\u00bb.<\/li>\n<li><strong>Tour la plus haute<\/strong>\u00a0: 10\u202fminutes pour b\u00e2tir, mesurer et noter le record.<\/li>\n<li><strong>\u00c9criture sensorielle<\/strong>\u00a0: lisser la surface, tracer lettres ou chiffres, secouer pour \u00ab\u202feffacer\u202f\u00bb.<\/li>\n<\/ul>\n<p><img loading=\"lazy\" decoding=\"async\" class=\"alignnone size-large wp-image-5240\" src=\"https:\/\/lesminis.fr\/blog\/wp-content\/uploads\/2025\/07\/0f0b629f45605b064f6b57ae67e42171c7b747501c66c74d923afa705f9f2586-1024x1024.webp\" alt=\"sable kin\u00e9tique\" width=\"696\" height=\"696\" srcset=\"https:\/\/lesminis.fr\/blog\/wp-content\/uploads\/2025\/07\/0f0b629f45605b064f6b57ae67e42171c7b747501c66c74d923afa705f9f2586-1024x1024.webp 1024w, https:\/\/lesminis.fr\/blog\/wp-content\/uploads\/2025\/07\/0f0b629f45605b064f6b57ae67e42171c7b747501c66c74d923afa705f9f2586-300x300.webp 300w, https:\/\/lesminis.fr\/blog\/wp-content\/uploads\/2025\/07\/0f0b629f45605b064f6b57ae67e42171c7b747501c66c74d923afa705f9f2586-150x150.webp 150w, https:\/\/lesminis.fr\/blog\/wp-content\/uploads\/2025\/07\/0f0b629f45605b064f6b57ae67e42171c7b747501c66c74d923afa705f9f2586-768x768.webp 768w, https:\/\/lesminis.fr\/blog\/wp-content\/uploads\/2025\/07\/0f0b629f45605b064f6b57ae67e42171c7b747501c66c74d923afa705f9f2586-420x420.webp 420w, https:\/\/lesminis.fr\/blog\/wp-content\/uploads\/2025\/07\/0f0b629f45605b064f6b57ae67e42171c7b747501c66c74d923afa705f9f2586-696x696.webp 696w, https:\/\/lesminis.fr\/blog\/wp-content\/uploads\/2025\/07\/0f0b629f45605b064f6b57ae67e42171c7b747501c66c74d923afa705f9f2586-1068x1068.webp 1068w, https:\/\/lesminis.fr\/blog\/wp-content\/uploads\/2025\/07\/0f0b629f45605b064f6b57ae67e42171c7b747501c66c74d923afa705f9f2586.webp 1332w\" sizes=\"auto, (max-width: 696px) 100vw, 696px\" \/><\/p>\n<h2><span class=\"ez-toc-section\" id=\"6_Conservation_et_nettoyage\"><\/span>6. Conservation et nettoyage<span class=\"ez-toc-section-end\"><\/span><\/h2>\n<p>Apr\u00e8s la s\u00e9ance, stockez votre sable coulant dans une bo\u00eete herm\u00e9tique. S\u2019il ramasse poussi\u00e8res ou miettes, tamisez\u2011le avec une passoire \u00e0 gros trous. Pas besoin d\u2019eau : le liant est hydrophobe. Travaillez dans un plateau ou dans le bac sensoriel\u00a0; l\u2019exc\u00e9dent se r\u00e9cup\u00e8re \u00e0 la main. Entretenu ainsi, ce sable magique reste utilisable plusieurs ann\u00e9es.<\/p>\n<h2><span class=\"ez-toc-section\" id=\"7_Conclusion\"><\/span>7. Conclusion<span class=\"ez-toc-section-end\"><\/span><\/h2>\n<p>Qu\u2019on l\u2019appelle sable kin\u00e9tique, sable cin\u00e9tique, sable sensoriel ou sable \u00e0 modeler, cette mati\u00e8re \u00ab\u202fmagique\u202f\u00bb coche toutes les cases du jeu \u00e9ducatif\u00a0: sensoriel, cr\u00e9atif, moteur et apaisant. Sculptures, \u00e9criture, mini\u2011fouilles\u2026 il s\u2019adapte \u00e0 chaque tranche d\u2019\u00e2ge et se ressort \u00e0 l\u2019envi. Glissez un sachet et un bac gonflable dans votre placard \u2014 et laissez la magie op\u00e9rer\u00a0!<\/p>\n","protected":false},"excerpt":{"rendered":"<p>Sable kin\u00e9tique, sable \u00e0 modeler, sable coulant\u2026 quel que soit le nom qu\u2019on lui donne, ce sable magique sensoriel combine le meilleur de la p\u00e2te \u00e0 modeler et du sable de plage\u202f: il s\u2019\u00e9coule comme un liquide, reste propre et ne s\u00e8che jamais. Des bacs sensoriels de maternelle aux ateliers cr\u00e9atifs en primaire, il offre [&hellip;]<\/p>\n","protected":false},"author":1,"featured_media":5242,"comment_status":"open","ping_status":"closed","sticky":false,"template":"","format":"standard","meta":{"_acf_changed":false,"footnotes":""},"categories":[1601,105],"tags":[1752,518],"class_list":{"0":"post-5239","1":"post","2":"type-post","3":"status-publish","4":"format-standard","5":"has-post-thumbnail","7":"category-minislab-activites-jeux-educatifs","8":"category-minispedago-predagogie-montessori-activites-developpement","9":"tag-sable-cinetique","10":"tag-sable-magique"},"acf":[],"yoast_head":"<!-- This site is optimized with the Yoast SEO Premium plugin v27.1 (Yoast SEO v27.1.1) - https:\/\/yoast.com\/product\/yoast-seo-premium-wordpress\/ -->\n<title>Sable kin\u00e9tique (sable cin\u00e9tique)\u00a0: bienfaits, activit\u00e9s &amp; mat\u00e9riel | LesMinis<\/title>\n<meta name=\"description\" content=\"Sable magique, sable coulant, sable \u00e0 modeler\u202f: d\u00e9couvrez les avantages du sable sensoriel, les id\u00e9es d\u2019activit\u00e9s et les kits LesMinis adapt\u00e9s d\u00e8s 3\u202fans.\" \/>\n<meta name=\"robots\" content=\"index, follow, max-snippet:-1, max-image-preview:large, max-video-preview:-1\" \/>\n<link rel=\"canonical\" href=\"https:\/\/lesminis.fr\/blog\/sable-kinetique-sable-magique-activites\/\" \/>\n<meta property=\"og:locale\" content=\"fr_FR\" \/>\n<meta property=\"og:type\" content=\"article\" \/>\n<meta property=\"og:title\" content=\"Sable kin\u00e9tique\u00a0\/ sable cin\u00e9tique\u00a0: questions fr\u00e9quentes, r\u00e9ponses claires et b\u00e9n\u00e9fices \u00e9ducatifs\" \/>\n<meta property=\"og:description\" content=\"Sable magique, sable coulant, sable \u00e0 modeler\u202f: d\u00e9couvrez les avantages du sable sensoriel, les id\u00e9es d\u2019activit\u00e9s et les kits LesMinis adapt\u00e9s d\u00e8s 3\u202fans.\" \/>\n<meta property=\"og:url\" content=\"https:\/\/lesminis.fr\/blog\/sable-kinetique-sable-magique-activites\/\" \/>\n<meta property=\"og:site_name\" content=\"LesMinis Le Blog - Mat\u00e9riels \u00e9ducatifs - Figurines p\u00e9dagogiques\" \/>\n<meta property=\"article:publisher\" content=\"https:\/\/fr-fr.facebook.com\/LesMinis.fr\/\" \/>\n<meta property=\"article:author\" content=\"https:\/\/www.facebook.com\/LesMinis.fr\/\" \/>\n<meta property=\"article:published_time\" content=\"2025-07-20T07:53:32+00:00\" \/>\n<meta property=\"article:modified_time\" content=\"2025-07-30T14:53:45+00:00\" \/>\n<meta property=\"og:image\" content=\"https:\/\/lesminis.fr\/blog\/wp-content\/uploads\/2025\/07\/sable-sensoriel.jpg\" \/>\n\t<meta property=\"og:image:width\" content=\"1000\" \/>\n\t<meta property=\"og:image:height\" content=\"667\" \/>\n\t<meta property=\"og:image:type\" content=\"image\/jpeg\" \/>\n<meta name=\"author\" content=\"LesMinis\" \/>\n<meta name=\"twitter:label1\" content=\"\u00c9crit par\" \/>\n\t<meta name=\"twitter:data1\" content=\"LesMinis\" \/>\n\t<meta name=\"twitter:label2\" content=\"Dur\u00e9e de lecture estim\u00e9e\" \/>\n\t<meta name=\"twitter:data2\" content=\"4 minutes\" \/>\n<script type=\"application\/ld+json\" class=\"yoast-schema-graph\">{\"@context\":\"https:\/\/schema.org\",\"@graph\":[{\"@type\":[\"Article\",\"BlogPosting\"],\"@id\":\"https:\/\/lesminis.fr\/blog\/sable-kinetique-sable-magique-activites\/#article\",\"isPartOf\":{\"@id\":\"https:\/\/lesminis.fr\/blog\/sable-kinetique-sable-magique-activites\/\"},\"author\":{\"name\":\"LesMinis\",\"@id\":\"https:\/\/lesminis.fr\/blog\/#\/schema\/person\/4a1be8c8c70a7d945af71674957cf83e\"},\"headline\":\"Sable kin\u00e9tique\u00a0\/ sable cin\u00e9tique\u00a0: questions fr\u00e9quentes, r\u00e9ponses claires et b\u00e9n\u00e9fices \u00e9ducatifs\",\"datePublished\":\"2025-07-20T07:53:32+00:00\",\"dateModified\":\"2025-07-30T14:53:45+00:00\",\"mainEntityOfPage\":{\"@id\":\"https:\/\/lesminis.fr\/blog\/sable-kinetique-sable-magique-activites\/\"},\"wordCount\":621,\"commentCount\":0,\"publisher\":{\"@id\":\"https:\/\/lesminis.fr\/blog\/#organization\"},\"image\":{\"@id\":\"https:\/\/lesminis.fr\/blog\/sable-kinetique-sable-magique-activites\/#primaryimage\"},\"thumbnailUrl\":\"https:\/\/lesminis.fr\/blog\/wp-content\/uploads\/2025\/07\/sable-sensoriel.jpg\",\"keywords\":[\"sable cin\u00e9tique\",\"sable magique\"],\"articleSection\":[\"MinisLab \u2014 Activit\u00e9s, jeux &amp; exp\u00e9riences \u00e9ducatives\",\"MinisPedago \u2014 Montessori, p\u00e9dagogies alternatives &amp; d\u00e9veloppement de l\u2019enfant\"],\"inLanguage\":\"fr-FR\",\"potentialAction\":[{\"@type\":\"CommentAction\",\"name\":\"Comment\",\"target\":[\"https:\/\/lesminis.fr\/blog\/sable-kinetique-sable-magique-activites\/#respond\"]}]},{\"@type\":\"WebPage\",\"@id\":\"https:\/\/lesminis.fr\/blog\/sable-kinetique-sable-magique-activites\/\",\"url\":\"https:\/\/lesminis.fr\/blog\/sable-kinetique-sable-magique-activites\/\",\"name\":\"Sable kin\u00e9tique (sable cin\u00e9tique)\u00a0: bienfaits, activit\u00e9s & mat\u00e9riel | LesMinis\",\"isPartOf\":{\"@id\":\"https:\/\/lesminis.fr\/blog\/#website\"},\"primaryImageOfPage\":{\"@id\":\"https:\/\/lesminis.fr\/blog\/sable-kinetique-sable-magique-activites\/#primaryimage\"},\"image\":{\"@id\":\"https:\/\/lesminis.fr\/blog\/sable-kinetique-sable-magique-activites\/#primaryimage\"},\"thumbnailUrl\":\"https:\/\/lesminis.fr\/blog\/wp-content\/uploads\/2025\/07\/sable-sensoriel.jpg\",\"datePublished\":\"2025-07-20T07:53:32+00:00\",\"dateModified\":\"2025-07-30T14:53:45+00:00\",\"description\":\"Sable magique, sable coulant, sable \u00e0 modeler\u202f: d\u00e9couvrez les avantages du sable sensoriel, les id\u00e9es d\u2019activit\u00e9s et les kits LesMinis adapt\u00e9s d\u00e8s 3\u202fans.\",\"breadcrumb\":{\"@id\":\"https:\/\/lesminis.fr\/blog\/sable-kinetique-sable-magique-activites\/#breadcrumb\"},\"inLanguage\":\"fr-FR\",\"potentialAction\":[{\"@type\":\"ReadAction\",\"target\":[\"https:\/\/lesminis.fr\/blog\/sable-kinetique-sable-magique-activites\/\"]}]},{\"@type\":\"ImageObject\",\"inLanguage\":\"fr-FR\",\"@id\":\"https:\/\/lesminis.fr\/blog\/sable-kinetique-sable-magique-activites\/#primaryimage\",\"url\":\"https:\/\/lesminis.fr\/blog\/wp-content\/uploads\/2025\/07\/sable-sensoriel.jpg\",\"contentUrl\":\"https:\/\/lesminis.fr\/blog\/wp-content\/uploads\/2025\/07\/sable-sensoriel.jpg\",\"width\":1000,\"height\":667,\"caption\":\"Sable sensoriel cint\u00e9tique\"},{\"@type\":\"BreadcrumbList\",\"@id\":\"https:\/\/lesminis.fr\/blog\/sable-kinetique-sable-magique-activites\/#breadcrumb\",\"itemListElement\":[{\"@type\":\"ListItem\",\"position\":1,\"name\":\"Accueil\",\"item\":\"https:\/\/lesminis.fr\/blog\/\"},{\"@type\":\"ListItem\",\"position\":2,\"name\":\"Sable kin\u00e9tique\u00a0\/ sable cin\u00e9tique\u00a0: questions fr\u00e9quentes, r\u00e9ponses claires et b\u00e9n\u00e9fices \u00e9ducatifs\"}]},{\"@type\":\"WebSite\",\"@id\":\"https:\/\/lesminis.fr\/blog\/#website\",\"url\":\"https:\/\/lesminis.fr\/blog\/\",\"name\":\"LesMinis Le Blog - Mat\u00e9riels \u00e9ducatifs - Figurines p\u00e9dagogiques\",\"description\":\"D\u00e9couvrez notre actualit\u00e9, figurines, mat\u00e9riel \u00e9ducatif, activit\u00e9s Montessori\",\"publisher\":{\"@id\":\"https:\/\/lesminis.fr\/blog\/#organization\"},\"potentialAction\":[{\"@type\":\"SearchAction\",\"target\":{\"@type\":\"EntryPoint\",\"urlTemplate\":\"https:\/\/lesminis.fr\/blog\/?s={search_term_string}\"},\"query-input\":{\"@type\":\"PropertyValueSpecification\",\"valueRequired\":true,\"valueName\":\"search_term_string\"}}],\"inLanguage\":\"fr-FR\"},{\"@type\":\"Organization\",\"@id\":\"https:\/\/lesminis.fr\/blog\/#organization\",\"name\":\"LesMinis - Sp\u00e9cialiste mat\u00e9riel p\u00e9dagogiques - Figurines \u00e9ducatives - Mat\u00e9riel Montessori\",\"url\":\"https:\/\/lesminis.fr\/blog\/\",\"logo\":{\"@type\":\"ImageObject\",\"inLanguage\":\"fr-FR\",\"@id\":\"https:\/\/lesminis.fr\/blog\/#\/schema\/logo\/image\/\",\"url\":\"https:\/\/lesminis.fr\/blog\/wp-content\/uploads\/2023\/03\/nouveau-logo-lesminis.png\",\"contentUrl\":\"https:\/\/lesminis.fr\/blog\/wp-content\/uploads\/2023\/03\/nouveau-logo-lesminis.png\",\"width\":500,\"height\":175,\"caption\":\"LesMinis - Sp\u00e9cialiste mat\u00e9riel p\u00e9dagogiques - Figurines \u00e9ducatives - Mat\u00e9riel Montessori\"},\"image\":{\"@id\":\"https:\/\/lesminis.fr\/blog\/#\/schema\/logo\/image\/\"},\"sameAs\":[\"https:\/\/fr-fr.facebook.com\/LesMinis.fr\/\",\"https:\/\/www.instagram.com\/lesminis.fr\/\",\"https:\/\/www.tiktok.com\/@lesminis.fr\",\"https:\/\/www.pinterest.fr\/lesminisfr\/\"]},{\"@type\":\"Person\",\"@id\":\"https:\/\/lesminis.fr\/blog\/#\/schema\/person\/4a1be8c8c70a7d945af71674957cf83e\",\"name\":\"LesMinis\",\"image\":{\"@type\":\"ImageObject\",\"inLanguage\":\"fr-FR\",\"@id\":\"https:\/\/lesminis.fr\/blog\/#\/schema\/person\/image\/\",\"url\":\"https:\/\/secure.gravatar.com\/avatar\/288cd93d352b3465f2bd0701b1f2bb059b68dc3a70c4fda061bad8e6c9f8d865?s=96&d=blank&r=g\",\"contentUrl\":\"https:\/\/secure.gravatar.com\/avatar\/288cd93d352b3465f2bd0701b1f2bb059b68dc3a70c4fda061bad8e6c9f8d865?s=96&d=blank&r=g\",\"caption\":\"LesMinis\"},\"sameAs\":[\"https:\/\/lesminis.fr\/blog\",\"https:\/\/www.facebook.com\/LesMinis.fr\/\",\"https:\/\/www.instagram.com\/lesminis.fr\/\",\"https:\/\/www.pinterest.fr\/lesminisfr\/\"],\"url\":\"https:\/\/lesminis.fr\/blog\/author\/lesminis\/\"}]}<\/script>\n<!-- \/ Yoast SEO Premium plugin. -->","yoast_head_json":{"title":"Sable kin\u00e9tique (sable cin\u00e9tique)\u00a0: bienfaits, activit\u00e9s & mat\u00e9riel | LesMinis","description":"Sable magique, sable coulant, sable \u00e0 modeler\u202f: d\u00e9couvrez les avantages du sable sensoriel, les id\u00e9es d\u2019activit\u00e9s et les kits LesMinis adapt\u00e9s d\u00e8s 3\u202fans.","robots":{"index":"index","follow":"follow","max-snippet":"max-snippet:-1","max-image-preview":"max-image-preview:large","max-video-preview":"max-video-preview:-1"},"canonical":"https:\/\/lesminis.fr\/blog\/sable-kinetique-sable-magique-activites\/","og_locale":"fr_FR","og_type":"article","og_title":"Sable kin\u00e9tique\u00a0\/ sable cin\u00e9tique\u00a0: questions fr\u00e9quentes, r\u00e9ponses claires et b\u00e9n\u00e9fices \u00e9ducatifs","og_description":"Sable magique, sable coulant, sable \u00e0 modeler\u202f: d\u00e9couvrez les avantages du sable sensoriel, les id\u00e9es d\u2019activit\u00e9s et les kits LesMinis adapt\u00e9s d\u00e8s 3\u202fans.","og_url":"https:\/\/lesminis.fr\/blog\/sable-kinetique-sable-magique-activites\/","og_site_name":"LesMinis Le Blog - Mat\u00e9riels \u00e9ducatifs - Figurines p\u00e9dagogiques","article_publisher":"https:\/\/fr-fr.facebook.com\/LesMinis.fr\/","article_author":"https:\/\/www.facebook.com\/LesMinis.fr\/","article_published_time":"2025-07-20T07:53:32+00:00","article_modified_time":"2025-07-30T14:53:45+00:00","og_image":[{"width":1000,"height":667,"url":"https:\/\/lesminis.fr\/blog\/wp-content\/uploads\/2025\/07\/sable-sensoriel.jpg","type":"image\/jpeg"}],"author":"LesMinis","twitter_misc":{"\u00c9crit par":"LesMinis","Dur\u00e9e de lecture estim\u00e9e":"4 minutes"},"schema":{"@context":"https:\/\/schema.org","@graph":[{"@type":["Article","BlogPosting"],"@id":"https:\/\/lesminis.fr\/blog\/sable-kinetique-sable-magique-activites\/#article","isPartOf":{"@id":"https:\/\/lesminis.fr\/blog\/sable-kinetique-sable-magique-activites\/"},"author":{"name":"LesMinis","@id":"https:\/\/lesminis.fr\/blog\/#\/schema\/person\/4a1be8c8c70a7d945af71674957cf83e"},"headline":"Sable kin\u00e9tique\u00a0\/ sable cin\u00e9tique\u00a0: questions fr\u00e9quentes, r\u00e9ponses claires et b\u00e9n\u00e9fices \u00e9ducatifs","datePublished":"2025-07-20T07:53:32+00:00","dateModified":"2025-07-30T14:53:45+00:00","mainEntityOfPage":{"@id":"https:\/\/lesminis.fr\/blog\/sable-kinetique-sable-magique-activites\/"},"wordCount":621,"commentCount":0,"publisher":{"@id":"https:\/\/lesminis.fr\/blog\/#organization"},"image":{"@id":"https:\/\/lesminis.fr\/blog\/sable-kinetique-sable-magique-activites\/#primaryimage"},"thumbnailUrl":"https:\/\/lesminis.fr\/blog\/wp-content\/uploads\/2025\/07\/sable-sensoriel.jpg","keywords":["sable cin\u00e9tique","sable magique"],"articleSection":["MinisLab \u2014 Activit\u00e9s, jeux &amp; exp\u00e9riences \u00e9ducatives","MinisPedago \u2014 Montessori, p\u00e9dagogies alternatives &amp; d\u00e9veloppement de l\u2019enfant"],"inLanguage":"fr-FR","potentialAction":[{"@type":"CommentAction","name":"Comment","target":["https:\/\/lesminis.fr\/blog\/sable-kinetique-sable-magique-activites\/#respond"]}]},{"@type":"WebPage","@id":"https:\/\/lesminis.fr\/blog\/sable-kinetique-sable-magique-activites\/","url":"https:\/\/lesminis.fr\/blog\/sable-kinetique-sable-magique-activites\/","name":"Sable kin\u00e9tique (sable cin\u00e9tique)\u00a0: bienfaits, activit\u00e9s & mat\u00e9riel | LesMinis","isPartOf":{"@id":"https:\/\/lesminis.fr\/blog\/#website"},"primaryImageOfPage":{"@id":"https:\/\/lesminis.fr\/blog\/sable-kinetique-sable-magique-activites\/#primaryimage"},"image":{"@id":"https:\/\/lesminis.fr\/blog\/sable-kinetique-sable-magique-activites\/#primaryimage"},"thumbnailUrl":"https:\/\/lesminis.fr\/blog\/wp-content\/uploads\/2025\/07\/sable-sensoriel.jpg","datePublished":"2025-07-20T07:53:32+00:00","dateModified":"2025-07-30T14:53:45+00:00","description":"Sable magique, sable coulant, sable \u00e0 modeler\u202f: d\u00e9couvrez les avantages du sable sensoriel, les id\u00e9es d\u2019activit\u00e9s et les kits LesMinis adapt\u00e9s d\u00e8s 3\u202fans.","breadcrumb":{"@id":"https:\/\/lesminis.fr\/blog\/sable-kinetique-sable-magique-activites\/#breadcrumb"},"inLanguage":"fr-FR","potentialAction":[{"@type":"ReadAction","target":["https:\/\/lesminis.fr\/blog\/sable-kinetique-sable-magique-activites\/"]}]},{"@type":"ImageObject","inLanguage":"fr-FR","@id":"https:\/\/lesminis.fr\/blog\/sable-kinetique-sable-magique-activites\/#primaryimage","url":"https:\/\/lesminis.fr\/blog\/wp-content\/uploads\/2025\/07\/sable-sensoriel.jpg","contentUrl":"https:\/\/lesminis.fr\/blog\/wp-content\/uploads\/2025\/07\/sable-sensoriel.jpg","width":1000,"height":667,"caption":"Sable sensoriel cint\u00e9tique"},{"@type":"BreadcrumbList","@id":"https:\/\/lesminis.fr\/blog\/sable-kinetique-sable-magique-activites\/#breadcrumb","itemListElement":[{"@type":"ListItem","position":1,"name":"Accueil","item":"https:\/\/lesminis.fr\/blog\/"},{"@type":"ListItem","position":2,"name":"Sable kin\u00e9tique\u00a0\/ sable cin\u00e9tique\u00a0: questions fr\u00e9quentes, r\u00e9ponses claires et b\u00e9n\u00e9fices \u00e9ducatifs"}]},{"@type":"WebSite","@id":"https:\/\/lesminis.fr\/blog\/#website","url":"https:\/\/lesminis.fr\/blog\/","name":"LesMinis Le Blog - Mat\u00e9riels \u00e9ducatifs - Figurines p\u00e9dagogiques","description":"D\u00e9couvrez notre actualit\u00e9, figurines, mat\u00e9riel \u00e9ducatif, activit\u00e9s Montessori","publisher":{"@id":"https:\/\/lesminis.fr\/blog\/#organization"},"potentialAction":[{"@type":"SearchAction","target":{"@type":"EntryPoint","urlTemplate":"https:\/\/lesminis.fr\/blog\/?s={search_term_string}"},"query-input":{"@type":"PropertyValueSpecification","valueRequired":true,"valueName":"search_term_string"}}],"inLanguage":"fr-FR"},{"@type":"Organization","@id":"https:\/\/lesminis.fr\/blog\/#organization","name":"LesMinis - Sp\u00e9cialiste mat\u00e9riel p\u00e9dagogiques - Figurines \u00e9ducatives - Mat\u00e9riel Montessori","url":"https:\/\/lesminis.fr\/blog\/","logo":{"@type":"ImageObject","inLanguage":"fr-FR","@id":"https:\/\/lesminis.fr\/blog\/#\/schema\/logo\/image\/","url":"https:\/\/lesminis.fr\/blog\/wp-content\/uploads\/2023\/03\/nouveau-logo-lesminis.png","contentUrl":"https:\/\/lesminis.fr\/blog\/wp-content\/uploads\/2023\/03\/nouveau-logo-lesminis.png","width":500,"height":175,"caption":"LesMinis - Sp\u00e9cialiste mat\u00e9riel p\u00e9dagogiques - Figurines \u00e9ducatives - Mat\u00e9riel Montessori"},"image":{"@id":"https:\/\/lesminis.fr\/blog\/#\/schema\/logo\/image\/"},"sameAs":["https:\/\/fr-fr.facebook.com\/LesMinis.fr\/","https:\/\/www.instagram.com\/lesminis.fr\/","https:\/\/www.tiktok.com\/@lesminis.fr","https:\/\/www.pinterest.fr\/lesminisfr\/"]},{"@type":"Person","@id":"https:\/\/lesminis.fr\/blog\/#\/schema\/person\/4a1be8c8c70a7d945af71674957cf83e","name":"LesMinis","image":{"@type":"ImageObject","inLanguage":"fr-FR","@id":"https:\/\/lesminis.fr\/blog\/#\/schema\/person\/image\/","url":"https:\/\/secure.gravatar.com\/avatar\/288cd93d352b3465f2bd0701b1f2bb059b68dc3a70c4fda061bad8e6c9f8d865?s=96&d=blank&r=g","contentUrl":"https:\/\/secure.gravatar.com\/avatar\/288cd93d352b3465f2bd0701b1f2bb059b68dc3a70c4fda061bad8e6c9f8d865?s=96&d=blank&r=g","caption":"LesMinis"},"sameAs":["https:\/\/lesminis.fr\/blog","https:\/\/www.facebook.com\/LesMinis.fr\/","https:\/\/www.instagram.com\/lesminis.fr\/","https:\/\/www.pinterest.fr\/lesminisfr\/"],"url":"https:\/\/lesminis.fr\/blog\/author\/lesminis\/"}]}},"_links":{"self":[{"href":"https:\/\/lesminis.fr\/blog\/wp-json\/wp\/v2\/posts\/5239","targetHints":{"allow":["GET"]}}],"collection":[{"href":"https:\/\/lesminis.fr\/blog\/wp-json\/wp\/v2\/posts"}],"about":[{"href":"https:\/\/lesminis.fr\/blog\/wp-json\/wp\/v2\/types\/post"}],"author":[{"embeddable":true,"href":"https:\/\/lesminis.fr\/blog\/wp-json\/wp\/v2\/users\/1"}],"replies":[{"embeddable":true,"href":"https:\/\/lesminis.fr\/blog\/wp-json\/wp\/v2\/comments?post=5239"}],"version-history":[{"count":2,"href":"https:\/\/lesminis.fr\/blog\/wp-json\/wp\/v2\/posts\/5239\/revisions"}],"predecessor-version":[{"id":5246,"href":"https:\/\/lesminis.fr\/blog\/wp-json\/wp\/v2\/posts\/5239\/revisions\/5246"}],"wp:featuredmedia":[{"embeddable":true,"href":"https:\/\/lesminis.fr\/blog\/wp-json\/wp\/v2\/media\/5242"}],"wp:attachment":[{"href":"https:\/\/lesminis.fr\/blog\/wp-json\/wp\/v2\/media?parent=5239"}],"wp:term":[{"taxonomy":"category","embeddable":true,"href":"https:\/\/lesminis.fr\/blog\/wp-json\/wp\/v2\/categories?post=5239"},{"taxonomy":"post_tag","embeddable":true,"href":"https:\/\/lesminis.fr\/blog\/wp-json\/wp\/v2\/tags?post=5239"}],"curies":[{"name":"wp","href":"https:\/\/api.w.org\/{rel}","templated":true}]}}