{"id":5226,"date":"2025-08-02T08:34:19","date_gmt":"2025-08-02T07:34:19","guid":{"rendered":"https:\/\/lesminis.fr\/blog\/?p=5226"},"modified":"2025-07-30T14:53:28","modified_gmt":"2025-07-30T13:53:28","slug":"des-idees-simples-pour-travailler-la-discrimination-visuelle-et-le-reperage-dans-lespace","status":"publish","type":"post","link":"https:\/\/lesminis.fr\/blog\/des-idees-simples-pour-travailler-la-discrimination-visuelle-et-le-reperage-dans-lespace\/","title":{"rendered":"Des id\u00e9es simples pour travailler la discrimination visuelle et le rep\u00e9rage dans l\u2019espace"},"content":{"rendered":"<p>Avant de lire, d\u2019\u00e9crire ou de jouer au foot, un enfant doit <em>voir<\/em> les petits d\u00e9tails, comparer des formes, sentir o\u00f9 est la gauche ou la droite\u202f: c\u2019est tout l\u2019enjeu de la discrimination visuelle et du rep\u00e9rage spatial. Avec quelques jeux bien choisis et beaucoup de \u00ab\u202fcherche\u2011et\u2011trouve\u202f\u00bb, on progresse vite, m\u00eame en maternelle\u202f!<\/p>\n<div id=\"ez-toc-container\" class=\"ez-toc-v2_0_78 counter-hierarchy ez-toc-counter ez-toc-grey ez-toc-container-direction\">\n<div class=\"ez-toc-title-container\">\n<p class=\"ez-toc-title\" style=\"cursor:inherit\">Table of Contents<\/p>\n<span class=\"ez-toc-title-toggle\"><a href=\"#\" class=\"ez-toc-pull-right ez-toc-btn ez-toc-btn-xs ez-toc-btn-default ez-toc-toggle\" aria-label=\"Toggle Table of Content\"><span class=\"ez-toc-js-icon-con\"><span class=\"\"><span class=\"eztoc-hide\" style=\"display:none;\">Toggle<\/span><span class=\"ez-toc-icon-toggle-span\"><svg style=\"fill: #999;color:#999\" xmlns=\"http:\/\/www.w3.org\/2000\/svg\" class=\"list-377408\" width=\"20px\" height=\"20px\" viewBox=\"0 0 24 24\" fill=\"none\"><path d=\"M6 6H4v2h2V6zm14 0H8v2h12V6zM4 11h2v2H4v-2zm16 0H8v2h12v-2zM4 16h2v2H4v-2zm16 0H8v2h12v-2z\" fill=\"currentColor\"><\/path><\/svg><svg style=\"fill: #999;color:#999\" class=\"arrow-unsorted-368013\" xmlns=\"http:\/\/www.w3.org\/2000\/svg\" width=\"10px\" height=\"10px\" viewBox=\"0 0 24 24\" version=\"1.2\" baseProfile=\"tiny\"><path d=\"M18.2 9.3l-6.2-6.3-6.2 6.3c-.2.2-.3.4-.3.7s.1.5.3.7c.2.2.4.3.7.3h11c.3 0 .5-.1.7-.3.2-.2.3-.5.3-.7s-.1-.5-.3-.7zM5.8 14.7l6.2 6.3 6.2-6.3c.2-.2.3-.5.3-.7s-.1-.5-.3-.7c-.2-.2-.4-.3-.7-.3h-11c-.3 0-.5.1-.7.3-.2.2-.3.5-.3.7s.1.5.3.7z\"\/><\/svg><\/span><\/span><\/span><\/a><\/span><\/div>\n<nav><ul class='ez-toc-list ez-toc-list-level-1 ' ><li class='ez-toc-page-1 ez-toc-heading-level-2'><a class=\"ez-toc-link ez-toc-heading-1\" href=\"https:\/\/lesminis.fr\/blog\/des-idees-simples-pour-travailler-la-discrimination-visuelle-et-le-reperage-dans-lespace\/#1_Discrimination_visuelle_de_quoi_parle%E2%80%91t%E2%80%91on\" >1. Discrimination visuelle\u00a0: de quoi parle\u2011t\u2011on\u00a0?<\/a><\/li><li class='ez-toc-page-1 ez-toc-heading-level-2'><a class=\"ez-toc-link ez-toc-heading-2\" href=\"https:\/\/lesminis.fr\/blog\/des-idees-simples-pour-travailler-la-discrimination-visuelle-et-le-reperage-dans-lespace\/#2_Idees_dactivites_maison_ou_classe\" >2. Id\u00e9es d\u2019activit\u00e9s maison ou classe<\/a><\/li><li class='ez-toc-page-1 ez-toc-heading-level-2'><a class=\"ez-toc-link ez-toc-heading-3\" href=\"https:\/\/lesminis.fr\/blog\/des-idees-simples-pour-travailler-la-discrimination-visuelle-et-le-reperage-dans-lespace\/#3_Jeux_conseilles_selection_LesMinis\" >3. Jeux conseill\u00e9s (s\u00e9lection LesMinis)<\/a><\/li><li class='ez-toc-page-1 ez-toc-heading-level-2'><a class=\"ez-toc-link ez-toc-heading-4\" href=\"https:\/\/lesminis.fr\/blog\/des-idees-simples-pour-travailler-la-discrimination-visuelle-et-le-reperage-dans-lespace\/#4_Astuces_pour_reussir\" >4. Astuces pour r\u00e9ussir<\/a><\/li><li class='ez-toc-page-1 ez-toc-heading-level-2'><a class=\"ez-toc-link ez-toc-heading-5\" href=\"https:\/\/lesminis.fr\/blog\/des-idees-simples-pour-travailler-la-discrimination-visuelle-et-le-reperage-dans-lespace\/#5_Ou_trouver_dautres_ressources%E2%80%AF\" >5. O\u00f9 trouver d\u2019autres ressources\u202f?<\/a><\/li><\/ul><\/nav><\/div>\n<h2><span class=\"ez-toc-section\" id=\"1_Discrimination_visuelle_de_quoi_parle%E2%80%91t%E2%80%91on\"><\/span>1. Discrimination visuelle\u00a0: de quoi parle\u2011t\u2011on\u00a0?<span class=\"ez-toc-section-end\"><\/span><\/h2>\n<p>La discrimination visuelle, c\u2019est la capacit\u00e9 \u00e0 remarquer ce qui change\u00a0: couleur, taille, orientation, forme\u2026 C\u2019est la base pour reconna\u00eetre une lettre, compter des briques ou trier des chaussettes.<\/p>\n<h2><span class=\"ez-toc-section\" id=\"2_Idees_dactivites_maison_ou_classe\"><\/span>2. Id\u00e9es d\u2019activit\u00e9s maison ou classe<span class=\"ez-toc-section-end\"><\/span><\/h2>\n<ul>\n<li><strong>Puzzles silhouettes<\/strong>\u202f: recoller la bonne ombre sous l\u2019animal.<\/li>\n<li><strong>Jeu des 7 diff\u00e9rences<\/strong>\u202f: rep\u00e9rer les petites variantes entre deux images.<\/li>\n<li><strong>Dominos couleur\u2011forme<\/strong>\u202f: associer la bonne tuile sans se tromper de nuance.<\/li>\n<li><strong>Tours de blocs<\/strong>\u202f: reproduire un mod\u00e8le en 2D avec de vraies pi\u00e8ces en bois.<\/li>\n<li><strong>Courses d\u2019orientation mini<\/strong>\u202f: \u00ab\u202fMets le lapin <em>derri\u00e8re<\/em> l\u2019arbre, puis la voiture <em>devant<\/em> la maison\u202f\u00bb.<\/li>\n<\/ul>\n<h2><span class=\"ez-toc-section\" id=\"3_Jeux_conseilles_selection_LesMinis\"><\/span>3. Jeux conseill\u00e9s (s\u00e9lection LesMinis)<span class=\"ez-toc-section-end\"><\/span><\/h2>\n<ul>\n<li><a title=\"Color Battle \u2013 Janod\" href=\"https:\/\/lesminis.fr\/color-battle-janod-j02699\/3580.html\">Color\u202fBattle\u202f\u2013 Jeu de rapidit\u00e9 et discrimination visuelle<\/a>\u00a0: lancer les d\u00e9s, retrouver la carte couleur\/forme le plus vite possible. Id\u00e9al pour aiguiser l\u2019\u0153il et la r\u00e9activit\u00e9.<!-- :contentReference[oaicite:0]{index=0} --><\/li>\n<li><a title=\"Tour de Formes \u2013 Educo\" href=\"https:\/\/lesminis.fr\/tour-formes-discrimination-visuelle-jeu-construction-educo-3003220\/15940.html\">Tour\u202fde\u202fFormes \u2013 Jeu de construction<\/a>\u00a0: suivre une carte mission pour empiler les blocs en respectant forme et taille. Parfait pour passer de l\u2019image plane \u00e0 la 3D.<!-- :contentReference[oaicite:1]{index=1} --><\/li>\n<li><a title=\"Candy \u2013 Beleduc\" href=\"https:\/\/lesminis.fr\/candy-jeu-beleduc-bel-22461\/4714.html\">Candy \u2013 Jeu d\u2019association<\/a>\u00a0: associer le bon bonbon d\u2019apr\u00e8s trois d\u00e9s couleur\u202f; renforce l\u2019attention et le tri visuel.<!-- :contentReference[oaicite:2]{index=2} --><\/li>\n<li><a title=\"Construire Ensemble \u2013 Toys for Life\" href=\"https:\/\/lesminis.fr\/jeu-construire-ensemble-toys-for-life-900000328\/24626.html\">Construire\u202fEnsemble \u2013 Rep\u00e9rage spatial collaboratif<\/a>\u00a0: deux enfants d\u00e9crivent et placent des blocs pour reproduire la m\u00eame sc\u00e8ne. On verbalise \u00ab\u202fdevant, derri\u00e8re, entre\u202f\u00bb.<!-- :contentReference[oaicite:3]{index=3} --><\/li>\n<li><a href=\"https:\/\/lesminis.fr\/activite-apprendre-la-perspective-toys-for-life-900000106-toys-for-life-900000106\/17574.html\">Apprendre la perspective<\/a><!-- :contentReference[oaicite:4]{index=4} --><\/li>\n<\/ul>\n<p><img loading=\"lazy\" decoding=\"async\" class=\"alignnone\" src=\"https:\/\/lesminis.fr\/68357-thickbox_default\/activite-apprendre-la-perspective-toys-for-life-900000106.webp\" alt=\"Apprendre les perspectives, rep\u00e9rage spatial, espace\" width=\"1100\" height=\"1422\" \/><\/p>\n<h2><span class=\"ez-toc-section\" id=\"4_Astuces_pour_reussir\"><\/span>4. Astuces pour r\u00e9ussir<span class=\"ez-toc-section-end\"><\/span><\/h2>\n<ol>\n<li><strong>Du plus gros au plus petit<\/strong>\u00a0: commencez en grand format (tapis, mur magn\u00e9tique), puis passez au format carte.<\/li>\n<li><strong>Multisensoriel<\/strong>\u00a0: bouger les pi\u00e8ces, nommer les actions, mimer les positions.<\/li>\n<li><strong>Un objectif \u00e0 la fois<\/strong>\u00a0: couleur <em>ou<\/em> forme, puis les deux, puis orientation.<\/li>\n<li><strong>5\u202fminutes tous les jours<\/strong>\u00a0: la r\u00e9gularit\u00e9 prime sur la dur\u00e9e.<\/li>\n<\/ol>\n<h2><span class=\"ez-toc-section\" id=\"5_Ou_trouver_dautres_ressources%E2%80%AF\"><\/span>5. O\u00f9 trouver d\u2019autres ressources\u202f?<span class=\"ez-toc-section-end\"><\/span><\/h2>\n<p>Tous les jeux cit\u00e9s et d\u2019autres encore sont regroup\u00e9s dans la cat\u00e9gorie<br \/>\n<a title=\"Jeux Rep\u00e9rage Spatial\" href=\"https:\/\/lesminis.fr\/1091-materiel-pedagogique-mathematiques-reperage-spatial\">\u00ab\u202fRep\u00e9rage spatial\u202f\u00bb<\/a> de la boutique LesMinis. Parcourez\u2011la pour compl\u00e9ter votre panier\u202f!<!-- :contentReference[oaicite:5]{index=5} --><\/p>\n<p><em>Pensez \u00e0 partager vos r\u00e9ussites sur notre page Facebook et Instagram: chaque mois, nous mettons en avant une activit\u00e9 \u00ab\u202fcoup de c\u0153ur\u202f\u00bb. Bon jeu\u202f!<\/em><\/p>\n<blockquote class=\"wp-embedded-content\" data-secret=\"MVluvWNcX7\"><p><a href=\"https:\/\/lesminis.fr\/blog\/discrimination-visuelle-des-fiches-gratuites-pour-accompagner-vos-eleves\/\">Comment am\u00e9liorer la discrimination visuelle \ud83d\udc40 des enfants + fiches gratuites<\/a><\/p><\/blockquote>\n<p><iframe loading=\"lazy\" class=\"wp-embedded-content\" sandbox=\"allow-scripts\" security=\"restricted\" style=\"position: absolute; visibility: hidden;\" title=\"\u00ab\u00a0Comment am\u00e9liorer la discrimination visuelle \ud83d\udc40 des enfants + fiches gratuites\u00a0\u00bb &#8212; LesMinis Le Blog - Mat\u00e9riels \u00e9ducatifs - Figurines p\u00e9dagogiques\" src=\"https:\/\/lesminis.fr\/blog\/discrimination-visuelle-des-fiches-gratuites-pour-accompagner-vos-eleves\/embed\/#?secret=koCQlv2hE3#?secret=MVluvWNcX7\" data-secret=\"MVluvWNcX7\" width=\"600\" height=\"338\" frameborder=\"0\" marginwidth=\"0\" marginheight=\"0\" scrolling=\"no\"><\/iframe><\/p>\n","protected":false},"excerpt":{"rendered":"<p>Un \u0153il de lynx pour mieux lire, \u00e9crire et s\u2019orienter\u202f: 5 id\u00e9es toutes simples + 5 jeux LesMinis pour entra\u00eener la discrimination visuelle et le rep\u00e9rage spatial d\u00e8s la maternelle. Cliquez, testez, progressez\u202f!<\/p>\n","protected":false},"author":1,"featured_media":5227,"comment_status":"open","ping_status":"closed","sticky":false,"template":"","format":"standard","meta":{"_acf_changed":false,"footnotes":""},"categories":[105],"tags":[],"class_list":{"0":"post-5226","1":"post","2":"type-post","3":"status-publish","4":"format-standard","5":"has-post-thumbnail","7":"category-minispedago-predagogie-montessori-activites-developpement"},"acf":[],"yoast_head":"<!-- This site is optimized with the Yoast SEO Premium plugin v27.1 (Yoast SEO v27.1.1) - https:\/\/yoast.com\/product\/yoast-seo-premium-wordpress\/ -->\n<title>Discrimination visuelle &amp; rep\u00e9rage spatial | Activit\u00e9s + jeux LesMinis<\/title>\n<meta name=\"description\" content=\"D\u00e9couvrez 5 activit\u00e9s cl\u00e9s et 5 jeux LesMinis pour booster la discrimination visuelle et le rep\u00e9rage spatial des enfants d\u00e8s la maternelle.\" \/>\n<meta name=\"robots\" content=\"index, follow, max-snippet:-1, max-image-preview:large, max-video-preview:-1\" \/>\n<link rel=\"canonical\" href=\"https:\/\/lesminis.fr\/blog\/des-idees-simples-pour-travailler-la-discrimination-visuelle-et-le-reperage-dans-lespace\/\" \/>\n<meta property=\"og:locale\" content=\"fr_FR\" \/>\n<meta property=\"og:type\" content=\"article\" \/>\n<meta property=\"og:title\" content=\"Des id\u00e9es simples pour travailler la discrimination visuelle et le rep\u00e9rage dans l\u2019espace\" \/>\n<meta property=\"og:description\" content=\"D\u00e9couvrez 5 activit\u00e9s cl\u00e9s et 5 jeux LesMinis pour booster la discrimination visuelle et le rep\u00e9rage spatial des enfants d\u00e8s la maternelle.\" \/>\n<meta property=\"og:url\" content=\"https:\/\/lesminis.fr\/blog\/des-idees-simples-pour-travailler-la-discrimination-visuelle-et-le-reperage-dans-lespace\/\" \/>\n<meta property=\"og:site_name\" content=\"LesMinis Le Blog - Mat\u00e9riels \u00e9ducatifs - Figurines p\u00e9dagogiques\" \/>\n<meta property=\"article:publisher\" content=\"https:\/\/fr-fr.facebook.com\/LesMinis.fr\/\" \/>\n<meta property=\"article:author\" content=\"https:\/\/www.facebook.com\/LesMinis.fr\/\" \/>\n<meta property=\"article:published_time\" content=\"2025-08-02T07:34:19+00:00\" \/>\n<meta property=\"og:image\" content=\"https:\/\/lesminis.fr\/blog\/wp-content\/uploads\/2025\/07\/jeu-discrimination-spatiale.jpg\" \/>\n\t<meta property=\"og:image:width\" content=\"667\" \/>\n\t<meta property=\"og:image:height\" content=\"667\" \/>\n\t<meta property=\"og:image:type\" content=\"image\/jpeg\" \/>\n<meta name=\"author\" content=\"LesMinis\" \/>\n<meta name=\"twitter:label1\" content=\"\u00c9crit par\" \/>\n\t<meta name=\"twitter:data1\" content=\"LesMinis\" \/>\n\t<meta name=\"twitter:label2\" content=\"Dur\u00e9e de lecture estim\u00e9e\" \/>\n\t<meta name=\"twitter:data2\" content=\"3 minutes\" \/>\n<script type=\"application\/ld+json\" class=\"yoast-schema-graph\">{\"@context\":\"https:\/\/schema.org\",\"@graph\":[{\"@type\":[\"Article\",\"BlogPosting\"],\"@id\":\"https:\/\/lesminis.fr\/blog\/des-idees-simples-pour-travailler-la-discrimination-visuelle-et-le-reperage-dans-lespace\/#article\",\"isPartOf\":{\"@id\":\"https:\/\/lesminis.fr\/blog\/des-idees-simples-pour-travailler-la-discrimination-visuelle-et-le-reperage-dans-lespace\/\"},\"author\":{\"name\":\"LesMinis\",\"@id\":\"https:\/\/lesminis.fr\/blog\/#\/schema\/person\/4a1be8c8c70a7d945af71674957cf83e\"},\"headline\":\"Des id\u00e9es simples pour travailler la discrimination visuelle et le rep\u00e9rage dans l\u2019espace\",\"datePublished\":\"2025-08-02T07:34:19+00:00\",\"mainEntityOfPage\":{\"@id\":\"https:\/\/lesminis.fr\/blog\/des-idees-simples-pour-travailler-la-discrimination-visuelle-et-le-reperage-dans-lespace\/\"},\"wordCount\":429,\"commentCount\":0,\"publisher\":{\"@id\":\"https:\/\/lesminis.fr\/blog\/#organization\"},\"image\":{\"@id\":\"https:\/\/lesminis.fr\/blog\/des-idees-simples-pour-travailler-la-discrimination-visuelle-et-le-reperage-dans-lespace\/#primaryimage\"},\"thumbnailUrl\":\"https:\/\/lesminis.fr\/blog\/wp-content\/uploads\/2025\/07\/jeu-discrimination-spatiale.jpg\",\"articleSection\":[\"MinisPedago \u2014 Montessori, p\u00e9dagogies alternatives &amp; d\u00e9veloppement de l\u2019enfant\"],\"inLanguage\":\"fr-FR\",\"potentialAction\":[{\"@type\":\"CommentAction\",\"name\":\"Comment\",\"target\":[\"https:\/\/lesminis.fr\/blog\/des-idees-simples-pour-travailler-la-discrimination-visuelle-et-le-reperage-dans-lespace\/#respond\"]}]},{\"@type\":\"WebPage\",\"@id\":\"https:\/\/lesminis.fr\/blog\/des-idees-simples-pour-travailler-la-discrimination-visuelle-et-le-reperage-dans-lespace\/\",\"url\":\"https:\/\/lesminis.fr\/blog\/des-idees-simples-pour-travailler-la-discrimination-visuelle-et-le-reperage-dans-lespace\/\",\"name\":\"Discrimination visuelle & rep\u00e9rage spatial | Activit\u00e9s + jeux LesMinis\",\"isPartOf\":{\"@id\":\"https:\/\/lesminis.fr\/blog\/#website\"},\"primaryImageOfPage\":{\"@id\":\"https:\/\/lesminis.fr\/blog\/des-idees-simples-pour-travailler-la-discrimination-visuelle-et-le-reperage-dans-lespace\/#primaryimage\"},\"image\":{\"@id\":\"https:\/\/lesminis.fr\/blog\/des-idees-simples-pour-travailler-la-discrimination-visuelle-et-le-reperage-dans-lespace\/#primaryimage\"},\"thumbnailUrl\":\"https:\/\/lesminis.fr\/blog\/wp-content\/uploads\/2025\/07\/jeu-discrimination-spatiale.jpg\",\"datePublished\":\"2025-08-02T07:34:19+00:00\",\"description\":\"D\u00e9couvrez 5 activit\u00e9s cl\u00e9s et 5 jeux LesMinis pour booster la discrimination visuelle et le rep\u00e9rage spatial des enfants d\u00e8s la maternelle.\",\"breadcrumb\":{\"@id\":\"https:\/\/lesminis.fr\/blog\/des-idees-simples-pour-travailler-la-discrimination-visuelle-et-le-reperage-dans-lespace\/#breadcrumb\"},\"inLanguage\":\"fr-FR\",\"potentialAction\":[{\"@type\":\"ReadAction\",\"target\":[\"https:\/\/lesminis.fr\/blog\/des-idees-simples-pour-travailler-la-discrimination-visuelle-et-le-reperage-dans-lespace\/\"]}]},{\"@type\":\"ImageObject\",\"inLanguage\":\"fr-FR\",\"@id\":\"https:\/\/lesminis.fr\/blog\/des-idees-simples-pour-travailler-la-discrimination-visuelle-et-le-reperage-dans-lespace\/#primaryimage\",\"url\":\"https:\/\/lesminis.fr\/blog\/wp-content\/uploads\/2025\/07\/jeu-discrimination-spatiale.jpg\",\"contentUrl\":\"https:\/\/lesminis.fr\/blog\/wp-content\/uploads\/2025\/07\/jeu-discrimination-spatiale.jpg\",\"width\":667,\"height\":667,\"caption\":\"Discrimination visuelle & rep\u00e9rage spatial | Activit\u00e9s + jeux LesMinis\"},{\"@type\":\"BreadcrumbList\",\"@id\":\"https:\/\/lesminis.fr\/blog\/des-idees-simples-pour-travailler-la-discrimination-visuelle-et-le-reperage-dans-lespace\/#breadcrumb\",\"itemListElement\":[{\"@type\":\"ListItem\",\"position\":1,\"name\":\"Accueil\",\"item\":\"https:\/\/lesminis.fr\/blog\/\"},{\"@type\":\"ListItem\",\"position\":2,\"name\":\"Des id\u00e9es simples pour travailler la discrimination visuelle et le rep\u00e9rage dans l\u2019espace\"}]},{\"@type\":\"WebSite\",\"@id\":\"https:\/\/lesminis.fr\/blog\/#website\",\"url\":\"https:\/\/lesminis.fr\/blog\/\",\"name\":\"LesMinis Le Blog - Mat\u00e9riels \u00e9ducatifs - Figurines p\u00e9dagogiques\",\"description\":\"D\u00e9couvrez notre actualit\u00e9, figurines, mat\u00e9riel \u00e9ducatif, activit\u00e9s Montessori\",\"publisher\":{\"@id\":\"https:\/\/lesminis.fr\/blog\/#organization\"},\"potentialAction\":[{\"@type\":\"SearchAction\",\"target\":{\"@type\":\"EntryPoint\",\"urlTemplate\":\"https:\/\/lesminis.fr\/blog\/?s={search_term_string}\"},\"query-input\":{\"@type\":\"PropertyValueSpecification\",\"valueRequired\":true,\"valueName\":\"search_term_string\"}}],\"inLanguage\":\"fr-FR\"},{\"@type\":\"Organization\",\"@id\":\"https:\/\/lesminis.fr\/blog\/#organization\",\"name\":\"LesMinis - Sp\u00e9cialiste mat\u00e9riel p\u00e9dagogiques - Figurines \u00e9ducatives - Mat\u00e9riel Montessori\",\"url\":\"https:\/\/lesminis.fr\/blog\/\",\"logo\":{\"@type\":\"ImageObject\",\"inLanguage\":\"fr-FR\",\"@id\":\"https:\/\/lesminis.fr\/blog\/#\/schema\/logo\/image\/\",\"url\":\"https:\/\/lesminis.fr\/blog\/wp-content\/uploads\/2023\/03\/nouveau-logo-lesminis.png\",\"contentUrl\":\"https:\/\/lesminis.fr\/blog\/wp-content\/uploads\/2023\/03\/nouveau-logo-lesminis.png\",\"width\":500,\"height\":175,\"caption\":\"LesMinis - Sp\u00e9cialiste mat\u00e9riel p\u00e9dagogiques - Figurines \u00e9ducatives - Mat\u00e9riel Montessori\"},\"image\":{\"@id\":\"https:\/\/lesminis.fr\/blog\/#\/schema\/logo\/image\/\"},\"sameAs\":[\"https:\/\/fr-fr.facebook.com\/LesMinis.fr\/\",\"https:\/\/www.instagram.com\/lesminis.fr\/\",\"https:\/\/www.tiktok.com\/@lesminis.fr\",\"https:\/\/www.pinterest.fr\/lesminisfr\/\"]},{\"@type\":\"Person\",\"@id\":\"https:\/\/lesminis.fr\/blog\/#\/schema\/person\/4a1be8c8c70a7d945af71674957cf83e\",\"name\":\"LesMinis\",\"image\":{\"@type\":\"ImageObject\",\"inLanguage\":\"fr-FR\",\"@id\":\"https:\/\/lesminis.fr\/blog\/#\/schema\/person\/image\/\",\"url\":\"https:\/\/secure.gravatar.com\/avatar\/288cd93d352b3465f2bd0701b1f2bb059b68dc3a70c4fda061bad8e6c9f8d865?s=96&d=blank&r=g\",\"contentUrl\":\"https:\/\/secure.gravatar.com\/avatar\/288cd93d352b3465f2bd0701b1f2bb059b68dc3a70c4fda061bad8e6c9f8d865?s=96&d=blank&r=g\",\"caption\":\"LesMinis\"},\"sameAs\":[\"https:\/\/lesminis.fr\/blog\",\"https:\/\/www.facebook.com\/LesMinis.fr\/\",\"https:\/\/www.instagram.com\/lesminis.fr\/\",\"https:\/\/www.pinterest.fr\/lesminisfr\/\"],\"url\":\"https:\/\/lesminis.fr\/blog\/author\/lesminis\/\"}]}<\/script>\n<!-- \/ Yoast SEO Premium plugin. -->","yoast_head_json":{"title":"Discrimination visuelle & rep\u00e9rage spatial | Activit\u00e9s + jeux LesMinis","description":"D\u00e9couvrez 5 activit\u00e9s cl\u00e9s et 5 jeux LesMinis pour booster la discrimination visuelle et le rep\u00e9rage spatial des enfants d\u00e8s la maternelle.","robots":{"index":"index","follow":"follow","max-snippet":"max-snippet:-1","max-image-preview":"max-image-preview:large","max-video-preview":"max-video-preview:-1"},"canonical":"https:\/\/lesminis.fr\/blog\/des-idees-simples-pour-travailler-la-discrimination-visuelle-et-le-reperage-dans-lespace\/","og_locale":"fr_FR","og_type":"article","og_title":"Des id\u00e9es simples pour travailler la discrimination visuelle et le rep\u00e9rage dans l\u2019espace","og_description":"D\u00e9couvrez 5 activit\u00e9s cl\u00e9s et 5 jeux LesMinis pour booster la discrimination visuelle et le rep\u00e9rage spatial des enfants d\u00e8s la maternelle.","og_url":"https:\/\/lesminis.fr\/blog\/des-idees-simples-pour-travailler-la-discrimination-visuelle-et-le-reperage-dans-lespace\/","og_site_name":"LesMinis Le Blog - Mat\u00e9riels \u00e9ducatifs - Figurines p\u00e9dagogiques","article_publisher":"https:\/\/fr-fr.facebook.com\/LesMinis.fr\/","article_author":"https:\/\/www.facebook.com\/LesMinis.fr\/","article_published_time":"2025-08-02T07:34:19+00:00","og_image":[{"width":667,"height":667,"url":"https:\/\/lesminis.fr\/blog\/wp-content\/uploads\/2025\/07\/jeu-discrimination-spatiale.jpg","type":"image\/jpeg"}],"author":"LesMinis","twitter_misc":{"\u00c9crit par":"LesMinis","Dur\u00e9e de lecture estim\u00e9e":"3 minutes"},"schema":{"@context":"https:\/\/schema.org","@graph":[{"@type":["Article","BlogPosting"],"@id":"https:\/\/lesminis.fr\/blog\/des-idees-simples-pour-travailler-la-discrimination-visuelle-et-le-reperage-dans-lespace\/#article","isPartOf":{"@id":"https:\/\/lesminis.fr\/blog\/des-idees-simples-pour-travailler-la-discrimination-visuelle-et-le-reperage-dans-lespace\/"},"author":{"name":"LesMinis","@id":"https:\/\/lesminis.fr\/blog\/#\/schema\/person\/4a1be8c8c70a7d945af71674957cf83e"},"headline":"Des id\u00e9es simples pour travailler la discrimination visuelle et le rep\u00e9rage dans l\u2019espace","datePublished":"2025-08-02T07:34:19+00:00","mainEntityOfPage":{"@id":"https:\/\/lesminis.fr\/blog\/des-idees-simples-pour-travailler-la-discrimination-visuelle-et-le-reperage-dans-lespace\/"},"wordCount":429,"commentCount":0,"publisher":{"@id":"https:\/\/lesminis.fr\/blog\/#organization"},"image":{"@id":"https:\/\/lesminis.fr\/blog\/des-idees-simples-pour-travailler-la-discrimination-visuelle-et-le-reperage-dans-lespace\/#primaryimage"},"thumbnailUrl":"https:\/\/lesminis.fr\/blog\/wp-content\/uploads\/2025\/07\/jeu-discrimination-spatiale.jpg","articleSection":["MinisPedago \u2014 Montessori, p\u00e9dagogies alternatives &amp; d\u00e9veloppement de l\u2019enfant"],"inLanguage":"fr-FR","potentialAction":[{"@type":"CommentAction","name":"Comment","target":["https:\/\/lesminis.fr\/blog\/des-idees-simples-pour-travailler-la-discrimination-visuelle-et-le-reperage-dans-lespace\/#respond"]}]},{"@type":"WebPage","@id":"https:\/\/lesminis.fr\/blog\/des-idees-simples-pour-travailler-la-discrimination-visuelle-et-le-reperage-dans-lespace\/","url":"https:\/\/lesminis.fr\/blog\/des-idees-simples-pour-travailler-la-discrimination-visuelle-et-le-reperage-dans-lespace\/","name":"Discrimination visuelle & rep\u00e9rage spatial | Activit\u00e9s + jeux LesMinis","isPartOf":{"@id":"https:\/\/lesminis.fr\/blog\/#website"},"primaryImageOfPage":{"@id":"https:\/\/lesminis.fr\/blog\/des-idees-simples-pour-travailler-la-discrimination-visuelle-et-le-reperage-dans-lespace\/#primaryimage"},"image":{"@id":"https:\/\/lesminis.fr\/blog\/des-idees-simples-pour-travailler-la-discrimination-visuelle-et-le-reperage-dans-lespace\/#primaryimage"},"thumbnailUrl":"https:\/\/lesminis.fr\/blog\/wp-content\/uploads\/2025\/07\/jeu-discrimination-spatiale.jpg","datePublished":"2025-08-02T07:34:19+00:00","description":"D\u00e9couvrez 5 activit\u00e9s cl\u00e9s et 5 jeux LesMinis pour booster la discrimination visuelle et le rep\u00e9rage spatial des enfants d\u00e8s la maternelle.","breadcrumb":{"@id":"https:\/\/lesminis.fr\/blog\/des-idees-simples-pour-travailler-la-discrimination-visuelle-et-le-reperage-dans-lespace\/#breadcrumb"},"inLanguage":"fr-FR","potentialAction":[{"@type":"ReadAction","target":["https:\/\/lesminis.fr\/blog\/des-idees-simples-pour-travailler-la-discrimination-visuelle-et-le-reperage-dans-lespace\/"]}]},{"@type":"ImageObject","inLanguage":"fr-FR","@id":"https:\/\/lesminis.fr\/blog\/des-idees-simples-pour-travailler-la-discrimination-visuelle-et-le-reperage-dans-lespace\/#primaryimage","url":"https:\/\/lesminis.fr\/blog\/wp-content\/uploads\/2025\/07\/jeu-discrimination-spatiale.jpg","contentUrl":"https:\/\/lesminis.fr\/blog\/wp-content\/uploads\/2025\/07\/jeu-discrimination-spatiale.jpg","width":667,"height":667,"caption":"Discrimination visuelle & rep\u00e9rage spatial | Activit\u00e9s + jeux LesMinis"},{"@type":"BreadcrumbList","@id":"https:\/\/lesminis.fr\/blog\/des-idees-simples-pour-travailler-la-discrimination-visuelle-et-le-reperage-dans-lespace\/#breadcrumb","itemListElement":[{"@type":"ListItem","position":1,"name":"Accueil","item":"https:\/\/lesminis.fr\/blog\/"},{"@type":"ListItem","position":2,"name":"Des id\u00e9es simples pour travailler la discrimination visuelle et le rep\u00e9rage dans l\u2019espace"}]},{"@type":"WebSite","@id":"https:\/\/lesminis.fr\/blog\/#website","url":"https:\/\/lesminis.fr\/blog\/","name":"LesMinis Le Blog - Mat\u00e9riels \u00e9ducatifs - Figurines p\u00e9dagogiques","description":"D\u00e9couvrez notre actualit\u00e9, figurines, mat\u00e9riel \u00e9ducatif, activit\u00e9s Montessori","publisher":{"@id":"https:\/\/lesminis.fr\/blog\/#organization"},"potentialAction":[{"@type":"SearchAction","target":{"@type":"EntryPoint","urlTemplate":"https:\/\/lesminis.fr\/blog\/?s={search_term_string}"},"query-input":{"@type":"PropertyValueSpecification","valueRequired":true,"valueName":"search_term_string"}}],"inLanguage":"fr-FR"},{"@type":"Organization","@id":"https:\/\/lesminis.fr\/blog\/#organization","name":"LesMinis - Sp\u00e9cialiste mat\u00e9riel p\u00e9dagogiques - Figurines \u00e9ducatives - Mat\u00e9riel Montessori","url":"https:\/\/lesminis.fr\/blog\/","logo":{"@type":"ImageObject","inLanguage":"fr-FR","@id":"https:\/\/lesminis.fr\/blog\/#\/schema\/logo\/image\/","url":"https:\/\/lesminis.fr\/blog\/wp-content\/uploads\/2023\/03\/nouveau-logo-lesminis.png","contentUrl":"https:\/\/lesminis.fr\/blog\/wp-content\/uploads\/2023\/03\/nouveau-logo-lesminis.png","width":500,"height":175,"caption":"LesMinis - Sp\u00e9cialiste mat\u00e9riel p\u00e9dagogiques - Figurines \u00e9ducatives - Mat\u00e9riel Montessori"},"image":{"@id":"https:\/\/lesminis.fr\/blog\/#\/schema\/logo\/image\/"},"sameAs":["https:\/\/fr-fr.facebook.com\/LesMinis.fr\/","https:\/\/www.instagram.com\/lesminis.fr\/","https:\/\/www.tiktok.com\/@lesminis.fr","https:\/\/www.pinterest.fr\/lesminisfr\/"]},{"@type":"Person","@id":"https:\/\/lesminis.fr\/blog\/#\/schema\/person\/4a1be8c8c70a7d945af71674957cf83e","name":"LesMinis","image":{"@type":"ImageObject","inLanguage":"fr-FR","@id":"https:\/\/lesminis.fr\/blog\/#\/schema\/person\/image\/","url":"https:\/\/secure.gravatar.com\/avatar\/288cd93d352b3465f2bd0701b1f2bb059b68dc3a70c4fda061bad8e6c9f8d865?s=96&d=blank&r=g","contentUrl":"https:\/\/secure.gravatar.com\/avatar\/288cd93d352b3465f2bd0701b1f2bb059b68dc3a70c4fda061bad8e6c9f8d865?s=96&d=blank&r=g","caption":"LesMinis"},"sameAs":["https:\/\/lesminis.fr\/blog","https:\/\/www.facebook.com\/LesMinis.fr\/","https:\/\/www.instagram.com\/lesminis.fr\/","https:\/\/www.pinterest.fr\/lesminisfr\/"],"url":"https:\/\/lesminis.fr\/blog\/author\/lesminis\/"}]}},"_links":{"self":[{"href":"https:\/\/lesminis.fr\/blog\/wp-json\/wp\/v2\/posts\/5226","targetHints":{"allow":["GET"]}}],"collection":[{"href":"https:\/\/lesminis.fr\/blog\/wp-json\/wp\/v2\/posts"}],"about":[{"href":"https:\/\/lesminis.fr\/blog\/wp-json\/wp\/v2\/types\/post"}],"author":[{"embeddable":true,"href":"https:\/\/lesminis.fr\/blog\/wp-json\/wp\/v2\/users\/1"}],"replies":[{"embeddable":true,"href":"https:\/\/lesminis.fr\/blog\/wp-json\/wp\/v2\/comments?post=5226"}],"version-history":[{"count":3,"href":"https:\/\/lesminis.fr\/blog\/wp-json\/wp\/v2\/posts\/5226\/revisions"}],"predecessor-version":[{"id":5230,"href":"https:\/\/lesminis.fr\/blog\/wp-json\/wp\/v2\/posts\/5226\/revisions\/5230"}],"wp:featuredmedia":[{"embeddable":true,"href":"https:\/\/lesminis.fr\/blog\/wp-json\/wp\/v2\/media\/5227"}],"wp:attachment":[{"href":"https:\/\/lesminis.fr\/blog\/wp-json\/wp\/v2\/media?parent=5226"}],"wp:term":[{"taxonomy":"category","embeddable":true,"href":"https:\/\/lesminis.fr\/blog\/wp-json\/wp\/v2\/categories?post=5226"},{"taxonomy":"post_tag","embeddable":true,"href":"https:\/\/lesminis.fr\/blog\/wp-json\/wp\/v2\/tags?post=5226"}],"curies":[{"name":"wp","href":"https:\/\/api.w.org\/{rel}","templated":true}]}}