{"id":4988,"date":"2025-06-03T11:31:35","date_gmt":"2025-06-03T10:31:35","guid":{"rendered":"https:\/\/lesminis.fr\/blog\/?p=4988"},"modified":"2025-06-01T12:16:57","modified_gmt":"2025-06-01T11:16:57","slug":"predateurs-savane-africaine-chasseurs","status":"publish","type":"post","link":"https:\/\/lesminis.fr\/blog\/predateurs-savane-africaine-chasseurs\/","title":{"rendered":"Les 8 Pr\u00e9dateurs les Plus Redoutables de la Savane Africaine"},"content":{"rendered":"<p>Dans l&rsquo;immensit\u00e9 dor\u00e9e de la savane africaine, une guerre silencieuse se joue chaque jour. Les <strong>pr\u00e9dateurs de la savane<\/strong> ont d\u00e9velopp\u00e9 au fil des mill\u00e9naires des strat\u00e9gies de chasse si sophistiqu\u00e9es qu&rsquo;elles d\u00e9fient l&rsquo;imagination. De la force brute du lion \u00e0 la vitesse fulgurante du gu\u00e9pard, d\u00e9couvrez ces huit chasseurs d&rsquo;exception qui r\u00e8gnent sur les plaines africaines.<\/p>\n<div id=\"ez-toc-container\" class=\"ez-toc-v2_0_78 counter-hierarchy ez-toc-counter ez-toc-grey ez-toc-container-direction\">\n<div class=\"ez-toc-title-container\">\n<p class=\"ez-toc-title\" style=\"cursor:inherit\">Table of Contents<\/p>\n<span class=\"ez-toc-title-toggle\"><a href=\"#\" class=\"ez-toc-pull-right ez-toc-btn ez-toc-btn-xs ez-toc-btn-default ez-toc-toggle\" aria-label=\"Toggle Table of Content\"><span class=\"ez-toc-js-icon-con\"><span class=\"\"><span class=\"eztoc-hide\" style=\"display:none;\">Toggle<\/span><span class=\"ez-toc-icon-toggle-span\"><svg style=\"fill: #999;color:#999\" xmlns=\"http:\/\/www.w3.org\/2000\/svg\" class=\"list-377408\" width=\"20px\" height=\"20px\" viewBox=\"0 0 24 24\" fill=\"none\"><path d=\"M6 6H4v2h2V6zm14 0H8v2h12V6zM4 11h2v2H4v-2zm16 0H8v2h12v-2zM4 16h2v2H4v-2zm16 0H8v2h12v-2z\" fill=\"currentColor\"><\/path><\/svg><svg style=\"fill: #999;color:#999\" class=\"arrow-unsorted-368013\" xmlns=\"http:\/\/www.w3.org\/2000\/svg\" width=\"10px\" height=\"10px\" viewBox=\"0 0 24 24\" version=\"1.2\" baseProfile=\"tiny\"><path d=\"M18.2 9.3l-6.2-6.3-6.2 6.3c-.2.2-.3.4-.3.7s.1.5.3.7c.2.2.4.3.7.3h11c.3 0 .5-.1.7-.3.2-.2.3-.5.3-.7s-.1-.5-.3-.7zM5.8 14.7l6.2 6.3 6.2-6.3c.2-.2.3-.5.3-.7s-.1-.5-.3-.7c-.2-.2-.4-.3-.7-.3h-11c-.3 0-.5.1-.7.3-.2.2-.3.5-.3.7s.1.5.3.7z\"\/><\/svg><\/span><\/span><\/span><\/a><\/span><\/div>\n<nav><ul class='ez-toc-list ez-toc-list-level-1 ' ><li class='ez-toc-page-1 ez-toc-heading-level-2'><a class=\"ez-toc-link ez-toc-heading-1\" href=\"https:\/\/lesminis.fr\/blog\/predateurs-savane-africaine-chasseurs\/#1_Le_Lion_Stratege_Supreme_des_Plaines\" >1. Le Lion : Strat\u00e8ge Supr\u00eame des Plaines<\/a><ul class='ez-toc-list-level-3' ><li class='ez-toc-heading-level-3'><a class=\"ez-toc-link ez-toc-heading-2\" href=\"https:\/\/lesminis.fr\/blog\/predateurs-savane-africaine-chasseurs\/#La_Royaute_par_la_Cooperation\" >La Royaut\u00e9 par la Coop\u00e9ration<\/a><\/li><\/ul><\/li><li class='ez-toc-page-1 ez-toc-heading-level-2'><a class=\"ez-toc-link ez-toc-heading-3\" href=\"https:\/\/lesminis.fr\/blog\/predateurs-savane-africaine-chasseurs\/#2_Le_Guepard_Missile_Biologique_de_la_Savane\" >2. Le Gu\u00e9pard : Missile Biologique de la Savane<\/a><ul class='ez-toc-list-level-3' ><li class='ez-toc-heading-level-3'><a class=\"ez-toc-link ez-toc-heading-4\" href=\"https:\/\/lesminis.fr\/blog\/predateurs-savane-africaine-chasseurs\/#LArt_de_la_Vitesse_Pure\" >L&rsquo;Art de la Vitesse Pure<\/a><\/li><\/ul><\/li><li class='ez-toc-page-1 ez-toc-heading-level-2'><a class=\"ez-toc-link ez-toc-heading-5\" href=\"https:\/\/lesminis.fr\/blog\/predateurs-savane-africaine-chasseurs\/#3_Le_Leopard_Fantome_Tachete_des_Ombres\" >3. Le L\u00e9opard : Fant\u00f4me Tachet\u00e9 des Ombres<\/a><ul class='ez-toc-list-level-3' ><li class='ez-toc-heading-level-3'><a class=\"ez-toc-link ez-toc-heading-6\" href=\"https:\/\/lesminis.fr\/blog\/predateurs-savane-africaine-chasseurs\/#Maitre_de_la_Discretion_Nocturne\" >Ma\u00eetre de la Discr\u00e9tion Nocturne<\/a><\/li><\/ul><\/li><li class='ez-toc-page-1 ez-toc-heading-level-2'><a class=\"ez-toc-link ez-toc-heading-7\" href=\"https:\/\/lesminis.fr\/blog\/predateurs-savane-africaine-chasseurs\/#4_La_Hyene_Tachetee_Ingenieur_Social_de_la_Savane\" >4. La Hy\u00e8ne Tachet\u00e9e : Ing\u00e9nieur Social de la Savane<\/a><ul class='ez-toc-list-level-3' ><li class='ez-toc-heading-level-3'><a class=\"ez-toc-link ez-toc-heading-8\" href=\"https:\/\/lesminis.fr\/blog\/predateurs-savane-africaine-chasseurs\/#Intelligence_Collective_Redoutable\" >Intelligence Collective Redoutable<\/a><\/li><\/ul><\/li><li class='ez-toc-page-1 ez-toc-heading-level-2'><a class=\"ez-toc-link ez-toc-heading-9\" href=\"https:\/\/lesminis.fr\/blog\/predateurs-savane-africaine-chasseurs\/#5_Le_Lycaon_Coureur_dEndurance_par_Excellence\" >5. Le Lycaon : Coureur d&rsquo;Endurance par Excellence<\/a><ul class='ez-toc-list-level-3' ><li class='ez-toc-heading-level-3'><a class=\"ez-toc-link ez-toc-heading-10\" href=\"https:\/\/lesminis.fr\/blog\/predateurs-savane-africaine-chasseurs\/#La_Meute_Infatigable\" >La Meute Infatigable<\/a><\/li><\/ul><\/li><li class='ez-toc-page-1 ez-toc-heading-level-2'><a class=\"ez-toc-link ez-toc-heading-11\" href=\"https:\/\/lesminis.fr\/blog\/predateurs-savane-africaine-chasseurs\/#6_Le_Caracal_Acrobate_Aerien_des_Hautes_Herbes\" >6. Le Caracal : Acrobate A\u00e9rien des Hautes Herbes<\/a><ul class='ez-toc-list-level-3' ><li class='ez-toc-heading-level-3'><a class=\"ez-toc-link ez-toc-heading-12\" href=\"https:\/\/lesminis.fr\/blog\/predateurs-savane-africaine-chasseurs\/#Specialiste_des_Bonds_Spectaculaires\" >Sp\u00e9cialiste des Bonds Spectaculaires<\/a><\/li><\/ul><\/li><li class='ez-toc-page-1 ez-toc-heading-level-2'><a class=\"ez-toc-link ez-toc-heading-13\" href=\"https:\/\/lesminis.fr\/blog\/predateurs-savane-africaine-chasseurs\/#7_Le_Serval_Radar_Vivant_des_Zones_Humides\" >7. Le Serval : Radar Vivant des Zones Humides<\/a><ul class='ez-toc-list-level-3' ><li class='ez-toc-heading-level-3'><a class=\"ez-toc-link ez-toc-heading-14\" href=\"https:\/\/lesminis.fr\/blog\/predateurs-savane-africaine-chasseurs\/#LOuie_Surdeveloppee\" >L&rsquo;Ou\u00efe Surd\u00e9velopp\u00e9e<\/a><\/li><\/ul><\/li><li class='ez-toc-page-1 ez-toc-heading-level-2'><a class=\"ez-toc-link ez-toc-heading-15\" href=\"https:\/\/lesminis.fr\/blog\/predateurs-savane-africaine-chasseurs\/#8_Le_Crocodile_du_Nil_Embuscade_Aquatique_Mortelle\" >8. Le Crocodile du Nil : Embuscade Aquatique Mortelle<\/a><ul class='ez-toc-list-level-3' ><li class='ez-toc-heading-level-3'><a class=\"ez-toc-link ez-toc-heading-16\" href=\"https:\/\/lesminis.fr\/blog\/predateurs-savane-africaine-chasseurs\/#Patience_Predatrice_Ancestrale\" >Patience Pr\u00e9datrice Ancestrale<\/a><\/li><\/ul><\/li><li class='ez-toc-page-1 ez-toc-heading-level-2'><a class=\"ez-toc-link ez-toc-heading-17\" href=\"https:\/\/lesminis.fr\/blog\/predateurs-savane-africaine-chasseurs\/#Hierarchie_et_Coexistence_des_Predateurs\" >Hi\u00e9rarchie et Coexistence des Pr\u00e9dateurs<\/a><ul class='ez-toc-list-level-3' ><li class='ez-toc-heading-level-3'><a class=\"ez-toc-link ez-toc-heading-18\" href=\"https:\/\/lesminis.fr\/blog\/predateurs-savane-africaine-chasseurs\/#LEquilibre_Delicat_de_la_Savane\" >L&rsquo;\u00c9quilibre D\u00e9licat de la Savane<\/a><\/li><\/ul><\/li><li class='ez-toc-page-1 ez-toc-heading-level-2'><a class=\"ez-toc-link ez-toc-heading-19\" href=\"https:\/\/lesminis.fr\/blog\/predateurs-savane-africaine-chasseurs\/#Adaptations_Extraordinaires_Face_aux_Defis\" >Adaptations Extraordinaires Face aux D\u00e9fis<\/a><ul class='ez-toc-list-level-3' ><li class='ez-toc-heading-level-3'><a class=\"ez-toc-link ez-toc-heading-20\" href=\"https:\/\/lesminis.fr\/blog\/predateurs-savane-africaine-chasseurs\/#Innovation_Evolutive_Continue\" >Innovation \u00c9volutive Continue<\/a><\/li><\/ul><\/li><li class='ez-toc-page-1 ez-toc-heading-level-2'><a class=\"ez-toc-link ez-toc-heading-21\" href=\"https:\/\/lesminis.fr\/blog\/predateurs-savane-africaine-chasseurs\/#LAvenir_des_Predateurs_de_la_Savane\" >L&rsquo;Avenir des Pr\u00e9dateurs de la Savane<\/a><ul class='ez-toc-list-level-3' ><li class='ez-toc-heading-level-3'><a class=\"ez-toc-link ez-toc-heading-22\" href=\"https:\/\/lesminis.fr\/blog\/predateurs-savane-africaine-chasseurs\/#Defis_Contemporains\" >D\u00e9fis Contemporains<\/a><\/li><li class='ez-toc-page-1 ez-toc-heading-level-3'><a class=\"ez-toc-link ez-toc-heading-23\" href=\"https:\/\/lesminis.fr\/blog\/predateurs-savane-africaine-chasseurs\/#A_decouvrir\" >\u00c0 d\u00e9couvrir:<\/a><\/li><\/ul><\/li><\/ul><\/nav><\/div>\n<h2 class=\"text-xl font-bold text-text-100 mt-1 -mb-0.5\"><span class=\"ez-toc-section\" id=\"1_Le_Lion_Stratege_Supreme_des_Plaines\"><\/span>1. Le Lion : Strat\u00e8ge Supr\u00eame des Plaines<span class=\"ez-toc-section-end\"><\/span><\/h2>\n<p><img loading=\"lazy\" decoding=\"async\" class=\"alignnone size-large wp-image-4993\" src=\"https:\/\/lesminis.fr\/blog\/wp-content\/uploads\/2025\/06\/lion-1024x1024.jpg\" alt=\"Groupe de lionnes coordonnant une chasse collective dans la savane africaine - Strat\u00e9gie de pr\u00e9dateur apex\" width=\"696\" height=\"696\" srcset=\"https:\/\/lesminis.fr\/blog\/wp-content\/uploads\/2025\/06\/lion-1024x1024.jpg 1024w, https:\/\/lesminis.fr\/blog\/wp-content\/uploads\/2025\/06\/lion-300x300.jpg 300w, https:\/\/lesminis.fr\/blog\/wp-content\/uploads\/2025\/06\/lion-150x150.jpg 150w, https:\/\/lesminis.fr\/blog\/wp-content\/uploads\/2025\/06\/lion-768x768.jpg 768w, https:\/\/lesminis.fr\/blog\/wp-content\/uploads\/2025\/06\/lion-420x420.jpg 420w, https:\/\/lesminis.fr\/blog\/wp-content\/uploads\/2025\/06\/lion-696x696.jpg 696w, https:\/\/lesminis.fr\/blog\/wp-content\/uploads\/2025\/06\/lion-1068x1068.jpg 1068w, https:\/\/lesminis.fr\/blog\/wp-content\/uploads\/2025\/06\/lion.jpg 1080w\" sizes=\"auto, (max-width: 696px) 100vw, 696px\" \/><\/p>\n<h3 class=\"text-lg font-bold text-text-100 mt-1 -mb-1.5\"><span class=\"ez-toc-section\" id=\"La_Royaute_par_la_Cooperation\"><\/span>La Royaut\u00e9 par la Coop\u00e9ration<span class=\"ez-toc-section-end\"><\/span><\/h3>\n<p class=\"whitespace-normal break-words\">Contrairement aux id\u00e9es re\u00e7ues, les <strong>lions savane<\/strong> ne chassent pas en solitaire. Ces f\u00e9lins ont d\u00e9velopp\u00e9 la strat\u00e9gie de chasse collective la plus \u00e9labor\u00e9e du continent africain. Les lionnes, v\u00e9ritables architectes de la traque, coordonnent leurs mouvements avec une pr\u00e9cision militaire.<\/p>\n<p class=\"whitespace-normal break-words\"><strong>Strat\u00e9gie de chasse :<\/strong><\/p>\n<ul class=\"[&amp;:not(:last-child)_ul]:pb-1 [&amp;:not(:last-child)_ol]:pb-1 list-disc space-y-1.5 pl-7\">\n<li class=\"whitespace-normal break-words\"><strong>Encerclement tactique<\/strong> : Les lionnes se positionnent en arc de cercle<\/li>\n<li class=\"whitespace-normal break-words\"><strong>Rabattage coordonn\u00e9<\/strong> : Une ou deux lionnes poussent la proie vers le pi\u00e8ge<\/li>\n<li class=\"whitespace-normal break-words\"><strong>Attaque simultan\u00e9e<\/strong> : L&rsquo;assaut final mobilise toute la troupe<\/li>\n<\/ul>\n<p class=\"whitespace-normal break-words\">Cette organisation sociale unique permet aux lions de s&rsquo;attaquer aux plus gros herbivores de la savane, incluant buffles et m\u00eame jeunes \u00e9l\u00e9phants. Leur taux de r\u00e9ussite atteint 30% lors des chasses collectives, un score remarquable pour des pr\u00e9dateurs de cette taille.<\/p>\n<h2 class=\"text-xl font-bold text-text-100 mt-1 -mb-0.5\"><span class=\"ez-toc-section\" id=\"2_Le_Guepard_Missile_Biologique_de_la_Savane\"><\/span>2. Le Gu\u00e9pard : Missile Biologique de la Savane<span class=\"ez-toc-section-end\"><\/span><\/h2>\n<p><img loading=\"lazy\" decoding=\"async\" class=\"alignnone size-large wp-image-4991\" src=\"https:\/\/lesminis.fr\/blog\/wp-content\/uploads\/2025\/06\/Guepard-1024x1024.jpg\" alt=\"Gu\u00e9pard en pleine course atteignant 110 km\/h lors d'une chasse dans la savane - Pr\u00e9dateur le plus rapide du monde\" width=\"696\" height=\"696\" srcset=\"https:\/\/lesminis.fr\/blog\/wp-content\/uploads\/2025\/06\/Guepard-1024x1024.jpg 1024w, https:\/\/lesminis.fr\/blog\/wp-content\/uploads\/2025\/06\/Guepard-300x300.jpg 300w, https:\/\/lesminis.fr\/blog\/wp-content\/uploads\/2025\/06\/Guepard-150x150.jpg 150w, https:\/\/lesminis.fr\/blog\/wp-content\/uploads\/2025\/06\/Guepard-768x768.jpg 768w, https:\/\/lesminis.fr\/blog\/wp-content\/uploads\/2025\/06\/Guepard-420x420.jpg 420w, https:\/\/lesminis.fr\/blog\/wp-content\/uploads\/2025\/06\/Guepard-696x696.jpg 696w, https:\/\/lesminis.fr\/blog\/wp-content\/uploads\/2025\/06\/Guepard-1068x1068.jpg 1068w, https:\/\/lesminis.fr\/blog\/wp-content\/uploads\/2025\/06\/Guepard.jpg 1080w\" sizes=\"auto, (max-width: 696px) 100vw, 696px\" \/><\/p>\n<h3 class=\"text-lg font-bold text-text-100 mt-1 -mb-1.5\"><span class=\"ez-toc-section\" id=\"LArt_de_la_Vitesse_Pure\"><\/span>L&rsquo;Art de la Vitesse Pure<span class=\"ez-toc-section-end\"><\/span><\/h3>\n<p class=\"whitespace-normal break-words\">Les <strong>gu\u00e9pards chasse<\/strong> repr\u00e9sentent l&rsquo;\u00e9volution pouss\u00e9e \u00e0 son paroxysme. Capable d&rsquo;atteindre 110 km\/h en moins de 3 secondes, ce f\u00e9lin incarne la sp\u00e9cialisation extr\u00eame dans la course de vitesse.<\/p>\n<p class=\"whitespace-normal break-words\"><strong>Adaptations morphologiques uniques :<\/strong><\/p>\n<ul class=\"[&amp;:not(:last-child)_ul]:pb-1 [&amp;:not(:last-child)_ol]:pb-1 list-disc space-y-1.5 pl-7\">\n<li class=\"whitespace-normal break-words\"><strong>Griffes semi-r\u00e9tractiles<\/strong> pour l&rsquo;adh\u00e9rence maximale<\/li>\n<li class=\"whitespace-normal break-words\"><strong>Colonne vert\u00e9brale ultra-flexible<\/strong> permettant des foul\u00e9es de 8 m\u00e8tres<\/li>\n<li class=\"whitespace-normal break-words\"><strong>Cage thoracique \u00e9largie<\/strong> pour une oxyg\u00e9nation optimale<\/li>\n<li class=\"whitespace-normal break-words\"><strong>Queue-gouvernail<\/strong> assurant l&rsquo;\u00e9quilibre dans les virages<\/li>\n<\/ul>\n<p class=\"whitespace-normal break-words\">Cependant, cette sp\u00e9cialisation a un prix : \u00e9puis\u00e9 apr\u00e8s 400 m\u00e8tres de course, le gu\u00e9pard doit r\u00e9cup\u00e9rer 30 minutes avant de pouvoir recommencer. Cette vuln\u00e9rabilit\u00e9 explique pourquoi il \u00e9vite soigneusement les autres pr\u00e9dateurs de la savane.<\/p>\n<h2 class=\"text-xl font-bold text-text-100 mt-1 -mb-0.5\"><span class=\"ez-toc-section\" id=\"3_Le_Leopard_Fantome_Tachete_des_Ombres\"><\/span>3. Le L\u00e9opard : Fant\u00f4me Tachet\u00e9 des Ombres<span class=\"ez-toc-section-end\"><\/span><\/h2>\n<p><img loading=\"lazy\" decoding=\"async\" class=\"alignnone size-large wp-image-4994\" src=\"https:\/\/lesminis.fr\/blog\/wp-content\/uploads\/2025\/06\/Leopard-1024x1024.jpg\" alt=\"L\u00e9opard nocturne camoufl\u00e9 dans un arbre avec sa proie - Technique de chasse furtive des pr\u00e9dateurs solitaires\" width=\"696\" height=\"696\" srcset=\"https:\/\/lesminis.fr\/blog\/wp-content\/uploads\/2025\/06\/Leopard-1024x1024.jpg 1024w, https:\/\/lesminis.fr\/blog\/wp-content\/uploads\/2025\/06\/Leopard-300x300.jpg 300w, https:\/\/lesminis.fr\/blog\/wp-content\/uploads\/2025\/06\/Leopard-150x150.jpg 150w, https:\/\/lesminis.fr\/blog\/wp-content\/uploads\/2025\/06\/Leopard-768x768.jpg 768w, https:\/\/lesminis.fr\/blog\/wp-content\/uploads\/2025\/06\/Leopard-420x420.jpg 420w, https:\/\/lesminis.fr\/blog\/wp-content\/uploads\/2025\/06\/Leopard-696x696.jpg 696w, https:\/\/lesminis.fr\/blog\/wp-content\/uploads\/2025\/06\/Leopard-1068x1068.jpg 1068w, https:\/\/lesminis.fr\/blog\/wp-content\/uploads\/2025\/06\/Leopard.jpg 1080w\" sizes=\"auto, (max-width: 696px) 100vw, 696px\" \/><\/p>\n<h3 class=\"text-lg font-bold text-text-100 mt-1 -mb-1.5\"><span class=\"ez-toc-section\" id=\"Maitre_de_la_Discretion_Nocturne\"><\/span>Ma\u00eetre de la Discr\u00e9tion Nocturne<span class=\"ez-toc-section-end\"><\/span><\/h3>\n<p class=\"whitespace-normal break-words\">Parmi tous les pr\u00e9dateurs de la savane, les <strong>l\u00e9opards nocturnes<\/strong> excellent dans l&rsquo;art de l&rsquo;invisibilit\u00e9. Leurs techniques de chasse solitaire en font des adversaires redoutables, m\u00eame pour des proies deux fois plus lourdes qu&rsquo;eux.<\/p>\n<p class=\"whitespace-normal break-words\"><strong>Techniques de chasse nocturne :<\/strong><\/p>\n<ul class=\"[&amp;:not(:last-child)_ul]:pb-1 [&amp;:not(:last-child)_ol]:pb-1 list-disc space-y-1.5 pl-7\">\n<li class=\"whitespace-normal break-words\"><strong>Approche furtive<\/strong> : Progression silencieuse pendant des heures<\/li>\n<li class=\"whitespace-normal break-words\"><strong>Bonds verticaux<\/strong> : Capacit\u00e9 de sauter jusqu&rsquo;\u00e0 3 m\u00e8tres de hauteur<\/li>\n<li class=\"whitespace-normal break-words\"><strong>Mise \u00e0 mort rapide<\/strong> : Morsure \u00e0 la nuque sectionnant la moelle \u00e9pini\u00e8re<\/li>\n<li class=\"whitespace-normal break-words\"><strong>Hissage en hauteur<\/strong> : Transport de la proie dans les arbres pour \u00e9viter le vol<\/li>\n<\/ul>\n<p class=\"whitespace-normal break-words\">Cette strat\u00e9gie permet au l\u00e9opard de conserver ses prises, contrairement aux autres f\u00e9lins qui voient souvent leurs captures d\u00e9rob\u00e9es par des charognards plus nombreux.<\/p>\n<h2 class=\"text-xl font-bold text-text-100 mt-1 -mb-0.5\"><span class=\"ez-toc-section\" id=\"4_La_Hyene_Tachetee_Ingenieur_Social_de_la_Savane\"><\/span>4. La Hy\u00e8ne Tachet\u00e9e : Ing\u00e9nieur Social de la Savane<span class=\"ez-toc-section-end\"><\/span><\/h2>\n<p><img loading=\"lazy\" decoding=\"async\" class=\"alignnone size-large wp-image-4992\" src=\"https:\/\/lesminis.fr\/blog\/wp-content\/uploads\/2025\/06\/hyene-1024x1024.jpg\" alt=\"Clan de hy\u00e8nes tachet\u00e9es chassant en groupe coordonn\u00e9 dans la savane africaine - Pr\u00e9dateurs sociaux intelligents\" width=\"696\" height=\"696\" srcset=\"https:\/\/lesminis.fr\/blog\/wp-content\/uploads\/2025\/06\/hyene-1024x1024.jpg 1024w, https:\/\/lesminis.fr\/blog\/wp-content\/uploads\/2025\/06\/hyene-300x300.jpg 300w, https:\/\/lesminis.fr\/blog\/wp-content\/uploads\/2025\/06\/hyene-150x150.jpg 150w, https:\/\/lesminis.fr\/blog\/wp-content\/uploads\/2025\/06\/hyene-768x768.jpg 768w, https:\/\/lesminis.fr\/blog\/wp-content\/uploads\/2025\/06\/hyene-420x420.jpg 420w, https:\/\/lesminis.fr\/blog\/wp-content\/uploads\/2025\/06\/hyene-696x696.jpg 696w, https:\/\/lesminis.fr\/blog\/wp-content\/uploads\/2025\/06\/hyene-1068x1068.jpg 1068w, https:\/\/lesminis.fr\/blog\/wp-content\/uploads\/2025\/06\/hyene.jpg 1080w\" sizes=\"auto, (max-width: 696px) 100vw, 696px\" \/><\/p>\n<h3 class=\"text-lg font-bold text-text-100 mt-1 -mb-1.5\"><span class=\"ez-toc-section\" id=\"Intelligence_Collective_Redoutable\"><\/span>Intelligence Collective Redoutable<span class=\"ez-toc-section-end\"><\/span><\/h3>\n<p class=\"whitespace-normal break-words\">Longtemps sous-estim\u00e9e, la hy\u00e8ne tachet\u00e9e poss\u00e8de l&rsquo;une des organisations sociales les plus complexes parmi les pr\u00e9dateurs de la savane. Dirig\u00e9es par des femelles dominantes, les clans peuvent compter jusqu&rsquo;\u00e0 90 individus.<\/p>\n<p class=\"whitespace-normal break-words\"><strong>Avantages de la vie en clan :<\/strong><\/p>\n<ul class=\"[&amp;:not(:last-child)_ul]:pb-1 [&amp;:not(:last-child)_ol]:pb-1 list-disc space-y-1.5 pl-7\">\n<li class=\"whitespace-normal break-words\"><strong>Chasse coordonn\u00e9e<\/strong> sur de tr\u00e8s longues distances<\/li>\n<li class=\"whitespace-normal break-words\"><strong>Force de morsure record<\/strong> : 1100 PSI, capable de broyer les os<\/li>\n<li class=\"whitespace-normal break-words\"><strong>Communication sophistiqu\u00e9e<\/strong> : Plus de 11 vocalisations diff\u00e9rentes<\/li>\n<li class=\"whitespace-normal break-words\"><strong>M\u00e9moire collective<\/strong> : Transmission des techniques de chasse<\/li>\n<\/ul>\n<p class=\"whitespace-normal break-words\">Avec un taux de r\u00e9ussite \u00e0 la chasse de 74%, les hy\u00e8nes surpassent tous les autres pr\u00e9dateurs de la savane en efficacit\u00e9.<\/p>\n<h2 class=\"text-xl font-bold text-text-100 mt-1 -mb-0.5\"><span class=\"ez-toc-section\" id=\"5_Le_Lycaon_Coureur_dEndurance_par_Excellence\"><\/span>5. Le Lycaon : Coureur d&rsquo;Endurance par Excellence<span class=\"ez-toc-section-end\"><\/span><\/h2>\n<p><img loading=\"lazy\" decoding=\"async\" class=\"alignnone size-large wp-image-4995\" src=\"https:\/\/lesminis.fr\/blog\/wp-content\/uploads\/2025\/06\/lycaon-1024x1024.jpg\" alt=\"Meute de lycaons poursuivant une gazelle en formation de chasse \u00e0 l'endurance - Chiens sauvages africains\" width=\"696\" height=\"696\" srcset=\"https:\/\/lesminis.fr\/blog\/wp-content\/uploads\/2025\/06\/lycaon-1024x1024.jpg 1024w, https:\/\/lesminis.fr\/blog\/wp-content\/uploads\/2025\/06\/lycaon-300x300.jpg 300w, https:\/\/lesminis.fr\/blog\/wp-content\/uploads\/2025\/06\/lycaon-150x150.jpg 150w, https:\/\/lesminis.fr\/blog\/wp-content\/uploads\/2025\/06\/lycaon-768x768.jpg 768w, https:\/\/lesminis.fr\/blog\/wp-content\/uploads\/2025\/06\/lycaon-420x420.jpg 420w, https:\/\/lesminis.fr\/blog\/wp-content\/uploads\/2025\/06\/lycaon-696x696.jpg 696w, https:\/\/lesminis.fr\/blog\/wp-content\/uploads\/2025\/06\/lycaon-1068x1068.jpg 1068w, https:\/\/lesminis.fr\/blog\/wp-content\/uploads\/2025\/06\/lycaon.jpg 1080w\" sizes=\"auto, (max-width: 696px) 100vw, 696px\" \/><\/p>\n<h3 class=\"text-lg font-bold text-text-100 mt-1 -mb-1.5\"><span class=\"ez-toc-section\" id=\"La_Meute_Infatigable\"><\/span>La Meute Infatigable<span class=\"ez-toc-section-end\"><\/span><\/h3>\n<p class=\"whitespace-normal break-words\">Le lycaon, ou chien sauvage africain, a d\u00e9velopp\u00e9 la strat\u00e9gie de chasse \u00e0 l&rsquo;endurance la plus aboutie de la savane. Ces canid\u00e9s peuvent maintenir une vitesse de 60 km\/h sur plusieurs kilom\u00e8tres.<\/p>\n<p class=\"whitespace-normal break-words\"><strong>Technique de chasse \u00e0 relais :<\/strong><\/p>\n<ul class=\"[&amp;:not(:last-child)_ul]:pb-1 [&amp;:not(:last-child)_ol]:pb-1 list-disc space-y-1.5 pl-7\">\n<li class=\"whitespace-normal break-words\"><strong>Poursuite continue<\/strong> sans interruption<\/li>\n<li class=\"whitespace-normal break-words\"><strong>Rotation des meneurs<\/strong> pour maintenir la pression<\/li>\n<li class=\"whitespace-normal break-words\"><strong>Coordination parfaite<\/strong> par signaux visuels et sonores<\/li>\n<li class=\"whitespace-normal break-words\"><strong>\u00c9puisement progressif<\/strong> de la proie<\/li>\n<\/ul>\n<p class=\"whitespace-normal break-words\">Cette m\u00e9thode leur conf\u00e8re le taux de r\u00e9ussite le plus \u00e9lev\u00e9 : 85% des chasses aboutissent \u00e0 une capture.<\/p>\n<h2 class=\"text-xl font-bold text-text-100 mt-1 -mb-0.5\"><span class=\"ez-toc-section\" id=\"6_Le_Caracal_Acrobate_Aerien_des_Hautes_Herbes\"><\/span>6. Le Caracal : Acrobate A\u00e9rien des Hautes Herbes<span class=\"ez-toc-section-end\"><\/span><\/h2>\n<p><img loading=\"lazy\" decoding=\"async\" class=\"alignnone size-large wp-image-4989\" src=\"https:\/\/lesminis.fr\/blog\/wp-content\/uploads\/2025\/06\/Caracal-1024x1024.jpg\" alt=\"Caracal bondissant pour capturer un oiseau en vol - Pr\u00e9dateur acrobate de la savane aux oreilles caract\u00e9ristiques\" width=\"696\" height=\"696\" srcset=\"https:\/\/lesminis.fr\/blog\/wp-content\/uploads\/2025\/06\/Caracal-1024x1024.jpg 1024w, https:\/\/lesminis.fr\/blog\/wp-content\/uploads\/2025\/06\/Caracal-300x300.jpg 300w, https:\/\/lesminis.fr\/blog\/wp-content\/uploads\/2025\/06\/Caracal-150x150.jpg 150w, https:\/\/lesminis.fr\/blog\/wp-content\/uploads\/2025\/06\/Caracal-768x768.jpg 768w, https:\/\/lesminis.fr\/blog\/wp-content\/uploads\/2025\/06\/Caracal-420x420.jpg 420w, https:\/\/lesminis.fr\/blog\/wp-content\/uploads\/2025\/06\/Caracal-696x696.jpg 696w, https:\/\/lesminis.fr\/blog\/wp-content\/uploads\/2025\/06\/Caracal-1068x1068.jpg 1068w, https:\/\/lesminis.fr\/blog\/wp-content\/uploads\/2025\/06\/Caracal.jpg 1080w\" sizes=\"auto, (max-width: 696px) 100vw, 696px\" \/><\/p>\n<h3 class=\"text-lg font-bold text-text-100 mt-1 -mb-1.5\"><span class=\"ez-toc-section\" id=\"Specialiste_des_Bonds_Spectaculaires\"><\/span>Sp\u00e9cialiste des Bonds Spectaculaires<span class=\"ez-toc-section-end\"><\/span><\/h3>\n<p class=\"whitespace-normal break-words\">Moins connu que ses cousins f\u00e9lins, le caracal compense sa taille modeste par des capacit\u00e9s athl\u00e9tiques exceptionnelles. Ce pr\u00e9dateur de la savane peut bondir \u00e0 3 m\u00e8tres de hauteur pour capturer des oiseaux en vol.<\/p>\n<p class=\"whitespace-normal break-words\"><strong>Adaptations sp\u00e9cialis\u00e9es :<\/strong><\/p>\n<ul class=\"[&amp;:not(:last-child)_ul]:pb-1 [&amp;:not(:last-child)_ol]:pb-1 list-disc space-y-1.5 pl-7\">\n<li class=\"whitespace-normal break-words\"><strong>Muscles des pattes arri\u00e8re surd\u00e9velopp\u00e9s<\/strong><\/li>\n<li class=\"whitespace-normal break-words\"><strong>Oreilles pivotantes<\/strong> pour une localisation sonore pr\u00e9cise<\/li>\n<li class=\"whitespace-normal break-words\"><strong>R\u00e9flexes ultrarapides<\/strong> : temps de r\u00e9action de 0,1 seconde<\/li>\n<\/ul>\n<h2 class=\"text-xl font-bold text-text-100 mt-1 -mb-0.5\"><span class=\"ez-toc-section\" id=\"7_Le_Serval_Radar_Vivant_des_Zones_Humides\"><\/span>7. Le Serval : Radar Vivant des Zones Humides<span class=\"ez-toc-section-end\"><\/span><\/h2>\n<p><img loading=\"lazy\" decoding=\"async\" class=\"alignnone size-large wp-image-4997\" src=\"https:\/\/lesminis.fr\/blog\/wp-content\/uploads\/2025\/06\/Serval-1024x1024.jpg\" alt=\"Serval aux longues pattes et grandes oreilles chassant dans les herbes hautes de la savane africaine\" width=\"696\" height=\"696\" srcset=\"https:\/\/lesminis.fr\/blog\/wp-content\/uploads\/2025\/06\/Serval-1024x1024.jpg 1024w, https:\/\/lesminis.fr\/blog\/wp-content\/uploads\/2025\/06\/Serval-300x300.jpg 300w, https:\/\/lesminis.fr\/blog\/wp-content\/uploads\/2025\/06\/Serval-150x150.jpg 150w, https:\/\/lesminis.fr\/blog\/wp-content\/uploads\/2025\/06\/Serval-768x768.jpg 768w, https:\/\/lesminis.fr\/blog\/wp-content\/uploads\/2025\/06\/Serval-420x420.jpg 420w, https:\/\/lesminis.fr\/blog\/wp-content\/uploads\/2025\/06\/Serval-696x696.jpg 696w, https:\/\/lesminis.fr\/blog\/wp-content\/uploads\/2025\/06\/Serval-1068x1068.jpg 1068w, https:\/\/lesminis.fr\/blog\/wp-content\/uploads\/2025\/06\/Serval.jpg 1080w\" sizes=\"auto, (max-width: 696px) 100vw, 696px\" \/><\/p>\n<h3 class=\"text-lg font-bold text-text-100 mt-1 -mb-1.5\"><span class=\"ez-toc-section\" id=\"LOuie_Surdeveloppee\"><\/span>L&rsquo;Ou\u00efe Surd\u00e9velopp\u00e9e<span class=\"ez-toc-section-end\"><\/span><\/h3>\n<p class=\"whitespace-normal break-words\">Dans les zones mar\u00e9cageuses de la savane, le serval r\u00e8gne en ma\u00eetre gr\u00e2ce \u00e0 son ou\u00efe exceptionnelle. Ses oreilles disproportionn\u00e9es lui permettent de d\u00e9tecter des rongeurs sous 20 cm de v\u00e9g\u00e9tation.<\/p>\n<p class=\"whitespace-normal break-words\"><strong>Technique de chasse unique :<\/strong><\/p>\n<ul class=\"[&amp;:not(:last-child)_ul]:pb-1 [&amp;:not(:last-child)_ol]:pb-1 list-disc space-y-1.5 pl-7\">\n<li class=\"whitespace-normal break-words\"><strong>Localisation auditive<\/strong> pr\u00e9cise de la proie<\/li>\n<li class=\"whitespace-normal break-words\"><strong>Bond vertical<\/strong> de 2,5 m\u00e8tres<\/li>\n<li class=\"whitespace-normal break-words\"><strong>Frappe chirurgicale<\/strong> avec les pattes avant<\/li>\n<\/ul>\n<h2 class=\"text-xl font-bold text-text-100 mt-1 -mb-0.5\"><span class=\"ez-toc-section\" id=\"8_Le_Crocodile_du_Nil_Embuscade_Aquatique_Mortelle\"><\/span>8. Le Crocodile du Nil : Embuscade Aquatique Mortelle<span class=\"ez-toc-section-end\"><\/span><\/h2>\n<p><img loading=\"lazy\" decoding=\"async\" class=\"alignnone size-large wp-image-4990\" src=\"https:\/\/lesminis.fr\/blog\/wp-content\/uploads\/2025\/06\/Crocodile-du-Nil-1024x1024.jpg\" alt=\"Crocodile du Nil en embuscade pr\u00e8s d'un point d'eau de la savane - Pr\u00e9dateur aquatique ancestral\" width=\"696\" height=\"696\" srcset=\"https:\/\/lesminis.fr\/blog\/wp-content\/uploads\/2025\/06\/Crocodile-du-Nil-1024x1024.jpg 1024w, https:\/\/lesminis.fr\/blog\/wp-content\/uploads\/2025\/06\/Crocodile-du-Nil-300x300.jpg 300w, https:\/\/lesminis.fr\/blog\/wp-content\/uploads\/2025\/06\/Crocodile-du-Nil-150x150.jpg 150w, https:\/\/lesminis.fr\/blog\/wp-content\/uploads\/2025\/06\/Crocodile-du-Nil-768x768.jpg 768w, https:\/\/lesminis.fr\/blog\/wp-content\/uploads\/2025\/06\/Crocodile-du-Nil-420x420.jpg 420w, https:\/\/lesminis.fr\/blog\/wp-content\/uploads\/2025\/06\/Crocodile-du-Nil-696x696.jpg 696w, https:\/\/lesminis.fr\/blog\/wp-content\/uploads\/2025\/06\/Crocodile-du-Nil-1068x1068.jpg 1068w, https:\/\/lesminis.fr\/blog\/wp-content\/uploads\/2025\/06\/Crocodile-du-Nil.jpg 1080w\" sizes=\"auto, (max-width: 696px) 100vw, 696px\" \/><\/p>\n<h3 class=\"text-lg font-bold text-text-100 mt-1 -mb-1.5\"><span class=\"ez-toc-section\" id=\"Patience_Predatrice_Ancestrale\"><\/span>Patience Pr\u00e9datrice Ancestrale<span class=\"ez-toc-section-end\"><\/span><\/h3>\n<p class=\"whitespace-normal break-words\">Aux points d&rsquo;eau de la savane, le crocodile du Nil incarne la patience absolue. Ces reptiles peuvent rester immobiles pendant des heures, attendant le moment parfait pour frapper.<\/p>\n<p class=\"whitespace-normal break-words\"><strong>Strat\u00e9gie d&#8217;embuscade :<\/strong><\/p>\n<ul class=\"[&amp;:not(:last-child)_ul]:pb-1 [&amp;:not(:last-child)_ol]:pb-1 list-disc space-y-1.5 pl-7\">\n<li class=\"whitespace-normal break-words\"><strong>Camouflage parfait<\/strong> \u00e0 la surface de l&rsquo;eau<\/li>\n<li class=\"whitespace-normal break-words\"><strong>Attaque explosive<\/strong> : acc\u00e9l\u00e9ration de 0 \u00e0 40 km\/h instantan\u00e9ment<\/li>\n<li class=\"whitespace-normal break-words\"><strong>Rouleau de la mort<\/strong> pour d\u00e9soriente la proie<\/li>\n<li class=\"whitespace-normal break-words\"><strong>M\u00e2choires lock<\/strong> : pression de 2000 PSI<\/li>\n<\/ul>\n<h2 class=\"text-xl font-bold text-text-100 mt-1 -mb-0.5\"><span class=\"ez-toc-section\" id=\"Hierarchie_et_Coexistence_des_Predateurs\"><\/span>Hi\u00e9rarchie et Coexistence des Pr\u00e9dateurs<span class=\"ez-toc-section-end\"><\/span><\/h2>\n<h3 class=\"text-lg font-bold text-text-100 mt-1 -mb-1.5\"><span class=\"ez-toc-section\" id=\"LEquilibre_Delicat_de_la_Savane\"><\/span>L&rsquo;\u00c9quilibre D\u00e9licat de la Savane<span class=\"ez-toc-section-end\"><\/span><\/h3>\n<p class=\"whitespace-normal break-words\">La coexistence de ces huit pr\u00e9dateurs de la savane repose sur une r\u00e9partition subtile des niches \u00e9cologiques :<\/p>\n<p class=\"whitespace-normal break-words\"><strong>Hi\u00e9rarchie de dominance :<\/strong><\/p>\n<ol class=\"[&amp;:not(:last-child)_ul]:pb-1 [&amp;:not(:last-child)_ol]:pb-1 list-decimal space-y-1.5 pl-7\">\n<li class=\"whitespace-normal break-words\"><strong>Lions<\/strong> : Apex pr\u00e9dateurs diurnes<\/li>\n<li class=\"whitespace-normal break-words\"><strong>Hy\u00e8nes<\/strong> : Dominantes la nuit en groupe<\/li>\n<li class=\"whitespace-normal break-words\"><strong>L\u00e9opards<\/strong> : Solitaires adaptables<\/li>\n<li class=\"whitespace-normal break-words\"><strong>Lycaons<\/strong> : Coursiers sp\u00e9cialis\u00e9s<\/li>\n<li class=\"whitespace-normal break-words\"><strong>Crocodiles<\/strong> : Ma\u00eetres des points d&rsquo;eau<\/li>\n<li class=\"whitespace-normal break-words\"><strong>Gu\u00e9pards<\/strong> : Sprinters vuln\u00e9rables<\/li>\n<li class=\"whitespace-normal break-words\"><strong>Caracals<\/strong> : Chasseurs opportunistes<\/li>\n<li class=\"whitespace-normal break-words\"><strong>Servals<\/strong> : Sp\u00e9cialistes des zones humides<\/li>\n<\/ol>\n<p class=\"whitespace-normal break-words\">Cette organisation permet d&rsquo;\u00e9viter la concurrence directe et maintient l&rsquo;\u00e9quilibre \u00e9cologique fragile de la savane africaine.<\/p>\n<h2 class=\"text-xl font-bold text-text-100 mt-1 -mb-0.5\"><span class=\"ez-toc-section\" id=\"Adaptations_Extraordinaires_Face_aux_Defis\"><\/span>Adaptations Extraordinaires Face aux D\u00e9fis<span class=\"ez-toc-section-end\"><\/span><\/h2>\n<h3 class=\"text-lg font-bold text-text-100 mt-1 -mb-1.5\"><span class=\"ez-toc-section\" id=\"Innovation_Evolutive_Continue\"><\/span>Innovation \u00c9volutive Continue<span class=\"ez-toc-section-end\"><\/span><\/h3>\n<p class=\"whitespace-normal break-words\">Chaque pr\u00e9dateur de la savane a d\u00e9velopp\u00e9 des adaptations uniques pour survivre dans cet environnement hostile :<\/p>\n<ul class=\"[&amp;:not(:last-child)_ul]:pb-1 [&amp;:not(:last-child)_ol]:pb-1 list-disc space-y-1.5 pl-7\">\n<li class=\"whitespace-normal break-words\"><strong>R\u00e9sistance \u00e0 la chaleur<\/strong> : Comportements thermor\u00e9gulateurs sophistiqu\u00e9s<\/li>\n<li class=\"whitespace-normal break-words\"><strong>\u00c9conomie d&rsquo;eau<\/strong> : Capacit\u00e9 \u00e0 tirer l&rsquo;eau des proies<\/li>\n<li class=\"whitespace-normal break-words\"><strong>Camouflage adaptatif<\/strong> : Pelages mim\u00e9tiques selon l&rsquo;habitat<\/li>\n<li class=\"whitespace-normal break-words\"><strong>Strat\u00e9gies temporelles<\/strong> : R\u00e9partition des activit\u00e9s selon les heures<\/li>\n<\/ul>\n<h2 class=\"text-xl font-bold text-text-100 mt-1 -mb-0.5\"><span class=\"ez-toc-section\" id=\"LAvenir_des_Predateurs_de_la_Savane\"><\/span>L&rsquo;Avenir des Pr\u00e9dateurs de la Savane<span class=\"ez-toc-section-end\"><\/span><\/h2>\n<h3 class=\"text-lg font-bold text-text-100 mt-1 -mb-1.5\"><span class=\"ez-toc-section\" id=\"Defis_Contemporains\"><\/span>D\u00e9fis Contemporains<span class=\"ez-toc-section-end\"><\/span><\/h3>\n<p class=\"whitespace-normal break-words\">Malgr\u00e9 leur adaptation parfaite, ces pr\u00e9dateurs de la savane font face \u00e0 des d\u00e9fis sans pr\u00e9c\u00e9dent :<\/p>\n<ul class=\"[&amp;:not(:last-child)_ul]:pb-1 [&amp;:not(:last-child)_ol]:pb-1 list-disc space-y-1.5 pl-7\">\n<li class=\"whitespace-normal break-words\"><strong>Fragmentation de l&rsquo;habitat<\/strong> : R\u00e9duction de 70% des territoires en 50 ans<\/li>\n<li class=\"whitespace-normal break-words\"><strong>Diminution des proies<\/strong> : Impact direct sur les populations de pr\u00e9dateurs<\/li>\n<li class=\"whitespace-normal break-words\"><strong>Conflits humain-faune<\/strong> : Pression croissante des activit\u00e9s humaines<\/li>\n<\/ul>\n<p class=\"whitespace-normal break-words\">La pr\u00e9servation de ces huit chasseurs exceptionnels n\u00e9cessite une approche globale de conservation, car leur disparition d\u00e9stabiliserait irr\u00e9m\u00e9diablement l&rsquo;\u00e9cosyst\u00e8me de la savane africaine.<\/p>\n<hr \/>\n<p class=\"whitespace-normal break-words\"><em>La savane africaine continue de nous enseigner que l&rsquo;\u00e9volution ne privil\u00e9gie pas toujours le plus fort, mais le mieux adapt\u00e9. Ces huit pr\u00e9dateurs, chacun ma\u00eetre dans son domaine, illustrent la diversit\u00e9 infinie des strat\u00e9gies d\u00e9velopp\u00e9es par la nature pour survivre et prosp\u00e9rer dans l&rsquo;un des environnements les plus exigeants de notre plan\u00e8te.<\/em><\/p>\n<h3><span class=\"ez-toc-section\" id=\"A_decouvrir\"><\/span>\u00c0 d\u00e9couvrir:<span class=\"ez-toc-section-end\"><\/span><\/h3>\n<p>\ud83e\udd81 <a href=\"https:\/\/lesminis.fr\/blog\/savane-africaine-guide-complet-ecosysteme-faune-flore\/\">Savane Africaine : Guide Complet de l&rsquo;\u00c9cosyst\u00e8me, Faune et Flore<\/a><\/p>\n<p>\ud83d\udc06 <a href=\"https:\/\/lesminis.fr\/720-figurines-felins-sauvages\">Figurines F\u00e9lins Sauvages : Collection R\u00e9aliste des Grands Chasseurs<\/a><\/p>\n","protected":false},"excerpt":{"rendered":"<p>Dans la savane africaine, 8 pr\u00e9dateurs exceptionnels ont d\u00e9velopp\u00e9 des strat\u00e9gies de chasse uniques. Du lion strat\u00e8ge au gu\u00e9pard sprinter, d\u00e9couvrez leurs secrets.<\/p>\n","protected":false},"author":1,"featured_media":4996,"comment_status":"open","ping_status":"closed","sticky":false,"template":"","format":"standard","meta":{"_acf_changed":false,"footnotes":""},"categories":[28],"tags":[531,814,653,1690,763,1586,561],"class_list":{"0":"post-4988","1":"post","2":"type-post","3":"status-publish","4":"format-standard","5":"has-post-thumbnail","7":"category-monde-animal-figurines","8":"tag-animaux-de-la-savane","9":"tag-guepard","10":"tag-leopards","11":"tag-lion","12":"tag-predateur","13":"tag-savane","14":"tag-savane-africaine"},"acf":[],"yoast_head":"<!-- This site is optimized with the Yoast SEO Premium plugin v27.1 (Yoast SEO v27.1.1) - https:\/\/yoast.com\/product\/yoast-seo-premium-wordpress\/ -->\n<title>Les 8 Pr\u00e9dateurs de la Savane Africaine | Guide Complet<\/title>\n<meta name=\"description\" content=\"D\u00e9couvrez les 8 pr\u00e9dateurs les plus redoutables de la savane africaine : lions, gu\u00e9pards, l\u00e9opards. Strat\u00e9gies de chasse et adaptations uniques.\" \/>\n<meta name=\"robots\" content=\"index, follow, max-snippet:-1, max-image-preview:large, max-video-preview:-1\" \/>\n<link rel=\"canonical\" href=\"https:\/\/lesminis.fr\/blog\/predateurs-savane-africaine-chasseurs\/\" \/>\n<meta property=\"og:locale\" content=\"fr_FR\" \/>\n<meta property=\"og:type\" content=\"article\" \/>\n<meta property=\"og:title\" content=\"Les 8 Pr\u00e9dateurs les Plus Redoutables de la Savane Africaine\" \/>\n<meta property=\"og:description\" content=\"D\u00e9couvrez les 8 pr\u00e9dateurs les plus redoutables de la savane africaine : lions, gu\u00e9pards, l\u00e9opards. Strat\u00e9gies de chasse et adaptations uniques.\" \/>\n<meta property=\"og:url\" content=\"https:\/\/lesminis.fr\/blog\/predateurs-savane-africaine-chasseurs\/\" \/>\n<meta property=\"og:site_name\" content=\"LesMinis Le Blog - Mat\u00e9riels \u00e9ducatifs - Figurines p\u00e9dagogiques\" \/>\n<meta property=\"article:publisher\" content=\"https:\/\/fr-fr.facebook.com\/LesMinis.fr\/\" \/>\n<meta property=\"article:author\" content=\"https:\/\/www.facebook.com\/LesMinis.fr\/\" \/>\n<meta property=\"article:published_time\" content=\"2025-06-03T10:31:35+00:00\" \/>\n<meta property=\"og:image\" content=\"https:\/\/lesminis.fr\/blog\/wp-content\/uploads\/2025\/06\/predateurs-de-la-savane.jpg\" \/>\n\t<meta property=\"og:image:width\" content=\"1080\" \/>\n\t<meta property=\"og:image:height\" content=\"1080\" \/>\n\t<meta property=\"og:image:type\" content=\"image\/jpeg\" \/>\n<meta name=\"author\" content=\"LesMinis\" \/>\n<meta name=\"twitter:label1\" content=\"\u00c9crit par\" \/>\n\t<meta name=\"twitter:data1\" content=\"LesMinis\" \/>\n\t<meta name=\"twitter:label2\" content=\"Dur\u00e9e de lecture estim\u00e9e\" \/>\n\t<meta name=\"twitter:data2\" content=\"8 minutes\" \/>\n<script type=\"application\/ld+json\" class=\"yoast-schema-graph\">{\"@context\":\"https:\/\/schema.org\",\"@graph\":[{\"@type\":[\"Article\",\"BlogPosting\"],\"@id\":\"https:\/\/lesminis.fr\/blog\/predateurs-savane-africaine-chasseurs\/#article\",\"isPartOf\":{\"@id\":\"https:\/\/lesminis.fr\/blog\/predateurs-savane-africaine-chasseurs\/\"},\"author\":{\"name\":\"LesMinis\",\"@id\":\"https:\/\/lesminis.fr\/blog\/#\/schema\/person\/4a1be8c8c70a7d945af71674957cf83e\"},\"headline\":\"Les 8 Pr\u00e9dateurs les Plus Redoutables de la Savane Africaine\",\"datePublished\":\"2025-06-03T10:31:35+00:00\",\"mainEntityOfPage\":{\"@id\":\"https:\/\/lesminis.fr\/blog\/predateurs-savane-africaine-chasseurs\/\"},\"wordCount\":1254,\"commentCount\":0,\"publisher\":{\"@id\":\"https:\/\/lesminis.fr\/blog\/#organization\"},\"image\":{\"@id\":\"https:\/\/lesminis.fr\/blog\/predateurs-savane-africaine-chasseurs\/#primaryimage\"},\"thumbnailUrl\":\"https:\/\/lesminis.fr\/blog\/wp-content\/uploads\/2025\/06\/predateurs-de-la-savane.jpg\",\"keywords\":[\"Animaux de la Savane\",\"gu\u00e9pard\",\"l\u00e9opards\",\"lion\",\"pr\u00e9dateur\",\"savane\",\"savane africaine\"],\"articleSection\":[\"Zoodex \u2014 Explorer le monde animal\"],\"inLanguage\":\"fr-FR\",\"potentialAction\":[{\"@type\":\"CommentAction\",\"name\":\"Comment\",\"target\":[\"https:\/\/lesminis.fr\/blog\/predateurs-savane-africaine-chasseurs\/#respond\"]}]},{\"@type\":\"WebPage\",\"@id\":\"https:\/\/lesminis.fr\/blog\/predateurs-savane-africaine-chasseurs\/\",\"url\":\"https:\/\/lesminis.fr\/blog\/predateurs-savane-africaine-chasseurs\/\",\"name\":\"Les 8 Pr\u00e9dateurs de la Savane Africaine | Guide Complet\",\"isPartOf\":{\"@id\":\"https:\/\/lesminis.fr\/blog\/#website\"},\"primaryImageOfPage\":{\"@id\":\"https:\/\/lesminis.fr\/blog\/predateurs-savane-africaine-chasseurs\/#primaryimage\"},\"image\":{\"@id\":\"https:\/\/lesminis.fr\/blog\/predateurs-savane-africaine-chasseurs\/#primaryimage\"},\"thumbnailUrl\":\"https:\/\/lesminis.fr\/blog\/wp-content\/uploads\/2025\/06\/predateurs-de-la-savane.jpg\",\"datePublished\":\"2025-06-03T10:31:35+00:00\",\"description\":\"D\u00e9couvrez les 8 pr\u00e9dateurs les plus redoutables de la savane africaine : lions, gu\u00e9pards, l\u00e9opards. Strat\u00e9gies de chasse et adaptations uniques.\",\"breadcrumb\":{\"@id\":\"https:\/\/lesminis.fr\/blog\/predateurs-savane-africaine-chasseurs\/#breadcrumb\"},\"inLanguage\":\"fr-FR\",\"potentialAction\":[{\"@type\":\"ReadAction\",\"target\":[\"https:\/\/lesminis.fr\/blog\/predateurs-savane-africaine-chasseurs\/\"]}]},{\"@type\":\"ImageObject\",\"inLanguage\":\"fr-FR\",\"@id\":\"https:\/\/lesminis.fr\/blog\/predateurs-savane-africaine-chasseurs\/#primaryimage\",\"url\":\"https:\/\/lesminis.fr\/blog\/wp-content\/uploads\/2025\/06\/predateurs-de-la-savane.jpg\",\"contentUrl\":\"https:\/\/lesminis.fr\/blog\/wp-content\/uploads\/2025\/06\/predateurs-de-la-savane.jpg\",\"width\":1080,\"height\":1080,\"caption\":\"Les grands pr\u00e9dateurs de la savane africaine lion gu\u00e9pard l\u00e9opard lycaon caracal serval\"},{\"@type\":\"BreadcrumbList\",\"@id\":\"https:\/\/lesminis.fr\/blog\/predateurs-savane-africaine-chasseurs\/#breadcrumb\",\"itemListElement\":[{\"@type\":\"ListItem\",\"position\":1,\"name\":\"Accueil\",\"item\":\"https:\/\/lesminis.fr\/blog\/\"},{\"@type\":\"ListItem\",\"position\":2,\"name\":\"Les 8 Pr\u00e9dateurs les Plus Redoutables de la Savane Africaine\"}]},{\"@type\":\"WebSite\",\"@id\":\"https:\/\/lesminis.fr\/blog\/#website\",\"url\":\"https:\/\/lesminis.fr\/blog\/\",\"name\":\"LesMinis Le Blog - Mat\u00e9riels \u00e9ducatifs - Figurines p\u00e9dagogiques\",\"description\":\"D\u00e9couvrez notre actualit\u00e9, figurines, mat\u00e9riel \u00e9ducatif, activit\u00e9s Montessori\",\"publisher\":{\"@id\":\"https:\/\/lesminis.fr\/blog\/#organization\"},\"potentialAction\":[{\"@type\":\"SearchAction\",\"target\":{\"@type\":\"EntryPoint\",\"urlTemplate\":\"https:\/\/lesminis.fr\/blog\/?s={search_term_string}\"},\"query-input\":{\"@type\":\"PropertyValueSpecification\",\"valueRequired\":true,\"valueName\":\"search_term_string\"}}],\"inLanguage\":\"fr-FR\"},{\"@type\":\"Organization\",\"@id\":\"https:\/\/lesminis.fr\/blog\/#organization\",\"name\":\"LesMinis - Sp\u00e9cialiste mat\u00e9riel p\u00e9dagogiques - Figurines \u00e9ducatives - Mat\u00e9riel Montessori\",\"url\":\"https:\/\/lesminis.fr\/blog\/\",\"logo\":{\"@type\":\"ImageObject\",\"inLanguage\":\"fr-FR\",\"@id\":\"https:\/\/lesminis.fr\/blog\/#\/schema\/logo\/image\/\",\"url\":\"https:\/\/lesminis.fr\/blog\/wp-content\/uploads\/2023\/03\/nouveau-logo-lesminis.png\",\"contentUrl\":\"https:\/\/lesminis.fr\/blog\/wp-content\/uploads\/2023\/03\/nouveau-logo-lesminis.png\",\"width\":500,\"height\":175,\"caption\":\"LesMinis - Sp\u00e9cialiste mat\u00e9riel p\u00e9dagogiques - Figurines \u00e9ducatives - Mat\u00e9riel Montessori\"},\"image\":{\"@id\":\"https:\/\/lesminis.fr\/blog\/#\/schema\/logo\/image\/\"},\"sameAs\":[\"https:\/\/fr-fr.facebook.com\/LesMinis.fr\/\",\"https:\/\/www.instagram.com\/lesminis.fr\/\",\"https:\/\/www.tiktok.com\/@lesminis.fr\",\"https:\/\/www.pinterest.fr\/lesminisfr\/\"]},{\"@type\":\"Person\",\"@id\":\"https:\/\/lesminis.fr\/blog\/#\/schema\/person\/4a1be8c8c70a7d945af71674957cf83e\",\"name\":\"LesMinis\",\"image\":{\"@type\":\"ImageObject\",\"inLanguage\":\"fr-FR\",\"@id\":\"https:\/\/lesminis.fr\/blog\/#\/schema\/person\/image\/\",\"url\":\"https:\/\/secure.gravatar.com\/avatar\/288cd93d352b3465f2bd0701b1f2bb059b68dc3a70c4fda061bad8e6c9f8d865?s=96&d=blank&r=g\",\"contentUrl\":\"https:\/\/secure.gravatar.com\/avatar\/288cd93d352b3465f2bd0701b1f2bb059b68dc3a70c4fda061bad8e6c9f8d865?s=96&d=blank&r=g\",\"caption\":\"LesMinis\"},\"sameAs\":[\"https:\/\/lesminis.fr\/blog\",\"https:\/\/www.facebook.com\/LesMinis.fr\/\",\"https:\/\/www.instagram.com\/lesminis.fr\/\",\"https:\/\/www.pinterest.fr\/lesminisfr\/\"],\"url\":\"https:\/\/lesminis.fr\/blog\/author\/lesminis\/\"}]}<\/script>\n<!-- \/ Yoast SEO Premium plugin. -->","yoast_head_json":{"title":"Les 8 Pr\u00e9dateurs de la Savane Africaine | Guide Complet","description":"D\u00e9couvrez les 8 pr\u00e9dateurs les plus redoutables de la savane africaine : lions, gu\u00e9pards, l\u00e9opards. Strat\u00e9gies de chasse et adaptations uniques.","robots":{"index":"index","follow":"follow","max-snippet":"max-snippet:-1","max-image-preview":"max-image-preview:large","max-video-preview":"max-video-preview:-1"},"canonical":"https:\/\/lesminis.fr\/blog\/predateurs-savane-africaine-chasseurs\/","og_locale":"fr_FR","og_type":"article","og_title":"Les 8 Pr\u00e9dateurs les Plus Redoutables de la Savane Africaine","og_description":"D\u00e9couvrez les 8 pr\u00e9dateurs les plus redoutables de la savane africaine : lions, gu\u00e9pards, l\u00e9opards. Strat\u00e9gies de chasse et adaptations uniques.","og_url":"https:\/\/lesminis.fr\/blog\/predateurs-savane-africaine-chasseurs\/","og_site_name":"LesMinis Le Blog - Mat\u00e9riels \u00e9ducatifs - Figurines p\u00e9dagogiques","article_publisher":"https:\/\/fr-fr.facebook.com\/LesMinis.fr\/","article_author":"https:\/\/www.facebook.com\/LesMinis.fr\/","article_published_time":"2025-06-03T10:31:35+00:00","og_image":[{"width":1080,"height":1080,"url":"https:\/\/lesminis.fr\/blog\/wp-content\/uploads\/2025\/06\/predateurs-de-la-savane.jpg","type":"image\/jpeg"}],"author":"LesMinis","twitter_misc":{"\u00c9crit par":"LesMinis","Dur\u00e9e de lecture estim\u00e9e":"8 minutes"},"schema":{"@context":"https:\/\/schema.org","@graph":[{"@type":["Article","BlogPosting"],"@id":"https:\/\/lesminis.fr\/blog\/predateurs-savane-africaine-chasseurs\/#article","isPartOf":{"@id":"https:\/\/lesminis.fr\/blog\/predateurs-savane-africaine-chasseurs\/"},"author":{"name":"LesMinis","@id":"https:\/\/lesminis.fr\/blog\/#\/schema\/person\/4a1be8c8c70a7d945af71674957cf83e"},"headline":"Les 8 Pr\u00e9dateurs les Plus Redoutables de la Savane Africaine","datePublished":"2025-06-03T10:31:35+00:00","mainEntityOfPage":{"@id":"https:\/\/lesminis.fr\/blog\/predateurs-savane-africaine-chasseurs\/"},"wordCount":1254,"commentCount":0,"publisher":{"@id":"https:\/\/lesminis.fr\/blog\/#organization"},"image":{"@id":"https:\/\/lesminis.fr\/blog\/predateurs-savane-africaine-chasseurs\/#primaryimage"},"thumbnailUrl":"https:\/\/lesminis.fr\/blog\/wp-content\/uploads\/2025\/06\/predateurs-de-la-savane.jpg","keywords":["Animaux de la Savane","gu\u00e9pard","l\u00e9opards","lion","pr\u00e9dateur","savane","savane africaine"],"articleSection":["Zoodex \u2014 Explorer le monde animal"],"inLanguage":"fr-FR","potentialAction":[{"@type":"CommentAction","name":"Comment","target":["https:\/\/lesminis.fr\/blog\/predateurs-savane-africaine-chasseurs\/#respond"]}]},{"@type":"WebPage","@id":"https:\/\/lesminis.fr\/blog\/predateurs-savane-africaine-chasseurs\/","url":"https:\/\/lesminis.fr\/blog\/predateurs-savane-africaine-chasseurs\/","name":"Les 8 Pr\u00e9dateurs de la Savane Africaine | Guide Complet","isPartOf":{"@id":"https:\/\/lesminis.fr\/blog\/#website"},"primaryImageOfPage":{"@id":"https:\/\/lesminis.fr\/blog\/predateurs-savane-africaine-chasseurs\/#primaryimage"},"image":{"@id":"https:\/\/lesminis.fr\/blog\/predateurs-savane-africaine-chasseurs\/#primaryimage"},"thumbnailUrl":"https:\/\/lesminis.fr\/blog\/wp-content\/uploads\/2025\/06\/predateurs-de-la-savane.jpg","datePublished":"2025-06-03T10:31:35+00:00","description":"D\u00e9couvrez les 8 pr\u00e9dateurs les plus redoutables de la savane africaine : lions, gu\u00e9pards, l\u00e9opards. Strat\u00e9gies de chasse et adaptations uniques.","breadcrumb":{"@id":"https:\/\/lesminis.fr\/blog\/predateurs-savane-africaine-chasseurs\/#breadcrumb"},"inLanguage":"fr-FR","potentialAction":[{"@type":"ReadAction","target":["https:\/\/lesminis.fr\/blog\/predateurs-savane-africaine-chasseurs\/"]}]},{"@type":"ImageObject","inLanguage":"fr-FR","@id":"https:\/\/lesminis.fr\/blog\/predateurs-savane-africaine-chasseurs\/#primaryimage","url":"https:\/\/lesminis.fr\/blog\/wp-content\/uploads\/2025\/06\/predateurs-de-la-savane.jpg","contentUrl":"https:\/\/lesminis.fr\/blog\/wp-content\/uploads\/2025\/06\/predateurs-de-la-savane.jpg","width":1080,"height":1080,"caption":"Les grands pr\u00e9dateurs de la savane africaine lion gu\u00e9pard l\u00e9opard lycaon caracal serval"},{"@type":"BreadcrumbList","@id":"https:\/\/lesminis.fr\/blog\/predateurs-savane-africaine-chasseurs\/#breadcrumb","itemListElement":[{"@type":"ListItem","position":1,"name":"Accueil","item":"https:\/\/lesminis.fr\/blog\/"},{"@type":"ListItem","position":2,"name":"Les 8 Pr\u00e9dateurs les Plus Redoutables de la Savane Africaine"}]},{"@type":"WebSite","@id":"https:\/\/lesminis.fr\/blog\/#website","url":"https:\/\/lesminis.fr\/blog\/","name":"LesMinis Le Blog - Mat\u00e9riels \u00e9ducatifs - Figurines p\u00e9dagogiques","description":"D\u00e9couvrez notre actualit\u00e9, figurines, mat\u00e9riel \u00e9ducatif, activit\u00e9s Montessori","publisher":{"@id":"https:\/\/lesminis.fr\/blog\/#organization"},"potentialAction":[{"@type":"SearchAction","target":{"@type":"EntryPoint","urlTemplate":"https:\/\/lesminis.fr\/blog\/?s={search_term_string}"},"query-input":{"@type":"PropertyValueSpecification","valueRequired":true,"valueName":"search_term_string"}}],"inLanguage":"fr-FR"},{"@type":"Organization","@id":"https:\/\/lesminis.fr\/blog\/#organization","name":"LesMinis - Sp\u00e9cialiste mat\u00e9riel p\u00e9dagogiques - Figurines \u00e9ducatives - Mat\u00e9riel Montessori","url":"https:\/\/lesminis.fr\/blog\/","logo":{"@type":"ImageObject","inLanguage":"fr-FR","@id":"https:\/\/lesminis.fr\/blog\/#\/schema\/logo\/image\/","url":"https:\/\/lesminis.fr\/blog\/wp-content\/uploads\/2023\/03\/nouveau-logo-lesminis.png","contentUrl":"https:\/\/lesminis.fr\/blog\/wp-content\/uploads\/2023\/03\/nouveau-logo-lesminis.png","width":500,"height":175,"caption":"LesMinis - Sp\u00e9cialiste mat\u00e9riel p\u00e9dagogiques - Figurines \u00e9ducatives - Mat\u00e9riel Montessori"},"image":{"@id":"https:\/\/lesminis.fr\/blog\/#\/schema\/logo\/image\/"},"sameAs":["https:\/\/fr-fr.facebook.com\/LesMinis.fr\/","https:\/\/www.instagram.com\/lesminis.fr\/","https:\/\/www.tiktok.com\/@lesminis.fr","https:\/\/www.pinterest.fr\/lesminisfr\/"]},{"@type":"Person","@id":"https:\/\/lesminis.fr\/blog\/#\/schema\/person\/4a1be8c8c70a7d945af71674957cf83e","name":"LesMinis","image":{"@type":"ImageObject","inLanguage":"fr-FR","@id":"https:\/\/lesminis.fr\/blog\/#\/schema\/person\/image\/","url":"https:\/\/secure.gravatar.com\/avatar\/288cd93d352b3465f2bd0701b1f2bb059b68dc3a70c4fda061bad8e6c9f8d865?s=96&d=blank&r=g","contentUrl":"https:\/\/secure.gravatar.com\/avatar\/288cd93d352b3465f2bd0701b1f2bb059b68dc3a70c4fda061bad8e6c9f8d865?s=96&d=blank&r=g","caption":"LesMinis"},"sameAs":["https:\/\/lesminis.fr\/blog","https:\/\/www.facebook.com\/LesMinis.fr\/","https:\/\/www.instagram.com\/lesminis.fr\/","https:\/\/www.pinterest.fr\/lesminisfr\/"],"url":"https:\/\/lesminis.fr\/blog\/author\/lesminis\/"}]}},"_links":{"self":[{"href":"https:\/\/lesminis.fr\/blog\/wp-json\/wp\/v2\/posts\/4988","targetHints":{"allow":["GET"]}}],"collection":[{"href":"https:\/\/lesminis.fr\/blog\/wp-json\/wp\/v2\/posts"}],"about":[{"href":"https:\/\/lesminis.fr\/blog\/wp-json\/wp\/v2\/types\/post"}],"author":[{"embeddable":true,"href":"https:\/\/lesminis.fr\/blog\/wp-json\/wp\/v2\/users\/1"}],"replies":[{"embeddable":true,"href":"https:\/\/lesminis.fr\/blog\/wp-json\/wp\/v2\/comments?post=4988"}],"version-history":[{"count":1,"href":"https:\/\/lesminis.fr\/blog\/wp-json\/wp\/v2\/posts\/4988\/revisions"}],"predecessor-version":[{"id":4998,"href":"https:\/\/lesminis.fr\/blog\/wp-json\/wp\/v2\/posts\/4988\/revisions\/4998"}],"wp:featuredmedia":[{"embeddable":true,"href":"https:\/\/lesminis.fr\/blog\/wp-json\/wp\/v2\/media\/4996"}],"wp:attachment":[{"href":"https:\/\/lesminis.fr\/blog\/wp-json\/wp\/v2\/media?parent=4988"}],"wp:term":[{"taxonomy":"category","embeddable":true,"href":"https:\/\/lesminis.fr\/blog\/wp-json\/wp\/v2\/categories?post=4988"},{"taxonomy":"post_tag","embeddable":true,"href":"https:\/\/lesminis.fr\/blog\/wp-json\/wp\/v2\/tags?post=4988"}],"curies":[{"name":"wp","href":"https:\/\/api.w.org\/{rel}","templated":true}]}}