{"id":493,"date":"2022-07-01T08:34:48","date_gmt":"2022-07-01T08:34:48","guid":{"rendered":"https:\/\/lesminis.fr\/blog\/?p=493"},"modified":"2024-03-21T08:56:22","modified_gmt":"2024-03-21T07:56:22","slug":"philosophie-montessori-approche-holistique","status":"publish","type":"post","link":"https:\/\/lesminis.fr\/blog\/philosophie-montessori-approche-holistique\/","title":{"rendered":"La philosophie Montessori : Une approche holistique"},"content":{"rendered":"<p>La philosophie Montessori, d\u00e9velopp\u00e9e par Maria Montessori, est souvent pr\u00e9sent\u00e9e comme une approche holistique de l\u2019\u00e9ducation. Cette approche consid\u00e8re tous les aspects du d\u00e9veloppement de l\u2019enfant, qu\u2019il s\u2019agisse des comp\u00e9tences acad\u00e9miques, physiques, \u00e9motionnelles ou cognitives. Elle prend \u00e9galement en compte tous les stades de d\u00e9veloppement de l\u2019enfant, assurant une continuit\u00e9 dans l\u2019enseignement.<\/p>\n<div id=\"ez-toc-container\" class=\"ez-toc-v2_0_78 counter-hierarchy ez-toc-counter ez-toc-grey ez-toc-container-direction\">\n<div class=\"ez-toc-title-container\">\n<p class=\"ez-toc-title\" style=\"cursor:inherit\">Table of Contents<\/p>\n<span class=\"ez-toc-title-toggle\"><a href=\"#\" class=\"ez-toc-pull-right ez-toc-btn ez-toc-btn-xs ez-toc-btn-default ez-toc-toggle\" aria-label=\"Toggle Table of Content\"><span class=\"ez-toc-js-icon-con\"><span class=\"\"><span class=\"eztoc-hide\" style=\"display:none;\">Toggle<\/span><span class=\"ez-toc-icon-toggle-span\"><svg style=\"fill: #999;color:#999\" xmlns=\"http:\/\/www.w3.org\/2000\/svg\" class=\"list-377408\" width=\"20px\" height=\"20px\" viewBox=\"0 0 24 24\" fill=\"none\"><path d=\"M6 6H4v2h2V6zm14 0H8v2h12V6zM4 11h2v2H4v-2zm16 0H8v2h12v-2zM4 16h2v2H4v-2zm16 0H8v2h12v-2z\" fill=\"currentColor\"><\/path><\/svg><svg style=\"fill: #999;color:#999\" class=\"arrow-unsorted-368013\" xmlns=\"http:\/\/www.w3.org\/2000\/svg\" width=\"10px\" height=\"10px\" viewBox=\"0 0 24 24\" version=\"1.2\" baseProfile=\"tiny\"><path d=\"M18.2 9.3l-6.2-6.3-6.2 6.3c-.2.2-.3.4-.3.7s.1.5.3.7c.2.2.4.3.7.3h11c.3 0 .5-.1.7-.3.2-.2.3-.5.3-.7s-.1-.5-.3-.7zM5.8 14.7l6.2 6.3 6.2-6.3c.2-.2.3-.5.3-.7s-.1-.5-.3-.7c-.2-.2-.4-.3-.7-.3h-11c-.3 0-.5.1-.7.3-.2.2-.3.5-.3.7s.1.5.3.7z\"\/><\/svg><\/span><\/span><\/span><\/a><\/span><\/div>\n<nav><ul class='ez-toc-list ez-toc-list-level-1 ' ><li class='ez-toc-page-1 ez-toc-heading-level-2'><a class=\"ez-toc-link ez-toc-heading-1\" href=\"https:\/\/lesminis.fr\/blog\/philosophie-montessori-approche-holistique\/#Les_differents_stades_de_developpement\" >Les diff\u00e9rents stades de d\u00e9veloppement<\/a><ul class='ez-toc-list-level-3' ><li class='ez-toc-heading-level-3'><a class=\"ez-toc-link ez-toc-heading-2\" href=\"https:\/\/lesminis.fr\/blog\/philosophie-montessori-approche-holistique\/#Lesprit_absorbant\" >L\u2019esprit absorbant<\/a><\/li><li class='ez-toc-page-1 ez-toc-heading-level-3'><a class=\"ez-toc-link ez-toc-heading-3\" href=\"https:\/\/lesminis.fr\/blog\/philosophie-montessori-approche-holistique\/#Les_periodes_sensibles\" >Les p\u00e9riodes sensibles<\/a><\/li><li class='ez-toc-page-1 ez-toc-heading-level-3'><a class=\"ez-toc-link ez-toc-heading-4\" href=\"https:\/\/lesminis.fr\/blog\/philosophie-montessori-approche-holistique\/#La_normalisation\" >La normalisation<\/a><\/li><\/ul><\/li><li class='ez-toc-page-1 ez-toc-heading-level-2'><a class=\"ez-toc-link ez-toc-heading-5\" href=\"https:\/\/lesminis.fr\/blog\/philosophie-montessori-approche-holistique\/#Lapprentissage_individuel\" >L\u2019apprentissage individuel<\/a><\/li><li class='ez-toc-page-1 ez-toc-heading-level-2'><a class=\"ez-toc-link ez-toc-heading-6\" href=\"https:\/\/lesminis.fr\/blog\/philosophie-montessori-approche-holistique\/#Comment_leducation_Montessori_favorise_lestime_de_soi\" >Comment l\u2019\u00e9ducation Montessori favorise l\u2019estime de soi<\/a><\/li><li class='ez-toc-page-1 ez-toc-heading-level-2'><a class=\"ez-toc-link ez-toc-heading-7\" href=\"https:\/\/lesminis.fr\/blog\/philosophie-montessori-approche-holistique\/#Leducation_Montessori_et_les_etapes_du_developpement_de_lenfant\" >L&rsquo;\u00e9ducation Montessori et les \u00e9tapes du d\u00e9veloppement de l&rsquo;enfant<\/a><ul class='ez-toc-list-level-3' ><li class='ez-toc-heading-level-3'><a class=\"ez-toc-link ez-toc-heading-8\" href=\"https:\/\/lesminis.fr\/blog\/philosophie-montessori-approche-holistique\/#Laccompagnement_de_la_petite_enfance_le_Nido_0-3_ans\" >L&rsquo;accompagnement de la petite enfance : le Nido (0-3 ans)<\/a><\/li><li class='ez-toc-page-1 ez-toc-heading-level-3'><a class=\"ez-toc-link ez-toc-heading-9\" href=\"https:\/\/lesminis.fr\/blog\/philosophie-montessori-approche-holistique\/#La_Maison_des_Enfants_la_section_3-6_ans\" >La Maison des Enfants : la section 3-6 ans<\/a><\/li><li class='ez-toc-page-1 ez-toc-heading-level-3'><a class=\"ez-toc-link ez-toc-heading-10\" href=\"https:\/\/lesminis.fr\/blog\/philosophie-montessori-approche-holistique\/#Lexploration_du_monde_la_tranche_6-12_ans\" >L&rsquo;exploration du monde : la tranche 6-12 ans<\/a><\/li><\/ul><\/li><li class='ez-toc-page-1 ez-toc-heading-level-2'><a class=\"ez-toc-link ez-toc-heading-11\" href=\"https:\/\/lesminis.fr\/blog\/philosophie-montessori-approche-holistique\/#Conclusion\" >Conclusion<\/a><\/li><\/ul><\/nav><\/div>\n<h2><span class=\"ez-toc-section\" id=\"Les_differents_stades_de_developpement\"><\/span>Les diff\u00e9rents stades de d\u00e9veloppement<span class=\"ez-toc-section-end\"><\/span><\/h2>\n<p>Maria Montessori a identifi\u00e9 plusieurs stades de d\u00e9veloppement chez l\u2019enfant. Chacun de ces stades est caract\u00e9ris\u00e9 par des ph\u00e9nom\u00e8nes sp\u00e9cifiques qui influencent la mani\u00e8re dont l\u2019enfant apprend et interagit avec son environnement.<\/p>\n<h3><span class=\"ez-toc-section\" id=\"Lesprit_absorbant\"><\/span>L\u2019esprit absorbant<span class=\"ez-toc-section-end\"><\/span><\/h3>\n<p>Entre 3 et 6 ans, l\u2019enfant est dans une phase que Maria Montessori a appel\u00e9 \u201cl\u2019esprit absorbant\u201d. Durant cette phase, l\u2019enfant absorbe toutes les informations de son environnement sans effort conscient. C\u2019est une p\u00e9riode de grande curiosit\u00e9 et d\u2019exploration.<\/p>\n<h3><span class=\"ez-toc-section\" id=\"Les_periodes_sensibles\"><\/span>Les p\u00e9riodes sensibles<span class=\"ez-toc-section-end\"><\/span><\/h3>\n<p>Les p\u00e9riodes sensibles sont des fen\u00eatres d\u2019opportunit\u00e9s pendant lesquelles l\u2019enfant est particuli\u00e8rement r\u00e9ceptif \u00e0 certaines informations. Par exemple, il y a une p\u00e9riode sensible pour le langage, une pour la motricit\u00e9 fine, etc. Pendant ces p\u00e9riodes, l\u2019enfant est naturellement attir\u00e9 par les activit\u00e9s qui soutiennent le d\u00e9veloppement de ces comp\u00e9tences.<\/p>\n<h3><span class=\"ez-toc-section\" id=\"La_normalisation\"><\/span>La normalisation<span class=\"ez-toc-section-end\"><\/span><\/h3>\n<p>La normalisation est un processus par lequel l\u2019enfant d\u00e9veloppe sa concentration et sa discipline int\u00e9rieure. Gr\u00e2ce \u00e0 un environnement pr\u00e9par\u00e9 et \u00e0 des activit\u00e9s significatives, l\u2019enfant peut se concentrer sur son travail pendant de longues p\u00e9riodes et d\u00e9velopper un sentiment d\u2019ordre et de paix int\u00e9rieure.<\/p>\n<h2><span class=\"ez-toc-section\" id=\"Lapprentissage_individuel\"><\/span>L\u2019apprentissage individuel<span class=\"ez-toc-section-end\"><\/span><\/h2>\n<p>Contrairement \u00e0 la maternelle traditionnelle qui implique un apprentissage en groupe, la m\u00e9thode Montessori met l\u2019accent sur l\u2019apprentissage individuel.<\/p>\n<p>Chaque enfant est unique et apprend \u00e0 son propre rythme. Dans un environnement Montessori, chaque enfant a la possibilit\u00e9 de ma\u00eetriser une comp\u00e9tence particuli\u00e8re pertinente \u00e0 son cheminement de croissance.<\/p>\n<h2><span class=\"ez-toc-section\" id=\"Comment_leducation_Montessori_favorise_lestime_de_soi\"><\/span>Comment l\u2019\u00e9ducation Montessori favorise l\u2019estime de soi<span class=\"ez-toc-section-end\"><\/span><\/h2>\n<p>L\u2019\u00e9ducation Montessori reconna\u00eet que chaque enfant traverse diff\u00e9rentes \u00e9tapes de d\u00e9veloppement \u00e0 des moments diff\u00e9rents. En mettant l\u2019accent sur l\u2019\u00e2ge de d\u00e9veloppement plut\u00f4t que sur l\u2019\u00e2ge r\u00e9el, chaque enfant a la possibilit\u00e9 d\u2019apprendre \u00e0 son rythme, sans \u00eatre jug\u00e9 \u201crapide\u201d ou \u201clent\u201d par rapport aux autres enfants de son \u00e2ge.<\/p>\n<p>Le programme holistique Montessori aide les enfants \u00e0 d\u00e9velopper des comp\u00e9tences physiques, cognitives et \u00e9motionnelles. De plus, chaque enfant apprend \u00e0 avoir une attitude positive face aux apprentissages n\u00e9cessaires \u00e0 sa r\u00e9ussite scolaire.<\/p>\n<h2 class=\"whitespace-pre-wrap break-words\"><span class=\"ez-toc-section\" id=\"Leducation_Montessori_et_les_etapes_du_developpement_de_lenfant\"><\/span>L&rsquo;\u00e9ducation Montessori et les \u00e9tapes du d\u00e9veloppement de l&rsquo;enfant<span class=\"ez-toc-section-end\"><\/span><\/h2>\n<p class=\"whitespace-pre-wrap break-words\">La p\u00e9dagogie Montessori est structur\u00e9e selon des tranches d&rsquo;\u00e2ge de 3 ans, qui correspondent aux diff\u00e9rentes \u00e9tapes du d\u00e9veloppement de l&rsquo;enfant. Cette approche permet aux enfants d&rsquo;apprendre \u00e0 leur propre rythme et offre la possibilit\u00e9 d&rsquo;avoir des mod\u00e8les \u00e0 imiter et de renforcer leurs connaissances en s&rsquo;entraidant.<\/p>\n<h3><span class=\"ez-toc-section\" id=\"Laccompagnement_de_la_petite_enfance_le_Nido_0-3_ans\"><\/span>L&rsquo;accompagnement de la petite enfance : le Nido (0-3 ans)<span class=\"ez-toc-section-end\"><\/span><\/h3>\n<p class=\"whitespace-pre-wrap break-words\">Ce groupe d&rsquo;\u00e2ge est un environnement pr\u00e9par\u00e9 sp\u00e9cifiquement pour <a href=\"https:\/\/lesminis.fr\/30-materiel-montessori-0-3-ans-nido-creche\">les enfants de 0 \u00e0 3 ans<\/a>. Il est con\u00e7u pour r\u00e9pondre aux besoins sp\u00e9cifiques des tout-petits en termes de s\u00e9curit\u00e9, d&rsquo;autonomie et d&rsquo;exploration sensorielle.<\/p>\n<p class=\"whitespace-pre-wrap break-words\">Dans cet espace, les enfants peuvent d\u00e9velopper leur motricit\u00e9, leur langage et leur ind\u00e9pendance naissante, sous le regard bienveillant d&rsquo;\u00e9ducateurs form\u00e9s \u00e0 l&rsquo;approche Montessori.<\/p>\n<h3><span class=\"ez-toc-section\" id=\"La_Maison_des_Enfants_la_section_3-6_ans\"><\/span>La Maison des Enfants : la section 3-6 ans<span class=\"ez-toc-section-end\"><\/span><\/h3>\n<p class=\"whitespace-pre-wrap break-words\">Dans cette section, les enfants continuent \u00e0 d\u00e9velopper leur autonomie et commencent \u00e0 explorer des concepts plus complexes tels que le langage \u00e9crit, les math\u00e9matiques et la culture. <a href=\"https:\/\/lesminis.fr\/213-materiel-montessori-3-6-ans-ecole-maternelle\">Le mat\u00e9riel Montessori<\/a>, scientifiquement con\u00e7u, leur permet de manipuler des concepts abstraits de mani\u00e8re concr\u00e8te, facilitant ainsi leur compr\u00e9hension et leur apprentissage.<\/p>\n<p class=\"whitespace-pre-wrap break-words\">L&rsquo;\u00e9ducateur agit comme un guide bienveillant, observant chaque enfant et lui proposant des activit\u00e9s adapt\u00e9es \u00e0 son niveau de d\u00e9veloppement.<\/p>\n<h3><span class=\"ez-toc-section\" id=\"Lexploration_du_monde_la_tranche_6-12_ans\"><\/span>L&rsquo;exploration du monde : la tranche 6-12 ans<span class=\"ez-toc-section-end\"><\/span><\/h3>\n<p class=\"whitespace-pre-wrap break-words\">\u00c0 ce stade, les enfants sont pr\u00eats pour un travail plus abstrait et complexe. Ils commencent \u00e0 explorer le monde en profondeur et \u00e0 comprendre leur place dans celui-ci.<\/p>\n<p class=\"whitespace-pre-wrap break-words\">La p\u00e9dagogie Montessori leur propose des projets interdisciplinaires, favorisant la recherche, la collaboration et la cr\u00e9ativit\u00e9. Les enfants sont encourag\u00e9s \u00e0 d\u00e9velopper leur esprit critique, leur sens des responsabilit\u00e9s et leur <a href=\"https:\/\/lesminis.fr\/19-materiel-montessori?q=Cat%C3%A9gories-Mat%C3%A9riel+Montessori+6%5C-12ans+%5C-+Coll%C3%A8ge\">autonomie dans leur travail.<\/a><\/p>\n<h2><span class=\"ez-toc-section\" id=\"Conclusion\"><\/span>Conclusion<span class=\"ez-toc-section-end\"><\/span><\/h2>\n<p>La philosophie Montessori offre une approche holistique qui respecte le rythme unique de chaque enfant et favorise le d\u00e9veloppement global. Elle offre un environnement d\u2019apprentissage qui assure le d\u00e9veloppement de l\u2019estime de soi et offre des exp\u00e9riences \u00e0 partir desquelles les enfants peuvent cr\u00e9er leurs connaissances. En somme, l\u2019\u00e9ducation Montessori est plus qu\u2019une m\u00e9thode, c\u2019est un \u00e9tat d\u2019esprit qui ne se limite pas \u00e0 une tranche d\u2019\u00e2ge ni \u00e0 l\u2019\u00e9cole, et dont les principes sont maintenant confirm\u00e9s par des recherches en neurosciences et en psychologie du d\u00e9veloppement.<\/p>\n<blockquote class=\"wp-embedded-content\" data-secret=\"oGXZRmmBFo\"><p><a href=\"https:\/\/lesminis.fr\/blog\/introduction-methode-montessori-histoire-philosophie\/\">Introduction \u00e0 la m\u00e9thode Montessori<\/a><\/p><\/blockquote>\n<p><iframe loading=\"lazy\" class=\"wp-embedded-content\" sandbox=\"allow-scripts\" security=\"restricted\" style=\"position: absolute; clip: rect(1px, 1px, 1px, 1px);\" title=\"\u00ab\u00a0Introduction \u00e0 la m\u00e9thode Montessori\u00a0\u00bb &#8212; LesMinis Le Blog - Mat\u00e9riels \u00e9ducatifs - Figurines p\u00e9dagogiques\" src=\"https:\/\/lesminis.fr\/blog\/introduction-methode-montessori-histoire-philosophie\/embed\/#?secret=BmNYM5Ii2Z#?secret=oGXZRmmBFo\" data-secret=\"oGXZRmmBFo\" width=\"600\" height=\"338\" frameborder=\"0\" marginwidth=\"0\" marginheight=\"0\" scrolling=\"no\"><\/iframe><\/p>\n","protected":false},"excerpt":{"rendered":"<p>La philosophie Montessori, d\u00e9velopp\u00e9e par Maria Montessori, est une approche holistique de l\u2019\u00e9ducation. Cette m\u00e9thode unique consid\u00e8re tous les aspects du d\u00e9veloppement de l\u2019enfant et respecte leur rythme d\u2019apprentissage individuel.<\/p>\n","protected":false},"author":1,"featured_media":494,"comment_status":"open","ping_status":"closed","sticky":false,"template":"","format":"standard","meta":{"_acf_changed":false,"footnotes":""},"categories":[105],"tags":[59,582,42,40,58],"class_list":{"0":"post-493","1":"post","2":"type-post","3":"status-publish","4":"format-standard","5":"has-post-thumbnail","7":"category-minispedago-predagogie-montessori-activites-developpement","8":"tag-activite-montessori","9":"tag-education-montessori","10":"tag-materiel-montessori","11":"tag-montessori","12":"tag-pedagogie-montessori"},"acf":[],"yoast_head":"<!-- This site is optimized with the Yoast SEO Premium plugin v27.1 (Yoast SEO v27.1.1) - https:\/\/yoast.com\/product\/yoast-seo-premium-wordpress\/ -->\n<title>La philosophie Montessori : Une approche holistique pour le d\u00e9veloppement global de l\u2019enfant<\/title>\n<meta name=\"description\" content=\"L&#039;environnement d&#039;apprentissage assure le d\u00e9veloppement de l&#039;estime de soi et offre des exp\u00e9riences \u00e0 partir desquelles les enfants peuvent cr\u00e9er leurs connaissances.D\u00e9couvrez la philosophie Montessori, une approche holistique qui favorise le d\u00e9veloppement global de l\u2019enfant. Apprenez comment cette m\u00e9thode respecte le rythme unique de chaque enfant et comment elle contribue \u00e0 leur estime de soi.\" \/>\n<meta name=\"robots\" content=\"index, follow, max-snippet:-1, max-image-preview:large, max-video-preview:-1\" \/>\n<link rel=\"canonical\" href=\"https:\/\/lesminis.fr\/blog\/philosophie-montessori-approche-holistique\/\" \/>\n<meta property=\"og:locale\" content=\"fr_FR\" \/>\n<meta property=\"og:type\" content=\"article\" \/>\n<meta property=\"og:title\" content=\"La philosophie Montessori : Une approche holistique\" \/>\n<meta property=\"og:description\" content=\"L&#039;environnement d&#039;apprentissage assure le d\u00e9veloppement de l&#039;estime de soi et offre des exp\u00e9riences \u00e0 partir desquelles les enfants peuvent cr\u00e9er leurs connaissances.D\u00e9couvrez la philosophie Montessori, une approche holistique qui favorise le d\u00e9veloppement global de l\u2019enfant. Apprenez comment cette m\u00e9thode respecte le rythme unique de chaque enfant et comment elle contribue \u00e0 leur estime de soi.\" \/>\n<meta property=\"og:url\" content=\"https:\/\/lesminis.fr\/blog\/philosophie-montessori-approche-holistique\/\" \/>\n<meta property=\"og:site_name\" content=\"LesMinis Le Blog - Mat\u00e9riels \u00e9ducatifs - Figurines p\u00e9dagogiques\" \/>\n<meta property=\"article:publisher\" content=\"https:\/\/fr-fr.facebook.com\/LesMinis.fr\/\" \/>\n<meta property=\"article:author\" content=\"https:\/\/www.facebook.com\/LesMinis.fr\/\" \/>\n<meta property=\"article:published_time\" content=\"2022-07-01T08:34:48+00:00\" \/>\n<meta property=\"article:modified_time\" content=\"2024-03-21T07:56:22+00:00\" \/>\n<meta property=\"og:image\" content=\"https:\/\/lesminis.fr\/blog\/wp-content\/uploads\/2022\/08\/MONTESSORI-geographie.png\" \/>\n\t<meta property=\"og:image:width\" content=\"816\" \/>\n\t<meta property=\"og:image:height\" content=\"412\" \/>\n\t<meta property=\"og:image:type\" content=\"image\/png\" \/>\n<meta name=\"author\" content=\"LesMinis\" \/>\n<meta name=\"twitter:label1\" content=\"\u00c9crit par\" \/>\n\t<meta name=\"twitter:data1\" content=\"LesMinis\" \/>\n\t<meta name=\"twitter:label2\" content=\"Dur\u00e9e de lecture estim\u00e9e\" \/>\n\t<meta name=\"twitter:data2\" content=\"4 minutes\" \/>\n<script type=\"application\/ld+json\" class=\"yoast-schema-graph\">{\"@context\":\"https:\/\/schema.org\",\"@graph\":[{\"@type\":[\"Article\",\"BlogPosting\"],\"@id\":\"https:\/\/lesminis.fr\/blog\/philosophie-montessori-approche-holistique\/#article\",\"isPartOf\":{\"@id\":\"https:\/\/lesminis.fr\/blog\/philosophie-montessori-approche-holistique\/\"},\"author\":{\"name\":\"LesMinis\",\"@id\":\"https:\/\/lesminis.fr\/blog\/#\/schema\/person\/4a1be8c8c70a7d945af71674957cf83e\"},\"headline\":\"La philosophie Montessori : Une approche holistique\",\"datePublished\":\"2022-07-01T08:34:48+00:00\",\"dateModified\":\"2024-03-21T07:56:22+00:00\",\"mainEntityOfPage\":{\"@id\":\"https:\/\/lesminis.fr\/blog\/philosophie-montessori-approche-holistique\/\"},\"wordCount\":855,\"commentCount\":0,\"publisher\":{\"@id\":\"https:\/\/lesminis.fr\/blog\/#organization\"},\"image\":{\"@id\":\"https:\/\/lesminis.fr\/blog\/philosophie-montessori-approche-holistique\/#primaryimage\"},\"thumbnailUrl\":\"https:\/\/lesminis.fr\/blog\/wp-content\/uploads\/2022\/08\/MONTESSORI-geographie.png\",\"keywords\":[\"Activit\u00e9 Montessori\",\"\u00e9ducation Montessori\",\"Mat\u00e9riel Montessori\",\"Montessori\",\"p\u00e9dagogie Montessori\"],\"articleSection\":[\"MinisPedago \u2014 Montessori, p\u00e9dagogies alternatives &amp; d\u00e9veloppement de l\u2019enfant\"],\"inLanguage\":\"fr-FR\",\"potentialAction\":[{\"@type\":\"CommentAction\",\"name\":\"Comment\",\"target\":[\"https:\/\/lesminis.fr\/blog\/philosophie-montessori-approche-holistique\/#respond\"]}]},{\"@type\":\"WebPage\",\"@id\":\"https:\/\/lesminis.fr\/blog\/philosophie-montessori-approche-holistique\/\",\"url\":\"https:\/\/lesminis.fr\/blog\/philosophie-montessori-approche-holistique\/\",\"name\":\"La philosophie Montessori : Une approche holistique pour le d\u00e9veloppement global de l\u2019enfant\",\"isPartOf\":{\"@id\":\"https:\/\/lesminis.fr\/blog\/#website\"},\"primaryImageOfPage\":{\"@id\":\"https:\/\/lesminis.fr\/blog\/philosophie-montessori-approche-holistique\/#primaryimage\"},\"image\":{\"@id\":\"https:\/\/lesminis.fr\/blog\/philosophie-montessori-approche-holistique\/#primaryimage\"},\"thumbnailUrl\":\"https:\/\/lesminis.fr\/blog\/wp-content\/uploads\/2022\/08\/MONTESSORI-geographie.png\",\"datePublished\":\"2022-07-01T08:34:48+00:00\",\"dateModified\":\"2024-03-21T07:56:22+00:00\",\"description\":\"L'environnement d'apprentissage assure le d\u00e9veloppement de l'estime de soi et offre des exp\u00e9riences \u00e0 partir desquelles les enfants peuvent cr\u00e9er leurs connaissances.D\u00e9couvrez la philosophie Montessori, une approche holistique qui favorise le d\u00e9veloppement global de l\u2019enfant. Apprenez comment cette m\u00e9thode respecte le rythme unique de chaque enfant et comment elle contribue \u00e0 leur estime de soi.\",\"breadcrumb\":{\"@id\":\"https:\/\/lesminis.fr\/blog\/philosophie-montessori-approche-holistique\/#breadcrumb\"},\"inLanguage\":\"fr-FR\",\"potentialAction\":[{\"@type\":\"ReadAction\",\"target\":[\"https:\/\/lesminis.fr\/blog\/philosophie-montessori-approche-holistique\/\"]}]},{\"@type\":\"ImageObject\",\"inLanguage\":\"fr-FR\",\"@id\":\"https:\/\/lesminis.fr\/blog\/philosophie-montessori-approche-holistique\/#primaryimage\",\"url\":\"https:\/\/lesminis.fr\/blog\/wp-content\/uploads\/2022\/08\/MONTESSORI-geographie.png\",\"contentUrl\":\"https:\/\/lesminis.fr\/blog\/wp-content\/uploads\/2022\/08\/MONTESSORI-geographie.png\",\"width\":816,\"height\":412,\"caption\":\"Enfant d\u00e9couvre le globe Montessori\"},{\"@type\":\"BreadcrumbList\",\"@id\":\"https:\/\/lesminis.fr\/blog\/philosophie-montessori-approche-holistique\/#breadcrumb\",\"itemListElement\":[{\"@type\":\"ListItem\",\"position\":1,\"name\":\"Accueil\",\"item\":\"https:\/\/lesminis.fr\/blog\/\"},{\"@type\":\"ListItem\",\"position\":2,\"name\":\"La philosophie Montessori : Une approche holistique\"}]},{\"@type\":\"WebSite\",\"@id\":\"https:\/\/lesminis.fr\/blog\/#website\",\"url\":\"https:\/\/lesminis.fr\/blog\/\",\"name\":\"LesMinis Le Blog - Mat\u00e9riels \u00e9ducatifs - Figurines p\u00e9dagogiques\",\"description\":\"D\u00e9couvrez notre actualit\u00e9, figurines, mat\u00e9riel \u00e9ducatif, activit\u00e9s Montessori\",\"publisher\":{\"@id\":\"https:\/\/lesminis.fr\/blog\/#organization\"},\"potentialAction\":[{\"@type\":\"SearchAction\",\"target\":{\"@type\":\"EntryPoint\",\"urlTemplate\":\"https:\/\/lesminis.fr\/blog\/?s={search_term_string}\"},\"query-input\":{\"@type\":\"PropertyValueSpecification\",\"valueRequired\":true,\"valueName\":\"search_term_string\"}}],\"inLanguage\":\"fr-FR\"},{\"@type\":\"Organization\",\"@id\":\"https:\/\/lesminis.fr\/blog\/#organization\",\"name\":\"LesMinis - Sp\u00e9cialiste mat\u00e9riel p\u00e9dagogiques - Figurines \u00e9ducatives - Mat\u00e9riel Montessori\",\"url\":\"https:\/\/lesminis.fr\/blog\/\",\"logo\":{\"@type\":\"ImageObject\",\"inLanguage\":\"fr-FR\",\"@id\":\"https:\/\/lesminis.fr\/blog\/#\/schema\/logo\/image\/\",\"url\":\"https:\/\/lesminis.fr\/blog\/wp-content\/uploads\/2023\/03\/nouveau-logo-lesminis.png\",\"contentUrl\":\"https:\/\/lesminis.fr\/blog\/wp-content\/uploads\/2023\/03\/nouveau-logo-lesminis.png\",\"width\":500,\"height\":175,\"caption\":\"LesMinis - Sp\u00e9cialiste mat\u00e9riel p\u00e9dagogiques - Figurines \u00e9ducatives - Mat\u00e9riel Montessori\"},\"image\":{\"@id\":\"https:\/\/lesminis.fr\/blog\/#\/schema\/logo\/image\/\"},\"sameAs\":[\"https:\/\/fr-fr.facebook.com\/LesMinis.fr\/\",\"https:\/\/www.instagram.com\/lesminis.fr\/\",\"https:\/\/www.tiktok.com\/@lesminis.fr\",\"https:\/\/www.pinterest.fr\/lesminisfr\/\"]},{\"@type\":\"Person\",\"@id\":\"https:\/\/lesminis.fr\/blog\/#\/schema\/person\/4a1be8c8c70a7d945af71674957cf83e\",\"name\":\"LesMinis\",\"image\":{\"@type\":\"ImageObject\",\"inLanguage\":\"fr-FR\",\"@id\":\"https:\/\/lesminis.fr\/blog\/#\/schema\/person\/image\/\",\"url\":\"https:\/\/secure.gravatar.com\/avatar\/288cd93d352b3465f2bd0701b1f2bb059b68dc3a70c4fda061bad8e6c9f8d865?s=96&d=blank&r=g\",\"contentUrl\":\"https:\/\/secure.gravatar.com\/avatar\/288cd93d352b3465f2bd0701b1f2bb059b68dc3a70c4fda061bad8e6c9f8d865?s=96&d=blank&r=g\",\"caption\":\"LesMinis\"},\"sameAs\":[\"https:\/\/lesminis.fr\/blog\",\"https:\/\/www.facebook.com\/LesMinis.fr\/\",\"https:\/\/www.instagram.com\/lesminis.fr\/\",\"https:\/\/www.pinterest.fr\/lesminisfr\/\"],\"url\":\"https:\/\/lesminis.fr\/blog\/author\/lesminis\/\"}]}<\/script>\n<!-- \/ Yoast SEO Premium plugin. -->","yoast_head_json":{"title":"La philosophie Montessori : Une approche holistique pour le d\u00e9veloppement global de l\u2019enfant","description":"L'environnement d'apprentissage assure le d\u00e9veloppement de l'estime de soi et offre des exp\u00e9riences \u00e0 partir desquelles les enfants peuvent cr\u00e9er leurs connaissances.D\u00e9couvrez la philosophie Montessori, une approche holistique qui favorise le d\u00e9veloppement global de l\u2019enfant. Apprenez comment cette m\u00e9thode respecte le rythme unique de chaque enfant et comment elle contribue \u00e0 leur estime de soi.","robots":{"index":"index","follow":"follow","max-snippet":"max-snippet:-1","max-image-preview":"max-image-preview:large","max-video-preview":"max-video-preview:-1"},"canonical":"https:\/\/lesminis.fr\/blog\/philosophie-montessori-approche-holistique\/","og_locale":"fr_FR","og_type":"article","og_title":"La philosophie Montessori : Une approche holistique","og_description":"L'environnement d'apprentissage assure le d\u00e9veloppement de l'estime de soi et offre des exp\u00e9riences \u00e0 partir desquelles les enfants peuvent cr\u00e9er leurs connaissances.D\u00e9couvrez la philosophie Montessori, une approche holistique qui favorise le d\u00e9veloppement global de l\u2019enfant. Apprenez comment cette m\u00e9thode respecte le rythme unique de chaque enfant et comment elle contribue \u00e0 leur estime de soi.","og_url":"https:\/\/lesminis.fr\/blog\/philosophie-montessori-approche-holistique\/","og_site_name":"LesMinis Le Blog - Mat\u00e9riels \u00e9ducatifs - Figurines p\u00e9dagogiques","article_publisher":"https:\/\/fr-fr.facebook.com\/LesMinis.fr\/","article_author":"https:\/\/www.facebook.com\/LesMinis.fr\/","article_published_time":"2022-07-01T08:34:48+00:00","article_modified_time":"2024-03-21T07:56:22+00:00","og_image":[{"width":816,"height":412,"url":"https:\/\/lesminis.fr\/blog\/wp-content\/uploads\/2022\/08\/MONTESSORI-geographie.png","type":"image\/png"}],"author":"LesMinis","twitter_misc":{"\u00c9crit par":"LesMinis","Dur\u00e9e de lecture estim\u00e9e":"4 minutes"},"schema":{"@context":"https:\/\/schema.org","@graph":[{"@type":["Article","BlogPosting"],"@id":"https:\/\/lesminis.fr\/blog\/philosophie-montessori-approche-holistique\/#article","isPartOf":{"@id":"https:\/\/lesminis.fr\/blog\/philosophie-montessori-approche-holistique\/"},"author":{"name":"LesMinis","@id":"https:\/\/lesminis.fr\/blog\/#\/schema\/person\/4a1be8c8c70a7d945af71674957cf83e"},"headline":"La philosophie Montessori : Une approche holistique","datePublished":"2022-07-01T08:34:48+00:00","dateModified":"2024-03-21T07:56:22+00:00","mainEntityOfPage":{"@id":"https:\/\/lesminis.fr\/blog\/philosophie-montessori-approche-holistique\/"},"wordCount":855,"commentCount":0,"publisher":{"@id":"https:\/\/lesminis.fr\/blog\/#organization"},"image":{"@id":"https:\/\/lesminis.fr\/blog\/philosophie-montessori-approche-holistique\/#primaryimage"},"thumbnailUrl":"https:\/\/lesminis.fr\/blog\/wp-content\/uploads\/2022\/08\/MONTESSORI-geographie.png","keywords":["Activit\u00e9 Montessori","\u00e9ducation Montessori","Mat\u00e9riel Montessori","Montessori","p\u00e9dagogie Montessori"],"articleSection":["MinisPedago \u2014 Montessori, p\u00e9dagogies alternatives &amp; d\u00e9veloppement de l\u2019enfant"],"inLanguage":"fr-FR","potentialAction":[{"@type":"CommentAction","name":"Comment","target":["https:\/\/lesminis.fr\/blog\/philosophie-montessori-approche-holistique\/#respond"]}]},{"@type":"WebPage","@id":"https:\/\/lesminis.fr\/blog\/philosophie-montessori-approche-holistique\/","url":"https:\/\/lesminis.fr\/blog\/philosophie-montessori-approche-holistique\/","name":"La philosophie Montessori : Une approche holistique pour le d\u00e9veloppement global de l\u2019enfant","isPartOf":{"@id":"https:\/\/lesminis.fr\/blog\/#website"},"primaryImageOfPage":{"@id":"https:\/\/lesminis.fr\/blog\/philosophie-montessori-approche-holistique\/#primaryimage"},"image":{"@id":"https:\/\/lesminis.fr\/blog\/philosophie-montessori-approche-holistique\/#primaryimage"},"thumbnailUrl":"https:\/\/lesminis.fr\/blog\/wp-content\/uploads\/2022\/08\/MONTESSORI-geographie.png","datePublished":"2022-07-01T08:34:48+00:00","dateModified":"2024-03-21T07:56:22+00:00","description":"L'environnement d'apprentissage assure le d\u00e9veloppement de l'estime de soi et offre des exp\u00e9riences \u00e0 partir desquelles les enfants peuvent cr\u00e9er leurs connaissances.D\u00e9couvrez la philosophie Montessori, une approche holistique qui favorise le d\u00e9veloppement global de l\u2019enfant. Apprenez comment cette m\u00e9thode respecte le rythme unique de chaque enfant et comment elle contribue \u00e0 leur estime de soi.","breadcrumb":{"@id":"https:\/\/lesminis.fr\/blog\/philosophie-montessori-approche-holistique\/#breadcrumb"},"inLanguage":"fr-FR","potentialAction":[{"@type":"ReadAction","target":["https:\/\/lesminis.fr\/blog\/philosophie-montessori-approche-holistique\/"]}]},{"@type":"ImageObject","inLanguage":"fr-FR","@id":"https:\/\/lesminis.fr\/blog\/philosophie-montessori-approche-holistique\/#primaryimage","url":"https:\/\/lesminis.fr\/blog\/wp-content\/uploads\/2022\/08\/MONTESSORI-geographie.png","contentUrl":"https:\/\/lesminis.fr\/blog\/wp-content\/uploads\/2022\/08\/MONTESSORI-geographie.png","width":816,"height":412,"caption":"Enfant d\u00e9couvre le globe Montessori"},{"@type":"BreadcrumbList","@id":"https:\/\/lesminis.fr\/blog\/philosophie-montessori-approche-holistique\/#breadcrumb","itemListElement":[{"@type":"ListItem","position":1,"name":"Accueil","item":"https:\/\/lesminis.fr\/blog\/"},{"@type":"ListItem","position":2,"name":"La philosophie Montessori : Une approche holistique"}]},{"@type":"WebSite","@id":"https:\/\/lesminis.fr\/blog\/#website","url":"https:\/\/lesminis.fr\/blog\/","name":"LesMinis Le Blog - Mat\u00e9riels \u00e9ducatifs - Figurines p\u00e9dagogiques","description":"D\u00e9couvrez notre actualit\u00e9, figurines, mat\u00e9riel \u00e9ducatif, activit\u00e9s Montessori","publisher":{"@id":"https:\/\/lesminis.fr\/blog\/#organization"},"potentialAction":[{"@type":"SearchAction","target":{"@type":"EntryPoint","urlTemplate":"https:\/\/lesminis.fr\/blog\/?s={search_term_string}"},"query-input":{"@type":"PropertyValueSpecification","valueRequired":true,"valueName":"search_term_string"}}],"inLanguage":"fr-FR"},{"@type":"Organization","@id":"https:\/\/lesminis.fr\/blog\/#organization","name":"LesMinis - Sp\u00e9cialiste mat\u00e9riel p\u00e9dagogiques - Figurines \u00e9ducatives - Mat\u00e9riel Montessori","url":"https:\/\/lesminis.fr\/blog\/","logo":{"@type":"ImageObject","inLanguage":"fr-FR","@id":"https:\/\/lesminis.fr\/blog\/#\/schema\/logo\/image\/","url":"https:\/\/lesminis.fr\/blog\/wp-content\/uploads\/2023\/03\/nouveau-logo-lesminis.png","contentUrl":"https:\/\/lesminis.fr\/blog\/wp-content\/uploads\/2023\/03\/nouveau-logo-lesminis.png","width":500,"height":175,"caption":"LesMinis - Sp\u00e9cialiste mat\u00e9riel p\u00e9dagogiques - Figurines \u00e9ducatives - Mat\u00e9riel Montessori"},"image":{"@id":"https:\/\/lesminis.fr\/blog\/#\/schema\/logo\/image\/"},"sameAs":["https:\/\/fr-fr.facebook.com\/LesMinis.fr\/","https:\/\/www.instagram.com\/lesminis.fr\/","https:\/\/www.tiktok.com\/@lesminis.fr","https:\/\/www.pinterest.fr\/lesminisfr\/"]},{"@type":"Person","@id":"https:\/\/lesminis.fr\/blog\/#\/schema\/person\/4a1be8c8c70a7d945af71674957cf83e","name":"LesMinis","image":{"@type":"ImageObject","inLanguage":"fr-FR","@id":"https:\/\/lesminis.fr\/blog\/#\/schema\/person\/image\/","url":"https:\/\/secure.gravatar.com\/avatar\/288cd93d352b3465f2bd0701b1f2bb059b68dc3a70c4fda061bad8e6c9f8d865?s=96&d=blank&r=g","contentUrl":"https:\/\/secure.gravatar.com\/avatar\/288cd93d352b3465f2bd0701b1f2bb059b68dc3a70c4fda061bad8e6c9f8d865?s=96&d=blank&r=g","caption":"LesMinis"},"sameAs":["https:\/\/lesminis.fr\/blog","https:\/\/www.facebook.com\/LesMinis.fr\/","https:\/\/www.instagram.com\/lesminis.fr\/","https:\/\/www.pinterest.fr\/lesminisfr\/"],"url":"https:\/\/lesminis.fr\/blog\/author\/lesminis\/"}]}},"_links":{"self":[{"href":"https:\/\/lesminis.fr\/blog\/wp-json\/wp\/v2\/posts\/493","targetHints":{"allow":["GET"]}}],"collection":[{"href":"https:\/\/lesminis.fr\/blog\/wp-json\/wp\/v2\/posts"}],"about":[{"href":"https:\/\/lesminis.fr\/blog\/wp-json\/wp\/v2\/types\/post"}],"author":[{"embeddable":true,"href":"https:\/\/lesminis.fr\/blog\/wp-json\/wp\/v2\/users\/1"}],"replies":[{"embeddable":true,"href":"https:\/\/lesminis.fr\/blog\/wp-json\/wp\/v2\/comments?post=493"}],"version-history":[{"count":7,"href":"https:\/\/lesminis.fr\/blog\/wp-json\/wp\/v2\/posts\/493\/revisions"}],"predecessor-version":[{"id":3406,"href":"https:\/\/lesminis.fr\/blog\/wp-json\/wp\/v2\/posts\/493\/revisions\/3406"}],"wp:featuredmedia":[{"embeddable":true,"href":"https:\/\/lesminis.fr\/blog\/wp-json\/wp\/v2\/media\/494"}],"wp:attachment":[{"href":"https:\/\/lesminis.fr\/blog\/wp-json\/wp\/v2\/media?parent=493"}],"wp:term":[{"taxonomy":"category","embeddable":true,"href":"https:\/\/lesminis.fr\/blog\/wp-json\/wp\/v2\/categories?post=493"},{"taxonomy":"post_tag","embeddable":true,"href":"https:\/\/lesminis.fr\/blog\/wp-json\/wp\/v2\/tags?post=493"}],"curies":[{"name":"wp","href":"https:\/\/api.w.org\/{rel}","templated":true}]}}