{"id":4440,"date":"2024-12-29T13:59:09","date_gmt":"2024-12-29T12:59:09","guid":{"rendered":"https:\/\/lesminis.fr\/blog\/?p=4440"},"modified":"2024-12-29T14:44:07","modified_gmt":"2024-12-29T13:44:07","slug":"le-cube-secrets-mathematiques-geometrie","status":"publish","type":"post","link":"https:\/\/lesminis.fr\/blog\/le-cube-secrets-mathematiques-geometrie\/","title":{"rendered":"Le cube : solide de stabilit\u00e9"},"content":{"rendered":"<p data-pm-slice=\"1 1 []\">Parmi les nombreuses formes g\u00e9om\u00e9triques qui peuplent notre quotidien, le cube occupe une place particuli\u00e8re. Ce solide r\u00e9gulier, \u00e0 la fois simple et fascinant, se caract\u00e9rise par ses six faces carr\u00e9es identiques, ses douze ar\u00eates et ses huit sommets. Symbole de stabilit\u00e9 et d\u2019harmonie, le cube est bien plus qu\u2019une forme. Il est une porte d\u2019entr\u00e9e vers l\u2019exploration des volumes et des math\u00e9matiques.<\/p>\n<div id=\"ez-toc-container\" class=\"ez-toc-v2_0_82_2 counter-hierarchy ez-toc-counter ez-toc-grey ez-toc-container-direction\">\n<div class=\"ez-toc-title-container\">\n<p class=\"ez-toc-title\" style=\"cursor:inherit\">Table of Contents<\/p>\n<span class=\"ez-toc-title-toggle\"><a href=\"#\" class=\"ez-toc-pull-right ez-toc-btn ez-toc-btn-xs ez-toc-btn-default ez-toc-toggle\" aria-label=\"Toggle Table of Content\"><span class=\"ez-toc-js-icon-con\"><span class=\"\"><span class=\"eztoc-hide\" style=\"display:none;\">Toggle<\/span><span class=\"ez-toc-icon-toggle-span\"><svg style=\"fill: #999;color:#999\" xmlns=\"http:\/\/www.w3.org\/2000\/svg\" class=\"list-377408\" width=\"20px\" height=\"20px\" viewBox=\"0 0 24 24\" fill=\"none\"><path d=\"M6 6H4v2h2V6zm14 0H8v2h12V6zM4 11h2v2H4v-2zm16 0H8v2h12v-2zM4 16h2v2H4v-2zm16 0H8v2h12v-2z\" fill=\"currentColor\"><\/path><\/svg><svg style=\"fill: #999;color:#999\" class=\"arrow-unsorted-368013\" xmlns=\"http:\/\/www.w3.org\/2000\/svg\" width=\"10px\" height=\"10px\" viewBox=\"0 0 24 24\" version=\"1.2\" baseProfile=\"tiny\"><path d=\"M18.2 9.3l-6.2-6.3-6.2 6.3c-.2.2-.3.4-.3.7s.1.5.3.7c.2.2.4.3.7.3h11c.3 0 .5-.1.7-.3.2-.2.3-.5.3-.7s-.1-.5-.3-.7zM5.8 14.7l6.2 6.3 6.2-6.3c.2-.2.3-.5.3-.7s-.1-.5-.3-.7c-.2-.2-.4-.3-.7-.3h-11c-.3 0-.5.1-.7.3-.2.2-.3.5-.3.7s.1.5.3.7z\"\/><\/svg><\/span><\/span><\/span><\/a><\/span><\/div>\n<nav><ul class='ez-toc-list ez-toc-list-level-1 ' ><li class='ez-toc-page-1 ez-toc-heading-level-2'><a class=\"ez-toc-link ez-toc-heading-1\" href=\"https:\/\/lesminis.fr\/blog\/le-cube-secrets-mathematiques-geometrie\/#Les_proprietes_geometriques_du_cube\" >Les propri\u00e9t\u00e9s g\u00e9om\u00e9triques du cube<\/a><ul class='ez-toc-list-level-3' ><li class='ez-toc-heading-level-3'><a class=\"ez-toc-link ez-toc-heading-2\" href=\"https:\/\/lesminis.fr\/blog\/le-cube-secrets-mathematiques-geometrie\/#Le_rapport_entre_le_cube_geometrique_et_le_cube_mathematique\" >Le rapport entre le cube g\u00e9om\u00e9trique et le cube math\u00e9matique<\/a><\/li><li class='ez-toc-page-1 ez-toc-heading-level-3'><a class=\"ez-toc-link ez-toc-heading-3\" href=\"https:\/\/lesminis.fr\/blog\/le-cube-secrets-mathematiques-geometrie\/#Les_mathematiciens_qui_ont_explore_le_cube\" >Les math\u00e9maticiens qui ont explor\u00e9 le cube<\/a><\/li><\/ul><\/li><li class='ez-toc-page-1 ez-toc-heading-level-2'><a class=\"ez-toc-link ez-toc-heading-4\" href=\"https:\/\/lesminis.fr\/blog\/le-cube-secrets-mathematiques-geometrie\/#Le_cube_dans_lhistoire_et_la_culture\" >Le cube dans l\u2019histoire et la culture<\/a><\/li><li class='ez-toc-page-1 ez-toc-heading-level-2'><a class=\"ez-toc-link ez-toc-heading-5\" href=\"https:\/\/lesminis.fr\/blog\/le-cube-secrets-mathematiques-geometrie\/#Applications_pratiques_du_cube\" >Applications pratiques du cube<\/a><ul class='ez-toc-list-level-3' ><li class='ez-toc-heading-level-3'><a class=\"ez-toc-link ez-toc-heading-6\" href=\"https:\/\/lesminis.fr\/blog\/le-cube-secrets-mathematiques-geometrie\/#Pourquoi_le_cube_est-il_educatif\" >Pourquoi le cube est-il \u00e9ducatif ?<\/a><\/li><\/ul><\/li><li class='ez-toc-page-1 ez-toc-heading-level-2'><a class=\"ez-toc-link ez-toc-heading-7\" href=\"https:\/\/lesminis.fr\/blog\/le-cube-secrets-mathematiques-geometrie\/#Le_cube_dans_la_nature_et_lart\" >Le cube dans la nature et l\u2019art<\/a><ul class='ez-toc-list-level-3' ><li class='ez-toc-heading-level-3'><a class=\"ez-toc-link ez-toc-heading-8\" href=\"https:\/\/lesminis.fr\/blog\/le-cube-secrets-mathematiques-geometrie\/#Le_cube_dans_le_programme_scolaire_francais\" >Le cube dans le programme scolaire fran\u00e7ais<\/a><\/li><\/ul><\/li><li class='ez-toc-page-1 ez-toc-heading-level-2'><a class=\"ez-toc-link ez-toc-heading-9\" href=\"https:\/\/lesminis.fr\/blog\/le-cube-secrets-mathematiques-geometrie\/#Conclusion_un_solide_aux_possibilites_infinies\" >Conclusion : un solide aux possibilit\u00e9s infinies<\/a><\/li><\/ul><\/nav><\/div>\n<h2><span class=\"ez-toc-section\" id=\"Les_proprietes_geometriques_du_cube\"><\/span>Les propri\u00e9t\u00e9s g\u00e9om\u00e9triques du cube<span class=\"ez-toc-section-end\"><\/span><\/h2>\n<p>Le cube, aussi appel\u00e9 hexa\u00e8dre r\u00e9gulier, est une figure tridimensionnelle parfaite. Voici quelques-unes de ses propri\u00e9t\u00e9s fondamentales :<\/p>\n<ul data-spread=\"false\">\n<li><strong>Faces<\/strong> : Il poss\u00e8de 6 faces carr\u00e9es identiques.<\/li>\n<li><strong>Ar\u00eates<\/strong> : Ses 12 ar\u00eates sont de m\u00eame longueur.<\/li>\n<li><strong>Sommets<\/strong> : Il compte 8 sommets, o\u00f9 se rencontrent 3 ar\u00eates.<\/li>\n<li><strong>Angles<\/strong> : Chaque angle form\u00e9 entre deux faces est droit (90\u00b0).<\/li>\n<\/ul>\n<p>La sym\u00e9trie parfaite du cube en fait un mod\u00e8le d\u2019\u00e9quilibre dans la g\u00e9om\u00e9trie. Sa formule pour calculer le volume est simple :<\/p>\n<p><strong>Volume = c\u00f4t\u00e9 \u00d7 c\u00f4t\u00e9 \u00d7 c\u00f4t\u00e9 = c\u00f4t\u00e9\u00b3<\/strong><\/p>\n<p>De m\u00eame, l\u2019aire totale de ses faces peut \u00eatre calcul\u00e9e avec la formule suivante :<\/p>\n<p><strong>Aire totale = 6 \u00d7 (c\u00f4t\u00e9 \u00d7 c\u00f4t\u00e9) = 6 \u00d7 c\u00f4t\u00e9\u00b2<\/strong><\/p>\n<h3 data-pm-slice=\"1 1 []\"><span class=\"ez-toc-section\" id=\"Le_rapport_entre_le_cube_geometrique_et_le_cube_mathematique\"><\/span>Le rapport entre le cube g\u00e9om\u00e9trique et le cube math\u00e9matique<span class=\"ez-toc-section-end\"><\/span><\/h3>\n<p>Dans les math\u00e9matiques, le concept du cube ne se limite pas \u00e0 la g\u00e9om\u00e9trie. Il s\u2019\u00e9tend aux calculs de puissance et d\u2019alg\u00e8bre. Le terme \u00ab\u00a0cube\u00a0\u00bb d\u00e9signe \u00e9galement l\u2019\u00e9l\u00e9vation d\u2019un nombre \u00e0 la puissance de trois (n\u00b3). Ce lien entre g\u00e9om\u00e9trie et alg\u00e8bre illustre l\u2019importance des formes dans la compr\u00e9hension des nombres.<\/p>\n<p>Par exemple, la repr\u00e9sentation visuelle d\u2019un cube est utilis\u00e9e pour expliquer le volume dans un espace tridimensionnel, tandis que son \u00e9quivalent math\u00e9matique permet de mod\u00e9liser des relations complexes entre les nombres. Cette dualit\u00e9 a \u00e9t\u00e9 explor\u00e9e par des math\u00e9maticiens tels qu\u2019Euclide et Archim\u00e8de.<\/p>\n<h3 data-pm-slice=\"1 3 []\"><span class=\"ez-toc-section\" id=\"Les_mathematiciens_qui_ont_explore_le_cube\"><\/span>Les math\u00e9maticiens qui ont explor\u00e9 le cube<span class=\"ez-toc-section-end\"><\/span><\/h3>\n<ul data-spread=\"false\">\n<li><strong>Euclide<\/strong> : Consid\u00e9r\u00e9 comme le p\u00e8re de la g\u00e9om\u00e9trie, il a d\u00e9crit le cube dans <em>Les \u00c9l\u00e9ments<\/em> comme l\u2019un des solides r\u00e9guliers fondamentaux. Il a \u00e9galement \u00e9tudi\u00e9 ses propri\u00e9t\u00e9s dans le contexte des volumes.<\/li>\n<li><strong>Platon<\/strong> : Dans son ouvrage <em>Tim\u00e9e<\/em>, Platon associait le cube \u00e0 l\u2019\u00e9l\u00e9ment Terre pour symboliser la stabilit\u00e9 et la structure.<\/li>\n<li><a href=\"https:\/\/lesminis.fr\/blog\/archimede-genie-grec-antique-decouverte-ludique\/\"><strong>Archim\u00e8de<\/strong><\/a> : Il a approfondi les calculs de volume li\u00e9s au cube et d\u2019autres solides, offrant une compr\u00e9hension avanc\u00e9e de ces concepts.<\/li>\n<li><strong>Leonhard Euler<\/strong> : Connu pour sa formule poly\u00e9drique (V &#8211; E + F = 2), il a enrichi les connaissances sur les solides comme le cube.<\/li>\n<\/ul>\n<h2><span class=\"ez-toc-section\" id=\"Le_cube_dans_lhistoire_et_la_culture\"><\/span>Le cube dans l\u2019histoire et la culture<span class=\"ez-toc-section-end\"><\/span><\/h2>\n<p>Le cube a captiv\u00e9 l\u2019imagination humaine depuis des mill\u00e9naires. Voici quelques exemples embl\u00e9matiques :<\/p>\n<ul data-spread=\"false\">\n<li><strong>Architecture<\/strong> : Les formes cubiques sont fr\u00e9quemment utilis\u00e9es dans la conception de b\u00e2timents pour leur stabilit\u00e9 et leur efficacit\u00e9 structurelle.<\/li>\n<li><strong>Philosophie<\/strong> : Dans l\u2019Antiquit\u00e9, Platon consid\u00e9rait le cube comme l\u2019un des cinq solides parfaits repr\u00e9sentant les \u00e9l\u00e9ments de l\u2019Univers.<\/li>\n<li><strong>Jeux et jouets<\/strong> : Le cube est au c\u0153ur de nombreux jeux, des d\u00e9s aux casse-t\u00eate comme le Rubik\u2019s Cube.<\/li>\n<\/ul>\n<h2><span class=\"ez-toc-section\" id=\"Applications_pratiques_du_cube\"><\/span>Applications pratiques du cube<span class=\"ez-toc-section-end\"><\/span><\/h2>\n<p>Les cubes jouent un r\u00f4le essentiel dans divers domaines :<\/p>\n<ul data-spread=\"false\">\n<li><strong>Math\u00e9matiques<\/strong> : Ils permettent d\u2019illustrer les concepts de volume, de surface et de sym\u00e9trie.<\/li>\n<li><strong>Physique<\/strong> : Utilis\u00e9s pour d\u00e9montrer des lois comme celles de la flottabilit\u00e9 et de la densit\u00e9.<\/li>\n<li><strong>Industrie et design<\/strong> : Les cubes servent dans la conception de bo\u00eetes, de conteneurs et de structures modulaires.<\/li>\n<\/ul>\n<h3><span class=\"ez-toc-section\" id=\"Pourquoi_le_cube_est-il_educatif\"><\/span>Pourquoi le cube est-il \u00e9ducatif ?<span class=\"ez-toc-section-end\"><\/span><\/h3>\n<p>Le cube est un outil id\u00e9al pour l\u2019apprentissage des notions fondamentales en g\u00e9om\u00e9trie. Les enfants peuvent manipuler des cubes pour comprendre :<\/p>\n<ul data-spread=\"false\">\n<li>La notion de volume et d\u2019espace.<\/li>\n<li>Les propri\u00e9t\u00e9s des solides.<\/li>\n<li>Les relations entre les dimensions et les formules math\u00e9matiques.<\/li>\n<\/ul>\n<p>En utilisant des cubes en bois ou en plastique, les enseignants peuvent proposer des activit\u00e9s concr\u00e8tes et ludiques pour favoriser l\u2019apprentissage.<\/p>\n<p><a href=\"https:\/\/lesminis.fr\/blog\/secrets-formes-volumes-geometriques\/\">Les secrets, applications et figures cl\u00e9s des formes et volumes g\u00e9om\u00e9triques<\/a><\/p>\n<h2><span class=\"ez-toc-section\" id=\"Le_cube_dans_la_nature_et_lart\"><\/span>Le cube dans la nature et l\u2019art<span class=\"ez-toc-section-end\"><\/span><\/h2>\n<p>Bien que le cube soit rare sous sa forme parfaite dans la nature, on peut observer des structures similaires dans les cristaux (comme les cristaux de sel) et dans certains ph\u00e9nom\u00e8nes g\u00e9ologiques. En art, le cube est fr\u00e9quemment utilis\u00e9 comme base pour explorer les dimensions et la perspective.<\/p>\n<h3 data-pm-slice=\"1 1 []\"><span class=\"ez-toc-section\" id=\"Le_cube_dans_le_programme_scolaire_francais\"><\/span>Le cube dans le programme scolaire fran\u00e7ais<span class=\"ez-toc-section-end\"><\/span><\/h3>\n<p>Dans le programme scolaire fran\u00e7ais, le cube est introduit d\u00e8s le cycle 2 (CP, CE1, CE2) pour enseigner les notions de g\u00e9om\u00e9trie et de volume. Les \u00e9l\u00e8ves apprennent \u00e0 reconna\u00eetre cette forme, \u00e0 calculer son volume, et \u00e0 comprendre ses propri\u00e9t\u00e9s \u00e0 travers des activit\u00e9s concr\u00e8tes et manipulatives, comme la construction de solides ou l&rsquo;utilisation de mod\u00e8les en 3D. Cette approche pratique permet de relier les concepts math\u00e9matiques \u00e0 des situations du quotidien, renfor\u00e7ant ainsi la compr\u00e9hension des \u00e9l\u00e8ves. <a href=\"https:\/\/www.education.gouv.fr\/de-nouveaux-programmes-de-francais-et-de-mathematiques-pour-les-eleves-de-la-maternelle-au-ce2-415662\">D\u00e9couvrez les nouveaux programmes de math\u00e9matiques pour la maternelle et le cycle 2 sur le site du minist\u00e8re de l&rsquo;\u00c9ducation nationale<\/a>.<\/p>\n<h2><span class=\"ez-toc-section\" id=\"Conclusion_un_solide_aux_possibilites_infinies\"><\/span>Conclusion : un solide aux possibilit\u00e9s infinies<span class=\"ez-toc-section-end\"><\/span><\/h2>\n<p>Le cube est bien plus qu\u2019une simple forme g\u00e9om\u00e9trique. Sa stabilit\u00e9, sa sym\u00e9trie et ses applications vari\u00e9es en font un sujet fascinant pour les math\u00e9matiques, l\u2019\u00e9ducation, l\u2019art et bien plus encore. En explorant le cube, on d\u00e9couvre non seulement une forme, mais aussi une mani\u00e8re d\u2019appr\u00e9hender le monde qui nous entoure.<\/p>\n<p>&nbsp;<\/p>\n<blockquote class=\"wp-embedded-content\" data-secret=\"ZLjC6O4w5l\"><p><a href=\"https:\/\/lesminis.fr\/blog\/le-cube-du-binome-dans-la-methode-montessori\/\">Le Cube du bin\u00f4me dans la m\u00e9thode Montessori<\/a><\/p><\/blockquote>\n<p><iframe loading=\"lazy\" class=\"wp-embedded-content\" sandbox=\"allow-scripts\" security=\"restricted\" style=\"position: absolute; clip: rect(1px, 1px, 1px, 1px);\" title=\"\u00ab\u00a0Le Cube du bin\u00f4me dans la m\u00e9thode Montessori\u00a0\u00bb &#8212; LesMinis Le Blog - Mat\u00e9riels \u00e9ducatifs - Figurines p\u00e9dagogiques\" src=\"https:\/\/lesminis.fr\/blog\/le-cube-du-binome-dans-la-methode-montessori\/embed\/#?secret=UE9yeifIEJ#?secret=ZLjC6O4w5l\" data-secret=\"ZLjC6O4w5l\" width=\"600\" height=\"338\" frameborder=\"0\" marginwidth=\"0\" marginheight=\"0\" scrolling=\"no\"><\/iframe><\/p>\n<p>&nbsp;<\/p>\n","protected":false},"excerpt":{"rendered":"<p>Le cube est une figure fascinante, au croisement des math\u00e9matiques et de la g\u00e9om\u00e9trie. Symbole de stabilit\u00e9, il r\u00e9v\u00e8le ses secrets \u00e0 travers ses propri\u00e9t\u00e9s, son r\u00f4le historique, et ses applications pratiques en \u00e9ducation et sciences.<\/p>\n","protected":false},"author":1,"featured_media":4441,"comment_status":"open","ping_status":"closed","sticky":false,"template":"","format":"standard","meta":{"_acf_changed":false,"footnotes":""},"categories":[105],"tags":[1573,1072,1575,1574,1571,1576,129,207,1569,364,288,1572,335,1567],"class_list":{"0":"post-4440","1":"post","2":"type-post","3":"status-publish","4":"format-standard","5":"has-post-thumbnail","7":"category-minispedago-predagogie-montessori-activites-developpement","8":"tag-applications-pratiques","9":"tag-archimede","10":"tag-art","11":"tag-cristaux","12":"tag-cube","13":"tag-design","14":"tag-education","15":"tag-enseignement","16":"tag-euclide","17":"tag-geometrie","18":"tag-mathematiques","19":"tag-solides-reguliers","20":"tag-symetrie","21":"tag-volumes"},"acf":[],"yoast_head":"<!-- This site is optimized with the Yoast SEO Premium plugin v27.5 (Yoast SEO v27.5) - https:\/\/yoast.com\/product\/yoast-seo-premium-wordpress\/ -->\n<title>Le cube : ses secrets, propri\u00e9t\u00e9s et son r\u00f4le en math\u00e9matiques.<\/title>\n<meta name=\"description\" content=\"Plongez dans l&#039;univers du cube, figure cl\u00e9 en math\u00e9matiques et g\u00e9om\u00e9trie. D\u00e9couvrez ses propri\u00e9t\u00e9s uniques, son lien avec les volumes, son importance dans l&#039;histoire des math\u00e9maticiens comme Euclide et Archim\u00e8de, et ses multiples applications en \u00e9ducation, sciences et art.\" \/>\n<meta name=\"robots\" content=\"index, follow, max-snippet:-1, max-image-preview:large, max-video-preview:-1\" \/>\n<link rel=\"canonical\" href=\"https:\/\/lesminis.fr\/blog\/le-cube-secrets-mathematiques-geometrie\/\" \/>\n<meta property=\"og:locale\" content=\"fr_FR\" \/>\n<meta property=\"og:type\" content=\"article\" \/>\n<meta property=\"og:title\" content=\"Le cube : solide de stabilit\u00e9\" \/>\n<meta property=\"og:description\" content=\"Plongez dans l&#039;univers du cube, figure cl\u00e9 en math\u00e9matiques et g\u00e9om\u00e9trie. D\u00e9couvrez ses propri\u00e9t\u00e9s uniques, son lien avec les volumes, son importance dans l&#039;histoire des math\u00e9maticiens comme Euclide et Archim\u00e8de, et ses multiples applications en \u00e9ducation, sciences et art.\" \/>\n<meta property=\"og:url\" content=\"https:\/\/lesminis.fr\/blog\/le-cube-secrets-mathematiques-geometrie\/\" \/>\n<meta property=\"og:site_name\" content=\"LesMinis Le Blog - Mat\u00e9riels \u00e9ducatifs - Figurines p\u00e9dagogiques\" \/>\n<meta property=\"article:publisher\" content=\"https:\/\/fr-fr.facebook.com\/LesMinis.fr\/\" \/>\n<meta property=\"article:author\" content=\"https:\/\/www.facebook.com\/LesMinis.fr\/\" \/>\n<meta property=\"article:published_time\" content=\"2024-12-29T12:59:09+00:00\" \/>\n<meta property=\"article:modified_time\" content=\"2024-12-29T13:44:07+00:00\" \/>\n<meta property=\"og:image\" content=\"https:\/\/lesminis.fr\/blog\/wp-content\/uploads\/2024\/12\/cube.jpg\" \/>\n\t<meta property=\"og:image:width\" content=\"960\" \/>\n\t<meta property=\"og:image:height\" content=\"540\" \/>\n\t<meta property=\"og:image:type\" content=\"image\/jpeg\" \/>\n<meta name=\"author\" content=\"LesMinis\" \/>\n<meta name=\"twitter:label1\" content=\"\u00c9crit par\" \/>\n\t<meta name=\"twitter:data1\" content=\"LesMinis\" \/>\n\t<meta name=\"twitter:label2\" content=\"Dur\u00e9e de lecture estim\u00e9e\" \/>\n\t<meta name=\"twitter:data2\" content=\"5 minutes\" \/>\n<script type=\"application\/ld+json\" class=\"yoast-schema-graph\">{\"@context\":\"https:\\\/\\\/schema.org\",\"@graph\":[{\"@type\":[\"Article\",\"BlogPosting\"],\"@id\":\"https:\\\/\\\/lesminis.fr\\\/blog\\\/le-cube-secrets-mathematiques-geometrie\\\/#article\",\"isPartOf\":{\"@id\":\"https:\\\/\\\/lesminis.fr\\\/blog\\\/le-cube-secrets-mathematiques-geometrie\\\/\"},\"author\":{\"name\":\"LesMinis\",\"@id\":\"https:\\\/\\\/lesminis.fr\\\/blog\\\/#\\\/schema\\\/person\\\/4a1be8c8c70a7d945af71674957cf83e\"},\"headline\":\"Le cube : solide de stabilit\u00e9\",\"datePublished\":\"2024-12-29T12:59:09+00:00\",\"dateModified\":\"2024-12-29T13:44:07+00:00\",\"mainEntityOfPage\":{\"@id\":\"https:\\\/\\\/lesminis.fr\\\/blog\\\/le-cube-secrets-mathematiques-geometrie\\\/\"},\"wordCount\":963,\"commentCount\":0,\"publisher\":{\"@id\":\"https:\\\/\\\/lesminis.fr\\\/blog\\\/#organization\"},\"image\":{\"@id\":\"https:\\\/\\\/lesminis.fr\\\/blog\\\/le-cube-secrets-mathematiques-geometrie\\\/#primaryimage\"},\"thumbnailUrl\":\"https:\\\/\\\/lesminis.fr\\\/blog\\\/wp-content\\\/uploads\\\/2024\\\/12\\\/cube.jpg\",\"keywords\":[\"applications pratiques\",\"Archim\u00e8de\",\"art\",\"cristaux\",\"cube\",\"design\",\"\u00c9ducation\",\"enseignement\",\"Euclide\",\"g\u00e9om\u00e9trie\",\"math\u00e9matiques\",\"solides r\u00e9guliers\",\"sym\u00e9trie\",\"volumes\"],\"articleSection\":[\"MinisPedago \u2014 Montessori, p\u00e9dagogies alternatives &amp; d\u00e9veloppement de l\u2019enfant\"],\"inLanguage\":\"fr-FR\",\"potentialAction\":[{\"@type\":\"CommentAction\",\"name\":\"Comment\",\"target\":[\"https:\\\/\\\/lesminis.fr\\\/blog\\\/le-cube-secrets-mathematiques-geometrie\\\/#respond\"]}]},{\"@type\":\"WebPage\",\"@id\":\"https:\\\/\\\/lesminis.fr\\\/blog\\\/le-cube-secrets-mathematiques-geometrie\\\/\",\"url\":\"https:\\\/\\\/lesminis.fr\\\/blog\\\/le-cube-secrets-mathematiques-geometrie\\\/\",\"name\":\"Le cube : ses secrets, propri\u00e9t\u00e9s et son r\u00f4le en math\u00e9matiques.\",\"isPartOf\":{\"@id\":\"https:\\\/\\\/lesminis.fr\\\/blog\\\/#website\"},\"primaryImageOfPage\":{\"@id\":\"https:\\\/\\\/lesminis.fr\\\/blog\\\/le-cube-secrets-mathematiques-geometrie\\\/#primaryimage\"},\"image\":{\"@id\":\"https:\\\/\\\/lesminis.fr\\\/blog\\\/le-cube-secrets-mathematiques-geometrie\\\/#primaryimage\"},\"thumbnailUrl\":\"https:\\\/\\\/lesminis.fr\\\/blog\\\/wp-content\\\/uploads\\\/2024\\\/12\\\/cube.jpg\",\"datePublished\":\"2024-12-29T12:59:09+00:00\",\"dateModified\":\"2024-12-29T13:44:07+00:00\",\"description\":\"Plongez dans l'univers du cube, figure cl\u00e9 en math\u00e9matiques et g\u00e9om\u00e9trie. D\u00e9couvrez ses propri\u00e9t\u00e9s uniques, son lien avec les volumes, son importance dans l'histoire des math\u00e9maticiens comme Euclide et Archim\u00e8de, et ses multiples applications en \u00e9ducation, sciences et art.\",\"breadcrumb\":{\"@id\":\"https:\\\/\\\/lesminis.fr\\\/blog\\\/le-cube-secrets-mathematiques-geometrie\\\/#breadcrumb\"},\"inLanguage\":\"fr-FR\",\"potentialAction\":[{\"@type\":\"ReadAction\",\"target\":[\"https:\\\/\\\/lesminis.fr\\\/blog\\\/le-cube-secrets-mathematiques-geometrie\\\/\"]}]},{\"@type\":\"ImageObject\",\"inLanguage\":\"fr-FR\",\"@id\":\"https:\\\/\\\/lesminis.fr\\\/blog\\\/le-cube-secrets-mathematiques-geometrie\\\/#primaryimage\",\"url\":\"https:\\\/\\\/lesminis.fr\\\/blog\\\/wp-content\\\/uploads\\\/2024\\\/12\\\/cube.jpg\",\"contentUrl\":\"https:\\\/\\\/lesminis.fr\\\/blog\\\/wp-content\\\/uploads\\\/2024\\\/12\\\/cube.jpg\",\"width\":960,\"height\":540,\"caption\":\"Illustration d'un cube g\u00e9om\u00e9trique parfait, symbole de stabilit\u00e9, avec des applications en math\u00e9matiques, g\u00e9om\u00e9trie et \u00e9ducation. Explorez ses secrets et son r\u00f4le dans les sciences et l'art.\"},{\"@type\":\"BreadcrumbList\",\"@id\":\"https:\\\/\\\/lesminis.fr\\\/blog\\\/le-cube-secrets-mathematiques-geometrie\\\/#breadcrumb\",\"itemListElement\":[{\"@type\":\"ListItem\",\"position\":1,\"name\":\"Accueil\",\"item\":\"https:\\\/\\\/lesminis.fr\\\/blog\\\/\"},{\"@type\":\"ListItem\",\"position\":2,\"name\":\"Le cube : solide de stabilit\u00e9\"}]},{\"@type\":\"WebSite\",\"@id\":\"https:\\\/\\\/lesminis.fr\\\/blog\\\/#website\",\"url\":\"https:\\\/\\\/lesminis.fr\\\/blog\\\/\",\"name\":\"LesMinis Le Blog - Mat\u00e9riels \u00e9ducatifs - Figurines p\u00e9dagogiques\",\"description\":\"D\u00e9couvrez notre actualit\u00e9, figurines, mat\u00e9riel \u00e9ducatif, activit\u00e9s Montessori\",\"publisher\":{\"@id\":\"https:\\\/\\\/lesminis.fr\\\/blog\\\/#organization\"},\"potentialAction\":[{\"@type\":\"SearchAction\",\"target\":{\"@type\":\"EntryPoint\",\"urlTemplate\":\"https:\\\/\\\/lesminis.fr\\\/blog\\\/?s={search_term_string}\"},\"query-input\":{\"@type\":\"PropertyValueSpecification\",\"valueRequired\":true,\"valueName\":\"search_term_string\"}}],\"inLanguage\":\"fr-FR\"},{\"@type\":\"Organization\",\"@id\":\"https:\\\/\\\/lesminis.fr\\\/blog\\\/#organization\",\"name\":\"LesMinis - Sp\u00e9cialiste mat\u00e9riel p\u00e9dagogiques - Figurines \u00e9ducatives - Mat\u00e9riel Montessori\",\"url\":\"https:\\\/\\\/lesminis.fr\\\/blog\\\/\",\"logo\":{\"@type\":\"ImageObject\",\"inLanguage\":\"fr-FR\",\"@id\":\"https:\\\/\\\/lesminis.fr\\\/blog\\\/#\\\/schema\\\/logo\\\/image\\\/\",\"url\":\"https:\\\/\\\/lesminis.fr\\\/blog\\\/wp-content\\\/uploads\\\/2023\\\/03\\\/nouveau-logo-lesminis.png\",\"contentUrl\":\"https:\\\/\\\/lesminis.fr\\\/blog\\\/wp-content\\\/uploads\\\/2023\\\/03\\\/nouveau-logo-lesminis.png\",\"width\":500,\"height\":175,\"caption\":\"LesMinis - Sp\u00e9cialiste mat\u00e9riel p\u00e9dagogiques - Figurines \u00e9ducatives - Mat\u00e9riel Montessori\"},\"image\":{\"@id\":\"https:\\\/\\\/lesminis.fr\\\/blog\\\/#\\\/schema\\\/logo\\\/image\\\/\"},\"sameAs\":[\"https:\\\/\\\/fr-fr.facebook.com\\\/LesMinis.fr\\\/\",\"https:\\\/\\\/www.instagram.com\\\/lesminis.fr\\\/\",\"https:\\\/\\\/www.tiktok.com\\\/@lesminis.fr\",\"https:\\\/\\\/www.pinterest.fr\\\/lesminisfr\\\/\"]},{\"@type\":\"Person\",\"@id\":\"https:\\\/\\\/lesminis.fr\\\/blog\\\/#\\\/schema\\\/person\\\/4a1be8c8c70a7d945af71674957cf83e\",\"name\":\"LesMinis\",\"image\":{\"@type\":\"ImageObject\",\"inLanguage\":\"fr-FR\",\"@id\":\"https:\\\/\\\/secure.gravatar.com\\\/avatar\\\/288cd93d352b3465f2bd0701b1f2bb059b68dc3a70c4fda061bad8e6c9f8d865?s=96&d=blank&r=g\",\"url\":\"https:\\\/\\\/secure.gravatar.com\\\/avatar\\\/288cd93d352b3465f2bd0701b1f2bb059b68dc3a70c4fda061bad8e6c9f8d865?s=96&d=blank&r=g\",\"contentUrl\":\"https:\\\/\\\/secure.gravatar.com\\\/avatar\\\/288cd93d352b3465f2bd0701b1f2bb059b68dc3a70c4fda061bad8e6c9f8d865?s=96&d=blank&r=g\",\"caption\":\"LesMinis\"},\"sameAs\":[\"https:\\\/\\\/lesminis.fr\\\/blog\",\"https:\\\/\\\/www.facebook.com\\\/LesMinis.fr\\\/\",\"https:\\\/\\\/www.instagram.com\\\/lesminis.fr\\\/\",\"https:\\\/\\\/www.pinterest.fr\\\/lesminisfr\\\/\"],\"url\":\"https:\\\/\\\/lesminis.fr\\\/blog\\\/author\\\/lesminis\\\/\"}]}<\/script>\n<!-- \/ Yoast SEO Premium plugin. -->","yoast_head_json":{"title":"Le cube : ses secrets, propri\u00e9t\u00e9s et son r\u00f4le en math\u00e9matiques.","description":"Plongez dans l'univers du cube, figure cl\u00e9 en math\u00e9matiques et g\u00e9om\u00e9trie. D\u00e9couvrez ses propri\u00e9t\u00e9s uniques, son lien avec les volumes, son importance dans l'histoire des math\u00e9maticiens comme Euclide et Archim\u00e8de, et ses multiples applications en \u00e9ducation, sciences et art.","robots":{"index":"index","follow":"follow","max-snippet":"max-snippet:-1","max-image-preview":"max-image-preview:large","max-video-preview":"max-video-preview:-1"},"canonical":"https:\/\/lesminis.fr\/blog\/le-cube-secrets-mathematiques-geometrie\/","og_locale":"fr_FR","og_type":"article","og_title":"Le cube : solide de stabilit\u00e9","og_description":"Plongez dans l'univers du cube, figure cl\u00e9 en math\u00e9matiques et g\u00e9om\u00e9trie. D\u00e9couvrez ses propri\u00e9t\u00e9s uniques, son lien avec les volumes, son importance dans l'histoire des math\u00e9maticiens comme Euclide et Archim\u00e8de, et ses multiples applications en \u00e9ducation, sciences et art.","og_url":"https:\/\/lesminis.fr\/blog\/le-cube-secrets-mathematiques-geometrie\/","og_site_name":"LesMinis Le Blog - Mat\u00e9riels \u00e9ducatifs - Figurines p\u00e9dagogiques","article_publisher":"https:\/\/fr-fr.facebook.com\/LesMinis.fr\/","article_author":"https:\/\/www.facebook.com\/LesMinis.fr\/","article_published_time":"2024-12-29T12:59:09+00:00","article_modified_time":"2024-12-29T13:44:07+00:00","og_image":[{"width":960,"height":540,"url":"https:\/\/lesminis.fr\/blog\/wp-content\/uploads\/2024\/12\/cube.jpg","type":"image\/jpeg"}],"author":"LesMinis","twitter_misc":{"\u00c9crit par":"LesMinis","Dur\u00e9e de lecture estim\u00e9e":"5 minutes"},"schema":{"@context":"https:\/\/schema.org","@graph":[{"@type":["Article","BlogPosting"],"@id":"https:\/\/lesminis.fr\/blog\/le-cube-secrets-mathematiques-geometrie\/#article","isPartOf":{"@id":"https:\/\/lesminis.fr\/blog\/le-cube-secrets-mathematiques-geometrie\/"},"author":{"name":"LesMinis","@id":"https:\/\/lesminis.fr\/blog\/#\/schema\/person\/4a1be8c8c70a7d945af71674957cf83e"},"headline":"Le cube : solide de stabilit\u00e9","datePublished":"2024-12-29T12:59:09+00:00","dateModified":"2024-12-29T13:44:07+00:00","mainEntityOfPage":{"@id":"https:\/\/lesminis.fr\/blog\/le-cube-secrets-mathematiques-geometrie\/"},"wordCount":963,"commentCount":0,"publisher":{"@id":"https:\/\/lesminis.fr\/blog\/#organization"},"image":{"@id":"https:\/\/lesminis.fr\/blog\/le-cube-secrets-mathematiques-geometrie\/#primaryimage"},"thumbnailUrl":"https:\/\/lesminis.fr\/blog\/wp-content\/uploads\/2024\/12\/cube.jpg","keywords":["applications pratiques","Archim\u00e8de","art","cristaux","cube","design","\u00c9ducation","enseignement","Euclide","g\u00e9om\u00e9trie","math\u00e9matiques","solides r\u00e9guliers","sym\u00e9trie","volumes"],"articleSection":["MinisPedago \u2014 Montessori, p\u00e9dagogies alternatives &amp; d\u00e9veloppement de l\u2019enfant"],"inLanguage":"fr-FR","potentialAction":[{"@type":"CommentAction","name":"Comment","target":["https:\/\/lesminis.fr\/blog\/le-cube-secrets-mathematiques-geometrie\/#respond"]}]},{"@type":"WebPage","@id":"https:\/\/lesminis.fr\/blog\/le-cube-secrets-mathematiques-geometrie\/","url":"https:\/\/lesminis.fr\/blog\/le-cube-secrets-mathematiques-geometrie\/","name":"Le cube : ses secrets, propri\u00e9t\u00e9s et son r\u00f4le en math\u00e9matiques.","isPartOf":{"@id":"https:\/\/lesminis.fr\/blog\/#website"},"primaryImageOfPage":{"@id":"https:\/\/lesminis.fr\/blog\/le-cube-secrets-mathematiques-geometrie\/#primaryimage"},"image":{"@id":"https:\/\/lesminis.fr\/blog\/le-cube-secrets-mathematiques-geometrie\/#primaryimage"},"thumbnailUrl":"https:\/\/lesminis.fr\/blog\/wp-content\/uploads\/2024\/12\/cube.jpg","datePublished":"2024-12-29T12:59:09+00:00","dateModified":"2024-12-29T13:44:07+00:00","description":"Plongez dans l'univers du cube, figure cl\u00e9 en math\u00e9matiques et g\u00e9om\u00e9trie. D\u00e9couvrez ses propri\u00e9t\u00e9s uniques, son lien avec les volumes, son importance dans l'histoire des math\u00e9maticiens comme Euclide et Archim\u00e8de, et ses multiples applications en \u00e9ducation, sciences et art.","breadcrumb":{"@id":"https:\/\/lesminis.fr\/blog\/le-cube-secrets-mathematiques-geometrie\/#breadcrumb"},"inLanguage":"fr-FR","potentialAction":[{"@type":"ReadAction","target":["https:\/\/lesminis.fr\/blog\/le-cube-secrets-mathematiques-geometrie\/"]}]},{"@type":"ImageObject","inLanguage":"fr-FR","@id":"https:\/\/lesminis.fr\/blog\/le-cube-secrets-mathematiques-geometrie\/#primaryimage","url":"https:\/\/lesminis.fr\/blog\/wp-content\/uploads\/2024\/12\/cube.jpg","contentUrl":"https:\/\/lesminis.fr\/blog\/wp-content\/uploads\/2024\/12\/cube.jpg","width":960,"height":540,"caption":"Illustration d'un cube g\u00e9om\u00e9trique parfait, symbole de stabilit\u00e9, avec des applications en math\u00e9matiques, g\u00e9om\u00e9trie et \u00e9ducation. Explorez ses secrets et son r\u00f4le dans les sciences et l'art."},{"@type":"BreadcrumbList","@id":"https:\/\/lesminis.fr\/blog\/le-cube-secrets-mathematiques-geometrie\/#breadcrumb","itemListElement":[{"@type":"ListItem","position":1,"name":"Accueil","item":"https:\/\/lesminis.fr\/blog\/"},{"@type":"ListItem","position":2,"name":"Le cube : solide de stabilit\u00e9"}]},{"@type":"WebSite","@id":"https:\/\/lesminis.fr\/blog\/#website","url":"https:\/\/lesminis.fr\/blog\/","name":"LesMinis Le Blog - Mat\u00e9riels \u00e9ducatifs - Figurines p\u00e9dagogiques","description":"D\u00e9couvrez notre actualit\u00e9, figurines, mat\u00e9riel \u00e9ducatif, activit\u00e9s Montessori","publisher":{"@id":"https:\/\/lesminis.fr\/blog\/#organization"},"potentialAction":[{"@type":"SearchAction","target":{"@type":"EntryPoint","urlTemplate":"https:\/\/lesminis.fr\/blog\/?s={search_term_string}"},"query-input":{"@type":"PropertyValueSpecification","valueRequired":true,"valueName":"search_term_string"}}],"inLanguage":"fr-FR"},{"@type":"Organization","@id":"https:\/\/lesminis.fr\/blog\/#organization","name":"LesMinis - Sp\u00e9cialiste mat\u00e9riel p\u00e9dagogiques - Figurines \u00e9ducatives - Mat\u00e9riel Montessori","url":"https:\/\/lesminis.fr\/blog\/","logo":{"@type":"ImageObject","inLanguage":"fr-FR","@id":"https:\/\/lesminis.fr\/blog\/#\/schema\/logo\/image\/","url":"https:\/\/lesminis.fr\/blog\/wp-content\/uploads\/2023\/03\/nouveau-logo-lesminis.png","contentUrl":"https:\/\/lesminis.fr\/blog\/wp-content\/uploads\/2023\/03\/nouveau-logo-lesminis.png","width":500,"height":175,"caption":"LesMinis - Sp\u00e9cialiste mat\u00e9riel p\u00e9dagogiques - Figurines \u00e9ducatives - Mat\u00e9riel Montessori"},"image":{"@id":"https:\/\/lesminis.fr\/blog\/#\/schema\/logo\/image\/"},"sameAs":["https:\/\/fr-fr.facebook.com\/LesMinis.fr\/","https:\/\/www.instagram.com\/lesminis.fr\/","https:\/\/www.tiktok.com\/@lesminis.fr","https:\/\/www.pinterest.fr\/lesminisfr\/"]},{"@type":"Person","@id":"https:\/\/lesminis.fr\/blog\/#\/schema\/person\/4a1be8c8c70a7d945af71674957cf83e","name":"LesMinis","image":{"@type":"ImageObject","inLanguage":"fr-FR","@id":"https:\/\/secure.gravatar.com\/avatar\/288cd93d352b3465f2bd0701b1f2bb059b68dc3a70c4fda061bad8e6c9f8d865?s=96&d=blank&r=g","url":"https:\/\/secure.gravatar.com\/avatar\/288cd93d352b3465f2bd0701b1f2bb059b68dc3a70c4fda061bad8e6c9f8d865?s=96&d=blank&r=g","contentUrl":"https:\/\/secure.gravatar.com\/avatar\/288cd93d352b3465f2bd0701b1f2bb059b68dc3a70c4fda061bad8e6c9f8d865?s=96&d=blank&r=g","caption":"LesMinis"},"sameAs":["https:\/\/lesminis.fr\/blog","https:\/\/www.facebook.com\/LesMinis.fr\/","https:\/\/www.instagram.com\/lesminis.fr\/","https:\/\/www.pinterest.fr\/lesminisfr\/"],"url":"https:\/\/lesminis.fr\/blog\/author\/lesminis\/"}]}},"_links":{"self":[{"href":"https:\/\/lesminis.fr\/blog\/wp-json\/wp\/v2\/posts\/4440","targetHints":{"allow":["GET"]}}],"collection":[{"href":"https:\/\/lesminis.fr\/blog\/wp-json\/wp\/v2\/posts"}],"about":[{"href":"https:\/\/lesminis.fr\/blog\/wp-json\/wp\/v2\/types\/post"}],"author":[{"embeddable":true,"href":"https:\/\/lesminis.fr\/blog\/wp-json\/wp\/v2\/users\/1"}],"replies":[{"embeddable":true,"href":"https:\/\/lesminis.fr\/blog\/wp-json\/wp\/v2\/comments?post=4440"}],"version-history":[{"count":2,"href":"https:\/\/lesminis.fr\/blog\/wp-json\/wp\/v2\/posts\/4440\/revisions"}],"predecessor-version":[{"id":4443,"href":"https:\/\/lesminis.fr\/blog\/wp-json\/wp\/v2\/posts\/4440\/revisions\/4443"}],"wp:featuredmedia":[{"embeddable":true,"href":"https:\/\/lesminis.fr\/blog\/wp-json\/wp\/v2\/media\/4441"}],"wp:attachment":[{"href":"https:\/\/lesminis.fr\/blog\/wp-json\/wp\/v2\/media?parent=4440"}],"wp:term":[{"taxonomy":"category","embeddable":true,"href":"https:\/\/lesminis.fr\/blog\/wp-json\/wp\/v2\/categories?post=4440"},{"taxonomy":"post_tag","embeddable":true,"href":"https:\/\/lesminis.fr\/blog\/wp-json\/wp\/v2\/tags?post=4440"}],"curies":[{"name":"wp","href":"https:\/\/api.w.org\/{rel}","templated":true}]}}