{"id":4375,"date":"2024-08-19T17:06:23","date_gmt":"2024-08-19T16:06:23","guid":{"rendered":"https:\/\/lesminis.fr\/blog\/?p=4375"},"modified":"2025-06-11T21:07:38","modified_gmt":"2025-06-11T20:07:38","slug":"mobiles-montessori-developpement-cerebral-bebe","status":"publish","type":"post","link":"https:\/\/lesminis.fr\/blog\/mobiles-montessori-developpement-cerebral-bebe\/","title":{"rendered":"Mobiles Montessori : le guide pour choisir et les pr\u00e9senter dans le bon ordre"},"content":{"rendered":"<p>Les <strong>mobiles Montessori<\/strong> ne sont pas de simples d\u00e9corations de chambre. Ils racontent une histoire, celle du d\u00e9veloppement visuel de votre b\u00e9b\u00e9. Semaine apr\u00e8s semaine, ces outils p\u00e9dagogiques accompagnent l&rsquo;\u00e9volution de sa perception, de ses premiers contrastes aux nuances les plus subtiles. Contrairement aux mobiles qui bougent et font du bruit, les <strong>mobiles Montessori<\/strong> invitent au calme, \u00e0 l&rsquo;observation profonde et \u00e0 cette concentration naissante si pr\u00e9cieuse.<\/p>\n<blockquote style=\"border-left: 4px solid #e8b4b8; padding-left: 20px; margin: 20px 0; font-style: italic; color: #666;\"><p>\u00ab\u00a0L&rsquo;enfant nous demande de l&rsquo;aider \u00e0 agir par lui-m\u00eame.\u00a0\u00bb &#8211; Maria Montessori<\/p><\/blockquote>\n<div id=\"ez-toc-container\" class=\"ez-toc-v2_0_78 counter-hierarchy ez-toc-counter ez-toc-grey ez-toc-container-direction\">\n<div class=\"ez-toc-title-container\">\n<p class=\"ez-toc-title\" style=\"cursor:inherit\">Table of Contents<\/p>\n<span class=\"ez-toc-title-toggle\"><a href=\"#\" class=\"ez-toc-pull-right ez-toc-btn ez-toc-btn-xs ez-toc-btn-default ez-toc-toggle\" aria-label=\"Toggle Table of Content\"><span class=\"ez-toc-js-icon-con\"><span class=\"\"><span class=\"eztoc-hide\" style=\"display:none;\">Toggle<\/span><span class=\"ez-toc-icon-toggle-span\"><svg style=\"fill: #999;color:#999\" xmlns=\"http:\/\/www.w3.org\/2000\/svg\" class=\"list-377408\" width=\"20px\" height=\"20px\" viewBox=\"0 0 24 24\" fill=\"none\"><path d=\"M6 6H4v2h2V6zm14 0H8v2h12V6zM4 11h2v2H4v-2zm16 0H8v2h12v-2zM4 16h2v2H4v-2zm16 0H8v2h12v-2z\" fill=\"currentColor\"><\/path><\/svg><svg style=\"fill: #999;color:#999\" class=\"arrow-unsorted-368013\" xmlns=\"http:\/\/www.w3.org\/2000\/svg\" width=\"10px\" height=\"10px\" viewBox=\"0 0 24 24\" version=\"1.2\" baseProfile=\"tiny\"><path d=\"M18.2 9.3l-6.2-6.3-6.2 6.3c-.2.2-.3.4-.3.7s.1.5.3.7c.2.2.4.3.7.3h11c.3 0 .5-.1.7-.3.2-.2.3-.5.3-.7s-.1-.5-.3-.7zM5.8 14.7l6.2 6.3 6.2-6.3c.2-.2.3-.5.3-.7s-.1-.5-.3-.7c-.2-.2-.4-.3-.7-.3h-11c-.3 0-.5.1-.7.3-.2.2-.3.5-.3.7s.1.5.3.7z\"\/><\/svg><\/span><\/span><\/span><\/a><\/span><\/div>\n<nav><ul class='ez-toc-list ez-toc-list-level-1 ' ><li class='ez-toc-page-1 ez-toc-heading-level-2'><a class=\"ez-toc-link ez-toc-heading-1\" href=\"https:\/\/lesminis.fr\/blog\/mobiles-montessori-developpement-cerebral-bebe\/#Une_revolution_dans_la_comprehension_du_nouveau-ne\" >Une r\u00e9volution dans la compr\u00e9hension du nouveau-n\u00e9<\/a><\/li><li class='ez-toc-page-1 ez-toc-heading-level-2'><a class=\"ez-toc-link ez-toc-heading-2\" href=\"https:\/\/lesminis.fr\/blog\/mobiles-montessori-developpement-cerebral-bebe\/#Ce_que_la_science_nous_apprend_aujourdhui\" >Ce que la science nous apprend aujourd&rsquo;hui<\/a><\/li><li class='ez-toc-page-1 ez-toc-heading-level-2'><a class=\"ez-toc-link ez-toc-heading-3\" href=\"https:\/\/lesminis.fr\/blog\/mobiles-montessori-developpement-cerebral-bebe\/#Lhistoire_fascinante_derriere_les_mobiles\" >L&rsquo;histoire fascinante derri\u00e8re les mobiles<\/a><\/li><li class='ez-toc-page-1 ez-toc-heading-level-2'><a class=\"ez-toc-link ez-toc-heading-4\" href=\"https:\/\/lesminis.fr\/blog\/mobiles-montessori-developpement-cerebral-bebe\/#Les_quatre_mobiles_une_progression_pensee_pour_votre_bebe\" >Les quatre mobiles : une progression pens\u00e9e pour votre b\u00e9b\u00e9<\/a><ul class='ez-toc-list-level-3' ><li class='ez-toc-heading-level-3'><a class=\"ez-toc-link ez-toc-heading-5\" href=\"https:\/\/lesminis.fr\/blog\/mobiles-montessori-developpement-cerebral-bebe\/#Le_mobile_de_Munari_premiers_contrastes_des_la_naissance\" >Le mobile de Munari : premiers contrastes (d\u00e8s la naissance)<\/a><\/li><li class='ez-toc-page-1 ez-toc-heading-level-3'><a class=\"ez-toc-link ez-toc-heading-6\" href=\"https:\/\/lesminis.fr\/blog\/mobiles-montessori-developpement-cerebral-bebe\/#Le_mobile_des_Octaedres_leveil_aux_couleurs_vers_6_semaines\" >Le mobile des Octa\u00e8dres : l&rsquo;\u00e9veil aux couleurs (vers 6 semaines)<\/a><\/li><li class='ez-toc-page-1 ez-toc-heading-level-3'><a class=\"ez-toc-link ez-toc-heading-7\" href=\"https:\/\/lesminis.fr\/blog\/mobiles-montessori-developpement-cerebral-bebe\/#Le_mobile_de_Gobbi_la_subtilite_des_nuances_vers_2-3_mois\" >Le mobile de Gobbi : la subtilit\u00e9 des nuances (vers 2-3 mois)<\/a><\/li><li class='ez-toc-page-1 ez-toc-heading-level-3'><a class=\"ez-toc-link ez-toc-heading-8\" href=\"https:\/\/lesminis.fr\/blog\/mobiles-montessori-developpement-cerebral-bebe\/#Le_mobile_des_Danseurs_vers_lhumain_vers_3-4_mois\" >Le mobile des Danseurs : vers l&rsquo;humain (vers 3-4 mois)<\/a><\/li><\/ul><\/li><li class='ez-toc-page-1 ez-toc-heading-level-2'><a class=\"ez-toc-link ez-toc-heading-9\" href=\"https:\/\/lesminis.fr\/blog\/mobiles-montessori-developpement-cerebral-bebe\/#Lart_de_lobservation_votre_guide_pour_accompagner_bebe\" >L&rsquo;art de l&rsquo;observation : votre guide pour accompagner b\u00e9b\u00e9<\/a><\/li><li class='ez-toc-page-1 ez-toc-heading-level-2'><a class=\"ez-toc-link ez-toc-heading-10\" href=\"https:\/\/lesminis.fr\/blog\/mobiles-montessori-developpement-cerebral-bebe\/#Creer_lenvironnement_optimal\" >Cr\u00e9er l&rsquo;environnement optimal<\/a><\/li><li class='ez-toc-page-1 ez-toc-heading-level-2'><a class=\"ez-toc-link ez-toc-heading-11\" href=\"https:\/\/lesminis.fr\/blog\/mobiles-montessori-developpement-cerebral-bebe\/#Les_moments_magiques_dobservation\" >Les moments magiques d&rsquo;observation<\/a><\/li><li class='ez-toc-page-1 ez-toc-heading-level-2'><a class=\"ez-toc-link ez-toc-heading-12\" href=\"https:\/\/lesminis.fr\/blog\/mobiles-montessori-developpement-cerebral-bebe\/#Ce_qui_se_developpe_en_profondeur\" >Ce qui se d\u00e9veloppe en profondeur<\/a><\/li><li class='ez-toc-page-1 ez-toc-heading-level-2'><a class=\"ez-toc-link ez-toc-heading-13\" href=\"https:\/\/lesminis.fr\/blog\/mobiles-montessori-developpement-cerebral-bebe\/#Les_erreurs_qui_cassent_la_magie\" >Les erreurs qui cassent la magie<\/a><\/li><li class='ez-toc-page-1 ez-toc-heading-level-2'><a class=\"ez-toc-link ez-toc-heading-14\" href=\"https:\/\/lesminis.fr\/blog\/mobiles-montessori-developpement-cerebral-bebe\/#Vers_la_manipulation_la_suite_de_laventure\" >Vers la manipulation : la suite de l&rsquo;aventure<\/a><\/li><li class='ez-toc-page-1 ez-toc-heading-level-2'><a class=\"ez-toc-link ez-toc-heading-15\" href=\"https:\/\/lesminis.fr\/blog\/mobiles-montessori-developpement-cerebral-bebe\/#Questions_que_se_posent_souvent_les_parents\" >Questions que se posent souvent les parents<\/a><\/li><li class='ez-toc-page-1 ez-toc-heading-level-2'><a class=\"ez-toc-link ez-toc-heading-16\" href=\"https:\/\/lesminis.fr\/blog\/mobiles-montessori-developpement-cerebral-bebe\/#Lheritage_vivant_de_Maria_Montessori\" >L&rsquo;h\u00e9ritage vivant de Maria Montessori<\/a><\/li><li class='ez-toc-page-1 ez-toc-heading-level-2'><a class=\"ez-toc-link ez-toc-heading-17\" href=\"https:\/\/lesminis.fr\/blog\/mobiles-montessori-developpement-cerebral-bebe\/#Un_investissement_pour_toute_une_vie\" >Un investissement pour toute une vie<\/a><\/li><\/ul><\/nav><\/div>\n<h2><span class=\"ez-toc-section\" id=\"Une_revolution_dans_la_comprehension_du_nouveau-ne\"><\/span>Une r\u00e9volution dans la compr\u00e9hension du nouveau-n\u00e9<span class=\"ez-toc-section-end\"><\/span><\/h2>\n<p>Maria Montessori avait observ\u00e9 quelque chose que peu de gens r\u00e9alisaient \u00e0 son \u00e9poque : les nouveau-n\u00e9s ne sont pas des \u00ab\u00a0tubes digestifs\u00a0\u00bb passifs. D\u00e8s la naissance, ils montrent une capacit\u00e9 d&rsquo;attention remarquable quand on leur propose des stimuli adapt\u00e9s. Elle d\u00e9couvrit qu&rsquo;ils sont naturellement attir\u00e9s par le <strong>contraste<\/strong>, fascin\u00e9s par le <strong>mouvement d\u00e9licat<\/strong> et apais\u00e9s par les <strong>formes simples<\/strong>.<\/p>\n<p>Cette observation r\u00e9volutionnaire a donn\u00e9 naissance aux mobiles qu&rsquo;elle a con\u00e7us, chacun respectant scrupuleusement le rythme de maturation du syst\u00e8me visuel de b\u00e9b\u00e9. Pas question de sur-stimuler : tout est pens\u00e9 pour nourrir sans fatiguer, \u00e9veiller sans agiter.<\/p>\n<div style=\"background-color: #f9f9f9; padding: 20px; border-radius: 8px; margin: 20px 0;\">\n<p><strong>Pourquoi cette approche fonctionne-t-elle ?<\/strong> Parce qu&rsquo;elle reconna\u00eet que b\u00e9b\u00e9 peut observer longuement sans distraction sonore, qu&rsquo;il accompagne naturellement le d\u00e9veloppement visuel du noir et blanc aux couleurs puis aux formes complexes, et qu&rsquo;elle respecte son rythme unique. Plus important encore : elle d\u00e9veloppe cette patience pr\u00e9cieuse, cette capacit\u00e9 \u00e0 observer sans agir imm\u00e9diatement.<\/p>\n<\/div>\n<h2><span class=\"ez-toc-section\" id=\"Ce_que_la_science_nous_apprend_aujourdhui\"><\/span>Ce que la science nous apprend aujourd&rsquo;hui<span class=\"ez-toc-section-end\"><\/span><\/h2>\n<p>Les neurosciences modernes confirment ce que Maria Montessori avait intuitivement compris. Le d\u00e9veloppement visuel du nouveau-n\u00e9 suit une progression tr\u00e8s pr\u00e9cise. Dans les premi\u00e8res semaines, b\u00e9b\u00e9 per\u00e7oit principalement les contrastes marqu\u00e9s. Vers 6-12 semaines, la perception des couleurs vives commence \u00e0 \u00e9merger. Entre 3 et 4 mois, il affine sa perception des nuances. Enfin, vers 4-6 mois, il devient capable de reconna\u00eetre les formes complexes et famili\u00e8res.<\/p>\n<p>Chaque <strong>mobile b\u00e9b\u00e9 Montessori<\/strong> a \u00e9t\u00e9 pens\u00e9 pour correspondre exactement \u00e0 ces \u00e9tapes d\u00e9veloppementales naturelles. C&rsquo;est cette pr\u00e9cision qui rend l&rsquo;approche si efficace.<\/p>\n<h2><span class=\"ez-toc-section\" id=\"Lhistoire_fascinante_derriere_les_mobiles\"><\/span>L&rsquo;histoire fascinante derri\u00e8re les mobiles<span class=\"ez-toc-section-end\"><\/span><\/h2>\n<p>Les <strong>mobiles Montessori<\/strong> que nous connaissons aujourd&rsquo;hui racontent une belle histoire de collaboration \u00e0 travers le temps. Maria Montessori elle-m\u00eame avait d\u00e9velopp\u00e9 trois des quatre mobiles de la s\u00e9rie : les Octa\u00e8dres, le mobile de Gobbi et le mobile des Danseurs. Ces cr\u00e9ations sont n\u00e9es directement de ses observations minutieuses du d\u00e9veloppement visuel des b\u00e9b\u00e9s dans ses premi\u00e8res \u00ab\u00a0Maisons des Enfants\u00a0\u00bb au d\u00e9but du 20\u00e8me si\u00e8cle.<\/p>\n<div style=\"background-color: #f0f4f8; padding: 20px; border-radius: 8px; margin: 20px 0;\">\n<p><strong>Le mobile de Munari<\/strong>, qui ouvre aujourd&rsquo;hui la s\u00e9rie, fut cr\u00e9\u00e9 plus tard par <strong>Bruno Munari<\/strong> (1907-1998), artiste et designer italien passionn\u00e9 par la p\u00e9dagogie Montessori. Expert en perception visuelle, Munari d\u00e9veloppa ce mobile noir et blanc pour combler une lacune : offrir un outil adapt\u00e9 aux tout premiers jours de vie, p\u00e9riode que Maria Montessori avait moins explor\u00e9e dans ses recherches initiales.<\/p>\n<\/div>\n<p>Cette collaboration posthume illustre parfaitement comment les id\u00e9es p\u00e9dagogiques continuent d&rsquo;\u00e9voluer et de s&rsquo;enrichir. C&rsquo;est pourquoi nous parlons de \u00ab\u00a0mobiles Montessori\u00a0\u00bb pour l&rsquo;ensemble de la s\u00e9rie, m\u00eame si le premier porte le nom de son cr\u00e9ateur.<\/p>\n<h2><span class=\"ez-toc-section\" id=\"Les_quatre_mobiles_une_progression_pensee_pour_votre_bebe\"><\/span>Les quatre mobiles : une progression pens\u00e9e pour votre b\u00e9b\u00e9<span class=\"ez-toc-section-end\"><\/span><\/h2>\n<h3><span class=\"ez-toc-section\" id=\"Le_mobile_de_Munari_premiers_contrastes_des_la_naissance\"><\/span>Le mobile de Munari : premiers contrastes (d\u00e8s la naissance)<span class=\"ez-toc-section-end\"><\/span><\/h3>\n<p>Premier de la s\u00e9rie, le <strong>mobile de Munari<\/strong> s&rsquo;adresse aux tout-petits dont la vision distingue surtout les contrastes. Ses formes g\u00e9om\u00e9triques simples en noir et blanc cr\u00e9ent un spectacle visuel parfaitement adapt\u00e9. Une sph\u00e8re transparente, une sph\u00e8re noire mate, un octa\u00e8dre noir et blanc et des formes g\u00e9om\u00e9triques planes contrast\u00e9es bougent d\u00e9licatement avec les courants d&rsquo;air.<\/p>\n<p>Ce <strong>mobile noir et blanc Montessori<\/strong> fait bien plus que captiver l&rsquo;attention : il stimule les premiers circuits neuronaux de la vision. Votre b\u00e9b\u00e9 peut suivre ces formes des yeux sans effort, posant les bases de sa concentration future.<\/p>\n<p><a style=\"background-color: #e8b4b8; color: white; padding: 10px 20px; text-decoration: none; border-radius: 5px; display: inline-block; margin: 10px 0;\" href=\"https:\/\/lesminis.fr\/mobile-munari-premium-pre-monte-premier-eveil-visuel-nouveau-ne-nienhuis-montessori-048800\/25690.html\" target=\"_blank\" rel=\"noopener\">\u2192 D\u00e9couvrir le mobile Munari premium pr\u00e9-mont\u00e9<\/a><\/p>\n<h3><span class=\"ez-toc-section\" id=\"Le_mobile_des_Octaedres_leveil_aux_couleurs_vers_6_semaines\"><\/span>Le mobile des Octa\u00e8dres : l&rsquo;\u00e9veil aux couleurs (vers 6 semaines)<span class=\"ez-toc-section-end\"><\/span><\/h3>\n<p><img decoding=\"async\" style=\"width: 100%; max-width: 500px; height: auto; margin: 20px 0; border-radius: 8px;\" src=\"https:\/\/lesminis.fr\/blog\/wp-content\/uploads\/2024\/08\/400_048900_main_or_3.jpg-1-1024x1024.jpg\" alt=\"Mobile des octa\u00e8dres Montessori - D\u00e9couverte des couleurs primaires pour d\u00e9veloppement perception chromatique b\u00e9b\u00e9\" \/><\/p>\n<p>Quand les yeux de votre b\u00e9b\u00e9 commencent \u00e0 percevoir les couleurs, le <strong>mobile des octa\u00e8dres<\/strong> fait son entr\u00e9e. Trois formes g\u00e9om\u00e9triques brillantes &#8211; rouge, jaune et bleu &#8211; captent et refl\u00e8tent la lumi\u00e8re de mani\u00e8re magique. Pourquoi ces couleurs pr\u00e9cis\u00e9ment ? Les trois couleurs primaires permettent \u00e0 l&rsquo;\u0153il de s&rsquo;exercer sans confusion, tout en d\u00e9couvrant les premiers jeux de lumi\u00e8re.<\/p>\n<p>Le <strong>mobile octa\u00e8dre<\/strong> marque une \u00e9tape importante : il introduit progressivement le monde color\u00e9 tout en conservant la simplicit\u00e9 des formes. Les reflets changent selon l&rsquo;\u00e9clairage, offrant \u00e0 votre b\u00e9b\u00e9 une introduction en douceur aux couleurs primaires et stimulant sa perception chromatique naissante.<\/p>\n<p><a style=\"background-color: #e8b4b8; color: white; padding: 10px 20px; text-decoration: none; border-radius: 5px; display: inline-block; margin: 10px 0;\" href=\"https:\/\/lesminis.fr\/mobile-octaedre-reflets-magiques-formes-geometriques-nienhuis-montessori-048900\/25691.html\" target=\"_blank\" rel=\"noopener\">\u2192 Voir le mobile Octa\u00e8dre aux reflets magiques<\/a><\/p>\n<h3><span class=\"ez-toc-section\" id=\"Le_mobile_de_Gobbi_la_subtilite_des_nuances_vers_2-3_mois\"><\/span>Le mobile de Gobbi : la subtilit\u00e9 des nuances (vers 2-3 mois)<span class=\"ez-toc-section-end\"><\/span><\/h3>\n<p>Avec le <strong>mobile de Gobbi<\/strong>, nous entrons dans un territoire plus subtil. Cinq sph\u00e8res de la m\u00eame teinte &#8211; souvent bleu ou rose &#8211; se d\u00e9clinent dans des nuances progressives, du plus clair au plus fonc\u00e9. Cette progression chromatique repr\u00e9sente un v\u00e9ritable exercice de discrimination visuelle fine pour votre b\u00e9b\u00e9.<\/p>\n<p>C&rsquo;est souvent avec ce mobile que les parents observent les premi\u00e8res s\u00e9ances d&rsquo;observation vraiment prolong\u00e9e. Votre b\u00e9b\u00e9 d\u00e9veloppe sa capacit\u00e9 \u00e0 distinguer les variations subtiles, se pr\u00e9parant ainsi \u00e0 la complexit\u00e9 visuelle du monde qui l&rsquo;entoure. Cette stimulation de l&rsquo;attention soutenue pose les bases de la concentration future.<\/p>\n<blockquote style=\"border-left: 4px solid #4a90e2; padding-left: 20px; margin: 20px 0; font-style: italic; color: #666;\"><p>\u00ab\u00a0L&rsquo;\u0153il qui ne voit pas ne guide pas la main qui ne sait pas travailler.\u00a0\u00bb &#8211; Maria Montessori<\/p><\/blockquote>\n<p><a style=\"background-color: #e8b4b8; color: white; padding: 10px 20px; text-decoration: none; border-radius: 5px; display: inline-block; margin: 10px 0;\" href=\"https:\/\/lesminis.fr\/mobile-gobbi-premium-3-mois-eveil-chromatique-degrade-couleur-nienhuis-montessori-049000\/25692.html\" target=\"_blank\" rel=\"noopener\">\u2192 Commander le mobile Gobbi premium<\/a><\/p>\n<h3><span class=\"ez-toc-section\" id=\"Le_mobile_des_Danseurs_vers_lhumain_vers_3-4_mois\"><\/span>Le mobile des Danseurs : vers l&rsquo;humain (vers 3-4 mois)<span class=\"ez-toc-section-end\"><\/span><\/h3>\n<p><img decoding=\"async\" style=\"width: 100%; max-width: 500px; height: auto; margin: 20px 0; border-radius: 8px;\" src=\"https:\/\/lesminis.fr\/blog\/wp-content\/uploads\/2024\/08\/shutterstock_2266677737-1-1024x683.jpg\" alt=\"Le mobile des danseurs Montessori - silhouettes humaines stylis\u00e9es \u00e9veil forme humaine b\u00e9b\u00e9\" \/><\/p>\n<p>Le dernier mobile de la s\u00e9rie marque une transition importante. Le <strong>mobile des danseurs<\/strong> pr\u00e9sente des silhouettes humaines stylis\u00e9es qui bougent avec une gr\u00e2ce particuli\u00e8re. Votre b\u00e9b\u00e9 d\u00e9couvre alors la forme humaine de mani\u00e8re \u00e9pur\u00e9e et po\u00e9tique, marquant son int\u00e9r\u00eat grandissant pour les formes humaines et les relations sociales.<\/p>\n<p>C&rsquo;est souvent le mobile pr\u00e9f\u00e9r\u00e9 des parents&#8230; et des b\u00e9b\u00e9s qui commencent \u00e0 sourire en voyant ces petits personnages \u00ab\u00a0danser\u00a0\u00bb ! Cette introduction de la forme humaine stylis\u00e9e \u00e9veille \u00e0 la gr\u00e2ce du mouvement et pr\u00e9pare \u00e0 l&rsquo;interaction sociale, tout en d\u00e9veloppant une premi\u00e8re appr\u00e9ciation esth\u00e9tique.<\/p>\n<p><a style=\"background-color: #e8b4b8; color: white; padding: 10px 20px; text-decoration: none; border-radius: 5px; display: inline-block; margin: 10px 0;\" href=\"https:\/\/lesminis.fr\/mobile-danseurs-eveil-forme-humaine-4eme-mobile-serie-nienhuis-montessori-049100\/25693.html\" target=\"_blank\" rel=\"noopener\">\u2192 D\u00e9couvrir le mobile des Danseurs<\/a><\/p>\n<h2><span class=\"ez-toc-section\" id=\"Lart_de_lobservation_votre_guide_pour_accompagner_bebe\"><\/span>L&rsquo;art de l&rsquo;observation : votre guide pour accompagner b\u00e9b\u00e9<span class=\"ez-toc-section-end\"><\/span><\/h2>\n<p>Observer votre b\u00e9b\u00e9 avec son mobile devient rapidement passionnant. Vous apprenez \u00e0 reconna\u00eetre les signes subtils qui indiquent qu&rsquo;il est temps de passer au mobile suivant. Quand il regarde moins souvent le mobile actuel, qu&rsquo;il semble chercher autre chose du regard, ou surtout quand il tend la main vers le mobile, c&rsquo;est que son d\u00e9veloppement suit son cours naturel.<\/p>\n<p>Cette diminution de concentration sur le mobile en cours ou cette agitation nouvelle quand le mobile est pr\u00e9sent ne sont pas des \u00e9checs, mais des victoires ! Ils signalent que votre b\u00e9b\u00e9 a \u00ab\u00a0ma\u00eetris\u00e9\u00a0\u00bb cette \u00e9tape et qu&rsquo;il est pr\u00eat pour la suivante.<\/p>\n<div style=\"background-color: #f8f9fa; padding: 20px; border-radius: 8px; margin: 20px 0;\">\n<p><strong>Un conseil pr\u00e9cieux :<\/strong> faites confiance \u00e0 votre observation. Chaque b\u00e9b\u00e9 a son rythme. Certains passeront 3 semaines sur un mobile, d&rsquo;autres 6 semaines. L&rsquo;important n&rsquo;est pas le calendrier, mais l&rsquo;attention que vous portez \u00e0 ses r\u00e9actions.<\/p>\n<\/div>\n<h2><span class=\"ez-toc-section\" id=\"Creer_lenvironnement_optimal\"><\/span>Cr\u00e9er l&rsquo;environnement optimal<span class=\"ez-toc-section-end\"><\/span><\/h2>\n<p>L&rsquo;installation d&rsquo;un mobile Montessori est tout un art. Il se place au-dessus du tapis d&rsquo;\u00e9veil, jamais au-dessus du lit pour \u00e9viter la sur-stimulation avant le sommeil. La distance id\u00e9ale ? 30 \u00e0 40 centim\u00e8tres du visage de b\u00e9b\u00e9, l\u00e9g\u00e8rement sur le c\u00f4t\u00e9. L&rsquo;espace doit \u00eatre calme, sans t\u00e9l\u00e9vision ni musique forte, id\u00e9alement pr\u00e8s d&rsquo;une source de lumi\u00e8re naturelle qui optimisera les reflets.<\/p>\n<p>Attention aux courants d&rsquo;air trop forts qui feraient bouger excessivement le mobile ! Le mouvement doit rester d\u00e9licat, naturel, presque hypnotique dans sa douceur.<\/p>\n<h2><span class=\"ez-toc-section\" id=\"Les_moments_magiques_dobservation\"><\/span>Les moments magiques d&rsquo;observation<span class=\"ez-toc-section-end\"><\/span><\/h2>\n<p>Quand proposer le mobile ? Votre b\u00e9b\u00e9 vous l&rsquo;indique ! Apr\u00e8s le r\u00e9veil, quand il est frais et disponible, entre les repas quand il n&rsquo;a ni faim ni besoin de dormir, pendant ces moments d&rsquo;\u00e9veil calme si pr\u00e9cieux. Jamais pendant les pleurs ou l&rsquo;agitation &#8211; le mobile n&rsquo;est pas un outil d&rsquo;apaisement mais d&rsquo;\u00e9veil.<\/p>\n<p>Pr\u00e9sentez le mobile quand votre b\u00e9b\u00e9 est calme et \u00e9veill\u00e9, g\u00e9n\u00e9ralement apr\u00e8s un change ou une t\u00e9t\u00e9e. Et surtout, pas besoin de forcer : s&rsquo;il n&rsquo;est pas int\u00e9ress\u00e9, vous r\u00e9essayez plus tard. Respecter son rythme fait partie int\u00e9grante de l&rsquo;approche Montessori.<\/p>\n<blockquote style=\"border-left: 4px solid #28a745; padding-left: 20px; margin: 20px 0; font-style: italic; color: #666;\"><p>\u00ab\u00a0N&rsquo;\u00e9levons pas nos enfants pour le monde d&rsquo;aujourd&rsquo;hui. Ce monde aura chang\u00e9 lorsqu&rsquo;ils seront grands.\u00a0\u00bb &#8211; Maria Montessori<\/p><\/blockquote>\n<h2><span class=\"ez-toc-section\" id=\"Ce_qui_se_developpe_en_profondeur\"><\/span>Ce qui se d\u00e9veloppe en profondeur<span class=\"ez-toc-section-end\"><\/span><\/h2>\n<p>Pendant que votre b\u00e9b\u00e9 observe son <strong>mobile contraste b\u00e9b\u00e9<\/strong> ou color\u00e9, tout un travail invisible s&rsquo;op\u00e8re. Son acuit\u00e9 visuelle se d\u00e9veloppe &#8211; cette capacit\u00e9 \u00e0 voir net. Son accommodation s&rsquo;affine &#8211; cette facult\u00e9 \u00e0 faire le point. Sa poursuite oculaire se perfectionne &#8211; cette habilet\u00e9 \u00e0 suivre du mouvement. Sa perception des couleurs se nuance &#8211; cette richesse de discrimination chromatique.<\/p>\n<p>Mais au-del\u00e0 du d\u00e9veloppement visuel, c&rsquo;est toute une architecture cognitive qui se construit. La concentration se d\u00e9veloppe par la capacit\u00e9 \u00e0 maintenir son attention. La m\u00e9moire visuelle s&rsquo;exerce par la reconnaissance des formes. L&rsquo;anticipation na\u00eet par la pr\u00e9diction du mouvement. Et cette patience si pr\u00e9cieuse s&rsquo;installe par l&rsquo;observation sans action imm\u00e9diate.<\/p>\n<h2><span class=\"ez-toc-section\" id=\"Les_erreurs_qui_cassent_la_magie\"><\/span>Les erreurs qui cassent la magie<span class=\"ez-toc-section-end\"><\/span><\/h2>\n<p>Certaines erreurs peuvent ruiner l&rsquo;exp\u00e9rience. Faire tourner le mobile \u00e0 la main cr\u00e9e un mouvement trop rapide que l&rsquo;\u0153il de b\u00e9b\u00e9 ne peut suivre &#8211; le mouvement doit rester naturel. Mettre de la musique d\u00e9tourne l&rsquo;attention de l&rsquo;observation visuelle. Laisser le mobile en permanence \u00e9puise l&rsquo;attention &#8211; 15 \u00e0 20 minutes suffisent amplement.<\/p>\n<p>Br\u00fbler les \u00e9tapes en sautant un mobile ou en les pr\u00e9sentant dans le d\u00e9sordre perturbe cette progression si soigneusement pens\u00e9e. Placer le mobile trop haut ou trop bas fatigue inutilement b\u00e9b\u00e9. Changer de mobile trop rapidement ne laisse pas le temps \u00e0 l&rsquo;apprentissage de se faire.<\/p>\n<h2><span class=\"ez-toc-section\" id=\"Vers_la_manipulation_la_suite_de_laventure\"><\/span>Vers la manipulation : la suite de l&rsquo;aventure<span class=\"ez-toc-section-end\"><\/span><\/h2>\n<p><img decoding=\"async\" style=\"width: 100%; max-width: 500px; height: auto; margin: 20px 0; border-radius: 8px;\" src=\"https:\/\/lesminis.fr\/blog\/wp-content\/uploads\/2024\/08\/400_049700_main_or_2.jpg-1-1024x1024.jpg\" alt=\"Balle \u00e0 frapper Montessori pour stimuler la coordination \u0153il-main du nourrisson\" \/><\/p>\n<p>Vers 3-4 mois, quand votre b\u00e9b\u00e9 manifeste l&rsquo;envie d&rsquo;attraper ce qu&rsquo;il voit, une nouvelle aventure commence. Les mobiles c\u00e8dent progressivement la place aux premiers objets \u00e0 manipuler. Des hochets en bois l\u00e9gers et faciles \u00e0 saisir, des anneaux de pr\u00e9hension de diff\u00e9rentes textures, des tissus vari\u00e9s pour d\u00e9couvrir les mati\u00e8res, des objets \u00e0 enfiler pour d\u00e9velopper la coordination, des bo\u00eetes \u00e0 formes simples pour les premi\u00e8res manipulations.<\/p>\n<p>Cette transition marque un moment cl\u00e9 : votre b\u00e9b\u00e9 passe de l&rsquo;observation pure \u00e0 l&rsquo;interaction active avec son environnement. Les fondations pos\u00e9es par les mobiles Montessori portent alors leurs fruits dans cette nouvelle \u00e9tape de d\u00e9veloppement.<\/p>\n<h2><span class=\"ez-toc-section\" id=\"Questions_que_se_posent_souvent_les_parents\"><\/span>Questions que se posent souvent les parents<span class=\"ez-toc-section-end\"><\/span><\/h2>\n<p>Beaucoup de parents s&rsquo;interrogent sur les alternatives. Si vous cherchez des <strong>mobiles Montessori fait maison<\/strong>\u00a0ou d&rsquo;autres options, l&rsquo;important est qu&rsquo;ils respectent les proportions, les couleurs et les mat\u00e9riaux originaux pour un effet optimal. La qualit\u00e9 n&rsquo;est pas un luxe mais une n\u00e9cessit\u00e9 pour que l&rsquo;effet p\u00e9dagogique fonctionne.<\/p>\n<p>Que faire si b\u00e9b\u00e9 ne semble pas int\u00e9ress\u00e9 ? Respectez son rythme avant tout. Certains b\u00e9b\u00e9s mettent plus de temps \u00e0 s&rsquo;int\u00e9resser aux mobiles. Continuez \u00e0 proposer sans forcer, en variant les moments de pr\u00e9sentation.<\/p>\n<p>Combien de temps garder chaque mobile ? En moyenne 3 \u00e0 6 semaines par mobile, mais laissez-vous guider par l&rsquo;observation de votre b\u00e9b\u00e9 plut\u00f4t que par le calendrier. Chaque enfant a son propre tempo.<\/p>\n<h2><span class=\"ez-toc-section\" id=\"Lheritage_vivant_de_Maria_Montessori\"><\/span>L&rsquo;h\u00e9ritage vivant de Maria Montessori<span class=\"ez-toc-section-end\"><\/span><\/h2>\n<p>Ces <strong>mobiles Montessori<\/strong> incarnent parfaitement la philosophie de leur cr\u00e9atrice : respecter le rythme naturel de l&rsquo;enfant, lui offrir un environnement pr\u00e9par\u00e9 avec soin, et lui faire confiance dans sa capacit\u00e9 d&rsquo;apprentissage autonome. Chaque mobile fonctionne comme un \u00ab\u00a0ma\u00eetre silencieux\u00a0\u00bb qui enseigne sans imposer, qui \u00e9veille sans forcer, qui respecte cette concentration naissante si fragile et si pr\u00e9cieuse.<\/p>\n<blockquote style=\"border-left: 4px solid #e8b4b8; padding-left: 20px; margin: 20px 0; font-style: italic; color: #666;\"><p>\u00ab\u00a0Le mouvement aide le d\u00e9veloppement psychique et ce d\u00e9veloppement s&rsquo;exprime \u00e0 son tour par un mouvement et une action.\u00a0\u00bb &#8211; Maria Montessori<\/p><\/blockquote>\n<h2><span class=\"ez-toc-section\" id=\"Un_investissement_pour_toute_une_vie\"><\/span>Un investissement pour toute une vie<span class=\"ez-toc-section-end\"><\/span><\/h2>\n<p>Les <strong>mobiles Montessori<\/strong> offrent \u00e0 votre b\u00e9b\u00e9 ses premi\u00e8res exp\u00e9riences d&rsquo;observation concentr\u00e9e vraiment r\u00e9ussies. En respectant la progression naturelle &#8211; Munari, Octa\u00e8dres, Gobbi, puis Danseurs &#8211; vous accompagnez en douceur le d\u00e9veloppement visuel et cognitif de votre enfant, \u00e0 son rythme unique.<\/p>\n<p>Cette approche respectueuse pose les fondations solides de toutes les comp\u00e9tences d&rsquo;attention et de concentration qui serviront \u00e0 votre enfant tout au long de sa vie. C&rsquo;est un cadeau inestimable que vous lui faites, bien au-del\u00e0 des premiers mois.<\/p>\n<div style=\"background-color: #f0f8ff; padding: 20px; border-radius: 8px; margin: 20px 0; text-align: center;\">\n<p><strong>L&rsquo;essentiel \u00e0 retenir :<\/strong> Chaque mobile a sa p\u00e9riode optimale \u2022 L&rsquo;observation guide le changement \u2022 Respecter le rythme naturel de b\u00e9b\u00e9 \u2022 Cr\u00e9er un environnement calme et pr\u00e9par\u00e9<\/p>\n<\/div>\n<p><strong>Et vous ?<\/strong> Votre b\u00e9b\u00e9 a-t-il un mobile favori ? Avez-vous observ\u00e9 des changements dans sa mani\u00e8re de regarder et de se concentrer ?<\/p>\n<p><em>\u2192 Partagez votre exp\u00e9rience en commentaire<\/em><\/p>\n","protected":false},"excerpt":{"rendered":"<p>Les mobiles Montessori sont bien plus que de simples d\u00e9corations. D\u00e9couvrez comment ces outils p\u00e9dagogiques stimulent le d\u00e9veloppement sensoriel et cognitif de votre b\u00e9b\u00e9, favorisant la formation de connexions neuronales cruciales d\u00e8s les premiers mois de vie.<\/p>\n","protected":false},"author":1,"featured_media":4383,"comment_status":"open","ping_status":"closed","sticky":false,"template":"","format":"standard","meta":{"_acf_changed":false,"footnotes":""},"categories":[105],"tags":[466,576,580,1540,1530,1542,1408,1541],"class_list":{"0":"post-4375","1":"post","2":"type-post","3":"status-publish","4":"format-standard","5":"has-post-thumbnail","7":"category-minispedago-predagogie-montessori-activites-developpement","8":"tag-developpement-bebe","9":"tag-coordination-oeil-main","10":"tag-methode-montessori","11":"tag-mobiles-montessori","12":"tag-motricite-fine","13":"tag-neurosciences-infantiles","14":"tag-outils-pedagogiques","15":"tag-stimulation-sensorielle"},"acf":[],"yoast_head":"<!-- This site is optimized with the Yoast SEO Premium plugin v27.1 (Yoast SEO v27.1.1) - https:\/\/yoast.com\/product\/yoast-seo-premium-wordpress\/ -->\n<title>Les Mobiles Montessori : Stimulation C\u00e9r\u00e9brale pour B\u00e9b\u00e9s | LesMinis.fr<\/title>\n<meta name=\"description\" content=\"D\u00e9couvrez comment les mobiles Montessori stimulent le d\u00e9veloppement c\u00e9r\u00e9bral de votre b\u00e9b\u00e9. De Munari \u00e0 Gobbi, explorez notre gamme compl\u00e8te d&#039;outils p\u00e9dagogiques pour les 0-6 mois.\" \/>\n<meta name=\"robots\" content=\"index, follow, max-snippet:-1, max-image-preview:large, max-video-preview:-1\" \/>\n<link rel=\"canonical\" href=\"https:\/\/lesminis.fr\/blog\/mobiles-montessori-developpement-cerebral-bebe\/\" \/>\n<meta property=\"og:locale\" content=\"fr_FR\" \/>\n<meta property=\"og:type\" content=\"article\" \/>\n<meta property=\"og:title\" content=\"Mobiles Montessori : le guide pour choisir et les pr\u00e9senter dans le bon ordre\" \/>\n<meta property=\"og:description\" content=\"D\u00e9couvrez comment les mobiles Montessori stimulent le d\u00e9veloppement c\u00e9r\u00e9bral de votre b\u00e9b\u00e9. De Munari \u00e0 Gobbi, explorez notre gamme compl\u00e8te d&#039;outils p\u00e9dagogiques pour les 0-6 mois.\" \/>\n<meta property=\"og:url\" content=\"https:\/\/lesminis.fr\/blog\/mobiles-montessori-developpement-cerebral-bebe\/\" \/>\n<meta property=\"og:site_name\" content=\"LesMinis Le Blog - Mat\u00e9riels \u00e9ducatifs - Figurines p\u00e9dagogiques\" \/>\n<meta property=\"article:publisher\" content=\"https:\/\/fr-fr.facebook.com\/LesMinis.fr\/\" \/>\n<meta property=\"article:author\" content=\"https:\/\/www.facebook.com\/LesMinis.fr\/\" \/>\n<meta property=\"article:published_time\" content=\"2024-08-19T16:06:23+00:00\" \/>\n<meta property=\"article:modified_time\" content=\"2025-06-11T20:07:38+00:00\" \/>\n<meta property=\"og:image\" content=\"https:\/\/lesminis.fr\/blog\/wp-content\/uploads\/2024\/08\/shutterstock_1060553375-1-1.jpg\" \/>\n\t<meta property=\"og:image:width\" content=\"1200\" \/>\n\t<meta property=\"og:image:height\" content=\"799\" \/>\n\t<meta property=\"og:image:type\" content=\"image\/jpeg\" \/>\n<meta name=\"author\" content=\"LesMinis\" \/>\n<meta name=\"twitter:label1\" content=\"\u00c9crit par\" \/>\n\t<meta name=\"twitter:data1\" content=\"LesMinis\" \/>\n\t<meta name=\"twitter:label2\" content=\"Dur\u00e9e de lecture estim\u00e9e\" \/>\n\t<meta name=\"twitter:data2\" content=\"11 minutes\" \/>\n<script type=\"application\/ld+json\" class=\"yoast-schema-graph\">{\"@context\":\"https:\/\/schema.org\",\"@graph\":[{\"@type\":[\"Article\",\"BlogPosting\"],\"@id\":\"https:\/\/lesminis.fr\/blog\/mobiles-montessori-developpement-cerebral-bebe\/#article\",\"isPartOf\":{\"@id\":\"https:\/\/lesminis.fr\/blog\/mobiles-montessori-developpement-cerebral-bebe\/\"},\"author\":{\"name\":\"LesMinis\",\"@id\":\"https:\/\/lesminis.fr\/blog\/#\/schema\/person\/4a1be8c8c70a7d945af71674957cf83e\"},\"headline\":\"Mobiles Montessori : le guide pour choisir et les pr\u00e9senter dans le bon ordre\",\"datePublished\":\"2024-08-19T16:06:23+00:00\",\"dateModified\":\"2025-06-11T20:07:38+00:00\",\"mainEntityOfPage\":{\"@id\":\"https:\/\/lesminis.fr\/blog\/mobiles-montessori-developpement-cerebral-bebe\/\"},\"wordCount\":2301,\"commentCount\":0,\"publisher\":{\"@id\":\"https:\/\/lesminis.fr\/blog\/#organization\"},\"image\":{\"@id\":\"https:\/\/lesminis.fr\/blog\/mobiles-montessori-developpement-cerebral-bebe\/#primaryimage\"},\"thumbnailUrl\":\"https:\/\/lesminis.fr\/blog\/wp-content\/uploads\/2024\/08\/shutterstock_1060553375-1-1.jpg\",\"keywords\":[\"\u201cD\u00e9veloppement B\u00e9b\u00e9\u201d\",\"coordination \u0153il-main\",\"M\u00e9thode Montessori\",\"mobiles-montessori\",\"motricite-fine\",\"neurosciences-infantiles\",\"outils p\u00e9dagogiques\",\"stimulation-sensorielle\"],\"articleSection\":[\"MinisPedago \u2014 Montessori, p\u00e9dagogies alternatives &amp; d\u00e9veloppement de l\u2019enfant\"],\"inLanguage\":\"fr-FR\",\"potentialAction\":[{\"@type\":\"CommentAction\",\"name\":\"Comment\",\"target\":[\"https:\/\/lesminis.fr\/blog\/mobiles-montessori-developpement-cerebral-bebe\/#respond\"]}]},{\"@type\":\"WebPage\",\"@id\":\"https:\/\/lesminis.fr\/blog\/mobiles-montessori-developpement-cerebral-bebe\/\",\"url\":\"https:\/\/lesminis.fr\/blog\/mobiles-montessori-developpement-cerebral-bebe\/\",\"name\":\"Les Mobiles Montessori : Stimulation C\u00e9r\u00e9brale pour B\u00e9b\u00e9s | LesMinis.fr\",\"isPartOf\":{\"@id\":\"https:\/\/lesminis.fr\/blog\/#website\"},\"primaryImageOfPage\":{\"@id\":\"https:\/\/lesminis.fr\/blog\/mobiles-montessori-developpement-cerebral-bebe\/#primaryimage\"},\"image\":{\"@id\":\"https:\/\/lesminis.fr\/blog\/mobiles-montessori-developpement-cerebral-bebe\/#primaryimage\"},\"thumbnailUrl\":\"https:\/\/lesminis.fr\/blog\/wp-content\/uploads\/2024\/08\/shutterstock_1060553375-1-1.jpg\",\"datePublished\":\"2024-08-19T16:06:23+00:00\",\"dateModified\":\"2025-06-11T20:07:38+00:00\",\"description\":\"D\u00e9couvrez comment les mobiles Montessori stimulent le d\u00e9veloppement c\u00e9r\u00e9bral de votre b\u00e9b\u00e9. De Munari \u00e0 Gobbi, explorez notre gamme compl\u00e8te d'outils p\u00e9dagogiques pour les 0-6 mois.\",\"breadcrumb\":{\"@id\":\"https:\/\/lesminis.fr\/blog\/mobiles-montessori-developpement-cerebral-bebe\/#breadcrumb\"},\"inLanguage\":\"fr-FR\",\"potentialAction\":[{\"@type\":\"ReadAction\",\"target\":[\"https:\/\/lesminis.fr\/blog\/mobiles-montessori-developpement-cerebral-bebe\/\"]}]},{\"@type\":\"ImageObject\",\"inLanguage\":\"fr-FR\",\"@id\":\"https:\/\/lesminis.fr\/blog\/mobiles-montessori-developpement-cerebral-bebe\/#primaryimage\",\"url\":\"https:\/\/lesminis.fr\/blog\/wp-content\/uploads\/2024\/08\/shutterstock_1060553375-1-1.jpg\",\"contentUrl\":\"https:\/\/lesminis.fr\/blog\/wp-content\/uploads\/2024\/08\/shutterstock_1060553375-1-1.jpg\",\"width\":1200,\"height\":799,\"caption\":\"Mobile Montessori Munari noir et blanc pour stimulation visuelle des nouveau-n\u00e9s\"},{\"@type\":\"BreadcrumbList\",\"@id\":\"https:\/\/lesminis.fr\/blog\/mobiles-montessori-developpement-cerebral-bebe\/#breadcrumb\",\"itemListElement\":[{\"@type\":\"ListItem\",\"position\":1,\"name\":\"Accueil\",\"item\":\"https:\/\/lesminis.fr\/blog\/\"},{\"@type\":\"ListItem\",\"position\":2,\"name\":\"Mobiles Montessori : le guide pour choisir et les pr\u00e9senter dans le bon ordre\"}]},{\"@type\":\"WebSite\",\"@id\":\"https:\/\/lesminis.fr\/blog\/#website\",\"url\":\"https:\/\/lesminis.fr\/blog\/\",\"name\":\"LesMinis Le Blog - Mat\u00e9riels \u00e9ducatifs - Figurines p\u00e9dagogiques\",\"description\":\"D\u00e9couvrez notre actualit\u00e9, figurines, mat\u00e9riel \u00e9ducatif, activit\u00e9s Montessori\",\"publisher\":{\"@id\":\"https:\/\/lesminis.fr\/blog\/#organization\"},\"potentialAction\":[{\"@type\":\"SearchAction\",\"target\":{\"@type\":\"EntryPoint\",\"urlTemplate\":\"https:\/\/lesminis.fr\/blog\/?s={search_term_string}\"},\"query-input\":{\"@type\":\"PropertyValueSpecification\",\"valueRequired\":true,\"valueName\":\"search_term_string\"}}],\"inLanguage\":\"fr-FR\"},{\"@type\":\"Organization\",\"@id\":\"https:\/\/lesminis.fr\/blog\/#organization\",\"name\":\"LesMinis - Sp\u00e9cialiste mat\u00e9riel p\u00e9dagogiques - Figurines \u00e9ducatives - Mat\u00e9riel Montessori\",\"url\":\"https:\/\/lesminis.fr\/blog\/\",\"logo\":{\"@type\":\"ImageObject\",\"inLanguage\":\"fr-FR\",\"@id\":\"https:\/\/lesminis.fr\/blog\/#\/schema\/logo\/image\/\",\"url\":\"https:\/\/lesminis.fr\/blog\/wp-content\/uploads\/2023\/03\/nouveau-logo-lesminis.png\",\"contentUrl\":\"https:\/\/lesminis.fr\/blog\/wp-content\/uploads\/2023\/03\/nouveau-logo-lesminis.png\",\"width\":500,\"height\":175,\"caption\":\"LesMinis - Sp\u00e9cialiste mat\u00e9riel p\u00e9dagogiques - Figurines \u00e9ducatives - Mat\u00e9riel Montessori\"},\"image\":{\"@id\":\"https:\/\/lesminis.fr\/blog\/#\/schema\/logo\/image\/\"},\"sameAs\":[\"https:\/\/fr-fr.facebook.com\/LesMinis.fr\/\",\"https:\/\/www.instagram.com\/lesminis.fr\/\",\"https:\/\/www.tiktok.com\/@lesminis.fr\",\"https:\/\/www.pinterest.fr\/lesminisfr\/\"]},{\"@type\":\"Person\",\"@id\":\"https:\/\/lesminis.fr\/blog\/#\/schema\/person\/4a1be8c8c70a7d945af71674957cf83e\",\"name\":\"LesMinis\",\"image\":{\"@type\":\"ImageObject\",\"inLanguage\":\"fr-FR\",\"@id\":\"https:\/\/lesminis.fr\/blog\/#\/schema\/person\/image\/\",\"url\":\"https:\/\/secure.gravatar.com\/avatar\/288cd93d352b3465f2bd0701b1f2bb059b68dc3a70c4fda061bad8e6c9f8d865?s=96&d=blank&r=g\",\"contentUrl\":\"https:\/\/secure.gravatar.com\/avatar\/288cd93d352b3465f2bd0701b1f2bb059b68dc3a70c4fda061bad8e6c9f8d865?s=96&d=blank&r=g\",\"caption\":\"LesMinis\"},\"sameAs\":[\"https:\/\/lesminis.fr\/blog\",\"https:\/\/www.facebook.com\/LesMinis.fr\/\",\"https:\/\/www.instagram.com\/lesminis.fr\/\",\"https:\/\/www.pinterest.fr\/lesminisfr\/\"],\"url\":\"https:\/\/lesminis.fr\/blog\/author\/lesminis\/\"}]}<\/script>\n<!-- \/ Yoast SEO Premium plugin. -->","yoast_head_json":{"title":"Les Mobiles Montessori : Stimulation C\u00e9r\u00e9brale pour B\u00e9b\u00e9s | LesMinis.fr","description":"D\u00e9couvrez comment les mobiles Montessori stimulent le d\u00e9veloppement c\u00e9r\u00e9bral de votre b\u00e9b\u00e9. De Munari \u00e0 Gobbi, explorez notre gamme compl\u00e8te d'outils p\u00e9dagogiques pour les 0-6 mois.","robots":{"index":"index","follow":"follow","max-snippet":"max-snippet:-1","max-image-preview":"max-image-preview:large","max-video-preview":"max-video-preview:-1"},"canonical":"https:\/\/lesminis.fr\/blog\/mobiles-montessori-developpement-cerebral-bebe\/","og_locale":"fr_FR","og_type":"article","og_title":"Mobiles Montessori : le guide pour choisir et les pr\u00e9senter dans le bon ordre","og_description":"D\u00e9couvrez comment les mobiles Montessori stimulent le d\u00e9veloppement c\u00e9r\u00e9bral de votre b\u00e9b\u00e9. De Munari \u00e0 Gobbi, explorez notre gamme compl\u00e8te d'outils p\u00e9dagogiques pour les 0-6 mois.","og_url":"https:\/\/lesminis.fr\/blog\/mobiles-montessori-developpement-cerebral-bebe\/","og_site_name":"LesMinis Le Blog - Mat\u00e9riels \u00e9ducatifs - Figurines p\u00e9dagogiques","article_publisher":"https:\/\/fr-fr.facebook.com\/LesMinis.fr\/","article_author":"https:\/\/www.facebook.com\/LesMinis.fr\/","article_published_time":"2024-08-19T16:06:23+00:00","article_modified_time":"2025-06-11T20:07:38+00:00","og_image":[{"width":1200,"height":799,"url":"https:\/\/lesminis.fr\/blog\/wp-content\/uploads\/2024\/08\/shutterstock_1060553375-1-1.jpg","type":"image\/jpeg"}],"author":"LesMinis","twitter_misc":{"\u00c9crit par":"LesMinis","Dur\u00e9e de lecture estim\u00e9e":"11 minutes"},"schema":{"@context":"https:\/\/schema.org","@graph":[{"@type":["Article","BlogPosting"],"@id":"https:\/\/lesminis.fr\/blog\/mobiles-montessori-developpement-cerebral-bebe\/#article","isPartOf":{"@id":"https:\/\/lesminis.fr\/blog\/mobiles-montessori-developpement-cerebral-bebe\/"},"author":{"name":"LesMinis","@id":"https:\/\/lesminis.fr\/blog\/#\/schema\/person\/4a1be8c8c70a7d945af71674957cf83e"},"headline":"Mobiles Montessori : le guide pour choisir et les pr\u00e9senter dans le bon ordre","datePublished":"2024-08-19T16:06:23+00:00","dateModified":"2025-06-11T20:07:38+00:00","mainEntityOfPage":{"@id":"https:\/\/lesminis.fr\/blog\/mobiles-montessori-developpement-cerebral-bebe\/"},"wordCount":2301,"commentCount":0,"publisher":{"@id":"https:\/\/lesminis.fr\/blog\/#organization"},"image":{"@id":"https:\/\/lesminis.fr\/blog\/mobiles-montessori-developpement-cerebral-bebe\/#primaryimage"},"thumbnailUrl":"https:\/\/lesminis.fr\/blog\/wp-content\/uploads\/2024\/08\/shutterstock_1060553375-1-1.jpg","keywords":["\u201cD\u00e9veloppement B\u00e9b\u00e9\u201d","coordination \u0153il-main","M\u00e9thode Montessori","mobiles-montessori","motricite-fine","neurosciences-infantiles","outils p\u00e9dagogiques","stimulation-sensorielle"],"articleSection":["MinisPedago \u2014 Montessori, p\u00e9dagogies alternatives &amp; d\u00e9veloppement de l\u2019enfant"],"inLanguage":"fr-FR","potentialAction":[{"@type":"CommentAction","name":"Comment","target":["https:\/\/lesminis.fr\/blog\/mobiles-montessori-developpement-cerebral-bebe\/#respond"]}]},{"@type":"WebPage","@id":"https:\/\/lesminis.fr\/blog\/mobiles-montessori-developpement-cerebral-bebe\/","url":"https:\/\/lesminis.fr\/blog\/mobiles-montessori-developpement-cerebral-bebe\/","name":"Les Mobiles Montessori : Stimulation C\u00e9r\u00e9brale pour B\u00e9b\u00e9s | LesMinis.fr","isPartOf":{"@id":"https:\/\/lesminis.fr\/blog\/#website"},"primaryImageOfPage":{"@id":"https:\/\/lesminis.fr\/blog\/mobiles-montessori-developpement-cerebral-bebe\/#primaryimage"},"image":{"@id":"https:\/\/lesminis.fr\/blog\/mobiles-montessori-developpement-cerebral-bebe\/#primaryimage"},"thumbnailUrl":"https:\/\/lesminis.fr\/blog\/wp-content\/uploads\/2024\/08\/shutterstock_1060553375-1-1.jpg","datePublished":"2024-08-19T16:06:23+00:00","dateModified":"2025-06-11T20:07:38+00:00","description":"D\u00e9couvrez comment les mobiles Montessori stimulent le d\u00e9veloppement c\u00e9r\u00e9bral de votre b\u00e9b\u00e9. De Munari \u00e0 Gobbi, explorez notre gamme compl\u00e8te d'outils p\u00e9dagogiques pour les 0-6 mois.","breadcrumb":{"@id":"https:\/\/lesminis.fr\/blog\/mobiles-montessori-developpement-cerebral-bebe\/#breadcrumb"},"inLanguage":"fr-FR","potentialAction":[{"@type":"ReadAction","target":["https:\/\/lesminis.fr\/blog\/mobiles-montessori-developpement-cerebral-bebe\/"]}]},{"@type":"ImageObject","inLanguage":"fr-FR","@id":"https:\/\/lesminis.fr\/blog\/mobiles-montessori-developpement-cerebral-bebe\/#primaryimage","url":"https:\/\/lesminis.fr\/blog\/wp-content\/uploads\/2024\/08\/shutterstock_1060553375-1-1.jpg","contentUrl":"https:\/\/lesminis.fr\/blog\/wp-content\/uploads\/2024\/08\/shutterstock_1060553375-1-1.jpg","width":1200,"height":799,"caption":"Mobile Montessori Munari noir et blanc pour stimulation visuelle des nouveau-n\u00e9s"},{"@type":"BreadcrumbList","@id":"https:\/\/lesminis.fr\/blog\/mobiles-montessori-developpement-cerebral-bebe\/#breadcrumb","itemListElement":[{"@type":"ListItem","position":1,"name":"Accueil","item":"https:\/\/lesminis.fr\/blog\/"},{"@type":"ListItem","position":2,"name":"Mobiles Montessori : le guide pour choisir et les pr\u00e9senter dans le bon ordre"}]},{"@type":"WebSite","@id":"https:\/\/lesminis.fr\/blog\/#website","url":"https:\/\/lesminis.fr\/blog\/","name":"LesMinis Le Blog - Mat\u00e9riels \u00e9ducatifs - Figurines p\u00e9dagogiques","description":"D\u00e9couvrez notre actualit\u00e9, figurines, mat\u00e9riel \u00e9ducatif, activit\u00e9s Montessori","publisher":{"@id":"https:\/\/lesminis.fr\/blog\/#organization"},"potentialAction":[{"@type":"SearchAction","target":{"@type":"EntryPoint","urlTemplate":"https:\/\/lesminis.fr\/blog\/?s={search_term_string}"},"query-input":{"@type":"PropertyValueSpecification","valueRequired":true,"valueName":"search_term_string"}}],"inLanguage":"fr-FR"},{"@type":"Organization","@id":"https:\/\/lesminis.fr\/blog\/#organization","name":"LesMinis - Sp\u00e9cialiste mat\u00e9riel p\u00e9dagogiques - Figurines \u00e9ducatives - Mat\u00e9riel Montessori","url":"https:\/\/lesminis.fr\/blog\/","logo":{"@type":"ImageObject","inLanguage":"fr-FR","@id":"https:\/\/lesminis.fr\/blog\/#\/schema\/logo\/image\/","url":"https:\/\/lesminis.fr\/blog\/wp-content\/uploads\/2023\/03\/nouveau-logo-lesminis.png","contentUrl":"https:\/\/lesminis.fr\/blog\/wp-content\/uploads\/2023\/03\/nouveau-logo-lesminis.png","width":500,"height":175,"caption":"LesMinis - Sp\u00e9cialiste mat\u00e9riel p\u00e9dagogiques - Figurines \u00e9ducatives - Mat\u00e9riel Montessori"},"image":{"@id":"https:\/\/lesminis.fr\/blog\/#\/schema\/logo\/image\/"},"sameAs":["https:\/\/fr-fr.facebook.com\/LesMinis.fr\/","https:\/\/www.instagram.com\/lesminis.fr\/","https:\/\/www.tiktok.com\/@lesminis.fr","https:\/\/www.pinterest.fr\/lesminisfr\/"]},{"@type":"Person","@id":"https:\/\/lesminis.fr\/blog\/#\/schema\/person\/4a1be8c8c70a7d945af71674957cf83e","name":"LesMinis","image":{"@type":"ImageObject","inLanguage":"fr-FR","@id":"https:\/\/lesminis.fr\/blog\/#\/schema\/person\/image\/","url":"https:\/\/secure.gravatar.com\/avatar\/288cd93d352b3465f2bd0701b1f2bb059b68dc3a70c4fda061bad8e6c9f8d865?s=96&d=blank&r=g","contentUrl":"https:\/\/secure.gravatar.com\/avatar\/288cd93d352b3465f2bd0701b1f2bb059b68dc3a70c4fda061bad8e6c9f8d865?s=96&d=blank&r=g","caption":"LesMinis"},"sameAs":["https:\/\/lesminis.fr\/blog","https:\/\/www.facebook.com\/LesMinis.fr\/","https:\/\/www.instagram.com\/lesminis.fr\/","https:\/\/www.pinterest.fr\/lesminisfr\/"],"url":"https:\/\/lesminis.fr\/blog\/author\/lesminis\/"}]}},"_links":{"self":[{"href":"https:\/\/lesminis.fr\/blog\/wp-json\/wp\/v2\/posts\/4375","targetHints":{"allow":["GET"]}}],"collection":[{"href":"https:\/\/lesminis.fr\/blog\/wp-json\/wp\/v2\/posts"}],"about":[{"href":"https:\/\/lesminis.fr\/blog\/wp-json\/wp\/v2\/types\/post"}],"author":[{"embeddable":true,"href":"https:\/\/lesminis.fr\/blog\/wp-json\/wp\/v2\/users\/1"}],"replies":[{"embeddable":true,"href":"https:\/\/lesminis.fr\/blog\/wp-json\/wp\/v2\/comments?post=4375"}],"version-history":[{"count":4,"href":"https:\/\/lesminis.fr\/blog\/wp-json\/wp\/v2\/posts\/4375\/revisions"}],"predecessor-version":[{"id":5114,"href":"https:\/\/lesminis.fr\/blog\/wp-json\/wp\/v2\/posts\/4375\/revisions\/5114"}],"wp:featuredmedia":[{"embeddable":true,"href":"https:\/\/lesminis.fr\/blog\/wp-json\/wp\/v2\/media\/4383"}],"wp:attachment":[{"href":"https:\/\/lesminis.fr\/blog\/wp-json\/wp\/v2\/media?parent=4375"}],"wp:term":[{"taxonomy":"category","embeddable":true,"href":"https:\/\/lesminis.fr\/blog\/wp-json\/wp\/v2\/categories?post=4375"},{"taxonomy":"post_tag","embeddable":true,"href":"https:\/\/lesminis.fr\/blog\/wp-json\/wp\/v2\/tags?post=4375"}],"curies":[{"name":"wp","href":"https:\/\/api.w.org\/{rel}","templated":true}]}}