{"id":4328,"date":"2024-08-07T15:19:44","date_gmt":"2024-08-07T14:19:44","guid":{"rendered":"https:\/\/lesminis.fr\/blog\/?p=4328"},"modified":"2025-05-15T10:31:58","modified_gmt":"2025-05-15T09:31:58","slug":"nouveau-programme-emc-2024-respect-animaux-cp","status":"publish","type":"post","link":"https:\/\/lesminis.fr\/blog\/nouveau-programme-emc-2024-respect-animaux-cp\/","title":{"rendered":"R\u00e9volution dans les \u00c9coles Fran\u00e7aises : Les CP Apprennent le Respect des Animaux en 2024 &#8211; Ce que les Parents Doivent Savoir"},"content":{"rendered":"<div id=\"ez-toc-container\" class=\"ez-toc-v2_0_78 counter-hierarchy ez-toc-counter ez-toc-grey ez-toc-container-direction\">\n<div class=\"ez-toc-title-container\">\n<p class=\"ez-toc-title\" style=\"cursor:inherit\">Table of Contents<\/p>\n<span class=\"ez-toc-title-toggle\"><a href=\"#\" class=\"ez-toc-pull-right ez-toc-btn ez-toc-btn-xs ez-toc-btn-default ez-toc-toggle\" aria-label=\"Toggle Table of Content\"><span class=\"ez-toc-js-icon-con\"><span class=\"\"><span class=\"eztoc-hide\" style=\"display:none;\">Toggle<\/span><span class=\"ez-toc-icon-toggle-span\"><svg style=\"fill: #999;color:#999\" xmlns=\"http:\/\/www.w3.org\/2000\/svg\" class=\"list-377408\" width=\"20px\" height=\"20px\" viewBox=\"0 0 24 24\" fill=\"none\"><path d=\"M6 6H4v2h2V6zm14 0H8v2h12V6zM4 11h2v2H4v-2zm16 0H8v2h12v-2zM4 16h2v2H4v-2zm16 0H8v2h12v-2z\" fill=\"currentColor\"><\/path><\/svg><svg style=\"fill: #999;color:#999\" class=\"arrow-unsorted-368013\" xmlns=\"http:\/\/www.w3.org\/2000\/svg\" width=\"10px\" height=\"10px\" viewBox=\"0 0 24 24\" version=\"1.2\" baseProfile=\"tiny\"><path d=\"M18.2 9.3l-6.2-6.3-6.2 6.3c-.2.2-.3.4-.3.7s.1.5.3.7c.2.2.4.3.7.3h11c.3 0 .5-.1.7-.3.2-.2.3-.5.3-.7s-.1-.5-.3-.7zM5.8 14.7l6.2 6.3 6.2-6.3c.2-.2.3-.5.3-.7s-.1-.5-.3-.7c-.2-.2-.4-.3-.7-.3h-11c-.3 0-.5.1-.7.3-.2.2-.3.5-.3.7s.1.5.3.7z\"\/><\/svg><\/span><\/span><\/span><\/a><\/span><\/div>\n<nav><ul class='ez-toc-list ez-toc-list-level-1 ' ><li class='ez-toc-page-1 ez-toc-heading-level-2'><a class=\"ez-toc-link ez-toc-heading-1\" href=\"https:\/\/lesminis.fr\/blog\/nouveau-programme-emc-2024-respect-animaux-cp\/#Introduction\" >Introduction<\/a><\/li><li class='ez-toc-page-1 ez-toc-heading-level-2'><a class=\"ez-toc-link ez-toc-heading-2\" href=\"https:\/\/lesminis.fr\/blog\/nouveau-programme-emc-2024-respect-animaux-cp\/#Le_Nouveau_Programme_EMC_2024_Une_Approche_Holistique\" >Le Nouveau Programme EMC 2024 : Une Approche Holistique<\/a><\/li><li class='ez-toc-page-1 ez-toc-heading-level-2'><a class=\"ez-toc-link ez-toc-heading-3\" href=\"https:\/\/lesminis.fr\/blog\/nouveau-programme-emc-2024-respect-animaux-cp\/#Impact_et_Perspectives\" >Impact et Perspectives<\/a><\/li><li class='ez-toc-page-1 ez-toc-heading-level-2'><a class=\"ez-toc-link ez-toc-heading-4\" href=\"https:\/\/lesminis.fr\/blog\/nouveau-programme-emc-2024-respect-animaux-cp\/#Mise_en_oeuvre_Progressive\" >Mise en \u0153uvre Progressive<\/a><\/li><li class='ez-toc-page-1 ez-toc-heading-level-2'><a class=\"ez-toc-link ez-toc-heading-5\" href=\"https:\/\/lesminis.fr\/blog\/nouveau-programme-emc-2024-respect-animaux-cp\/#Conclusion\" >Conclusion<\/a><\/li><\/ul><\/nav><\/div>\n<h2 class=\"whitespace-pre-wrap break-words\"><span class=\"ez-toc-section\" id=\"Introduction\"><\/span>Introduction<span class=\"ez-toc-section-end\"><\/span><\/h2>\n<p class=\"whitespace-pre-wrap break-words\">La rentr\u00e9e scolaire 2024 marquera un tournant dans l&rsquo;\u00e9ducation des plus jeunes en France. Le programme d&rsquo;<a href=\"https:\/\/lesminis.fr\/876-sciences-et-decouvertes-du-monde-exploration-ludique-et-educative-pour-les-enfants\">Enseignement Moral et Civique<\/a> (EMC) pour les \u00e9l\u00e8ves de CP int\u00e9grera un nouvel axe d&rsquo;apprentissage crucial : le respect d\u00fb aux <a href=\"https:\/\/lesminis.fr\/blog\/animaux-de-compagnie-15-especes-plus-populaires\/\">animaux de compagnie<\/a>. Cette initiative novatrice vise \u00e0 sensibiliser les enfants \u00e0 l&rsquo;\u00e9thique animale d\u00e8s leur plus jeune \u00e2ge, posant ainsi les fondations d&rsquo;une soci\u00e9t\u00e9 plus empathique et responsable envers nos amis \u00e0 quatre pattes. Examinons en d\u00e9tail cette \u00e9volution p\u00e9dagogique majeure et ses implications pour les \u00e9l\u00e8ves, les parents et la soci\u00e9t\u00e9 dans son ensemble.<\/p>\n<p><img loading=\"lazy\" decoding=\"async\" class=\"alignnone size-full wp-image-4330\" src=\"https:\/\/lesminis.fr\/blog\/wp-content\/uploads\/2024\/08\/shutterstock_2468883097-1.jpg\" alt=\"Nouveaut\u00e9 2024 EMC apprendre la respect des animaux aux \u00e9l\u00e8ves d\u00e8s 6ans !\" width=\"1000\" height=\"305\" srcset=\"https:\/\/lesminis.fr\/blog\/wp-content\/uploads\/2024\/08\/shutterstock_2468883097-1.jpg 1000w, https:\/\/lesminis.fr\/blog\/wp-content\/uploads\/2024\/08\/shutterstock_2468883097-1-300x92.jpg 300w, https:\/\/lesminis.fr\/blog\/wp-content\/uploads\/2024\/08\/shutterstock_2468883097-1-768x234.jpg 768w, https:\/\/lesminis.fr\/blog\/wp-content\/uploads\/2024\/08\/shutterstock_2468883097-1-696x212.jpg 696w\" sizes=\"auto, (max-width: 1000px) 100vw, 1000px\" \/><\/p>\n<h2 class=\"whitespace-pre-wrap break-words\"><span class=\"ez-toc-section\" id=\"Le_Nouveau_Programme_EMC_2024_Une_Approche_Holistique\"><\/span>Le Nouveau Programme EMC 2024 : Une Approche Holistique<span class=\"ez-toc-section-end\"><\/span><\/h2>\n<p class=\"whitespace-pre-wrap break-words\">Le programme EMC 2024 s&rsquo;articule autour de quatre dimensions cl\u00e9s : la sensibilit\u00e9, les r\u00e8gles et les droits, le jugement, et l&rsquo;engagement. L&rsquo;introduction du respect des animaux s&rsquo;inscrit parfaitement dans ce cadre, touchant \u00e0 chacun de ces aspects :<\/p>\n<ol class=\"-mt-1 list-decimal space-y-2 pl-8\">\n<li class=\"whitespace-normal break-words\"><strong>Sensibilit\u00e9 :<\/strong> D\u00e9velopper l&#8217;empathie envers les animaux Le volet \u00ab\u00a0sensibilit\u00e9\u00a0\u00bb du programme EMC vise \u00e0 cultiver l&#8217;empathie et la compr\u00e9hension \u00e9motionnelle chez les jeunes \u00e9l\u00e8ves. En int\u00e9grant le respect des animaux, les enfants apprendront \u00e0 reconna\u00eetre et \u00e0 comprendre les besoins et les \u00e9motions des animaux de compagnie, d\u00e9veloppant ainsi une sensibilit\u00e9 accrue envers les \u00eatres vivants qui les entourent.<\/li>\n<\/ol>\n<p class=\"whitespace-pre-wrap break-words\"><em>D\u00e9couvrez nos figurines d&rsquo;animaux r\u00e9alistes pour aider votre enfant \u00e0 comprendre et \u00e0 appr\u00e9cier la diversit\u00e9 du monde animal : <a href=\"https:\/\/lesminis.fr\/124-figurines-animaux-ferme\">Figurines d&rsquo;animaux de la ferme<\/a><\/em><\/p>\n<ol class=\"-mt-1 list-decimal space-y-2 pl-8\" start=\"2\">\n<li class=\"whitespace-normal break-words\"><strong>R\u00e8gles et droits :<\/strong> Comprendre les responsabilit\u00e9s envers les animaux Cette dimension du programme permettra aux \u00e9l\u00e8ves de CP de saisir l&rsquo;importance des lois et des r\u00e8gles qui prot\u00e8gent les animaux. Ils apprendront les droits fondamentaux des animaux et les responsabilit\u00e9s qui incombent aux propri\u00e9taires d&rsquo;<a href=\"https:\/\/lesminis.fr\/blog\/animaux-compagnie-domestiques-distinctions\/\">animaux de compagnie,<\/a> jetant ainsi les bases d&rsquo;une cohabitation harmonieuse entre humains et animaux.<\/li>\n<li class=\"whitespace-normal break-words\"><strong>Jugement :<\/strong> D\u00e9velopper un esprit critique sur le bien-\u00eatre animal Le volet \u00ab\u00a0jugement\u00a0\u00bb du programme EMC encouragera les \u00e9l\u00e8ves \u00e0 r\u00e9fl\u00e9chir de mani\u00e8re critique sur les questions li\u00e9es au bien-\u00eatre animal. Ils seront amen\u00e9s \u00e0 discuter et \u00e0 d\u00e9battre sur des sujets tels que les conditions de vie des animaux domestiques, l&rsquo;abandon, ou encore l&rsquo;importance de l&rsquo;adoption responsable.<\/li>\n<\/ol>\n<p class=\"whitespace-pre-wrap break-words\"><em>Explorez notre collection de figurines de chats pour stimuler la r\u00e9flexion de votre enfant sur le bien-\u00eatre des f\u00e9lins : <a href=\"https:\/\/lesminis.fr\/993-figurine-chat-collecta-safari-mojo\">Figurines de chats r\u00e9alistes<\/a><\/em><\/p>\n<ol class=\"-mt-1 list-decimal space-y-2 pl-8\" start=\"4\">\n<li class=\"whitespace-normal break-words\"><strong>Engagement :<\/strong> Promouvoir des actions concr\u00e8tes pour le bien-\u00eatre animal Enfin, la dimension \u00ab\u00a0engagement\u00a0\u00bb du programme incitera les jeunes \u00e9l\u00e8ves \u00e0 participer activement \u00e0 la protection et au bien-\u00eatre des animaux. Cela pourrait se traduire par des projets de classe, comme la visite d&rsquo;un refuge pour animaux ou la cr\u00e9ation d&rsquo;affiches de sensibilisation.<\/li>\n<\/ol>\n<p><img loading=\"lazy\" decoding=\"async\" class=\"alignnone size-full wp-image-4329\" src=\"https:\/\/lesminis.fr\/blog\/wp-content\/uploads\/2024\/08\/shutterstock_1820923937-1.jpg\" alt=\"Animaux de compagnie les chevaux apprendre le respect\" width=\"1000\" height=\"667\" srcset=\"https:\/\/lesminis.fr\/blog\/wp-content\/uploads\/2024\/08\/shutterstock_1820923937-1.jpg 1000w, https:\/\/lesminis.fr\/blog\/wp-content\/uploads\/2024\/08\/shutterstock_1820923937-1-300x200.jpg 300w, https:\/\/lesminis.fr\/blog\/wp-content\/uploads\/2024\/08\/shutterstock_1820923937-1-768x512.jpg 768w, https:\/\/lesminis.fr\/blog\/wp-content\/uploads\/2024\/08\/shutterstock_1820923937-1-630x420.jpg 630w, https:\/\/lesminis.fr\/blog\/wp-content\/uploads\/2024\/08\/shutterstock_1820923937-1-696x464.jpg 696w\" sizes=\"auto, (max-width: 1000px) 100vw, 1000px\" \/><\/p>\n<h2 class=\"whitespace-pre-wrap break-words\"><span class=\"ez-toc-section\" id=\"Impact_et_Perspectives\"><\/span>Impact et Perspectives<span class=\"ez-toc-section-end\"><\/span><\/h2>\n<p class=\"whitespace-pre-wrap break-words\">L&rsquo;introduction de cet axe d&rsquo;apprentissage sur le respect des animaux dans le programme EMC des CP est une avanc\u00e9e significative dans l&rsquo;\u00e9ducation fran\u00e7aise. Elle refl\u00e8te une prise de conscience croissante de l&rsquo;importance du bien-\u00eatre animal dans notre soci\u00e9t\u00e9 et vise \u00e0 former des citoyens plus responsables et empathiques d\u00e8s leur plus jeune \u00e2ge.<\/p>\n<p class=\"whitespace-pre-wrap break-words\">Dr. Marie Dupont, experte en \u00e9ducation et bien-\u00eatre animal, commente : \u00ab\u00a0Cette initiative est cruciale pour d\u00e9velopper une g\u00e9n\u00e9ration plus consciente et respectueuse envers les animaux. En sensibilisant les enfants d\u00e8s le CP, nous posons les bases d&rsquo;une soci\u00e9t\u00e9 future o\u00f9 le bien-\u00eatre animal sera une pr\u00e9occupation centrale.\u00a0\u00bb<\/p>\n<h2 class=\"whitespace-pre-wrap break-words\"><span class=\"ez-toc-section\" id=\"Mise_en_oeuvre_Progressive\"><\/span>Mise en \u0153uvre Progressive<span class=\"ez-toc-section-end\"><\/span><\/h2>\n<p class=\"whitespace-pre-wrap break-words\">Le d\u00e9ploiement de ce nouveau programme se fera de mani\u00e8re progressive :<\/p>\n<ul class=\"-mt-1 list-disc space-y-2 pl-8\">\n<li class=\"whitespace-normal break-words\">2024 : Introduction en CP<\/li>\n<li class=\"whitespace-normal break-words\">2025 : Extension aux classes de CE1<\/li>\n<li class=\"whitespace-normal break-words\">2026 : Int\u00e9gration dans les programmes de CE2<\/li>\n<\/ul>\n<p class=\"whitespace-pre-wrap break-words\">Cette approche graduelle permettra une adaptation en douceur du corps enseignant et des \u00e9l\u00e8ves \u00e0 ces nouveaux concepts.<\/p>\n<p class=\"whitespace-pre-wrap break-words\"><em>Pr\u00e9parez votre enfant \u00e0 ce nouveau programme avec nos figurines de chiens et chiots r\u00e9alistes : <a href=\"https:\/\/lesminis.fr\/151-figurines-chiens-chiots-realistes\">Figurines de chiens et chiots<\/a><\/em><\/p>\n<h2 class=\"whitespace-pre-wrap break-words\"><span class=\"ez-toc-section\" id=\"Conclusion\"><\/span>Conclusion<span class=\"ez-toc-section-end\"><\/span><\/h2>\n<p class=\"whitespace-pre-wrap break-words\">L&rsquo;int\u00e9gration du respect des animaux dans le programme EMC des CP en 2024 marque un pas important vers une \u00e9ducation plus compl\u00e8te et empathique. En sensibilisant les enfants d\u00e8s leur plus jeune \u00e2ge \u00e0 l&rsquo;\u00e9thique animale, la France se positionne \u00e0 l&rsquo;avant-garde d&rsquo;une \u00e9ducation morale et civique moderne et inclusive. Parents, enseignants et \u00e9l\u00e8ves peuvent se r\u00e9jouir de cette \u00e9volution qui promet de former des citoyens plus conscients et respectueux envers tous les \u00eatres vivants.<\/p>\n<p class=\"whitespace-pre-wrap break-words\">Sources :<\/p>\n<ul class=\"-mt-1 list-disc space-y-2 pl-8\">\n<li class=\"whitespace-normal break-words\">Institut des Hautes \u00c9tudes de l&rsquo;\u00c9ducation et de la Formation (IH2EF) : <a href=\"https:\/\/www.ih2ef.gouv.fr\/nouveau-programme-denseignement-moral-et-civique\">https:\/\/www.ih2ef.gouv.fr\/nouveau-programme-denseignement-moral-et-civique<\/a><\/li>\n<li class=\"whitespace-normal break-words\">\u00c9duscol, Minist\u00e8re de l&rsquo;\u00c9ducation Nationale : <a href=\"https:\/\/eduscol.education.fr\/84\/j-enseigne-au-cycle-2\">https:\/\/eduscol.education.fr\/84\/j-enseigne-au-cycle-2<\/a><\/li>\n<\/ul>\n","protected":false},"excerpt":{"rendered":"<p>En 2024, le programme d&rsquo;Enseignement Moral et Civique (EMC) pour les CP en France int\u00e8gre un nouvel axe sur le respect des animaux de compagnie. Cette initiative vise \u00e0 sensibiliser les jeunes enfants \u00e0 l&rsquo;\u00e9thique animale d\u00e8s leur plus jeune \u00e2ge, marquant une \u00e9volution significative dans l&rsquo;\u00e9ducation primaire fran\u00e7aise.<\/p>\n","protected":false},"author":1,"featured_media":4331,"comment_status":"open","ping_status":"closed","sticky":false,"template":"","format":"standard","meta":{"_acf_changed":false,"footnotes":""},"categories":[1600,105],"tags":[287,1507,1506,1509,1508,160],"class_list":{"0":"post-4328","1":"post","2":"type-post","3":"status-publish","4":"format-standard","5":"has-post-thumbnail","7":"category-actualites-culture-et-curiosites","8":"category-minispedago-predagogie-montessori-activites-developpement","9":"tag-cp","10":"tag-education-primaire","11":"tag-emc-2024","12":"tag-enseignement-moral-et-civique","13":"tag-ethique-animale","14":"tag-respect-des-animaux"},"acf":[],"yoast_head":"<!-- This site is optimized with the Yoast SEO Premium plugin v27.1 (Yoast SEO v27.1.1) - https:\/\/yoast.com\/product\/yoast-seo-premium-wordpress\/ -->\n<title>Nouveau Programme EMC 2024 : Respect des Animaux en CP | Guide Complet<\/title>\n<meta name=\"description\" content=\"D\u00e9couvrez le nouvel axe d&#039;apprentissage sur le respect des animaux de compagnie dans le programme EMC 2024 pour les CP. Informations essentielles pour les parents.\" \/>\n<meta name=\"robots\" content=\"index, follow, max-snippet:-1, max-image-preview:large, max-video-preview:-1\" \/>\n<link rel=\"canonical\" href=\"https:\/\/lesminis.fr\/blog\/nouveau-programme-emc-2024-respect-animaux-cp\/\" \/>\n<meta property=\"og:locale\" content=\"fr_FR\" \/>\n<meta property=\"og:type\" content=\"article\" \/>\n<meta property=\"og:title\" content=\"R\u00e9volution dans les \u00c9coles Fran\u00e7aises : Les CP Apprennent le Respect des Animaux en 2024 - Ce que les Parents Doivent Savoir\" \/>\n<meta property=\"og:description\" content=\"D\u00e9couvrez le nouvel axe d&#039;apprentissage sur le respect des animaux de compagnie dans le programme EMC 2024 pour les CP. Informations essentielles pour les parents.\" \/>\n<meta property=\"og:url\" content=\"https:\/\/lesminis.fr\/blog\/nouveau-programme-emc-2024-respect-animaux-cp\/\" \/>\n<meta property=\"og:site_name\" content=\"LesMinis Le Blog - Mat\u00e9riels \u00e9ducatifs - Figurines p\u00e9dagogiques\" \/>\n<meta property=\"article:publisher\" content=\"https:\/\/fr-fr.facebook.com\/LesMinis.fr\/\" \/>\n<meta property=\"article:author\" content=\"https:\/\/www.facebook.com\/LesMinis.fr\/\" \/>\n<meta property=\"article:published_time\" content=\"2024-08-07T14:19:44+00:00\" \/>\n<meta property=\"article:modified_time\" content=\"2025-05-15T09:31:58+00:00\" \/>\n<meta property=\"og:image\" content=\"https:\/\/lesminis.fr\/blog\/wp-content\/uploads\/2024\/08\/shutterstock_1742632415-1.jpg\" \/>\n\t<meta property=\"og:image:width\" content=\"1000\" \/>\n\t<meta property=\"og:image:height\" content=\"665\" \/>\n\t<meta property=\"og:image:type\" content=\"image\/jpeg\" \/>\n<meta name=\"author\" content=\"LesMinis\" \/>\n<meta name=\"twitter:label1\" content=\"\u00c9crit par\" \/>\n\t<meta name=\"twitter:data1\" content=\"LesMinis\" \/>\n\t<meta name=\"twitter:label2\" content=\"Dur\u00e9e de lecture estim\u00e9e\" \/>\n\t<meta name=\"twitter:data2\" content=\"5 minutes\" \/>\n<script type=\"application\/ld+json\" class=\"yoast-schema-graph\">{\"@context\":\"https:\/\/schema.org\",\"@graph\":[{\"@type\":[\"Article\",\"BlogPosting\"],\"@id\":\"https:\/\/lesminis.fr\/blog\/nouveau-programme-emc-2024-respect-animaux-cp\/#article\",\"isPartOf\":{\"@id\":\"https:\/\/lesminis.fr\/blog\/nouveau-programme-emc-2024-respect-animaux-cp\/\"},\"author\":{\"name\":\"LesMinis\",\"@id\":\"https:\/\/lesminis.fr\/blog\/#\/schema\/person\/4a1be8c8c70a7d945af71674957cf83e\"},\"headline\":\"R\u00e9volution dans les \u00c9coles Fran\u00e7aises : Les CP Apprennent le Respect des Animaux en 2024 &#8211; Ce que les Parents Doivent Savoir\",\"datePublished\":\"2024-08-07T14:19:44+00:00\",\"dateModified\":\"2025-05-15T09:31:58+00:00\",\"mainEntityOfPage\":{\"@id\":\"https:\/\/lesminis.fr\/blog\/nouveau-programme-emc-2024-respect-animaux-cp\/\"},\"wordCount\":790,\"commentCount\":0,\"publisher\":{\"@id\":\"https:\/\/lesminis.fr\/blog\/#organization\"},\"image\":{\"@id\":\"https:\/\/lesminis.fr\/blog\/nouveau-programme-emc-2024-respect-animaux-cp\/#primaryimage\"},\"thumbnailUrl\":\"https:\/\/lesminis.fr\/blog\/wp-content\/uploads\/2024\/08\/shutterstock_1742632415-1.jpg\",\"keywords\":[\"CP\",\"\u00e9ducation primaire\",\"EMC 2024\",\"enseignement moral et civique\",\"\u00e9thique animale\",\"respect des animaux\"],\"articleSection\":[\"Culture &amp; Curiosit\u00e9s \u2013 Explorer, comprendre, relier\",\"MinisPedago \u2014 Montessori, p\u00e9dagogies alternatives &amp; d\u00e9veloppement de l\u2019enfant\"],\"inLanguage\":\"fr-FR\",\"potentialAction\":[{\"@type\":\"CommentAction\",\"name\":\"Comment\",\"target\":[\"https:\/\/lesminis.fr\/blog\/nouveau-programme-emc-2024-respect-animaux-cp\/#respond\"]}]},{\"@type\":\"WebPage\",\"@id\":\"https:\/\/lesminis.fr\/blog\/nouveau-programme-emc-2024-respect-animaux-cp\/\",\"url\":\"https:\/\/lesminis.fr\/blog\/nouveau-programme-emc-2024-respect-animaux-cp\/\",\"name\":\"Nouveau Programme EMC 2024 : Respect des Animaux en CP | Guide Complet\",\"isPartOf\":{\"@id\":\"https:\/\/lesminis.fr\/blog\/#website\"},\"primaryImageOfPage\":{\"@id\":\"https:\/\/lesminis.fr\/blog\/nouveau-programme-emc-2024-respect-animaux-cp\/#primaryimage\"},\"image\":{\"@id\":\"https:\/\/lesminis.fr\/blog\/nouveau-programme-emc-2024-respect-animaux-cp\/#primaryimage\"},\"thumbnailUrl\":\"https:\/\/lesminis.fr\/blog\/wp-content\/uploads\/2024\/08\/shutterstock_1742632415-1.jpg\",\"datePublished\":\"2024-08-07T14:19:44+00:00\",\"dateModified\":\"2025-05-15T09:31:58+00:00\",\"description\":\"D\u00e9couvrez le nouvel axe d'apprentissage sur le respect des animaux de compagnie dans le programme EMC 2024 pour les CP. Informations essentielles pour les parents.\",\"breadcrumb\":{\"@id\":\"https:\/\/lesminis.fr\/blog\/nouveau-programme-emc-2024-respect-animaux-cp\/#breadcrumb\"},\"inLanguage\":\"fr-FR\",\"potentialAction\":[{\"@type\":\"ReadAction\",\"target\":[\"https:\/\/lesminis.fr\/blog\/nouveau-programme-emc-2024-respect-animaux-cp\/\"]}]},{\"@type\":\"ImageObject\",\"inLanguage\":\"fr-FR\",\"@id\":\"https:\/\/lesminis.fr\/blog\/nouveau-programme-emc-2024-respect-animaux-cp\/#primaryimage\",\"url\":\"https:\/\/lesminis.fr\/blog\/wp-content\/uploads\/2024\/08\/shutterstock_1742632415-1.jpg\",\"contentUrl\":\"https:\/\/lesminis.fr\/blog\/wp-content\/uploads\/2024\/08\/shutterstock_1742632415-1.jpg\",\"width\":1000,\"height\":665,\"caption\":\"Enfants interagissant avec des animaux de compagnie dans le cadre du nouveau programme EMC\"},{\"@type\":\"BreadcrumbList\",\"@id\":\"https:\/\/lesminis.fr\/blog\/nouveau-programme-emc-2024-respect-animaux-cp\/#breadcrumb\",\"itemListElement\":[{\"@type\":\"ListItem\",\"position\":1,\"name\":\"Accueil\",\"item\":\"https:\/\/lesminis.fr\/blog\/\"},{\"@type\":\"ListItem\",\"position\":2,\"name\":\"R\u00e9volution dans les \u00c9coles Fran\u00e7aises : Les CP Apprennent le Respect des Animaux en 2024 &#8211; Ce que les Parents Doivent Savoir\"}]},{\"@type\":\"WebSite\",\"@id\":\"https:\/\/lesminis.fr\/blog\/#website\",\"url\":\"https:\/\/lesminis.fr\/blog\/\",\"name\":\"LesMinis Le Blog - Mat\u00e9riels \u00e9ducatifs - Figurines p\u00e9dagogiques\",\"description\":\"D\u00e9couvrez notre actualit\u00e9, figurines, mat\u00e9riel \u00e9ducatif, activit\u00e9s Montessori\",\"publisher\":{\"@id\":\"https:\/\/lesminis.fr\/blog\/#organization\"},\"potentialAction\":[{\"@type\":\"SearchAction\",\"target\":{\"@type\":\"EntryPoint\",\"urlTemplate\":\"https:\/\/lesminis.fr\/blog\/?s={search_term_string}\"},\"query-input\":{\"@type\":\"PropertyValueSpecification\",\"valueRequired\":true,\"valueName\":\"search_term_string\"}}],\"inLanguage\":\"fr-FR\"},{\"@type\":\"Organization\",\"@id\":\"https:\/\/lesminis.fr\/blog\/#organization\",\"name\":\"LesMinis - Sp\u00e9cialiste mat\u00e9riel p\u00e9dagogiques - Figurines \u00e9ducatives - Mat\u00e9riel Montessori\",\"url\":\"https:\/\/lesminis.fr\/blog\/\",\"logo\":{\"@type\":\"ImageObject\",\"inLanguage\":\"fr-FR\",\"@id\":\"https:\/\/lesminis.fr\/blog\/#\/schema\/logo\/image\/\",\"url\":\"https:\/\/lesminis.fr\/blog\/wp-content\/uploads\/2023\/03\/nouveau-logo-lesminis.png\",\"contentUrl\":\"https:\/\/lesminis.fr\/blog\/wp-content\/uploads\/2023\/03\/nouveau-logo-lesminis.png\",\"width\":500,\"height\":175,\"caption\":\"LesMinis - Sp\u00e9cialiste mat\u00e9riel p\u00e9dagogiques - Figurines \u00e9ducatives - Mat\u00e9riel Montessori\"},\"image\":{\"@id\":\"https:\/\/lesminis.fr\/blog\/#\/schema\/logo\/image\/\"},\"sameAs\":[\"https:\/\/fr-fr.facebook.com\/LesMinis.fr\/\",\"https:\/\/www.instagram.com\/lesminis.fr\/\",\"https:\/\/www.tiktok.com\/@lesminis.fr\",\"https:\/\/www.pinterest.fr\/lesminisfr\/\"]},{\"@type\":\"Person\",\"@id\":\"https:\/\/lesminis.fr\/blog\/#\/schema\/person\/4a1be8c8c70a7d945af71674957cf83e\",\"name\":\"LesMinis\",\"image\":{\"@type\":\"ImageObject\",\"inLanguage\":\"fr-FR\",\"@id\":\"https:\/\/lesminis.fr\/blog\/#\/schema\/person\/image\/\",\"url\":\"https:\/\/secure.gravatar.com\/avatar\/288cd93d352b3465f2bd0701b1f2bb059b68dc3a70c4fda061bad8e6c9f8d865?s=96&d=blank&r=g\",\"contentUrl\":\"https:\/\/secure.gravatar.com\/avatar\/288cd93d352b3465f2bd0701b1f2bb059b68dc3a70c4fda061bad8e6c9f8d865?s=96&d=blank&r=g\",\"caption\":\"LesMinis\"},\"sameAs\":[\"https:\/\/lesminis.fr\/blog\",\"https:\/\/www.facebook.com\/LesMinis.fr\/\",\"https:\/\/www.instagram.com\/lesminis.fr\/\",\"https:\/\/www.pinterest.fr\/lesminisfr\/\"],\"url\":\"https:\/\/lesminis.fr\/blog\/author\/lesminis\/\"}]}<\/script>\n<!-- \/ Yoast SEO Premium plugin. -->","yoast_head_json":{"title":"Nouveau Programme EMC 2024 : Respect des Animaux en CP | Guide Complet","description":"D\u00e9couvrez le nouvel axe d'apprentissage sur le respect des animaux de compagnie dans le programme EMC 2024 pour les CP. Informations essentielles pour les parents.","robots":{"index":"index","follow":"follow","max-snippet":"max-snippet:-1","max-image-preview":"max-image-preview:large","max-video-preview":"max-video-preview:-1"},"canonical":"https:\/\/lesminis.fr\/blog\/nouveau-programme-emc-2024-respect-animaux-cp\/","og_locale":"fr_FR","og_type":"article","og_title":"R\u00e9volution dans les \u00c9coles Fran\u00e7aises : Les CP Apprennent le Respect des Animaux en 2024 - Ce que les Parents Doivent Savoir","og_description":"D\u00e9couvrez le nouvel axe d'apprentissage sur le respect des animaux de compagnie dans le programme EMC 2024 pour les CP. Informations essentielles pour les parents.","og_url":"https:\/\/lesminis.fr\/blog\/nouveau-programme-emc-2024-respect-animaux-cp\/","og_site_name":"LesMinis Le Blog - Mat\u00e9riels \u00e9ducatifs - Figurines p\u00e9dagogiques","article_publisher":"https:\/\/fr-fr.facebook.com\/LesMinis.fr\/","article_author":"https:\/\/www.facebook.com\/LesMinis.fr\/","article_published_time":"2024-08-07T14:19:44+00:00","article_modified_time":"2025-05-15T09:31:58+00:00","og_image":[{"width":1000,"height":665,"url":"https:\/\/lesminis.fr\/blog\/wp-content\/uploads\/2024\/08\/shutterstock_1742632415-1.jpg","type":"image\/jpeg"}],"author":"LesMinis","twitter_misc":{"\u00c9crit par":"LesMinis","Dur\u00e9e de lecture estim\u00e9e":"5 minutes"},"schema":{"@context":"https:\/\/schema.org","@graph":[{"@type":["Article","BlogPosting"],"@id":"https:\/\/lesminis.fr\/blog\/nouveau-programme-emc-2024-respect-animaux-cp\/#article","isPartOf":{"@id":"https:\/\/lesminis.fr\/blog\/nouveau-programme-emc-2024-respect-animaux-cp\/"},"author":{"name":"LesMinis","@id":"https:\/\/lesminis.fr\/blog\/#\/schema\/person\/4a1be8c8c70a7d945af71674957cf83e"},"headline":"R\u00e9volution dans les \u00c9coles Fran\u00e7aises : Les CP Apprennent le Respect des Animaux en 2024 &#8211; Ce que les Parents Doivent Savoir","datePublished":"2024-08-07T14:19:44+00:00","dateModified":"2025-05-15T09:31:58+00:00","mainEntityOfPage":{"@id":"https:\/\/lesminis.fr\/blog\/nouveau-programme-emc-2024-respect-animaux-cp\/"},"wordCount":790,"commentCount":0,"publisher":{"@id":"https:\/\/lesminis.fr\/blog\/#organization"},"image":{"@id":"https:\/\/lesminis.fr\/blog\/nouveau-programme-emc-2024-respect-animaux-cp\/#primaryimage"},"thumbnailUrl":"https:\/\/lesminis.fr\/blog\/wp-content\/uploads\/2024\/08\/shutterstock_1742632415-1.jpg","keywords":["CP","\u00e9ducation primaire","EMC 2024","enseignement moral et civique","\u00e9thique animale","respect des animaux"],"articleSection":["Culture &amp; Curiosit\u00e9s \u2013 Explorer, comprendre, relier","MinisPedago \u2014 Montessori, p\u00e9dagogies alternatives &amp; d\u00e9veloppement de l\u2019enfant"],"inLanguage":"fr-FR","potentialAction":[{"@type":"CommentAction","name":"Comment","target":["https:\/\/lesminis.fr\/blog\/nouveau-programme-emc-2024-respect-animaux-cp\/#respond"]}]},{"@type":"WebPage","@id":"https:\/\/lesminis.fr\/blog\/nouveau-programme-emc-2024-respect-animaux-cp\/","url":"https:\/\/lesminis.fr\/blog\/nouveau-programme-emc-2024-respect-animaux-cp\/","name":"Nouveau Programme EMC 2024 : Respect des Animaux en CP | Guide Complet","isPartOf":{"@id":"https:\/\/lesminis.fr\/blog\/#website"},"primaryImageOfPage":{"@id":"https:\/\/lesminis.fr\/blog\/nouveau-programme-emc-2024-respect-animaux-cp\/#primaryimage"},"image":{"@id":"https:\/\/lesminis.fr\/blog\/nouveau-programme-emc-2024-respect-animaux-cp\/#primaryimage"},"thumbnailUrl":"https:\/\/lesminis.fr\/blog\/wp-content\/uploads\/2024\/08\/shutterstock_1742632415-1.jpg","datePublished":"2024-08-07T14:19:44+00:00","dateModified":"2025-05-15T09:31:58+00:00","description":"D\u00e9couvrez le nouvel axe d'apprentissage sur le respect des animaux de compagnie dans le programme EMC 2024 pour les CP. Informations essentielles pour les parents.","breadcrumb":{"@id":"https:\/\/lesminis.fr\/blog\/nouveau-programme-emc-2024-respect-animaux-cp\/#breadcrumb"},"inLanguage":"fr-FR","potentialAction":[{"@type":"ReadAction","target":["https:\/\/lesminis.fr\/blog\/nouveau-programme-emc-2024-respect-animaux-cp\/"]}]},{"@type":"ImageObject","inLanguage":"fr-FR","@id":"https:\/\/lesminis.fr\/blog\/nouveau-programme-emc-2024-respect-animaux-cp\/#primaryimage","url":"https:\/\/lesminis.fr\/blog\/wp-content\/uploads\/2024\/08\/shutterstock_1742632415-1.jpg","contentUrl":"https:\/\/lesminis.fr\/blog\/wp-content\/uploads\/2024\/08\/shutterstock_1742632415-1.jpg","width":1000,"height":665,"caption":"Enfants interagissant avec des animaux de compagnie dans le cadre du nouveau programme EMC"},{"@type":"BreadcrumbList","@id":"https:\/\/lesminis.fr\/blog\/nouveau-programme-emc-2024-respect-animaux-cp\/#breadcrumb","itemListElement":[{"@type":"ListItem","position":1,"name":"Accueil","item":"https:\/\/lesminis.fr\/blog\/"},{"@type":"ListItem","position":2,"name":"R\u00e9volution dans les \u00c9coles Fran\u00e7aises : Les CP Apprennent le Respect des Animaux en 2024 &#8211; Ce que les Parents Doivent Savoir"}]},{"@type":"WebSite","@id":"https:\/\/lesminis.fr\/blog\/#website","url":"https:\/\/lesminis.fr\/blog\/","name":"LesMinis Le Blog - Mat\u00e9riels \u00e9ducatifs - Figurines p\u00e9dagogiques","description":"D\u00e9couvrez notre actualit\u00e9, figurines, mat\u00e9riel \u00e9ducatif, activit\u00e9s Montessori","publisher":{"@id":"https:\/\/lesminis.fr\/blog\/#organization"},"potentialAction":[{"@type":"SearchAction","target":{"@type":"EntryPoint","urlTemplate":"https:\/\/lesminis.fr\/blog\/?s={search_term_string}"},"query-input":{"@type":"PropertyValueSpecification","valueRequired":true,"valueName":"search_term_string"}}],"inLanguage":"fr-FR"},{"@type":"Organization","@id":"https:\/\/lesminis.fr\/blog\/#organization","name":"LesMinis - Sp\u00e9cialiste mat\u00e9riel p\u00e9dagogiques - Figurines \u00e9ducatives - Mat\u00e9riel Montessori","url":"https:\/\/lesminis.fr\/blog\/","logo":{"@type":"ImageObject","inLanguage":"fr-FR","@id":"https:\/\/lesminis.fr\/blog\/#\/schema\/logo\/image\/","url":"https:\/\/lesminis.fr\/blog\/wp-content\/uploads\/2023\/03\/nouveau-logo-lesminis.png","contentUrl":"https:\/\/lesminis.fr\/blog\/wp-content\/uploads\/2023\/03\/nouveau-logo-lesminis.png","width":500,"height":175,"caption":"LesMinis - Sp\u00e9cialiste mat\u00e9riel p\u00e9dagogiques - Figurines \u00e9ducatives - Mat\u00e9riel Montessori"},"image":{"@id":"https:\/\/lesminis.fr\/blog\/#\/schema\/logo\/image\/"},"sameAs":["https:\/\/fr-fr.facebook.com\/LesMinis.fr\/","https:\/\/www.instagram.com\/lesminis.fr\/","https:\/\/www.tiktok.com\/@lesminis.fr","https:\/\/www.pinterest.fr\/lesminisfr\/"]},{"@type":"Person","@id":"https:\/\/lesminis.fr\/blog\/#\/schema\/person\/4a1be8c8c70a7d945af71674957cf83e","name":"LesMinis","image":{"@type":"ImageObject","inLanguage":"fr-FR","@id":"https:\/\/lesminis.fr\/blog\/#\/schema\/person\/image\/","url":"https:\/\/secure.gravatar.com\/avatar\/288cd93d352b3465f2bd0701b1f2bb059b68dc3a70c4fda061bad8e6c9f8d865?s=96&d=blank&r=g","contentUrl":"https:\/\/secure.gravatar.com\/avatar\/288cd93d352b3465f2bd0701b1f2bb059b68dc3a70c4fda061bad8e6c9f8d865?s=96&d=blank&r=g","caption":"LesMinis"},"sameAs":["https:\/\/lesminis.fr\/blog","https:\/\/www.facebook.com\/LesMinis.fr\/","https:\/\/www.instagram.com\/lesminis.fr\/","https:\/\/www.pinterest.fr\/lesminisfr\/"],"url":"https:\/\/lesminis.fr\/blog\/author\/lesminis\/"}]}},"_links":{"self":[{"href":"https:\/\/lesminis.fr\/blog\/wp-json\/wp\/v2\/posts\/4328","targetHints":{"allow":["GET"]}}],"collection":[{"href":"https:\/\/lesminis.fr\/blog\/wp-json\/wp\/v2\/posts"}],"about":[{"href":"https:\/\/lesminis.fr\/blog\/wp-json\/wp\/v2\/types\/post"}],"author":[{"embeddable":true,"href":"https:\/\/lesminis.fr\/blog\/wp-json\/wp\/v2\/users\/1"}],"replies":[{"embeddable":true,"href":"https:\/\/lesminis.fr\/blog\/wp-json\/wp\/v2\/comments?post=4328"}],"version-history":[{"count":4,"href":"https:\/\/lesminis.fr\/blog\/wp-json\/wp\/v2\/posts\/4328\/revisions"}],"predecessor-version":[{"id":4335,"href":"https:\/\/lesminis.fr\/blog\/wp-json\/wp\/v2\/posts\/4328\/revisions\/4335"}],"wp:featuredmedia":[{"embeddable":true,"href":"https:\/\/lesminis.fr\/blog\/wp-json\/wp\/v2\/media\/4331"}],"wp:attachment":[{"href":"https:\/\/lesminis.fr\/blog\/wp-json\/wp\/v2\/media?parent=4328"}],"wp:term":[{"taxonomy":"category","embeddable":true,"href":"https:\/\/lesminis.fr\/blog\/wp-json\/wp\/v2\/categories?post=4328"},{"taxonomy":"post_tag","embeddable":true,"href":"https:\/\/lesminis.fr\/blog\/wp-json\/wp\/v2\/tags?post=4328"}],"curies":[{"name":"wp","href":"https:\/\/api.w.org\/{rel}","templated":true}]}}