{"id":3437,"date":"2024-03-28T07:00:25","date_gmt":"2024-03-28T06:00:25","guid":{"rendered":"https:\/\/lesminis.fr\/blog\/?p=3437"},"modified":"2024-03-29T10:20:17","modified_gmt":"2024-03-29T09:20:17","slug":"aventure-lait-de-la-ferme-a-tasse-documentaire-pedagogique","status":"publish","type":"post","link":"https:\/\/lesminis.fr\/blog\/aventure-lait-de-la-ferme-a-tasse-documentaire-pedagogique\/","title":{"rendered":"L\u2019aventure du lait : De la ferme \u00e0 votre tasse !"},"content":{"rendered":"<p>Bienvenue dans l\u2019aventure incroyable du lait ! Vous vous demandez peut-\u00eatre comment le lait arrive de la ferme jusqu\u2019\u00e0 votre tasse. C\u2019est une histoire fascinante qui commence avec nos amis les animaux de la ferme.<\/p>\n<div id=\"ez-toc-container\" class=\"ez-toc-v2_0_78 counter-hierarchy ez-toc-counter ez-toc-grey ez-toc-container-direction\">\n<div class=\"ez-toc-title-container\">\n<p class=\"ez-toc-title\" style=\"cursor:inherit\">Table of Contents<\/p>\n<span class=\"ez-toc-title-toggle\"><a href=\"#\" class=\"ez-toc-pull-right ez-toc-btn ez-toc-btn-xs ez-toc-btn-default ez-toc-toggle\" aria-label=\"Toggle Table of Content\"><span class=\"ez-toc-js-icon-con\"><span class=\"\"><span class=\"eztoc-hide\" style=\"display:none;\">Toggle<\/span><span class=\"ez-toc-icon-toggle-span\"><svg style=\"fill: #999;color:#999\" xmlns=\"http:\/\/www.w3.org\/2000\/svg\" class=\"list-377408\" width=\"20px\" height=\"20px\" viewBox=\"0 0 24 24\" fill=\"none\"><path d=\"M6 6H4v2h2V6zm14 0H8v2h12V6zM4 11h2v2H4v-2zm16 0H8v2h12v-2zM4 16h2v2H4v-2zm16 0H8v2h12v-2z\" fill=\"currentColor\"><\/path><\/svg><svg style=\"fill: #999;color:#999\" class=\"arrow-unsorted-368013\" xmlns=\"http:\/\/www.w3.org\/2000\/svg\" width=\"10px\" height=\"10px\" viewBox=\"0 0 24 24\" version=\"1.2\" baseProfile=\"tiny\"><path d=\"M18.2 9.3l-6.2-6.3-6.2 6.3c-.2.2-.3.4-.3.7s.1.5.3.7c.2.2.4.3.7.3h11c.3 0 .5-.1.7-.3.2-.2.3-.5.3-.7s-.1-.5-.3-.7zM5.8 14.7l6.2 6.3 6.2-6.3c.2-.2.3-.5.3-.7s-.1-.5-.3-.7c-.2-.2-.4-.3-.7-.3h-11c-.3 0-.5.1-.7.3-.2.2-.3.5-.3.7s.1.5.3.7z\"\/><\/svg><\/span><\/span><\/span><\/a><\/span><\/div>\n<nav><ul class='ez-toc-list ez-toc-list-level-1 ' ><li class='ez-toc-page-1 ez-toc-heading-level-2'><a class=\"ez-toc-link ez-toc-heading-1\" href=\"https:\/\/lesminis.fr\/blog\/aventure-lait-de-la-ferme-a-tasse-documentaire-pedagogique\/#Les_animaux_producteurs_de_lait_Qui_sont-ils\" >Les animaux producteurs de lait : Qui sont-ils ?<\/a><\/li><li class='ez-toc-page-1 ez-toc-heading-level-2'><a class=\"ez-toc-link ez-toc-heading-2\" href=\"https:\/\/lesminis.fr\/blog\/aventure-lait-de-la-ferme-a-tasse-documentaire-pedagogique\/#Le_voyage_incroyable_du_lait_Comment_le_lait_est-il_recolte\" >Le voyage incroyable du lait : Comment le lait est-il r\u00e9colt\u00e9 ?<\/a><\/li><li class='ez-toc-page-1 ez-toc-heading-level-2'><a class=\"ez-toc-link ez-toc-heading-3\" href=\"https:\/\/lesminis.fr\/blog\/aventure-lait-de-la-ferme-a-tasse-documentaire-pedagogique\/#Comment_le_lait_est-il_transforme\" >Comment le lait est-il transform\u00e9 ?<\/a><\/li><li class='ez-toc-page-1 ez-toc-heading-level-2'><a class=\"ez-toc-link ez-toc-heading-4\" href=\"https:\/\/lesminis.fr\/blog\/aventure-lait-de-la-ferme-a-tasse-documentaire-pedagogique\/#En_quoi_transforme-t-on_le_lait_Les_produits_derives_du_lait\" >En quoi transforme-t-on le lait ? Les produits d\u00e9riv\u00e9s du lait.<\/a><\/li><li class='ez-toc-page-1 ez-toc-heading-level-2'><a class=\"ez-toc-link ez-toc-heading-5\" href=\"https:\/\/lesminis.fr\/blog\/aventure-lait-de-la-ferme-a-tasse-documentaire-pedagogique\/#Des_laits_pas_comme_les_autres\" >Des laits pas comme les autres<\/a><\/li><li class='ez-toc-page-1 ez-toc-heading-level-2'><a class=\"ez-toc-link ez-toc-heading-6\" href=\"https:\/\/lesminis.fr\/blog\/aventure-lait-de-la-ferme-a-tasse-documentaire-pedagogique\/#Quest-ce_que_le_lait_et_quelle_est_sa_composition\" >Qu\u2019est-ce que le lait et quelle est sa composition ?<\/a><ul class='ez-toc-list-level-3' ><li class='ez-toc-heading-level-3'><a class=\"ez-toc-link ez-toc-heading-7\" href=\"https:\/\/lesminis.fr\/blog\/aventure-lait-de-la-ferme-a-tasse-documentaire-pedagogique\/#Cest_quoi_un_enzyme\" >C&rsquo;est quoi un enzyme?<\/a><\/li><\/ul><\/li><li class='ez-toc-page-1 ez-toc-heading-level-2'><a class=\"ez-toc-link ez-toc-heading-8\" href=\"https:\/\/lesminis.fr\/blog\/aventure-lait-de-la-ferme-a-tasse-documentaire-pedagogique\/#Conclusion\" >Conclusion<\/a><\/li><\/ul><\/nav><\/div>\n<h2><span class=\"ez-toc-section\" id=\"Les_animaux_producteurs_de_lait_Qui_sont-ils\"><\/span>Les animaux producteurs de lait : Qui sont-ils ?<span class=\"ez-toc-section-end\"><\/span><\/h2>\n<p>Avant de parler de la r\u00e9colte du lait, il faut d\u2019abord conna\u00eetre les animaux qui le produisent. Voici quelques-uns des principaux animaux de la ferme qui produisent du lait :<\/p>\n<ol>\n<li><strong>La vache<\/strong>\u00a0: C\u2019est l\u2019animal le plus connu pour la production de lait. Les <a href=\"https:\/\/lesminis.fr\/figurine-animal-ferme-vache-holstein-387062-mojo\/5116-5031923870628.html\">vaches<\/a> sont g\u00e9n\u00e9ralement de grande taille, avec une peau recouverte de poils qui peuvent \u00eatre de diff\u00e9rentes couleurs : noir, blanc, brun, ou une combinaison de ces couleurs.<\/li>\n<li><strong>La ch\u00e8vre<\/strong>\u00a0: Les <a href=\"https:\/\/lesminis.fr\/figurine-ferme-chevre-161129-safari-ltd\/2486.html\">ch\u00e8vres<\/a> sont plus petites que les vaches et sont aussi connues pour leur lait. Elles ont de longues cornes et une barbiche, et leur pelage peut varier en couleur.<\/li>\n<li><strong>La brebis<\/strong>\u00a0: Les brebis sont les femelles du mouton et elles produisent \u00e9galement du lait. Elles sont g\u00e9n\u00e9ralement de petite taille et ont un pelage \u00e9pais et laineux.<\/li>\n<li><strong>L\u2019\u00e2nesse<\/strong>\u00a0: L\u2019\u00e2nesse est la femelle de l\u2019\u00e2ne et elle peut aussi produire du lait, bien que ce ne soit pas tr\u00e8s courant. Les \u00e2nesses ont une taille moyenne et un pelage g\u00e9n\u00e9ralement gris.<\/li>\n<\/ol>\n<p><img loading=\"lazy\" decoding=\"async\" class=\"alignnone size-full wp-image-3446\" src=\"https:\/\/lesminis.fr\/blog\/wp-content\/uploads\/2024\/03\/lait-aventure-pedagogique-documentaire-9.jpg\" alt=\"Une vache dans un champ, pr\u00eate pour la traite\" width=\"1080\" height=\"1080\" srcset=\"https:\/\/lesminis.fr\/blog\/wp-content\/uploads\/2024\/03\/lait-aventure-pedagogique-documentaire-9.jpg 1080w, https:\/\/lesminis.fr\/blog\/wp-content\/uploads\/2024\/03\/lait-aventure-pedagogique-documentaire-9-300x300.jpg 300w, https:\/\/lesminis.fr\/blog\/wp-content\/uploads\/2024\/03\/lait-aventure-pedagogique-documentaire-9-1024x1024.jpg 1024w, https:\/\/lesminis.fr\/blog\/wp-content\/uploads\/2024\/03\/lait-aventure-pedagogique-documentaire-9-150x150.jpg 150w, https:\/\/lesminis.fr\/blog\/wp-content\/uploads\/2024\/03\/lait-aventure-pedagogique-documentaire-9-768x768.jpg 768w, https:\/\/lesminis.fr\/blog\/wp-content\/uploads\/2024\/03\/lait-aventure-pedagogique-documentaire-9-420x420.jpg 420w, https:\/\/lesminis.fr\/blog\/wp-content\/uploads\/2024\/03\/lait-aventure-pedagogique-documentaire-9-696x696.jpg 696w, https:\/\/lesminis.fr\/blog\/wp-content\/uploads\/2024\/03\/lait-aventure-pedagogique-documentaire-9-1068x1068.jpg 1068w\" sizes=\"auto, (max-width: 1080px) 100vw, 1080px\" \/><\/p>\n<h2><span class=\"ez-toc-section\" id=\"Le_voyage_incroyable_du_lait_Comment_le_lait_est-il_recolte\"><\/span>Le voyage incroyable du lait : Comment le lait est-il r\u00e9colt\u00e9 ?<span class=\"ez-toc-section-end\"><\/span><\/h2>\n<p>La r\u00e9colte du lait, aussi appel\u00e9e la\u00a0<strong>traite<\/strong>, est une \u00e9tape tr\u00e8s importante dans la production de lait. La traite, c\u2019est le moment o\u00f9 l\u2019on recueille le lait directement de l\u2019animal. Cela se fait g\u00e9n\u00e9ralement deux fois par jour : une fois le matin et une fois le soir. Les agriculteurs utilisent soit leurs mains, soit des machines sp\u00e9ciales appel\u00e9es\u00a0<strong>machines \u00e0 traire<\/strong>\u00a0pour traire les animaux. Le lait est ensuite recueilli dans un seau ou un r\u00e9servoir sp\u00e9cial appel\u00e9\u00a0<strong>tank \u00e0 lait<\/strong>.<\/p>\n<p><img loading=\"lazy\" decoding=\"async\" class=\"alignnone size-full wp-image-3445\" src=\"https:\/\/lesminis.fr\/blog\/wp-content\/uploads\/2024\/03\/lait-aventure-pedagogique-documentaire-8.jpg\" alt=\"Des bouteilles de lait fra\u00eechement r\u00e9colt\u00e9\" width=\"1080\" height=\"1080\" srcset=\"https:\/\/lesminis.fr\/blog\/wp-content\/uploads\/2024\/03\/lait-aventure-pedagogique-documentaire-8.jpg 1080w, https:\/\/lesminis.fr\/blog\/wp-content\/uploads\/2024\/03\/lait-aventure-pedagogique-documentaire-8-300x300.jpg 300w, https:\/\/lesminis.fr\/blog\/wp-content\/uploads\/2024\/03\/lait-aventure-pedagogique-documentaire-8-1024x1024.jpg 1024w, https:\/\/lesminis.fr\/blog\/wp-content\/uploads\/2024\/03\/lait-aventure-pedagogique-documentaire-8-150x150.jpg 150w, https:\/\/lesminis.fr\/blog\/wp-content\/uploads\/2024\/03\/lait-aventure-pedagogique-documentaire-8-768x768.jpg 768w, https:\/\/lesminis.fr\/blog\/wp-content\/uploads\/2024\/03\/lait-aventure-pedagogique-documentaire-8-420x420.jpg 420w, https:\/\/lesminis.fr\/blog\/wp-content\/uploads\/2024\/03\/lait-aventure-pedagogique-documentaire-8-696x696.jpg 696w, https:\/\/lesminis.fr\/blog\/wp-content\/uploads\/2024\/03\/lait-aventure-pedagogique-documentaire-8-1068x1068.jpg 1068w\" sizes=\"auto, (max-width: 1080px) 100vw, 1080px\" \/><\/p>\n<p>&nbsp;<\/p>\n<p>Apr\u00e8s la traite, le lait est rapidement refroidi et stock\u00e9 dans le tank \u00e0 lait pour le garder frais et s\u00fbr. Ensuite, le lait est transport\u00e9 \u00e0 une\u00a0<strong>laiterie<\/strong>\u00a0o\u00f9 il sera transform\u00e9 en diff\u00e9rents produits laitiers comme le fromage, le yaourt, le beurre, et bien s\u00fbr, le lait que nous buvons.<\/p>\n<h2><span class=\"ez-toc-section\" id=\"Comment_le_lait_est-il_transforme\"><\/span>Comment le lait est-il transform\u00e9 ?<span class=\"ez-toc-section-end\"><\/span><\/h2>\n<p>Une fois que le lait a \u00e9t\u00e9 r\u00e9colt\u00e9, il doit \u00eatre trait\u00e9 pour le rendre s\u00fbr \u00e0 boire. Ce processus s\u2019appelle la\u00a0<strong>pasteurisation<\/strong>. La pasteurisation est une technique invent\u00e9e par Louis Pasteur, un scientifique fran\u00e7ais. Le but de la pasteurisation est de tuer les\u00a0<strong>bact\u00e9ries<\/strong>\u00a0(des micro-organismes nocifs et dangereux qui peuvent rendre les gens malades) qui pourraient \u00eatre pr\u00e9sentes dans le lait.<\/p>\n<p><img loading=\"lazy\" decoding=\"async\" class=\"alignnone size-full wp-image-3444\" src=\"https:\/\/lesminis.fr\/blog\/wp-content\/uploads\/2024\/03\/lait-aventure-pedagogique-documentaire-7.jpg\" alt=\"Un agriculteur en train de recolterr le lait d'une ch\u00e8vre\" width=\"1080\" height=\"1080\" srcset=\"https:\/\/lesminis.fr\/blog\/wp-content\/uploads\/2024\/03\/lait-aventure-pedagogique-documentaire-7.jpg 1080w, https:\/\/lesminis.fr\/blog\/wp-content\/uploads\/2024\/03\/lait-aventure-pedagogique-documentaire-7-300x300.jpg 300w, https:\/\/lesminis.fr\/blog\/wp-content\/uploads\/2024\/03\/lait-aventure-pedagogique-documentaire-7-1024x1024.jpg 1024w, https:\/\/lesminis.fr\/blog\/wp-content\/uploads\/2024\/03\/lait-aventure-pedagogique-documentaire-7-150x150.jpg 150w, https:\/\/lesminis.fr\/blog\/wp-content\/uploads\/2024\/03\/lait-aventure-pedagogique-documentaire-7-768x768.jpg 768w, https:\/\/lesminis.fr\/blog\/wp-content\/uploads\/2024\/03\/lait-aventure-pedagogique-documentaire-7-420x420.jpg 420w, https:\/\/lesminis.fr\/blog\/wp-content\/uploads\/2024\/03\/lait-aventure-pedagogique-documentaire-7-696x696.jpg 696w, https:\/\/lesminis.fr\/blog\/wp-content\/uploads\/2024\/03\/lait-aventure-pedagogique-documentaire-7-1068x1068.jpg 1068w\" sizes=\"auto, (max-width: 1080px) 100vw, 1080px\" \/><\/p>\n<p>Voici comment cela fonctionne :<\/p>\n<ol>\n<li><strong>Chauffage<\/strong>\u00a0: Le lait est chauff\u00e9 \u00e0 une temp\u00e9rature \u00e9lev\u00e9e, g\u00e9n\u00e9ralement autour de 72\u00b0C. Cela tue la plupart des bact\u00e9ries qui pourraient \u00eatre pr\u00e9sentes dans le lait.<\/li>\n<li><strong>Refroidissement rapide<\/strong>\u00a0: Apr\u00e8s avoir \u00e9t\u00e9 chauff\u00e9, le lait est rapidement refroidi. Cela emp\u00eache les bact\u00e9ries restantes de se multiplier.<\/li>\n<li><strong>Stockage<\/strong>\u00a0: Une fois refroidi, le lait est stock\u00e9 \u00e0 une temp\u00e9rature basse pour le garder frais. Le lait pasteuris\u00e9 doit \u00eatre conserv\u00e9 au r\u00e9frig\u00e9rateur et consomm\u00e9 dans les deux semaines.<\/li>\n<\/ol>\n<p>Apr\u00e8s la pasteurisation, le lait est pr\u00eat \u00e0 \u00eatre consomm\u00e9 ou utilis\u00e9 pour faire d\u2019autres produits laitiers comme le fromage, le yaourt, ou le beurre. Ces produits sont fabriqu\u00e9s en ajoutant des cultures de bact\u00e9ries b\u00e9n\u00e9fiques au lait et en le laissant fermenter.<\/p>\n<h2><span class=\"ez-toc-section\" id=\"En_quoi_transforme-t-on_le_lait_Les_produits_derives_du_lait\"><\/span>En quoi transforme-t-on le lait ? Les produits d\u00e9riv\u00e9s du lait.<span class=\"ez-toc-section-end\"><\/span><\/h2>\n<p><img loading=\"lazy\" decoding=\"async\" class=\"alignnone size-full wp-image-3447\" src=\"https:\/\/lesminis.fr\/blog\/wp-content\/uploads\/2024\/03\/lait-aventure-pedagogique-documentaire-10.jpg\" alt=\"En quoi se transforme le lait dossier p\u00e9dagogique\" width=\"1080\" height=\"1080\" srcset=\"https:\/\/lesminis.fr\/blog\/wp-content\/uploads\/2024\/03\/lait-aventure-pedagogique-documentaire-10.jpg 1080w, https:\/\/lesminis.fr\/blog\/wp-content\/uploads\/2024\/03\/lait-aventure-pedagogique-documentaire-10-300x300.jpg 300w, https:\/\/lesminis.fr\/blog\/wp-content\/uploads\/2024\/03\/lait-aventure-pedagogique-documentaire-10-1024x1024.jpg 1024w, https:\/\/lesminis.fr\/blog\/wp-content\/uploads\/2024\/03\/lait-aventure-pedagogique-documentaire-10-150x150.jpg 150w, https:\/\/lesminis.fr\/blog\/wp-content\/uploads\/2024\/03\/lait-aventure-pedagogique-documentaire-10-768x768.jpg 768w, https:\/\/lesminis.fr\/blog\/wp-content\/uploads\/2024\/03\/lait-aventure-pedagogique-documentaire-10-420x420.jpg 420w, https:\/\/lesminis.fr\/blog\/wp-content\/uploads\/2024\/03\/lait-aventure-pedagogique-documentaire-10-696x696.jpg 696w, https:\/\/lesminis.fr\/blog\/wp-content\/uploads\/2024\/03\/lait-aventure-pedagogique-documentaire-10-1068x1068.jpg 1068w\" sizes=\"auto, (max-width: 1080px) 100vw, 1080px\" \/><\/p>\n<p>Le lait est un aliment incroyablement polyvalent qui peut \u00eatre transform\u00e9 en une grande vari\u00e9t\u00e9 de produits. Voici quelques exemples :<\/p>\n<ol>\n<li><strong>Fromage<\/strong>\u00a0: Le fromage est fabriqu\u00e9 en ajoutant des cultures de bact\u00e9ries au lait. Ces bact\u00e9ries transforment le lactose, le sucre du lait, en acide lactique. Cela fait cailler le lait, formant une masse solide appel\u00e9e caill\u00e9. Le caill\u00e9 est ensuite \u00e9goutt\u00e9, sal\u00e9, et parfois affin\u00e9 pour d\u00e9velopper diff\u00e9rentes saveurs et textures.<\/li>\n<li><strong>Yaourt<\/strong>\u00a0: Le yaourt est fabriqu\u00e9 en ajoutant des bact\u00e9ries sp\u00e9cifiques au lait. Ces bact\u00e9ries fermentent le lactose, produisant de l\u2019acide lactique. Cela fait \u00e9paissir le lait et lui donne sa texture cr\u00e9meuse caract\u00e9ristique. Le yaourt peut \u00eatre consomm\u00e9 tel quel ou aromatis\u00e9 avec des fruits, du miel, ou d\u2019autres saveurs.<\/li>\n<li><strong>Beurre<\/strong>\u00a0: Le beurre est fabriqu\u00e9 en battant la cr\u00e8me, qui est la partie grasse du lait. En battant la cr\u00e8me, on s\u00e9pare les particules grasses du reste du liquide. Ces particules grasses s\u2019agglom\u00e8rent pour former le beurre.<\/li>\n<li><strong>Cr\u00e8me glac\u00e9e<\/strong>\u00a0: La cr\u00e8me glac\u00e9e est fabriqu\u00e9e en m\u00e9langeant du lait, de la cr\u00e8me, du sucre, et souvent des \u0153ufs. Ce m\u00e9lange est ensuite refroidi tout en \u00e9tant agit\u00e9 pour cr\u00e9er une texture lisse et cr\u00e9meuse. Des saveurs comme la vanille, le chocolat, ou les fruits sont souvent ajout\u00e9es.<\/li>\n<li><strong>Lait condens\u00e9 et lait en poudre<\/strong>\u00a0: Le lait peut \u00eatre d\u00e9shydrat\u00e9 pour cr\u00e9er du lait en poudre, ou cuit et sucr\u00e9 pour cr\u00e9er du lait condens\u00e9. Ces produits ont une longue dur\u00e9e de conservation et sont souvent utilis\u00e9s en cuisine.<\/li>\n<\/ol>\n<p>Ces produits laitiers sont utilis\u00e9s dans une grande vari\u00e9t\u00e9 de plats et de recettes, et ils sont une source importante de nutriments comme le calcium, les prot\u00e9ines, et les vitamines. Ils sont donc tr\u00e8s importants pour notre alimentation.<\/p>\n<h2><span class=\"ez-toc-section\" id=\"Des_laits_pas_comme_les_autres\"><\/span>Des laits pas comme les autres<span class=\"ez-toc-section-end\"><\/span><\/h2>\n<p>Savais-tu qu\u2019il existe des laits tr\u00e8s sp\u00e9ciaux ? Par exemple, le lait d\u2019\u00e2nesse est souvent utilis\u00e9 dans la fabrication de savons et de cr\u00e8mes pour la peau. Mais il y a aussi d\u2019autres types de lait qui sont tout aussi int\u00e9ressants !<\/p>\n<p><img loading=\"lazy\" decoding=\"async\" class=\"alignnone size-full wp-image-3448\" src=\"https:\/\/lesminis.fr\/blog\/wp-content\/uploads\/2024\/03\/lait-aventure-pedagogique-documentaire-11.jpg\" alt=\"Un agriculteur en train de traire une ch\u00e8vre\" width=\"1080\" height=\"1080\" srcset=\"https:\/\/lesminis.fr\/blog\/wp-content\/uploads\/2024\/03\/lait-aventure-pedagogique-documentaire-11.jpg 1080w, https:\/\/lesminis.fr\/blog\/wp-content\/uploads\/2024\/03\/lait-aventure-pedagogique-documentaire-11-300x300.jpg 300w, https:\/\/lesminis.fr\/blog\/wp-content\/uploads\/2024\/03\/lait-aventure-pedagogique-documentaire-11-1024x1024.jpg 1024w, https:\/\/lesminis.fr\/blog\/wp-content\/uploads\/2024\/03\/lait-aventure-pedagogique-documentaire-11-150x150.jpg 150w, https:\/\/lesminis.fr\/blog\/wp-content\/uploads\/2024\/03\/lait-aventure-pedagogique-documentaire-11-768x768.jpg 768w, https:\/\/lesminis.fr\/blog\/wp-content\/uploads\/2024\/03\/lait-aventure-pedagogique-documentaire-11-420x420.jpg 420w, https:\/\/lesminis.fr\/blog\/wp-content\/uploads\/2024\/03\/lait-aventure-pedagogique-documentaire-11-696x696.jpg 696w, https:\/\/lesminis.fr\/blog\/wp-content\/uploads\/2024\/03\/lait-aventure-pedagogique-documentaire-11-1068x1068.jpg 1068w\" sizes=\"auto, (max-width: 1080px) 100vw, 1080px\" \/><\/p>\n<ol>\n<li><strong>Lait de buffle<\/strong>\u00a0: Le lait de buffle est tr\u00e8s riche et cr\u00e9meux. Il est souvent utilis\u00e9 pour faire de la mozzarella, un type de fromage que tu as peut-\u00eatre d\u00e9j\u00e0 go\u00fbt\u00e9 sur une pizza !<\/li>\n<li><strong>Lait de brebis<\/strong>\u00a0: Le lait de brebis est utilis\u00e9 pour faire des fromages comme la feta ou le roquefort. Il est tr\u00e8s proche du lait maternel, ce qui le rend tr\u00e8s digeste.<\/li>\n<li><strong>Lait de ch\u00e8vre<\/strong>\u00a0: Le lait de ch\u00e8vre a un go\u00fbt un peu diff\u00e9rent du lait de vache. Il est souvent utilis\u00e9 pour faire des fromages sp\u00e9ciaux et il est aussi tr\u00e8s bon pour la sant\u00e9.<\/li>\n<\/ol>\n<p>Il existe \u00e9galement d\u2019autres types de lait, comme le lait de chamelle ou le lait de jument, mais ils sont moins courants. Chaque type de lait a des caract\u00e9ristiques uniques et peut \u00eatre utilis\u00e9 de diff\u00e9rentes mani\u00e8res.<\/p>\n<p><img loading=\"lazy\" decoding=\"async\" class=\"alignnone size-full wp-image-3440\" src=\"https:\/\/lesminis.fr\/blog\/wp-content\/uploads\/2024\/03\/lait-aventure-pedagogique-documentaire-3.jpg\" alt=\"Une pr\u00e9sentation 'un plateau de fromage et une ch\u00e8vre\" width=\"1080\" height=\"1080\" srcset=\"https:\/\/lesminis.fr\/blog\/wp-content\/uploads\/2024\/03\/lait-aventure-pedagogique-documentaire-3.jpg 1080w, https:\/\/lesminis.fr\/blog\/wp-content\/uploads\/2024\/03\/lait-aventure-pedagogique-documentaire-3-300x300.jpg 300w, https:\/\/lesminis.fr\/blog\/wp-content\/uploads\/2024\/03\/lait-aventure-pedagogique-documentaire-3-1024x1024.jpg 1024w, https:\/\/lesminis.fr\/blog\/wp-content\/uploads\/2024\/03\/lait-aventure-pedagogique-documentaire-3-150x150.jpg 150w, https:\/\/lesminis.fr\/blog\/wp-content\/uploads\/2024\/03\/lait-aventure-pedagogique-documentaire-3-768x768.jpg 768w, https:\/\/lesminis.fr\/blog\/wp-content\/uploads\/2024\/03\/lait-aventure-pedagogique-documentaire-3-420x420.jpg 420w, https:\/\/lesminis.fr\/blog\/wp-content\/uploads\/2024\/03\/lait-aventure-pedagogique-documentaire-3-696x696.jpg 696w, https:\/\/lesminis.fr\/blog\/wp-content\/uploads\/2024\/03\/lait-aventure-pedagogique-documentaire-3-1068x1068.jpg 1068w\" sizes=\"auto, (max-width: 1080px) 100vw, 1080px\" \/><\/p>\n<h2><span class=\"ez-toc-section\" id=\"Quest-ce_que_le_lait_et_quelle_est_sa_composition\"><\/span>Qu\u2019est-ce que le lait et quelle est sa composition ?<span class=\"ez-toc-section-end\"><\/span><\/h2>\n<p>Le lait est une boisson nutritive que les mamans animaux donnent \u00e0 leurs petits pour les aider \u00e0 grandir. Sa couleur varie du blanc au jaun\u00e2tre, et sa composition peut varier sensiblement selon les esp\u00e8ces animales, et m\u00eame selon les races.<\/p>\n<p><img loading=\"lazy\" decoding=\"async\" class=\"alignnone size-full wp-image-3442\" src=\"https:\/\/lesminis.fr\/blog\/wp-content\/uploads\/2024\/03\/lait-aventure-pedagogique-documentaire-5.jpg\" alt=\"Un enfant d\u00e9gustant un verre de lait frais\" width=\"1080\" height=\"1080\" srcset=\"https:\/\/lesminis.fr\/blog\/wp-content\/uploads\/2024\/03\/lait-aventure-pedagogique-documentaire-5.jpg 1080w, https:\/\/lesminis.fr\/blog\/wp-content\/uploads\/2024\/03\/lait-aventure-pedagogique-documentaire-5-300x300.jpg 300w, https:\/\/lesminis.fr\/blog\/wp-content\/uploads\/2024\/03\/lait-aventure-pedagogique-documentaire-5-1024x1024.jpg 1024w, https:\/\/lesminis.fr\/blog\/wp-content\/uploads\/2024\/03\/lait-aventure-pedagogique-documentaire-5-150x150.jpg 150w, https:\/\/lesminis.fr\/blog\/wp-content\/uploads\/2024\/03\/lait-aventure-pedagogique-documentaire-5-768x768.jpg 768w, https:\/\/lesminis.fr\/blog\/wp-content\/uploads\/2024\/03\/lait-aventure-pedagogique-documentaire-5-420x420.jpg 420w, https:\/\/lesminis.fr\/blog\/wp-content\/uploads\/2024\/03\/lait-aventure-pedagogique-documentaire-5-696x696.jpg 696w, https:\/\/lesminis.fr\/blog\/wp-content\/uploads\/2024\/03\/lait-aventure-pedagogique-documentaire-5-1068x1068.jpg 1068w\" sizes=\"auto, (max-width: 1080px) 100vw, 1080px\" \/><\/p>\n<p>Voici la composition g\u00e9n\u00e9rale du lait de vache, qui est le plus couramment consomm\u00e9 :<\/p>\n<ol>\n<li><strong>Eau<\/strong> : Le lait est compos\u00e9 d\u2019environ 87% d\u2019eau. C\u2019est ce qui donne au lait sa consistance liquide. C\u2019est ce qui donne au lait sa consistance liquide, un peu comme lorsque vous buvez un verre d\u2019eau.<\/li>\n<li><strong>Mati\u00e8res grasses<\/strong> : Les mati\u00e8res grasses repr\u00e9sentent environ 3,9% du lait. Elles donnent au lait sa texture cr\u00e9meuse et sont une source importante d\u2019\u00e9nergie. C\u2019est ce qui donne au lait sa texture douce et cr\u00e9meuse. C\u2019est un peu comme le beurre que vous mettez sur vos tartines.<\/li>\n<li><strong>Prot\u00e9ines<\/strong> : Les prot\u00e9ines constituent environ 3,2% du lait. Elles sont essentielles pour la croissance et le d\u00e9veloppement du corps. Les prot\u00e9ines sont comme des petites briques qui aident \u00e0 construire votre corps. Elles aident vos muscles \u00e0 grandir.<\/li>\n<li><strong>Glucides<\/strong> : Les glucides, principalement sous forme de lactose, repr\u00e9sentent environ 5,1% du lait. Le lactose est un sucre qui donne au lait sa saveur l\u00e9g\u00e8rement sucr\u00e9e. Les glucides sont une sorte de sucre pr\u00e9sent dans le lait qui donne de l\u2019\u00e9nergie \u00e0 votre corps.<\/li>\n<li><strong>Min\u00e9raux<\/strong> : Les min\u00e9raux, tels que le calcium et le phosphore, repr\u00e9sentent environ 0,9% du lait. Ils sont essentiels pour la sant\u00e9 des os et des dents. Les min\u00e9raux sont des \u00e9l\u00e9ments importants qui aident votre corps \u00e0 rester fort.<\/li>\n<\/ol>\n<p><img loading=\"lazy\" decoding=\"async\" class=\"alignnone size-full wp-image-3443\" src=\"https:\/\/lesminis.fr\/blog\/wp-content\/uploads\/2024\/03\/lait-aventure-pedagogique-documentaire-6.jpg\" alt=\"Une vari\u00e9t\u00e9 de fromages fabriqu\u00e9s \u00e0 partir de lait de vache\" width=\"1080\" height=\"1080\" srcset=\"https:\/\/lesminis.fr\/blog\/wp-content\/uploads\/2024\/03\/lait-aventure-pedagogique-documentaire-6.jpg 1080w, https:\/\/lesminis.fr\/blog\/wp-content\/uploads\/2024\/03\/lait-aventure-pedagogique-documentaire-6-300x300.jpg 300w, https:\/\/lesminis.fr\/blog\/wp-content\/uploads\/2024\/03\/lait-aventure-pedagogique-documentaire-6-1024x1024.jpg 1024w, https:\/\/lesminis.fr\/blog\/wp-content\/uploads\/2024\/03\/lait-aventure-pedagogique-documentaire-6-150x150.jpg 150w, https:\/\/lesminis.fr\/blog\/wp-content\/uploads\/2024\/03\/lait-aventure-pedagogique-documentaire-6-768x768.jpg 768w, https:\/\/lesminis.fr\/blog\/wp-content\/uploads\/2024\/03\/lait-aventure-pedagogique-documentaire-6-420x420.jpg 420w, https:\/\/lesminis.fr\/blog\/wp-content\/uploads\/2024\/03\/lait-aventure-pedagogique-documentaire-6-696x696.jpg 696w, https:\/\/lesminis.fr\/blog\/wp-content\/uploads\/2024\/03\/lait-aventure-pedagogique-documentaire-6-1068x1068.jpg 1068w\" sizes=\"auto, (max-width: 1080px) 100vw, 1080px\" \/><\/p>\n<p>En plus de ces composants principaux, le lait contient \u00e9galement des vitamines, des enzymes et d\u2019autres compos\u00e9s b\u00e9n\u00e9fiques. Chaque type de lait a une composition unique qui peut varier en fonction de l\u2019esp\u00e8ce de l\u2019animal, de son alimentation et de sa sant\u00e9.<\/p>\n<h3><span class=\"ez-toc-section\" id=\"Cest_quoi_un_enzyme\"><\/span>C&rsquo;est quoi un enzyme?<span class=\"ez-toc-section-end\"><\/span><\/h3>\n<p>Les <strong>enzymes<\/strong> sont comme des petits ouvriers qui travaillent dans notre corps. Elles aident \u00e0 transformer les aliments que nous mangeons en \u00e9nergie et en nutriments dont notre corps a besoin pour grandir et rester en bonne sant\u00e9. Par exemple, elles peuvent aider \u00e0 transformer le pain que nous mangeons en \u00e9nergie pour jouer, faire du sport. Chaque enzyme a un travail sp\u00e9cifique et elles sont toutes tr\u00e8s importantes pour notre corps.<\/p>\n<blockquote class=\"wp-embedded-content\" data-secret=\"HKeYerx5Hv\"><p><a href=\"https:\/\/lesminis.fr\/blog\/animaux-de-ferme-courants-france\/\">Quels sont les animaux de ferme les plus courants?<\/a><\/p><\/blockquote>\n<p><iframe loading=\"lazy\" class=\"wp-embedded-content\" sandbox=\"allow-scripts\" security=\"restricted\" style=\"position: absolute; clip: rect(1px, 1px, 1px, 1px);\" title=\"\u00ab\u00a0Quels sont les animaux de ferme les plus courants?\u00a0\u00bb &#8212; LesMinis Le Blog - Mat\u00e9riels \u00e9ducatifs - Figurines p\u00e9dagogiques\" src=\"https:\/\/lesminis.fr\/blog\/animaux-de-ferme-courants-france\/embed\/#?secret=iZaoJCw5nM#?secret=HKeYerx5Hv\" data-secret=\"HKeYerx5Hv\" width=\"600\" height=\"338\" frameborder=\"0\" marginwidth=\"0\" marginheight=\"0\" scrolling=\"no\"><\/iframe><\/p>\n<h2><span class=\"ez-toc-section\" id=\"Conclusion\"><\/span>Conclusion<span class=\"ez-toc-section-end\"><\/span><\/h2>\n<p>Comme vous pouvez le voir, le lait a une aventure incroyable depuis la ferme jusqu\u2019\u00e0 votre tasse. Il commence par la traite des animaux, puis est r\u00e9colt\u00e9 et pasteuris\u00e9 pour le rendre s\u00fbr \u00e0 boire. Ensuite, il peut \u00eatre transform\u00e9 en une vari\u00e9t\u00e9 de produits d\u00e9licieux comme le fromage, le yaourt, le beurre et la cr\u00e8me glac\u00e9e. Et n\u2019oublions pas les laits sp\u00e9ciaux comme le lait de buffle, de brebis et de ch\u00e8vre. Chaque type de lait a une composition unique et peut \u00eatre utilis\u00e9 de diff\u00e9rentes mani\u00e8res. C\u2019est vraiment fascinant de voir comment un simple produit de la ferme peut \u00eatre si polyvalent et nutritif !<\/p>\n","protected":false},"excerpt":{"rendered":"<p>D\u00e9couvrez le monde fascinant du lait et embarquez pour une aventure incroyable qui vous m\u00e8nera de la ferme \u00e0 votre tasse. Rencontrez les animaux qui produisent du lait, d\u00e9couvrez comment le lait est r\u00e9colt\u00e9 et transform\u00e9, et apprenez-en plus sur les diff\u00e9rents produits laitiers que nous consommons tous les jours.<\/p>\n","protected":false},"author":1,"featured_media":3449,"comment_status":"open","ping_status":"closed","sticky":false,"template":"","format":"standard","meta":{"_acf_changed":false,"footnotes":""},"categories":[105,28],"tags":[141,144,266],"class_list":{"0":"post-3437","1":"post","2":"type-post","3":"status-publish","4":"format-standard","5":"has-post-thumbnail","7":"category-minispedago-predagogie-montessori-activites-developpement","8":"category-monde-animal-figurines","9":"tag-animaux-de-la-ferme","10":"tag-lait","11":"tag-vaches"},"acf":[],"yoast_head":"<!-- This site is optimized with the Yoast SEO Premium plugin v27.1 (Yoast SEO v27.1.1) - https:\/\/yoast.com\/product\/yoast-seo-premium-wordpress\/ -->\n<title>L\u2019aventure du lait : De la ferme \u00e0 votre tasse ! D\u00e9couvrez tous les secrets...<\/title>\n<meta name=\"description\" content=\"D\u00e9couvrez le voyage incroyable du lait, de la traite des animaux \u00e0 votre tasse. Apprenez-en plus sur les animaux qui produisent du lait, comment le lait est transform\u00e9 et les diff\u00e9rents produits laitiers que nous consommons tous les jours.\" \/>\n<meta name=\"robots\" content=\"index, follow, max-snippet:-1, max-image-preview:large, max-video-preview:-1\" \/>\n<link rel=\"canonical\" href=\"https:\/\/lesminis.fr\/blog\/aventure-lait-de-la-ferme-a-tasse-documentaire-pedagogique\/\" \/>\n<meta property=\"og:locale\" content=\"fr_FR\" \/>\n<meta property=\"og:type\" content=\"article\" \/>\n<meta property=\"og:title\" content=\"L\u2019aventure du lait : De la ferme \u00e0 votre tasse !\" \/>\n<meta property=\"og:description\" content=\"D\u00e9couvrez le voyage incroyable du lait, de la traite des animaux \u00e0 votre tasse. Apprenez-en plus sur les animaux qui produisent du lait, comment le lait est transform\u00e9 et les diff\u00e9rents produits laitiers que nous consommons tous les jours.\" \/>\n<meta property=\"og:url\" content=\"https:\/\/lesminis.fr\/blog\/aventure-lait-de-la-ferme-a-tasse-documentaire-pedagogique\/\" \/>\n<meta property=\"og:site_name\" content=\"LesMinis Le Blog - Mat\u00e9riels \u00e9ducatifs - Figurines p\u00e9dagogiques\" \/>\n<meta property=\"article:publisher\" content=\"https:\/\/fr-fr.facebook.com\/LesMinis.fr\/\" \/>\n<meta property=\"article:author\" content=\"https:\/\/www.facebook.com\/LesMinis.fr\/\" \/>\n<meta property=\"article:published_time\" content=\"2024-03-28T06:00:25+00:00\" \/>\n<meta property=\"article:modified_time\" content=\"2024-03-29T09:20:17+00:00\" \/>\n<meta property=\"og:image\" content=\"https:\/\/lesminis.fr\/blog\/wp-content\/uploads\/2024\/03\/lait-aventure-pedagogique-documentaire-1.jpg\" \/>\n\t<meta property=\"og:image:width\" content=\"1080\" \/>\n\t<meta property=\"og:image:height\" content=\"1080\" \/>\n\t<meta property=\"og:image:type\" content=\"image\/jpeg\" \/>\n<meta name=\"author\" content=\"LesMinis\" \/>\n<meta name=\"twitter:label1\" content=\"\u00c9crit par\" \/>\n\t<meta name=\"twitter:data1\" content=\"LesMinis\" \/>\n\t<meta name=\"twitter:label2\" content=\"Dur\u00e9e de lecture estim\u00e9e\" \/>\n\t<meta name=\"twitter:data2\" content=\"10 minutes\" \/>\n<script type=\"application\/ld+json\" class=\"yoast-schema-graph\">{\"@context\":\"https:\/\/schema.org\",\"@graph\":[{\"@type\":[\"Article\",\"BlogPosting\"],\"@id\":\"https:\/\/lesminis.fr\/blog\/aventure-lait-de-la-ferme-a-tasse-documentaire-pedagogique\/#article\",\"isPartOf\":{\"@id\":\"https:\/\/lesminis.fr\/blog\/aventure-lait-de-la-ferme-a-tasse-documentaire-pedagogique\/\"},\"author\":{\"name\":\"LesMinis\",\"@id\":\"https:\/\/lesminis.fr\/blog\/#\/schema\/person\/4a1be8c8c70a7d945af71674957cf83e\"},\"headline\":\"L\u2019aventure du lait : De la ferme \u00e0 votre tasse !\",\"datePublished\":\"2024-03-28T06:00:25+00:00\",\"dateModified\":\"2024-03-29T09:20:17+00:00\",\"mainEntityOfPage\":{\"@id\":\"https:\/\/lesminis.fr\/blog\/aventure-lait-de-la-ferme-a-tasse-documentaire-pedagogique\/\"},\"wordCount\":1684,\"commentCount\":0,\"publisher\":{\"@id\":\"https:\/\/lesminis.fr\/blog\/#organization\"},\"image\":{\"@id\":\"https:\/\/lesminis.fr\/blog\/aventure-lait-de-la-ferme-a-tasse-documentaire-pedagogique\/#primaryimage\"},\"thumbnailUrl\":\"https:\/\/lesminis.fr\/blog\/wp-content\/uploads\/2024\/03\/lait-aventure-pedagogique-documentaire-1.jpg\",\"keywords\":[\"animaux de la ferme\",\"lait\",\"vaches\"],\"articleSection\":[\"MinisPedago \u2014 Montessori, p\u00e9dagogies alternatives &amp; d\u00e9veloppement de l\u2019enfant\",\"Zoodex \u2014 Explorer le monde animal\"],\"inLanguage\":\"fr-FR\",\"potentialAction\":[{\"@type\":\"CommentAction\",\"name\":\"Comment\",\"target\":[\"https:\/\/lesminis.fr\/blog\/aventure-lait-de-la-ferme-a-tasse-documentaire-pedagogique\/#respond\"]}]},{\"@type\":\"WebPage\",\"@id\":\"https:\/\/lesminis.fr\/blog\/aventure-lait-de-la-ferme-a-tasse-documentaire-pedagogique\/\",\"url\":\"https:\/\/lesminis.fr\/blog\/aventure-lait-de-la-ferme-a-tasse-documentaire-pedagogique\/\",\"name\":\"L\u2019aventure du lait : De la ferme \u00e0 votre tasse ! D\u00e9couvrez tous les secrets...\",\"isPartOf\":{\"@id\":\"https:\/\/lesminis.fr\/blog\/#website\"},\"primaryImageOfPage\":{\"@id\":\"https:\/\/lesminis.fr\/blog\/aventure-lait-de-la-ferme-a-tasse-documentaire-pedagogique\/#primaryimage\"},\"image\":{\"@id\":\"https:\/\/lesminis.fr\/blog\/aventure-lait-de-la-ferme-a-tasse-documentaire-pedagogique\/#primaryimage\"},\"thumbnailUrl\":\"https:\/\/lesminis.fr\/blog\/wp-content\/uploads\/2024\/03\/lait-aventure-pedagogique-documentaire-1.jpg\",\"datePublished\":\"2024-03-28T06:00:25+00:00\",\"dateModified\":\"2024-03-29T09:20:17+00:00\",\"description\":\"D\u00e9couvrez le voyage incroyable du lait, de la traite des animaux \u00e0 votre tasse. Apprenez-en plus sur les animaux qui produisent du lait, comment le lait est transform\u00e9 et les diff\u00e9rents produits laitiers que nous consommons tous les jours.\",\"breadcrumb\":{\"@id\":\"https:\/\/lesminis.fr\/blog\/aventure-lait-de-la-ferme-a-tasse-documentaire-pedagogique\/#breadcrumb\"},\"inLanguage\":\"fr-FR\",\"potentialAction\":[{\"@type\":\"ReadAction\",\"target\":[\"https:\/\/lesminis.fr\/blog\/aventure-lait-de-la-ferme-a-tasse-documentaire-pedagogique\/\"]}]},{\"@type\":\"ImageObject\",\"inLanguage\":\"fr-FR\",\"@id\":\"https:\/\/lesminis.fr\/blog\/aventure-lait-de-la-ferme-a-tasse-documentaire-pedagogique\/#primaryimage\",\"url\":\"https:\/\/lesminis.fr\/blog\/wp-content\/uploads\/2024\/03\/lait-aventure-pedagogique-documentaire-1.jpg\",\"contentUrl\":\"https:\/\/lesminis.fr\/blog\/wp-content\/uploads\/2024\/03\/lait-aventure-pedagogique-documentaire-1.jpg\",\"width\":1080,\"height\":1080,\"caption\":\"Aventure du lait dossier p\u00e9dagogique pour comprendre\"},{\"@type\":\"BreadcrumbList\",\"@id\":\"https:\/\/lesminis.fr\/blog\/aventure-lait-de-la-ferme-a-tasse-documentaire-pedagogique\/#breadcrumb\",\"itemListElement\":[{\"@type\":\"ListItem\",\"position\":1,\"name\":\"Accueil\",\"item\":\"https:\/\/lesminis.fr\/blog\/\"},{\"@type\":\"ListItem\",\"position\":2,\"name\":\"L\u2019aventure du lait : De la ferme \u00e0 votre tasse !\"}]},{\"@type\":\"WebSite\",\"@id\":\"https:\/\/lesminis.fr\/blog\/#website\",\"url\":\"https:\/\/lesminis.fr\/blog\/\",\"name\":\"LesMinis Le Blog - Mat\u00e9riels \u00e9ducatifs - Figurines p\u00e9dagogiques\",\"description\":\"D\u00e9couvrez notre actualit\u00e9, figurines, mat\u00e9riel \u00e9ducatif, activit\u00e9s Montessori\",\"publisher\":{\"@id\":\"https:\/\/lesminis.fr\/blog\/#organization\"},\"potentialAction\":[{\"@type\":\"SearchAction\",\"target\":{\"@type\":\"EntryPoint\",\"urlTemplate\":\"https:\/\/lesminis.fr\/blog\/?s={search_term_string}\"},\"query-input\":{\"@type\":\"PropertyValueSpecification\",\"valueRequired\":true,\"valueName\":\"search_term_string\"}}],\"inLanguage\":\"fr-FR\"},{\"@type\":\"Organization\",\"@id\":\"https:\/\/lesminis.fr\/blog\/#organization\",\"name\":\"LesMinis - Sp\u00e9cialiste mat\u00e9riel p\u00e9dagogiques - Figurines \u00e9ducatives - Mat\u00e9riel Montessori\",\"url\":\"https:\/\/lesminis.fr\/blog\/\",\"logo\":{\"@type\":\"ImageObject\",\"inLanguage\":\"fr-FR\",\"@id\":\"https:\/\/lesminis.fr\/blog\/#\/schema\/logo\/image\/\",\"url\":\"https:\/\/lesminis.fr\/blog\/wp-content\/uploads\/2023\/03\/nouveau-logo-lesminis.png\",\"contentUrl\":\"https:\/\/lesminis.fr\/blog\/wp-content\/uploads\/2023\/03\/nouveau-logo-lesminis.png\",\"width\":500,\"height\":175,\"caption\":\"LesMinis - Sp\u00e9cialiste mat\u00e9riel p\u00e9dagogiques - Figurines \u00e9ducatives - Mat\u00e9riel Montessori\"},\"image\":{\"@id\":\"https:\/\/lesminis.fr\/blog\/#\/schema\/logo\/image\/\"},\"sameAs\":[\"https:\/\/fr-fr.facebook.com\/LesMinis.fr\/\",\"https:\/\/www.instagram.com\/lesminis.fr\/\",\"https:\/\/www.tiktok.com\/@lesminis.fr\",\"https:\/\/www.pinterest.fr\/lesminisfr\/\"]},{\"@type\":\"Person\",\"@id\":\"https:\/\/lesminis.fr\/blog\/#\/schema\/person\/4a1be8c8c70a7d945af71674957cf83e\",\"name\":\"LesMinis\",\"image\":{\"@type\":\"ImageObject\",\"inLanguage\":\"fr-FR\",\"@id\":\"https:\/\/lesminis.fr\/blog\/#\/schema\/person\/image\/\",\"url\":\"https:\/\/secure.gravatar.com\/avatar\/288cd93d352b3465f2bd0701b1f2bb059b68dc3a70c4fda061bad8e6c9f8d865?s=96&d=blank&r=g\",\"contentUrl\":\"https:\/\/secure.gravatar.com\/avatar\/288cd93d352b3465f2bd0701b1f2bb059b68dc3a70c4fda061bad8e6c9f8d865?s=96&d=blank&r=g\",\"caption\":\"LesMinis\"},\"sameAs\":[\"https:\/\/lesminis.fr\/blog\",\"https:\/\/www.facebook.com\/LesMinis.fr\/\",\"https:\/\/www.instagram.com\/lesminis.fr\/\",\"https:\/\/www.pinterest.fr\/lesminisfr\/\"],\"url\":\"https:\/\/lesminis.fr\/blog\/author\/lesminis\/\"}]}<\/script>\n<!-- \/ Yoast SEO Premium plugin. -->","yoast_head_json":{"title":"L\u2019aventure du lait : De la ferme \u00e0 votre tasse ! D\u00e9couvrez tous les secrets...","description":"D\u00e9couvrez le voyage incroyable du lait, de la traite des animaux \u00e0 votre tasse. Apprenez-en plus sur les animaux qui produisent du lait, comment le lait est transform\u00e9 et les diff\u00e9rents produits laitiers que nous consommons tous les jours.","robots":{"index":"index","follow":"follow","max-snippet":"max-snippet:-1","max-image-preview":"max-image-preview:large","max-video-preview":"max-video-preview:-1"},"canonical":"https:\/\/lesminis.fr\/blog\/aventure-lait-de-la-ferme-a-tasse-documentaire-pedagogique\/","og_locale":"fr_FR","og_type":"article","og_title":"L\u2019aventure du lait : De la ferme \u00e0 votre tasse !","og_description":"D\u00e9couvrez le voyage incroyable du lait, de la traite des animaux \u00e0 votre tasse. Apprenez-en plus sur les animaux qui produisent du lait, comment le lait est transform\u00e9 et les diff\u00e9rents produits laitiers que nous consommons tous les jours.","og_url":"https:\/\/lesminis.fr\/blog\/aventure-lait-de-la-ferme-a-tasse-documentaire-pedagogique\/","og_site_name":"LesMinis Le Blog - Mat\u00e9riels \u00e9ducatifs - Figurines p\u00e9dagogiques","article_publisher":"https:\/\/fr-fr.facebook.com\/LesMinis.fr\/","article_author":"https:\/\/www.facebook.com\/LesMinis.fr\/","article_published_time":"2024-03-28T06:00:25+00:00","article_modified_time":"2024-03-29T09:20:17+00:00","og_image":[{"width":1080,"height":1080,"url":"https:\/\/lesminis.fr\/blog\/wp-content\/uploads\/2024\/03\/lait-aventure-pedagogique-documentaire-1.jpg","type":"image\/jpeg"}],"author":"LesMinis","twitter_misc":{"\u00c9crit par":"LesMinis","Dur\u00e9e de lecture estim\u00e9e":"10 minutes"},"schema":{"@context":"https:\/\/schema.org","@graph":[{"@type":["Article","BlogPosting"],"@id":"https:\/\/lesminis.fr\/blog\/aventure-lait-de-la-ferme-a-tasse-documentaire-pedagogique\/#article","isPartOf":{"@id":"https:\/\/lesminis.fr\/blog\/aventure-lait-de-la-ferme-a-tasse-documentaire-pedagogique\/"},"author":{"name":"LesMinis","@id":"https:\/\/lesminis.fr\/blog\/#\/schema\/person\/4a1be8c8c70a7d945af71674957cf83e"},"headline":"L\u2019aventure du lait : De la ferme \u00e0 votre tasse !","datePublished":"2024-03-28T06:00:25+00:00","dateModified":"2024-03-29T09:20:17+00:00","mainEntityOfPage":{"@id":"https:\/\/lesminis.fr\/blog\/aventure-lait-de-la-ferme-a-tasse-documentaire-pedagogique\/"},"wordCount":1684,"commentCount":0,"publisher":{"@id":"https:\/\/lesminis.fr\/blog\/#organization"},"image":{"@id":"https:\/\/lesminis.fr\/blog\/aventure-lait-de-la-ferme-a-tasse-documentaire-pedagogique\/#primaryimage"},"thumbnailUrl":"https:\/\/lesminis.fr\/blog\/wp-content\/uploads\/2024\/03\/lait-aventure-pedagogique-documentaire-1.jpg","keywords":["animaux de la ferme","lait","vaches"],"articleSection":["MinisPedago \u2014 Montessori, p\u00e9dagogies alternatives &amp; d\u00e9veloppement de l\u2019enfant","Zoodex \u2014 Explorer le monde animal"],"inLanguage":"fr-FR","potentialAction":[{"@type":"CommentAction","name":"Comment","target":["https:\/\/lesminis.fr\/blog\/aventure-lait-de-la-ferme-a-tasse-documentaire-pedagogique\/#respond"]}]},{"@type":"WebPage","@id":"https:\/\/lesminis.fr\/blog\/aventure-lait-de-la-ferme-a-tasse-documentaire-pedagogique\/","url":"https:\/\/lesminis.fr\/blog\/aventure-lait-de-la-ferme-a-tasse-documentaire-pedagogique\/","name":"L\u2019aventure du lait : De la ferme \u00e0 votre tasse ! D\u00e9couvrez tous les secrets...","isPartOf":{"@id":"https:\/\/lesminis.fr\/blog\/#website"},"primaryImageOfPage":{"@id":"https:\/\/lesminis.fr\/blog\/aventure-lait-de-la-ferme-a-tasse-documentaire-pedagogique\/#primaryimage"},"image":{"@id":"https:\/\/lesminis.fr\/blog\/aventure-lait-de-la-ferme-a-tasse-documentaire-pedagogique\/#primaryimage"},"thumbnailUrl":"https:\/\/lesminis.fr\/blog\/wp-content\/uploads\/2024\/03\/lait-aventure-pedagogique-documentaire-1.jpg","datePublished":"2024-03-28T06:00:25+00:00","dateModified":"2024-03-29T09:20:17+00:00","description":"D\u00e9couvrez le voyage incroyable du lait, de la traite des animaux \u00e0 votre tasse. Apprenez-en plus sur les animaux qui produisent du lait, comment le lait est transform\u00e9 et les diff\u00e9rents produits laitiers que nous consommons tous les jours.","breadcrumb":{"@id":"https:\/\/lesminis.fr\/blog\/aventure-lait-de-la-ferme-a-tasse-documentaire-pedagogique\/#breadcrumb"},"inLanguage":"fr-FR","potentialAction":[{"@type":"ReadAction","target":["https:\/\/lesminis.fr\/blog\/aventure-lait-de-la-ferme-a-tasse-documentaire-pedagogique\/"]}]},{"@type":"ImageObject","inLanguage":"fr-FR","@id":"https:\/\/lesminis.fr\/blog\/aventure-lait-de-la-ferme-a-tasse-documentaire-pedagogique\/#primaryimage","url":"https:\/\/lesminis.fr\/blog\/wp-content\/uploads\/2024\/03\/lait-aventure-pedagogique-documentaire-1.jpg","contentUrl":"https:\/\/lesminis.fr\/blog\/wp-content\/uploads\/2024\/03\/lait-aventure-pedagogique-documentaire-1.jpg","width":1080,"height":1080,"caption":"Aventure du lait dossier p\u00e9dagogique pour comprendre"},{"@type":"BreadcrumbList","@id":"https:\/\/lesminis.fr\/blog\/aventure-lait-de-la-ferme-a-tasse-documentaire-pedagogique\/#breadcrumb","itemListElement":[{"@type":"ListItem","position":1,"name":"Accueil","item":"https:\/\/lesminis.fr\/blog\/"},{"@type":"ListItem","position":2,"name":"L\u2019aventure du lait : De la ferme \u00e0 votre tasse !"}]},{"@type":"WebSite","@id":"https:\/\/lesminis.fr\/blog\/#website","url":"https:\/\/lesminis.fr\/blog\/","name":"LesMinis Le Blog - Mat\u00e9riels \u00e9ducatifs - Figurines p\u00e9dagogiques","description":"D\u00e9couvrez notre actualit\u00e9, figurines, mat\u00e9riel \u00e9ducatif, activit\u00e9s Montessori","publisher":{"@id":"https:\/\/lesminis.fr\/blog\/#organization"},"potentialAction":[{"@type":"SearchAction","target":{"@type":"EntryPoint","urlTemplate":"https:\/\/lesminis.fr\/blog\/?s={search_term_string}"},"query-input":{"@type":"PropertyValueSpecification","valueRequired":true,"valueName":"search_term_string"}}],"inLanguage":"fr-FR"},{"@type":"Organization","@id":"https:\/\/lesminis.fr\/blog\/#organization","name":"LesMinis - Sp\u00e9cialiste mat\u00e9riel p\u00e9dagogiques - Figurines \u00e9ducatives - Mat\u00e9riel Montessori","url":"https:\/\/lesminis.fr\/blog\/","logo":{"@type":"ImageObject","inLanguage":"fr-FR","@id":"https:\/\/lesminis.fr\/blog\/#\/schema\/logo\/image\/","url":"https:\/\/lesminis.fr\/blog\/wp-content\/uploads\/2023\/03\/nouveau-logo-lesminis.png","contentUrl":"https:\/\/lesminis.fr\/blog\/wp-content\/uploads\/2023\/03\/nouveau-logo-lesminis.png","width":500,"height":175,"caption":"LesMinis - Sp\u00e9cialiste mat\u00e9riel p\u00e9dagogiques - Figurines \u00e9ducatives - Mat\u00e9riel Montessori"},"image":{"@id":"https:\/\/lesminis.fr\/blog\/#\/schema\/logo\/image\/"},"sameAs":["https:\/\/fr-fr.facebook.com\/LesMinis.fr\/","https:\/\/www.instagram.com\/lesminis.fr\/","https:\/\/www.tiktok.com\/@lesminis.fr","https:\/\/www.pinterest.fr\/lesminisfr\/"]},{"@type":"Person","@id":"https:\/\/lesminis.fr\/blog\/#\/schema\/person\/4a1be8c8c70a7d945af71674957cf83e","name":"LesMinis","image":{"@type":"ImageObject","inLanguage":"fr-FR","@id":"https:\/\/lesminis.fr\/blog\/#\/schema\/person\/image\/","url":"https:\/\/secure.gravatar.com\/avatar\/288cd93d352b3465f2bd0701b1f2bb059b68dc3a70c4fda061bad8e6c9f8d865?s=96&d=blank&r=g","contentUrl":"https:\/\/secure.gravatar.com\/avatar\/288cd93d352b3465f2bd0701b1f2bb059b68dc3a70c4fda061bad8e6c9f8d865?s=96&d=blank&r=g","caption":"LesMinis"},"sameAs":["https:\/\/lesminis.fr\/blog","https:\/\/www.facebook.com\/LesMinis.fr\/","https:\/\/www.instagram.com\/lesminis.fr\/","https:\/\/www.pinterest.fr\/lesminisfr\/"],"url":"https:\/\/lesminis.fr\/blog\/author\/lesminis\/"}]}},"_links":{"self":[{"href":"https:\/\/lesminis.fr\/blog\/wp-json\/wp\/v2\/posts\/3437","targetHints":{"allow":["GET"]}}],"collection":[{"href":"https:\/\/lesminis.fr\/blog\/wp-json\/wp\/v2\/posts"}],"about":[{"href":"https:\/\/lesminis.fr\/blog\/wp-json\/wp\/v2\/types\/post"}],"author":[{"embeddable":true,"href":"https:\/\/lesminis.fr\/blog\/wp-json\/wp\/v2\/users\/1"}],"replies":[{"embeddable":true,"href":"https:\/\/lesminis.fr\/blog\/wp-json\/wp\/v2\/comments?post=3437"}],"version-history":[{"count":5,"href":"https:\/\/lesminis.fr\/blog\/wp-json\/wp\/v2\/posts\/3437\/revisions"}],"predecessor-version":[{"id":3512,"href":"https:\/\/lesminis.fr\/blog\/wp-json\/wp\/v2\/posts\/3437\/revisions\/3512"}],"wp:featuredmedia":[{"embeddable":true,"href":"https:\/\/lesminis.fr\/blog\/wp-json\/wp\/v2\/media\/3449"}],"wp:attachment":[{"href":"https:\/\/lesminis.fr\/blog\/wp-json\/wp\/v2\/media?parent=3437"}],"wp:term":[{"taxonomy":"category","embeddable":true,"href":"https:\/\/lesminis.fr\/blog\/wp-json\/wp\/v2\/categories?post=3437"},{"taxonomy":"post_tag","embeddable":true,"href":"https:\/\/lesminis.fr\/blog\/wp-json\/wp\/v2\/tags?post=3437"}],"curies":[{"name":"wp","href":"https:\/\/api.w.org\/{rel}","templated":true}]}}