{"id":3375,"date":"2024-03-21T07:00:42","date_gmt":"2024-03-21T06:00:42","guid":{"rendered":"https:\/\/lesminis.fr\/blog\/?p=3375"},"modified":"2024-03-31T12:24:42","modified_gmt":"2024-03-31T11:24:42","slug":"les-heritiers-meconnus-de-maria-montessori-une-dynastie-au-service-de-education","status":"publish","type":"post","link":"https:\/\/lesminis.fr\/blog\/les-heritiers-meconnus-de-maria-montessori-une-dynastie-au-service-de-education\/","title":{"rendered":"Les H\u00e9ritiers M\u00e9connus de Maria Montessori : Une Dynastie au Service de l\u2019\u00c9ducation"},"content":{"rendered":"<p class=\"whitespace-pre-wrap\"><a href=\"https:\/\/lesminis.fr\/blog\/l-incroyable-histoire-de-maria-montessori\/\">Maria Montessori<\/a>, c\u00e9l\u00e8bre p\u00e9dagogue italienne, a r\u00e9volutionn\u00e9 le monde de l&rsquo;\u00e9ducation avec sa m\u00e9thode novatrice centr\u00e9e sur l&rsquo;enfant. Cependant, peu de gens connaissent l&rsquo;histoire fascinante de ses h\u00e9ritiers, qui ont consacr\u00e9 leur vie \u00e0 perp\u00e9tuer et \u00e0 enrichir son \u0153uvre. De Mario Montessori Sr., fils d\u00e9vou\u00e9 et collaborateur de g\u00e9nie, \u00e0 Renilde Montessori, passeuse de flambeau \u00e0 l&rsquo;\u00e9chelle internationale, en passant par les \u00e9pouses de Mario Sr. et les destins vari\u00e9s de la fratrie Montessori, d\u00e9couvrez comment cette v\u00e9ritable dynastie a fa\u00e7onn\u00e9 l&rsquo;\u00e9ducation moderne en restant fid\u00e8le \u00e0 l&rsquo;esprit visionnaire de Maria.<\/p>\n<div id=\"ez-toc-container\" class=\"ez-toc-v2_0_78 counter-hierarchy ez-toc-counter ez-toc-grey ez-toc-container-direction\">\n<div class=\"ez-toc-title-container\">\n<p class=\"ez-toc-title\" style=\"cursor:inherit\">Table of Contents<\/p>\n<span class=\"ez-toc-title-toggle\"><a href=\"#\" class=\"ez-toc-pull-right ez-toc-btn ez-toc-btn-xs ez-toc-btn-default ez-toc-toggle\" aria-label=\"Toggle Table of Content\"><span class=\"ez-toc-js-icon-con\"><span class=\"\"><span class=\"eztoc-hide\" style=\"display:none;\">Toggle<\/span><span class=\"ez-toc-icon-toggle-span\"><svg style=\"fill: #999;color:#999\" xmlns=\"http:\/\/www.w3.org\/2000\/svg\" class=\"list-377408\" width=\"20px\" height=\"20px\" viewBox=\"0 0 24 24\" fill=\"none\"><path d=\"M6 6H4v2h2V6zm14 0H8v2h12V6zM4 11h2v2H4v-2zm16 0H8v2h12v-2zM4 16h2v2H4v-2zm16 0H8v2h12v-2z\" fill=\"currentColor\"><\/path><\/svg><svg style=\"fill: #999;color:#999\" class=\"arrow-unsorted-368013\" xmlns=\"http:\/\/www.w3.org\/2000\/svg\" width=\"10px\" height=\"10px\" viewBox=\"0 0 24 24\" version=\"1.2\" baseProfile=\"tiny\"><path d=\"M18.2 9.3l-6.2-6.3-6.2 6.3c-.2.2-.3.4-.3.7s.1.5.3.7c.2.2.4.3.7.3h11c.3 0 .5-.1.7-.3.2-.2.3-.5.3-.7s-.1-.5-.3-.7zM5.8 14.7l6.2 6.3 6.2-6.3c.2-.2.3-.5.3-.7s-.1-.5-.3-.7c-.2-.2-.4-.3-.7-.3h-11c-.3 0-.5.1-.7.3-.2.2-.3.5-.3.7s.1.5.3.7z\"\/><\/svg><\/span><\/span><\/span><\/a><\/span><\/div>\n<nav><ul class='ez-toc-list ez-toc-list-level-1 ' ><li class='ez-toc-page-1 ez-toc-heading-level-2'><a class=\"ez-toc-link ez-toc-heading-1\" href=\"https:\/\/lesminis.fr\/blog\/les-heritiers-meconnus-de-maria-montessori-une-dynastie-au-service-de-education\/#Mario_Montessori_Sr_le_fils_devoue_et_collaborateur_de_genie\" >Mario Montessori Sr., le fils d\u00e9vou\u00e9 et collaborateur de g\u00e9nie<\/a><\/li><li class='ez-toc-page-1 ez-toc-heading-level-2'><a class=\"ez-toc-link ez-toc-heading-2\" href=\"https:\/\/lesminis.fr\/blog\/les-heritiers-meconnus-de-maria-montessori-une-dynastie-au-service-de-education\/#Les_epouses_de_Mario_Sr_Des_femmes_de_lombre_au_service_de_la_cause_Montessori\" >Les \u00e9pouses de Mario Sr. : Des femmes de l&rsquo;ombre au service de la cause Montessori<\/a><\/li><li class='ez-toc-page-1 ez-toc-heading-level-2'><a class=\"ez-toc-link ez-toc-heading-3\" href=\"https:\/\/lesminis.fr\/blog\/les-heritiers-meconnus-de-maria-montessori-une-dynastie-au-service-de-education\/#La_fratrie_Montessori_Des_destins_varies_au_service_de_leducation\" >La fratrie Montessori : Des destins vari\u00e9s au service de l&rsquo;\u00e9ducation<\/a><\/li><li class='ez-toc-page-1 ez-toc-heading-level-2'><a class=\"ez-toc-link ez-toc-heading-4\" href=\"https:\/\/lesminis.fr\/blog\/les-heritiers-meconnus-de-maria-montessori-une-dynastie-au-service-de-education\/#Mario_Montessori_Jr_engage_dans_la_qualite_de_leducation_Montessori\" >Mario Montessori Jr. engag\u00e9 dans la qualit\u00e9 de l&rsquo;\u00e9ducation Montessori<\/a><\/li><li class='ez-toc-page-1 ez-toc-heading-level-2'><a class=\"ez-toc-link ez-toc-heading-5\" href=\"https:\/\/lesminis.fr\/blog\/les-heritiers-meconnus-de-maria-montessori-une-dynastie-au-service-de-education\/#Renilde_Montessori_la_passeuse_de_flambeau_a_lechelle_internationale\" >Renilde Montessori, la passeuse de flambeau \u00e0 l&rsquo;\u00e9chelle internationale<\/a><\/li><li class='ez-toc-page-1 ez-toc-heading-level-2'><a class=\"ez-toc-link ez-toc-heading-6\" href=\"https:\/\/lesminis.fr\/blog\/les-heritiers-meconnus-de-maria-montessori-une-dynastie-au-service-de-education\/#Conclusion\" >Conclusion<\/a><\/li><\/ul><\/nav><\/div>\n<h2 class=\"whitespace-pre-wrap\"><span class=\"ez-toc-section\" id=\"Mario_Montessori_Sr_le_fils_devoue_et_collaborateur_de_genie\"><\/span>Mario Montessori Sr., le fils d\u00e9vou\u00e9 et collaborateur de g\u00e9nie<span class=\"ez-toc-section-end\"><\/span><\/h2>\n<p class=\"whitespace-pre-wrap\">Il est fils unique de Maria Montessori. Il a jou\u00e9 un r\u00f4le crucial dans le <a href=\"https:\/\/lesminis.fr\/blog\/quatre-plans-developpement-maria-montessori\/\">d\u00e9veloppement<\/a> et la diffusion de la p\u00e9dagogie Montessori. Bras droit et successeur d\u00e9sign\u00e9 de sa m\u00e8re, il a travaill\u00e9 sans rel\u00e2che \u00e0 ses c\u00f4t\u00e9s, apportant ses propres contributions \u00e0 la m\u00e9thode. Vous pouvez d\u00e9couvrir l&rsquo;histoire et les contributions de <a href=\"https:\/\/lesminis.fr\/blog\/mario-montessori-heritier-pedagogie-montessori\/\">Mario Montessori<\/a> dans notre article d\u00e9di\u00e9.<\/p>\n<h2 class=\"whitespace-pre-wrap\"><span class=\"ez-toc-section\" id=\"Les_epouses_de_Mario_Sr_Des_femmes_de_lombre_au_service_de_la_cause_Montessori\"><\/span>Les \u00e9pouses de Mario Sr. : Des femmes de l&rsquo;ombre au service de la cause Montessori<span class=\"ez-toc-section-end\"><\/span><\/h2>\n<p class=\"whitespace-pre-wrap\">Aux c\u00f4t\u00e9s de Mario Montessori fils, deux <a href=\"https:\/\/lesminis.fr\/blog\/journee-internationale-droits-femmes-enfants\/\">femmes<\/a> ont jou\u00e9 un r\u00f4le essentiel dans la perp\u00e9tuation de l&rsquo;\u0153uvre de Maria Montessori. Helen Christy, premi\u00e8re \u00e9pouse de Mario Sr. et m\u00e8re de leurs quatre enfants, a \u00e9t\u00e9 une figure discr\u00e8te mais importante de la famille.<\/p>\n<p class=\"whitespace-pre-wrap\">Bien que peu d&rsquo;informations soient disponibles \u00e0 son sujet, son soutien ind\u00e9fectible \u00e0 son mari et \u00e0 la cause Montessori ne fait aucun doute. Ada Pierson, seconde \u00e9pouse de Mario, a quant \u00e0 elle \u00e9t\u00e9 un pilier du mouvement Montessori.<\/p>\n<p class=\"whitespace-pre-wrap\">Form\u00e9e \u00e0 la p\u00e9dagogie Montessori, elle a apport\u00e9 un soutien pr\u00e9cieux \u00e0 Maria et Mario Sr., avant de devenir secr\u00e9taire de l&rsquo;Association Montessori Internationale (AMI) lorsque son mari en \u00e9tait le directeur g\u00e9n\u00e9ral. Apr\u00e8s la mort de Mario, Ada a continu\u00e9 \u00e0 porter la flamme de l&rsquo;AMI, assurant la continuit\u00e9 du travail de la famille Montessori.<\/p>\n<h2 class=\"whitespace-pre-wrap\"><span class=\"ez-toc-section\" id=\"La_fratrie_Montessori_Des_destins_varies_au_service_de_leducation\"><\/span>La fratrie Montessori : Des destins vari\u00e9s au service de l&rsquo;\u00e9ducation<span class=\"ez-toc-section-end\"><\/span><\/h2>\n<p class=\"whitespace-pre-wrap\">Les quatre enfants de Mario Montessori fils et Helen Christy ont, chacun \u00e0 leur mani\u00e8re, contribu\u00e9 \u00e0 la p\u00e9rennit\u00e9 de l&rsquo;h\u00e9ritage de leur grand-m\u00e8re. Marilena Henny-Montessori, l&rsquo;a\u00een\u00e9e discr\u00e8te, a \u00e9pous\u00e9 Jan Henny, un expert financier qui a mis ses comp\u00e9tences au service de l&rsquo;AMI en devenant son tr\u00e9sorier.<\/p>\n<p class=\"whitespace-pre-wrap\">Leur fils, Alexander Henny, a poursuivi cet engagement familial en si\u00e9geant au conseil d&rsquo;administration de l&rsquo;AMI et en dirigeant la Montessori-Pierson Publishing Company, une maison d&rsquo;\u00e9dition sp\u00e9cialis\u00e9e dans la publication des \u0153uvres de Maria Montessori.<\/p>\n<p class=\"whitespace-pre-wrap\">Rolando Montessori, le troisi\u00e8me enfant de Mario fils et Helen, a quant \u00e0 lui quitt\u00e9 l&rsquo;Europe pour les \u00c9tats-Unis, o\u00f9 il a fond\u00e9 une famille. Son fils, Phillip Montessori, a cr\u00e9\u00e9 la Montessori Corporation, une organisation visant \u00e0 promouvoir la p\u00e9dagogie Montessori aupr\u00e8s de tous les milieux sociaux am\u00e9ricains.<\/p>\n<h2 class=\"whitespace-pre-wrap\"><span class=\"ez-toc-section\" id=\"Mario_Montessori_Jr_engage_dans_la_qualite_de_leducation_Montessori\"><\/span>Mario Montessori Jr. engag\u00e9 dans la qualit\u00e9 de l&rsquo;\u00e9ducation Montessori<span class=\"ez-toc-section-end\"><\/span><\/h2>\n<p class=\"whitespace-pre-wrap\">N\u00e9 en 1921 \u00e0 Barcelone, Mario Montessori Jr. (petit-fils de Maria Montessori ) a connu une enfance nomade au gr\u00e9 des voyages de sa famille. Apr\u00e8s des \u00e9tudes d&rsquo;agriculture et un engagement dans la r\u00e9sistance n\u00e9erlandaise pendant la Seconde Guerre mondiale, il a finalement embrass\u00e9 une carri\u00e8re de psychanalyste.<\/p>\n<p class=\"whitespace-pre-wrap\">Passionn\u00e9 par les th\u00e9ories de Sigmund Freud, il a su tisser des liens entre la psychanalyse et la p\u00e9dagogie Montessori. Profond\u00e9ment attach\u00e9 \u00e0 l&rsquo;authenticit\u00e9 de l&rsquo;enseignement Montessori, Mario Jr. a fond\u00e9 le Montessori Centrum aux Pays-Bas, un organisme d\u00e9di\u00e9 \u00e0 la pr\u00e9servation et \u00e0 l&rsquo;am\u00e9lioration de la qualit\u00e9 de l&rsquo;\u00e9ducation Montessori dans le pays.<\/p>\n<p class=\"whitespace-pre-wrap\">Gr\u00e2ce \u00e0 son engagement, les \u00e9coles n\u00e9erlandaises ont pu renouer avec les principes fondamentaux de la m\u00e9thode et mettre en \u0153uvre l&rsquo;\u00e9ducation cosmique ch\u00e8re \u00e0 sa grand-m\u00e8re et \u00e0 son p\u00e8re.<\/p>\n<h2 class=\"whitespace-pre-wrap\"><span class=\"ez-toc-section\" id=\"Renilde_Montessori_la_passeuse_de_flambeau_a_lechelle_internationale\"><\/span>Renilde Montessori, la passeuse de flambeau \u00e0 l&rsquo;\u00e9chelle internationale<span class=\"ez-toc-section-end\"><\/span><\/h2>\n<p class=\"whitespace-pre-wrap\">Benjamine de Mario Montessori Sr. et Helen Christy, Renilde Montessori a d&rsquo;abord suivi une voie \u00e9loign\u00e9e du monde \u00e9ducatif. C&rsquo;est en 1968, en devenant assistante de son p\u00e8re, qu&rsquo;elle a embrass\u00e9 pleinement l&rsquo;h\u00e9ritage familial.<\/p>\n<p class=\"whitespace-pre-wrap\">Form\u00e9e \u00e0 la p\u00e9dagogie Montessori, elle a fond\u00e9 un centre de <a href=\"https:\/\/lesminis.fr\/blog\/science-de-education-montessori-ce-que-dit-la-recherche\/\">formation<\/a> \u00e0 Toronto avant de revenir \u00e0 Amsterdam pour prendre la t\u00eate de l&rsquo;AMI en 2000. Durant ses dix ann\u00e9es de pr\u00e9sidence, Renilde a \u0153uvr\u00e9 sans rel\u00e2che pour promouvoir la p\u00e9dagogie Montessori \u00e0 l&rsquo;\u00e9chelle internationale.<\/p>\n<p class=\"whitespace-pre-wrap\">Femme de r\u00e9seau parlant cinq langues, elle a su tisser des liens et porter la voix de l&rsquo;\u00e9ducation Montessori dans le monde entier. Parmi ses r\u00e9alisations marquantes, citons la cr\u00e9ation d'\u00a0\u00bb<strong>\u00c9ducateurs sans Fronti\u00e8res<\/strong>\u00ab\u00a0, un programme visant \u00e0 adapter les principes Montessori \u00e0 des contextes sociaux vari\u00e9s, et la r\u00e9organisation des archives de l&rsquo;AMI, <strong>un tr\u00e9sor pour les chercheurs et les p\u00e9dagogues.<\/strong><\/p>\n<h2 class=\"whitespace-pre-wrap\"><span class=\"ez-toc-section\" id=\"Conclusion\"><\/span>Conclusion<span class=\"ez-toc-section-end\"><\/span><\/h2>\n<p class=\"whitespace-pre-wrap\">De Maria Montessori \u00e0 ses arri\u00e8re-petits-enfants, la famille Montessori incarne un engagement sans faille en faveur d&rsquo;une \u00e9ducation respectueuse de l&rsquo;enfant et de son potentiel. Chaque g\u00e9n\u00e9ration a su apporter sa pierre \u00e0 l&rsquo;\u00e9difice, perp\u00e9tuant et enrichissant l&rsquo;h\u00e9ritage p\u00e9dagogique r\u00e9volutionnaire de Maria.<\/p>\n<p class=\"whitespace-pre-wrap\">Gr\u00e2ce \u00e0 leur d\u00e9termination et \u00e0 leur cr\u00e9ativit\u00e9, les h\u00e9ritiers Montessori ont su faire vivre cette approche \u00e9ducative unique, l&rsquo;adaptant aux d\u00e9fis de chaque \u00e9poque sans jamais en trahir l&rsquo;esprit. Aujourd&rsquo;hui encore, leur travail inspire des \u00e9ducateurs et des parents du monde entier, prouvant la pertinence et l&rsquo;universalit\u00e9 des principes Montessori. Nul doute que les g\u00e9n\u00e9rations futures de cette dynastie continueront \u00e0 porter ce flambeau, pour le plus grand b\u00e9n\u00e9fice des enfants d&rsquo;aujourd&rsquo;hui et de demain.<\/p>\n","protected":false},"excerpt":{"rendered":"<p>De Mario Montessori Sr. \u00e0 Renilde Montessori, plongez dans l\u2019histoire m\u00e9connue de la dynastie Montessori et son impact sur l\u2019\u00e9ducation.<\/p>\n","protected":false},"author":1,"featured_media":3411,"comment_status":"open","ping_status":"closed","sticky":false,"template":"","format":"standard","meta":{"_acf_changed":false,"footnotes":""},"categories":[105],"tags":[1097,1093,1096,469,1094,580,58,1095],"class_list":{"0":"post-3375","1":"post","2":"type-post","3":"status-publish","4":"format-standard","5":"has-post-thumbnail","7":"category-minispedago-predagogie-montessori-activites-developpement","8":"tag-dynastie-montessori","9":"tag-education-moderne","10":"tag-heritage-montessori","11":"tag-maria-montessori","12":"tag-mario-montessori-sr","13":"tag-methode-montessori","14":"tag-pedagogie-montessori","15":"tag-renilde-montessori"},"acf":[],"yoast_head":"<!-- This site is optimized with the Yoast SEO Premium plugin v27.1 (Yoast SEO v27.1.1) - https:\/\/yoast.com\/product\/yoast-seo-premium-wordpress\/ -->\n<title>La Dynastie Montessori : L\u2019H\u00e9ritage de la Famille sur la M\u00e9thode d\u2019\u00c9ducation<\/title>\n<meta name=\"description\" content=\"D\u00e9couvrez l\u2019histoire fascinante des h\u00e9ritiers m\u00e9connus de Maria Montessori et comment cette dynastie a contribu\u00e9 \u00e0 fa\u00e7onner l\u2019\u00e9ducation moderne.\" \/>\n<meta name=\"robots\" content=\"index, follow, max-snippet:-1, max-image-preview:large, max-video-preview:-1\" \/>\n<link rel=\"canonical\" href=\"https:\/\/lesminis.fr\/blog\/les-heritiers-meconnus-de-maria-montessori-une-dynastie-au-service-de-education\/\" \/>\n<meta property=\"og:locale\" content=\"fr_FR\" \/>\n<meta property=\"og:type\" content=\"article\" \/>\n<meta property=\"og:title\" content=\"Les H\u00e9ritiers M\u00e9connus de Maria Montessori : Une Dynastie au Service de l\u2019\u00c9ducation\" \/>\n<meta property=\"og:description\" content=\"D\u00e9couvrez l\u2019histoire fascinante des h\u00e9ritiers m\u00e9connus de Maria Montessori et comment cette dynastie a contribu\u00e9 \u00e0 fa\u00e7onner l\u2019\u00e9ducation moderne.\" \/>\n<meta property=\"og:url\" content=\"https:\/\/lesminis.fr\/blog\/les-heritiers-meconnus-de-maria-montessori-une-dynastie-au-service-de-education\/\" \/>\n<meta property=\"og:site_name\" content=\"LesMinis Le Blog - Mat\u00e9riels \u00e9ducatifs - Figurines p\u00e9dagogiques\" \/>\n<meta property=\"article:publisher\" content=\"https:\/\/fr-fr.facebook.com\/LesMinis.fr\/\" \/>\n<meta property=\"article:author\" content=\"https:\/\/www.facebook.com\/LesMinis.fr\/\" \/>\n<meta property=\"article:published_time\" content=\"2024-03-21T06:00:42+00:00\" \/>\n<meta property=\"article:modified_time\" content=\"2024-03-31T11:24:42+00:00\" \/>\n<meta property=\"og:image\" content=\"https:\/\/lesminis.fr\/blog\/wp-content\/uploads\/2024\/03\/Heritiers-Meconnu-Maria-Montessori.png\" \/>\n\t<meta property=\"og:image:width\" content=\"1080\" \/>\n\t<meta property=\"og:image:height\" content=\"1080\" \/>\n\t<meta property=\"og:image:type\" content=\"image\/png\" \/>\n<meta name=\"author\" content=\"LesMinis\" \/>\n<meta name=\"twitter:label1\" content=\"\u00c9crit par\" \/>\n\t<meta name=\"twitter:data1\" content=\"LesMinis\" \/>\n\t<meta name=\"twitter:label2\" content=\"Dur\u00e9e de lecture estim\u00e9e\" \/>\n\t<meta name=\"twitter:data2\" content=\"5 minutes\" \/>\n<script type=\"application\/ld+json\" class=\"yoast-schema-graph\">{\"@context\":\"https:\/\/schema.org\",\"@graph\":[{\"@type\":[\"Article\",\"BlogPosting\"],\"@id\":\"https:\/\/lesminis.fr\/blog\/les-heritiers-meconnus-de-maria-montessori-une-dynastie-au-service-de-education\/#article\",\"isPartOf\":{\"@id\":\"https:\/\/lesminis.fr\/blog\/les-heritiers-meconnus-de-maria-montessori-une-dynastie-au-service-de-education\/\"},\"author\":{\"name\":\"LesMinis\",\"@id\":\"https:\/\/lesminis.fr\/blog\/#\/schema\/person\/4a1be8c8c70a7d945af71674957cf83e\"},\"headline\":\"Les H\u00e9ritiers M\u00e9connus de Maria Montessori : Une Dynastie au Service de l\u2019\u00c9ducation\",\"datePublished\":\"2024-03-21T06:00:42+00:00\",\"dateModified\":\"2024-03-31T11:24:42+00:00\",\"mainEntityOfPage\":{\"@id\":\"https:\/\/lesminis.fr\/blog\/les-heritiers-meconnus-de-maria-montessori-une-dynastie-au-service-de-education\/\"},\"wordCount\":1003,\"commentCount\":0,\"publisher\":{\"@id\":\"https:\/\/lesminis.fr\/blog\/#organization\"},\"image\":{\"@id\":\"https:\/\/lesminis.fr\/blog\/les-heritiers-meconnus-de-maria-montessori-une-dynastie-au-service-de-education\/#primaryimage\"},\"thumbnailUrl\":\"https:\/\/lesminis.fr\/blog\/wp-content\/uploads\/2024\/03\/Heritiers-Meconnu-Maria-Montessori.png\",\"keywords\":[\"Dynastie Montessori\",\"\u00c9ducation Moderne\",\"H\u00e9ritage Montessori\",\"Maria Montessori\",\"Mario Montessori Sr.\",\"M\u00e9thode Montessori\",\"p\u00e9dagogie Montessori\",\"Renilde Montessori\"],\"articleSection\":[\"MinisPedago \u2014 Montessori, p\u00e9dagogies alternatives &amp; d\u00e9veloppement de l\u2019enfant\"],\"inLanguage\":\"fr-FR\",\"potentialAction\":[{\"@type\":\"CommentAction\",\"name\":\"Comment\",\"target\":[\"https:\/\/lesminis.fr\/blog\/les-heritiers-meconnus-de-maria-montessori-une-dynastie-au-service-de-education\/#respond\"]}]},{\"@type\":\"WebPage\",\"@id\":\"https:\/\/lesminis.fr\/blog\/les-heritiers-meconnus-de-maria-montessori-une-dynastie-au-service-de-education\/\",\"url\":\"https:\/\/lesminis.fr\/blog\/les-heritiers-meconnus-de-maria-montessori-une-dynastie-au-service-de-education\/\",\"name\":\"La Dynastie Montessori : L\u2019H\u00e9ritage de la Famille sur la M\u00e9thode d\u2019\u00c9ducation\",\"isPartOf\":{\"@id\":\"https:\/\/lesminis.fr\/blog\/#website\"},\"primaryImageOfPage\":{\"@id\":\"https:\/\/lesminis.fr\/blog\/les-heritiers-meconnus-de-maria-montessori-une-dynastie-au-service-de-education\/#primaryimage\"},\"image\":{\"@id\":\"https:\/\/lesminis.fr\/blog\/les-heritiers-meconnus-de-maria-montessori-une-dynastie-au-service-de-education\/#primaryimage\"},\"thumbnailUrl\":\"https:\/\/lesminis.fr\/blog\/wp-content\/uploads\/2024\/03\/Heritiers-Meconnu-Maria-Montessori.png\",\"datePublished\":\"2024-03-21T06:00:42+00:00\",\"dateModified\":\"2024-03-31T11:24:42+00:00\",\"description\":\"D\u00e9couvrez l\u2019histoire fascinante des h\u00e9ritiers m\u00e9connus de Maria Montessori et comment cette dynastie a contribu\u00e9 \u00e0 fa\u00e7onner l\u2019\u00e9ducation moderne.\",\"breadcrumb\":{\"@id\":\"https:\/\/lesminis.fr\/blog\/les-heritiers-meconnus-de-maria-montessori-une-dynastie-au-service-de-education\/#breadcrumb\"},\"inLanguage\":\"fr-FR\",\"potentialAction\":[{\"@type\":\"ReadAction\",\"target\":[\"https:\/\/lesminis.fr\/blog\/les-heritiers-meconnus-de-maria-montessori-une-dynastie-au-service-de-education\/\"]}]},{\"@type\":\"ImageObject\",\"inLanguage\":\"fr-FR\",\"@id\":\"https:\/\/lesminis.fr\/blog\/les-heritiers-meconnus-de-maria-montessori-une-dynastie-au-service-de-education\/#primaryimage\",\"url\":\"https:\/\/lesminis.fr\/blog\/wp-content\/uploads\/2024\/03\/Heritiers-Meconnu-Maria-Montessori.png\",\"contentUrl\":\"https:\/\/lesminis.fr\/blog\/wp-content\/uploads\/2024\/03\/Heritiers-Meconnu-Maria-Montessori.png\",\"width\":1080,\"height\":1080,\"caption\":\"Heritage Montessori p\u00e9dagogie m\u00e9thode didactique materiel tout savoir\"},{\"@type\":\"BreadcrumbList\",\"@id\":\"https:\/\/lesminis.fr\/blog\/les-heritiers-meconnus-de-maria-montessori-une-dynastie-au-service-de-education\/#breadcrumb\",\"itemListElement\":[{\"@type\":\"ListItem\",\"position\":1,\"name\":\"Accueil\",\"item\":\"https:\/\/lesminis.fr\/blog\/\"},{\"@type\":\"ListItem\",\"position\":2,\"name\":\"Les H\u00e9ritiers M\u00e9connus de Maria Montessori : Une Dynastie au Service de l\u2019\u00c9ducation\"}]},{\"@type\":\"WebSite\",\"@id\":\"https:\/\/lesminis.fr\/blog\/#website\",\"url\":\"https:\/\/lesminis.fr\/blog\/\",\"name\":\"LesMinis Le Blog - Mat\u00e9riels \u00e9ducatifs - Figurines p\u00e9dagogiques\",\"description\":\"D\u00e9couvrez notre actualit\u00e9, figurines, mat\u00e9riel \u00e9ducatif, activit\u00e9s Montessori\",\"publisher\":{\"@id\":\"https:\/\/lesminis.fr\/blog\/#organization\"},\"potentialAction\":[{\"@type\":\"SearchAction\",\"target\":{\"@type\":\"EntryPoint\",\"urlTemplate\":\"https:\/\/lesminis.fr\/blog\/?s={search_term_string}\"},\"query-input\":{\"@type\":\"PropertyValueSpecification\",\"valueRequired\":true,\"valueName\":\"search_term_string\"}}],\"inLanguage\":\"fr-FR\"},{\"@type\":\"Organization\",\"@id\":\"https:\/\/lesminis.fr\/blog\/#organization\",\"name\":\"LesMinis - Sp\u00e9cialiste mat\u00e9riel p\u00e9dagogiques - Figurines \u00e9ducatives - Mat\u00e9riel Montessori\",\"url\":\"https:\/\/lesminis.fr\/blog\/\",\"logo\":{\"@type\":\"ImageObject\",\"inLanguage\":\"fr-FR\",\"@id\":\"https:\/\/lesminis.fr\/blog\/#\/schema\/logo\/image\/\",\"url\":\"https:\/\/lesminis.fr\/blog\/wp-content\/uploads\/2023\/03\/nouveau-logo-lesminis.png\",\"contentUrl\":\"https:\/\/lesminis.fr\/blog\/wp-content\/uploads\/2023\/03\/nouveau-logo-lesminis.png\",\"width\":500,\"height\":175,\"caption\":\"LesMinis - Sp\u00e9cialiste mat\u00e9riel p\u00e9dagogiques - Figurines \u00e9ducatives - Mat\u00e9riel Montessori\"},\"image\":{\"@id\":\"https:\/\/lesminis.fr\/blog\/#\/schema\/logo\/image\/\"},\"sameAs\":[\"https:\/\/fr-fr.facebook.com\/LesMinis.fr\/\",\"https:\/\/www.instagram.com\/lesminis.fr\/\",\"https:\/\/www.tiktok.com\/@lesminis.fr\",\"https:\/\/www.pinterest.fr\/lesminisfr\/\"]},{\"@type\":\"Person\",\"@id\":\"https:\/\/lesminis.fr\/blog\/#\/schema\/person\/4a1be8c8c70a7d945af71674957cf83e\",\"name\":\"LesMinis\",\"image\":{\"@type\":\"ImageObject\",\"inLanguage\":\"fr-FR\",\"@id\":\"https:\/\/lesminis.fr\/blog\/#\/schema\/person\/image\/\",\"url\":\"https:\/\/secure.gravatar.com\/avatar\/288cd93d352b3465f2bd0701b1f2bb059b68dc3a70c4fda061bad8e6c9f8d865?s=96&d=blank&r=g\",\"contentUrl\":\"https:\/\/secure.gravatar.com\/avatar\/288cd93d352b3465f2bd0701b1f2bb059b68dc3a70c4fda061bad8e6c9f8d865?s=96&d=blank&r=g\",\"caption\":\"LesMinis\"},\"sameAs\":[\"https:\/\/lesminis.fr\/blog\",\"https:\/\/www.facebook.com\/LesMinis.fr\/\",\"https:\/\/www.instagram.com\/lesminis.fr\/\",\"https:\/\/www.pinterest.fr\/lesminisfr\/\"],\"url\":\"https:\/\/lesminis.fr\/blog\/author\/lesminis\/\"}]}<\/script>\n<!-- \/ Yoast SEO Premium plugin. -->","yoast_head_json":{"title":"La Dynastie Montessori : L\u2019H\u00e9ritage de la Famille sur la M\u00e9thode d\u2019\u00c9ducation","description":"D\u00e9couvrez l\u2019histoire fascinante des h\u00e9ritiers m\u00e9connus de Maria Montessori et comment cette dynastie a contribu\u00e9 \u00e0 fa\u00e7onner l\u2019\u00e9ducation moderne.","robots":{"index":"index","follow":"follow","max-snippet":"max-snippet:-1","max-image-preview":"max-image-preview:large","max-video-preview":"max-video-preview:-1"},"canonical":"https:\/\/lesminis.fr\/blog\/les-heritiers-meconnus-de-maria-montessori-une-dynastie-au-service-de-education\/","og_locale":"fr_FR","og_type":"article","og_title":"Les H\u00e9ritiers M\u00e9connus de Maria Montessori : Une Dynastie au Service de l\u2019\u00c9ducation","og_description":"D\u00e9couvrez l\u2019histoire fascinante des h\u00e9ritiers m\u00e9connus de Maria Montessori et comment cette dynastie a contribu\u00e9 \u00e0 fa\u00e7onner l\u2019\u00e9ducation moderne.","og_url":"https:\/\/lesminis.fr\/blog\/les-heritiers-meconnus-de-maria-montessori-une-dynastie-au-service-de-education\/","og_site_name":"LesMinis Le Blog - Mat\u00e9riels \u00e9ducatifs - Figurines p\u00e9dagogiques","article_publisher":"https:\/\/fr-fr.facebook.com\/LesMinis.fr\/","article_author":"https:\/\/www.facebook.com\/LesMinis.fr\/","article_published_time":"2024-03-21T06:00:42+00:00","article_modified_time":"2024-03-31T11:24:42+00:00","og_image":[{"width":1080,"height":1080,"url":"https:\/\/lesminis.fr\/blog\/wp-content\/uploads\/2024\/03\/Heritiers-Meconnu-Maria-Montessori.png","type":"image\/png"}],"author":"LesMinis","twitter_misc":{"\u00c9crit par":"LesMinis","Dur\u00e9e de lecture estim\u00e9e":"5 minutes"},"schema":{"@context":"https:\/\/schema.org","@graph":[{"@type":["Article","BlogPosting"],"@id":"https:\/\/lesminis.fr\/blog\/les-heritiers-meconnus-de-maria-montessori-une-dynastie-au-service-de-education\/#article","isPartOf":{"@id":"https:\/\/lesminis.fr\/blog\/les-heritiers-meconnus-de-maria-montessori-une-dynastie-au-service-de-education\/"},"author":{"name":"LesMinis","@id":"https:\/\/lesminis.fr\/blog\/#\/schema\/person\/4a1be8c8c70a7d945af71674957cf83e"},"headline":"Les H\u00e9ritiers M\u00e9connus de Maria Montessori : Une Dynastie au Service de l\u2019\u00c9ducation","datePublished":"2024-03-21T06:00:42+00:00","dateModified":"2024-03-31T11:24:42+00:00","mainEntityOfPage":{"@id":"https:\/\/lesminis.fr\/blog\/les-heritiers-meconnus-de-maria-montessori-une-dynastie-au-service-de-education\/"},"wordCount":1003,"commentCount":0,"publisher":{"@id":"https:\/\/lesminis.fr\/blog\/#organization"},"image":{"@id":"https:\/\/lesminis.fr\/blog\/les-heritiers-meconnus-de-maria-montessori-une-dynastie-au-service-de-education\/#primaryimage"},"thumbnailUrl":"https:\/\/lesminis.fr\/blog\/wp-content\/uploads\/2024\/03\/Heritiers-Meconnu-Maria-Montessori.png","keywords":["Dynastie Montessori","\u00c9ducation Moderne","H\u00e9ritage Montessori","Maria Montessori","Mario Montessori Sr.","M\u00e9thode Montessori","p\u00e9dagogie Montessori","Renilde Montessori"],"articleSection":["MinisPedago \u2014 Montessori, p\u00e9dagogies alternatives &amp; d\u00e9veloppement de l\u2019enfant"],"inLanguage":"fr-FR","potentialAction":[{"@type":"CommentAction","name":"Comment","target":["https:\/\/lesminis.fr\/blog\/les-heritiers-meconnus-de-maria-montessori-une-dynastie-au-service-de-education\/#respond"]}]},{"@type":"WebPage","@id":"https:\/\/lesminis.fr\/blog\/les-heritiers-meconnus-de-maria-montessori-une-dynastie-au-service-de-education\/","url":"https:\/\/lesminis.fr\/blog\/les-heritiers-meconnus-de-maria-montessori-une-dynastie-au-service-de-education\/","name":"La Dynastie Montessori : L\u2019H\u00e9ritage de la Famille sur la M\u00e9thode d\u2019\u00c9ducation","isPartOf":{"@id":"https:\/\/lesminis.fr\/blog\/#website"},"primaryImageOfPage":{"@id":"https:\/\/lesminis.fr\/blog\/les-heritiers-meconnus-de-maria-montessori-une-dynastie-au-service-de-education\/#primaryimage"},"image":{"@id":"https:\/\/lesminis.fr\/blog\/les-heritiers-meconnus-de-maria-montessori-une-dynastie-au-service-de-education\/#primaryimage"},"thumbnailUrl":"https:\/\/lesminis.fr\/blog\/wp-content\/uploads\/2024\/03\/Heritiers-Meconnu-Maria-Montessori.png","datePublished":"2024-03-21T06:00:42+00:00","dateModified":"2024-03-31T11:24:42+00:00","description":"D\u00e9couvrez l\u2019histoire fascinante des h\u00e9ritiers m\u00e9connus de Maria Montessori et comment cette dynastie a contribu\u00e9 \u00e0 fa\u00e7onner l\u2019\u00e9ducation moderne.","breadcrumb":{"@id":"https:\/\/lesminis.fr\/blog\/les-heritiers-meconnus-de-maria-montessori-une-dynastie-au-service-de-education\/#breadcrumb"},"inLanguage":"fr-FR","potentialAction":[{"@type":"ReadAction","target":["https:\/\/lesminis.fr\/blog\/les-heritiers-meconnus-de-maria-montessori-une-dynastie-au-service-de-education\/"]}]},{"@type":"ImageObject","inLanguage":"fr-FR","@id":"https:\/\/lesminis.fr\/blog\/les-heritiers-meconnus-de-maria-montessori-une-dynastie-au-service-de-education\/#primaryimage","url":"https:\/\/lesminis.fr\/blog\/wp-content\/uploads\/2024\/03\/Heritiers-Meconnu-Maria-Montessori.png","contentUrl":"https:\/\/lesminis.fr\/blog\/wp-content\/uploads\/2024\/03\/Heritiers-Meconnu-Maria-Montessori.png","width":1080,"height":1080,"caption":"Heritage Montessori p\u00e9dagogie m\u00e9thode didactique materiel tout savoir"},{"@type":"BreadcrumbList","@id":"https:\/\/lesminis.fr\/blog\/les-heritiers-meconnus-de-maria-montessori-une-dynastie-au-service-de-education\/#breadcrumb","itemListElement":[{"@type":"ListItem","position":1,"name":"Accueil","item":"https:\/\/lesminis.fr\/blog\/"},{"@type":"ListItem","position":2,"name":"Les H\u00e9ritiers M\u00e9connus de Maria Montessori : Une Dynastie au Service de l\u2019\u00c9ducation"}]},{"@type":"WebSite","@id":"https:\/\/lesminis.fr\/blog\/#website","url":"https:\/\/lesminis.fr\/blog\/","name":"LesMinis Le Blog - Mat\u00e9riels \u00e9ducatifs - Figurines p\u00e9dagogiques","description":"D\u00e9couvrez notre actualit\u00e9, figurines, mat\u00e9riel \u00e9ducatif, activit\u00e9s Montessori","publisher":{"@id":"https:\/\/lesminis.fr\/blog\/#organization"},"potentialAction":[{"@type":"SearchAction","target":{"@type":"EntryPoint","urlTemplate":"https:\/\/lesminis.fr\/blog\/?s={search_term_string}"},"query-input":{"@type":"PropertyValueSpecification","valueRequired":true,"valueName":"search_term_string"}}],"inLanguage":"fr-FR"},{"@type":"Organization","@id":"https:\/\/lesminis.fr\/blog\/#organization","name":"LesMinis - Sp\u00e9cialiste mat\u00e9riel p\u00e9dagogiques - Figurines \u00e9ducatives - Mat\u00e9riel Montessori","url":"https:\/\/lesminis.fr\/blog\/","logo":{"@type":"ImageObject","inLanguage":"fr-FR","@id":"https:\/\/lesminis.fr\/blog\/#\/schema\/logo\/image\/","url":"https:\/\/lesminis.fr\/blog\/wp-content\/uploads\/2023\/03\/nouveau-logo-lesminis.png","contentUrl":"https:\/\/lesminis.fr\/blog\/wp-content\/uploads\/2023\/03\/nouveau-logo-lesminis.png","width":500,"height":175,"caption":"LesMinis - Sp\u00e9cialiste mat\u00e9riel p\u00e9dagogiques - Figurines \u00e9ducatives - Mat\u00e9riel Montessori"},"image":{"@id":"https:\/\/lesminis.fr\/blog\/#\/schema\/logo\/image\/"},"sameAs":["https:\/\/fr-fr.facebook.com\/LesMinis.fr\/","https:\/\/www.instagram.com\/lesminis.fr\/","https:\/\/www.tiktok.com\/@lesminis.fr","https:\/\/www.pinterest.fr\/lesminisfr\/"]},{"@type":"Person","@id":"https:\/\/lesminis.fr\/blog\/#\/schema\/person\/4a1be8c8c70a7d945af71674957cf83e","name":"LesMinis","image":{"@type":"ImageObject","inLanguage":"fr-FR","@id":"https:\/\/lesminis.fr\/blog\/#\/schema\/person\/image\/","url":"https:\/\/secure.gravatar.com\/avatar\/288cd93d352b3465f2bd0701b1f2bb059b68dc3a70c4fda061bad8e6c9f8d865?s=96&d=blank&r=g","contentUrl":"https:\/\/secure.gravatar.com\/avatar\/288cd93d352b3465f2bd0701b1f2bb059b68dc3a70c4fda061bad8e6c9f8d865?s=96&d=blank&r=g","caption":"LesMinis"},"sameAs":["https:\/\/lesminis.fr\/blog","https:\/\/www.facebook.com\/LesMinis.fr\/","https:\/\/www.instagram.com\/lesminis.fr\/","https:\/\/www.pinterest.fr\/lesminisfr\/"],"url":"https:\/\/lesminis.fr\/blog\/author\/lesminis\/"}]}},"_links":{"self":[{"href":"https:\/\/lesminis.fr\/blog\/wp-json\/wp\/v2\/posts\/3375","targetHints":{"allow":["GET"]}}],"collection":[{"href":"https:\/\/lesminis.fr\/blog\/wp-json\/wp\/v2\/posts"}],"about":[{"href":"https:\/\/lesminis.fr\/blog\/wp-json\/wp\/v2\/types\/post"}],"author":[{"embeddable":true,"href":"https:\/\/lesminis.fr\/blog\/wp-json\/wp\/v2\/users\/1"}],"replies":[{"embeddable":true,"href":"https:\/\/lesminis.fr\/blog\/wp-json\/wp\/v2\/comments?post=3375"}],"version-history":[{"count":7,"href":"https:\/\/lesminis.fr\/blog\/wp-json\/wp\/v2\/posts\/3375\/revisions"}],"predecessor-version":[{"id":3667,"href":"https:\/\/lesminis.fr\/blog\/wp-json\/wp\/v2\/posts\/3375\/revisions\/3667"}],"wp:featuredmedia":[{"embeddable":true,"href":"https:\/\/lesminis.fr\/blog\/wp-json\/wp\/v2\/media\/3411"}],"wp:attachment":[{"href":"https:\/\/lesminis.fr\/blog\/wp-json\/wp\/v2\/media?parent=3375"}],"wp:term":[{"taxonomy":"category","embeddable":true,"href":"https:\/\/lesminis.fr\/blog\/wp-json\/wp\/v2\/categories?post=3375"},{"taxonomy":"post_tag","embeddable":true,"href":"https:\/\/lesminis.fr\/blog\/wp-json\/wp\/v2\/tags?post=3375"}],"curies":[{"name":"wp","href":"https:\/\/api.w.org\/{rel}","templated":true}]}}