{"id":3364,"date":"2024-03-20T07:36:55","date_gmt":"2024-03-20T06:36:55","guid":{"rendered":"https:\/\/lesminis.fr\/blog\/?p=3364"},"modified":"2024-03-20T08:34:07","modified_gmt":"2024-03-20T07:34:07","slug":"mario-montessori-heritier-pedagogie-montessori","status":"publish","type":"post","link":"https:\/\/lesminis.fr\/blog\/mario-montessori-heritier-pedagogie-montessori\/","title":{"rendered":"Au-del\u00e0 de Maria : L&rsquo;influence de Mario Montessori sur le mouvement \u00e9ducatif"},"content":{"rendered":"<p class=\"whitespace-pre-wrap\">Mario Montessori, n\u00e9 le 31 mars 1898, est bien plus qu&rsquo;une simple note de bas de page dans l&rsquo;histoire de la p\u00e9dagogie Montessori. Fils unique de la c\u00e9l\u00e8bre Maria Montessori, il a jou\u00e9 un r\u00f4le crucial dans le d\u00e9veloppement et la diffusion de la m\u00e9thode \u00e9ducative r\u00e9volutionnaire initi\u00e9e par sa m\u00e8re. Bien qu&rsquo;il soit souvent rest\u00e9 dans l&rsquo;ombre de la renomm\u00e9e de Maria, l&rsquo;influence de Mario Montessori sur le mouvement \u00e9ducatif est incontestable.<\/p>\n<div id=\"ez-toc-container\" class=\"ez-toc-v2_0_78 counter-hierarchy ez-toc-counter ez-toc-grey ez-toc-container-direction\">\n<div class=\"ez-toc-title-container\">\n<p class=\"ez-toc-title\" style=\"cursor:inherit\">Table of Contents<\/p>\n<span class=\"ez-toc-title-toggle\"><a href=\"#\" class=\"ez-toc-pull-right ez-toc-btn ez-toc-btn-xs ez-toc-btn-default ez-toc-toggle\" aria-label=\"Toggle Table of Content\"><span class=\"ez-toc-js-icon-con\"><span class=\"\"><span class=\"eztoc-hide\" style=\"display:none;\">Toggle<\/span><span class=\"ez-toc-icon-toggle-span\"><svg style=\"fill: #999;color:#999\" xmlns=\"http:\/\/www.w3.org\/2000\/svg\" class=\"list-377408\" width=\"20px\" height=\"20px\" viewBox=\"0 0 24 24\" fill=\"none\"><path d=\"M6 6H4v2h2V6zm14 0H8v2h12V6zM4 11h2v2H4v-2zm16 0H8v2h12v-2zM4 16h2v2H4v-2zm16 0H8v2h12v-2z\" fill=\"currentColor\"><\/path><\/svg><svg style=\"fill: #999;color:#999\" class=\"arrow-unsorted-368013\" xmlns=\"http:\/\/www.w3.org\/2000\/svg\" width=\"10px\" height=\"10px\" viewBox=\"0 0 24 24\" version=\"1.2\" baseProfile=\"tiny\"><path d=\"M18.2 9.3l-6.2-6.3-6.2 6.3c-.2.2-.3.4-.3.7s.1.5.3.7c.2.2.4.3.7.3h11c.3 0 .5-.1.7-.3.2-.2.3-.5.3-.7s-.1-.5-.3-.7zM5.8 14.7l6.2 6.3 6.2-6.3c.2-.2.3-.5.3-.7s-.1-.5-.3-.7c-.2-.2-.4-.3-.7-.3h-11c-.3 0-.5.1-.7.3-.2.2-.3.5-.3.7s.1.5.3.7z\"\/><\/svg><\/span><\/span><\/span><\/a><\/span><\/div>\n<nav><ul class='ez-toc-list ez-toc-list-level-1 ' ><li class='ez-toc-page-1 ez-toc-heading-level-2'><a class=\"ez-toc-link ez-toc-heading-1\" href=\"https:\/\/lesminis.fr\/blog\/mario-montessori-heritier-pedagogie-montessori\/#Mario_Montessori_Une_enfance_dans_lombre_de_sa_mere\" >Mario Montessori : Une enfance dans l&rsquo;ombre de sa m\u00e8re<\/a><\/li><li class='ez-toc-page-1 ez-toc-heading-level-2'><a class=\"ez-toc-link ez-toc-heading-2\" href=\"https:\/\/lesminis.fr\/blog\/mario-montessori-heritier-pedagogie-montessori\/#Le_nom_complet_de_Mario_Mario_Montesano_Montessori\" >Le nom complet de Mario : Mario Montesano Montessori<\/a><\/li><li class='ez-toc-page-1 ez-toc-heading-level-2'><a class=\"ez-toc-link ez-toc-heading-3\" href=\"https:\/\/lesminis.fr\/blog\/mario-montessori-heritier-pedagogie-montessori\/#Le_parcours_de_Mario_Montessori\" >Le parcours de Mario Montessori<\/a><\/li><li class='ez-toc-page-1 ez-toc-heading-level-2'><a class=\"ez-toc-link ez-toc-heading-4\" href=\"https:\/\/lesminis.fr\/blog\/mario-montessori-heritier-pedagogie-montessori\/#Mario_Montessori_ambassadeur_de_la_philosophie_educative_de_sa_mere\" >Mario Montessori, ambassadeur de la philosophie \u00e9ducative de sa m\u00e8re<\/a><\/li><li class='ez-toc-page-1 ez-toc-heading-level-2'><a class=\"ez-toc-link ez-toc-heading-5\" href=\"https:\/\/lesminis.fr\/blog\/mario-montessori-heritier-pedagogie-montessori\/#Le_role_essentiel_de_Mario_dans_loeuvre_de_Maria_Montessori\" >Le r\u00f4le essentiel de Mario dans l&rsquo;\u0153uvre de Maria Montessori<\/a><\/li><li class='ez-toc-page-1 ez-toc-heading-level-2'><a class=\"ez-toc-link ez-toc-heading-6\" href=\"https:\/\/lesminis.fr\/blog\/mario-montessori-heritier-pedagogie-montessori\/#La_creation_de_lAssociation_Montessori_Internationale_AMI\" >La cr\u00e9ation de l&rsquo;Association Montessori Internationale (AMI)<\/a><\/li><li class='ez-toc-page-1 ez-toc-heading-level-2'><a class=\"ez-toc-link ez-toc-heading-7\" href=\"https:\/\/lesminis.fr\/blog\/mario-montessori-heritier-pedagogie-montessori\/#Les_innovations_pedagogiques_de_Mario_Montessori\" >Les innovations p\u00e9dagogiques de Mario Montessori<\/a><\/li><li class='ez-toc-page-1 ez-toc-heading-level-2'><a class=\"ez-toc-link ez-toc-heading-8\" href=\"https:\/\/lesminis.fr\/blog\/mario-montessori-heritier-pedagogie-montessori\/#Lheritage_durable_de_Mario_Montessori_dans_leducation\" >L&rsquo;h\u00e9ritage durable de Mario Montessori dans l&rsquo;\u00e9ducation<\/a><\/li><li class='ez-toc-page-1 ez-toc-heading-level-2'><a class=\"ez-toc-link ez-toc-heading-9\" href=\"https:\/\/lesminis.fr\/blog\/mario-montessori-heritier-pedagogie-montessori\/#Les_epouses_de_Mario_Helen_Christy_et_Ada_Pierson\" >Les \u00e9pouses de Mario : Helen Christy et Ada Pierson<\/a><\/li><li class='ez-toc-page-1 ez-toc-heading-level-2'><a class=\"ez-toc-link ez-toc-heading-10\" href=\"https:\/\/lesminis.fr\/blog\/mario-montessori-heritier-pedagogie-montessori\/#Conclusion\" >Conclusion<\/a><\/li><\/ul><\/nav><\/div>\n<h2><span class=\"ez-toc-section\" id=\"Mario_Montessori_Une_enfance_dans_lombre_de_sa_mere\"><\/span>Mario Montessori : Une enfance dans l&rsquo;ombre de sa m\u00e8re<span class=\"ez-toc-section-end\"><\/span><\/h2>\n<p class=\"whitespace-pre-wrap\">Mario Montessori, fils unique de la c\u00e9l\u00e8bre p\u00e9dagogue Maria Montessori, est n\u00e9 le 31 mars 1898 d&rsquo;une union hors mariage avec Giuseppe Montesano, professeur de psychiatrie et coll\u00e8gue de Maria pendant ses \u00e9tudes de m\u00e9decine. \u00c0 cette \u00e9poque, avoir un enfant en dehors des liens du mariage \u00e9tait consid\u00e9r\u00e9 comme un scandale, et Maria a d\u00fb faire face \u00e0 la pression sociale et familiale. Pour prot\u00e9ger sa r\u00e9putation et poursuivre sa carri\u00e8re, elle a pris la difficile d\u00e9cision de cacher sa grossesse et de confier son fils \u00e0 une famille d&rsquo;accueil \u00e0 la campagne.<\/p>\n<p class=\"whitespace-pre-wrap\">Pendant les premi\u00e8res ann\u00e9es de sa vie, Mario a grandi loin de sa m\u00e8re, qui lui rendait visite une fois par semaine. Ce n&rsquo;est qu&rsquo;\u00e0 l&rsquo;\u00e2ge de 12 ans, apr\u00e8s le d\u00e9c\u00e8s de sa grand-m\u00e8re maternelle, que Mario a enfin pu rejoindre Maria. Cette r\u00e9union marque un tournant dans leur relation, et en 1915, ils partent ensemble pour les \u00c9tats-Unis, o\u00f9 Maria donne des conf\u00e9rences et des formations sur sa m\u00e9thode p\u00e9dagogique. C&rsquo;est durant ce s\u00e9jour que Mario, alors \u00e2g\u00e9 de 17 ans, rencontre sa future \u00e9pouse, Helen Christy, avec qui il se mariera peu apr\u00e8s. Malgr\u00e9 cette enfance marqu\u00e9e par l&rsquo;absence et le secret, Mario d\u00e9veloppera une relation forte et complice avec sa m\u00e8re, qui influencera grandement son parcours personnel et professionnel.<\/p>\n<h2 class=\"whitespace-pre-wrap\"><span class=\"ez-toc-section\" id=\"Le_nom_complet_de_Mario_Mario_Montesano_Montessori\"><\/span>Le nom complet de Mario : Mario Montesano Montessori<span class=\"ez-toc-section-end\"><\/span><\/h2>\n<p class=\"whitespace-pre-wrap\">Mario Montessori portait officiellement le nom de Mario Montesano Montessori. Il signait d&rsquo;ailleurs son courrier \u00ab\u00a0Mario M. Montessori\u00a0\u00bb. Ses enfants portaient \u00e9galement le nom de Montesano Montessori, comme en t\u00e9moignent les fiches du recensement de la ville d&rsquo;Amsterdam de 1947, conserv\u00e9es \u00e0 l&rsquo;Institut Meertens. Cependant, comme les enfants n&rsquo;utilisaient pas le nom Montesano, il n&rsquo;est pas mentionn\u00e9 dans la suite de cet article. Ce d\u00e9tail sur le nom complet de Mario met en lumi\u00e8re l&rsquo;h\u00e9ritage familial complexe qui a marqu\u00e9 sa vie et son identit\u00e9.<\/p>\n<h2><span class=\"ez-toc-section\" id=\"Le_parcours_de_Mario_Montessori\"><\/span>Le parcours de Mario Montessori<span class=\"ez-toc-section-end\"><\/span><\/h2>\n<p class=\"whitespace-pre-wrap\">Bien que Mario Montessori n&rsquo;ait pas suivi de formation traditionnelle pour devenir enseignant, il a d\u00e9velopp\u00e9 tr\u00e8s t\u00f4t un int\u00e9r\u00eat profond pour la p\u00e9dagogie novatrice de sa m\u00e8re. Ayant grandi en observant le travail de Maria et en l&rsquo;accompagnant dans ses voyages, Mario a acquis une compr\u00e9hension unique des principes fondamentaux de la m\u00e9thode Montessori. Cette immersion pr\u00e9coce dans le monde de l&rsquo;\u00e9ducation a fa\u00e7onn\u00e9 sa vision et son engagement envers la philosophie \u00e9ducative de sa m\u00e8re, qu&rsquo;il s&rsquo;efforcera de promouvoir tout au long de sa vie.<\/p>\n<p class=\"whitespace-pre-wrap\">En 1917, \u00e0 l&rsquo;\u00e2ge de 18 ans, Mario \u00e9pouse Helen Christy et s&rsquo;installe avec elle en Espagne. Le jeune couple fonde une famille et a quatre enfants : Marilena, Mario Jr., Rolando et Renilde. Malgr\u00e9 ses nouvelles responsabilit\u00e9s familiales, Mario reste profond\u00e9ment impliqu\u00e9 dans le mouvement Montessori. Il ouvre une \u00e9cole Montessori renomm\u00e9e en Californie, o\u00f9 il accueille les enfants de c\u00e9l\u00e9brit\u00e9s de l&rsquo;\u00e9poque. En 1918, Mario et Helen d\u00e9m\u00e9nagent \u00e0 Barcelone pour vivre avec Maria, une d\u00e9cision qui t\u00e9moigne de l&rsquo;\u00e9troite collaboration entre la m\u00e8re et le fils. C&rsquo;est dans ce contexte familial et professionnel que Mario va progressivement passer de la m\u00e9decine, sa formation initiale, \u00e0 l&rsquo;\u00e9ducation, sa v\u00e9ritable vocation.<\/p>\n<h2><span class=\"ez-toc-section\" id=\"Mario_Montessori_ambassadeur_de_la_philosophie_educative_de_sa_mere\"><\/span>Mario Montessori, ambassadeur de la philosophie \u00e9ducative de sa m\u00e8re<span class=\"ez-toc-section-end\"><\/span><\/h2>\n<p class=\"whitespace-pre-wrap\">Mario Montessori a jou\u00e9 un r\u00f4le crucial dans la diffusion internationale de la p\u00e9dagogie Montessori, devenant ainsi un v\u00e9ritable ambassadeur de la philosophie \u00e9ducative de sa m\u00e8re.<\/p>\n<p class=\"whitespace-pre-wrap\">Gr\u00e2ce \u00e0 son engagement sans faille et \u00e0 sa profonde compr\u00e9hension des principes fondamentaux de la m\u00e9thode, il a su promouvoir et transmettre les id\u00e9es de Maria Montessori \u00e0 travers le monde. Aux c\u00f4t\u00e9s de sa m\u00e8re, Mario a particip\u00e9 \u00e0 de nombreux voyages et formations visant \u00e0 faire conna\u00eetre et \u00e0 d\u00e9velopper le mouvement Montessori.<\/p>\n<p class=\"whitespace-pre-wrap\">L&rsquo;un des \u00e9pisodes les plus marquants de leur collaboration a \u00e9t\u00e9 leur s\u00e9jour en Inde pendant la Seconde Guerre mondiale. Alors qu&rsquo;ils \u00e9taient initialement partis pour une formation de trois mois, Maria et Mario ont \u00e9t\u00e9 contraints de rester en Inde pendant sept ans en raison du conflit.<\/p>\n<p class=\"whitespace-pre-wrap\">Durant cette p\u00e9riode, ils ont form\u00e9 plus de 1000 enseignants indiens \u00e0 la p\u00e9dagogie Montessori, contribuant ainsi \u00e0 l&rsquo;essor du mouvement \u00e9ducatif dans le sous-continent.<\/p>\n<p>&nbsp;<\/p>\n<blockquote>\n<p class=\"whitespace-pre-wrap\" style=\"text-align: center;\"><span style=\"color: #4db2ec; font-family: Roboto, sans-serif; font-size: 32px; text-align: center; text-transform: uppercase;\">LEUR S\u00c9JOUR EN INDE PENDANT LA SECONDE GUERRE MONDIALE ET LA FORMATION DE PLUS DE 1000 ENSEIGNANTS<\/span><\/p>\n<p>&nbsp;<\/p><\/blockquote>\n<p class=\"whitespace-pre-wrap\">Cette exp\u00e9rience a renforc\u00e9 les liens entre la m\u00e8re et le fils, tout en consolidant le r\u00f4le de Mario en tant qu&rsquo;ambassadeur de la philosophie Montessori. Leur collaboration \u00e9troite et compl\u00e9mentaire a permis de poser les bases d&rsquo;un mouvement \u00e9ducatif appel\u00e9 \u00e0 se d\u00e9velopper dans le monde entier.<\/p>\n<h2 class=\"whitespace-pre-wrap\"><span class=\"ez-toc-section\" id=\"Le_role_essentiel_de_Mario_dans_loeuvre_de_Maria_Montessori\"><\/span>Le r\u00f4le essentiel de Mario dans l&rsquo;\u0153uvre de Maria Montessori<span class=\"ez-toc-section-end\"><\/span><\/h2>\n<p class=\"whitespace-pre-wrap\">Mario Montessori a \u00e9t\u00e9 le collaborateur le plus important de sa m\u00e8re. Dans son testament, Maria l&rsquo;a d\u00e9sign\u00e9 comme unique h\u00e9ritier de son \u0153uvre. En tant que directeur g\u00e9n\u00e9ral de l&rsquo;AMI, Mario a poursuivi avec soin le travail de sa m\u00e8re. Ses contributions au d\u00e9veloppement de la m\u00e9thode Montessori sont consid\u00e9rables, notamment en ce qui concerne l&rsquo;\u00e9cole \u00e9l\u00e9mentaire et l&rsquo;\u00e9ducation cosmique. D\u00e8s \u00ab\u00a0La M\u00e9thode\u00a0\u00bb, Maria mentionne les pochettes botaniques d\u00e9velopp\u00e9es par son fils. Ce r\u00f4le central de Mario dans l&rsquo;\u00e9volution de la p\u00e9dagogie Montessori souligne l&rsquo;\u00e9troite collaboration entre la m\u00e8re et le fils, ainsi que la volont\u00e9 de Mario de perp\u00e9tuer l&rsquo;h\u00e9ritage \u00e9ducatif de Maria.<\/p>\n<h2><span class=\"ez-toc-section\" id=\"La_creation_de_lAssociation_Montessori_Internationale_AMI\"><\/span>La cr\u00e9ation de l&rsquo;Association Montessori Internationale (AMI)<span class=\"ez-toc-section-end\"><\/span><\/h2>\n<p class=\"whitespace-pre-wrap\"><strong>En 1929<\/strong>, Maria et Mario Montessori <strong>fondent l&rsquo;Association Montessori Internationale (<a href=\"https:\/\/montessori-ami.org\/\">AMI<\/a>)<\/strong> dans le but de pr\u00e9server, promouvoir et diffuser les principes et les pratiques de la p\u00e9dagogie Montessori.<\/p>\n<p class=\"whitespace-pre-wrap\">Cette organisation devient rapidement un pilier du mouvement \u00e9ducatif, veillant \u00e0 maintenir l&rsquo;int\u00e9grit\u00e9 et la qualit\u00e9 de l&rsquo;enseignement Montessori \u00e0 travers le monde. Mario joue un r\u00f4le central dans le d\u00e9veloppement et la structuration de l&rsquo;AMI, mettant ses comp\u00e9tences organisationnelles et sa vision au service de la cause.<\/p>\n<p class=\"whitespace-pre-wrap\">Apr\u00e8s la mort de Maria en 1952, Mario poursuit son engagement au sein de l&rsquo;AMI, assurant la continuit\u00e9 et la p\u00e9rennit\u00e9 de l&rsquo;\u0153uvre de sa m\u00e8re. Il travaille sans rel\u00e2che pour \u00e9tablir des standards de formation des enseignants et pour encourager la cr\u00e9ation d&rsquo;\u00e9coles Montessori dans diff\u00e9rents pays.<\/p>\n<p class=\"whitespace-pre-wrap\">Gr\u00e2ce \u00e0 son leadership et \u00e0 sa d\u00e9termination, l&rsquo;AMI devient une organisation internationale respect\u00e9e, garante de l&rsquo;authenticit\u00e9 de la p\u00e9dagogie Montessori.<\/p>\n<h2><span class=\"ez-toc-section\" id=\"Les_innovations_pedagogiques_de_Mario_Montessori\"><\/span>Les innovations p\u00e9dagogiques de Mario Montessori<span class=\"ez-toc-section-end\"><\/span><\/h2>\n<p class=\"whitespace-pre-wrap\">Mario Montessori ne s&rsquo;est pas content\u00e9 de promouvoir les id\u00e9es de sa m\u00e8re ; il a \u00e9galement contribu\u00e9 \u00e0 enrichir et \u00e0 d\u00e9velopper la p\u00e9dagogie Montessori. Son apport le plus significatif concerne le mat\u00e9riel p\u00e9dagogique destin\u00e9 aux adolescents.<\/p>\n<p class=\"whitespace-pre-wrap\">Comprenant les besoins sp\u00e9cifiques de cette tranche d&rsquo;\u00e2ge, Mario a travaill\u00e9 \u00e0 l&rsquo;\u00e9laboration d&rsquo;outils adapt\u00e9s favorisant l&rsquo;apprentissage et l&rsquo;autonomie des jeunes apprenants. Cette contribution t\u00e9moigne de sa volont\u00e9 d&rsquo;\u00e9tendre les principes Montessori au-del\u00e0 de la petite enfance et de l&rsquo;\u00e9cole primaire.<\/p>\n<p class=\"whitespace-pre-wrap\">En 1952, Mario publie son livre \u00ab\u00a0Les Tendances humaines et l&rsquo;\u00e9ducation Montessori\u00a0\u00bb, un ouvrage dans lequel il approfondit et explicite les fondements de la p\u00e9dagogie d\u00e9velopp\u00e9e par sa m\u00e8re.<\/p>\n<p class=\"whitespace-pre-wrap\">Cette publication marque une \u00e9tape importante dans la diffusion de la pens\u00e9e Montessori, permettant \u00e0 un plus large public de comprendre les enjeux et les bienfaits de cette approche \u00e9ducative. Le livre de Mario Montessori devient ainsi un outil pr\u00e9cieux pour les \u00e9ducateurs et les parents souhaitant se familiariser avec la philosophie Montessori et l&rsquo;appliquer dans diff\u00e9rents contextes.<\/p>\n<h2 style=\"text-align: left;\"><span class=\"ez-toc-section\" id=\"Lheritage_durable_de_Mario_Montessori_dans_leducation\"><\/span>L&rsquo;h\u00e9ritage durable de Mario Montessori dans l&rsquo;\u00e9ducation<span class=\"ez-toc-section-end\"><\/span><\/h2>\n<p><img loading=\"lazy\" decoding=\"async\" class=\"alignnone size-full wp-image-3368\" src=\"https:\/\/lesminis.fr\/blog\/wp-content\/uploads\/2024\/03\/mario-montessori-1.jpg\" alt=\"Mario Montessori fils de Mari Montessori AMI\" width=\"1080\" height=\"1080\" srcset=\"https:\/\/lesminis.fr\/blog\/wp-content\/uploads\/2024\/03\/mario-montessori-1.jpg 1080w, https:\/\/lesminis.fr\/blog\/wp-content\/uploads\/2024\/03\/mario-montessori-1-300x300.jpg 300w, https:\/\/lesminis.fr\/blog\/wp-content\/uploads\/2024\/03\/mario-montessori-1-1024x1024.jpg 1024w, https:\/\/lesminis.fr\/blog\/wp-content\/uploads\/2024\/03\/mario-montessori-1-150x150.jpg 150w, https:\/\/lesminis.fr\/blog\/wp-content\/uploads\/2024\/03\/mario-montessori-1-768x768.jpg 768w, https:\/\/lesminis.fr\/blog\/wp-content\/uploads\/2024\/03\/mario-montessori-1-420x420.jpg 420w, https:\/\/lesminis.fr\/blog\/wp-content\/uploads\/2024\/03\/mario-montessori-1-696x696.jpg 696w, https:\/\/lesminis.fr\/blog\/wp-content\/uploads\/2024\/03\/mario-montessori-1-1068x1068.jpg 1068w\" sizes=\"auto, (max-width: 1080px) 100vw, 1080px\" \/><\/p>\n<blockquote><p>Sa nomination comme successeur de Maria \u00e0 la t\u00eate de l&rsquo;AMI<\/p><\/blockquote>\n<p class=\"whitespace-pre-wrap\">Le d\u00e9c\u00e8s de Maria Montessori en 1952 marque un tournant dans la vie de Mario. Nomm\u00e9 successeur de sa m\u00e8re \u00e0 la t\u00eate de l&rsquo;AMI, il endosse pleinement cette responsabilit\u00e9 et consacre le reste de sa vie \u00e0 perp\u00e9tuer l&rsquo;h\u00e9ritage \u00e9ducatif de Maria.<\/p>\n<p class=\"whitespace-pre-wrap\">Avec d\u00e9vouement et passion, Mario poursuit le travail de d\u00e9veloppement et de diffusion de la p\u00e9dagogie Montessori, veillant \u00e0 ce que les principes et les pratiques d\u00e9finis par sa m\u00e8re restent au c\u0153ur du mouvement \u00e9ducatif.<\/p>\n<p class=\"whitespace-pre-wrap\">L&rsquo;impact de Mario Montessori sur la p\u00e9rennisation et la diffusion mondiale de la p\u00e9dagogie Montessori est consid\u00e9rable. Gr\u00e2ce \u00e0 son engagement in\u00e9branlable, il a su maintenir vivante la vision de sa m\u00e8re et inspirer des g\u00e9n\u00e9rations d&rsquo;\u00e9ducateurs \u00e0 travers le monde.<\/p>\n<p class=\"whitespace-pre-wrap\">Lorsque Mario s&rsquo;\u00e9teint en 1982, il laisse derri\u00e8re lui un h\u00e9ritage \u00e9ducatif solide et p\u00e9renne, incarn\u00e9 par les milliers d&rsquo;\u00e9coles Montessori et les innombrables enfants ayant b\u00e9n\u00e9fici\u00e9 de cette approche p\u00e9dagogique unique. Son d\u00e9vouement et sa contribution au mouvement Montessori font de Mario une figure incontournable de l&rsquo;histoire de l&rsquo;\u00e9ducation au XXe si\u00e8cle.<\/p>\n<h2 class=\"whitespace-pre-wrap\"><span class=\"ez-toc-section\" id=\"Les_epouses_de_Mario_Helen_Christy_et_Ada_Pierson\"><\/span>Les \u00e9pouses de Mario : Helen Christy et Ada Pierson<span class=\"ez-toc-section-end\"><\/span><\/h2>\n<p class=\"whitespace-pre-wrap\">Le r\u00f4le d&rsquo;Helen Christy, premi\u00e8re \u00e9pouse de Mario et m\u00e8re de ses enfants, est souvent rest\u00e9 dans l&rsquo;ombre. Nous ne savons que peu de choses sur elle. Cependant, deux de leurs enfants, Mario Jr. et Renilde, joueront plus tard un r\u00f4le important dans le d\u00e9veloppement de la m\u00e9thode Montessori.<\/p>\n<p class=\"whitespace-pre-wrap\">La seconde \u00e9pouse de Mario, Ada Pierson, qu&rsquo;il a \u00e9pous\u00e9e en 1947, est mieux connue. Elle a apport\u00e9 un soutien consid\u00e9rable \u00e0 Maria et Mario depuis 1936 et a continu\u00e9 \u00e0 assister Mario apr\u00e8s la mort de Maria en 1952. Ada avait suivi une formation Montessori \u00e0 Amsterdam, qu&rsquo;elle avait \u00e9chang\u00e9e contre une formation avec les Montessori \u00e0 Oxford en 1935.<\/p>\n<p class=\"whitespace-pre-wrap\">Elle \u00e9tait secr\u00e9taire de l&rsquo;AMI lorsque Mario en \u00e9tait le directeur g\u00e9n\u00e9ral et est rest\u00e9e le pilier de l&rsquo;organisation apr\u00e8s la mort de Mario. Ces deux femmes ont ainsi jou\u00e9 un r\u00f4le discret mais essentiel dans la vie de Mario et dans la p\u00e9rennit\u00e9 du mouvement Montessori.<\/p>\n<blockquote><p>Il souligne que l&rsquo;objectif de sa m\u00e8re \u00e9tait de lib\u00e9rer le potentiel de chaque enfant en lui permettant de faire ses propres d\u00e9couvertes et d&rsquo;apprendre par l&rsquo;exp\u00e9rience concr\u00e8te.<\/p><\/blockquote>\n<h2 class=\"whitespace-pre-wrap\"><span class=\"ez-toc-section\" id=\"Conclusion\"><\/span>Conclusion<span class=\"ez-toc-section-end\"><\/span><\/h2>\n<p class=\"whitespace-pre-wrap\">L&rsquo;histoire de Mario Montessori est celle d&rsquo;un fils d\u00e9vou\u00e9 qui a consacr\u00e9 sa vie \u00e0 perp\u00e9tuer l&rsquo;h\u00e9ritage \u00e9ducatif de sa m\u00e8re. Gr\u00e2ce \u00e0 son engagement sans faille, la p\u00e9dagogie Montessori a pu se d\u00e9velopper et essaimer dans le monde entier, transformant la vie de nombreux enfants. En explorant le parcours et les r\u00e9alisations de Mario Montessori, nous d\u00e9couvrons une facette souvent m\u00e9connue mais essentielle du mouvement \u00e9ducatif initi\u00e9 par Maria Montessori. Son influence durable t\u00e9moigne de l&rsquo;importance de son r\u00f4le dans la construction d&rsquo;une \u00e9ducation respectueuse du d\u00e9veloppement naturel de l&rsquo;enfant.<\/p>\n<blockquote class=\"wp-embedded-content\" data-secret=\"1CmzWrZdif\"><p><a href=\"https:\/\/lesminis.fr\/blog\/quatre-plans-developpement-maria-montessori\/\">Les quatre plans de d\u00e9veloppement selon Maria Montessori<\/a><\/p><\/blockquote>\n<p><iframe loading=\"lazy\" class=\"wp-embedded-content\" sandbox=\"allow-scripts\" security=\"restricted\" style=\"position: absolute; clip: rect(1px, 1px, 1px, 1px);\" title=\"\u00ab\u00a0Les quatre plans de d\u00e9veloppement selon Maria Montessori\u00a0\u00bb &#8212; LesMinis Le Blog - Mat\u00e9riels \u00e9ducatifs - Figurines p\u00e9dagogiques\" src=\"https:\/\/lesminis.fr\/blog\/quatre-plans-developpement-maria-montessori\/embed\/#?secret=l0VuWScz3m#?secret=1CmzWrZdif\" data-secret=\"1CmzWrZdif\" width=\"600\" height=\"338\" frameborder=\"0\" marginwidth=\"0\" marginheight=\"0\" scrolling=\"no\"><\/iframe><\/p>\n","protected":false},"excerpt":{"rendered":"<p>Mario Montessori, fils de la c\u00e9l\u00e8bre Maria Montessori, a consacr\u00e9 sa vie \u00e0 perp\u00e9tuer l&rsquo;h\u00e9ritage \u00e9ducatif de sa m\u00e8re. D\u00e9couvrez comment ce p\u00e9dagogue m\u00e9connu a contribu\u00e9 \u00e0 fa\u00e7onner et \u00e0 diffuser la p\u00e9dagogie Montessori \u00e0 travers le monde, laissant une empreinte ind\u00e9l\u00e9bile dans l&rsquo;histoire de l&rsquo;\u00e9ducation.<\/p>\n","protected":false},"author":1,"featured_media":3369,"comment_status":"open","ping_status":"closed","sticky":false,"template":"","format":"standard","meta":{"_acf_changed":false,"footnotes":""},"categories":[105],"tags":[91,1090,129,1092,1091,469,1089,580,58],"class_list":{"0":"post-3364","1":"post","2":"type-post","3":"status-publish","4":"format-standard","5":"has-post-thumbnail","7":"category-minispedago-predagogie-montessori-activites-developpement","8":"tag-ami","9":"tag-association-montessori-internationale","10":"tag-education","11":"tag-heritage-educatif","12":"tag-histoire-de-leducation","13":"tag-maria-montessori","14":"tag-mario-montessori","15":"tag-methode-montessori","16":"tag-pedagogie-montessori"},"acf":[],"yoast_head":"<!-- This site is optimized with the Yoast SEO Premium plugin v27.1 (Yoast SEO v27.1.1) - https:\/\/yoast.com\/product\/yoast-seo-premium-wordpress\/ -->\n<title>Mario Montessori : L&#039;h\u00e9ritier m\u00e9connu de la p\u00e9dagogie Montessori<\/title>\n<meta name=\"description\" content=\"D\u00e9couvrez la vie et l&#039;influence de Mario Montessori, fils de Maria Montessori, sur le d\u00e9veloppement et la diffusion mondiale de la p\u00e9dagogie Montessori.\" \/>\n<meta name=\"robots\" content=\"index, follow, max-snippet:-1, max-image-preview:large, max-video-preview:-1\" \/>\n<link rel=\"canonical\" href=\"https:\/\/lesminis.fr\/blog\/mario-montessori-heritier-pedagogie-montessori\/\" \/>\n<meta property=\"og:locale\" content=\"fr_FR\" \/>\n<meta property=\"og:type\" content=\"article\" \/>\n<meta property=\"og:title\" content=\"Au-del\u00e0 de Maria : L&#039;influence de Mario Montessori sur le mouvement \u00e9ducatif\" \/>\n<meta property=\"og:description\" content=\"D\u00e9couvrez la vie et l&#039;influence de Mario Montessori, fils de Maria Montessori, sur le d\u00e9veloppement et la diffusion mondiale de la p\u00e9dagogie Montessori.\" \/>\n<meta property=\"og:url\" content=\"https:\/\/lesminis.fr\/blog\/mario-montessori-heritier-pedagogie-montessori\/\" \/>\n<meta property=\"og:site_name\" content=\"LesMinis Le Blog - Mat\u00e9riels \u00e9ducatifs - Figurines p\u00e9dagogiques\" \/>\n<meta property=\"article:publisher\" content=\"https:\/\/fr-fr.facebook.com\/LesMinis.fr\/\" \/>\n<meta property=\"article:author\" content=\"https:\/\/www.facebook.com\/LesMinis.fr\/\" \/>\n<meta property=\"article:published_time\" content=\"2024-03-20T06:36:55+00:00\" \/>\n<meta property=\"article:modified_time\" content=\"2024-03-20T07:34:07+00:00\" \/>\n<meta property=\"og:image\" content=\"https:\/\/lesminis.fr\/blog\/wp-content\/uploads\/2024\/03\/mario-montessori-2.jpg\" \/>\n\t<meta property=\"og:image:width\" content=\"1080\" \/>\n\t<meta property=\"og:image:height\" content=\"1080\" \/>\n\t<meta property=\"og:image:type\" content=\"image\/jpeg\" \/>\n<meta name=\"author\" content=\"LesMinis\" \/>\n<meta name=\"twitter:label1\" content=\"\u00c9crit par\" \/>\n\t<meta name=\"twitter:data1\" content=\"LesMinis\" \/>\n\t<meta name=\"twitter:label2\" content=\"Dur\u00e9e de lecture estim\u00e9e\" \/>\n\t<meta name=\"twitter:data2\" content=\"10 minutes\" \/>\n<script type=\"application\/ld+json\" class=\"yoast-schema-graph\">{\"@context\":\"https:\/\/schema.org\",\"@graph\":[{\"@type\":[\"Article\",\"BlogPosting\"],\"@id\":\"https:\/\/lesminis.fr\/blog\/mario-montessori-heritier-pedagogie-montessori\/#article\",\"isPartOf\":{\"@id\":\"https:\/\/lesminis.fr\/blog\/mario-montessori-heritier-pedagogie-montessori\/\"},\"author\":{\"name\":\"LesMinis\",\"@id\":\"https:\/\/lesminis.fr\/blog\/#\/schema\/person\/4a1be8c8c70a7d945af71674957cf83e\"},\"headline\":\"Au-del\u00e0 de Maria : L&rsquo;influence de Mario Montessori sur le mouvement \u00e9ducatif\",\"datePublished\":\"2024-03-20T06:36:55+00:00\",\"dateModified\":\"2024-03-20T07:34:07+00:00\",\"mainEntityOfPage\":{\"@id\":\"https:\/\/lesminis.fr\/blog\/mario-montessori-heritier-pedagogie-montessori\/\"},\"wordCount\":1998,\"commentCount\":0,\"publisher\":{\"@id\":\"https:\/\/lesminis.fr\/blog\/#organization\"},\"image\":{\"@id\":\"https:\/\/lesminis.fr\/blog\/mario-montessori-heritier-pedagogie-montessori\/#primaryimage\"},\"thumbnailUrl\":\"https:\/\/lesminis.fr\/blog\/wp-content\/uploads\/2024\/03\/mario-montessori-2.jpg\",\"keywords\":[\"AMI\",\"Association Montessori Internationale\",\"\u00c9ducation\",\"h\u00e9ritage \u00e9ducatif\",\"histoire de l'\u00e9ducation\",\"Maria Montessori\",\"Mario Montessori\",\"M\u00e9thode Montessori\",\"p\u00e9dagogie Montessori\"],\"articleSection\":[\"MinisPedago \u2014 Montessori, p\u00e9dagogies alternatives &amp; d\u00e9veloppement de l\u2019enfant\"],\"inLanguage\":\"fr-FR\",\"potentialAction\":[{\"@type\":\"CommentAction\",\"name\":\"Comment\",\"target\":[\"https:\/\/lesminis.fr\/blog\/mario-montessori-heritier-pedagogie-montessori\/#respond\"]}]},{\"@type\":\"WebPage\",\"@id\":\"https:\/\/lesminis.fr\/blog\/mario-montessori-heritier-pedagogie-montessori\/\",\"url\":\"https:\/\/lesminis.fr\/blog\/mario-montessori-heritier-pedagogie-montessori\/\",\"name\":\"Mario Montessori : L'h\u00e9ritier m\u00e9connu de la p\u00e9dagogie Montessori\",\"isPartOf\":{\"@id\":\"https:\/\/lesminis.fr\/blog\/#website\"},\"primaryImageOfPage\":{\"@id\":\"https:\/\/lesminis.fr\/blog\/mario-montessori-heritier-pedagogie-montessori\/#primaryimage\"},\"image\":{\"@id\":\"https:\/\/lesminis.fr\/blog\/mario-montessori-heritier-pedagogie-montessori\/#primaryimage\"},\"thumbnailUrl\":\"https:\/\/lesminis.fr\/blog\/wp-content\/uploads\/2024\/03\/mario-montessori-2.jpg\",\"datePublished\":\"2024-03-20T06:36:55+00:00\",\"dateModified\":\"2024-03-20T07:34:07+00:00\",\"description\":\"D\u00e9couvrez la vie et l'influence de Mario Montessori, fils de Maria Montessori, sur le d\u00e9veloppement et la diffusion mondiale de la p\u00e9dagogie Montessori.\",\"breadcrumb\":{\"@id\":\"https:\/\/lesminis.fr\/blog\/mario-montessori-heritier-pedagogie-montessori\/#breadcrumb\"},\"inLanguage\":\"fr-FR\",\"potentialAction\":[{\"@type\":\"ReadAction\",\"target\":[\"https:\/\/lesminis.fr\/blog\/mario-montessori-heritier-pedagogie-montessori\/\"]}]},{\"@type\":\"ImageObject\",\"inLanguage\":\"fr-FR\",\"@id\":\"https:\/\/lesminis.fr\/blog\/mario-montessori-heritier-pedagogie-montessori\/#primaryimage\",\"url\":\"https:\/\/lesminis.fr\/blog\/wp-content\/uploads\/2024\/03\/mario-montessori-2.jpg\",\"contentUrl\":\"https:\/\/lesminis.fr\/blog\/wp-content\/uploads\/2024\/03\/mario-montessori-2.jpg\",\"width\":1080,\"height\":1080,\"caption\":\"Mario Montessori fils de Mari Montessori AMI\"},{\"@type\":\"BreadcrumbList\",\"@id\":\"https:\/\/lesminis.fr\/blog\/mario-montessori-heritier-pedagogie-montessori\/#breadcrumb\",\"itemListElement\":[{\"@type\":\"ListItem\",\"position\":1,\"name\":\"Accueil\",\"item\":\"https:\/\/lesminis.fr\/blog\/\"},{\"@type\":\"ListItem\",\"position\":2,\"name\":\"Au-del\u00e0 de Maria : L&rsquo;influence de Mario Montessori sur le mouvement \u00e9ducatif\"}]},{\"@type\":\"WebSite\",\"@id\":\"https:\/\/lesminis.fr\/blog\/#website\",\"url\":\"https:\/\/lesminis.fr\/blog\/\",\"name\":\"LesMinis Le Blog - Mat\u00e9riels \u00e9ducatifs - Figurines p\u00e9dagogiques\",\"description\":\"D\u00e9couvrez notre actualit\u00e9, figurines, mat\u00e9riel \u00e9ducatif, activit\u00e9s Montessori\",\"publisher\":{\"@id\":\"https:\/\/lesminis.fr\/blog\/#organization\"},\"potentialAction\":[{\"@type\":\"SearchAction\",\"target\":{\"@type\":\"EntryPoint\",\"urlTemplate\":\"https:\/\/lesminis.fr\/blog\/?s={search_term_string}\"},\"query-input\":{\"@type\":\"PropertyValueSpecification\",\"valueRequired\":true,\"valueName\":\"search_term_string\"}}],\"inLanguage\":\"fr-FR\"},{\"@type\":\"Organization\",\"@id\":\"https:\/\/lesminis.fr\/blog\/#organization\",\"name\":\"LesMinis - Sp\u00e9cialiste mat\u00e9riel p\u00e9dagogiques - Figurines \u00e9ducatives - Mat\u00e9riel Montessori\",\"url\":\"https:\/\/lesminis.fr\/blog\/\",\"logo\":{\"@type\":\"ImageObject\",\"inLanguage\":\"fr-FR\",\"@id\":\"https:\/\/lesminis.fr\/blog\/#\/schema\/logo\/image\/\",\"url\":\"https:\/\/lesminis.fr\/blog\/wp-content\/uploads\/2023\/03\/nouveau-logo-lesminis.png\",\"contentUrl\":\"https:\/\/lesminis.fr\/blog\/wp-content\/uploads\/2023\/03\/nouveau-logo-lesminis.png\",\"width\":500,\"height\":175,\"caption\":\"LesMinis - Sp\u00e9cialiste mat\u00e9riel p\u00e9dagogiques - Figurines \u00e9ducatives - Mat\u00e9riel Montessori\"},\"image\":{\"@id\":\"https:\/\/lesminis.fr\/blog\/#\/schema\/logo\/image\/\"},\"sameAs\":[\"https:\/\/fr-fr.facebook.com\/LesMinis.fr\/\",\"https:\/\/www.instagram.com\/lesminis.fr\/\",\"https:\/\/www.tiktok.com\/@lesminis.fr\",\"https:\/\/www.pinterest.fr\/lesminisfr\/\"]},{\"@type\":\"Person\",\"@id\":\"https:\/\/lesminis.fr\/blog\/#\/schema\/person\/4a1be8c8c70a7d945af71674957cf83e\",\"name\":\"LesMinis\",\"image\":{\"@type\":\"ImageObject\",\"inLanguage\":\"fr-FR\",\"@id\":\"https:\/\/lesminis.fr\/blog\/#\/schema\/person\/image\/\",\"url\":\"https:\/\/secure.gravatar.com\/avatar\/288cd93d352b3465f2bd0701b1f2bb059b68dc3a70c4fda061bad8e6c9f8d865?s=96&d=blank&r=g\",\"contentUrl\":\"https:\/\/secure.gravatar.com\/avatar\/288cd93d352b3465f2bd0701b1f2bb059b68dc3a70c4fda061bad8e6c9f8d865?s=96&d=blank&r=g\",\"caption\":\"LesMinis\"},\"sameAs\":[\"https:\/\/lesminis.fr\/blog\",\"https:\/\/www.facebook.com\/LesMinis.fr\/\",\"https:\/\/www.instagram.com\/lesminis.fr\/\",\"https:\/\/www.pinterest.fr\/lesminisfr\/\"],\"url\":\"https:\/\/lesminis.fr\/blog\/author\/lesminis\/\"}]}<\/script>\n<!-- \/ Yoast SEO Premium plugin. -->","yoast_head_json":{"title":"Mario Montessori : L'h\u00e9ritier m\u00e9connu de la p\u00e9dagogie Montessori","description":"D\u00e9couvrez la vie et l'influence de Mario Montessori, fils de Maria Montessori, sur le d\u00e9veloppement et la diffusion mondiale de la p\u00e9dagogie Montessori.","robots":{"index":"index","follow":"follow","max-snippet":"max-snippet:-1","max-image-preview":"max-image-preview:large","max-video-preview":"max-video-preview:-1"},"canonical":"https:\/\/lesminis.fr\/blog\/mario-montessori-heritier-pedagogie-montessori\/","og_locale":"fr_FR","og_type":"article","og_title":"Au-del\u00e0 de Maria : L'influence de Mario Montessori sur le mouvement \u00e9ducatif","og_description":"D\u00e9couvrez la vie et l'influence de Mario Montessori, fils de Maria Montessori, sur le d\u00e9veloppement et la diffusion mondiale de la p\u00e9dagogie Montessori.","og_url":"https:\/\/lesminis.fr\/blog\/mario-montessori-heritier-pedagogie-montessori\/","og_site_name":"LesMinis Le Blog - Mat\u00e9riels \u00e9ducatifs - Figurines p\u00e9dagogiques","article_publisher":"https:\/\/fr-fr.facebook.com\/LesMinis.fr\/","article_author":"https:\/\/www.facebook.com\/LesMinis.fr\/","article_published_time":"2024-03-20T06:36:55+00:00","article_modified_time":"2024-03-20T07:34:07+00:00","og_image":[{"width":1080,"height":1080,"url":"https:\/\/lesminis.fr\/blog\/wp-content\/uploads\/2024\/03\/mario-montessori-2.jpg","type":"image\/jpeg"}],"author":"LesMinis","twitter_misc":{"\u00c9crit par":"LesMinis","Dur\u00e9e de lecture estim\u00e9e":"10 minutes"},"schema":{"@context":"https:\/\/schema.org","@graph":[{"@type":["Article","BlogPosting"],"@id":"https:\/\/lesminis.fr\/blog\/mario-montessori-heritier-pedagogie-montessori\/#article","isPartOf":{"@id":"https:\/\/lesminis.fr\/blog\/mario-montessori-heritier-pedagogie-montessori\/"},"author":{"name":"LesMinis","@id":"https:\/\/lesminis.fr\/blog\/#\/schema\/person\/4a1be8c8c70a7d945af71674957cf83e"},"headline":"Au-del\u00e0 de Maria : L&rsquo;influence de Mario Montessori sur le mouvement \u00e9ducatif","datePublished":"2024-03-20T06:36:55+00:00","dateModified":"2024-03-20T07:34:07+00:00","mainEntityOfPage":{"@id":"https:\/\/lesminis.fr\/blog\/mario-montessori-heritier-pedagogie-montessori\/"},"wordCount":1998,"commentCount":0,"publisher":{"@id":"https:\/\/lesminis.fr\/blog\/#organization"},"image":{"@id":"https:\/\/lesminis.fr\/blog\/mario-montessori-heritier-pedagogie-montessori\/#primaryimage"},"thumbnailUrl":"https:\/\/lesminis.fr\/blog\/wp-content\/uploads\/2024\/03\/mario-montessori-2.jpg","keywords":["AMI","Association Montessori Internationale","\u00c9ducation","h\u00e9ritage \u00e9ducatif","histoire de l'\u00e9ducation","Maria Montessori","Mario Montessori","M\u00e9thode Montessori","p\u00e9dagogie Montessori"],"articleSection":["MinisPedago \u2014 Montessori, p\u00e9dagogies alternatives &amp; d\u00e9veloppement de l\u2019enfant"],"inLanguage":"fr-FR","potentialAction":[{"@type":"CommentAction","name":"Comment","target":["https:\/\/lesminis.fr\/blog\/mario-montessori-heritier-pedagogie-montessori\/#respond"]}]},{"@type":"WebPage","@id":"https:\/\/lesminis.fr\/blog\/mario-montessori-heritier-pedagogie-montessori\/","url":"https:\/\/lesminis.fr\/blog\/mario-montessori-heritier-pedagogie-montessori\/","name":"Mario Montessori : L'h\u00e9ritier m\u00e9connu de la p\u00e9dagogie Montessori","isPartOf":{"@id":"https:\/\/lesminis.fr\/blog\/#website"},"primaryImageOfPage":{"@id":"https:\/\/lesminis.fr\/blog\/mario-montessori-heritier-pedagogie-montessori\/#primaryimage"},"image":{"@id":"https:\/\/lesminis.fr\/blog\/mario-montessori-heritier-pedagogie-montessori\/#primaryimage"},"thumbnailUrl":"https:\/\/lesminis.fr\/blog\/wp-content\/uploads\/2024\/03\/mario-montessori-2.jpg","datePublished":"2024-03-20T06:36:55+00:00","dateModified":"2024-03-20T07:34:07+00:00","description":"D\u00e9couvrez la vie et l'influence de Mario Montessori, fils de Maria Montessori, sur le d\u00e9veloppement et la diffusion mondiale de la p\u00e9dagogie Montessori.","breadcrumb":{"@id":"https:\/\/lesminis.fr\/blog\/mario-montessori-heritier-pedagogie-montessori\/#breadcrumb"},"inLanguage":"fr-FR","potentialAction":[{"@type":"ReadAction","target":["https:\/\/lesminis.fr\/blog\/mario-montessori-heritier-pedagogie-montessori\/"]}]},{"@type":"ImageObject","inLanguage":"fr-FR","@id":"https:\/\/lesminis.fr\/blog\/mario-montessori-heritier-pedagogie-montessori\/#primaryimage","url":"https:\/\/lesminis.fr\/blog\/wp-content\/uploads\/2024\/03\/mario-montessori-2.jpg","contentUrl":"https:\/\/lesminis.fr\/blog\/wp-content\/uploads\/2024\/03\/mario-montessori-2.jpg","width":1080,"height":1080,"caption":"Mario Montessori fils de Mari Montessori AMI"},{"@type":"BreadcrumbList","@id":"https:\/\/lesminis.fr\/blog\/mario-montessori-heritier-pedagogie-montessori\/#breadcrumb","itemListElement":[{"@type":"ListItem","position":1,"name":"Accueil","item":"https:\/\/lesminis.fr\/blog\/"},{"@type":"ListItem","position":2,"name":"Au-del\u00e0 de Maria : L&rsquo;influence de Mario Montessori sur le mouvement \u00e9ducatif"}]},{"@type":"WebSite","@id":"https:\/\/lesminis.fr\/blog\/#website","url":"https:\/\/lesminis.fr\/blog\/","name":"LesMinis Le Blog - Mat\u00e9riels \u00e9ducatifs - Figurines p\u00e9dagogiques","description":"D\u00e9couvrez notre actualit\u00e9, figurines, mat\u00e9riel \u00e9ducatif, activit\u00e9s Montessori","publisher":{"@id":"https:\/\/lesminis.fr\/blog\/#organization"},"potentialAction":[{"@type":"SearchAction","target":{"@type":"EntryPoint","urlTemplate":"https:\/\/lesminis.fr\/blog\/?s={search_term_string}"},"query-input":{"@type":"PropertyValueSpecification","valueRequired":true,"valueName":"search_term_string"}}],"inLanguage":"fr-FR"},{"@type":"Organization","@id":"https:\/\/lesminis.fr\/blog\/#organization","name":"LesMinis - Sp\u00e9cialiste mat\u00e9riel p\u00e9dagogiques - Figurines \u00e9ducatives - Mat\u00e9riel Montessori","url":"https:\/\/lesminis.fr\/blog\/","logo":{"@type":"ImageObject","inLanguage":"fr-FR","@id":"https:\/\/lesminis.fr\/blog\/#\/schema\/logo\/image\/","url":"https:\/\/lesminis.fr\/blog\/wp-content\/uploads\/2023\/03\/nouveau-logo-lesminis.png","contentUrl":"https:\/\/lesminis.fr\/blog\/wp-content\/uploads\/2023\/03\/nouveau-logo-lesminis.png","width":500,"height":175,"caption":"LesMinis - Sp\u00e9cialiste mat\u00e9riel p\u00e9dagogiques - Figurines \u00e9ducatives - Mat\u00e9riel Montessori"},"image":{"@id":"https:\/\/lesminis.fr\/blog\/#\/schema\/logo\/image\/"},"sameAs":["https:\/\/fr-fr.facebook.com\/LesMinis.fr\/","https:\/\/www.instagram.com\/lesminis.fr\/","https:\/\/www.tiktok.com\/@lesminis.fr","https:\/\/www.pinterest.fr\/lesminisfr\/"]},{"@type":"Person","@id":"https:\/\/lesminis.fr\/blog\/#\/schema\/person\/4a1be8c8c70a7d945af71674957cf83e","name":"LesMinis","image":{"@type":"ImageObject","inLanguage":"fr-FR","@id":"https:\/\/lesminis.fr\/blog\/#\/schema\/person\/image\/","url":"https:\/\/secure.gravatar.com\/avatar\/288cd93d352b3465f2bd0701b1f2bb059b68dc3a70c4fda061bad8e6c9f8d865?s=96&d=blank&r=g","contentUrl":"https:\/\/secure.gravatar.com\/avatar\/288cd93d352b3465f2bd0701b1f2bb059b68dc3a70c4fda061bad8e6c9f8d865?s=96&d=blank&r=g","caption":"LesMinis"},"sameAs":["https:\/\/lesminis.fr\/blog","https:\/\/www.facebook.com\/LesMinis.fr\/","https:\/\/www.instagram.com\/lesminis.fr\/","https:\/\/www.pinterest.fr\/lesminisfr\/"],"url":"https:\/\/lesminis.fr\/blog\/author\/lesminis\/"}]}},"_links":{"self":[{"href":"https:\/\/lesminis.fr\/blog\/wp-json\/wp\/v2\/posts\/3364","targetHints":{"allow":["GET"]}}],"collection":[{"href":"https:\/\/lesminis.fr\/blog\/wp-json\/wp\/v2\/posts"}],"about":[{"href":"https:\/\/lesminis.fr\/blog\/wp-json\/wp\/v2\/types\/post"}],"author":[{"embeddable":true,"href":"https:\/\/lesminis.fr\/blog\/wp-json\/wp\/v2\/users\/1"}],"replies":[{"embeddable":true,"href":"https:\/\/lesminis.fr\/blog\/wp-json\/wp\/v2\/comments?post=3364"}],"version-history":[{"count":5,"href":"https:\/\/lesminis.fr\/blog\/wp-json\/wp\/v2\/posts\/3364\/revisions"}],"predecessor-version":[{"id":3371,"href":"https:\/\/lesminis.fr\/blog\/wp-json\/wp\/v2\/posts\/3364\/revisions\/3371"}],"wp:featuredmedia":[{"embeddable":true,"href":"https:\/\/lesminis.fr\/blog\/wp-json\/wp\/v2\/media\/3369"}],"wp:attachment":[{"href":"https:\/\/lesminis.fr\/blog\/wp-json\/wp\/v2\/media?parent=3364"}],"wp:term":[{"taxonomy":"category","embeddable":true,"href":"https:\/\/lesminis.fr\/blog\/wp-json\/wp\/v2\/categories?post=3364"},{"taxonomy":"post_tag","embeddable":true,"href":"https:\/\/lesminis.fr\/blog\/wp-json\/wp\/v2\/tags?post=3364"}],"curies":[{"name":"wp","href":"https:\/\/api.w.org\/{rel}","templated":true}]}}