{"id":3137,"date":"2024-03-05T07:21:33","date_gmt":"2024-03-05T06:21:33","guid":{"rendered":"https:\/\/lesminis.fr\/blog\/?p=3137"},"modified":"2026-03-06T15:33:27","modified_gmt":"2026-03-06T14:33:27","slug":"emmy-noether-mathematique-revolution-impact","status":"publish","type":"post","link":"https:\/\/lesminis.fr\/blog\/emmy-noether-mathematique-revolution-impact\/","title":{"rendered":"Emmy Noether : La Math\u00e9maticienne qui a R\u00e9volutionn\u00e9 la Physique Moderne"},"content":{"rendered":"<p>Elle a d\u00e9couvert les lois cach\u00e9es qui gouvernent l\u2019univers, unifi\u00e9 math\u00e9matiques et physique par un trait de g\u00e9nie, et pos\u00e9 les fondements de la science moderne. Pourtant, Emmy Noether a enseign\u00e9 gratuitement pendant des ann\u00e9es, \u00e9t\u00e9 chass\u00e9e de son pays par le nazisme, et reste largement m\u00e9connue du grand public. L\u2019histoire de cette math\u00e9maticienne r\u00e9v\u00e8le comment une approche r\u00e9volutionnaire de la sym\u00e9trie a transform\u00e9 notre compr\u00e9hension du cosmos, de l\u2019\u00e9nergie aux particules \u00e9l\u00e9mentaires.<\/p>\n<div id=\"ez-toc-container\" class=\"ez-toc-v2_0_82_2 counter-hierarchy ez-toc-counter ez-toc-grey ez-toc-container-direction\">\n<div class=\"ez-toc-title-container\">\n<p class=\"ez-toc-title\" style=\"cursor:inherit\">Table of Contents<\/p>\n<span class=\"ez-toc-title-toggle\"><a href=\"#\" class=\"ez-toc-pull-right ez-toc-btn ez-toc-btn-xs ez-toc-btn-default ez-toc-toggle\" aria-label=\"Toggle Table of Content\"><span class=\"ez-toc-js-icon-con\"><span class=\"\"><span class=\"eztoc-hide\" style=\"display:none;\">Toggle<\/span><span class=\"ez-toc-icon-toggle-span\"><svg style=\"fill: #999;color:#999\" xmlns=\"http:\/\/www.w3.org\/2000\/svg\" class=\"list-377408\" width=\"20px\" height=\"20px\" viewBox=\"0 0 24 24\" fill=\"none\"><path d=\"M6 6H4v2h2V6zm14 0H8v2h12V6zM4 11h2v2H4v-2zm16 0H8v2h12v-2zM4 16h2v2H4v-2zm16 0H8v2h12v-2z\" fill=\"currentColor\"><\/path><\/svg><svg style=\"fill: #999;color:#999\" class=\"arrow-unsorted-368013\" xmlns=\"http:\/\/www.w3.org\/2000\/svg\" width=\"10px\" height=\"10px\" viewBox=\"0 0 24 24\" version=\"1.2\" baseProfile=\"tiny\"><path d=\"M18.2 9.3l-6.2-6.3-6.2 6.3c-.2.2-.3.4-.3.7s.1.5.3.7c.2.2.4.3.7.3h11c.3 0 .5-.1.7-.3.2-.2.3-.5.3-.7s-.1-.5-.3-.7zM5.8 14.7l6.2 6.3 6.2-6.3c.2-.2.3-.5.3-.7s-.1-.5-.3-.7c-.2-.2-.4-.3-.7-.3h-11c-.3 0-.5.1-.7.3-.2.2-.3.5-.3.7s.1.5.3.7z\"\/><\/svg><\/span><\/span><\/span><\/a><\/span><\/div>\n<nav><ul class='ez-toc-list ez-toc-list-level-1 ' ><li class='ez-toc-page-1 ez-toc-heading-level-2'><a class=\"ez-toc-link ez-toc-heading-1\" href=\"https:\/\/lesminis.fr\/blog\/emmy-noether-mathematique-revolution-impact\/#Une_Enfance_dans_lUnivers_Mathematique\" >Une Enfance dans l&rsquo;Univers Math\u00e9matique<\/a><\/li><li class='ez-toc-page-1 ez-toc-heading-level-2'><a class=\"ez-toc-link ez-toc-heading-2\" href=\"https:\/\/lesminis.fr\/blog\/emmy-noether-mathematique-revolution-impact\/#LAppel_de_Gottingen_et_la_Collaboration_avec_les_Geants\" >L&rsquo;Appel de G\u00f6ttingen et la Collaboration avec les G\u00e9ants<\/a><\/li><li class='ez-toc-page-1 ez-toc-heading-level-2'><a class=\"ez-toc-link ez-toc-heading-3\" href=\"https:\/\/lesminis.fr\/blog\/emmy-noether-mathematique-revolution-impact\/#La_decouverte_revolutionnaire_les_theoremes_de_Noether\" >La d\u00e9couverte r\u00e9volutionnaire : les th\u00e9or\u00e8mes de Noether<\/a><ul class='ez-toc-list-level-3' ><li class='ez-toc-heading-level-3'><a class=\"ez-toc-link ez-toc-heading-4\" href=\"https:\/\/lesminis.fr\/blog\/emmy-noether-mathematique-revolution-impact\/#Premier_theoreme_quand_la_symetrie_revele_les_lois_de_conservation\" >Premier th\u00e9or\u00e8me : quand la sym\u00e9trie r\u00e9v\u00e8le les lois de conservation<\/a><\/li><li class='ez-toc-page-1 ez-toc-heading-level-3'><a class=\"ez-toc-link ez-toc-heading-5\" href=\"https:\/\/lesminis.fr\/blog\/emmy-noether-mathematique-revolution-impact\/#Deuxieme_theoreme_les_symetries_locales_et_les_theories_de_jauge\" >Deuxi\u00e8me th\u00e9or\u00e8me : les sym\u00e9tries locales et les th\u00e9ories de jauge<\/a><\/li><li class='ez-toc-page-1 ez-toc-heading-level-3'><a class=\"ez-toc-link ez-toc-heading-6\" href=\"https:\/\/lesminis.fr\/blog\/emmy-noether-mathematique-revolution-impact\/#Formulation_mathematique_des_theoremes_de_Noether\" >Formulation math\u00e9matique des th\u00e9or\u00e8mes de Noether<\/a><ul class='ez-toc-list-level-4' ><li class='ez-toc-heading-level-4'><a class=\"ez-toc-link ez-toc-heading-7\" href=\"https:\/\/lesminis.fr\/blog\/emmy-noether-mathematique-revolution-impact\/#Premier_theoreme_de_Noether_1918\" >Premier th\u00e9or\u00e8me de Noether (1918)<\/a><\/li><li class='ez-toc-page-1 ez-toc-heading-level-4'><a class=\"ez-toc-link ez-toc-heading-8\" href=\"https:\/\/lesminis.fr\/blog\/emmy-noether-mathematique-revolution-impact\/#Deuxieme_Theoreme_de_Noether_1918\" >Deuxi\u00e8me Th\u00e9or\u00e8me de Noether (1918)<\/a><\/li><\/ul><\/li><\/ul><\/li><li class='ez-toc-page-1 ez-toc-heading-level-2'><a class=\"ez-toc-link ez-toc-heading-9\" href=\"https:\/\/lesminis.fr\/blog\/emmy-noether-mathematique-revolution-impact\/#La_revolution_de_lalgebre_abstraite\" >La r\u00e9volution de l\u2019alg\u00e8bre abstraite<\/a><ul class='ez-toc-list-level-3' ><li class='ez-toc-heading-level-3'><a class=\"ez-toc-link ez-toc-heading-10\" href=\"https:\/\/lesminis.fr\/blog\/emmy-noether-mathematique-revolution-impact\/#Lecole_de_Noether_et_les_%C2%AB_Noether_Boys_%C2%BB\" >L\u2019\u00e9cole de Noether et les \u00ab\u00a0Noether Boys\u00a0\u00bb<\/a><\/li><li class='ez-toc-page-1 ez-toc-heading-level-3'><a class=\"ez-toc-link ez-toc-heading-11\" href=\"https:\/\/lesminis.fr\/blog\/emmy-noether-mathematique-revolution-impact\/#Lheritage_en_mathematiques_pures\" >L\u2019h\u00e9ritage en math\u00e9matiques pures<\/a><\/li><\/ul><\/li><li class='ez-toc-page-1 ez-toc-heading-level-2'><a class=\"ez-toc-link ez-toc-heading-12\" href=\"https:\/\/lesminis.fr\/blog\/emmy-noether-mathematique-revolution-impact\/#Lexil_et_les_dernieres_annees_1933-1935\" >L\u2019exil et les derni\u00e8res ann\u00e9es (1933-1935)<\/a><\/li><li class='ez-toc-page-1 ez-toc-heading-level-2'><a class=\"ez-toc-link ez-toc-heading-13\" href=\"https:\/\/lesminis.fr\/blog\/emmy-noether-mathematique-revolution-impact\/#Limpact_sur_la_physique_fondamentale\" >L\u2019impact sur la physique fondamentale<\/a><\/li><li class='ez-toc-page-1 ez-toc-heading-level-2'><a class=\"ez-toc-link ez-toc-heading-14\" href=\"https:\/\/lesminis.fr\/blog\/emmy-noether-mathematique-revolution-impact\/#Reconnaissance_et_hommages\" >Reconnaissance et hommages<\/a><\/li><li class='ez-toc-page-1 ez-toc-heading-level-2'><a class=\"ez-toc-link ez-toc-heading-15\" href=\"https:\/\/lesminis.fr\/blog\/emmy-noether-mathematique-revolution-impact\/#Comprendre_les_theoremes_exemples_concrets\" >Comprendre les th\u00e9or\u00e8mes : exemples concrets<\/a><ul class='ez-toc-list-level-3' ><li class='ez-toc-heading-level-3'><a class=\"ez-toc-link ez-toc-heading-16\" href=\"https:\/\/lesminis.fr\/blog\/emmy-noether-mathematique-revolution-impact\/#La_conservation_de_lenergie_au_quotidien\" >La conservation de l\u2019\u00e9nergie au quotidien<\/a><\/li><li class='ez-toc-page-1 ez-toc-heading-level-3'><a class=\"ez-toc-link ez-toc-heading-17\" href=\"https:\/\/lesminis.fr\/blog\/emmy-noether-mathematique-revolution-impact\/#Les_cristaux_et_la_symetrie\" >Les cristaux et la sym\u00e9trie<\/a><\/li><li class='ez-toc-page-1 ez-toc-heading-level-3'><a class=\"ez-toc-link ez-toc-heading-18\" href=\"https:\/\/lesminis.fr\/blog\/emmy-noether-mathematique-revolution-impact\/#Linvariance_de_jauge_en_electromagnetisme\" >L\u2019invariance de jauge en \u00e9lectromagn\u00e9tisme<\/a><\/li><\/ul><\/li><li class='ez-toc-page-1 ez-toc-heading-level-2'><a class=\"ez-toc-link ez-toc-heading-19\" href=\"https:\/\/lesminis.fr\/blog\/emmy-noether-mathematique-revolution-impact\/#Questions_ouvertes_et_recherches_actuelles\" >Questions ouvertes et recherches actuelles<\/a><ul class='ez-toc-list-level-3' ><li class='ez-toc-heading-level-3'><a class=\"ez-toc-link ez-toc-heading-20\" href=\"https:\/\/lesminis.fr\/blog\/emmy-noether-mathematique-revolution-impact\/#En_physique_theorique\" >En physique th\u00e9orique<\/a><\/li><li class='ez-toc-page-1 ez-toc-heading-level-3'><a class=\"ez-toc-link ez-toc-heading-21\" href=\"https:\/\/lesminis.fr\/blog\/emmy-noether-mathematique-revolution-impact\/#En_mathematiques\" >En math\u00e9matiques<\/a><\/li><\/ul><\/li><li class='ez-toc-page-1 ez-toc-heading-level-2'><a class=\"ez-toc-link ez-toc-heading-22\" href=\"https:\/\/lesminis.fr\/blog\/emmy-noether-mathematique-revolution-impact\/#Conclusion\" >Conclusion<\/a><\/li><\/ul><\/nav><\/div>\n<h2><span class=\"ez-toc-section\" id=\"Une_Enfance_dans_lUnivers_Mathematique\"><\/span>Une Enfance dans l&rsquo;Univers Math\u00e9matique<span class=\"ez-toc-section-end\"><\/span><\/h2>\n<p>Emmy Amalie Noether na\u00eet le\u00a0<strong>23 mars 1882<\/strong>\u00a0\u00e0 Erlangen, en Bavi\u00e8re, dans une famille o\u00f9 les math\u00e9matiques r\u00e8gnent en ma\u00eetres. Son p\u00e8re,\u00a0<strong>Max Noether<\/strong>, est un math\u00e9maticien respect\u00e9 sp\u00e9cialis\u00e9 en g\u00e9om\u00e9trie alg\u00e9brique. Mais grandir dans cet environnement privil\u00e9gi\u00e9 ne garantit rien \u00e0 une jeune fille de la fin du XIXe si\u00e8cle.<\/p>\n<p>En 1900, quand Emmy souhaite poursuivre des \u00e9tudes sup\u00e9rieures, l\u2019universit\u00e9 allemande lui oppose un mur administratif. Les femmes ne peuvent suivre les cours qu\u2019en \u00ab\u00a0auditrices libres\u00a0\u00bb \u2013 sans droit au dipl\u00f4me, apr\u00e8s autorisation individuelle de chaque professeur. Sur les 986 \u00e9tudiants de l\u2019universit\u00e9 d\u2019Erlangen, seules 2 femmes parviennent \u00e0 franchir ces barri\u00e8res.<\/p>\n<p>Emmy pers\u00e9v\u00e8re. En\u00a0<strong>1907<\/strong>, elle soutient sa th\u00e8se de doctorat sur les invariants alg\u00e9briques \u2013 d\u00e9j\u00e0, elle s\u2019int\u00e9resse aux structures math\u00e9matiques qui demeurent inchang\u00e9es malgr\u00e9 les transformations. Ce concept d\u2019invariance deviendra le fil conducteur de son oeuvre.<\/p>\n<h2><span class=\"ez-toc-section\" id=\"LAppel_de_Gottingen_et_la_Collaboration_avec_les_Geants\"><\/span>L&rsquo;Appel de G\u00f6ttingen et la Collaboration avec les G\u00e9ants<span class=\"ez-toc-section-end\"><\/span><\/h2>\n<p>En\u00a0<strong>1915<\/strong>, les math\u00e9maticiens\u00a0<strong>David Hilbert<\/strong>\u00a0et\u00a0<strong>Felix Klein<\/strong>\u00a0font appel \u00e0 Emmy Noether. Ils l\u2019invitent \u00e0 G\u00f6ttingen, temple mondial des math\u00e9matiques, pour r\u00e9soudre un probl\u00e8me li\u00e9 \u00e0 la th\u00e9orie de la relativit\u00e9 g\u00e9n\u00e9rale d\u2019Einstein : certaines questions sur la conservation de l\u2019\u00e9nergie gravitationnelle demeurent sans r\u00e9ponse rigoureuse, et Hilbert pressent que Noether, avec sa ma\u00eetrise des invariants, d\u00e9tient la cl\u00e9.<\/p>\n<p>L\u2019ironie de la situation est brutale : l\u2019universit\u00e9 refuse de r\u00e9mun\u00e9rer Emmy et refuse de lui accorder le droit d\u2019enseigner. Pendant quatre ann\u00e9es, elle enseigne officiellement sous le nom d\u2019Hilbert, avec la mention discr\u00e8te \u00ab\u00a0avec l\u2019aide de Mademoiselle Dr. Noether\u00a0\u00bb. Elle obtient finalement son habilitation \u00e0 enseigner en\u00a0<strong>1919<\/strong>, quatre ans apr\u00e8s son arriv\u00e9e.<\/p>\n<h2><span class=\"ez-toc-section\" id=\"La_decouverte_revolutionnaire_les_theoremes_de_Noether\"><\/span>La d\u00e9couverte r\u00e9volutionnaire : les th\u00e9or\u00e8mes de Noether<span class=\"ez-toc-section-end\"><\/span><\/h2>\n<h3><span class=\"ez-toc-section\" id=\"Premier_theoreme_quand_la_symetrie_revele_les_lois_de_conservation\"><\/span><span id=\"Premier_theoreme_quand_la_symetrie_revele_les_lois_de_conservation\" class=\"ez-toc-section\"><\/span>Premier th\u00e9or\u00e8me : quand la sym\u00e9trie r\u00e9v\u00e8le les lois de conservation<span class=\"ez-toc-section-end\"><\/span><\/h3>\n<p>En\u00a0<strong>1918<\/strong>, Emmy Noether publie un article qui transforme d\u00e9finitivement la physique th\u00e9orique. Son premier th\u00e9or\u00e8me \u00e9tablit une correspondance fondamentale :\u00a0<strong>\u00e0 toute sym\u00e9trie continue d\u2019un syst\u00e8me physique correspond une loi de conservation.<\/strong><\/p>\n<p>Cette d\u00e9couverte unifie des ph\u00e9nom\u00e8nes apparemment disparates :<\/p>\n<ul>\n<li><strong>Sym\u00e9trie de translation temporelle<\/strong>\u00a0: les lois physiques restent identiques dans le temps \u2192 Conservation de l\u2019\u00e9nergie<\/li>\n<li><strong>Sym\u00e9trie de translation spatiale<\/strong>\u00a0: les lois physiques sont les m\u00eames partout dans l\u2019espace \u2192 Conservation de la quantit\u00e9 de mouvement<\/li>\n<li><strong>Sym\u00e9trie de rotation<\/strong>\u00a0: l\u2019espace n\u2019a pas de direction privil\u00e9gi\u00e9e \u2192 Conservation du moment cin\u00e9tique<\/li>\n<\/ul>\n<p>Avant Noether, ces lois de conservation semblaient des r\u00e8gles s\u00e9par\u00e9es de la nature. Elle r\u00e9v\u00e8le qu\u2019elles d\u00e9coulent toutes d\u2019un principe unique et profond : la sym\u00e9trie de l\u2019univers.<\/p>\n<h3><span class=\"ez-toc-section\" id=\"Deuxieme_theoreme_les_symetries_locales_et_les_theories_de_jauge\"><\/span><span id=\"Deuxieme_theoreme_les_symetries_locales_et_les_theories_de_jauge\" class=\"ez-toc-section\"><\/span>Deuxi\u00e8me th\u00e9or\u00e8me : les sym\u00e9tries locales et les th\u00e9ories de jauge<span class=\"ez-toc-section-end\"><\/span><\/h3>\n<p>Le deuxi\u00e8me th\u00e9or\u00e8me de Noether, plus subtil, traite des\u00a0<strong>sym\u00e9tries locales<\/strong>\u00a0\u2013 celles qui peuvent varier d\u2019un point \u00e0 l\u2019autre de l\u2019espace-temps. Plut\u00f4t que de g\u00e9n\u00e9rer des lois de conservation, ces sym\u00e9tries cr\u00e9ent des identit\u00e9s math\u00e9matiques entre les \u00e9quations du mouvement.<\/p>\n<p>Ce th\u00e9or\u00e8me explique pourquoi l\u2019\u00e9nergie gravitationnelle ne peut \u00eatre localis\u00e9e pr\u00e9cis\u00e9ment en relativit\u00e9 g\u00e9n\u00e9rale, et pose les fondements math\u00e9matiques des th\u00e9ories de jauge modernes \u2013 l\u2019architecture du mod\u00e8le standard de la physique des particules.<\/p>\n<div class=\"encart-formules\">\n<h3><span class=\"ez-toc-section\" id=\"Formulation_mathematique_des_theoremes_de_Noether\"><\/span>Formulation math\u00e9matique des th\u00e9or\u00e8mes de Noether<span class=\"ez-toc-section-end\"><\/span><\/h3>\n<h4><span class=\"ez-toc-section\" id=\"Premier_theoreme_de_Noether_1918\"><\/span><span id=\"Premier_theoreme_de_Noether_1918\" class=\"ez-toc-section\"><\/span>Premier th\u00e9or\u00e8me de Noether (1918)<span class=\"ez-toc-section-end\"><\/span><\/h4>\n<p><strong>\u00c9nonc\u00e9 :<\/strong> Si un syst\u00e8me physique d\u00e9crit par un lagrangien \\(L(q_i, \\dot{q}_i, t)\\) est invariant sous une transformation continue \u00e0 un param\u00e8tre \\(q_i \\rightarrow q_i + \\epsilon \\psi_i(q, t)\\), alors il existe une quantit\u00e9 conserv\u00e9e.<\/p>\n<p><strong>Formulation math\u00e9matique :<\/strong><\/p>\n<p>Si la variation de l&rsquo;action est nulle :<\/p>\n<div class=\"formule\">\\(\\delta S = \\delta \\int_{t_1}^{t_2} L(q_i, \\dot{q}_i, t) \\, dt = 0\\)<\/div>\n<p>Alors la quantit\u00e9 conserv\u00e9e s&rsquo;\u00e9crit :<\/p>\n<div class=\"formule\">\\(Q = \\sum_i \\frac{\\partial L}{\\partial \\dot{q}_i} \\psi_i &#8211; H \\frac{\\partial f}{\\partial t}\\)<\/div>\n<p>o\u00f9 \\(H\\) est l&rsquo;hamiltonien et \\(f\\) est la fonction g\u00e9n\u00e9ratrice de la transformation.<\/p>\n<p><strong>Applications concr\u00e8tes :<\/strong><\/p>\n<table>\n<tbody>\n<tr>\n<th>Sym\u00e9trie<\/th>\n<th>Transformation<\/th>\n<th>Quantit\u00e9 conserv\u00e9e<\/th>\n<th>Formule<\/th>\n<\/tr>\n<tr>\n<td>Translation temporelle<\/td>\n<td>\\(t \\rightarrow t + \\epsilon\\)<\/td>\n<td>\u00c9nergie<\/td>\n<td>\\(E = \\sum_i \\dot{q}_i \\frac{\\partial L}{\\partial \\dot{q}_i} &#8211; L\\)<\/td>\n<\/tr>\n<tr>\n<td>Translation spatiale<\/td>\n<td>\\(\\vec{r} \\rightarrow \\vec{r} + \\vec{\\epsilon}\\)<\/td>\n<td>Quantit\u00e9 de mouvement<\/td>\n<td>\\(\\vec{P} = \\sum_i m_i \\vec{v}_i\\)<\/td>\n<\/tr>\n<tr>\n<td>Rotation<\/td>\n<td>\\(\\vec{r} \\rightarrow \\vec{r} + \\vec{\\epsilon} \\times \\vec{r}\\)<\/td>\n<td>Moment cin\u00e9tique<\/td>\n<td>\\(\\vec{L} = \\sum_i \\vec{r}_i \\times \\vec{p}_i\\)<\/td>\n<\/tr>\n<\/tbody>\n<\/table>\n<h4><span class=\"ez-toc-section\" id=\"Deuxieme_Theoreme_de_Noether_1918\"><\/span>Deuxi\u00e8me Th\u00e9or\u00e8me de Noether (1918)<span class=\"ez-toc-section-end\"><\/span><\/h4>\n<p><strong>\u00c9nonc\u00e9 :<\/strong> Si un syst\u00e8me est invariant sous une transformation continue d\u00e9pendant de fonctions arbitraires \\(\\epsilon^a(x)\\) (sym\u00e9trie locale), alors les \u00e9quations d&rsquo;Euler-Lagrange satisfont des identit\u00e9s diff\u00e9rentielles.<\/p>\n<p><strong>Formulation math\u00e9matique :<\/strong><\/p>\n<p>Pour une densit\u00e9 lagrangienne \\(\\mathcal{L}(\\phi^i, \\partial_\\mu \\phi^i)\\) invariante sous :<\/p>\n<div class=\"formule\">\\(\\delta \\phi^i = \\epsilon^a(x) R^i_a(\\phi, \\partial \\phi)\\)<\/div>\n<p>Il existe des identit\u00e9s :<\/p>\n<div class=\"formule\">\\(\\sum_i R^i_a \\frac{\\delta S}{\\delta \\phi^i} + \\sum_\\mu \\partial_\\mu \\left( \\sum_i \\frac{\\partial R^i_a}{\\partial (\\partial_\\mu \\phi^i)} \\frac{\\delta S}{\\delta \\phi^i} \\right) = 0\\)<\/div>\n<p><strong>Exemple en \u00e9lectromagn\u00e9tisme :<\/strong><\/p>\n<p>Invariance de jauge : \\(A_\\mu \\rightarrow A_\\mu + \\partial_\\mu \\lambda(x)\\)<\/p>\n<p>Identit\u00e9 de Bianchi : \\(\\partial_\\mu F^{\\mu\\nu} = 0\\)<\/p>\n<p>o\u00f9 \\(F^{\\mu\\nu} = \\partial^\\mu A^\\nu &#8211; \\partial^\\nu A^\\mu\\) est le tenseur \u00e9lectromagn\u00e9tique.<\/p>\n<div class=\"applications-list\">\n<p><strong>Applications modernes :<\/strong><\/p>\n<ul>\n<li><strong>Relativit\u00e9 g\u00e9n\u00e9rale<\/strong> : Identit\u00e9s contract\u00e9es de Bianchi \\(\\nabla_\\mu G^{\\mu\\nu} = 0\\)<\/li>\n<li><strong>Th\u00e9ories de Yang-Mills<\/strong> : Identit\u00e9s de Ward-Takahashi<\/li>\n<li><strong>Mod\u00e8le standard<\/strong> : Relations entre couplages de jauge<\/li>\n<\/ul>\n<\/div>\n<\/div>\n<h2><span class=\"ez-toc-section\" id=\"La_revolution_de_lalgebre_abstraite\"><\/span>La r\u00e9volution de l\u2019alg\u00e8bre abstraite<span class=\"ez-toc-section-end\"><\/span><\/h2>\n<p>Parall\u00e8lement \u00e0 ses travaux en physique math\u00e9matique, Emmy Noether transforme l\u2019alg\u00e8bre elle-m\u00eame. Elle abandonne l\u2019approche calculatoire traditionnelle pour adopter une vision\u00a0<strong>structurelle et axiomatique<\/strong>\u00a0: plut\u00f4t que de calculer des objets particuliers, elle \u00e9tudie les propri\u00e9t\u00e9s g\u00e9n\u00e9rales des structures qui les contiennent.<\/p>\n<h3><span class=\"ez-toc-section\" id=\"Lecole_de_Noether_et_les_%C2%AB_Noether_Boys_%C2%BB\"><\/span>L\u2019\u00e9cole de Noether et les \u00ab\u00a0Noether Boys\u00a0\u00bb<span class=\"ez-toc-section-end\"><\/span><\/h3>\n<p>Autour d\u2019Emmy se forme un cercle de jeunes math\u00e9maticiens, surnomm\u00e9s les\u00a0<strong>\u00ab\u00a0Noether Boys\u00a0\u00bb<\/strong>. Dans ses s\u00e9minaires informels \u00e0 G\u00f6ttingen, elle d\u00e9veloppe une nouvelle fa\u00e7on de concevoir l\u2019alg\u00e8bre. Cette approche donne naissance aux concepts d\u2019<strong>anneaux noeth\u00e9riens<\/strong>, de modules, et \u00e0 une th\u00e9orie g\u00e9n\u00e9rale des id\u00e9aux qui structure encore aujourd\u2019hui l\u2019alg\u00e8bre commutative et la g\u00e9om\u00e9trie alg\u00e9brique.<\/p>\n<h3><span class=\"ez-toc-section\" id=\"Lheritage_en_mathematiques_pures\"><\/span><span id=\"Lheritage_en_mathematiques_pures\" class=\"ez-toc-section\"><\/span>L\u2019h\u00e9ritage en math\u00e9matiques pures<span class=\"ez-toc-section-end\"><\/span><\/h3>\n<p>Les contributions d\u2019Emmy en alg\u00e8bre abstraite irriguent de nombreux domaines :<\/p>\n<ul>\n<li><strong>G\u00e9om\u00e9trie alg\u00e9brique<\/strong>\u00a0: \u00e9tude des vari\u00e9t\u00e9s d\u00e9finies par des \u00e9quations polynomiales<\/li>\n<li><strong>Th\u00e9orie des nombres<\/strong>\u00a0: recherche sur les propri\u00e9t\u00e9s des entiers et leurs g\u00e9n\u00e9ralisations<\/li>\n<li><strong>Topologie alg\u00e9brique<\/strong>\u00a0: classification des espaces par leurs propri\u00e9t\u00e9s alg\u00e9briques<\/li>\n<\/ul>\n<h2><span class=\"ez-toc-section\" id=\"Lexil_et_les_dernieres_annees_1933-1935\"><\/span>L\u2019exil et les derni\u00e8res ann\u00e9es (1933-1935)<span class=\"ez-toc-section-end\"><\/span><\/h2>\n<p>En\u00a0<strong>avril 1933<\/strong>, les lois nazies excluent Emmy Noether de l\u2019universit\u00e9 allemande au titre des lois antis\u00e9mites. \u00c0 51 ans, cette math\u00e9maticienne de renomm\u00e9e internationale doit abandonner G\u00f6ttingen et recommencer sa vie.<\/p>\n<p>L\u2019Am\u00e9rique lui ouvre ses portes. Elle obtient un poste au\u00a0<strong>Bryn Mawr College<\/strong>\u00a0en Pennsylvanie, o\u00f9 elle enseigne avec la m\u00eame intensit\u00e9 qu\u2019en Allemagne, et influence une nouvelle g\u00e9n\u00e9ration de math\u00e9maticiennes am\u00e9ricaines.<\/p>\n<p>En\u00a0<strong>avril 1935<\/strong>, Emmy Noether meurt brutalement des suites d\u2019une intervention chirurgicale. Elle a\u00a0<strong>53 ans<\/strong>.<\/p>\n<blockquote><p><strong>Albert Einstein<\/strong>, n\u00e9crologie publi\u00e9e dans le New York Times, 1935 :\u00a0<em>\u00ab\u00a0Emmy Noether \u00e9tait le g\u00e9nie math\u00e9matique cr\u00e9atif le plus important produit depuis que l\u2019\u00e9ducation sup\u00e9rieure des femmes a commenc\u00e9.\u00a0\u00bb<\/em><\/p><\/blockquote>\n<h2><span class=\"ez-toc-section\" id=\"Limpact_sur_la_physique_fondamentale\"><\/span>L\u2019impact sur la physique fondamentale<span class=\"ez-toc-section-end\"><\/span><\/h2>\n<p>Les th\u00e9or\u00e8mes de Noether constituent l\u2019ossature de la physique th\u00e9orique moderne :<\/p>\n<ul>\n<li><strong>Mod\u00e8le standard<\/strong>\u00a0: les sym\u00e9tries de jauge gouvernent les interactions fondamentales entre particules<\/li>\n<li><strong>Relativit\u00e9 g\u00e9n\u00e9rale<\/strong>\u00a0: la g\u00e9om\u00e9trie de l\u2019espace-temps ob\u00e9it aux principes noeth\u00e9riens<\/li>\n<li><strong>Cosmologie<\/strong>\u00a0: l\u2019\u00e9volution de l\u2019univers respecte les lois de conservation d\u00e9coulant des sym\u00e9tries<\/li>\n<li><strong>Physique quantique<\/strong>\u00a0: les sym\u00e9tries d\u00e9terminent les propri\u00e9t\u00e9s des particules \u00e9l\u00e9mentaires<\/li>\n<\/ul>\n<p>Par ailleurs, l\u2019alg\u00e8bre abstraite d\u00e9velopp\u00e9e par Noether fonde des domaines plus appliqu\u00e9s : la\u00a0<strong>cryptographie moderne<\/strong>\u00a0s\u2019appuie directement sur la th\u00e9orie des anneaux et des corps qu\u2019elle a structur\u00e9e. C\u2019est un h\u00e9ritage indirect, mais r\u00e9el et document\u00e9 \u2013 \u00e0 la diff\u00e9rence de connexions plus sp\u00e9culatives parfois \u00e9voqu\u00e9es.<\/p>\n<h2><span class=\"ez-toc-section\" id=\"Reconnaissance_et_hommages\"><\/span><span id=\"Reconnaissance_et_hommages\" class=\"ez-toc-section\"><\/span>Reconnaissance et hommages<span class=\"ez-toc-section-end\"><\/span><\/h2>\n<blockquote><p><strong>Pavel Alexandrov<\/strong>, math\u00e9maticien russe, \u00e9loge fun\u00e8bre 1935 :\u00a0<em>\u00ab\u00a0La plus grande math\u00e9maticienne de tous les temps.\u00a0\u00bb<\/em><\/p><\/blockquote>\n<blockquote><p><strong>Hermann Weyl<\/strong>, discours comm\u00e9moratif 1935 :\u00a0<em>\u00ab Emmy Noether a chang\u00e9 le visage de l\u2019alg\u00e8bre par son travail. \u00bb<\/em><\/p><\/blockquote>\n<ul>\n<li><strong>Crat\u00e8re lunaire Noether<\/strong>\u00a0: reconnaissance astronomique de ses contributions<\/li>\n<li><strong>Prix Noether<\/strong>\u00a0: r\u00e9compense annuelle d\u00e9cern\u00e9e par l\u2019Association for Women in Mathematics<\/li>\n<li><strong>Programme Emmy Noether<\/strong>\u00a0: programme de financement de la\u00a0<strong>Deutsche Forschungsgemeinschaft (DFG)<\/strong>, la fondation nationale allemande pour la recherche, qui permet \u00e0 de jeunes chercheurs de constituer leur propre groupe de recherche \u2013 l\u2019un des programmes les plus prestigieux de soutien aux scientifiques en d\u00e9but de carri\u00e8re en Allemagne<\/li>\n<\/ul>\n<h2><span class=\"ez-toc-section\" id=\"Comprendre_les_theoremes_exemples_concrets\"><\/span>Comprendre les th\u00e9or\u00e8mes : exemples concrets<span class=\"ez-toc-section-end\"><\/span><\/h2>\n<h3><span class=\"ez-toc-section\" id=\"La_conservation_de_lenergie_au_quotidien\"><\/span><span id=\"La_conservation_de_lenergie_au_quotidien\" class=\"ez-toc-section\"><\/span>La conservation de l\u2019\u00e9nergie au quotidien<span class=\"ez-toc-section-end\"><\/span><\/h3>\n<p>Quand vous lancez une balle en l\u2019air, l\u2019\u00e9nergie cin\u00e9tique (mouvement) se transforme progressivement en \u00e9nergie potentielle (hauteur), puis retour. L\u2019\u00e9nergie totale reste constante \u2013 illustration parfaite du premier th\u00e9or\u00e8me de Noether li\u00e9 \u00e0 la sym\u00e9trie temporelle.<\/p>\n<p>Math\u00e9matiquement : \\(E_{total} = \\frac{1}{2}mv^2 + mgh = constante\\)<\/p>\n<h3><span class=\"ez-toc-section\" id=\"Les_cristaux_et_la_symetrie\"><\/span>Les cristaux et la sym\u00e9trie<span class=\"ez-toc-section-end\"><\/span><\/h3>\n<p>La forme r\u00e9guli\u00e8re des cristaux d\u00e9coule de leurs sym\u00e9tries internes. Les th\u00e9or\u00e8mes de Noether formalisent comment ces sym\u00e9tries d\u00e9terminent les propri\u00e9t\u00e9s physiques observables \u2013 un principe exploit\u00e9 en science des mat\u00e9riaux et en cristallographie.<\/p>\n<h3><span class=\"ez-toc-section\" id=\"Linvariance_de_jauge_en_electromagnetisme\"><\/span><span id=\"Linvariance_de_jauge_en_electromagnetisme\" class=\"ez-toc-section\"><\/span>L\u2019invariance de jauge en \u00e9lectromagn\u00e9tisme<span class=\"ez-toc-section-end\"><\/span><\/h3>\n<p>Les \u00e9quations de Maxwell poss\u00e8dent une sym\u00e9trie particuli\u00e8re : on peut modifier les potentiels \u00e9lectrique et magn\u00e9tique sans changer les champs observables. Cette \u00ab\u00a0invariance de jauge\u00a0\u00bb, formalis\u00e9e par le deuxi\u00e8me th\u00e9or\u00e8me de Noether, structure toute la th\u00e9orie \u00e9lectromagn\u00e9tique moderne.<\/p>\n<p>Transformation de jauge : \\(\\vec{A} \\rightarrow \\vec{A} + \\nabla \\chi\\), \\(\\phi \\rightarrow \\phi &#8211; \\frac{\\partial \\chi}{\\partial t}\\)<\/p>\n<p>Les champs \\(\\vec{E}\\) et \\(\\vec{B}\\) restent inchang\u00e9s.<\/p>\n<h2><span class=\"ez-toc-section\" id=\"Questions_ouvertes_et_recherches_actuelles\"><\/span>Questions ouvertes et recherches actuelles<span class=\"ez-toc-section-end\"><\/span><\/h2>\n<h3><span class=\"ez-toc-section\" id=\"En_physique_theorique\"><\/span><span id=\"En_physique_theorique\" class=\"ez-toc-section\"><\/span>En physique th\u00e9orique<span class=\"ez-toc-section-end\"><\/span><\/h3>\n<ul>\n<li><strong>Th\u00e9ories de grande unification<\/strong>\u00a0: comment les sym\u00e9tries peuvent-elles unifier les forces fondamentales ?<\/li>\n<li><strong>Gravitation quantique<\/strong>\u00a0: quel r\u00f4le jouent les th\u00e9or\u00e8mes de Noether dans la r\u00e9conciliation relativit\u00e9-m\u00e9canique quantique ?<\/li>\n<li><strong>Cosmologie<\/strong>\u00a0: les sym\u00e9tries d\u00e9terminent-elles l\u2019\u00e9volution \u00e0 grande \u00e9chelle de l\u2019univers ?<\/li>\n<\/ul>\n<h3><span class=\"ez-toc-section\" id=\"En_mathematiques\"><\/span><span id=\"En_mathematiques\" class=\"ez-toc-section\"><\/span>En math\u00e9matiques<span class=\"ez-toc-section-end\"><\/span><\/h3>\n<ul>\n<li><strong>G\u00e9om\u00e9trie non-commutative<\/strong>\u00a0: extension des concepts noeth\u00e9riens aux espaces quantiques<\/li>\n<li><strong>Topologie alg\u00e9brique<\/strong>\u00a0: applications des m\u00e9thodes structurelles aux probl\u00e8mes topologiques<\/li>\n<li><strong>Th\u00e9orie des cat\u00e9gories<\/strong>\u00a0: formalisation de l\u2019approche abstraite initi\u00e9e par Noether<\/li>\n<\/ul>\n<h2><span class=\"ez-toc-section\" id=\"Conclusion\"><\/span><span id=\"Conclusion\" class=\"ez-toc-section\"><\/span>Conclusion<span class=\"ez-toc-section-end\"><\/span><\/h2>\n<p>Emmy Noether incarne le pouvoir de la pens\u00e9e abstraite. Ses d\u00e9couvertes, n\u00e9es de la pure r\u00e9flexion math\u00e9matique, gouvernent aujourd\u2019hui la physique des particules, la relativit\u00e9 g\u00e9n\u00e9rale et la cosmologie.<\/p>\n<p>Son parcours illustre aussi quelque chose de plus difficile \u00e0 quantifier : il faut une r\u00e9sistance extraordinaire pour faire de la science au plus haut niveau quand l\u2019institution refuse syst\u00e9matiquement de reconna\u00eetre le droit d\u2019y \u00eatre. Elle a enseign\u00e9 sans \u00eatre pay\u00e9e. Elle a travaill\u00e9 sous le nom d\u2019un autre. Elle a \u00e9t\u00e9 chass\u00e9e de son pays \u00e0 51 ans. Et ses th\u00e9or\u00e8mes sont, aujourd\u2019hui, au coeur de tout ce que la physique sait de l\u2019univers.<\/p>\n<blockquote><p>Dans un univers gouvern\u00e9 par des sym\u00e9tries profondes, la beaut\u00e9 math\u00e9matique et la v\u00e9rit\u00e9 physique ne font qu\u2019un.<\/p><\/blockquote>\n","protected":false},"excerpt":{"rendered":"<p>Emmy Noether n&rsquo;\u00e9tait pas juste une math\u00e9maticienne ; elle \u00e9tait une force de la nature qui a red\u00e9fini l&rsquo;alg\u00e8bre abstraite et la physique, prouvant que la sym\u00e9trie fa\u00e7onne les lois de l&rsquo;univers.<\/p>\n","protected":false},"author":1,"featured_media":3162,"comment_status":"open","ping_status":"closed","sticky":false,"template":"","format":"standard","meta":{"_acf_changed":false,"footnotes":""},"categories":[1600],"tags":[986,993,991,985,989,990,992,988,987],"class_list":{"0":"post-3137","1":"post","2":"type-post","3":"status-publish","4":"format-standard","5":"has-post-thumbnail","7":"category-actualites-culture-et-curiosites","8":"tag-algebre-abstraite","9":"tag-anneaux-noetheriens","10":"tag-contributions-mathematiques","11":"tag-emmy-noether","12":"tag-femmes-en-mathematiques","13":"tag-histoire-des-sciences","14":"tag-physique-theorique","15":"tag-symetrie-en-physique","16":"tag-theoremes-de-noether"},"acf":[],"yoast_head":"<!-- This site is optimized with the Yoast SEO Premium plugin v27.5 (Yoast SEO v27.5) - https:\/\/yoast.com\/product\/yoast-seo-premium-wordpress\/ -->\n<title>Emmy Noether: Math\u00e9maticienne R\u00e9volutionnaire et Son Impact Durable<\/title>\n<meta name=\"description\" content=\"Plongez dans la vie d&#039;Emmy Noether, une math\u00e9maticienne qui a bris\u00e9 les barri\u00e8res de genre pour r\u00e9volutionner l&#039;alg\u00e8bre abstraite et la physique avec ses c\u00e9l\u00e8bres th\u00e9or\u00e8mes de conservation.\" \/>\n<meta name=\"robots\" content=\"index, follow, max-snippet:-1, max-image-preview:large, max-video-preview:-1\" \/>\n<link rel=\"canonical\" href=\"https:\/\/lesminis.fr\/blog\/emmy-noether-mathematique-revolution-impact\/\" \/>\n<meta property=\"og:locale\" content=\"fr_FR\" \/>\n<meta property=\"og:type\" content=\"article\" \/>\n<meta property=\"og:title\" content=\"Emmy Noether : La Math\u00e9maticienne qui a R\u00e9volutionn\u00e9 la Physique Moderne\" \/>\n<meta property=\"og:description\" content=\"Plongez dans la vie d&#039;Emmy Noether, une math\u00e9maticienne qui a bris\u00e9 les barri\u00e8res de genre pour r\u00e9volutionner l&#039;alg\u00e8bre abstraite et la physique avec ses c\u00e9l\u00e8bres th\u00e9or\u00e8mes de conservation.\" \/>\n<meta property=\"og:url\" content=\"https:\/\/lesminis.fr\/blog\/emmy-noether-mathematique-revolution-impact\/\" \/>\n<meta property=\"og:site_name\" content=\"LesMinis Le Blog - Mat\u00e9riels \u00e9ducatifs - Figurines p\u00e9dagogiques\" \/>\n<meta property=\"article:publisher\" content=\"https:\/\/fr-fr.facebook.com\/LesMinis.fr\/\" \/>\n<meta property=\"article:author\" content=\"https:\/\/www.facebook.com\/LesMinis.fr\/\" \/>\n<meta property=\"article:published_time\" content=\"2024-03-05T06:21:33+00:00\" \/>\n<meta property=\"article:modified_time\" content=\"2026-03-06T14:33:27+00:00\" \/>\n<meta property=\"og:image\" content=\"https:\/\/lesminis.fr\/blog\/wp-content\/uploads\/2024\/03\/8-mars-2.jpg\" \/>\n\t<meta property=\"og:image:width\" content=\"1080\" \/>\n\t<meta property=\"og:image:height\" content=\"1080\" \/>\n\t<meta property=\"og:image:type\" content=\"image\/jpeg\" \/>\n<meta name=\"author\" content=\"LesMinis\" \/>\n<meta name=\"twitter:label1\" content=\"\u00c9crit par\" \/>\n\t<meta name=\"twitter:data1\" content=\"LesMinis\" \/>\n\t<meta name=\"twitter:label2\" content=\"Dur\u00e9e de lecture estim\u00e9e\" \/>\n\t<meta name=\"twitter:data2\" content=\"9 minutes\" \/>\n<script type=\"application\/ld+json\" class=\"yoast-schema-graph\">{\"@context\":\"https:\\\/\\\/schema.org\",\"@graph\":[{\"@type\":[\"Article\",\"BlogPosting\"],\"@id\":\"https:\\\/\\\/lesminis.fr\\\/blog\\\/emmy-noether-mathematique-revolution-impact\\\/#article\",\"isPartOf\":{\"@id\":\"https:\\\/\\\/lesminis.fr\\\/blog\\\/emmy-noether-mathematique-revolution-impact\\\/\"},\"author\":{\"name\":\"LesMinis\",\"@id\":\"https:\\\/\\\/lesminis.fr\\\/blog\\\/#\\\/schema\\\/person\\\/4a1be8c8c70a7d945af71674957cf83e\"},\"headline\":\"Emmy Noether : La Math\u00e9maticienne qui a R\u00e9volutionn\u00e9 la Physique Moderne\",\"datePublished\":\"2024-03-05T06:21:33+00:00\",\"dateModified\":\"2026-03-06T14:33:27+00:00\",\"mainEntityOfPage\":{\"@id\":\"https:\\\/\\\/lesminis.fr\\\/blog\\\/emmy-noether-mathematique-revolution-impact\\\/\"},\"wordCount\":2162,\"commentCount\":0,\"publisher\":{\"@id\":\"https:\\\/\\\/lesminis.fr\\\/blog\\\/#organization\"},\"image\":{\"@id\":\"https:\\\/\\\/lesminis.fr\\\/blog\\\/emmy-noether-mathematique-revolution-impact\\\/#primaryimage\"},\"thumbnailUrl\":\"https:\\\/\\\/lesminis.fr\\\/blog\\\/wp-content\\\/uploads\\\/2024\\\/03\\\/8-mars-2.jpg\",\"keywords\":[\"Alg\u00e8bre Abstraite\",\"Anneaux Noeth\u00e9riens\",\"Contributions Math\u00e9matiques\",\"Emmy Noether\",\"Femmes en Math\u00e9matiques\",\"Histoire des Sciences\",\"Physique Th\u00e9orique\",\"Sym\u00e9trie en Physique\",\"Th\u00e9or\u00e8mes de Noether\"],\"articleSection\":[\"Culture &amp; Curiosit\u00e9s \u2013 Explorer, comprendre, relier\"],\"inLanguage\":\"fr-FR\",\"potentialAction\":[{\"@type\":\"CommentAction\",\"name\":\"Comment\",\"target\":[\"https:\\\/\\\/lesminis.fr\\\/blog\\\/emmy-noether-mathematique-revolution-impact\\\/#respond\"]}]},{\"@type\":\"WebPage\",\"@id\":\"https:\\\/\\\/lesminis.fr\\\/blog\\\/emmy-noether-mathematique-revolution-impact\\\/\",\"url\":\"https:\\\/\\\/lesminis.fr\\\/blog\\\/emmy-noether-mathematique-revolution-impact\\\/\",\"name\":\"Emmy Noether: Math\u00e9maticienne R\u00e9volutionnaire et Son Impact Durable\",\"isPartOf\":{\"@id\":\"https:\\\/\\\/lesminis.fr\\\/blog\\\/#website\"},\"primaryImageOfPage\":{\"@id\":\"https:\\\/\\\/lesminis.fr\\\/blog\\\/emmy-noether-mathematique-revolution-impact\\\/#primaryimage\"},\"image\":{\"@id\":\"https:\\\/\\\/lesminis.fr\\\/blog\\\/emmy-noether-mathematique-revolution-impact\\\/#primaryimage\"},\"thumbnailUrl\":\"https:\\\/\\\/lesminis.fr\\\/blog\\\/wp-content\\\/uploads\\\/2024\\\/03\\\/8-mars-2.jpg\",\"datePublished\":\"2024-03-05T06:21:33+00:00\",\"dateModified\":\"2026-03-06T14:33:27+00:00\",\"description\":\"Plongez dans la vie d'Emmy Noether, une math\u00e9maticienne qui a bris\u00e9 les barri\u00e8res de genre pour r\u00e9volutionner l'alg\u00e8bre abstraite et la physique avec ses c\u00e9l\u00e8bres th\u00e9or\u00e8mes de conservation.\",\"breadcrumb\":{\"@id\":\"https:\\\/\\\/lesminis.fr\\\/blog\\\/emmy-noether-mathematique-revolution-impact\\\/#breadcrumb\"},\"inLanguage\":\"fr-FR\",\"potentialAction\":[{\"@type\":\"ReadAction\",\"target\":[\"https:\\\/\\\/lesminis.fr\\\/blog\\\/emmy-noether-mathematique-revolution-impact\\\/\"]}]},{\"@type\":\"ImageObject\",\"inLanguage\":\"fr-FR\",\"@id\":\"https:\\\/\\\/lesminis.fr\\\/blog\\\/emmy-noether-mathematique-revolution-impact\\\/#primaryimage\",\"url\":\"https:\\\/\\\/lesminis.fr\\\/blog\\\/wp-content\\\/uploads\\\/2024\\\/03\\\/8-mars-2.jpg\",\"contentUrl\":\"https:\\\/\\\/lesminis.fr\\\/blog\\\/wp-content\\\/uploads\\\/2024\\\/03\\\/8-mars-2.jpg\",\"width\":1080,\"height\":1080,\"caption\":\"Emmy Noether\"},{\"@type\":\"BreadcrumbList\",\"@id\":\"https:\\\/\\\/lesminis.fr\\\/blog\\\/emmy-noether-mathematique-revolution-impact\\\/#breadcrumb\",\"itemListElement\":[{\"@type\":\"ListItem\",\"position\":1,\"name\":\"Accueil\",\"item\":\"https:\\\/\\\/lesminis.fr\\\/blog\\\/\"},{\"@type\":\"ListItem\",\"position\":2,\"name\":\"Emmy Noether : La Math\u00e9maticienne qui a R\u00e9volutionn\u00e9 la Physique Moderne\"}]},{\"@type\":\"WebSite\",\"@id\":\"https:\\\/\\\/lesminis.fr\\\/blog\\\/#website\",\"url\":\"https:\\\/\\\/lesminis.fr\\\/blog\\\/\",\"name\":\"LesMinis Le Blog - Mat\u00e9riels \u00e9ducatifs - Figurines p\u00e9dagogiques\",\"description\":\"D\u00e9couvrez notre actualit\u00e9, figurines, mat\u00e9riel \u00e9ducatif, activit\u00e9s Montessori\",\"publisher\":{\"@id\":\"https:\\\/\\\/lesminis.fr\\\/blog\\\/#organization\"},\"potentialAction\":[{\"@type\":\"SearchAction\",\"target\":{\"@type\":\"EntryPoint\",\"urlTemplate\":\"https:\\\/\\\/lesminis.fr\\\/blog\\\/?s={search_term_string}\"},\"query-input\":{\"@type\":\"PropertyValueSpecification\",\"valueRequired\":true,\"valueName\":\"search_term_string\"}}],\"inLanguage\":\"fr-FR\"},{\"@type\":\"Organization\",\"@id\":\"https:\\\/\\\/lesminis.fr\\\/blog\\\/#organization\",\"name\":\"LesMinis - Sp\u00e9cialiste mat\u00e9riel p\u00e9dagogiques - Figurines \u00e9ducatives - Mat\u00e9riel Montessori\",\"url\":\"https:\\\/\\\/lesminis.fr\\\/blog\\\/\",\"logo\":{\"@type\":\"ImageObject\",\"inLanguage\":\"fr-FR\",\"@id\":\"https:\\\/\\\/lesminis.fr\\\/blog\\\/#\\\/schema\\\/logo\\\/image\\\/\",\"url\":\"https:\\\/\\\/lesminis.fr\\\/blog\\\/wp-content\\\/uploads\\\/2023\\\/03\\\/nouveau-logo-lesminis.png\",\"contentUrl\":\"https:\\\/\\\/lesminis.fr\\\/blog\\\/wp-content\\\/uploads\\\/2023\\\/03\\\/nouveau-logo-lesminis.png\",\"width\":500,\"height\":175,\"caption\":\"LesMinis - Sp\u00e9cialiste mat\u00e9riel p\u00e9dagogiques - Figurines \u00e9ducatives - Mat\u00e9riel Montessori\"},\"image\":{\"@id\":\"https:\\\/\\\/lesminis.fr\\\/blog\\\/#\\\/schema\\\/logo\\\/image\\\/\"},\"sameAs\":[\"https:\\\/\\\/fr-fr.facebook.com\\\/LesMinis.fr\\\/\",\"https:\\\/\\\/www.instagram.com\\\/lesminis.fr\\\/\",\"https:\\\/\\\/www.tiktok.com\\\/@lesminis.fr\",\"https:\\\/\\\/www.pinterest.fr\\\/lesminisfr\\\/\"]},{\"@type\":\"Person\",\"@id\":\"https:\\\/\\\/lesminis.fr\\\/blog\\\/#\\\/schema\\\/person\\\/4a1be8c8c70a7d945af71674957cf83e\",\"name\":\"LesMinis\",\"image\":{\"@type\":\"ImageObject\",\"inLanguage\":\"fr-FR\",\"@id\":\"https:\\\/\\\/secure.gravatar.com\\\/avatar\\\/288cd93d352b3465f2bd0701b1f2bb059b68dc3a70c4fda061bad8e6c9f8d865?s=96&d=blank&r=g\",\"url\":\"https:\\\/\\\/secure.gravatar.com\\\/avatar\\\/288cd93d352b3465f2bd0701b1f2bb059b68dc3a70c4fda061bad8e6c9f8d865?s=96&d=blank&r=g\",\"contentUrl\":\"https:\\\/\\\/secure.gravatar.com\\\/avatar\\\/288cd93d352b3465f2bd0701b1f2bb059b68dc3a70c4fda061bad8e6c9f8d865?s=96&d=blank&r=g\",\"caption\":\"LesMinis\"},\"sameAs\":[\"https:\\\/\\\/lesminis.fr\\\/blog\",\"https:\\\/\\\/www.facebook.com\\\/LesMinis.fr\\\/\",\"https:\\\/\\\/www.instagram.com\\\/lesminis.fr\\\/\",\"https:\\\/\\\/www.pinterest.fr\\\/lesminisfr\\\/\"],\"url\":\"https:\\\/\\\/lesminis.fr\\\/blog\\\/author\\\/lesminis\\\/\"}]}<\/script>\n<!-- \/ Yoast SEO Premium plugin. -->","yoast_head_json":{"title":"Emmy Noether: Math\u00e9maticienne R\u00e9volutionnaire et Son Impact Durable","description":"Plongez dans la vie d'Emmy Noether, une math\u00e9maticienne qui a bris\u00e9 les barri\u00e8res de genre pour r\u00e9volutionner l'alg\u00e8bre abstraite et la physique avec ses c\u00e9l\u00e8bres th\u00e9or\u00e8mes de conservation.","robots":{"index":"index","follow":"follow","max-snippet":"max-snippet:-1","max-image-preview":"max-image-preview:large","max-video-preview":"max-video-preview:-1"},"canonical":"https:\/\/lesminis.fr\/blog\/emmy-noether-mathematique-revolution-impact\/","og_locale":"fr_FR","og_type":"article","og_title":"Emmy Noether : La Math\u00e9maticienne qui a R\u00e9volutionn\u00e9 la Physique Moderne","og_description":"Plongez dans la vie d'Emmy Noether, une math\u00e9maticienne qui a bris\u00e9 les barri\u00e8res de genre pour r\u00e9volutionner l'alg\u00e8bre abstraite et la physique avec ses c\u00e9l\u00e8bres th\u00e9or\u00e8mes de conservation.","og_url":"https:\/\/lesminis.fr\/blog\/emmy-noether-mathematique-revolution-impact\/","og_site_name":"LesMinis Le Blog - Mat\u00e9riels \u00e9ducatifs - Figurines p\u00e9dagogiques","article_publisher":"https:\/\/fr-fr.facebook.com\/LesMinis.fr\/","article_author":"https:\/\/www.facebook.com\/LesMinis.fr\/","article_published_time":"2024-03-05T06:21:33+00:00","article_modified_time":"2026-03-06T14:33:27+00:00","og_image":[{"width":1080,"height":1080,"url":"https:\/\/lesminis.fr\/blog\/wp-content\/uploads\/2024\/03\/8-mars-2.jpg","type":"image\/jpeg"}],"author":"LesMinis","twitter_misc":{"\u00c9crit par":"LesMinis","Dur\u00e9e de lecture estim\u00e9e":"9 minutes"},"schema":{"@context":"https:\/\/schema.org","@graph":[{"@type":["Article","BlogPosting"],"@id":"https:\/\/lesminis.fr\/blog\/emmy-noether-mathematique-revolution-impact\/#article","isPartOf":{"@id":"https:\/\/lesminis.fr\/blog\/emmy-noether-mathematique-revolution-impact\/"},"author":{"name":"LesMinis","@id":"https:\/\/lesminis.fr\/blog\/#\/schema\/person\/4a1be8c8c70a7d945af71674957cf83e"},"headline":"Emmy Noether : La Math\u00e9maticienne qui a R\u00e9volutionn\u00e9 la Physique Moderne","datePublished":"2024-03-05T06:21:33+00:00","dateModified":"2026-03-06T14:33:27+00:00","mainEntityOfPage":{"@id":"https:\/\/lesminis.fr\/blog\/emmy-noether-mathematique-revolution-impact\/"},"wordCount":2162,"commentCount":0,"publisher":{"@id":"https:\/\/lesminis.fr\/blog\/#organization"},"image":{"@id":"https:\/\/lesminis.fr\/blog\/emmy-noether-mathematique-revolution-impact\/#primaryimage"},"thumbnailUrl":"https:\/\/lesminis.fr\/blog\/wp-content\/uploads\/2024\/03\/8-mars-2.jpg","keywords":["Alg\u00e8bre Abstraite","Anneaux Noeth\u00e9riens","Contributions Math\u00e9matiques","Emmy Noether","Femmes en Math\u00e9matiques","Histoire des Sciences","Physique Th\u00e9orique","Sym\u00e9trie en Physique","Th\u00e9or\u00e8mes de Noether"],"articleSection":["Culture &amp; Curiosit\u00e9s \u2013 Explorer, comprendre, relier"],"inLanguage":"fr-FR","potentialAction":[{"@type":"CommentAction","name":"Comment","target":["https:\/\/lesminis.fr\/blog\/emmy-noether-mathematique-revolution-impact\/#respond"]}]},{"@type":"WebPage","@id":"https:\/\/lesminis.fr\/blog\/emmy-noether-mathematique-revolution-impact\/","url":"https:\/\/lesminis.fr\/blog\/emmy-noether-mathematique-revolution-impact\/","name":"Emmy Noether: Math\u00e9maticienne R\u00e9volutionnaire et Son Impact Durable","isPartOf":{"@id":"https:\/\/lesminis.fr\/blog\/#website"},"primaryImageOfPage":{"@id":"https:\/\/lesminis.fr\/blog\/emmy-noether-mathematique-revolution-impact\/#primaryimage"},"image":{"@id":"https:\/\/lesminis.fr\/blog\/emmy-noether-mathematique-revolution-impact\/#primaryimage"},"thumbnailUrl":"https:\/\/lesminis.fr\/blog\/wp-content\/uploads\/2024\/03\/8-mars-2.jpg","datePublished":"2024-03-05T06:21:33+00:00","dateModified":"2026-03-06T14:33:27+00:00","description":"Plongez dans la vie d'Emmy Noether, une math\u00e9maticienne qui a bris\u00e9 les barri\u00e8res de genre pour r\u00e9volutionner l'alg\u00e8bre abstraite et la physique avec ses c\u00e9l\u00e8bres th\u00e9or\u00e8mes de conservation.","breadcrumb":{"@id":"https:\/\/lesminis.fr\/blog\/emmy-noether-mathematique-revolution-impact\/#breadcrumb"},"inLanguage":"fr-FR","potentialAction":[{"@type":"ReadAction","target":["https:\/\/lesminis.fr\/blog\/emmy-noether-mathematique-revolution-impact\/"]}]},{"@type":"ImageObject","inLanguage":"fr-FR","@id":"https:\/\/lesminis.fr\/blog\/emmy-noether-mathematique-revolution-impact\/#primaryimage","url":"https:\/\/lesminis.fr\/blog\/wp-content\/uploads\/2024\/03\/8-mars-2.jpg","contentUrl":"https:\/\/lesminis.fr\/blog\/wp-content\/uploads\/2024\/03\/8-mars-2.jpg","width":1080,"height":1080,"caption":"Emmy Noether"},{"@type":"BreadcrumbList","@id":"https:\/\/lesminis.fr\/blog\/emmy-noether-mathematique-revolution-impact\/#breadcrumb","itemListElement":[{"@type":"ListItem","position":1,"name":"Accueil","item":"https:\/\/lesminis.fr\/blog\/"},{"@type":"ListItem","position":2,"name":"Emmy Noether : La Math\u00e9maticienne qui a R\u00e9volutionn\u00e9 la Physique Moderne"}]},{"@type":"WebSite","@id":"https:\/\/lesminis.fr\/blog\/#website","url":"https:\/\/lesminis.fr\/blog\/","name":"LesMinis Le Blog - Mat\u00e9riels \u00e9ducatifs - Figurines p\u00e9dagogiques","description":"D\u00e9couvrez notre actualit\u00e9, figurines, mat\u00e9riel \u00e9ducatif, activit\u00e9s Montessori","publisher":{"@id":"https:\/\/lesminis.fr\/blog\/#organization"},"potentialAction":[{"@type":"SearchAction","target":{"@type":"EntryPoint","urlTemplate":"https:\/\/lesminis.fr\/blog\/?s={search_term_string}"},"query-input":{"@type":"PropertyValueSpecification","valueRequired":true,"valueName":"search_term_string"}}],"inLanguage":"fr-FR"},{"@type":"Organization","@id":"https:\/\/lesminis.fr\/blog\/#organization","name":"LesMinis - Sp\u00e9cialiste mat\u00e9riel p\u00e9dagogiques - Figurines \u00e9ducatives - Mat\u00e9riel Montessori","url":"https:\/\/lesminis.fr\/blog\/","logo":{"@type":"ImageObject","inLanguage":"fr-FR","@id":"https:\/\/lesminis.fr\/blog\/#\/schema\/logo\/image\/","url":"https:\/\/lesminis.fr\/blog\/wp-content\/uploads\/2023\/03\/nouveau-logo-lesminis.png","contentUrl":"https:\/\/lesminis.fr\/blog\/wp-content\/uploads\/2023\/03\/nouveau-logo-lesminis.png","width":500,"height":175,"caption":"LesMinis - Sp\u00e9cialiste mat\u00e9riel p\u00e9dagogiques - Figurines \u00e9ducatives - Mat\u00e9riel Montessori"},"image":{"@id":"https:\/\/lesminis.fr\/blog\/#\/schema\/logo\/image\/"},"sameAs":["https:\/\/fr-fr.facebook.com\/LesMinis.fr\/","https:\/\/www.instagram.com\/lesminis.fr\/","https:\/\/www.tiktok.com\/@lesminis.fr","https:\/\/www.pinterest.fr\/lesminisfr\/"]},{"@type":"Person","@id":"https:\/\/lesminis.fr\/blog\/#\/schema\/person\/4a1be8c8c70a7d945af71674957cf83e","name":"LesMinis","image":{"@type":"ImageObject","inLanguage":"fr-FR","@id":"https:\/\/secure.gravatar.com\/avatar\/288cd93d352b3465f2bd0701b1f2bb059b68dc3a70c4fda061bad8e6c9f8d865?s=96&d=blank&r=g","url":"https:\/\/secure.gravatar.com\/avatar\/288cd93d352b3465f2bd0701b1f2bb059b68dc3a70c4fda061bad8e6c9f8d865?s=96&d=blank&r=g","contentUrl":"https:\/\/secure.gravatar.com\/avatar\/288cd93d352b3465f2bd0701b1f2bb059b68dc3a70c4fda061bad8e6c9f8d865?s=96&d=blank&r=g","caption":"LesMinis"},"sameAs":["https:\/\/lesminis.fr\/blog","https:\/\/www.facebook.com\/LesMinis.fr\/","https:\/\/www.instagram.com\/lesminis.fr\/","https:\/\/www.pinterest.fr\/lesminisfr\/"],"url":"https:\/\/lesminis.fr\/blog\/author\/lesminis\/"}]}},"_links":{"self":[{"href":"https:\/\/lesminis.fr\/blog\/wp-json\/wp\/v2\/posts\/3137","targetHints":{"allow":["GET"]}}],"collection":[{"href":"https:\/\/lesminis.fr\/blog\/wp-json\/wp\/v2\/posts"}],"about":[{"href":"https:\/\/lesminis.fr\/blog\/wp-json\/wp\/v2\/types\/post"}],"author":[{"embeddable":true,"href":"https:\/\/lesminis.fr\/blog\/wp-json\/wp\/v2\/users\/1"}],"replies":[{"embeddable":true,"href":"https:\/\/lesminis.fr\/blog\/wp-json\/wp\/v2\/comments?post=3137"}],"version-history":[{"count":9,"href":"https:\/\/lesminis.fr\/blog\/wp-json\/wp\/v2\/posts\/3137\/revisions"}],"predecessor-version":[{"id":6191,"href":"https:\/\/lesminis.fr\/blog\/wp-json\/wp\/v2\/posts\/3137\/revisions\/6191"}],"wp:featuredmedia":[{"embeddable":true,"href":"https:\/\/lesminis.fr\/blog\/wp-json\/wp\/v2\/media\/3162"}],"wp:attachment":[{"href":"https:\/\/lesminis.fr\/blog\/wp-json\/wp\/v2\/media?parent=3137"}],"wp:term":[{"taxonomy":"category","embeddable":true,"href":"https:\/\/lesminis.fr\/blog\/wp-json\/wp\/v2\/categories?post=3137"},{"taxonomy":"post_tag","embeddable":true,"href":"https:\/\/lesminis.fr\/blog\/wp-json\/wp\/v2\/tags?post=3137"}],"curies":[{"name":"wp","href":"https:\/\/api.w.org\/{rel}","templated":true}]}}