{"id":2995,"date":"2024-02-23T09:00:03","date_gmt":"2024-02-23T08:00:03","guid":{"rendered":"https:\/\/lesminis.fr\/blog\/?p=2995"},"modified":"2024-02-23T16:46:16","modified_gmt":"2024-02-23T15:46:16","slug":"origine-geometrie-harpenodapta-grand-recit-montessori","status":"publish","type":"post","link":"https:\/\/lesminis.fr\/blog\/origine-geometrie-harpenodapta-grand-recit-montessori\/","title":{"rendered":"Comment la g\u00e9om\u00e9trie a eu son nom : une histoire de Maria Montessori"},"content":{"rendered":"<div id=\"ez-toc-container\" class=\"ez-toc-v2_0_82_2 counter-hierarchy ez-toc-counter ez-toc-grey ez-toc-container-direction\">\n<div class=\"ez-toc-title-container\">\n<p class=\"ez-toc-title\" style=\"cursor:inherit\">Table of Contents<\/p>\n<span class=\"ez-toc-title-toggle\"><a href=\"#\" class=\"ez-toc-pull-right ez-toc-btn ez-toc-btn-xs ez-toc-btn-default ez-toc-toggle\" aria-label=\"Toggle Table of Content\"><span class=\"ez-toc-js-icon-con\"><span class=\"\"><span class=\"eztoc-hide\" style=\"display:none;\">Toggle<\/span><span class=\"ez-toc-icon-toggle-span\"><svg style=\"fill: #999;color:#999\" xmlns=\"http:\/\/www.w3.org\/2000\/svg\" class=\"list-377408\" width=\"20px\" height=\"20px\" viewBox=\"0 0 24 24\" fill=\"none\"><path d=\"M6 6H4v2h2V6zm14 0H8v2h12V6zM4 11h2v2H4v-2zm16 0H8v2h12v-2zM4 16h2v2H4v-2zm16 0H8v2h12v-2z\" fill=\"currentColor\"><\/path><\/svg><svg style=\"fill: #999;color:#999\" class=\"arrow-unsorted-368013\" xmlns=\"http:\/\/www.w3.org\/2000\/svg\" width=\"10px\" height=\"10px\" viewBox=\"0 0 24 24\" version=\"1.2\" baseProfile=\"tiny\"><path d=\"M18.2 9.3l-6.2-6.3-6.2 6.3c-.2.2-.3.4-.3.7s.1.5.3.7c.2.2.4.3.7.3h11c.3 0 .5-.1.7-.3.2-.2.3-.5.3-.7s-.1-.5-.3-.7zM5.8 14.7l6.2 6.3 6.2-6.3c.2-.2.3-.5.3-.7s-.1-.5-.3-.7c-.2-.2-.4-.3-.7-.3h-11c-.3 0-.5.1-.7.3-.2.2-.3.5-.3.7s.1.5.3.7z\"\/><\/svg><\/span><\/span><\/span><\/a><\/span><\/div>\n<nav><ul class='ez-toc-list ez-toc-list-level-1 ' ><li class='ez-toc-page-1 ez-toc-heading-level-2'><a class=\"ez-toc-link ez-toc-heading-1\" href=\"https:\/\/lesminis.fr\/blog\/origine-geometrie-harpenodapta-grand-recit-montessori\/#La_curiosite_des_harpenodapta\" >La curiosit\u00e9 des harpenodapta<\/a><\/li><li class='ez-toc-page-1 ez-toc-heading-level-2'><a class=\"ez-toc-link ez-toc-heading-2\" href=\"https:\/\/lesminis.fr\/blog\/origine-geometrie-harpenodapta-grand-recit-montessori\/#La_methode_des_harpenodapta\" >La m\u00e9thode des harpenodapta<\/a><\/li><li class='ez-toc-page-1 ez-toc-heading-level-2'><a class=\"ez-toc-link ez-toc-heading-3\" href=\"https:\/\/lesminis.fr\/blog\/origine-geometrie-harpenodapta-grand-recit-montessori\/#La_benediction_ambivalente_du_Nil\" >La b\u00e9n\u00e9diction ambivalente du Nil<\/a><\/li><li class='ez-toc-page-1 ez-toc-heading-level-2'><a class=\"ez-toc-link ez-toc-heading-4\" href=\"https:\/\/lesminis.fr\/blog\/origine-geometrie-harpenodapta-grand-recit-montessori\/#Levolution_des_connaissances_geometriques\" >L&rsquo;\u00e9volution des connaissances g\u00e9om\u00e9triques<\/a><\/li><li class='ez-toc-page-1 ez-toc-heading-level-2'><a class=\"ez-toc-link ez-toc-heading-5\" href=\"https:\/\/lesminis.fr\/blog\/origine-geometrie-harpenodapta-grand-recit-montessori\/#Lheritage_des_harpenodapta\" >L&rsquo;h\u00e9ritage des harpenodapta<\/a><\/li><\/ul><\/nav><\/div>\n<h2><span class=\"ez-toc-section\" id=\"La_curiosite_des_harpenodapta\"><\/span>La curiosit\u00e9 des harpenodapta<span class=\"ez-toc-section-end\"><\/span><\/h2>\n<p>Dans les plaines fertiles de l&rsquo;\u00c9gypte antique, l&rsquo;art de mesurer la terre \u00e9tait une pratique transmise de g\u00e9n\u00e9ration en g\u00e9n\u00e9ration.<\/p>\n<p>Il y a tr\u00e8s, tr\u00e8s longtemps, en \u00c9gypte, il y avait des gens appel\u00e9s \u201charpenodapta\u201d. Chaque ann\u00e9e, le grand fleuve Nil d\u00e9bordait et recouvrait toutes les terres autour. C\u2019\u00e9tait comme si quelqu\u2019un avait renvers\u00e9 une immense tasse d\u2019eau sur une carte !<\/p>\n<p>Apr\u00e8s l\u2019inondation, les terres \u00e9taient toutes m\u00e9lang\u00e9es et personne ne savait plus quelle partie lui appartenait. Alors, les harpenodapta entraient en sc\u00e8ne avec leurs cordes. Ils utilisaient ces cordes pour mesurer et redessiner les limites des terres pour que tout le monde sache \u00e0 nouveau o\u00f9 se trouvait sa maison ou son champ.<\/p>\n<figure id=\"attachment_2996\" aria-describedby=\"caption-attachment-2996\" style=\"width: 1344px\" class=\"wp-caption alignnone\"><img loading=\"lazy\" decoding=\"async\" class=\"wp-image-2996 size-full\" src=\"https:\/\/lesminis.fr\/blog\/wp-content\/uploads\/2024\/02\/curiosite-1.jpg\" alt=\"Curiosit\u00e9 des Harpenodapta\" width=\"1344\" height=\"768\" srcset=\"https:\/\/lesminis.fr\/blog\/wp-content\/uploads\/2024\/02\/curiosite-1.jpg 1344w, https:\/\/lesminis.fr\/blog\/wp-content\/uploads\/2024\/02\/curiosite-1-300x171.jpg 300w, https:\/\/lesminis.fr\/blog\/wp-content\/uploads\/2024\/02\/curiosite-1-1024x585.jpg 1024w, https:\/\/lesminis.fr\/blog\/wp-content\/uploads\/2024\/02\/curiosite-1-768x439.jpg 768w, https:\/\/lesminis.fr\/blog\/wp-content\/uploads\/2024\/02\/curiosite-1-696x398.jpg 696w, https:\/\/lesminis.fr\/blog\/wp-content\/uploads\/2024\/02\/curiosite-1-1068x610.jpg 1068w\" sizes=\"auto, (max-width: 1344px) 100vw, 1344px\" \/><figcaption id=\"caption-attachment-2996\" class=\"wp-caption-text\">Les \u00c9gyptiens, en particulier les \u00ab harpenodapta \u00bb, \u00e9taient renomm\u00e9s pour leur expertise dans l&rsquo;\u00e9tirement de cordes pour arpenter les terres apr\u00e8s les inondations annuelles du Nil.<\/figcaption><\/figure>\n<p>En faisant cela ann\u00e9e apr\u00e8s ann\u00e9e, ils sont devenus tr\u00e8s dou\u00e9s pour mesurer et dessiner des formes avec leurs cordes. C\u2019est ainsi qu\u2019ils ont cr\u00e9\u00e9 ce que nous appelons aujourd\u2019hui la g\u00e9om\u00e9trie, qui signifie \u201cmesurer la terre\u201d.<\/p>\n<p>Ce travail m\u00e9ticuleux, essentiel pour l&rsquo;agriculture et la construction, a jet\u00e9 les bases de la science de la g\u00e9om\u00e9trie, un terme d\u00e9riv\u00e9 de <strong>\u00ab geo \u00bb<\/strong> pour la terre et <strong>\u00ab metron \u00bb<\/strong> pour la mesure.<\/p>\n<p>Et c\u2019est gr\u00e2ce \u00e0 eux que nous pouvons aujourd\u2019hui construire des maisons, des ponts et plein d\u2019autres choses !<\/p>\n<h2><span class=\"ez-toc-section\" id=\"La_methode_des_harpenodapta\"><\/span>La m\u00e9thode des harpenodapta<span class=\"ez-toc-section-end\"><\/span><\/h2>\n<p><strong>La m\u00e9thode des harpenodapta<\/strong> \u00e9tait un savant m\u00e9lange d&rsquo;art et de science. Ils \u00e9tiraient des cordes \u00e0 travers les terres, marquant des intervalles avec des n\u0153uds ou des perles, cr\u00e9ant ainsi des triangles rectangles cruciaux <strong>pour comprendre les dimensions de la terre.<\/strong><\/p>\n<p>M\u00eame si leurs outils \u00e9taient simples, ils \u00e9taient tr\u00e8s pr\u00e9cis. Ils montraient \u00e0 quel point les harpenodapta comprenaient bien les maths. C\u2019est gr\u00e2ce \u00e0 eux que nous avons aujourd\u2019hui la g\u00e9om\u00e9trie.<\/p>\n<p>Leurs outils \u00e9taient simples mais pr\u00e9cis, refl\u00e9tant une profonde compr\u00e9hension des principes math\u00e9matiques qui allaient devenir par la suite l&rsquo;\u00e9tude de la g\u00e9om\u00e9trie.<\/p>\n<figure id=\"attachment_2997\" aria-describedby=\"caption-attachment-2997\" style=\"width: 1344px\" class=\"wp-caption alignnone\"><img loading=\"lazy\" decoding=\"async\" class=\"size-full wp-image-2997\" src=\"https:\/\/lesminis.fr\/blog\/wp-content\/uploads\/2024\/02\/La-methode-des-harpenodapta.jpg\" alt=\"La m\u00e9thode des harpenodapta\" width=\"1344\" height=\"768\" srcset=\"https:\/\/lesminis.fr\/blog\/wp-content\/uploads\/2024\/02\/La-methode-des-harpenodapta.jpg 1344w, https:\/\/lesminis.fr\/blog\/wp-content\/uploads\/2024\/02\/La-methode-des-harpenodapta-300x171.jpg 300w, https:\/\/lesminis.fr\/blog\/wp-content\/uploads\/2024\/02\/La-methode-des-harpenodapta-1024x585.jpg 1024w, https:\/\/lesminis.fr\/blog\/wp-content\/uploads\/2024\/02\/La-methode-des-harpenodapta-768x439.jpg 768w, https:\/\/lesminis.fr\/blog\/wp-content\/uploads\/2024\/02\/La-methode-des-harpenodapta-696x398.jpg 696w, https:\/\/lesminis.fr\/blog\/wp-content\/uploads\/2024\/02\/La-methode-des-harpenodapta-1068x610.jpg 1068w\" sizes=\"auto, (max-width: 1344px) 100vw, 1344px\" \/><figcaption id=\"caption-attachment-2997\" class=\"wp-caption-text\">La m\u00e9thode des harpenodapta<\/figcaption><\/figure>\n<p class=\"whitespace-pre-wrap\">En tendant leurs <strong>cordelettes nou\u00e9es<\/strong> de long en large \u00e0 travers le limon du Nil, ils d\u00e9limitaient des formes g\u00e9om\u00e9triques dont ils ignoraient encore le potentiel. Mais en classant et cat\u00e9gorisant ces figures, ils jet\u00e8rent les bases d&rsquo;une science qui allait traverser les \u00e2ges.<\/p>\n<p class=\"whitespace-pre-wrap\">De g\u00e9n\u00e9ration en g\u00e9n\u00e9ration, leurs techniques d&rsquo;arpentage se perfectionn\u00e8rent, gagnant en finesse et en pr\u00e9cision. <strong>Ces anc\u00eatres de la g\u00e9om\u00e9trie<\/strong> faisaient preuve d&rsquo;une rigueur toute scientifique dans leur qu\u00eate perp\u00e9tuelle de la mesure parfaite &#8211; reflet de cet esprit de d\u00e9couverte typiquement \u00c9gyptien.<\/p>\n<h2><span class=\"ez-toc-section\" id=\"La_benediction_ambivalente_du_Nil\"><\/span>La b\u00e9n\u00e9diction ambivalente du Nil<span class=\"ez-toc-section-end\"><\/span><\/h2>\n<p class=\"whitespace-pre-wrap\">Le puissant fleuve Nil, connu comme \u00ab Le Don de l\u2019\u00c9gypte \u00bb, \u00e9tait une \u00e9p\u00e9e \u00e0 double tranchant. S&rsquo;il apportait des nutriments vitalisant pour la terre, il faisait \u00e9galement dispara\u00eetre chaque ann\u00e9e les rep\u00e8res qui d\u00e9finissaient les limites des propri\u00e9t\u00e9s. Cela n\u00e9cessitait l&rsquo;arpentage annuel par les harpenodapta, renfor\u00e7ant l&rsquo;importance de leurs connaissances g\u00e9om\u00e9triques.<\/p>\n<p class=\"whitespace-pre-wrap\">Ainsi, le Nil \u00e9tait \u00e0 la fois la source de vie des \u00c9gyptiens mais aussi la cause de conflits sans fin. Ses eaux tumultueuses effa\u00e7aient les fronti\u00e8res, plongeant le pays dans le chaos. Mais gr\u00e2ce au travail m\u00e9thodique et pr\u00e9cis des harpenodapta, l&rsquo;ordre finissait toujours par \u00eatre r\u00e9tabli.<\/p>\n<figure id=\"attachment_2998\" aria-describedby=\"caption-attachment-2998\" style=\"width: 1344px\" class=\"wp-caption alignnone\"><img loading=\"lazy\" decoding=\"async\" class=\"size-full wp-image-2998\" src=\"https:\/\/lesminis.fr\/blog\/wp-content\/uploads\/2024\/02\/La-benediction-ambivalente-du-Nil-3.jpg\" alt=\"La b\u00e9n\u00e9diction ambivalente du Nil\" width=\"1344\" height=\"768\" srcset=\"https:\/\/lesminis.fr\/blog\/wp-content\/uploads\/2024\/02\/La-benediction-ambivalente-du-Nil-3.jpg 1344w, https:\/\/lesminis.fr\/blog\/wp-content\/uploads\/2024\/02\/La-benediction-ambivalente-du-Nil-3-300x171.jpg 300w, https:\/\/lesminis.fr\/blog\/wp-content\/uploads\/2024\/02\/La-benediction-ambivalente-du-Nil-3-1024x585.jpg 1024w, https:\/\/lesminis.fr\/blog\/wp-content\/uploads\/2024\/02\/La-benediction-ambivalente-du-Nil-3-768x439.jpg 768w, https:\/\/lesminis.fr\/blog\/wp-content\/uploads\/2024\/02\/La-benediction-ambivalente-du-Nil-3-696x398.jpg 696w, https:\/\/lesminis.fr\/blog\/wp-content\/uploads\/2024\/02\/La-benediction-ambivalente-du-Nil-3-1068x610.jpg 1068w\" sizes=\"auto, (max-width: 1344px) 100vw, 1344px\" \/><figcaption id=\"caption-attachment-2998\" class=\"wp-caption-text\">La b\u00e9n\u00e9diction ambivalente du Nil .<\/figcaption><\/figure>\n<p class=\"whitespace-pre-wrap\">C&rsquo;est en solutionnant ces probl\u00e8mes concrets d&rsquo;arpentage provoqu\u00e9s par le Nil que les anciens \u00c9gyptiens jet\u00e8rent les bases d&rsquo;une science de l&rsquo;espace et des formes. Une discipline vitale qui allait devenir la pierre angulaire de leur brillante civilisation &#8211; la g\u00e9om\u00e9trie.<\/p>\n<p class=\"whitespace-pre-wrap\">Par un \u00e9trange paradoxe, le fleuve \u00e0 l\u2019origine du doute et de la discorde engendra ainsi une connaissance universelle et ind\u00e9modable &#8211; la g\u00e9om\u00e9trie &#8211; qui continue d&rsquo;irriguer les esprits des mill\u00e9naires plus tard !<\/p>\n<h2><span class=\"ez-toc-section\" id=\"Levolution_des_connaissances_geometriques\"><\/span>L&rsquo;\u00e9volution des connaissances g\u00e9om\u00e9triques<span class=\"ez-toc-section-end\"><\/span><\/h2>\n<p class=\"whitespace-pre-wrap\">\u00c0 mesure que les \u00c9gyptiens b\u00e2tissaient leur civilisation, leurs connaissances g\u00e9om\u00e9triques se d\u00e9velopp\u00e8rent. Ils construisirent des structures monumentales comme les pyramides et les temples, utilisant les principes des angles droits et des proportions.<\/p>\n<p class=\"whitespace-pre-wrap\">La corde, un outil simple, est devenue le symbole de leur puissance intellectuelle et les pr\u00e9mices d&rsquo;une science math\u00e9matique qui allait traverser les \u00e2ges. En r\u00e9solvant des probl\u00e8mes concrets d&rsquo;arpentage, les anciens \u00c9gyptiens ont fait germer une discipline aux ramifications infinies.<\/p>\n<figure id=\"attachment_2999\" aria-describedby=\"caption-attachment-2999\" style=\"width: 1344px\" class=\"wp-caption alignnone\"><img loading=\"lazy\" decoding=\"async\" class=\"size-full wp-image-2999\" src=\"https:\/\/lesminis.fr\/blog\/wp-content\/uploads\/2024\/02\/Levolution-des-connaissances-geometriques-4.jpg\" alt=\"L'\u00e9volution des connaissances g\u00e9om\u00e9triques\" width=\"1344\" height=\"768\" srcset=\"https:\/\/lesminis.fr\/blog\/wp-content\/uploads\/2024\/02\/Levolution-des-connaissances-geometriques-4.jpg 1344w, https:\/\/lesminis.fr\/blog\/wp-content\/uploads\/2024\/02\/Levolution-des-connaissances-geometriques-4-300x171.jpg 300w, https:\/\/lesminis.fr\/blog\/wp-content\/uploads\/2024\/02\/Levolution-des-connaissances-geometriques-4-1024x585.jpg 1024w, https:\/\/lesminis.fr\/blog\/wp-content\/uploads\/2024\/02\/Levolution-des-connaissances-geometriques-4-768x439.jpg 768w, https:\/\/lesminis.fr\/blog\/wp-content\/uploads\/2024\/02\/Levolution-des-connaissances-geometriques-4-696x398.jpg 696w, https:\/\/lesminis.fr\/blog\/wp-content\/uploads\/2024\/02\/Levolution-des-connaissances-geometriques-4-1068x610.jpg 1068w\" sizes=\"auto, (max-width: 1344px) 100vw, 1344px\" \/><figcaption id=\"caption-attachment-2999\" class=\"wp-caption-text\">L&rsquo;\u00e9volution des connaissances g\u00e9om\u00e9triques<\/figcaption><\/figure>\n<p class=\"whitespace-pre-wrap\">De g\u00e9n\u00e9ration en g\u00e9n\u00e9ration, les harpenodapta ont peaufin\u00e9 leur art, transmettant leur savoir-faire ancestral. La g\u00e9om\u00e9trie est ainsi pass\u00e9e du statut d&rsquo;outil pratique \u00e0 celui de science fondamentale. Elle a permis aux \u00c9gyptiens d&rsquo;assouvir leur soif de connaissances en concevant des \u00e9difices grandioses.<\/p>\n<p class=\"whitespace-pre-wrap\">Aujourd&rsquo;hui, la g\u00e9om\u00e9trie poursuit son \u00e9volution fulgurante, ouvrant la voie \u00e0 des domaines de pointe comme la g\u00e9om\u00e9trie fractale ou la g\u00e9om\u00e9trie computationnelle. Mais elle n&rsquo;oublie pas ses origines lointaines, celles d&rsquo;une simple corde nou\u00e9e entre les doigts de ces g\u00e9om\u00e8tres d&rsquo;un autre temps &#8211; les harpenodapta.<\/p>\n<h2><span class=\"ez-toc-section\" id=\"Lheritage_des_harpenodapta\"><\/span>L&rsquo;h\u00e9ritage des harpenodapta<span class=\"ez-toc-section-end\"><\/span><\/h2>\n<p class=\"whitespace-pre-wrap\">L&rsquo;h\u00e9ritage des harpenodapta est grav\u00e9 dans le nom m\u00eame de la g\u00e9om\u00e9trie. Leur travail m\u00e9ticuleux d&rsquo;\u00e9tirement de cordes pour mesurer la surface de la terre fut \u00e0 l&rsquo;origine d&rsquo;un champ d&rsquo;\u00e9tude qui allait explorer les formes, les tailles et les espaces qui d\u00e9finissent notre monde.<\/p>\n<p class=\"whitespace-pre-wrap\">L&rsquo;histoire de la g\u00e9om\u00e9trie t\u00e9moigne de la capacit\u00e9 de l&rsquo;esprit humain \u00e0 trouver ordre et beaut\u00e9 dans le monde naturel. En transformant un geste utilitaire en qu\u00eate de savoir universel, les harpenodapta illustrent parfaitement cette soif intarissable de comprendre l&rsquo;essence des choses.<\/p>\n<figure id=\"attachment_3000\" aria-describedby=\"caption-attachment-3000\" style=\"width: 1344px\" class=\"wp-caption alignnone\"><img loading=\"lazy\" decoding=\"async\" class=\"size-full wp-image-3000\" src=\"https:\/\/lesminis.fr\/blog\/wp-content\/uploads\/2024\/02\/Lheritage-des-harpenodapta-5.jpg\" alt=\"L'h\u00e9ritage des harpenodapta\" width=\"1344\" height=\"768\" srcset=\"https:\/\/lesminis.fr\/blog\/wp-content\/uploads\/2024\/02\/Lheritage-des-harpenodapta-5.jpg 1344w, https:\/\/lesminis.fr\/blog\/wp-content\/uploads\/2024\/02\/Lheritage-des-harpenodapta-5-300x171.jpg 300w, https:\/\/lesminis.fr\/blog\/wp-content\/uploads\/2024\/02\/Lheritage-des-harpenodapta-5-1024x585.jpg 1024w, https:\/\/lesminis.fr\/blog\/wp-content\/uploads\/2024\/02\/Lheritage-des-harpenodapta-5-768x439.jpg 768w, https:\/\/lesminis.fr\/blog\/wp-content\/uploads\/2024\/02\/Lheritage-des-harpenodapta-5-696x398.jpg 696w, https:\/\/lesminis.fr\/blog\/wp-content\/uploads\/2024\/02\/Lheritage-des-harpenodapta-5-1068x610.jpg 1068w\" sizes=\"auto, (max-width: 1344px) 100vw, 1344px\" \/><figcaption id=\"caption-attachment-3000\" class=\"wp-caption-text\">L&rsquo;h\u00e9ritage des harpenodapta<\/figcaption><\/figure>\n<p class=\"whitespace-pre-wrap\">Des rives fertiles du Nil aux salles de classe modernes, leur esprit pionnier traverse les \u00e2ges. Les <strong>arpenteurs<\/strong> sont les h\u00e9ritiers des <strong>harpenodapta<\/strong>. Nous poursuivons ce voyage passionnant dans le monde fascinant des formes g\u00e9om\u00e9triques. Un monde qui n&rsquo;aurait jamais vu le jour sans l&rsquo;ing\u00e9niosit\u00e9 de ces arpenteurs d&rsquo;un autre temps.<\/p>\n<p class=\"whitespace-pre-wrap\">Alors la prochaine fois que vous croiserez le mot \u00ab\u00a0g\u00e9om\u00e9trie\u00a0\u00bb, ayez une pens\u00e9e pour ces scientifiques ! Leur curiosit\u00e9 sans limite a fait jaillir une \u00e9tincelle, devenue au fil des si\u00e8cles, un formidable embrasement des esprits : la g\u00e9om\u00e9trie.<\/p>\n<blockquote class=\"wp-embedded-content\" data-secret=\"1asFpCYbkS\"><p><a href=\"https:\/\/lesminis.fr\/blog\/origine-geometrie-grand-recit-montessori\/\">Grande histoire Montessori : L&rsquo;Odyss\u00e9e de la G\u00e9om\u00e9trie depuis l&rsquo;\u00c9gypte Antique.<\/a><\/p><\/blockquote>\n<p><iframe loading=\"lazy\" class=\"wp-embedded-content\" sandbox=\"allow-scripts\" security=\"restricted\" style=\"position: absolute; clip: rect(1px, 1px, 1px, 1px);\" title=\"\u00ab\u00a0Grande histoire Montessori : L&rsquo;Odyss\u00e9e de la G\u00e9om\u00e9trie depuis l&rsquo;\u00c9gypte Antique.\u00a0\u00bb &#8212; LesMinis Le Blog - Mat\u00e9riels \u00e9ducatifs - Figurines p\u00e9dagogiques\" src=\"https:\/\/lesminis.fr\/blog\/origine-geometrie-grand-recit-montessori\/embed\/#?secret=iyKMBir3CP#?secret=1asFpCYbkS\" data-secret=\"1asFpCYbkS\" width=\"600\" height=\"338\" frameborder=\"0\" marginwidth=\"0\" marginheight=\"0\" scrolling=\"no\"><\/iframe><\/p>\n","protected":false},"excerpt":{"rendered":"<p>Muni de ses cordes nou\u00e9es, le harpenodapta s&rsquo;attelle donc \u00e0 mesurer m\u00e9ticuleusement les terres apr\u00e8s chaque crue du Nil. Pour d\u00e9limiter des parcelles, il forme g\u00e9n\u00e9ralement des triangles rectangles \u00e0 l&rsquo;aide de ses outils. Bien qu&rsquo;ils l&rsquo;ignorent \u00e0 l&rsquo;\u00e9poque, les harpenodapta sont ainsi les premiers g\u00e9om\u00e8tres de l&rsquo;Histoire !<\/p>\n","protected":false},"author":1,"featured_media":3001,"comment_status":"open","ping_status":"closed","sticky":false,"template":"","format":"standard","meta":{"_acf_changed":false,"footnotes":""},"categories":[105],"tags":[917,364,918,345,288,760,919],"class_list":{"0":"post-2995","1":"post","2":"type-post","3":"status-publish","4":"format-standard","5":"has-post-thumbnail","7":"category-minispedago-predagogie-montessori-activites-developpement","8":"tag-egypte","9":"tag-geometrie","10":"tag-harpenodapta","11":"tag-histoire","12":"tag-mathematiques","13":"tag-nil","14":"tag-origine"},"acf":[],"yoast_head":"<!-- This site is optimized with the Yoast SEO Premium plugin v27.5 (Yoast SEO v27.5) - https:\/\/yoast.com\/product\/yoast-seo-premium-wordpress\/ -->\n<title>Comment la g\u00e9om\u00e9trie a eu son nom : l&#039;incroyable histoire des harpenodapta, une histoire de Maria Montessori.<\/title>\n<meta name=\"description\" content=\"Saviez-vous que la g\u00e9om\u00e9trie trouve ses origines dans l&#039;Egypte antique gr\u00e2ce aux harpenodapta, ces myst\u00e9rieux &quot;tendeurs de corde&quot; ? Plong\u00e9e dans une histoire m\u00e9connue aux ramifications infinies.\" \/>\n<meta name=\"robots\" content=\"index, follow, max-snippet:-1, max-image-preview:large, max-video-preview:-1\" \/>\n<link rel=\"canonical\" href=\"https:\/\/lesminis.fr\/blog\/origine-geometrie-harpenodapta-grand-recit-montessori\/\" \/>\n<meta property=\"og:locale\" content=\"fr_FR\" \/>\n<meta property=\"og:type\" content=\"article\" \/>\n<meta property=\"og:title\" content=\"Comment la g\u00e9om\u00e9trie a eu son nom : une histoire de Maria Montessori\" \/>\n<meta property=\"og:description\" content=\"Saviez-vous que la g\u00e9om\u00e9trie trouve ses origines dans l&#039;Egypte antique gr\u00e2ce aux harpenodapta, ces myst\u00e9rieux &quot;tendeurs de corde&quot; ? Plong\u00e9e dans une histoire m\u00e9connue aux ramifications infinies.\" \/>\n<meta property=\"og:url\" content=\"https:\/\/lesminis.fr\/blog\/origine-geometrie-harpenodapta-grand-recit-montessori\/\" \/>\n<meta property=\"og:site_name\" content=\"LesMinis Le Blog - Mat\u00e9riels \u00e9ducatifs - Figurines p\u00e9dagogiques\" \/>\n<meta property=\"article:publisher\" content=\"https:\/\/fr-fr.facebook.com\/LesMinis.fr\/\" \/>\n<meta property=\"article:author\" content=\"https:\/\/www.facebook.com\/LesMinis.fr\/\" \/>\n<meta property=\"article:published_time\" content=\"2024-02-23T08:00:03+00:00\" \/>\n<meta property=\"article:modified_time\" content=\"2024-02-23T15:46:16+00:00\" \/>\n<meta property=\"og:image\" content=\"https:\/\/lesminis.fr\/blog\/wp-content\/uploads\/2024\/02\/Lheritage-durable-des-harpenodapta-2.jpg\" \/>\n\t<meta property=\"og:image:width\" content=\"1344\" \/>\n\t<meta property=\"og:image:height\" content=\"768\" \/>\n\t<meta property=\"og:image:type\" content=\"image\/jpeg\" \/>\n<meta name=\"author\" content=\"LesMinis\" \/>\n<meta name=\"twitter:label1\" content=\"\u00c9crit par\" \/>\n\t<meta name=\"twitter:data1\" content=\"LesMinis\" \/>\n\t<meta name=\"twitter:label2\" content=\"Dur\u00e9e de lecture estim\u00e9e\" \/>\n\t<meta name=\"twitter:data2\" content=\"7 minutes\" \/>\n<script type=\"application\/ld+json\" class=\"yoast-schema-graph\">{\"@context\":\"https:\\\/\\\/schema.org\",\"@graph\":[{\"@type\":[\"Article\",\"BlogPosting\"],\"@id\":\"https:\\\/\\\/lesminis.fr\\\/blog\\\/origine-geometrie-harpenodapta-grand-recit-montessori\\\/#article\",\"isPartOf\":{\"@id\":\"https:\\\/\\\/lesminis.fr\\\/blog\\\/origine-geometrie-harpenodapta-grand-recit-montessori\\\/\"},\"author\":{\"name\":\"LesMinis\",\"@id\":\"https:\\\/\\\/lesminis.fr\\\/blog\\\/#\\\/schema\\\/person\\\/4a1be8c8c70a7d945af71674957cf83e\"},\"headline\":\"Comment la g\u00e9om\u00e9trie a eu son nom : une histoire de Maria Montessori\",\"datePublished\":\"2024-02-23T08:00:03+00:00\",\"dateModified\":\"2024-02-23T15:46:16+00:00\",\"mainEntityOfPage\":{\"@id\":\"https:\\\/\\\/lesminis.fr\\\/blog\\\/origine-geometrie-harpenodapta-grand-recit-montessori\\\/\"},\"wordCount\":1197,\"commentCount\":0,\"publisher\":{\"@id\":\"https:\\\/\\\/lesminis.fr\\\/blog\\\/#organization\"},\"image\":{\"@id\":\"https:\\\/\\\/lesminis.fr\\\/blog\\\/origine-geometrie-harpenodapta-grand-recit-montessori\\\/#primaryimage\"},\"thumbnailUrl\":\"https:\\\/\\\/lesminis.fr\\\/blog\\\/wp-content\\\/uploads\\\/2024\\\/02\\\/Lheritage-durable-des-harpenodapta-2.jpg\",\"keywords\":[\"Egypte\",\"g\u00e9om\u00e9trie\",\"harpenodapta\",\"Histoire\",\"math\u00e9matiques\",\"nil\",\"origine\"],\"articleSection\":[\"MinisPedago \u2014 Montessori, p\u00e9dagogies alternatives &amp; d\u00e9veloppement de l\u2019enfant\"],\"inLanguage\":\"fr-FR\",\"potentialAction\":[{\"@type\":\"CommentAction\",\"name\":\"Comment\",\"target\":[\"https:\\\/\\\/lesminis.fr\\\/blog\\\/origine-geometrie-harpenodapta-grand-recit-montessori\\\/#respond\"]}]},{\"@type\":\"WebPage\",\"@id\":\"https:\\\/\\\/lesminis.fr\\\/blog\\\/origine-geometrie-harpenodapta-grand-recit-montessori\\\/\",\"url\":\"https:\\\/\\\/lesminis.fr\\\/blog\\\/origine-geometrie-harpenodapta-grand-recit-montessori\\\/\",\"name\":\"Comment la g\u00e9om\u00e9trie a eu son nom : l'incroyable histoire des harpenodapta, une histoire de Maria Montessori.\",\"isPartOf\":{\"@id\":\"https:\\\/\\\/lesminis.fr\\\/blog\\\/#website\"},\"primaryImageOfPage\":{\"@id\":\"https:\\\/\\\/lesminis.fr\\\/blog\\\/origine-geometrie-harpenodapta-grand-recit-montessori\\\/#primaryimage\"},\"image\":{\"@id\":\"https:\\\/\\\/lesminis.fr\\\/blog\\\/origine-geometrie-harpenodapta-grand-recit-montessori\\\/#primaryimage\"},\"thumbnailUrl\":\"https:\\\/\\\/lesminis.fr\\\/blog\\\/wp-content\\\/uploads\\\/2024\\\/02\\\/Lheritage-durable-des-harpenodapta-2.jpg\",\"datePublished\":\"2024-02-23T08:00:03+00:00\",\"dateModified\":\"2024-02-23T15:46:16+00:00\",\"description\":\"Saviez-vous que la g\u00e9om\u00e9trie trouve ses origines dans l'Egypte antique gr\u00e2ce aux harpenodapta, ces myst\u00e9rieux \\\"tendeurs de corde\\\" ? Plong\u00e9e dans une histoire m\u00e9connue aux ramifications infinies.\",\"breadcrumb\":{\"@id\":\"https:\\\/\\\/lesminis.fr\\\/blog\\\/origine-geometrie-harpenodapta-grand-recit-montessori\\\/#breadcrumb\"},\"inLanguage\":\"fr-FR\",\"potentialAction\":[{\"@type\":\"ReadAction\",\"target\":[\"https:\\\/\\\/lesminis.fr\\\/blog\\\/origine-geometrie-harpenodapta-grand-recit-montessori\\\/\"]}]},{\"@type\":\"ImageObject\",\"inLanguage\":\"fr-FR\",\"@id\":\"https:\\\/\\\/lesminis.fr\\\/blog\\\/origine-geometrie-harpenodapta-grand-recit-montessori\\\/#primaryimage\",\"url\":\"https:\\\/\\\/lesminis.fr\\\/blog\\\/wp-content\\\/uploads\\\/2024\\\/02\\\/Lheritage-durable-des-harpenodapta-2.jpg\",\"contentUrl\":\"https:\\\/\\\/lesminis.fr\\\/blog\\\/wp-content\\\/uploads\\\/2024\\\/02\\\/Lheritage-durable-des-harpenodapta-2.jpg\",\"width\":1344,\"height\":768,\"caption\":\"Comment la g\u00e9om\u00e9trie a eu son nom\"},{\"@type\":\"BreadcrumbList\",\"@id\":\"https:\\\/\\\/lesminis.fr\\\/blog\\\/origine-geometrie-harpenodapta-grand-recit-montessori\\\/#breadcrumb\",\"itemListElement\":[{\"@type\":\"ListItem\",\"position\":1,\"name\":\"Accueil\",\"item\":\"https:\\\/\\\/lesminis.fr\\\/blog\\\/\"},{\"@type\":\"ListItem\",\"position\":2,\"name\":\"Comment la g\u00e9om\u00e9trie a eu son nom : une histoire de Maria Montessori\"}]},{\"@type\":\"WebSite\",\"@id\":\"https:\\\/\\\/lesminis.fr\\\/blog\\\/#website\",\"url\":\"https:\\\/\\\/lesminis.fr\\\/blog\\\/\",\"name\":\"LesMinis Le Blog - Mat\u00e9riels \u00e9ducatifs - Figurines p\u00e9dagogiques\",\"description\":\"D\u00e9couvrez notre actualit\u00e9, figurines, mat\u00e9riel \u00e9ducatif, activit\u00e9s Montessori\",\"publisher\":{\"@id\":\"https:\\\/\\\/lesminis.fr\\\/blog\\\/#organization\"},\"potentialAction\":[{\"@type\":\"SearchAction\",\"target\":{\"@type\":\"EntryPoint\",\"urlTemplate\":\"https:\\\/\\\/lesminis.fr\\\/blog\\\/?s={search_term_string}\"},\"query-input\":{\"@type\":\"PropertyValueSpecification\",\"valueRequired\":true,\"valueName\":\"search_term_string\"}}],\"inLanguage\":\"fr-FR\"},{\"@type\":\"Organization\",\"@id\":\"https:\\\/\\\/lesminis.fr\\\/blog\\\/#organization\",\"name\":\"LesMinis - Sp\u00e9cialiste mat\u00e9riel p\u00e9dagogiques - Figurines \u00e9ducatives - Mat\u00e9riel Montessori\",\"url\":\"https:\\\/\\\/lesminis.fr\\\/blog\\\/\",\"logo\":{\"@type\":\"ImageObject\",\"inLanguage\":\"fr-FR\",\"@id\":\"https:\\\/\\\/lesminis.fr\\\/blog\\\/#\\\/schema\\\/logo\\\/image\\\/\",\"url\":\"https:\\\/\\\/lesminis.fr\\\/blog\\\/wp-content\\\/uploads\\\/2023\\\/03\\\/nouveau-logo-lesminis.png\",\"contentUrl\":\"https:\\\/\\\/lesminis.fr\\\/blog\\\/wp-content\\\/uploads\\\/2023\\\/03\\\/nouveau-logo-lesminis.png\",\"width\":500,\"height\":175,\"caption\":\"LesMinis - Sp\u00e9cialiste mat\u00e9riel p\u00e9dagogiques - Figurines \u00e9ducatives - Mat\u00e9riel Montessori\"},\"image\":{\"@id\":\"https:\\\/\\\/lesminis.fr\\\/blog\\\/#\\\/schema\\\/logo\\\/image\\\/\"},\"sameAs\":[\"https:\\\/\\\/fr-fr.facebook.com\\\/LesMinis.fr\\\/\",\"https:\\\/\\\/www.instagram.com\\\/lesminis.fr\\\/\",\"https:\\\/\\\/www.tiktok.com\\\/@lesminis.fr\",\"https:\\\/\\\/www.pinterest.fr\\\/lesminisfr\\\/\"]},{\"@type\":\"Person\",\"@id\":\"https:\\\/\\\/lesminis.fr\\\/blog\\\/#\\\/schema\\\/person\\\/4a1be8c8c70a7d945af71674957cf83e\",\"name\":\"LesMinis\",\"image\":{\"@type\":\"ImageObject\",\"inLanguage\":\"fr-FR\",\"@id\":\"https:\\\/\\\/secure.gravatar.com\\\/avatar\\\/288cd93d352b3465f2bd0701b1f2bb059b68dc3a70c4fda061bad8e6c9f8d865?s=96&d=blank&r=g\",\"url\":\"https:\\\/\\\/secure.gravatar.com\\\/avatar\\\/288cd93d352b3465f2bd0701b1f2bb059b68dc3a70c4fda061bad8e6c9f8d865?s=96&d=blank&r=g\",\"contentUrl\":\"https:\\\/\\\/secure.gravatar.com\\\/avatar\\\/288cd93d352b3465f2bd0701b1f2bb059b68dc3a70c4fda061bad8e6c9f8d865?s=96&d=blank&r=g\",\"caption\":\"LesMinis\"},\"sameAs\":[\"https:\\\/\\\/lesminis.fr\\\/blog\",\"https:\\\/\\\/www.facebook.com\\\/LesMinis.fr\\\/\",\"https:\\\/\\\/www.instagram.com\\\/lesminis.fr\\\/\",\"https:\\\/\\\/www.pinterest.fr\\\/lesminisfr\\\/\"],\"url\":\"https:\\\/\\\/lesminis.fr\\\/blog\\\/author\\\/lesminis\\\/\"}]}<\/script>\n<!-- \/ Yoast SEO Premium plugin. -->","yoast_head_json":{"title":"Comment la g\u00e9om\u00e9trie a eu son nom : l'incroyable histoire des harpenodapta, une histoire de Maria Montessori.","description":"Saviez-vous que la g\u00e9om\u00e9trie trouve ses origines dans l'Egypte antique gr\u00e2ce aux harpenodapta, ces myst\u00e9rieux \"tendeurs de corde\" ? Plong\u00e9e dans une histoire m\u00e9connue aux ramifications infinies.","robots":{"index":"index","follow":"follow","max-snippet":"max-snippet:-1","max-image-preview":"max-image-preview:large","max-video-preview":"max-video-preview:-1"},"canonical":"https:\/\/lesminis.fr\/blog\/origine-geometrie-harpenodapta-grand-recit-montessori\/","og_locale":"fr_FR","og_type":"article","og_title":"Comment la g\u00e9om\u00e9trie a eu son nom : une histoire de Maria Montessori","og_description":"Saviez-vous que la g\u00e9om\u00e9trie trouve ses origines dans l'Egypte antique gr\u00e2ce aux harpenodapta, ces myst\u00e9rieux \"tendeurs de corde\" ? Plong\u00e9e dans une histoire m\u00e9connue aux ramifications infinies.","og_url":"https:\/\/lesminis.fr\/blog\/origine-geometrie-harpenodapta-grand-recit-montessori\/","og_site_name":"LesMinis Le Blog - Mat\u00e9riels \u00e9ducatifs - Figurines p\u00e9dagogiques","article_publisher":"https:\/\/fr-fr.facebook.com\/LesMinis.fr\/","article_author":"https:\/\/www.facebook.com\/LesMinis.fr\/","article_published_time":"2024-02-23T08:00:03+00:00","article_modified_time":"2024-02-23T15:46:16+00:00","og_image":[{"width":1344,"height":768,"url":"https:\/\/lesminis.fr\/blog\/wp-content\/uploads\/2024\/02\/Lheritage-durable-des-harpenodapta-2.jpg","type":"image\/jpeg"}],"author":"LesMinis","twitter_misc":{"\u00c9crit par":"LesMinis","Dur\u00e9e de lecture estim\u00e9e":"7 minutes"},"schema":{"@context":"https:\/\/schema.org","@graph":[{"@type":["Article","BlogPosting"],"@id":"https:\/\/lesminis.fr\/blog\/origine-geometrie-harpenodapta-grand-recit-montessori\/#article","isPartOf":{"@id":"https:\/\/lesminis.fr\/blog\/origine-geometrie-harpenodapta-grand-recit-montessori\/"},"author":{"name":"LesMinis","@id":"https:\/\/lesminis.fr\/blog\/#\/schema\/person\/4a1be8c8c70a7d945af71674957cf83e"},"headline":"Comment la g\u00e9om\u00e9trie a eu son nom : une histoire de Maria Montessori","datePublished":"2024-02-23T08:00:03+00:00","dateModified":"2024-02-23T15:46:16+00:00","mainEntityOfPage":{"@id":"https:\/\/lesminis.fr\/blog\/origine-geometrie-harpenodapta-grand-recit-montessori\/"},"wordCount":1197,"commentCount":0,"publisher":{"@id":"https:\/\/lesminis.fr\/blog\/#organization"},"image":{"@id":"https:\/\/lesminis.fr\/blog\/origine-geometrie-harpenodapta-grand-recit-montessori\/#primaryimage"},"thumbnailUrl":"https:\/\/lesminis.fr\/blog\/wp-content\/uploads\/2024\/02\/Lheritage-durable-des-harpenodapta-2.jpg","keywords":["Egypte","g\u00e9om\u00e9trie","harpenodapta","Histoire","math\u00e9matiques","nil","origine"],"articleSection":["MinisPedago \u2014 Montessori, p\u00e9dagogies alternatives &amp; d\u00e9veloppement de l\u2019enfant"],"inLanguage":"fr-FR","potentialAction":[{"@type":"CommentAction","name":"Comment","target":["https:\/\/lesminis.fr\/blog\/origine-geometrie-harpenodapta-grand-recit-montessori\/#respond"]}]},{"@type":"WebPage","@id":"https:\/\/lesminis.fr\/blog\/origine-geometrie-harpenodapta-grand-recit-montessori\/","url":"https:\/\/lesminis.fr\/blog\/origine-geometrie-harpenodapta-grand-recit-montessori\/","name":"Comment la g\u00e9om\u00e9trie a eu son nom : l'incroyable histoire des harpenodapta, une histoire de Maria Montessori.","isPartOf":{"@id":"https:\/\/lesminis.fr\/blog\/#website"},"primaryImageOfPage":{"@id":"https:\/\/lesminis.fr\/blog\/origine-geometrie-harpenodapta-grand-recit-montessori\/#primaryimage"},"image":{"@id":"https:\/\/lesminis.fr\/blog\/origine-geometrie-harpenodapta-grand-recit-montessori\/#primaryimage"},"thumbnailUrl":"https:\/\/lesminis.fr\/blog\/wp-content\/uploads\/2024\/02\/Lheritage-durable-des-harpenodapta-2.jpg","datePublished":"2024-02-23T08:00:03+00:00","dateModified":"2024-02-23T15:46:16+00:00","description":"Saviez-vous que la g\u00e9om\u00e9trie trouve ses origines dans l'Egypte antique gr\u00e2ce aux harpenodapta, ces myst\u00e9rieux \"tendeurs de corde\" ? Plong\u00e9e dans une histoire m\u00e9connue aux ramifications infinies.","breadcrumb":{"@id":"https:\/\/lesminis.fr\/blog\/origine-geometrie-harpenodapta-grand-recit-montessori\/#breadcrumb"},"inLanguage":"fr-FR","potentialAction":[{"@type":"ReadAction","target":["https:\/\/lesminis.fr\/blog\/origine-geometrie-harpenodapta-grand-recit-montessori\/"]}]},{"@type":"ImageObject","inLanguage":"fr-FR","@id":"https:\/\/lesminis.fr\/blog\/origine-geometrie-harpenodapta-grand-recit-montessori\/#primaryimage","url":"https:\/\/lesminis.fr\/blog\/wp-content\/uploads\/2024\/02\/Lheritage-durable-des-harpenodapta-2.jpg","contentUrl":"https:\/\/lesminis.fr\/blog\/wp-content\/uploads\/2024\/02\/Lheritage-durable-des-harpenodapta-2.jpg","width":1344,"height":768,"caption":"Comment la g\u00e9om\u00e9trie a eu son nom"},{"@type":"BreadcrumbList","@id":"https:\/\/lesminis.fr\/blog\/origine-geometrie-harpenodapta-grand-recit-montessori\/#breadcrumb","itemListElement":[{"@type":"ListItem","position":1,"name":"Accueil","item":"https:\/\/lesminis.fr\/blog\/"},{"@type":"ListItem","position":2,"name":"Comment la g\u00e9om\u00e9trie a eu son nom : une histoire de Maria Montessori"}]},{"@type":"WebSite","@id":"https:\/\/lesminis.fr\/blog\/#website","url":"https:\/\/lesminis.fr\/blog\/","name":"LesMinis Le Blog - Mat\u00e9riels \u00e9ducatifs - Figurines p\u00e9dagogiques","description":"D\u00e9couvrez notre actualit\u00e9, figurines, mat\u00e9riel \u00e9ducatif, activit\u00e9s Montessori","publisher":{"@id":"https:\/\/lesminis.fr\/blog\/#organization"},"potentialAction":[{"@type":"SearchAction","target":{"@type":"EntryPoint","urlTemplate":"https:\/\/lesminis.fr\/blog\/?s={search_term_string}"},"query-input":{"@type":"PropertyValueSpecification","valueRequired":true,"valueName":"search_term_string"}}],"inLanguage":"fr-FR"},{"@type":"Organization","@id":"https:\/\/lesminis.fr\/blog\/#organization","name":"LesMinis - Sp\u00e9cialiste mat\u00e9riel p\u00e9dagogiques - Figurines \u00e9ducatives - Mat\u00e9riel Montessori","url":"https:\/\/lesminis.fr\/blog\/","logo":{"@type":"ImageObject","inLanguage":"fr-FR","@id":"https:\/\/lesminis.fr\/blog\/#\/schema\/logo\/image\/","url":"https:\/\/lesminis.fr\/blog\/wp-content\/uploads\/2023\/03\/nouveau-logo-lesminis.png","contentUrl":"https:\/\/lesminis.fr\/blog\/wp-content\/uploads\/2023\/03\/nouveau-logo-lesminis.png","width":500,"height":175,"caption":"LesMinis - Sp\u00e9cialiste mat\u00e9riel p\u00e9dagogiques - Figurines \u00e9ducatives - Mat\u00e9riel Montessori"},"image":{"@id":"https:\/\/lesminis.fr\/blog\/#\/schema\/logo\/image\/"},"sameAs":["https:\/\/fr-fr.facebook.com\/LesMinis.fr\/","https:\/\/www.instagram.com\/lesminis.fr\/","https:\/\/www.tiktok.com\/@lesminis.fr","https:\/\/www.pinterest.fr\/lesminisfr\/"]},{"@type":"Person","@id":"https:\/\/lesminis.fr\/blog\/#\/schema\/person\/4a1be8c8c70a7d945af71674957cf83e","name":"LesMinis","image":{"@type":"ImageObject","inLanguage":"fr-FR","@id":"https:\/\/secure.gravatar.com\/avatar\/288cd93d352b3465f2bd0701b1f2bb059b68dc3a70c4fda061bad8e6c9f8d865?s=96&d=blank&r=g","url":"https:\/\/secure.gravatar.com\/avatar\/288cd93d352b3465f2bd0701b1f2bb059b68dc3a70c4fda061bad8e6c9f8d865?s=96&d=blank&r=g","contentUrl":"https:\/\/secure.gravatar.com\/avatar\/288cd93d352b3465f2bd0701b1f2bb059b68dc3a70c4fda061bad8e6c9f8d865?s=96&d=blank&r=g","caption":"LesMinis"},"sameAs":["https:\/\/lesminis.fr\/blog","https:\/\/www.facebook.com\/LesMinis.fr\/","https:\/\/www.instagram.com\/lesminis.fr\/","https:\/\/www.pinterest.fr\/lesminisfr\/"],"url":"https:\/\/lesminis.fr\/blog\/author\/lesminis\/"}]}},"_links":{"self":[{"href":"https:\/\/lesminis.fr\/blog\/wp-json\/wp\/v2\/posts\/2995","targetHints":{"allow":["GET"]}}],"collection":[{"href":"https:\/\/lesminis.fr\/blog\/wp-json\/wp\/v2\/posts"}],"about":[{"href":"https:\/\/lesminis.fr\/blog\/wp-json\/wp\/v2\/types\/post"}],"author":[{"embeddable":true,"href":"https:\/\/lesminis.fr\/blog\/wp-json\/wp\/v2\/users\/1"}],"replies":[{"embeddable":true,"href":"https:\/\/lesminis.fr\/blog\/wp-json\/wp\/v2\/comments?post=2995"}],"version-history":[{"count":3,"href":"https:\/\/lesminis.fr\/blog\/wp-json\/wp\/v2\/posts\/2995\/revisions"}],"predecessor-version":[{"id":3065,"href":"https:\/\/lesminis.fr\/blog\/wp-json\/wp\/v2\/posts\/2995\/revisions\/3065"}],"wp:featuredmedia":[{"embeddable":true,"href":"https:\/\/lesminis.fr\/blog\/wp-json\/wp\/v2\/media\/3001"}],"wp:attachment":[{"href":"https:\/\/lesminis.fr\/blog\/wp-json\/wp\/v2\/media?parent=2995"}],"wp:term":[{"taxonomy":"category","embeddable":true,"href":"https:\/\/lesminis.fr\/blog\/wp-json\/wp\/v2\/categories?post=2995"},{"taxonomy":"post_tag","embeddable":true,"href":"https:\/\/lesminis.fr\/blog\/wp-json\/wp\/v2\/tags?post=2995"}],"curies":[{"name":"wp","href":"https:\/\/api.w.org\/{rel}","templated":true}]}}