{"id":2808,"date":"2024-02-25T10:53:00","date_gmt":"2024-02-25T09:53:00","guid":{"rendered":"https:\/\/lesminis.fr\/blog\/?p=2808"},"modified":"2024-03-31T15:48:30","modified_gmt":"2024-03-31T14:48:30","slug":"decouverte-singe-nasique","status":"publish","type":"post","link":"https:\/\/lesminis.fr\/blog\/decouverte-singe-nasique\/","title":{"rendered":"Le Myst\u00e9rieux Singe Nasique : Un Nez Pas Comme Les Autres"},"content":{"rendered":"<div id=\"ez-toc-container\" class=\"ez-toc-v2_0_78 counter-hierarchy ez-toc-counter ez-toc-grey ez-toc-container-direction\">\n<div class=\"ez-toc-title-container\">\n<p class=\"ez-toc-title\" style=\"cursor:inherit\">Table of Contents<\/p>\n<span class=\"ez-toc-title-toggle\"><a href=\"#\" class=\"ez-toc-pull-right ez-toc-btn ez-toc-btn-xs ez-toc-btn-default ez-toc-toggle\" aria-label=\"Toggle Table of Content\"><span class=\"ez-toc-js-icon-con\"><span class=\"\"><span class=\"eztoc-hide\" style=\"display:none;\">Toggle<\/span><span class=\"ez-toc-icon-toggle-span\"><svg style=\"fill: #999;color:#999\" xmlns=\"http:\/\/www.w3.org\/2000\/svg\" class=\"list-377408\" width=\"20px\" height=\"20px\" viewBox=\"0 0 24 24\" fill=\"none\"><path d=\"M6 6H4v2h2V6zm14 0H8v2h12V6zM4 11h2v2H4v-2zm16 0H8v2h12v-2zM4 16h2v2H4v-2zm16 0H8v2h12v-2z\" fill=\"currentColor\"><\/path><\/svg><svg style=\"fill: #999;color:#999\" class=\"arrow-unsorted-368013\" xmlns=\"http:\/\/www.w3.org\/2000\/svg\" width=\"10px\" height=\"10px\" viewBox=\"0 0 24 24\" version=\"1.2\" baseProfile=\"tiny\"><path d=\"M18.2 9.3l-6.2-6.3-6.2 6.3c-.2.2-.3.4-.3.7s.1.5.3.7c.2.2.4.3.7.3h11c.3 0 .5-.1.7-.3.2-.2.3-.5.3-.7s-.1-.5-.3-.7zM5.8 14.7l6.2 6.3 6.2-6.3c.2-.2.3-.5.3-.7s-.1-.5-.3-.7c-.2-.2-.4-.3-.7-.3h-11c-.3 0-.5.1-.7.3-.2.2-.3.5-.3.7s.1.5.3.7z\"\/><\/svg><\/span><\/span><\/span><\/a><\/span><\/div>\n<nav><ul class='ez-toc-list ez-toc-list-level-1 ' ><li class='ez-toc-page-1 ez-toc-heading-level-3'><a class=\"ez-toc-link ez-toc-heading-1\" href=\"https:\/\/lesminis.fr\/blog\/decouverte-singe-nasique\/#Qui_est_le_Singe_Nasique\" >Qui est le Singe Nasique ?<\/a><\/li><li class='ez-toc-page-1 ez-toc-heading-level-3'><a class=\"ez-toc-link ez-toc-heading-2\" href=\"https:\/\/lesminis.fr\/blog\/decouverte-singe-nasique\/#2_A_quoi_ressemble-t-il\" >2. \u00c0 quoi ressemble-t-il ?<\/a><\/li><li class='ez-toc-page-1 ez-toc-heading-level-3'><a class=\"ez-toc-link ez-toc-heading-3\" href=\"https:\/\/lesminis.fr\/blog\/decouverte-singe-nasique\/#3_Que_mange-t-il\" >3. Que mange-t-il ?<\/a><\/li><li class='ez-toc-page-1 ez-toc-heading-level-3'><a class=\"ez-toc-link ez-toc-heading-4\" href=\"https:\/\/lesminis.fr\/blog\/decouverte-singe-nasique\/#4_Ou_vit-il\" >4. O\u00f9 vit-il ?<\/a><\/li><li class='ez-toc-page-1 ez-toc-heading-level-3'><a class=\"ez-toc-link ez-toc-heading-5\" href=\"https:\/\/lesminis.fr\/blog\/decouverte-singe-nasique\/#5_Les_Bebes_Nasiques\" >5. Les B\u00e9b\u00e9s Nasiques !<\/a><\/li><li class='ez-toc-page-1 ez-toc-heading-level-3'><a class=\"ez-toc-link ez-toc-heading-6\" href=\"https:\/\/lesminis.fr\/blog\/decouverte-singe-nasique\/#6_Pourquoi_est-il_important\" >6. Pourquoi est-il important ?<\/a><\/li><li class='ez-toc-page-1 ez-toc-heading-level-3'><a class=\"ez-toc-link ez-toc-heading-7\" href=\"https:\/\/lesminis.fr\/blog\/decouverte-singe-nasique\/#7_Menaces_et_Conservation\" >7. Menaces et Conservation<\/a><\/li><li class='ez-toc-page-1 ez-toc-heading-level-3'><a class=\"ez-toc-link ez-toc-heading-8\" href=\"https:\/\/lesminis.fr\/blog\/decouverte-singe-nasique\/#8_Pourquoi_devrions-nous_nous_en_soucier\" >8. Pourquoi devrions-nous nous en soucier ?<\/a><\/li><li class='ez-toc-page-1 ez-toc-heading-level-3'><a class=\"ez-toc-link ez-toc-heading-9\" href=\"https:\/\/lesminis.fr\/blog\/decouverte-singe-nasique\/#9_Figurines_de_Singe_Nasique\" >9. Figurines de Singe Nasique<\/a><\/li><\/ul><\/nav><\/div>\n<h3><span class=\"ez-toc-section\" id=\"Qui_est_le_Singe_Nasique\"><\/span>Qui est le Singe Nasique ?<span class=\"ez-toc-section-end\"><\/span><\/h3>\n<p>Imaginez un singe avec un nez si long et si unique qu&rsquo;on le surnomme le \u00ab\u00a0Pinocchio des for\u00eats\u00a0\u00bb ! C&rsquo;est le <strong>singe nasique<\/strong>, ou <strong>Nasalis larvatus<\/strong>, un habitant fascinant des for\u00eats tropicales de Born\u00e9o. Ce singe sp\u00e9cial attire l&rsquo;attention non seulement par son apparence, mais aussi par son mode de vie int\u00e9ressant.<\/p>\n<h3><span class=\"ez-toc-section\" id=\"2_A_quoi_ressemble-t-il\"><\/span>2. \u00c0 quoi ressemble-t-il ?<span class=\"ez-toc-section-end\"><\/span><\/h3>\n<p>Le <a href=\"https:\/\/lesminis.fr\/figurine-nasique-387176-mojo\/7256.html\">singe nasique<\/a> est c\u00e9l\u00e8bre pour son grand nez tombant, surtout chez les m\u00e2les, qui peut parfois mesurer jusqu&rsquo;\u00e0 7 centim\u00e8tres de long ! Les femelles et les jeunes ont aussi des nez pro\u00e9minents, mais beaucoup moins spectaculaires. Leur pelage est principalement de couleur rouille, avec une face plus p\u00e2le et un gros ventre, ce qui leur donne un air tout \u00e0 fait unique.<\/p>\n<h3><span class=\"ez-toc-section\" id=\"3_Que_mange-t-il\"><\/span>3. Que mange-t-il ?<span class=\"ez-toc-section-end\"><\/span><\/h3>\n<p>Ces singes sont de v\u00e9ritables v\u00e9g\u00e9tariens, pr\u00e9f\u00e9rant un menu compos\u00e9 principalement de feuilles, de fruits, de fleurs et de graines. Leur estomac complexe les aide \u00e0 dig\u00e9rer les feuilles, une partie importante de leur alimentation, ce qui n&rsquo;est pas une mince affaire !<\/p>\n<h3><span class=\"ez-toc-section\" id=\"4_Ou_vit-il\"><\/span>4. O\u00f9 vit-il ?<span class=\"ez-toc-section-end\"><\/span><\/h3>\n<p>Le singe nasique est un r\u00e9sident exclusif de l&rsquo;\u00eele de Born\u00e9o, en Asie du Sud-Est. Il aime les for\u00eats de mangroves, les mar\u00e9cages et les for\u00eats pluviales, o\u00f9 il passe la majeure partie de son temps dans les arbres, bien qu&rsquo;il soit aussi un excellent nageur.<\/p>\n<h3><span class=\"ez-toc-section\" id=\"5_Les_Bebes_Nasiques\"><\/span>5. Les B\u00e9b\u00e9s Nasiques !<span class=\"ez-toc-section-end\"><\/span><\/h3>\n<p>Les b\u00e9b\u00e9s nasiques sont accueillis dans le monde d&rsquo;une mani\u00e8re partag\u00e9e par de nombreux mammif\u00e8res. \u00c0 la naissance, un acte instinctif se produit. Les m\u00e8res nasiques, comme beaucoup d&rsquo;autres mammif\u00e8res, consomment le placenta. Cet acte, bien qu&rsquo;il puisse surprendre, est empli de sagesse naturelle. Il a pour but de r\u00e9cup\u00e9rer des nutriments et d&rsquo;assurer une meilleure r\u00e9cup\u00e9ration apr\u00e8s l&rsquo;accouchement. Plus encore, cela aide \u00e0 prot\u00e9ger le nouveau-n\u00e9 en \u00e9liminant les odeurs susceptibles d&rsquo;attirer les pr\u00e9dateurs.<\/p>\n<h3><span class=\"ez-toc-section\" id=\"6_Pourquoi_est-il_important\"><\/span>6. Pourquoi est-il important ?<span class=\"ez-toc-section-end\"><\/span><\/h3>\n<p>Le singe nasique joue un r\u00f4le crucial dans son \u00e9cosyst\u00e8me. En mangeant des fruits et en dispersant leurs graines, il aide \u00e0 la r\u00e9g\u00e9n\u00e9ration des for\u00eats. Sa pr\u00e9sence indique \u00e9galement la sant\u00e9 de son habitat, ce qui en fait un important indicateur \u00e9cologique.<\/p>\n<p><img loading=\"lazy\" decoding=\"async\" class=\"alignnone size-full wp-image-3069\" src=\"https:\/\/lesminis.fr\/blog\/wp-content\/uploads\/2024\/02\/2-1.png\" alt=\"Singe nasique arboricole Nasalis larvatus 2\" width=\"1080\" height=\"1080\" srcset=\"https:\/\/lesminis.fr\/blog\/wp-content\/uploads\/2024\/02\/2-1.png 1080w, https:\/\/lesminis.fr\/blog\/wp-content\/uploads\/2024\/02\/2-1-300x300.png 300w, https:\/\/lesminis.fr\/blog\/wp-content\/uploads\/2024\/02\/2-1-1024x1024.png 1024w, https:\/\/lesminis.fr\/blog\/wp-content\/uploads\/2024\/02\/2-1-150x150.png 150w, https:\/\/lesminis.fr\/blog\/wp-content\/uploads\/2024\/02\/2-1-768x768.png 768w, https:\/\/lesminis.fr\/blog\/wp-content\/uploads\/2024\/02\/2-1-696x696.png 696w, https:\/\/lesminis.fr\/blog\/wp-content\/uploads\/2024\/02\/2-1-1068x1068.png 1068w\" sizes=\"auto, (max-width: 1080px) 100vw, 1080px\" \/><\/p>\n<h3><span class=\"ez-toc-section\" id=\"7_Menaces_et_Conservation\"><\/span>7. Menaces et Conservation<span class=\"ez-toc-section-end\"><\/span><\/h3>\n<p>Malheureusement, le singe nasique est en danger. La d\u00e9forestation pour l&rsquo;agriculture, l&rsquo;exploitation foresti\u00e8re et l&rsquo;expansion urbaine d\u00e9truit son habitat naturel. La conservation de cet animal unique est essentielle, impliquant la protection de son habitat, la recherche et l&rsquo;\u00e9ducation du public sur son importance.<\/p>\n<h3><span class=\"ez-toc-section\" id=\"8_Pourquoi_devrions-nous_nous_en_soucier\"><\/span>8. Pourquoi devrions-nous nous en soucier ?<span class=\"ez-toc-section-end\"><\/span><\/h3>\n<p>Prot\u00e9ger le singe nasique, c&rsquo;est prot\u00e9ger toute une for\u00eat et ses habitants. Chaque esp\u00e8ce joue un r\u00f4le dans son \u00e9cosyst\u00e8me, et la perte d&rsquo;une seule peut avoir des effets en cascade. En apprenant \u00e0 conna\u00eetre et \u00e0 aimer ces cr\u00e9atures uniques, nous pouvons inspirer une nouvelle g\u00e9n\u00e9ration \u00e0 valoriser et \u00e0 prot\u00e9ger notre monde naturel.<\/p>\n<p><img loading=\"lazy\" decoding=\"async\" class=\"alignnone size-full wp-image-3070\" src=\"https:\/\/lesminis.fr\/blog\/wp-content\/uploads\/2024\/02\/3.png\" alt=\"Singe nasique arboricole Nasalis larvatus 3\" width=\"1080\" height=\"1080\" srcset=\"https:\/\/lesminis.fr\/blog\/wp-content\/uploads\/2024\/02\/3.png 1080w, https:\/\/lesminis.fr\/blog\/wp-content\/uploads\/2024\/02\/3-300x300.png 300w, https:\/\/lesminis.fr\/blog\/wp-content\/uploads\/2024\/02\/3-1024x1024.png 1024w, https:\/\/lesminis.fr\/blog\/wp-content\/uploads\/2024\/02\/3-150x150.png 150w, https:\/\/lesminis.fr\/blog\/wp-content\/uploads\/2024\/02\/3-768x768.png 768w, https:\/\/lesminis.fr\/blog\/wp-content\/uploads\/2024\/02\/3-696x696.png 696w, https:\/\/lesminis.fr\/blog\/wp-content\/uploads\/2024\/02\/3-1068x1068.png 1068w\" sizes=\"auto, (max-width: 1080px) 100vw, 1080px\" \/><\/p>\n<h3><span class=\"ez-toc-section\" id=\"9_Figurines_de_Singe_Nasique\"><\/span>9. Figurines de Singe Nasique<span class=\"ez-toc-section-end\"><\/span><\/h3>\n<p>Pour garder un petit bout de la magie de Born\u00e9o chez vous et partager l&rsquo;histoire fascinante du singe nasique avec vos amis et votre famille, pourquoi ne pas adopter une <a href=\"https:\/\/lesminis.fr\/figurine-singe-nasique-80014-collecta\/24809.html\">figurine de singe nasique<\/a> ? Sur notre boutique de <a href=\"https:\/\/lesminis.fr\/722-figurines-singes\">figurines r\u00e9alistes<\/a>, vous trouverez des figurines de singe nasique, parfaites pour les collectionneurs petits et grands. En adoptant une figurine, vous ne soutenez pas seulement l&rsquo;amour pour la faune, mais vous contribuez aussi \u00e0 sensibiliser \u00e0 la conservation de ces cr\u00e9atures extraordinaires.<\/p>\n<blockquote class=\"wp-embedded-content\" data-secret=\"G9YSQjV7O9\"><p><a href=\"https:\/\/lesminis.fr\/blog\/decouvrez-le-singe-brachytele-avec-la-figurine-safari-ltd\/\">Le singe brachyt\u00e9le ou singe araign\u00e9e : un primate arboricole en danger<\/a><\/p><\/blockquote>\n<p><iframe loading=\"lazy\" class=\"wp-embedded-content\" sandbox=\"allow-scripts\" security=\"restricted\" style=\"position: absolute; clip: rect(1px, 1px, 1px, 1px);\" title=\"\u00ab\u00a0Le singe brachyt\u00e9le ou singe araign\u00e9e : un primate arboricole en danger\u00a0\u00bb &#8212; LesMinis Le Blog - Mat\u00e9riels \u00e9ducatifs - Figurines p\u00e9dagogiques\" src=\"https:\/\/lesminis.fr\/blog\/decouvrez-le-singe-brachytele-avec-la-figurine-safari-ltd\/embed\/#?secret=Fj0GUku8z0#?secret=G9YSQjV7O9\" data-secret=\"G9YSQjV7O9\" width=\"600\" height=\"338\" frameborder=\"0\" marginwidth=\"0\" marginheight=\"0\" scrolling=\"no\"><\/iframe><\/p>\n","protected":false},"excerpt":{"rendered":"<p>Le singe nasique est un \u00e9tonnant primate end\u00e9mique de l&rsquo;\u00eele de Born\u00e9o. Reconnaissable \u00e0 son \u00e9norme nez pro\u00e9minent, cet animal arboricole au r\u00e9gime frugivore est l&rsquo;une des rares esp\u00e8ces de singes pr\u00e9sentant un dimorphisme sexuel au niveau du museau.<\/p>\n","protected":false},"author":1,"featured_media":3068,"comment_status":"open","ping_status":"closed","sticky":false,"template":"","format":"standard","meta":{"_acf_changed":false,"footnotes":""},"categories":[28],"tags":[186,879,933,935,880,934,533,936,424,756,878,222],"class_list":{"0":"post-2808","1":"post","2":"type-post","3":"status-publish","4":"format-standard","5":"has-post-thumbnail","7":"category-monde-animal-figurines","8":"tag-biodiversite","9":"tag-borneo","10":"tag-conservation-de-la-faune","11":"tag-education-a-la-conservation","12":"tag-espece-en-danger","13":"tag-faune-de-borneo","14":"tag-faune-sauvage","15":"tag-figurines-de-singe-nasique","16":"tag-lesminis-fr","17":"tag-primate","18":"tag-singe-nasique","19":"tag-zoologie"},"acf":[],"yoast_head":"<!-- This site is optimized with the Yoast SEO Premium plugin v27.1 (Yoast SEO v27.1.1) - https:\/\/yoast.com\/product\/yoast-seo-premium-wordpress\/ -->\n<title>Le singe nasique de Born\u00e9o au nez pro\u00e9minent<\/title>\n<meta name=\"description\" content=\"D\u00e9couvrez le singe nasique de Born\u00e9o, un primate unique avec un nez incroyable. Apprenez-en plus sur son habitat, son r\u00e9gime alimentaire, et comment nous pouvons aider \u00e0 le prot\u00e9ger. Adoptez une figurine de singe nasique sur lesminis.fr pour soutenir la conservation.\" \/>\n<meta name=\"robots\" content=\"index, follow, max-snippet:-1, max-image-preview:large, max-video-preview:-1\" \/>\n<link rel=\"canonical\" href=\"https:\/\/lesminis.fr\/blog\/decouverte-singe-nasique\/\" \/>\n<meta property=\"og:locale\" content=\"fr_FR\" \/>\n<meta property=\"og:type\" content=\"article\" \/>\n<meta property=\"og:title\" content=\"Le Myst\u00e9rieux Singe Nasique : Un Nez Pas Comme Les Autres\" \/>\n<meta property=\"og:description\" content=\"D\u00e9couvrez le singe nasique de Born\u00e9o, un primate unique avec un nez incroyable. Apprenez-en plus sur son habitat, son r\u00e9gime alimentaire, et comment nous pouvons aider \u00e0 le prot\u00e9ger. Adoptez une figurine de singe nasique sur lesminis.fr pour soutenir la conservation.\" \/>\n<meta property=\"og:url\" content=\"https:\/\/lesminis.fr\/blog\/decouverte-singe-nasique\/\" \/>\n<meta property=\"og:site_name\" content=\"LesMinis Le Blog - Mat\u00e9riels \u00e9ducatifs - Figurines p\u00e9dagogiques\" \/>\n<meta property=\"article:publisher\" content=\"https:\/\/fr-fr.facebook.com\/LesMinis.fr\/\" \/>\n<meta property=\"article:author\" content=\"https:\/\/www.facebook.com\/LesMinis.fr\/\" \/>\n<meta property=\"article:published_time\" content=\"2024-02-25T09:53:00+00:00\" \/>\n<meta property=\"article:modified_time\" content=\"2024-03-31T14:48:30+00:00\" \/>\n<meta property=\"og:image\" content=\"https:\/\/lesminis.fr\/blog\/wp-content\/uploads\/2024\/02\/1-1.png\" \/>\n\t<meta property=\"og:image:width\" content=\"1080\" \/>\n\t<meta property=\"og:image:height\" content=\"1080\" \/>\n\t<meta property=\"og:image:type\" content=\"image\/png\" \/>\n<meta name=\"author\" content=\"LesMinis\" \/>\n<meta name=\"twitter:label1\" content=\"\u00c9crit par\" \/>\n\t<meta name=\"twitter:data1\" content=\"LesMinis\" \/>\n\t<meta name=\"twitter:label2\" content=\"Dur\u00e9e de lecture estim\u00e9e\" \/>\n\t<meta name=\"twitter:data2\" content=\"4 minutes\" \/>\n<script type=\"application\/ld+json\" class=\"yoast-schema-graph\">{\"@context\":\"https:\/\/schema.org\",\"@graph\":[{\"@type\":[\"Article\",\"BlogPosting\"],\"@id\":\"https:\/\/lesminis.fr\/blog\/decouverte-singe-nasique\/#article\",\"isPartOf\":{\"@id\":\"https:\/\/lesminis.fr\/blog\/decouverte-singe-nasique\/\"},\"author\":{\"name\":\"LesMinis\",\"@id\":\"https:\/\/lesminis.fr\/blog\/#\/schema\/person\/4a1be8c8c70a7d945af71674957cf83e\"},\"headline\":\"Le Myst\u00e9rieux Singe Nasique : Un Nez Pas Comme Les Autres\",\"datePublished\":\"2024-02-25T09:53:00+00:00\",\"dateModified\":\"2024-03-31T14:48:30+00:00\",\"mainEntityOfPage\":{\"@id\":\"https:\/\/lesminis.fr\/blog\/decouverte-singe-nasique\/\"},\"wordCount\":613,\"commentCount\":0,\"publisher\":{\"@id\":\"https:\/\/lesminis.fr\/blog\/#organization\"},\"image\":{\"@id\":\"https:\/\/lesminis.fr\/blog\/decouverte-singe-nasique\/#primaryimage\"},\"thumbnailUrl\":\"https:\/\/lesminis.fr\/blog\/wp-content\/uploads\/2024\/02\/1-1.png\",\"keywords\":[\"biodiversit\u00e9\",\"borneo\",\"conservation de la faune\",\"\u00e9ducation \u00e0 la conservation\",\"espece en danger\",\"faune de Born\u00e9o\",\"faune sauvage\",\"figurines de singe nasique\",\"lesminis.fr\",\"primate\",\"singe nasique\",\"zoologie\"],\"articleSection\":[\"Zoodex \u2014 Explorer le monde animal\"],\"inLanguage\":\"fr-FR\",\"potentialAction\":[{\"@type\":\"CommentAction\",\"name\":\"Comment\",\"target\":[\"https:\/\/lesminis.fr\/blog\/decouverte-singe-nasique\/#respond\"]}]},{\"@type\":\"WebPage\",\"@id\":\"https:\/\/lesminis.fr\/blog\/decouverte-singe-nasique\/\",\"url\":\"https:\/\/lesminis.fr\/blog\/decouverte-singe-nasique\/\",\"name\":\"Le singe nasique de Born\u00e9o au nez pro\u00e9minent\",\"isPartOf\":{\"@id\":\"https:\/\/lesminis.fr\/blog\/#website\"},\"primaryImageOfPage\":{\"@id\":\"https:\/\/lesminis.fr\/blog\/decouverte-singe-nasique\/#primaryimage\"},\"image\":{\"@id\":\"https:\/\/lesminis.fr\/blog\/decouverte-singe-nasique\/#primaryimage\"},\"thumbnailUrl\":\"https:\/\/lesminis.fr\/blog\/wp-content\/uploads\/2024\/02\/1-1.png\",\"datePublished\":\"2024-02-25T09:53:00+00:00\",\"dateModified\":\"2024-03-31T14:48:30+00:00\",\"description\":\"D\u00e9couvrez le singe nasique de Born\u00e9o, un primate unique avec un nez incroyable. Apprenez-en plus sur son habitat, son r\u00e9gime alimentaire, et comment nous pouvons aider \u00e0 le prot\u00e9ger. Adoptez une figurine de singe nasique sur lesminis.fr pour soutenir la conservation.\",\"breadcrumb\":{\"@id\":\"https:\/\/lesminis.fr\/blog\/decouverte-singe-nasique\/#breadcrumb\"},\"inLanguage\":\"fr-FR\",\"potentialAction\":[{\"@type\":\"ReadAction\",\"target\":[\"https:\/\/lesminis.fr\/blog\/decouverte-singe-nasique\/\"]}]},{\"@type\":\"ImageObject\",\"inLanguage\":\"fr-FR\",\"@id\":\"https:\/\/lesminis.fr\/blog\/decouverte-singe-nasique\/#primaryimage\",\"url\":\"https:\/\/lesminis.fr\/blog\/wp-content\/uploads\/2024\/02\/1-1.png\",\"contentUrl\":\"https:\/\/lesminis.fr\/blog\/wp-content\/uploads\/2024\/02\/1-1.png\",\"width\":1080,\"height\":1080,\"caption\":\"Singe nasique arboricole Nasalis larvatus\"},{\"@type\":\"BreadcrumbList\",\"@id\":\"https:\/\/lesminis.fr\/blog\/decouverte-singe-nasique\/#breadcrumb\",\"itemListElement\":[{\"@type\":\"ListItem\",\"position\":1,\"name\":\"Accueil\",\"item\":\"https:\/\/lesminis.fr\/blog\/\"},{\"@type\":\"ListItem\",\"position\":2,\"name\":\"Le Myst\u00e9rieux Singe Nasique : Un Nez Pas Comme Les Autres\"}]},{\"@type\":\"WebSite\",\"@id\":\"https:\/\/lesminis.fr\/blog\/#website\",\"url\":\"https:\/\/lesminis.fr\/blog\/\",\"name\":\"LesMinis Le Blog - Mat\u00e9riels \u00e9ducatifs - Figurines p\u00e9dagogiques\",\"description\":\"D\u00e9couvrez notre actualit\u00e9, figurines, mat\u00e9riel \u00e9ducatif, activit\u00e9s Montessori\",\"publisher\":{\"@id\":\"https:\/\/lesminis.fr\/blog\/#organization\"},\"potentialAction\":[{\"@type\":\"SearchAction\",\"target\":{\"@type\":\"EntryPoint\",\"urlTemplate\":\"https:\/\/lesminis.fr\/blog\/?s={search_term_string}\"},\"query-input\":{\"@type\":\"PropertyValueSpecification\",\"valueRequired\":true,\"valueName\":\"search_term_string\"}}],\"inLanguage\":\"fr-FR\"},{\"@type\":\"Organization\",\"@id\":\"https:\/\/lesminis.fr\/blog\/#organization\",\"name\":\"LesMinis - Sp\u00e9cialiste mat\u00e9riel p\u00e9dagogiques - Figurines \u00e9ducatives - Mat\u00e9riel Montessori\",\"url\":\"https:\/\/lesminis.fr\/blog\/\",\"logo\":{\"@type\":\"ImageObject\",\"inLanguage\":\"fr-FR\",\"@id\":\"https:\/\/lesminis.fr\/blog\/#\/schema\/logo\/image\/\",\"url\":\"https:\/\/lesminis.fr\/blog\/wp-content\/uploads\/2023\/03\/nouveau-logo-lesminis.png\",\"contentUrl\":\"https:\/\/lesminis.fr\/blog\/wp-content\/uploads\/2023\/03\/nouveau-logo-lesminis.png\",\"width\":500,\"height\":175,\"caption\":\"LesMinis - Sp\u00e9cialiste mat\u00e9riel p\u00e9dagogiques - Figurines \u00e9ducatives - Mat\u00e9riel Montessori\"},\"image\":{\"@id\":\"https:\/\/lesminis.fr\/blog\/#\/schema\/logo\/image\/\"},\"sameAs\":[\"https:\/\/fr-fr.facebook.com\/LesMinis.fr\/\",\"https:\/\/www.instagram.com\/lesminis.fr\/\",\"https:\/\/www.tiktok.com\/@lesminis.fr\",\"https:\/\/www.pinterest.fr\/lesminisfr\/\"]},{\"@type\":\"Person\",\"@id\":\"https:\/\/lesminis.fr\/blog\/#\/schema\/person\/4a1be8c8c70a7d945af71674957cf83e\",\"name\":\"LesMinis\",\"image\":{\"@type\":\"ImageObject\",\"inLanguage\":\"fr-FR\",\"@id\":\"https:\/\/lesminis.fr\/blog\/#\/schema\/person\/image\/\",\"url\":\"https:\/\/secure.gravatar.com\/avatar\/288cd93d352b3465f2bd0701b1f2bb059b68dc3a70c4fda061bad8e6c9f8d865?s=96&d=blank&r=g\",\"contentUrl\":\"https:\/\/secure.gravatar.com\/avatar\/288cd93d352b3465f2bd0701b1f2bb059b68dc3a70c4fda061bad8e6c9f8d865?s=96&d=blank&r=g\",\"caption\":\"LesMinis\"},\"sameAs\":[\"https:\/\/lesminis.fr\/blog\",\"https:\/\/www.facebook.com\/LesMinis.fr\/\",\"https:\/\/www.instagram.com\/lesminis.fr\/\",\"https:\/\/www.pinterest.fr\/lesminisfr\/\"],\"url\":\"https:\/\/lesminis.fr\/blog\/author\/lesminis\/\"}]}<\/script>\n<!-- \/ Yoast SEO Premium plugin. -->","yoast_head_json":{"title":"Le singe nasique de Born\u00e9o au nez pro\u00e9minent","description":"D\u00e9couvrez le singe nasique de Born\u00e9o, un primate unique avec un nez incroyable. Apprenez-en plus sur son habitat, son r\u00e9gime alimentaire, et comment nous pouvons aider \u00e0 le prot\u00e9ger. Adoptez une figurine de singe nasique sur lesminis.fr pour soutenir la conservation.","robots":{"index":"index","follow":"follow","max-snippet":"max-snippet:-1","max-image-preview":"max-image-preview:large","max-video-preview":"max-video-preview:-1"},"canonical":"https:\/\/lesminis.fr\/blog\/decouverte-singe-nasique\/","og_locale":"fr_FR","og_type":"article","og_title":"Le Myst\u00e9rieux Singe Nasique : Un Nez Pas Comme Les Autres","og_description":"D\u00e9couvrez le singe nasique de Born\u00e9o, un primate unique avec un nez incroyable. Apprenez-en plus sur son habitat, son r\u00e9gime alimentaire, et comment nous pouvons aider \u00e0 le prot\u00e9ger. Adoptez une figurine de singe nasique sur lesminis.fr pour soutenir la conservation.","og_url":"https:\/\/lesminis.fr\/blog\/decouverte-singe-nasique\/","og_site_name":"LesMinis Le Blog - Mat\u00e9riels \u00e9ducatifs - Figurines p\u00e9dagogiques","article_publisher":"https:\/\/fr-fr.facebook.com\/LesMinis.fr\/","article_author":"https:\/\/www.facebook.com\/LesMinis.fr\/","article_published_time":"2024-02-25T09:53:00+00:00","article_modified_time":"2024-03-31T14:48:30+00:00","og_image":[{"width":1080,"height":1080,"url":"https:\/\/lesminis.fr\/blog\/wp-content\/uploads\/2024\/02\/1-1.png","type":"image\/png"}],"author":"LesMinis","twitter_misc":{"\u00c9crit par":"LesMinis","Dur\u00e9e de lecture estim\u00e9e":"4 minutes"},"schema":{"@context":"https:\/\/schema.org","@graph":[{"@type":["Article","BlogPosting"],"@id":"https:\/\/lesminis.fr\/blog\/decouverte-singe-nasique\/#article","isPartOf":{"@id":"https:\/\/lesminis.fr\/blog\/decouverte-singe-nasique\/"},"author":{"name":"LesMinis","@id":"https:\/\/lesminis.fr\/blog\/#\/schema\/person\/4a1be8c8c70a7d945af71674957cf83e"},"headline":"Le Myst\u00e9rieux Singe Nasique : Un Nez Pas Comme Les Autres","datePublished":"2024-02-25T09:53:00+00:00","dateModified":"2024-03-31T14:48:30+00:00","mainEntityOfPage":{"@id":"https:\/\/lesminis.fr\/blog\/decouverte-singe-nasique\/"},"wordCount":613,"commentCount":0,"publisher":{"@id":"https:\/\/lesminis.fr\/blog\/#organization"},"image":{"@id":"https:\/\/lesminis.fr\/blog\/decouverte-singe-nasique\/#primaryimage"},"thumbnailUrl":"https:\/\/lesminis.fr\/blog\/wp-content\/uploads\/2024\/02\/1-1.png","keywords":["biodiversit\u00e9","borneo","conservation de la faune","\u00e9ducation \u00e0 la conservation","espece en danger","faune de Born\u00e9o","faune sauvage","figurines de singe nasique","lesminis.fr","primate","singe nasique","zoologie"],"articleSection":["Zoodex \u2014 Explorer le monde animal"],"inLanguage":"fr-FR","potentialAction":[{"@type":"CommentAction","name":"Comment","target":["https:\/\/lesminis.fr\/blog\/decouverte-singe-nasique\/#respond"]}]},{"@type":"WebPage","@id":"https:\/\/lesminis.fr\/blog\/decouverte-singe-nasique\/","url":"https:\/\/lesminis.fr\/blog\/decouverte-singe-nasique\/","name":"Le singe nasique de Born\u00e9o au nez pro\u00e9minent","isPartOf":{"@id":"https:\/\/lesminis.fr\/blog\/#website"},"primaryImageOfPage":{"@id":"https:\/\/lesminis.fr\/blog\/decouverte-singe-nasique\/#primaryimage"},"image":{"@id":"https:\/\/lesminis.fr\/blog\/decouverte-singe-nasique\/#primaryimage"},"thumbnailUrl":"https:\/\/lesminis.fr\/blog\/wp-content\/uploads\/2024\/02\/1-1.png","datePublished":"2024-02-25T09:53:00+00:00","dateModified":"2024-03-31T14:48:30+00:00","description":"D\u00e9couvrez le singe nasique de Born\u00e9o, un primate unique avec un nez incroyable. Apprenez-en plus sur son habitat, son r\u00e9gime alimentaire, et comment nous pouvons aider \u00e0 le prot\u00e9ger. Adoptez une figurine de singe nasique sur lesminis.fr pour soutenir la conservation.","breadcrumb":{"@id":"https:\/\/lesminis.fr\/blog\/decouverte-singe-nasique\/#breadcrumb"},"inLanguage":"fr-FR","potentialAction":[{"@type":"ReadAction","target":["https:\/\/lesminis.fr\/blog\/decouverte-singe-nasique\/"]}]},{"@type":"ImageObject","inLanguage":"fr-FR","@id":"https:\/\/lesminis.fr\/blog\/decouverte-singe-nasique\/#primaryimage","url":"https:\/\/lesminis.fr\/blog\/wp-content\/uploads\/2024\/02\/1-1.png","contentUrl":"https:\/\/lesminis.fr\/blog\/wp-content\/uploads\/2024\/02\/1-1.png","width":1080,"height":1080,"caption":"Singe nasique arboricole Nasalis larvatus"},{"@type":"BreadcrumbList","@id":"https:\/\/lesminis.fr\/blog\/decouverte-singe-nasique\/#breadcrumb","itemListElement":[{"@type":"ListItem","position":1,"name":"Accueil","item":"https:\/\/lesminis.fr\/blog\/"},{"@type":"ListItem","position":2,"name":"Le Myst\u00e9rieux Singe Nasique : Un Nez Pas Comme Les Autres"}]},{"@type":"WebSite","@id":"https:\/\/lesminis.fr\/blog\/#website","url":"https:\/\/lesminis.fr\/blog\/","name":"LesMinis Le Blog - Mat\u00e9riels \u00e9ducatifs - Figurines p\u00e9dagogiques","description":"D\u00e9couvrez notre actualit\u00e9, figurines, mat\u00e9riel \u00e9ducatif, activit\u00e9s Montessori","publisher":{"@id":"https:\/\/lesminis.fr\/blog\/#organization"},"potentialAction":[{"@type":"SearchAction","target":{"@type":"EntryPoint","urlTemplate":"https:\/\/lesminis.fr\/blog\/?s={search_term_string}"},"query-input":{"@type":"PropertyValueSpecification","valueRequired":true,"valueName":"search_term_string"}}],"inLanguage":"fr-FR"},{"@type":"Organization","@id":"https:\/\/lesminis.fr\/blog\/#organization","name":"LesMinis - Sp\u00e9cialiste mat\u00e9riel p\u00e9dagogiques - Figurines \u00e9ducatives - Mat\u00e9riel Montessori","url":"https:\/\/lesminis.fr\/blog\/","logo":{"@type":"ImageObject","inLanguage":"fr-FR","@id":"https:\/\/lesminis.fr\/blog\/#\/schema\/logo\/image\/","url":"https:\/\/lesminis.fr\/blog\/wp-content\/uploads\/2023\/03\/nouveau-logo-lesminis.png","contentUrl":"https:\/\/lesminis.fr\/blog\/wp-content\/uploads\/2023\/03\/nouveau-logo-lesminis.png","width":500,"height":175,"caption":"LesMinis - Sp\u00e9cialiste mat\u00e9riel p\u00e9dagogiques - Figurines \u00e9ducatives - Mat\u00e9riel Montessori"},"image":{"@id":"https:\/\/lesminis.fr\/blog\/#\/schema\/logo\/image\/"},"sameAs":["https:\/\/fr-fr.facebook.com\/LesMinis.fr\/","https:\/\/www.instagram.com\/lesminis.fr\/","https:\/\/www.tiktok.com\/@lesminis.fr","https:\/\/www.pinterest.fr\/lesminisfr\/"]},{"@type":"Person","@id":"https:\/\/lesminis.fr\/blog\/#\/schema\/person\/4a1be8c8c70a7d945af71674957cf83e","name":"LesMinis","image":{"@type":"ImageObject","inLanguage":"fr-FR","@id":"https:\/\/lesminis.fr\/blog\/#\/schema\/person\/image\/","url":"https:\/\/secure.gravatar.com\/avatar\/288cd93d352b3465f2bd0701b1f2bb059b68dc3a70c4fda061bad8e6c9f8d865?s=96&d=blank&r=g","contentUrl":"https:\/\/secure.gravatar.com\/avatar\/288cd93d352b3465f2bd0701b1f2bb059b68dc3a70c4fda061bad8e6c9f8d865?s=96&d=blank&r=g","caption":"LesMinis"},"sameAs":["https:\/\/lesminis.fr\/blog","https:\/\/www.facebook.com\/LesMinis.fr\/","https:\/\/www.instagram.com\/lesminis.fr\/","https:\/\/www.pinterest.fr\/lesminisfr\/"],"url":"https:\/\/lesminis.fr\/blog\/author\/lesminis\/"}]}},"_links":{"self":[{"href":"https:\/\/lesminis.fr\/blog\/wp-json\/wp\/v2\/posts\/2808","targetHints":{"allow":["GET"]}}],"collection":[{"href":"https:\/\/lesminis.fr\/blog\/wp-json\/wp\/v2\/posts"}],"about":[{"href":"https:\/\/lesminis.fr\/blog\/wp-json\/wp\/v2\/types\/post"}],"author":[{"embeddable":true,"href":"https:\/\/lesminis.fr\/blog\/wp-json\/wp\/v2\/users\/1"}],"replies":[{"embeddable":true,"href":"https:\/\/lesminis.fr\/blog\/wp-json\/wp\/v2\/comments?post=2808"}],"version-history":[{"count":6,"href":"https:\/\/lesminis.fr\/blog\/wp-json\/wp\/v2\/posts\/2808\/revisions"}],"predecessor-version":[{"id":3670,"href":"https:\/\/lesminis.fr\/blog\/wp-json\/wp\/v2\/posts\/2808\/revisions\/3670"}],"wp:featuredmedia":[{"embeddable":true,"href":"https:\/\/lesminis.fr\/blog\/wp-json\/wp\/v2\/media\/3068"}],"wp:attachment":[{"href":"https:\/\/lesminis.fr\/blog\/wp-json\/wp\/v2\/media?parent=2808"}],"wp:term":[{"taxonomy":"category","embeddable":true,"href":"https:\/\/lesminis.fr\/blog\/wp-json\/wp\/v2\/categories?post=2808"},{"taxonomy":"post_tag","embeddable":true,"href":"https:\/\/lesminis.fr\/blog\/wp-json\/wp\/v2\/tags?post=2808"}],"curies":[{"name":"wp","href":"https:\/\/api.w.org\/{rel}","templated":true}]}}