{"id":2804,"date":"2024-02-07T13:02:13","date_gmt":"2024-02-07T12:02:13","guid":{"rendered":"https:\/\/lesminis.fr\/blog\/?p=2804"},"modified":"2024-05-28T10:07:47","modified_gmt":"2024-05-28T09:07:47","slug":"ratel-mellivora-capensis-un-fascinant-chapardeur","status":"publish","type":"post","link":"https:\/\/lesminis.fr\/blog\/ratel-mellivora-capensis-un-fascinant-chapardeur\/","title":{"rendered":"Le ratel, curieux must\u00e9lid\u00e9 mangeur de ruches"},"content":{"rendered":"<p>Le ratel, aussi appel\u00e9\u00a0<strong>ratel mellivore<\/strong>\u00a0ou\u00a0<strong>blaireau \u00e0 miel<\/strong>, est un mammif\u00e8re captivant appartenant \u00e0 la famille des must\u00e9lid\u00e9s. Ce petit animal au corps allong\u00e9, infatigable chapardeur au menu \u00e9clectique, suscite la curiosit\u00e9 par ses m\u0153urs atypiques.<\/p>\n<div id=\"ez-toc-container\" class=\"ez-toc-v2_0_78 counter-hierarchy ez-toc-counter ez-toc-grey ez-toc-container-direction\">\n<div class=\"ez-toc-title-container\">\n<p class=\"ez-toc-title\" style=\"cursor:inherit\">Table of Contents<\/p>\n<span class=\"ez-toc-title-toggle\"><a href=\"#\" class=\"ez-toc-pull-right ez-toc-btn ez-toc-btn-xs ez-toc-btn-default ez-toc-toggle\" aria-label=\"Toggle Table of Content\"><span class=\"ez-toc-js-icon-con\"><span class=\"\"><span class=\"eztoc-hide\" style=\"display:none;\">Toggle<\/span><span class=\"ez-toc-icon-toggle-span\"><svg style=\"fill: #999;color:#999\" xmlns=\"http:\/\/www.w3.org\/2000\/svg\" class=\"list-377408\" width=\"20px\" height=\"20px\" viewBox=\"0 0 24 24\" fill=\"none\"><path d=\"M6 6H4v2h2V6zm14 0H8v2h12V6zM4 11h2v2H4v-2zm16 0H8v2h12v-2zM4 16h2v2H4v-2zm16 0H8v2h12v-2z\" fill=\"currentColor\"><\/path><\/svg><svg style=\"fill: #999;color:#999\" class=\"arrow-unsorted-368013\" xmlns=\"http:\/\/www.w3.org\/2000\/svg\" width=\"10px\" height=\"10px\" viewBox=\"0 0 24 24\" version=\"1.2\" baseProfile=\"tiny\"><path d=\"M18.2 9.3l-6.2-6.3-6.2 6.3c-.2.2-.3.4-.3.7s.1.5.3.7c.2.2.4.3.7.3h11c.3 0 .5-.1.7-.3.2-.2.3-.5.3-.7s-.1-.5-.3-.7zM5.8 14.7l6.2 6.3 6.2-6.3c.2-.2.3-.5.3-.7s-.1-.5-.3-.7c-.2-.2-.4-.3-.7-.3h-11c-.3 0-.5.1-.7.3-.2.2-.3.5-.3.7s.1.5.3.7z\"\/><\/svg><\/span><\/span><\/span><\/a><\/span><\/div>\n<nav><ul class='ez-toc-list ez-toc-list-level-1 ' ><li class='ez-toc-page-1 ez-toc-heading-level-2'><a class=\"ez-toc-link ez-toc-heading-1\" href=\"https:\/\/lesminis.fr\/blog\/ratel-mellivora-capensis-un-fascinant-chapardeur\/#Classification\" >Classification<\/a><\/li><li class='ez-toc-page-1 ez-toc-heading-level-2'><a class=\"ez-toc-link ez-toc-heading-2\" href=\"https:\/\/lesminis.fr\/blog\/ratel-mellivora-capensis-un-fascinant-chapardeur\/#Description_physique\" >Description physique<\/a><\/li><li class='ez-toc-page-1 ez-toc-heading-level-2'><a class=\"ez-toc-link ez-toc-heading-3\" href=\"https:\/\/lesminis.fr\/blog\/ratel-mellivora-capensis-un-fascinant-chapardeur\/#Repartition_et_habitat\" >R\u00e9partition et habitat<\/a><\/li><li class='ez-toc-page-1 ez-toc-heading-level-2'><a class=\"ez-toc-link ez-toc-heading-4\" href=\"https:\/\/lesminis.fr\/blog\/ratel-mellivora-capensis-un-fascinant-chapardeur\/#Alimentation\" >Alimentation<\/a><\/li><li class='ez-toc-page-1 ez-toc-heading-level-2'><a class=\"ez-toc-link ez-toc-heading-5\" href=\"https:\/\/lesminis.fr\/blog\/ratel-mellivora-capensis-un-fascinant-chapardeur\/#Mode_de_vie\" >Mode de vie<\/a><\/li><li class='ez-toc-page-1 ez-toc-heading-level-2'><a class=\"ez-toc-link ez-toc-heading-6\" href=\"https:\/\/lesminis.fr\/blog\/ratel-mellivora-capensis-un-fascinant-chapardeur\/#Reproduction\" >Reproduction<\/a><\/li><li class='ez-toc-page-1 ez-toc-heading-level-2'><a class=\"ez-toc-link ez-toc-heading-7\" href=\"https:\/\/lesminis.fr\/blog\/ratel-mellivora-capensis-un-fascinant-chapardeur\/#Conservation\" >Conservation<\/a><\/li><li class='ez-toc-page-1 ez-toc-heading-level-2'><a class=\"ez-toc-link ez-toc-heading-8\" href=\"https:\/\/lesminis.fr\/blog\/ratel-mellivora-capensis-un-fascinant-chapardeur\/#Le_Ratel_en_Figurine\" >Le Ratel en Figurine<\/a><\/li><\/ul><\/nav><\/div>\n<h2><span class=\"ez-toc-section\" id=\"Classification\"><\/span>Classification<span class=\"ez-toc-section-end\"><\/span><\/h2>\n<ul>\n<li>R\u00e8gne : Animalia<\/li>\n<li>Embranchement : Chordata<\/li>\n<li>Classe : Mammalia<\/li>\n<li>Ordre : Carnivora<\/li>\n<li>Famille : Mustelidae<\/li>\n<li>Genre : Mellivora<\/li>\n<li>Esp\u00e8ce : Mellivora capensis<\/li>\n<\/ul>\n<h2><span class=\"ez-toc-section\" id=\"Description_physique\"><\/span>Description physique<span class=\"ez-toc-section-end\"><\/span><\/h2>\n<p>Reconnaissable \u00e0 son dos blanc, le ratel mesure entre 55 et 70 cm, sans compter sa queue touffue pouvant atteindre 20 cm. Ce must\u00e9lid\u00e9 arbore \u00e9galement des pattes courtes termin\u00e9es par des griffes ac\u00e9r\u00e9es, une t\u00eate ronde aux petites oreilles rondes, un museau court et une puissante m\u00e2choire. Malgr\u00e9 sa petite taille, le ratel peut atteindre une dizaine de kilos \u00e0 l\u2019\u00e2ge adulte. Une partie de cette masse corporelle est compos\u00e9e de graisse qui lui sert de protection.<\/p>\n<h2><span class=\"ez-toc-section\" id=\"Repartition_et_habitat\"><\/span>R\u00e9partition et habitat<span class=\"ez-toc-section-end\"><\/span><\/h2>\n<p>Le ratel occupe une aire de r\u00e9partition morcel\u00e9e en Afrique subsaharienne, ainsi que dans la r\u00e9gion allant du Nord de l\u2019 Inde \u00e0 la P\u00e9ninsule arabique. On le trouve dans les savanes arbor\u00e9es et broussailles clairsem\u00e9es. Ce must\u00e9lid\u00e9 a \u00e9galement la capacit\u00e9 de s\u2019adapter aux zones cultiv\u00e9es. Ce pr\u00e9dateur solitaire et cr\u00e9pusculaire passe la journ\u00e9e \u00e0 dormir dans un terrier ou une anfractuosit\u00e9. La nuit venue, il part en qu\u00eate de nourriture dans un territoire pouvant atteindre 30 km2.<\/p>\n<h2><span class=\"ez-toc-section\" id=\"Alimentation\"><\/span>Alimentation<span class=\"ez-toc-section-end\"><\/span><\/h2>\n<p>Opportuniste, le ratel se nourrit de reptiles, oiseaux et leurs \u0153ufs, charognes, fruits\u2026 Mais il est surtout r\u00e9put\u00e9 pour sa capacit\u00e9 unique parmi les mammif\u00e8res \u00e0 d\u00e9vorer des rayons de miel sauvage, sans sembler affect\u00e9 par les piq\u00fbres des abeilles ! Cet animal poss\u00e8de en effet une \u00e9paisse fourrure ainsi qu\u2019une peau tr\u00e8s l\u00e2che qui lui conf\u00e8re une protection efficace face aux hym\u00e9nopt\u00e8res en furie.<\/p>\n<h2><span class=\"ez-toc-section\" id=\"Mode_de_vie\"><\/span>Mode de vie<span class=\"ez-toc-section-end\"><\/span><\/h2>\n<p>Bien que principalement solitaire, le ratel n\u2019en est pas moins tr\u00e8s communicatif ! Il \u00e9met une grande vari\u00e9t\u00e9 de sifflements aigus, grognements, cris et autres bruits pour signaler sa pr\u00e9sence sur un territoire, appeler \u00e0 l\u2019aide ou repousser un cong\u00e9n\u00e8re un peu trop envahissant. En zone d\u00e9sertique, le ratel, pour se \u00ab refroidir \u00bb, s\u2019allonge sur le dos exposant son ventre \u00e0 la l\u00e9g\u00e8re brise du d\u00e9sert et s\u2019asperge de sable lorsque sa temp\u00e9rature interne est sup\u00e9rieure \u00e0 celle du sable.<\/p>\n<p><img loading=\"lazy\" decoding=\"async\" class=\"alignnone wp-image-2848 size-full\" src=\"https:\/\/lesminis.fr\/blog\/wp-content\/uploads\/2024\/02\/ratel-zorille-cap-2-e1707307300766.jpg\" alt=\"Ratel dans son habitat naturel\" width=\"910\" height=\"910\" srcset=\"https:\/\/lesminis.fr\/blog\/wp-content\/uploads\/2024\/02\/ratel-zorille-cap-2-e1707307300766.jpg 910w, https:\/\/lesminis.fr\/blog\/wp-content\/uploads\/2024\/02\/ratel-zorille-cap-2-e1707307300766-300x300.jpg 300w, https:\/\/lesminis.fr\/blog\/wp-content\/uploads\/2024\/02\/ratel-zorille-cap-2-e1707307300766-150x150.jpg 150w, https:\/\/lesminis.fr\/blog\/wp-content\/uploads\/2024\/02\/ratel-zorille-cap-2-e1707307300766-768x768.jpg 768w, https:\/\/lesminis.fr\/blog\/wp-content\/uploads\/2024\/02\/ratel-zorille-cap-2-e1707307300766-696x696.jpg 696w, https:\/\/lesminis.fr\/blog\/wp-content\/uploads\/2024\/02\/ratel-zorille-cap-2-e1707307300766-420x420.jpg 420w\" sizes=\"auto, (max-width: 910px) 100vw, 910px\" \/><\/p>\n<h2><span class=\"ez-toc-section\" id=\"Reproduction\"><\/span>Reproduction<span class=\"ez-toc-section-end\"><\/span><\/h2>\n<p>La p\u00e9riode de gestation du ratel est de 6 mois. Lorsqu\u2019elle \u00e9l\u00e8ve ses petits, la femelle change de tani\u00e8re tous les trois \u00e0 cinq jours, en emportant ses petits pour \u00e9chapper aux pr\u00e9dateurs.<\/p>\n<h2><span class=\"ez-toc-section\" id=\"Conservation\"><\/span>Conservation<span class=\"ez-toc-section-end\"><\/span><\/h2>\n<p>Malgr\u00e9 son r\u00e9gime alimentaire vari\u00e9, le ratel reste peu r\u00e9pandu, notamment \u00e0 cause de la d\u00e9forestation et du braconnage dont il est victime. Mais ce curieux animal chercheur de miel suscite un int\u00e9r\u00eat croissant pour sa protection.<\/p>\n<h2><span class=\"ez-toc-section\" id=\"Le_Ratel_en_Figurine\"><\/span>Le Ratel en Figurine<span class=\"ez-toc-section-end\"><\/span><\/h2>\n<figure id=\"attachment_2849\" aria-describedby=\"caption-attachment-2849\" style=\"width: 1080px\" class=\"wp-caption alignnone\"><img loading=\"lazy\" decoding=\"async\" class=\"wp-image-2849 size-full\" src=\"https:\/\/lesminis.fr\/blog\/wp-content\/uploads\/2024\/02\/11.png\" alt=\"Figurine ratel blaireau a miel zorille du cap\" width=\"1080\" height=\"1080\" srcset=\"https:\/\/lesminis.fr\/blog\/wp-content\/uploads\/2024\/02\/11.png 1080w, https:\/\/lesminis.fr\/blog\/wp-content\/uploads\/2024\/02\/11-300x300.png 300w, https:\/\/lesminis.fr\/blog\/wp-content\/uploads\/2024\/02\/11-1024x1024.png 1024w, https:\/\/lesminis.fr\/blog\/wp-content\/uploads\/2024\/02\/11-150x150.png 150w, https:\/\/lesminis.fr\/blog\/wp-content\/uploads\/2024\/02\/11-768x768.png 768w, https:\/\/lesminis.fr\/blog\/wp-content\/uploads\/2024\/02\/11-696x696.png 696w, https:\/\/lesminis.fr\/blog\/wp-content\/uploads\/2024\/02\/11-1068x1068.png 1068w, https:\/\/lesminis.fr\/blog\/wp-content\/uploads\/2024\/02\/11-420x420.png 420w\" sizes=\"auto, (max-width: 1080px) 100vw, 1080px\" \/><figcaption id=\"caption-attachment-2849\" class=\"wp-caption-text\">Figurine ratel Safari Ltd<\/figcaption><\/figure>\n<p>Pour les amoureux de la nature et des animaux, notre boutique en ligne Lesminis.fr propose une <a href=\"https:\/\/lesminis.fr\/figurine-du-ratel-safari-ltd-100272\/13805.html\">figurine r\u00e9aliste du ratel<\/a>. Ces figurines minutieusement d\u00e9taill\u00e9es capturent l\u2019essence de ce mammif\u00e8re unique, du motif noir et blanc de sa fourrure \u00e0 ses griffes ac\u00e9r\u00e9es. C\u2019est un excellent moyen d\u2019appr\u00e9cier la beaut\u00e9 de cet animal depuis le confort de votre maison et une excellente ressource p\u00e9dagogique pour les enseignants et les parents.<\/p>\n<blockquote class=\"wp-embedded-content\" data-secret=\"wZDbC1L3b1\"><p><a href=\"https:\/\/lesminis.fr\/blog\/decouvrez-figurines-cobra\/\">D\u00e9couvrez le Monde Fascinant des Cobras avec ces Figurines Incroyablement D\u00e9taill\u00e9es !<\/a><\/p><\/blockquote>\n<p><iframe loading=\"lazy\" class=\"wp-embedded-content\" sandbox=\"allow-scripts\" security=\"restricted\" style=\"position: absolute; clip: rect(1px, 1px, 1px, 1px);\" title=\"\u00ab\u00a0D\u00e9couvrez le Monde Fascinant des Cobras avec ces Figurines Incroyablement D\u00e9taill\u00e9es !\u00a0\u00bb &#8212; LesMinis Le Blog - Mat\u00e9riels \u00e9ducatifs - Figurines p\u00e9dagogiques\" src=\"https:\/\/lesminis.fr\/blog\/decouvrez-figurines-cobra\/embed\/#?secret=RqdrzVipn7#?secret=wZDbC1L3b1\" data-secret=\"wZDbC1L3b1\" width=\"600\" height=\"338\" frameborder=\"0\" marginwidth=\"0\" marginheight=\"0\" scrolling=\"no\"><\/iframe><\/p>\n","protected":false},"excerpt":{"rendered":"<p>Le ratel, un fascinant chapardeur au menu \u00e9clectique, suscite la curiosit\u00e9 par ses m\u0153urs atypiques. D\u00e9couvrez ce mammif\u00e8re unique et sa figurine r\u00e9aliste sur Lesminis.fr.<\/p>\n","protected":false},"author":1,"featured_media":2847,"comment_status":"open","ping_status":"closed","sticky":false,"template":"","format":"standard","meta":{"_acf_changed":false,"footnotes":""},"categories":[28],"tags":[],"class_list":{"0":"post-2804","1":"post","2":"type-post","3":"status-publish","4":"format-standard","5":"has-post-thumbnail","7":"category-monde-animal-figurines"},"acf":[],"yoast_head":"<!-- This site is optimized with the Yoast SEO Premium plugin v27.1 (Yoast SEO v27.1.1) - https:\/\/yoast.com\/product\/yoast-seo-premium-wordpress\/ -->\n<title>Le Ratel (Mellivora capensis) : Un fascinant chapardeur | Lesminis.fr<\/title>\n<meta name=\"description\" content=\"D\u00e9couvrez le ratel, un mammif\u00e8re captivant de la famille des must\u00e9lid\u00e9s, et explorez notre figurine r\u00e9aliste du ratel disponible sur Lesminis.fr.\" \/>\n<meta name=\"robots\" content=\"index, follow, max-snippet:-1, max-image-preview:large, max-video-preview:-1\" \/>\n<link rel=\"canonical\" href=\"https:\/\/lesminis.fr\/blog\/ratel-mellivora-capensis-un-fascinant-chapardeur\/\" \/>\n<meta property=\"og:locale\" content=\"fr_FR\" \/>\n<meta property=\"og:type\" content=\"article\" \/>\n<meta property=\"og:title\" content=\"Le ratel, curieux must\u00e9lid\u00e9 mangeur de ruches\" \/>\n<meta property=\"og:description\" content=\"D\u00e9couvrez le ratel, un mammif\u00e8re captivant de la famille des must\u00e9lid\u00e9s, et explorez notre figurine r\u00e9aliste du ratel disponible sur Lesminis.fr.\" \/>\n<meta property=\"og:url\" content=\"https:\/\/lesminis.fr\/blog\/ratel-mellivora-capensis-un-fascinant-chapardeur\/\" \/>\n<meta property=\"og:site_name\" content=\"LesMinis Le Blog - Mat\u00e9riels \u00e9ducatifs - Figurines p\u00e9dagogiques\" \/>\n<meta property=\"article:publisher\" content=\"https:\/\/fr-fr.facebook.com\/LesMinis.fr\/\" \/>\n<meta property=\"article:author\" content=\"https:\/\/www.facebook.com\/LesMinis.fr\/\" \/>\n<meta property=\"article:published_time\" content=\"2024-02-07T12:02:13+00:00\" \/>\n<meta property=\"article:modified_time\" content=\"2024-05-28T09:07:47+00:00\" \/>\n<meta property=\"og:image\" content=\"https:\/\/lesminis.fr\/blog\/wp-content\/uploads\/2024\/02\/2-2.jpg\" \/>\n\t<meta property=\"og:image:width\" content=\"1080\" \/>\n\t<meta property=\"og:image:height\" content=\"1080\" \/>\n\t<meta property=\"og:image:type\" content=\"image\/jpeg\" \/>\n<meta name=\"author\" content=\"LesMinis\" \/>\n<meta name=\"twitter:label1\" content=\"\u00c9crit par\" \/>\n\t<meta name=\"twitter:data1\" content=\"LesMinis\" \/>\n\t<meta name=\"twitter:label2\" content=\"Dur\u00e9e de lecture estim\u00e9e\" \/>\n\t<meta name=\"twitter:data2\" content=\"4 minutes\" \/>\n<script type=\"application\/ld+json\" class=\"yoast-schema-graph\">{\"@context\":\"https:\/\/schema.org\",\"@graph\":[{\"@type\":[\"Article\",\"BlogPosting\"],\"@id\":\"https:\/\/lesminis.fr\/blog\/ratel-mellivora-capensis-un-fascinant-chapardeur\/#article\",\"isPartOf\":{\"@id\":\"https:\/\/lesminis.fr\/blog\/ratel-mellivora-capensis-un-fascinant-chapardeur\/\"},\"author\":{\"name\":\"LesMinis\",\"@id\":\"https:\/\/lesminis.fr\/blog\/#\/schema\/person\/4a1be8c8c70a7d945af71674957cf83e\"},\"headline\":\"Le ratel, curieux must\u00e9lid\u00e9 mangeur de ruches\",\"datePublished\":\"2024-02-07T12:02:13+00:00\",\"dateModified\":\"2024-05-28T09:07:47+00:00\",\"mainEntityOfPage\":{\"@id\":\"https:\/\/lesminis.fr\/blog\/ratel-mellivora-capensis-un-fascinant-chapardeur\/\"},\"wordCount\":589,\"commentCount\":0,\"publisher\":{\"@id\":\"https:\/\/lesminis.fr\/blog\/#organization\"},\"image\":{\"@id\":\"https:\/\/lesminis.fr\/blog\/ratel-mellivora-capensis-un-fascinant-chapardeur\/#primaryimage\"},\"thumbnailUrl\":\"https:\/\/lesminis.fr\/blog\/wp-content\/uploads\/2024\/02\/2-2.jpg\",\"articleSection\":[\"Zoodex \u2014 Explorer le monde animal\"],\"inLanguage\":\"fr-FR\",\"potentialAction\":[{\"@type\":\"CommentAction\",\"name\":\"Comment\",\"target\":[\"https:\/\/lesminis.fr\/blog\/ratel-mellivora-capensis-un-fascinant-chapardeur\/#respond\"]}]},{\"@type\":\"WebPage\",\"@id\":\"https:\/\/lesminis.fr\/blog\/ratel-mellivora-capensis-un-fascinant-chapardeur\/\",\"url\":\"https:\/\/lesminis.fr\/blog\/ratel-mellivora-capensis-un-fascinant-chapardeur\/\",\"name\":\"Le Ratel (Mellivora capensis) : Un fascinant chapardeur | Lesminis.fr\",\"isPartOf\":{\"@id\":\"https:\/\/lesminis.fr\/blog\/#website\"},\"primaryImageOfPage\":{\"@id\":\"https:\/\/lesminis.fr\/blog\/ratel-mellivora-capensis-un-fascinant-chapardeur\/#primaryimage\"},\"image\":{\"@id\":\"https:\/\/lesminis.fr\/blog\/ratel-mellivora-capensis-un-fascinant-chapardeur\/#primaryimage\"},\"thumbnailUrl\":\"https:\/\/lesminis.fr\/blog\/wp-content\/uploads\/2024\/02\/2-2.jpg\",\"datePublished\":\"2024-02-07T12:02:13+00:00\",\"dateModified\":\"2024-05-28T09:07:47+00:00\",\"description\":\"D\u00e9couvrez le ratel, un mammif\u00e8re captivant de la famille des must\u00e9lid\u00e9s, et explorez notre figurine r\u00e9aliste du ratel disponible sur Lesminis.fr.\",\"breadcrumb\":{\"@id\":\"https:\/\/lesminis.fr\/blog\/ratel-mellivora-capensis-un-fascinant-chapardeur\/#breadcrumb\"},\"inLanguage\":\"fr-FR\",\"potentialAction\":[{\"@type\":\"ReadAction\",\"target\":[\"https:\/\/lesminis.fr\/blog\/ratel-mellivora-capensis-un-fascinant-chapardeur\/\"]}]},{\"@type\":\"ImageObject\",\"inLanguage\":\"fr-FR\",\"@id\":\"https:\/\/lesminis.fr\/blog\/ratel-mellivora-capensis-un-fascinant-chapardeur\/#primaryimage\",\"url\":\"https:\/\/lesminis.fr\/blog\/wp-content\/uploads\/2024\/02\/2-2.jpg\",\"contentUrl\":\"https:\/\/lesminis.fr\/blog\/wp-content\/uploads\/2024\/02\/2-2.jpg\",\"width\":1080,\"height\":1080,\"caption\":\"Ratel zorille du cap blaireau \u00e0 miel\"},{\"@type\":\"BreadcrumbList\",\"@id\":\"https:\/\/lesminis.fr\/blog\/ratel-mellivora-capensis-un-fascinant-chapardeur\/#breadcrumb\",\"itemListElement\":[{\"@type\":\"ListItem\",\"position\":1,\"name\":\"Accueil\",\"item\":\"https:\/\/lesminis.fr\/blog\/\"},{\"@type\":\"ListItem\",\"position\":2,\"name\":\"Le ratel, curieux must\u00e9lid\u00e9 mangeur de ruches\"}]},{\"@type\":\"WebSite\",\"@id\":\"https:\/\/lesminis.fr\/blog\/#website\",\"url\":\"https:\/\/lesminis.fr\/blog\/\",\"name\":\"LesMinis Le Blog - Mat\u00e9riels \u00e9ducatifs - Figurines p\u00e9dagogiques\",\"description\":\"D\u00e9couvrez notre actualit\u00e9, figurines, mat\u00e9riel \u00e9ducatif, activit\u00e9s Montessori\",\"publisher\":{\"@id\":\"https:\/\/lesminis.fr\/blog\/#organization\"},\"potentialAction\":[{\"@type\":\"SearchAction\",\"target\":{\"@type\":\"EntryPoint\",\"urlTemplate\":\"https:\/\/lesminis.fr\/blog\/?s={search_term_string}\"},\"query-input\":{\"@type\":\"PropertyValueSpecification\",\"valueRequired\":true,\"valueName\":\"search_term_string\"}}],\"inLanguage\":\"fr-FR\"},{\"@type\":\"Organization\",\"@id\":\"https:\/\/lesminis.fr\/blog\/#organization\",\"name\":\"LesMinis - Sp\u00e9cialiste mat\u00e9riel p\u00e9dagogiques - Figurines \u00e9ducatives - Mat\u00e9riel Montessori\",\"url\":\"https:\/\/lesminis.fr\/blog\/\",\"logo\":{\"@type\":\"ImageObject\",\"inLanguage\":\"fr-FR\",\"@id\":\"https:\/\/lesminis.fr\/blog\/#\/schema\/logo\/image\/\",\"url\":\"https:\/\/lesminis.fr\/blog\/wp-content\/uploads\/2023\/03\/nouveau-logo-lesminis.png\",\"contentUrl\":\"https:\/\/lesminis.fr\/blog\/wp-content\/uploads\/2023\/03\/nouveau-logo-lesminis.png\",\"width\":500,\"height\":175,\"caption\":\"LesMinis - Sp\u00e9cialiste mat\u00e9riel p\u00e9dagogiques - Figurines \u00e9ducatives - Mat\u00e9riel Montessori\"},\"image\":{\"@id\":\"https:\/\/lesminis.fr\/blog\/#\/schema\/logo\/image\/\"},\"sameAs\":[\"https:\/\/fr-fr.facebook.com\/LesMinis.fr\/\",\"https:\/\/www.instagram.com\/lesminis.fr\/\",\"https:\/\/www.tiktok.com\/@lesminis.fr\",\"https:\/\/www.pinterest.fr\/lesminisfr\/\"]},{\"@type\":\"Person\",\"@id\":\"https:\/\/lesminis.fr\/blog\/#\/schema\/person\/4a1be8c8c70a7d945af71674957cf83e\",\"name\":\"LesMinis\",\"image\":{\"@type\":\"ImageObject\",\"inLanguage\":\"fr-FR\",\"@id\":\"https:\/\/lesminis.fr\/blog\/#\/schema\/person\/image\/\",\"url\":\"https:\/\/secure.gravatar.com\/avatar\/288cd93d352b3465f2bd0701b1f2bb059b68dc3a70c4fda061bad8e6c9f8d865?s=96&d=blank&r=g\",\"contentUrl\":\"https:\/\/secure.gravatar.com\/avatar\/288cd93d352b3465f2bd0701b1f2bb059b68dc3a70c4fda061bad8e6c9f8d865?s=96&d=blank&r=g\",\"caption\":\"LesMinis\"},\"sameAs\":[\"https:\/\/lesminis.fr\/blog\",\"https:\/\/www.facebook.com\/LesMinis.fr\/\",\"https:\/\/www.instagram.com\/lesminis.fr\/\",\"https:\/\/www.pinterest.fr\/lesminisfr\/\"],\"url\":\"https:\/\/lesminis.fr\/blog\/author\/lesminis\/\"}]}<\/script>\n<!-- \/ Yoast SEO Premium plugin. -->","yoast_head_json":{"title":"Le Ratel (Mellivora capensis) : Un fascinant chapardeur | Lesminis.fr","description":"D\u00e9couvrez le ratel, un mammif\u00e8re captivant de la famille des must\u00e9lid\u00e9s, et explorez notre figurine r\u00e9aliste du ratel disponible sur Lesminis.fr.","robots":{"index":"index","follow":"follow","max-snippet":"max-snippet:-1","max-image-preview":"max-image-preview:large","max-video-preview":"max-video-preview:-1"},"canonical":"https:\/\/lesminis.fr\/blog\/ratel-mellivora-capensis-un-fascinant-chapardeur\/","og_locale":"fr_FR","og_type":"article","og_title":"Le ratel, curieux must\u00e9lid\u00e9 mangeur de ruches","og_description":"D\u00e9couvrez le ratel, un mammif\u00e8re captivant de la famille des must\u00e9lid\u00e9s, et explorez notre figurine r\u00e9aliste du ratel disponible sur Lesminis.fr.","og_url":"https:\/\/lesminis.fr\/blog\/ratel-mellivora-capensis-un-fascinant-chapardeur\/","og_site_name":"LesMinis Le Blog - Mat\u00e9riels \u00e9ducatifs - Figurines p\u00e9dagogiques","article_publisher":"https:\/\/fr-fr.facebook.com\/LesMinis.fr\/","article_author":"https:\/\/www.facebook.com\/LesMinis.fr\/","article_published_time":"2024-02-07T12:02:13+00:00","article_modified_time":"2024-05-28T09:07:47+00:00","og_image":[{"width":1080,"height":1080,"url":"https:\/\/lesminis.fr\/blog\/wp-content\/uploads\/2024\/02\/2-2.jpg","type":"image\/jpeg"}],"author":"LesMinis","twitter_misc":{"\u00c9crit par":"LesMinis","Dur\u00e9e de lecture estim\u00e9e":"4 minutes"},"schema":{"@context":"https:\/\/schema.org","@graph":[{"@type":["Article","BlogPosting"],"@id":"https:\/\/lesminis.fr\/blog\/ratel-mellivora-capensis-un-fascinant-chapardeur\/#article","isPartOf":{"@id":"https:\/\/lesminis.fr\/blog\/ratel-mellivora-capensis-un-fascinant-chapardeur\/"},"author":{"name":"LesMinis","@id":"https:\/\/lesminis.fr\/blog\/#\/schema\/person\/4a1be8c8c70a7d945af71674957cf83e"},"headline":"Le ratel, curieux must\u00e9lid\u00e9 mangeur de ruches","datePublished":"2024-02-07T12:02:13+00:00","dateModified":"2024-05-28T09:07:47+00:00","mainEntityOfPage":{"@id":"https:\/\/lesminis.fr\/blog\/ratel-mellivora-capensis-un-fascinant-chapardeur\/"},"wordCount":589,"commentCount":0,"publisher":{"@id":"https:\/\/lesminis.fr\/blog\/#organization"},"image":{"@id":"https:\/\/lesminis.fr\/blog\/ratel-mellivora-capensis-un-fascinant-chapardeur\/#primaryimage"},"thumbnailUrl":"https:\/\/lesminis.fr\/blog\/wp-content\/uploads\/2024\/02\/2-2.jpg","articleSection":["Zoodex \u2014 Explorer le monde animal"],"inLanguage":"fr-FR","potentialAction":[{"@type":"CommentAction","name":"Comment","target":["https:\/\/lesminis.fr\/blog\/ratel-mellivora-capensis-un-fascinant-chapardeur\/#respond"]}]},{"@type":"WebPage","@id":"https:\/\/lesminis.fr\/blog\/ratel-mellivora-capensis-un-fascinant-chapardeur\/","url":"https:\/\/lesminis.fr\/blog\/ratel-mellivora-capensis-un-fascinant-chapardeur\/","name":"Le Ratel (Mellivora capensis) : Un fascinant chapardeur | Lesminis.fr","isPartOf":{"@id":"https:\/\/lesminis.fr\/blog\/#website"},"primaryImageOfPage":{"@id":"https:\/\/lesminis.fr\/blog\/ratel-mellivora-capensis-un-fascinant-chapardeur\/#primaryimage"},"image":{"@id":"https:\/\/lesminis.fr\/blog\/ratel-mellivora-capensis-un-fascinant-chapardeur\/#primaryimage"},"thumbnailUrl":"https:\/\/lesminis.fr\/blog\/wp-content\/uploads\/2024\/02\/2-2.jpg","datePublished":"2024-02-07T12:02:13+00:00","dateModified":"2024-05-28T09:07:47+00:00","description":"D\u00e9couvrez le ratel, un mammif\u00e8re captivant de la famille des must\u00e9lid\u00e9s, et explorez notre figurine r\u00e9aliste du ratel disponible sur Lesminis.fr.","breadcrumb":{"@id":"https:\/\/lesminis.fr\/blog\/ratel-mellivora-capensis-un-fascinant-chapardeur\/#breadcrumb"},"inLanguage":"fr-FR","potentialAction":[{"@type":"ReadAction","target":["https:\/\/lesminis.fr\/blog\/ratel-mellivora-capensis-un-fascinant-chapardeur\/"]}]},{"@type":"ImageObject","inLanguage":"fr-FR","@id":"https:\/\/lesminis.fr\/blog\/ratel-mellivora-capensis-un-fascinant-chapardeur\/#primaryimage","url":"https:\/\/lesminis.fr\/blog\/wp-content\/uploads\/2024\/02\/2-2.jpg","contentUrl":"https:\/\/lesminis.fr\/blog\/wp-content\/uploads\/2024\/02\/2-2.jpg","width":1080,"height":1080,"caption":"Ratel zorille du cap blaireau \u00e0 miel"},{"@type":"BreadcrumbList","@id":"https:\/\/lesminis.fr\/blog\/ratel-mellivora-capensis-un-fascinant-chapardeur\/#breadcrumb","itemListElement":[{"@type":"ListItem","position":1,"name":"Accueil","item":"https:\/\/lesminis.fr\/blog\/"},{"@type":"ListItem","position":2,"name":"Le ratel, curieux must\u00e9lid\u00e9 mangeur de ruches"}]},{"@type":"WebSite","@id":"https:\/\/lesminis.fr\/blog\/#website","url":"https:\/\/lesminis.fr\/blog\/","name":"LesMinis Le Blog - Mat\u00e9riels \u00e9ducatifs - Figurines p\u00e9dagogiques","description":"D\u00e9couvrez notre actualit\u00e9, figurines, mat\u00e9riel \u00e9ducatif, activit\u00e9s Montessori","publisher":{"@id":"https:\/\/lesminis.fr\/blog\/#organization"},"potentialAction":[{"@type":"SearchAction","target":{"@type":"EntryPoint","urlTemplate":"https:\/\/lesminis.fr\/blog\/?s={search_term_string}"},"query-input":{"@type":"PropertyValueSpecification","valueRequired":true,"valueName":"search_term_string"}}],"inLanguage":"fr-FR"},{"@type":"Organization","@id":"https:\/\/lesminis.fr\/blog\/#organization","name":"LesMinis - Sp\u00e9cialiste mat\u00e9riel p\u00e9dagogiques - Figurines \u00e9ducatives - Mat\u00e9riel Montessori","url":"https:\/\/lesminis.fr\/blog\/","logo":{"@type":"ImageObject","inLanguage":"fr-FR","@id":"https:\/\/lesminis.fr\/blog\/#\/schema\/logo\/image\/","url":"https:\/\/lesminis.fr\/blog\/wp-content\/uploads\/2023\/03\/nouveau-logo-lesminis.png","contentUrl":"https:\/\/lesminis.fr\/blog\/wp-content\/uploads\/2023\/03\/nouveau-logo-lesminis.png","width":500,"height":175,"caption":"LesMinis - Sp\u00e9cialiste mat\u00e9riel p\u00e9dagogiques - Figurines \u00e9ducatives - Mat\u00e9riel Montessori"},"image":{"@id":"https:\/\/lesminis.fr\/blog\/#\/schema\/logo\/image\/"},"sameAs":["https:\/\/fr-fr.facebook.com\/LesMinis.fr\/","https:\/\/www.instagram.com\/lesminis.fr\/","https:\/\/www.tiktok.com\/@lesminis.fr","https:\/\/www.pinterest.fr\/lesminisfr\/"]},{"@type":"Person","@id":"https:\/\/lesminis.fr\/blog\/#\/schema\/person\/4a1be8c8c70a7d945af71674957cf83e","name":"LesMinis","image":{"@type":"ImageObject","inLanguage":"fr-FR","@id":"https:\/\/lesminis.fr\/blog\/#\/schema\/person\/image\/","url":"https:\/\/secure.gravatar.com\/avatar\/288cd93d352b3465f2bd0701b1f2bb059b68dc3a70c4fda061bad8e6c9f8d865?s=96&d=blank&r=g","contentUrl":"https:\/\/secure.gravatar.com\/avatar\/288cd93d352b3465f2bd0701b1f2bb059b68dc3a70c4fda061bad8e6c9f8d865?s=96&d=blank&r=g","caption":"LesMinis"},"sameAs":["https:\/\/lesminis.fr\/blog","https:\/\/www.facebook.com\/LesMinis.fr\/","https:\/\/www.instagram.com\/lesminis.fr\/","https:\/\/www.pinterest.fr\/lesminisfr\/"],"url":"https:\/\/lesminis.fr\/blog\/author\/lesminis\/"}]}},"_links":{"self":[{"href":"https:\/\/lesminis.fr\/blog\/wp-json\/wp\/v2\/posts\/2804","targetHints":{"allow":["GET"]}}],"collection":[{"href":"https:\/\/lesminis.fr\/blog\/wp-json\/wp\/v2\/posts"}],"about":[{"href":"https:\/\/lesminis.fr\/blog\/wp-json\/wp\/v2\/types\/post"}],"author":[{"embeddable":true,"href":"https:\/\/lesminis.fr\/blog\/wp-json\/wp\/v2\/users\/1"}],"replies":[{"embeddable":true,"href":"https:\/\/lesminis.fr\/blog\/wp-json\/wp\/v2\/comments?post=2804"}],"version-history":[{"count":5,"href":"https:\/\/lesminis.fr\/blog\/wp-json\/wp\/v2\/posts\/2804\/revisions"}],"predecessor-version":[{"id":4177,"href":"https:\/\/lesminis.fr\/blog\/wp-json\/wp\/v2\/posts\/2804\/revisions\/4177"}],"wp:featuredmedia":[{"embeddable":true,"href":"https:\/\/lesminis.fr\/blog\/wp-json\/wp\/v2\/media\/2847"}],"wp:attachment":[{"href":"https:\/\/lesminis.fr\/blog\/wp-json\/wp\/v2\/media?parent=2804"}],"wp:term":[{"taxonomy":"category","embeddable":true,"href":"https:\/\/lesminis.fr\/blog\/wp-json\/wp\/v2\/categories?post=2804"},{"taxonomy":"post_tag","embeddable":true,"href":"https:\/\/lesminis.fr\/blog\/wp-json\/wp\/v2\/tags?post=2804"}],"curies":[{"name":"wp","href":"https:\/\/api.w.org\/{rel}","templated":true}]}}