{"id":2770,"date":"2024-02-02T07:00:16","date_gmt":"2024-02-02T06:00:16","guid":{"rendered":"https:\/\/lesminis.fr\/blog\/?p=2770"},"modified":"2024-02-01T15:35:17","modified_gmt":"2024-02-01T14:35:17","slug":"faune-forets-france","status":"publish","type":"post","link":"https:\/\/lesminis.fr\/blog\/faune-forets-france\/","title":{"rendered":"La faune fascinante des for\u00eats de France"},"content":{"rendered":"<p class=\"whitespace-pre-wrap\">La France poss\u00e8de l&rsquo;une des plus belles couvertures foresti\u00e8res d\u2019Europe, avec pr\u00e8s de 17 millions d\u2019hectares de for\u00eats \u00e9galement r\u00e9parties sur l\u2019ensemble de son territoire m\u00e9tropolitain. Ces \u00e9cosyst\u00e8mes complexes abritent une <strong>faune riche et diversifi\u00e9e<\/strong>, dont la beaut\u00e9 et la vari\u00e9t\u00e9 font le bonheur des promeneurs et des naturalistes. Voyage \u00e0 la d\u00e9couverte des principaux <strong>animaux des for\u00eats de France<\/strong>.<\/p>\n<blockquote>\n<p class=\"whitespace-pre-wrap\"><em>\u00ab\u00a0Les for\u00eats fran\u00e7aises sont un v\u00e9ritable sanctuaire pour de nombreuses esp\u00e8ces animales\u00a0\u00bb<\/em> Directeur de l&rsquo;Office national des for\u00eats.<\/p>\n<\/blockquote>\n<p>La <strong>France est un pays riche en for\u00eats diverses<\/strong> qui abritent de nombreuses esp\u00e8ces animales. Des montagnes des Vosges aux landes de Gascogne en passant par les c\u00e9l\u00e8bres for\u00eats de Fontainebleau ou de Compi\u00e8gne, la faune foresti\u00e8re fran\u00e7aise est vari\u00e9e et fascinante.<\/p>\n<div id=\"ez-toc-container\" class=\"ez-toc-v2_0_82_2 counter-hierarchy ez-toc-counter ez-toc-grey ez-toc-container-direction\">\n<div class=\"ez-toc-title-container\">\n<p class=\"ez-toc-title\" style=\"cursor:inherit\">Table of Contents<\/p>\n<span class=\"ez-toc-title-toggle\"><a href=\"#\" class=\"ez-toc-pull-right ez-toc-btn ez-toc-btn-xs ez-toc-btn-default ez-toc-toggle\" aria-label=\"Toggle Table of Content\"><span class=\"ez-toc-js-icon-con\"><span class=\"\"><span class=\"eztoc-hide\" style=\"display:none;\">Toggle<\/span><span class=\"ez-toc-icon-toggle-span\"><svg style=\"fill: #999;color:#999\" xmlns=\"http:\/\/www.w3.org\/2000\/svg\" class=\"list-377408\" width=\"20px\" height=\"20px\" viewBox=\"0 0 24 24\" fill=\"none\"><path d=\"M6 6H4v2h2V6zm14 0H8v2h12V6zM4 11h2v2H4v-2zm16 0H8v2h12v-2zM4 16h2v2H4v-2zm16 0H8v2h12v-2z\" fill=\"currentColor\"><\/path><\/svg><svg style=\"fill: #999;color:#999\" class=\"arrow-unsorted-368013\" xmlns=\"http:\/\/www.w3.org\/2000\/svg\" width=\"10px\" height=\"10px\" viewBox=\"0 0 24 24\" version=\"1.2\" baseProfile=\"tiny\"><path d=\"M18.2 9.3l-6.2-6.3-6.2 6.3c-.2.2-.3.4-.3.7s.1.5.3.7c.2.2.4.3.7.3h11c.3 0 .5-.1.7-.3.2-.2.3-.5.3-.7s-.1-.5-.3-.7zM5.8 14.7l6.2 6.3 6.2-6.3c.2-.2.3-.5.3-.7s-.1-.5-.3-.7c-.2-.2-.4-.3-.7-.3h-11c-.3 0-.5.1-.7.3-.2.2-.3.5-.3.7s.1.5.3.7z\"\/><\/svg><\/span><\/span><\/span><\/a><\/span><\/div>\n<nav><ul class='ez-toc-list ez-toc-list-level-1 ' ><li class='ez-toc-page-1 ez-toc-heading-level-2'><a class=\"ez-toc-link ez-toc-heading-1\" href=\"https:\/\/lesminis.fr\/blog\/faune-forets-france\/#Les_mammiferes_des_forets_de_France\" >Les mammif\u00e8res des for\u00eats de France<\/a><ul class='ez-toc-list-level-3' ><li class='ez-toc-heading-level-3'><a class=\"ez-toc-link ez-toc-heading-2\" href=\"https:\/\/lesminis.fr\/blog\/faune-forets-france\/#Les_ongules\" >Les ongul\u00e9s<\/a><ul class='ez-toc-list-level-4' ><li class='ez-toc-heading-level-4'><a class=\"ez-toc-link ez-toc-heading-3\" href=\"https:\/\/lesminis.fr\/blog\/faune-forets-france\/#Un_ongule_est_un_mammifere_herbivore_ou_mixte_caracterise_par_des_sabots\" >Un ongul\u00e9 est un mammif\u00e8re herbivore ou mixte caract\u00e9ris\u00e9 par des sabots.<\/a><\/li><li class='ez-toc-page-1 ez-toc-heading-level-4'><a class=\"ez-toc-link ez-toc-heading-4\" href=\"https:\/\/lesminis.fr\/blog\/faune-forets-france\/#Parmi_les_ongules_citons\" >Parmi les ongul\u00e9s, citons :<\/a><\/li><\/ul><\/li><\/ul><\/li><li class='ez-toc-page-1 ez-toc-heading-level-2'><a class=\"ez-toc-link ez-toc-heading-5\" href=\"https:\/\/lesminis.fr\/blog\/faune-forets-france\/#Les_predateurs\" >Les pr\u00e9dateurs<\/a><ul class='ez-toc-list-level-4' ><li class='ez-toc-heading-level-4'><ul class='ez-toc-list-level-4' ><li class='ez-toc-heading-level-4'><a class=\"ez-toc-link ez-toc-heading-6\" href=\"https:\/\/lesminis.fr\/blog\/faune-forets-france\/#Parmi_les_predateurs_forestiers\" >Parmi les pr\u00e9dateurs forestiers :<\/a><\/li><\/ul><\/li><\/ul><\/li><li class='ez-toc-page-1 ez-toc-heading-level-2'><a class=\"ez-toc-link ez-toc-heading-7\" href=\"https:\/\/lesminis.fr\/blog\/faune-forets-france\/#Les_oiseaux_emblematiques_des_forets\" >Les oiseaux embl\u00e9matiques des for\u00eats<\/a><ul class='ez-toc-list-level-3' ><li class='ez-toc-heading-level-3'><a class=\"ez-toc-link ez-toc-heading-8\" href=\"https:\/\/lesminis.fr\/blog\/faune-forets-france\/#Les_passereaux\" >Les passereaux<\/a><\/li><li class='ez-toc-page-1 ez-toc-heading-level-3'><a class=\"ez-toc-link ez-toc-heading-9\" href=\"https:\/\/lesminis.fr\/blog\/faune-forets-france\/#Les_pics\" >Les pics<\/a><\/li><li class='ez-toc-page-1 ez-toc-heading-level-3'><a class=\"ez-toc-link ez-toc-heading-10\" href=\"https:\/\/lesminis.fr\/blog\/faune-forets-france\/#Les_rapaces\" >Les rapaces<\/a><\/li><\/ul><\/li><li class='ez-toc-page-1 ez-toc-heading-level-2'><a class=\"ez-toc-link ez-toc-heading-11\" href=\"https:\/\/lesminis.fr\/blog\/faune-forets-france\/#Repartition_regionale_des_especes_forestieres\" >R\u00e9partition r\u00e9gionale des esp\u00e8ces foresti\u00e8res<\/a><ul class='ez-toc-list-level-3' ><li class='ez-toc-heading-level-3'><a class=\"ez-toc-link ez-toc-heading-12\" href=\"https:\/\/lesminis.fr\/blog\/faune-forets-france\/#Grand_Tetras_et_gelinotte_des_bois_dans_les_forets_de_sapins_des_Vosges\" >Grand T\u00e9tras et g\u00e9linotte des bois dans les for\u00eats de sapins des Vosges<\/a><\/li><li class='ez-toc-page-1 ez-toc-heading-level-3'><a class=\"ez-toc-link ez-toc-heading-13\" href=\"https:\/\/lesminis.fr\/blog\/faune-forets-france\/#Lynx_boreal_et_chouette_de_Tengmalm_dans_le_Jura\" >Lynx bor\u00e9al et chouette de Tengmalm dans le Jura<\/a><\/li><li class='ez-toc-page-1 ez-toc-heading-level-3'><a class=\"ez-toc-link ez-toc-heading-14\" href=\"https:\/\/lesminis.fr\/blog\/faune-forets-france\/#Circaete_Jean-le-Blanc_dans_les_Landes\" >Circa\u00e8te Jean-le-Blanc dans les Landes<\/a><\/li><\/ul><\/li><li class='ez-toc-page-1 ez-toc-heading-level-2'><a class=\"ez-toc-link ez-toc-heading-15\" href=\"https:\/\/lesminis.fr\/blog\/faune-forets-france\/#Repartition_regionale_des_especes_forestieres-2\" >R\u00e9partition r\u00e9gionale des esp\u00e8ces foresti\u00e8res<\/a><ul class='ez-toc-list-level-3' ><li class='ez-toc-heading-level-3'><a class=\"ez-toc-link ez-toc-heading-16\" href=\"https:\/\/lesminis.fr\/blog\/faune-forets-france\/#Massifs_des_Vosges_et_du_Jura\" >Massifs des Vosges et du Jura<\/a><\/li><li class='ez-toc-page-1 ez-toc-heading-level-3'><a class=\"ez-toc-link ez-toc-heading-17\" href=\"https:\/\/lesminis.fr\/blog\/faune-forets-france\/#Region_landaise\" >R\u00e9gion landaise<\/a><\/li><li class='ez-toc-page-1 ez-toc-heading-level-3'><a class=\"ez-toc-link ez-toc-heading-18\" href=\"https:\/\/lesminis.fr\/blog\/faune-forets-france\/#Dordogne_et_Lot\" >Dordogne et Lot<\/a><\/li><\/ul><\/li><li class='ez-toc-page-1 ez-toc-heading-level-2'><a class=\"ez-toc-link ez-toc-heading-19\" href=\"https:\/\/lesminis.fr\/blog\/faune-forets-france\/#Conservation_des_especes_forestieres\" >Conservation des esp\u00e8ces foresti\u00e8res<\/a><\/li><\/ul><\/nav><\/div>\n<h2><span class=\"ez-toc-section\" id=\"Les_mammiferes_des_forets_de_France\"><\/span>Les mammif\u00e8res des for\u00eats de France<span class=\"ez-toc-section-end\"><\/span><\/h2>\n<h3><span class=\"ez-toc-section\" id=\"Les_ongules\"><\/span>Les ongul\u00e9s<span class=\"ez-toc-section-end\"><\/span><\/h3>\n<p class=\"whitespace-pre-wrap\">Les for\u00eats fran\u00e7aises abritent plusieurs esp\u00e8ces d&rsquo;ongul\u00e9s, mammif\u00e8res herbivores aux sabots bipartites. Certains sont pr\u00e9sents de longue date, tandis que d&rsquo;autres ont \u00e9t\u00e9 introduits par l&rsquo;Homme.<\/p>\n<p class=\"whitespace-pre-wrap\">Parmi les esp\u00e8ces indig\u00e8nes, le <strong>chevreuil<\/strong> est sans conteste le cervid\u00e9 le plus r\u00e9pandu. De petite taille, il est facilement observable en lisi\u00e8re de for\u00eats, y compris \u00e0 proximit\u00e9 des villes. Sociable en hiver, il redevient farouche et solitaire \u00e0 la belle saison lorsqu&rsquo;il marque son territoire \u00e0 coups de frottis de ses bois.<\/p>\n<p class=\"whitespace-pre-wrap\">Plus imposant, le <strong>cerf \u00e9laphe<\/strong>, v\u00e9ritable embl\u00e8me de la for\u00eat de Fontainebleau avec ses larges ramures, peut atteindre jusqu&rsquo;\u00e0 230 kg. Les vieux m\u00e2les arborent de magnifiques troph\u00e9es qui sont r\u00e9guli\u00e8rement renouvel\u00e9s.<\/p>\n<p class=\"whitespace-pre-wrap\">Autre ongul\u00e9 indig\u00e8ne des for\u00eats fran\u00e7aises, le <strong>sanglier<\/strong> est un animal robuste aux d\u00e9fenses ac\u00e9r\u00e9es qui fouille le sol \u00e0 la recherche de glands, fa\u00eenes et autres fruits forestiers dont il raffole. Gr\u00e2ce \u00e0 sa remarquable adaptabilit\u00e9, ses populations sont en constante augmentation.<\/p>\n<p><img loading=\"lazy\" decoding=\"async\" class=\"alignnone size-full wp-image-2771\" src=\"https:\/\/lesminis.fr\/blog\/wp-content\/uploads\/2024\/02\/cerf-foret-france-faune-1.jpg\" alt=\"\" width=\"1080\" height=\"1080\" srcset=\"https:\/\/lesminis.fr\/blog\/wp-content\/uploads\/2024\/02\/cerf-foret-france-faune-1.jpg 1080w, https:\/\/lesminis.fr\/blog\/wp-content\/uploads\/2024\/02\/cerf-foret-france-faune-1-300x300.jpg 300w, https:\/\/lesminis.fr\/blog\/wp-content\/uploads\/2024\/02\/cerf-foret-france-faune-1-1024x1024.jpg 1024w, https:\/\/lesminis.fr\/blog\/wp-content\/uploads\/2024\/02\/cerf-foret-france-faune-1-150x150.jpg 150w, https:\/\/lesminis.fr\/blog\/wp-content\/uploads\/2024\/02\/cerf-foret-france-faune-1-768x768.jpg 768w, https:\/\/lesminis.fr\/blog\/wp-content\/uploads\/2024\/02\/cerf-foret-france-faune-1-696x696.jpg 696w, https:\/\/lesminis.fr\/blog\/wp-content\/uploads\/2024\/02\/cerf-foret-france-faune-1-1068x1068.jpg 1068w, https:\/\/lesminis.fr\/blog\/wp-content\/uploads\/2024\/02\/cerf-foret-france-faune-1-420x420.jpg 420w\" sizes=\"auto, (max-width: 1080px) 100vw, 1080px\" \/><\/p>\n<p class=\"whitespace-pre-wrap\">Parmi les ongul\u00e9s introduits par la main de l&rsquo;Homme dans les si\u00e8cles pass\u00e9s, on trouve le <strong>daim<\/strong>, pr\u00e9sent notamment en Normandie et en Bourgogne, ou encore le <strong>mouflon<\/strong>, acclimat\u00e9 dans certaines r\u00e9gions montagneuses et m\u00e9diterran\u00e9ennes. Enfin, le <strong>bouquetin des Alpes<\/strong>, jadis en voie d&rsquo;extinction, a \u00e9t\u00e9 r\u00e9introduit avec succ\u00e8s dans plusieurs massifs.<\/p>\n<h4 class=\"whitespace-pre-wrap\"><span class=\"ez-toc-section\" id=\"Un_ongule_est_un_mammifere_herbivore_ou_mixte_caracterise_par_des_sabots\"><\/span>Un ongul\u00e9 est un mammif\u00e8re herbivore ou mixte caract\u00e9ris\u00e9 par des sabots.<span class=\"ez-toc-section-end\"><\/span><\/h4>\n<p class=\"whitespace-pre-wrap\">Plus pr\u00e9cis\u00e9ment, les ongul\u00e9s poss\u00e8dent des doigts munis d&rsquo;un nombre pair de phalanges qui se terminent par des sabots corn\u00e9s. On distingue deux groupes :<\/p>\n<ul class=\"list-disc pl-8 space-y-2\">\n<li class=\"whitespace-normal\">Les artiodactyles : ce sont des ongul\u00e9s qui ont un nombre pair de doigts \u00e0 chaque patte, g\u00e9n\u00e9ralement 2 ou 4 doigts. Parmi eux, on trouve les ruminants (cerfs, chevreuils, bovins), les suid\u00e9s (sangliers) ou encore les hippopotames.<\/li>\n<li class=\"whitespace-normal\">Les p\u00e9rissodactyles : ils ont un nombre impair de doigts, g\u00e9n\u00e9ralement 3 doigts \u00e0 chaque patte. Dans ce groupe, on trouve par exemple les \u00e9quid\u00e9s (chevaux, \u00e2nes), les tapirs ou encore les rhinoc\u00e9ros.<\/li>\n<\/ul>\n<p class=\"whitespace-pre-wrap\">En r\u00e9sum\u00e9, les caract\u00e9ristiques principales des ongul\u00e9s sont :<\/p>\n<ul class=\"list-disc pl-8 space-y-2\">\n<li class=\"whitespace-normal\">Sabots corn\u00e9s<\/li>\n<li class=\"whitespace-normal\">Nombre pair (artiodactyles) ou impair (p\u00e9rissodactyles) de doigts<\/li>\n<li class=\"whitespace-normal\">R\u00e9gime alimentaire herbivore ou mixte<\/li>\n<\/ul>\n<h4 class=\"whitespace-pre-wrap\"><span class=\"ez-toc-section\" id=\"Parmi_les_ongules_citons\"><\/span>Parmi les ongul\u00e9s, citons :<span class=\"ez-toc-section-end\"><\/span><\/h4>\n<ul class=\"list-disc pl-8 space-y-2\">\n<li class=\"whitespace-normal\">Le\u00a0<strong>chevreuil<\/strong>\u00a0: tr\u00e8s r\u00e9pandu, on peut l\u2019observer m\u00eame en lisi\u00e8re de villes. Il marque son territoire \u00e0 l\u2019aide de fray\u00e8res dans lesquelles il frotte le velours de ses bois.<\/li>\n<li class=\"whitespace-normal\">Le\u00a0<strong>cerf \u00e9laphe<\/strong>\u00a0: embl\u00e8me de la for\u00eat de Fontainebleau, il porte d\u2019imposants troph\u00e9es pesant jusqu\u2019\u00e0 une dizaine de kilos.<\/li>\n<li class=\"whitespace-normal\">Le\u00a0<strong>sanglier<\/strong>\u00a0: adaptable, ses effectifs sont en augmentation. Son habitat de pr\u00e9dilection reste les ch\u00eanaies-h\u00eatraies riches en glands et fa\u00eenes.<\/li>\n<li class=\"whitespace-normal\">Le\u00a0<strong>daim<\/strong>\u00a0: introduit \u00e0 diverses \u00e9poques, on le rencontre notamment dans certains massifs forestiers normands ou bourguignons.<\/li>\n<li class=\"whitespace-normal\">Le\u00a0<strong>chevreuil<\/strong>\u00a0: pr\u00e9sent surtout dans le sud-est de la France, il affectionne les bois de pins et les garrigues.<\/li>\n<li class=\"whitespace-normal\">Le\u00a0<strong>bouquetin des Alpes<\/strong>\u00a0: r\u00e9introduit dans certains massifs montagneux apr\u00e8s avoir fr\u00f4l\u00e9 l&rsquo;extinction, comme le massif du Bargy en Haute-Savoie.<\/li>\n<\/ul>\n<h2><span class=\"ez-toc-section\" id=\"Les_predateurs\"><\/span>Les pr\u00e9dateurs<span class=\"ez-toc-section-end\"><\/span><\/h2>\n<p class=\"whitespace-pre-wrap\">Les for\u00eats fran\u00e7aises abritent plusieurs esp\u00e8ces de mammif\u00e8res carnivores qui jouent un r\u00f4le essentiel dans la r\u00e9gulation des populations de leurs proies. On les appelle les pr\u00e9dateurs.<\/p>\n<p class=\"whitespace-pre-wrap\">Ce sont g\u00e9n\u00e9ralement des animaux discrets et rus\u00e9s qui chassent \u00e0 l&rsquo;aff\u00fbt ou en embuscade. Ils se nourrissent principalement de la viande d&rsquo;autres animaux qu&rsquo;ils capturent. Certains sont des pr\u00e9dateurs g\u00e9n\u00e9ralistes et opportunistes qui consomment \u00e9galement des charognes, des insectes ou des v\u00e9g\u00e9taux.<\/p>\n<p class=\"whitespace-pre-wrap\">Le pr\u00e9dateur le plus commun dans les bois fran\u00e7ais est le <strong>renard roux<\/strong>. Actif au cr\u00e9puscule et \u00e0 l&rsquo;aube, il chasse petits rongeurs, oiseaux et lapins. Opportuniste, il consomme aussi des fruits, baies et d\u00e9chets alimentaires laiss\u00e9s par l&rsquo;Homme.<\/p>\n<p class=\"whitespace-pre-wrap\">Discr\u00e8te et agile, la <strong>martre<\/strong> est un excellent grimpeur qui se d\u00e9place avec aisance dans les arbres \u00e0 la poursuite d&rsquo;\u00e9cureuils ou d&rsquo;oisillons dont elle est tr\u00e8s friande. Elle niche dans des cavit\u00e9s qu&rsquo;elle agrandit.<\/p>\n<p class=\"whitespace-pre-wrap\">Le <strong>chat forestier<\/strong> est un f\u00e9lin de la taille d&rsquo;un petit chien, le plus souvent nocturne. Carnivore strict, sa principale proie est le mulot, un petit rongeur des sous-bois tr\u00e8s abondant. Ce discret pr\u00e9dateur est difficile \u00e0 observer.<\/p>\n<h4 class=\"whitespace-pre-wrap\"><span class=\"ez-toc-section\" id=\"Parmi_les_predateurs_forestiers\"><\/span>Parmi les pr\u00e9dateurs forestiers :<span class=\"ez-toc-section-end\"><\/span><\/h4>\n<ul class=\"list-disc pl-8 space-y-2\">\n<li class=\"whitespace-normal\">Le\u00a0<strong>renard roux<\/strong>\u00a0: apr\u00e8s le chevreuil, c\u2019est le carnivore le plus commun. Rus\u00e9 et opportuniste, il consomme \u00e9galement des fruits et des baies.<\/li>\n<li class=\"whitespace-normal\">La\u00a0<strong>martre<\/strong>\u00a0: avec l\u2019\u00e9cureuil, son agilit\u00e9 dans les arbres lui permet de capturer oiseaux et petits rongeurs.<\/li>\n<li class=\"whitespace-normal\">Le\u00a0<strong>chat forestier<\/strong>\u00a0: de la taille d\u2019un petit chien, ce discret f\u00e9lin nocturne chasse mulots et campagnols.<\/li>\n<li class=\"whitespace-normal\">La\u00a0<strong>belette<\/strong>\u00a0: petit must\u00e9lid\u00e9 au corps allong\u00e9, elle consomme campagnols, mulots et oisillons.<\/li>\n<li class=\"whitespace-normal\">La\u00a0<strong>fouine<\/strong>\u00a0: proche cousine de la martre, elle est attir\u00e9e par les basses-cours qu&rsquo;elle peut d\u00e9cimer.<\/li>\n<li class=\"whitespace-normal\">Le\u00a0<strong>putois<\/strong>\u00a0: reconnaissable aux bandes claires sur son dos, il s&rsquo;attaque \u00e0 des proies plus grosses comme les lapins.<\/li>\n<li class=\"whitespace-normal\">Le\u00a0<strong>blaireau<\/strong>\u00a0: on le rencontre plut\u00f4t pr\u00e8s des lisi\u00e8res, \u00e0 la recherche de vers de terre et de larves.<\/li>\n<li class=\"whitespace-normal\">La\u00a0<strong>loutre d&rsquo;Europe<\/strong>\u00a0: autre must\u00e9lid\u00e9 qui recolonise progressivement les rivi\u00e8res \u00e0 poissons.<\/li>\n<\/ul>\n<h2><span class=\"ez-toc-section\" id=\"Les_oiseaux_emblematiques_des_forets\"><\/span>Les oiseaux embl\u00e9matiques des for\u00eats<span class=\"ez-toc-section-end\"><\/span><\/h2>\n<p class=\"whitespace-pre-wrap\">Parmi les <strong>oiseaux les plus repr\u00e9sent\u00e9s dans les for\u00eats fran\u00e7aises<\/strong>, citons :<\/p>\n<h3><span class=\"ez-toc-section\" id=\"Les_passereaux\"><\/span>Les passereaux<span class=\"ez-toc-section-end\"><\/span><\/h3>\n<ul class=\"list-disc pl-8 space-y-2\">\n<li class=\"whitespace-normal\"><strong>La m\u00e9sange charbonni\u00e8re<\/strong>\u00a0: le passereau le plus commun, reconnaissable \u00e0 sa t\u00eate noire et ses joues blanches.<\/li>\n<li class=\"whitespace-normal\"><strong>Le pinson des arbres<\/strong>\u00a0: oiseau vif et farouche, reconnaissable \u00e0 son chant m\u00e9lodieux au printemps.<\/li>\n<li class=\"whitespace-normal\"><strong>La sittelle torchepot<\/strong>\u00a0: elle descend le long des troncs la t\u00eate en bas \u00e0 la recherche d\u2019insectes.<\/li>\n<\/ul>\n<h3><span class=\"ez-toc-section\" id=\"Les_pics\"><\/span>Les pics<span class=\"ez-toc-section-end\"><\/span><\/h3>\n<ul class=\"list-disc pl-8 space-y-2\">\n<li class=\"whitespace-normal\"><strong>Le pic \u00e9peiche<\/strong>\u00a0: le plus r\u00e9pandu, il fore les arbres de ses puissants coups de bec.<\/li>\n<li class=\"whitespace-normal\"><strong>Le pic noir<\/strong>\u00a0: plus rare et localis\u00e9, on le trouve dans les vieilles ch\u00eanaies.<\/li>\n<li class=\"whitespace-normal\"><strong>Le pic vert<\/strong>\u00a0: visible dans toutes les vieilles for\u00eats riches en insectes.<\/li>\n<\/ul>\n<h3><span class=\"ez-toc-section\" id=\"Les_rapaces\"><\/span>Les rapaces<span class=\"ez-toc-section-end\"><\/span><\/h3>\n<ul class=\"list-disc pl-8 space-y-2\">\n<li class=\"whitespace-normal\"><strong>La chouette hulotte<\/strong>\u00a0: la chouette la plus commune, elle niche dans les arbres creux.<\/li>\n<li class=\"whitespace-normal\"><strong>L&rsquo;autour des palombes<\/strong>\u00a0: rapace diurne des vieilles for\u00eats de feuillus.<\/li>\n<li class=\"whitespace-normal\"><strong>La buse variable<\/strong>\u00a0: ce rapace opportuniste appr\u00e9cie les trou\u00e9es foresti\u00e8res.<\/li>\n<\/ul>\n<blockquote class=\"wp-embedded-content\" data-secret=\"tH4UT77dn7\"><p><a href=\"https:\/\/lesminis.fr\/blog\/figurines-rapaces-animaux-oiseaux\/\">Biologie des rapaces diurnes et nocturnes : apprendre en s&rsquo;amusant avec nos figurines d\u00e9taill\u00e9es<\/a><\/p><\/blockquote>\n<p><iframe loading=\"lazy\" class=\"wp-embedded-content\" sandbox=\"allow-scripts\" security=\"restricted\" style=\"position: absolute; clip: rect(1px, 1px, 1px, 1px);\" title=\"\u00ab\u00a0Biologie des rapaces diurnes et nocturnes : apprendre en s&rsquo;amusant avec nos figurines d\u00e9taill\u00e9es\u00a0\u00bb &#8212; LesMinis Le Blog - Mat\u00e9riels \u00e9ducatifs - Figurines p\u00e9dagogiques\" src=\"https:\/\/lesminis.fr\/blog\/figurines-rapaces-animaux-oiseaux\/embed\/#?secret=kgHauTCIUq#?secret=tH4UT77dn7\" data-secret=\"tH4UT77dn7\" width=\"600\" height=\"338\" frameborder=\"0\" marginwidth=\"0\" marginheight=\"0\" scrolling=\"no\"><\/iframe><\/p>\n<h2><span class=\"ez-toc-section\" id=\"Repartition_regionale_des_especes_forestieres\"><\/span>R\u00e9partition r\u00e9gionale des esp\u00e8ces foresti\u00e8res<span class=\"ez-toc-section-end\"><\/span><\/h2>\n<p class=\"whitespace-pre-wrap\">Certaines esp\u00e8ces animales ont une r\u00e9partition r\u00e9gionale li\u00e9e \u00e0 des essences foresti\u00e8res particuli\u00e8res :<\/p>\n<h3><span class=\"ez-toc-section\" id=\"Grand_Tetras_et_gelinotte_des_bois_dans_les_forets_de_sapins_des_Vosges\"><\/span>Grand T\u00e9tras et g\u00e9linotte des bois dans les for\u00eats de sapins des Vosges<span class=\"ez-toc-section-end\"><\/span><\/h3>\n<p class=\"whitespace-pre-wrap\">Le <strong>Grand T\u00e9tras<\/strong>, plus gros oiseau des for\u00eats fran\u00e7aises, est inf\u00e9od\u00e9 aux sapini\u00e8res montagnardes vosgiennes en dessous de 1500m d\u2019altitude. La <strong>g\u00e9linotte des bois<\/strong>, plus petite, affectionne les m\u00eames habitats de conif\u00e8res.<\/p>\n<h3><span class=\"ez-toc-section\" id=\"Lynx_boreal_et_chouette_de_Tengmalm_dans_le_Jura\"><\/span>Lynx bor\u00e9al et chouette de Tengmalm dans le Jura<span class=\"ez-toc-section-end\"><\/span><\/h3>\n<p class=\"whitespace-pre-wrap\">Dans les massifs forestiers de conif\u00e8res du massif du Jura, on trouve le <strong>lynx bor\u00e9al<\/strong>, f\u00e9lin discret r\u00e9introduit dans les ann\u00e9es 80, ainsi que la <strong>chouette de Tengmalm<\/strong> qui niche dans les vieux pins.<\/p>\n<p><img loading=\"lazy\" decoding=\"async\" class=\"alignnone size-full wp-image-2753\" src=\"https:\/\/lesminis.fr\/blog\/wp-content\/uploads\/2024\/01\/13.jpg\" alt=\"Lynx bor\u00e9al en pleine sieste foresti\u00e8re\" width=\"945\" height=\"945\" srcset=\"https:\/\/lesminis.fr\/blog\/wp-content\/uploads\/2024\/01\/13.jpg 945w, https:\/\/lesminis.fr\/blog\/wp-content\/uploads\/2024\/01\/13-300x300.jpg 300w, https:\/\/lesminis.fr\/blog\/wp-content\/uploads\/2024\/01\/13-150x150.jpg 150w, https:\/\/lesminis.fr\/blog\/wp-content\/uploads\/2024\/01\/13-768x768.jpg 768w, https:\/\/lesminis.fr\/blog\/wp-content\/uploads\/2024\/01\/13-696x696.jpg 696w, https:\/\/lesminis.fr\/blog\/wp-content\/uploads\/2024\/01\/13-420x420.jpg 420w\" sizes=\"auto, (max-width: 945px) 100vw, 945px\" \/><\/p>\n<h3><span class=\"ez-toc-section\" id=\"Circaete_Jean-le-Blanc_dans_les_Landes\"><\/span>Circa\u00e8te Jean-le-Blanc dans les Landes<span class=\"ez-toc-section-end\"><\/span><\/h3>\n<p class=\"whitespace-pre-wrap\">Ce magnifique rapace, reconnaissable \u00e0 son ventre blanc, est pr\u00e9sent en tr\u00e8s grand nombre dans les pin\u00e8des landaises, son habitat de pr\u00e9dilection en France o\u00f9 il se nourrit de serpents et de l\u00e9zards.<\/p>\n<h2><span class=\"ez-toc-section\" id=\"Repartition_regionale_des_especes_forestieres-2\"><\/span>R\u00e9partition r\u00e9gionale des esp\u00e8ces foresti\u00e8res<span class=\"ez-toc-section-end\"><\/span><\/h2>\n<p class=\"whitespace-pre-wrap\">Selon les essences foresti\u00e8res dominantes et l&#8217;emplacement g\u00e9ographique, on observe des sp\u00e9cificit\u00e9s dans les esp\u00e8ces pr\u00e9sentes.<\/p>\n<h3><span class=\"ez-toc-section\" id=\"Massifs_des_Vosges_et_du_Jura\"><\/span>Massifs des Vosges et du Jura<span class=\"ez-toc-section-end\"><\/span><\/h3>\n<p class=\"whitespace-pre-wrap\">Dans les massifs montagneux domin\u00e9s par les <strong>conif\u00e8res<\/strong>, comme les Vosges ou le Jura :<\/p>\n<ul class=\"list-disc pl-8 space-y-2\">\n<li class=\"whitespace-normal\">Le\u00a0<strong>Grand T\u00e9tras<\/strong>\u00a0: ce gros galliforme est inf\u00e9od\u00e9 aux sapini\u00e8res de montagne. La femelle peut avoir jusqu&rsquo;\u00e0 une douzaine de poussins.<\/li>\n<li class=\"whitespace-normal\">La\u00a0<strong>G\u00e9linotte des bois<\/strong>\u00a0: plus petite que le Grand T\u00e9tras, elle affectionne \u00e9galement les pessi\u00e8res et sapini\u00e8res.<\/li>\n<li class=\"whitespace-normal\">Le\u00a0<strong>Lynx bor\u00e9al<\/strong>\u00a0: r\u00e9introduit avec succ\u00e8s dans le Jura dans les ann\u00e9es 90. Ce discret pr\u00e9dateur peut parcourir de vastes territoires.<\/li>\n<li class=\"whitespace-normal\">La\u00a0<strong>Chouette de Tengmalm<\/strong>\u00a0: petite chouette diurne des for\u00eats de conif\u00e8res montagnardes.<\/li>\n<\/ul>\n<h3><span class=\"ez-toc-section\" id=\"Region_landaise\"><\/span>R\u00e9gion landaise<span class=\"ez-toc-section-end\"><\/span><\/h3>\n<p class=\"whitespace-pre-wrap\">Dans le massif forestier des <strong>Landes de Gascogne<\/strong>, domin\u00e9 par les pins maritimes :<\/p>\n<ul class=\"list-disc pl-8 space-y-2\">\n<li class=\"whitespace-normal\">Le\u00a0<strong>circa\u00e8te Jean-le-blanc<\/strong>\u00a0: rapace diurne se nourrissant exclusivement de reptiles comme les l\u00e9zards et les couleuvres.<\/li>\n<li class=\"whitespace-normal\">La\u00a0<strong>bondr\u00e9e apivore<\/strong>\u00a0: ce rapace consomme \u00e9galement beaucoup d&rsquo;hym\u00e9nopt\u00e8res comme les gu\u00eapes et les abeilles.<\/li>\n<li class=\"whitespace-normal\">Le\u00a0<strong>faucon hobereau<\/strong>\u00a0: sp\u00e9cialis\u00e9 dans la capture d&rsquo;oiseaux, il niche dans les grands pins.<\/li>\n<\/ul>\n<h3><span class=\"ez-toc-section\" id=\"Dordogne_et_Lot\"><\/span>Dordogne et Lot<span class=\"ez-toc-section-end\"><\/span><\/h3>\n<p class=\"whitespace-pre-wrap\">En Dordogne ou dans le Lot, les for\u00eats de <strong>ch\u00eanes<\/strong> abritent une faune particuli\u00e8re :<\/p>\n<ul class=\"list-disc pl-8 space-y-2\">\n<li class=\"whitespace-normal\">Le\u00a0<strong>balbuzard p\u00eacheur<\/strong>\u00a0: rapace piscivore nichant parfois \u00e0 grande distance des points d&rsquo;eau dans de grands ch\u00eanes.<\/li>\n<li class=\"whitespace-normal\">La\u00a0<strong>salamandre tachet\u00e9e<\/strong>\u00a0: ce petit amphibien nocturne appr\u00e9cie les vieilles futaies de feuillus.<\/li>\n<li class=\"whitespace-normal\">Le\u00a0<strong>lucane cerf-volant<\/strong>\u00a0: ce gros col\u00e9opt\u00e8re xylophage se d\u00e9veloppe dans le bois mort du ch\u00eane.<\/li>\n<\/ul>\n<blockquote class=\"wp-embedded-content\" data-secret=\"H4GVgjz9n3\"><p><a href=\"https:\/\/lesminis.fr\/blog\/animaux-de-la-foret-habitat-comportement-alimentation-tout-ce-que-vous-devez-savoir\/\">Animaux de la for\u00eat : les merveilles de la nature \u00e0 d\u00e9couvrir absolument !<\/a><\/p><\/blockquote>\n<p><iframe loading=\"lazy\" class=\"wp-embedded-content\" sandbox=\"allow-scripts\" security=\"restricted\" style=\"position: absolute; clip: rect(1px, 1px, 1px, 1px);\" title=\"\u00ab\u00a0Animaux de la for\u00eat : les merveilles de la nature \u00e0 d\u00e9couvrir absolument !\u00a0\u00bb &#8212; LesMinis Le Blog - Mat\u00e9riels \u00e9ducatifs - Figurines p\u00e9dagogiques\" src=\"https:\/\/lesminis.fr\/blog\/animaux-de-la-foret-habitat-comportement-alimentation-tout-ce-que-vous-devez-savoir\/embed\/#?secret=bhDv5wiGMw#?secret=H4GVgjz9n3\" data-secret=\"H4GVgjz9n3\" width=\"600\" height=\"338\" frameborder=\"0\" marginwidth=\"0\" marginheight=\"0\" scrolling=\"no\"><\/iframe><\/p>\n<h2><span class=\"ez-toc-section\" id=\"Conservation_des_especes_forestieres\"><\/span>Conservation des esp\u00e8ces foresti\u00e8res<span class=\"ez-toc-section-end\"><\/span><\/h2>\n<p class=\"whitespace-pre-wrap\">Bien que riches en esp\u00e8ces animales, <em>les for\u00eats fran\u00e7aises et leur biodiversit\u00e9 sont menac\u00e9es par l\u2019artificialisation des milieux et le d\u00e9rangement humain<\/em>. De nombreuses actions sont mises en place pour pr\u00e9server les esp\u00e8ces :<\/p>\n<ul class=\"list-disc pl-8 space-y-2\">\n<li class=\"whitespace-normal\">Cr\u00e9ation d&rsquo;aires prot\u00e9g\u00e9es et de r\u00e9serves naturelles<\/li>\n<li class=\"whitespace-normal\">Gestion durable des for\u00eats avec des \u00eelots de s\u00e9nescence<\/li>\n<li class=\"whitespace-normal\">Lutte contre le braconnage<\/li>\n<li class=\"whitespace-normal\">R\u00e9introduction d&rsquo;esp\u00e8ces disparues comme le lynx bor\u00e9al<\/li>\n<\/ul>\n<p class=\"whitespace-pre-wrap\">Gr\u00e2ce \u00e0 ces efforts combin\u00e9s, esp\u00e9rons que les g\u00e9n\u00e9rations futures pourront continuer \u00e0 observer la faune exceptionnellement riche et diversifi\u00e9e de nos belles for\u00eats fran\u00e7aises.<\/p>\n","protected":false},"excerpt":{"rendered":"<p>Les for\u00eats fran\u00e7aises sont un v\u00e9ritable sanctuaire pour de nombreuses esp\u00e8ces animales\u00a0\u00bb. Du Grand T\u00e9tras des Vosges au circa\u00e8te Jean-le-Blanc des Landes, voyage \u00e0 la d\u00e9couverte des esp\u00e8ces embl\u00e9matiques de nos for\u00eats.<\/p>\n","protected":false},"author":1,"featured_media":2772,"comment_status":"open","ping_status":"closed","sticky":false,"template":"","format":"standard","meta":{"_acf_changed":false,"footnotes":""},"categories":[28],"tags":[215,816,406,179,458,821,822,591,818,254,819,654,817,820],"class_list":{"0":"post-2770","1":"post","2":"type-post","3":"status-publish","4":"format-standard","5":"has-post-thumbnail","7":"category-monde-animal-figurines","8":"tag-animaux","9":"tag-cerf","10":"tag-chevreuil","11":"tag-faune","12":"tag-foret","13":"tag-jura","14":"tag-landes","15":"tag-mammiferes","16":"tag-mesange","17":"tag-oiseaux","18":"tag-pic","19":"tag-rapaces","20":"tag-sanglier","21":"tag-vosges"},"acf":[],"yoast_head":"<!-- This site is optimized with the Yoast SEO Premium plugin v27.5 (Yoast SEO v27.5) - https:\/\/yoast.com\/product\/yoast-seo-premium-wordpress\/ -->\n<title>D\u00e9couvrez la faune riche et diversifi\u00e9e des for\u00eats fran\u00e7aises<\/title>\n<meta name=\"description\" content=\"Les for\u00eats fran\u00e7aises abritent une faune vari\u00e9e et souvent m\u00e9connue. Du Grand T\u00e9tras des Vosges au circa\u00e8te Jean-le-Blanc des Landes, voyage \u00e0 la d\u00e9couverte des esp\u00e8ces embl\u00e9matiques de nos for\u00eats.\" \/>\n<meta name=\"robots\" content=\"index, follow, max-snippet:-1, max-image-preview:large, max-video-preview:-1\" \/>\n<link rel=\"canonical\" href=\"https:\/\/lesminis.fr\/blog\/faune-forets-france\/\" \/>\n<meta property=\"og:locale\" content=\"fr_FR\" \/>\n<meta property=\"og:type\" content=\"article\" \/>\n<meta property=\"og:title\" content=\"La faune fascinante des for\u00eats de France\" \/>\n<meta property=\"og:description\" content=\"Les for\u00eats fran\u00e7aises abritent une faune vari\u00e9e et souvent m\u00e9connue. Du Grand T\u00e9tras des Vosges au circa\u00e8te Jean-le-Blanc des Landes, voyage \u00e0 la d\u00e9couverte des esp\u00e8ces embl\u00e9matiques de nos for\u00eats.\" \/>\n<meta property=\"og:url\" content=\"https:\/\/lesminis.fr\/blog\/faune-forets-france\/\" \/>\n<meta property=\"og:site_name\" content=\"LesMinis Le Blog - Mat\u00e9riels \u00e9ducatifs - Figurines p\u00e9dagogiques\" \/>\n<meta property=\"article:publisher\" content=\"https:\/\/fr-fr.facebook.com\/LesMinis.fr\/\" \/>\n<meta property=\"article:author\" content=\"https:\/\/www.facebook.com\/LesMinis.fr\/\" \/>\n<meta property=\"article:published_time\" content=\"2024-02-02T06:00:16+00:00\" \/>\n<meta property=\"og:image\" content=\"https:\/\/lesminis.fr\/blog\/wp-content\/uploads\/2024\/02\/cerf-foret-france-faune-2.jpg\" \/>\n\t<meta property=\"og:image:width\" content=\"1080\" \/>\n\t<meta property=\"og:image:height\" content=\"1080\" \/>\n\t<meta property=\"og:image:type\" content=\"image\/jpeg\" \/>\n<meta name=\"author\" content=\"LesMinis\" \/>\n<meta name=\"twitter:label1\" content=\"\u00c9crit par\" \/>\n\t<meta name=\"twitter:data1\" content=\"LesMinis\" \/>\n\t<meta name=\"twitter:label2\" content=\"Dur\u00e9e de lecture estim\u00e9e\" \/>\n\t<meta name=\"twitter:data2\" content=\"9 minutes\" \/>\n<script type=\"application\/ld+json\" class=\"yoast-schema-graph\">{\"@context\":\"https:\\\/\\\/schema.org\",\"@graph\":[{\"@type\":[\"Article\",\"BlogPosting\"],\"@id\":\"https:\\\/\\\/lesminis.fr\\\/blog\\\/faune-forets-france\\\/#article\",\"isPartOf\":{\"@id\":\"https:\\\/\\\/lesminis.fr\\\/blog\\\/faune-forets-france\\\/\"},\"author\":{\"name\":\"LesMinis\",\"@id\":\"https:\\\/\\\/lesminis.fr\\\/blog\\\/#\\\/schema\\\/person\\\/4a1be8c8c70a7d945af71674957cf83e\"},\"headline\":\"La faune fascinante des for\u00eats de France\",\"datePublished\":\"2024-02-02T06:00:16+00:00\",\"mainEntityOfPage\":{\"@id\":\"https:\\\/\\\/lesminis.fr\\\/blog\\\/faune-forets-france\\\/\"},\"wordCount\":1821,\"commentCount\":0,\"publisher\":{\"@id\":\"https:\\\/\\\/lesminis.fr\\\/blog\\\/#organization\"},\"image\":{\"@id\":\"https:\\\/\\\/lesminis.fr\\\/blog\\\/faune-forets-france\\\/#primaryimage\"},\"thumbnailUrl\":\"https:\\\/\\\/lesminis.fr\\\/blog\\\/wp-content\\\/uploads\\\/2024\\\/02\\\/cerf-foret-france-faune-2.jpg\",\"keywords\":[\"animaux\",\"cerf\",\"chevreuil\",\"faune\",\"foret\",\"Jura\",\"Landes\",\"mammif\u00e8res\",\"m\u00e9sange\",\"oiseaux\",\"pic\",\"rapaces\",\"sanglier\",\"Vosges\"],\"articleSection\":[\"Zoodex \u2014 Explorer le monde animal\"],\"inLanguage\":\"fr-FR\",\"potentialAction\":[{\"@type\":\"CommentAction\",\"name\":\"Comment\",\"target\":[\"https:\\\/\\\/lesminis.fr\\\/blog\\\/faune-forets-france\\\/#respond\"]}]},{\"@type\":\"WebPage\",\"@id\":\"https:\\\/\\\/lesminis.fr\\\/blog\\\/faune-forets-france\\\/\",\"url\":\"https:\\\/\\\/lesminis.fr\\\/blog\\\/faune-forets-france\\\/\",\"name\":\"D\u00e9couvrez la faune riche et diversifi\u00e9e des for\u00eats fran\u00e7aises\",\"isPartOf\":{\"@id\":\"https:\\\/\\\/lesminis.fr\\\/blog\\\/#website\"},\"primaryImageOfPage\":{\"@id\":\"https:\\\/\\\/lesminis.fr\\\/blog\\\/faune-forets-france\\\/#primaryimage\"},\"image\":{\"@id\":\"https:\\\/\\\/lesminis.fr\\\/blog\\\/faune-forets-france\\\/#primaryimage\"},\"thumbnailUrl\":\"https:\\\/\\\/lesminis.fr\\\/blog\\\/wp-content\\\/uploads\\\/2024\\\/02\\\/cerf-foret-france-faune-2.jpg\",\"datePublished\":\"2024-02-02T06:00:16+00:00\",\"description\":\"Les for\u00eats fran\u00e7aises abritent une faune vari\u00e9e et souvent m\u00e9connue. Du Grand T\u00e9tras des Vosges au circa\u00e8te Jean-le-Blanc des Landes, voyage \u00e0 la d\u00e9couverte des esp\u00e8ces embl\u00e9matiques de nos for\u00eats.\",\"breadcrumb\":{\"@id\":\"https:\\\/\\\/lesminis.fr\\\/blog\\\/faune-forets-france\\\/#breadcrumb\"},\"inLanguage\":\"fr-FR\",\"potentialAction\":[{\"@type\":\"ReadAction\",\"target\":[\"https:\\\/\\\/lesminis.fr\\\/blog\\\/faune-forets-france\\\/\"]}]},{\"@type\":\"ImageObject\",\"inLanguage\":\"fr-FR\",\"@id\":\"https:\\\/\\\/lesminis.fr\\\/blog\\\/faune-forets-france\\\/#primaryimage\",\"url\":\"https:\\\/\\\/lesminis.fr\\\/blog\\\/wp-content\\\/uploads\\\/2024\\\/02\\\/cerf-foret-france-faune-2.jpg\",\"contentUrl\":\"https:\\\/\\\/lesminis.fr\\\/blog\\\/wp-content\\\/uploads\\\/2024\\\/02\\\/cerf-foret-france-faune-2.jpg\",\"width\":1080,\"height\":1080,\"caption\":\"cerf foret france faune\"},{\"@type\":\"BreadcrumbList\",\"@id\":\"https:\\\/\\\/lesminis.fr\\\/blog\\\/faune-forets-france\\\/#breadcrumb\",\"itemListElement\":[{\"@type\":\"ListItem\",\"position\":1,\"name\":\"Accueil\",\"item\":\"https:\\\/\\\/lesminis.fr\\\/blog\\\/\"},{\"@type\":\"ListItem\",\"position\":2,\"name\":\"La faune fascinante des for\u00eats de France\"}]},{\"@type\":\"WebSite\",\"@id\":\"https:\\\/\\\/lesminis.fr\\\/blog\\\/#website\",\"url\":\"https:\\\/\\\/lesminis.fr\\\/blog\\\/\",\"name\":\"LesMinis Le Blog - Mat\u00e9riels \u00e9ducatifs - Figurines p\u00e9dagogiques\",\"description\":\"D\u00e9couvrez notre actualit\u00e9, figurines, mat\u00e9riel \u00e9ducatif, activit\u00e9s Montessori\",\"publisher\":{\"@id\":\"https:\\\/\\\/lesminis.fr\\\/blog\\\/#organization\"},\"potentialAction\":[{\"@type\":\"SearchAction\",\"target\":{\"@type\":\"EntryPoint\",\"urlTemplate\":\"https:\\\/\\\/lesminis.fr\\\/blog\\\/?s={search_term_string}\"},\"query-input\":{\"@type\":\"PropertyValueSpecification\",\"valueRequired\":true,\"valueName\":\"search_term_string\"}}],\"inLanguage\":\"fr-FR\"},{\"@type\":\"Organization\",\"@id\":\"https:\\\/\\\/lesminis.fr\\\/blog\\\/#organization\",\"name\":\"LesMinis - Sp\u00e9cialiste mat\u00e9riel p\u00e9dagogiques - Figurines \u00e9ducatives - Mat\u00e9riel Montessori\",\"url\":\"https:\\\/\\\/lesminis.fr\\\/blog\\\/\",\"logo\":{\"@type\":\"ImageObject\",\"inLanguage\":\"fr-FR\",\"@id\":\"https:\\\/\\\/lesminis.fr\\\/blog\\\/#\\\/schema\\\/logo\\\/image\\\/\",\"url\":\"https:\\\/\\\/lesminis.fr\\\/blog\\\/wp-content\\\/uploads\\\/2023\\\/03\\\/nouveau-logo-lesminis.png\",\"contentUrl\":\"https:\\\/\\\/lesminis.fr\\\/blog\\\/wp-content\\\/uploads\\\/2023\\\/03\\\/nouveau-logo-lesminis.png\",\"width\":500,\"height\":175,\"caption\":\"LesMinis - Sp\u00e9cialiste mat\u00e9riel p\u00e9dagogiques - Figurines \u00e9ducatives - Mat\u00e9riel Montessori\"},\"image\":{\"@id\":\"https:\\\/\\\/lesminis.fr\\\/blog\\\/#\\\/schema\\\/logo\\\/image\\\/\"},\"sameAs\":[\"https:\\\/\\\/fr-fr.facebook.com\\\/LesMinis.fr\\\/\",\"https:\\\/\\\/www.instagram.com\\\/lesminis.fr\\\/\",\"https:\\\/\\\/www.tiktok.com\\\/@lesminis.fr\",\"https:\\\/\\\/www.pinterest.fr\\\/lesminisfr\\\/\"]},{\"@type\":\"Person\",\"@id\":\"https:\\\/\\\/lesminis.fr\\\/blog\\\/#\\\/schema\\\/person\\\/4a1be8c8c70a7d945af71674957cf83e\",\"name\":\"LesMinis\",\"image\":{\"@type\":\"ImageObject\",\"inLanguage\":\"fr-FR\",\"@id\":\"https:\\\/\\\/secure.gravatar.com\\\/avatar\\\/288cd93d352b3465f2bd0701b1f2bb059b68dc3a70c4fda061bad8e6c9f8d865?s=96&d=blank&r=g\",\"url\":\"https:\\\/\\\/secure.gravatar.com\\\/avatar\\\/288cd93d352b3465f2bd0701b1f2bb059b68dc3a70c4fda061bad8e6c9f8d865?s=96&d=blank&r=g\",\"contentUrl\":\"https:\\\/\\\/secure.gravatar.com\\\/avatar\\\/288cd93d352b3465f2bd0701b1f2bb059b68dc3a70c4fda061bad8e6c9f8d865?s=96&d=blank&r=g\",\"caption\":\"LesMinis\"},\"sameAs\":[\"https:\\\/\\\/lesminis.fr\\\/blog\",\"https:\\\/\\\/www.facebook.com\\\/LesMinis.fr\\\/\",\"https:\\\/\\\/www.instagram.com\\\/lesminis.fr\\\/\",\"https:\\\/\\\/www.pinterest.fr\\\/lesminisfr\\\/\"],\"url\":\"https:\\\/\\\/lesminis.fr\\\/blog\\\/author\\\/lesminis\\\/\"}]}<\/script>\n<!-- \/ Yoast SEO Premium plugin. -->","yoast_head_json":{"title":"D\u00e9couvrez la faune riche et diversifi\u00e9e des for\u00eats fran\u00e7aises","description":"Les for\u00eats fran\u00e7aises abritent une faune vari\u00e9e et souvent m\u00e9connue. Du Grand T\u00e9tras des Vosges au circa\u00e8te Jean-le-Blanc des Landes, voyage \u00e0 la d\u00e9couverte des esp\u00e8ces embl\u00e9matiques de nos for\u00eats.","robots":{"index":"index","follow":"follow","max-snippet":"max-snippet:-1","max-image-preview":"max-image-preview:large","max-video-preview":"max-video-preview:-1"},"canonical":"https:\/\/lesminis.fr\/blog\/faune-forets-france\/","og_locale":"fr_FR","og_type":"article","og_title":"La faune fascinante des for\u00eats de France","og_description":"Les for\u00eats fran\u00e7aises abritent une faune vari\u00e9e et souvent m\u00e9connue. Du Grand T\u00e9tras des Vosges au circa\u00e8te Jean-le-Blanc des Landes, voyage \u00e0 la d\u00e9couverte des esp\u00e8ces embl\u00e9matiques de nos for\u00eats.","og_url":"https:\/\/lesminis.fr\/blog\/faune-forets-france\/","og_site_name":"LesMinis Le Blog - Mat\u00e9riels \u00e9ducatifs - Figurines p\u00e9dagogiques","article_publisher":"https:\/\/fr-fr.facebook.com\/LesMinis.fr\/","article_author":"https:\/\/www.facebook.com\/LesMinis.fr\/","article_published_time":"2024-02-02T06:00:16+00:00","og_image":[{"width":1080,"height":1080,"url":"https:\/\/lesminis.fr\/blog\/wp-content\/uploads\/2024\/02\/cerf-foret-france-faune-2.jpg","type":"image\/jpeg"}],"author":"LesMinis","twitter_misc":{"\u00c9crit par":"LesMinis","Dur\u00e9e de lecture estim\u00e9e":"9 minutes"},"schema":{"@context":"https:\/\/schema.org","@graph":[{"@type":["Article","BlogPosting"],"@id":"https:\/\/lesminis.fr\/blog\/faune-forets-france\/#article","isPartOf":{"@id":"https:\/\/lesminis.fr\/blog\/faune-forets-france\/"},"author":{"name":"LesMinis","@id":"https:\/\/lesminis.fr\/blog\/#\/schema\/person\/4a1be8c8c70a7d945af71674957cf83e"},"headline":"La faune fascinante des for\u00eats de France","datePublished":"2024-02-02T06:00:16+00:00","mainEntityOfPage":{"@id":"https:\/\/lesminis.fr\/blog\/faune-forets-france\/"},"wordCount":1821,"commentCount":0,"publisher":{"@id":"https:\/\/lesminis.fr\/blog\/#organization"},"image":{"@id":"https:\/\/lesminis.fr\/blog\/faune-forets-france\/#primaryimage"},"thumbnailUrl":"https:\/\/lesminis.fr\/blog\/wp-content\/uploads\/2024\/02\/cerf-foret-france-faune-2.jpg","keywords":["animaux","cerf","chevreuil","faune","foret","Jura","Landes","mammif\u00e8res","m\u00e9sange","oiseaux","pic","rapaces","sanglier","Vosges"],"articleSection":["Zoodex \u2014 Explorer le monde animal"],"inLanguage":"fr-FR","potentialAction":[{"@type":"CommentAction","name":"Comment","target":["https:\/\/lesminis.fr\/blog\/faune-forets-france\/#respond"]}]},{"@type":"WebPage","@id":"https:\/\/lesminis.fr\/blog\/faune-forets-france\/","url":"https:\/\/lesminis.fr\/blog\/faune-forets-france\/","name":"D\u00e9couvrez la faune riche et diversifi\u00e9e des for\u00eats fran\u00e7aises","isPartOf":{"@id":"https:\/\/lesminis.fr\/blog\/#website"},"primaryImageOfPage":{"@id":"https:\/\/lesminis.fr\/blog\/faune-forets-france\/#primaryimage"},"image":{"@id":"https:\/\/lesminis.fr\/blog\/faune-forets-france\/#primaryimage"},"thumbnailUrl":"https:\/\/lesminis.fr\/blog\/wp-content\/uploads\/2024\/02\/cerf-foret-france-faune-2.jpg","datePublished":"2024-02-02T06:00:16+00:00","description":"Les for\u00eats fran\u00e7aises abritent une faune vari\u00e9e et souvent m\u00e9connue. Du Grand T\u00e9tras des Vosges au circa\u00e8te Jean-le-Blanc des Landes, voyage \u00e0 la d\u00e9couverte des esp\u00e8ces embl\u00e9matiques de nos for\u00eats.","breadcrumb":{"@id":"https:\/\/lesminis.fr\/blog\/faune-forets-france\/#breadcrumb"},"inLanguage":"fr-FR","potentialAction":[{"@type":"ReadAction","target":["https:\/\/lesminis.fr\/blog\/faune-forets-france\/"]}]},{"@type":"ImageObject","inLanguage":"fr-FR","@id":"https:\/\/lesminis.fr\/blog\/faune-forets-france\/#primaryimage","url":"https:\/\/lesminis.fr\/blog\/wp-content\/uploads\/2024\/02\/cerf-foret-france-faune-2.jpg","contentUrl":"https:\/\/lesminis.fr\/blog\/wp-content\/uploads\/2024\/02\/cerf-foret-france-faune-2.jpg","width":1080,"height":1080,"caption":"cerf foret france faune"},{"@type":"BreadcrumbList","@id":"https:\/\/lesminis.fr\/blog\/faune-forets-france\/#breadcrumb","itemListElement":[{"@type":"ListItem","position":1,"name":"Accueil","item":"https:\/\/lesminis.fr\/blog\/"},{"@type":"ListItem","position":2,"name":"La faune fascinante des for\u00eats de France"}]},{"@type":"WebSite","@id":"https:\/\/lesminis.fr\/blog\/#website","url":"https:\/\/lesminis.fr\/blog\/","name":"LesMinis Le Blog - Mat\u00e9riels \u00e9ducatifs - Figurines p\u00e9dagogiques","description":"D\u00e9couvrez notre actualit\u00e9, figurines, mat\u00e9riel \u00e9ducatif, activit\u00e9s Montessori","publisher":{"@id":"https:\/\/lesminis.fr\/blog\/#organization"},"potentialAction":[{"@type":"SearchAction","target":{"@type":"EntryPoint","urlTemplate":"https:\/\/lesminis.fr\/blog\/?s={search_term_string}"},"query-input":{"@type":"PropertyValueSpecification","valueRequired":true,"valueName":"search_term_string"}}],"inLanguage":"fr-FR"},{"@type":"Organization","@id":"https:\/\/lesminis.fr\/blog\/#organization","name":"LesMinis - Sp\u00e9cialiste mat\u00e9riel p\u00e9dagogiques - Figurines \u00e9ducatives - Mat\u00e9riel Montessori","url":"https:\/\/lesminis.fr\/blog\/","logo":{"@type":"ImageObject","inLanguage":"fr-FR","@id":"https:\/\/lesminis.fr\/blog\/#\/schema\/logo\/image\/","url":"https:\/\/lesminis.fr\/blog\/wp-content\/uploads\/2023\/03\/nouveau-logo-lesminis.png","contentUrl":"https:\/\/lesminis.fr\/blog\/wp-content\/uploads\/2023\/03\/nouveau-logo-lesminis.png","width":500,"height":175,"caption":"LesMinis - Sp\u00e9cialiste mat\u00e9riel p\u00e9dagogiques - Figurines \u00e9ducatives - Mat\u00e9riel Montessori"},"image":{"@id":"https:\/\/lesminis.fr\/blog\/#\/schema\/logo\/image\/"},"sameAs":["https:\/\/fr-fr.facebook.com\/LesMinis.fr\/","https:\/\/www.instagram.com\/lesminis.fr\/","https:\/\/www.tiktok.com\/@lesminis.fr","https:\/\/www.pinterest.fr\/lesminisfr\/"]},{"@type":"Person","@id":"https:\/\/lesminis.fr\/blog\/#\/schema\/person\/4a1be8c8c70a7d945af71674957cf83e","name":"LesMinis","image":{"@type":"ImageObject","inLanguage":"fr-FR","@id":"https:\/\/secure.gravatar.com\/avatar\/288cd93d352b3465f2bd0701b1f2bb059b68dc3a70c4fda061bad8e6c9f8d865?s=96&d=blank&r=g","url":"https:\/\/secure.gravatar.com\/avatar\/288cd93d352b3465f2bd0701b1f2bb059b68dc3a70c4fda061bad8e6c9f8d865?s=96&d=blank&r=g","contentUrl":"https:\/\/secure.gravatar.com\/avatar\/288cd93d352b3465f2bd0701b1f2bb059b68dc3a70c4fda061bad8e6c9f8d865?s=96&d=blank&r=g","caption":"LesMinis"},"sameAs":["https:\/\/lesminis.fr\/blog","https:\/\/www.facebook.com\/LesMinis.fr\/","https:\/\/www.instagram.com\/lesminis.fr\/","https:\/\/www.pinterest.fr\/lesminisfr\/"],"url":"https:\/\/lesminis.fr\/blog\/author\/lesminis\/"}]}},"_links":{"self":[{"href":"https:\/\/lesminis.fr\/blog\/wp-json\/wp\/v2\/posts\/2770","targetHints":{"allow":["GET"]}}],"collection":[{"href":"https:\/\/lesminis.fr\/blog\/wp-json\/wp\/v2\/posts"}],"about":[{"href":"https:\/\/lesminis.fr\/blog\/wp-json\/wp\/v2\/types\/post"}],"author":[{"embeddable":true,"href":"https:\/\/lesminis.fr\/blog\/wp-json\/wp\/v2\/users\/1"}],"replies":[{"embeddable":true,"href":"https:\/\/lesminis.fr\/blog\/wp-json\/wp\/v2\/comments?post=2770"}],"version-history":[{"count":2,"href":"https:\/\/lesminis.fr\/blog\/wp-json\/wp\/v2\/posts\/2770\/revisions"}],"predecessor-version":[{"id":2774,"href":"https:\/\/lesminis.fr\/blog\/wp-json\/wp\/v2\/posts\/2770\/revisions\/2774"}],"wp:featuredmedia":[{"embeddable":true,"href":"https:\/\/lesminis.fr\/blog\/wp-json\/wp\/v2\/media\/2772"}],"wp:attachment":[{"href":"https:\/\/lesminis.fr\/blog\/wp-json\/wp\/v2\/media?parent=2770"}],"wp:term":[{"taxonomy":"category","embeddable":true,"href":"https:\/\/lesminis.fr\/blog\/wp-json\/wp\/v2\/categories?post=2770"},{"taxonomy":"post_tag","embeddable":true,"href":"https:\/\/lesminis.fr\/blog\/wp-json\/wp\/v2\/tags?post=2770"}],"curies":[{"name":"wp","href":"https:\/\/api.w.org\/{rel}","templated":true}]}}