{"id":2432,"date":"2023-12-12T08:15:17","date_gmt":"2023-12-12T07:15:17","guid":{"rendered":"https:\/\/lesminis.fr\/blog\/?p=2432"},"modified":"2023-12-13T23:46:30","modified_gmt":"2023-12-13T22:46:30","slug":"fiche-pedagogique-jaguar","status":"publish","type":"post","link":"https:\/\/lesminis.fr\/blog\/fiche-pedagogique-jaguar\/","title":{"rendered":"Le jaguar &#8211; Fiche p\u00e9dagogique du Le Pr\u00e9dateur Ultime des Am\u00e9riques"},"content":{"rendered":"<p>Le\u00a0<strong>jaguar<\/strong>\u00a0(Panthera onca) est un mammif\u00e8re carnivore appartenant \u00e0 la famille des\u00a0<strong>f\u00e9lins<\/strong>. Il est le plus grand f\u00e9lin des Am\u00e9riques, pouvant atteindre jusqu\u2019\u00e0\u00a0<strong>1m50<\/strong>\u00a0au garrot. Le jaguar est le troisi\u00e8me plus grand f\u00e9lin du monde, apr\u00e8s le tigre et le lion.<\/p>\n<div id=\"ez-toc-container\" class=\"ez-toc-v2_0_78 counter-hierarchy ez-toc-counter ez-toc-grey ez-toc-container-direction\">\n<div class=\"ez-toc-title-container\">\n<p class=\"ez-toc-title\" style=\"cursor:inherit\">Table of Contents<\/p>\n<span class=\"ez-toc-title-toggle\"><a href=\"#\" class=\"ez-toc-pull-right ez-toc-btn ez-toc-btn-xs ez-toc-btn-default ez-toc-toggle\" aria-label=\"Toggle Table of Content\"><span class=\"ez-toc-js-icon-con\"><span class=\"\"><span class=\"eztoc-hide\" style=\"display:none;\">Toggle<\/span><span class=\"ez-toc-icon-toggle-span\"><svg style=\"fill: #999;color:#999\" xmlns=\"http:\/\/www.w3.org\/2000\/svg\" class=\"list-377408\" width=\"20px\" height=\"20px\" viewBox=\"0 0 24 24\" fill=\"none\"><path d=\"M6 6H4v2h2V6zm14 0H8v2h12V6zM4 11h2v2H4v-2zm16 0H8v2h12v-2zM4 16h2v2H4v-2zm16 0H8v2h12v-2z\" fill=\"currentColor\"><\/path><\/svg><svg style=\"fill: #999;color:#999\" class=\"arrow-unsorted-368013\" xmlns=\"http:\/\/www.w3.org\/2000\/svg\" width=\"10px\" height=\"10px\" viewBox=\"0 0 24 24\" version=\"1.2\" baseProfile=\"tiny\"><path d=\"M18.2 9.3l-6.2-6.3-6.2 6.3c-.2.2-.3.4-.3.7s.1.5.3.7c.2.2.4.3.7.3h11c.3 0 .5-.1.7-.3.2-.2.3-.5.3-.7s-.1-.5-.3-.7zM5.8 14.7l6.2 6.3 6.2-6.3c.2-.2.3-.5.3-.7s-.1-.5-.3-.7c-.2-.2-.4-.3-.7-.3h-11c-.3 0-.5.1-.7.3-.2.2-.3.5-.3.7s.1.5.3.7z\"\/><\/svg><\/span><\/span><\/span><\/a><\/span><\/div>\n<nav><ul class='ez-toc-list ez-toc-list-level-1 ' ><li class='ez-toc-page-1 ez-toc-heading-level-2'><a class=\"ez-toc-link ez-toc-heading-1\" href=\"https:\/\/lesminis.fr\/blog\/fiche-pedagogique-jaguar\/#Particularites\" >Particularit\u00e9s<\/a><\/li><li class='ez-toc-page-1 ez-toc-heading-level-2'><a class=\"ez-toc-link ez-toc-heading-2\" href=\"https:\/\/lesminis.fr\/blog\/fiche-pedagogique-jaguar\/#Habitat\" >Habitat<\/a><\/li><li class='ez-toc-page-1 ez-toc-heading-level-2'><a class=\"ez-toc-link ez-toc-heading-3\" href=\"https:\/\/lesminis.fr\/blog\/fiche-pedagogique-jaguar\/#Fourrure\" >Fourrure<\/a><\/li><li class='ez-toc-page-1 ez-toc-heading-level-2'><a class=\"ez-toc-link ez-toc-heading-4\" href=\"https:\/\/lesminis.fr\/blog\/fiche-pedagogique-jaguar\/#Comportement\" >Comportement<\/a><\/li><li class='ez-toc-page-1 ez-toc-heading-level-2'><a class=\"ez-toc-link ez-toc-heading-5\" href=\"https:\/\/lesminis.fr\/blog\/fiche-pedagogique-jaguar\/#Figurines\" >Figurines<\/a><\/li><li class='ez-toc-page-1 ez-toc-heading-level-2'><a class=\"ez-toc-link ez-toc-heading-6\" href=\"https:\/\/lesminis.fr\/blog\/fiche-pedagogique-jaguar\/#Activites_pedagogiques\" >Activit\u00e9s p\u00e9dagogiques<\/a><\/li><li class='ez-toc-page-1 ez-toc-heading-level-2'><a class=\"ez-toc-link ez-toc-heading-7\" href=\"https:\/\/lesminis.fr\/blog\/fiche-pedagogique-jaguar\/#Activites_pedagogiques-2\" >Activit\u00e9s p\u00e9dagogiques<\/a><\/li><\/ul><\/nav><\/div>\n<h2><span class=\"ez-toc-section\" id=\"Particularites\"><\/span>Particularit\u00e9s<span class=\"ez-toc-section-end\"><\/span><\/h2>\n<p>Le jaguar est facilement reconnaissable gr\u00e2ce \u00e0 sa\u00a0<strong>robe tachet\u00e9e<\/strong>. C\u2019est un pr\u00e9dateur redoutable, particuli\u00e8rement agile pour grimper aux arbres. Chaque jaguar poss\u00e8de un pelage unique compos\u00e9 de taches noires appel\u00e9es \u201c<strong>rosettes<\/strong>\u201d sur un fond orang\u00e9. Ces rosettes sont diff\u00e9rentes de celles du l\u00e9opard, un autre grand f\u00e9lin, car elles ont souvent une tache noire centrale.<\/p>\n<h2><span class=\"ez-toc-section\" id=\"Habitat\"><\/span>Habitat<span class=\"ez-toc-section-end\"><\/span><\/h2>\n<p>Le jaguar habite principalement dans les\u00a0<strong>for\u00eats tropicales humides<\/strong>\u00a0d\u2019Am\u00e9rique Centrale (Mexique, Guatemala, Belize\u2026) et du Sud (Br\u00e9sil, P\u00e9rou, Bolivie\u2026). Il peut \u00eatre trouv\u00e9 dans divers habitats, y compris la jungle, les mangroves et les mar\u00e9cages. Le jaguar est un animal tr\u00e8s adaptable qui peut survivre dans une vari\u00e9t\u00e9 d\u2019\u00e9cosyst\u00e8mes, allant des d\u00e9serts arides aux for\u00eats tropicales denses.<\/p>\n<h2><span class=\"ez-toc-section\" id=\"Fourrure\"><\/span>Fourrure<span class=\"ez-toc-section-end\"><\/span><\/h2>\n<p>La fourrure du jaguar est courte et lisse, ce qui lui permet de ne pas \u00eatre encombr\u00e9 sous le climat tropical. Elle offre \u00e9galement un excellent\u00a0<strong>camouflage<\/strong>\u00a0dans son habitat naturel ombrag\u00e9. La fourrure du jaguar est si belle qu\u2019elle a \u00e9t\u00e9 chass\u00e9e pendant des si\u00e8cles pour le commerce de la fourrure, ce qui a contribu\u00e9 \u00e0 la diminution de la population de jaguars.<\/p>\n<h2><span class=\"ez-toc-section\" id=\"Comportement\"><\/span>Comportement<span class=\"ez-toc-section-end\"><\/span><\/h2>\n<p>Le jaguar est un animal\u00a0<strong>solitaire<\/strong>\u00a0et principalement\u00a0<strong>nocturne<\/strong>. Il traque ses proies au sol mais chasse aussi dans les arbres. Territorial, ses domaines de chasse couvrent entre\u00a0<strong>25 et 150 km2<\/strong>. C\u2019est un pr\u00e9dateur opportuniste qui s\u2019attaque \u00e0 une grande vari\u00e9t\u00e9 de proies. Le jaguar est \u00e9galement l\u2019un des rares f\u00e9lins \u00e0 aimer l\u2019eau et est un excellent nageur.<\/p>\n<h2><span class=\"ez-toc-section\" id=\"Figurines\"><\/span>Figurines<span class=\"ez-toc-section-end\"><\/span><\/h2>\n<figure style=\"width: 700px\" class=\"wp-caption alignnone\"><img loading=\"lazy\" decoding=\"async\" src=\"https:\/\/lesminis.fr\/9290-large_default\/figurine-jaguar.jpg\" alt=\"Jaguar Safari Ltd\" width=\"700\" height=\"700\" \/><figcaption class=\"wp-caption-text\"><a href=\"https:\/\/lesminis.fr\/figurine-jaguar-227729-safari-ltd\/5646-0958662277080.html\">Jaguar Safari Ltd en figurine<\/a><\/figcaption><\/figure>\n<p>Il existe de magnifiques figurines grandeur nature du jaguar, montrant ses muscles puissants, ses pattes muscl\u00e9es, sa petite t\u00eate et sa fourrure \u00e9paisse tachet\u00e9e de \u201crosettes\u201d uniques \u00e0 chaque animal. Ces figurines permettent d\u2019observer de pr\u00e8s ce superpr\u00e9dateur.<\/p>\n<figure style=\"width: 700px\" class=\"wp-caption alignnone\"><img loading=\"lazy\" decoding=\"async\" src=\"https:\/\/lesminis.fr\/7343-large_default\/figurine-jaguar.jpg\" alt=\"figurine du jaguar\" width=\"700\" height=\"700\" \/><figcaption class=\"wp-caption-text\"><a href=\"https:\/\/lesminis.fr\/figurine-jaguar-100034-safari-ltd\/4646-0958660017110.html\">Jaguar Safari Ltd XL<\/a><\/figcaption><\/figure>\n<p>&nbsp;<\/p>\n<h2><span class=\"ez-toc-section\" id=\"Activites_pedagogiques\"><\/span>Activit\u00e9s p\u00e9dagogiques<span class=\"ez-toc-section-end\"><\/span><\/h2>\n<p>Proposez \u00e0 l\u2019enfant de rep\u00e9rer et de reproduire avec un feutre le motif de taches d\u2019un jaguar. Discutez \u00e9galement de son r\u00f4le de\u00a0<strong>r\u00e9gulateur<\/strong>\u00a0dans la cha\u00eene alimentaire de la for\u00eat tropicale. Montrez-lui des cartes pour visualiser son aire de r\u00e9partition, qui s\u2019\u00e9tend du Mexique \u00e0 l\u2019Argentine.<\/p>\n<blockquote class=\"wp-embedded-content\" data-secret=\"Z3n0ja6hvv\"><p><a href=\"https:\/\/lesminis.fr\/blog\/figurines-felins-lion-guepard\/\">Tout savoir sur les f\u00e9lins &#8211; lions, tigres, gu\u00e9pards, l\u00e9opards &#8211; gr\u00e2ce aux figurines grandeur nature<\/a><\/p><\/blockquote>\n<p><iframe loading=\"lazy\" class=\"wp-embedded-content\" sandbox=\"allow-scripts\" security=\"restricted\" style=\"position: absolute; clip: rect(1px, 1px, 1px, 1px);\" title=\"\u00ab\u00a0Tout savoir sur les f\u00e9lins &#8211; lions, tigres, gu\u00e9pards, l\u00e9opards &#8211; gr\u00e2ce aux figurines grandeur nature\u00a0\u00bb &#8212; LesMinis Le Blog - Mat\u00e9riels \u00e9ducatifs - Figurines p\u00e9dagogiques\" src=\"https:\/\/lesminis.fr\/blog\/figurines-felins-lion-guepard\/embed\/#?secret=KTOuSELaNj#?secret=Z3n0ja6hvv\" data-secret=\"Z3n0ja6hvv\" width=\"600\" height=\"338\" frameborder=\"0\" marginwidth=\"0\" marginheight=\"0\" scrolling=\"no\"><\/iframe><\/p>\n<h2><span class=\"ez-toc-section\" id=\"Activites_pedagogiques-2\"><\/span>Activit\u00e9s p\u00e9dagogiques<span class=\"ez-toc-section-end\"><\/span><\/h2>\n<p>Proposez \u00e0 l\u2019enfant de rep\u00e9rer et de reproduire avec un feutre le motif de taches d\u2019un jaguar. Discutez \u00e9galement de son r\u00f4le de\u00a0<strong>r\u00e9gulateur<\/strong>\u00a0dans la cha\u00eene alimentaire de la for\u00eat tropicale. Montrez-lui des cartes pour visualiser son aire de r\u00e9partition, qui s\u2019\u00e9tend du Mexique \u00e0 l\u2019Argentine. Vous pouvez \u00e9galement discuter des menaces qui p\u00e8sent sur le jaguar, comme la perte d\u2019habitat et le braconnage, et de l\u2019importance de la conservation de cette esp\u00e8ce.<\/p>\n","protected":false},"excerpt":{"rendered":"<p>Reconnaissable \u00e0 sa robe tachet\u00e9e, le jaguar est un redoutable pr\u00e9dateur, tr\u00e8s \u00e0 l&rsquo;aise pour grimper aux arbres. Chaque jaguar poss\u00e8de un pelage unique de taches noires appel\u00e9es \u00ab\u00a0rosettes\u00a0\u00bb sur un fond orang\u00e9.<\/p>\n","protected":false},"author":1,"featured_media":2531,"comment_status":"open","ping_status":"closed","sticky":false,"template":"","format":"standard","meta":{"_acf_changed":false,"footnotes":""},"categories":[28],"tags":[326,129,86,670,671,52,669],"class_list":{"0":"post-2432","1":"post","2":"type-post","3":"status-publish","4":"format-standard","5":"has-post-thumbnail","7":"category-monde-animal-figurines","8":"tag-animal","9":"tag-education","10":"tag-enfant","11":"tag-felin","12":"tag-figure","13":"tag-figurine","14":"tag-jaguar"},"acf":[],"yoast_head":"<!-- This site is optimized with the Yoast SEO Premium plugin v27.1 (Yoast SEO v27.1.1) - https:\/\/yoast.com\/product\/yoast-seo-premium-wordpress\/ -->\n<title>Le jaguar - Fiche p\u00e9dagogique du plus grand f\u00e9lin des Am\u00e9riques<\/title>\n<meta name=\"description\" content=\"D\u00e9couvrez le jaguar, impressionnant pr\u00e9dateur des for\u00eats tropicales, \u00e0 travers cette fiche d\u00e9taill\u00e9e : classification, morphologie, m\u0153urs... et figurines pour observer ce f\u00e9lin embl\u00e9matique.\" \/>\n<meta name=\"robots\" content=\"index, follow, max-snippet:-1, max-image-preview:large, max-video-preview:-1\" \/>\n<link rel=\"canonical\" href=\"https:\/\/lesminis.fr\/blog\/fiche-pedagogique-jaguar\/\" \/>\n<meta property=\"og:locale\" content=\"fr_FR\" \/>\n<meta property=\"og:type\" content=\"article\" \/>\n<meta property=\"og:title\" content=\"Le jaguar - Fiche p\u00e9dagogique du Le Pr\u00e9dateur Ultime des Am\u00e9riques\" \/>\n<meta property=\"og:description\" content=\"D\u00e9couvrez le jaguar, impressionnant pr\u00e9dateur des for\u00eats tropicales, \u00e0 travers cette fiche d\u00e9taill\u00e9e : classification, morphologie, m\u0153urs... et figurines pour observer ce f\u00e9lin embl\u00e9matique.\" \/>\n<meta property=\"og:url\" content=\"https:\/\/lesminis.fr\/blog\/fiche-pedagogique-jaguar\/\" \/>\n<meta property=\"og:site_name\" content=\"LesMinis Le Blog - Mat\u00e9riels \u00e9ducatifs - Figurines p\u00e9dagogiques\" \/>\n<meta property=\"article:publisher\" content=\"https:\/\/fr-fr.facebook.com\/LesMinis.fr\/\" \/>\n<meta property=\"article:author\" content=\"https:\/\/www.facebook.com\/LesMinis.fr\/\" \/>\n<meta property=\"article:published_time\" content=\"2023-12-12T07:15:17+00:00\" \/>\n<meta property=\"article:modified_time\" content=\"2023-12-13T22:46:30+00:00\" \/>\n<meta property=\"og:image\" content=\"https:\/\/lesminis.fr\/blog\/wp-content\/uploads\/2023\/12\/jaguar.jpg\" \/>\n\t<meta property=\"og:image:width\" content=\"1024\" \/>\n\t<meta property=\"og:image:height\" content=\"1024\" \/>\n\t<meta property=\"og:image:type\" content=\"image\/jpeg\" \/>\n<meta name=\"author\" content=\"LesMinis\" \/>\n<meta name=\"twitter:label1\" content=\"\u00c9crit par\" \/>\n\t<meta name=\"twitter:data1\" content=\"LesMinis\" \/>\n\t<meta name=\"twitter:label2\" content=\"Dur\u00e9e de lecture estim\u00e9e\" \/>\n\t<meta name=\"twitter:data2\" content=\"4 minutes\" \/>\n<script type=\"application\/ld+json\" class=\"yoast-schema-graph\">{\"@context\":\"https:\/\/schema.org\",\"@graph\":[{\"@type\":[\"Article\",\"BlogPosting\"],\"@id\":\"https:\/\/lesminis.fr\/blog\/fiche-pedagogique-jaguar\/#article\",\"isPartOf\":{\"@id\":\"https:\/\/lesminis.fr\/blog\/fiche-pedagogique-jaguar\/\"},\"author\":{\"name\":\"LesMinis\",\"@id\":\"https:\/\/lesminis.fr\/blog\/#\/schema\/person\/4a1be8c8c70a7d945af71674957cf83e\"},\"headline\":\"Le jaguar &#8211; Fiche p\u00e9dagogique du Le Pr\u00e9dateur Ultime des Am\u00e9riques\",\"datePublished\":\"2023-12-12T07:15:17+00:00\",\"dateModified\":\"2023-12-13T22:46:30+00:00\",\"mainEntityOfPage\":{\"@id\":\"https:\/\/lesminis.fr\/blog\/fiche-pedagogique-jaguar\/\"},\"wordCount\":553,\"commentCount\":0,\"publisher\":{\"@id\":\"https:\/\/lesminis.fr\/blog\/#organization\"},\"image\":{\"@id\":\"https:\/\/lesminis.fr\/blog\/fiche-pedagogique-jaguar\/#primaryimage\"},\"thumbnailUrl\":\"https:\/\/lesminis.fr\/blog\/wp-content\/uploads\/2023\/12\/jaguar.jpg\",\"keywords\":[\"animal\",\"\u00c9ducation\",\"enfant\",\"f\u00e9lin\",\"figure\",\"figurine\",\"jaguar\"],\"articleSection\":[\"Zoodex \u2014 Explorer le monde animal\"],\"inLanguage\":\"fr-FR\",\"potentialAction\":[{\"@type\":\"CommentAction\",\"name\":\"Comment\",\"target\":[\"https:\/\/lesminis.fr\/blog\/fiche-pedagogique-jaguar\/#respond\"]}]},{\"@type\":\"WebPage\",\"@id\":\"https:\/\/lesminis.fr\/blog\/fiche-pedagogique-jaguar\/\",\"url\":\"https:\/\/lesminis.fr\/blog\/fiche-pedagogique-jaguar\/\",\"name\":\"Le jaguar - Fiche p\u00e9dagogique du plus grand f\u00e9lin des Am\u00e9riques\",\"isPartOf\":{\"@id\":\"https:\/\/lesminis.fr\/blog\/#website\"},\"primaryImageOfPage\":{\"@id\":\"https:\/\/lesminis.fr\/blog\/fiche-pedagogique-jaguar\/#primaryimage\"},\"image\":{\"@id\":\"https:\/\/lesminis.fr\/blog\/fiche-pedagogique-jaguar\/#primaryimage\"},\"thumbnailUrl\":\"https:\/\/lesminis.fr\/blog\/wp-content\/uploads\/2023\/12\/jaguar.jpg\",\"datePublished\":\"2023-12-12T07:15:17+00:00\",\"dateModified\":\"2023-12-13T22:46:30+00:00\",\"description\":\"D\u00e9couvrez le jaguar, impressionnant pr\u00e9dateur des for\u00eats tropicales, \u00e0 travers cette fiche d\u00e9taill\u00e9e : classification, morphologie, m\u0153urs... et figurines pour observer ce f\u00e9lin embl\u00e9matique.\",\"breadcrumb\":{\"@id\":\"https:\/\/lesminis.fr\/blog\/fiche-pedagogique-jaguar\/#breadcrumb\"},\"inLanguage\":\"fr-FR\",\"potentialAction\":[{\"@type\":\"ReadAction\",\"target\":[\"https:\/\/lesminis.fr\/blog\/fiche-pedagogique-jaguar\/\"]}]},{\"@type\":\"ImageObject\",\"inLanguage\":\"fr-FR\",\"@id\":\"https:\/\/lesminis.fr\/blog\/fiche-pedagogique-jaguar\/#primaryimage\",\"url\":\"https:\/\/lesminis.fr\/blog\/wp-content\/uploads\/2023\/12\/jaguar.jpg\",\"contentUrl\":\"https:\/\/lesminis.fr\/blog\/wp-content\/uploads\/2023\/12\/jaguar.jpg\",\"width\":1024,\"height\":1024,\"caption\":\"Figurine grandeur nature de jaguar montrant fourrure tachet\u00e9e\"},{\"@type\":\"BreadcrumbList\",\"@id\":\"https:\/\/lesminis.fr\/blog\/fiche-pedagogique-jaguar\/#breadcrumb\",\"itemListElement\":[{\"@type\":\"ListItem\",\"position\":1,\"name\":\"Accueil\",\"item\":\"https:\/\/lesminis.fr\/blog\/\"},{\"@type\":\"ListItem\",\"position\":2,\"name\":\"Le jaguar &#8211; Fiche p\u00e9dagogique du Le Pr\u00e9dateur Ultime des Am\u00e9riques\"}]},{\"@type\":\"WebSite\",\"@id\":\"https:\/\/lesminis.fr\/blog\/#website\",\"url\":\"https:\/\/lesminis.fr\/blog\/\",\"name\":\"LesMinis Le Blog - Mat\u00e9riels \u00e9ducatifs - Figurines p\u00e9dagogiques\",\"description\":\"D\u00e9couvrez notre actualit\u00e9, figurines, mat\u00e9riel \u00e9ducatif, activit\u00e9s Montessori\",\"publisher\":{\"@id\":\"https:\/\/lesminis.fr\/blog\/#organization\"},\"potentialAction\":[{\"@type\":\"SearchAction\",\"target\":{\"@type\":\"EntryPoint\",\"urlTemplate\":\"https:\/\/lesminis.fr\/blog\/?s={search_term_string}\"},\"query-input\":{\"@type\":\"PropertyValueSpecification\",\"valueRequired\":true,\"valueName\":\"search_term_string\"}}],\"inLanguage\":\"fr-FR\"},{\"@type\":\"Organization\",\"@id\":\"https:\/\/lesminis.fr\/blog\/#organization\",\"name\":\"LesMinis - Sp\u00e9cialiste mat\u00e9riel p\u00e9dagogiques - Figurines \u00e9ducatives - Mat\u00e9riel Montessori\",\"url\":\"https:\/\/lesminis.fr\/blog\/\",\"logo\":{\"@type\":\"ImageObject\",\"inLanguage\":\"fr-FR\",\"@id\":\"https:\/\/lesminis.fr\/blog\/#\/schema\/logo\/image\/\",\"url\":\"https:\/\/lesminis.fr\/blog\/wp-content\/uploads\/2023\/03\/nouveau-logo-lesminis.png\",\"contentUrl\":\"https:\/\/lesminis.fr\/blog\/wp-content\/uploads\/2023\/03\/nouveau-logo-lesminis.png\",\"width\":500,\"height\":175,\"caption\":\"LesMinis - Sp\u00e9cialiste mat\u00e9riel p\u00e9dagogiques - Figurines \u00e9ducatives - Mat\u00e9riel Montessori\"},\"image\":{\"@id\":\"https:\/\/lesminis.fr\/blog\/#\/schema\/logo\/image\/\"},\"sameAs\":[\"https:\/\/fr-fr.facebook.com\/LesMinis.fr\/\",\"https:\/\/www.instagram.com\/lesminis.fr\/\",\"https:\/\/www.tiktok.com\/@lesminis.fr\",\"https:\/\/www.pinterest.fr\/lesminisfr\/\"]},{\"@type\":\"Person\",\"@id\":\"https:\/\/lesminis.fr\/blog\/#\/schema\/person\/4a1be8c8c70a7d945af71674957cf83e\",\"name\":\"LesMinis\",\"image\":{\"@type\":\"ImageObject\",\"inLanguage\":\"fr-FR\",\"@id\":\"https:\/\/lesminis.fr\/blog\/#\/schema\/person\/image\/\",\"url\":\"https:\/\/secure.gravatar.com\/avatar\/288cd93d352b3465f2bd0701b1f2bb059b68dc3a70c4fda061bad8e6c9f8d865?s=96&d=blank&r=g\",\"contentUrl\":\"https:\/\/secure.gravatar.com\/avatar\/288cd93d352b3465f2bd0701b1f2bb059b68dc3a70c4fda061bad8e6c9f8d865?s=96&d=blank&r=g\",\"caption\":\"LesMinis\"},\"sameAs\":[\"https:\/\/lesminis.fr\/blog\",\"https:\/\/www.facebook.com\/LesMinis.fr\/\",\"https:\/\/www.instagram.com\/lesminis.fr\/\",\"https:\/\/www.pinterest.fr\/lesminisfr\/\"],\"url\":\"https:\/\/lesminis.fr\/blog\/author\/lesminis\/\"}]}<\/script>\n<!-- \/ Yoast SEO Premium plugin. -->","yoast_head_json":{"title":"Le jaguar - Fiche p\u00e9dagogique du plus grand f\u00e9lin des Am\u00e9riques","description":"D\u00e9couvrez le jaguar, impressionnant pr\u00e9dateur des for\u00eats tropicales, \u00e0 travers cette fiche d\u00e9taill\u00e9e : classification, morphologie, m\u0153urs... et figurines pour observer ce f\u00e9lin embl\u00e9matique.","robots":{"index":"index","follow":"follow","max-snippet":"max-snippet:-1","max-image-preview":"max-image-preview:large","max-video-preview":"max-video-preview:-1"},"canonical":"https:\/\/lesminis.fr\/blog\/fiche-pedagogique-jaguar\/","og_locale":"fr_FR","og_type":"article","og_title":"Le jaguar - Fiche p\u00e9dagogique du Le Pr\u00e9dateur Ultime des Am\u00e9riques","og_description":"D\u00e9couvrez le jaguar, impressionnant pr\u00e9dateur des for\u00eats tropicales, \u00e0 travers cette fiche d\u00e9taill\u00e9e : classification, morphologie, m\u0153urs... et figurines pour observer ce f\u00e9lin embl\u00e9matique.","og_url":"https:\/\/lesminis.fr\/blog\/fiche-pedagogique-jaguar\/","og_site_name":"LesMinis Le Blog - Mat\u00e9riels \u00e9ducatifs - Figurines p\u00e9dagogiques","article_publisher":"https:\/\/fr-fr.facebook.com\/LesMinis.fr\/","article_author":"https:\/\/www.facebook.com\/LesMinis.fr\/","article_published_time":"2023-12-12T07:15:17+00:00","article_modified_time":"2023-12-13T22:46:30+00:00","og_image":[{"width":1024,"height":1024,"url":"https:\/\/lesminis.fr\/blog\/wp-content\/uploads\/2023\/12\/jaguar.jpg","type":"image\/jpeg"}],"author":"LesMinis","twitter_misc":{"\u00c9crit par":"LesMinis","Dur\u00e9e de lecture estim\u00e9e":"4 minutes"},"schema":{"@context":"https:\/\/schema.org","@graph":[{"@type":["Article","BlogPosting"],"@id":"https:\/\/lesminis.fr\/blog\/fiche-pedagogique-jaguar\/#article","isPartOf":{"@id":"https:\/\/lesminis.fr\/blog\/fiche-pedagogique-jaguar\/"},"author":{"name":"LesMinis","@id":"https:\/\/lesminis.fr\/blog\/#\/schema\/person\/4a1be8c8c70a7d945af71674957cf83e"},"headline":"Le jaguar &#8211; Fiche p\u00e9dagogique du Le Pr\u00e9dateur Ultime des Am\u00e9riques","datePublished":"2023-12-12T07:15:17+00:00","dateModified":"2023-12-13T22:46:30+00:00","mainEntityOfPage":{"@id":"https:\/\/lesminis.fr\/blog\/fiche-pedagogique-jaguar\/"},"wordCount":553,"commentCount":0,"publisher":{"@id":"https:\/\/lesminis.fr\/blog\/#organization"},"image":{"@id":"https:\/\/lesminis.fr\/blog\/fiche-pedagogique-jaguar\/#primaryimage"},"thumbnailUrl":"https:\/\/lesminis.fr\/blog\/wp-content\/uploads\/2023\/12\/jaguar.jpg","keywords":["animal","\u00c9ducation","enfant","f\u00e9lin","figure","figurine","jaguar"],"articleSection":["Zoodex \u2014 Explorer le monde animal"],"inLanguage":"fr-FR","potentialAction":[{"@type":"CommentAction","name":"Comment","target":["https:\/\/lesminis.fr\/blog\/fiche-pedagogique-jaguar\/#respond"]}]},{"@type":"WebPage","@id":"https:\/\/lesminis.fr\/blog\/fiche-pedagogique-jaguar\/","url":"https:\/\/lesminis.fr\/blog\/fiche-pedagogique-jaguar\/","name":"Le jaguar - Fiche p\u00e9dagogique du plus grand f\u00e9lin des Am\u00e9riques","isPartOf":{"@id":"https:\/\/lesminis.fr\/blog\/#website"},"primaryImageOfPage":{"@id":"https:\/\/lesminis.fr\/blog\/fiche-pedagogique-jaguar\/#primaryimage"},"image":{"@id":"https:\/\/lesminis.fr\/blog\/fiche-pedagogique-jaguar\/#primaryimage"},"thumbnailUrl":"https:\/\/lesminis.fr\/blog\/wp-content\/uploads\/2023\/12\/jaguar.jpg","datePublished":"2023-12-12T07:15:17+00:00","dateModified":"2023-12-13T22:46:30+00:00","description":"D\u00e9couvrez le jaguar, impressionnant pr\u00e9dateur des for\u00eats tropicales, \u00e0 travers cette fiche d\u00e9taill\u00e9e : classification, morphologie, m\u0153urs... et figurines pour observer ce f\u00e9lin embl\u00e9matique.","breadcrumb":{"@id":"https:\/\/lesminis.fr\/blog\/fiche-pedagogique-jaguar\/#breadcrumb"},"inLanguage":"fr-FR","potentialAction":[{"@type":"ReadAction","target":["https:\/\/lesminis.fr\/blog\/fiche-pedagogique-jaguar\/"]}]},{"@type":"ImageObject","inLanguage":"fr-FR","@id":"https:\/\/lesminis.fr\/blog\/fiche-pedagogique-jaguar\/#primaryimage","url":"https:\/\/lesminis.fr\/blog\/wp-content\/uploads\/2023\/12\/jaguar.jpg","contentUrl":"https:\/\/lesminis.fr\/blog\/wp-content\/uploads\/2023\/12\/jaguar.jpg","width":1024,"height":1024,"caption":"Figurine grandeur nature de jaguar montrant fourrure tachet\u00e9e"},{"@type":"BreadcrumbList","@id":"https:\/\/lesminis.fr\/blog\/fiche-pedagogique-jaguar\/#breadcrumb","itemListElement":[{"@type":"ListItem","position":1,"name":"Accueil","item":"https:\/\/lesminis.fr\/blog\/"},{"@type":"ListItem","position":2,"name":"Le jaguar &#8211; Fiche p\u00e9dagogique du Le Pr\u00e9dateur Ultime des Am\u00e9riques"}]},{"@type":"WebSite","@id":"https:\/\/lesminis.fr\/blog\/#website","url":"https:\/\/lesminis.fr\/blog\/","name":"LesMinis Le Blog - Mat\u00e9riels \u00e9ducatifs - Figurines p\u00e9dagogiques","description":"D\u00e9couvrez notre actualit\u00e9, figurines, mat\u00e9riel \u00e9ducatif, activit\u00e9s Montessori","publisher":{"@id":"https:\/\/lesminis.fr\/blog\/#organization"},"potentialAction":[{"@type":"SearchAction","target":{"@type":"EntryPoint","urlTemplate":"https:\/\/lesminis.fr\/blog\/?s={search_term_string}"},"query-input":{"@type":"PropertyValueSpecification","valueRequired":true,"valueName":"search_term_string"}}],"inLanguage":"fr-FR"},{"@type":"Organization","@id":"https:\/\/lesminis.fr\/blog\/#organization","name":"LesMinis - Sp\u00e9cialiste mat\u00e9riel p\u00e9dagogiques - Figurines \u00e9ducatives - Mat\u00e9riel Montessori","url":"https:\/\/lesminis.fr\/blog\/","logo":{"@type":"ImageObject","inLanguage":"fr-FR","@id":"https:\/\/lesminis.fr\/blog\/#\/schema\/logo\/image\/","url":"https:\/\/lesminis.fr\/blog\/wp-content\/uploads\/2023\/03\/nouveau-logo-lesminis.png","contentUrl":"https:\/\/lesminis.fr\/blog\/wp-content\/uploads\/2023\/03\/nouveau-logo-lesminis.png","width":500,"height":175,"caption":"LesMinis - Sp\u00e9cialiste mat\u00e9riel p\u00e9dagogiques - Figurines \u00e9ducatives - Mat\u00e9riel Montessori"},"image":{"@id":"https:\/\/lesminis.fr\/blog\/#\/schema\/logo\/image\/"},"sameAs":["https:\/\/fr-fr.facebook.com\/LesMinis.fr\/","https:\/\/www.instagram.com\/lesminis.fr\/","https:\/\/www.tiktok.com\/@lesminis.fr","https:\/\/www.pinterest.fr\/lesminisfr\/"]},{"@type":"Person","@id":"https:\/\/lesminis.fr\/blog\/#\/schema\/person\/4a1be8c8c70a7d945af71674957cf83e","name":"LesMinis","image":{"@type":"ImageObject","inLanguage":"fr-FR","@id":"https:\/\/lesminis.fr\/blog\/#\/schema\/person\/image\/","url":"https:\/\/secure.gravatar.com\/avatar\/288cd93d352b3465f2bd0701b1f2bb059b68dc3a70c4fda061bad8e6c9f8d865?s=96&d=blank&r=g","contentUrl":"https:\/\/secure.gravatar.com\/avatar\/288cd93d352b3465f2bd0701b1f2bb059b68dc3a70c4fda061bad8e6c9f8d865?s=96&d=blank&r=g","caption":"LesMinis"},"sameAs":["https:\/\/lesminis.fr\/blog","https:\/\/www.facebook.com\/LesMinis.fr\/","https:\/\/www.instagram.com\/lesminis.fr\/","https:\/\/www.pinterest.fr\/lesminisfr\/"],"url":"https:\/\/lesminis.fr\/blog\/author\/lesminis\/"}]}},"_links":{"self":[{"href":"https:\/\/lesminis.fr\/blog\/wp-json\/wp\/v2\/posts\/2432","targetHints":{"allow":["GET"]}}],"collection":[{"href":"https:\/\/lesminis.fr\/blog\/wp-json\/wp\/v2\/posts"}],"about":[{"href":"https:\/\/lesminis.fr\/blog\/wp-json\/wp\/v2\/types\/post"}],"author":[{"embeddable":true,"href":"https:\/\/lesminis.fr\/blog\/wp-json\/wp\/v2\/users\/1"}],"replies":[{"embeddable":true,"href":"https:\/\/lesminis.fr\/blog\/wp-json\/wp\/v2\/comments?post=2432"}],"version-history":[{"count":4,"href":"https:\/\/lesminis.fr\/blog\/wp-json\/wp\/v2\/posts\/2432\/revisions"}],"predecessor-version":[{"id":2534,"href":"https:\/\/lesminis.fr\/blog\/wp-json\/wp\/v2\/posts\/2432\/revisions\/2534"}],"wp:featuredmedia":[{"embeddable":true,"href":"https:\/\/lesminis.fr\/blog\/wp-json\/wp\/v2\/media\/2531"}],"wp:attachment":[{"href":"https:\/\/lesminis.fr\/blog\/wp-json\/wp\/v2\/media?parent=2432"}],"wp:term":[{"taxonomy":"category","embeddable":true,"href":"https:\/\/lesminis.fr\/blog\/wp-json\/wp\/v2\/categories?post=2432"},{"taxonomy":"post_tag","embeddable":true,"href":"https:\/\/lesminis.fr\/blog\/wp-json\/wp\/v2\/tags?post=2432"}],"curies":[{"name":"wp","href":"https:\/\/api.w.org\/{rel}","templated":true}]}}