{"id":2317,"date":"2023-11-24T13:17:15","date_gmt":"2023-11-24T12:17:15","guid":{"rendered":"https:\/\/lesminis.fr\/blog\/?p=2317"},"modified":"2023-11-24T13:17:15","modified_gmt":"2023-11-24T12:17:15","slug":"decouverte-ours-brun-animaux-foret","status":"publish","type":"post","link":"https:\/\/lesminis.fr\/blog\/decouverte-ours-brun-animaux-foret\/","title":{"rendered":"Ours Brun &#8211; D\u00e9couverte et Myst\u00e8res Incroyables du Ma\u00eetre de la For\u00eat"},"content":{"rendered":"<p>R\u00e9pandu en Eurasie et en Am\u00e9rique du Nord, l&rsquo;ours brun (Ursus arctos) est l&rsquo;une des plus embl\u00e9matiques esp\u00e8ces de plantigrades. Avec son imposante silhouette, il r\u00e8gne en ma\u00eetre discret sur les for\u00eats bor\u00e9ales. Mais sous ses faux airs d&rsquo;animal trapu se cache un mammif\u00e8re aux m\u0153urs m\u00e9connues et plus agiles qu&rsquo;il n&rsquo;y para\u00eet.<\/p>\n<div id=\"ez-toc-container\" class=\"ez-toc-v2_0_78 counter-hierarchy ez-toc-counter ez-toc-grey ez-toc-container-direction\">\n<div class=\"ez-toc-title-container\">\n<p class=\"ez-toc-title\" style=\"cursor:inherit\">Table of Contents<\/p>\n<span class=\"ez-toc-title-toggle\"><a href=\"#\" class=\"ez-toc-pull-right ez-toc-btn ez-toc-btn-xs ez-toc-btn-default ez-toc-toggle\" aria-label=\"Toggle Table of Content\"><span class=\"ez-toc-js-icon-con\"><span class=\"\"><span class=\"eztoc-hide\" style=\"display:none;\">Toggle<\/span><span class=\"ez-toc-icon-toggle-span\"><svg style=\"fill: #999;color:#999\" xmlns=\"http:\/\/www.w3.org\/2000\/svg\" class=\"list-377408\" width=\"20px\" height=\"20px\" viewBox=\"0 0 24 24\" fill=\"none\"><path d=\"M6 6H4v2h2V6zm14 0H8v2h12V6zM4 11h2v2H4v-2zm16 0H8v2h12v-2zM4 16h2v2H4v-2zm16 0H8v2h12v-2z\" fill=\"currentColor\"><\/path><\/svg><svg style=\"fill: #999;color:#999\" class=\"arrow-unsorted-368013\" xmlns=\"http:\/\/www.w3.org\/2000\/svg\" width=\"10px\" height=\"10px\" viewBox=\"0 0 24 24\" version=\"1.2\" baseProfile=\"tiny\"><path d=\"M18.2 9.3l-6.2-6.3-6.2 6.3c-.2.2-.3.4-.3.7s.1.5.3.7c.2.2.4.3.7.3h11c.3 0 .5-.1.7-.3.2-.2.3-.5.3-.7s-.1-.5-.3-.7zM5.8 14.7l6.2 6.3 6.2-6.3c.2-.2.3-.5.3-.7s-.1-.5-.3-.7c-.2-.2-.4-.3-.7-.3h-11c-.3 0-.5.1-.7.3-.2.2-.3.5-.3.7s.1.5.3.7z\"\/><\/svg><\/span><\/span><\/span><\/a><\/span><\/div>\n<nav><ul class='ez-toc-list ez-toc-list-level-1 ' ><li class='ez-toc-page-1 ez-toc-heading-level-2'><a class=\"ez-toc-link ez-toc-heading-1\" href=\"https:\/\/lesminis.fr\/blog\/decouverte-ours-brun-animaux-foret\/#Description_physique_un_plantigrade_massif_et_puissant\" >Description physique : un plantigrade massif et puissant<\/a><\/li><li class='ez-toc-page-1 ez-toc-heading-level-2'><a class=\"ez-toc-link ez-toc-heading-2\" href=\"https:\/\/lesminis.fr\/blog\/decouverte-ours-brun-animaux-foret\/#Des_plantigrades_avant_tout%E2%80%A6grimpeurs\" >Des plantigrades avant tout&#8230;grimpeurs !<\/a><\/li><li class='ez-toc-page-1 ez-toc-heading-level-2'><a class=\"ez-toc-link ez-toc-heading-3\" href=\"https:\/\/lesminis.fr\/blog\/decouverte-ours-brun-animaux-foret\/#LOurs_Brun_Un_Geant_des_Forets_a_Decouvrir\" >L&rsquo;Ours Brun : Un G\u00e9ant des For\u00eats \u00e0 D\u00e9couvrir<\/a><\/li><li class='ez-toc-page-1 ez-toc-heading-level-2'><a class=\"ez-toc-link ez-toc-heading-4\" href=\"https:\/\/lesminis.fr\/blog\/decouverte-ours-brun-animaux-foret\/#Un_regime_opportuniste_adapte_aux_forets_nordiques\" >Un r\u00e9gime opportuniste adapt\u00e9 aux for\u00eats nordiques<\/a><\/li><li class='ez-toc-page-1 ez-toc-heading-level-2'><a class=\"ez-toc-link ez-toc-heading-5\" href=\"https:\/\/lesminis.fr\/blog\/decouverte-ours-brun-animaux-foret\/#Reproduction_et_hibernation_de_lours_brun_au_coeur_de_lhiver\" >Reproduction et hibernation de l&rsquo;ours brun, au c\u0153ur de l&rsquo;hiver<\/a><\/li><li class='ez-toc-page-1 ez-toc-heading-level-2'><a class=\"ez-toc-link ez-toc-heading-6\" href=\"https:\/\/lesminis.fr\/blog\/decouverte-ours-brun-animaux-foret\/#Des_figurines_ours_brun_realistes_pour_sensibiliser_a_sa_conservation\" >Des figurines ours brun r\u00e9alistes pour sensibiliser \u00e0 sa conservation<\/a><\/li><\/ul><\/nav><\/div>\n<h2><span class=\"ez-toc-section\" id=\"Description_physique_un_plantigrade_massif_et_puissant\"><\/span>Description physique : un plantigrade massif et puissant<span class=\"ez-toc-section-end\"><\/span><\/h2>\n<p>Avec un poids pouvant atteindre 650kg pour une taille de 2,5m debout, l\u2019ours brun impressionne par sa carrure massive et robuste (<a href=\"https:\/\/www.yellowstone.org\/naturalist-notes-grizzly-bear\/\">1<\/a>). Pour autant, attention aux id\u00e9es re\u00e7ues : cet animal poss\u00e8de \u00e9galement une \u00e9tonnante agilit\u00e9 et se d\u00e9place avec aisance dans son environnement forestier.<\/p>\n<p><img loading=\"lazy\" decoding=\"async\" class=\"alignnone size-full wp-image-2329\" src=\"https:\/\/lesminis.fr\/blog\/wp-content\/uploads\/2023\/11\/9.jpg\" alt=\"Mod\u00e8le d'ours brun r\u00e9aliste, id\u00e9al pour les amateurs d'animaux de la for\u00eat.\" width=\"1080\" height=\"1080\" srcset=\"https:\/\/lesminis.fr\/blog\/wp-content\/uploads\/2023\/11\/9.jpg 1080w, https:\/\/lesminis.fr\/blog\/wp-content\/uploads\/2023\/11\/9-300x300.jpg 300w, https:\/\/lesminis.fr\/blog\/wp-content\/uploads\/2023\/11\/9-1024x1024.jpg 1024w, https:\/\/lesminis.fr\/blog\/wp-content\/uploads\/2023\/11\/9-150x150.jpg 150w, https:\/\/lesminis.fr\/blog\/wp-content\/uploads\/2023\/11\/9-768x768.jpg 768w, https:\/\/lesminis.fr\/blog\/wp-content\/uploads\/2023\/11\/9-696x696.jpg 696w, https:\/\/lesminis.fr\/blog\/wp-content\/uploads\/2023\/11\/9-1068x1068.jpg 1068w, https:\/\/lesminis.fr\/blog\/wp-content\/uploads\/2023\/11\/9-420x420.jpg 420w\" sizes=\"auto, (max-width: 1080px) 100vw, 1080px\" \/><\/p>\n<p class=\"whitespace-pre-wrap\">Son pelage fourni, qui lui a valu son nom vernaculaire d\u2019\u00a0\u00bbours brun\u00a0\u00bb, pr\u00e9sente en r\u00e9alit\u00e9 un large \u00e9ventail de colorations. Du brun-roux au blond v\u00e9nitien en passant par le brun fonc\u00e9 presque noir, sa robe arbore des teintes vari\u00e9es selon les sous-esp\u00e8ces.<\/p>\n<p class=\"whitespace-pre-wrap\">Cet ours des for\u00eats bor\u00e9ales se caract\u00e9rise \u00e9galement par une t\u00eate ronde, des oreilles arrondies de petite taille et des canines pro\u00e9minentes. Au niveau des pattes, il dispose de griffes ac\u00e9r\u00e9es et non r\u00e9tractiles lui permettant de se hisser avec agilit\u00e9 dans les arbres.<\/p>\n<h2><span class=\"ez-toc-section\" id=\"Des_plantigrades_avant_tout%E2%80%A6grimpeurs\"><\/span>Des plantigrades avant tout&#8230;grimpeurs !<span class=\"ez-toc-section-end\"><\/span><\/h2>\n<p class=\"whitespace-pre-wrap\">Contrairement aux id\u00e9es re\u00e7ues sur ces animaux per\u00e7us comme patauds, l\u2019ours brun est en r\u00e9alit\u00e9 un excellent grimpeur. Dot\u00e9es de coussinets adh\u00e9sifs et de griffes efficaces, ses pattes plantigrades lui permettent de se d\u00e9placer avec aisance dans les arbres \u00e0 la recherche de nourriture.<\/p>\n<p><img loading=\"lazy\" decoding=\"async\" class=\"alignnone size-full wp-image-2330\" src=\"https:\/\/lesminis.fr\/blog\/wp-content\/uploads\/2023\/11\/10.jpg\" alt=\"Figurine d'ours brun europ\u00e9en, une cr\u00e9ation r\u00e9aliste pour les amoureux de la nature.\" width=\"1080\" height=\"1080\" srcset=\"https:\/\/lesminis.fr\/blog\/wp-content\/uploads\/2023\/11\/10.jpg 1080w, https:\/\/lesminis.fr\/blog\/wp-content\/uploads\/2023\/11\/10-300x300.jpg 300w, https:\/\/lesminis.fr\/blog\/wp-content\/uploads\/2023\/11\/10-1024x1024.jpg 1024w, https:\/\/lesminis.fr\/blog\/wp-content\/uploads\/2023\/11\/10-150x150.jpg 150w, https:\/\/lesminis.fr\/blog\/wp-content\/uploads\/2023\/11\/10-768x768.jpg 768w, https:\/\/lesminis.fr\/blog\/wp-content\/uploads\/2023\/11\/10-696x696.jpg 696w, https:\/\/lesminis.fr\/blog\/wp-content\/uploads\/2023\/11\/10-1068x1068.jpg 1068w, https:\/\/lesminis.fr\/blog\/wp-content\/uploads\/2023\/11\/10-420x420.jpg 420w\" sizes=\"auto, (max-width: 1080px) 100vw, 1080px\" \/><\/p>\n<p class=\"whitespace-pre-wrap\">Ainsi, m\u00eame avec son poids imposant, il \u00e9volue dans son habitat avec agilit\u00e9 en exploitant les ressources de la canop\u00e9e foresti\u00e8re.<\/p>\n<blockquote><p>\u00ab\u00a0L&rsquo;ours brun peut en effet passer jusqu&rsquo;\u00e0 80 % de son temps perch\u00e9 sur les grands conif\u00e8res des for\u00eats bor\u00e9ales\u00a0\u00bb<\/p><\/blockquote>\n<p>Sa ma\u00eetrise de la grimpe d\u00e9concerte ainsi bien des observateurs qui s&rsquo;attendent \u00e0 un animal plus rustre.<\/p>\n<h2><span class=\"ez-toc-section\" id=\"LOurs_Brun_Un_Geant_des_Forets_a_Decouvrir\"><\/span>L&rsquo;Ours Brun : Un G\u00e9ant des For\u00eats \u00e0 D\u00e9couvrir<span class=\"ez-toc-section-end\"><\/span><\/h2>\n<p><strong>L&rsquo;ours brun<\/strong>, symbole des <strong>animaux de la for\u00eat<\/strong>, occupe un habitat vari\u00e9 mais privil\u00e9gie les for\u00eats denses et les montagnes escarp\u00e9es, notamment en France. La for\u00eat offre une couverture naturelle id\u00e9ale pour ces mammif\u00e8res, favorisant la discr\u00e9tion malgr\u00e9 leur grande taille.<\/p>\n<p><img loading=\"lazy\" decoding=\"async\" class=\"alignnone size-full wp-image-2324\" src=\"https:\/\/lesminis.fr\/blog\/wp-content\/uploads\/2023\/11\/4-5.jpg\" alt=\"Image captivante d'un ours brun dans son habitat naturel en France, repr\u00e9sentation fid\u00e8le.\" width=\"1080\" height=\"1080\" srcset=\"https:\/\/lesminis.fr\/blog\/wp-content\/uploads\/2023\/11\/4-5.jpg 1080w, https:\/\/lesminis.fr\/blog\/wp-content\/uploads\/2023\/11\/4-5-300x300.jpg 300w, https:\/\/lesminis.fr\/blog\/wp-content\/uploads\/2023\/11\/4-5-1024x1024.jpg 1024w, https:\/\/lesminis.fr\/blog\/wp-content\/uploads\/2023\/11\/4-5-150x150.jpg 150w, https:\/\/lesminis.fr\/blog\/wp-content\/uploads\/2023\/11\/4-5-768x768.jpg 768w, https:\/\/lesminis.fr\/blog\/wp-content\/uploads\/2023\/11\/4-5-696x696.jpg 696w, https:\/\/lesminis.fr\/blog\/wp-content\/uploads\/2023\/11\/4-5-1068x1068.jpg 1068w, https:\/\/lesminis.fr\/blog\/wp-content\/uploads\/2023\/11\/4-5-420x420.jpg 420w\" sizes=\"auto, (max-width: 1080px) 100vw, 1080px\" \/><\/p>\n<p>Ces habitats forestiers sont cruciaux, non seulement pour l&rsquo;abri mais aussi pour la nourriture. Pr\u00e8s des cours d&rsquo;eau, les ours trouvent des zones de p\u00eache et de fra\u00eecheur, tandis que les for\u00eats fournissent une abondance de nourriture.<\/p>\n<p>En hiver, l&rsquo;ours brun se retire dans des tani\u00e8res isol\u00e9es pour hiberner, souvent situ\u00e9es dans des lieux calmes et \u00e9loign\u00e9s de l&rsquo;activit\u00e9 humaine. La diversit\u00e9 de ces habitats souligne l&rsquo;importance de la pr\u00e9servation des \u00e9cosyst\u00e8mes forestiers pour la survie de l&rsquo;esp\u00e8ce.<\/p>\n<h2><span class=\"ez-toc-section\" id=\"Un_regime_opportuniste_adapte_aux_forets_nordiques\"><\/span>Un r\u00e9gime opportuniste adapt\u00e9 aux for\u00eats nordiques<span class=\"ez-toc-section-end\"><\/span><\/h2>\n<p><img loading=\"lazy\" decoding=\"async\" class=\"alignnone size-full wp-image-2331\" src=\"https:\/\/lesminis.fr\/blog\/wp-content\/uploads\/2023\/11\/11.jpg\" alt=\"Reproduction fid\u00e8le d'un ours brun, un tr\u00e9sor pour les passionn\u00e9s de faune europ\u00e9enne pendant l'hiver naige\" width=\"1080\" height=\"1080\" srcset=\"https:\/\/lesminis.fr\/blog\/wp-content\/uploads\/2023\/11\/11.jpg 1080w, https:\/\/lesminis.fr\/blog\/wp-content\/uploads\/2023\/11\/11-300x300.jpg 300w, https:\/\/lesminis.fr\/blog\/wp-content\/uploads\/2023\/11\/11-1024x1024.jpg 1024w, https:\/\/lesminis.fr\/blog\/wp-content\/uploads\/2023\/11\/11-150x150.jpg 150w, https:\/\/lesminis.fr\/blog\/wp-content\/uploads\/2023\/11\/11-768x768.jpg 768w, https:\/\/lesminis.fr\/blog\/wp-content\/uploads\/2023\/11\/11-696x696.jpg 696w, https:\/\/lesminis.fr\/blog\/wp-content\/uploads\/2023\/11\/11-1068x1068.jpg 1068w, https:\/\/lesminis.fr\/blog\/wp-content\/uploads\/2023\/11\/11-420x420.jpg 420w\" sizes=\"auto, (max-width: 1080px) 100vw, 1080px\" \/><\/p>\n<p>V\u00e9ritable opportuniste, l&rsquo;alimentation de l\u2019ours brun est tr\u00e8s diversifi\u00e9e afin de s&rsquo;adapter aux ressources variables de son habitat forestier (<a href=\"https:\/\/www.wwf.fr\/especes-prioritaires\/ours-brun-deurope\">2<\/a>).<\/p>\n<ul>\n<li>Selon les saisons, il se nourrit de :\n<ul>\n<li>Plantes (myrtilles sauvages, rhizomes&#8230;)<\/li>\n<li>Fruits (pommes, raisins&#8230;)<\/li>\n<li>Bourgeons<\/li>\n<li>Insectes<\/li>\n<\/ul>\n<\/li>\n<li>Il chasse \u00e9galement des petits et moyens mammif\u00e8res (rongeurs)<\/li>\n<li>R\u00e9colte du miel dans les ruches foresti\u00e8res<\/li>\n<\/ul>\n<p><img loading=\"lazy\" decoding=\"async\" class=\"alignnone size-full wp-image-2327\" src=\"https:\/\/lesminis.fr\/blog\/wp-content\/uploads\/2023\/11\/7-2.jpg\" alt=\"Ours qui peche dans la rivi\u00e8re\" width=\"1080\" height=\"1080\" srcset=\"https:\/\/lesminis.fr\/blog\/wp-content\/uploads\/2023\/11\/7-2.jpg 1080w, https:\/\/lesminis.fr\/blog\/wp-content\/uploads\/2023\/11\/7-2-300x300.jpg 300w, https:\/\/lesminis.fr\/blog\/wp-content\/uploads\/2023\/11\/7-2-1024x1024.jpg 1024w, https:\/\/lesminis.fr\/blog\/wp-content\/uploads\/2023\/11\/7-2-150x150.jpg 150w, https:\/\/lesminis.fr\/blog\/wp-content\/uploads\/2023\/11\/7-2-768x768.jpg 768w, https:\/\/lesminis.fr\/blog\/wp-content\/uploads\/2023\/11\/7-2-696x696.jpg 696w, https:\/\/lesminis.fr\/blog\/wp-content\/uploads\/2023\/11\/7-2-1068x1068.jpg 1068w, https:\/\/lesminis.fr\/blog\/wp-content\/uploads\/2023\/11\/7-2-420x420.jpg 420w\" sizes=\"auto, (max-width: 1080px) 100vw, 1080px\" \/><\/p>\n<p class=\"whitespace-pre-wrap\">Excellent pr\u00e9dateur dot\u00e9 d\u2019un odorat tr\u00e8s d\u00e9velopp\u00e9. Ce r\u00e9gime mixed lui apporte les apports nutritionnels n\u00e9cessaires aux rythmes saisonniers.<\/p>\n<h2 class=\"whitespace-pre-wrap\"><span class=\"ez-toc-section\" id=\"Reproduction_et_hibernation_de_lours_brun_au_coeur_de_lhiver\"><\/span>Reproduction et hibernation de l&rsquo;ours brun, au c\u0153ur de l&rsquo;hiver<span class=\"ez-toc-section-end\"><\/span><\/h2>\n<p><img loading=\"lazy\" decoding=\"async\" class=\"alignnone size-full wp-image-2325\" src=\"https:\/\/lesminis.fr\/blog\/wp-content\/uploads\/2023\/11\/5-4.jpg\" alt=\"Reproduction fid\u00e8le d'un ours brun, un tr\u00e9sor pour les passionn\u00e9s de faune europ\u00e9enne.\" width=\"1080\" height=\"1080\" srcset=\"https:\/\/lesminis.fr\/blog\/wp-content\/uploads\/2023\/11\/5-4.jpg 1080w, https:\/\/lesminis.fr\/blog\/wp-content\/uploads\/2023\/11\/5-4-300x300.jpg 300w, https:\/\/lesminis.fr\/blog\/wp-content\/uploads\/2023\/11\/5-4-1024x1024.jpg 1024w, https:\/\/lesminis.fr\/blog\/wp-content\/uploads\/2023\/11\/5-4-150x150.jpg 150w, https:\/\/lesminis.fr\/blog\/wp-content\/uploads\/2023\/11\/5-4-768x768.jpg 768w, https:\/\/lesminis.fr\/blog\/wp-content\/uploads\/2023\/11\/5-4-696x696.jpg 696w, https:\/\/lesminis.fr\/blog\/wp-content\/uploads\/2023\/11\/5-4-1068x1068.jpg 1068w, https:\/\/lesminis.fr\/blog\/wp-content\/uploads\/2023\/11\/5-4-420x420.jpg 420w\" sizes=\"auto, (max-width: 1080px) 100vw, 1080px\" \/><\/p>\n<p class=\"whitespace-pre-wrap\">Les cycles de vie de l&rsquo;ours brun sont intimement li\u00e9s au climat rigoureux de ses habitats. En hiver, lorsque la nourriture se fait plus rare dans les for\u00eats enneig\u00e9es, il entre en hibernation pendant plusieurs mois pour r\u00e9duire ses d\u00e9penses \u00e9nerg\u00e9tiques. Son rythme cardiaque passe alors de 40 \u00e0&#8230; 10 battements par minute!<\/p>\n<p class=\"whitespace-pre-wrap\">C&rsquo;est \u00e9galement pendant la p\u00e9riode hivernale que s&rsquo;op\u00e8re la reproduction, entre mai et juillet. Apr\u00e8s seulement 2 mois de gestation pendant sa tani\u00e8re, la femelle ourse met au monde g\u00e9n\u00e9ralement deux oursons aveugles et glabres qu&rsquo;elle allaite pendant pr\u00e8s de 2 ans, les pr\u00e9parant ainsi \u00e0 leur future vie sylvestre.<\/p>\n<p><img loading=\"lazy\" decoding=\"async\" class=\"alignnone size-full wp-image-2332\" src=\"https:\/\/lesminis.fr\/blog\/wp-content\/uploads\/2023\/11\/12.jpg\" alt=\"Repr\u00e9sentation artistique d'un ours brun en France, dans un cadre forestier enchanteur.\" width=\"1080\" height=\"1080\" srcset=\"https:\/\/lesminis.fr\/blog\/wp-content\/uploads\/2023\/11\/12.jpg 1080w, https:\/\/lesminis.fr\/blog\/wp-content\/uploads\/2023\/11\/12-300x300.jpg 300w, https:\/\/lesminis.fr\/blog\/wp-content\/uploads\/2023\/11\/12-1024x1024.jpg 1024w, https:\/\/lesminis.fr\/blog\/wp-content\/uploads\/2023\/11\/12-150x150.jpg 150w, https:\/\/lesminis.fr\/blog\/wp-content\/uploads\/2023\/11\/12-768x768.jpg 768w, https:\/\/lesminis.fr\/blog\/wp-content\/uploads\/2023\/11\/12-696x696.jpg 696w, https:\/\/lesminis.fr\/blog\/wp-content\/uploads\/2023\/11\/12-1068x1068.jpg 1068w, https:\/\/lesminis.fr\/blog\/wp-content\/uploads\/2023\/11\/12-420x420.jpg 420w\" sizes=\"auto, (max-width: 1080px) 100vw, 1080px\" \/><\/p>\n<p class=\"whitespace-pre-wrap\">Une esp\u00e8ce toujours vuln\u00e9rable face \u00e0 l&rsquo;Homme De Primeurs chasseurs de l&rsquo;\u00e9poque pr\u00e9historique aux braconniers actuels, l&rsquo;ours brun paye un lourd tribut aux activit\u00e9s humaines depuis des mill\u00e9naires, victime des pers\u00e9cutions pour sa fourrure, sa viande ou encore sa v\u00e9sicule biliaire aux vertus m\u00e9dicinales suppos\u00e9es.<\/p>\n<p class=\"whitespace-pre-wrap\">Si des programmes de conservation ont permis de stabiliser certaines populations, l&rsquo;avenir de ce grand mammif\u00e8re sylvestre n&rsquo;en reste pas moins pr\u00e9caire. Entre destruction de son habitat naturel et d\u00e9rangements li\u00e9s \u00e0 une fr\u00e9quentation accrue des espaces forestiers, l&#8217;embl\u00e9matique ours brun m\u00e9rite protection.<\/p>\n<blockquote class=\"wp-embedded-content\" data-secret=\"dju4oObjzL\"><p><a href=\"https:\/\/lesminis.fr\/blog\/les-10-animaux-de-la-foret-les-plus-fascinants\/\">Les 10 animaux les plus fascinants de la for\u00eat<\/a><\/p><\/blockquote>\n<p><iframe loading=\"lazy\" class=\"wp-embedded-content\" sandbox=\"allow-scripts\" security=\"restricted\" style=\"position: absolute; clip: rect(1px, 1px, 1px, 1px);\" title=\"\u00ab\u00a0Les 10 animaux les plus fascinants de la for\u00eat\u00a0\u00bb &#8212; LesMinis Le Blog - Mat\u00e9riels \u00e9ducatifs - Figurines p\u00e9dagogiques\" src=\"https:\/\/lesminis.fr\/blog\/les-10-animaux-de-la-foret-les-plus-fascinants\/embed\/#?secret=qIZNCDL8lW#?secret=dju4oObjzL\" data-secret=\"dju4oObjzL\" width=\"600\" height=\"338\" frameborder=\"0\" marginwidth=\"0\" marginheight=\"0\" scrolling=\"no\"><\/iframe><\/p>\n<h2 class=\"whitespace-pre-wrap\"><span class=\"ez-toc-section\" id=\"Des_figurines_ours_brun_realistes_pour_sensibiliser_a_sa_conservation\"><\/span>Des figurines ours brun r\u00e9alistes pour sensibiliser \u00e0 sa conservation<span class=\"ez-toc-section-end\"><\/span><\/h2>\n<p class=\"whitespace-pre-wrap\">Afin de sensibiliser le grand public \u00e0 la beaut\u00e9 mais aussi \u00e0 la fragilit\u00e9 croissante des ours bruns, il existe de magnifiques <a href=\"https:\/\/lesminis.fr\/721-figurine-ours\">figurines<\/a> permettant de d\u00e9couvrir ce fabuleux plantigrade sous toutes ses facettes.<\/p>\n<p><img loading=\"lazy\" decoding=\"async\" class=\"alignnone size-full wp-image-2328\" src=\"https:\/\/lesminis.fr\/blog\/wp-content\/uploads\/2023\/11\/8-2.jpg\" alt=\"Figurine r\u00e9aliste d'ours brun, parfaite pour les collectionneurs d'animaux sauvages europ\u00e9ens.\" width=\"1080\" height=\"1080\" srcset=\"https:\/\/lesminis.fr\/blog\/wp-content\/uploads\/2023\/11\/8-2.jpg 1080w, https:\/\/lesminis.fr\/blog\/wp-content\/uploads\/2023\/11\/8-2-300x300.jpg 300w, https:\/\/lesminis.fr\/blog\/wp-content\/uploads\/2023\/11\/8-2-1024x1024.jpg 1024w, https:\/\/lesminis.fr\/blog\/wp-content\/uploads\/2023\/11\/8-2-150x150.jpg 150w, https:\/\/lesminis.fr\/blog\/wp-content\/uploads\/2023\/11\/8-2-768x768.jpg 768w, https:\/\/lesminis.fr\/blog\/wp-content\/uploads\/2023\/11\/8-2-696x696.jpg 696w, https:\/\/lesminis.fr\/blog\/wp-content\/uploads\/2023\/11\/8-2-1068x1068.jpg 1068w, https:\/\/lesminis.fr\/blog\/wp-content\/uploads\/2023\/11\/8-2-420x420.jpg 420w\" sizes=\"auto, (max-width: 1080px) 100vw, 1080px\" \/><\/p>\n<p class=\"whitespace-pre-wrap\">Les marques r\u00e9put\u00e9es pour leur souci du d\u00e9tail r\u00e9aliste comme <a href=\"https:\/\/lesminis.fr\/figurine-ours-brun-88560-collecta\/6514-4892900885605.html\">CollectA<\/a> ou Mojo Fun ont cr\u00e9\u00e9 des mod\u00e8les d&rsquo;ours bruns et d&rsquo;<a href=\"https:\/\/lesminis.fr\/figurine-ourson-brun-88561-collecta\/6515-4892900885612.html\">oursons riches en pr\u00e9cision morphologique<\/a>. De quoi \u00e9pater les passionn\u00e9s d&rsquo;ours qui peuvent ainsi admirer chez eux leur reproduction fid\u00e8le, du <a href=\"https:\/\/lesminis.fr\/figurine-grizzli-181729-safari-ltd\/5630-0958660004620.html\">plantigrade dress\u00e9 sur ses pattes<\/a> aux <a href=\"https:\/\/lesminis.fr\/figurine-ourson-grizzli-387217-mojo\/4992-5031923872172.html\">oursons juv\u00e9niles au regard \u00e9tonn\u00e9<\/a>.<\/p>\n<p><img loading=\"lazy\" decoding=\"async\" class=\"alignnone size-full wp-image-2322\" src=\"https:\/\/lesminis.fr\/blog\/wp-content\/uploads\/2023\/11\/2-8.jpg\" alt=\"Ours brun captur\u00e9 dans une sc\u00e8ne naturelle fran\u00e7aise, figurine d'une grande pr\u00e9cision\" width=\"1080\" height=\"1080\" srcset=\"https:\/\/lesminis.fr\/blog\/wp-content\/uploads\/2023\/11\/2-8.jpg 1080w, https:\/\/lesminis.fr\/blog\/wp-content\/uploads\/2023\/11\/2-8-300x300.jpg 300w, https:\/\/lesminis.fr\/blog\/wp-content\/uploads\/2023\/11\/2-8-1024x1024.jpg 1024w, https:\/\/lesminis.fr\/blog\/wp-content\/uploads\/2023\/11\/2-8-150x150.jpg 150w, https:\/\/lesminis.fr\/blog\/wp-content\/uploads\/2023\/11\/2-8-768x768.jpg 768w, https:\/\/lesminis.fr\/blog\/wp-content\/uploads\/2023\/11\/2-8-696x696.jpg 696w, https:\/\/lesminis.fr\/blog\/wp-content\/uploads\/2023\/11\/2-8-1068x1068.jpg 1068w, https:\/\/lesminis.fr\/blog\/wp-content\/uploads\/2023\/11\/2-8-420x420.jpg 420w\" sizes=\"auto, (max-width: 1080px) 100vw, 1080px\" \/><\/p>\n<p class=\"whitespace-pre-wrap\">R\u00e9f\u00e9rences scientifiques : (1) Ursid\u00e9s d&rsquo;Europe, Parc national de Yellowstone (2) R\u00e9gime alimentaire de l&rsquo;ours brun, WWF<\/p>\n<p class=\"whitespace-pre-wrap\">J&rsquo;esp\u00e8re que cet article complet vous plaira et permettra d&rsquo;en apprendre plus sur ce formidable mammif\u00e8re qu&rsquo;est l&rsquo;ours brun ! N&rsquo;h\u00e9sitez pas \u00e0 me faire part de vos remarques.<\/p>\n<blockquote class=\"wp-embedded-content\" data-secret=\"HZCSPXBlwA\"><p><a href=\"https:\/\/lesminis.fr\/blog\/voyage-passionnant-a-travers-les-8-especes-d-ours\/\">Les Ours : Cr\u00e9atures Majestueuses de la Nature<\/a><\/p><\/blockquote>\n<p><iframe loading=\"lazy\" class=\"wp-embedded-content\" sandbox=\"allow-scripts\" security=\"restricted\" style=\"position: absolute; clip: rect(1px, 1px, 1px, 1px);\" title=\"\u00ab\u00a0Les Ours : Cr\u00e9atures Majestueuses de la Nature\u00a0\u00bb &#8212; LesMinis Le Blog - Mat\u00e9riels \u00e9ducatifs - Figurines p\u00e9dagogiques\" src=\"https:\/\/lesminis.fr\/blog\/voyage-passionnant-a-travers-les-8-especes-d-ours\/embed\/#?secret=jPJV4D87y2#?secret=HZCSPXBlwA\" data-secret=\"HZCSPXBlwA\" width=\"600\" height=\"338\" frameborder=\"0\" marginwidth=\"0\" marginheight=\"0\" scrolling=\"no\"><\/iframe><\/p>\n","protected":false},"excerpt":{"rendered":"<p>Explorez le monde secret de l&rsquo;ours brun. Cet article r\u00e9v\u00e8le des faits \u00e9tonnants sur cet animal embl\u00e9matique des for\u00eats, d\u00e9voilant un c\u00f4t\u00e9 m\u00e9connu de ce majestueux mammif\u00e8re.<\/p>\n","protected":false},"author":1,"featured_media":2321,"comment_status":"open","ping_status":"closed","sticky":false,"template":"","format":"standard","meta":{"_acf_changed":false,"footnotes":""},"categories":[28],"tags":[161,533,177,614,594,613],"class_list":{"0":"post-2317","1":"post","2":"type-post","3":"status-publish","4":"format-standard","5":"has-post-thumbnail","7":"category-monde-animal-figurines","8":"tag-animaux-de-la-foret","9":"tag-faune-sauvage","10":"tag-habitat-naturel","11":"tag-nature-et-decouverte","12":"tag-ours-brun","13":"tag-protection-des-especes"},"acf":[],"yoast_head":"<!-- This site is optimized with the Yoast SEO Premium plugin v27.1 (Yoast SEO v27.1.1) - https:\/\/yoast.com\/product\/yoast-seo-premium-wordpress\/ -->\n<title>Ours Brun - D\u00e9couverte et Myst\u00e8res Incroyables du Ma\u00eetre de la For\u00eat<\/title>\n<meta name=\"description\" content=\"Plongez dans l&#039;univers fascinant de l&#039;ours brun. D\u00e9couvrez ses habitudes, son habitat et des faits surprenants qui changent notre perception de ce g\u00e9ant des for\u00eats.\" \/>\n<meta name=\"robots\" content=\"index, follow, max-snippet:-1, max-image-preview:large, max-video-preview:-1\" \/>\n<link rel=\"canonical\" href=\"https:\/\/lesminis.fr\/blog\/decouverte-ours-brun-animaux-foret\/\" \/>\n<meta property=\"og:locale\" content=\"fr_FR\" \/>\n<meta property=\"og:type\" content=\"article\" \/>\n<meta property=\"og:title\" content=\"Ours Brun - D\u00e9couverte et Myst\u00e8res Incroyables du Ma\u00eetre de la For\u00eat\" \/>\n<meta property=\"og:description\" content=\"Plongez dans l&#039;univers fascinant de l&#039;ours brun. D\u00e9couvrez ses habitudes, son habitat et des faits surprenants qui changent notre perception de ce g\u00e9ant des for\u00eats.\" \/>\n<meta property=\"og:url\" content=\"https:\/\/lesminis.fr\/blog\/decouverte-ours-brun-animaux-foret\/\" \/>\n<meta property=\"og:site_name\" content=\"LesMinis Le Blog - Mat\u00e9riels \u00e9ducatifs - Figurines p\u00e9dagogiques\" \/>\n<meta property=\"article:publisher\" content=\"https:\/\/fr-fr.facebook.com\/LesMinis.fr\/\" \/>\n<meta property=\"article:author\" content=\"https:\/\/www.facebook.com\/LesMinis.fr\/\" \/>\n<meta property=\"article:published_time\" content=\"2023-11-24T12:17:15+00:00\" \/>\n<meta property=\"og:image\" content=\"https:\/\/lesminis.fr\/blog\/wp-content\/uploads\/2023\/11\/1-8.jpg\" \/>\n\t<meta property=\"og:image:width\" content=\"1080\" \/>\n\t<meta property=\"og:image:height\" content=\"1080\" \/>\n\t<meta property=\"og:image:type\" content=\"image\/jpeg\" \/>\n<meta name=\"author\" content=\"LesMinis\" \/>\n<meta name=\"twitter:label1\" content=\"\u00c9crit par\" \/>\n\t<meta name=\"twitter:data1\" content=\"LesMinis\" \/>\n\t<meta name=\"twitter:label2\" content=\"Dur\u00e9e de lecture estim\u00e9e\" \/>\n\t<meta name=\"twitter:data2\" content=\"7 minutes\" \/>\n<script type=\"application\/ld+json\" class=\"yoast-schema-graph\">{\"@context\":\"https:\/\/schema.org\",\"@graph\":[{\"@type\":[\"Article\",\"BlogPosting\"],\"@id\":\"https:\/\/lesminis.fr\/blog\/decouverte-ours-brun-animaux-foret\/#article\",\"isPartOf\":{\"@id\":\"https:\/\/lesminis.fr\/blog\/decouverte-ours-brun-animaux-foret\/\"},\"author\":{\"name\":\"LesMinis\",\"@id\":\"https:\/\/lesminis.fr\/blog\/#\/schema\/person\/4a1be8c8c70a7d945af71674957cf83e\"},\"headline\":\"Ours Brun &#8211; D\u00e9couverte et Myst\u00e8res Incroyables du Ma\u00eetre de la For\u00eat\",\"datePublished\":\"2023-11-24T12:17:15+00:00\",\"mainEntityOfPage\":{\"@id\":\"https:\/\/lesminis.fr\/blog\/decouverte-ours-brun-animaux-foret\/\"},\"wordCount\":1022,\"commentCount\":0,\"publisher\":{\"@id\":\"https:\/\/lesminis.fr\/blog\/#organization\"},\"image\":{\"@id\":\"https:\/\/lesminis.fr\/blog\/decouverte-ours-brun-animaux-foret\/#primaryimage\"},\"thumbnailUrl\":\"https:\/\/lesminis.fr\/blog\/wp-content\/uploads\/2023\/11\/1-8.jpg\",\"keywords\":[\"animaux de la for\u00eat\",\"faune sauvage\",\"habitat naturel\",\"nature et d\u00e9couverte\",\"ours brun\",\"protection des esp\u00e8ces\"],\"articleSection\":[\"Zoodex \u2014 Explorer le monde animal\"],\"inLanguage\":\"fr-FR\",\"potentialAction\":[{\"@type\":\"CommentAction\",\"name\":\"Comment\",\"target\":[\"https:\/\/lesminis.fr\/blog\/decouverte-ours-brun-animaux-foret\/#respond\"]}]},{\"@type\":\"WebPage\",\"@id\":\"https:\/\/lesminis.fr\/blog\/decouverte-ours-brun-animaux-foret\/\",\"url\":\"https:\/\/lesminis.fr\/blog\/decouverte-ours-brun-animaux-foret\/\",\"name\":\"Ours Brun - D\u00e9couverte et Myst\u00e8res Incroyables du Ma\u00eetre de la For\u00eat\",\"isPartOf\":{\"@id\":\"https:\/\/lesminis.fr\/blog\/#website\"},\"primaryImageOfPage\":{\"@id\":\"https:\/\/lesminis.fr\/blog\/decouverte-ours-brun-animaux-foret\/#primaryimage\"},\"image\":{\"@id\":\"https:\/\/lesminis.fr\/blog\/decouverte-ours-brun-animaux-foret\/#primaryimage\"},\"thumbnailUrl\":\"https:\/\/lesminis.fr\/blog\/wp-content\/uploads\/2023\/11\/1-8.jpg\",\"datePublished\":\"2023-11-24T12:17:15+00:00\",\"description\":\"Plongez dans l'univers fascinant de l'ours brun. D\u00e9couvrez ses habitudes, son habitat et des faits surprenants qui changent notre perception de ce g\u00e9ant des for\u00eats.\",\"breadcrumb\":{\"@id\":\"https:\/\/lesminis.fr\/blog\/decouverte-ours-brun-animaux-foret\/#breadcrumb\"},\"inLanguage\":\"fr-FR\",\"potentialAction\":[{\"@type\":\"ReadAction\",\"target\":[\"https:\/\/lesminis.fr\/blog\/decouverte-ours-brun-animaux-foret\/\"]}]},{\"@type\":\"ImageObject\",\"inLanguage\":\"fr-FR\",\"@id\":\"https:\/\/lesminis.fr\/blog\/decouverte-ours-brun-animaux-foret\/#primaryimage\",\"url\":\"https:\/\/lesminis.fr\/blog\/wp-content\/uploads\/2023\/11\/1-8.jpg\",\"contentUrl\":\"https:\/\/lesminis.fr\/blog\/wp-content\/uploads\/2023\/11\/1-8.jpg\",\"width\":1080,\"height\":1080,\"caption\":\"Figurine d'ours brun d\u00e9taill\u00e9e, un ajout magnifique pour toute boutique d'animaux sauvages.\"},{\"@type\":\"BreadcrumbList\",\"@id\":\"https:\/\/lesminis.fr\/blog\/decouverte-ours-brun-animaux-foret\/#breadcrumb\",\"itemListElement\":[{\"@type\":\"ListItem\",\"position\":1,\"name\":\"Accueil\",\"item\":\"https:\/\/lesminis.fr\/blog\/\"},{\"@type\":\"ListItem\",\"position\":2,\"name\":\"Ours Brun &#8211; D\u00e9couverte et Myst\u00e8res Incroyables du Ma\u00eetre de la For\u00eat\"}]},{\"@type\":\"WebSite\",\"@id\":\"https:\/\/lesminis.fr\/blog\/#website\",\"url\":\"https:\/\/lesminis.fr\/blog\/\",\"name\":\"LesMinis Le Blog - Mat\u00e9riels \u00e9ducatifs - Figurines p\u00e9dagogiques\",\"description\":\"D\u00e9couvrez notre actualit\u00e9, figurines, mat\u00e9riel \u00e9ducatif, activit\u00e9s Montessori\",\"publisher\":{\"@id\":\"https:\/\/lesminis.fr\/blog\/#organization\"},\"potentialAction\":[{\"@type\":\"SearchAction\",\"target\":{\"@type\":\"EntryPoint\",\"urlTemplate\":\"https:\/\/lesminis.fr\/blog\/?s={search_term_string}\"},\"query-input\":{\"@type\":\"PropertyValueSpecification\",\"valueRequired\":true,\"valueName\":\"search_term_string\"}}],\"inLanguage\":\"fr-FR\"},{\"@type\":\"Organization\",\"@id\":\"https:\/\/lesminis.fr\/blog\/#organization\",\"name\":\"LesMinis - Sp\u00e9cialiste mat\u00e9riel p\u00e9dagogiques - Figurines \u00e9ducatives - Mat\u00e9riel Montessori\",\"url\":\"https:\/\/lesminis.fr\/blog\/\",\"logo\":{\"@type\":\"ImageObject\",\"inLanguage\":\"fr-FR\",\"@id\":\"https:\/\/lesminis.fr\/blog\/#\/schema\/logo\/image\/\",\"url\":\"https:\/\/lesminis.fr\/blog\/wp-content\/uploads\/2023\/03\/nouveau-logo-lesminis.png\",\"contentUrl\":\"https:\/\/lesminis.fr\/blog\/wp-content\/uploads\/2023\/03\/nouveau-logo-lesminis.png\",\"width\":500,\"height\":175,\"caption\":\"LesMinis - Sp\u00e9cialiste mat\u00e9riel p\u00e9dagogiques - Figurines \u00e9ducatives - Mat\u00e9riel Montessori\"},\"image\":{\"@id\":\"https:\/\/lesminis.fr\/blog\/#\/schema\/logo\/image\/\"},\"sameAs\":[\"https:\/\/fr-fr.facebook.com\/LesMinis.fr\/\",\"https:\/\/www.instagram.com\/lesminis.fr\/\",\"https:\/\/www.tiktok.com\/@lesminis.fr\",\"https:\/\/www.pinterest.fr\/lesminisfr\/\"]},{\"@type\":\"Person\",\"@id\":\"https:\/\/lesminis.fr\/blog\/#\/schema\/person\/4a1be8c8c70a7d945af71674957cf83e\",\"name\":\"LesMinis\",\"image\":{\"@type\":\"ImageObject\",\"inLanguage\":\"fr-FR\",\"@id\":\"https:\/\/lesminis.fr\/blog\/#\/schema\/person\/image\/\",\"url\":\"https:\/\/secure.gravatar.com\/avatar\/288cd93d352b3465f2bd0701b1f2bb059b68dc3a70c4fda061bad8e6c9f8d865?s=96&d=blank&r=g\",\"contentUrl\":\"https:\/\/secure.gravatar.com\/avatar\/288cd93d352b3465f2bd0701b1f2bb059b68dc3a70c4fda061bad8e6c9f8d865?s=96&d=blank&r=g\",\"caption\":\"LesMinis\"},\"sameAs\":[\"https:\/\/lesminis.fr\/blog\",\"https:\/\/www.facebook.com\/LesMinis.fr\/\",\"https:\/\/www.instagram.com\/lesminis.fr\/\",\"https:\/\/www.pinterest.fr\/lesminisfr\/\"],\"url\":\"https:\/\/lesminis.fr\/blog\/author\/lesminis\/\"}]}<\/script>\n<!-- \/ Yoast SEO Premium plugin. -->","yoast_head_json":{"title":"Ours Brun - D\u00e9couverte et Myst\u00e8res Incroyables du Ma\u00eetre de la For\u00eat","description":"Plongez dans l'univers fascinant de l'ours brun. D\u00e9couvrez ses habitudes, son habitat et des faits surprenants qui changent notre perception de ce g\u00e9ant des for\u00eats.","robots":{"index":"index","follow":"follow","max-snippet":"max-snippet:-1","max-image-preview":"max-image-preview:large","max-video-preview":"max-video-preview:-1"},"canonical":"https:\/\/lesminis.fr\/blog\/decouverte-ours-brun-animaux-foret\/","og_locale":"fr_FR","og_type":"article","og_title":"Ours Brun - D\u00e9couverte et Myst\u00e8res Incroyables du Ma\u00eetre de la For\u00eat","og_description":"Plongez dans l'univers fascinant de l'ours brun. D\u00e9couvrez ses habitudes, son habitat et des faits surprenants qui changent notre perception de ce g\u00e9ant des for\u00eats.","og_url":"https:\/\/lesminis.fr\/blog\/decouverte-ours-brun-animaux-foret\/","og_site_name":"LesMinis Le Blog - Mat\u00e9riels \u00e9ducatifs - Figurines p\u00e9dagogiques","article_publisher":"https:\/\/fr-fr.facebook.com\/LesMinis.fr\/","article_author":"https:\/\/www.facebook.com\/LesMinis.fr\/","article_published_time":"2023-11-24T12:17:15+00:00","og_image":[{"width":1080,"height":1080,"url":"https:\/\/lesminis.fr\/blog\/wp-content\/uploads\/2023\/11\/1-8.jpg","type":"image\/jpeg"}],"author":"LesMinis","twitter_misc":{"\u00c9crit par":"LesMinis","Dur\u00e9e de lecture estim\u00e9e":"7 minutes"},"schema":{"@context":"https:\/\/schema.org","@graph":[{"@type":["Article","BlogPosting"],"@id":"https:\/\/lesminis.fr\/blog\/decouverte-ours-brun-animaux-foret\/#article","isPartOf":{"@id":"https:\/\/lesminis.fr\/blog\/decouverte-ours-brun-animaux-foret\/"},"author":{"name":"LesMinis","@id":"https:\/\/lesminis.fr\/blog\/#\/schema\/person\/4a1be8c8c70a7d945af71674957cf83e"},"headline":"Ours Brun &#8211; D\u00e9couverte et Myst\u00e8res Incroyables du Ma\u00eetre de la For\u00eat","datePublished":"2023-11-24T12:17:15+00:00","mainEntityOfPage":{"@id":"https:\/\/lesminis.fr\/blog\/decouverte-ours-brun-animaux-foret\/"},"wordCount":1022,"commentCount":0,"publisher":{"@id":"https:\/\/lesminis.fr\/blog\/#organization"},"image":{"@id":"https:\/\/lesminis.fr\/blog\/decouverte-ours-brun-animaux-foret\/#primaryimage"},"thumbnailUrl":"https:\/\/lesminis.fr\/blog\/wp-content\/uploads\/2023\/11\/1-8.jpg","keywords":["animaux de la for\u00eat","faune sauvage","habitat naturel","nature et d\u00e9couverte","ours brun","protection des esp\u00e8ces"],"articleSection":["Zoodex \u2014 Explorer le monde animal"],"inLanguage":"fr-FR","potentialAction":[{"@type":"CommentAction","name":"Comment","target":["https:\/\/lesminis.fr\/blog\/decouverte-ours-brun-animaux-foret\/#respond"]}]},{"@type":"WebPage","@id":"https:\/\/lesminis.fr\/blog\/decouverte-ours-brun-animaux-foret\/","url":"https:\/\/lesminis.fr\/blog\/decouverte-ours-brun-animaux-foret\/","name":"Ours Brun - D\u00e9couverte et Myst\u00e8res Incroyables du Ma\u00eetre de la For\u00eat","isPartOf":{"@id":"https:\/\/lesminis.fr\/blog\/#website"},"primaryImageOfPage":{"@id":"https:\/\/lesminis.fr\/blog\/decouverte-ours-brun-animaux-foret\/#primaryimage"},"image":{"@id":"https:\/\/lesminis.fr\/blog\/decouverte-ours-brun-animaux-foret\/#primaryimage"},"thumbnailUrl":"https:\/\/lesminis.fr\/blog\/wp-content\/uploads\/2023\/11\/1-8.jpg","datePublished":"2023-11-24T12:17:15+00:00","description":"Plongez dans l'univers fascinant de l'ours brun. D\u00e9couvrez ses habitudes, son habitat et des faits surprenants qui changent notre perception de ce g\u00e9ant des for\u00eats.","breadcrumb":{"@id":"https:\/\/lesminis.fr\/blog\/decouverte-ours-brun-animaux-foret\/#breadcrumb"},"inLanguage":"fr-FR","potentialAction":[{"@type":"ReadAction","target":["https:\/\/lesminis.fr\/blog\/decouverte-ours-brun-animaux-foret\/"]}]},{"@type":"ImageObject","inLanguage":"fr-FR","@id":"https:\/\/lesminis.fr\/blog\/decouverte-ours-brun-animaux-foret\/#primaryimage","url":"https:\/\/lesminis.fr\/blog\/wp-content\/uploads\/2023\/11\/1-8.jpg","contentUrl":"https:\/\/lesminis.fr\/blog\/wp-content\/uploads\/2023\/11\/1-8.jpg","width":1080,"height":1080,"caption":"Figurine d'ours brun d\u00e9taill\u00e9e, un ajout magnifique pour toute boutique d'animaux sauvages."},{"@type":"BreadcrumbList","@id":"https:\/\/lesminis.fr\/blog\/decouverte-ours-brun-animaux-foret\/#breadcrumb","itemListElement":[{"@type":"ListItem","position":1,"name":"Accueil","item":"https:\/\/lesminis.fr\/blog\/"},{"@type":"ListItem","position":2,"name":"Ours Brun &#8211; D\u00e9couverte et Myst\u00e8res Incroyables du Ma\u00eetre de la For\u00eat"}]},{"@type":"WebSite","@id":"https:\/\/lesminis.fr\/blog\/#website","url":"https:\/\/lesminis.fr\/blog\/","name":"LesMinis Le Blog - Mat\u00e9riels \u00e9ducatifs - Figurines p\u00e9dagogiques","description":"D\u00e9couvrez notre actualit\u00e9, figurines, mat\u00e9riel \u00e9ducatif, activit\u00e9s Montessori","publisher":{"@id":"https:\/\/lesminis.fr\/blog\/#organization"},"potentialAction":[{"@type":"SearchAction","target":{"@type":"EntryPoint","urlTemplate":"https:\/\/lesminis.fr\/blog\/?s={search_term_string}"},"query-input":{"@type":"PropertyValueSpecification","valueRequired":true,"valueName":"search_term_string"}}],"inLanguage":"fr-FR"},{"@type":"Organization","@id":"https:\/\/lesminis.fr\/blog\/#organization","name":"LesMinis - Sp\u00e9cialiste mat\u00e9riel p\u00e9dagogiques - Figurines \u00e9ducatives - Mat\u00e9riel Montessori","url":"https:\/\/lesminis.fr\/blog\/","logo":{"@type":"ImageObject","inLanguage":"fr-FR","@id":"https:\/\/lesminis.fr\/blog\/#\/schema\/logo\/image\/","url":"https:\/\/lesminis.fr\/blog\/wp-content\/uploads\/2023\/03\/nouveau-logo-lesminis.png","contentUrl":"https:\/\/lesminis.fr\/blog\/wp-content\/uploads\/2023\/03\/nouveau-logo-lesminis.png","width":500,"height":175,"caption":"LesMinis - Sp\u00e9cialiste mat\u00e9riel p\u00e9dagogiques - Figurines \u00e9ducatives - Mat\u00e9riel Montessori"},"image":{"@id":"https:\/\/lesminis.fr\/blog\/#\/schema\/logo\/image\/"},"sameAs":["https:\/\/fr-fr.facebook.com\/LesMinis.fr\/","https:\/\/www.instagram.com\/lesminis.fr\/","https:\/\/www.tiktok.com\/@lesminis.fr","https:\/\/www.pinterest.fr\/lesminisfr\/"]},{"@type":"Person","@id":"https:\/\/lesminis.fr\/blog\/#\/schema\/person\/4a1be8c8c70a7d945af71674957cf83e","name":"LesMinis","image":{"@type":"ImageObject","inLanguage":"fr-FR","@id":"https:\/\/lesminis.fr\/blog\/#\/schema\/person\/image\/","url":"https:\/\/secure.gravatar.com\/avatar\/288cd93d352b3465f2bd0701b1f2bb059b68dc3a70c4fda061bad8e6c9f8d865?s=96&d=blank&r=g","contentUrl":"https:\/\/secure.gravatar.com\/avatar\/288cd93d352b3465f2bd0701b1f2bb059b68dc3a70c4fda061bad8e6c9f8d865?s=96&d=blank&r=g","caption":"LesMinis"},"sameAs":["https:\/\/lesminis.fr\/blog","https:\/\/www.facebook.com\/LesMinis.fr\/","https:\/\/www.instagram.com\/lesminis.fr\/","https:\/\/www.pinterest.fr\/lesminisfr\/"],"url":"https:\/\/lesminis.fr\/blog\/author\/lesminis\/"}]}},"_links":{"self":[{"href":"https:\/\/lesminis.fr\/blog\/wp-json\/wp\/v2\/posts\/2317","targetHints":{"allow":["GET"]}}],"collection":[{"href":"https:\/\/lesminis.fr\/blog\/wp-json\/wp\/v2\/posts"}],"about":[{"href":"https:\/\/lesminis.fr\/blog\/wp-json\/wp\/v2\/types\/post"}],"author":[{"embeddable":true,"href":"https:\/\/lesminis.fr\/blog\/wp-json\/wp\/v2\/users\/1"}],"replies":[{"embeddable":true,"href":"https:\/\/lesminis.fr\/blog\/wp-json\/wp\/v2\/comments?post=2317"}],"version-history":[{"count":4,"href":"https:\/\/lesminis.fr\/blog\/wp-json\/wp\/v2\/posts\/2317\/revisions"}],"predecessor-version":[{"id":2334,"href":"https:\/\/lesminis.fr\/blog\/wp-json\/wp\/v2\/posts\/2317\/revisions\/2334"}],"wp:featuredmedia":[{"embeddable":true,"href":"https:\/\/lesminis.fr\/blog\/wp-json\/wp\/v2\/media\/2321"}],"wp:attachment":[{"href":"https:\/\/lesminis.fr\/blog\/wp-json\/wp\/v2\/media?parent=2317"}],"wp:term":[{"taxonomy":"category","embeddable":true,"href":"https:\/\/lesminis.fr\/blog\/wp-json\/wp\/v2\/categories?post=2317"},{"taxonomy":"post_tag","embeddable":true,"href":"https:\/\/lesminis.fr\/blog\/wp-json\/wp\/v2\/tags?post=2317"}],"curies":[{"name":"wp","href":"https:\/\/api.w.org\/{rel}","templated":true}]}}