{"id":2300,"date":"2023-11-23T07:53:00","date_gmt":"2023-11-23T06:53:00","guid":{"rendered":"https:\/\/lesminis.fr\/blog\/?p=2300"},"modified":"2023-11-23T07:53:00","modified_gmt":"2023-11-23T06:53:00","slug":"decouverte-ours-malais-forets-asie-sud","status":"publish","type":"post","link":"https:\/\/lesminis.fr\/blog\/decouverte-ours-malais-forets-asie-sud\/","title":{"rendered":"Passion ours : d\u00e9couvrez toutes les facettes de l&rsquo;intrigant malais"},"content":{"rendered":"<p class=\"whitespace-pre-wrap\">On conna\u00eet bien l\u2019ours brun ou l\u2019ours noir, mais savez-vous qu\u2019il existe une esp\u00e8ce d\u2019ours end\u00e9mique des for\u00eats tropicales humides d\u2019Asie du Sud-Est ? Appel\u00e9 ours malais, ce grand mammif\u00e8re arboricole et frugivore est m\u00e9connu du grand public. Pourtant, il joue un r\u00f4le cl\u00e9 dans la dispersion des graines des for\u00eats qu\u2019il occupe. Voyage \u00e0 la d\u00e9couverte de cet animal fascinant !<\/p>\n<div id=\"ez-toc-container\" class=\"ez-toc-v2_0_78 counter-hierarchy ez-toc-counter ez-toc-grey ez-toc-container-direction\">\n<div class=\"ez-toc-title-container\">\n<p class=\"ez-toc-title\" style=\"cursor:inherit\">Table of Contents<\/p>\n<span class=\"ez-toc-title-toggle\"><a href=\"#\" class=\"ez-toc-pull-right ez-toc-btn ez-toc-btn-xs ez-toc-btn-default ez-toc-toggle\" aria-label=\"Toggle Table of Content\"><span class=\"ez-toc-js-icon-con\"><span class=\"\"><span class=\"eztoc-hide\" style=\"display:none;\">Toggle<\/span><span class=\"ez-toc-icon-toggle-span\"><svg style=\"fill: #999;color:#999\" xmlns=\"http:\/\/www.w3.org\/2000\/svg\" class=\"list-377408\" width=\"20px\" height=\"20px\" viewBox=\"0 0 24 24\" fill=\"none\"><path d=\"M6 6H4v2h2V6zm14 0H8v2h12V6zM4 11h2v2H4v-2zm16 0H8v2h12v-2zM4 16h2v2H4v-2zm16 0H8v2h12v-2z\" fill=\"currentColor\"><\/path><\/svg><svg style=\"fill: #999;color:#999\" class=\"arrow-unsorted-368013\" xmlns=\"http:\/\/www.w3.org\/2000\/svg\" width=\"10px\" height=\"10px\" viewBox=\"0 0 24 24\" version=\"1.2\" baseProfile=\"tiny\"><path d=\"M18.2 9.3l-6.2-6.3-6.2 6.3c-.2.2-.3.4-.3.7s.1.5.3.7c.2.2.4.3.7.3h11c.3 0 .5-.1.7-.3.2-.2.3-.5.3-.7s-.1-.5-.3-.7zM5.8 14.7l6.2 6.3 6.2-6.3c.2-.2.3-.5.3-.7s-.1-.5-.3-.7c-.2-.2-.4-.3-.7-.3h-11c-.3 0-.5.1-.7.3-.2.2-.3.5-.3.7s.1.5.3.7z\"\/><\/svg><\/span><\/span><\/span><\/a><\/span><\/div>\n<nav><ul class='ez-toc-list ez-toc-list-level-1 ' ><li class='ez-toc-page-1 ez-toc-heading-level-2'><a class=\"ez-toc-link ez-toc-heading-1\" href=\"https:\/\/lesminis.fr\/blog\/decouverte-ours-malais-forets-asie-sud\/#Description_de_lours_malais\" >Description de l\u2019ours malais<\/a><\/li><li class='ez-toc-page-1 ez-toc-heading-level-2'><a class=\"ez-toc-link ez-toc-heading-2\" href=\"https:\/\/lesminis.fr\/blog\/decouverte-ours-malais-forets-asie-sud\/#Regime_alimentaire\" >R\u00e9gime alimentaire<\/a><\/li><li class='ez-toc-page-1 ez-toc-heading-level-2'><a class=\"ez-toc-link ez-toc-heading-3\" href=\"https:\/\/lesminis.fr\/blog\/decouverte-ours-malais-forets-asie-sud\/#Son_role_dans_la_foret_tropicale\" >Son r\u00f4le dans la for\u00eat tropicale<\/a><\/li><li class='ez-toc-page-1 ez-toc-heading-level-2'><a class=\"ez-toc-link ez-toc-heading-4\" href=\"https:\/\/lesminis.fr\/blog\/decouverte-ours-malais-forets-asie-sud\/#Habitat_et_repartition\" >Habitat et r\u00e9partition<\/a><\/li><li class='ez-toc-page-1 ez-toc-heading-level-2'><a class=\"ez-toc-link ez-toc-heading-5\" href=\"https:\/\/lesminis.fr\/blog\/decouverte-ours-malais-forets-asie-sud\/#Une_espece_arboricole_et_solitaire\" >Une esp\u00e8ce arboricole et solitaire<\/a><\/li><li class='ez-toc-page-1 ez-toc-heading-level-2'><a class=\"ez-toc-link ez-toc-heading-6\" href=\"https:\/\/lesminis.fr\/blog\/decouverte-ours-malais-forets-asie-sud\/#Braconnage_et_trafic\" >Braconnage et trafic<\/a><ul class='ez-toc-list-level-3' ><li class='ez-toc-heading-level-3'><a class=\"ez-toc-link ez-toc-heading-7\" href=\"https:\/\/lesminis.fr\/blog\/decouverte-ours-malais-forets-asie-sud\/#Lespoir_des_sanctuaires_et_de_lecotourisme\" >L\u2019espoir des sanctuaires et de l\u2019\u00e9cotourisme<\/a><\/li><li class='ez-toc-page-1 ez-toc-heading-level-3'><a class=\"ez-toc-link ez-toc-heading-8\" href=\"https:\/\/lesminis.fr\/blog\/decouverte-ours-malais-forets-asie-sud\/#Une_espece_emblematique_a_proteger\" >Une esp\u00e8ce embl\u00e9matique \u00e0 prot\u00e9ger<\/a><\/li><\/ul><\/li><li class='ez-toc-page-1 ez-toc-heading-level-2'><a class=\"ez-toc-link ez-toc-heading-9\" href=\"https:\/\/lesminis.fr\/blog\/decouverte-ours-malais-forets-asie-sud\/#Figurine_dours_malais_reproduction_fidele_dun_mammifere_arboricole\" >Figurine d&rsquo;ours malais : reproduction fid\u00e8le d&rsquo;un mammif\u00e8re arboricole<\/a><\/li><\/ul><\/nav><\/div>\n<h2 class=\"whitespace-pre-wrap\"><span class=\"ez-toc-section\" id=\"Description_de_lours_malais\"><\/span>Description de l\u2019ours malais<span class=\"ez-toc-section-end\"><\/span><\/h2>\n<p class=\"whitespace-pre-wrap\">L\u2019ours malais, dont le nom scientifique est Helarctos Malayanus, est l\u2019une des huit esp\u00e8ces d\u2019ours au monde. Plus petit que son cousin l\u2019ours noir d\u2019Asie, il p\u00e8se entre 30 et 70 kg et mesure 120 \u00e0 150 cm de long. Avec son pelage noir brillant, il ne ressemble en rien aux ours bruns : il est plus fin et \u00e9lanc\u00e9, avec un museau allong\u00e9 et des oreilles rondes. Sa fourrure est adapt\u00e9e \u00e0 la chaleur et \u00e0 l\u2019humidit\u00e9 tropicales.<\/p>\n<p><img loading=\"lazy\" decoding=\"async\" class=\"alignnone size-full wp-image-2302\" src=\"https:\/\/lesminis.fr\/blog\/wp-content\/uploads\/2023\/11\/ours-malais-figurine-2.jpg\" alt=\"Jouet ours malais reproduction animali\u00e8re\" width=\"1024\" height=\"1024\" srcset=\"https:\/\/lesminis.fr\/blog\/wp-content\/uploads\/2023\/11\/ours-malais-figurine-2.jpg 1024w, https:\/\/lesminis.fr\/blog\/wp-content\/uploads\/2023\/11\/ours-malais-figurine-2-300x300.jpg 300w, https:\/\/lesminis.fr\/blog\/wp-content\/uploads\/2023\/11\/ours-malais-figurine-2-150x150.jpg 150w, https:\/\/lesminis.fr\/blog\/wp-content\/uploads\/2023\/11\/ours-malais-figurine-2-768x768.jpg 768w, https:\/\/lesminis.fr\/blog\/wp-content\/uploads\/2023\/11\/ours-malais-figurine-2-696x696.jpg 696w, https:\/\/lesminis.fr\/blog\/wp-content\/uploads\/2023\/11\/ours-malais-figurine-2-420x420.jpg 420w\" sizes=\"auto, (max-width: 1024px) 100vw, 1024px\" \/><\/p>\n<h2 class=\"whitespace-pre-wrap\"><span class=\"ez-toc-section\" id=\"Regime_alimentaire\"><\/span>R\u00e9gime alimentaire<span class=\"ez-toc-section-end\"><\/span><\/h2>\n<p class=\"whitespace-pre-wrap\">Cet ours est principalement v\u00e9g\u00e9tarien : 75% de son alimentation est compos\u00e9e de fruits. Tr\u00e8s friand de figues, il grimpe avec agilit\u00e9 aux arbres pour s\u2019en nourrir. Il consomme \u00e9galement des plantes, des feuilles, du nectar, des champignons et compl\u00e8te occasionnellement son r\u00e9gime par des insectes et de petits vert\u00e9br\u00e9s comme des l\u00e9zards ou des grenouilles.<img loading=\"lazy\" decoding=\"async\" class=\"alignnone size-full wp-image-2304\" src=\"https:\/\/lesminis.fr\/blog\/wp-content\/uploads\/2023\/11\/ours-malais-figurine-1.jpg\" alt=\"Figurine ours malais jouet enfant\" width=\"1080\" height=\"1080\" srcset=\"https:\/\/lesminis.fr\/blog\/wp-content\/uploads\/2023\/11\/ours-malais-figurine-1.jpg 1080w, https:\/\/lesminis.fr\/blog\/wp-content\/uploads\/2023\/11\/ours-malais-figurine-1-300x300.jpg 300w, https:\/\/lesminis.fr\/blog\/wp-content\/uploads\/2023\/11\/ours-malais-figurine-1-1024x1024.jpg 1024w, https:\/\/lesminis.fr\/blog\/wp-content\/uploads\/2023\/11\/ours-malais-figurine-1-150x150.jpg 150w, https:\/\/lesminis.fr\/blog\/wp-content\/uploads\/2023\/11\/ours-malais-figurine-1-768x768.jpg 768w, https:\/\/lesminis.fr\/blog\/wp-content\/uploads\/2023\/11\/ours-malais-figurine-1-696x696.jpg 696w, https:\/\/lesminis.fr\/blog\/wp-content\/uploads\/2023\/11\/ours-malais-figurine-1-1068x1068.jpg 1068w, https:\/\/lesminis.fr\/blog\/wp-content\/uploads\/2023\/11\/ours-malais-figurine-1-420x420.jpg 420w\" sizes=\"auto, (max-width: 1080px) 100vw, 1080px\" \/><\/p>\n<h2 class=\"whitespace-pre-wrap\"><span class=\"ez-toc-section\" id=\"Son_role_dans_la_foret_tropicale\"><\/span>Son r\u00f4le dans la for\u00eat tropicale<span class=\"ez-toc-section-end\"><\/span><\/h2>\n<p class=\"whitespace-pre-wrap\">Gr\u00e2ce \u00e0 son r\u00e9gime frugivore, l\u2019ours malais joue un r\u00f4le majeur dans la r\u00e9g\u00e9n\u00e9ration des for\u00eats denses qu\u2019il occupe. En avalant puis en diss\u00e9minant les graines de dizaines d\u2019esp\u00e8ces v\u00e9g\u00e9tales sous forme de f\u00e8ces, il favorise la repousse de nouveaux arbres partout sur son passage. Cet ours facilite ainsi le maintien d\u2019\u00e9cosyst\u00e8mes riches et diversifi\u00e9s.<\/p>\n<h2 class=\"whitespace-pre-wrap\"><span class=\"ez-toc-section\" id=\"Habitat_et_repartition\"><\/span>Habitat et r\u00e9partition<span class=\"ez-toc-section-end\"><\/span><\/h2>\n<p class=\"whitespace-pre-wrap\">Autrefois pr\u00e9sent dans toute l\u2019Asie du Sud-Est, on ne trouve plus les ours malais qu\u2019\u00e0 Sumatra, \u00e0 Born\u00e9o ainsi que dans la p\u00e9ninsule Malaise et en Tha\u00eflande. End\u00e9mique des for\u00eats tropicales denses, il affectionne particuli\u00e8rement les for\u00eats primaires humides avec une importante diversit\u00e9 botanique.<\/p>\n<p class=\"whitespace-pre-wrap\">Malheureusement, la d\u00e9forestation massive r\u00e9duit chaque jour un peu plus son territoire. On estime \u00e0 moins de 20 000 le nombre d\u2019ours malais subsistant \u00e0 l\u2019\u00e9tat sauvage.<\/p>\n<p><img loading=\"lazy\" decoding=\"async\" class=\"alignnone size-full wp-image-2303\" src=\"https:\/\/lesminis.fr\/blog\/wp-content\/uploads\/2023\/11\/ours-malais-figurine-3.jpg\" alt=\"Ours malais PVC figurine de collection\" width=\"1024\" height=\"1024\" srcset=\"https:\/\/lesminis.fr\/blog\/wp-content\/uploads\/2023\/11\/ours-malais-figurine-3.jpg 1024w, https:\/\/lesminis.fr\/blog\/wp-content\/uploads\/2023\/11\/ours-malais-figurine-3-300x300.jpg 300w, https:\/\/lesminis.fr\/blog\/wp-content\/uploads\/2023\/11\/ours-malais-figurine-3-150x150.jpg 150w, https:\/\/lesminis.fr\/blog\/wp-content\/uploads\/2023\/11\/ours-malais-figurine-3-768x768.jpg 768w, https:\/\/lesminis.fr\/blog\/wp-content\/uploads\/2023\/11\/ours-malais-figurine-3-696x696.jpg 696w, https:\/\/lesminis.fr\/blog\/wp-content\/uploads\/2023\/11\/ours-malais-figurine-3-420x420.jpg 420w\" sizes=\"auto, (max-width: 1024px) 100vw, 1024px\" \/><\/p>\n<h2 class=\"whitespace-pre-wrap\"><span class=\"ez-toc-section\" id=\"Une_espece_arboricole_et_solitaire\"><\/span>Une esp\u00e8ce arboricole et solitaire<span class=\"ez-toc-section-end\"><\/span><\/h2>\n<p class=\"whitespace-pre-wrap\">L\u2019ours malais passe l\u2019essentiel de son temps dans les arbres. Excellent grimpeur, il se d\u00e9place avec aisance dans la canop\u00e9e et s\u2019y repose pendant de longues heures. Sa griffe r\u00e9tractile lui permet de monter facilement sur les troncs.<\/p>\n<p class=\"whitespace-pre-wrap\">C\u2019est un animal solitaire en dehors de la p\u00e9riode de reproduction. Les m\u00e2les parcourent de vastes zones foresti\u00e8res, marquant leur territoire avec leurs s\u00e9cr\u00e9tions odorantes. Cach\u00e9e dans un nid v\u00e9g\u00e9tal, la femelle donne naissance \u00e0 un ou deux oursons apr\u00e8s une gestation de 3 \u00e0 4 mois.<\/p>\n<h2><span class=\"ez-toc-section\" id=\"Braconnage_et_trafic\"><\/span>Braconnage et trafic<span class=\"ez-toc-section-end\"><\/span><\/h2>\n<p class=\"whitespace-pre-wrap\">Malgr\u00e9 son apparente discr\u00e9tion, l\u2019ours malais suscite la convoitise de l\u2019Homme. Sa v\u00e9sicule biliaire est recherch\u00e9e en Asie pour ses vertus m\u00e9dicinales suppos\u00e9es, ce qui entra\u00eene un braconnage intense. Quant aux oursons, ils sont captur\u00e9s et revendus au march\u00e9 noir pour devenir des \u00ab ours de compagnie \u00bb.<\/p>\n<p class=\"whitespace-pre-wrap\">Ces activit\u00e9s d\u00e9vastatrices ont contribu\u00e9 \u00e0 faire passer l\u2019esp\u00e8ce du statut \u00ab vuln\u00e9rable \u00bb \u00e0 \u00ab en danger \u00bb sur la liste de l\u2019UICN. Et le d\u00e9clin risque de s\u2019acc\u00e9l\u00e9rer puisqu\u2019on estime que chaque ann\u00e9e, plus de 1 000 ours malais sauvages sont victimes du trafic ill\u00e9gal.<\/p>\n<h3 class=\"whitespace-pre-wrap\"><span class=\"ez-toc-section\" id=\"Lespoir_des_sanctuaires_et_de_lecotourisme\"><\/span>L\u2019espoir des sanctuaires et de l\u2019\u00e9cotourisme<span class=\"ez-toc-section-end\"><\/span><\/h3>\n<p class=\"whitespace-pre-wrap\">Face \u00e0 ces menaces, des actions de protection ont vu le jour ces derni\u00e8res ann\u00e9es. La mise en place de sanctuaires sp\u00e9cifiques, comme le centre de r\u00e9habilitation de l\u2019ONG Free The Bears en Tha\u00eflande, permet de soigner et de rel\u00e2cher des ours malais saisis.<\/p>\n<p class=\"whitespace-pre-wrap\">De m\u00eame, le d\u00e9veloppement d\u2019un \u00e9cotourisme responsable commence \u00e0 sensibiliser les populations locales \u00e0 la beaut\u00e9 et \u00e0 la fragilit\u00e9 de ces animaux. Admirer un ours malais dans son milieu naturel est une formidable source de revenus, bien plus p\u00e9renne que le braconnage.<\/p>\n<h3 class=\"whitespace-pre-wrap\"><span class=\"ez-toc-section\" id=\"Une_espece_emblematique_a_proteger\"><\/span>Une esp\u00e8ce embl\u00e9matique \u00e0 prot\u00e9ger<span class=\"ez-toc-section-end\"><\/span><\/h3>\n<p class=\"whitespace-pre-wrap\">Bien qu\u2019assez m\u00e9connu du grand public, l\u2019ours malais n\u2019en joue pas moins un r\u00f4le cl\u00e9 dans les for\u00eats tropicales humides d\u2019Asie du Sud-Est. Ce grand mammif\u00e8re arboricole fascine par son mode de vie discret et son rapport \u00e9troit aux esp\u00e8ces v\u00e9g\u00e9tales qu\u2019il diss\u00e9mine.<\/p>\n<p class=\"whitespace-pre-wrap\">Mais d\u00e9forestation, braconnage et trafic d\u2019animaux mettent en p\u00e9ril cet ours au pelage d\u2019\u00e9b\u00e8ne. Mobilisons-nous pour prot\u00e9ger ce v\u00e9g\u00e9talien passionn\u00e9 de fruits et garantir la survie \u00e0 long terme de cette esp\u00e8ce fragile ! L\u2019avenir des \u00e9cosyst\u00e8mes tropicaux en d\u00e9pend.<\/p>\n<h2><span class=\"ez-toc-section\" id=\"Figurine_dours_malais_reproduction_fidele_dun_mammifere_arboricole\"><\/span>Figurine d&rsquo;ours malais : reproduction fid\u00e8le d&rsquo;un mammif\u00e8re arboricole<span class=\"ez-toc-section-end\"><\/span><\/h2>\n<figure id=\"attachment_2301\" aria-describedby=\"caption-attachment-2301\" style=\"width: 1100px\" class=\"wp-caption alignnone\"><img loading=\"lazy\" decoding=\"async\" class=\"size-full wp-image-2301\" src=\"https:\/\/lesminis.fr\/blog\/wp-content\/uploads\/2023\/11\/figurine-ours-malaisien.jpg\" alt=\"Figurine ours malais r\u00e9aliste reproduction fid\u00e8le Mojo fun \" width=\"1100\" height=\"1422\" srcset=\"https:\/\/lesminis.fr\/blog\/wp-content\/uploads\/2023\/11\/figurine-ours-malaisien.jpg 1100w, https:\/\/lesminis.fr\/blog\/wp-content\/uploads\/2023\/11\/figurine-ours-malaisien-232x300.jpg 232w, https:\/\/lesminis.fr\/blog\/wp-content\/uploads\/2023\/11\/figurine-ours-malaisien-792x1024.jpg 792w, https:\/\/lesminis.fr\/blog\/wp-content\/uploads\/2023\/11\/figurine-ours-malaisien-768x993.jpg 768w, https:\/\/lesminis.fr\/blog\/wp-content\/uploads\/2023\/11\/figurine-ours-malaisien-696x900.jpg 696w, https:\/\/lesminis.fr\/blog\/wp-content\/uploads\/2023\/11\/figurine-ours-malaisien-1068x1381.jpg 1068w, https:\/\/lesminis.fr\/blog\/wp-content\/uploads\/2023\/11\/figurine-ours-malaisien-325x420.jpg 325w\" sizes=\"auto, (max-width: 1100px) 100vw, 1100px\" \/><figcaption id=\"caption-attachment-2301\" class=\"wp-caption-text\">Figurine ours Malais Mojo<\/figcaption><\/figure>\n<p class=\"whitespace-pre-wrap\">\nLes amateurs d&rsquo;ours appr\u00e9cieront la figurine d&rsquo;ours malais propos\u00e9e par Mojo Fun. Enti\u00e8rement en PVC et d&rsquo;un r\u00e9alisme saisissant, ce mod\u00e8le constitue un objet de collection qui plaira aux petits comme aux grands.<\/p>\n<p>&nbsp;<\/p>\n<blockquote class=\"wp-embedded-content\" data-secret=\"3KNNxmLX4e\"><p><a href=\"https:\/\/lesminis.fr\/blog\/voyage-passionnant-a-travers-les-8-especes-d-ours\/\">Les Ours : Cr\u00e9atures Majestueuses de la Nature<\/a><\/p><\/blockquote>\n<p><iframe loading=\"lazy\" class=\"wp-embedded-content\" sandbox=\"allow-scripts\" security=\"restricted\" style=\"position: absolute; clip: rect(1px, 1px, 1px, 1px);\" title=\"\u00ab\u00a0Les Ours : Cr\u00e9atures Majestueuses de la Nature\u00a0\u00bb &#8212; LesMinis Le Blog - Mat\u00e9riels \u00e9ducatifs - Figurines p\u00e9dagogiques\" src=\"https:\/\/lesminis.fr\/blog\/voyage-passionnant-a-travers-les-8-especes-d-ours\/embed\/#?secret=vu2CzbhMBy#?secret=3KNNxmLX4e\" data-secret=\"3KNNxmLX4e\" width=\"600\" height=\"338\" frameborder=\"0\" marginwidth=\"0\" marginheight=\"0\" scrolling=\"no\"><\/iframe><\/p>\n<blockquote class=\"wp-embedded-content\" data-secret=\"SNIN0vHMl5\"><p><a href=\"https:\/\/lesminis.fr\/blog\/ours-polaire-predateur-des-glaces-menace\/\">L&rsquo;ours polaire, souverain des glaces arctiques<\/a><\/p><\/blockquote>\n<p><iframe loading=\"lazy\" class=\"wp-embedded-content\" sandbox=\"allow-scripts\" security=\"restricted\" style=\"position: absolute; clip: rect(1px, 1px, 1px, 1px);\" title=\"\u00ab\u00a0L&rsquo;ours polaire, souverain des glaces arctiques\u00a0\u00bb &#8212; LesMinis Le Blog - Mat\u00e9riels \u00e9ducatifs - Figurines p\u00e9dagogiques\" src=\"https:\/\/lesminis.fr\/blog\/ours-polaire-predateur-des-glaces-menace\/embed\/#?secret=5nnrDomcvB#?secret=SNIN0vHMl5\" data-secret=\"SNIN0vHMl5\" width=\"600\" height=\"338\" frameborder=\"0\" marginwidth=\"0\" marginheight=\"0\" scrolling=\"no\"><\/iframe><\/p>\n<p>&nbsp;<\/p>\n","protected":false},"excerpt":{"rendered":"<p>On conna\u00eet bien l\u2019ours brun ou l\u2019ours noir, mais savez-vous qu\u2019il existe une esp\u00e8ce d\u2019ours end\u00e9mique des for\u00eats tropicales humides d\u2019Asie du Sud-Est ? Appel\u00e9 ours malais, ce grand mammif\u00e8re arboricole et frugivore est m\u00e9connu du grand public. Pourtant, il joue un r\u00f4le cl\u00e9 dans la dispersion des graines des for\u00eats qu\u2019il occupe. Voyage \u00e0 [&hellip;]<\/p>\n","protected":false},"author":1,"featured_media":2304,"comment_status":"open","ping_status":"closed","sticky":false,"template":"","format":"standard","meta":{"_acf_changed":false,"footnotes":""},"categories":[28],"tags":[605,52,395,606,602,604],"class_list":{"0":"post-2300","1":"post","2":"type-post","3":"status-publish","4":"format-standard","5":"has-post-thumbnail","7":"category-monde-animal-figurines","8":"tag-arboricole","9":"tag-figurine","10":"tag-foret-tropicale","11":"tag-fruits","12":"tag-mammifere","13":"tag-ours-malais"},"acf":[],"yoast_head":"<!-- This site is optimized with the Yoast SEO Premium plugin v27.1 (Yoast SEO v27.1.1) - https:\/\/yoast.com\/product\/yoast-seo-premium-wordpress\/ -->\n<title>Passion ours : d\u00e9couvrez toutes les facettes de l&#039;intrigant malais<\/title>\n<meta name=\"description\" content=\"D\u00e9couvrez le mode de vie \u00e9tonnant de l&#039;ours malais, ses caract\u00e9ristiques uniques et son r\u00f4le essentiel dans la for\u00eat tropicale.\" \/>\n<meta name=\"robots\" content=\"index, follow, max-snippet:-1, max-image-preview:large, max-video-preview:-1\" \/>\n<link rel=\"canonical\" href=\"https:\/\/lesminis.fr\/blog\/decouverte-ours-malais-forets-asie-sud\/\" \/>\n<meta property=\"og:locale\" content=\"fr_FR\" \/>\n<meta property=\"og:type\" content=\"article\" \/>\n<meta property=\"og:title\" content=\"Passion ours : d\u00e9couvrez toutes les facettes de l&#039;intrigant malais\" \/>\n<meta property=\"og:description\" content=\"D\u00e9couvrez le mode de vie \u00e9tonnant de l&#039;ours malais, ses caract\u00e9ristiques uniques et son r\u00f4le essentiel dans la for\u00eat tropicale.\" \/>\n<meta property=\"og:url\" content=\"https:\/\/lesminis.fr\/blog\/decouverte-ours-malais-forets-asie-sud\/\" \/>\n<meta property=\"og:site_name\" content=\"LesMinis Le Blog - Mat\u00e9riels \u00e9ducatifs - Figurines p\u00e9dagogiques\" \/>\n<meta property=\"article:publisher\" content=\"https:\/\/fr-fr.facebook.com\/LesMinis.fr\/\" \/>\n<meta property=\"article:author\" content=\"https:\/\/www.facebook.com\/LesMinis.fr\/\" \/>\n<meta property=\"article:published_time\" content=\"2023-11-23T06:53:00+00:00\" \/>\n<meta property=\"og:image\" content=\"https:\/\/lesminis.fr\/blog\/wp-content\/uploads\/2023\/11\/ours-malais-figurine-1.jpg\" \/>\n\t<meta property=\"og:image:width\" content=\"1080\" \/>\n\t<meta property=\"og:image:height\" content=\"1080\" \/>\n\t<meta property=\"og:image:type\" content=\"image\/jpeg\" \/>\n<meta name=\"author\" content=\"LesMinis\" \/>\n<meta name=\"twitter:label1\" content=\"\u00c9crit par\" \/>\n\t<meta name=\"twitter:data1\" content=\"LesMinis\" \/>\n\t<meta name=\"twitter:label2\" content=\"Dur\u00e9e de lecture estim\u00e9e\" \/>\n\t<meta name=\"twitter:data2\" content=\"5 minutes\" \/>\n<script type=\"application\/ld+json\" class=\"yoast-schema-graph\">{\"@context\":\"https:\/\/schema.org\",\"@graph\":[{\"@type\":[\"Article\",\"BlogPosting\"],\"@id\":\"https:\/\/lesminis.fr\/blog\/decouverte-ours-malais-forets-asie-sud\/#article\",\"isPartOf\":{\"@id\":\"https:\/\/lesminis.fr\/blog\/decouverte-ours-malais-forets-asie-sud\/\"},\"author\":{\"name\":\"LesMinis\",\"@id\":\"https:\/\/lesminis.fr\/blog\/#\/schema\/person\/4a1be8c8c70a7d945af71674957cf83e\"},\"headline\":\"Passion ours : d\u00e9couvrez toutes les facettes de l&rsquo;intrigant malais\",\"datePublished\":\"2023-11-23T06:53:00+00:00\",\"mainEntityOfPage\":{\"@id\":\"https:\/\/lesminis.fr\/blog\/decouverte-ours-malais-forets-asie-sud\/\"},\"wordCount\":905,\"commentCount\":0,\"publisher\":{\"@id\":\"https:\/\/lesminis.fr\/blog\/#organization\"},\"image\":{\"@id\":\"https:\/\/lesminis.fr\/blog\/decouverte-ours-malais-forets-asie-sud\/#primaryimage\"},\"thumbnailUrl\":\"https:\/\/lesminis.fr\/blog\/wp-content\/uploads\/2023\/11\/ours-malais-figurine-1.jpg\",\"keywords\":[\"arboricole\",\"figurine\",\"for\u00eat tropicale\",\"fruits\",\"mammif\u00e8re\",\"ours malais\"],\"articleSection\":[\"Zoodex \u2014 Explorer le monde animal\"],\"inLanguage\":\"fr-FR\",\"potentialAction\":[{\"@type\":\"CommentAction\",\"name\":\"Comment\",\"target\":[\"https:\/\/lesminis.fr\/blog\/decouverte-ours-malais-forets-asie-sud\/#respond\"]}]},{\"@type\":\"WebPage\",\"@id\":\"https:\/\/lesminis.fr\/blog\/decouverte-ours-malais-forets-asie-sud\/\",\"url\":\"https:\/\/lesminis.fr\/blog\/decouverte-ours-malais-forets-asie-sud\/\",\"name\":\"Passion ours : d\u00e9couvrez toutes les facettes de l'intrigant malais\",\"isPartOf\":{\"@id\":\"https:\/\/lesminis.fr\/blog\/#website\"},\"primaryImageOfPage\":{\"@id\":\"https:\/\/lesminis.fr\/blog\/decouverte-ours-malais-forets-asie-sud\/#primaryimage\"},\"image\":{\"@id\":\"https:\/\/lesminis.fr\/blog\/decouverte-ours-malais-forets-asie-sud\/#primaryimage\"},\"thumbnailUrl\":\"https:\/\/lesminis.fr\/blog\/wp-content\/uploads\/2023\/11\/ours-malais-figurine-1.jpg\",\"datePublished\":\"2023-11-23T06:53:00+00:00\",\"description\":\"D\u00e9couvrez le mode de vie \u00e9tonnant de l'ours malais, ses caract\u00e9ristiques uniques et son r\u00f4le essentiel dans la for\u00eat tropicale.\",\"breadcrumb\":{\"@id\":\"https:\/\/lesminis.fr\/blog\/decouverte-ours-malais-forets-asie-sud\/#breadcrumb\"},\"inLanguage\":\"fr-FR\",\"potentialAction\":[{\"@type\":\"ReadAction\",\"target\":[\"https:\/\/lesminis.fr\/blog\/decouverte-ours-malais-forets-asie-sud\/\"]}]},{\"@type\":\"ImageObject\",\"inLanguage\":\"fr-FR\",\"@id\":\"https:\/\/lesminis.fr\/blog\/decouverte-ours-malais-forets-asie-sud\/#primaryimage\",\"url\":\"https:\/\/lesminis.fr\/blog\/wp-content\/uploads\/2023\/11\/ours-malais-figurine-1.jpg\",\"contentUrl\":\"https:\/\/lesminis.fr\/blog\/wp-content\/uploads\/2023\/11\/ours-malais-figurine-1.jpg\",\"width\":1080,\"height\":1080,\"caption\":\"Figurine ours malais jouet enfant\"},{\"@type\":\"BreadcrumbList\",\"@id\":\"https:\/\/lesminis.fr\/blog\/decouverte-ours-malais-forets-asie-sud\/#breadcrumb\",\"itemListElement\":[{\"@type\":\"ListItem\",\"position\":1,\"name\":\"Accueil\",\"item\":\"https:\/\/lesminis.fr\/blog\/\"},{\"@type\":\"ListItem\",\"position\":2,\"name\":\"Passion ours : d\u00e9couvrez toutes les facettes de l&rsquo;intrigant malais\"}]},{\"@type\":\"WebSite\",\"@id\":\"https:\/\/lesminis.fr\/blog\/#website\",\"url\":\"https:\/\/lesminis.fr\/blog\/\",\"name\":\"LesMinis Le Blog - Mat\u00e9riels \u00e9ducatifs - Figurines p\u00e9dagogiques\",\"description\":\"D\u00e9couvrez notre actualit\u00e9, figurines, mat\u00e9riel \u00e9ducatif, activit\u00e9s Montessori\",\"publisher\":{\"@id\":\"https:\/\/lesminis.fr\/blog\/#organization\"},\"potentialAction\":[{\"@type\":\"SearchAction\",\"target\":{\"@type\":\"EntryPoint\",\"urlTemplate\":\"https:\/\/lesminis.fr\/blog\/?s={search_term_string}\"},\"query-input\":{\"@type\":\"PropertyValueSpecification\",\"valueRequired\":true,\"valueName\":\"search_term_string\"}}],\"inLanguage\":\"fr-FR\"},{\"@type\":\"Organization\",\"@id\":\"https:\/\/lesminis.fr\/blog\/#organization\",\"name\":\"LesMinis - Sp\u00e9cialiste mat\u00e9riel p\u00e9dagogiques - Figurines \u00e9ducatives - Mat\u00e9riel Montessori\",\"url\":\"https:\/\/lesminis.fr\/blog\/\",\"logo\":{\"@type\":\"ImageObject\",\"inLanguage\":\"fr-FR\",\"@id\":\"https:\/\/lesminis.fr\/blog\/#\/schema\/logo\/image\/\",\"url\":\"https:\/\/lesminis.fr\/blog\/wp-content\/uploads\/2023\/03\/nouveau-logo-lesminis.png\",\"contentUrl\":\"https:\/\/lesminis.fr\/blog\/wp-content\/uploads\/2023\/03\/nouveau-logo-lesminis.png\",\"width\":500,\"height\":175,\"caption\":\"LesMinis - Sp\u00e9cialiste mat\u00e9riel p\u00e9dagogiques - Figurines \u00e9ducatives - Mat\u00e9riel Montessori\"},\"image\":{\"@id\":\"https:\/\/lesminis.fr\/blog\/#\/schema\/logo\/image\/\"},\"sameAs\":[\"https:\/\/fr-fr.facebook.com\/LesMinis.fr\/\",\"https:\/\/www.instagram.com\/lesminis.fr\/\",\"https:\/\/www.tiktok.com\/@lesminis.fr\",\"https:\/\/www.pinterest.fr\/lesminisfr\/\"]},{\"@type\":\"Person\",\"@id\":\"https:\/\/lesminis.fr\/blog\/#\/schema\/person\/4a1be8c8c70a7d945af71674957cf83e\",\"name\":\"LesMinis\",\"image\":{\"@type\":\"ImageObject\",\"inLanguage\":\"fr-FR\",\"@id\":\"https:\/\/lesminis.fr\/blog\/#\/schema\/person\/image\/\",\"url\":\"https:\/\/secure.gravatar.com\/avatar\/288cd93d352b3465f2bd0701b1f2bb059b68dc3a70c4fda061bad8e6c9f8d865?s=96&d=blank&r=g\",\"contentUrl\":\"https:\/\/secure.gravatar.com\/avatar\/288cd93d352b3465f2bd0701b1f2bb059b68dc3a70c4fda061bad8e6c9f8d865?s=96&d=blank&r=g\",\"caption\":\"LesMinis\"},\"sameAs\":[\"https:\/\/lesminis.fr\/blog\",\"https:\/\/www.facebook.com\/LesMinis.fr\/\",\"https:\/\/www.instagram.com\/lesminis.fr\/\",\"https:\/\/www.pinterest.fr\/lesminisfr\/\"],\"url\":\"https:\/\/lesminis.fr\/blog\/author\/lesminis\/\"}]}<\/script>\n<!-- \/ Yoast SEO Premium plugin. -->","yoast_head_json":{"title":"Passion ours : d\u00e9couvrez toutes les facettes de l'intrigant malais","description":"D\u00e9couvrez le mode de vie \u00e9tonnant de l'ours malais, ses caract\u00e9ristiques uniques et son r\u00f4le essentiel dans la for\u00eat tropicale.","robots":{"index":"index","follow":"follow","max-snippet":"max-snippet:-1","max-image-preview":"max-image-preview:large","max-video-preview":"max-video-preview:-1"},"canonical":"https:\/\/lesminis.fr\/blog\/decouverte-ours-malais-forets-asie-sud\/","og_locale":"fr_FR","og_type":"article","og_title":"Passion ours : d\u00e9couvrez toutes les facettes de l'intrigant malais","og_description":"D\u00e9couvrez le mode de vie \u00e9tonnant de l'ours malais, ses caract\u00e9ristiques uniques et son r\u00f4le essentiel dans la for\u00eat tropicale.","og_url":"https:\/\/lesminis.fr\/blog\/decouverte-ours-malais-forets-asie-sud\/","og_site_name":"LesMinis Le Blog - Mat\u00e9riels \u00e9ducatifs - Figurines p\u00e9dagogiques","article_publisher":"https:\/\/fr-fr.facebook.com\/LesMinis.fr\/","article_author":"https:\/\/www.facebook.com\/LesMinis.fr\/","article_published_time":"2023-11-23T06:53:00+00:00","og_image":[{"width":1080,"height":1080,"url":"https:\/\/lesminis.fr\/blog\/wp-content\/uploads\/2023\/11\/ours-malais-figurine-1.jpg","type":"image\/jpeg"}],"author":"LesMinis","twitter_misc":{"\u00c9crit par":"LesMinis","Dur\u00e9e de lecture estim\u00e9e":"5 minutes"},"schema":{"@context":"https:\/\/schema.org","@graph":[{"@type":["Article","BlogPosting"],"@id":"https:\/\/lesminis.fr\/blog\/decouverte-ours-malais-forets-asie-sud\/#article","isPartOf":{"@id":"https:\/\/lesminis.fr\/blog\/decouverte-ours-malais-forets-asie-sud\/"},"author":{"name":"LesMinis","@id":"https:\/\/lesminis.fr\/blog\/#\/schema\/person\/4a1be8c8c70a7d945af71674957cf83e"},"headline":"Passion ours : d\u00e9couvrez toutes les facettes de l&rsquo;intrigant malais","datePublished":"2023-11-23T06:53:00+00:00","mainEntityOfPage":{"@id":"https:\/\/lesminis.fr\/blog\/decouverte-ours-malais-forets-asie-sud\/"},"wordCount":905,"commentCount":0,"publisher":{"@id":"https:\/\/lesminis.fr\/blog\/#organization"},"image":{"@id":"https:\/\/lesminis.fr\/blog\/decouverte-ours-malais-forets-asie-sud\/#primaryimage"},"thumbnailUrl":"https:\/\/lesminis.fr\/blog\/wp-content\/uploads\/2023\/11\/ours-malais-figurine-1.jpg","keywords":["arboricole","figurine","for\u00eat tropicale","fruits","mammif\u00e8re","ours malais"],"articleSection":["Zoodex \u2014 Explorer le monde animal"],"inLanguage":"fr-FR","potentialAction":[{"@type":"CommentAction","name":"Comment","target":["https:\/\/lesminis.fr\/blog\/decouverte-ours-malais-forets-asie-sud\/#respond"]}]},{"@type":"WebPage","@id":"https:\/\/lesminis.fr\/blog\/decouverte-ours-malais-forets-asie-sud\/","url":"https:\/\/lesminis.fr\/blog\/decouverte-ours-malais-forets-asie-sud\/","name":"Passion ours : d\u00e9couvrez toutes les facettes de l'intrigant malais","isPartOf":{"@id":"https:\/\/lesminis.fr\/blog\/#website"},"primaryImageOfPage":{"@id":"https:\/\/lesminis.fr\/blog\/decouverte-ours-malais-forets-asie-sud\/#primaryimage"},"image":{"@id":"https:\/\/lesminis.fr\/blog\/decouverte-ours-malais-forets-asie-sud\/#primaryimage"},"thumbnailUrl":"https:\/\/lesminis.fr\/blog\/wp-content\/uploads\/2023\/11\/ours-malais-figurine-1.jpg","datePublished":"2023-11-23T06:53:00+00:00","description":"D\u00e9couvrez le mode de vie \u00e9tonnant de l'ours malais, ses caract\u00e9ristiques uniques et son r\u00f4le essentiel dans la for\u00eat tropicale.","breadcrumb":{"@id":"https:\/\/lesminis.fr\/blog\/decouverte-ours-malais-forets-asie-sud\/#breadcrumb"},"inLanguage":"fr-FR","potentialAction":[{"@type":"ReadAction","target":["https:\/\/lesminis.fr\/blog\/decouverte-ours-malais-forets-asie-sud\/"]}]},{"@type":"ImageObject","inLanguage":"fr-FR","@id":"https:\/\/lesminis.fr\/blog\/decouverte-ours-malais-forets-asie-sud\/#primaryimage","url":"https:\/\/lesminis.fr\/blog\/wp-content\/uploads\/2023\/11\/ours-malais-figurine-1.jpg","contentUrl":"https:\/\/lesminis.fr\/blog\/wp-content\/uploads\/2023\/11\/ours-malais-figurine-1.jpg","width":1080,"height":1080,"caption":"Figurine ours malais jouet enfant"},{"@type":"BreadcrumbList","@id":"https:\/\/lesminis.fr\/blog\/decouverte-ours-malais-forets-asie-sud\/#breadcrumb","itemListElement":[{"@type":"ListItem","position":1,"name":"Accueil","item":"https:\/\/lesminis.fr\/blog\/"},{"@type":"ListItem","position":2,"name":"Passion ours : d\u00e9couvrez toutes les facettes de l&rsquo;intrigant malais"}]},{"@type":"WebSite","@id":"https:\/\/lesminis.fr\/blog\/#website","url":"https:\/\/lesminis.fr\/blog\/","name":"LesMinis Le Blog - Mat\u00e9riels \u00e9ducatifs - Figurines p\u00e9dagogiques","description":"D\u00e9couvrez notre actualit\u00e9, figurines, mat\u00e9riel \u00e9ducatif, activit\u00e9s Montessori","publisher":{"@id":"https:\/\/lesminis.fr\/blog\/#organization"},"potentialAction":[{"@type":"SearchAction","target":{"@type":"EntryPoint","urlTemplate":"https:\/\/lesminis.fr\/blog\/?s={search_term_string}"},"query-input":{"@type":"PropertyValueSpecification","valueRequired":true,"valueName":"search_term_string"}}],"inLanguage":"fr-FR"},{"@type":"Organization","@id":"https:\/\/lesminis.fr\/blog\/#organization","name":"LesMinis - Sp\u00e9cialiste mat\u00e9riel p\u00e9dagogiques - Figurines \u00e9ducatives - Mat\u00e9riel Montessori","url":"https:\/\/lesminis.fr\/blog\/","logo":{"@type":"ImageObject","inLanguage":"fr-FR","@id":"https:\/\/lesminis.fr\/blog\/#\/schema\/logo\/image\/","url":"https:\/\/lesminis.fr\/blog\/wp-content\/uploads\/2023\/03\/nouveau-logo-lesminis.png","contentUrl":"https:\/\/lesminis.fr\/blog\/wp-content\/uploads\/2023\/03\/nouveau-logo-lesminis.png","width":500,"height":175,"caption":"LesMinis - Sp\u00e9cialiste mat\u00e9riel p\u00e9dagogiques - Figurines \u00e9ducatives - Mat\u00e9riel Montessori"},"image":{"@id":"https:\/\/lesminis.fr\/blog\/#\/schema\/logo\/image\/"},"sameAs":["https:\/\/fr-fr.facebook.com\/LesMinis.fr\/","https:\/\/www.instagram.com\/lesminis.fr\/","https:\/\/www.tiktok.com\/@lesminis.fr","https:\/\/www.pinterest.fr\/lesminisfr\/"]},{"@type":"Person","@id":"https:\/\/lesminis.fr\/blog\/#\/schema\/person\/4a1be8c8c70a7d945af71674957cf83e","name":"LesMinis","image":{"@type":"ImageObject","inLanguage":"fr-FR","@id":"https:\/\/lesminis.fr\/blog\/#\/schema\/person\/image\/","url":"https:\/\/secure.gravatar.com\/avatar\/288cd93d352b3465f2bd0701b1f2bb059b68dc3a70c4fda061bad8e6c9f8d865?s=96&d=blank&r=g","contentUrl":"https:\/\/secure.gravatar.com\/avatar\/288cd93d352b3465f2bd0701b1f2bb059b68dc3a70c4fda061bad8e6c9f8d865?s=96&d=blank&r=g","caption":"LesMinis"},"sameAs":["https:\/\/lesminis.fr\/blog","https:\/\/www.facebook.com\/LesMinis.fr\/","https:\/\/www.instagram.com\/lesminis.fr\/","https:\/\/www.pinterest.fr\/lesminisfr\/"],"url":"https:\/\/lesminis.fr\/blog\/author\/lesminis\/"}]}},"_links":{"self":[{"href":"https:\/\/lesminis.fr\/blog\/wp-json\/wp\/v2\/posts\/2300","targetHints":{"allow":["GET"]}}],"collection":[{"href":"https:\/\/lesminis.fr\/blog\/wp-json\/wp\/v2\/posts"}],"about":[{"href":"https:\/\/lesminis.fr\/blog\/wp-json\/wp\/v2\/types\/post"}],"author":[{"embeddable":true,"href":"https:\/\/lesminis.fr\/blog\/wp-json\/wp\/v2\/users\/1"}],"replies":[{"embeddable":true,"href":"https:\/\/lesminis.fr\/blog\/wp-json\/wp\/v2\/comments?post=2300"}],"version-history":[{"count":1,"href":"https:\/\/lesminis.fr\/blog\/wp-json\/wp\/v2\/posts\/2300\/revisions"}],"predecessor-version":[{"id":2305,"href":"https:\/\/lesminis.fr\/blog\/wp-json\/wp\/v2\/posts\/2300\/revisions\/2305"}],"wp:featuredmedia":[{"embeddable":true,"href":"https:\/\/lesminis.fr\/blog\/wp-json\/wp\/v2\/media\/2304"}],"wp:attachment":[{"href":"https:\/\/lesminis.fr\/blog\/wp-json\/wp\/v2\/media?parent=2300"}],"wp:term":[{"taxonomy":"category","embeddable":true,"href":"https:\/\/lesminis.fr\/blog\/wp-json\/wp\/v2\/categories?post=2300"},{"taxonomy":"post_tag","embeddable":true,"href":"https:\/\/lesminis.fr\/blog\/wp-json\/wp\/v2\/tags?post=2300"}],"curies":[{"name":"wp","href":"https:\/\/api.w.org\/{rel}","templated":true}]}}