{"id":2130,"date":"2023-11-13T08:07:41","date_gmt":"2023-11-13T06:07:41","guid":{"rendered":"https:\/\/lesminis.fr\/blog\/?p=2130"},"modified":"2023-11-14T14:17:15","modified_gmt":"2023-11-14T12:17:15","slug":"decouverte-baleines-monde-marin","status":"publish","type":"post","link":"https:\/\/lesminis.fr\/blog\/decouverte-baleines-monde-marin\/","title":{"rendered":"Les Myst\u00e8res du Monde Marin : \u00c0 la D\u00e9couverte des Baleines"},"content":{"rendered":"<p>Embarquez dans un voyage fascinant \u00e0 la d\u00e9couverte des baleines, ces majestueux g\u00e9ants des oc\u00e9ans. Aujourd&rsquo;hui, nous allons explorer ensemble le monde myst\u00e9rieux des baleines. Alors, prenez vos<a href=\"https:\/\/lesminis.fr\/707-figurine-baleine-miniature-collection-animaux-marins\"> figurines de baleines<\/a> et pr\u00e9parez-vous \u00e0 plonger dans une aventure \u00e9ducative et passionnante !<\/p>\n<div id=\"ez-toc-container\" class=\"ez-toc-v2_0_78 counter-hierarchy ez-toc-counter ez-toc-grey ez-toc-container-direction\">\n<div class=\"ez-toc-title-container\">\n<p class=\"ez-toc-title\" style=\"cursor:inherit\">Table of Contents<\/p>\n<span class=\"ez-toc-title-toggle\"><a href=\"#\" class=\"ez-toc-pull-right ez-toc-btn ez-toc-btn-xs ez-toc-btn-default ez-toc-toggle\" aria-label=\"Toggle Table of Content\"><span class=\"ez-toc-js-icon-con\"><span class=\"\"><span class=\"eztoc-hide\" style=\"display:none;\">Toggle<\/span><span class=\"ez-toc-icon-toggle-span\"><svg style=\"fill: #999;color:#999\" xmlns=\"http:\/\/www.w3.org\/2000\/svg\" class=\"list-377408\" width=\"20px\" height=\"20px\" viewBox=\"0 0 24 24\" fill=\"none\"><path d=\"M6 6H4v2h2V6zm14 0H8v2h12V6zM4 11h2v2H4v-2zm16 0H8v2h12v-2zM4 16h2v2H4v-2zm16 0H8v2h12v-2z\" fill=\"currentColor\"><\/path><\/svg><svg style=\"fill: #999;color:#999\" class=\"arrow-unsorted-368013\" xmlns=\"http:\/\/www.w3.org\/2000\/svg\" width=\"10px\" height=\"10px\" viewBox=\"0 0 24 24\" version=\"1.2\" baseProfile=\"tiny\"><path d=\"M18.2 9.3l-6.2-6.3-6.2 6.3c-.2.2-.3.4-.3.7s.1.5.3.7c.2.2.4.3.7.3h11c.3 0 .5-.1.7-.3.2-.2.3-.5.3-.7s-.1-.5-.3-.7zM5.8 14.7l6.2 6.3 6.2-6.3c.2-.2.3-.5.3-.7s-.1-.5-.3-.7c-.2-.2-.4-.3-.7-.3h-11c-.3 0-.5.1-.7.3-.2.2-.3.5-.3.7s.1.5.3.7z\"\/><\/svg><\/span><\/span><\/span><\/a><\/span><\/div>\n<nav><ul class='ez-toc-list ez-toc-list-level-1 ' ><li class='ez-toc-page-1 ez-toc-heading-level-2'><a class=\"ez-toc-link ez-toc-heading-1\" href=\"https:\/\/lesminis.fr\/blog\/decouverte-baleines-monde-marin\/#La_Vie_des_Baleines\" >La Vie des Baleines<\/a><\/li><li class='ez-toc-page-1 ez-toc-heading-level-2'><a class=\"ez-toc-link ez-toc-heading-2\" href=\"https:\/\/lesminis.fr\/blog\/decouverte-baleines-monde-marin\/#Les_Types_de_Baleines\" >Les Types de Baleines<\/a><ul class='ez-toc-list-level-3' ><li class='ez-toc-heading-level-3'><a class=\"ez-toc-link ez-toc-heading-3\" href=\"https:\/\/lesminis.fr\/blog\/decouverte-baleines-monde-marin\/#La_Baleine_Bleue_Un_Geant_Doux\" >La Baleine Bleue : Un G\u00e9ant Doux<\/a><\/li><li class='ez-toc-page-1 ez-toc-heading-level-3'><a class=\"ez-toc-link ez-toc-heading-4\" href=\"https:\/\/lesminis.fr\/blog\/decouverte-baleines-monde-marin\/#La_Baleine_a_Bosse_LArtiste_des_Oceans\" >La Baleine \u00e0 Bosse : L&rsquo;Artiste des Oc\u00e9ans<\/a><\/li><\/ul><\/li><li class='ez-toc-page-1 ez-toc-heading-level-2'><a class=\"ez-toc-link ez-toc-heading-5\" href=\"https:\/\/lesminis.fr\/blog\/decouverte-baleines-monde-marin\/#Le_Comportement_Migratoire\" >Le Comportement Migratoire<\/a><\/li><li class='ez-toc-page-1 ez-toc-heading-level-2'><a class=\"ez-toc-link ez-toc-heading-6\" href=\"https:\/\/lesminis.fr\/blog\/decouverte-baleines-monde-marin\/#Communication_et_Socialisation\" >Communication et Socialisation<\/a><\/li><li class='ez-toc-page-1 ez-toc-heading-level-2'><a class=\"ez-toc-link ez-toc-heading-7\" href=\"https:\/\/lesminis.fr\/blog\/decouverte-baleines-monde-marin\/#Importance_dans_lEcosysteme_Marin\" >Importance dans l&rsquo;\u00c9cosyst\u00e8me Marin<\/a><\/li><li class='ez-toc-page-1 ez-toc-heading-level-2'><a class=\"ez-toc-link ez-toc-heading-8\" href=\"https:\/\/lesminis.fr\/blog\/decouverte-baleines-monde-marin\/#La_Conservation_des_Baleines\" >La Conservation des Baleines<\/a><\/li><\/ul><\/nav><\/div>\n<h2><span class=\"ez-toc-section\" id=\"La_Vie_des_Baleines\"><\/span>La Vie des Baleines<span class=\"ez-toc-section-end\"><\/span><\/h2>\n<p>Les baleines sont parmi les plus grands mammif\u00e8res de notre plan\u00e8te. Elles respirent de l&rsquo;air, allaitent leurs petits, et sont incroyablement adapt\u00e9es \u00e0 la vie aquatique. Parmi elles, la baleine bleue d\u00e9tient le record du plus grand animal vivant sur Terre, pouvant mesurer jusqu&rsquo;\u00e0 30 m\u00e8tres de long et peser jusqu&rsquo;\u00e0 200 tonnes.<\/p>\n<p><img loading=\"lazy\" decoding=\"async\" class=\"alignnone size-full wp-image-2133\" src=\"https:\/\/lesminis.fr\/blog\/wp-content\/uploads\/2023\/11\/2-1.jpg\" alt=\"Baleine \u00e0 bosse r\u00e9alisant un saut impressionnant, mettant en \u00e9vidence son comportement acrobatique unique dans un paysage marin pittoresque.\" width=\"945\" height=\"945\" srcset=\"https:\/\/lesminis.fr\/blog\/wp-content\/uploads\/2023\/11\/2-1.jpg 945w, https:\/\/lesminis.fr\/blog\/wp-content\/uploads\/2023\/11\/2-1-300x300.jpg 300w, https:\/\/lesminis.fr\/blog\/wp-content\/uploads\/2023\/11\/2-1-150x150.jpg 150w, https:\/\/lesminis.fr\/blog\/wp-content\/uploads\/2023\/11\/2-1-768x768.jpg 768w, https:\/\/lesminis.fr\/blog\/wp-content\/uploads\/2023\/11\/2-1-696x696.jpg 696w, https:\/\/lesminis.fr\/blog\/wp-content\/uploads\/2023\/11\/2-1-420x420.jpg 420w\" sizes=\"auto, (max-width: 945px) 100vw, 945px\" \/><\/p>\n<h2><span class=\"ez-toc-section\" id=\"Les_Types_de_Baleines\"><\/span>Les Types de Baleines<span class=\"ez-toc-section-end\"><\/span><\/h2>\n<h3><span class=\"ez-toc-section\" id=\"La_Baleine_Bleue_Un_Geant_Doux\"><\/span>La Baleine Bleue : Un G\u00e9ant Doux<span class=\"ez-toc-section-end\"><\/span><\/h3>\n<p>La baleine bleue, avec sa taille gigantesque, se nourrit principalement de petits crustac\u00e9s appel\u00e9s krill. Malgr\u00e9 sa taille \u00e9norme, c&rsquo;est un animal paisible. Elle peut consommer jusqu&rsquo;\u00e0 4 tonnes de krill par jour, filtrant l&rsquo;eau de mer \u00e0 travers ses fanons.<\/p>\n<p><img loading=\"lazy\" decoding=\"async\" class=\"alignnone size-full wp-image-2134\" src=\"https:\/\/lesminis.fr\/blog\/wp-content\/uploads\/2023\/11\/3-1.jpg\" alt=\"Baleine nageant dans un oc\u00e9an propre et sain, repr\u00e9sentant l'importance de la conservation marine pour la survie des esp\u00e8ces de baleines\" width=\"945\" height=\"945\" srcset=\"https:\/\/lesminis.fr\/blog\/wp-content\/uploads\/2023\/11\/3-1.jpg 945w, https:\/\/lesminis.fr\/blog\/wp-content\/uploads\/2023\/11\/3-1-300x300.jpg 300w, https:\/\/lesminis.fr\/blog\/wp-content\/uploads\/2023\/11\/3-1-150x150.jpg 150w, https:\/\/lesminis.fr\/blog\/wp-content\/uploads\/2023\/11\/3-1-768x768.jpg 768w, https:\/\/lesminis.fr\/blog\/wp-content\/uploads\/2023\/11\/3-1-696x696.jpg 696w, https:\/\/lesminis.fr\/blog\/wp-content\/uploads\/2023\/11\/3-1-420x420.jpg 420w\" sizes=\"auto, (max-width: 945px) 100vw, 945px\" \/><\/p>\n<h3><span class=\"ez-toc-section\" id=\"La_Baleine_a_Bosse_LArtiste_des_Oceans\"><\/span>La Baleine \u00e0 Bosse : L&rsquo;Artiste des Oc\u00e9ans<span class=\"ez-toc-section-end\"><\/span><\/h3>\n<p>La baleine \u00e0 bosse est connue pour ses sauts spectaculaires et ses chants complexes. Ces baleines peuvent atteindre 15 m\u00e8tres de longueur et sont c\u00e9l\u00e8bres pour leurs \u00ab\u00a0chants\u00a0\u00bb sous-marins, qui peuvent durer des heures et sont probablement utilis\u00e9s dans la communication et lors du rituel de parade nuptiale.<\/p>\n<p><img loading=\"lazy\" decoding=\"async\" class=\"alignnone size-full wp-image-2136\" src=\"https:\/\/lesminis.fr\/blog\/wp-content\/uploads\/2023\/11\/5-1.jpg\" alt=\"Figurines animaux marin baleine sur lesminis.fr boutique de figurines\" width=\"945\" height=\"945\" srcset=\"https:\/\/lesminis.fr\/blog\/wp-content\/uploads\/2023\/11\/5-1.jpg 945w, https:\/\/lesminis.fr\/blog\/wp-content\/uploads\/2023\/11\/5-1-300x300.jpg 300w, https:\/\/lesminis.fr\/blog\/wp-content\/uploads\/2023\/11\/5-1-150x150.jpg 150w, https:\/\/lesminis.fr\/blog\/wp-content\/uploads\/2023\/11\/5-1-768x768.jpg 768w, https:\/\/lesminis.fr\/blog\/wp-content\/uploads\/2023\/11\/5-1-696x696.jpg 696w, https:\/\/lesminis.fr\/blog\/wp-content\/uploads\/2023\/11\/5-1-420x420.jpg 420w\" sizes=\"auto, (max-width: 945px) 100vw, 945px\" \/><\/p>\n<h2><span class=\"ez-toc-section\" id=\"Le_Comportement_Migratoire\"><\/span>Le Comportement Migratoire<span class=\"ez-toc-section-end\"><\/span><\/h2>\n<p>Les baleines entreprennent de longues migrations, les plus longues de tous les mammif\u00e8res. Elles voyagent souvent de zones d&rsquo;alimentation dans les eaux froides vers des zones de reproduction dans les eaux plus chaudes. Cette migration est essentielle pour leur survie, permettant aux populations de se reproduire et de trouver suffisamment de nourriture.<\/p>\n<p><img loading=\"lazy\" decoding=\"async\" class=\"alignnone size-full wp-image-2137\" src=\"https:\/\/lesminis.fr\/blog\/wp-content\/uploads\/2023\/11\/6-1.jpg\" alt=\"Groupe de baleines en pleine migration, traversant des eaux bleues cristallines, symbolisant leur voyage annuel pour la reproduction et l'alimentation.\" width=\"945\" height=\"945\" srcset=\"https:\/\/lesminis.fr\/blog\/wp-content\/uploads\/2023\/11\/6-1.jpg 945w, https:\/\/lesminis.fr\/blog\/wp-content\/uploads\/2023\/11\/6-1-300x300.jpg 300w, https:\/\/lesminis.fr\/blog\/wp-content\/uploads\/2023\/11\/6-1-150x150.jpg 150w, https:\/\/lesminis.fr\/blog\/wp-content\/uploads\/2023\/11\/6-1-768x768.jpg 768w, https:\/\/lesminis.fr\/blog\/wp-content\/uploads\/2023\/11\/6-1-696x696.jpg 696w, https:\/\/lesminis.fr\/blog\/wp-content\/uploads\/2023\/11\/6-1-420x420.jpg 420w\" sizes=\"auto, (max-width: 945px) 100vw, 945px\" \/><\/p>\n<h2><span class=\"ez-toc-section\" id=\"Communication_et_Socialisation\"><\/span>Communication et Socialisation<span class=\"ez-toc-section-end\"><\/span><\/h2>\n<p>Les baleines utilisent une vari\u00e9t\u00e9 de sons pour communiquer. Ces sons varient consid\u00e9rablement entre les esp\u00e8ces et peuvent inclure des cliquetis, des sifflements et des chants. La communication sonore est cruciale dans leur monde sombre et souvent trouble sous l&rsquo;eau.<\/p>\n<p><img loading=\"lazy\" decoding=\"async\" class=\"alignnone size-full wp-image-2138\" src=\"https:\/\/lesminis.fr\/blog\/wp-content\/uploads\/2023\/11\/7-1.jpg\" alt=\"Baleines communiquant sous l'eau avec des sons complexes, repr\u00e9sentant la communication sophistiqu\u00e9e et les chants m\u00e9lodieux des baleines \u00e0 bosse.\" width=\"945\" height=\"945\" srcset=\"https:\/\/lesminis.fr\/blog\/wp-content\/uploads\/2023\/11\/7-1.jpg 945w, https:\/\/lesminis.fr\/blog\/wp-content\/uploads\/2023\/11\/7-1-300x300.jpg 300w, https:\/\/lesminis.fr\/blog\/wp-content\/uploads\/2023\/11\/7-1-150x150.jpg 150w, https:\/\/lesminis.fr\/blog\/wp-content\/uploads\/2023\/11\/7-1-768x768.jpg 768w, https:\/\/lesminis.fr\/blog\/wp-content\/uploads\/2023\/11\/7-1-696x696.jpg 696w, https:\/\/lesminis.fr\/blog\/wp-content\/uploads\/2023\/11\/7-1-420x420.jpg 420w\" sizes=\"auto, (max-width: 945px) 100vw, 945px\" \/><\/p>\n<h2><span class=\"ez-toc-section\" id=\"Importance_dans_lEcosysteme_Marin\"><\/span>Importance dans l&rsquo;\u00c9cosyst\u00e8me Marin<span class=\"ez-toc-section-end\"><\/span><\/h2>\n<p>Les baleines jouent un r\u00f4le vital dans l&rsquo;\u00e9quilibre de l&rsquo;<a href=\"https:\/\/lesminis.fr\/757-figurines-animaux-mer-ocean-marin-miniature\">\u00e9cosyst\u00e8me marin<\/a>. En se nourrissant, elles aident \u00e0 r\u00e9guler les populations de krill et de petits poissons. De plus, leur pr\u00e9sence influence la distribution des nutriments dans les oc\u00e9ans.<\/p>\n<p><img loading=\"lazy\" decoding=\"async\" class=\"alignnone size-full wp-image-2139\" src=\"https:\/\/lesminis.fr\/blog\/wp-content\/uploads\/2023\/11\/8-1.jpg\" alt=\"Baleine \u00e0 bosse effectuant un saut spectaculaire hors de l'eau, d\u00e9montrant son comportement acrobatique caract\u00e9ristique.&quot;\" width=\"945\" height=\"945\" srcset=\"https:\/\/lesminis.fr\/blog\/wp-content\/uploads\/2023\/11\/8-1.jpg 945w, https:\/\/lesminis.fr\/blog\/wp-content\/uploads\/2023\/11\/8-1-300x300.jpg 300w, https:\/\/lesminis.fr\/blog\/wp-content\/uploads\/2023\/11\/8-1-150x150.jpg 150w, https:\/\/lesminis.fr\/blog\/wp-content\/uploads\/2023\/11\/8-1-768x768.jpg 768w, https:\/\/lesminis.fr\/blog\/wp-content\/uploads\/2023\/11\/8-1-696x696.jpg 696w, https:\/\/lesminis.fr\/blog\/wp-content\/uploads\/2023\/11\/8-1-420x420.jpg 420w\" sizes=\"auto, (max-width: 945px) 100vw, 945px\" \/><\/p>\n<h2><span class=\"ez-toc-section\" id=\"La_Conservation_des_Baleines\"><\/span>La Conservation des Baleines<span class=\"ez-toc-section-end\"><\/span><\/h2>\n<p>Malheureusement, de nombreuses esp\u00e8ces de baleines sont menac\u00e9es par des activit\u00e9s humaines telles que la chasse, la pollution et les collisions avec les navires. La protection des baleines est essentielle pour maintenir la sant\u00e9 des \u00e9cosyst\u00e8mes marins.<\/p>\n<p><img loading=\"lazy\" decoding=\"async\" class=\"alignnone size-full wp-image-2135\" src=\"https:\/\/lesminis.fr\/blog\/wp-content\/uploads\/2023\/11\/4-1.jpg\" alt=\"Une imposante baleine bleue nageant paisiblement dans les profondeurs oc\u00e9aniques, illustrant la grandeur de la plus grande cr\u00e9ature de la Terre.\" width=\"945\" height=\"945\" srcset=\"https:\/\/lesminis.fr\/blog\/wp-content\/uploads\/2023\/11\/4-1.jpg 945w, https:\/\/lesminis.fr\/blog\/wp-content\/uploads\/2023\/11\/4-1-300x300.jpg 300w, https:\/\/lesminis.fr\/blog\/wp-content\/uploads\/2023\/11\/4-1-150x150.jpg 150w, https:\/\/lesminis.fr\/blog\/wp-content\/uploads\/2023\/11\/4-1-768x768.jpg 768w, https:\/\/lesminis.fr\/blog\/wp-content\/uploads\/2023\/11\/4-1-696x696.jpg 696w, https:\/\/lesminis.fr\/blog\/wp-content\/uploads\/2023\/11\/4-1-420x420.jpg 420w\" sizes=\"auto, (max-width: 945px) 100vw, 945px\" \/><\/p>\n<p>En apprenant sur ces cr\u00e9atures fascinantes, nous pouvons tous contribuer \u00e0 leur conservation. Chaque fois que vous jouez avec une figurine de baleine, rappelez-vous l&rsquo;importance de ces magnifiques cr\u00e9atures et la n\u00e9cessit\u00e9 de prot\u00e9ger nos oc\u00e9ans.\ud83c\udf0a\ud83d\udc33<\/p>\n<p><a href=\"https:\/\/lesminis.fr\/figurine-baleine-bosse-210002-safari-ltd\/2442.html\"><img loading=\"lazy\" decoding=\"async\" class=\"alignnone\" src=\"https:\/\/lesminis.fr\/2364-thickbox_default\/figurine-baleine-bosse.jpg\" alt=\"\" width=\"1100\" height=\"1422\" \/><\/a><\/p>\n<blockquote>\n<p style=\"text-align: center;\"><a href=\"https:\/\/lesminis.fr\/707-figurine-baleine-miniature-collection-animaux-marins\">Toutes les figurines de baleines \u00e0 d\u00e9couvrir<\/a><\/p>\n<\/blockquote>\n<blockquote class=\"wp-embedded-content\" data-secret=\"6RwAv2CMdb\"><p><a href=\"https:\/\/lesminis.fr\/blog\/le-requin-grande-gueule-un-geant-mysterieux-des-oceans\/\">Le requin grande gueule, une cr\u00e9ature des abysses !<\/a><\/p><\/blockquote>\n<p><iframe loading=\"lazy\" class=\"wp-embedded-content\" sandbox=\"allow-scripts\" security=\"restricted\" style=\"position: absolute; clip: rect(1px, 1px, 1px, 1px);\" title=\"\u00ab\u00a0Le requin grande gueule, une cr\u00e9ature des abysses !\u00a0\u00bb &#8212; LesMinis Le Blog - Mat\u00e9riels \u00e9ducatifs - Figurines p\u00e9dagogiques\" src=\"https:\/\/lesminis.fr\/blog\/le-requin-grande-gueule-un-geant-mysterieux-des-oceans\/embed\/#?secret=DMS3gzFnjA#?secret=6RwAv2CMdb\" data-secret=\"6RwAv2CMdb\" width=\"600\" height=\"338\" frameborder=\"0\" marginwidth=\"0\" marginheight=\"0\" scrolling=\"no\"><\/iframe><\/p>\n<p>&nbsp;<\/p>\n","protected":false},"excerpt":{"rendered":"<p>Explorez les profondeurs du monde marin et d\u00e9couvrez les secrets des baleines, de la majestueuse baleine bleue \u00e0 l&rsquo;acrobate baleine \u00e0 bosse. Apprenez sur leur comportement migratoire, leur communication unique, et leur r\u00f4le crucial dans l&rsquo;\u00e9cosyst\u00e8me marin.<\/p>\n","protected":false},"author":1,"featured_media":2132,"comment_status":"open","ping_status":"closed","sticky":false,"template":"","format":"standard","meta":{"_acf_changed":false,"footnotes":""},"categories":[28],"tags":[558,557,552,560,555,556,559,553,554],"class_list":{"0":"post-2130","1":"post","2":"type-post","3":"status-publish","4":"format-standard","5":"has-post-thumbnail","7":"category-monde-animal-figurines","8":"tag-baleine-a-bosse","9":"tag-baleine-bleue","10":"tag-baleines","11":"tag-communication-des-baleines","12":"tag-conservation-marine","13":"tag-education-environnementale","14":"tag-migration-des-baleines","15":"tag-monde-marin","16":"tag-vie-marine"},"acf":[],"yoast_head":"<!-- This site is optimized with the Yoast SEO Premium plugin v27.1 (Yoast SEO v27.1.1) - https:\/\/yoast.com\/product\/yoast-seo-premium-wordpress\/ -->\n<title>Les Myst\u00e8res du Monde Marin : D\u00e9couverte Fascinante des Baleines<\/title>\n<meta name=\"description\" content=\"Plongez dans l&#039;univers des baleines avec notre article &#039;Les Myst\u00e8res du Monde Marin&#039;. D\u00e9couvrez la vie, les migrations, et l&#039;importance \u00e9cologique de ces g\u00e9ants des oc\u00e9ans. Parfait pour les familles et les jeunes explorateurs.\" \/>\n<meta name=\"robots\" content=\"index, follow, max-snippet:-1, max-image-preview:large, max-video-preview:-1\" \/>\n<link rel=\"canonical\" href=\"https:\/\/lesminis.fr\/blog\/decouverte-baleines-monde-marin\/\" \/>\n<meta property=\"og:locale\" content=\"fr_FR\" \/>\n<meta property=\"og:type\" content=\"article\" \/>\n<meta property=\"og:title\" content=\"Les Myst\u00e8res du Monde Marin : \u00c0 la D\u00e9couverte des Baleines\" \/>\n<meta property=\"og:description\" content=\"Plongez dans l&#039;univers des baleines avec notre article &#039;Les Myst\u00e8res du Monde Marin&#039;. D\u00e9couvrez la vie, les migrations, et l&#039;importance \u00e9cologique de ces g\u00e9ants des oc\u00e9ans. Parfait pour les familles et les jeunes explorateurs.\" \/>\n<meta property=\"og:url\" content=\"https:\/\/lesminis.fr\/blog\/decouverte-baleines-monde-marin\/\" \/>\n<meta property=\"og:site_name\" content=\"LesMinis Le Blog - Mat\u00e9riels \u00e9ducatifs - Figurines p\u00e9dagogiques\" \/>\n<meta property=\"article:publisher\" content=\"https:\/\/fr-fr.facebook.com\/LesMinis.fr\/\" \/>\n<meta property=\"article:author\" content=\"https:\/\/www.facebook.com\/LesMinis.fr\/\" \/>\n<meta property=\"article:published_time\" content=\"2023-11-13T06:07:41+00:00\" \/>\n<meta property=\"article:modified_time\" content=\"2023-11-14T12:17:15+00:00\" \/>\n<meta property=\"og:image\" content=\"https:\/\/lesminis.fr\/blog\/wp-content\/uploads\/2023\/11\/1-1.jpg\" \/>\n\t<meta property=\"og:image:width\" content=\"945\" \/>\n\t<meta property=\"og:image:height\" content=\"945\" \/>\n\t<meta property=\"og:image:type\" content=\"image\/jpeg\" \/>\n<meta name=\"author\" content=\"LesMinis\" \/>\n<meta name=\"twitter:label1\" content=\"\u00c9crit par\" \/>\n\t<meta name=\"twitter:data1\" content=\"LesMinis\" \/>\n\t<meta name=\"twitter:label2\" content=\"Dur\u00e9e de lecture estim\u00e9e\" \/>\n\t<meta name=\"twitter:data2\" content=\"4 minutes\" \/>\n<script type=\"application\/ld+json\" class=\"yoast-schema-graph\">{\"@context\":\"https:\/\/schema.org\",\"@graph\":[{\"@type\":[\"Article\",\"BlogPosting\"],\"@id\":\"https:\/\/lesminis.fr\/blog\/decouverte-baleines-monde-marin\/#article\",\"isPartOf\":{\"@id\":\"https:\/\/lesminis.fr\/blog\/decouverte-baleines-monde-marin\/\"},\"author\":{\"name\":\"LesMinis\",\"@id\":\"https:\/\/lesminis.fr\/blog\/#\/schema\/person\/4a1be8c8c70a7d945af71674957cf83e\"},\"headline\":\"Les Myst\u00e8res du Monde Marin : \u00c0 la D\u00e9couverte des Baleines\",\"datePublished\":\"2023-11-13T06:07:41+00:00\",\"dateModified\":\"2023-11-14T12:17:15+00:00\",\"mainEntityOfPage\":{\"@id\":\"https:\/\/lesminis.fr\/blog\/decouverte-baleines-monde-marin\/\"},\"wordCount\":481,\"commentCount\":0,\"publisher\":{\"@id\":\"https:\/\/lesminis.fr\/blog\/#organization\"},\"image\":{\"@id\":\"https:\/\/lesminis.fr\/blog\/decouverte-baleines-monde-marin\/#primaryimage\"},\"thumbnailUrl\":\"https:\/\/lesminis.fr\/blog\/wp-content\/uploads\/2023\/11\/1-1.jpg\",\"keywords\":[\"baleine \u00e0 bosse\",\"baleine bleue\",\"baleines\",\"communication des baleines\",\"conservation marine\",\"\u00e9ducation environnementale\",\"migration des baleines\",\"monde marin\",\"vie marine\"],\"articleSection\":[\"Zoodex \u2014 Explorer le monde animal\"],\"inLanguage\":\"fr-FR\",\"potentialAction\":[{\"@type\":\"CommentAction\",\"name\":\"Comment\",\"target\":[\"https:\/\/lesminis.fr\/blog\/decouverte-baleines-monde-marin\/#respond\"]}]},{\"@type\":\"WebPage\",\"@id\":\"https:\/\/lesminis.fr\/blog\/decouverte-baleines-monde-marin\/\",\"url\":\"https:\/\/lesminis.fr\/blog\/decouverte-baleines-monde-marin\/\",\"name\":\"Les Myst\u00e8res du Monde Marin : D\u00e9couverte Fascinante des Baleines\",\"isPartOf\":{\"@id\":\"https:\/\/lesminis.fr\/blog\/#website\"},\"primaryImageOfPage\":{\"@id\":\"https:\/\/lesminis.fr\/blog\/decouverte-baleines-monde-marin\/#primaryimage\"},\"image\":{\"@id\":\"https:\/\/lesminis.fr\/blog\/decouverte-baleines-monde-marin\/#primaryimage\"},\"thumbnailUrl\":\"https:\/\/lesminis.fr\/blog\/wp-content\/uploads\/2023\/11\/1-1.jpg\",\"datePublished\":\"2023-11-13T06:07:41+00:00\",\"dateModified\":\"2023-11-14T12:17:15+00:00\",\"description\":\"Plongez dans l'univers des baleines avec notre article 'Les Myst\u00e8res du Monde Marin'. D\u00e9couvrez la vie, les migrations, et l'importance \u00e9cologique de ces g\u00e9ants des oc\u00e9ans. Parfait pour les familles et les jeunes explorateurs.\",\"breadcrumb\":{\"@id\":\"https:\/\/lesminis.fr\/blog\/decouverte-baleines-monde-marin\/#breadcrumb\"},\"inLanguage\":\"fr-FR\",\"potentialAction\":[{\"@type\":\"ReadAction\",\"target\":[\"https:\/\/lesminis.fr\/blog\/decouverte-baleines-monde-marin\/\"]}]},{\"@type\":\"ImageObject\",\"inLanguage\":\"fr-FR\",\"@id\":\"https:\/\/lesminis.fr\/blog\/decouverte-baleines-monde-marin\/#primaryimage\",\"url\":\"https:\/\/lesminis.fr\/blog\/wp-content\/uploads\/2023\/11\/1-1.jpg\",\"contentUrl\":\"https:\/\/lesminis.fr\/blog\/wp-content\/uploads\/2023\/11\/1-1.jpg\",\"width\":945,\"height\":945,\"caption\":\"Baleine bleue gigantesque nageant dans l'oc\u00e9an, illustrant la taille record et la beaut\u00e9 majestueuse de l'esp\u00e8ce.\"},{\"@type\":\"BreadcrumbList\",\"@id\":\"https:\/\/lesminis.fr\/blog\/decouverte-baleines-monde-marin\/#breadcrumb\",\"itemListElement\":[{\"@type\":\"ListItem\",\"position\":1,\"name\":\"Accueil\",\"item\":\"https:\/\/lesminis.fr\/blog\/\"},{\"@type\":\"ListItem\",\"position\":2,\"name\":\"Les Myst\u00e8res du Monde Marin : \u00c0 la D\u00e9couverte des Baleines\"}]},{\"@type\":\"WebSite\",\"@id\":\"https:\/\/lesminis.fr\/blog\/#website\",\"url\":\"https:\/\/lesminis.fr\/blog\/\",\"name\":\"LesMinis Le Blog - Mat\u00e9riels \u00e9ducatifs - Figurines p\u00e9dagogiques\",\"description\":\"D\u00e9couvrez notre actualit\u00e9, figurines, mat\u00e9riel \u00e9ducatif, activit\u00e9s Montessori\",\"publisher\":{\"@id\":\"https:\/\/lesminis.fr\/blog\/#organization\"},\"potentialAction\":[{\"@type\":\"SearchAction\",\"target\":{\"@type\":\"EntryPoint\",\"urlTemplate\":\"https:\/\/lesminis.fr\/blog\/?s={search_term_string}\"},\"query-input\":{\"@type\":\"PropertyValueSpecification\",\"valueRequired\":true,\"valueName\":\"search_term_string\"}}],\"inLanguage\":\"fr-FR\"},{\"@type\":\"Organization\",\"@id\":\"https:\/\/lesminis.fr\/blog\/#organization\",\"name\":\"LesMinis - Sp\u00e9cialiste mat\u00e9riel p\u00e9dagogiques - Figurines \u00e9ducatives - Mat\u00e9riel Montessori\",\"url\":\"https:\/\/lesminis.fr\/blog\/\",\"logo\":{\"@type\":\"ImageObject\",\"inLanguage\":\"fr-FR\",\"@id\":\"https:\/\/lesminis.fr\/blog\/#\/schema\/logo\/image\/\",\"url\":\"https:\/\/lesminis.fr\/blog\/wp-content\/uploads\/2023\/03\/nouveau-logo-lesminis.png\",\"contentUrl\":\"https:\/\/lesminis.fr\/blog\/wp-content\/uploads\/2023\/03\/nouveau-logo-lesminis.png\",\"width\":500,\"height\":175,\"caption\":\"LesMinis - Sp\u00e9cialiste mat\u00e9riel p\u00e9dagogiques - Figurines \u00e9ducatives - Mat\u00e9riel Montessori\"},\"image\":{\"@id\":\"https:\/\/lesminis.fr\/blog\/#\/schema\/logo\/image\/\"},\"sameAs\":[\"https:\/\/fr-fr.facebook.com\/LesMinis.fr\/\",\"https:\/\/www.instagram.com\/lesminis.fr\/\",\"https:\/\/www.tiktok.com\/@lesminis.fr\",\"https:\/\/www.pinterest.fr\/lesminisfr\/\"]},{\"@type\":\"Person\",\"@id\":\"https:\/\/lesminis.fr\/blog\/#\/schema\/person\/4a1be8c8c70a7d945af71674957cf83e\",\"name\":\"LesMinis\",\"image\":{\"@type\":\"ImageObject\",\"inLanguage\":\"fr-FR\",\"@id\":\"https:\/\/lesminis.fr\/blog\/#\/schema\/person\/image\/\",\"url\":\"https:\/\/secure.gravatar.com\/avatar\/288cd93d352b3465f2bd0701b1f2bb059b68dc3a70c4fda061bad8e6c9f8d865?s=96&d=blank&r=g\",\"contentUrl\":\"https:\/\/secure.gravatar.com\/avatar\/288cd93d352b3465f2bd0701b1f2bb059b68dc3a70c4fda061bad8e6c9f8d865?s=96&d=blank&r=g\",\"caption\":\"LesMinis\"},\"sameAs\":[\"https:\/\/lesminis.fr\/blog\",\"https:\/\/www.facebook.com\/LesMinis.fr\/\",\"https:\/\/www.instagram.com\/lesminis.fr\/\",\"https:\/\/www.pinterest.fr\/lesminisfr\/\"],\"url\":\"https:\/\/lesminis.fr\/blog\/author\/lesminis\/\"}]}<\/script>\n<!-- \/ Yoast SEO Premium plugin. -->","yoast_head_json":{"title":"Les Myst\u00e8res du Monde Marin : D\u00e9couverte Fascinante des Baleines","description":"Plongez dans l'univers des baleines avec notre article 'Les Myst\u00e8res du Monde Marin'. D\u00e9couvrez la vie, les migrations, et l'importance \u00e9cologique de ces g\u00e9ants des oc\u00e9ans. Parfait pour les familles et les jeunes explorateurs.","robots":{"index":"index","follow":"follow","max-snippet":"max-snippet:-1","max-image-preview":"max-image-preview:large","max-video-preview":"max-video-preview:-1"},"canonical":"https:\/\/lesminis.fr\/blog\/decouverte-baleines-monde-marin\/","og_locale":"fr_FR","og_type":"article","og_title":"Les Myst\u00e8res du Monde Marin : \u00c0 la D\u00e9couverte des Baleines","og_description":"Plongez dans l'univers des baleines avec notre article 'Les Myst\u00e8res du Monde Marin'. D\u00e9couvrez la vie, les migrations, et l'importance \u00e9cologique de ces g\u00e9ants des oc\u00e9ans. Parfait pour les familles et les jeunes explorateurs.","og_url":"https:\/\/lesminis.fr\/blog\/decouverte-baleines-monde-marin\/","og_site_name":"LesMinis Le Blog - Mat\u00e9riels \u00e9ducatifs - Figurines p\u00e9dagogiques","article_publisher":"https:\/\/fr-fr.facebook.com\/LesMinis.fr\/","article_author":"https:\/\/www.facebook.com\/LesMinis.fr\/","article_published_time":"2023-11-13T06:07:41+00:00","article_modified_time":"2023-11-14T12:17:15+00:00","og_image":[{"width":945,"height":945,"url":"https:\/\/lesminis.fr\/blog\/wp-content\/uploads\/2023\/11\/1-1.jpg","type":"image\/jpeg"}],"author":"LesMinis","twitter_misc":{"\u00c9crit par":"LesMinis","Dur\u00e9e de lecture estim\u00e9e":"4 minutes"},"schema":{"@context":"https:\/\/schema.org","@graph":[{"@type":["Article","BlogPosting"],"@id":"https:\/\/lesminis.fr\/blog\/decouverte-baleines-monde-marin\/#article","isPartOf":{"@id":"https:\/\/lesminis.fr\/blog\/decouverte-baleines-monde-marin\/"},"author":{"name":"LesMinis","@id":"https:\/\/lesminis.fr\/blog\/#\/schema\/person\/4a1be8c8c70a7d945af71674957cf83e"},"headline":"Les Myst\u00e8res du Monde Marin : \u00c0 la D\u00e9couverte des Baleines","datePublished":"2023-11-13T06:07:41+00:00","dateModified":"2023-11-14T12:17:15+00:00","mainEntityOfPage":{"@id":"https:\/\/lesminis.fr\/blog\/decouverte-baleines-monde-marin\/"},"wordCount":481,"commentCount":0,"publisher":{"@id":"https:\/\/lesminis.fr\/blog\/#organization"},"image":{"@id":"https:\/\/lesminis.fr\/blog\/decouverte-baleines-monde-marin\/#primaryimage"},"thumbnailUrl":"https:\/\/lesminis.fr\/blog\/wp-content\/uploads\/2023\/11\/1-1.jpg","keywords":["baleine \u00e0 bosse","baleine bleue","baleines","communication des baleines","conservation marine","\u00e9ducation environnementale","migration des baleines","monde marin","vie marine"],"articleSection":["Zoodex \u2014 Explorer le monde animal"],"inLanguage":"fr-FR","potentialAction":[{"@type":"CommentAction","name":"Comment","target":["https:\/\/lesminis.fr\/blog\/decouverte-baleines-monde-marin\/#respond"]}]},{"@type":"WebPage","@id":"https:\/\/lesminis.fr\/blog\/decouverte-baleines-monde-marin\/","url":"https:\/\/lesminis.fr\/blog\/decouverte-baleines-monde-marin\/","name":"Les Myst\u00e8res du Monde Marin : D\u00e9couverte Fascinante des Baleines","isPartOf":{"@id":"https:\/\/lesminis.fr\/blog\/#website"},"primaryImageOfPage":{"@id":"https:\/\/lesminis.fr\/blog\/decouverte-baleines-monde-marin\/#primaryimage"},"image":{"@id":"https:\/\/lesminis.fr\/blog\/decouverte-baleines-monde-marin\/#primaryimage"},"thumbnailUrl":"https:\/\/lesminis.fr\/blog\/wp-content\/uploads\/2023\/11\/1-1.jpg","datePublished":"2023-11-13T06:07:41+00:00","dateModified":"2023-11-14T12:17:15+00:00","description":"Plongez dans l'univers des baleines avec notre article 'Les Myst\u00e8res du Monde Marin'. D\u00e9couvrez la vie, les migrations, et l'importance \u00e9cologique de ces g\u00e9ants des oc\u00e9ans. Parfait pour les familles et les jeunes explorateurs.","breadcrumb":{"@id":"https:\/\/lesminis.fr\/blog\/decouverte-baleines-monde-marin\/#breadcrumb"},"inLanguage":"fr-FR","potentialAction":[{"@type":"ReadAction","target":["https:\/\/lesminis.fr\/blog\/decouverte-baleines-monde-marin\/"]}]},{"@type":"ImageObject","inLanguage":"fr-FR","@id":"https:\/\/lesminis.fr\/blog\/decouverte-baleines-monde-marin\/#primaryimage","url":"https:\/\/lesminis.fr\/blog\/wp-content\/uploads\/2023\/11\/1-1.jpg","contentUrl":"https:\/\/lesminis.fr\/blog\/wp-content\/uploads\/2023\/11\/1-1.jpg","width":945,"height":945,"caption":"Baleine bleue gigantesque nageant dans l'oc\u00e9an, illustrant la taille record et la beaut\u00e9 majestueuse de l'esp\u00e8ce."},{"@type":"BreadcrumbList","@id":"https:\/\/lesminis.fr\/blog\/decouverte-baleines-monde-marin\/#breadcrumb","itemListElement":[{"@type":"ListItem","position":1,"name":"Accueil","item":"https:\/\/lesminis.fr\/blog\/"},{"@type":"ListItem","position":2,"name":"Les Myst\u00e8res du Monde Marin : \u00c0 la D\u00e9couverte des Baleines"}]},{"@type":"WebSite","@id":"https:\/\/lesminis.fr\/blog\/#website","url":"https:\/\/lesminis.fr\/blog\/","name":"LesMinis Le Blog - Mat\u00e9riels \u00e9ducatifs - Figurines p\u00e9dagogiques","description":"D\u00e9couvrez notre actualit\u00e9, figurines, mat\u00e9riel \u00e9ducatif, activit\u00e9s Montessori","publisher":{"@id":"https:\/\/lesminis.fr\/blog\/#organization"},"potentialAction":[{"@type":"SearchAction","target":{"@type":"EntryPoint","urlTemplate":"https:\/\/lesminis.fr\/blog\/?s={search_term_string}"},"query-input":{"@type":"PropertyValueSpecification","valueRequired":true,"valueName":"search_term_string"}}],"inLanguage":"fr-FR"},{"@type":"Organization","@id":"https:\/\/lesminis.fr\/blog\/#organization","name":"LesMinis - Sp\u00e9cialiste mat\u00e9riel p\u00e9dagogiques - Figurines \u00e9ducatives - Mat\u00e9riel Montessori","url":"https:\/\/lesminis.fr\/blog\/","logo":{"@type":"ImageObject","inLanguage":"fr-FR","@id":"https:\/\/lesminis.fr\/blog\/#\/schema\/logo\/image\/","url":"https:\/\/lesminis.fr\/blog\/wp-content\/uploads\/2023\/03\/nouveau-logo-lesminis.png","contentUrl":"https:\/\/lesminis.fr\/blog\/wp-content\/uploads\/2023\/03\/nouveau-logo-lesminis.png","width":500,"height":175,"caption":"LesMinis - Sp\u00e9cialiste mat\u00e9riel p\u00e9dagogiques - Figurines \u00e9ducatives - Mat\u00e9riel Montessori"},"image":{"@id":"https:\/\/lesminis.fr\/blog\/#\/schema\/logo\/image\/"},"sameAs":["https:\/\/fr-fr.facebook.com\/LesMinis.fr\/","https:\/\/www.instagram.com\/lesminis.fr\/","https:\/\/www.tiktok.com\/@lesminis.fr","https:\/\/www.pinterest.fr\/lesminisfr\/"]},{"@type":"Person","@id":"https:\/\/lesminis.fr\/blog\/#\/schema\/person\/4a1be8c8c70a7d945af71674957cf83e","name":"LesMinis","image":{"@type":"ImageObject","inLanguage":"fr-FR","@id":"https:\/\/lesminis.fr\/blog\/#\/schema\/person\/image\/","url":"https:\/\/secure.gravatar.com\/avatar\/288cd93d352b3465f2bd0701b1f2bb059b68dc3a70c4fda061bad8e6c9f8d865?s=96&d=blank&r=g","contentUrl":"https:\/\/secure.gravatar.com\/avatar\/288cd93d352b3465f2bd0701b1f2bb059b68dc3a70c4fda061bad8e6c9f8d865?s=96&d=blank&r=g","caption":"LesMinis"},"sameAs":["https:\/\/lesminis.fr\/blog","https:\/\/www.facebook.com\/LesMinis.fr\/","https:\/\/www.instagram.com\/lesminis.fr\/","https:\/\/www.pinterest.fr\/lesminisfr\/"],"url":"https:\/\/lesminis.fr\/blog\/author\/lesminis\/"}]}},"_links":{"self":[{"href":"https:\/\/lesminis.fr\/blog\/wp-json\/wp\/v2\/posts\/2130","targetHints":{"allow":["GET"]}}],"collection":[{"href":"https:\/\/lesminis.fr\/blog\/wp-json\/wp\/v2\/posts"}],"about":[{"href":"https:\/\/lesminis.fr\/blog\/wp-json\/wp\/v2\/types\/post"}],"author":[{"embeddable":true,"href":"https:\/\/lesminis.fr\/blog\/wp-json\/wp\/v2\/users\/1"}],"replies":[{"embeddable":true,"href":"https:\/\/lesminis.fr\/blog\/wp-json\/wp\/v2\/comments?post=2130"}],"version-history":[{"count":1,"href":"https:\/\/lesminis.fr\/blog\/wp-json\/wp\/v2\/posts\/2130\/revisions"}],"predecessor-version":[{"id":2140,"href":"https:\/\/lesminis.fr\/blog\/wp-json\/wp\/v2\/posts\/2130\/revisions\/2140"}],"wp:featuredmedia":[{"embeddable":true,"href":"https:\/\/lesminis.fr\/blog\/wp-json\/wp\/v2\/media\/2132"}],"wp:attachment":[{"href":"https:\/\/lesminis.fr\/blog\/wp-json\/wp\/v2\/media?parent=2130"}],"wp:term":[{"taxonomy":"category","embeddable":true,"href":"https:\/\/lesminis.fr\/blog\/wp-json\/wp\/v2\/categories?post=2130"},{"taxonomy":"post_tag","embeddable":true,"href":"https:\/\/lesminis.fr\/blog\/wp-json\/wp\/v2\/tags?post=2130"}],"curies":[{"name":"wp","href":"https:\/\/api.w.org\/{rel}","templated":true}]}}