{"id":2042,"date":"2023-11-02T20:46:58","date_gmt":"2023-11-02T18:46:58","guid":{"rendered":"https:\/\/lesminis.fr\/blog\/?p=2042"},"modified":"2023-11-07T23:48:09","modified_gmt":"2023-11-07T21:48:09","slug":"competences-transversales-super-pouvoirs-apprentissage-enfant","status":"publish","type":"post","link":"https:\/\/lesminis.fr\/blog\/competences-transversales-super-pouvoirs-apprentissage-enfant\/","title":{"rendered":"Les Comp\u00e9tences Transversales : Des Super-Pouvoirs pour l\u2019Apprentissage de l\u2019Enfant"},"content":{"rendered":"<p>Les comp\u00e9tences transversales sont comme des super-pouvoirs qui aident un enfant \u00e0 naviguer dans le vaste oc\u00e9an de l\u2019apprentissage. Elles sont essentielles pour son d\u00e9veloppement global et peuvent grandement contribuer \u00e0 son \u00e9panouissement scolaire et personnel. Voici quelques exemples de comp\u00e9tences transversales et comment elles peuvent \u00eatre b\u00e9n\u00e9fiques pour lui.<\/p>\n<p><img loading=\"lazy\" decoding=\"async\" class=\"aligncenter size-large wp-image-2068\" src=\"https:\/\/lesminis.fr\/blog\/wp-content\/uploads\/2023\/11\/Competences-Transversales-1024x683.jpg\" alt=\"Diagramme des comp\u00e9tences transversales r\u00e9sum\u00e9\" width=\"696\" height=\"464\" srcset=\"https:\/\/lesminis.fr\/blog\/wp-content\/uploads\/2023\/11\/Competences-Transversales-1024x683.jpg 1024w, https:\/\/lesminis.fr\/blog\/wp-content\/uploads\/2023\/11\/Competences-Transversales-300x200.jpg 300w, https:\/\/lesminis.fr\/blog\/wp-content\/uploads\/2023\/11\/Competences-Transversales-768x512.jpg 768w, https:\/\/lesminis.fr\/blog\/wp-content\/uploads\/2023\/11\/Competences-Transversales-696x464.jpg 696w, https:\/\/lesminis.fr\/blog\/wp-content\/uploads\/2023\/11\/Competences-Transversales-1068x712.jpg 1068w, https:\/\/lesminis.fr\/blog\/wp-content\/uploads\/2023\/11\/Competences-Transversales-630x420.jpg 630w, https:\/\/lesminis.fr\/blog\/wp-content\/uploads\/2023\/11\/Competences-Transversales.jpg 1200w\" sizes=\"auto, (max-width: 696px) 100vw, 696px\" \/><\/p>\n<div id=\"ez-toc-container\" class=\"ez-toc-v2_0_78 counter-hierarchy ez-toc-counter ez-toc-grey ez-toc-container-direction\">\n<div class=\"ez-toc-title-container\">\n<p class=\"ez-toc-title\" style=\"cursor:inherit\">Table of Contents<\/p>\n<span class=\"ez-toc-title-toggle\"><a href=\"#\" class=\"ez-toc-pull-right ez-toc-btn ez-toc-btn-xs ez-toc-btn-default ez-toc-toggle\" aria-label=\"Toggle Table of Content\"><span class=\"ez-toc-js-icon-con\"><span class=\"\"><span class=\"eztoc-hide\" style=\"display:none;\">Toggle<\/span><span class=\"ez-toc-icon-toggle-span\"><svg style=\"fill: #999;color:#999\" xmlns=\"http:\/\/www.w3.org\/2000\/svg\" class=\"list-377408\" width=\"20px\" height=\"20px\" viewBox=\"0 0 24 24\" fill=\"none\"><path d=\"M6 6H4v2h2V6zm14 0H8v2h12V6zM4 11h2v2H4v-2zm16 0H8v2h12v-2zM4 16h2v2H4v-2zm16 0H8v2h12v-2z\" fill=\"currentColor\"><\/path><\/svg><svg style=\"fill: #999;color:#999\" class=\"arrow-unsorted-368013\" xmlns=\"http:\/\/www.w3.org\/2000\/svg\" width=\"10px\" height=\"10px\" viewBox=\"0 0 24 24\" version=\"1.2\" baseProfile=\"tiny\"><path d=\"M18.2 9.3l-6.2-6.3-6.2 6.3c-.2.2-.3.4-.3.7s.1.5.3.7c.2.2.4.3.7.3h11c.3 0 .5-.1.7-.3.2-.2.3-.5.3-.7s-.1-.5-.3-.7zM5.8 14.7l6.2 6.3 6.2-6.3c.2-.2.3-.5.3-.7s-.1-.5-.3-.7c-.2-.2-.4-.3-.7-.3h-11c-.3 0-.5.1-.7.3-.2.2-.3.5-.3.7s.1.5.3.7z\"\/><\/svg><\/span><\/span><\/span><\/a><\/span><\/div>\n<nav><ul class='ez-toc-list ez-toc-list-level-1 ' ><li class='ez-toc-page-1 ez-toc-heading-level-2'><a class=\"ez-toc-link ez-toc-heading-1\" href=\"https:\/\/lesminis.fr\/blog\/competences-transversales-super-pouvoirs-apprentissage-enfant\/#1_Jouer_en_equipe\" >1. Jouer en \u00e9quipe<\/a><\/li><li class='ez-toc-page-1 ez-toc-heading-level-2'><a class=\"ez-toc-link ez-toc-heading-2\" href=\"https:\/\/lesminis.fr\/blog\/competences-transversales-super-pouvoirs-apprentissage-enfant\/#2_Parler_et_comprendre\" >2. Parler et comprendre<\/a><\/li><li class='ez-toc-page-1 ez-toc-heading-level-2'><a class=\"ez-toc-link ez-toc-heading-3\" href=\"https:\/\/lesminis.fr\/blog\/competences-transversales-super-pouvoirs-apprentissage-enfant\/#3_Etre_un_petit_chef\" >3. \u00catre un petit chef<\/a><\/li><li class='ez-toc-page-1 ez-toc-heading-level-2'><a class=\"ez-toc-link ez-toc-heading-4\" href=\"https:\/\/lesminis.fr\/blog\/competences-transversales-super-pouvoirs-apprentissage-enfant\/#4_Parler_ecouter_partager\" >4. Parler, \u00e9couter, partager<\/a><\/li><li class='ez-toc-page-1 ez-toc-heading-level-2'><a class=\"ez-toc-link ez-toc-heading-5\" href=\"https:\/\/lesminis.fr\/blog\/competences-transversales-super-pouvoirs-apprentissage-enfant\/#5_Resoudre_des_problemes\" >5. R\u00e9soudre des probl\u00e8mes<\/a><\/li><\/ul><\/nav><\/div>\n<h2><span class=\"ez-toc-section\" id=\"1_Jouer_en_equipe\"><\/span>1. Jouer en \u00e9quipe<span class=\"ez-toc-section-end\"><\/span><\/h2>\n<p>C\u2019est comme lorsque l\u2019enfant construit un ch\u00e2teau de sable avec ses amis. Chacun a un r\u00f4le \u00e0 jouer et ils doivent travailler ensemble pour r\u00e9ussir. C\u2019est la m\u00eame chose \u00e0 l\u2019\u00e9cole lors des activit\u00e9s de groupe.<\/p>\n<p>Cette comp\u00e9tence aide l\u2019enfant \u00e0 comprendre l\u2019importance du travail d\u2019\u00e9quipe et de la collaboration. Elle favorise \u00e9galement le <a href=\"https:\/\/lesminis.fr\/911-developper-ses-competences-sociales\">d\u00e9veloppement de comp\u00e9tences sociales<\/a>, comme la communication, le partage et la r\u00e9solution de conflits.<\/p>\n<h2><span class=\"ez-toc-section\" id=\"2_Parler_et_comprendre\"><\/span>2. Parler et comprendre<span class=\"ez-toc-section-end\"><\/span><\/h2>\n<p>Les mots sont comme des outils que l\u2019enfant peut utiliser pour partager ses id\u00e9es, <a href=\"https:\/\/lesminis.fr\/connecter-l-emotion-educo-900000125-900000125-educo\/16070-8719924056643.html\">exprimer ses sentiments et comprendre les autres<\/a>. C\u2019est important pour lire, \u00e9crire et parler avec les autres. Cette comp\u00e9tence aide l\u2019enfant \u00e0 d\u00e9velopper sa capacit\u00e9 \u00e0 communiquer efficacement, ce qui est essentiel pour r\u00e9ussir \u00e0 l\u2019\u00e9cole et dans la vie.<\/p>\n<h2><span class=\"ez-toc-section\" id=\"3_Etre_un_petit_chef\"><\/span>3. \u00catre un petit chef<span class=\"ez-toc-section-end\"><\/span><\/h2>\n<p>C\u2019est comme lorsque l\u2019enfant d\u00e9cide du prochain <a href=\"https:\/\/lesminis.fr\/231-jeux-et-jouets\">jeu<\/a> \u00e0 jouer ou lorsqu\u2019il organise ses jouets. Cela peut l\u2019aider \u00e0 prendre des initiatives et \u00e0 se sentir plus confiant. Cette comp\u00e9tence favorise le d\u00e9veloppement de l\u2019autonomie, de la responsabilit\u00e9 et du leadership chez l\u2019enfant.<\/p>\n<h2><span class=\"ez-toc-section\" id=\"4_Parler_ecouter_partager\"><\/span>4. Parler, \u00e9couter, partager<span class=\"ez-toc-section-end\"><\/span><\/h2>\n<p>C\u2019est comme une danse o\u00f9 l\u2019enfant doit savoir quand parler et quand \u00e9couter. Cela l\u2019aide \u00e0 partager ses id\u00e9es, \u00e0 \u00e9couter les autres et \u00e0 se faire des amis. Cette comp\u00e9tence aide l\u2019enfant \u00e0 d\u00e9velopper ses comp\u00e9tences en communication, ce qui est essentiel pour r\u00e9ussir \u00e0 l\u2019\u00e9cole et dans la vie.<\/p>\n<h2><span class=\"ez-toc-section\" id=\"5_Resoudre_des_problemes\"><\/span>5. R\u00e9soudre des probl\u00e8mes<span class=\"ez-toc-section-end\"><\/span><\/h2>\n<p>C\u2019est comme lorsque l\u2019enfant essaie de r\u00e9soudre un <a href=\"https:\/\/lesminis.fr\/832-puzzle-encastrement-pedagogiques-educatifs\">puzzle<\/a> ou de d\u00e9cider comment partager \u00e9quitablement les g\u00e2teaux avec ses amis. Cela l\u2019aide \u00e0 penser de mani\u00e8re cr\u00e9ative et \u00e0 trouver des solutions. Cette comp\u00e9tence favorise le d\u00e9veloppement de la pens\u00e9e critique et de la r\u00e9solution de probl\u00e8mes chez l\u2019enfant.<\/p>\n<p>Ces comp\u00e9tences transversales sont comme des graines que nous plantons aujourd\u2019hui et qui grandiront pour devenir les forces de l\u2019enfant demain. En tant qu\u2019\u00e9ducateur, nous pouvons aider l\u2019enfant \u00e0 d\u00e9velopper ces comp\u00e9tences en cr\u00e9ant un environnement d\u2019apprentissage positif et stimulant.<\/p>\n<blockquote class=\"wp-embedded-content\" data-secret=\"acUlrLJJYN\"><p><a href=\"https:\/\/lesminis.fr\/blog\/le-langage-les-apprentissages-pour-communiquer-lire-ecrire-et-sexprimer\/\">Le langage &#8211; Les apprentissages pour communiquer &#8211; Lire, \u00e9crire et s&rsquo;exprimer<\/a><\/p><\/blockquote>\n<p><iframe loading=\"lazy\" class=\"wp-embedded-content\" sandbox=\"allow-scripts\" security=\"restricted\" style=\"position: absolute; clip: rect(1px, 1px, 1px, 1px);\" title=\"\u00ab\u00a0Le langage &#8211; Les apprentissages pour communiquer &#8211; Lire, \u00e9crire et s&rsquo;exprimer\u00a0\u00bb &#8212; LesMinis Le Blog - Mat\u00e9riels \u00e9ducatifs - Figurines p\u00e9dagogiques\" src=\"https:\/\/lesminis.fr\/blog\/le-langage-les-apprentissages-pour-communiquer-lire-ecrire-et-sexprimer\/embed\/#?secret=kcLZf652I8#?secret=acUlrLJJYN\" data-secret=\"acUlrLJJYN\" width=\"600\" height=\"338\" frameborder=\"0\" marginwidth=\"0\" marginheight=\"0\" scrolling=\"no\"><\/iframe><\/p>\n","protected":false},"excerpt":{"rendered":"<p>Les comp\u00e9tences transversales sont des super-pouvoirs qui aident un enfant \u00e0 naviguer dans le vaste oc\u00e9an de l\u2019apprentissage. Elles sont essentielles pour son d\u00e9veloppement global et peuvent grandement contribuer \u00e0 son \u00e9panouissement scolaire et personnel.<\/p>\n","protected":false},"author":1,"featured_media":2043,"comment_status":"open","ping_status":"closed","sticky":false,"template":"","format":"standard","meta":{"_acf_changed":false,"footnotes":""},"categories":[105],"tags":[71,529,527,297,129,137,528],"class_list":{"0":"post-2042","1":"post","2":"type-post","3":"status-publish","4":"format-standard","5":"has-post-thumbnail","7":"category-minispedago-predagogie-montessori-activites-developpement","8":"tag-apprentissage","9":"tag-communication","10":"tag-competences-transversales","11":"tag-developpement-de-lenfant","12":"tag-education","13":"tag-resolution-de-problemes","14":"tag-travail-dequipe"},"acf":[],"yoast_head":"<!-- This site is optimized with the Yoast SEO Premium plugin v27.1 (Yoast SEO v27.1.1) - https:\/\/yoast.com\/product\/yoast-seo-premium-wordpress\/ -->\n<title>Les Comp\u00e9tences Transversales : Des Super-Pouvoirs pour l\u2019Apprentissage de l\u2019Enfant<\/title>\n<meta name=\"description\" content=\"D\u00e9couvrez comment les comp\u00e9tences transversales, comme le travail d\u2019\u00e9quipe, la communication et la r\u00e9solution de probl\u00e8mes, peuvent aider votre enfant \u00e0 r\u00e9ussir \u00e0 l\u2019\u00e9cole et dans la vie.\" \/>\n<meta name=\"robots\" content=\"index, follow, max-snippet:-1, max-image-preview:large, max-video-preview:-1\" \/>\n<link rel=\"canonical\" href=\"https:\/\/lesminis.fr\/blog\/competences-transversales-super-pouvoirs-apprentissage-enfant\/\" \/>\n<meta property=\"og:locale\" content=\"fr_FR\" \/>\n<meta property=\"og:type\" content=\"article\" \/>\n<meta property=\"og:title\" content=\"Les Comp\u00e9tences Transversales : Des Super-Pouvoirs pour l\u2019Apprentissage de l\u2019Enfant\" \/>\n<meta property=\"og:description\" content=\"D\u00e9couvrez comment les comp\u00e9tences transversales, comme le travail d\u2019\u00e9quipe, la communication et la r\u00e9solution de probl\u00e8mes, peuvent aider votre enfant \u00e0 r\u00e9ussir \u00e0 l\u2019\u00e9cole et dans la vie.\" \/>\n<meta property=\"og:url\" content=\"https:\/\/lesminis.fr\/blog\/competences-transversales-super-pouvoirs-apprentissage-enfant\/\" \/>\n<meta property=\"og:site_name\" content=\"LesMinis Le Blog - Mat\u00e9riels \u00e9ducatifs - Figurines p\u00e9dagogiques\" \/>\n<meta property=\"article:publisher\" content=\"https:\/\/fr-fr.facebook.com\/LesMinis.fr\/\" \/>\n<meta property=\"article:author\" content=\"https:\/\/www.facebook.com\/LesMinis.fr\/\" \/>\n<meta property=\"article:published_time\" content=\"2023-11-02T18:46:58+00:00\" \/>\n<meta property=\"article:modified_time\" content=\"2023-11-07T21:48:09+00:00\" \/>\n<meta property=\"og:image\" content=\"https:\/\/lesminis.fr\/blog\/wp-content\/uploads\/2023\/11\/competences-1.jpg\" \/>\n\t<meta property=\"og:image:width\" content=\"1024\" \/>\n\t<meta property=\"og:image:height\" content=\"1024\" \/>\n\t<meta property=\"og:image:type\" content=\"image\/jpeg\" \/>\n<meta name=\"author\" content=\"LesMinis\" \/>\n<meta name=\"twitter:label1\" content=\"\u00c9crit par\" \/>\n\t<meta name=\"twitter:data1\" content=\"LesMinis\" \/>\n\t<meta name=\"twitter:label2\" content=\"Dur\u00e9e de lecture estim\u00e9e\" \/>\n\t<meta name=\"twitter:data2\" content=\"3 minutes\" \/>\n<script type=\"application\/ld+json\" class=\"yoast-schema-graph\">{\"@context\":\"https:\/\/schema.org\",\"@graph\":[{\"@type\":[\"Article\",\"BlogPosting\"],\"@id\":\"https:\/\/lesminis.fr\/blog\/competences-transversales-super-pouvoirs-apprentissage-enfant\/#article\",\"isPartOf\":{\"@id\":\"https:\/\/lesminis.fr\/blog\/competences-transversales-super-pouvoirs-apprentissage-enfant\/\"},\"author\":{\"name\":\"LesMinis\",\"@id\":\"https:\/\/lesminis.fr\/blog\/#\/schema\/person\/4a1be8c8c70a7d945af71674957cf83e\"},\"headline\":\"Les Comp\u00e9tences Transversales : Des Super-Pouvoirs pour l\u2019Apprentissage de l\u2019Enfant\",\"datePublished\":\"2023-11-02T18:46:58+00:00\",\"dateModified\":\"2023-11-07T21:48:09+00:00\",\"mainEntityOfPage\":{\"@id\":\"https:\/\/lesminis.fr\/blog\/competences-transversales-super-pouvoirs-apprentissage-enfant\/\"},\"wordCount\":444,\"commentCount\":0,\"publisher\":{\"@id\":\"https:\/\/lesminis.fr\/blog\/#organization\"},\"image\":{\"@id\":\"https:\/\/lesminis.fr\/blog\/competences-transversales-super-pouvoirs-apprentissage-enfant\/#primaryimage\"},\"thumbnailUrl\":\"https:\/\/lesminis.fr\/blog\/wp-content\/uploads\/2023\/11\/competences-1.jpg\",\"keywords\":[\"apprentissage\",\"Communication\",\"Comp\u00e9tences Transversales\",\"d\u00e9veloppement de l\u2019enfant\",\"\u00c9ducation\",\"R\u00e9solution de probl\u00e8mes\",\"Travail d\u2019\u00c9quipe\"],\"articleSection\":[\"MinisPedago \u2014 Montessori, p\u00e9dagogies alternatives &amp; d\u00e9veloppement de l\u2019enfant\"],\"inLanguage\":\"fr-FR\",\"potentialAction\":[{\"@type\":\"CommentAction\",\"name\":\"Comment\",\"target\":[\"https:\/\/lesminis.fr\/blog\/competences-transversales-super-pouvoirs-apprentissage-enfant\/#respond\"]}]},{\"@type\":\"WebPage\",\"@id\":\"https:\/\/lesminis.fr\/blog\/competences-transversales-super-pouvoirs-apprentissage-enfant\/\",\"url\":\"https:\/\/lesminis.fr\/blog\/competences-transversales-super-pouvoirs-apprentissage-enfant\/\",\"name\":\"Les Comp\u00e9tences Transversales : Des Super-Pouvoirs pour l\u2019Apprentissage de l\u2019Enfant\",\"isPartOf\":{\"@id\":\"https:\/\/lesminis.fr\/blog\/#website\"},\"primaryImageOfPage\":{\"@id\":\"https:\/\/lesminis.fr\/blog\/competences-transversales-super-pouvoirs-apprentissage-enfant\/#primaryimage\"},\"image\":{\"@id\":\"https:\/\/lesminis.fr\/blog\/competences-transversales-super-pouvoirs-apprentissage-enfant\/#primaryimage\"},\"thumbnailUrl\":\"https:\/\/lesminis.fr\/blog\/wp-content\/uploads\/2023\/11\/competences-1.jpg\",\"datePublished\":\"2023-11-02T18:46:58+00:00\",\"dateModified\":\"2023-11-07T21:48:09+00:00\",\"description\":\"D\u00e9couvrez comment les comp\u00e9tences transversales, comme le travail d\u2019\u00e9quipe, la communication et la r\u00e9solution de probl\u00e8mes, peuvent aider votre enfant \u00e0 r\u00e9ussir \u00e0 l\u2019\u00e9cole et dans la vie.\",\"breadcrumb\":{\"@id\":\"https:\/\/lesminis.fr\/blog\/competences-transversales-super-pouvoirs-apprentissage-enfant\/#breadcrumb\"},\"inLanguage\":\"fr-FR\",\"potentialAction\":[{\"@type\":\"ReadAction\",\"target\":[\"https:\/\/lesminis.fr\/blog\/competences-transversales-super-pouvoirs-apprentissage-enfant\/\"]}]},{\"@type\":\"ImageObject\",\"inLanguage\":\"fr-FR\",\"@id\":\"https:\/\/lesminis.fr\/blog\/competences-transversales-super-pouvoirs-apprentissage-enfant\/#primaryimage\",\"url\":\"https:\/\/lesminis.fr\/blog\/wp-content\/uploads\/2023\/11\/competences-1.jpg\",\"contentUrl\":\"https:\/\/lesminis.fr\/blog\/wp-content\/uploads\/2023\/11\/competences-1.jpg\",\"width\":1024,\"height\":1024,\"caption\":\"Les Comp\u00e9tences Transversales : Des Super-Pouvoirs pour l\u2019Apprentissage de l\u2019Enfant\u2019 : Enfant d\u00e9guis\u00e9 en super-h\u00e9ros illustrant le concept des comp\u00e9tences transversales comme des super-pouvoirs pour l\u2019apprentissage.\"},{\"@type\":\"BreadcrumbList\",\"@id\":\"https:\/\/lesminis.fr\/blog\/competences-transversales-super-pouvoirs-apprentissage-enfant\/#breadcrumb\",\"itemListElement\":[{\"@type\":\"ListItem\",\"position\":1,\"name\":\"Accueil\",\"item\":\"https:\/\/lesminis.fr\/blog\/\"},{\"@type\":\"ListItem\",\"position\":2,\"name\":\"Les Comp\u00e9tences Transversales : Des Super-Pouvoirs pour l\u2019Apprentissage de l\u2019Enfant\"}]},{\"@type\":\"WebSite\",\"@id\":\"https:\/\/lesminis.fr\/blog\/#website\",\"url\":\"https:\/\/lesminis.fr\/blog\/\",\"name\":\"LesMinis Le Blog - Mat\u00e9riels \u00e9ducatifs - Figurines p\u00e9dagogiques\",\"description\":\"D\u00e9couvrez notre actualit\u00e9, figurines, mat\u00e9riel \u00e9ducatif, activit\u00e9s Montessori\",\"publisher\":{\"@id\":\"https:\/\/lesminis.fr\/blog\/#organization\"},\"potentialAction\":[{\"@type\":\"SearchAction\",\"target\":{\"@type\":\"EntryPoint\",\"urlTemplate\":\"https:\/\/lesminis.fr\/blog\/?s={search_term_string}\"},\"query-input\":{\"@type\":\"PropertyValueSpecification\",\"valueRequired\":true,\"valueName\":\"search_term_string\"}}],\"inLanguage\":\"fr-FR\"},{\"@type\":\"Organization\",\"@id\":\"https:\/\/lesminis.fr\/blog\/#organization\",\"name\":\"LesMinis - Sp\u00e9cialiste mat\u00e9riel p\u00e9dagogiques - Figurines \u00e9ducatives - Mat\u00e9riel Montessori\",\"url\":\"https:\/\/lesminis.fr\/blog\/\",\"logo\":{\"@type\":\"ImageObject\",\"inLanguage\":\"fr-FR\",\"@id\":\"https:\/\/lesminis.fr\/blog\/#\/schema\/logo\/image\/\",\"url\":\"https:\/\/lesminis.fr\/blog\/wp-content\/uploads\/2023\/03\/nouveau-logo-lesminis.png\",\"contentUrl\":\"https:\/\/lesminis.fr\/blog\/wp-content\/uploads\/2023\/03\/nouveau-logo-lesminis.png\",\"width\":500,\"height\":175,\"caption\":\"LesMinis - Sp\u00e9cialiste mat\u00e9riel p\u00e9dagogiques - Figurines \u00e9ducatives - Mat\u00e9riel Montessori\"},\"image\":{\"@id\":\"https:\/\/lesminis.fr\/blog\/#\/schema\/logo\/image\/\"},\"sameAs\":[\"https:\/\/fr-fr.facebook.com\/LesMinis.fr\/\",\"https:\/\/www.instagram.com\/lesminis.fr\/\",\"https:\/\/www.tiktok.com\/@lesminis.fr\",\"https:\/\/www.pinterest.fr\/lesminisfr\/\"]},{\"@type\":\"Person\",\"@id\":\"https:\/\/lesminis.fr\/blog\/#\/schema\/person\/4a1be8c8c70a7d945af71674957cf83e\",\"name\":\"LesMinis\",\"image\":{\"@type\":\"ImageObject\",\"inLanguage\":\"fr-FR\",\"@id\":\"https:\/\/lesminis.fr\/blog\/#\/schema\/person\/image\/\",\"url\":\"https:\/\/secure.gravatar.com\/avatar\/288cd93d352b3465f2bd0701b1f2bb059b68dc3a70c4fda061bad8e6c9f8d865?s=96&d=blank&r=g\",\"contentUrl\":\"https:\/\/secure.gravatar.com\/avatar\/288cd93d352b3465f2bd0701b1f2bb059b68dc3a70c4fda061bad8e6c9f8d865?s=96&d=blank&r=g\",\"caption\":\"LesMinis\"},\"sameAs\":[\"https:\/\/lesminis.fr\/blog\",\"https:\/\/www.facebook.com\/LesMinis.fr\/\",\"https:\/\/www.instagram.com\/lesminis.fr\/\",\"https:\/\/www.pinterest.fr\/lesminisfr\/\"],\"url\":\"https:\/\/lesminis.fr\/blog\/author\/lesminis\/\"}]}<\/script>\n<!-- \/ Yoast SEO Premium plugin. -->","yoast_head_json":{"title":"Les Comp\u00e9tences Transversales : Des Super-Pouvoirs pour l\u2019Apprentissage de l\u2019Enfant","description":"D\u00e9couvrez comment les comp\u00e9tences transversales, comme le travail d\u2019\u00e9quipe, la communication et la r\u00e9solution de probl\u00e8mes, peuvent aider votre enfant \u00e0 r\u00e9ussir \u00e0 l\u2019\u00e9cole et dans la vie.","robots":{"index":"index","follow":"follow","max-snippet":"max-snippet:-1","max-image-preview":"max-image-preview:large","max-video-preview":"max-video-preview:-1"},"canonical":"https:\/\/lesminis.fr\/blog\/competences-transversales-super-pouvoirs-apprentissage-enfant\/","og_locale":"fr_FR","og_type":"article","og_title":"Les Comp\u00e9tences Transversales : Des Super-Pouvoirs pour l\u2019Apprentissage de l\u2019Enfant","og_description":"D\u00e9couvrez comment les comp\u00e9tences transversales, comme le travail d\u2019\u00e9quipe, la communication et la r\u00e9solution de probl\u00e8mes, peuvent aider votre enfant \u00e0 r\u00e9ussir \u00e0 l\u2019\u00e9cole et dans la vie.","og_url":"https:\/\/lesminis.fr\/blog\/competences-transversales-super-pouvoirs-apprentissage-enfant\/","og_site_name":"LesMinis Le Blog - Mat\u00e9riels \u00e9ducatifs - Figurines p\u00e9dagogiques","article_publisher":"https:\/\/fr-fr.facebook.com\/LesMinis.fr\/","article_author":"https:\/\/www.facebook.com\/LesMinis.fr\/","article_published_time":"2023-11-02T18:46:58+00:00","article_modified_time":"2023-11-07T21:48:09+00:00","og_image":[{"width":1024,"height":1024,"url":"https:\/\/lesminis.fr\/blog\/wp-content\/uploads\/2023\/11\/competences-1.jpg","type":"image\/jpeg"}],"author":"LesMinis","twitter_misc":{"\u00c9crit par":"LesMinis","Dur\u00e9e de lecture estim\u00e9e":"3 minutes"},"schema":{"@context":"https:\/\/schema.org","@graph":[{"@type":["Article","BlogPosting"],"@id":"https:\/\/lesminis.fr\/blog\/competences-transversales-super-pouvoirs-apprentissage-enfant\/#article","isPartOf":{"@id":"https:\/\/lesminis.fr\/blog\/competences-transversales-super-pouvoirs-apprentissage-enfant\/"},"author":{"name":"LesMinis","@id":"https:\/\/lesminis.fr\/blog\/#\/schema\/person\/4a1be8c8c70a7d945af71674957cf83e"},"headline":"Les Comp\u00e9tences Transversales : Des Super-Pouvoirs pour l\u2019Apprentissage de l\u2019Enfant","datePublished":"2023-11-02T18:46:58+00:00","dateModified":"2023-11-07T21:48:09+00:00","mainEntityOfPage":{"@id":"https:\/\/lesminis.fr\/blog\/competences-transversales-super-pouvoirs-apprentissage-enfant\/"},"wordCount":444,"commentCount":0,"publisher":{"@id":"https:\/\/lesminis.fr\/blog\/#organization"},"image":{"@id":"https:\/\/lesminis.fr\/blog\/competences-transversales-super-pouvoirs-apprentissage-enfant\/#primaryimage"},"thumbnailUrl":"https:\/\/lesminis.fr\/blog\/wp-content\/uploads\/2023\/11\/competences-1.jpg","keywords":["apprentissage","Communication","Comp\u00e9tences Transversales","d\u00e9veloppement de l\u2019enfant","\u00c9ducation","R\u00e9solution de probl\u00e8mes","Travail d\u2019\u00c9quipe"],"articleSection":["MinisPedago \u2014 Montessori, p\u00e9dagogies alternatives &amp; d\u00e9veloppement de l\u2019enfant"],"inLanguage":"fr-FR","potentialAction":[{"@type":"CommentAction","name":"Comment","target":["https:\/\/lesminis.fr\/blog\/competences-transversales-super-pouvoirs-apprentissage-enfant\/#respond"]}]},{"@type":"WebPage","@id":"https:\/\/lesminis.fr\/blog\/competences-transversales-super-pouvoirs-apprentissage-enfant\/","url":"https:\/\/lesminis.fr\/blog\/competences-transversales-super-pouvoirs-apprentissage-enfant\/","name":"Les Comp\u00e9tences Transversales : Des Super-Pouvoirs pour l\u2019Apprentissage de l\u2019Enfant","isPartOf":{"@id":"https:\/\/lesminis.fr\/blog\/#website"},"primaryImageOfPage":{"@id":"https:\/\/lesminis.fr\/blog\/competences-transversales-super-pouvoirs-apprentissage-enfant\/#primaryimage"},"image":{"@id":"https:\/\/lesminis.fr\/blog\/competences-transversales-super-pouvoirs-apprentissage-enfant\/#primaryimage"},"thumbnailUrl":"https:\/\/lesminis.fr\/blog\/wp-content\/uploads\/2023\/11\/competences-1.jpg","datePublished":"2023-11-02T18:46:58+00:00","dateModified":"2023-11-07T21:48:09+00:00","description":"D\u00e9couvrez comment les comp\u00e9tences transversales, comme le travail d\u2019\u00e9quipe, la communication et la r\u00e9solution de probl\u00e8mes, peuvent aider votre enfant \u00e0 r\u00e9ussir \u00e0 l\u2019\u00e9cole et dans la vie.","breadcrumb":{"@id":"https:\/\/lesminis.fr\/blog\/competences-transversales-super-pouvoirs-apprentissage-enfant\/#breadcrumb"},"inLanguage":"fr-FR","potentialAction":[{"@type":"ReadAction","target":["https:\/\/lesminis.fr\/blog\/competences-transversales-super-pouvoirs-apprentissage-enfant\/"]}]},{"@type":"ImageObject","inLanguage":"fr-FR","@id":"https:\/\/lesminis.fr\/blog\/competences-transversales-super-pouvoirs-apprentissage-enfant\/#primaryimage","url":"https:\/\/lesminis.fr\/blog\/wp-content\/uploads\/2023\/11\/competences-1.jpg","contentUrl":"https:\/\/lesminis.fr\/blog\/wp-content\/uploads\/2023\/11\/competences-1.jpg","width":1024,"height":1024,"caption":"Les Comp\u00e9tences Transversales : Des Super-Pouvoirs pour l\u2019Apprentissage de l\u2019Enfant\u2019 : Enfant d\u00e9guis\u00e9 en super-h\u00e9ros illustrant le concept des comp\u00e9tences transversales comme des super-pouvoirs pour l\u2019apprentissage."},{"@type":"BreadcrumbList","@id":"https:\/\/lesminis.fr\/blog\/competences-transversales-super-pouvoirs-apprentissage-enfant\/#breadcrumb","itemListElement":[{"@type":"ListItem","position":1,"name":"Accueil","item":"https:\/\/lesminis.fr\/blog\/"},{"@type":"ListItem","position":2,"name":"Les Comp\u00e9tences Transversales : Des Super-Pouvoirs pour l\u2019Apprentissage de l\u2019Enfant"}]},{"@type":"WebSite","@id":"https:\/\/lesminis.fr\/blog\/#website","url":"https:\/\/lesminis.fr\/blog\/","name":"LesMinis Le Blog - Mat\u00e9riels \u00e9ducatifs - Figurines p\u00e9dagogiques","description":"D\u00e9couvrez notre actualit\u00e9, figurines, mat\u00e9riel \u00e9ducatif, activit\u00e9s Montessori","publisher":{"@id":"https:\/\/lesminis.fr\/blog\/#organization"},"potentialAction":[{"@type":"SearchAction","target":{"@type":"EntryPoint","urlTemplate":"https:\/\/lesminis.fr\/blog\/?s={search_term_string}"},"query-input":{"@type":"PropertyValueSpecification","valueRequired":true,"valueName":"search_term_string"}}],"inLanguage":"fr-FR"},{"@type":"Organization","@id":"https:\/\/lesminis.fr\/blog\/#organization","name":"LesMinis - Sp\u00e9cialiste mat\u00e9riel p\u00e9dagogiques - Figurines \u00e9ducatives - Mat\u00e9riel Montessori","url":"https:\/\/lesminis.fr\/blog\/","logo":{"@type":"ImageObject","inLanguage":"fr-FR","@id":"https:\/\/lesminis.fr\/blog\/#\/schema\/logo\/image\/","url":"https:\/\/lesminis.fr\/blog\/wp-content\/uploads\/2023\/03\/nouveau-logo-lesminis.png","contentUrl":"https:\/\/lesminis.fr\/blog\/wp-content\/uploads\/2023\/03\/nouveau-logo-lesminis.png","width":500,"height":175,"caption":"LesMinis - Sp\u00e9cialiste mat\u00e9riel p\u00e9dagogiques - Figurines \u00e9ducatives - Mat\u00e9riel Montessori"},"image":{"@id":"https:\/\/lesminis.fr\/blog\/#\/schema\/logo\/image\/"},"sameAs":["https:\/\/fr-fr.facebook.com\/LesMinis.fr\/","https:\/\/www.instagram.com\/lesminis.fr\/","https:\/\/www.tiktok.com\/@lesminis.fr","https:\/\/www.pinterest.fr\/lesminisfr\/"]},{"@type":"Person","@id":"https:\/\/lesminis.fr\/blog\/#\/schema\/person\/4a1be8c8c70a7d945af71674957cf83e","name":"LesMinis","image":{"@type":"ImageObject","inLanguage":"fr-FR","@id":"https:\/\/lesminis.fr\/blog\/#\/schema\/person\/image\/","url":"https:\/\/secure.gravatar.com\/avatar\/288cd93d352b3465f2bd0701b1f2bb059b68dc3a70c4fda061bad8e6c9f8d865?s=96&d=blank&r=g","contentUrl":"https:\/\/secure.gravatar.com\/avatar\/288cd93d352b3465f2bd0701b1f2bb059b68dc3a70c4fda061bad8e6c9f8d865?s=96&d=blank&r=g","caption":"LesMinis"},"sameAs":["https:\/\/lesminis.fr\/blog","https:\/\/www.facebook.com\/LesMinis.fr\/","https:\/\/www.instagram.com\/lesminis.fr\/","https:\/\/www.pinterest.fr\/lesminisfr\/"],"url":"https:\/\/lesminis.fr\/blog\/author\/lesminis\/"}]}},"_links":{"self":[{"href":"https:\/\/lesminis.fr\/blog\/wp-json\/wp\/v2\/posts\/2042","targetHints":{"allow":["GET"]}}],"collection":[{"href":"https:\/\/lesminis.fr\/blog\/wp-json\/wp\/v2\/posts"}],"about":[{"href":"https:\/\/lesminis.fr\/blog\/wp-json\/wp\/v2\/types\/post"}],"author":[{"embeddable":true,"href":"https:\/\/lesminis.fr\/blog\/wp-json\/wp\/v2\/users\/1"}],"replies":[{"embeddable":true,"href":"https:\/\/lesminis.fr\/blog\/wp-json\/wp\/v2\/comments?post=2042"}],"version-history":[{"count":4,"href":"https:\/\/lesminis.fr\/blog\/wp-json\/wp\/v2\/posts\/2042\/revisions"}],"predecessor-version":[{"id":2045,"href":"https:\/\/lesminis.fr\/blog\/wp-json\/wp\/v2\/posts\/2042\/revisions\/2045"}],"wp:featuredmedia":[{"embeddable":true,"href":"https:\/\/lesminis.fr\/blog\/wp-json\/wp\/v2\/media\/2043"}],"wp:attachment":[{"href":"https:\/\/lesminis.fr\/blog\/wp-json\/wp\/v2\/media?parent=2042"}],"wp:term":[{"taxonomy":"category","embeddable":true,"href":"https:\/\/lesminis.fr\/blog\/wp-json\/wp\/v2\/categories?post=2042"},{"taxonomy":"post_tag","embeddable":true,"href":"https:\/\/lesminis.fr\/blog\/wp-json\/wp\/v2\/tags?post=2042"}],"curies":[{"name":"wp","href":"https:\/\/api.w.org\/{rel}","templated":true}]}}