{"id":1893,"date":"2023-10-15T18:56:20","date_gmt":"2023-10-15T16:56:20","guid":{"rendered":"https:\/\/lesminis.fr\/blog\/?p=1893"},"modified":"2023-10-16T16:25:38","modified_gmt":"2023-10-16T14:25:38","slug":"le-mandrill-un-singe-aux-couleurs-flamboyantes-decouvrez-sa-vie-fascinante","status":"publish","type":"post","link":"https:\/\/lesminis.fr\/blog\/le-mandrill-un-singe-aux-couleurs-flamboyantes-decouvrez-sa-vie-fascinante\/","title":{"rendered":"Le mandrill, un singe aux couleurs flamboyantes : d\u00e9couvrez sa vie fascinante !"},"content":{"rendered":"<p><strong>Le mandrill est un singe fascinant qui vit en Afrique centrale. Il est connu pour ses couleurs vives, mais il est aussi tr\u00e8s intelligent et social.<\/strong><\/p>\n<p>&nbsp;<\/p>\n<section id=\"introduction\">\n<div id=\"ez-toc-container\" class=\"ez-toc-v2_0_78 counter-hierarchy ez-toc-counter ez-toc-grey ez-toc-container-direction\">\n<div class=\"ez-toc-title-container\">\n<p class=\"ez-toc-title\" style=\"cursor:inherit\">Table of Contents<\/p>\n<span class=\"ez-toc-title-toggle\"><a href=\"#\" class=\"ez-toc-pull-right ez-toc-btn ez-toc-btn-xs ez-toc-btn-default ez-toc-toggle\" aria-label=\"Toggle Table of Content\"><span class=\"ez-toc-js-icon-con\"><span class=\"\"><span class=\"eztoc-hide\" style=\"display:none;\">Toggle<\/span><span class=\"ez-toc-icon-toggle-span\"><svg style=\"fill: #999;color:#999\" xmlns=\"http:\/\/www.w3.org\/2000\/svg\" class=\"list-377408\" width=\"20px\" height=\"20px\" viewBox=\"0 0 24 24\" fill=\"none\"><path d=\"M6 6H4v2h2V6zm14 0H8v2h12V6zM4 11h2v2H4v-2zm16 0H8v2h12v-2zM4 16h2v2H4v-2zm16 0H8v2h12v-2z\" fill=\"currentColor\"><\/path><\/svg><svg style=\"fill: #999;color:#999\" class=\"arrow-unsorted-368013\" xmlns=\"http:\/\/www.w3.org\/2000\/svg\" width=\"10px\" height=\"10px\" viewBox=\"0 0 24 24\" version=\"1.2\" baseProfile=\"tiny\"><path d=\"M18.2 9.3l-6.2-6.3-6.2 6.3c-.2.2-.3.4-.3.7s.1.5.3.7c.2.2.4.3.7.3h11c.3 0 .5-.1.7-.3.2-.2.3-.5.3-.7s-.1-.5-.3-.7zM5.8 14.7l6.2 6.3 6.2-6.3c.2-.2.3-.5.3-.7s-.1-.5-.3-.7c-.2-.2-.4-.3-.7-.3h-11c-.3 0-.5.1-.7.3-.2.2-.3.5-.3.7s.1.5.3.7z\"\/><\/svg><\/span><\/span><\/span><\/a><\/span><\/div>\n<nav><ul class='ez-toc-list ez-toc-list-level-1 ' ><li class='ez-toc-page-1 ez-toc-heading-level-2'><a class=\"ez-toc-link ez-toc-heading-1\" href=\"https:\/\/lesminis.fr\/blog\/le-mandrill-un-singe-aux-couleurs-flamboyantes-decouvrez-sa-vie-fascinante\/#Introduction\" >Introduction<\/a><\/li><li class='ez-toc-page-1 ez-toc-heading-level-2'><a class=\"ez-toc-link ez-toc-heading-2\" href=\"https:\/\/lesminis.fr\/blog\/le-mandrill-un-singe-aux-couleurs-flamboyantes-decouvrez-sa-vie-fascinante\/#Description_physique\" >Description physique<\/a><\/li><li class='ez-toc-page-1 ez-toc-heading-level-2'><a class=\"ez-toc-link ez-toc-heading-3\" href=\"https:\/\/lesminis.fr\/blog\/le-mandrill-un-singe-aux-couleurs-flamboyantes-decouvrez-sa-vie-fascinante\/#Habitat_et_alimentation\" >Habitat et alimentation<\/a><\/li><li class='ez-toc-page-1 ez-toc-heading-level-2'><a class=\"ez-toc-link ez-toc-heading-4\" href=\"https:\/\/lesminis.fr\/blog\/le-mandrill-un-singe-aux-couleurs-flamboyantes-decouvrez-sa-vie-fascinante\/#Comportement_social\" >Comportement social<\/a><\/li><li class='ez-toc-page-1 ez-toc-heading-level-2'><a class=\"ez-toc-link ez-toc-heading-5\" href=\"https:\/\/lesminis.fr\/blog\/le-mandrill-un-singe-aux-couleurs-flamboyantes-decouvrez-sa-vie-fascinante\/#Menaces\" >Menaces<\/a><\/li><li class='ez-toc-page-1 ez-toc-heading-level-2'><a class=\"ez-toc-link ez-toc-heading-6\" href=\"https:\/\/lesminis.fr\/blog\/le-mandrill-un-singe-aux-couleurs-flamboyantes-decouvrez-sa-vie-fascinante\/#La_figurine_Safari_Ltd\" >La figurine Safari Ltd<\/a><\/li><li class='ez-toc-page-1 ez-toc-heading-level-2'><a class=\"ez-toc-link ez-toc-heading-7\" href=\"https:\/\/lesminis.fr\/blog\/le-mandrill-un-singe-aux-couleurs-flamboyantes-decouvrez-sa-vie-fascinante\/#Conclusion\" >Conclusion<\/a><\/li><\/ul><\/nav><\/div>\n<h2><span class=\"ez-toc-section\" id=\"Introduction\"><\/span>Introduction<span class=\"ez-toc-section-end\"><\/span><\/h2>\n<p>Dans cet article nous allons d\u00e9couvrir un singe fascinant qui vit en Afrique centrale : le mandrill. Il est connu pour ses couleurs vives, qui lui donnent un aspect unique. Mais ce singe est aussi tr\u00e8s intelligent et social.<\/p>\n<\/section>\n<section id=\"description-physique\">\n<h2><span class=\"ez-toc-section\" id=\"Description_physique\"><\/span>Description physique<span class=\"ez-toc-section-end\"><\/span><\/h2>\n<p>Le mandrill est un singe de grande taille, qui peut mesurer jusqu&rsquo;\u00e0 1,20 m\u00e8tre de long. Il a un corps muscl\u00e9 et une queue longue et fine. La t\u00eate du mandrill est large et plate, avec un nez pro\u00e9minent. La face est couverte de couleurs vives, qui varient en fonction du sexe et de l&rsquo;\u00e2ge de l&rsquo;animal. Les m\u00e2les adultes ont une face rouge et bleue, tandis que les femelles adultes ont une face rose et noire. Les jeunes mandrills ont une face brune.<\/p>\n<p>Les couleurs vives du mandrill sont dues \u00e0 la pr\u00e9sence de pigments dans la peau. Ces pigments sont produits par des cellules sp\u00e9ciales, appel\u00e9es cellules m\u00e9lanophores. Les cellules m\u00e9lanophores sont contr\u00f4l\u00e9es par des hormones, qui sont s\u00e9cr\u00e9t\u00e9es par les glandes endocrines.<\/p>\n<p>Les couleurs du mandrill sont utilis\u00e9es pour la communication. Les m\u00e2les utilisent leurs couleurs pour attirer les femelles et pour se d\u00e9fendre contre les autres m\u00e2les.<\/p>\n<\/section>\n<section id=\"habitat-et-alimentation\">\n<h2><span class=\"ez-toc-section\" id=\"Habitat_et_alimentation\"><\/span>Habitat et alimentation<span class=\"ez-toc-section-end\"><\/span><\/h2>\n<figure style=\"width: 220px\" class=\"wp-caption alignright\"><img loading=\"lazy\" decoding=\"async\" src=\"https:\/\/upload.wikimedia.org\/wikipedia\/commons\/thumb\/2\/21\/Mandrill_area.png\/220px-Mandrill_area.png\" alt=\"Habitat du Mandrill\" width=\"220\" height=\"154\" \/><figcaption class=\"wp-caption-text\">Habitat du Mandrill<\/figcaption><\/figure>\n<p>Le mandrill vit dans les for\u00eats tropicales humides d&rsquo;Afrique centrale. Il est un animal diurne, qui passe la journ\u00e9e \u00e0 se nourrir et \u00e0 interagir avec les autres membres de son groupe.<\/p>\n<p>&nbsp;<\/p>\n<p>Le mandrill est un omnivore, qui se nourrit de fruits, de feuilles, d&rsquo;insectes et de petits animaux. Il est un important dispersant de graines, car il dig\u00e8re les fruits sans dig\u00e9rer les graines.<\/p>\n<\/section>\n<p>&nbsp;<\/p>\n<blockquote class=\"wp-embedded-content\" data-secret=\"zdxd52bhUS\"><p><a href=\"https:\/\/lesminis.fr\/blog\/singe-diana-cercopitheque-collecta-figurines\/\">D\u00e9couvrez le Cercopith\u00e8que Diana : Un singe fascinant d&rsquo;Afrique de l&rsquo;Ouest<\/a><\/p><\/blockquote>\n<p><iframe loading=\"lazy\" class=\"wp-embedded-content\" sandbox=\"allow-scripts\" security=\"restricted\" style=\"position: absolute; clip: rect(1px, 1px, 1px, 1px);\" title=\"\u00ab\u00a0D\u00e9couvrez le Cercopith\u00e8que Diana : Un singe fascinant d&rsquo;Afrique de l&rsquo;Ouest\u00a0\u00bb &#8212; LesMinis Le Blog - Mat\u00e9riels \u00e9ducatifs - Figurines p\u00e9dagogiques\" src=\"https:\/\/lesminis.fr\/blog\/singe-diana-cercopitheque-collecta-figurines\/embed\/#?secret=mhGiYjoaE6#?secret=zdxd52bhUS\" data-secret=\"zdxd52bhUS\" width=\"600\" height=\"338\" frameborder=\"0\" marginwidth=\"0\" marginheight=\"0\" scrolling=\"no\"><\/iframe><\/p>\n<section id=\"habitat-et-alimentation\">\u00a0<\/section>\n<section id=\"comportement-social\">\n<h2><span class=\"ez-toc-section\" id=\"Comportement_social\"><\/span>Comportement social<span class=\"ez-toc-section-end\"><\/span><\/h2>\n<p>Le mandrill vit en groupes de plusieurs dizaines d&rsquo;individus. Les groupes sont dirig\u00e9s par un m\u00e2le dominant, qui est le seul \u00e0 s&rsquo;accoupler avec les femelles. Les mandrills sont des animaux tr\u00e8s sociaux, qui communiquent entre eux par des cris et des expressions faciales.<\/p>\n<p><img loading=\"lazy\" decoding=\"async\" class=\"aligncenter size-full wp-image-1906\" src=\"https:\/\/lesminis.fr\/blog\/wp-content\/uploads\/2023\/10\/Un-singe-mandrill-dans-son-habitat.jpg\" alt=\"\" width=\"1024\" height=\"1024\" srcset=\"https:\/\/lesminis.fr\/blog\/wp-content\/uploads\/2023\/10\/Un-singe-mandrill-dans-son-habitat.jpg 1024w, https:\/\/lesminis.fr\/blog\/wp-content\/uploads\/2023\/10\/Un-singe-mandrill-dans-son-habitat-300x300.jpg 300w, https:\/\/lesminis.fr\/blog\/wp-content\/uploads\/2023\/10\/Un-singe-mandrill-dans-son-habitat-150x150.jpg 150w, https:\/\/lesminis.fr\/blog\/wp-content\/uploads\/2023\/10\/Un-singe-mandrill-dans-son-habitat-768x768.jpg 768w, https:\/\/lesminis.fr\/blog\/wp-content\/uploads\/2023\/10\/Un-singe-mandrill-dans-son-habitat-696x696.jpg 696w, https:\/\/lesminis.fr\/blog\/wp-content\/uploads\/2023\/10\/Un-singe-mandrill-dans-son-habitat-420x420.jpg 420w\" sizes=\"auto, (max-width: 1024px) 100vw, 1024px\" \/><\/p>\n<\/section>\n<section id=\"menaces\">\n<h2><span class=\"ez-toc-section\" id=\"Menaces\"><\/span>Menaces<span class=\"ez-toc-section-end\"><\/span><\/h2>\n<p>Le mandrill est une esp\u00e8ce vuln\u00e9rable, selon l&rsquo;Union internationale pour la conservation de la nature (UICN). Il est menac\u00e9 par plusieurs facteurs, notamment la destruction de son habitat naturel, le braconnage et les maladies.<\/p>\n<\/section>\n<section id=\"la-figurine-safari-ltd\">\n<h2><span class=\"ez-toc-section\" id=\"La_figurine_Safari_Ltd\"><\/span>La figurine Safari Ltd<span class=\"ez-toc-section-end\"><\/span><\/h2>\n<figure id=\"attachment_1897\" aria-describedby=\"caption-attachment-1897\" style=\"width: 1000px\" class=\"wp-caption aligncenter\"><a href=\"https:\/\/www.paypal.com\/instantcommerce\/checkout\/K3XX9EWYEU392\"><img loading=\"lazy\" decoding=\"async\" class=\"wp-image-1897 size-full\" src=\"https:\/\/lesminis.fr\/blog\/wp-content\/uploads\/2023\/10\/mandrill-958748_1000x1000_crop_center-2.jpg\" alt=\"Figurine singe Mandrill Safari Ltd\" width=\"1000\" height=\"1000\" srcset=\"https:\/\/lesminis.fr\/blog\/wp-content\/uploads\/2023\/10\/mandrill-958748_1000x1000_crop_center-2.jpg 1000w, https:\/\/lesminis.fr\/blog\/wp-content\/uploads\/2023\/10\/mandrill-958748_1000x1000_crop_center-2-300x300.jpg 300w, https:\/\/lesminis.fr\/blog\/wp-content\/uploads\/2023\/10\/mandrill-958748_1000x1000_crop_center-2-150x150.jpg 150w, https:\/\/lesminis.fr\/blog\/wp-content\/uploads\/2023\/10\/mandrill-958748_1000x1000_crop_center-2-768x768.jpg 768w, https:\/\/lesminis.fr\/blog\/wp-content\/uploads\/2023\/10\/mandrill-958748_1000x1000_crop_center-2-696x696.jpg 696w, https:\/\/lesminis.fr\/blog\/wp-content\/uploads\/2023\/10\/mandrill-958748_1000x1000_crop_center-2-420x420.jpg 420w\" sizes=\"auto, (max-width: 1000px) 100vw, 1000px\" \/><\/a><figcaption id=\"caption-attachment-1897\" class=\"wp-caption-text\">Figurine Mandrill Safari Ltd<\/figcaption><\/figure>\n<p>La figurine Safari Ltd du mandrill, un excellent moyen d&rsquo;apprendre \u00e0 conna\u00eetre ce singe fascinant. En PVC elle offre des d\u00e9tails r\u00e9alistes.<\/p>\n<p>Il existe aussi des reproductions par Papo et Schleich.<\/p>\n<figure id=\"attachment_1895\" aria-describedby=\"caption-attachment-1895\" style=\"width: 281px\" class=\"wp-caption aligncenter\"><img loading=\"lazy\" decoding=\"async\" class=\"wp-image-1895 size-medium\" src=\"https:\/\/lesminis.fr\/blog\/wp-content\/uploads\/2023\/10\/mandrill-281x300.jpg\" alt=\"Figurine Singe Mandrill\" width=\"281\" height=\"300\" srcset=\"https:\/\/lesminis.fr\/blog\/wp-content\/uploads\/2023\/10\/mandrill-281x300.jpg 281w, https:\/\/lesminis.fr\/blog\/wp-content\/uploads\/2023\/10\/mandrill-958x1024.jpg 958w, https:\/\/lesminis.fr\/blog\/wp-content\/uploads\/2023\/10\/mandrill-768x821.jpg 768w, https:\/\/lesminis.fr\/blog\/wp-content\/uploads\/2023\/10\/mandrill-1437x1536.jpg 1437w, https:\/\/lesminis.fr\/blog\/wp-content\/uploads\/2023\/10\/mandrill-696x744.jpg 696w, https:\/\/lesminis.fr\/blog\/wp-content\/uploads\/2023\/10\/mandrill-1068x1141.jpg 1068w, https:\/\/lesminis.fr\/blog\/wp-content\/uploads\/2023\/10\/mandrill-393x420.jpg 393w, https:\/\/lesminis.fr\/blog\/wp-content\/uploads\/2023\/10\/mandrill.jpg 1600w\" sizes=\"auto, (max-width: 281px) 100vw, 281px\" \/><figcaption id=\"caption-attachment-1895\" class=\"wp-caption-text\">Figurine Mandrill Papo<\/figcaption><\/figure>\n<p>&nbsp;<\/p>\n<figure id=\"attachment_1896\" aria-describedby=\"caption-attachment-1896\" style=\"width: 308px\" class=\"wp-caption aligncenter\"><img loading=\"lazy\" decoding=\"async\" class=\"wp-image-1896 \" src=\"https:\/\/lesminis.fr\/blog\/wp-content\/uploads\/2023\/10\/81uw5rlyv1L._AC_SX425_-150x150.jpg\" alt=\"figurine singe mandrill Pvc jouet r\u00e9aliste\" width=\"308\" height=\"308\" \/><figcaption id=\"caption-attachment-1896\" class=\"wp-caption-text\">Figurine Singe Mandrill Schleich<\/figcaption><\/figure>\n<p>&nbsp;<\/p>\n<p>&nbsp;<\/p>\n<p>On a s\u00e9lectionn\u00e9 la figurine Safari Ltd pour les superbes couleurs qui repr\u00e9sentent l&rsquo;esp\u00e8ce, rappelons qu&rsquo;il s&rsquo;agit du singe le plus color\u00e9 au Monde et c&rsquo;est ce qui retient l&rsquo;attention et qui en fait ses caract\u00e9ristiques.<\/p>\n<p>Safari a repr\u00e9sent\u00e9 un m\u00e2le en position de marche, avec ses couleurs vives et sa queue longue et fine.<\/p>\n<p><a href=\"https:\/\/lesminis.fr\/figurine-singe-mandrill-100273-safari-ltd\/7263-0958660031800.html\"><img loading=\"lazy\" decoding=\"async\" class=\"alignnone\" src=\"https:\/\/lesminis.fr\/11547-thickbox_default\/figurine-singe-mandrill.jpg\" alt=\"Figurine du singe mandrill\" width=\"1100\" height=\"1422\" \/><\/a><\/p>\n<p>On aime beaucoup cette figurine, elle est magnifique et elle nous permet d&rsquo;admirer les particularit\u00e9s de ce singe. On vous recommande de la d\u00e9couvrir si vous \u00eates passionn\u00e9s d&rsquo;animaux. Elle sera parfaite pour d\u00e9couvrir l&rsquo;esp\u00e8ce dans un moment de d\u00e9couverte en accompagnant un reportage ou un livre sur les animaux sauvages.<\/p>\n<blockquote class=\"wp-embedded-content\" data-secret=\"GFriMBOWM4\"><p><a href=\"https:\/\/lesminis.fr\/blog\/decouvrez-le-singe-brachytele-avec-la-figurine-safari-ltd\/\">Le singe brachyt\u00e9le ou singe araign\u00e9e : un primate arboricole en danger<\/a><\/p><\/blockquote>\n<p><iframe loading=\"lazy\" class=\"wp-embedded-content\" sandbox=\"allow-scripts\" security=\"restricted\" style=\"position: absolute; clip: rect(1px, 1px, 1px, 1px);\" title=\"\u00ab\u00a0Le singe brachyt\u00e9le ou singe araign\u00e9e : un primate arboricole en danger\u00a0\u00bb &#8212; LesMinis Le Blog - Mat\u00e9riels \u00e9ducatifs - Figurines p\u00e9dagogiques\" src=\"https:\/\/lesminis.fr\/blog\/decouvrez-le-singe-brachytele-avec-la-figurine-safari-ltd\/embed\/#?secret=7oGrBK03s9#?secret=GFriMBOWM4\" data-secret=\"GFriMBOWM4\" width=\"600\" height=\"338\" frameborder=\"0\" marginwidth=\"0\" marginheight=\"0\" scrolling=\"no\"><\/iframe><\/p>\n<\/section>\n<h2><span class=\"ez-toc-section\" id=\"Conclusion\"><\/span>Conclusion<span class=\"ez-toc-section-end\"><\/span><\/h2>\n<p>Le mandrill est un singe fascinant, qui m\u00e9rite d&rsquo;\u00eatre d\u00e9couvert. Il est \u00e0 la fois beau, intelligent et social. Il est important de prot\u00e9ger cette esp\u00e8ce menac\u00e9e, dont l&rsquo;habitat naturel est d\u00e9truit et qui est victime du braconnage.<\/p>\n<p><a href=\"https:\/\/lesminis.fr\/figurine-singe-mandrill-100273-safari-ltd\/7263-0958660031800.html\">Le singe Mandrill par Safari Ltd \u00e0 d\u00e9couvrir en boutique<\/a><\/p>\n<p><a href=\"https:\/\/lesminis.fr\/722-figurines-singes-et-gorilles-miniature-animaux-sauvages\">Encore plus de figurines de singes \u00e0 collectionner!<\/a><\/p>\n<hr \/>\n<blockquote class=\"wp-embedded-content\" data-secret=\"l9EM0H1kFF\"><p><a href=\"https:\/\/lesminis.fr\/blog\/la-grande-chevre-tadjik-markhor-de-boukharan\/\">La grande ch\u00e8vre tadjik Markhor de Boukharan : un animal surprenant et impressionnant<\/a><\/p><\/blockquote>\n<p><iframe loading=\"lazy\" class=\"wp-embedded-content\" sandbox=\"allow-scripts\" security=\"restricted\" style=\"position: absolute; clip: rect(1px, 1px, 1px, 1px);\" title=\"\u00ab\u00a0La grande ch\u00e8vre tadjik Markhor de Boukharan : un animal surprenant et impressionnant\u00a0\u00bb &#8212; LesMinis Le Blog - Mat\u00e9riels \u00e9ducatifs - Figurines p\u00e9dagogiques\" src=\"https:\/\/lesminis.fr\/blog\/la-grande-chevre-tadjik-markhor-de-boukharan\/embed\/#?secret=Xb1EbnoA9C#?secret=l9EM0H1kFF\" data-secret=\"l9EM0H1kFF\" width=\"600\" height=\"338\" frameborder=\"0\" marginwidth=\"0\" marginheight=\"0\" scrolling=\"no\"><\/iframe><\/p>\n<p><em>Cr\u00e9dit photos Wikip\u00e9dia<\/em><\/p>\n","protected":false},"excerpt":{"rendered":"<p>Le mandrill est un singe fascinant, qui vit en Afrique centrale. Il est connu pour ses couleurs vives, qui lui donnent un aspect unique. Mais ce singe est aussi tr\u00e8s intelligent et social.<\/p>\n","protected":false},"author":1,"featured_media":1902,"comment_status":"open","ping_status":"closed","sticky":false,"template":"","format":"standard","meta":{"_acf_changed":false,"footnotes":""},"categories":[28],"tags":[490,492,491,493,489,495,488,494],"class_list":{"0":"post-1893","1":"post","2":"type-post","3":"status-publish","4":"format-standard","5":"has-post-thumbnail","7":"category-monde-animal-figurines","8":"tag-afrique-centrale","9":"tag-animal-fascinant","10":"tag-couleurs-vives","11":"tag-intelligence","12":"tag-mandrill","13":"tag-menace","14":"tag-singe","15":"tag-social"},"acf":[],"yoast_head":"<!-- This site is optimized with the Yoast SEO Premium plugin v27.1 (Yoast SEO v27.1.1) - https:\/\/yoast.com\/product\/yoast-seo-premium-wordpress\/ -->\n<title>Le mandrill, un singe aux couleurs flamboyantes : d\u00e9couvrez sa vie fascinante !<\/title>\n<meta name=\"description\" content=\"Le mandrill est un singe d&#039;Afrique centrale, connu pour ses couleurs vives. Il est \u00e9galement tr\u00e8s intelligent et social. D\u00e9couvrez cet animal fascinant dans cet article.\" \/>\n<meta name=\"robots\" content=\"index, follow, max-snippet:-1, max-image-preview:large, max-video-preview:-1\" \/>\n<link rel=\"canonical\" href=\"https:\/\/lesminis.fr\/blog\/le-mandrill-un-singe-aux-couleurs-flamboyantes-decouvrez-sa-vie-fascinante\/\" \/>\n<meta property=\"og:locale\" content=\"fr_FR\" \/>\n<meta property=\"og:type\" content=\"article\" \/>\n<meta property=\"og:title\" content=\"Le mandrill, un singe aux couleurs flamboyantes : d\u00e9couvrez sa vie fascinante !\" \/>\n<meta property=\"og:description\" content=\"Le mandrill est un singe d&#039;Afrique centrale, connu pour ses couleurs vives. Il est \u00e9galement tr\u00e8s intelligent et social. D\u00e9couvrez cet animal fascinant dans cet article.\" \/>\n<meta property=\"og:url\" content=\"https:\/\/lesminis.fr\/blog\/le-mandrill-un-singe-aux-couleurs-flamboyantes-decouvrez-sa-vie-fascinante\/\" \/>\n<meta property=\"og:site_name\" content=\"LesMinis Le Blog - Mat\u00e9riels \u00e9ducatifs - Figurines p\u00e9dagogiques\" \/>\n<meta property=\"article:publisher\" content=\"https:\/\/fr-fr.facebook.com\/LesMinis.fr\/\" \/>\n<meta property=\"article:author\" content=\"https:\/\/www.facebook.com\/LesMinis.fr\/\" \/>\n<meta property=\"article:published_time\" content=\"2023-10-15T16:56:20+00:00\" \/>\n<meta property=\"article:modified_time\" content=\"2023-10-16T14:25:38+00:00\" \/>\n<meta property=\"og:image\" content=\"https:\/\/lesminis.fr\/blog\/wp-content\/uploads\/2023\/10\/mandrill-singe.jpg\" \/>\n\t<meta property=\"og:image:width\" content=\"810\" \/>\n\t<meta property=\"og:image:height\" content=\"810\" \/>\n\t<meta property=\"og:image:type\" content=\"image\/jpeg\" \/>\n<meta name=\"author\" content=\"LesMinis\" \/>\n<meta name=\"twitter:label1\" content=\"\u00c9crit par\" \/>\n\t<meta name=\"twitter:data1\" content=\"LesMinis\" \/>\n\t<meta name=\"twitter:label2\" content=\"Dur\u00e9e de lecture estim\u00e9e\" \/>\n\t<meta name=\"twitter:data2\" content=\"5 minutes\" \/>\n<script type=\"application\/ld+json\" class=\"yoast-schema-graph\">{\"@context\":\"https:\/\/schema.org\",\"@graph\":[{\"@type\":[\"Article\",\"BlogPosting\"],\"@id\":\"https:\/\/lesminis.fr\/blog\/le-mandrill-un-singe-aux-couleurs-flamboyantes-decouvrez-sa-vie-fascinante\/#article\",\"isPartOf\":{\"@id\":\"https:\/\/lesminis.fr\/blog\/le-mandrill-un-singe-aux-couleurs-flamboyantes-decouvrez-sa-vie-fascinante\/\"},\"author\":{\"name\":\"LesMinis\",\"@id\":\"https:\/\/lesminis.fr\/blog\/#\/schema\/person\/4a1be8c8c70a7d945af71674957cf83e\"},\"headline\":\"Le mandrill, un singe aux couleurs flamboyantes : d\u00e9couvrez sa vie fascinante !\",\"datePublished\":\"2023-10-15T16:56:20+00:00\",\"dateModified\":\"2023-10-16T14:25:38+00:00\",\"mainEntityOfPage\":{\"@id\":\"https:\/\/lesminis.fr\/blog\/le-mandrill-un-singe-aux-couleurs-flamboyantes-decouvrez-sa-vie-fascinante\/\"},\"wordCount\":705,\"commentCount\":0,\"publisher\":{\"@id\":\"https:\/\/lesminis.fr\/blog\/#organization\"},\"image\":{\"@id\":\"https:\/\/lesminis.fr\/blog\/le-mandrill-un-singe-aux-couleurs-flamboyantes-decouvrez-sa-vie-fascinante\/#primaryimage\"},\"thumbnailUrl\":\"https:\/\/lesminis.fr\/blog\/wp-content\/uploads\/2023\/10\/mandrill-singe.jpg\",\"keywords\":[\"Afrique centrale\",\"animal fascinant\",\"couleurs vives\",\"intelligence\",\"mandrill\",\"menac\u00e9\",\"singe\",\"social\"],\"articleSection\":[\"Zoodex \u2014 Explorer le monde animal\"],\"inLanguage\":\"fr-FR\",\"potentialAction\":[{\"@type\":\"CommentAction\",\"name\":\"Comment\",\"target\":[\"https:\/\/lesminis.fr\/blog\/le-mandrill-un-singe-aux-couleurs-flamboyantes-decouvrez-sa-vie-fascinante\/#respond\"]}]},{\"@type\":\"WebPage\",\"@id\":\"https:\/\/lesminis.fr\/blog\/le-mandrill-un-singe-aux-couleurs-flamboyantes-decouvrez-sa-vie-fascinante\/\",\"url\":\"https:\/\/lesminis.fr\/blog\/le-mandrill-un-singe-aux-couleurs-flamboyantes-decouvrez-sa-vie-fascinante\/\",\"name\":\"Le mandrill, un singe aux couleurs flamboyantes : d\u00e9couvrez sa vie fascinante !\",\"isPartOf\":{\"@id\":\"https:\/\/lesminis.fr\/blog\/#website\"},\"primaryImageOfPage\":{\"@id\":\"https:\/\/lesminis.fr\/blog\/le-mandrill-un-singe-aux-couleurs-flamboyantes-decouvrez-sa-vie-fascinante\/#primaryimage\"},\"image\":{\"@id\":\"https:\/\/lesminis.fr\/blog\/le-mandrill-un-singe-aux-couleurs-flamboyantes-decouvrez-sa-vie-fascinante\/#primaryimage\"},\"thumbnailUrl\":\"https:\/\/lesminis.fr\/blog\/wp-content\/uploads\/2023\/10\/mandrill-singe.jpg\",\"datePublished\":\"2023-10-15T16:56:20+00:00\",\"dateModified\":\"2023-10-16T14:25:38+00:00\",\"description\":\"Le mandrill est un singe d'Afrique centrale, connu pour ses couleurs vives. Il est \u00e9galement tr\u00e8s intelligent et social. D\u00e9couvrez cet animal fascinant dans cet article.\",\"breadcrumb\":{\"@id\":\"https:\/\/lesminis.fr\/blog\/le-mandrill-un-singe-aux-couleurs-flamboyantes-decouvrez-sa-vie-fascinante\/#breadcrumb\"},\"inLanguage\":\"fr-FR\",\"potentialAction\":[{\"@type\":\"ReadAction\",\"target\":[\"https:\/\/lesminis.fr\/blog\/le-mandrill-un-singe-aux-couleurs-flamboyantes-decouvrez-sa-vie-fascinante\/\"]}]},{\"@type\":\"ImageObject\",\"inLanguage\":\"fr-FR\",\"@id\":\"https:\/\/lesminis.fr\/blog\/le-mandrill-un-singe-aux-couleurs-flamboyantes-decouvrez-sa-vie-fascinante\/#primaryimage\",\"url\":\"https:\/\/lesminis.fr\/blog\/wp-content\/uploads\/2023\/10\/mandrill-singe.jpg\",\"contentUrl\":\"https:\/\/lesminis.fr\/blog\/wp-content\/uploads\/2023\/10\/mandrill-singe.jpg\",\"width\":810,\"height\":810,\"caption\":\"Singe Mandrill tout savoir\"},{\"@type\":\"BreadcrumbList\",\"@id\":\"https:\/\/lesminis.fr\/blog\/le-mandrill-un-singe-aux-couleurs-flamboyantes-decouvrez-sa-vie-fascinante\/#breadcrumb\",\"itemListElement\":[{\"@type\":\"ListItem\",\"position\":1,\"name\":\"Accueil\",\"item\":\"https:\/\/lesminis.fr\/blog\/\"},{\"@type\":\"ListItem\",\"position\":2,\"name\":\"Le mandrill, un singe aux couleurs flamboyantes : d\u00e9couvrez sa vie fascinante !\"}]},{\"@type\":\"WebSite\",\"@id\":\"https:\/\/lesminis.fr\/blog\/#website\",\"url\":\"https:\/\/lesminis.fr\/blog\/\",\"name\":\"LesMinis Le Blog - Mat\u00e9riels \u00e9ducatifs - Figurines p\u00e9dagogiques\",\"description\":\"D\u00e9couvrez notre actualit\u00e9, figurines, mat\u00e9riel \u00e9ducatif, activit\u00e9s Montessori\",\"publisher\":{\"@id\":\"https:\/\/lesminis.fr\/blog\/#organization\"},\"potentialAction\":[{\"@type\":\"SearchAction\",\"target\":{\"@type\":\"EntryPoint\",\"urlTemplate\":\"https:\/\/lesminis.fr\/blog\/?s={search_term_string}\"},\"query-input\":{\"@type\":\"PropertyValueSpecification\",\"valueRequired\":true,\"valueName\":\"search_term_string\"}}],\"inLanguage\":\"fr-FR\"},{\"@type\":\"Organization\",\"@id\":\"https:\/\/lesminis.fr\/blog\/#organization\",\"name\":\"LesMinis - Sp\u00e9cialiste mat\u00e9riel p\u00e9dagogiques - Figurines \u00e9ducatives - Mat\u00e9riel Montessori\",\"url\":\"https:\/\/lesminis.fr\/blog\/\",\"logo\":{\"@type\":\"ImageObject\",\"inLanguage\":\"fr-FR\",\"@id\":\"https:\/\/lesminis.fr\/blog\/#\/schema\/logo\/image\/\",\"url\":\"https:\/\/lesminis.fr\/blog\/wp-content\/uploads\/2023\/03\/nouveau-logo-lesminis.png\",\"contentUrl\":\"https:\/\/lesminis.fr\/blog\/wp-content\/uploads\/2023\/03\/nouveau-logo-lesminis.png\",\"width\":500,\"height\":175,\"caption\":\"LesMinis - Sp\u00e9cialiste mat\u00e9riel p\u00e9dagogiques - Figurines \u00e9ducatives - Mat\u00e9riel Montessori\"},\"image\":{\"@id\":\"https:\/\/lesminis.fr\/blog\/#\/schema\/logo\/image\/\"},\"sameAs\":[\"https:\/\/fr-fr.facebook.com\/LesMinis.fr\/\",\"https:\/\/www.instagram.com\/lesminis.fr\/\",\"https:\/\/www.tiktok.com\/@lesminis.fr\",\"https:\/\/www.pinterest.fr\/lesminisfr\/\"]},{\"@type\":\"Person\",\"@id\":\"https:\/\/lesminis.fr\/blog\/#\/schema\/person\/4a1be8c8c70a7d945af71674957cf83e\",\"name\":\"LesMinis\",\"image\":{\"@type\":\"ImageObject\",\"inLanguage\":\"fr-FR\",\"@id\":\"https:\/\/lesminis.fr\/blog\/#\/schema\/person\/image\/\",\"url\":\"https:\/\/secure.gravatar.com\/avatar\/288cd93d352b3465f2bd0701b1f2bb059b68dc3a70c4fda061bad8e6c9f8d865?s=96&d=blank&r=g\",\"contentUrl\":\"https:\/\/secure.gravatar.com\/avatar\/288cd93d352b3465f2bd0701b1f2bb059b68dc3a70c4fda061bad8e6c9f8d865?s=96&d=blank&r=g\",\"caption\":\"LesMinis\"},\"sameAs\":[\"https:\/\/lesminis.fr\/blog\",\"https:\/\/www.facebook.com\/LesMinis.fr\/\",\"https:\/\/www.instagram.com\/lesminis.fr\/\",\"https:\/\/www.pinterest.fr\/lesminisfr\/\"],\"url\":\"https:\/\/lesminis.fr\/blog\/author\/lesminis\/\"}]}<\/script>\n<!-- \/ Yoast SEO Premium plugin. -->","yoast_head_json":{"title":"Le mandrill, un singe aux couleurs flamboyantes : d\u00e9couvrez sa vie fascinante !","description":"Le mandrill est un singe d'Afrique centrale, connu pour ses couleurs vives. Il est \u00e9galement tr\u00e8s intelligent et social. D\u00e9couvrez cet animal fascinant dans cet article.","robots":{"index":"index","follow":"follow","max-snippet":"max-snippet:-1","max-image-preview":"max-image-preview:large","max-video-preview":"max-video-preview:-1"},"canonical":"https:\/\/lesminis.fr\/blog\/le-mandrill-un-singe-aux-couleurs-flamboyantes-decouvrez-sa-vie-fascinante\/","og_locale":"fr_FR","og_type":"article","og_title":"Le mandrill, un singe aux couleurs flamboyantes : d\u00e9couvrez sa vie fascinante !","og_description":"Le mandrill est un singe d'Afrique centrale, connu pour ses couleurs vives. Il est \u00e9galement tr\u00e8s intelligent et social. D\u00e9couvrez cet animal fascinant dans cet article.","og_url":"https:\/\/lesminis.fr\/blog\/le-mandrill-un-singe-aux-couleurs-flamboyantes-decouvrez-sa-vie-fascinante\/","og_site_name":"LesMinis Le Blog - Mat\u00e9riels \u00e9ducatifs - Figurines p\u00e9dagogiques","article_publisher":"https:\/\/fr-fr.facebook.com\/LesMinis.fr\/","article_author":"https:\/\/www.facebook.com\/LesMinis.fr\/","article_published_time":"2023-10-15T16:56:20+00:00","article_modified_time":"2023-10-16T14:25:38+00:00","og_image":[{"width":810,"height":810,"url":"https:\/\/lesminis.fr\/blog\/wp-content\/uploads\/2023\/10\/mandrill-singe.jpg","type":"image\/jpeg"}],"author":"LesMinis","twitter_misc":{"\u00c9crit par":"LesMinis","Dur\u00e9e de lecture estim\u00e9e":"5 minutes"},"schema":{"@context":"https:\/\/schema.org","@graph":[{"@type":["Article","BlogPosting"],"@id":"https:\/\/lesminis.fr\/blog\/le-mandrill-un-singe-aux-couleurs-flamboyantes-decouvrez-sa-vie-fascinante\/#article","isPartOf":{"@id":"https:\/\/lesminis.fr\/blog\/le-mandrill-un-singe-aux-couleurs-flamboyantes-decouvrez-sa-vie-fascinante\/"},"author":{"name":"LesMinis","@id":"https:\/\/lesminis.fr\/blog\/#\/schema\/person\/4a1be8c8c70a7d945af71674957cf83e"},"headline":"Le mandrill, un singe aux couleurs flamboyantes : d\u00e9couvrez sa vie fascinante !","datePublished":"2023-10-15T16:56:20+00:00","dateModified":"2023-10-16T14:25:38+00:00","mainEntityOfPage":{"@id":"https:\/\/lesminis.fr\/blog\/le-mandrill-un-singe-aux-couleurs-flamboyantes-decouvrez-sa-vie-fascinante\/"},"wordCount":705,"commentCount":0,"publisher":{"@id":"https:\/\/lesminis.fr\/blog\/#organization"},"image":{"@id":"https:\/\/lesminis.fr\/blog\/le-mandrill-un-singe-aux-couleurs-flamboyantes-decouvrez-sa-vie-fascinante\/#primaryimage"},"thumbnailUrl":"https:\/\/lesminis.fr\/blog\/wp-content\/uploads\/2023\/10\/mandrill-singe.jpg","keywords":["Afrique centrale","animal fascinant","couleurs vives","intelligence","mandrill","menac\u00e9","singe","social"],"articleSection":["Zoodex \u2014 Explorer le monde animal"],"inLanguage":"fr-FR","potentialAction":[{"@type":"CommentAction","name":"Comment","target":["https:\/\/lesminis.fr\/blog\/le-mandrill-un-singe-aux-couleurs-flamboyantes-decouvrez-sa-vie-fascinante\/#respond"]}]},{"@type":"WebPage","@id":"https:\/\/lesminis.fr\/blog\/le-mandrill-un-singe-aux-couleurs-flamboyantes-decouvrez-sa-vie-fascinante\/","url":"https:\/\/lesminis.fr\/blog\/le-mandrill-un-singe-aux-couleurs-flamboyantes-decouvrez-sa-vie-fascinante\/","name":"Le mandrill, un singe aux couleurs flamboyantes : d\u00e9couvrez sa vie fascinante !","isPartOf":{"@id":"https:\/\/lesminis.fr\/blog\/#website"},"primaryImageOfPage":{"@id":"https:\/\/lesminis.fr\/blog\/le-mandrill-un-singe-aux-couleurs-flamboyantes-decouvrez-sa-vie-fascinante\/#primaryimage"},"image":{"@id":"https:\/\/lesminis.fr\/blog\/le-mandrill-un-singe-aux-couleurs-flamboyantes-decouvrez-sa-vie-fascinante\/#primaryimage"},"thumbnailUrl":"https:\/\/lesminis.fr\/blog\/wp-content\/uploads\/2023\/10\/mandrill-singe.jpg","datePublished":"2023-10-15T16:56:20+00:00","dateModified":"2023-10-16T14:25:38+00:00","description":"Le mandrill est un singe d'Afrique centrale, connu pour ses couleurs vives. Il est \u00e9galement tr\u00e8s intelligent et social. D\u00e9couvrez cet animal fascinant dans cet article.","breadcrumb":{"@id":"https:\/\/lesminis.fr\/blog\/le-mandrill-un-singe-aux-couleurs-flamboyantes-decouvrez-sa-vie-fascinante\/#breadcrumb"},"inLanguage":"fr-FR","potentialAction":[{"@type":"ReadAction","target":["https:\/\/lesminis.fr\/blog\/le-mandrill-un-singe-aux-couleurs-flamboyantes-decouvrez-sa-vie-fascinante\/"]}]},{"@type":"ImageObject","inLanguage":"fr-FR","@id":"https:\/\/lesminis.fr\/blog\/le-mandrill-un-singe-aux-couleurs-flamboyantes-decouvrez-sa-vie-fascinante\/#primaryimage","url":"https:\/\/lesminis.fr\/blog\/wp-content\/uploads\/2023\/10\/mandrill-singe.jpg","contentUrl":"https:\/\/lesminis.fr\/blog\/wp-content\/uploads\/2023\/10\/mandrill-singe.jpg","width":810,"height":810,"caption":"Singe Mandrill tout savoir"},{"@type":"BreadcrumbList","@id":"https:\/\/lesminis.fr\/blog\/le-mandrill-un-singe-aux-couleurs-flamboyantes-decouvrez-sa-vie-fascinante\/#breadcrumb","itemListElement":[{"@type":"ListItem","position":1,"name":"Accueil","item":"https:\/\/lesminis.fr\/blog\/"},{"@type":"ListItem","position":2,"name":"Le mandrill, un singe aux couleurs flamboyantes : d\u00e9couvrez sa vie fascinante !"}]},{"@type":"WebSite","@id":"https:\/\/lesminis.fr\/blog\/#website","url":"https:\/\/lesminis.fr\/blog\/","name":"LesMinis Le Blog - Mat\u00e9riels \u00e9ducatifs - Figurines p\u00e9dagogiques","description":"D\u00e9couvrez notre actualit\u00e9, figurines, mat\u00e9riel \u00e9ducatif, activit\u00e9s Montessori","publisher":{"@id":"https:\/\/lesminis.fr\/blog\/#organization"},"potentialAction":[{"@type":"SearchAction","target":{"@type":"EntryPoint","urlTemplate":"https:\/\/lesminis.fr\/blog\/?s={search_term_string}"},"query-input":{"@type":"PropertyValueSpecification","valueRequired":true,"valueName":"search_term_string"}}],"inLanguage":"fr-FR"},{"@type":"Organization","@id":"https:\/\/lesminis.fr\/blog\/#organization","name":"LesMinis - Sp\u00e9cialiste mat\u00e9riel p\u00e9dagogiques - Figurines \u00e9ducatives - Mat\u00e9riel Montessori","url":"https:\/\/lesminis.fr\/blog\/","logo":{"@type":"ImageObject","inLanguage":"fr-FR","@id":"https:\/\/lesminis.fr\/blog\/#\/schema\/logo\/image\/","url":"https:\/\/lesminis.fr\/blog\/wp-content\/uploads\/2023\/03\/nouveau-logo-lesminis.png","contentUrl":"https:\/\/lesminis.fr\/blog\/wp-content\/uploads\/2023\/03\/nouveau-logo-lesminis.png","width":500,"height":175,"caption":"LesMinis - Sp\u00e9cialiste mat\u00e9riel p\u00e9dagogiques - Figurines \u00e9ducatives - Mat\u00e9riel Montessori"},"image":{"@id":"https:\/\/lesminis.fr\/blog\/#\/schema\/logo\/image\/"},"sameAs":["https:\/\/fr-fr.facebook.com\/LesMinis.fr\/","https:\/\/www.instagram.com\/lesminis.fr\/","https:\/\/www.tiktok.com\/@lesminis.fr","https:\/\/www.pinterest.fr\/lesminisfr\/"]},{"@type":"Person","@id":"https:\/\/lesminis.fr\/blog\/#\/schema\/person\/4a1be8c8c70a7d945af71674957cf83e","name":"LesMinis","image":{"@type":"ImageObject","inLanguage":"fr-FR","@id":"https:\/\/lesminis.fr\/blog\/#\/schema\/person\/image\/","url":"https:\/\/secure.gravatar.com\/avatar\/288cd93d352b3465f2bd0701b1f2bb059b68dc3a70c4fda061bad8e6c9f8d865?s=96&d=blank&r=g","contentUrl":"https:\/\/secure.gravatar.com\/avatar\/288cd93d352b3465f2bd0701b1f2bb059b68dc3a70c4fda061bad8e6c9f8d865?s=96&d=blank&r=g","caption":"LesMinis"},"sameAs":["https:\/\/lesminis.fr\/blog","https:\/\/www.facebook.com\/LesMinis.fr\/","https:\/\/www.instagram.com\/lesminis.fr\/","https:\/\/www.pinterest.fr\/lesminisfr\/"],"url":"https:\/\/lesminis.fr\/blog\/author\/lesminis\/"}]}},"_links":{"self":[{"href":"https:\/\/lesminis.fr\/blog\/wp-json\/wp\/v2\/posts\/1893","targetHints":{"allow":["GET"]}}],"collection":[{"href":"https:\/\/lesminis.fr\/blog\/wp-json\/wp\/v2\/posts"}],"about":[{"href":"https:\/\/lesminis.fr\/blog\/wp-json\/wp\/v2\/types\/post"}],"author":[{"embeddable":true,"href":"https:\/\/lesminis.fr\/blog\/wp-json\/wp\/v2\/users\/1"}],"replies":[{"embeddable":true,"href":"https:\/\/lesminis.fr\/blog\/wp-json\/wp\/v2\/comments?post=1893"}],"version-history":[{"count":5,"href":"https:\/\/lesminis.fr\/blog\/wp-json\/wp\/v2\/posts\/1893\/revisions"}],"predecessor-version":[{"id":1918,"href":"https:\/\/lesminis.fr\/blog\/wp-json\/wp\/v2\/posts\/1893\/revisions\/1918"}],"wp:featuredmedia":[{"embeddable":true,"href":"https:\/\/lesminis.fr\/blog\/wp-json\/wp\/v2\/media\/1902"}],"wp:attachment":[{"href":"https:\/\/lesminis.fr\/blog\/wp-json\/wp\/v2\/media?parent=1893"}],"wp:term":[{"taxonomy":"category","embeddable":true,"href":"https:\/\/lesminis.fr\/blog\/wp-json\/wp\/v2\/categories?post=1893"},{"taxonomy":"post_tag","embeddable":true,"href":"https:\/\/lesminis.fr\/blog\/wp-json\/wp\/v2\/tags?post=1893"}],"curies":[{"name":"wp","href":"https:\/\/api.w.org\/{rel}","templated":true}]}}