{"id":1853,"date":"2023-10-15T07:35:31","date_gmt":"2023-10-15T05:35:31","guid":{"rendered":"https:\/\/lesminis.fr\/blog\/?p=1853"},"modified":"2023-10-14T11:37:48","modified_gmt":"2023-10-14T09:37:48","slug":"pedagogie-montessori-discipline-interieure-liberte-responsable","status":"publish","type":"post","link":"https:\/\/lesminis.fr\/blog\/pedagogie-montessori-discipline-interieure-liberte-responsable\/","title":{"rendered":"P\u00e9dagogie Montessori : discipline int\u00e9rieure et libert\u00e9 responsable"},"content":{"rendered":"<p>La discipline est la capacit\u00e9 de se contr\u00f4ler et de faire des choix qui sont bons pour soi et pour les autres. La libert\u00e9 est la possibilit\u00e9 de faire ce que l\u2019on veut, tant que cela ne fait pas de mal \u00e0 personne. Dans la p\u00e9dagogie Montessori, la discipline et la libert\u00e9 ne sont pas deux concepts oppos\u00e9s, mais deux aspects d\u2019un m\u00eame processus. L\u2019objectif est d\u2019aider les enfants \u00e0 d\u00e9velopper leur propre discipline int\u00e9rieure, qui est la capacit\u00e9 de se contr\u00f4ler et de faire des choix responsables.<\/p>\n<div id=\"ez-toc-container\" class=\"ez-toc-v2_0_78 counter-hierarchy ez-toc-counter ez-toc-grey ez-toc-container-direction\">\n<div class=\"ez-toc-title-container\">\n<p class=\"ez-toc-title\" style=\"cursor:inherit\">Table of Contents<\/p>\n<span class=\"ez-toc-title-toggle\"><a href=\"#\" class=\"ez-toc-pull-right ez-toc-btn ez-toc-btn-xs ez-toc-btn-default ez-toc-toggle\" aria-label=\"Toggle Table of Content\"><span class=\"ez-toc-js-icon-con\"><span class=\"\"><span class=\"eztoc-hide\" style=\"display:none;\">Toggle<\/span><span class=\"ez-toc-icon-toggle-span\"><svg style=\"fill: #999;color:#999\" xmlns=\"http:\/\/www.w3.org\/2000\/svg\" class=\"list-377408\" width=\"20px\" height=\"20px\" viewBox=\"0 0 24 24\" fill=\"none\"><path d=\"M6 6H4v2h2V6zm14 0H8v2h12V6zM4 11h2v2H4v-2zm16 0H8v2h12v-2zM4 16h2v2H4v-2zm16 0H8v2h12v-2z\" fill=\"currentColor\"><\/path><\/svg><svg style=\"fill: #999;color:#999\" class=\"arrow-unsorted-368013\" xmlns=\"http:\/\/www.w3.org\/2000\/svg\" width=\"10px\" height=\"10px\" viewBox=\"0 0 24 24\" version=\"1.2\" baseProfile=\"tiny\"><path d=\"M18.2 9.3l-6.2-6.3-6.2 6.3c-.2.2-.3.4-.3.7s.1.5.3.7c.2.2.4.3.7.3h11c.3 0 .5-.1.7-.3.2-.2.3-.5.3-.7s-.1-.5-.3-.7zM5.8 14.7l6.2 6.3 6.2-6.3c.2-.2.3-.5.3-.7s-.1-.5-.3-.7c-.2-.2-.4-.3-.7-.3h-11c-.3 0-.5.1-.7.3-.2.2-.3.5-.3.7s.1.5.3.7z\"\/><\/svg><\/span><\/span><\/span><\/a><\/span><\/div>\n<nav><ul class='ez-toc-list ez-toc-list-level-1 ' ><li class='ez-toc-page-1 ez-toc-heading-level-2'><a class=\"ez-toc-link ez-toc-heading-1\" href=\"https:\/\/lesminis.fr\/blog\/pedagogie-montessori-discipline-interieure-liberte-responsable\/#Lenfant_au_stade_du_chaos\" >L\u2019enfant au stade du chaos<\/a><\/li><li class='ez-toc-page-1 ez-toc-heading-level-2'><a class=\"ez-toc-link ez-toc-heading-2\" href=\"https:\/\/lesminis.fr\/blog\/pedagogie-montessori-discipline-interieure-liberte-responsable\/#Le_reveil_de_lenfant\" >Le r\u00e9veil de l\u2019enfant<\/a><\/li><li class='ez-toc-page-1 ez-toc-heading-level-2'><a class=\"ez-toc-link ez-toc-heading-3\" href=\"https:\/\/lesminis.fr\/blog\/pedagogie-montessori-discipline-interieure-liberte-responsable\/#Lordre_apparent\" >L\u2019ordre apparent<\/a><\/li><li class='ez-toc-page-1 ez-toc-heading-level-2'><a class=\"ez-toc-link ez-toc-heading-4\" href=\"https:\/\/lesminis.fr\/blog\/pedagogie-montessori-discipline-interieure-liberte-responsable\/#La_discipline_interieure\" >La discipline int\u00e9rieure<\/a><\/li><li class='ez-toc-page-1 ez-toc-heading-level-2'><a class=\"ez-toc-link ez-toc-heading-5\" href=\"https:\/\/lesminis.fr\/blog\/pedagogie-montessori-discipline-interieure-liberte-responsable\/#Exemples_dapplication_de_la_discipline_Montessori\" >Exemples d\u2019application de la discipline Montessori<\/a><\/li><li class='ez-toc-page-1 ez-toc-heading-level-2'><a class=\"ez-toc-link ez-toc-heading-6\" href=\"https:\/\/lesminis.fr\/blog\/pedagogie-montessori-discipline-interieure-liberte-responsable\/#Explications_supplementaires\" >Explications suppl\u00e9mentaires<\/a><\/li><li class='ez-toc-page-1 ez-toc-heading-level-2'><a class=\"ez-toc-link ez-toc-heading-7\" href=\"https:\/\/lesminis.fr\/blog\/pedagogie-montessori-discipline-interieure-liberte-responsable\/#Conclusion\" >Conclusion<\/a><\/li><\/ul><\/nav><\/div>\n<h2><span class=\"ez-toc-section\" id=\"Lenfant_au_stade_du_chaos\"><\/span>L\u2019enfant au stade du chaos<span class=\"ez-toc-section-end\"><\/span><\/h2>\n<p>Au d\u00e9but de la vie, les enfants sont dans un \u00e9tat de chaos. Leurs mouvements sont d\u00e9sordonn\u00e9s, leur attention est volatile, et ils ont tendance \u00e0 imiter ce qu\u2019ils voient. C\u2019est une p\u00e9riode naturelle de d\u00e9veloppement, mais elle peut \u00eatre difficile \u00e0 g\u00e9rer pour les parents et les enseignants.<\/p>\n<h2><span class=\"ez-toc-section\" id=\"Le_reveil_de_lenfant\"><\/span>Le r\u00e9veil de l\u2019enfant<span class=\"ez-toc-section-end\"><\/span><\/h2>\n<p>Vers l\u2019\u00e2ge de 3 ans, les enfants commencent \u00e0 sortir du chaos. Ils commencent \u00e0 d\u00e9velopper une attention plus soutenue, et ils sont plus capables de contr\u00f4ler leurs mouvements. C\u2019est le moment o\u00f9 la discipline Montessori peut commencer \u00e0 \u00eatre mise en \u0153uvre.<\/p>\n<h2><span class=\"ez-toc-section\" id=\"Lordre_apparent\"><\/span>L\u2019ordre apparent<span class=\"ez-toc-section-end\"><\/span><\/h2>\n<p>La discipline Montessori se fonde sur la conviction que les enfants ont besoin de libert\u00e9 pour apprendre et se d\u00e9velopper. Les enfants sont libres de choisir leurs activit\u00e9s et de travailler \u00e0 leur propre rythme. Ils sont \u00e9galement encourag\u00e9s \u00e0 r\u00e9soudre les conflits pacifiquement et \u00e0 respecter eux-m\u00eames, les autres et l\u2019environnement.<\/p>\n<h2><span class=\"ez-toc-section\" id=\"La_discipline_interieure\"><\/span>La discipline int\u00e9rieure<span class=\"ez-toc-section-end\"><\/span><\/h2>\n<p>Lorsque les enfants sont libres de faire des choix et d\u2019apprendre de leurs erreurs, ils commencent \u00e0 d\u00e9velopper leur propre discipline int\u00e9rieure. Ils apprennent \u00e0 prendre la responsabilit\u00e9 de leurs actions et \u00e0 faire des choix qui sont bons pour eux.<\/p>\n<h2><span class=\"ez-toc-section\" id=\"Exemples_dapplication_de_la_discipline_Montessori\"><\/span>Exemples d\u2019application de la discipline Montessori<span class=\"ez-toc-section-end\"><\/span><\/h2>\n<p>Voici quelques exemples d\u2019application de la discipline Montessori :<\/p>\n<ul>\n<li>Un enfant veut jouer avec un jouet qui est d\u00e9j\u00e0 utilis\u00e9 par un autre enfant. L\u2019enseignant peut sugg\u00e9rer \u00e0 l\u2019enfant d\u2019attendre son tour ou de trouver un autre jouet \u00e0 utiliser.<\/li>\n<li>Un enfant se dispute avec un autre enfant. L\u2019enseignant peut aider les enfants \u00e0 trouver un moyen de r\u00e9soudre leur conflit pacifiquement.<\/li>\n<li>Un enfant ne respecte pas les r\u00e8gles de la classe. L\u2019enseignant peut expliquer \u00e0 l\u2019enfant la raison des r\u00e8gles et lui donner l\u2019occasion de se racheter.<\/li>\n<\/ul>\n<blockquote class=\"wp-embedded-content\" data-secret=\"xWz2DhEG2r\"><p><a href=\"https:\/\/lesminis.fr\/blog\/philosophie-montessori-approche-holistique\/\">La philosophie Montessori : Une approche holistique<\/a><\/p><\/blockquote>\n<p><iframe loading=\"lazy\" class=\"wp-embedded-content\" sandbox=\"allow-scripts\" security=\"restricted\" style=\"position: absolute; clip: rect(1px, 1px, 1px, 1px);\" title=\"\u00ab\u00a0La philosophie Montessori : Une approche holistique\u00a0\u00bb &#8212; LesMinis Le Blog - Mat\u00e9riels \u00e9ducatifs - Figurines p\u00e9dagogiques\" src=\"https:\/\/lesminis.fr\/blog\/philosophie-montessori-approche-holistique\/embed\/#?secret=wdjcSyY4x9#?secret=xWz2DhEG2r\" data-secret=\"xWz2DhEG2r\" width=\"600\" height=\"338\" frameborder=\"0\" marginwidth=\"0\" marginheight=\"0\" scrolling=\"no\"><\/iframe><\/p>\n<h2><span class=\"ez-toc-section\" id=\"Explications_supplementaires\"><\/span>Explications suppl\u00e9mentaires<span class=\"ez-toc-section-end\"><\/span><\/h2>\n<p>La recherche neuroscientifique a montr\u00e9 que les enfants apprennent mieux lorsqu\u2019ils sont libres de faire des choix et d\u2019explorer leur environnement. Lorsque les enfants sont contraints ou punis, ils sont plus susceptibles de se sentir stress\u00e9s et de se retirer de l\u2019apprentissage.<\/p>\n<h2><span class=\"ez-toc-section\" id=\"Conclusion\"><\/span>Conclusion<span class=\"ez-toc-section-end\"><\/span><\/h2>\n<p>L\u2019observation est une comp\u00e9tence essentielle pour les parents et les enseignants. En observant attentivement les enfants, on peut apprendre \u00e0 les conna\u00eetre et \u00e0 les soutenir dans leur d\u00e9veloppement. En prenant le temps d\u2019analyser nos observations, on peut tirer des conclusions utiles qui nous aideront \u00e0 adapter notre approche parentale ou p\u00e9dagogique.<\/p>\n<blockquote class=\"wp-embedded-content\" data-secret=\"96t0iRCDq7\"><p><a href=\"https:\/\/lesminis.fr\/blog\/le-materiel-montessori-une-cle-pour-lautonomie-des-eleves\/\">Le mat\u00e9riel Montessori, une cl\u00e9 pour l&rsquo;autonomie des \u00e9l\u00e8ves<\/a><\/p><\/blockquote>\n<p><iframe loading=\"lazy\" class=\"wp-embedded-content\" sandbox=\"allow-scripts\" security=\"restricted\" style=\"position: absolute; clip: rect(1px, 1px, 1px, 1px);\" title=\"\u00ab\u00a0Le mat\u00e9riel Montessori, une cl\u00e9 pour l&rsquo;autonomie des \u00e9l\u00e8ves\u00a0\u00bb &#8212; LesMinis Le Blog - Mat\u00e9riels \u00e9ducatifs - Figurines p\u00e9dagogiques\" src=\"https:\/\/lesminis.fr\/blog\/le-materiel-montessori-une-cle-pour-lautonomie-des-eleves\/embed\/#?secret=aKmuoua186#?secret=96t0iRCDq7\" data-secret=\"96t0iRCDq7\" width=\"600\" height=\"338\" frameborder=\"0\" marginwidth=\"0\" marginheight=\"0\" scrolling=\"no\"><\/iframe><\/p>\n","protected":false},"excerpt":{"rendered":"<p>La discipline et la libert\u00e9 sont deux notions essentielles dans la p\u00e9dagogie Montessori. Elles permettent aux enfants de d\u00e9velopper leur propre discipline int\u00e9rieure, qui est la capacit\u00e9 de se contr\u00f4ler et de faire des choix responsables. Elles leur permettent aussi de b\u00e9n\u00e9ficier d\u2019une libert\u00e9 responsable, qui est la possibilit\u00e9 de faire ce qu\u2019ils veulent, tant que cela ne fait pas de mal \u00e0 personne.<\/p>\n","protected":false},"author":1,"featured_media":1861,"comment_status":"open","ping_status":"closed","sticky":false,"template":"","format":"standard","meta":{"_acf_changed":false,"footnotes":""},"categories":[105],"tags":[477,129,86,478,58],"class_list":{"0":"post-1853","1":"post","2":"type-post","3":"status-publish","4":"format-standard","5":"has-post-thumbnail","7":"category-minispedago-predagogie-montessori-activites-developpement","8":"tag-discipline","9":"tag-education","10":"tag-enfant","11":"tag-liberte","12":"tag-pedagogie-montessori"},"acf":[],"yoast_head":"<!-- This site is optimized with the Yoast SEO Premium plugin v27.1 (Yoast SEO v27.1.1) - https:\/\/yoast.com\/product\/yoast-seo-premium-wordpress\/ -->\n<title>P\u00e9dagogie Montessori : discipline int\u00e9rieure et libert\u00e9 responsable<\/title>\n<meta name=\"description\" content=\"La p\u00e9dagogie Montessori repose sur le respect de la libert\u00e9 et du rythme des enfants, qui leur permet de construire leur discipline int\u00e9rieure. Apprenez comment mettre en pratique cette m\u00e9thode \u00e9ducative.\" \/>\n<meta name=\"robots\" content=\"index, follow, max-snippet:-1, max-image-preview:large, max-video-preview:-1\" \/>\n<link rel=\"canonical\" href=\"https:\/\/lesminis.fr\/blog\/pedagogie-montessori-discipline-interieure-liberte-responsable\/\" \/>\n<meta property=\"og:locale\" content=\"fr_FR\" \/>\n<meta property=\"og:type\" content=\"article\" \/>\n<meta property=\"og:title\" content=\"P\u00e9dagogie Montessori : discipline int\u00e9rieure et libert\u00e9 responsable\" \/>\n<meta property=\"og:description\" content=\"La p\u00e9dagogie Montessori repose sur le respect de la libert\u00e9 et du rythme des enfants, qui leur permet de construire leur discipline int\u00e9rieure. Apprenez comment mettre en pratique cette m\u00e9thode \u00e9ducative.\" \/>\n<meta property=\"og:url\" content=\"https:\/\/lesminis.fr\/blog\/pedagogie-montessori-discipline-interieure-liberte-responsable\/\" \/>\n<meta property=\"og:site_name\" content=\"LesMinis Le Blog - Mat\u00e9riels \u00e9ducatifs - Figurines p\u00e9dagogiques\" \/>\n<meta property=\"article:publisher\" content=\"https:\/\/fr-fr.facebook.com\/LesMinis.fr\/\" \/>\n<meta property=\"article:author\" content=\"https:\/\/www.facebook.com\/LesMinis.fr\/\" \/>\n<meta property=\"article:published_time\" content=\"2023-10-15T05:35:31+00:00\" \/>\n<meta property=\"og:image\" content=\"https:\/\/lesminis.fr\/blog\/wp-content\/uploads\/2023\/10\/montessori-pedagogie-education-bienveillante-discipline-liberte-respect-1.jpg\" \/>\n\t<meta property=\"og:image:width\" content=\"1024\" \/>\n\t<meta property=\"og:image:height\" content=\"1024\" \/>\n\t<meta property=\"og:image:type\" content=\"image\/jpeg\" \/>\n<meta name=\"author\" content=\"LesMinis\" \/>\n<meta name=\"twitter:label1\" content=\"\u00c9crit par\" \/>\n\t<meta name=\"twitter:data1\" content=\"LesMinis\" \/>\n\t<meta name=\"twitter:label2\" content=\"Dur\u00e9e de lecture estim\u00e9e\" \/>\n\t<meta name=\"twitter:data2\" content=\"3 minutes\" \/>\n<script type=\"application\/ld+json\" class=\"yoast-schema-graph\">{\"@context\":\"https:\/\/schema.org\",\"@graph\":[{\"@type\":[\"Article\",\"BlogPosting\"],\"@id\":\"https:\/\/lesminis.fr\/blog\/pedagogie-montessori-discipline-interieure-liberte-responsable\/#article\",\"isPartOf\":{\"@id\":\"https:\/\/lesminis.fr\/blog\/pedagogie-montessori-discipline-interieure-liberte-responsable\/\"},\"author\":{\"name\":\"LesMinis\",\"@id\":\"https:\/\/lesminis.fr\/blog\/#\/schema\/person\/4a1be8c8c70a7d945af71674957cf83e\"},\"headline\":\"P\u00e9dagogie Montessori : discipline int\u00e9rieure et libert\u00e9 responsable\",\"datePublished\":\"2023-10-15T05:35:31+00:00\",\"mainEntityOfPage\":{\"@id\":\"https:\/\/lesminis.fr\/blog\/pedagogie-montessori-discipline-interieure-liberte-responsable\/\"},\"wordCount\":537,\"commentCount\":0,\"publisher\":{\"@id\":\"https:\/\/lesminis.fr\/blog\/#organization\"},\"image\":{\"@id\":\"https:\/\/lesminis.fr\/blog\/pedagogie-montessori-discipline-interieure-liberte-responsable\/#primaryimage\"},\"thumbnailUrl\":\"https:\/\/lesminis.fr\/blog\/wp-content\/uploads\/2023\/10\/montessori-pedagogie-education-bienveillante-discipline-liberte-respect-1.jpg\",\"keywords\":[\"discipline\",\"\u00c9ducation\",\"enfant\",\"libert\u00e9\",\"p\u00e9dagogie Montessori\"],\"articleSection\":[\"MinisPedago \u2014 Montessori, p\u00e9dagogies alternatives &amp; d\u00e9veloppement de l\u2019enfant\"],\"inLanguage\":\"fr-FR\",\"potentialAction\":[{\"@type\":\"CommentAction\",\"name\":\"Comment\",\"target\":[\"https:\/\/lesminis.fr\/blog\/pedagogie-montessori-discipline-interieure-liberte-responsable\/#respond\"]}]},{\"@type\":\"WebPage\",\"@id\":\"https:\/\/lesminis.fr\/blog\/pedagogie-montessori-discipline-interieure-liberte-responsable\/\",\"url\":\"https:\/\/lesminis.fr\/blog\/pedagogie-montessori-discipline-interieure-liberte-responsable\/\",\"name\":\"P\u00e9dagogie Montessori : discipline int\u00e9rieure et libert\u00e9 responsable\",\"isPartOf\":{\"@id\":\"https:\/\/lesminis.fr\/blog\/#website\"},\"primaryImageOfPage\":{\"@id\":\"https:\/\/lesminis.fr\/blog\/pedagogie-montessori-discipline-interieure-liberte-responsable\/#primaryimage\"},\"image\":{\"@id\":\"https:\/\/lesminis.fr\/blog\/pedagogie-montessori-discipline-interieure-liberte-responsable\/#primaryimage\"},\"thumbnailUrl\":\"https:\/\/lesminis.fr\/blog\/wp-content\/uploads\/2023\/10\/montessori-pedagogie-education-bienveillante-discipline-liberte-respect-1.jpg\",\"datePublished\":\"2023-10-15T05:35:31+00:00\",\"description\":\"La p\u00e9dagogie Montessori repose sur le respect de la libert\u00e9 et du rythme des enfants, qui leur permet de construire leur discipline int\u00e9rieure. Apprenez comment mettre en pratique cette m\u00e9thode \u00e9ducative.\",\"breadcrumb\":{\"@id\":\"https:\/\/lesminis.fr\/blog\/pedagogie-montessori-discipline-interieure-liberte-responsable\/#breadcrumb\"},\"inLanguage\":\"fr-FR\",\"potentialAction\":[{\"@type\":\"ReadAction\",\"target\":[\"https:\/\/lesminis.fr\/blog\/pedagogie-montessori-discipline-interieure-liberte-responsable\/\"]}]},{\"@type\":\"ImageObject\",\"inLanguage\":\"fr-FR\",\"@id\":\"https:\/\/lesminis.fr\/blog\/pedagogie-montessori-discipline-interieure-liberte-responsable\/#primaryimage\",\"url\":\"https:\/\/lesminis.fr\/blog\/wp-content\/uploads\/2023\/10\/montessori-pedagogie-education-bienveillante-discipline-liberte-respect-1.jpg\",\"contentUrl\":\"https:\/\/lesminis.fr\/blog\/wp-content\/uploads\/2023\/10\/montessori-pedagogie-education-bienveillante-discipline-liberte-respect-1.jpg\",\"width\":1024,\"height\":1024,\"caption\":\"La discipline est la capacit\u00e9 de se contr\u00f4ler et de faire des choix qui sont bons pour soi et pour les autres. La libert\u00e9 est la possibilit\u00e9 de faire ce que l\u2019on veut, tant que cela ne fait pas de mal \u00e0 personne. Dans la p\u00e9dagogie Montessori, la discipline et la libert\u00e9 vont ensemble.\"},{\"@type\":\"BreadcrumbList\",\"@id\":\"https:\/\/lesminis.fr\/blog\/pedagogie-montessori-discipline-interieure-liberte-responsable\/#breadcrumb\",\"itemListElement\":[{\"@type\":\"ListItem\",\"position\":1,\"name\":\"Accueil\",\"item\":\"https:\/\/lesminis.fr\/blog\/\"},{\"@type\":\"ListItem\",\"position\":2,\"name\":\"P\u00e9dagogie Montessori : discipline int\u00e9rieure et libert\u00e9 responsable\"}]},{\"@type\":\"WebSite\",\"@id\":\"https:\/\/lesminis.fr\/blog\/#website\",\"url\":\"https:\/\/lesminis.fr\/blog\/\",\"name\":\"LesMinis Le Blog - Mat\u00e9riels \u00e9ducatifs - Figurines p\u00e9dagogiques\",\"description\":\"D\u00e9couvrez notre actualit\u00e9, figurines, mat\u00e9riel \u00e9ducatif, activit\u00e9s Montessori\",\"publisher\":{\"@id\":\"https:\/\/lesminis.fr\/blog\/#organization\"},\"potentialAction\":[{\"@type\":\"SearchAction\",\"target\":{\"@type\":\"EntryPoint\",\"urlTemplate\":\"https:\/\/lesminis.fr\/blog\/?s={search_term_string}\"},\"query-input\":{\"@type\":\"PropertyValueSpecification\",\"valueRequired\":true,\"valueName\":\"search_term_string\"}}],\"inLanguage\":\"fr-FR\"},{\"@type\":\"Organization\",\"@id\":\"https:\/\/lesminis.fr\/blog\/#organization\",\"name\":\"LesMinis - Sp\u00e9cialiste mat\u00e9riel p\u00e9dagogiques - Figurines \u00e9ducatives - Mat\u00e9riel Montessori\",\"url\":\"https:\/\/lesminis.fr\/blog\/\",\"logo\":{\"@type\":\"ImageObject\",\"inLanguage\":\"fr-FR\",\"@id\":\"https:\/\/lesminis.fr\/blog\/#\/schema\/logo\/image\/\",\"url\":\"https:\/\/lesminis.fr\/blog\/wp-content\/uploads\/2023\/03\/nouveau-logo-lesminis.png\",\"contentUrl\":\"https:\/\/lesminis.fr\/blog\/wp-content\/uploads\/2023\/03\/nouveau-logo-lesminis.png\",\"width\":500,\"height\":175,\"caption\":\"LesMinis - Sp\u00e9cialiste mat\u00e9riel p\u00e9dagogiques - Figurines \u00e9ducatives - Mat\u00e9riel Montessori\"},\"image\":{\"@id\":\"https:\/\/lesminis.fr\/blog\/#\/schema\/logo\/image\/\"},\"sameAs\":[\"https:\/\/fr-fr.facebook.com\/LesMinis.fr\/\",\"https:\/\/www.instagram.com\/lesminis.fr\/\",\"https:\/\/www.tiktok.com\/@lesminis.fr\",\"https:\/\/www.pinterest.fr\/lesminisfr\/\"]},{\"@type\":\"Person\",\"@id\":\"https:\/\/lesminis.fr\/blog\/#\/schema\/person\/4a1be8c8c70a7d945af71674957cf83e\",\"name\":\"LesMinis\",\"image\":{\"@type\":\"ImageObject\",\"inLanguage\":\"fr-FR\",\"@id\":\"https:\/\/lesminis.fr\/blog\/#\/schema\/person\/image\/\",\"url\":\"https:\/\/secure.gravatar.com\/avatar\/288cd93d352b3465f2bd0701b1f2bb059b68dc3a70c4fda061bad8e6c9f8d865?s=96&d=blank&r=g\",\"contentUrl\":\"https:\/\/secure.gravatar.com\/avatar\/288cd93d352b3465f2bd0701b1f2bb059b68dc3a70c4fda061bad8e6c9f8d865?s=96&d=blank&r=g\",\"caption\":\"LesMinis\"},\"sameAs\":[\"https:\/\/lesminis.fr\/blog\",\"https:\/\/www.facebook.com\/LesMinis.fr\/\",\"https:\/\/www.instagram.com\/lesminis.fr\/\",\"https:\/\/www.pinterest.fr\/lesminisfr\/\"],\"url\":\"https:\/\/lesminis.fr\/blog\/author\/lesminis\/\"}]}<\/script>\n<!-- \/ Yoast SEO Premium plugin. -->","yoast_head_json":{"title":"P\u00e9dagogie Montessori : discipline int\u00e9rieure et libert\u00e9 responsable","description":"La p\u00e9dagogie Montessori repose sur le respect de la libert\u00e9 et du rythme des enfants, qui leur permet de construire leur discipline int\u00e9rieure. Apprenez comment mettre en pratique cette m\u00e9thode \u00e9ducative.","robots":{"index":"index","follow":"follow","max-snippet":"max-snippet:-1","max-image-preview":"max-image-preview:large","max-video-preview":"max-video-preview:-1"},"canonical":"https:\/\/lesminis.fr\/blog\/pedagogie-montessori-discipline-interieure-liberte-responsable\/","og_locale":"fr_FR","og_type":"article","og_title":"P\u00e9dagogie Montessori : discipline int\u00e9rieure et libert\u00e9 responsable","og_description":"La p\u00e9dagogie Montessori repose sur le respect de la libert\u00e9 et du rythme des enfants, qui leur permet de construire leur discipline int\u00e9rieure. Apprenez comment mettre en pratique cette m\u00e9thode \u00e9ducative.","og_url":"https:\/\/lesminis.fr\/blog\/pedagogie-montessori-discipline-interieure-liberte-responsable\/","og_site_name":"LesMinis Le Blog - Mat\u00e9riels \u00e9ducatifs - Figurines p\u00e9dagogiques","article_publisher":"https:\/\/fr-fr.facebook.com\/LesMinis.fr\/","article_author":"https:\/\/www.facebook.com\/LesMinis.fr\/","article_published_time":"2023-10-15T05:35:31+00:00","og_image":[{"width":1024,"height":1024,"url":"https:\/\/lesminis.fr\/blog\/wp-content\/uploads\/2023\/10\/montessori-pedagogie-education-bienveillante-discipline-liberte-respect-1.jpg","type":"image\/jpeg"}],"author":"LesMinis","twitter_misc":{"\u00c9crit par":"LesMinis","Dur\u00e9e de lecture estim\u00e9e":"3 minutes"},"schema":{"@context":"https:\/\/schema.org","@graph":[{"@type":["Article","BlogPosting"],"@id":"https:\/\/lesminis.fr\/blog\/pedagogie-montessori-discipline-interieure-liberte-responsable\/#article","isPartOf":{"@id":"https:\/\/lesminis.fr\/blog\/pedagogie-montessori-discipline-interieure-liberte-responsable\/"},"author":{"name":"LesMinis","@id":"https:\/\/lesminis.fr\/blog\/#\/schema\/person\/4a1be8c8c70a7d945af71674957cf83e"},"headline":"P\u00e9dagogie Montessori : discipline int\u00e9rieure et libert\u00e9 responsable","datePublished":"2023-10-15T05:35:31+00:00","mainEntityOfPage":{"@id":"https:\/\/lesminis.fr\/blog\/pedagogie-montessori-discipline-interieure-liberte-responsable\/"},"wordCount":537,"commentCount":0,"publisher":{"@id":"https:\/\/lesminis.fr\/blog\/#organization"},"image":{"@id":"https:\/\/lesminis.fr\/blog\/pedagogie-montessori-discipline-interieure-liberte-responsable\/#primaryimage"},"thumbnailUrl":"https:\/\/lesminis.fr\/blog\/wp-content\/uploads\/2023\/10\/montessori-pedagogie-education-bienveillante-discipline-liberte-respect-1.jpg","keywords":["discipline","\u00c9ducation","enfant","libert\u00e9","p\u00e9dagogie Montessori"],"articleSection":["MinisPedago \u2014 Montessori, p\u00e9dagogies alternatives &amp; d\u00e9veloppement de l\u2019enfant"],"inLanguage":"fr-FR","potentialAction":[{"@type":"CommentAction","name":"Comment","target":["https:\/\/lesminis.fr\/blog\/pedagogie-montessori-discipline-interieure-liberte-responsable\/#respond"]}]},{"@type":"WebPage","@id":"https:\/\/lesminis.fr\/blog\/pedagogie-montessori-discipline-interieure-liberte-responsable\/","url":"https:\/\/lesminis.fr\/blog\/pedagogie-montessori-discipline-interieure-liberte-responsable\/","name":"P\u00e9dagogie Montessori : discipline int\u00e9rieure et libert\u00e9 responsable","isPartOf":{"@id":"https:\/\/lesminis.fr\/blog\/#website"},"primaryImageOfPage":{"@id":"https:\/\/lesminis.fr\/blog\/pedagogie-montessori-discipline-interieure-liberte-responsable\/#primaryimage"},"image":{"@id":"https:\/\/lesminis.fr\/blog\/pedagogie-montessori-discipline-interieure-liberte-responsable\/#primaryimage"},"thumbnailUrl":"https:\/\/lesminis.fr\/blog\/wp-content\/uploads\/2023\/10\/montessori-pedagogie-education-bienveillante-discipline-liberte-respect-1.jpg","datePublished":"2023-10-15T05:35:31+00:00","description":"La p\u00e9dagogie Montessori repose sur le respect de la libert\u00e9 et du rythme des enfants, qui leur permet de construire leur discipline int\u00e9rieure. Apprenez comment mettre en pratique cette m\u00e9thode \u00e9ducative.","breadcrumb":{"@id":"https:\/\/lesminis.fr\/blog\/pedagogie-montessori-discipline-interieure-liberte-responsable\/#breadcrumb"},"inLanguage":"fr-FR","potentialAction":[{"@type":"ReadAction","target":["https:\/\/lesminis.fr\/blog\/pedagogie-montessori-discipline-interieure-liberte-responsable\/"]}]},{"@type":"ImageObject","inLanguage":"fr-FR","@id":"https:\/\/lesminis.fr\/blog\/pedagogie-montessori-discipline-interieure-liberte-responsable\/#primaryimage","url":"https:\/\/lesminis.fr\/blog\/wp-content\/uploads\/2023\/10\/montessori-pedagogie-education-bienveillante-discipline-liberte-respect-1.jpg","contentUrl":"https:\/\/lesminis.fr\/blog\/wp-content\/uploads\/2023\/10\/montessori-pedagogie-education-bienveillante-discipline-liberte-respect-1.jpg","width":1024,"height":1024,"caption":"La discipline est la capacit\u00e9 de se contr\u00f4ler et de faire des choix qui sont bons pour soi et pour les autres. La libert\u00e9 est la possibilit\u00e9 de faire ce que l\u2019on veut, tant que cela ne fait pas de mal \u00e0 personne. Dans la p\u00e9dagogie Montessori, la discipline et la libert\u00e9 vont ensemble."},{"@type":"BreadcrumbList","@id":"https:\/\/lesminis.fr\/blog\/pedagogie-montessori-discipline-interieure-liberte-responsable\/#breadcrumb","itemListElement":[{"@type":"ListItem","position":1,"name":"Accueil","item":"https:\/\/lesminis.fr\/blog\/"},{"@type":"ListItem","position":2,"name":"P\u00e9dagogie Montessori : discipline int\u00e9rieure et libert\u00e9 responsable"}]},{"@type":"WebSite","@id":"https:\/\/lesminis.fr\/blog\/#website","url":"https:\/\/lesminis.fr\/blog\/","name":"LesMinis Le Blog - Mat\u00e9riels \u00e9ducatifs - Figurines p\u00e9dagogiques","description":"D\u00e9couvrez notre actualit\u00e9, figurines, mat\u00e9riel \u00e9ducatif, activit\u00e9s Montessori","publisher":{"@id":"https:\/\/lesminis.fr\/blog\/#organization"},"potentialAction":[{"@type":"SearchAction","target":{"@type":"EntryPoint","urlTemplate":"https:\/\/lesminis.fr\/blog\/?s={search_term_string}"},"query-input":{"@type":"PropertyValueSpecification","valueRequired":true,"valueName":"search_term_string"}}],"inLanguage":"fr-FR"},{"@type":"Organization","@id":"https:\/\/lesminis.fr\/blog\/#organization","name":"LesMinis - Sp\u00e9cialiste mat\u00e9riel p\u00e9dagogiques - Figurines \u00e9ducatives - Mat\u00e9riel Montessori","url":"https:\/\/lesminis.fr\/blog\/","logo":{"@type":"ImageObject","inLanguage":"fr-FR","@id":"https:\/\/lesminis.fr\/blog\/#\/schema\/logo\/image\/","url":"https:\/\/lesminis.fr\/blog\/wp-content\/uploads\/2023\/03\/nouveau-logo-lesminis.png","contentUrl":"https:\/\/lesminis.fr\/blog\/wp-content\/uploads\/2023\/03\/nouveau-logo-lesminis.png","width":500,"height":175,"caption":"LesMinis - Sp\u00e9cialiste mat\u00e9riel p\u00e9dagogiques - Figurines \u00e9ducatives - Mat\u00e9riel Montessori"},"image":{"@id":"https:\/\/lesminis.fr\/blog\/#\/schema\/logo\/image\/"},"sameAs":["https:\/\/fr-fr.facebook.com\/LesMinis.fr\/","https:\/\/www.instagram.com\/lesminis.fr\/","https:\/\/www.tiktok.com\/@lesminis.fr","https:\/\/www.pinterest.fr\/lesminisfr\/"]},{"@type":"Person","@id":"https:\/\/lesminis.fr\/blog\/#\/schema\/person\/4a1be8c8c70a7d945af71674957cf83e","name":"LesMinis","image":{"@type":"ImageObject","inLanguage":"fr-FR","@id":"https:\/\/lesminis.fr\/blog\/#\/schema\/person\/image\/","url":"https:\/\/secure.gravatar.com\/avatar\/288cd93d352b3465f2bd0701b1f2bb059b68dc3a70c4fda061bad8e6c9f8d865?s=96&d=blank&r=g","contentUrl":"https:\/\/secure.gravatar.com\/avatar\/288cd93d352b3465f2bd0701b1f2bb059b68dc3a70c4fda061bad8e6c9f8d865?s=96&d=blank&r=g","caption":"LesMinis"},"sameAs":["https:\/\/lesminis.fr\/blog","https:\/\/www.facebook.com\/LesMinis.fr\/","https:\/\/www.instagram.com\/lesminis.fr\/","https:\/\/www.pinterest.fr\/lesminisfr\/"],"url":"https:\/\/lesminis.fr\/blog\/author\/lesminis\/"}]}},"_links":{"self":[{"href":"https:\/\/lesminis.fr\/blog\/wp-json\/wp\/v2\/posts\/1853","targetHints":{"allow":["GET"]}}],"collection":[{"href":"https:\/\/lesminis.fr\/blog\/wp-json\/wp\/v2\/posts"}],"about":[{"href":"https:\/\/lesminis.fr\/blog\/wp-json\/wp\/v2\/types\/post"}],"author":[{"embeddable":true,"href":"https:\/\/lesminis.fr\/blog\/wp-json\/wp\/v2\/users\/1"}],"replies":[{"embeddable":true,"href":"https:\/\/lesminis.fr\/blog\/wp-json\/wp\/v2\/comments?post=1853"}],"version-history":[{"count":2,"href":"https:\/\/lesminis.fr\/blog\/wp-json\/wp\/v2\/posts\/1853\/revisions"}],"predecessor-version":[{"id":1862,"href":"https:\/\/lesminis.fr\/blog\/wp-json\/wp\/v2\/posts\/1853\/revisions\/1862"}],"wp:featuredmedia":[{"embeddable":true,"href":"https:\/\/lesminis.fr\/blog\/wp-json\/wp\/v2\/media\/1861"}],"wp:attachment":[{"href":"https:\/\/lesminis.fr\/blog\/wp-json\/wp\/v2\/media?parent=1853"}],"wp:term":[{"taxonomy":"category","embeddable":true,"href":"https:\/\/lesminis.fr\/blog\/wp-json\/wp\/v2\/categories?post=1853"},{"taxonomy":"post_tag","embeddable":true,"href":"https:\/\/lesminis.fr\/blog\/wp-json\/wp\/v2\/tags?post=1853"}],"curies":[{"name":"wp","href":"https:\/\/api.w.org\/{rel}","templated":true}]}}