{"id":1795,"date":"2023-10-10T07:30:17","date_gmt":"2023-10-10T05:30:17","guid":{"rendered":"https:\/\/lesminis.fr\/blog\/?p=1795"},"modified":"2023-10-09T16:50:21","modified_gmt":"2023-10-09T14:50:21","slug":"le-panda-vit-il-dans-la-jungle","status":"publish","type":"post","link":"https:\/\/lesminis.fr\/blog\/le-panda-vit-il-dans-la-jungle\/","title":{"rendered":"Le panda vit-il dans la jungle ?"},"content":{"rendered":"<p>Il est courant de penser que tous les animaux exotiques vivent dans la jungle. Cependant, ce n\u2019est pas le cas pour tous. Prenons l\u2019exemple du panda g\u00e9ant, un animal qui fascine par sa beaut\u00e9 et son comportement unique. Contrairement \u00e0 ce que l\u2019on pourrait penser,\u00a0<strong>les pandas ne vivent pas dans la jungle<\/strong>.<\/p>\n<div id=\"ez-toc-container\" class=\"ez-toc-v2_0_78 counter-hierarchy ez-toc-counter ez-toc-grey ez-toc-container-direction\">\n<div class=\"ez-toc-title-container\">\n<p class=\"ez-toc-title\" style=\"cursor:inherit\">Table of Contents<\/p>\n<span class=\"ez-toc-title-toggle\"><a href=\"#\" class=\"ez-toc-pull-right ez-toc-btn ez-toc-btn-xs ez-toc-btn-default ez-toc-toggle\" aria-label=\"Toggle Table of Content\"><span class=\"ez-toc-js-icon-con\"><span class=\"\"><span class=\"eztoc-hide\" style=\"display:none;\">Toggle<\/span><span class=\"ez-toc-icon-toggle-span\"><svg style=\"fill: #999;color:#999\" xmlns=\"http:\/\/www.w3.org\/2000\/svg\" class=\"list-377408\" width=\"20px\" height=\"20px\" viewBox=\"0 0 24 24\" fill=\"none\"><path d=\"M6 6H4v2h2V6zm14 0H8v2h12V6zM4 11h2v2H4v-2zm16 0H8v2h12v-2zM4 16h2v2H4v-2zm16 0H8v2h12v-2z\" fill=\"currentColor\"><\/path><\/svg><svg style=\"fill: #999;color:#999\" class=\"arrow-unsorted-368013\" xmlns=\"http:\/\/www.w3.org\/2000\/svg\" width=\"10px\" height=\"10px\" viewBox=\"0 0 24 24\" version=\"1.2\" baseProfile=\"tiny\"><path d=\"M18.2 9.3l-6.2-6.3-6.2 6.3c-.2.2-.3.4-.3.7s.1.5.3.7c.2.2.4.3.7.3h11c.3 0 .5-.1.7-.3.2-.2.3-.5.3-.7s-.1-.5-.3-.7zM5.8 14.7l6.2 6.3 6.2-6.3c.2-.2.3-.5.3-.7s-.1-.5-.3-.7c-.2-.2-.4-.3-.7-.3h-11c-.3 0-.5.1-.7.3-.2.2-.3.5-.3.7s.1.5.3.7z\"\/><\/svg><\/span><\/span><\/span><\/a><\/span><\/div>\n<nav><ul class='ez-toc-list ez-toc-list-level-1 ' ><li class='ez-toc-page-1 ez-toc-heading-level-2'><a class=\"ez-toc-link ez-toc-heading-1\" href=\"https:\/\/lesminis.fr\/blog\/le-panda-vit-il-dans-la-jungle\/#Un_habitat_loin_de_la_jungle\" >Un habitat loin de la jungle<\/a><\/li><li class='ez-toc-page-1 ez-toc-heading-level-2'><a class=\"ez-toc-link ez-toc-heading-2\" href=\"https:\/\/lesminis.fr\/blog\/le-panda-vit-il-dans-la-jungle\/#Le_mode_de_vie_des_pandas\" >Le mode de vie des pandas<\/a><\/li><li class='ez-toc-page-1 ez-toc-heading-level-2'><a class=\"ez-toc-link ez-toc-heading-3\" href=\"https:\/\/lesminis.fr\/blog\/le-panda-vit-il-dans-la-jungle\/#Lhabitat_des_pandas_en_detail\" >L\u2019habitat des pandas en d\u00e9tail<\/a><\/li><li class='ez-toc-page-1 ez-toc-heading-level-2'><a class=\"ez-toc-link ez-toc-heading-4\" href=\"https:\/\/lesminis.fr\/blog\/le-panda-vit-il-dans-la-jungle\/#La_conservation_des_pandas\" >La conservation des pandas<\/a><\/li><\/ul><\/nav><\/div>\n<h2><span class=\"ez-toc-section\" id=\"Un_habitat_loin_de_la_jungle\"><\/span>Un habitat loin de la jungle<span class=\"ez-toc-section-end\"><\/span><\/h2>\n<p>La jungle est un type de for\u00eat tropicale humide, caract\u00e9ris\u00e9e par une v\u00e9g\u00e9tation dense et un climat chaud et humide. Les pandas, quant \u00e0 eux, vivent dans les\u00a0<strong>for\u00eats temp\u00e9r\u00e9es de Chine<\/strong>, qui sont plus s\u00e8ches et plus froides que les jungles.<\/p>\n<p>Les pandas vivent dans les\u00a0<strong>for\u00eats de bambous<\/strong>, qui sont un type de for\u00eat de feuillus. Les for\u00eats de bambous sont caract\u00e9ris\u00e9es par une grande densit\u00e9 de bambous, qui sont la principale source de nourriture des pandas.<\/p>\n<h2><span class=\"ez-toc-section\" id=\"Le_mode_de_vie_des_pandas\"><\/span>Le mode de vie des pandas<span class=\"ez-toc-section-end\"><\/span><\/h2>\n<p>Les pandas sont des animaux solitaires qui passent la plupart de leur temps \u00e0 manger et \u00e0 dormir. Ils sont \u00e9galement de bons grimpeurs et peuvent passer des heures \u00e0 se pr\u00e9lasser dans les arbres.<\/p>\n<h2><span class=\"ez-toc-section\" id=\"Lhabitat_des_pandas_en_detail\"><\/span>L\u2019habitat des pandas en d\u00e9tail<span class=\"ez-toc-section-end\"><\/span><\/h2>\n<p>Voici quelques d\u00e9tails suppl\u00e9mentaires sur l\u2019habitat des pandas :<\/p>\n<ul>\n<li>Les pandas vivent dans les montagnes du centre de la Chine, dans les provinces du Sichuan, du Shaanxi et du Gansu.<\/li>\n<li>Les for\u00eats de bambous dans lesquelles ils vivent sont situ\u00e9es \u00e0 des altitudes comprises entre 1 200 et 3 500 m\u00e8tres.<\/li>\n<li>La temp\u00e9rature moyenne dans ces for\u00eats est de 10 \u00e0 15 degr\u00e9s Celsius.<\/li>\n<li>Les pr\u00e9cipitations annuelles sont de 100 \u00e0 200 centim\u00e8tres.<\/li>\n<\/ul>\n<blockquote class=\"wp-embedded-content\" data-secret=\"xNY34zPOSg\"><p><a href=\"https:\/\/lesminis.fr\/blog\/habitat-animaux-lieu-vie-nourriture-reproduction-protection\/\">L&rsquo;habitat: Les animaux et leur environnement<\/a><\/p><\/blockquote>\n<p><iframe loading=\"lazy\" class=\"wp-embedded-content\" sandbox=\"allow-scripts\" security=\"restricted\" style=\"position: absolute; clip: rect(1px, 1px, 1px, 1px);\" title=\"\u00ab\u00a0L&rsquo;habitat: Les animaux et leur environnement\u00a0\u00bb &#8212; LesMinis Le Blog - Mat\u00e9riels \u00e9ducatifs - Figurines p\u00e9dagogiques\" src=\"https:\/\/lesminis.fr\/blog\/habitat-animaux-lieu-vie-nourriture-reproduction-protection\/embed\/#?secret=7qci0SY6fw#?secret=xNY34zPOSg\" data-secret=\"xNY34zPOSg\" width=\"600\" height=\"338\" frameborder=\"0\" marginwidth=\"0\" marginheight=\"0\" scrolling=\"no\"><\/iframe><\/p>\n<h2><span class=\"ez-toc-section\" id=\"La_conservation_des_pandas\"><\/span>La conservation des pandas<span class=\"ez-toc-section-end\"><\/span><\/h2>\n<p>Les pandas sont une esp\u00e8ce en danger critique d\u2019extinction. Les principales menaces qui p\u00e8sent sur leur population sont la perte d\u2019habitat, le braconnage et la fragmentation de la population.<\/p>\n<p>En conclusion, non seulement les pandas ne vivent pas dans la jungle, mais leur habitat naturel est \u00e9galement menac\u00e9. Il est donc crucial de prendre des mesures pour prot\u00e9ger ces cr\u00e9atures uniques et leur habitat.<\/p>\n<blockquote class=\"wp-embedded-content\" data-secret=\"CFiHpRZiuw\"><p><a href=\"https:\/\/lesminis.fr\/blog\/les-3-principaux-differents-habitats-des-animaux-decouverte\/\">Les 3 principaux habitats des animaux : d\u00e9couverte de leurs adaptations<\/a><\/p><\/blockquote>\n<p><iframe loading=\"lazy\" class=\"wp-embedded-content\" sandbox=\"allow-scripts\" security=\"restricted\" style=\"position: absolute; clip: rect(1px, 1px, 1px, 1px);\" title=\"\u00ab\u00a0Les 3 principaux habitats des animaux : d\u00e9couverte de leurs adaptations\u00a0\u00bb &#8212; LesMinis Le Blog - Mat\u00e9riels \u00e9ducatifs - Figurines p\u00e9dagogiques\" src=\"https:\/\/lesminis.fr\/blog\/les-3-principaux-differents-habitats-des-animaux-decouverte\/embed\/#?secret=nJruMdgZ8k#?secret=CFiHpRZiuw\" data-secret=\"CFiHpRZiuw\" width=\"600\" height=\"338\" frameborder=\"0\" marginwidth=\"0\" marginheight=\"0\" scrolling=\"no\"><\/iframe><\/p>\n","protected":false},"excerpt":{"rendered":"<p> Les pandas g\u00e9ants, avec leur pelage noir et blanc distinctif, sont des cr\u00e9atures fascinantes. Mais o\u00f9 vivent-ils exactement ? Et quels autres animaux partagent leur habitat ? D\u00e9couvrez ces r\u00e9ponses et plus encore dans notre exploration de l\u2019habitat du panda.<\/p>\n","protected":false},"author":1,"featured_media":1796,"comment_status":"open","ping_status":"closed","sticky":false,"template":"","format":"standard","meta":{"_acf_changed":false,"footnotes":""},"categories":[28],"tags":[276,457,158,456],"class_list":{"0":"post-1795","1":"post","2":"type-post","3":"status-publish","4":"format-standard","5":"has-post-thumbnail","7":"category-monde-animal-figurines","8":"tag-asie","9":"tag-foret-de-bambous","10":"tag-habitat","11":"tag-panda"},"acf":[],"yoast_head":"<!-- This site is optimized with the Yoast SEO Premium plugin v27.1 (Yoast SEO v27.1.1) - https:\/\/yoast.com\/product\/yoast-seo-premium-wordpress\/ -->\n<title>Le panda vit-il dans la jungle ?<\/title>\n<meta name=\"description\" content=\"Plongez dans l\u2019habitat myst\u00e9rieux des pandas g\u00e9ants. D\u00e9couvrez quels autres animaux partagent leur environnement unique et apprenez-en plus sur les efforts de conservation pour prot\u00e9ger cet habitat.\" \/>\n<meta name=\"robots\" content=\"index, follow, max-snippet:-1, max-image-preview:large, max-video-preview:-1\" \/>\n<link rel=\"canonical\" href=\"https:\/\/lesminis.fr\/blog\/le-panda-vit-il-dans-la-jungle\/\" \/>\n<meta property=\"og:locale\" content=\"fr_FR\" \/>\n<meta property=\"og:type\" content=\"article\" \/>\n<meta property=\"og:title\" content=\"Le panda vit-il dans la jungle ?\" \/>\n<meta property=\"og:description\" content=\"Plongez dans l\u2019habitat myst\u00e9rieux des pandas g\u00e9ants. D\u00e9couvrez quels autres animaux partagent leur environnement unique et apprenez-en plus sur les efforts de conservation pour prot\u00e9ger cet habitat.\" \/>\n<meta property=\"og:url\" content=\"https:\/\/lesminis.fr\/blog\/le-panda-vit-il-dans-la-jungle\/\" \/>\n<meta property=\"og:site_name\" content=\"LesMinis Le Blog - Mat\u00e9riels \u00e9ducatifs - Figurines p\u00e9dagogiques\" \/>\n<meta property=\"article:publisher\" content=\"https:\/\/fr-fr.facebook.com\/LesMinis.fr\/\" \/>\n<meta property=\"article:author\" content=\"https:\/\/www.facebook.com\/LesMinis.fr\/\" \/>\n<meta property=\"article:published_time\" content=\"2023-10-10T05:30:17+00:00\" \/>\n<meta property=\"og:image\" content=\"https:\/\/lesminis.fr\/blog\/wp-content\/uploads\/2023\/10\/Blue-Vintage-Light-Blue-Illustration-World-Animal-Day-Facebook-Cover.jpg\" \/>\n\t<meta property=\"og:image:width\" content=\"1025\" \/>\n\t<meta property=\"og:image:height\" content=\"578\" \/>\n\t<meta property=\"og:image:type\" content=\"image\/jpeg\" \/>\n<meta name=\"author\" content=\"LesMinis\" \/>\n<meta name=\"twitter:label1\" content=\"\u00c9crit par\" \/>\n\t<meta name=\"twitter:data1\" content=\"LesMinis\" \/>\n\t<meta name=\"twitter:label2\" content=\"Dur\u00e9e de lecture estim\u00e9e\" \/>\n\t<meta name=\"twitter:data2\" content=\"2 minutes\" \/>\n<script type=\"application\/ld+json\" class=\"yoast-schema-graph\">{\"@context\":\"https:\/\/schema.org\",\"@graph\":[{\"@type\":[\"Article\",\"BlogPosting\"],\"@id\":\"https:\/\/lesminis.fr\/blog\/le-panda-vit-il-dans-la-jungle\/#article\",\"isPartOf\":{\"@id\":\"https:\/\/lesminis.fr\/blog\/le-panda-vit-il-dans-la-jungle\/\"},\"author\":{\"name\":\"LesMinis\",\"@id\":\"https:\/\/lesminis.fr\/blog\/#\/schema\/person\/4a1be8c8c70a7d945af71674957cf83e\"},\"headline\":\"Le panda vit-il dans la jungle ?\",\"datePublished\":\"2023-10-10T05:30:17+00:00\",\"mainEntityOfPage\":{\"@id\":\"https:\/\/lesminis.fr\/blog\/le-panda-vit-il-dans-la-jungle\/\"},\"wordCount\":363,\"commentCount\":0,\"publisher\":{\"@id\":\"https:\/\/lesminis.fr\/blog\/#organization\"},\"image\":{\"@id\":\"https:\/\/lesminis.fr\/blog\/le-panda-vit-il-dans-la-jungle\/#primaryimage\"},\"thumbnailUrl\":\"https:\/\/lesminis.fr\/blog\/wp-content\/uploads\/2023\/10\/Blue-Vintage-Light-Blue-Illustration-World-Animal-Day-Facebook-Cover.jpg\",\"keywords\":[\"Asie\",\"For\u00eat de Bambous\",\"habitat\",\"Panda\"],\"articleSection\":[\"Zoodex \u2014 Explorer le monde animal\"],\"inLanguage\":\"fr-FR\",\"potentialAction\":[{\"@type\":\"CommentAction\",\"name\":\"Comment\",\"target\":[\"https:\/\/lesminis.fr\/blog\/le-panda-vit-il-dans-la-jungle\/#respond\"]}]},{\"@type\":\"WebPage\",\"@id\":\"https:\/\/lesminis.fr\/blog\/le-panda-vit-il-dans-la-jungle\/\",\"url\":\"https:\/\/lesminis.fr\/blog\/le-panda-vit-il-dans-la-jungle\/\",\"name\":\"Le panda vit-il dans la jungle ?\",\"isPartOf\":{\"@id\":\"https:\/\/lesminis.fr\/blog\/#website\"},\"primaryImageOfPage\":{\"@id\":\"https:\/\/lesminis.fr\/blog\/le-panda-vit-il-dans-la-jungle\/#primaryimage\"},\"image\":{\"@id\":\"https:\/\/lesminis.fr\/blog\/le-panda-vit-il-dans-la-jungle\/#primaryimage\"},\"thumbnailUrl\":\"https:\/\/lesminis.fr\/blog\/wp-content\/uploads\/2023\/10\/Blue-Vintage-Light-Blue-Illustration-World-Animal-Day-Facebook-Cover.jpg\",\"datePublished\":\"2023-10-10T05:30:17+00:00\",\"description\":\"Plongez dans l\u2019habitat myst\u00e9rieux des pandas g\u00e9ants. D\u00e9couvrez quels autres animaux partagent leur environnement unique et apprenez-en plus sur les efforts de conservation pour prot\u00e9ger cet habitat.\",\"breadcrumb\":{\"@id\":\"https:\/\/lesminis.fr\/blog\/le-panda-vit-il-dans-la-jungle\/#breadcrumb\"},\"inLanguage\":\"fr-FR\",\"potentialAction\":[{\"@type\":\"ReadAction\",\"target\":[\"https:\/\/lesminis.fr\/blog\/le-panda-vit-il-dans-la-jungle\/\"]}]},{\"@type\":\"ImageObject\",\"inLanguage\":\"fr-FR\",\"@id\":\"https:\/\/lesminis.fr\/blog\/le-panda-vit-il-dans-la-jungle\/#primaryimage\",\"url\":\"https:\/\/lesminis.fr\/blog\/wp-content\/uploads\/2023\/10\/Blue-Vintage-Light-Blue-Illustration-World-Animal-Day-Facebook-Cover.jpg\",\"contentUrl\":\"https:\/\/lesminis.fr\/blog\/wp-content\/uploads\/2023\/10\/Blue-Vintage-Light-Blue-Illustration-World-Animal-Day-Facebook-Cover.jpg\",\"width\":1025,\"height\":578,\"caption\":\"Le panda vit-il dans la jungle ?\"},{\"@type\":\"BreadcrumbList\",\"@id\":\"https:\/\/lesminis.fr\/blog\/le-panda-vit-il-dans-la-jungle\/#breadcrumb\",\"itemListElement\":[{\"@type\":\"ListItem\",\"position\":1,\"name\":\"Accueil\",\"item\":\"https:\/\/lesminis.fr\/blog\/\"},{\"@type\":\"ListItem\",\"position\":2,\"name\":\"Le panda vit-il dans la jungle ?\"}]},{\"@type\":\"WebSite\",\"@id\":\"https:\/\/lesminis.fr\/blog\/#website\",\"url\":\"https:\/\/lesminis.fr\/blog\/\",\"name\":\"LesMinis Le Blog - Mat\u00e9riels \u00e9ducatifs - Figurines p\u00e9dagogiques\",\"description\":\"D\u00e9couvrez notre actualit\u00e9, figurines, mat\u00e9riel \u00e9ducatif, activit\u00e9s Montessori\",\"publisher\":{\"@id\":\"https:\/\/lesminis.fr\/blog\/#organization\"},\"potentialAction\":[{\"@type\":\"SearchAction\",\"target\":{\"@type\":\"EntryPoint\",\"urlTemplate\":\"https:\/\/lesminis.fr\/blog\/?s={search_term_string}\"},\"query-input\":{\"@type\":\"PropertyValueSpecification\",\"valueRequired\":true,\"valueName\":\"search_term_string\"}}],\"inLanguage\":\"fr-FR\"},{\"@type\":\"Organization\",\"@id\":\"https:\/\/lesminis.fr\/blog\/#organization\",\"name\":\"LesMinis - Sp\u00e9cialiste mat\u00e9riel p\u00e9dagogiques - Figurines \u00e9ducatives - Mat\u00e9riel Montessori\",\"url\":\"https:\/\/lesminis.fr\/blog\/\",\"logo\":{\"@type\":\"ImageObject\",\"inLanguage\":\"fr-FR\",\"@id\":\"https:\/\/lesminis.fr\/blog\/#\/schema\/logo\/image\/\",\"url\":\"https:\/\/lesminis.fr\/blog\/wp-content\/uploads\/2023\/03\/nouveau-logo-lesminis.png\",\"contentUrl\":\"https:\/\/lesminis.fr\/blog\/wp-content\/uploads\/2023\/03\/nouveau-logo-lesminis.png\",\"width\":500,\"height\":175,\"caption\":\"LesMinis - Sp\u00e9cialiste mat\u00e9riel p\u00e9dagogiques - Figurines \u00e9ducatives - Mat\u00e9riel Montessori\"},\"image\":{\"@id\":\"https:\/\/lesminis.fr\/blog\/#\/schema\/logo\/image\/\"},\"sameAs\":[\"https:\/\/fr-fr.facebook.com\/LesMinis.fr\/\",\"https:\/\/www.instagram.com\/lesminis.fr\/\",\"https:\/\/www.tiktok.com\/@lesminis.fr\",\"https:\/\/www.pinterest.fr\/lesminisfr\/\"]},{\"@type\":\"Person\",\"@id\":\"https:\/\/lesminis.fr\/blog\/#\/schema\/person\/4a1be8c8c70a7d945af71674957cf83e\",\"name\":\"LesMinis\",\"image\":{\"@type\":\"ImageObject\",\"inLanguage\":\"fr-FR\",\"@id\":\"https:\/\/lesminis.fr\/blog\/#\/schema\/person\/image\/\",\"url\":\"https:\/\/secure.gravatar.com\/avatar\/288cd93d352b3465f2bd0701b1f2bb059b68dc3a70c4fda061bad8e6c9f8d865?s=96&d=blank&r=g\",\"contentUrl\":\"https:\/\/secure.gravatar.com\/avatar\/288cd93d352b3465f2bd0701b1f2bb059b68dc3a70c4fda061bad8e6c9f8d865?s=96&d=blank&r=g\",\"caption\":\"LesMinis\"},\"sameAs\":[\"https:\/\/lesminis.fr\/blog\",\"https:\/\/www.facebook.com\/LesMinis.fr\/\",\"https:\/\/www.instagram.com\/lesminis.fr\/\",\"https:\/\/www.pinterest.fr\/lesminisfr\/\"],\"url\":\"https:\/\/lesminis.fr\/blog\/author\/lesminis\/\"}]}<\/script>\n<!-- \/ Yoast SEO Premium plugin. -->","yoast_head_json":{"title":"Le panda vit-il dans la jungle ?","description":"Plongez dans l\u2019habitat myst\u00e9rieux des pandas g\u00e9ants. D\u00e9couvrez quels autres animaux partagent leur environnement unique et apprenez-en plus sur les efforts de conservation pour prot\u00e9ger cet habitat.","robots":{"index":"index","follow":"follow","max-snippet":"max-snippet:-1","max-image-preview":"max-image-preview:large","max-video-preview":"max-video-preview:-1"},"canonical":"https:\/\/lesminis.fr\/blog\/le-panda-vit-il-dans-la-jungle\/","og_locale":"fr_FR","og_type":"article","og_title":"Le panda vit-il dans la jungle ?","og_description":"Plongez dans l\u2019habitat myst\u00e9rieux des pandas g\u00e9ants. D\u00e9couvrez quels autres animaux partagent leur environnement unique et apprenez-en plus sur les efforts de conservation pour prot\u00e9ger cet habitat.","og_url":"https:\/\/lesminis.fr\/blog\/le-panda-vit-il-dans-la-jungle\/","og_site_name":"LesMinis Le Blog - Mat\u00e9riels \u00e9ducatifs - Figurines p\u00e9dagogiques","article_publisher":"https:\/\/fr-fr.facebook.com\/LesMinis.fr\/","article_author":"https:\/\/www.facebook.com\/LesMinis.fr\/","article_published_time":"2023-10-10T05:30:17+00:00","og_image":[{"width":1025,"height":578,"url":"https:\/\/lesminis.fr\/blog\/wp-content\/uploads\/2023\/10\/Blue-Vintage-Light-Blue-Illustration-World-Animal-Day-Facebook-Cover.jpg","type":"image\/jpeg"}],"author":"LesMinis","twitter_misc":{"\u00c9crit par":"LesMinis","Dur\u00e9e de lecture estim\u00e9e":"2 minutes"},"schema":{"@context":"https:\/\/schema.org","@graph":[{"@type":["Article","BlogPosting"],"@id":"https:\/\/lesminis.fr\/blog\/le-panda-vit-il-dans-la-jungle\/#article","isPartOf":{"@id":"https:\/\/lesminis.fr\/blog\/le-panda-vit-il-dans-la-jungle\/"},"author":{"name":"LesMinis","@id":"https:\/\/lesminis.fr\/blog\/#\/schema\/person\/4a1be8c8c70a7d945af71674957cf83e"},"headline":"Le panda vit-il dans la jungle ?","datePublished":"2023-10-10T05:30:17+00:00","mainEntityOfPage":{"@id":"https:\/\/lesminis.fr\/blog\/le-panda-vit-il-dans-la-jungle\/"},"wordCount":363,"commentCount":0,"publisher":{"@id":"https:\/\/lesminis.fr\/blog\/#organization"},"image":{"@id":"https:\/\/lesminis.fr\/blog\/le-panda-vit-il-dans-la-jungle\/#primaryimage"},"thumbnailUrl":"https:\/\/lesminis.fr\/blog\/wp-content\/uploads\/2023\/10\/Blue-Vintage-Light-Blue-Illustration-World-Animal-Day-Facebook-Cover.jpg","keywords":["Asie","For\u00eat de Bambous","habitat","Panda"],"articleSection":["Zoodex \u2014 Explorer le monde animal"],"inLanguage":"fr-FR","potentialAction":[{"@type":"CommentAction","name":"Comment","target":["https:\/\/lesminis.fr\/blog\/le-panda-vit-il-dans-la-jungle\/#respond"]}]},{"@type":"WebPage","@id":"https:\/\/lesminis.fr\/blog\/le-panda-vit-il-dans-la-jungle\/","url":"https:\/\/lesminis.fr\/blog\/le-panda-vit-il-dans-la-jungle\/","name":"Le panda vit-il dans la jungle ?","isPartOf":{"@id":"https:\/\/lesminis.fr\/blog\/#website"},"primaryImageOfPage":{"@id":"https:\/\/lesminis.fr\/blog\/le-panda-vit-il-dans-la-jungle\/#primaryimage"},"image":{"@id":"https:\/\/lesminis.fr\/blog\/le-panda-vit-il-dans-la-jungle\/#primaryimage"},"thumbnailUrl":"https:\/\/lesminis.fr\/blog\/wp-content\/uploads\/2023\/10\/Blue-Vintage-Light-Blue-Illustration-World-Animal-Day-Facebook-Cover.jpg","datePublished":"2023-10-10T05:30:17+00:00","description":"Plongez dans l\u2019habitat myst\u00e9rieux des pandas g\u00e9ants. D\u00e9couvrez quels autres animaux partagent leur environnement unique et apprenez-en plus sur les efforts de conservation pour prot\u00e9ger cet habitat.","breadcrumb":{"@id":"https:\/\/lesminis.fr\/blog\/le-panda-vit-il-dans-la-jungle\/#breadcrumb"},"inLanguage":"fr-FR","potentialAction":[{"@type":"ReadAction","target":["https:\/\/lesminis.fr\/blog\/le-panda-vit-il-dans-la-jungle\/"]}]},{"@type":"ImageObject","inLanguage":"fr-FR","@id":"https:\/\/lesminis.fr\/blog\/le-panda-vit-il-dans-la-jungle\/#primaryimage","url":"https:\/\/lesminis.fr\/blog\/wp-content\/uploads\/2023\/10\/Blue-Vintage-Light-Blue-Illustration-World-Animal-Day-Facebook-Cover.jpg","contentUrl":"https:\/\/lesminis.fr\/blog\/wp-content\/uploads\/2023\/10\/Blue-Vintage-Light-Blue-Illustration-World-Animal-Day-Facebook-Cover.jpg","width":1025,"height":578,"caption":"Le panda vit-il dans la jungle ?"},{"@type":"BreadcrumbList","@id":"https:\/\/lesminis.fr\/blog\/le-panda-vit-il-dans-la-jungle\/#breadcrumb","itemListElement":[{"@type":"ListItem","position":1,"name":"Accueil","item":"https:\/\/lesminis.fr\/blog\/"},{"@type":"ListItem","position":2,"name":"Le panda vit-il dans la jungle ?"}]},{"@type":"WebSite","@id":"https:\/\/lesminis.fr\/blog\/#website","url":"https:\/\/lesminis.fr\/blog\/","name":"LesMinis Le Blog - Mat\u00e9riels \u00e9ducatifs - Figurines p\u00e9dagogiques","description":"D\u00e9couvrez notre actualit\u00e9, figurines, mat\u00e9riel \u00e9ducatif, activit\u00e9s Montessori","publisher":{"@id":"https:\/\/lesminis.fr\/blog\/#organization"},"potentialAction":[{"@type":"SearchAction","target":{"@type":"EntryPoint","urlTemplate":"https:\/\/lesminis.fr\/blog\/?s={search_term_string}"},"query-input":{"@type":"PropertyValueSpecification","valueRequired":true,"valueName":"search_term_string"}}],"inLanguage":"fr-FR"},{"@type":"Organization","@id":"https:\/\/lesminis.fr\/blog\/#organization","name":"LesMinis - Sp\u00e9cialiste mat\u00e9riel p\u00e9dagogiques - Figurines \u00e9ducatives - Mat\u00e9riel Montessori","url":"https:\/\/lesminis.fr\/blog\/","logo":{"@type":"ImageObject","inLanguage":"fr-FR","@id":"https:\/\/lesminis.fr\/blog\/#\/schema\/logo\/image\/","url":"https:\/\/lesminis.fr\/blog\/wp-content\/uploads\/2023\/03\/nouveau-logo-lesminis.png","contentUrl":"https:\/\/lesminis.fr\/blog\/wp-content\/uploads\/2023\/03\/nouveau-logo-lesminis.png","width":500,"height":175,"caption":"LesMinis - Sp\u00e9cialiste mat\u00e9riel p\u00e9dagogiques - Figurines \u00e9ducatives - Mat\u00e9riel Montessori"},"image":{"@id":"https:\/\/lesminis.fr\/blog\/#\/schema\/logo\/image\/"},"sameAs":["https:\/\/fr-fr.facebook.com\/LesMinis.fr\/","https:\/\/www.instagram.com\/lesminis.fr\/","https:\/\/www.tiktok.com\/@lesminis.fr","https:\/\/www.pinterest.fr\/lesminisfr\/"]},{"@type":"Person","@id":"https:\/\/lesminis.fr\/blog\/#\/schema\/person\/4a1be8c8c70a7d945af71674957cf83e","name":"LesMinis","image":{"@type":"ImageObject","inLanguage":"fr-FR","@id":"https:\/\/lesminis.fr\/blog\/#\/schema\/person\/image\/","url":"https:\/\/secure.gravatar.com\/avatar\/288cd93d352b3465f2bd0701b1f2bb059b68dc3a70c4fda061bad8e6c9f8d865?s=96&d=blank&r=g","contentUrl":"https:\/\/secure.gravatar.com\/avatar\/288cd93d352b3465f2bd0701b1f2bb059b68dc3a70c4fda061bad8e6c9f8d865?s=96&d=blank&r=g","caption":"LesMinis"},"sameAs":["https:\/\/lesminis.fr\/blog","https:\/\/www.facebook.com\/LesMinis.fr\/","https:\/\/www.instagram.com\/lesminis.fr\/","https:\/\/www.pinterest.fr\/lesminisfr\/"],"url":"https:\/\/lesminis.fr\/blog\/author\/lesminis\/"}]}},"_links":{"self":[{"href":"https:\/\/lesminis.fr\/blog\/wp-json\/wp\/v2\/posts\/1795","targetHints":{"allow":["GET"]}}],"collection":[{"href":"https:\/\/lesminis.fr\/blog\/wp-json\/wp\/v2\/posts"}],"about":[{"href":"https:\/\/lesminis.fr\/blog\/wp-json\/wp\/v2\/types\/post"}],"author":[{"embeddable":true,"href":"https:\/\/lesminis.fr\/blog\/wp-json\/wp\/v2\/users\/1"}],"replies":[{"embeddable":true,"href":"https:\/\/lesminis.fr\/blog\/wp-json\/wp\/v2\/comments?post=1795"}],"version-history":[{"count":2,"href":"https:\/\/lesminis.fr\/blog\/wp-json\/wp\/v2\/posts\/1795\/revisions"}],"predecessor-version":[{"id":1800,"href":"https:\/\/lesminis.fr\/blog\/wp-json\/wp\/v2\/posts\/1795\/revisions\/1800"}],"wp:featuredmedia":[{"embeddable":true,"href":"https:\/\/lesminis.fr\/blog\/wp-json\/wp\/v2\/media\/1796"}],"wp:attachment":[{"href":"https:\/\/lesminis.fr\/blog\/wp-json\/wp\/v2\/media?parent=1795"}],"wp:term":[{"taxonomy":"category","embeddable":true,"href":"https:\/\/lesminis.fr\/blog\/wp-json\/wp\/v2\/categories?post=1795"},{"taxonomy":"post_tag","embeddable":true,"href":"https:\/\/lesminis.fr\/blog\/wp-json\/wp\/v2\/tags?post=1795"}],"curies":[{"name":"wp","href":"https:\/\/api.w.org\/{rel}","templated":true}]}}